{"id":133564,"date":"2021-07-12T13:59:38","date_gmt":"2021-07-12T12:59:38","guid":{"rendered":"https:\/\/newsestlyonnais.fr\/site\/?p=133564"},"modified":"2021-07-21T08:15:53","modified_gmt":"2021-07-21T07:15:53","slug":"meyzieu-open-de-tennis-les-vainqueurs-sont-connus","status":"publish","type":"post","link":"https:\/\/newsestlyonnais.fr\/site\/2021\/07\/12\/meyzieu-open-de-tennis-les-vainqueurs-sont-connus\/","title":{"rendered":"MEYZIEU | Open de tennis > les vainqueurs sont connus"},"content":{"rendered":"<p>Une \u00e9dition 2021 qui aura connu une belle fr\u00e9quentation (115 participants dont une vingtaine de f\u00e9minines) et une issue finale en int\u00e9rieur avec des rencontres sur les courts couverts des Servizi\u00e8res.<\/p>\n<p>D\u00e9couvrez les vainqueurs au palmar\u00e8s de cette ann\u00e9e \u00e0 l&rsquo;issue de la c\u00e9r\u00e9monie des r\u00e9compenses organis\u00e9e par Meyzieu Tennis et qui a eu lieu ce midi en pr\u00e9sence de l&rsquo;adjoint aux sports Christophe Robert.<\/p>\n<hr \/>\n<p><strong><span style=\"text-decoration: underline;\">Seniors dames<\/span> : <\/strong><\/p>\n<p data-wp-editing=\"1\"><img loading=\"lazy\" decoding=\"async\" class=\"alignleft wp-image-133570\" src=\"https:\/\/newsestlyonnais.fr\/site\/wp-content\/uploads\/2021\/07\/P1450421-400x300.jpg\" alt=\"\" width=\"350\" height=\"263\" srcset=\"https:\/\/newsestlyonnais.fr\/site\/wp-content\/uploads\/2021\/07\/P1450421-400x300.jpg 400w, https:\/\/newsestlyonnais.fr\/site\/wp-content\/uploads\/2021\/07\/P1450421-650x488.jpg 650w, https:\/\/newsestlyonnais.fr\/site\/wp-content\/uploads\/2021\/07\/P1450421-250x188.jpg 250w, https:\/\/newsestlyonnais.fr\/site\/wp-content\/uploads\/2021\/07\/P1450421-768x576.jpg 768w, https:\/\/newsestlyonnais.fr\/site\/wp-content\/uploads\/2021\/07\/P1450421-150x113.jpg 150w, https:\/\/newsestlyonnais.fr\/site\/wp-content\/uploads\/2021\/07\/P1450421-50x38.jpg 50w, https:\/\/newsestlyonnais.fr\/site\/wp-content\/uploads\/2021\/07\/P1450421-100x75.jpg 100w, https:\/\/newsestlyonnais.fr\/site\/wp-content\/uploads\/2021\/07\/P1450421-200x150.jpg 200w, https:\/\/newsestlyonnais.fr\/site\/wp-content\/uploads\/2021\/07\/P1450421-300x225.jpg 300w, https:\/\/newsestlyonnais.fr\/site\/wp-content\/uploads\/2021\/07\/P1450421-350x263.jpg 350w, https:\/\/newsestlyonnais.fr\/site\/wp-content\/uploads\/2021\/07\/P1450421-450x338.jpg 450w, https:\/\/newsestlyonnais.fr\/site\/wp-content\/uploads\/2021\/07\/P1450421-500x375.jpg 500w, https:\/\/newsestlyonnais.fr\/site\/wp-content\/uploads\/2021\/07\/P1450421-550x413.jpg 550w, https:\/\/newsestlyonnais.fr\/site\/wp-content\/uploads\/2021\/07\/P1450421-800x600.jpg 800w, https:\/\/newsestlyonnais.fr\/site\/wp-content\/uploads\/2021\/07\/P1450421.jpg 1200w\" sizes=\"auto, (max-width: 350px) 100vw, 350px\" \/>Succ\u00e8s de la lyonnaise <strong>In\u00e8s JENDOUBI <\/strong>qui l&#8217;emporte en <span class=\"text-vert\">deux sets gagnants avec \u00ab\u00a0No-ad\u00a0\u00bb et tie-break en 10 point<\/span>s, apr\u00e8s avoir pourtant perdu le 1\u00b0 set.<\/p>\n<ul>\n<li><span style=\"background-color: #000000; color: #ffffff;\"><strong>In\u00e8s JENDOUBI<\/strong> (TC Lyon, 15) bat <strong>Manon BAUDET <\/strong>(TC Tr\u00e9voux, 15) 1\/6, 6\/2, 10\/8.<\/span><\/li>\n<\/ul>\n<hr \/>\n<p><strong><span style=\"text-decoration: underline;\"><img loading=\"lazy\" decoding=\"async\" class=\"wp-image-133575 alignright\" src=\"https:\/\/newsestlyonnais.fr\/site\/wp-content\/uploads\/2021\/07\/P1450428-400x300.jpg\" alt=\"\" width=\"350\" height=\"263\" srcset=\"https:\/\/newsestlyonnais.fr\/site\/wp-content\/uploads\/2021\/07\/P1450428-400x300.jpg 400w, https:\/\/newsestlyonnais.fr\/site\/wp-content\/uploads\/2021\/07\/P1450428-650x488.jpg 650w, https:\/\/newsestlyonnais.fr\/site\/wp-content\/uploads\/2021\/07\/P1450428-250x188.jpg 250w, https:\/\/newsestlyonnais.fr\/site\/wp-content\/uploads\/2021\/07\/P1450428-768x576.jpg 768w, https:\/\/newsestlyonnais.fr\/site\/wp-content\/uploads\/2021\/07\/P1450428-150x113.jpg 150w, https:\/\/newsestlyonnais.fr\/site\/wp-content\/uploads\/2021\/07\/P1450428-50x38.jpg 50w, https:\/\/newsestlyonnais.fr\/site\/wp-content\/uploads\/2021\/07\/P1450428-100x75.jpg 100w, https:\/\/newsestlyonnais.fr\/site\/wp-content\/uploads\/2021\/07\/P1450428-200x150.jpg 200w, https:\/\/newsestlyonnais.fr\/site\/wp-content\/uploads\/2021\/07\/P1450428-300x225.jpg 300w, https:\/\/newsestlyonnais.fr\/site\/wp-content\/uploads\/2021\/07\/P1450428-350x263.jpg 350w, https:\/\/newsestlyonnais.fr\/site\/wp-content\/uploads\/2021\/07\/P1450428-450x338.jpg 450w, https:\/\/newsestlyonnais.fr\/site\/wp-content\/uploads\/2021\/07\/P1450428-500x375.jpg 500w, https:\/\/newsestlyonnais.fr\/site\/wp-content\/uploads\/2021\/07\/P1450428-550x413.jpg 550w, https:\/\/newsestlyonnais.fr\/site\/wp-content\/uploads\/2021\/07\/P1450428-800x600.jpg 800w, https:\/\/newsestlyonnais.fr\/site\/wp-content\/uploads\/2021\/07\/P1450428.jpg 1200w\" sizes=\"auto, (max-width: 350px) 100vw, 350px\" \/><\/span><\/strong><\/p>\n<p>&nbsp;<\/p>\n<p><strong><span style=\"text-decoration: underline;\">Seniors messieurs<\/span> <em>:<\/em><\/strong><\/p>\n<p>&nbsp;<\/p>\n<p>Victoire du jeune (17 ans) du TC La Pape face au chasseland Alexis Gerra, vainqueur de plusieurs \u00e9ditions pr\u00e9c\u00e9dentes.<\/p>\n<ul>\n<li><span style=\"background-color: #000000; color: #ffffff;\"><strong>Sabi ROI<\/strong> (TC La Pape, 1\/6) bat <strong>Alexis GERRA<\/strong> (Chassieu Tennis, 1\/6)\u00a0 6\/3, 6\/4<\/span>.<\/li>\n<\/ul>\n<hr \/>\n<p><strong><span style=\"text-decoration: underline;\"><img loading=\"lazy\" decoding=\"async\" class=\"alignleft wp-image-133581\" src=\"https:\/\/newsestlyonnais.fr\/site\/wp-content\/uploads\/2021\/07\/P1450423-400x300.jpg\" alt=\"\" width=\"350\" height=\"263\" srcset=\"https:\/\/newsestlyonnais.fr\/site\/wp-content\/uploads\/2021\/07\/P1450423-400x300.jpg 400w, https:\/\/newsestlyonnais.fr\/site\/wp-content\/uploads\/2021\/07\/P1450423-650x488.jpg 650w, https:\/\/newsestlyonnais.fr\/site\/wp-content\/uploads\/2021\/07\/P1450423-250x188.jpg 250w, https:\/\/newsestlyonnais.fr\/site\/wp-content\/uploads\/2021\/07\/P1450423-768x576.jpg 768w, https:\/\/newsestlyonnais.fr\/site\/wp-content\/uploads\/2021\/07\/P1450423-150x113.jpg 150w, https:\/\/newsestlyonnais.fr\/site\/wp-content\/uploads\/2021\/07\/P1450423-50x38.jpg 50w, https:\/\/newsestlyonnais.fr\/site\/wp-content\/uploads\/2021\/07\/P1450423-100x75.jpg 100w, https:\/\/newsestlyonnais.fr\/site\/wp-content\/uploads\/2021\/07\/P1450423-200x150.jpg 200w, https:\/\/newsestlyonnais.fr\/site\/wp-content\/uploads\/2021\/07\/P1450423-300x225.jpg 300w, https:\/\/newsestlyonnais.fr\/site\/wp-content\/uploads\/2021\/07\/P1450423-350x263.jpg 350w, https:\/\/newsestlyonnais.fr\/site\/wp-content\/uploads\/2021\/07\/P1450423-450x338.jpg 450w, https:\/\/newsestlyonnais.fr\/site\/wp-content\/uploads\/2021\/07\/P1450423-500x375.jpg 500w, https:\/\/newsestlyonnais.fr\/site\/wp-content\/uploads\/2021\/07\/P1450423-550x413.jpg 550w, https:\/\/newsestlyonnais.fr\/site\/wp-content\/uploads\/2021\/07\/P1450423-800x600.jpg 800w, https:\/\/newsestlyonnais.fr\/site\/wp-content\/uploads\/2021\/07\/P1450423.jpg 1200w\" sizes=\"auto, (max-width: 350px) 100vw, 350px\" \/>Seniors messieurs + 35 ans<\/span> : <\/strong><\/p>\n<p>&nbsp;<\/p>\n<p>C&rsquo;est le genassien <strong>Florian SOULERIN qui s&rsquo;est impos\u00e9 en 2 sets face au joueur de l&rsquo;Ain.<\/strong><\/p>\n<ul>\n<li><span style=\"background-color: #000000;\"><span style=\"color: #ffffff;\"><strong>Florian SOULERIN<\/strong> (TC Genas, 15) bat <strong>Franck CHANUT<\/strong> (TC Mionnay, 15) 6\/3,\u00a0 6\/4<\/span><\/span><span style=\"color: #ffffff;\">.<\/span><\/li>\n<\/ul>\n<p>&nbsp;<\/p>\n<hr \/>\n<div id='gallery-1' class='gallery galleryid-133564 gallery-columns-2 gallery-size-thumbnail'><figure class='gallery-item'>\n\t\t\t<div class='gallery-icon landscape'>\n\t\t\t\t<a href='https:\/\/newsestlyonnais.fr\/site\/2021\/07\/12\/meyzieu-open-de-tennis-les-vainqueurs-sont-connus\/p1450415\/'><img loading=\"lazy\" decoding=\"async\" width=\"150\" height=\"113\" src=\"https:\/\/newsestlyonnais.fr\/site\/wp-content\/uploads\/2021\/07\/P1450415-250x188.jpg\" class=\"attachment-thumbnail size-thumbnail\" alt=\"\" aria-describedby=\"gallery-1-133586\" srcset=\"https:\/\/newsestlyonnais.fr\/site\/wp-content\/uploads\/2021\/07\/P1450415-250x188.jpg 250w, https:\/\/newsestlyonnais.fr\/site\/wp-content\/uploads\/2021\/07\/P1450415-400x300.jpg 400w, https:\/\/newsestlyonnais.fr\/site\/wp-content\/uploads\/2021\/07\/P1450415-650x488.jpg 650w, https:\/\/newsestlyonnais.fr\/site\/wp-content\/uploads\/2021\/07\/P1450415-768x576.jpg 768w, https:\/\/newsestlyonnais.fr\/site\/wp-content\/uploads\/2021\/07\/P1450415-150x113.jpg 150w, https:\/\/newsestlyonnais.fr\/site\/wp-content\/uploads\/2021\/07\/P1450415-50x38.jpg 50w, https:\/\/newsestlyonnais.fr\/site\/wp-content\/uploads\/2021\/07\/P1450415-100x75.jpg 100w, https:\/\/newsestlyonnais.fr\/site\/wp-content\/uploads\/2021\/07\/P1450415-200x150.jpg 200w, https:\/\/newsestlyonnais.fr\/site\/wp-content\/uploads\/2021\/07\/P1450415-300x225.jpg 300w, https:\/\/newsestlyonnais.fr\/site\/wp-content\/uploads\/2021\/07\/P1450415-350x263.jpg 350w, https:\/\/newsestlyonnais.fr\/site\/wp-content\/uploads\/2021\/07\/P1450415-450x338.jpg 450w, https:\/\/newsestlyonnais.fr\/site\/wp-content\/uploads\/2021\/07\/P1450415-500x375.jpg 500w, https:\/\/newsestlyonnais.fr\/site\/wp-content\/uploads\/2021\/07\/P1450415-550x413.jpg 550w, https:\/\/newsestlyonnais.fr\/site\/wp-content\/uploads\/2021\/07\/P1450415-800x600.jpg 800w, https:\/\/newsestlyonnais.fr\/site\/wp-content\/uploads\/2021\/07\/P1450415.jpg 1200w\" sizes=\"auto, (max-width: 150px) 100vw, 150px\" \/><\/a>\n\t\t\t<\/div>\n\t\t\t\t<figcaption class='wp-caption-text gallery-caption' id='gallery-1-133586'>\n\t\t\t\tLa remise des r\u00e9compenses\n\t\t\t\t<\/figcaption><\/figure><figure class='gallery-item'>\n\t\t\t<div class='gallery-icon landscape'>\n\t\t\t\t<a href='https:\/\/newsestlyonnais.fr\/site\/2021\/07\/12\/meyzieu-open-de-tennis-les-vainqueurs-sont-connus\/20210704_112702\/'><img loading=\"lazy\" decoding=\"async\" width=\"150\" height=\"85\" src=\"https:\/\/newsestlyonnais.fr\/site\/wp-content\/uploads\/2021\/07\/20210704_112702-250x141.jpg\" class=\"attachment-thumbnail size-thumbnail\" alt=\"\" aria-describedby=\"gallery-1-133587\" srcset=\"https:\/\/newsestlyonnais.fr\/site\/wp-content\/uploads\/2021\/07\/20210704_112702-250x141.jpg 250w, https:\/\/newsestlyonnais.fr\/site\/wp-content\/uploads\/2021\/07\/20210704_112702-400x225.jpg 400w, https:\/\/newsestlyonnais.fr\/site\/wp-content\/uploads\/2021\/07\/20210704_112702-650x366.jpg 650w, https:\/\/newsestlyonnais.fr\/site\/wp-content\/uploads\/2021\/07\/20210704_112702-768x432.jpg 768w, https:\/\/newsestlyonnais.fr\/site\/wp-content\/uploads\/2021\/07\/20210704_112702-150x84.jpg 150w, https:\/\/newsestlyonnais.fr\/site\/wp-content\/uploads\/2021\/07\/20210704_112702-50x28.jpg 50w, https:\/\/newsestlyonnais.fr\/site\/wp-content\/uploads\/2021\/07\/20210704_112702-100x56.jpg 100w, https:\/\/newsestlyonnais.fr\/site\/wp-content\/uploads\/2021\/07\/20210704_112702-200x113.jpg 200w, https:\/\/newsestlyonnais.fr\/site\/wp-content\/uploads\/2021\/07\/20210704_112702-300x169.jpg 300w, https:\/\/newsestlyonnais.fr\/site\/wp-content\/uploads\/2021\/07\/20210704_112702-350x197.jpg 350w, https:\/\/newsestlyonnais.fr\/site\/wp-content\/uploads\/2021\/07\/20210704_112702-450x253.jpg 450w, https:\/\/newsestlyonnais.fr\/site\/wp-content\/uploads\/2021\/07\/20210704_112702-500x281.jpg 500w, https:\/\/newsestlyonnais.fr\/site\/wp-content\/uploads\/2021\/07\/20210704_112702-550x309.jpg 550w, https:\/\/newsestlyonnais.fr\/site\/wp-content\/uploads\/2021\/07\/20210704_112702-800x450.jpg 800w, https:\/\/newsestlyonnais.fr\/site\/wp-content\/uploads\/2021\/07\/20210704_112702.jpg 1200w\" sizes=\"auto, (max-width: 150px) 100vw, 150px\" \/><\/a>\n\t\t\t<\/div>\n\t\t\t\t<figcaption class='wp-caption-text gallery-caption' id='gallery-1-133587'>\n\t\t\t\tDes finales en int\u00e9rieur \n\t\t\t\t<\/figcaption><\/figure>\n\t\t<\/div>\n\n<hr \/>\n","protected":false},"excerpt":{"rendered":"<p>Apr\u00e8s un mois de comp\u00e9tition, les finales des 3 tableaux ont eu lieu ce dimanche matin en simultan\u00e9 et en indoor. <\/p>\n","protected":false},"author":4,"featured_media":133566,"comment_status":"open","ping_status":"open","sticky":false,"template":"","format":"standard","meta":{"footnotes":""},"categories":[24,2,2992,2991],"tags":[2081,2548,2049],"class_list":["post-133564","post","type-post","status-publish","format-standard","has-post-thumbnail","hentry","category-meyzieu","category-sports","category-tennis-padel","category-tennis-tennis-table-sports","tag-meyzieu","tag-meyzieu-tennis","tag-tennis"],"yoast_head":"<!-- This site is optimized with the Yoast SEO plugin v27.2 - https:\/\/yoast.com\/product\/yoast-seo-wordpress\/ -->\n<title>MEYZIEU | Open de tennis &gt; les vainqueurs sont connus - News Est Lyonnais<\/title>\n<meta name=\"description\" content=\"MEYZIEU | Open de tennis &gt; les vainqueurs sont connus\" \/>\n<meta name=\"robots\" content=\"index, follow, max-snippet:-1, max-image-preview:large, max-video-preview:-1\" \/>\n<link rel=\"canonical\" href=\"https:\/\/newsestlyonnais.fr\/site\/2021\/07\/12\/meyzieu-open-de-tennis-les-vainqueurs-sont-connus\/\" \/>\n<meta property=\"og:locale\" content=\"fr_FR\" \/>\n<meta property=\"og:type\" content=\"article\" \/>\n<meta property=\"og:title\" content=\"MEYZIEU | Open de tennis &gt; les vainqueurs sont connus - News Est Lyonnais\" \/>\n<meta property=\"og:description\" content=\"MEYZIEU | Open de tennis &gt; les vainqueurs sont connus\" \/>\n<meta property=\"og:url\" content=\"https:\/\/newsestlyonnais.fr\/site\/2021\/07\/12\/meyzieu-open-de-tennis-les-vainqueurs-sont-connus\/\" \/>\n<meta property=\"og:site_name\" content=\"News Est Lyonnais\" \/>\n<meta property=\"article:author\" content=\"https:\/\/www.facebook.com\/pascal.oberson.1?fref=ts\" \/>\n<meta property=\"article:published_time\" content=\"2021-07-12T12:59:38+00:00\" \/>\n<meta property=\"article:modified_time\" content=\"2021-07-21T07:15:53+00:00\" \/>\n<meta property=\"og:image\" content=\"https:\/\/i0.wp.com\/newsestlyonnais.fr\/site\/wp-content\/uploads\/2021\/07\/P1450429.jpg?fit=1200%2C900&ssl=1\" \/>\n\t<meta property=\"og:image:width\" content=\"1200\" \/>\n\t<meta property=\"og:image:height\" content=\"900\" \/>\n\t<meta property=\"og:image:type\" content=\"image\/jpeg\" \/>\n<meta name=\"author\" content=\"R\u00e9dac. NEWS\" \/>\n<meta name=\"twitter:card\" content=\"summary_large_image\" \/>\n<meta name=\"twitter:label1\" content=\"\u00c9crit par\" \/>\n\t<meta name=\"twitter:data1\" content=\"R\u00e9dac. NEWS\" \/>\n\t<meta name=\"twitter:label2\" content=\"Dur\u00e9e de lecture estim\u00e9e\" \/>\n\t<meta name=\"twitter:data2\" content=\"2 minutes\" \/>\n<script type=\"application\/ld+json\" class=\"yoast-schema-graph\">{\"@context\":\"https:\/\/schema.org\",\"@graph\":[{\"@type\":\"Article\",\"@id\":\"https:\/\/newsestlyonnais.fr\/site\/2021\/07\/12\/meyzieu-open-de-tennis-les-vainqueurs-sont-connus\/#article\",\"isPartOf\":{\"@id\":\"https:\/\/newsestlyonnais.fr\/site\/2021\/07\/12\/meyzieu-open-de-tennis-les-vainqueurs-sont-connus\/\"},\"author\":{\"name\":\"R\u00e9dac. NEWS\",\"@id\":\"https:\/\/newsestlyonnais.fr\/site\/#\/schema\/person\/3230d5615f390bb808365d673001e887\"},\"headline\":\"MEYZIEU | Open de tennis > les vainqueurs sont connus\",\"datePublished\":\"2021-07-12T12:59:38+00:00\",\"dateModified\":\"2021-07-21T07:15:53+00:00\",\"mainEntityOfPage\":{\"@id\":\"https:\/\/newsestlyonnais.fr\/site\/2021\/07\/12\/meyzieu-open-de-tennis-les-vainqueurs-sont-connus\/\"},\"wordCount\":196,\"commentCount\":0,\"publisher\":{\"@id\":\"https:\/\/newsestlyonnais.fr\/site\/#organization\"},\"image\":{\"@id\":\"https:\/\/newsestlyonnais.fr\/site\/2021\/07\/12\/meyzieu-open-de-tennis-les-vainqueurs-sont-connus\/#primaryimage\"},\"thumbnailUrl\":\"https:\/\/newsestlyonnais.fr\/site\/wp-content\/uploads\/2021\/07\/P1450429.jpg\",\"keywords\":[\"MEYZIEU\",\"MEYZIEU TENNIS\",\"TENNIS\"],\"articleSection\":[\"Meyzieu\",\"Sports\",\"Tennis | Padel\",\"Tennis | Tennis de table\"],\"inLanguage\":\"fr-FR\",\"potentialAction\":[{\"@type\":\"CommentAction\",\"name\":\"Comment\",\"target\":[\"https:\/\/newsestlyonnais.fr\/site\/2021\/07\/12\/meyzieu-open-de-tennis-les-vainqueurs-sont-connus\/#respond\"]}]},{\"@type\":\"WebPage\",\"@id\":\"https:\/\/newsestlyonnais.fr\/site\/2021\/07\/12\/meyzieu-open-de-tennis-les-vainqueurs-sont-connus\/\",\"url\":\"https:\/\/newsestlyonnais.fr\/site\/2021\/07\/12\/meyzieu-open-de-tennis-les-vainqueurs-sont-connus\/\",\"name\":\"MEYZIEU | Open de tennis > les vainqueurs sont connus - News Est Lyonnais\",\"isPartOf\":{\"@id\":\"https:\/\/newsestlyonnais.fr\/site\/#website\"},\"primaryImageOfPage\":{\"@id\":\"https:\/\/newsestlyonnais.fr\/site\/2021\/07\/12\/meyzieu-open-de-tennis-les-vainqueurs-sont-connus\/#primaryimage\"},\"image\":{\"@id\":\"https:\/\/newsestlyonnais.fr\/site\/2021\/07\/12\/meyzieu-open-de-tennis-les-vainqueurs-sont-connus\/#primaryimage\"},\"thumbnailUrl\":\"https:\/\/newsestlyonnais.fr\/site\/wp-content\/uploads\/2021\/07\/P1450429.jpg\",\"datePublished\":\"2021-07-12T12:59:38+00:00\",\"dateModified\":\"2021-07-21T07:15:53+00:00\",\"description\":\"MEYZIEU | Open de tennis > les vainqueurs sont connus\",\"breadcrumb\":{\"@id\":\"https:\/\/newsestlyonnais.fr\/site\/2021\/07\/12\/meyzieu-open-de-tennis-les-vainqueurs-sont-connus\/#breadcrumb\"},\"inLanguage\":\"fr-FR\",\"potentialAction\":[{\"@type\":\"ReadAction\",\"target\":[\"https:\/\/newsestlyonnais.fr\/site\/2021\/07\/12\/meyzieu-open-de-tennis-les-vainqueurs-sont-connus\/\"]}]},{\"@type\":\"ImageObject\",\"inLanguage\":\"fr-FR\",\"@id\":\"https:\/\/newsestlyonnais.fr\/site\/2021\/07\/12\/meyzieu-open-de-tennis-les-vainqueurs-sont-connus\/#primaryimage\",\"url\":\"https:\/\/newsestlyonnais.fr\/site\/wp-content\/uploads\/2021\/07\/P1450429.jpg\",\"contentUrl\":\"https:\/\/newsestlyonnais.fr\/site\/wp-content\/uploads\/2021\/07\/P1450429.jpg\",\"width\":1200,\"height\":900},{\"@type\":\"BreadcrumbList\",\"@id\":\"https:\/\/newsestlyonnais.fr\/site\/2021\/07\/12\/meyzieu-open-de-tennis-les-vainqueurs-sont-connus\/#breadcrumb\",\"itemListElement\":[{\"@type\":\"ListItem\",\"position\":1,\"name\":\"Accueil\",\"item\":\"https:\/\/newsestlyonnais.fr\/site\/\"},{\"@type\":\"ListItem\",\"position\":2,\"name\":\"MEYZIEU | Open de tennis > les vainqueurs sont connus\"}]},{\"@type\":\"WebSite\",\"@id\":\"https:\/\/newsestlyonnais.fr\/site\/#website\",\"url\":\"https:\/\/newsestlyonnais.fr\/site\/\",\"name\":\"News Est Lyonnais\",\"description\":\"L&#039;actualit\u00e9 au plus pr\u00e8s\",\"publisher\":{\"@id\":\"https:\/\/newsestlyonnais.fr\/site\/#organization\"},\"potentialAction\":[{\"@type\":\"SearchAction\",\"target\":{\"@type\":\"EntryPoint\",\"urlTemplate\":\"https:\/\/newsestlyonnais.fr\/site\/?s={search_term_string}\"},\"query-input\":{\"@type\":\"PropertyValueSpecification\",\"valueRequired\":true,\"valueName\":\"search_term_string\"}}],\"inLanguage\":\"fr-FR\"},{\"@type\":\"Organization\",\"@id\":\"https:\/\/newsestlyonnais.fr\/site\/#organization\",\"name\":\"News EST LYONNAIS\",\"url\":\"https:\/\/newsestlyonnais.fr\/site\/\",\"logo\":{\"@type\":\"ImageObject\",\"inLanguage\":\"fr-FR\",\"@id\":\"https:\/\/newsestlyonnais.fr\/site\/#\/schema\/logo\/image\/\",\"url\":\"\",\"contentUrl\":\"\",\"caption\":\"News EST LYONNAIS\"},\"image\":{\"@id\":\"https:\/\/newsestlyonnais.fr\/site\/#\/schema\/logo\/image\/\"}},{\"@type\":\"Person\",\"@id\":\"https:\/\/newsestlyonnais.fr\/site\/#\/schema\/person\/3230d5615f390bb808365d673001e887\",\"name\":\"R\u00e9dac. NEWS\",\"sameAs\":[\"http:\/\/www.newsestlyonnais.fr\",\"https:\/\/www.facebook.com\/pascal.oberson.1?fref=ts\",\"https:\/\/fr.linkedin.com\/in\/pascal-oberson-b17045113\"],\"url\":\"https:\/\/newsestlyonnais.fr\/site\/author\/nel\/\"}]}<\/script>\n<!-- \/ Yoast SEO plugin. -->","yoast_head_json":{"title":"MEYZIEU | Open de tennis > les vainqueurs sont connus - News Est Lyonnais","description":"MEYZIEU | Open de tennis > les vainqueurs sont connus","robots":{"index":"index","follow":"follow","max-snippet":"max-snippet:-1","max-image-preview":"max-image-preview:large","max-video-preview":"max-video-preview:-1"},"canonical":"https:\/\/newsestlyonnais.fr\/site\/2021\/07\/12\/meyzieu-open-de-tennis-les-vainqueurs-sont-connus\/","og_locale":"fr_FR","og_type":"article","og_title":"MEYZIEU | Open de tennis > les vainqueurs sont connus - News Est Lyonnais","og_description":"MEYZIEU | Open de tennis > les vainqueurs sont connus","og_url":"https:\/\/newsestlyonnais.fr\/site\/2021\/07\/12\/meyzieu-open-de-tennis-les-vainqueurs-sont-connus\/","og_site_name":"News Est Lyonnais","article_author":"https:\/\/www.facebook.com\/pascal.oberson.1?fref=ts","article_published_time":"2021-07-12T12:59:38+00:00","article_modified_time":"2021-07-21T07:15:53+00:00","og_image":[{"width":1200,"height":900,"url":"https:\/\/i0.wp.com\/newsestlyonnais.fr\/site\/wp-content\/uploads\/2021\/07\/P1450429.jpg?fit=1200%2C900&ssl=1","type":"image\/jpeg"}],"author":"R\u00e9dac. NEWS","twitter_card":"summary_large_image","twitter_misc":{"\u00c9crit par":"R\u00e9dac. NEWS","Dur\u00e9e de lecture estim\u00e9e":"2 minutes"},"schema":{"@context":"https:\/\/schema.org","@graph":[{"@type":"Article","@id":"https:\/\/newsestlyonnais.fr\/site\/2021\/07\/12\/meyzieu-open-de-tennis-les-vainqueurs-sont-connus\/#article","isPartOf":{"@id":"https:\/\/newsestlyonnais.fr\/site\/2021\/07\/12\/meyzieu-open-de-tennis-les-vainqueurs-sont-connus\/"},"author":{"name":"R\u00e9dac. NEWS","@id":"https:\/\/newsestlyonnais.fr\/site\/#\/schema\/person\/3230d5615f390bb808365d673001e887"},"headline":"MEYZIEU | Open de tennis > les vainqueurs sont connus","datePublished":"2021-07-12T12:59:38+00:00","dateModified":"2021-07-21T07:15:53+00:00","mainEntityOfPage":{"@id":"https:\/\/newsestlyonnais.fr\/site\/2021\/07\/12\/meyzieu-open-de-tennis-les-vainqueurs-sont-connus\/"},"wordCount":196,"commentCount":0,"publisher":{"@id":"https:\/\/newsestlyonnais.fr\/site\/#organization"},"image":{"@id":"https:\/\/newsestlyonnais.fr\/site\/2021\/07\/12\/meyzieu-open-de-tennis-les-vainqueurs-sont-connus\/#primaryimage"},"thumbnailUrl":"https:\/\/newsestlyonnais.fr\/site\/wp-content\/uploads\/2021\/07\/P1450429.jpg","keywords":["MEYZIEU","MEYZIEU TENNIS","TENNIS"],"articleSection":["Meyzieu","Sports","Tennis | Padel","Tennis | Tennis de table"],"inLanguage":"fr-FR","potentialAction":[{"@type":"CommentAction","name":"Comment","target":["https:\/\/newsestlyonnais.fr\/site\/2021\/07\/12\/meyzieu-open-de-tennis-les-vainqueurs-sont-connus\/#respond"]}]},{"@type":"WebPage","@id":"https:\/\/newsestlyonnais.fr\/site\/2021\/07\/12\/meyzieu-open-de-tennis-les-vainqueurs-sont-connus\/","url":"https:\/\/newsestlyonnais.fr\/site\/2021\/07\/12\/meyzieu-open-de-tennis-les-vainqueurs-sont-connus\/","name":"MEYZIEU | Open de tennis > les vainqueurs sont connus - News Est Lyonnais","isPartOf":{"@id":"https:\/\/newsestlyonnais.fr\/site\/#website"},"primaryImageOfPage":{"@id":"https:\/\/newsestlyonnais.fr\/site\/2021\/07\/12\/meyzieu-open-de-tennis-les-vainqueurs-sont-connus\/#primaryimage"},"image":{"@id":"https:\/\/newsestlyonnais.fr\/site\/2021\/07\/12\/meyzieu-open-de-tennis-les-vainqueurs-sont-connus\/#primaryimage"},"thumbnailUrl":"https:\/\/newsestlyonnais.fr\/site\/wp-content\/uploads\/2021\/07\/P1450429.jpg","datePublished":"2021-07-12T12:59:38+00:00","dateModified":"2021-07-21T07:15:53+00:00","description":"MEYZIEU | Open de tennis > les vainqueurs sont connus","breadcrumb":{"@id":"https:\/\/newsestlyonnais.fr\/site\/2021\/07\/12\/meyzieu-open-de-tennis-les-vainqueurs-sont-connus\/#breadcrumb"},"inLanguage":"fr-FR","potentialAction":[{"@type":"ReadAction","target":["https:\/\/newsestlyonnais.fr\/site\/2021\/07\/12\/meyzieu-open-de-tennis-les-vainqueurs-sont-connus\/"]}]},{"@type":"ImageObject","inLanguage":"fr-FR","@id":"https:\/\/newsestlyonnais.fr\/site\/2021\/07\/12\/meyzieu-open-de-tennis-les-vainqueurs-sont-connus\/#primaryimage","url":"https:\/\/newsestlyonnais.fr\/site\/wp-content\/uploads\/2021\/07\/P1450429.jpg","contentUrl":"https:\/\/newsestlyonnais.fr\/site\/wp-content\/uploads\/2021\/07\/P1450429.jpg","width":1200,"height":900},{"@type":"BreadcrumbList","@id":"https:\/\/newsestlyonnais.fr\/site\/2021\/07\/12\/meyzieu-open-de-tennis-les-vainqueurs-sont-connus\/#breadcrumb","itemListElement":[{"@type":"ListItem","position":1,"name":"Accueil","item":"https:\/\/newsestlyonnais.fr\/site\/"},{"@type":"ListItem","position":2,"name":"MEYZIEU | Open de tennis > les vainqueurs sont connus"}]},{"@type":"WebSite","@id":"https:\/\/newsestlyonnais.fr\/site\/#website","url":"https:\/\/newsestlyonnais.fr\/site\/","name":"News Est Lyonnais","description":"L&#039;actualit\u00e9 au plus pr\u00e8s","publisher":{"@id":"https:\/\/newsestlyonnais.fr\/site\/#organization"},"potentialAction":[{"@type":"SearchAction","target":{"@type":"EntryPoint","urlTemplate":"https:\/\/newsestlyonnais.fr\/site\/?s={search_term_string}"},"query-input":{"@type":"PropertyValueSpecification","valueRequired":true,"valueName":"search_term_string"}}],"inLanguage":"fr-FR"},{"@type":"Organization","@id":"https:\/\/newsestlyonnais.fr\/site\/#organization","name":"News EST LYONNAIS","url":"https:\/\/newsestlyonnais.fr\/site\/","logo":{"@type":"ImageObject","inLanguage":"fr-FR","@id":"https:\/\/newsestlyonnais.fr\/site\/#\/schema\/logo\/image\/","url":"","contentUrl":"","caption":"News EST LYONNAIS"},"image":{"@id":"https:\/\/newsestlyonnais.fr\/site\/#\/schema\/logo\/image\/"}},{"@type":"Person","@id":"https:\/\/newsestlyonnais.fr\/site\/#\/schema\/person\/3230d5615f390bb808365d673001e887","name":"R\u00e9dac. NEWS","sameAs":["http:\/\/www.newsestlyonnais.fr","https:\/\/www.facebook.com\/pascal.oberson.1?fref=ts","https:\/\/fr.linkedin.com\/in\/pascal-oberson-b17045113"],"url":"https:\/\/newsestlyonnais.fr\/site\/author\/nel\/"}]}},"_links":{"self":[{"href":"https:\/\/newsestlyonnais.fr\/site\/wp-json\/wp\/v2\/posts\/133564","targetHints":{"allow":["GET"]}}],"collection":[{"href":"https:\/\/newsestlyonnais.fr\/site\/wp-json\/wp\/v2\/posts"}],"about":[{"href":"https:\/\/newsestlyonnais.fr\/site\/wp-json\/wp\/v2\/types\/post"}],"author":[{"embeddable":true,"href":"https:\/\/newsestlyonnais.fr\/site\/wp-json\/wp\/v2\/users\/4"}],"replies":[{"embeddable":true,"href":"https:\/\/newsestlyonnais.fr\/site\/wp-json\/wp\/v2\/comments?post=133564"}],"version-history":[{"count":0,"href":"https:\/\/newsestlyonnais.fr\/site\/wp-json\/wp\/v2\/posts\/133564\/revisions"}],"wp:featuredmedia":[{"embeddable":true,"href":"https:\/\/newsestlyonnais.fr\/site\/wp-json\/wp\/v2\/media\/133566"}],"wp:attachment":[{"href":"https:\/\/newsestlyonnais.fr\/site\/wp-json\/wp\/v2\/media?parent=133564"}],"wp:term":[{"taxonomy":"category","embeddable":true,"href":"https:\/\/newsestlyonnais.fr\/site\/wp-json\/wp\/v2\/categories?post=133564"},{"taxonomy":"post_tag","embeddable":true,"href":"https:\/\/newsestlyonnais.fr\/site\/wp-json\/wp\/v2\/tags?post=133564"}],"curies":[{"name":"wp","href":"https:\/\/api.w.org\/{rel}","templated":true}]}}