{"id":134729,"date":"2021-07-14T08:50:37","date_gmt":"2021-07-14T07:50:37","guid":{"rendered":"https:\/\/newsestlyonnais.fr\/site\/?p=134729"},"modified":"2021-07-16T17:23:15","modified_gmt":"2021-07-16T16:23:15","slug":"venissieux-annulation-du-pique-nique-republicain","status":"publish","type":"post","link":"https:\/\/newsestlyonnais.fr\/site\/2021\/07\/14\/venissieux-annulation-du-pique-nique-republicain\/","title":{"rendered":"VENISSIEUX | Annulation du pique-nique r\u00e9publicain"},"content":{"rendered":"<div>\n<p class=\" text-justify\">En raison d\u2019une mauvaise m\u00e9t\u00e9o, <strong>le pique-nique R\u00e9publicain ponctu\u00e9 d\u2019interventions artistiques et l&rsquo;ap\u00e9ritif R\u00e9publicain<\/strong> pr\u00e9vus le mercredi 14 juillet dans le cadre du Festival F\u00eates Escales au Parc Louis-Dupic <strong>sont annul\u00e9s<\/strong>.<\/p>\n<p class=\" text-justify\">Les artistes programm\u00e9s ce jour-l\u00e0 nous r\u00e9serveront des surprises via les r\u00e9seaux sociaux.<\/p>\n<p class=\" text-justify\">Les plateaux repas pr\u00e9vus pour les \u00e9quipes du festival et les artistes seront donn\u00e9s \u00e0 des associations v\u00e9nissianes.<\/p>\n<hr \/>\n<p class=\" text-justify\"><b>Pour rappel\u00a0: <\/b>3 concerts seront diffus\u00e9s sur les r\u00e9seaux sociaux les 15,16 et 17 juillet.<\/p>\n<hr \/>\n<hr \/>\n<p>&nbsp;<\/p>\n<\/div>\n","protected":false},"excerpt":{"rendered":"<p>Ev\u00e9nement pr\u00e9vu ce mercredi 14 juillet dans le cadre du Festival F\u00eates Escales au Parc Louis-Dupic.  <\/p>\n","protected":false},"author":4,"featured_media":134731,"comment_status":"open","ping_status":"open","sticky":false,"template":"","format":"standard","meta":{"footnotes":""},"categories":[3336,1298],"tags":[2067],"class_list":["post-134729","post","type-post","status-publish","format-standard","has-post-thumbnail","hentry","category-citoyennete-recensement","category-venissieux","tag-venissieux"],"yoast_head":"<!-- This site is optimized with the Yoast SEO plugin v27.2 - https:\/\/yoast.com\/product\/yoast-seo-wordpress\/ -->\n<title>VENISSIEUX | Annulation du pique-nique r\u00e9publicain - News Est Lyonnais<\/title>\n<meta name=\"description\" content=\"VENISSIEUX | Annulation du pique-nique r\u00e9publicain\" \/>\n<meta name=\"robots\" content=\"index, follow, max-snippet:-1, max-image-preview:large, max-video-preview:-1\" \/>\n<link rel=\"canonical\" href=\"https:\/\/newsestlyonnais.fr\/site\/2021\/07\/14\/venissieux-annulation-du-pique-nique-republicain\/\" \/>\n<meta property=\"og:locale\" content=\"fr_FR\" \/>\n<meta property=\"og:type\" content=\"article\" \/>\n<meta property=\"og:title\" content=\"VENISSIEUX | Annulation du pique-nique r\u00e9publicain - News Est Lyonnais\" \/>\n<meta property=\"og:description\" content=\"VENISSIEUX | Annulation du pique-nique r\u00e9publicain\" \/>\n<meta property=\"og:url\" content=\"https:\/\/newsestlyonnais.fr\/site\/2021\/07\/14\/venissieux-annulation-du-pique-nique-republicain\/\" \/>\n<meta property=\"og:site_name\" content=\"News Est Lyonnais\" \/>\n<meta property=\"article:author\" content=\"https:\/\/www.facebook.com\/pascal.oberson.1?fref=ts\" \/>\n<meta property=\"article:published_time\" content=\"2021-07-14T07:50:37+00:00\" \/>\n<meta property=\"article:modified_time\" content=\"2021-07-16T16:23:15+00:00\" \/>\n<meta property=\"og:image\" content=\"https:\/\/i0.wp.com\/newsestlyonnais.fr\/site\/wp-content\/uploads\/2021\/07\/Annulation-Pique-nique-republicain_pressrelease.jpg?fit=642%2C482&ssl=1\" \/>\n\t<meta property=\"og:image:width\" content=\"642\" \/>\n\t<meta property=\"og:image:height\" content=\"482\" \/>\n\t<meta property=\"og:image:type\" content=\"image\/jpeg\" \/>\n<meta name=\"author\" content=\"R\u00e9dac. NEWS\" \/>\n<meta name=\"twitter:card\" content=\"summary_large_image\" \/>\n<meta name=\"twitter:label1\" content=\"\u00c9crit par\" \/>\n\t<meta name=\"twitter:data1\" content=\"R\u00e9dac. NEWS\" \/>\n\t<meta name=\"twitter:label2\" content=\"Dur\u00e9e de lecture estim\u00e9e\" \/>\n\t<meta name=\"twitter:data2\" content=\"1 minute\" \/>\n<script type=\"application\/ld+json\" class=\"yoast-schema-graph\">{\"@context\":\"https:\/\/schema.org\",\"@graph\":[{\"@type\":\"Article\",\"@id\":\"https:\/\/newsestlyonnais.fr\/site\/2021\/07\/14\/venissieux-annulation-du-pique-nique-republicain\/#article\",\"isPartOf\":{\"@id\":\"https:\/\/newsestlyonnais.fr\/site\/2021\/07\/14\/venissieux-annulation-du-pique-nique-republicain\/\"},\"author\":{\"name\":\"R\u00e9dac. NEWS\",\"@id\":\"https:\/\/newsestlyonnais.fr\/site\/#\/schema\/person\/3230d5615f390bb808365d673001e887\"},\"headline\":\"VENISSIEUX | Annulation du pique-nique r\u00e9publicain\",\"datePublished\":\"2021-07-14T07:50:37+00:00\",\"dateModified\":\"2021-07-16T16:23:15+00:00\",\"mainEntityOfPage\":{\"@id\":\"https:\/\/newsestlyonnais.fr\/site\/2021\/07\/14\/venissieux-annulation-du-pique-nique-republicain\/\"},\"wordCount\":98,\"commentCount\":0,\"publisher\":{\"@id\":\"https:\/\/newsestlyonnais.fr\/site\/#organization\"},\"image\":{\"@id\":\"https:\/\/newsestlyonnais.fr\/site\/2021\/07\/14\/venissieux-annulation-du-pique-nique-republicain\/#primaryimage\"},\"thumbnailUrl\":\"https:\/\/newsestlyonnais.fr\/site\/wp-content\/uploads\/2021\/07\/Annulation-Pique-nique-republicain_pressrelease.jpg\",\"keywords\":[\"VENISSIEUX\"],\"articleSection\":[\"Citoyennet\u00e9 | Recensement\",\"V\u00e9nissieux\"],\"inLanguage\":\"fr-FR\",\"potentialAction\":[{\"@type\":\"CommentAction\",\"name\":\"Comment\",\"target\":[\"https:\/\/newsestlyonnais.fr\/site\/2021\/07\/14\/venissieux-annulation-du-pique-nique-republicain\/#respond\"]}]},{\"@type\":\"WebPage\",\"@id\":\"https:\/\/newsestlyonnais.fr\/site\/2021\/07\/14\/venissieux-annulation-du-pique-nique-republicain\/\",\"url\":\"https:\/\/newsestlyonnais.fr\/site\/2021\/07\/14\/venissieux-annulation-du-pique-nique-republicain\/\",\"name\":\"VENISSIEUX | Annulation du pique-nique r\u00e9publicain - News Est Lyonnais\",\"isPartOf\":{\"@id\":\"https:\/\/newsestlyonnais.fr\/site\/#website\"},\"primaryImageOfPage\":{\"@id\":\"https:\/\/newsestlyonnais.fr\/site\/2021\/07\/14\/venissieux-annulation-du-pique-nique-republicain\/#primaryimage\"},\"image\":{\"@id\":\"https:\/\/newsestlyonnais.fr\/site\/2021\/07\/14\/venissieux-annulation-du-pique-nique-republicain\/#primaryimage\"},\"thumbnailUrl\":\"https:\/\/newsestlyonnais.fr\/site\/wp-content\/uploads\/2021\/07\/Annulation-Pique-nique-republicain_pressrelease.jpg\",\"datePublished\":\"2021-07-14T07:50:37+00:00\",\"dateModified\":\"2021-07-16T16:23:15+00:00\",\"description\":\"VENISSIEUX | Annulation du pique-nique r\u00e9publicain\",\"breadcrumb\":{\"@id\":\"https:\/\/newsestlyonnais.fr\/site\/2021\/07\/14\/venissieux-annulation-du-pique-nique-republicain\/#breadcrumb\"},\"inLanguage\":\"fr-FR\",\"potentialAction\":[{\"@type\":\"ReadAction\",\"target\":[\"https:\/\/newsestlyonnais.fr\/site\/2021\/07\/14\/venissieux-annulation-du-pique-nique-republicain\/\"]}]},{\"@type\":\"ImageObject\",\"inLanguage\":\"fr-FR\",\"@id\":\"https:\/\/newsestlyonnais.fr\/site\/2021\/07\/14\/venissieux-annulation-du-pique-nique-republicain\/#primaryimage\",\"url\":\"https:\/\/newsestlyonnais.fr\/site\/wp-content\/uploads\/2021\/07\/Annulation-Pique-nique-republicain_pressrelease.jpg\",\"contentUrl\":\"https:\/\/newsestlyonnais.fr\/site\/wp-content\/uploads\/2021\/07\/Annulation-Pique-nique-republicain_pressrelease.jpg\",\"width\":642,\"height\":482},{\"@type\":\"BreadcrumbList\",\"@id\":\"https:\/\/newsestlyonnais.fr\/site\/2021\/07\/14\/venissieux-annulation-du-pique-nique-republicain\/#breadcrumb\",\"itemListElement\":[{\"@type\":\"ListItem\",\"position\":1,\"name\":\"Accueil\",\"item\":\"https:\/\/newsestlyonnais.fr\/site\/\"},{\"@type\":\"ListItem\",\"position\":2,\"name\":\"VENISSIEUX | Annulation du pique-nique r\u00e9publicain\"}]},{\"@type\":\"WebSite\",\"@id\":\"https:\/\/newsestlyonnais.fr\/site\/#website\",\"url\":\"https:\/\/newsestlyonnais.fr\/site\/\",\"name\":\"News Est Lyonnais\",\"description\":\"L&#039;actualit\u00e9 au plus pr\u00e8s\",\"publisher\":{\"@id\":\"https:\/\/newsestlyonnais.fr\/site\/#organization\"},\"potentialAction\":[{\"@type\":\"SearchAction\",\"target\":{\"@type\":\"EntryPoint\",\"urlTemplate\":\"https:\/\/newsestlyonnais.fr\/site\/?s={search_term_string}\"},\"query-input\":{\"@type\":\"PropertyValueSpecification\",\"valueRequired\":true,\"valueName\":\"search_term_string\"}}],\"inLanguage\":\"fr-FR\"},{\"@type\":\"Organization\",\"@id\":\"https:\/\/newsestlyonnais.fr\/site\/#organization\",\"name\":\"News EST LYONNAIS\",\"url\":\"https:\/\/newsestlyonnais.fr\/site\/\",\"logo\":{\"@type\":\"ImageObject\",\"inLanguage\":\"fr-FR\",\"@id\":\"https:\/\/newsestlyonnais.fr\/site\/#\/schema\/logo\/image\/\",\"url\":\"\",\"contentUrl\":\"\",\"caption\":\"News EST LYONNAIS\"},\"image\":{\"@id\":\"https:\/\/newsestlyonnais.fr\/site\/#\/schema\/logo\/image\/\"}},{\"@type\":\"Person\",\"@id\":\"https:\/\/newsestlyonnais.fr\/site\/#\/schema\/person\/3230d5615f390bb808365d673001e887\",\"name\":\"R\u00e9dac. NEWS\",\"sameAs\":[\"http:\/\/www.newsestlyonnais.fr\",\"https:\/\/www.facebook.com\/pascal.oberson.1?fref=ts\",\"https:\/\/fr.linkedin.com\/in\/pascal-oberson-b17045113\"],\"url\":\"https:\/\/newsestlyonnais.fr\/site\/author\/nel\/\"}]}<\/script>\n<!-- \/ Yoast SEO plugin. -->","yoast_head_json":{"title":"VENISSIEUX | Annulation du pique-nique r\u00e9publicain - News Est Lyonnais","description":"VENISSIEUX | Annulation du pique-nique r\u00e9publicain","robots":{"index":"index","follow":"follow","max-snippet":"max-snippet:-1","max-image-preview":"max-image-preview:large","max-video-preview":"max-video-preview:-1"},"canonical":"https:\/\/newsestlyonnais.fr\/site\/2021\/07\/14\/venissieux-annulation-du-pique-nique-republicain\/","og_locale":"fr_FR","og_type":"article","og_title":"VENISSIEUX | Annulation du pique-nique r\u00e9publicain - News Est Lyonnais","og_description":"VENISSIEUX | Annulation du pique-nique r\u00e9publicain","og_url":"https:\/\/newsestlyonnais.fr\/site\/2021\/07\/14\/venissieux-annulation-du-pique-nique-republicain\/","og_site_name":"News Est Lyonnais","article_author":"https:\/\/www.facebook.com\/pascal.oberson.1?fref=ts","article_published_time":"2021-07-14T07:50:37+00:00","article_modified_time":"2021-07-16T16:23:15+00:00","og_image":[{"width":642,"height":482,"url":"https:\/\/i0.wp.com\/newsestlyonnais.fr\/site\/wp-content\/uploads\/2021\/07\/Annulation-Pique-nique-republicain_pressrelease.jpg?fit=642%2C482&ssl=1","type":"image\/jpeg"}],"author":"R\u00e9dac. NEWS","twitter_card":"summary_large_image","twitter_misc":{"\u00c9crit par":"R\u00e9dac. NEWS","Dur\u00e9e de lecture estim\u00e9e":"1 minute"},"schema":{"@context":"https:\/\/schema.org","@graph":[{"@type":"Article","@id":"https:\/\/newsestlyonnais.fr\/site\/2021\/07\/14\/venissieux-annulation-du-pique-nique-republicain\/#article","isPartOf":{"@id":"https:\/\/newsestlyonnais.fr\/site\/2021\/07\/14\/venissieux-annulation-du-pique-nique-republicain\/"},"author":{"name":"R\u00e9dac. NEWS","@id":"https:\/\/newsestlyonnais.fr\/site\/#\/schema\/person\/3230d5615f390bb808365d673001e887"},"headline":"VENISSIEUX | Annulation du pique-nique r\u00e9publicain","datePublished":"2021-07-14T07:50:37+00:00","dateModified":"2021-07-16T16:23:15+00:00","mainEntityOfPage":{"@id":"https:\/\/newsestlyonnais.fr\/site\/2021\/07\/14\/venissieux-annulation-du-pique-nique-republicain\/"},"wordCount":98,"commentCount":0,"publisher":{"@id":"https:\/\/newsestlyonnais.fr\/site\/#organization"},"image":{"@id":"https:\/\/newsestlyonnais.fr\/site\/2021\/07\/14\/venissieux-annulation-du-pique-nique-republicain\/#primaryimage"},"thumbnailUrl":"https:\/\/newsestlyonnais.fr\/site\/wp-content\/uploads\/2021\/07\/Annulation-Pique-nique-republicain_pressrelease.jpg","keywords":["VENISSIEUX"],"articleSection":["Citoyennet\u00e9 | Recensement","V\u00e9nissieux"],"inLanguage":"fr-FR","potentialAction":[{"@type":"CommentAction","name":"Comment","target":["https:\/\/newsestlyonnais.fr\/site\/2021\/07\/14\/venissieux-annulation-du-pique-nique-republicain\/#respond"]}]},{"@type":"WebPage","@id":"https:\/\/newsestlyonnais.fr\/site\/2021\/07\/14\/venissieux-annulation-du-pique-nique-republicain\/","url":"https:\/\/newsestlyonnais.fr\/site\/2021\/07\/14\/venissieux-annulation-du-pique-nique-republicain\/","name":"VENISSIEUX | Annulation du pique-nique r\u00e9publicain - News Est Lyonnais","isPartOf":{"@id":"https:\/\/newsestlyonnais.fr\/site\/#website"},"primaryImageOfPage":{"@id":"https:\/\/newsestlyonnais.fr\/site\/2021\/07\/14\/venissieux-annulation-du-pique-nique-republicain\/#primaryimage"},"image":{"@id":"https:\/\/newsestlyonnais.fr\/site\/2021\/07\/14\/venissieux-annulation-du-pique-nique-republicain\/#primaryimage"},"thumbnailUrl":"https:\/\/newsestlyonnais.fr\/site\/wp-content\/uploads\/2021\/07\/Annulation-Pique-nique-republicain_pressrelease.jpg","datePublished":"2021-07-14T07:50:37+00:00","dateModified":"2021-07-16T16:23:15+00:00","description":"VENISSIEUX | Annulation du pique-nique r\u00e9publicain","breadcrumb":{"@id":"https:\/\/newsestlyonnais.fr\/site\/2021\/07\/14\/venissieux-annulation-du-pique-nique-republicain\/#breadcrumb"},"inLanguage":"fr-FR","potentialAction":[{"@type":"ReadAction","target":["https:\/\/newsestlyonnais.fr\/site\/2021\/07\/14\/venissieux-annulation-du-pique-nique-republicain\/"]}]},{"@type":"ImageObject","inLanguage":"fr-FR","@id":"https:\/\/newsestlyonnais.fr\/site\/2021\/07\/14\/venissieux-annulation-du-pique-nique-republicain\/#primaryimage","url":"https:\/\/newsestlyonnais.fr\/site\/wp-content\/uploads\/2021\/07\/Annulation-Pique-nique-republicain_pressrelease.jpg","contentUrl":"https:\/\/newsestlyonnais.fr\/site\/wp-content\/uploads\/2021\/07\/Annulation-Pique-nique-republicain_pressrelease.jpg","width":642,"height":482},{"@type":"BreadcrumbList","@id":"https:\/\/newsestlyonnais.fr\/site\/2021\/07\/14\/venissieux-annulation-du-pique-nique-republicain\/#breadcrumb","itemListElement":[{"@type":"ListItem","position":1,"name":"Accueil","item":"https:\/\/newsestlyonnais.fr\/site\/"},{"@type":"ListItem","position":2,"name":"VENISSIEUX | Annulation du pique-nique r\u00e9publicain"}]},{"@type":"WebSite","@id":"https:\/\/newsestlyonnais.fr\/site\/#website","url":"https:\/\/newsestlyonnais.fr\/site\/","name":"News Est Lyonnais","description":"L&#039;actualit\u00e9 au plus pr\u00e8s","publisher":{"@id":"https:\/\/newsestlyonnais.fr\/site\/#organization"},"potentialAction":[{"@type":"SearchAction","target":{"@type":"EntryPoint","urlTemplate":"https:\/\/newsestlyonnais.fr\/site\/?s={search_term_string}"},"query-input":{"@type":"PropertyValueSpecification","valueRequired":true,"valueName":"search_term_string"}}],"inLanguage":"fr-FR"},{"@type":"Organization","@id":"https:\/\/newsestlyonnais.fr\/site\/#organization","name":"News EST LYONNAIS","url":"https:\/\/newsestlyonnais.fr\/site\/","logo":{"@type":"ImageObject","inLanguage":"fr-FR","@id":"https:\/\/newsestlyonnais.fr\/site\/#\/schema\/logo\/image\/","url":"","contentUrl":"","caption":"News EST LYONNAIS"},"image":{"@id":"https:\/\/newsestlyonnais.fr\/site\/#\/schema\/logo\/image\/"}},{"@type":"Person","@id":"https:\/\/newsestlyonnais.fr\/site\/#\/schema\/person\/3230d5615f390bb808365d673001e887","name":"R\u00e9dac. NEWS","sameAs":["http:\/\/www.newsestlyonnais.fr","https:\/\/www.facebook.com\/pascal.oberson.1?fref=ts","https:\/\/fr.linkedin.com\/in\/pascal-oberson-b17045113"],"url":"https:\/\/newsestlyonnais.fr\/site\/author\/nel\/"}]}},"_links":{"self":[{"href":"https:\/\/newsestlyonnais.fr\/site\/wp-json\/wp\/v2\/posts\/134729","targetHints":{"allow":["GET"]}}],"collection":[{"href":"https:\/\/newsestlyonnais.fr\/site\/wp-json\/wp\/v2\/posts"}],"about":[{"href":"https:\/\/newsestlyonnais.fr\/site\/wp-json\/wp\/v2\/types\/post"}],"author":[{"embeddable":true,"href":"https:\/\/newsestlyonnais.fr\/site\/wp-json\/wp\/v2\/users\/4"}],"replies":[{"embeddable":true,"href":"https:\/\/newsestlyonnais.fr\/site\/wp-json\/wp\/v2\/comments?post=134729"}],"version-history":[{"count":0,"href":"https:\/\/newsestlyonnais.fr\/site\/wp-json\/wp\/v2\/posts\/134729\/revisions"}],"wp:featuredmedia":[{"embeddable":true,"href":"https:\/\/newsestlyonnais.fr\/site\/wp-json\/wp\/v2\/media\/134731"}],"wp:attachment":[{"href":"https:\/\/newsestlyonnais.fr\/site\/wp-json\/wp\/v2\/media?parent=134729"}],"wp:term":[{"taxonomy":"category","embeddable":true,"href":"https:\/\/newsestlyonnais.fr\/site\/wp-json\/wp\/v2\/categories?post=134729"},{"taxonomy":"post_tag","embeddable":true,"href":"https:\/\/newsestlyonnais.fr\/site\/wp-json\/wp\/v2\/tags?post=134729"}],"curies":[{"name":"wp","href":"https:\/\/api.w.org\/{rel}","templated":true}]}}