{"id":135148,"date":"2021-07-20T13:27:53","date_gmt":"2021-07-20T12:27:53","guid":{"rendered":"https:\/\/newsestlyonnais.fr\/site\/?p=135148"},"modified":"2021-07-22T13:08:04","modified_gmt":"2021-07-22T12:08:04","slug":"bron-les-resultats-de-lundi-a-lopen-de-tennis-3","status":"publish","type":"post","link":"https:\/\/newsestlyonnais.fr\/site\/2021\/07\/20\/bron-les-resultats-de-lundi-a-lopen-de-tennis-3\/","title":{"rendered":"BRON | Les r\u00e9sultats de lundi \u00e0 l\u2019Open de tennis"},"content":{"rendered":"<div class=\"entry-body\">\n<p><strong><span style=\"text-decoration: underline;\">Tableau f\u00e9minin<\/span><em> :<\/em><\/strong><\/p>\n<ul>\n<li><strong>Hena CEHAJIC<\/strong> (TC Neuvillois, 15) bat <strong>Anna CREUZET<\/strong> (TC St Priest, 15)\u00a0 \u00a0 5\/7, 6\/2, 6\/3.<\/li>\n<\/ul>\n<p><strong><span style=\"text-decoration: underline;\">Tableau masculin<\/span><em> :<\/em><\/strong><\/p>\n<ul>\n<li><strong>C\u00e9dric SCAPPATICCI<\/strong> (TC Chaponnay, 5\/6) bat <strong>Matthieu SAUSSINE<\/strong> (TC Irigny, 15\/2)\u00a0\u00a0 6\/1, 6\/3.<\/li>\n<li><strong>David PERRET<\/strong> (TC Lyon, 5\/6) bat <strong>G\u00e9rald MONTAUT<\/strong> (TC Grigny, 15)\u00a0 \u00a0 6\/2, 6\/0.<\/li>\n<li><strong>Romain RIVIERE<\/strong> (TC Vourles, 5\/6) bat <strong>C\u00e9dric THEVENET<\/strong> (TC Domarin, 15)\u00a0\u00a0 1\/0 puis abandon.<\/li>\n<li><strong>Antoine PLARD<\/strong> (TC Irigny, 15) bat <strong>Maximilien PECH<\/strong> (TC Genas, 15\/2)\u00a0\u00a0 6\/4, 7\/6.<\/li>\n<li><strong>Bastien POULLAIN<\/strong> (TC La Pape, 5\/6) bat <strong>Tanguy GARNIER<\/strong> (ES Charly, 15\/1) \u00a0 6\/3, 6\/1.<\/li>\n<li><strong>Aur\u00e9lien LACROIX<\/strong> (TC Fid\u00e9sien, 5\/6) bat <strong>Adrien DODANE<\/strong> (TC D\u00e9cines, 5\/6)\u00a0 7\/5, 6\/1.<\/li>\n<\/ul>\n<hr \/>\n<p>&gt; <em><strong>Au programme de ce mardi : 4 rencontres (\u00e0 partir de 18 heures 30) dans le tableau masculin.<\/strong><\/em><\/p>\n<\/div>\n","protected":false},"excerpt":{"rendered":"<p>7 matchs programm\u00e9s lors de cette journ\u00e9e > retrouvez chaque matin, les r\u00e9sultats de la veille.<\/p>\n","protected":false},"author":4,"featured_media":134190,"comment_status":"open","ping_status":"open","sticky":false,"template":"","format":"standard","meta":{"footnotes":""},"categories":[19,2992,2991],"tags":[2072,2670,2049],"class_list":["post-135148","post","type-post","status-publish","format-standard","has-post-thumbnail","hentry","category-bron","category-tennis-padel","category-tennis-tennis-table-sports","tag-bron","tag-tc-bron","tag-tennis"],"yoast_head":"<!-- This site is optimized with the Yoast SEO plugin v27.2 - https:\/\/yoast.com\/product\/yoast-seo-wordpress\/ -->\n<title>BRON | Les r\u00e9sultats de lundi \u00e0 l\u2019Open de tennis - News Est Lyonnais<\/title>\n<meta name=\"description\" content=\"BRON | Les r\u00e9sultats de lundi \u00e0 l\u2019Open de tennis\" \/>\n<meta name=\"robots\" content=\"index, follow, max-snippet:-1, max-image-preview:large, max-video-preview:-1\" \/>\n<link rel=\"canonical\" href=\"https:\/\/newsestlyonnais.fr\/site\/2021\/07\/20\/bron-les-resultats-de-lundi-a-lopen-de-tennis-3\/\" \/>\n<meta property=\"og:locale\" content=\"fr_FR\" \/>\n<meta property=\"og:type\" content=\"article\" \/>\n<meta property=\"og:title\" content=\"BRON | Les r\u00e9sultats de lundi \u00e0 l\u2019Open de tennis - News Est Lyonnais\" \/>\n<meta property=\"og:description\" content=\"BRON | Les r\u00e9sultats de lundi \u00e0 l\u2019Open de tennis\" \/>\n<meta property=\"og:url\" content=\"https:\/\/newsestlyonnais.fr\/site\/2021\/07\/20\/bron-les-resultats-de-lundi-a-lopen-de-tennis-3\/\" \/>\n<meta property=\"og:site_name\" content=\"News Est Lyonnais\" \/>\n<meta property=\"article:author\" content=\"https:\/\/www.facebook.com\/pascal.oberson.1?fref=ts\" \/>\n<meta property=\"article:published_time\" content=\"2021-07-20T12:27:53+00:00\" \/>\n<meta property=\"article:modified_time\" content=\"2021-07-22T12:08:04+00:00\" \/>\n<meta property=\"og:image\" content=\"https:\/\/i1.wp.com\/newsestlyonnais.fr\/site\/wp-content\/uploads\/2021\/07\/P1440604.jpg?fit=1200%2C900&ssl=1\" \/>\n\t<meta property=\"og:image:width\" content=\"1200\" \/>\n\t<meta property=\"og:image:height\" content=\"900\" \/>\n\t<meta property=\"og:image:type\" content=\"image\/jpeg\" \/>\n<meta name=\"author\" content=\"R\u00e9dac. NEWS\" \/>\n<meta name=\"twitter:card\" content=\"summary_large_image\" \/>\n<meta name=\"twitter:label1\" content=\"\u00c9crit par\" \/>\n\t<meta name=\"twitter:data1\" content=\"R\u00e9dac. NEWS\" \/>\n\t<meta name=\"twitter:label2\" content=\"Dur\u00e9e de lecture estim\u00e9e\" \/>\n\t<meta name=\"twitter:data2\" content=\"1 minute\" \/>\n<script type=\"application\/ld+json\" class=\"yoast-schema-graph\">{\"@context\":\"https:\/\/schema.org\",\"@graph\":[{\"@type\":\"Article\",\"@id\":\"https:\/\/newsestlyonnais.fr\/site\/2021\/07\/20\/bron-les-resultats-de-lundi-a-lopen-de-tennis-3\/#article\",\"isPartOf\":{\"@id\":\"https:\/\/newsestlyonnais.fr\/site\/2021\/07\/20\/bron-les-resultats-de-lundi-a-lopen-de-tennis-3\/\"},\"author\":{\"name\":\"R\u00e9dac. NEWS\",\"@id\":\"https:\/\/newsestlyonnais.fr\/site\/#\/schema\/person\/3230d5615f390bb808365d673001e887\"},\"headline\":\"BRON | Les r\u00e9sultats de lundi \u00e0 l\u2019Open de tennis\",\"datePublished\":\"2021-07-20T12:27:53+00:00\",\"dateModified\":\"2021-07-22T12:08:04+00:00\",\"mainEntityOfPage\":{\"@id\":\"https:\/\/newsestlyonnais.fr\/site\/2021\/07\/20\/bron-les-resultats-de-lundi-a-lopen-de-tennis-3\/\"},\"wordCount\":102,\"commentCount\":0,\"publisher\":{\"@id\":\"https:\/\/newsestlyonnais.fr\/site\/#organization\"},\"image\":{\"@id\":\"https:\/\/newsestlyonnais.fr\/site\/2021\/07\/20\/bron-les-resultats-de-lundi-a-lopen-de-tennis-3\/#primaryimage\"},\"thumbnailUrl\":\"https:\/\/newsestlyonnais.fr\/site\/wp-content\/uploads\/2021\/07\/P1440604.jpg\",\"keywords\":[\"BRON\",\"TC BRON\",\"TENNIS\"],\"articleSection\":[\"Bron\",\"Tennis | Padel\",\"Tennis | Tennis de table\"],\"inLanguage\":\"fr-FR\",\"potentialAction\":[{\"@type\":\"CommentAction\",\"name\":\"Comment\",\"target\":[\"https:\/\/newsestlyonnais.fr\/site\/2021\/07\/20\/bron-les-resultats-de-lundi-a-lopen-de-tennis-3\/#respond\"]}]},{\"@type\":\"WebPage\",\"@id\":\"https:\/\/newsestlyonnais.fr\/site\/2021\/07\/20\/bron-les-resultats-de-lundi-a-lopen-de-tennis-3\/\",\"url\":\"https:\/\/newsestlyonnais.fr\/site\/2021\/07\/20\/bron-les-resultats-de-lundi-a-lopen-de-tennis-3\/\",\"name\":\"BRON | Les r\u00e9sultats de lundi \u00e0 l\u2019Open de tennis - News Est Lyonnais\",\"isPartOf\":{\"@id\":\"https:\/\/newsestlyonnais.fr\/site\/#website\"},\"primaryImageOfPage\":{\"@id\":\"https:\/\/newsestlyonnais.fr\/site\/2021\/07\/20\/bron-les-resultats-de-lundi-a-lopen-de-tennis-3\/#primaryimage\"},\"image\":{\"@id\":\"https:\/\/newsestlyonnais.fr\/site\/2021\/07\/20\/bron-les-resultats-de-lundi-a-lopen-de-tennis-3\/#primaryimage\"},\"thumbnailUrl\":\"https:\/\/newsestlyonnais.fr\/site\/wp-content\/uploads\/2021\/07\/P1440604.jpg\",\"datePublished\":\"2021-07-20T12:27:53+00:00\",\"dateModified\":\"2021-07-22T12:08:04+00:00\",\"description\":\"BRON | Les r\u00e9sultats de lundi \u00e0 l\u2019Open de tennis\",\"breadcrumb\":{\"@id\":\"https:\/\/newsestlyonnais.fr\/site\/2021\/07\/20\/bron-les-resultats-de-lundi-a-lopen-de-tennis-3\/#breadcrumb\"},\"inLanguage\":\"fr-FR\",\"potentialAction\":[{\"@type\":\"ReadAction\",\"target\":[\"https:\/\/newsestlyonnais.fr\/site\/2021\/07\/20\/bron-les-resultats-de-lundi-a-lopen-de-tennis-3\/\"]}]},{\"@type\":\"ImageObject\",\"inLanguage\":\"fr-FR\",\"@id\":\"https:\/\/newsestlyonnais.fr\/site\/2021\/07\/20\/bron-les-resultats-de-lundi-a-lopen-de-tennis-3\/#primaryimage\",\"url\":\"https:\/\/newsestlyonnais.fr\/site\/wp-content\/uploads\/2021\/07\/P1440604.jpg\",\"contentUrl\":\"https:\/\/newsestlyonnais.fr\/site\/wp-content\/uploads\/2021\/07\/P1440604.jpg\",\"width\":1200,\"height\":900},{\"@type\":\"BreadcrumbList\",\"@id\":\"https:\/\/newsestlyonnais.fr\/site\/2021\/07\/20\/bron-les-resultats-de-lundi-a-lopen-de-tennis-3\/#breadcrumb\",\"itemListElement\":[{\"@type\":\"ListItem\",\"position\":1,\"name\":\"Accueil\",\"item\":\"https:\/\/newsestlyonnais.fr\/site\/\"},{\"@type\":\"ListItem\",\"position\":2,\"name\":\"BRON | Les r\u00e9sultats de lundi \u00e0 l\u2019Open de tennis\"}]},{\"@type\":\"WebSite\",\"@id\":\"https:\/\/newsestlyonnais.fr\/site\/#website\",\"url\":\"https:\/\/newsestlyonnais.fr\/site\/\",\"name\":\"News Est Lyonnais\",\"description\":\"L&#039;actualit\u00e9 au plus pr\u00e8s\",\"publisher\":{\"@id\":\"https:\/\/newsestlyonnais.fr\/site\/#organization\"},\"potentialAction\":[{\"@type\":\"SearchAction\",\"target\":{\"@type\":\"EntryPoint\",\"urlTemplate\":\"https:\/\/newsestlyonnais.fr\/site\/?s={search_term_string}\"},\"query-input\":{\"@type\":\"PropertyValueSpecification\",\"valueRequired\":true,\"valueName\":\"search_term_string\"}}],\"inLanguage\":\"fr-FR\"},{\"@type\":\"Organization\",\"@id\":\"https:\/\/newsestlyonnais.fr\/site\/#organization\",\"name\":\"News EST LYONNAIS\",\"url\":\"https:\/\/newsestlyonnais.fr\/site\/\",\"logo\":{\"@type\":\"ImageObject\",\"inLanguage\":\"fr-FR\",\"@id\":\"https:\/\/newsestlyonnais.fr\/site\/#\/schema\/logo\/image\/\",\"url\":\"\",\"contentUrl\":\"\",\"caption\":\"News EST LYONNAIS\"},\"image\":{\"@id\":\"https:\/\/newsestlyonnais.fr\/site\/#\/schema\/logo\/image\/\"}},{\"@type\":\"Person\",\"@id\":\"https:\/\/newsestlyonnais.fr\/site\/#\/schema\/person\/3230d5615f390bb808365d673001e887\",\"name\":\"R\u00e9dac. NEWS\",\"sameAs\":[\"http:\/\/www.newsestlyonnais.fr\",\"https:\/\/www.facebook.com\/pascal.oberson.1?fref=ts\",\"https:\/\/fr.linkedin.com\/in\/pascal-oberson-b17045113\"],\"url\":\"https:\/\/newsestlyonnais.fr\/site\/author\/nel\/\"}]}<\/script>\n<!-- \/ Yoast SEO plugin. -->","yoast_head_json":{"title":"BRON | Les r\u00e9sultats de lundi \u00e0 l\u2019Open de tennis - News Est Lyonnais","description":"BRON | Les r\u00e9sultats de lundi \u00e0 l\u2019Open de tennis","robots":{"index":"index","follow":"follow","max-snippet":"max-snippet:-1","max-image-preview":"max-image-preview:large","max-video-preview":"max-video-preview:-1"},"canonical":"https:\/\/newsestlyonnais.fr\/site\/2021\/07\/20\/bron-les-resultats-de-lundi-a-lopen-de-tennis-3\/","og_locale":"fr_FR","og_type":"article","og_title":"BRON | Les r\u00e9sultats de lundi \u00e0 l\u2019Open de tennis - News Est Lyonnais","og_description":"BRON | Les r\u00e9sultats de lundi \u00e0 l\u2019Open de tennis","og_url":"https:\/\/newsestlyonnais.fr\/site\/2021\/07\/20\/bron-les-resultats-de-lundi-a-lopen-de-tennis-3\/","og_site_name":"News Est Lyonnais","article_author":"https:\/\/www.facebook.com\/pascal.oberson.1?fref=ts","article_published_time":"2021-07-20T12:27:53+00:00","article_modified_time":"2021-07-22T12:08:04+00:00","og_image":[{"width":1200,"height":900,"url":"https:\/\/i1.wp.com\/newsestlyonnais.fr\/site\/wp-content\/uploads\/2021\/07\/P1440604.jpg?fit=1200%2C900&ssl=1","type":"image\/jpeg"}],"author":"R\u00e9dac. NEWS","twitter_card":"summary_large_image","twitter_misc":{"\u00c9crit par":"R\u00e9dac. NEWS","Dur\u00e9e de lecture estim\u00e9e":"1 minute"},"schema":{"@context":"https:\/\/schema.org","@graph":[{"@type":"Article","@id":"https:\/\/newsestlyonnais.fr\/site\/2021\/07\/20\/bron-les-resultats-de-lundi-a-lopen-de-tennis-3\/#article","isPartOf":{"@id":"https:\/\/newsestlyonnais.fr\/site\/2021\/07\/20\/bron-les-resultats-de-lundi-a-lopen-de-tennis-3\/"},"author":{"name":"R\u00e9dac. NEWS","@id":"https:\/\/newsestlyonnais.fr\/site\/#\/schema\/person\/3230d5615f390bb808365d673001e887"},"headline":"BRON | Les r\u00e9sultats de lundi \u00e0 l\u2019Open de tennis","datePublished":"2021-07-20T12:27:53+00:00","dateModified":"2021-07-22T12:08:04+00:00","mainEntityOfPage":{"@id":"https:\/\/newsestlyonnais.fr\/site\/2021\/07\/20\/bron-les-resultats-de-lundi-a-lopen-de-tennis-3\/"},"wordCount":102,"commentCount":0,"publisher":{"@id":"https:\/\/newsestlyonnais.fr\/site\/#organization"},"image":{"@id":"https:\/\/newsestlyonnais.fr\/site\/2021\/07\/20\/bron-les-resultats-de-lundi-a-lopen-de-tennis-3\/#primaryimage"},"thumbnailUrl":"https:\/\/newsestlyonnais.fr\/site\/wp-content\/uploads\/2021\/07\/P1440604.jpg","keywords":["BRON","TC BRON","TENNIS"],"articleSection":["Bron","Tennis | Padel","Tennis | Tennis de table"],"inLanguage":"fr-FR","potentialAction":[{"@type":"CommentAction","name":"Comment","target":["https:\/\/newsestlyonnais.fr\/site\/2021\/07\/20\/bron-les-resultats-de-lundi-a-lopen-de-tennis-3\/#respond"]}]},{"@type":"WebPage","@id":"https:\/\/newsestlyonnais.fr\/site\/2021\/07\/20\/bron-les-resultats-de-lundi-a-lopen-de-tennis-3\/","url":"https:\/\/newsestlyonnais.fr\/site\/2021\/07\/20\/bron-les-resultats-de-lundi-a-lopen-de-tennis-3\/","name":"BRON | Les r\u00e9sultats de lundi \u00e0 l\u2019Open de tennis - News Est Lyonnais","isPartOf":{"@id":"https:\/\/newsestlyonnais.fr\/site\/#website"},"primaryImageOfPage":{"@id":"https:\/\/newsestlyonnais.fr\/site\/2021\/07\/20\/bron-les-resultats-de-lundi-a-lopen-de-tennis-3\/#primaryimage"},"image":{"@id":"https:\/\/newsestlyonnais.fr\/site\/2021\/07\/20\/bron-les-resultats-de-lundi-a-lopen-de-tennis-3\/#primaryimage"},"thumbnailUrl":"https:\/\/newsestlyonnais.fr\/site\/wp-content\/uploads\/2021\/07\/P1440604.jpg","datePublished":"2021-07-20T12:27:53+00:00","dateModified":"2021-07-22T12:08:04+00:00","description":"BRON | Les r\u00e9sultats de lundi \u00e0 l\u2019Open de tennis","breadcrumb":{"@id":"https:\/\/newsestlyonnais.fr\/site\/2021\/07\/20\/bron-les-resultats-de-lundi-a-lopen-de-tennis-3\/#breadcrumb"},"inLanguage":"fr-FR","potentialAction":[{"@type":"ReadAction","target":["https:\/\/newsestlyonnais.fr\/site\/2021\/07\/20\/bron-les-resultats-de-lundi-a-lopen-de-tennis-3\/"]}]},{"@type":"ImageObject","inLanguage":"fr-FR","@id":"https:\/\/newsestlyonnais.fr\/site\/2021\/07\/20\/bron-les-resultats-de-lundi-a-lopen-de-tennis-3\/#primaryimage","url":"https:\/\/newsestlyonnais.fr\/site\/wp-content\/uploads\/2021\/07\/P1440604.jpg","contentUrl":"https:\/\/newsestlyonnais.fr\/site\/wp-content\/uploads\/2021\/07\/P1440604.jpg","width":1200,"height":900},{"@type":"BreadcrumbList","@id":"https:\/\/newsestlyonnais.fr\/site\/2021\/07\/20\/bron-les-resultats-de-lundi-a-lopen-de-tennis-3\/#breadcrumb","itemListElement":[{"@type":"ListItem","position":1,"name":"Accueil","item":"https:\/\/newsestlyonnais.fr\/site\/"},{"@type":"ListItem","position":2,"name":"BRON | Les r\u00e9sultats de lundi \u00e0 l\u2019Open de tennis"}]},{"@type":"WebSite","@id":"https:\/\/newsestlyonnais.fr\/site\/#website","url":"https:\/\/newsestlyonnais.fr\/site\/","name":"News Est Lyonnais","description":"L&#039;actualit\u00e9 au plus pr\u00e8s","publisher":{"@id":"https:\/\/newsestlyonnais.fr\/site\/#organization"},"potentialAction":[{"@type":"SearchAction","target":{"@type":"EntryPoint","urlTemplate":"https:\/\/newsestlyonnais.fr\/site\/?s={search_term_string}"},"query-input":{"@type":"PropertyValueSpecification","valueRequired":true,"valueName":"search_term_string"}}],"inLanguage":"fr-FR"},{"@type":"Organization","@id":"https:\/\/newsestlyonnais.fr\/site\/#organization","name":"News EST LYONNAIS","url":"https:\/\/newsestlyonnais.fr\/site\/","logo":{"@type":"ImageObject","inLanguage":"fr-FR","@id":"https:\/\/newsestlyonnais.fr\/site\/#\/schema\/logo\/image\/","url":"","contentUrl":"","caption":"News EST LYONNAIS"},"image":{"@id":"https:\/\/newsestlyonnais.fr\/site\/#\/schema\/logo\/image\/"}},{"@type":"Person","@id":"https:\/\/newsestlyonnais.fr\/site\/#\/schema\/person\/3230d5615f390bb808365d673001e887","name":"R\u00e9dac. NEWS","sameAs":["http:\/\/www.newsestlyonnais.fr","https:\/\/www.facebook.com\/pascal.oberson.1?fref=ts","https:\/\/fr.linkedin.com\/in\/pascal-oberson-b17045113"],"url":"https:\/\/newsestlyonnais.fr\/site\/author\/nel\/"}]}},"_links":{"self":[{"href":"https:\/\/newsestlyonnais.fr\/site\/wp-json\/wp\/v2\/posts\/135148","targetHints":{"allow":["GET"]}}],"collection":[{"href":"https:\/\/newsestlyonnais.fr\/site\/wp-json\/wp\/v2\/posts"}],"about":[{"href":"https:\/\/newsestlyonnais.fr\/site\/wp-json\/wp\/v2\/types\/post"}],"author":[{"embeddable":true,"href":"https:\/\/newsestlyonnais.fr\/site\/wp-json\/wp\/v2\/users\/4"}],"replies":[{"embeddable":true,"href":"https:\/\/newsestlyonnais.fr\/site\/wp-json\/wp\/v2\/comments?post=135148"}],"version-history":[{"count":0,"href":"https:\/\/newsestlyonnais.fr\/site\/wp-json\/wp\/v2\/posts\/135148\/revisions"}],"wp:featuredmedia":[{"embeddable":true,"href":"https:\/\/newsestlyonnais.fr\/site\/wp-json\/wp\/v2\/media\/134190"}],"wp:attachment":[{"href":"https:\/\/newsestlyonnais.fr\/site\/wp-json\/wp\/v2\/media?parent=135148"}],"wp:term":[{"taxonomy":"category","embeddable":true,"href":"https:\/\/newsestlyonnais.fr\/site\/wp-json\/wp\/v2\/categories?post=135148"},{"taxonomy":"post_tag","embeddable":true,"href":"https:\/\/newsestlyonnais.fr\/site\/wp-json\/wp\/v2\/tags?post=135148"}],"curies":[{"name":"wp","href":"https:\/\/api.w.org\/{rel}","templated":true}]}}