{"id":135236,"date":"2021-07-20T15:04:35","date_gmt":"2021-07-20T14:04:35","guid":{"rendered":"https:\/\/newsestlyonnais.fr\/site\/?p=135236"},"modified":"2021-07-23T06:51:45","modified_gmt":"2021-07-23T05:51:45","slug":"meyzieu-windsurf-sacha-prigent-champion-de-france","status":"publish","type":"post","link":"https:\/\/newsestlyonnais.fr\/site\/2021\/07\/20\/meyzieu-windsurf-sacha-prigent-champion-de-france\/","title":{"rendered":"MEYZIEU | Windsurf\u00a0: Sacha Prigent champion de France"},"content":{"rendered":"<p><em>\u00ab\u00a0J\u2019\u00e9tais venu avec l\u2019objectif de faire au moins un podium, voire plus. Je le sentais bien\u00a0\u00bb,<\/em> affirme Sacha Prigent. Sourire en coin et regard p\u00e9tillant, le jeune coureur de <a href=\"https:\/\/www.windfoil-windsurf-meyzieu.fr\/page\/1250980-le-club\" target=\"_blank\" rel=\"noopener\">WWM<\/a>* poursuit d\u2019une voix pos\u00e9e : \u00ab <em>Pendant les premi\u00e8res manches d\u2019entrainement, j\u2019ai vu que j\u2019\u00e9tais dans les premiers. Je me suis dit que je pouvais atteindre l\u2019objectif sans trop de difficult\u00e9s. \u00bb <\/em>Et le 16\u00a0juillet \u00e0 Saint-Pierre-Quiberon (Morbihan, Bretagne), \u00e0 l\u2019issue de cinq jours de r\u00e9gate, il devient champion de France Minimes de planche \u00e0 voile en cat\u00e9gorie Bic 293.<\/p>\n<p><em>\u00ab\u00a0On a eu tous les types de vents, de z\u00e9ro \u00e0 23 n\u0153uds<\/em> (43\u00a0km\/h ndlr), d\u00e9taille-t-il. <em>Moi j\u2019aime bien naviguer dans le m\u00e9dium, autour de 15 n\u0153uds (un peu moins de 30\u00a0km\/h). Mais j\u2019ai tout fait pour rester le plus polyvalent possible, et j\u2019ai r\u00e9ussi \u00e0 terminer toutes mes manches dans le top 5.\u00a0\u00bb<\/em><\/p>\n<p><em>\u00ab\u00a0Je suis content de voir que les entrainements r\u00e9alis\u00e9s tout au long de l\u2019ann\u00e9e ont permis \u00e0 Sacha de rester comp\u00e9titif,<\/em> abonde L\u00e9o Perrachon, son entraineur. <em>En travaillant avec plusieurs coaches \u2014 14\u00a0heures par semaine \u2014, il a accumul\u00e9 les comp\u00e9tences et a pu aborder plusieurs approches de la performance.\u00a0\u00bb<\/em><\/p>\n<p><em>\u00ab\u00a0Une m\u00e9daille d\u2019or aux championnats de France, c\u2019est cinq jours de r\u00e9gate intense, mais aussi cinq ans de pr\u00e9paration,<\/em> souligne Myriam, sa maman. <em>Mais quelle fiert\u00e9 de le voir sur la premi\u00e8re marche du podium\u00a0!\u00a0\u00bb<\/em><\/p>\n<p><strong>Objectif P\u00f4le France<\/strong><\/p>\n<p>Cette ann\u00e9e, le coureur majolan n\u2019avait particip\u00e9 qu\u2019\u00e0 une seule r\u00e9gate, le championnat interr\u00e9gional de WindFoil de Serre-Pon\u00e7on (Hautes-Alpes)\u2026 Qu\u2019il avait fini premier de sa cat\u00e9gorie, la U15. \u00c0 la fin du mois d\u2019ao\u00fbt, il se pr\u00e9sentera au d\u00e9part du championnat de France Espoirs WindFoil de Leucate (Aude). L\u2019objectif sera toutefois plus modeste. <em>\u00ab\u00a0Je serai surclass\u00e9 en Espoirs et je courrai avec des coureurs dont certains seront plus \u00e2g\u00e9s que moi. Je veux juste me placer dans la premi\u00e8re moiti\u00e9 du classement, et surtout me faire plaisir.\u00a0\u00bb<\/em><\/p>\n<p>\u00c0 la rentr\u00e9e, Sacha larguera les amarres pour le P\u00f4le Espoirs de Carnon, dans l\u2019H\u00e9rault. Il s\u2019entrainera avec les meilleurs, tout en poursuivant ses \u00e9tudes \u2014 il rentrera en troisi\u00e8me. Objectif ? <em>\u00ab Faire les championnats du monde et aller chercher de bonnes places. Puis continuer en P\u00f4le espoir avant de d\u2019int\u00e9grer le P\u00f4le France. Apr\u00e8s on verra : Jeux olympiques, <a href=\"https:\/\/www.pwaworldtour.com\" target=\"_blank\" rel=\"noopener\">PWA<\/a>, etc. \u00bb.<\/em><\/p>\n<p>C\u2019est que, du haut de ses 14 ans, Sacha envisage d\u00e9j\u00e0 sa carri\u00e8re professionnelle. <em>\u00ab\u00a0Apr\u00e8s des \u00e9tudes en <a href=\"https:\/\/ufr-staps.univ-lyon1.fr\/\" target=\"_blank\" rel=\"noopener\">STAPS<\/a>, je veux devenir coach en P\u00f4le France pour transmettre ce qu\u2019on m\u2019a transmis.\u00a0\u00bb<\/em> En attendant, il s\u2019entraine au Grand large, toujours avec WWM,<em> \u00ab\u00a0d\u00e8s qu\u2019il y a un peu d\u2019air \u00bb<\/em>.<\/p>\n<p>Le mot de la fin\u00a0? <em>\u00ab\u00a0Merci \u00e0 mes parents\u00a0\u00bb<\/em>, glisse-t-il.<\/p>\n<hr \/>\n<p>(*) WWM est labelis\u00e9e centre de formation de la <a href=\"https:\/\/www.voile-auvergne-rhone-alpes.fr\/\" target=\"_blank\" rel=\"noopener\">Ligue de voile AURA<\/a>.<\/p>\n<hr \/>\n<div id='gallery-1' class='gallery galleryid-135236 gallery-columns-3 gallery-size-large'><figure class='gallery-item'>\n\t\t\t<div class='gallery-icon landscape'>\n\t\t\t\t<a href='https:\/\/newsestlyonnais.fr\/site\/2021\/07\/20\/meyzieu-windsurf-sacha-prigent-champion-de-france\/1-2\/'><img loading=\"lazy\" decoding=\"async\" width=\"640\" height=\"427\" src=\"https:\/\/newsestlyonnais.fr\/site\/wp-content\/uploads\/2021\/07\/1-650x434.jpg\" class=\"attachment-large size-large\" alt=\"\" srcset=\"https:\/\/newsestlyonnais.fr\/site\/wp-content\/uploads\/2021\/07\/1-650x434.jpg 650w, https:\/\/newsestlyonnais.fr\/site\/wp-content\/uploads\/2021\/07\/1-400x267.jpg 400w, https:\/\/newsestlyonnais.fr\/site\/wp-content\/uploads\/2021\/07\/1-250x167.jpg 250w, https:\/\/newsestlyonnais.fr\/site\/wp-content\/uploads\/2021\/07\/1-768x513.jpg 768w, https:\/\/newsestlyonnais.fr\/site\/wp-content\/uploads\/2021\/07\/1-150x100.jpg 150w, https:\/\/newsestlyonnais.fr\/site\/wp-content\/uploads\/2021\/07\/1-50x33.jpg 50w, https:\/\/newsestlyonnais.fr\/site\/wp-content\/uploads\/2021\/07\/1-100x67.jpg 100w, https:\/\/newsestlyonnais.fr\/site\/wp-content\/uploads\/2021\/07\/1-200x134.jpg 200w, https:\/\/newsestlyonnais.fr\/site\/wp-content\/uploads\/2021\/07\/1-300x200.jpg 300w, https:\/\/newsestlyonnais.fr\/site\/wp-content\/uploads\/2021\/07\/1-350x234.jpg 350w, https:\/\/newsestlyonnais.fr\/site\/wp-content\/uploads\/2021\/07\/1-450x301.jpg 450w, https:\/\/newsestlyonnais.fr\/site\/wp-content\/uploads\/2021\/07\/1-500x334.jpg 500w, https:\/\/newsestlyonnais.fr\/site\/wp-content\/uploads\/2021\/07\/1-550x367.jpg 550w, https:\/\/newsestlyonnais.fr\/site\/wp-content\/uploads\/2021\/07\/1-800x534.jpg 800w, https:\/\/newsestlyonnais.fr\/site\/wp-content\/uploads\/2021\/07\/1-1200x802.jpg 1200w, https:\/\/newsestlyonnais.fr\/site\/wp-content\/uploads\/2021\/07\/1-1320x882.jpg 1320w, https:\/\/newsestlyonnais.fr\/site\/wp-content\/uploads\/2021\/07\/1.jpg 1500w\" sizes=\"auto, (max-width: 640px) 100vw, 640px\" \/><\/a>\n\t\t\t<\/div><\/figure><figure class='gallery-item'>\n\t\t\t<div class='gallery-icon landscape'>\n\t\t\t\t<a href='https:\/\/newsestlyonnais.fr\/site\/2021\/07\/20\/meyzieu-windsurf-sacha-prigent-champion-de-france\/2-2\/'><img loading=\"lazy\" decoding=\"async\" width=\"640\" height=\"425\" src=\"https:\/\/newsestlyonnais.fr\/site\/wp-content\/uploads\/2021\/07\/2-650x432.jpg\" class=\"attachment-large size-large\" alt=\"\" srcset=\"https:\/\/newsestlyonnais.fr\/site\/wp-content\/uploads\/2021\/07\/2-650x432.jpg 650w, https:\/\/newsestlyonnais.fr\/site\/wp-content\/uploads\/2021\/07\/2-400x266.jpg 400w, https:\/\/newsestlyonnais.fr\/site\/wp-content\/uploads\/2021\/07\/2-250x166.jpg 250w, https:\/\/newsestlyonnais.fr\/site\/wp-content\/uploads\/2021\/07\/2-768x511.jpg 768w, https:\/\/newsestlyonnais.fr\/site\/wp-content\/uploads\/2021\/07\/2-150x100.jpg 150w, https:\/\/newsestlyonnais.fr\/site\/wp-content\/uploads\/2021\/07\/2-50x33.jpg 50w, https:\/\/newsestlyonnais.fr\/site\/wp-content\/uploads\/2021\/07\/2-100x67.jpg 100w, https:\/\/newsestlyonnais.fr\/site\/wp-content\/uploads\/2021\/07\/2-200x133.jpg 200w, https:\/\/newsestlyonnais.fr\/site\/wp-content\/uploads\/2021\/07\/2-300x200.jpg 300w, https:\/\/newsestlyonnais.fr\/site\/wp-content\/uploads\/2021\/07\/2-350x233.jpg 350w, https:\/\/newsestlyonnais.fr\/site\/wp-content\/uploads\/2021\/07\/2-450x299.jpg 450w, https:\/\/newsestlyonnais.fr\/site\/wp-content\/uploads\/2021\/07\/2-500x333.jpg 500w, https:\/\/newsestlyonnais.fr\/site\/wp-content\/uploads\/2021\/07\/2-550x366.jpg 550w, https:\/\/newsestlyonnais.fr\/site\/wp-content\/uploads\/2021\/07\/2-800x532.jpg 800w, https:\/\/newsestlyonnais.fr\/site\/wp-content\/uploads\/2021\/07\/2-1200x798.jpg 1200w, https:\/\/newsestlyonnais.fr\/site\/wp-content\/uploads\/2021\/07\/2-1320x878.jpg 1320w, https:\/\/newsestlyonnais.fr\/site\/wp-content\/uploads\/2021\/07\/2.jpg 1500w\" sizes=\"auto, (max-width: 640px) 100vw, 640px\" \/><\/a>\n\t\t\t<\/div><\/figure><figure class='gallery-item'>\n\t\t\t<div class='gallery-icon landscape'>\n\t\t\t\t<a href='https:\/\/newsestlyonnais.fr\/site\/2021\/07\/20\/meyzieu-windsurf-sacha-prigent-champion-de-france\/attachment\/3\/'><img loading=\"lazy\" decoding=\"async\" width=\"640\" height=\"426\" src=\"https:\/\/newsestlyonnais.fr\/site\/wp-content\/uploads\/2021\/07\/3-650x433.jpg\" class=\"attachment-large size-large\" alt=\"\" srcset=\"https:\/\/newsestlyonnais.fr\/site\/wp-content\/uploads\/2021\/07\/3-650x433.jpg 650w, https:\/\/newsestlyonnais.fr\/site\/wp-content\/uploads\/2021\/07\/3-400x267.jpg 400w, https:\/\/newsestlyonnais.fr\/site\/wp-content\/uploads\/2021\/07\/3-250x167.jpg 250w, https:\/\/newsestlyonnais.fr\/site\/wp-content\/uploads\/2021\/07\/3-768x512.jpg 768w, https:\/\/newsestlyonnais.fr\/site\/wp-content\/uploads\/2021\/07\/3-150x100.jpg 150w, https:\/\/newsestlyonnais.fr\/site\/wp-content\/uploads\/2021\/07\/3-50x33.jpg 50w, https:\/\/newsestlyonnais.fr\/site\/wp-content\/uploads\/2021\/07\/3-100x67.jpg 100w, https:\/\/newsestlyonnais.fr\/site\/wp-content\/uploads\/2021\/07\/3-200x133.jpg 200w, https:\/\/newsestlyonnais.fr\/site\/wp-content\/uploads\/2021\/07\/3-300x200.jpg 300w, https:\/\/newsestlyonnais.fr\/site\/wp-content\/uploads\/2021\/07\/3-350x233.jpg 350w, https:\/\/newsestlyonnais.fr\/site\/wp-content\/uploads\/2021\/07\/3-450x300.jpg 450w, https:\/\/newsestlyonnais.fr\/site\/wp-content\/uploads\/2021\/07\/3-500x333.jpg 500w, https:\/\/newsestlyonnais.fr\/site\/wp-content\/uploads\/2021\/07\/3-550x367.jpg 550w, https:\/\/newsestlyonnais.fr\/site\/wp-content\/uploads\/2021\/07\/3-800x533.jpg 800w, https:\/\/newsestlyonnais.fr\/site\/wp-content\/uploads\/2021\/07\/3-1200x800.jpg 1200w, https:\/\/newsestlyonnais.fr\/site\/wp-content\/uploads\/2021\/07\/3-1320x880.jpg 1320w, https:\/\/newsestlyonnais.fr\/site\/wp-content\/uploads\/2021\/07\/3.jpg 1500w\" sizes=\"auto, (max-width: 640px) 100vw, 640px\" \/><\/a>\n\t\t\t<\/div><\/figure><figure class='gallery-item'>\n\t\t\t<div class='gallery-icon landscape'>\n\t\t\t\t<a href='https:\/\/newsestlyonnais.fr\/site\/2021\/07\/20\/meyzieu-windsurf-sacha-prigent-champion-de-france\/attachment\/4\/'><img loading=\"lazy\" decoding=\"async\" width=\"640\" height=\"421\" src=\"https:\/\/newsestlyonnais.fr\/site\/wp-content\/uploads\/2021\/07\/4-650x428.jpg\" class=\"attachment-large size-large\" alt=\"\" srcset=\"https:\/\/newsestlyonnais.fr\/site\/wp-content\/uploads\/2021\/07\/4-650x428.jpg 650w, https:\/\/newsestlyonnais.fr\/site\/wp-content\/uploads\/2021\/07\/4-400x263.jpg 400w, https:\/\/newsestlyonnais.fr\/site\/wp-content\/uploads\/2021\/07\/4-250x165.jpg 250w, https:\/\/newsestlyonnais.fr\/site\/wp-content\/uploads\/2021\/07\/4-768x505.jpg 768w, https:\/\/newsestlyonnais.fr\/site\/wp-content\/uploads\/2021\/07\/4-150x99.jpg 150w, https:\/\/newsestlyonnais.fr\/site\/wp-content\/uploads\/2021\/07\/4-50x33.jpg 50w, https:\/\/newsestlyonnais.fr\/site\/wp-content\/uploads\/2021\/07\/4-100x66.jpg 100w, https:\/\/newsestlyonnais.fr\/site\/wp-content\/uploads\/2021\/07\/4-200x132.jpg 200w, https:\/\/newsestlyonnais.fr\/site\/wp-content\/uploads\/2021\/07\/4-300x197.jpg 300w, https:\/\/newsestlyonnais.fr\/site\/wp-content\/uploads\/2021\/07\/4-350x230.jpg 350w, https:\/\/newsestlyonnais.fr\/site\/wp-content\/uploads\/2021\/07\/4-450x296.jpg 450w, https:\/\/newsestlyonnais.fr\/site\/wp-content\/uploads\/2021\/07\/4-500x329.jpg 500w, https:\/\/newsestlyonnais.fr\/site\/wp-content\/uploads\/2021\/07\/4-550x362.jpg 550w, https:\/\/newsestlyonnais.fr\/site\/wp-content\/uploads\/2021\/07\/4-800x526.jpg 800w, https:\/\/newsestlyonnais.fr\/site\/wp-content\/uploads\/2021\/07\/4-1200x790.jpg 1200w, https:\/\/newsestlyonnais.fr\/site\/wp-content\/uploads\/2021\/07\/4-1320x869.jpg 1320w, https:\/\/newsestlyonnais.fr\/site\/wp-content\/uploads\/2021\/07\/4.jpg 1500w\" sizes=\"auto, (max-width: 640px) 100vw, 640px\" \/><\/a>\n\t\t\t<\/div><\/figure><figure class='gallery-item'>\n\t\t\t<div class='gallery-icon landscape'>\n\t\t\t\t<a href='https:\/\/newsestlyonnais.fr\/site\/2021\/07\/20\/meyzieu-windsurf-sacha-prigent-champion-de-france\/attachment\/5\/'><img loading=\"lazy\" decoding=\"async\" width=\"640\" height=\"426\" src=\"https:\/\/newsestlyonnais.fr\/site\/wp-content\/uploads\/2021\/07\/5-650x433.jpg\" class=\"attachment-large size-large\" alt=\"\" srcset=\"https:\/\/newsestlyonnais.fr\/site\/wp-content\/uploads\/2021\/07\/5-650x433.jpg 650w, https:\/\/newsestlyonnais.fr\/site\/wp-content\/uploads\/2021\/07\/5-400x267.jpg 400w, https:\/\/newsestlyonnais.fr\/site\/wp-content\/uploads\/2021\/07\/5-250x167.jpg 250w, https:\/\/newsestlyonnais.fr\/site\/wp-content\/uploads\/2021\/07\/5-768x512.jpg 768w, https:\/\/newsestlyonnais.fr\/site\/wp-content\/uploads\/2021\/07\/5-150x100.jpg 150w, https:\/\/newsestlyonnais.fr\/site\/wp-content\/uploads\/2021\/07\/5-50x33.jpg 50w, https:\/\/newsestlyonnais.fr\/site\/wp-content\/uploads\/2021\/07\/5-100x67.jpg 100w, https:\/\/newsestlyonnais.fr\/site\/wp-content\/uploads\/2021\/07\/5-200x133.jpg 200w, https:\/\/newsestlyonnais.fr\/site\/wp-content\/uploads\/2021\/07\/5-300x200.jpg 300w, https:\/\/newsestlyonnais.fr\/site\/wp-content\/uploads\/2021\/07\/5-350x233.jpg 350w, https:\/\/newsestlyonnais.fr\/site\/wp-content\/uploads\/2021\/07\/5-450x300.jpg 450w, https:\/\/newsestlyonnais.fr\/site\/wp-content\/uploads\/2021\/07\/5-500x333.jpg 500w, https:\/\/newsestlyonnais.fr\/site\/wp-content\/uploads\/2021\/07\/5-550x367.jpg 550w, https:\/\/newsestlyonnais.fr\/site\/wp-content\/uploads\/2021\/07\/5-800x533.jpg 800w, https:\/\/newsestlyonnais.fr\/site\/wp-content\/uploads\/2021\/07\/5-1200x800.jpg 1200w, https:\/\/newsestlyonnais.fr\/site\/wp-content\/uploads\/2021\/07\/5-1320x880.jpg 1320w, https:\/\/newsestlyonnais.fr\/site\/wp-content\/uploads\/2021\/07\/5.jpg 1500w\" sizes=\"auto, (max-width: 640px) 100vw, 640px\" \/><\/a>\n\t\t\t<\/div><\/figure>\n\t\t<\/div>\n\n","protected":false},"excerpt":{"rendered":"<p>Le 16 juillet, Sacha Prigent est devenu champion de France Minimes en planche \u00e0 voile dans la cat\u00e9gorie Bic 293. Un titre amplement m\u00e9rit\u00e9, qui r\u00e9compense des ann\u00e9es de pratique assidue au sein de Windfoil Windsurf Meyzieu (WWM).<\/p>\n","protected":false},"author":9,"featured_media":135242,"comment_status":"open","ping_status":"open","sticky":false,"template":"","format":"standard","meta":{"footnotes":""},"categories":[2973,24,2,1349],"tags":[2081,2880,3843,3842,3844,2879,3845],"class_list":["post-135236","post","type-post","status-publish","format-standard","has-post-thumbnail","hentry","category-aviron-kayak-voile-sports","category-meyzieu","category-sports","category-voile","tag-meyzieu","tag-planche-a-voile","tag-sacha-prigent","tag-windfoil","tag-windfoil-windsurf-meyzieu","tag-windsurf","tag-wwm"],"yoast_head":"<!-- This site is optimized with the Yoast SEO plugin v27.2 - https:\/\/yoast.com\/product\/yoast-seo-wordpress\/ -->\n<title>MEYZIEU | Windsurf\u00a0: Sacha Prigent champion de France - News Est Lyonnais<\/title>\n<meta name=\"description\" content=\"MEYZIEU | Windsurf : Sacha Prigent champion de France\" \/>\n<meta name=\"robots\" content=\"index, follow, max-snippet:-1, max-image-preview:large, max-video-preview:-1\" \/>\n<link rel=\"canonical\" href=\"https:\/\/newsestlyonnais.fr\/site\/2021\/07\/20\/meyzieu-windsurf-sacha-prigent-champion-de-france\/\" \/>\n<meta property=\"og:locale\" content=\"fr_FR\" \/>\n<meta property=\"og:type\" content=\"article\" \/>\n<meta property=\"og:title\" content=\"MEYZIEU | Windsurf\u00a0: Sacha Prigent champion de France - News Est Lyonnais\" \/>\n<meta property=\"og:description\" content=\"MEYZIEU | Windsurf : Sacha Prigent champion de France\" \/>\n<meta property=\"og:url\" content=\"https:\/\/newsestlyonnais.fr\/site\/2021\/07\/20\/meyzieu-windsurf-sacha-prigent-champion-de-france\/\" \/>\n<meta property=\"og:site_name\" content=\"News Est Lyonnais\" \/>\n<meta property=\"article:published_time\" content=\"2021-07-20T14:04:35+00:00\" \/>\n<meta property=\"article:modified_time\" content=\"2021-07-23T05:51:45+00:00\" \/>\n<meta property=\"og:image\" content=\"https:\/\/i0.wp.com\/newsestlyonnais.fr\/site\/wp-content\/uploads\/2021\/07\/1.jpg?fit=1500%2C1002&ssl=1\" \/>\n\t<meta property=\"og:image:width\" content=\"1500\" \/>\n\t<meta property=\"og:image:height\" content=\"1002\" \/>\n\t<meta property=\"og:image:type\" content=\"image\/jpeg\" \/>\n<meta name=\"author\" content=\"Fran\u00e7ois Merlin\" \/>\n<meta name=\"twitter:card\" content=\"summary_large_image\" \/>\n<meta name=\"twitter:label1\" content=\"\u00c9crit par\" \/>\n\t<meta name=\"twitter:data1\" content=\"Fran\u00e7ois Merlin\" \/>\n\t<meta name=\"twitter:label2\" content=\"Dur\u00e9e de lecture estim\u00e9e\" \/>\n\t<meta name=\"twitter:data2\" content=\"2 minutes\" \/>\n<script type=\"application\/ld+json\" class=\"yoast-schema-graph\">{\"@context\":\"https:\/\/schema.org\",\"@graph\":[{\"@type\":\"Article\",\"@id\":\"https:\/\/newsestlyonnais.fr\/site\/2021\/07\/20\/meyzieu-windsurf-sacha-prigent-champion-de-france\/#article\",\"isPartOf\":{\"@id\":\"https:\/\/newsestlyonnais.fr\/site\/2021\/07\/20\/meyzieu-windsurf-sacha-prigent-champion-de-france\/\"},\"author\":{\"name\":\"Fran\u00e7ois Merlin\",\"@id\":\"https:\/\/newsestlyonnais.fr\/site\/#\/schema\/person\/b90ee44cab4c0c00359d319572ed71f9\"},\"headline\":\"MEYZIEU | Windsurf\u00a0: Sacha Prigent champion de France\",\"datePublished\":\"2021-07-20T14:04:35+00:00\",\"dateModified\":\"2021-07-23T05:51:45+00:00\",\"mainEntityOfPage\":{\"@id\":\"https:\/\/newsestlyonnais.fr\/site\/2021\/07\/20\/meyzieu-windsurf-sacha-prigent-champion-de-france\/\"},\"wordCount\":519,\"commentCount\":0,\"publisher\":{\"@id\":\"https:\/\/newsestlyonnais.fr\/site\/#organization\"},\"image\":{\"@id\":\"https:\/\/newsestlyonnais.fr\/site\/2021\/07\/20\/meyzieu-windsurf-sacha-prigent-champion-de-france\/#primaryimage\"},\"thumbnailUrl\":\"https:\/\/newsestlyonnais.fr\/site\/wp-content\/uploads\/2021\/07\/1.jpg\",\"keywords\":[\"MEYZIEU\",\"planche \u00e0 voile\",\"Sacha Prigent\",\"windfoil\",\"Windfoil Windsurf Meyzieu\",\"windsurf\",\"WWM\"],\"articleSection\":[\"Aviron | Kayak | Voile\",\"Meyzieu\",\"Sports\",\"Voile\"],\"inLanguage\":\"fr-FR\",\"potentialAction\":[{\"@type\":\"CommentAction\",\"name\":\"Comment\",\"target\":[\"https:\/\/newsestlyonnais.fr\/site\/2021\/07\/20\/meyzieu-windsurf-sacha-prigent-champion-de-france\/#respond\"]}]},{\"@type\":\"WebPage\",\"@id\":\"https:\/\/newsestlyonnais.fr\/site\/2021\/07\/20\/meyzieu-windsurf-sacha-prigent-champion-de-france\/\",\"url\":\"https:\/\/newsestlyonnais.fr\/site\/2021\/07\/20\/meyzieu-windsurf-sacha-prigent-champion-de-france\/\",\"name\":\"MEYZIEU | Windsurf\u00a0: Sacha Prigent champion de France - News Est Lyonnais\",\"isPartOf\":{\"@id\":\"https:\/\/newsestlyonnais.fr\/site\/#website\"},\"primaryImageOfPage\":{\"@id\":\"https:\/\/newsestlyonnais.fr\/site\/2021\/07\/20\/meyzieu-windsurf-sacha-prigent-champion-de-france\/#primaryimage\"},\"image\":{\"@id\":\"https:\/\/newsestlyonnais.fr\/site\/2021\/07\/20\/meyzieu-windsurf-sacha-prigent-champion-de-france\/#primaryimage\"},\"thumbnailUrl\":\"https:\/\/newsestlyonnais.fr\/site\/wp-content\/uploads\/2021\/07\/1.jpg\",\"datePublished\":\"2021-07-20T14:04:35+00:00\",\"dateModified\":\"2021-07-23T05:51:45+00:00\",\"description\":\"MEYZIEU | Windsurf : Sacha Prigent champion de France\",\"breadcrumb\":{\"@id\":\"https:\/\/newsestlyonnais.fr\/site\/2021\/07\/20\/meyzieu-windsurf-sacha-prigent-champion-de-france\/#breadcrumb\"},\"inLanguage\":\"fr-FR\",\"potentialAction\":[{\"@type\":\"ReadAction\",\"target\":[\"https:\/\/newsestlyonnais.fr\/site\/2021\/07\/20\/meyzieu-windsurf-sacha-prigent-champion-de-france\/\"]}]},{\"@type\":\"ImageObject\",\"inLanguage\":\"fr-FR\",\"@id\":\"https:\/\/newsestlyonnais.fr\/site\/2021\/07\/20\/meyzieu-windsurf-sacha-prigent-champion-de-france\/#primaryimage\",\"url\":\"https:\/\/newsestlyonnais.fr\/site\/wp-content\/uploads\/2021\/07\/1.jpg\",\"contentUrl\":\"https:\/\/newsestlyonnais.fr\/site\/wp-content\/uploads\/2021\/07\/1.jpg\",\"width\":1500,\"height\":1002},{\"@type\":\"BreadcrumbList\",\"@id\":\"https:\/\/newsestlyonnais.fr\/site\/2021\/07\/20\/meyzieu-windsurf-sacha-prigent-champion-de-france\/#breadcrumb\",\"itemListElement\":[{\"@type\":\"ListItem\",\"position\":1,\"name\":\"Accueil\",\"item\":\"https:\/\/newsestlyonnais.fr\/site\/\"},{\"@type\":\"ListItem\",\"position\":2,\"name\":\"MEYZIEU | Windsurf\u00a0: Sacha Prigent champion de France\"}]},{\"@type\":\"WebSite\",\"@id\":\"https:\/\/newsestlyonnais.fr\/site\/#website\",\"url\":\"https:\/\/newsestlyonnais.fr\/site\/\",\"name\":\"News Est Lyonnais\",\"description\":\"L&#039;actualit\u00e9 au plus pr\u00e8s\",\"publisher\":{\"@id\":\"https:\/\/newsestlyonnais.fr\/site\/#organization\"},\"potentialAction\":[{\"@type\":\"SearchAction\",\"target\":{\"@type\":\"EntryPoint\",\"urlTemplate\":\"https:\/\/newsestlyonnais.fr\/site\/?s={search_term_string}\"},\"query-input\":{\"@type\":\"PropertyValueSpecification\",\"valueRequired\":true,\"valueName\":\"search_term_string\"}}],\"inLanguage\":\"fr-FR\"},{\"@type\":\"Organization\",\"@id\":\"https:\/\/newsestlyonnais.fr\/site\/#organization\",\"name\":\"News EST LYONNAIS\",\"url\":\"https:\/\/newsestlyonnais.fr\/site\/\",\"logo\":{\"@type\":\"ImageObject\",\"inLanguage\":\"fr-FR\",\"@id\":\"https:\/\/newsestlyonnais.fr\/site\/#\/schema\/logo\/image\/\",\"url\":\"\",\"contentUrl\":\"\",\"caption\":\"News EST LYONNAIS\"},\"image\":{\"@id\":\"https:\/\/newsestlyonnais.fr\/site\/#\/schema\/logo\/image\/\"}},{\"@type\":\"Person\",\"@id\":\"https:\/\/newsestlyonnais.fr\/site\/#\/schema\/person\/b90ee44cab4c0c00359d319572ed71f9\",\"name\":\"Fran\u00e7ois Merlin\",\"url\":\"https:\/\/newsestlyonnais.fr\/site\/author\/francois-merlin\/\"}]}<\/script>\n<!-- \/ Yoast SEO plugin. -->","yoast_head_json":{"title":"MEYZIEU | Windsurf\u00a0: Sacha Prigent champion de France - News Est Lyonnais","description":"MEYZIEU | Windsurf : Sacha Prigent champion de France","robots":{"index":"index","follow":"follow","max-snippet":"max-snippet:-1","max-image-preview":"max-image-preview:large","max-video-preview":"max-video-preview:-1"},"canonical":"https:\/\/newsestlyonnais.fr\/site\/2021\/07\/20\/meyzieu-windsurf-sacha-prigent-champion-de-france\/","og_locale":"fr_FR","og_type":"article","og_title":"MEYZIEU | Windsurf\u00a0: Sacha Prigent champion de France - News Est Lyonnais","og_description":"MEYZIEU | Windsurf : Sacha Prigent champion de France","og_url":"https:\/\/newsestlyonnais.fr\/site\/2021\/07\/20\/meyzieu-windsurf-sacha-prigent-champion-de-france\/","og_site_name":"News Est Lyonnais","article_published_time":"2021-07-20T14:04:35+00:00","article_modified_time":"2021-07-23T05:51:45+00:00","og_image":[{"width":1500,"height":1002,"url":"https:\/\/i0.wp.com\/newsestlyonnais.fr\/site\/wp-content\/uploads\/2021\/07\/1.jpg?fit=1500%2C1002&ssl=1","type":"image\/jpeg"}],"author":"Fran\u00e7ois Merlin","twitter_card":"summary_large_image","twitter_misc":{"\u00c9crit par":"Fran\u00e7ois Merlin","Dur\u00e9e de lecture estim\u00e9e":"2 minutes"},"schema":{"@context":"https:\/\/schema.org","@graph":[{"@type":"Article","@id":"https:\/\/newsestlyonnais.fr\/site\/2021\/07\/20\/meyzieu-windsurf-sacha-prigent-champion-de-france\/#article","isPartOf":{"@id":"https:\/\/newsestlyonnais.fr\/site\/2021\/07\/20\/meyzieu-windsurf-sacha-prigent-champion-de-france\/"},"author":{"name":"Fran\u00e7ois Merlin","@id":"https:\/\/newsestlyonnais.fr\/site\/#\/schema\/person\/b90ee44cab4c0c00359d319572ed71f9"},"headline":"MEYZIEU | Windsurf\u00a0: Sacha Prigent champion de France","datePublished":"2021-07-20T14:04:35+00:00","dateModified":"2021-07-23T05:51:45+00:00","mainEntityOfPage":{"@id":"https:\/\/newsestlyonnais.fr\/site\/2021\/07\/20\/meyzieu-windsurf-sacha-prigent-champion-de-france\/"},"wordCount":519,"commentCount":0,"publisher":{"@id":"https:\/\/newsestlyonnais.fr\/site\/#organization"},"image":{"@id":"https:\/\/newsestlyonnais.fr\/site\/2021\/07\/20\/meyzieu-windsurf-sacha-prigent-champion-de-france\/#primaryimage"},"thumbnailUrl":"https:\/\/newsestlyonnais.fr\/site\/wp-content\/uploads\/2021\/07\/1.jpg","keywords":["MEYZIEU","planche \u00e0 voile","Sacha Prigent","windfoil","Windfoil Windsurf Meyzieu","windsurf","WWM"],"articleSection":["Aviron | Kayak | Voile","Meyzieu","Sports","Voile"],"inLanguage":"fr-FR","potentialAction":[{"@type":"CommentAction","name":"Comment","target":["https:\/\/newsestlyonnais.fr\/site\/2021\/07\/20\/meyzieu-windsurf-sacha-prigent-champion-de-france\/#respond"]}]},{"@type":"WebPage","@id":"https:\/\/newsestlyonnais.fr\/site\/2021\/07\/20\/meyzieu-windsurf-sacha-prigent-champion-de-france\/","url":"https:\/\/newsestlyonnais.fr\/site\/2021\/07\/20\/meyzieu-windsurf-sacha-prigent-champion-de-france\/","name":"MEYZIEU | Windsurf\u00a0: Sacha Prigent champion de France - News Est Lyonnais","isPartOf":{"@id":"https:\/\/newsestlyonnais.fr\/site\/#website"},"primaryImageOfPage":{"@id":"https:\/\/newsestlyonnais.fr\/site\/2021\/07\/20\/meyzieu-windsurf-sacha-prigent-champion-de-france\/#primaryimage"},"image":{"@id":"https:\/\/newsestlyonnais.fr\/site\/2021\/07\/20\/meyzieu-windsurf-sacha-prigent-champion-de-france\/#primaryimage"},"thumbnailUrl":"https:\/\/newsestlyonnais.fr\/site\/wp-content\/uploads\/2021\/07\/1.jpg","datePublished":"2021-07-20T14:04:35+00:00","dateModified":"2021-07-23T05:51:45+00:00","description":"MEYZIEU | Windsurf : Sacha Prigent champion de France","breadcrumb":{"@id":"https:\/\/newsestlyonnais.fr\/site\/2021\/07\/20\/meyzieu-windsurf-sacha-prigent-champion-de-france\/#breadcrumb"},"inLanguage":"fr-FR","potentialAction":[{"@type":"ReadAction","target":["https:\/\/newsestlyonnais.fr\/site\/2021\/07\/20\/meyzieu-windsurf-sacha-prigent-champion-de-france\/"]}]},{"@type":"ImageObject","inLanguage":"fr-FR","@id":"https:\/\/newsestlyonnais.fr\/site\/2021\/07\/20\/meyzieu-windsurf-sacha-prigent-champion-de-france\/#primaryimage","url":"https:\/\/newsestlyonnais.fr\/site\/wp-content\/uploads\/2021\/07\/1.jpg","contentUrl":"https:\/\/newsestlyonnais.fr\/site\/wp-content\/uploads\/2021\/07\/1.jpg","width":1500,"height":1002},{"@type":"BreadcrumbList","@id":"https:\/\/newsestlyonnais.fr\/site\/2021\/07\/20\/meyzieu-windsurf-sacha-prigent-champion-de-france\/#breadcrumb","itemListElement":[{"@type":"ListItem","position":1,"name":"Accueil","item":"https:\/\/newsestlyonnais.fr\/site\/"},{"@type":"ListItem","position":2,"name":"MEYZIEU | Windsurf\u00a0: Sacha Prigent champion de France"}]},{"@type":"WebSite","@id":"https:\/\/newsestlyonnais.fr\/site\/#website","url":"https:\/\/newsestlyonnais.fr\/site\/","name":"News Est Lyonnais","description":"L&#039;actualit\u00e9 au plus pr\u00e8s","publisher":{"@id":"https:\/\/newsestlyonnais.fr\/site\/#organization"},"potentialAction":[{"@type":"SearchAction","target":{"@type":"EntryPoint","urlTemplate":"https:\/\/newsestlyonnais.fr\/site\/?s={search_term_string}"},"query-input":{"@type":"PropertyValueSpecification","valueRequired":true,"valueName":"search_term_string"}}],"inLanguage":"fr-FR"},{"@type":"Organization","@id":"https:\/\/newsestlyonnais.fr\/site\/#organization","name":"News EST LYONNAIS","url":"https:\/\/newsestlyonnais.fr\/site\/","logo":{"@type":"ImageObject","inLanguage":"fr-FR","@id":"https:\/\/newsestlyonnais.fr\/site\/#\/schema\/logo\/image\/","url":"","contentUrl":"","caption":"News EST LYONNAIS"},"image":{"@id":"https:\/\/newsestlyonnais.fr\/site\/#\/schema\/logo\/image\/"}},{"@type":"Person","@id":"https:\/\/newsestlyonnais.fr\/site\/#\/schema\/person\/b90ee44cab4c0c00359d319572ed71f9","name":"Fran\u00e7ois Merlin","url":"https:\/\/newsestlyonnais.fr\/site\/author\/francois-merlin\/"}]}},"_links":{"self":[{"href":"https:\/\/newsestlyonnais.fr\/site\/wp-json\/wp\/v2\/posts\/135236","targetHints":{"allow":["GET"]}}],"collection":[{"href":"https:\/\/newsestlyonnais.fr\/site\/wp-json\/wp\/v2\/posts"}],"about":[{"href":"https:\/\/newsestlyonnais.fr\/site\/wp-json\/wp\/v2\/types\/post"}],"author":[{"embeddable":true,"href":"https:\/\/newsestlyonnais.fr\/site\/wp-json\/wp\/v2\/users\/9"}],"replies":[{"embeddable":true,"href":"https:\/\/newsestlyonnais.fr\/site\/wp-json\/wp\/v2\/comments?post=135236"}],"version-history":[{"count":0,"href":"https:\/\/newsestlyonnais.fr\/site\/wp-json\/wp\/v2\/posts\/135236\/revisions"}],"wp:featuredmedia":[{"embeddable":true,"href":"https:\/\/newsestlyonnais.fr\/site\/wp-json\/wp\/v2\/media\/135242"}],"wp:attachment":[{"href":"https:\/\/newsestlyonnais.fr\/site\/wp-json\/wp\/v2\/media?parent=135236"}],"wp:term":[{"taxonomy":"category","embeddable":true,"href":"https:\/\/newsestlyonnais.fr\/site\/wp-json\/wp\/v2\/categories?post=135236"},{"taxonomy":"post_tag","embeddable":true,"href":"https:\/\/newsestlyonnais.fr\/site\/wp-json\/wp\/v2\/tags?post=135236"}],"curies":[{"name":"wp","href":"https:\/\/api.w.org\/{rel}","templated":true}]}}