{"id":135270,"date":"2021-07-21T08:01:27","date_gmt":"2021-07-21T07:01:27","guid":{"rendered":"https:\/\/newsestlyonnais.fr\/site\/?p=135270"},"modified":"2021-07-22T07:10:24","modified_gmt":"2021-07-22T06:10:24","slug":"lyon-les-boites-a-velo-profitez-de-lexpertise-et-lexperience-de-nos-membres","status":"publish","type":"post","link":"https:\/\/newsestlyonnais.fr\/site\/2021\/07\/21\/lyon-les-boites-a-velo-profitez-de-lexpertise-et-lexperience-de-nos-membres\/","title":{"rendered":"LYON | Les Bo\u00eetes \u00e0 V\u00e9lo \u00ab\u00a0profitez de l&rsquo;expertise et l&rsquo;exp\u00e9rience de nos membres\u00a0\u00bb"},"content":{"rendered":"<p>Ce mercredi, <strong>Laurent Tournebize, membre actif de cette association depuis 2019, <\/strong>r\u00e9pond aux questions de la r\u00e9daction :<\/p>\n<hr \/>\n<ul>\n<li><span style=\"font-size: 14pt;\"><strong><u>Quelle est son activit\u00e9 <\/u><\/strong><strong>?<\/strong><\/span><\/li>\n<\/ul>\n<p>\u00bb Pr\u00e9sid\u00e9e depuis janvier 2020 par Gr\u00e9gory Marcellin, <strong>son activit\u00e9 principale est de promouvoir l&rsquo;entreprenariat \u00e0 v\u00e9lo<\/strong>. Nous contribuons \u00e0 g\u00e9n\u00e9raliser le v\u00e9lo comme moyen alternatif aux v\u00e9hicules motoris\u00e9s pour le transport de biens et de personnes en milieu urbain et p\u00e9riurbain \u00ab.<\/p>\n<ul>\n<li><span style=\"font-size: 14pt;\"><strong><u>Et son effectif actuel<\/u><\/strong><strong> ?<\/strong><\/span><\/li>\n<\/ul>\n<p>\u00bb 15 membres (femmes et hommes) \u00ab.<\/p>\n<hr \/>\n<ul>\n<li><span style=\"font-size: 14pt;\"><strong><span style=\"text-decoration: underline;\">Comment s\u2019\u00e9tait pass\u00e9 le confinement<\/span> ?<\/strong><\/span><\/li>\n<\/ul>\n<p>\u00bb La plupart des membres ont mis leur activit\u00e9 en sommeil en s&rsquo;appuyant sur les aides gouvernementales. Nous avons profit\u00e9 de cette p\u00e9riode <strong>pour assurer les courses de premi\u00e8re urgence dans le cadre des \u00ab\u00a0coursiers solidaires\u00a0\u00bb<\/strong>.<\/p>\n<ul>\n<li><span style=\"font-size: 14pt;\"><strong><span style=\"text-decoration: underline;\">Et la reprise des activit\u00e9s \u00e0 la rentr\u00e9e de septembre<\/span> ?<\/strong><\/span><\/li>\n<\/ul>\n<p>\u00bb Une reprise sur les chapeaux de roues \u00ab.<\/p>\n<ul>\n<li><span style=\"font-size: 14pt;\"><strong><span style=\"text-decoration: underline;\">Avez vous connu depuis, une baisse de vos effectifs<\/span> ?\u00a0<\/strong><\/span><\/li>\n<\/ul>\n<div data-canvas-width=\"535.861333333333\">\n<div data-canvas-width=\"413.3213333333334\">\n<p>\u00bb Non \u00ab.<\/p>\n<ul>\n<li><span style=\"font-size: 14pt;\"><strong><span style=\"text-decoration: underline;\">Avez-vous \u00e9t\u00e9 contraints d\u2019annuler des \u00e9v\u00e8nements<\/span> ?<\/strong><\/span><\/li>\n<\/ul>\n<p>\u00bb <strong>Notre objectif \u00e9tant de promouvoir la cyclo mobilit\u00e9 professionnelle<\/strong>, nous n&rsquo;avons pas pu, compte tenu de la crise sanitaire, participer aux diff\u00e9rents salons, r\u00e9unions, festivals <strong>\u00ab.<\/strong><\/p>\n<ul>\n<li><span style=\"font-size: 14pt;\"><strong><span style=\"text-decoration: underline;\">Cons\u00e9quences financi\u00e8res ou autres<\/span> ?<\/strong><\/span><\/li>\n<\/ul>\n<p>\u00bb Pas d&rsquo;incidences, le nombre de membres ne cesse de cro\u00eetre <strong>\u00ab.<\/strong><\/p>\n<hr \/>\n<ul>\n<li><span style=\"font-size: 14pt;\"><span style=\"text-decoration: underline;\"><strong>Un petit mot de conclusion<\/strong><\/span><strong> ? <\/strong><\/span><\/li>\n<\/ul>\n<p>\u00bb <strong>Vous souhaitez entreprendre \u00e0 v\u00e9lo ? Profitez de l&rsquo;expertise et l&rsquo;exp\u00e9rience des membres des bo\u00eetes \u00e0 v\u00e9lo<\/strong> <strong>\u00ab.<\/strong><\/p>\n<hr \/>\n<p class=\"gmql0nx0 l94mrbxd p1ri9a11 lzcic4wl d2edcug0 hpfvmrgz\" dir=\"auto\" tabindex=\"-1\"><span class=\"d2edcug0 hpfvmrgz qv66sw1b c1et5uql lr9zc1uh a8c37x1j keod5gw0 nxhoafnm aigsh9s9 embtmqzv fe6kdd0r mau55g9w c8b282yb hrzyx87i m6dqt4wy h7mekvxk hnhda86s oo9gr5id hzawbc8m\" dir=\"auto\"><strong><em><span class=\"oceanwp-contact-text\"><img loading=\"lazy\" decoding=\"async\" class=\"alignleft wp-image-135288\" src=\"https:\/\/newsestlyonnais.fr\/site\/wp-content\/uploads\/2021\/07\/46452265_118618382391633_8702056693242003456_n.png\" alt=\"\" width=\"200\" height=\"183\" srcset=\"https:\/\/newsestlyonnais.fr\/site\/wp-content\/uploads\/2021\/07\/46452265_118618382391633_8702056693242003456_n.png 235w, https:\/\/newsestlyonnais.fr\/site\/wp-content\/uploads\/2021\/07\/46452265_118618382391633_8702056693242003456_n-150x137.png 150w, https:\/\/newsestlyonnais.fr\/site\/wp-content\/uploads\/2021\/07\/46452265_118618382391633_8702056693242003456_n-50x46.png 50w, https:\/\/newsestlyonnais.fr\/site\/wp-content\/uploads\/2021\/07\/46452265_118618382391633_8702056693242003456_n-100x91.png 100w, https:\/\/newsestlyonnais.fr\/site\/wp-content\/uploads\/2021\/07\/46452265_118618382391633_8702056693242003456_n-200x183.png 200w\" sizes=\"auto, (max-width: 200px) 100vw, 200px\" \/><span style=\"font-size: 14pt;\">Les Bo\u00eetes \u00e0 V\u00e9lo \/ 87 rue Jaboulay \/ Lyon 7\u00b0<\/span><\/span><\/em><\/strong><\/span><\/p>\n<p class=\"gmql0nx0 l94mrbxd p1ri9a11 lzcic4wl d2edcug0 hpfvmrgz\" dir=\"auto\" tabindex=\"-1\"><span class=\"d2edcug0 hpfvmrgz qv66sw1b c1et5uql lr9zc1uh a8c37x1j keod5gw0 nxhoafnm aigsh9s9 embtmqzv fe6kdd0r mau55g9w c8b282yb hrzyx87i m6dqt4wy h7mekvxk hnhda86s oo9gr5id hzawbc8m\" dir=\"auto\"><strong><span class=\"oceanwp-contact-text\">Contacts<\/span><em><span class=\"oceanwp-contact-text\"> : <\/span><\/em><\/strong><em><span class=\"oceanwp-contact-text\"><strong>T\u00e9l<\/strong> : 06 62 45 86 98 \/ <strong>Mail<\/strong> : lyon@lesboitesavelo.org<\/span><\/em><strong><em><span class=\"oceanwp-contact-text\"><br \/>\n<\/span><\/em><\/strong><\/span><\/p>\n<p><strong><em>A retrouver sur :<\/em><\/strong><\/p>\n<ul>\n<li><span style=\"color: #0000ff;\"><a style=\"color: #0000ff;\" href=\"https:\/\/lesboitesavelo.org\">https:\/\/lesboitesavelo.org<\/a><\/span><\/li>\n<li dir=\"auto\" tabindex=\"-1\"><a href=\"https:\/\/www.facebook.com\/boitesavelolyon\"><span style=\"color: #0000ff;\">https:\/\/www.facebook.com\/boitesavelolyon<\/span><\/a><\/li>\n<\/ul>\n<\/div>\n<\/div>\n<hr \/>\n<hr \/>\n","protected":false},"excerpt":{"rendered":"<p>1 jour, 1 association | R\u00e9guli\u00e8rement, une association est pr\u00e9sent\u00e9e par un(e) de ses dirigeant(e)s.<\/p>\n","protected":false},"author":4,"featured_media":135271,"comment_status":"open","ping_status":"open","sticky":false,"template":"","format":"standard","meta":{"footnotes":""},"categories":[3420,2970,2969,12,1625,13],"tags":[],"class_list":["post-135270","post","type-post","status-publish","format-standard","has-post-thumbnail","hentry","category-1-jour-1-association","category-artisans-commerces-economie","category-cyclisme-cyclo-vtt","category-entreprises","category-lyon","category-transports-circulation"],"yoast_head":"<!-- This site is optimized with the Yoast SEO plugin v27.2 - https:\/\/yoast.com\/product\/yoast-seo-wordpress\/ -->\n<title>LYON | Les Bo\u00eetes \u00e0 V\u00e9lo &quot;profitez de l&#039;expertise et l&#039;exp\u00e9rience de nos membres&quot; - News Est Lyonnais<\/title>\n<meta name=\"description\" content=\"LYON | Les Bo\u00eetes \u00e0 V\u00e9lo &quot;profitez de l&#039;expertise et l&#039;exp\u00e9rience de nos membres&quot;\" \/>\n<meta name=\"robots\" content=\"index, follow, max-snippet:-1, max-image-preview:large, max-video-preview:-1\" \/>\n<link rel=\"canonical\" href=\"https:\/\/newsestlyonnais.fr\/site\/2021\/07\/21\/lyon-les-boites-a-velo-profitez-de-lexpertise-et-lexperience-de-nos-membres\/\" \/>\n<meta property=\"og:locale\" content=\"fr_FR\" \/>\n<meta property=\"og:type\" content=\"article\" \/>\n<meta property=\"og:title\" content=\"LYON | Les Bo\u00eetes \u00e0 V\u00e9lo &quot;profitez de l&#039;expertise et l&#039;exp\u00e9rience de nos membres&quot; - News Est Lyonnais\" \/>\n<meta property=\"og:description\" content=\"LYON | Les Bo\u00eetes \u00e0 V\u00e9lo &quot;profitez de l&#039;expertise et l&#039;exp\u00e9rience de nos membres&quot;\" \/>\n<meta property=\"og:url\" content=\"https:\/\/newsestlyonnais.fr\/site\/2021\/07\/21\/lyon-les-boites-a-velo-profitez-de-lexpertise-et-lexperience-de-nos-membres\/\" \/>\n<meta property=\"og:site_name\" content=\"News Est Lyonnais\" \/>\n<meta property=\"article:author\" content=\"https:\/\/www.facebook.com\/pascal.oberson.1?fref=ts\" \/>\n<meta property=\"article:published_time\" content=\"2021-07-21T07:01:27+00:00\" \/>\n<meta property=\"article:modified_time\" content=\"2021-07-22T06:10:24+00:00\" \/>\n<meta property=\"og:image\" content=\"https:\/\/i0.wp.com\/newsestlyonnais.fr\/site\/wp-content\/uploads\/2021\/07\/image0.jpeg?fit=640%2C426&ssl=1\" \/>\n\t<meta property=\"og:image:width\" content=\"640\" \/>\n\t<meta property=\"og:image:height\" content=\"426\" \/>\n\t<meta property=\"og:image:type\" content=\"image\/jpeg\" \/>\n<meta name=\"author\" content=\"R\u00e9dac. NEWS\" \/>\n<meta name=\"twitter:card\" content=\"summary_large_image\" \/>\n<meta name=\"twitter:label1\" content=\"\u00c9crit par\" \/>\n\t<meta name=\"twitter:data1\" content=\"R\u00e9dac. NEWS\" \/>\n\t<meta name=\"twitter:label2\" content=\"Dur\u00e9e de lecture estim\u00e9e\" \/>\n\t<meta name=\"twitter:data2\" content=\"2 minutes\" \/>\n<script type=\"application\/ld+json\" class=\"yoast-schema-graph\">{\"@context\":\"https:\/\/schema.org\",\"@graph\":[{\"@type\":\"Article\",\"@id\":\"https:\/\/newsestlyonnais.fr\/site\/2021\/07\/21\/lyon-les-boites-a-velo-profitez-de-lexpertise-et-lexperience-de-nos-membres\/#article\",\"isPartOf\":{\"@id\":\"https:\/\/newsestlyonnais.fr\/site\/2021\/07\/21\/lyon-les-boites-a-velo-profitez-de-lexpertise-et-lexperience-de-nos-membres\/\"},\"author\":{\"name\":\"R\u00e9dac. NEWS\",\"@id\":\"https:\/\/newsestlyonnais.fr\/site\/#\/schema\/person\/3230d5615f390bb808365d673001e887\"},\"headline\":\"LYON | Les Bo\u00eetes \u00e0 V\u00e9lo \u00ab\u00a0profitez de l&rsquo;expertise et l&rsquo;exp\u00e9rience de nos membres\u00a0\u00bb\",\"datePublished\":\"2021-07-21T07:01:27+00:00\",\"dateModified\":\"2021-07-22T06:10:24+00:00\",\"mainEntityOfPage\":{\"@id\":\"https:\/\/newsestlyonnais.fr\/site\/2021\/07\/21\/lyon-les-boites-a-velo-profitez-de-lexpertise-et-lexperience-de-nos-membres\/\"},\"wordCount\":273,\"commentCount\":0,\"publisher\":{\"@id\":\"https:\/\/newsestlyonnais.fr\/site\/#organization\"},\"image\":{\"@id\":\"https:\/\/newsestlyonnais.fr\/site\/2021\/07\/21\/lyon-les-boites-a-velo-profitez-de-lexpertise-et-lexperience-de-nos-membres\/#primaryimage\"},\"thumbnailUrl\":\"https:\/\/newsestlyonnais.fr\/site\/wp-content\/uploads\/2021\/07\/image0.jpeg\",\"articleSection\":[\"1 jour, 1 association\",\"Artisans | Commerces\",\"Cyclisme | Cyclo | Vtt\",\"Entreprises\",\"Lyon\",\"Transports | Circulation\"],\"inLanguage\":\"fr-FR\",\"potentialAction\":[{\"@type\":\"CommentAction\",\"name\":\"Comment\",\"target\":[\"https:\/\/newsestlyonnais.fr\/site\/2021\/07\/21\/lyon-les-boites-a-velo-profitez-de-lexpertise-et-lexperience-de-nos-membres\/#respond\"]}]},{\"@type\":\"WebPage\",\"@id\":\"https:\/\/newsestlyonnais.fr\/site\/2021\/07\/21\/lyon-les-boites-a-velo-profitez-de-lexpertise-et-lexperience-de-nos-membres\/\",\"url\":\"https:\/\/newsestlyonnais.fr\/site\/2021\/07\/21\/lyon-les-boites-a-velo-profitez-de-lexpertise-et-lexperience-de-nos-membres\/\",\"name\":\"LYON | Les Bo\u00eetes \u00e0 V\u00e9lo \\\"profitez de l'expertise et l'exp\u00e9rience de nos membres\\\" - News Est Lyonnais\",\"isPartOf\":{\"@id\":\"https:\/\/newsestlyonnais.fr\/site\/#website\"},\"primaryImageOfPage\":{\"@id\":\"https:\/\/newsestlyonnais.fr\/site\/2021\/07\/21\/lyon-les-boites-a-velo-profitez-de-lexpertise-et-lexperience-de-nos-membres\/#primaryimage\"},\"image\":{\"@id\":\"https:\/\/newsestlyonnais.fr\/site\/2021\/07\/21\/lyon-les-boites-a-velo-profitez-de-lexpertise-et-lexperience-de-nos-membres\/#primaryimage\"},\"thumbnailUrl\":\"https:\/\/newsestlyonnais.fr\/site\/wp-content\/uploads\/2021\/07\/image0.jpeg\",\"datePublished\":\"2021-07-21T07:01:27+00:00\",\"dateModified\":\"2021-07-22T06:10:24+00:00\",\"description\":\"LYON | Les Bo\u00eetes \u00e0 V\u00e9lo \\\"profitez de l'expertise et l'exp\u00e9rience de nos membres\\\"\",\"breadcrumb\":{\"@id\":\"https:\/\/newsestlyonnais.fr\/site\/2021\/07\/21\/lyon-les-boites-a-velo-profitez-de-lexpertise-et-lexperience-de-nos-membres\/#breadcrumb\"},\"inLanguage\":\"fr-FR\",\"potentialAction\":[{\"@type\":\"ReadAction\",\"target\":[\"https:\/\/newsestlyonnais.fr\/site\/2021\/07\/21\/lyon-les-boites-a-velo-profitez-de-lexpertise-et-lexperience-de-nos-membres\/\"]}]},{\"@type\":\"ImageObject\",\"inLanguage\":\"fr-FR\",\"@id\":\"https:\/\/newsestlyonnais.fr\/site\/2021\/07\/21\/lyon-les-boites-a-velo-profitez-de-lexpertise-et-lexperience-de-nos-membres\/#primaryimage\",\"url\":\"https:\/\/newsestlyonnais.fr\/site\/wp-content\/uploads\/2021\/07\/image0.jpeg\",\"contentUrl\":\"https:\/\/newsestlyonnais.fr\/site\/wp-content\/uploads\/2021\/07\/image0.jpeg\",\"width\":640,\"height\":426},{\"@type\":\"BreadcrumbList\",\"@id\":\"https:\/\/newsestlyonnais.fr\/site\/2021\/07\/21\/lyon-les-boites-a-velo-profitez-de-lexpertise-et-lexperience-de-nos-membres\/#breadcrumb\",\"itemListElement\":[{\"@type\":\"ListItem\",\"position\":1,\"name\":\"Accueil\",\"item\":\"https:\/\/newsestlyonnais.fr\/site\/\"},{\"@type\":\"ListItem\",\"position\":2,\"name\":\"LYON | Les Bo\u00eetes \u00e0 V\u00e9lo \u00ab\u00a0profitez de l&rsquo;expertise et l&rsquo;exp\u00e9rience de nos membres\u00a0\u00bb\"}]},{\"@type\":\"WebSite\",\"@id\":\"https:\/\/newsestlyonnais.fr\/site\/#website\",\"url\":\"https:\/\/newsestlyonnais.fr\/site\/\",\"name\":\"News Est Lyonnais\",\"description\":\"L&#039;actualit\u00e9 au plus pr\u00e8s\",\"publisher\":{\"@id\":\"https:\/\/newsestlyonnais.fr\/site\/#organization\"},\"potentialAction\":[{\"@type\":\"SearchAction\",\"target\":{\"@type\":\"EntryPoint\",\"urlTemplate\":\"https:\/\/newsestlyonnais.fr\/site\/?s={search_term_string}\"},\"query-input\":{\"@type\":\"PropertyValueSpecification\",\"valueRequired\":true,\"valueName\":\"search_term_string\"}}],\"inLanguage\":\"fr-FR\"},{\"@type\":\"Organization\",\"@id\":\"https:\/\/newsestlyonnais.fr\/site\/#organization\",\"name\":\"News EST LYONNAIS\",\"url\":\"https:\/\/newsestlyonnais.fr\/site\/\",\"logo\":{\"@type\":\"ImageObject\",\"inLanguage\":\"fr-FR\",\"@id\":\"https:\/\/newsestlyonnais.fr\/site\/#\/schema\/logo\/image\/\",\"url\":\"\",\"contentUrl\":\"\",\"caption\":\"News EST LYONNAIS\"},\"image\":{\"@id\":\"https:\/\/newsestlyonnais.fr\/site\/#\/schema\/logo\/image\/\"}},{\"@type\":\"Person\",\"@id\":\"https:\/\/newsestlyonnais.fr\/site\/#\/schema\/person\/3230d5615f390bb808365d673001e887\",\"name\":\"R\u00e9dac. NEWS\",\"sameAs\":[\"http:\/\/www.newsestlyonnais.fr\",\"https:\/\/www.facebook.com\/pascal.oberson.1?fref=ts\",\"https:\/\/fr.linkedin.com\/in\/pascal-oberson-b17045113\"],\"url\":\"https:\/\/newsestlyonnais.fr\/site\/author\/nel\/\"}]}<\/script>\n<!-- \/ Yoast SEO plugin. -->","yoast_head_json":{"title":"LYON | Les Bo\u00eetes \u00e0 V\u00e9lo \"profitez de l'expertise et l'exp\u00e9rience de nos membres\" - News Est Lyonnais","description":"LYON | Les Bo\u00eetes \u00e0 V\u00e9lo \"profitez de l'expertise et l'exp\u00e9rience de nos membres\"","robots":{"index":"index","follow":"follow","max-snippet":"max-snippet:-1","max-image-preview":"max-image-preview:large","max-video-preview":"max-video-preview:-1"},"canonical":"https:\/\/newsestlyonnais.fr\/site\/2021\/07\/21\/lyon-les-boites-a-velo-profitez-de-lexpertise-et-lexperience-de-nos-membres\/","og_locale":"fr_FR","og_type":"article","og_title":"LYON | Les Bo\u00eetes \u00e0 V\u00e9lo \"profitez de l'expertise et l'exp\u00e9rience de nos membres\" - News Est Lyonnais","og_description":"LYON | Les Bo\u00eetes \u00e0 V\u00e9lo \"profitez de l'expertise et l'exp\u00e9rience de nos membres\"","og_url":"https:\/\/newsestlyonnais.fr\/site\/2021\/07\/21\/lyon-les-boites-a-velo-profitez-de-lexpertise-et-lexperience-de-nos-membres\/","og_site_name":"News Est Lyonnais","article_author":"https:\/\/www.facebook.com\/pascal.oberson.1?fref=ts","article_published_time":"2021-07-21T07:01:27+00:00","article_modified_time":"2021-07-22T06:10:24+00:00","og_image":[{"width":640,"height":426,"url":"https:\/\/i0.wp.com\/newsestlyonnais.fr\/site\/wp-content\/uploads\/2021\/07\/image0.jpeg?fit=640%2C426&ssl=1","type":"image\/jpeg"}],"author":"R\u00e9dac. NEWS","twitter_card":"summary_large_image","twitter_misc":{"\u00c9crit par":"R\u00e9dac. NEWS","Dur\u00e9e de lecture estim\u00e9e":"2 minutes"},"schema":{"@context":"https:\/\/schema.org","@graph":[{"@type":"Article","@id":"https:\/\/newsestlyonnais.fr\/site\/2021\/07\/21\/lyon-les-boites-a-velo-profitez-de-lexpertise-et-lexperience-de-nos-membres\/#article","isPartOf":{"@id":"https:\/\/newsestlyonnais.fr\/site\/2021\/07\/21\/lyon-les-boites-a-velo-profitez-de-lexpertise-et-lexperience-de-nos-membres\/"},"author":{"name":"R\u00e9dac. NEWS","@id":"https:\/\/newsestlyonnais.fr\/site\/#\/schema\/person\/3230d5615f390bb808365d673001e887"},"headline":"LYON | Les Bo\u00eetes \u00e0 V\u00e9lo \u00ab\u00a0profitez de l&rsquo;expertise et l&rsquo;exp\u00e9rience de nos membres\u00a0\u00bb","datePublished":"2021-07-21T07:01:27+00:00","dateModified":"2021-07-22T06:10:24+00:00","mainEntityOfPage":{"@id":"https:\/\/newsestlyonnais.fr\/site\/2021\/07\/21\/lyon-les-boites-a-velo-profitez-de-lexpertise-et-lexperience-de-nos-membres\/"},"wordCount":273,"commentCount":0,"publisher":{"@id":"https:\/\/newsestlyonnais.fr\/site\/#organization"},"image":{"@id":"https:\/\/newsestlyonnais.fr\/site\/2021\/07\/21\/lyon-les-boites-a-velo-profitez-de-lexpertise-et-lexperience-de-nos-membres\/#primaryimage"},"thumbnailUrl":"https:\/\/newsestlyonnais.fr\/site\/wp-content\/uploads\/2021\/07\/image0.jpeg","articleSection":["1 jour, 1 association","Artisans | Commerces","Cyclisme | Cyclo | Vtt","Entreprises","Lyon","Transports | Circulation"],"inLanguage":"fr-FR","potentialAction":[{"@type":"CommentAction","name":"Comment","target":["https:\/\/newsestlyonnais.fr\/site\/2021\/07\/21\/lyon-les-boites-a-velo-profitez-de-lexpertise-et-lexperience-de-nos-membres\/#respond"]}]},{"@type":"WebPage","@id":"https:\/\/newsestlyonnais.fr\/site\/2021\/07\/21\/lyon-les-boites-a-velo-profitez-de-lexpertise-et-lexperience-de-nos-membres\/","url":"https:\/\/newsestlyonnais.fr\/site\/2021\/07\/21\/lyon-les-boites-a-velo-profitez-de-lexpertise-et-lexperience-de-nos-membres\/","name":"LYON | Les Bo\u00eetes \u00e0 V\u00e9lo \"profitez de l'expertise et l'exp\u00e9rience de nos membres\" - News Est Lyonnais","isPartOf":{"@id":"https:\/\/newsestlyonnais.fr\/site\/#website"},"primaryImageOfPage":{"@id":"https:\/\/newsestlyonnais.fr\/site\/2021\/07\/21\/lyon-les-boites-a-velo-profitez-de-lexpertise-et-lexperience-de-nos-membres\/#primaryimage"},"image":{"@id":"https:\/\/newsestlyonnais.fr\/site\/2021\/07\/21\/lyon-les-boites-a-velo-profitez-de-lexpertise-et-lexperience-de-nos-membres\/#primaryimage"},"thumbnailUrl":"https:\/\/newsestlyonnais.fr\/site\/wp-content\/uploads\/2021\/07\/image0.jpeg","datePublished":"2021-07-21T07:01:27+00:00","dateModified":"2021-07-22T06:10:24+00:00","description":"LYON | Les Bo\u00eetes \u00e0 V\u00e9lo \"profitez de l'expertise et l'exp\u00e9rience de nos membres\"","breadcrumb":{"@id":"https:\/\/newsestlyonnais.fr\/site\/2021\/07\/21\/lyon-les-boites-a-velo-profitez-de-lexpertise-et-lexperience-de-nos-membres\/#breadcrumb"},"inLanguage":"fr-FR","potentialAction":[{"@type":"ReadAction","target":["https:\/\/newsestlyonnais.fr\/site\/2021\/07\/21\/lyon-les-boites-a-velo-profitez-de-lexpertise-et-lexperience-de-nos-membres\/"]}]},{"@type":"ImageObject","inLanguage":"fr-FR","@id":"https:\/\/newsestlyonnais.fr\/site\/2021\/07\/21\/lyon-les-boites-a-velo-profitez-de-lexpertise-et-lexperience-de-nos-membres\/#primaryimage","url":"https:\/\/newsestlyonnais.fr\/site\/wp-content\/uploads\/2021\/07\/image0.jpeg","contentUrl":"https:\/\/newsestlyonnais.fr\/site\/wp-content\/uploads\/2021\/07\/image0.jpeg","width":640,"height":426},{"@type":"BreadcrumbList","@id":"https:\/\/newsestlyonnais.fr\/site\/2021\/07\/21\/lyon-les-boites-a-velo-profitez-de-lexpertise-et-lexperience-de-nos-membres\/#breadcrumb","itemListElement":[{"@type":"ListItem","position":1,"name":"Accueil","item":"https:\/\/newsestlyonnais.fr\/site\/"},{"@type":"ListItem","position":2,"name":"LYON | Les Bo\u00eetes \u00e0 V\u00e9lo \u00ab\u00a0profitez de l&rsquo;expertise et l&rsquo;exp\u00e9rience de nos membres\u00a0\u00bb"}]},{"@type":"WebSite","@id":"https:\/\/newsestlyonnais.fr\/site\/#website","url":"https:\/\/newsestlyonnais.fr\/site\/","name":"News Est Lyonnais","description":"L&#039;actualit\u00e9 au plus pr\u00e8s","publisher":{"@id":"https:\/\/newsestlyonnais.fr\/site\/#organization"},"potentialAction":[{"@type":"SearchAction","target":{"@type":"EntryPoint","urlTemplate":"https:\/\/newsestlyonnais.fr\/site\/?s={search_term_string}"},"query-input":{"@type":"PropertyValueSpecification","valueRequired":true,"valueName":"search_term_string"}}],"inLanguage":"fr-FR"},{"@type":"Organization","@id":"https:\/\/newsestlyonnais.fr\/site\/#organization","name":"News EST LYONNAIS","url":"https:\/\/newsestlyonnais.fr\/site\/","logo":{"@type":"ImageObject","inLanguage":"fr-FR","@id":"https:\/\/newsestlyonnais.fr\/site\/#\/schema\/logo\/image\/","url":"","contentUrl":"","caption":"News EST LYONNAIS"},"image":{"@id":"https:\/\/newsestlyonnais.fr\/site\/#\/schema\/logo\/image\/"}},{"@type":"Person","@id":"https:\/\/newsestlyonnais.fr\/site\/#\/schema\/person\/3230d5615f390bb808365d673001e887","name":"R\u00e9dac. NEWS","sameAs":["http:\/\/www.newsestlyonnais.fr","https:\/\/www.facebook.com\/pascal.oberson.1?fref=ts","https:\/\/fr.linkedin.com\/in\/pascal-oberson-b17045113"],"url":"https:\/\/newsestlyonnais.fr\/site\/author\/nel\/"}]}},"_links":{"self":[{"href":"https:\/\/newsestlyonnais.fr\/site\/wp-json\/wp\/v2\/posts\/135270","targetHints":{"allow":["GET"]}}],"collection":[{"href":"https:\/\/newsestlyonnais.fr\/site\/wp-json\/wp\/v2\/posts"}],"about":[{"href":"https:\/\/newsestlyonnais.fr\/site\/wp-json\/wp\/v2\/types\/post"}],"author":[{"embeddable":true,"href":"https:\/\/newsestlyonnais.fr\/site\/wp-json\/wp\/v2\/users\/4"}],"replies":[{"embeddable":true,"href":"https:\/\/newsestlyonnais.fr\/site\/wp-json\/wp\/v2\/comments?post=135270"}],"version-history":[{"count":0,"href":"https:\/\/newsestlyonnais.fr\/site\/wp-json\/wp\/v2\/posts\/135270\/revisions"}],"wp:featuredmedia":[{"embeddable":true,"href":"https:\/\/newsestlyonnais.fr\/site\/wp-json\/wp\/v2\/media\/135271"}],"wp:attachment":[{"href":"https:\/\/newsestlyonnais.fr\/site\/wp-json\/wp\/v2\/media?parent=135270"}],"wp:term":[{"taxonomy":"category","embeddable":true,"href":"https:\/\/newsestlyonnais.fr\/site\/wp-json\/wp\/v2\/categories?post=135270"},{"taxonomy":"post_tag","embeddable":true,"href":"https:\/\/newsestlyonnais.fr\/site\/wp-json\/wp\/v2\/tags?post=135270"}],"curies":[{"name":"wp","href":"https:\/\/api.w.org\/{rel}","templated":true}]}}