{"id":135404,"date":"2021-07-22T18:25:07","date_gmt":"2021-07-22T17:25:07","guid":{"rendered":"https:\/\/newsestlyonnais.fr\/site\/?p=135404"},"modified":"2021-08-04T13:12:24","modified_gmt":"2021-08-04T12:12:24","slug":"tcl-adaptation-de-loffre-ce-qui-change-a-la-rentree","status":"publish","type":"post","link":"https:\/\/newsestlyonnais.fr\/site\/2021\/07\/22\/tcl-adaptation-de-loffre-ce-qui-change-a-la-rentree\/","title":{"rendered":"TCL | Adaptation de l&rsquo;offre > ce qui change \u00e0 la rentr\u00e9e"},"content":{"rendered":"<p>La commission d\u2019adaptation de l\u2019offre du SYTRAL se r\u00e9unit deux fois par an pour apporter les ajustements n\u00e9cessaires et r\u00e9pondre au mieux \u00e0 l\u2019\u00e9volution des besoins des territoires en mati\u00e8re de d\u00e9placements.<\/p>\n<p><strong>Renouvellement du mat\u00e9riel roulant, nouvelles dessertes, optimisation des temps de parcours, renforts d\u2019offre ou modifications d\u2019itin\u00e9raires<\/strong> : autant de mesures qui viendront renforcer l\u2019attractivit\u00e9 du r\u00e9seau TCL.<\/p>\n<hr \/>\n<p><span style=\"background-color: #000000; color: #ffffff;\">DES TEMPS DE PARCOURS OPTIMISES<\/span><\/p>\n<p>Dans le cadre des am\u00e9nagements d\u2019urbanisme de transition port\u00e9s par la M\u00e9tropole, <strong>des couloirs mixtes bus-v\u00e9lo sont cr\u00e9\u00e9s et mis en \u0153uvre sur des axes structurants.<\/strong><br \/>\nCes nouveaux am\u00e9nagements progressivement d\u00e9ploy\u00e9s sur les lignes fortes du r\u00e9seau telles que :<\/p>\n<ul>\n<li><strong>la C4<\/strong> (Jean Mac\u00e9 &gt; Cit\u00e9 Internationale)<\/li>\n<li><strong>la C25<\/strong> (Gare Part-Dieu Vivier Merle &gt; St Priest Plaine de Saythe)<\/li>\n<li><strong>la C6<\/strong> (Gare Part-Dieu Vivier Merle &gt; Campus Lyon Ouest), contribuent \u00e0 fluidifier la circulation en heures de pointe et r\u00e9duire la part modale de la voiture individuelle tout en favorisant l\u2019intermodalit\u00e9. C\u2019est ainsi que la <strong>ligne C6<\/strong> affiche un gain de temps de parcours jusqu\u2019\u00e0 5\u2019 en heures de pointe.<\/li>\n<\/ul>\n<hr \/>\n<p><span style=\"background-color: #000000; color: #ffffff;\">UNE DESSERTE DES ETABLISSEMENTS SCOLAIRES AFFINEE<\/span><\/p>\n<p>Pour accompagner l\u2019ouverture du nouveau lyc\u00e9e Sainte Marie Lyon situ\u00e9 rue du Rambion \u00e0 Meyzieu, <strong>les lignes 76, 85 et 95<\/strong> adaptent leurs horaires en matin\u00e9e et au moment du d\u00e9jeuner pour permettre des correspondances, et assurer une desserte efficace aux \u00e9l\u00e8ves domicili\u00e9s sur les communes de Chassieu, D\u00e9cines ou Meyzieu.<\/p>\n<p>La <strong>ligne 62<\/strong> voit son itin\u00e9raire modifi\u00e9 dans les deux sens, afin d\u2019assurer la desserte du coll\u00e8ge Simone Veil \u00e0 Saint-Priest, qui accueillera environ 750 \u00e9l\u00e8ves \u00e0 la rentr\u00e9e.<\/p>\n<p>Les horaires de la <strong>ligne C12<\/strong> seront adapt\u00e9s entre 12 h et 13 h 30 pour permettre aux \u00e9l\u00e8ves de l\u2019annexe du coll\u00e8ge Alain, situ\u00e9e \u00e0 V\u00e9nissieux de se d\u00e9placer \u00e0 l\u2019heure du d\u00e9jeuner.<\/p>\n<hr \/>\n<p><span style=\"background-color: #000000; color: #ffffff;\">UNE OFFRE RENFORCEE ET DES DESSERTES AJUSTEES<\/span><\/p>\n<ul>\n<li><strong>Ligne 37<\/strong> | <span style=\"text-decoration: underline;\">Plus de capacit\u00e9 d\u2019accueil d\u00e8s le mois de septembre<\/span> : Charpennes Charles Hernu &gt; Vaulx-en-Velin Marcel Cachin.<br \/>\nLa ligne sera exploit\u00e9e avec de nouveaux bus articul\u00e9s 100 % BioGNV offrant 30 % de capacit\u00e9 suppl\u00e9mentaire et plus de confort pour les voyageurs.<br \/>\nPour permettre d\u2019accueillir ces nouveaux v\u00e9hicules, la ligne est prolong\u00e9e, avec la cr\u00e9ation d\u2019un nouvel arr\u00eat : Vaulx O\u2019Hara.<\/li>\n<li><strong>Ligne 5<\/strong> | <span style=\"text-decoration: underline;\">Pour renforcer la desserte de la clinique du Val d\u2019Ouest<\/span> : Pont Mouton &gt; Charbonni\u00e8res Les Verri\u00e8res| mise en place en juillet.<br \/>\nLa fr\u00e9quence en matin\u00e9e et jusqu\u2019\u00e0 14 h 30 est d\u00e9sormais augment\u00e9e, pour permettre notamment une meilleure desserte du p\u00f4le de sant\u00e9 du Val d\u2019Ouest.<\/li>\n<li><strong>Ligne 12<\/strong> | <span style=\"text-decoration: underline;\">Un acc\u00e8s au centre-ville de Brignais d\u00e8s le 30 ao\u00fbt<\/span> : Gare d\u2019Oullins &gt; Saint Genis 2. Le parcours de la ligne est modifi\u00e9 pour desservir le centre-ville de Brignais.<br \/>\n4 nouveaux arr\u00eats permettent de rejoindre la commune ainsi que les commerces de proximit\u00e9 : Montibert-Aquagaron, Ecole Jacques cartier, Briscope, Brignais Gare.<\/li>\n<li><strong>Ligne 17<\/strong>| <span style=\"text-decoration: underline;\">Un maillage d\u2019Oullins plus efficace d\u00e8s le 30 ao\u00fbt<\/span> : Sainte-Foy Place Saint Luc- Saint Genis 2 &gt; Saint Genis 2 Lyc\u00e9e. Pour accompagner le d\u00e9veloppement des quartiers de La Saulaie et Cl\u00e9ment D\u00e9sormes, la ligne modifie son itin\u00e9raire pour desservir 6 nouveaux arr\u00eats, offrant ainsi une desserte plus fine de la commune (La Saulaie, Kellerman, Le Buisset, Oullins Cl\u00e9ment Desormes, La Cadi\u00e8re, Les Coutures).<\/li>\n<li><strong>Ligne 71<\/strong>| <span style=\"text-decoration: underline;\">Une fr\u00e9quence renforc\u00e9e<\/span> : Gare de Vaise &gt; Ecole de Collonges. La fr\u00e9quence est augment\u00e9e jusqu\u2019\u00e0 20 minutes en heures de pointe (au lieu de 30), et jusqu\u2019\u00e0 25 minutes en journ\u00e9e (au lieu de 45). Ces renforts b\u00e9n\u00e9ficieront \u00e0 l\u2019ensemble des habitants des communes desservies mais \u00e9galement au Centre Psychoth\u00e9rapique et au Lyc\u00e9e Jean Perrin.<\/li>\n<li><strong>Ligne 19 \/ Ligne 89<\/strong>| <span style=\"text-decoration: underline;\">Desserte Clinique de la Sauvegarde<\/span> : H\u00f4tel de Ville Louis Pradel &gt; Ecully Le P\u00e9rollier &amp; Gare de Vaise &gt; Porte de Lyon. Dans le cadre du projet \u00ab Duch\u00e8re &#8211; Sauvegarde \u00bb port\u00e9 par la M\u00e9tropole de Lyon, l\u2019avenue de la Sauvegarde est mise en sens unique. Cette modification conduit \u00e0 une adaptation des itin\u00e9raires des <strong>lignes 19 et 89<\/strong>. En cons\u00e9quence, les arr\u00eats Villeneuve et Clinique Sauvegarde de la <strong>ligne 19<\/strong> ne sont plus desservis. La <strong>ligne 89<\/strong> adapte par ailleurs l\u2019ensemble de son parcours pour maintenir la desserte de la clinique de la Sauvegarde.<\/li>\n<\/ul>\n<hr \/>\n<p><span style=\"background-color: #000000; color: #ffffff;\">UNE DESSERTE OPTIMISEE DES POLES D\u2019ACTIVITES ET ZONES INDUSTRIELLES<\/span><\/p>\n<ul>\n<li><strong>Ligne GE6<\/strong> | <span style=\"text-decoration: underline;\">Nouvelle desserte et amplitude horaire \u00e9tendue d\u00e8s le mois d\u2019octobre<\/span> : Charbonni\u00e8res Gare &gt; Marcy-l\u2019Etoile<br \/>\nL\u2019itin\u00e9raire de la ligne est modifi\u00e9 pour permettre l\u2019acc\u00e8s au centre-ville de Charbonni\u00e8re-les-Bains ainsi qu\u2019au Campus Num\u00e9rique.<br \/>\nL\u2019amplitude horaire s\u2019\u00e9tend de 6 h 35 \u00e0 19 h 35, soit un prolongement d\u2019une heure et sa fr\u00e9quence est augment\u00e9e en heures de pointe, passant de 30 \u00e0 15 minutes.<\/li>\n<li><strong>Ligne 67<\/strong> | <span style=\"text-decoration: underline;\">Un nouveau terminus \u00e0 Meyzieu Z.I d\u00e8s le 30 ao\u00fbt<\/span> : Laurent Bonnevay &gt; Meyzieu Plant\u00e9e\/Avenue de Crottay |<br \/>\nLa ligne est prolong\u00e9e jusqu\u2019\u00e0 l\u2019arr\u00eat Meyzieu Z.I offrant ainsi une correspondance avec la <strong>ligne T3<\/strong>.<br \/>\nEn cons\u00e9quence <strong>3 nouveaux arr\u00eats sont cr\u00e9\u00e9s<\/strong> : Schweitzer R\u00e9publique, Zi Schweitzer Meyzieu, Meyzieu Zi. Les arr\u00eats Meyzieu Avenue de Crottay et Pays-Bas ne sont plus desservis.<\/li>\n<li><strong>Ligne 93<\/strong> | <span style=\"text-decoration: underline;\">Des trajets suppl\u00e9mentaires en soir\u00e9e d\u00e8s le 30 ao\u00fbt<\/span> : H\u00f4pital Feyzin V\u00e9nissieux &gt; Porte des Alpes\/ Parc Technologique. Pour correspondre aux horaires d\u2019activit\u00e9s de certaines entreprises du Parc Technologique, l\u2019amplitude de la ligne sera \u00e9tendue de 15 minutes, permettant ainsi aux salari\u00e9s regagner Porte des Alpes en transport en commun.<\/li>\n<li><strong>TAD<\/strong> | <span style=\"text-decoration: underline;\">Poursuite de l\u2019exp\u00e9rimentation des services de Transport \u00e0 la Demande Dynamique (TAD) depuis le 1\u00b0 juillet<\/span>. Vall\u00e9e de la Chimie \u2013 Mi-Plaine et Techlid.<br \/>\nLes services de TAD sont test\u00e9s depuis 2019 et b\u00e9n\u00e9ficient d\u2019une fr\u00e9quentation en constante progression. Il a \u00e9t\u00e9 d\u00e9cid\u00e9 de poursuivre l\u2019exp\u00e9rimentation afin d\u2019offrir un service de proximit\u00e9 performant et adapt\u00e9 et favoriser l\u2019usage des transports collectifs pour acc\u00e9der \u00e0 ces <strong>3 secteurs<\/strong> : <strong>Vall\u00e9e de la Chimie<\/strong> (ainsi que la desserte des communes de Charly, Vernaison et Solaize). <strong>Mi-Plaine<\/strong>. <strong>Techlid<\/strong> (ainsi que les communes de Collonges au Mont d\u2019Or, Saint-Didier au Mont d\u2019Or, Lissieu et Limonest).<br \/>\nLa poursuite du TAD desservant la zone Techlid se substitue aux <strong>navettes S3<\/strong> (Collonges Gare &gt; Techlid All\u00e9e des H\u00eatres) et <strong>S16<\/strong> (Collonges Gare &gt; Ecully Le P\u00e9rolier) dont la majorit\u00e9 des arr\u00eats est d\u00e9j\u00e0 inclus dans son p\u00e9rim\u00e8tre de desserte.<br \/>\nCe service fonctionne du lundi au vendredi, de 6 h \u00e0 20 h, sur r\u00e9servation.<\/li>\n<\/ul>\n<hr \/>\n<p><span style=\"font-size: 14pt;\"><strong><em>Plus d&rsquo;infos sur :<\/em> <span style=\"color: #0000ff;\"><a style=\"color: #0000ff;\" href=\"https:\/\/www.tcl.fr\">https:\/\/www.tcl.fr<\/a><\/span><\/strong><\/span><\/p>\n<hr \/>\n<hr \/>\n<p>&nbsp;<\/p>\n","protected":false},"excerpt":{"rendered":"<p>Les nouvelles mesures venant renforcer l\u2019attractivit\u00e9 du r\u00e9seau pour la rentr\u00e9e ont \u00e9t\u00e9 d\u00e9voil\u00e9es ce jour. <\/p>\n","protected":false},"author":4,"featured_media":118764,"comment_status":"open","ping_status":"open","sticky":false,"template":"","format":"standard","meta":{"footnotes":""},"categories":[1283,21,1625,24,309,1296,13,28,29],"tags":[2051,2050],"class_list":["post-135404","post","type-post","status-publish","format-standard","has-post-thumbnail","hentry","category-chassieu-communes-diverses","category-decines-charpieu","category-lyon","category-meyzieu","category-pratique","category-sain-priest","category-transports-circulation","category-vaulx-en-velin","category-villeurbanne","tag-tcl","tag-transports"],"yoast_head":"<!-- This site is optimized with the Yoast SEO plugin v27.2 - https:\/\/yoast.com\/product\/yoast-seo-wordpress\/ -->\n<title>TCL | Adaptation de l&#039;offre &gt; ce qui change \u00e0 la rentr\u00e9e - News Est Lyonnais<\/title>\n<meta name=\"description\" content=\"TCL | Adaptation de l&#039;offre &gt; ce qui change \u00e0 la rentr\u00e9e\" \/>\n<meta name=\"robots\" content=\"index, follow, max-snippet:-1, max-image-preview:large, max-video-preview:-1\" \/>\n<link rel=\"canonical\" href=\"https:\/\/newsestlyonnais.fr\/site\/2021\/07\/22\/tcl-adaptation-de-loffre-ce-qui-change-a-la-rentree\/\" \/>\n<meta property=\"og:locale\" content=\"fr_FR\" \/>\n<meta property=\"og:type\" content=\"article\" \/>\n<meta property=\"og:title\" content=\"TCL | Adaptation de l&#039;offre &gt; ce qui change \u00e0 la rentr\u00e9e - News Est Lyonnais\" \/>\n<meta property=\"og:description\" content=\"TCL | Adaptation de l&#039;offre &gt; ce qui change \u00e0 la rentr\u00e9e\" \/>\n<meta property=\"og:url\" content=\"https:\/\/newsestlyonnais.fr\/site\/2021\/07\/22\/tcl-adaptation-de-loffre-ce-qui-change-a-la-rentree\/\" \/>\n<meta property=\"og:site_name\" content=\"News Est Lyonnais\" \/>\n<meta property=\"article:author\" content=\"https:\/\/www.facebook.com\/pascal.oberson.1?fref=ts\" \/>\n<meta property=\"article:published_time\" content=\"2021-07-22T17:25:07+00:00\" \/>\n<meta property=\"article:modified_time\" content=\"2021-08-04T12:12:24+00:00\" \/>\n<meta property=\"og:image\" content=\"https:\/\/i1.wp.com\/newsestlyonnais.fr\/site\/wp-content\/uploads\/2020\/11\/NEWSESTLYONNAIS-BUS-TCL-BIS.jpg?fit=1200%2C800&ssl=1\" \/>\n\t<meta property=\"og:image:width\" content=\"1200\" \/>\n\t<meta property=\"og:image:height\" content=\"800\" \/>\n\t<meta property=\"og:image:type\" content=\"image\/jpeg\" \/>\n<meta name=\"author\" content=\"R\u00e9dac. NEWS\" \/>\n<meta name=\"twitter:card\" content=\"summary_large_image\" \/>\n<meta name=\"twitter:label1\" content=\"\u00c9crit par\" \/>\n\t<meta name=\"twitter:data1\" content=\"R\u00e9dac. NEWS\" \/>\n\t<meta name=\"twitter:label2\" content=\"Dur\u00e9e de lecture estim\u00e9e\" \/>\n\t<meta name=\"twitter:data2\" content=\"5 minutes\" \/>\n<script type=\"application\/ld+json\" class=\"yoast-schema-graph\">{\"@context\":\"https:\/\/schema.org\",\"@graph\":[{\"@type\":\"Article\",\"@id\":\"https:\/\/newsestlyonnais.fr\/site\/2021\/07\/22\/tcl-adaptation-de-loffre-ce-qui-change-a-la-rentree\/#article\",\"isPartOf\":{\"@id\":\"https:\/\/newsestlyonnais.fr\/site\/2021\/07\/22\/tcl-adaptation-de-loffre-ce-qui-change-a-la-rentree\/\"},\"author\":{\"name\":\"R\u00e9dac. NEWS\",\"@id\":\"https:\/\/newsestlyonnais.fr\/site\/#\/schema\/person\/3230d5615f390bb808365d673001e887\"},\"headline\":\"TCL | Adaptation de l&rsquo;offre > ce qui change \u00e0 la rentr\u00e9e\",\"datePublished\":\"2021-07-22T17:25:07+00:00\",\"dateModified\":\"2021-08-04T12:12:24+00:00\",\"mainEntityOfPage\":{\"@id\":\"https:\/\/newsestlyonnais.fr\/site\/2021\/07\/22\/tcl-adaptation-de-loffre-ce-qui-change-a-la-rentree\/\"},\"wordCount\":1144,\"commentCount\":0,\"publisher\":{\"@id\":\"https:\/\/newsestlyonnais.fr\/site\/#organization\"},\"image\":{\"@id\":\"https:\/\/newsestlyonnais.fr\/site\/2021\/07\/22\/tcl-adaptation-de-loffre-ce-qui-change-a-la-rentree\/#primaryimage\"},\"thumbnailUrl\":\"https:\/\/newsestlyonnais.fr\/site\/wp-content\/uploads\/2020\/11\/NEWSESTLYONNAIS-BUS-TCL-BIS.jpg\",\"keywords\":[\"TCL\",\"TRANSPORTS\"],\"articleSection\":[\"Chassieu | Communes diverses\",\"D\u00e9cines-Charpieu\",\"Lyon\",\"Meyzieu\",\"Pratique\",\"Saint-Priest\",\"Transports | Circulation\",\"Vaulx-en-Velin\",\"Villeurbanne\"],\"inLanguage\":\"fr-FR\",\"potentialAction\":[{\"@type\":\"CommentAction\",\"name\":\"Comment\",\"target\":[\"https:\/\/newsestlyonnais.fr\/site\/2021\/07\/22\/tcl-adaptation-de-loffre-ce-qui-change-a-la-rentree\/#respond\"]}]},{\"@type\":\"WebPage\",\"@id\":\"https:\/\/newsestlyonnais.fr\/site\/2021\/07\/22\/tcl-adaptation-de-loffre-ce-qui-change-a-la-rentree\/\",\"url\":\"https:\/\/newsestlyonnais.fr\/site\/2021\/07\/22\/tcl-adaptation-de-loffre-ce-qui-change-a-la-rentree\/\",\"name\":\"TCL | Adaptation de l'offre > ce qui change \u00e0 la rentr\u00e9e - News Est Lyonnais\",\"isPartOf\":{\"@id\":\"https:\/\/newsestlyonnais.fr\/site\/#website\"},\"primaryImageOfPage\":{\"@id\":\"https:\/\/newsestlyonnais.fr\/site\/2021\/07\/22\/tcl-adaptation-de-loffre-ce-qui-change-a-la-rentree\/#primaryimage\"},\"image\":{\"@id\":\"https:\/\/newsestlyonnais.fr\/site\/2021\/07\/22\/tcl-adaptation-de-loffre-ce-qui-change-a-la-rentree\/#primaryimage\"},\"thumbnailUrl\":\"https:\/\/newsestlyonnais.fr\/site\/wp-content\/uploads\/2020\/11\/NEWSESTLYONNAIS-BUS-TCL-BIS.jpg\",\"datePublished\":\"2021-07-22T17:25:07+00:00\",\"dateModified\":\"2021-08-04T12:12:24+00:00\",\"description\":\"TCL | Adaptation de l'offre > ce qui change \u00e0 la rentr\u00e9e\",\"breadcrumb\":{\"@id\":\"https:\/\/newsestlyonnais.fr\/site\/2021\/07\/22\/tcl-adaptation-de-loffre-ce-qui-change-a-la-rentree\/#breadcrumb\"},\"inLanguage\":\"fr-FR\",\"potentialAction\":[{\"@type\":\"ReadAction\",\"target\":[\"https:\/\/newsestlyonnais.fr\/site\/2021\/07\/22\/tcl-adaptation-de-loffre-ce-qui-change-a-la-rentree\/\"]}]},{\"@type\":\"ImageObject\",\"inLanguage\":\"fr-FR\",\"@id\":\"https:\/\/newsestlyonnais.fr\/site\/2021\/07\/22\/tcl-adaptation-de-loffre-ce-qui-change-a-la-rentree\/#primaryimage\",\"url\":\"https:\/\/newsestlyonnais.fr\/site\/wp-content\/uploads\/2020\/11\/NEWSESTLYONNAIS-BUS-TCL-BIS.jpg\",\"contentUrl\":\"https:\/\/newsestlyonnais.fr\/site\/wp-content\/uploads\/2020\/11\/NEWSESTLYONNAIS-BUS-TCL-BIS.jpg\",\"width\":1200,\"height\":800},{\"@type\":\"BreadcrumbList\",\"@id\":\"https:\/\/newsestlyonnais.fr\/site\/2021\/07\/22\/tcl-adaptation-de-loffre-ce-qui-change-a-la-rentree\/#breadcrumb\",\"itemListElement\":[{\"@type\":\"ListItem\",\"position\":1,\"name\":\"Accueil\",\"item\":\"https:\/\/newsestlyonnais.fr\/site\/\"},{\"@type\":\"ListItem\",\"position\":2,\"name\":\"TCL | Adaptation de l&rsquo;offre > ce qui change \u00e0 la rentr\u00e9e\"}]},{\"@type\":\"WebSite\",\"@id\":\"https:\/\/newsestlyonnais.fr\/site\/#website\",\"url\":\"https:\/\/newsestlyonnais.fr\/site\/\",\"name\":\"News Est Lyonnais\",\"description\":\"L&#039;actualit\u00e9 au plus pr\u00e8s\",\"publisher\":{\"@id\":\"https:\/\/newsestlyonnais.fr\/site\/#organization\"},\"potentialAction\":[{\"@type\":\"SearchAction\",\"target\":{\"@type\":\"EntryPoint\",\"urlTemplate\":\"https:\/\/newsestlyonnais.fr\/site\/?s={search_term_string}\"},\"query-input\":{\"@type\":\"PropertyValueSpecification\",\"valueRequired\":true,\"valueName\":\"search_term_string\"}}],\"inLanguage\":\"fr-FR\"},{\"@type\":\"Organization\",\"@id\":\"https:\/\/newsestlyonnais.fr\/site\/#organization\",\"name\":\"News EST LYONNAIS\",\"url\":\"https:\/\/newsestlyonnais.fr\/site\/\",\"logo\":{\"@type\":\"ImageObject\",\"inLanguage\":\"fr-FR\",\"@id\":\"https:\/\/newsestlyonnais.fr\/site\/#\/schema\/logo\/image\/\",\"url\":\"\",\"contentUrl\":\"\",\"caption\":\"News EST LYONNAIS\"},\"image\":{\"@id\":\"https:\/\/newsestlyonnais.fr\/site\/#\/schema\/logo\/image\/\"}},{\"@type\":\"Person\",\"@id\":\"https:\/\/newsestlyonnais.fr\/site\/#\/schema\/person\/3230d5615f390bb808365d673001e887\",\"name\":\"R\u00e9dac. NEWS\",\"sameAs\":[\"http:\/\/www.newsestlyonnais.fr\",\"https:\/\/www.facebook.com\/pascal.oberson.1?fref=ts\",\"https:\/\/fr.linkedin.com\/in\/pascal-oberson-b17045113\"],\"url\":\"https:\/\/newsestlyonnais.fr\/site\/author\/nel\/\"}]}<\/script>\n<!-- \/ Yoast SEO plugin. -->","yoast_head_json":{"title":"TCL | Adaptation de l'offre > ce qui change \u00e0 la rentr\u00e9e - News Est Lyonnais","description":"TCL | Adaptation de l'offre > ce qui change \u00e0 la rentr\u00e9e","robots":{"index":"index","follow":"follow","max-snippet":"max-snippet:-1","max-image-preview":"max-image-preview:large","max-video-preview":"max-video-preview:-1"},"canonical":"https:\/\/newsestlyonnais.fr\/site\/2021\/07\/22\/tcl-adaptation-de-loffre-ce-qui-change-a-la-rentree\/","og_locale":"fr_FR","og_type":"article","og_title":"TCL | Adaptation de l'offre > ce qui change \u00e0 la rentr\u00e9e - News Est Lyonnais","og_description":"TCL | Adaptation de l'offre > ce qui change \u00e0 la rentr\u00e9e","og_url":"https:\/\/newsestlyonnais.fr\/site\/2021\/07\/22\/tcl-adaptation-de-loffre-ce-qui-change-a-la-rentree\/","og_site_name":"News Est Lyonnais","article_author":"https:\/\/www.facebook.com\/pascal.oberson.1?fref=ts","article_published_time":"2021-07-22T17:25:07+00:00","article_modified_time":"2021-08-04T12:12:24+00:00","og_image":[{"width":1200,"height":800,"url":"https:\/\/i1.wp.com\/newsestlyonnais.fr\/site\/wp-content\/uploads\/2020\/11\/NEWSESTLYONNAIS-BUS-TCL-BIS.jpg?fit=1200%2C800&ssl=1","type":"image\/jpeg"}],"author":"R\u00e9dac. NEWS","twitter_card":"summary_large_image","twitter_misc":{"\u00c9crit par":"R\u00e9dac. NEWS","Dur\u00e9e de lecture estim\u00e9e":"5 minutes"},"schema":{"@context":"https:\/\/schema.org","@graph":[{"@type":"Article","@id":"https:\/\/newsestlyonnais.fr\/site\/2021\/07\/22\/tcl-adaptation-de-loffre-ce-qui-change-a-la-rentree\/#article","isPartOf":{"@id":"https:\/\/newsestlyonnais.fr\/site\/2021\/07\/22\/tcl-adaptation-de-loffre-ce-qui-change-a-la-rentree\/"},"author":{"name":"R\u00e9dac. NEWS","@id":"https:\/\/newsestlyonnais.fr\/site\/#\/schema\/person\/3230d5615f390bb808365d673001e887"},"headline":"TCL | Adaptation de l&rsquo;offre > ce qui change \u00e0 la rentr\u00e9e","datePublished":"2021-07-22T17:25:07+00:00","dateModified":"2021-08-04T12:12:24+00:00","mainEntityOfPage":{"@id":"https:\/\/newsestlyonnais.fr\/site\/2021\/07\/22\/tcl-adaptation-de-loffre-ce-qui-change-a-la-rentree\/"},"wordCount":1144,"commentCount":0,"publisher":{"@id":"https:\/\/newsestlyonnais.fr\/site\/#organization"},"image":{"@id":"https:\/\/newsestlyonnais.fr\/site\/2021\/07\/22\/tcl-adaptation-de-loffre-ce-qui-change-a-la-rentree\/#primaryimage"},"thumbnailUrl":"https:\/\/newsestlyonnais.fr\/site\/wp-content\/uploads\/2020\/11\/NEWSESTLYONNAIS-BUS-TCL-BIS.jpg","keywords":["TCL","TRANSPORTS"],"articleSection":["Chassieu | Communes diverses","D\u00e9cines-Charpieu","Lyon","Meyzieu","Pratique","Saint-Priest","Transports | Circulation","Vaulx-en-Velin","Villeurbanne"],"inLanguage":"fr-FR","potentialAction":[{"@type":"CommentAction","name":"Comment","target":["https:\/\/newsestlyonnais.fr\/site\/2021\/07\/22\/tcl-adaptation-de-loffre-ce-qui-change-a-la-rentree\/#respond"]}]},{"@type":"WebPage","@id":"https:\/\/newsestlyonnais.fr\/site\/2021\/07\/22\/tcl-adaptation-de-loffre-ce-qui-change-a-la-rentree\/","url":"https:\/\/newsestlyonnais.fr\/site\/2021\/07\/22\/tcl-adaptation-de-loffre-ce-qui-change-a-la-rentree\/","name":"TCL | Adaptation de l'offre > ce qui change \u00e0 la rentr\u00e9e - News Est Lyonnais","isPartOf":{"@id":"https:\/\/newsestlyonnais.fr\/site\/#website"},"primaryImageOfPage":{"@id":"https:\/\/newsestlyonnais.fr\/site\/2021\/07\/22\/tcl-adaptation-de-loffre-ce-qui-change-a-la-rentree\/#primaryimage"},"image":{"@id":"https:\/\/newsestlyonnais.fr\/site\/2021\/07\/22\/tcl-adaptation-de-loffre-ce-qui-change-a-la-rentree\/#primaryimage"},"thumbnailUrl":"https:\/\/newsestlyonnais.fr\/site\/wp-content\/uploads\/2020\/11\/NEWSESTLYONNAIS-BUS-TCL-BIS.jpg","datePublished":"2021-07-22T17:25:07+00:00","dateModified":"2021-08-04T12:12:24+00:00","description":"TCL | Adaptation de l'offre > ce qui change \u00e0 la rentr\u00e9e","breadcrumb":{"@id":"https:\/\/newsestlyonnais.fr\/site\/2021\/07\/22\/tcl-adaptation-de-loffre-ce-qui-change-a-la-rentree\/#breadcrumb"},"inLanguage":"fr-FR","potentialAction":[{"@type":"ReadAction","target":["https:\/\/newsestlyonnais.fr\/site\/2021\/07\/22\/tcl-adaptation-de-loffre-ce-qui-change-a-la-rentree\/"]}]},{"@type":"ImageObject","inLanguage":"fr-FR","@id":"https:\/\/newsestlyonnais.fr\/site\/2021\/07\/22\/tcl-adaptation-de-loffre-ce-qui-change-a-la-rentree\/#primaryimage","url":"https:\/\/newsestlyonnais.fr\/site\/wp-content\/uploads\/2020\/11\/NEWSESTLYONNAIS-BUS-TCL-BIS.jpg","contentUrl":"https:\/\/newsestlyonnais.fr\/site\/wp-content\/uploads\/2020\/11\/NEWSESTLYONNAIS-BUS-TCL-BIS.jpg","width":1200,"height":800},{"@type":"BreadcrumbList","@id":"https:\/\/newsestlyonnais.fr\/site\/2021\/07\/22\/tcl-adaptation-de-loffre-ce-qui-change-a-la-rentree\/#breadcrumb","itemListElement":[{"@type":"ListItem","position":1,"name":"Accueil","item":"https:\/\/newsestlyonnais.fr\/site\/"},{"@type":"ListItem","position":2,"name":"TCL | Adaptation de l&rsquo;offre > ce qui change \u00e0 la rentr\u00e9e"}]},{"@type":"WebSite","@id":"https:\/\/newsestlyonnais.fr\/site\/#website","url":"https:\/\/newsestlyonnais.fr\/site\/","name":"News Est Lyonnais","description":"L&#039;actualit\u00e9 au plus pr\u00e8s","publisher":{"@id":"https:\/\/newsestlyonnais.fr\/site\/#organization"},"potentialAction":[{"@type":"SearchAction","target":{"@type":"EntryPoint","urlTemplate":"https:\/\/newsestlyonnais.fr\/site\/?s={search_term_string}"},"query-input":{"@type":"PropertyValueSpecification","valueRequired":true,"valueName":"search_term_string"}}],"inLanguage":"fr-FR"},{"@type":"Organization","@id":"https:\/\/newsestlyonnais.fr\/site\/#organization","name":"News EST LYONNAIS","url":"https:\/\/newsestlyonnais.fr\/site\/","logo":{"@type":"ImageObject","inLanguage":"fr-FR","@id":"https:\/\/newsestlyonnais.fr\/site\/#\/schema\/logo\/image\/","url":"","contentUrl":"","caption":"News EST LYONNAIS"},"image":{"@id":"https:\/\/newsestlyonnais.fr\/site\/#\/schema\/logo\/image\/"}},{"@type":"Person","@id":"https:\/\/newsestlyonnais.fr\/site\/#\/schema\/person\/3230d5615f390bb808365d673001e887","name":"R\u00e9dac. NEWS","sameAs":["http:\/\/www.newsestlyonnais.fr","https:\/\/www.facebook.com\/pascal.oberson.1?fref=ts","https:\/\/fr.linkedin.com\/in\/pascal-oberson-b17045113"],"url":"https:\/\/newsestlyonnais.fr\/site\/author\/nel\/"}]}},"_links":{"self":[{"href":"https:\/\/newsestlyonnais.fr\/site\/wp-json\/wp\/v2\/posts\/135404","targetHints":{"allow":["GET"]}}],"collection":[{"href":"https:\/\/newsestlyonnais.fr\/site\/wp-json\/wp\/v2\/posts"}],"about":[{"href":"https:\/\/newsestlyonnais.fr\/site\/wp-json\/wp\/v2\/types\/post"}],"author":[{"embeddable":true,"href":"https:\/\/newsestlyonnais.fr\/site\/wp-json\/wp\/v2\/users\/4"}],"replies":[{"embeddable":true,"href":"https:\/\/newsestlyonnais.fr\/site\/wp-json\/wp\/v2\/comments?post=135404"}],"version-history":[{"count":0,"href":"https:\/\/newsestlyonnais.fr\/site\/wp-json\/wp\/v2\/posts\/135404\/revisions"}],"wp:featuredmedia":[{"embeddable":true,"href":"https:\/\/newsestlyonnais.fr\/site\/wp-json\/wp\/v2\/media\/118764"}],"wp:attachment":[{"href":"https:\/\/newsestlyonnais.fr\/site\/wp-json\/wp\/v2\/media?parent=135404"}],"wp:term":[{"taxonomy":"category","embeddable":true,"href":"https:\/\/newsestlyonnais.fr\/site\/wp-json\/wp\/v2\/categories?post=135404"},{"taxonomy":"post_tag","embeddable":true,"href":"https:\/\/newsestlyonnais.fr\/site\/wp-json\/wp\/v2\/tags?post=135404"}],"curies":[{"name":"wp","href":"https:\/\/api.w.org\/{rel}","templated":true}]}}