{"id":135611,"date":"2021-07-26T17:56:50","date_gmt":"2021-07-26T16:56:50","guid":{"rendered":"https:\/\/newsestlyonnais.fr\/site\/?p=135611"},"modified":"2021-08-12T14:53:14","modified_gmt":"2021-08-12T13:53:14","slug":"bron-tout-lete-culture-nature-sorties-fetes-et-animations","status":"publish","type":"post","link":"https:\/\/newsestlyonnais.fr\/site\/2021\/07\/26\/bron-tout-lete-culture-nature-sorties-fetes-et-animations\/","title":{"rendered":"BRON | Tout l&rsquo;\u00e9t\u00e9 > culture, nature, sorties, f\u00eates et animations"},"content":{"rendered":"<p><span style=\"background-color: #000000; color: #ffffff; font-size: 18pt;\"><strong><span style=\"background-color: #000000;\">Sport<\/span><\/strong><\/span><\/p>\n<p><span style=\"text-decoration: underline;\"><strong>Nager et se rafra\u00eechir :<\/strong><\/span><\/p>\n<p>Le Centre nautique Andr\u00e9 Sousi ouvre ses portes \u2013 et ses bassins ! &#8211; uniquement sur r\u00e9servation pr\u00e9alable par t\u00e9l\u00e9phone ou directement en ligne. <strong>Jusqu\u2019au 5 septembre<\/strong>, il est <strong>en mode \u00ab \u00e9t\u00e9 \u00bb<\/strong> ! Profitez d&rsquo;une plus grande amplitude horaire (du lundi au vendredi de 10 \u00e0 20 h et le week-end de 10 \u00e0 19 h) et de l\u2019ouverture des espaces ext\u00e9rieurs et de la pataugeoire pour nager, barboter et vous d\u00e9tendre. <strong><a title=\"Le Centre nautique cet \u00e9t\u00e9, mode d'emploi\" href=\"https:\/\/www.ville-bron.fr\/actualites\/le-centre-nautique-cet-ete-mode-demploi\"><span style=\"color: #0000ff;\">En savoir +<\/span> <\/a><\/strong><\/p>\n<p><span style=\"text-decoration: underline;\"><strong>Atout Sport<\/strong><\/span><\/p>\n<p>Atout Sport, le centre de loisirs sportifs municipal pour l&rsquo;\u00e9t\u00e9 pour les enfants de 6 \u00e0 13 ans, <strong>jusqu&rsquo;au<\/strong> <strong>vendredi 30 juillet<\/strong> de 8 h \u00e0 17 h 15 avec de nombreuses activit\u00e9s au programme ! <strong><a title=\"Animations sportives estivales : il reste des places !\" href=\"https:\/\/www.ville-bron.fr\/actualites\/animations-sportives-estivales-il-reste-des-places\"><span style=\"color: #0000ff;\">En savoir +<\/span><\/a><\/strong><\/p>\n<p><strong><span style=\"text-decoration: underline;\">M\u00e9tropole Vacances Sportives<\/span><\/strong><\/p>\n<p><strong>Jusqu&rsquo;au vendredi 13 ao\u00fbt<\/strong>, M\u00e9tropole Vacances sportives revient avec tout un programme d&rsquo;activit\u00e9s gratuites pour les jeunes de 6 \u00e0 18 ans qui ne partent pas en vacances. \u00c0 Bron, c&rsquo;est au Parc de Parilly que \u00e7a se passe, avec une douzaine de disciplines \u00e0 d\u00e9couvrir. <strong><a class=\"ext\" title=\"Vacances sportives sur grandlyon.com (nouvelle fen\u00eatre)\" href=\"https:\/\/www.grandlyon.com\/a-vivre\/vacances-metropole.html\" target=\"_blank\" rel=\"nofollow noopener\"><span style=\"color: #0000ff;\">En<\/span> <span style=\"color: #0000ff;\">savoir + <\/span><\/a><\/strong><\/p>\n<p><strong><span style=\"text-decoration: underline;\">Volley, tournoi anniversaire sur herbe<\/span> !<\/strong><\/p>\n<p><strong>Dimanche 29 ao\u00fbt <\/strong>d\u00e8s 9 h au stade Pierre Duboeuf, le <span style=\"color: #0000ff;\"><a style=\"color: #0000ff;\" title=\"Annuaire des associations : Volley Bron @ Lyon lumi\u00e8re (VB@LL)\" href=\"https:\/\/www.ville-bron.fr\/annuaires\/annuaire-des-associations\/volley-bron-lyon-lumiere-vbll\">Vb@ll<\/a><\/span> propose un tournoi de volley : 3 x 3 masculin, 3 x 3 f\u00e9minin, 4 x 4 mixte ou tournoi jeune au programme pour f\u00eater les 20 ans du club avec des animations et de la musique ann\u00e9es 2000.<\/p>\n<hr \/>\n<p><span style=\"background-color: #000000; color: #ffffff; font-size: 18pt;\">Cin\u00e9ma<\/span><\/p>\n<p><span style=\"text-decoration: underline;\"><strong><span style=\"font-size: 12pt;\">Des s\u00e9ances de cin\u00e9ma en plein air<\/span><\/strong><\/span><\/p>\n<p><strong>Jusqu&rsquo;au vendredi 6 ao\u00fbt<\/strong>, le cin\u00e9ma Les Aliz\u00e9s, en partenariat avec la Ville, reconduit l\u2019op\u00e9ration \u201cUn \u00e9t\u00e9 au cin\u00e9ma\u201d et offre des s\u00e9ances gratuites en plein air, \u00e0 22 h, dans les quartiers de Bron. Et, en prime, un pr\u00e9lude musical pour certaines d&rsquo;entre elles ! Alors, faites-vous une toile, la t\u00eate dans les \u00e9toiles ! <span style=\"color: #0000ff;\"><strong><a style=\"color: #0000ff;\" title=\"Cin\u00e9ma en plein air : toutes toiles dehors !\" href=\"https:\/\/www.ville-bron.fr\/actualites\/cinema-en-plein-air-toutes-toiles-dehors\">En savoir +<\/a><\/strong><\/span><\/p>\n<hr \/>\n<p><span style=\"background-color: #000000; color: #ffffff; font-size: 18pt;\">Culture<\/span><\/p>\n<p><span style=\"text-decoration: underline;\"><strong>Exposition Croqu&rsquo;Festival<\/strong><\/span><\/p>\n<p><strong>Jusqu&rsquo;au vendredi 30 juillet<\/strong>, venez d\u00e9couvrir \u00ab\u00a0Croqu\u2019festival\u00a0\u00bb, une exposition des croquis d\u2019Alexandra Lolivrel r\u00e9alis\u00e9s tout au long des Sc\u00e8nes de rencontres \u00ab\u00a0Au c\u0153ur de tes oreilles\u00a0\u00bb \u00e0 la Ferme du Vinatier. <strong><a title=\"Exposition Croqu\u2019festival\" href=\"https:\/\/www.ville-bron.fr\/agenda\/exposition-croqufestival\"><span style=\"color: #0000ff;\">En savoir +<\/span><\/a><\/strong><\/p>\n<p><span style=\"text-decoration: underline;\"><strong>Visite guid\u00e9e du Fort<\/strong><\/span><\/p>\n<p><strong>Le dimanche 1\u00b0 ao\u00fbt<\/strong>, l\u2019association du Fort de Bron reprend ses visites (gratuites) dominicales. Rendez-vous de 13 h 30 \u00e0 16 h 30 pour une d\u00e9couverte, en petits groupes (10 personnes max) de l\u2019\u00e9difice. <strong><a class=\"ext\" title=\"fort-de-bron.fr (nouvelle fen\u00eatre)\" href=\"https:\/\/www.fort-de-bron.fr\/infos-pratiques\/\" target=\"_blank\" rel=\"nofollow noopener\"><span style=\"color: #0000ff;\">En savoir + <\/span><\/a><\/strong><\/p>\n<hr \/>\n<p><span style=\"background-color: #000000; color: #ffffff; font-size: 18pt;\">Moments festifs et conviviaux<\/span><\/p>\n<p><span style=\"text-decoration: underline;\"><strong>Picnic en musique !<\/strong><\/span><\/p>\n<p>7 soir\u00e9es, 7 quartiers, 7 ambiances <strong>de 20 h \u00e0 22 h jusqu&rsquo;au jeudi 26 ao\u00fbt<\/strong><\/p>\n<ul>\n<li><strong>jeudi 29 juillet<\/strong>, Square Grimma : Fiesta Cubana<\/li>\n<li><strong>jeudi 5 ao\u00fbt<\/strong>, Place Curial : Diego Fuego<\/li>\n<li><strong>jeudi 12 ao\u00fbt<\/strong>, Pelouse de l\u2019UC4 (Parilly)<\/li>\n<li><strong>jeudi 19 ao\u00fbt<\/strong>, Parc des Essarts : Sol Antilles Event<\/li>\n<li><strong>jeudi 26 ao\u00fbt<\/strong>, Parc Rosa Parks : Manakin<\/li>\n<\/ul>\n<p><strong><a title=\"Les Picnic en musique ! 7 soir\u00e9es, 7 quartiers, 7 ambiances\" href=\"https:\/\/www.ville-bron.fr\/agenda\/les-picnic-en-musique-7-soirees-7-quartiers-7-ambiances\"><span style=\"color: #0000ff;\">Tout le programme<\/span> <\/a><\/strong><\/p>\n<hr \/>\n<p><span style=\"font-size: 18pt; background-color: #000000; color: #ffffff;\">Les Rendez-Vous Bron&#8230; sous parasol<\/span><\/p>\n<p><strong>Jusqu&rsquo;au vendredi 27 ao\u00fbt<\/strong>, chaque lendemain de Picnic en Musique, retrouvez, au m\u00eame endroit les m\u00e9diath\u00e9caires de Bron pour une matin\u00e9e autour de lectures sonores, de jeux en plein air\u2026 Installez-vous et d\u00e9tendez-vous en famille, entre voisins ou entre amis, les vendredis de 9 h 30 \u00e0 11 h. <a title=\"Les RVB (Rendez-Vous Bron) ... sous parasol !\" href=\"https:\/\/www.ville-bron.fr\/agenda\/les-rvb-rendez-vous-bron-sous-parasol-0\"><span style=\"color: #0000ff;\">En savoir +<\/span><\/a><\/p>\n<hr \/>\n<p><span style=\"font-size: 18pt; background-color: #000000; color: #ffffff;\">Les Terrasses de l&rsquo;\u00e9t\u00e9 \u00e0 Parilly<\/span><\/p>\n<p><strong>Jusqu&rsquo;au jeudi 5 ao\u00fbt<\/strong>, les Terrasses de l\u2019\u00e9t\u00e9 reprennent leurs quartiers les lundis et les jeudis de 19 h \u00e0 21 h, dans l\u2019ensemble du quartier de Parilly avec des animations en plein air pour tous les \u00e2ges propos\u00e9es par le <a title=\"Centre Social et socioculturel Les Taillis\" href=\"https:\/\/www.ville-bron.fr\/annuaires\/annuaire-des-associations\/centre-social-et-socioculturel-les-taillis\"><span style=\"color: #0000ff;\">Centre social des Taillis<\/span><\/a>\u2026 <strong><a title=\"Les Terrasses de l'\u00e9t\u00e9 \u00e0 Parilly (nouvelle fen\u00eatre)\" href=\"https:\/\/www.ville-bron.fr\/agenda\/les-terrasses-de-lete-parilly-1\" target=\"_blank\" rel=\"noopener\"><span style=\"color: #0000ff;\">En savoir +<\/span><\/a><\/strong><\/p>\n<hr \/>\n<p><span style=\"font-size: 18pt; background-color: #000000; color: #ffffff;\">Le spectacle est dans la rue \u00e0 Terraillon<\/span><\/p>\n<p><strong>jusqu&rsquo;au mardi 27 juillet<\/strong>, un rendez-vous \u201cculture\u201d chaque semaine en juillet avec le <a title=\"Annuaire des \u00e9quipements de proximit\u00e9 : Centre social G\u00e9rard Philipe\" href=\"https:\/\/www.ville-bron.fr\/annuaires\/annuaire-des-equipements-proximite\/centre-social-gerard-philipe\"><span style=\"color: #0000ff;\">Centre social G\u00e9rard Philipe<\/span><\/a><span style=\"color: #0000ff;\">. <\/span><strong><a class=\"ext\" title=\"L'\u00e9t\u00e9 au Centre social G\u00e9rard Philipe (nouvelle fen\u00eatre)\" href=\"https:\/\/centresocialgerardphilipe.fr\/culture-ete2021\/\" target=\"_blank\" rel=\"nofollow noopener\"><span style=\"color: #0000ff;\">En savoir +<\/span> <\/a><\/strong><\/p>\n<hr \/>\n<p><span style=\"font-size: 18pt; background-color: #000000; color: #ffffff;\">Journ\u00e9e Bulle d&rsquo;air<\/span><\/p>\n<p>Rendez-vous au Terrain d\u2019aventure (av. Brossolette) pour un voyage dans le temps avec le plein d\u2019animations et une exploration avec le Mus\u00e9e Lugdunum. Infos : <a title=\"Annuaire des \u00e9quipements de proximit\u00e9 : Maison du Terraillon\" href=\"https:\/\/www.ville-bron.fr\/annuaires\/annuaire-des-equipements-proximite\/maison-du-terraillon\"><span style=\"color: #0000ff;\">Maison du Terraillon<\/span><\/a>, 04 78 26 64 03<\/p>\n<hr \/>\n<p><span style=\"font-size: 18pt; background-color: #000000; color: #ffffff;\">L&rsquo;\u00e9t\u00e9 aux Gen\u00eats<\/span><\/p>\n<p>Jusqu&rsquo;au vendredi 13 ao\u00fbt, la <a title=\"Maison de quartier des Gen\u00eats (nouvelle fen\u00eatre)\" href=\"https:\/\/www.ville-bron.fr\/annuaires\/annuaire-des-associations\/maison-de-quartier-des-genets\" target=\"_blank\" rel=\"noopener\"><span style=\"color: #0000ff;\">Maison de quartier des Gen\u00eats<\/span><\/a> organise ses soir\u00e9es du vendredi autour de Barbecues th\u00e9matiques. <span style=\"color: #0000ff;\"><a style=\"color: #0000ff;\" title=\"L'\u00e9t\u00e9 aux Gen\u00eats (nouvelle fen\u00eatre)\" href=\"https:\/\/www.ville-bron.fr\/agenda\/lete-aux-genets\" target=\"_blank\" rel=\"noopener\"><strong>En savoir +<\/strong><\/a><\/span><\/p>\n<hr \/>\n<p><span style=\"font-size: 18pt; background-color: #000000; color: #ffffff;\">Lecture <\/span><\/p>\n<p>Ouverte tout l&rsquo;\u00e9t\u00e9, la M\u00e9diath\u00e8que Jean Pr\u00e9vost\u00a0 am\u00e9nage ses horaires <strong>jusqu&rsquo;au samedi 28 ao\u00fbt<\/strong>. Les biblioth\u00e9caires seront aussi pr\u00e9sentes \u201chors les murs\u201d \u00e0 l\u2019occasion des nombreux \u00e9v\u00e9nements se d\u00e9roulant sur la ville. Alors cet \u00e9t\u00e9, venez (re)d\u00e9couvrir votre m\u00e9diath\u00e8que et faire un plongeon dans la culture ! <a title=\"Voil\u00e0 l'\u00e9t\u00e9 \u00e0 la M\u00e9diath\u00e8que !\" href=\"https:\/\/www.ville-bron.fr\/actualites\/voila-lete-la-mediatheque-1\"><strong><span style=\"color: #0000ff;\">En savoir +<\/span><\/strong><\/a><\/p>\n<hr \/>\n<p><span style=\"background-color: #000000; color: #ffffff; font-size: 18pt;\">Balades pour d\u00e9couvrir et apprendre<\/span><\/p>\n<p>Saviez-vous que le site internet de la Ville propose des balades num\u00e9riques &#8211;<strong> \u201cLes chemins des savoirs\u201d <\/strong>&#8211; qui permettent de (re) d\u00e9couvrir Bron autour de th\u00e9matiques li\u00e9es \u00e0 l\u2019Histoire &#8211; Patrimoine, M\u00e9moire -, mais aussi \u00e0 la nature dans la ville ? Alors, profitez de l&rsquo;\u00e9t\u00e9 pour vous laisser guider vers de belles d\u00e9couvertes. Bonnes promenades ! <a title=\"Les chemins des savoirs (nouvelle fen\u00eatre)\" href=\"https:\/\/www.ville-bron.fr\/culture-sport-mes-loisirs\/envie-de-nature\/les-chemins-des-savoirs\" target=\"_blank\" rel=\"noopener\"><span style=\"color: #0000ff;\">En savoir +<\/span><\/a><\/p>\n<hr \/>\n<hr \/>\n<p>&nbsp;<\/p>\n","protected":false},"excerpt":{"rendered":"<p>Un cocktail rafra\u00eechissant et divers servi par la ville, les \u00e9quipements et les associations.<\/p>\n","protected":false},"author":4,"featured_media":135613,"comment_status":"open","ping_status":"open","sticky":false,"template":"","format":"standard","meta":{"footnotes":""},"categories":[574,19,221,166,171,1152,2983,3006],"tags":[2072,3853],"class_list":["post-135611","post","type-post","status-publish","format-standard","has-post-thumbnail","hentry","category-autres-sports","category-bron","category-cine-radio-theatre","category-divers-sports","category-enfance-jeunesse","category-hippisme-piscines","category-litterature-bd-mags-2","category-musique-danse-humour","tag-bron","tag-ete"],"yoast_head":"<!-- This site is optimized with the Yoast SEO plugin v27.2 - https:\/\/yoast.com\/product\/yoast-seo-wordpress\/ -->\n<title>BRON | Tout l&#039;\u00e9t\u00e9 &gt; culture, nature, sorties, f\u00eates et animations - News Est Lyonnais<\/title>\n<meta name=\"description\" content=\"BRON | Tout l&#039;\u00e9t\u00e9 &gt; culture, nature, sorties, f\u00eates et animations\" \/>\n<meta name=\"robots\" content=\"index, follow, max-snippet:-1, max-image-preview:large, max-video-preview:-1\" \/>\n<link rel=\"canonical\" href=\"https:\/\/newsestlyonnais.fr\/site\/2021\/07\/26\/bron-tout-lete-culture-nature-sorties-fetes-et-animations\/\" \/>\n<meta property=\"og:locale\" content=\"fr_FR\" \/>\n<meta property=\"og:type\" content=\"article\" \/>\n<meta property=\"og:title\" content=\"BRON | Tout l&#039;\u00e9t\u00e9 &gt; culture, nature, sorties, f\u00eates et animations - News Est Lyonnais\" \/>\n<meta property=\"og:description\" content=\"BRON | Tout l&#039;\u00e9t\u00e9 &gt; culture, nature, sorties, f\u00eates et animations\" \/>\n<meta property=\"og:url\" content=\"https:\/\/newsestlyonnais.fr\/site\/2021\/07\/26\/bron-tout-lete-culture-nature-sorties-fetes-et-animations\/\" \/>\n<meta property=\"og:site_name\" content=\"News Est Lyonnais\" \/>\n<meta property=\"article:author\" content=\"https:\/\/www.facebook.com\/pascal.oberson.1?fref=ts\" \/>\n<meta property=\"article:published_time\" content=\"2021-07-26T16:56:50+00:00\" \/>\n<meta property=\"article:modified_time\" content=\"2021-08-12T13:53:14+00:00\" \/>\n<meta property=\"og:image\" content=\"https:\/\/i2.wp.com\/newsestlyonnais.fr\/site\/wp-content\/uploads\/2021\/07\/2021-rafraichissez-vous-ete.jpg?fit=412%2C290&ssl=1\" \/>\n\t<meta property=\"og:image:width\" content=\"412\" \/>\n\t<meta property=\"og:image:height\" content=\"290\" \/>\n\t<meta property=\"og:image:type\" content=\"image\/jpeg\" \/>\n<meta name=\"author\" content=\"R\u00e9dac. NEWS\" \/>\n<meta name=\"twitter:card\" content=\"summary_large_image\" \/>\n<meta name=\"twitter:label1\" content=\"\u00c9crit par\" \/>\n\t<meta name=\"twitter:data1\" content=\"R\u00e9dac. NEWS\" \/>\n\t<meta name=\"twitter:label2\" content=\"Dur\u00e9e de lecture estim\u00e9e\" \/>\n\t<meta name=\"twitter:data2\" content=\"4 minutes\" \/>\n<script type=\"application\/ld+json\" class=\"yoast-schema-graph\">{\"@context\":\"https:\/\/schema.org\",\"@graph\":[{\"@type\":\"Article\",\"@id\":\"https:\/\/newsestlyonnais.fr\/site\/2021\/07\/26\/bron-tout-lete-culture-nature-sorties-fetes-et-animations\/#article\",\"isPartOf\":{\"@id\":\"https:\/\/newsestlyonnais.fr\/site\/2021\/07\/26\/bron-tout-lete-culture-nature-sorties-fetes-et-animations\/\"},\"author\":{\"name\":\"R\u00e9dac. NEWS\",\"@id\":\"https:\/\/newsestlyonnais.fr\/site\/#\/schema\/person\/3230d5615f390bb808365d673001e887\"},\"headline\":\"BRON | Tout l&rsquo;\u00e9t\u00e9 > culture, nature, sorties, f\u00eates et animations\",\"datePublished\":\"2021-07-26T16:56:50+00:00\",\"dateModified\":\"2021-08-12T13:53:14+00:00\",\"mainEntityOfPage\":{\"@id\":\"https:\/\/newsestlyonnais.fr\/site\/2021\/07\/26\/bron-tout-lete-culture-nature-sorties-fetes-et-animations\/\"},\"wordCount\":781,\"commentCount\":0,\"publisher\":{\"@id\":\"https:\/\/newsestlyonnais.fr\/site\/#organization\"},\"image\":{\"@id\":\"https:\/\/newsestlyonnais.fr\/site\/2021\/07\/26\/bron-tout-lete-culture-nature-sorties-fetes-et-animations\/#primaryimage\"},\"thumbnailUrl\":\"https:\/\/newsestlyonnais.fr\/site\/wp-content\/uploads\/2021\/07\/2021-rafraichissez-vous-ete.jpg\",\"keywords\":[\"BRON\",\"ETE\"],\"articleSection\":[\"Autres sports\",\"Bron\",\"Cin\u00e9 | Radio | Th\u00e9\u00e2tre\",\"Divers Sports\",\"Enfance | Jeunesse\",\"Hippisme | Piscines\",\"Litt\u00e9rature | Bd | Mags\",\"Musique | Danse | Humour\"],\"inLanguage\":\"fr-FR\",\"potentialAction\":[{\"@type\":\"CommentAction\",\"name\":\"Comment\",\"target\":[\"https:\/\/newsestlyonnais.fr\/site\/2021\/07\/26\/bron-tout-lete-culture-nature-sorties-fetes-et-animations\/#respond\"]}]},{\"@type\":\"WebPage\",\"@id\":\"https:\/\/newsestlyonnais.fr\/site\/2021\/07\/26\/bron-tout-lete-culture-nature-sorties-fetes-et-animations\/\",\"url\":\"https:\/\/newsestlyonnais.fr\/site\/2021\/07\/26\/bron-tout-lete-culture-nature-sorties-fetes-et-animations\/\",\"name\":\"BRON | Tout l'\u00e9t\u00e9 > culture, nature, sorties, f\u00eates et animations - News Est Lyonnais\",\"isPartOf\":{\"@id\":\"https:\/\/newsestlyonnais.fr\/site\/#website\"},\"primaryImageOfPage\":{\"@id\":\"https:\/\/newsestlyonnais.fr\/site\/2021\/07\/26\/bron-tout-lete-culture-nature-sorties-fetes-et-animations\/#primaryimage\"},\"image\":{\"@id\":\"https:\/\/newsestlyonnais.fr\/site\/2021\/07\/26\/bron-tout-lete-culture-nature-sorties-fetes-et-animations\/#primaryimage\"},\"thumbnailUrl\":\"https:\/\/newsestlyonnais.fr\/site\/wp-content\/uploads\/2021\/07\/2021-rafraichissez-vous-ete.jpg\",\"datePublished\":\"2021-07-26T16:56:50+00:00\",\"dateModified\":\"2021-08-12T13:53:14+00:00\",\"description\":\"BRON | Tout l'\u00e9t\u00e9 > culture, nature, sorties, f\u00eates et animations\",\"breadcrumb\":{\"@id\":\"https:\/\/newsestlyonnais.fr\/site\/2021\/07\/26\/bron-tout-lete-culture-nature-sorties-fetes-et-animations\/#breadcrumb\"},\"inLanguage\":\"fr-FR\",\"potentialAction\":[{\"@type\":\"ReadAction\",\"target\":[\"https:\/\/newsestlyonnais.fr\/site\/2021\/07\/26\/bron-tout-lete-culture-nature-sorties-fetes-et-animations\/\"]}]},{\"@type\":\"ImageObject\",\"inLanguage\":\"fr-FR\",\"@id\":\"https:\/\/newsestlyonnais.fr\/site\/2021\/07\/26\/bron-tout-lete-culture-nature-sorties-fetes-et-animations\/#primaryimage\",\"url\":\"https:\/\/newsestlyonnais.fr\/site\/wp-content\/uploads\/2021\/07\/2021-rafraichissez-vous-ete.jpg\",\"contentUrl\":\"https:\/\/newsestlyonnais.fr\/site\/wp-content\/uploads\/2021\/07\/2021-rafraichissez-vous-ete.jpg\",\"width\":412,\"height\":290},{\"@type\":\"BreadcrumbList\",\"@id\":\"https:\/\/newsestlyonnais.fr\/site\/2021\/07\/26\/bron-tout-lete-culture-nature-sorties-fetes-et-animations\/#breadcrumb\",\"itemListElement\":[{\"@type\":\"ListItem\",\"position\":1,\"name\":\"Accueil\",\"item\":\"https:\/\/newsestlyonnais.fr\/site\/\"},{\"@type\":\"ListItem\",\"position\":2,\"name\":\"BRON | Tout l&rsquo;\u00e9t\u00e9 > culture, nature, sorties, f\u00eates et animations\"}]},{\"@type\":\"WebSite\",\"@id\":\"https:\/\/newsestlyonnais.fr\/site\/#website\",\"url\":\"https:\/\/newsestlyonnais.fr\/site\/\",\"name\":\"News Est Lyonnais\",\"description\":\"L&#039;actualit\u00e9 au plus pr\u00e8s\",\"publisher\":{\"@id\":\"https:\/\/newsestlyonnais.fr\/site\/#organization\"},\"potentialAction\":[{\"@type\":\"SearchAction\",\"target\":{\"@type\":\"EntryPoint\",\"urlTemplate\":\"https:\/\/newsestlyonnais.fr\/site\/?s={search_term_string}\"},\"query-input\":{\"@type\":\"PropertyValueSpecification\",\"valueRequired\":true,\"valueName\":\"search_term_string\"}}],\"inLanguage\":\"fr-FR\"},{\"@type\":\"Organization\",\"@id\":\"https:\/\/newsestlyonnais.fr\/site\/#organization\",\"name\":\"News EST LYONNAIS\",\"url\":\"https:\/\/newsestlyonnais.fr\/site\/\",\"logo\":{\"@type\":\"ImageObject\",\"inLanguage\":\"fr-FR\",\"@id\":\"https:\/\/newsestlyonnais.fr\/site\/#\/schema\/logo\/image\/\",\"url\":\"\",\"contentUrl\":\"\",\"caption\":\"News EST LYONNAIS\"},\"image\":{\"@id\":\"https:\/\/newsestlyonnais.fr\/site\/#\/schema\/logo\/image\/\"}},{\"@type\":\"Person\",\"@id\":\"https:\/\/newsestlyonnais.fr\/site\/#\/schema\/person\/3230d5615f390bb808365d673001e887\",\"name\":\"R\u00e9dac. NEWS\",\"sameAs\":[\"http:\/\/www.newsestlyonnais.fr\",\"https:\/\/www.facebook.com\/pascal.oberson.1?fref=ts\",\"https:\/\/fr.linkedin.com\/in\/pascal-oberson-b17045113\"],\"url\":\"https:\/\/newsestlyonnais.fr\/site\/author\/nel\/\"}]}<\/script>\n<!-- \/ Yoast SEO plugin. -->","yoast_head_json":{"title":"BRON | Tout l'\u00e9t\u00e9 > culture, nature, sorties, f\u00eates et animations - News Est Lyonnais","description":"BRON | Tout l'\u00e9t\u00e9 > culture, nature, sorties, f\u00eates et animations","robots":{"index":"index","follow":"follow","max-snippet":"max-snippet:-1","max-image-preview":"max-image-preview:large","max-video-preview":"max-video-preview:-1"},"canonical":"https:\/\/newsestlyonnais.fr\/site\/2021\/07\/26\/bron-tout-lete-culture-nature-sorties-fetes-et-animations\/","og_locale":"fr_FR","og_type":"article","og_title":"BRON | Tout l'\u00e9t\u00e9 > culture, nature, sorties, f\u00eates et animations - News Est Lyonnais","og_description":"BRON | Tout l'\u00e9t\u00e9 > culture, nature, sorties, f\u00eates et animations","og_url":"https:\/\/newsestlyonnais.fr\/site\/2021\/07\/26\/bron-tout-lete-culture-nature-sorties-fetes-et-animations\/","og_site_name":"News Est Lyonnais","article_author":"https:\/\/www.facebook.com\/pascal.oberson.1?fref=ts","article_published_time":"2021-07-26T16:56:50+00:00","article_modified_time":"2021-08-12T13:53:14+00:00","og_image":[{"width":412,"height":290,"url":"https:\/\/i2.wp.com\/newsestlyonnais.fr\/site\/wp-content\/uploads\/2021\/07\/2021-rafraichissez-vous-ete.jpg?fit=412%2C290&ssl=1","type":"image\/jpeg"}],"author":"R\u00e9dac. NEWS","twitter_card":"summary_large_image","twitter_misc":{"\u00c9crit par":"R\u00e9dac. NEWS","Dur\u00e9e de lecture estim\u00e9e":"4 minutes"},"schema":{"@context":"https:\/\/schema.org","@graph":[{"@type":"Article","@id":"https:\/\/newsestlyonnais.fr\/site\/2021\/07\/26\/bron-tout-lete-culture-nature-sorties-fetes-et-animations\/#article","isPartOf":{"@id":"https:\/\/newsestlyonnais.fr\/site\/2021\/07\/26\/bron-tout-lete-culture-nature-sorties-fetes-et-animations\/"},"author":{"name":"R\u00e9dac. NEWS","@id":"https:\/\/newsestlyonnais.fr\/site\/#\/schema\/person\/3230d5615f390bb808365d673001e887"},"headline":"BRON | Tout l&rsquo;\u00e9t\u00e9 > culture, nature, sorties, f\u00eates et animations","datePublished":"2021-07-26T16:56:50+00:00","dateModified":"2021-08-12T13:53:14+00:00","mainEntityOfPage":{"@id":"https:\/\/newsestlyonnais.fr\/site\/2021\/07\/26\/bron-tout-lete-culture-nature-sorties-fetes-et-animations\/"},"wordCount":781,"commentCount":0,"publisher":{"@id":"https:\/\/newsestlyonnais.fr\/site\/#organization"},"image":{"@id":"https:\/\/newsestlyonnais.fr\/site\/2021\/07\/26\/bron-tout-lete-culture-nature-sorties-fetes-et-animations\/#primaryimage"},"thumbnailUrl":"https:\/\/newsestlyonnais.fr\/site\/wp-content\/uploads\/2021\/07\/2021-rafraichissez-vous-ete.jpg","keywords":["BRON","ETE"],"articleSection":["Autres sports","Bron","Cin\u00e9 | Radio | Th\u00e9\u00e2tre","Divers Sports","Enfance | Jeunesse","Hippisme | Piscines","Litt\u00e9rature | Bd | Mags","Musique | Danse | Humour"],"inLanguage":"fr-FR","potentialAction":[{"@type":"CommentAction","name":"Comment","target":["https:\/\/newsestlyonnais.fr\/site\/2021\/07\/26\/bron-tout-lete-culture-nature-sorties-fetes-et-animations\/#respond"]}]},{"@type":"WebPage","@id":"https:\/\/newsestlyonnais.fr\/site\/2021\/07\/26\/bron-tout-lete-culture-nature-sorties-fetes-et-animations\/","url":"https:\/\/newsestlyonnais.fr\/site\/2021\/07\/26\/bron-tout-lete-culture-nature-sorties-fetes-et-animations\/","name":"BRON | Tout l'\u00e9t\u00e9 > culture, nature, sorties, f\u00eates et animations - News Est Lyonnais","isPartOf":{"@id":"https:\/\/newsestlyonnais.fr\/site\/#website"},"primaryImageOfPage":{"@id":"https:\/\/newsestlyonnais.fr\/site\/2021\/07\/26\/bron-tout-lete-culture-nature-sorties-fetes-et-animations\/#primaryimage"},"image":{"@id":"https:\/\/newsestlyonnais.fr\/site\/2021\/07\/26\/bron-tout-lete-culture-nature-sorties-fetes-et-animations\/#primaryimage"},"thumbnailUrl":"https:\/\/newsestlyonnais.fr\/site\/wp-content\/uploads\/2021\/07\/2021-rafraichissez-vous-ete.jpg","datePublished":"2021-07-26T16:56:50+00:00","dateModified":"2021-08-12T13:53:14+00:00","description":"BRON | Tout l'\u00e9t\u00e9 > culture, nature, sorties, f\u00eates et animations","breadcrumb":{"@id":"https:\/\/newsestlyonnais.fr\/site\/2021\/07\/26\/bron-tout-lete-culture-nature-sorties-fetes-et-animations\/#breadcrumb"},"inLanguage":"fr-FR","potentialAction":[{"@type":"ReadAction","target":["https:\/\/newsestlyonnais.fr\/site\/2021\/07\/26\/bron-tout-lete-culture-nature-sorties-fetes-et-animations\/"]}]},{"@type":"ImageObject","inLanguage":"fr-FR","@id":"https:\/\/newsestlyonnais.fr\/site\/2021\/07\/26\/bron-tout-lete-culture-nature-sorties-fetes-et-animations\/#primaryimage","url":"https:\/\/newsestlyonnais.fr\/site\/wp-content\/uploads\/2021\/07\/2021-rafraichissez-vous-ete.jpg","contentUrl":"https:\/\/newsestlyonnais.fr\/site\/wp-content\/uploads\/2021\/07\/2021-rafraichissez-vous-ete.jpg","width":412,"height":290},{"@type":"BreadcrumbList","@id":"https:\/\/newsestlyonnais.fr\/site\/2021\/07\/26\/bron-tout-lete-culture-nature-sorties-fetes-et-animations\/#breadcrumb","itemListElement":[{"@type":"ListItem","position":1,"name":"Accueil","item":"https:\/\/newsestlyonnais.fr\/site\/"},{"@type":"ListItem","position":2,"name":"BRON | Tout l&rsquo;\u00e9t\u00e9 > culture, nature, sorties, f\u00eates et animations"}]},{"@type":"WebSite","@id":"https:\/\/newsestlyonnais.fr\/site\/#website","url":"https:\/\/newsestlyonnais.fr\/site\/","name":"News Est Lyonnais","description":"L&#039;actualit\u00e9 au plus pr\u00e8s","publisher":{"@id":"https:\/\/newsestlyonnais.fr\/site\/#organization"},"potentialAction":[{"@type":"SearchAction","target":{"@type":"EntryPoint","urlTemplate":"https:\/\/newsestlyonnais.fr\/site\/?s={search_term_string}"},"query-input":{"@type":"PropertyValueSpecification","valueRequired":true,"valueName":"search_term_string"}}],"inLanguage":"fr-FR"},{"@type":"Organization","@id":"https:\/\/newsestlyonnais.fr\/site\/#organization","name":"News EST LYONNAIS","url":"https:\/\/newsestlyonnais.fr\/site\/","logo":{"@type":"ImageObject","inLanguage":"fr-FR","@id":"https:\/\/newsestlyonnais.fr\/site\/#\/schema\/logo\/image\/","url":"","contentUrl":"","caption":"News EST LYONNAIS"},"image":{"@id":"https:\/\/newsestlyonnais.fr\/site\/#\/schema\/logo\/image\/"}},{"@type":"Person","@id":"https:\/\/newsestlyonnais.fr\/site\/#\/schema\/person\/3230d5615f390bb808365d673001e887","name":"R\u00e9dac. NEWS","sameAs":["http:\/\/www.newsestlyonnais.fr","https:\/\/www.facebook.com\/pascal.oberson.1?fref=ts","https:\/\/fr.linkedin.com\/in\/pascal-oberson-b17045113"],"url":"https:\/\/newsestlyonnais.fr\/site\/author\/nel\/"}]}},"_links":{"self":[{"href":"https:\/\/newsestlyonnais.fr\/site\/wp-json\/wp\/v2\/posts\/135611","targetHints":{"allow":["GET"]}}],"collection":[{"href":"https:\/\/newsestlyonnais.fr\/site\/wp-json\/wp\/v2\/posts"}],"about":[{"href":"https:\/\/newsestlyonnais.fr\/site\/wp-json\/wp\/v2\/types\/post"}],"author":[{"embeddable":true,"href":"https:\/\/newsestlyonnais.fr\/site\/wp-json\/wp\/v2\/users\/4"}],"replies":[{"embeddable":true,"href":"https:\/\/newsestlyonnais.fr\/site\/wp-json\/wp\/v2\/comments?post=135611"}],"version-history":[{"count":0,"href":"https:\/\/newsestlyonnais.fr\/site\/wp-json\/wp\/v2\/posts\/135611\/revisions"}],"wp:featuredmedia":[{"embeddable":true,"href":"https:\/\/newsestlyonnais.fr\/site\/wp-json\/wp\/v2\/media\/135613"}],"wp:attachment":[{"href":"https:\/\/newsestlyonnais.fr\/site\/wp-json\/wp\/v2\/media?parent=135611"}],"wp:term":[{"taxonomy":"category","embeddable":true,"href":"https:\/\/newsestlyonnais.fr\/site\/wp-json\/wp\/v2\/categories?post=135611"},{"taxonomy":"post_tag","embeddable":true,"href":"https:\/\/newsestlyonnais.fr\/site\/wp-json\/wp\/v2\/tags?post=135611"}],"curies":[{"name":"wp","href":"https:\/\/api.w.org\/{rel}","templated":true}]}}