{"id":135860,"date":"2021-07-30T15:59:09","date_gmt":"2021-07-30T14:59:09","guid":{"rendered":"https:\/\/newsestlyonnais.fr\/site\/?p=135860"},"modified":"2021-07-30T15:59:09","modified_gmt":"2021-07-30T14:59:09","slug":"bourgoin-jallieu-7-saison-de-sportez-vous-bien","status":"publish","type":"post","link":"https:\/\/newsestlyonnais.fr\/site\/2021\/07\/30\/bourgoin-jallieu-7-saison-de-sportez-vous-bien\/","title":{"rendered":"BOURGOIN-JALLIEU | 7\u00b0 saison de \u00ab\u00a0Sportez vous bien\u00a0\u00bb"},"content":{"rendered":"<p>Sportez-vous bien vous propose de reprendre une activit\u00e9 sportive ou bien-\u00eatre dans toute la ville, quelle que soit votre condition physique.<\/p>\n<p>Au programme, diverses activit\u00e9s adapt\u00e9es aux d\u00e9butants et sont propos\u00e9es par la Ville de Bourgoin-Jallieu et diff\u00e9rents partenaires sportifs.<\/p>\n<p><strong>Elles sont enti\u00e8rement gratuites, sans inscription et sans obligation de suivi.<\/strong><\/p>\n<hr \/>\n<p><span style=\"font-size: 18pt; background-color: #000000; color: #ffffff;\"><strong>Fin Juillet<\/strong><\/span><\/p>\n<p><span style=\"text-decoration: underline;\"><strong>Vendredi 30 juillet<\/strong><\/span><\/p>\n<ul>\n<li>9h-10h : <strong>Tai chi chuan,<\/strong> devant l\u2019\u00e9cole de l<em>a Grive<\/em>, avec Thierry STENGER<br \/>\n10h-11h\u00a0: <strong>Remise en forme<\/strong>, <em>Parc des Lilattes (rdv proche du skatepark)<\/em>, avec Geoffrey BLUSSEAU<br \/>\n20h30-21h30\u00a0: <strong>Cardio fit en musique<\/strong>, <em>Plaine de Champaret\u00a0(face \u00e0 la Maison des Habitants)<\/em>, avec Serge LANGELOT<\/li>\n<\/ul>\n<p><span style=\"text-decoration: underline;\"><strong>Samedi 31 juillet<\/strong><\/span><\/p>\n<ul>\n<li><strong>1<\/strong>0h-11h30\u00a0: <strong>Renforcement cardio,<\/strong>\u00a0<em>Parc des Lilattes<\/em>, avec Serge LANGELOT<\/li>\n<\/ul>\n<hr \/>\n<p><span style=\"font-size: 18pt; background-color: #000000; color: #ffffff;\"><strong>Ao\u00fbt<\/strong><\/span><\/p>\n<p><span style=\"text-decoration: underline;\"><strong>Lundi 2 ao\u00fbt<\/strong><\/span><\/p>\n<ul>\n<li>9h-9h45 : <strong>Aquagym,<\/strong> <em>Piscine Rajon<\/em><\/li>\n<li>18h30-19h30\u00a0: <strong>Initiation running<\/strong>, Parking Pr\u00e9-B\u00e9nit <em>(place Pr\u00e9 B\u00e9nit proche piscine Rajon et tennis)<\/em> avec Running Club Bourgoin-Jallieu<\/li>\n<\/ul>\n<p><span style=\"text-decoration: underline;\"><strong>Mardi 3 ao\u00fbt <\/strong><\/span><\/p>\n<ul>\n<li>9h-10h\u00a0: <strong>Tir \u00e0 l\u2019arc<\/strong>, 154 A<em>venue des Fr\u00e8res Lumi\u00e8re<\/em><em>\u00a0(derri\u00e8re le Palais des sports)<\/em>, avec Les Archers Berjalliens<\/li>\n<li>10h-11h30\u00a0: <strong>Tir \u00e0 l\u2019arc en famille<\/strong>, 154 A<em>venue des Fr\u00e8res Lumi\u00e8re<\/em><em>\u00a0(derri\u00e8re le Palais des sports)<\/em>, avec Les Archers Berjalliens<\/li>\n<li>18h30-19h30\u00a0: <strong>Jeux collectifs<\/strong>, <em>Parc des Lilattes<\/em>, avec Sol\u00e8ne MONGEOT<\/li>\n<\/ul>\n<p><span style=\"text-decoration: underline;\"><strong>Mercredi 4 ao\u00fbt<\/strong><\/span><\/p>\n<ul>\n<li>9h-10h\u00a0: <strong>Renforcement musculaire<\/strong>, <em>\u00c9tang de Rosi\u00e8re<\/em>, avec Serge LANGELOT<\/li>\n<\/ul>\n<p><span style=\"text-decoration: underline;\"><strong>Jeudi 5 ao\u00fbt<\/strong><\/span><\/p>\n<ul>\n<li>10h-11h : <strong>Gym douce<\/strong>, <em>Parc de l\u2019h\u00f4tel de ville<\/em><em>\u00a0<u>(derri\u00e8re la mairie)<\/u><\/em>, avec Sol\u00e8ne MONGEOT<\/li>\n<\/ul>\n<p><span style=\"text-decoration: underline;\"><strong>Vendredi 6 ao\u00fbt <\/strong><\/span><\/p>\n<ul>\n<li>9h-10h\u00a0: <strong>Yoga, <\/strong><em>\u00c9tang de Rosi\u00e8re<\/em><u>\u00a0<\/u><em>(rdv proche du pont en bois)<\/em>, avec C\u00e9line ZEITOUN<\/li>\n<li>20h30-22h30 : <strong>Marche \u00e0 la tomb\u00e9e de la nuit<\/strong>, <em><u>Parking <\/u><\/em><em>\u00c9tang de Rosi\u00e8re<\/em>, avec Serge LANGELOT<\/li>\n<\/ul>\n<p><span style=\"text-decoration: underline;\"><strong>Samedi 7 ao\u00fbt en famille<\/strong><\/span><\/p>\n<ul>\n<li>10h-11h\u00a0: <strong>Pilates fusion yoga <\/strong>\u00e0 partir de 7 ans, apporter un tapis, \u00e0\u00a0<em>D\u00e9cathlon<\/em>, avec Gwendolyn GINET<\/li>\n<\/ul>\n<p><span style=\"text-decoration: underline;\"><strong>Lundi 9 ao\u00fbt<\/strong><\/span><\/p>\n<ul>\n<li>9h-10h\u00a0: <strong>Yoga<\/strong>, <em>\u00c9tang de Rosi\u00e8re<\/em>\u00a0<em>(rdv proche du pont en bois)<\/em>, avec C\u00e9line ZEITOUN<\/li>\n<li>18h30-19h30\u00a0: <strong>Course \u00e0 pied<\/strong>, \u00e0\u00a0<em>D\u00e9cathlon<\/em>, avec Lo\u00cfc BURFIN<\/li>\n<li>18h30-19h30\u00a0: <strong>Initiation running<\/strong>, Parking Pr\u00e9-B\u00e9nit <em>(place Pr\u00e9 B\u00e9nit proche piscine Rajon et tennis)<\/em> avec Running Club Bourgoin-Jallieu<\/li>\n<\/ul>\n<p><span style=\"text-decoration: underline;\"><strong>Mardi 10 ao\u00fbt<\/strong><\/span><\/p>\n<ul>\n<li>9h-10h\u00a0: <strong>Tir \u00e0 l\u2019arc<\/strong>, 154 A<em>venue des Fr\u00e8res Lumi\u00e8re<\/em><em>\u00a0(derri\u00e8re le Palais des sports)<\/em>, association Les Archers Berjalliens<\/li>\n<li>10h-11h30\u00a0: <strong>Tir \u00e0 l\u2019arc en famille<\/strong>, 154 A<em>venue des Fr\u00e8res Lumi\u00e8re<\/em><em>\u00a0(derri\u00e8re le Palais des sports)<\/em>, association Les Archers Berjalliens<\/li>\n<li>18h30-19h30\u00a0: <strong>Renforcement musculaire doux<\/strong>, devant\u00a0\u00e9cole de l<em>a Grive<\/em>, avec Sol\u00e8ne MONGEOT<\/li>\n<\/ul>\n<p><span style=\"text-decoration: underline;\"><strong>Mercredi 11 ao\u00fbt<\/strong><\/span><\/p>\n<ul>\n<li>9h-10h\u00a0: <strong>Cardio fit<\/strong>, <em>Parc des Lilattes<\/em>, avec Serge LANGELOT<\/li>\n<\/ul>\n<p><span style=\"text-decoration: underline;\"><strong>Jeudi 12 ao\u00fbt<\/strong><\/span><\/p>\n<ul>\n<li>9h-10h\u00a0: <strong>Yoga, <\/strong><em>\u00c9tang de Rosi\u00e8re<\/em><u>\u00a0<\/u><em>(proche petit pont en bois)<\/em>, avec C\u00e9line ZEITOUN<\/li>\n<li>19h-19h45\u00a0: <strong>Aquagym<\/strong>, <em>Piscine Rajon<\/em><\/li>\n<\/ul>\n<p><strong><span style=\"text-decoration: underline;\">Vendredi 13 ao\u00fbt<\/span><\/strong><\/p>\n<ul>\n<li>9h-10h\u00a0: <strong>Renforcement cardio<\/strong>, <em>Plaine de Champfleuri<\/em><em>\u00a0parking piscine tournesol)<\/em>, avec Serge LANGELOT<\/li>\n<\/ul>\n<p><span style=\"text-decoration: underline;\"><strong>Samedi 14 ao\u00fbt en famille<\/strong><\/span><\/p>\n<ul>\n<li>10h-11h30\u00a0: <strong>Capoeira<\/strong>, <em>Plaine de Champfleuri<\/em><em>\u00a0(parking piscine tournesol)<\/em>, avec Souleymane BA<\/li>\n<\/ul>\n<p><span style=\"text-decoration: underline;\"><strong>Lundi\u00a016 ao\u00fbt<\/strong><\/span><\/p>\n<ul>\n<li>9h-9h45 : <strong>Aquagym<\/strong>, <em>Piscine Rajon<\/em><\/li>\n<li>18h30-19h30\u00a0: <strong>Gym douce<\/strong>, <em>Parc de l\u2019h\u00f4tel de ville <\/em><em><u>(derri\u00e8re mairie)<\/u><\/em>, avec Sol\u00e8ne MONGEOT<\/li>\n<li>18h30-19h30\u00a0: <strong>Initiation running<\/strong>, Parking Pr\u00e9-B\u00e9nit <em>(place Pr\u00e9 B\u00e9nit proche piscine Rajon et tennis)<\/em> avec Running Club Bourgoin-Jallieu<\/li>\n<\/ul>\n<p><span style=\"text-decoration: underline;\"><strong>Mardi 17 ao\u00fbt<\/strong><\/span><\/p>\n<ul>\n<li>10h-11h\u00a0: <strong>Remise en forme<\/strong>, <em>Parc des Lilattes<\/em><em>\u00a0(rdv proche du skatepark)<\/em>, avec Geoffrey BLUSSEAU<\/li>\n<\/ul>\n<p><span style=\"text-decoration: underline;\"><strong>Jeudi 19 ao\u00fbt<\/strong><\/span><\/p>\n<ul>\n<li>9h-10h\u00a0: <strong>Yoga<\/strong>,\u00a0<em>\u00c9tang de Rosi\u00e8re<\/em><u>\u00a0<\/u><em>(rdv proche du pont en bois)<\/em>, avec C\u00e9line ZEITOUN<\/li>\n<\/ul>\n<p><span style=\"text-decoration: underline;\"><strong>Vendredi 20 ao\u00fbt<\/strong><\/span><\/p>\n<ul>\n<li>10h-11h\u00a0: <strong>Remise en forme,<\/strong> <em>Parc des Lilattes<\/em><em>\u00a0(rdv proche du skatepark)<\/em>, avec Geoffrey BLUSSEAU<\/li>\n<li>18h30-19h30\u00a0: <strong>P\u00e9tanque<\/strong>, <em>Place de la R\u00e9publique <\/em><em>(M\u00e9morial de la Paix), <\/em>P\u00e9tanque club de Bourgoin-Jallieu<\/li>\n<\/ul>\n<p><strong><span style=\"text-decoration: underline;\">Samedi 21 ao\u00fbt en famille<\/span><\/strong><\/p>\n<ul>\n<li><strong>1<\/strong>0h-11h\u00a0: <strong>Yoga<\/strong>, <em>\u00c9tang de Rosi\u00e8re<\/em>\u00a0<em>(rdv proche du pont en bois)<\/em>, avec C\u00e9line ZEITOUN<\/li>\n<\/ul>\n<p><span style=\"text-decoration: underline;\"><strong>Lundi 23 ao\u00fbt<\/strong><\/span><\/p>\n<ul>\n<li>9h-10h\u00a0: <strong>Yoga<\/strong>, <em>\u00c9tang de Rosi\u00e8re<\/em><u>\u00a0 <\/u><em>(rdv proche du pont en bois)<\/em>, avec C\u00e9line ZEITOUN<\/li>\n<li>18h30-19h30\u00a0: <strong>Initiation running<\/strong>, Parking Pr\u00e9-B\u00e9nit <em>(place Pr\u00e9 B\u00e9nit proche piscine Rajon et tennis)<\/em> avec Running Club Bourgoin-Jallieu<\/li>\n<\/ul>\n<p><span style=\"text-decoration: underline;\"><strong>Mardi 24 ao\u00fbt<\/strong><\/span><\/p>\n<ul>\n<li>9h-10h\u00a0: <strong>Tir \u00e0 l\u2019arc,<\/strong> 154 A<em>venue des Fr\u00e8res Lumi\u00e8re<\/em><em>\u00a0(derri\u00e8re le Palais des sports)<\/em>,association Les Archers Berjalliens<\/li>\n<li>10h-11h30\u00a0: <strong>Tir \u00e0 l\u2019arc en famille<\/strong>, 154 A<em>venue des Fr\u00e8res Lumi\u00e8re<\/em><em>\u00a0(derri\u00e8re le Palais des sports)<\/em>, association Les Archers Berjalliens<\/li>\n<li>10h-11h\u00a0: <strong>Remise en forme,<\/strong> <em>Parc des Lilattes<\/em><em>\u00a0(rdv proche du skatepark)<\/em>, avec Geoffrey BLUSSEAU 18h30-19h30\u00a0: <strong>Jeux collectifs,<\/strong> <em>Plaine de Champaret<\/em><em>\u00a0(face \u00e0 la Maison des Habitants)<\/em>, avec Sol\u00e8ne MONGEOT<\/li>\n<\/ul>\n<p><span style=\"text-decoration: underline;\"><strong>Mercredi 25 ao\u00fbt<\/strong><\/span><\/p>\n<ul>\n<li>9h-10h\u00a0: <strong>Pr\u00e9paration physique \u00e0 la reprise d\u2019une activit\u00e9<\/strong>, <em>Parc des Lilattes<\/em>, avec Serge LANGELOT<\/li>\n<\/ul>\n<p><strong><span style=\"text-decoration: underline;\">Jeudi 26 ao\u00fbt<\/span><\/strong><\/p>\n<ul>\n<li>9h-10h\u00a0: <strong>Capoeira<\/strong>, <em>Plaine de Champfleuri<\/em><em>\u00a0(parking de la piscine tournesol)<\/em>, avec Souleymane BA<\/li>\n<li>19h-19h45\u00a0: <strong>Aquagym<\/strong>, <em>Piscine Rajon<\/em><\/li>\n<\/ul>\n<p><span style=\"text-decoration: underline;\"><strong>Vendredi 27 ao\u00fbt<\/strong><\/span><\/p>\n<ul>\n<li>10h-11h : <strong>Remise en forme<\/strong>,\u00a0<em>Parc des Lilattes<\/em><em>\u00a0(rdv proche du skatepark)<\/em>, avec Geoffrey BLUSSEAU<\/li>\n<li>20h30-21h30\u00a0: <strong>Initiation running<\/strong>, <em>Parc des Lilattes<\/em><em> (rdv devant l\u2019\u00e9cole Simone Veil)<\/em>, avec Running Club Bourgoin-Jallieu<\/li>\n<\/ul>\n<p><span style=\"text-decoration: underline;\"><strong>Samedi 28 ao\u00fbt<\/strong><\/span><\/p>\n<ul>\n<li>10h-11h30\u00a0: <strong>Biathlon athl\u00e9tique<\/strong>, CSBJ Athl\u00e9tisme,\u00a0<em>93 Avenue Professeur Tixier<\/em><em>\u00a0<\/em><\/li>\n<\/ul>\n<p><span style=\"text-decoration: underline;\"><strong>Lundi 30 ao\u00fbt<\/strong><\/span><\/p>\n<ul>\n<li>18h30-19h30\u00a0: <strong>Circuit training cardio<\/strong>, <em>Plaine de Champfleuri<\/em><em>\u00a0(face \u00e0 la Maison des Habitants)<\/em>, avec Sol\u00e8ne MONGEOT<\/li>\n<li>18h30-19h30\u00a0: <strong>Initiation running<\/strong>, Parking Pr\u00e9-B\u00e9nit <em>(place Pr\u00e9 B\u00e9nit proche piscine Rajon et tennis)<\/em> avec Running Club Bourgoin-Jallieu<\/li>\n<\/ul>\n<p><span style=\"text-decoration: underline;\"><strong>Mardi 31 ao\u00fbt<\/strong><\/span><\/p>\n<ul>\n<li>10h-11h\u00a0: <strong>Remise en forme<\/strong>, <em>Parc des Lilattes<\/em><em>\u00a0(rdv proche du skatepark)<\/em>, avec Geoffrey BLUSSEAU<\/li>\n<\/ul>\n<hr \/>\n<p><span style=\"font-size: 18pt; background-color: #000000; color: #ffffff;\"><strong>Septembre<\/strong><\/span><\/p>\n<p><span style=\"text-decoration: underline;\"><strong>Mercredi 1\u00b0 septembre <\/strong><\/span><\/p>\n<ul>\n<li>9h-10h : <strong>M\u00e9lange yoga tai chi, pilates, stretch<\/strong>, Etang de Rosi\u00e8re (rdv proche du pont en bois) avec Serge LANGELOT<\/li>\n<li>10h-11h : <strong>Golf<\/strong>, Golf des 3 Vallons, avec Romain SAULNIER<\/li>\n<\/ul>\n<p><span style=\"text-decoration: underline;\"><strong>Jeudi 2 septembre<\/strong><\/span><\/p>\n<ul>\n<li>9h-10h : <strong>Marche<\/strong>, Plaine de Champfleuri (parking de la piscine tournesol) avec Sol\u00e8ne MONGEOT<\/li>\n<\/ul>\n<p><span style=\"text-decoration: underline;\"><strong>Vendredi 3 septembre<\/strong><\/span><\/p>\n<ul>\n<li>18h30-19h30 : <strong>Cardio fit<\/strong>, Square de R\u00e9hau avec Serge LANGELOT<\/li>\n<li>20h30-21h30 : <strong>Rando rollers<\/strong> avec La Fraternelle pr\u00e9paration du circuit en cours<\/li>\n<\/ul>\n<p><span style=\"text-decoration: underline;\"><strong>Samedi 4 septembre<br \/>\n<\/strong><\/span><\/p>\n<ul>\n<li>Rendez-vous au <strong>Forum des associations<\/strong> <em>Parc des Lilattes<\/em><\/li>\n<\/ul>\n<hr \/>\n<p><strong><em>+ d&rsquo;infos sur :<\/em><\/strong> <span style=\"color: #0000ff;\"><a style=\"color: #0000ff;\" href=\"https:\/\/www.bourgoinjallieu.fr\/medias\/doc\/activite-s-par-dates-envoi.pdf\"><strong>https:\/\/www.bourgoinjallieu.fr\/medias\/doc\/activite-s-par-dates-envoi.pdf<\/strong><\/a><\/span><\/p>\n<hr \/>\n<hr \/>\n<p>&nbsp;<\/p>\n","protected":false},"excerpt":{"rendered":"<p>Jusqu&rsquo;au samedi 4 septembre 2021, profitez de votre \u00e9t\u00e9 pour vous remettre en forme !<\/p>\n","protected":false},"author":4,"featured_media":135866,"comment_status":"open","ping_status":"open","sticky":false,"template":"","format":"standard","meta":{"footnotes":""},"categories":[574,2217,166,164],"tags":[3857,3858],"class_list":["post-135860","post","type-post","status-publish","format-standard","has-post-thumbnail","hentry","category-autres-sports","category-breves-de-lest-lyonnais","category-divers-sports","category-isere","tag-bourgoin-jallieu","tag-sportez-vous-bien"],"yoast_head":"<!-- This site is optimized with the Yoast SEO plugin v27.2 - https:\/\/yoast.com\/product\/yoast-seo-wordpress\/ -->\n<title>BOURGOIN-JALLIEU | 7\u00b0 saison de &quot;Sportez vous bien&quot; - News Est Lyonnais<\/title>\n<meta name=\"description\" content=\"BOURGOIN-JALLIEU | 7\u00b0 saison de &quot;Sportez vous bien&quot;\" \/>\n<meta name=\"robots\" content=\"index, follow, max-snippet:-1, max-image-preview:large, max-video-preview:-1\" \/>\n<link rel=\"canonical\" href=\"https:\/\/newsestlyonnais.fr\/site\/2021\/07\/30\/bourgoin-jallieu-7-saison-de-sportez-vous-bien\/\" \/>\n<meta property=\"og:locale\" content=\"fr_FR\" \/>\n<meta property=\"og:type\" content=\"article\" \/>\n<meta property=\"og:title\" content=\"BOURGOIN-JALLIEU | 7\u00b0 saison de &quot;Sportez vous bien&quot; - News Est Lyonnais\" \/>\n<meta property=\"og:description\" content=\"BOURGOIN-JALLIEU | 7\u00b0 saison de &quot;Sportez vous bien&quot;\" \/>\n<meta property=\"og:url\" content=\"https:\/\/newsestlyonnais.fr\/site\/2021\/07\/30\/bourgoin-jallieu-7-saison-de-sportez-vous-bien\/\" \/>\n<meta property=\"og:site_name\" content=\"News Est Lyonnais\" \/>\n<meta property=\"article:author\" content=\"https:\/\/www.facebook.com\/pascal.oberson.1?fref=ts\" \/>\n<meta property=\"article:published_time\" content=\"2021-07-30T14:59:09+00:00\" \/>\n<meta property=\"og:image\" content=\"https:\/\/i1.wp.com\/newsestlyonnais.fr\/site\/wp-content\/uploads\/2021\/07\/220405681_2946037808999840_323461391763356095_n-1.jpg?fit=680%2C200&ssl=1\" \/>\n\t<meta property=\"og:image:width\" content=\"680\" \/>\n\t<meta property=\"og:image:height\" content=\"200\" \/>\n\t<meta property=\"og:image:type\" content=\"image\/jpeg\" \/>\n<meta name=\"author\" content=\"R\u00e9dac. NEWS\" \/>\n<meta name=\"twitter:card\" content=\"summary_large_image\" \/>\n<meta name=\"twitter:label1\" content=\"\u00c9crit par\" \/>\n\t<meta name=\"twitter:data1\" content=\"R\u00e9dac. NEWS\" \/>\n\t<meta name=\"twitter:label2\" content=\"Dur\u00e9e de lecture estim\u00e9e\" \/>\n\t<meta name=\"twitter:data2\" content=\"4 minutes\" \/>\n<script type=\"application\/ld+json\" class=\"yoast-schema-graph\">{\"@context\":\"https:\/\/schema.org\",\"@graph\":[{\"@type\":\"Article\",\"@id\":\"https:\/\/newsestlyonnais.fr\/site\/2021\/07\/30\/bourgoin-jallieu-7-saison-de-sportez-vous-bien\/#article\",\"isPartOf\":{\"@id\":\"https:\/\/newsestlyonnais.fr\/site\/2021\/07\/30\/bourgoin-jallieu-7-saison-de-sportez-vous-bien\/\"},\"author\":{\"name\":\"R\u00e9dac. NEWS\",\"@id\":\"https:\/\/newsestlyonnais.fr\/site\/#\/schema\/person\/3230d5615f390bb808365d673001e887\"},\"headline\":\"BOURGOIN-JALLIEU | 7\u00b0 saison de \u00ab\u00a0Sportez vous bien\u00a0\u00bb\",\"datePublished\":\"2021-07-30T14:59:09+00:00\",\"mainEntityOfPage\":{\"@id\":\"https:\/\/newsestlyonnais.fr\/site\/2021\/07\/30\/bourgoin-jallieu-7-saison-de-sportez-vous-bien\/\"},\"wordCount\":1019,\"commentCount\":0,\"publisher\":{\"@id\":\"https:\/\/newsestlyonnais.fr\/site\/#organization\"},\"image\":{\"@id\":\"https:\/\/newsestlyonnais.fr\/site\/2021\/07\/30\/bourgoin-jallieu-7-saison-de-sportez-vous-bien\/#primaryimage\"},\"thumbnailUrl\":\"https:\/\/newsestlyonnais.fr\/site\/wp-content\/uploads\/2021\/07\/220405681_2946037808999840_323461391763356095_n-1.jpg\",\"keywords\":[\"BOURGOIN-JALLIEU\",\"Sportez vous bien\"],\"articleSection\":[\"Autres sports\",\"Br\u00e8ves de l'Est lyonnais\",\"Divers Sports\",\"Is\u00e8re (38)\"],\"inLanguage\":\"fr-FR\",\"potentialAction\":[{\"@type\":\"CommentAction\",\"name\":\"Comment\",\"target\":[\"https:\/\/newsestlyonnais.fr\/site\/2021\/07\/30\/bourgoin-jallieu-7-saison-de-sportez-vous-bien\/#respond\"]}]},{\"@type\":\"WebPage\",\"@id\":\"https:\/\/newsestlyonnais.fr\/site\/2021\/07\/30\/bourgoin-jallieu-7-saison-de-sportez-vous-bien\/\",\"url\":\"https:\/\/newsestlyonnais.fr\/site\/2021\/07\/30\/bourgoin-jallieu-7-saison-de-sportez-vous-bien\/\",\"name\":\"BOURGOIN-JALLIEU | 7\u00b0 saison de \\\"Sportez vous bien\\\" - News Est Lyonnais\",\"isPartOf\":{\"@id\":\"https:\/\/newsestlyonnais.fr\/site\/#website\"},\"primaryImageOfPage\":{\"@id\":\"https:\/\/newsestlyonnais.fr\/site\/2021\/07\/30\/bourgoin-jallieu-7-saison-de-sportez-vous-bien\/#primaryimage\"},\"image\":{\"@id\":\"https:\/\/newsestlyonnais.fr\/site\/2021\/07\/30\/bourgoin-jallieu-7-saison-de-sportez-vous-bien\/#primaryimage\"},\"thumbnailUrl\":\"https:\/\/newsestlyonnais.fr\/site\/wp-content\/uploads\/2021\/07\/220405681_2946037808999840_323461391763356095_n-1.jpg\",\"datePublished\":\"2021-07-30T14:59:09+00:00\",\"description\":\"BOURGOIN-JALLIEU | 7\u00b0 saison de \\\"Sportez vous bien\\\"\",\"breadcrumb\":{\"@id\":\"https:\/\/newsestlyonnais.fr\/site\/2021\/07\/30\/bourgoin-jallieu-7-saison-de-sportez-vous-bien\/#breadcrumb\"},\"inLanguage\":\"fr-FR\",\"potentialAction\":[{\"@type\":\"ReadAction\",\"target\":[\"https:\/\/newsestlyonnais.fr\/site\/2021\/07\/30\/bourgoin-jallieu-7-saison-de-sportez-vous-bien\/\"]}]},{\"@type\":\"ImageObject\",\"inLanguage\":\"fr-FR\",\"@id\":\"https:\/\/newsestlyonnais.fr\/site\/2021\/07\/30\/bourgoin-jallieu-7-saison-de-sportez-vous-bien\/#primaryimage\",\"url\":\"https:\/\/newsestlyonnais.fr\/site\/wp-content\/uploads\/2021\/07\/220405681_2946037808999840_323461391763356095_n-1.jpg\",\"contentUrl\":\"https:\/\/newsestlyonnais.fr\/site\/wp-content\/uploads\/2021\/07\/220405681_2946037808999840_323461391763356095_n-1.jpg\",\"width\":680,\"height\":200},{\"@type\":\"BreadcrumbList\",\"@id\":\"https:\/\/newsestlyonnais.fr\/site\/2021\/07\/30\/bourgoin-jallieu-7-saison-de-sportez-vous-bien\/#breadcrumb\",\"itemListElement\":[{\"@type\":\"ListItem\",\"position\":1,\"name\":\"Accueil\",\"item\":\"https:\/\/newsestlyonnais.fr\/site\/\"},{\"@type\":\"ListItem\",\"position\":2,\"name\":\"BOURGOIN-JALLIEU | 7\u00b0 saison de \u00ab\u00a0Sportez vous bien\u00a0\u00bb\"}]},{\"@type\":\"WebSite\",\"@id\":\"https:\/\/newsestlyonnais.fr\/site\/#website\",\"url\":\"https:\/\/newsestlyonnais.fr\/site\/\",\"name\":\"News Est Lyonnais\",\"description\":\"L&#039;actualit\u00e9 au plus pr\u00e8s\",\"publisher\":{\"@id\":\"https:\/\/newsestlyonnais.fr\/site\/#organization\"},\"potentialAction\":[{\"@type\":\"SearchAction\",\"target\":{\"@type\":\"EntryPoint\",\"urlTemplate\":\"https:\/\/newsestlyonnais.fr\/site\/?s={search_term_string}\"},\"query-input\":{\"@type\":\"PropertyValueSpecification\",\"valueRequired\":true,\"valueName\":\"search_term_string\"}}],\"inLanguage\":\"fr-FR\"},{\"@type\":\"Organization\",\"@id\":\"https:\/\/newsestlyonnais.fr\/site\/#organization\",\"name\":\"News EST LYONNAIS\",\"url\":\"https:\/\/newsestlyonnais.fr\/site\/\",\"logo\":{\"@type\":\"ImageObject\",\"inLanguage\":\"fr-FR\",\"@id\":\"https:\/\/newsestlyonnais.fr\/site\/#\/schema\/logo\/image\/\",\"url\":\"\",\"contentUrl\":\"\",\"caption\":\"News EST LYONNAIS\"},\"image\":{\"@id\":\"https:\/\/newsestlyonnais.fr\/site\/#\/schema\/logo\/image\/\"}},{\"@type\":\"Person\",\"@id\":\"https:\/\/newsestlyonnais.fr\/site\/#\/schema\/person\/3230d5615f390bb808365d673001e887\",\"name\":\"R\u00e9dac. NEWS\",\"sameAs\":[\"http:\/\/www.newsestlyonnais.fr\",\"https:\/\/www.facebook.com\/pascal.oberson.1?fref=ts\",\"https:\/\/fr.linkedin.com\/in\/pascal-oberson-b17045113\"],\"url\":\"https:\/\/newsestlyonnais.fr\/site\/author\/nel\/\"}]}<\/script>\n<!-- \/ Yoast SEO plugin. -->","yoast_head_json":{"title":"BOURGOIN-JALLIEU | 7\u00b0 saison de \"Sportez vous bien\" - News Est Lyonnais","description":"BOURGOIN-JALLIEU | 7\u00b0 saison de \"Sportez vous bien\"","robots":{"index":"index","follow":"follow","max-snippet":"max-snippet:-1","max-image-preview":"max-image-preview:large","max-video-preview":"max-video-preview:-1"},"canonical":"https:\/\/newsestlyonnais.fr\/site\/2021\/07\/30\/bourgoin-jallieu-7-saison-de-sportez-vous-bien\/","og_locale":"fr_FR","og_type":"article","og_title":"BOURGOIN-JALLIEU | 7\u00b0 saison de \"Sportez vous bien\" - News Est Lyonnais","og_description":"BOURGOIN-JALLIEU | 7\u00b0 saison de \"Sportez vous bien\"","og_url":"https:\/\/newsestlyonnais.fr\/site\/2021\/07\/30\/bourgoin-jallieu-7-saison-de-sportez-vous-bien\/","og_site_name":"News Est Lyonnais","article_author":"https:\/\/www.facebook.com\/pascal.oberson.1?fref=ts","article_published_time":"2021-07-30T14:59:09+00:00","og_image":[{"width":680,"height":200,"url":"https:\/\/i1.wp.com\/newsestlyonnais.fr\/site\/wp-content\/uploads\/2021\/07\/220405681_2946037808999840_323461391763356095_n-1.jpg?fit=680%2C200&ssl=1","type":"image\/jpeg"}],"author":"R\u00e9dac. NEWS","twitter_card":"summary_large_image","twitter_misc":{"\u00c9crit par":"R\u00e9dac. NEWS","Dur\u00e9e de lecture estim\u00e9e":"4 minutes"},"schema":{"@context":"https:\/\/schema.org","@graph":[{"@type":"Article","@id":"https:\/\/newsestlyonnais.fr\/site\/2021\/07\/30\/bourgoin-jallieu-7-saison-de-sportez-vous-bien\/#article","isPartOf":{"@id":"https:\/\/newsestlyonnais.fr\/site\/2021\/07\/30\/bourgoin-jallieu-7-saison-de-sportez-vous-bien\/"},"author":{"name":"R\u00e9dac. NEWS","@id":"https:\/\/newsestlyonnais.fr\/site\/#\/schema\/person\/3230d5615f390bb808365d673001e887"},"headline":"BOURGOIN-JALLIEU | 7\u00b0 saison de \u00ab\u00a0Sportez vous bien\u00a0\u00bb","datePublished":"2021-07-30T14:59:09+00:00","mainEntityOfPage":{"@id":"https:\/\/newsestlyonnais.fr\/site\/2021\/07\/30\/bourgoin-jallieu-7-saison-de-sportez-vous-bien\/"},"wordCount":1019,"commentCount":0,"publisher":{"@id":"https:\/\/newsestlyonnais.fr\/site\/#organization"},"image":{"@id":"https:\/\/newsestlyonnais.fr\/site\/2021\/07\/30\/bourgoin-jallieu-7-saison-de-sportez-vous-bien\/#primaryimage"},"thumbnailUrl":"https:\/\/newsestlyonnais.fr\/site\/wp-content\/uploads\/2021\/07\/220405681_2946037808999840_323461391763356095_n-1.jpg","keywords":["BOURGOIN-JALLIEU","Sportez vous bien"],"articleSection":["Autres sports","Br\u00e8ves de l'Est lyonnais","Divers Sports","Is\u00e8re (38)"],"inLanguage":"fr-FR","potentialAction":[{"@type":"CommentAction","name":"Comment","target":["https:\/\/newsestlyonnais.fr\/site\/2021\/07\/30\/bourgoin-jallieu-7-saison-de-sportez-vous-bien\/#respond"]}]},{"@type":"WebPage","@id":"https:\/\/newsestlyonnais.fr\/site\/2021\/07\/30\/bourgoin-jallieu-7-saison-de-sportez-vous-bien\/","url":"https:\/\/newsestlyonnais.fr\/site\/2021\/07\/30\/bourgoin-jallieu-7-saison-de-sportez-vous-bien\/","name":"BOURGOIN-JALLIEU | 7\u00b0 saison de \"Sportez vous bien\" - News Est Lyonnais","isPartOf":{"@id":"https:\/\/newsestlyonnais.fr\/site\/#website"},"primaryImageOfPage":{"@id":"https:\/\/newsestlyonnais.fr\/site\/2021\/07\/30\/bourgoin-jallieu-7-saison-de-sportez-vous-bien\/#primaryimage"},"image":{"@id":"https:\/\/newsestlyonnais.fr\/site\/2021\/07\/30\/bourgoin-jallieu-7-saison-de-sportez-vous-bien\/#primaryimage"},"thumbnailUrl":"https:\/\/newsestlyonnais.fr\/site\/wp-content\/uploads\/2021\/07\/220405681_2946037808999840_323461391763356095_n-1.jpg","datePublished":"2021-07-30T14:59:09+00:00","description":"BOURGOIN-JALLIEU | 7\u00b0 saison de \"Sportez vous bien\"","breadcrumb":{"@id":"https:\/\/newsestlyonnais.fr\/site\/2021\/07\/30\/bourgoin-jallieu-7-saison-de-sportez-vous-bien\/#breadcrumb"},"inLanguage":"fr-FR","potentialAction":[{"@type":"ReadAction","target":["https:\/\/newsestlyonnais.fr\/site\/2021\/07\/30\/bourgoin-jallieu-7-saison-de-sportez-vous-bien\/"]}]},{"@type":"ImageObject","inLanguage":"fr-FR","@id":"https:\/\/newsestlyonnais.fr\/site\/2021\/07\/30\/bourgoin-jallieu-7-saison-de-sportez-vous-bien\/#primaryimage","url":"https:\/\/newsestlyonnais.fr\/site\/wp-content\/uploads\/2021\/07\/220405681_2946037808999840_323461391763356095_n-1.jpg","contentUrl":"https:\/\/newsestlyonnais.fr\/site\/wp-content\/uploads\/2021\/07\/220405681_2946037808999840_323461391763356095_n-1.jpg","width":680,"height":200},{"@type":"BreadcrumbList","@id":"https:\/\/newsestlyonnais.fr\/site\/2021\/07\/30\/bourgoin-jallieu-7-saison-de-sportez-vous-bien\/#breadcrumb","itemListElement":[{"@type":"ListItem","position":1,"name":"Accueil","item":"https:\/\/newsestlyonnais.fr\/site\/"},{"@type":"ListItem","position":2,"name":"BOURGOIN-JALLIEU | 7\u00b0 saison de \u00ab\u00a0Sportez vous bien\u00a0\u00bb"}]},{"@type":"WebSite","@id":"https:\/\/newsestlyonnais.fr\/site\/#website","url":"https:\/\/newsestlyonnais.fr\/site\/","name":"News Est Lyonnais","description":"L&#039;actualit\u00e9 au plus pr\u00e8s","publisher":{"@id":"https:\/\/newsestlyonnais.fr\/site\/#organization"},"potentialAction":[{"@type":"SearchAction","target":{"@type":"EntryPoint","urlTemplate":"https:\/\/newsestlyonnais.fr\/site\/?s={search_term_string}"},"query-input":{"@type":"PropertyValueSpecification","valueRequired":true,"valueName":"search_term_string"}}],"inLanguage":"fr-FR"},{"@type":"Organization","@id":"https:\/\/newsestlyonnais.fr\/site\/#organization","name":"News EST LYONNAIS","url":"https:\/\/newsestlyonnais.fr\/site\/","logo":{"@type":"ImageObject","inLanguage":"fr-FR","@id":"https:\/\/newsestlyonnais.fr\/site\/#\/schema\/logo\/image\/","url":"","contentUrl":"","caption":"News EST LYONNAIS"},"image":{"@id":"https:\/\/newsestlyonnais.fr\/site\/#\/schema\/logo\/image\/"}},{"@type":"Person","@id":"https:\/\/newsestlyonnais.fr\/site\/#\/schema\/person\/3230d5615f390bb808365d673001e887","name":"R\u00e9dac. NEWS","sameAs":["http:\/\/www.newsestlyonnais.fr","https:\/\/www.facebook.com\/pascal.oberson.1?fref=ts","https:\/\/fr.linkedin.com\/in\/pascal-oberson-b17045113"],"url":"https:\/\/newsestlyonnais.fr\/site\/author\/nel\/"}]}},"_links":{"self":[{"href":"https:\/\/newsestlyonnais.fr\/site\/wp-json\/wp\/v2\/posts\/135860","targetHints":{"allow":["GET"]}}],"collection":[{"href":"https:\/\/newsestlyonnais.fr\/site\/wp-json\/wp\/v2\/posts"}],"about":[{"href":"https:\/\/newsestlyonnais.fr\/site\/wp-json\/wp\/v2\/types\/post"}],"author":[{"embeddable":true,"href":"https:\/\/newsestlyonnais.fr\/site\/wp-json\/wp\/v2\/users\/4"}],"replies":[{"embeddable":true,"href":"https:\/\/newsestlyonnais.fr\/site\/wp-json\/wp\/v2\/comments?post=135860"}],"version-history":[{"count":0,"href":"https:\/\/newsestlyonnais.fr\/site\/wp-json\/wp\/v2\/posts\/135860\/revisions"}],"wp:featuredmedia":[{"embeddable":true,"href":"https:\/\/newsestlyonnais.fr\/site\/wp-json\/wp\/v2\/media\/135866"}],"wp:attachment":[{"href":"https:\/\/newsestlyonnais.fr\/site\/wp-json\/wp\/v2\/media?parent=135860"}],"wp:term":[{"taxonomy":"category","embeddable":true,"href":"https:\/\/newsestlyonnais.fr\/site\/wp-json\/wp\/v2\/categories?post=135860"},{"taxonomy":"post_tag","embeddable":true,"href":"https:\/\/newsestlyonnais.fr\/site\/wp-json\/wp\/v2\/tags?post=135860"}],"curies":[{"name":"wp","href":"https:\/\/api.w.org\/{rel}","templated":true}]}}