{"id":136095,"date":"2021-08-05T07:04:20","date_gmt":"2021-08-05T06:04:20","guid":{"rendered":"https:\/\/newsestlyonnais.fr\/site\/?p=136095"},"modified":"2021-08-09T15:06:02","modified_gmt":"2021-08-09T14:06:02","slug":"pusignan-tennis-pas-daugmentation-de-cotisations-pour-la-saison-2021-2022-comme-lan-dernier","status":"publish","type":"post","link":"https:\/\/newsestlyonnais.fr\/site\/2021\/08\/05\/pusignan-tennis-pas-daugmentation-de-cotisations-pour-la-saison-2021-2022-comme-lan-dernier\/","title":{"rendered":"PUSIGNAN Tennis | \u00ab pas d&rsquo;augmentation de cotisations pour la saison 2021-2022 comme l&rsquo;an dernier \u00bb"},"content":{"rendered":"<p>En ce jeudi, c\u2019est <strong>S\u00e9bastien Henry, Pr\u00e9sident du club depuis septembre 2020, <\/strong>qui r\u00e9pond aux questions de la r\u00e9daction :<\/p>\n<hr \/>\n<ul>\n<li><span style=\"font-size: 14pt;\"><strong><u>Quelle est son activit\u00e9 et effectif actuel<\/u><\/strong><\/span><strong><span style=\"font-size: 14pt;\"> ?<\/span> <\/strong><\/li>\n<\/ul>\n<p class=\"font_8\">\u00bb <strong>L\u2019Association de Tennis de Pusignan, fond\u00e9e en 1984<\/strong>, propose aux Pusignanaises et Pusignanais, et autres habitants des communes voisines de L\u2019Est Lyonnais, \u00e0 partir de l\u2019\u00e2ge de 4 ans, de <strong>pratiquer le tennis dans un \u00e9quilibre entre le loisir et la comp\u00e9tition, dans le plaisir et la convivialit\u00e9.<\/strong><\/p>\n<p class=\"font_8\">Depuis Septembre 2020, une nouvelle \u00e9quipe s\u2019est mise en place pour la gestion du club, une \u00e9quipe compos\u00e9e de 9 membres, \u00e0 majorit\u00e9 f\u00e9minine (5 femmes, 4 hommes), investie et dynamique, dont je suis fier d\u2019\u00eatre le pr\u00e9sident.<\/p>\n<p><strong>Nous comptons 130 adh\u00e9rents actuellement, \u00e2g\u00e9s de 4 \u00e0 80 ans,<\/strong> dont 20 % sont des jeunes filles ou femmes. La r\u00e9partition :<\/p>\n<ul>\n<li>chez les jeunes filles et les femmes : 46 % (12) de jeunes et 54 % (14) d\u2019adultes<\/li>\n<li>chez les hommes : 55 % (57) de jeunes et donc 45 % (47) d\u2019adultes.<\/li>\n<\/ul>\n<p>Le club dispose de <strong>3 courts ext\u00e9rieurs<\/strong> (b\u00e9ton poreux) et de <strong>2 courts couverts<\/strong> (GreenSet) depuis fin 2019, d\u2019un club house am\u00e9nag\u00e9 pour les moments conviviaux et recevoir le public \u00ab .<\/p>\n<hr \/>\n<ul>\n<li><span style=\"font-size: 14pt;\"><strong><u>Comment s\u2019\u00e9tait pass\u00e9 le 1\u00b0 confinement, aviez vous mis du personnel au ch\u00f4mage<\/u><\/strong><\/span><strong><span style=\"font-size: 14pt;\"> ?<\/span> <\/strong><\/li>\n<\/ul>\n<p>\u00bb Durant le premier confinement, nous avons d\u00fb comme de tr\u00e8s nombreux clubs et associations, fermer l\u2019acc\u00e8s \u00e0 nos courts et au club house, et suspendre l\u2019organisation de certaines comp\u00e9titions (tournois) et \u00e9v\u00e9nements (Loto, animations pour nos adh\u00e9rents), mettre notre enseignant DE au ch\u00f4mage partiel.<\/p>\n<p>Nous avons, \u00e0 partir du mois de Mai 2020, eu l\u2019autorisation gouvernementale de pouvoir reprendre quelques activit\u00e9s tennistiques, uniquement en ext\u00e9rieur, et avec une jauge restreinte \u00e0 2 personnes par courts, dans le respect strict des protocoles sanitaires et des pratiques \u00e9dit\u00e9es par la F.F.T. . Chaque adh\u00e9rente ou adh\u00e9rent a d\u00fb remplir et signer un formulaire de reprise sp\u00e9cifique pour avoir<br \/>\nl\u2019autorisation \u00e0 acc\u00e9der sur les courts.<\/p>\n<p><strong>Nous avons durant cette p\u00e9riode essay\u00e9 de garder le contact avec nos adh\u00e9rents<\/strong> en leur proposant des d\u00e9fis en communiquant via les r\u00e9seaux sociaux (Facebook du club, Instagram, email, WhatsApp \u00ab .<\/p>\n<hr \/>\n<ul>\n<li><span style=\"font-size: 14pt;\"><strong><u>Et la reprise des activit\u00e9s \u00e0 la rentr\u00e9e de septembre<\/u><\/strong> <strong>?<\/strong><\/span><\/li>\n<\/ul>\n<p>\u00bb\u00a0 Si l\u2019\u00e9t\u00e9 est ensuite vite arriv\u00e9, nous avons pu organiser \u00e0 la rentr\u00e9e de Septembre 2020 notre tournoi Open Jeunes, avant que nous ne soyons \u00e0 nouveau amener \u00e0 stopper nos activit\u00e9s \u00ab .<\/p>\n<ul>\n<li><strong><span style=\"font-size: 14pt;\"><span style=\"text-decoration: underline;\">Avez-vous \u00e9t\u00e9 contraints d\u2019annuler des \u00e9v\u00e8nements<\/span> ?<\/span><br \/>\n<\/strong><\/li>\n<\/ul>\n<p>\u00bb Ce nouveau confinement fin 2020 nous a contraints \u00e0 de nouveau annuler notre Tournoi Senior (programm\u00e9 initialement en Juin 2020, report\u00e9 sur Novembre 2020) ainsi que notre Loto (report\u00e9 sur Mars 2021) \u00ab .<\/p>\n<ul>\n<li><span style=\"font-size: 14pt;\"><strong><span style=\"text-decoration: underline;\">Cons\u00e9quences financi\u00e8res ou autres<\/span> ?<\/strong><\/span><\/li>\n<\/ul>\n<p>\u00bb Les aides financi\u00e8res per\u00e7ues pour accompagner le ch\u00f4mage partiel et celle de la commune de Pusignan, nous ont permis \u00ab de limiter la casse \u00bb. Un grand merci \u00e9galement \u00e0 la solidarit\u00e9 de nos adh\u00e9rentes et adh\u00e9rents.<\/p>\n<p>Ayant pu compter sur leur compr\u00e9hension, <strong>le comit\u00e9 directeur avait pris la d\u00e9cision de ne faire aucune augmentation des cotisations pour l\u2019ann\u00e9e 2020-2021<\/strong>, chose que nous <strong>r\u00e9it\u00e9rons \u00e0 nouveau pour la saison 2021-2022 <\/strong>\u00ab .<\/p>\n<hr \/>\n<ul>\n<li><span style=\"font-size: 14pt;\"><span style=\"text-decoration: underline;\"><strong>Et pour conclure<\/strong><\/span> <strong>?<\/strong><\/span><\/li>\n<\/ul>\n<p>\u00bb\u00a0 Nous avons pu reprendre petit \u00e0 petit, durant ce deuxi\u00e8me trimestre 2021, nos activit\u00e9s, en ext\u00e9rieur d\u2019abord et uniquement en jonglant avec les conditions m\u00e9t\u00e9orologiques, nos jeunes ont pu depuis le 19 mai dernier retrouver les courts couverts, les adultes ont attendu avec impatience le 9 juin 2021.<br \/>\nUn tournoi interne a \u00e9t\u00e9 lanc\u00e9 r\u00e9cemment afin de retrouver les sensations de la comp\u00e9tition.<br \/>\nNous travaillons d\u00e9j\u00e0 \u00e0 la mise en place de notre tournoi Open Jeunes qui se d\u00e9roulera du 4 au 19 septembre 2021 (<a href=\"https:\/\/tenup.fft.fr\/tournoi\/82272816\"><span style=\"color: #0000ff;\">inscriptions ouvertes<\/span><\/a> voir affiche ci-dessous), \u00e0 notre tournoi Senior qui lui est programm\u00e9 tout d\u00e9but Novembre et sur 4 semaines (finale le 28 novembre 2021).<\/p>\n<p>Nous vous souhaitons \u00e0 tous, clubs et associations, membres de sports amateur, des jours meilleurs dans l\u2019apr\u00e8s Covid. Un grand merci \u00e0 NewsEstLyonnais, pour cette communication \u00ab .<\/p>\n<hr \/>\n<ul>\n<li><strong><span style=\"font-size: 14pt;\">Association de Tennis de Pusignan (ATP) \/<\/span> <\/strong><\/li>\n<li><strong><img loading=\"lazy\" decoding=\"async\" class=\"alignleft size-thumbnail wp-image-136103\" src=\"https:\/\/newsestlyonnais.fr\/site\/wp-content\/uploads\/2021\/08\/Logo-ATP-250x155.jpg\" alt=\"\" width=\"150\" height=\"93\" srcset=\"https:\/\/newsestlyonnais.fr\/site\/wp-content\/uploads\/2021\/08\/Logo-ATP-250x155.jpg 250w, https:\/\/newsestlyonnais.fr\/site\/wp-content\/uploads\/2021\/08\/Logo-ATP-400x249.jpg 400w, https:\/\/newsestlyonnais.fr\/site\/wp-content\/uploads\/2021\/08\/Logo-ATP-150x93.jpg 150w, https:\/\/newsestlyonnais.fr\/site\/wp-content\/uploads\/2021\/08\/Logo-ATP-50x31.jpg 50w, https:\/\/newsestlyonnais.fr\/site\/wp-content\/uploads\/2021\/08\/Logo-ATP-100x62.jpg 100w, https:\/\/newsestlyonnais.fr\/site\/wp-content\/uploads\/2021\/08\/Logo-ATP-200x124.jpg 200w, https:\/\/newsestlyonnais.fr\/site\/wp-content\/uploads\/2021\/08\/Logo-ATP-300x186.jpg 300w, https:\/\/newsestlyonnais.fr\/site\/wp-content\/uploads\/2021\/08\/Logo-ATP-350x218.jpg 350w, https:\/\/newsestlyonnais.fr\/site\/wp-content\/uploads\/2021\/08\/Logo-ATP.jpg 444w\" sizes=\"auto, (max-width: 150px) 100vw, 150px\" \/>Contact<\/strong> : Mail &gt; <a href=\"mailto:at.pusignan@gmail.com\"><span style=\"color: #0000ff;\">at.pusignan@gmail.com<\/span><\/a><\/li>\n<li><strong>Web<\/strong> : <a href=\"https:\/\/www.atpusignan.com\"><span style=\"color: #0000ff;\">https:\/\/www.atpusignan.com<\/span><\/a><\/li>\n<li><strong>Facebook<\/strong> : <a href=\"https:\/\/www.facebook.com\/atpusignan\"><span style=\"color: #0000ff;\">https:\/\/www.facebook.com\/atpusignan<\/span><\/a><\/li>\n<li><strong>Instagram<\/strong> : <a href=\"https:\/\/www.instagram.com\/association_tennis_pusignan\/\"><span style=\"color: #0000ff;\">https:\/\/www.instagram.com\/association_tennis_pusignan\/<\/span><\/a><\/li>\n<\/ul>\n<hr \/>\n<p><img loading=\"lazy\" decoding=\"async\" class=\"aligncenter wp-image-134891 size-full\" src=\"https:\/\/newsestlyonnais.fr\/site\/wp-content\/uploads\/2021\/07\/affiche-open-jeune-2021-3.jpg\" alt=\"\" width=\"393\" height=\"556\" srcset=\"https:\/\/newsestlyonnais.fr\/site\/wp-content\/uploads\/2021\/07\/affiche-open-jeune-2021-3.jpg 393w, https:\/\/newsestlyonnais.fr\/site\/wp-content\/uploads\/2021\/07\/affiche-open-jeune-2021-3-250x354.jpg 250w, https:\/\/newsestlyonnais.fr\/site\/wp-content\/uploads\/2021\/07\/affiche-open-jeune-2021-3-150x212.jpg 150w, https:\/\/newsestlyonnais.fr\/site\/wp-content\/uploads\/2021\/07\/affiche-open-jeune-2021-3-50x71.jpg 50w, https:\/\/newsestlyonnais.fr\/site\/wp-content\/uploads\/2021\/07\/affiche-open-jeune-2021-3-100x141.jpg 100w, https:\/\/newsestlyonnais.fr\/site\/wp-content\/uploads\/2021\/07\/affiche-open-jeune-2021-3-200x283.jpg 200w, https:\/\/newsestlyonnais.fr\/site\/wp-content\/uploads\/2021\/07\/affiche-open-jeune-2021-3-300x424.jpg 300w, https:\/\/newsestlyonnais.fr\/site\/wp-content\/uploads\/2021\/07\/affiche-open-jeune-2021-3-350x495.jpg 350w\" sizes=\"auto, (max-width: 393px) 100vw, 393px\" \/><\/p>\n<hr \/>\n","protected":false},"excerpt":{"rendered":"<p>1 jour, 1 association | R\u00e9guli\u00e8rement, une association est pr\u00e9sent\u00e9e par un de ses dirigeants.<\/p>\n","protected":false},"author":4,"featured_media":136106,"comment_status":"open","ping_status":"open","sticky":false,"template":"","format":"standard","meta":{"footnotes":""},"categories":[3420,270,1279,2992,2991],"tags":[2550,2062,2049],"class_list":["post-136095","post","type-post","status-publish","format-standard","has-post-thumbnail","hentry","category-1-jour-1-association","category-cte-de-communes-c-c-e-l","category-jons-pusignan","category-tennis-padel","category-tennis-tennis-table-sports","tag-at-pusignan","tag-pusignan","tag-tennis"],"yoast_head":"<!-- This site is optimized with the Yoast SEO plugin v27.2 - https:\/\/yoast.com\/product\/yoast-seo-wordpress\/ -->\n<title>PUSIGNAN Tennis | \u00ab pas d&#039;augmentation de cotisations pour la saison 2021-2022 comme l&#039;an dernier \u00bb - News Est Lyonnais<\/title>\n<meta name=\"description\" content=\"PUSIGNAN Tennis | \u00ab pas d&#039;augmentation de cotisations pour la saison 2021-2022 comme l&#039;an dernier \u00bb\" \/>\n<meta name=\"robots\" content=\"index, follow, max-snippet:-1, max-image-preview:large, max-video-preview:-1\" \/>\n<link rel=\"canonical\" href=\"https:\/\/newsestlyonnais.fr\/site\/2021\/08\/05\/pusignan-tennis-pas-daugmentation-de-cotisations-pour-la-saison-2021-2022-comme-lan-dernier\/\" \/>\n<meta property=\"og:locale\" content=\"fr_FR\" \/>\n<meta property=\"og:type\" content=\"article\" \/>\n<meta property=\"og:title\" content=\"PUSIGNAN Tennis | \u00ab pas d&#039;augmentation de cotisations pour la saison 2021-2022 comme l&#039;an dernier \u00bb - News Est Lyonnais\" \/>\n<meta property=\"og:description\" content=\"PUSIGNAN Tennis | \u00ab pas d&#039;augmentation de cotisations pour la saison 2021-2022 comme l&#039;an dernier \u00bb\" \/>\n<meta property=\"og:url\" content=\"https:\/\/newsestlyonnais.fr\/site\/2021\/08\/05\/pusignan-tennis-pas-daugmentation-de-cotisations-pour-la-saison-2021-2022-comme-lan-dernier\/\" \/>\n<meta property=\"og:site_name\" content=\"News Est Lyonnais\" \/>\n<meta property=\"article:author\" content=\"https:\/\/www.facebook.com\/pascal.oberson.1?fref=ts\" \/>\n<meta property=\"article:published_time\" content=\"2021-08-05T06:04:20+00:00\" \/>\n<meta property=\"article:modified_time\" content=\"2021-08-09T14:06:02+00:00\" \/>\n<meta property=\"og:image\" content=\"https:\/\/i1.wp.com\/newsestlyonnais.fr\/site\/wp-content\/uploads\/2021\/08\/Photo-courts-tennis.jpg?fit=1006%2C384&ssl=1\" \/>\n\t<meta property=\"og:image:width\" content=\"1006\" \/>\n\t<meta property=\"og:image:height\" content=\"384\" \/>\n\t<meta property=\"og:image:type\" content=\"image\/jpeg\" \/>\n<meta name=\"author\" content=\"R\u00e9dac. NEWS\" \/>\n<meta name=\"twitter:card\" content=\"summary_large_image\" \/>\n<meta name=\"twitter:label1\" content=\"\u00c9crit par\" \/>\n\t<meta name=\"twitter:data1\" content=\"R\u00e9dac. NEWS\" \/>\n\t<meta name=\"twitter:label2\" content=\"Dur\u00e9e de lecture estim\u00e9e\" \/>\n\t<meta name=\"twitter:data2\" content=\"4 minutes\" \/>\n<script type=\"application\/ld+json\" class=\"yoast-schema-graph\">{\"@context\":\"https:\/\/schema.org\",\"@graph\":[{\"@type\":\"Article\",\"@id\":\"https:\/\/newsestlyonnais.fr\/site\/2021\/08\/05\/pusignan-tennis-pas-daugmentation-de-cotisations-pour-la-saison-2021-2022-comme-lan-dernier\/#article\",\"isPartOf\":{\"@id\":\"https:\/\/newsestlyonnais.fr\/site\/2021\/08\/05\/pusignan-tennis-pas-daugmentation-de-cotisations-pour-la-saison-2021-2022-comme-lan-dernier\/\"},\"author\":{\"name\":\"R\u00e9dac. NEWS\",\"@id\":\"https:\/\/newsestlyonnais.fr\/site\/#\/schema\/person\/3230d5615f390bb808365d673001e887\"},\"headline\":\"PUSIGNAN Tennis | \u00ab pas d&rsquo;augmentation de cotisations pour la saison 2021-2022 comme l&rsquo;an dernier \u00bb\",\"datePublished\":\"2021-08-05T06:04:20+00:00\",\"dateModified\":\"2021-08-09T14:06:02+00:00\",\"mainEntityOfPage\":{\"@id\":\"https:\/\/newsestlyonnais.fr\/site\/2021\/08\/05\/pusignan-tennis-pas-daugmentation-de-cotisations-pour-la-saison-2021-2022-comme-lan-dernier\/\"},\"wordCount\":705,\"commentCount\":0,\"publisher\":{\"@id\":\"https:\/\/newsestlyonnais.fr\/site\/#organization\"},\"image\":{\"@id\":\"https:\/\/newsestlyonnais.fr\/site\/2021\/08\/05\/pusignan-tennis-pas-daugmentation-de-cotisations-pour-la-saison-2021-2022-comme-lan-dernier\/#primaryimage\"},\"thumbnailUrl\":\"https:\/\/newsestlyonnais.fr\/site\/wp-content\/uploads\/2021\/08\/Photo-courts-tennis.jpg\",\"keywords\":[\"AT PUSIGNAN\",\"PUSIGNAN\",\"TENNIS\"],\"articleSection\":[\"1 jour, 1 association\",\"CCEL | Communes\",\"Jons | Pusignan\",\"Tennis | Padel\",\"Tennis | Tennis de table\"],\"inLanguage\":\"fr-FR\",\"potentialAction\":[{\"@type\":\"CommentAction\",\"name\":\"Comment\",\"target\":[\"https:\/\/newsestlyonnais.fr\/site\/2021\/08\/05\/pusignan-tennis-pas-daugmentation-de-cotisations-pour-la-saison-2021-2022-comme-lan-dernier\/#respond\"]}]},{\"@type\":\"WebPage\",\"@id\":\"https:\/\/newsestlyonnais.fr\/site\/2021\/08\/05\/pusignan-tennis-pas-daugmentation-de-cotisations-pour-la-saison-2021-2022-comme-lan-dernier\/\",\"url\":\"https:\/\/newsestlyonnais.fr\/site\/2021\/08\/05\/pusignan-tennis-pas-daugmentation-de-cotisations-pour-la-saison-2021-2022-comme-lan-dernier\/\",\"name\":\"PUSIGNAN Tennis | \u00ab pas d'augmentation de cotisations pour la saison 2021-2022 comme l'an dernier \u00bb - News Est Lyonnais\",\"isPartOf\":{\"@id\":\"https:\/\/newsestlyonnais.fr\/site\/#website\"},\"primaryImageOfPage\":{\"@id\":\"https:\/\/newsestlyonnais.fr\/site\/2021\/08\/05\/pusignan-tennis-pas-daugmentation-de-cotisations-pour-la-saison-2021-2022-comme-lan-dernier\/#primaryimage\"},\"image\":{\"@id\":\"https:\/\/newsestlyonnais.fr\/site\/2021\/08\/05\/pusignan-tennis-pas-daugmentation-de-cotisations-pour-la-saison-2021-2022-comme-lan-dernier\/#primaryimage\"},\"thumbnailUrl\":\"https:\/\/newsestlyonnais.fr\/site\/wp-content\/uploads\/2021\/08\/Photo-courts-tennis.jpg\",\"datePublished\":\"2021-08-05T06:04:20+00:00\",\"dateModified\":\"2021-08-09T14:06:02+00:00\",\"description\":\"PUSIGNAN Tennis | \u00ab pas d'augmentation de cotisations pour la saison 2021-2022 comme l'an dernier \u00bb\",\"breadcrumb\":{\"@id\":\"https:\/\/newsestlyonnais.fr\/site\/2021\/08\/05\/pusignan-tennis-pas-daugmentation-de-cotisations-pour-la-saison-2021-2022-comme-lan-dernier\/#breadcrumb\"},\"inLanguage\":\"fr-FR\",\"potentialAction\":[{\"@type\":\"ReadAction\",\"target\":[\"https:\/\/newsestlyonnais.fr\/site\/2021\/08\/05\/pusignan-tennis-pas-daugmentation-de-cotisations-pour-la-saison-2021-2022-comme-lan-dernier\/\"]}]},{\"@type\":\"ImageObject\",\"inLanguage\":\"fr-FR\",\"@id\":\"https:\/\/newsestlyonnais.fr\/site\/2021\/08\/05\/pusignan-tennis-pas-daugmentation-de-cotisations-pour-la-saison-2021-2022-comme-lan-dernier\/#primaryimage\",\"url\":\"https:\/\/newsestlyonnais.fr\/site\/wp-content\/uploads\/2021\/08\/Photo-courts-tennis.jpg\",\"contentUrl\":\"https:\/\/newsestlyonnais.fr\/site\/wp-content\/uploads\/2021\/08\/Photo-courts-tennis.jpg\",\"width\":1006,\"height\":384},{\"@type\":\"BreadcrumbList\",\"@id\":\"https:\/\/newsestlyonnais.fr\/site\/2021\/08\/05\/pusignan-tennis-pas-daugmentation-de-cotisations-pour-la-saison-2021-2022-comme-lan-dernier\/#breadcrumb\",\"itemListElement\":[{\"@type\":\"ListItem\",\"position\":1,\"name\":\"Accueil\",\"item\":\"https:\/\/newsestlyonnais.fr\/site\/\"},{\"@type\":\"ListItem\",\"position\":2,\"name\":\"PUSIGNAN Tennis | \u00ab pas d&rsquo;augmentation de cotisations pour la saison 2021-2022 comme l&rsquo;an dernier \u00bb\"}]},{\"@type\":\"WebSite\",\"@id\":\"https:\/\/newsestlyonnais.fr\/site\/#website\",\"url\":\"https:\/\/newsestlyonnais.fr\/site\/\",\"name\":\"News Est Lyonnais\",\"description\":\"L&#039;actualit\u00e9 au plus pr\u00e8s\",\"publisher\":{\"@id\":\"https:\/\/newsestlyonnais.fr\/site\/#organization\"},\"potentialAction\":[{\"@type\":\"SearchAction\",\"target\":{\"@type\":\"EntryPoint\",\"urlTemplate\":\"https:\/\/newsestlyonnais.fr\/site\/?s={search_term_string}\"},\"query-input\":{\"@type\":\"PropertyValueSpecification\",\"valueRequired\":true,\"valueName\":\"search_term_string\"}}],\"inLanguage\":\"fr-FR\"},{\"@type\":\"Organization\",\"@id\":\"https:\/\/newsestlyonnais.fr\/site\/#organization\",\"name\":\"News EST LYONNAIS\",\"url\":\"https:\/\/newsestlyonnais.fr\/site\/\",\"logo\":{\"@type\":\"ImageObject\",\"inLanguage\":\"fr-FR\",\"@id\":\"https:\/\/newsestlyonnais.fr\/site\/#\/schema\/logo\/image\/\",\"url\":\"\",\"contentUrl\":\"\",\"caption\":\"News EST LYONNAIS\"},\"image\":{\"@id\":\"https:\/\/newsestlyonnais.fr\/site\/#\/schema\/logo\/image\/\"}},{\"@type\":\"Person\",\"@id\":\"https:\/\/newsestlyonnais.fr\/site\/#\/schema\/person\/3230d5615f390bb808365d673001e887\",\"name\":\"R\u00e9dac. NEWS\",\"sameAs\":[\"http:\/\/www.newsestlyonnais.fr\",\"https:\/\/www.facebook.com\/pascal.oberson.1?fref=ts\",\"https:\/\/fr.linkedin.com\/in\/pascal-oberson-b17045113\"],\"url\":\"https:\/\/newsestlyonnais.fr\/site\/author\/nel\/\"}]}<\/script>\n<!-- \/ Yoast SEO plugin. -->","yoast_head_json":{"title":"PUSIGNAN Tennis | \u00ab pas d'augmentation de cotisations pour la saison 2021-2022 comme l'an dernier \u00bb - News Est Lyonnais","description":"PUSIGNAN Tennis | \u00ab pas d'augmentation de cotisations pour la saison 2021-2022 comme l'an dernier \u00bb","robots":{"index":"index","follow":"follow","max-snippet":"max-snippet:-1","max-image-preview":"max-image-preview:large","max-video-preview":"max-video-preview:-1"},"canonical":"https:\/\/newsestlyonnais.fr\/site\/2021\/08\/05\/pusignan-tennis-pas-daugmentation-de-cotisations-pour-la-saison-2021-2022-comme-lan-dernier\/","og_locale":"fr_FR","og_type":"article","og_title":"PUSIGNAN Tennis | \u00ab pas d'augmentation de cotisations pour la saison 2021-2022 comme l'an dernier \u00bb - News Est Lyonnais","og_description":"PUSIGNAN Tennis | \u00ab pas d'augmentation de cotisations pour la saison 2021-2022 comme l'an dernier \u00bb","og_url":"https:\/\/newsestlyonnais.fr\/site\/2021\/08\/05\/pusignan-tennis-pas-daugmentation-de-cotisations-pour-la-saison-2021-2022-comme-lan-dernier\/","og_site_name":"News Est Lyonnais","article_author":"https:\/\/www.facebook.com\/pascal.oberson.1?fref=ts","article_published_time":"2021-08-05T06:04:20+00:00","article_modified_time":"2021-08-09T14:06:02+00:00","og_image":[{"width":1006,"height":384,"url":"https:\/\/i1.wp.com\/newsestlyonnais.fr\/site\/wp-content\/uploads\/2021\/08\/Photo-courts-tennis.jpg?fit=1006%2C384&ssl=1","type":"image\/jpeg"}],"author":"R\u00e9dac. NEWS","twitter_card":"summary_large_image","twitter_misc":{"\u00c9crit par":"R\u00e9dac. NEWS","Dur\u00e9e de lecture estim\u00e9e":"4 minutes"},"schema":{"@context":"https:\/\/schema.org","@graph":[{"@type":"Article","@id":"https:\/\/newsestlyonnais.fr\/site\/2021\/08\/05\/pusignan-tennis-pas-daugmentation-de-cotisations-pour-la-saison-2021-2022-comme-lan-dernier\/#article","isPartOf":{"@id":"https:\/\/newsestlyonnais.fr\/site\/2021\/08\/05\/pusignan-tennis-pas-daugmentation-de-cotisations-pour-la-saison-2021-2022-comme-lan-dernier\/"},"author":{"name":"R\u00e9dac. NEWS","@id":"https:\/\/newsestlyonnais.fr\/site\/#\/schema\/person\/3230d5615f390bb808365d673001e887"},"headline":"PUSIGNAN Tennis | \u00ab pas d&rsquo;augmentation de cotisations pour la saison 2021-2022 comme l&rsquo;an dernier \u00bb","datePublished":"2021-08-05T06:04:20+00:00","dateModified":"2021-08-09T14:06:02+00:00","mainEntityOfPage":{"@id":"https:\/\/newsestlyonnais.fr\/site\/2021\/08\/05\/pusignan-tennis-pas-daugmentation-de-cotisations-pour-la-saison-2021-2022-comme-lan-dernier\/"},"wordCount":705,"commentCount":0,"publisher":{"@id":"https:\/\/newsestlyonnais.fr\/site\/#organization"},"image":{"@id":"https:\/\/newsestlyonnais.fr\/site\/2021\/08\/05\/pusignan-tennis-pas-daugmentation-de-cotisations-pour-la-saison-2021-2022-comme-lan-dernier\/#primaryimage"},"thumbnailUrl":"https:\/\/newsestlyonnais.fr\/site\/wp-content\/uploads\/2021\/08\/Photo-courts-tennis.jpg","keywords":["AT PUSIGNAN","PUSIGNAN","TENNIS"],"articleSection":["1 jour, 1 association","CCEL | Communes","Jons | Pusignan","Tennis | Padel","Tennis | Tennis de table"],"inLanguage":"fr-FR","potentialAction":[{"@type":"CommentAction","name":"Comment","target":["https:\/\/newsestlyonnais.fr\/site\/2021\/08\/05\/pusignan-tennis-pas-daugmentation-de-cotisations-pour-la-saison-2021-2022-comme-lan-dernier\/#respond"]}]},{"@type":"WebPage","@id":"https:\/\/newsestlyonnais.fr\/site\/2021\/08\/05\/pusignan-tennis-pas-daugmentation-de-cotisations-pour-la-saison-2021-2022-comme-lan-dernier\/","url":"https:\/\/newsestlyonnais.fr\/site\/2021\/08\/05\/pusignan-tennis-pas-daugmentation-de-cotisations-pour-la-saison-2021-2022-comme-lan-dernier\/","name":"PUSIGNAN Tennis | \u00ab pas d'augmentation de cotisations pour la saison 2021-2022 comme l'an dernier \u00bb - News Est Lyonnais","isPartOf":{"@id":"https:\/\/newsestlyonnais.fr\/site\/#website"},"primaryImageOfPage":{"@id":"https:\/\/newsestlyonnais.fr\/site\/2021\/08\/05\/pusignan-tennis-pas-daugmentation-de-cotisations-pour-la-saison-2021-2022-comme-lan-dernier\/#primaryimage"},"image":{"@id":"https:\/\/newsestlyonnais.fr\/site\/2021\/08\/05\/pusignan-tennis-pas-daugmentation-de-cotisations-pour-la-saison-2021-2022-comme-lan-dernier\/#primaryimage"},"thumbnailUrl":"https:\/\/newsestlyonnais.fr\/site\/wp-content\/uploads\/2021\/08\/Photo-courts-tennis.jpg","datePublished":"2021-08-05T06:04:20+00:00","dateModified":"2021-08-09T14:06:02+00:00","description":"PUSIGNAN Tennis | \u00ab pas d'augmentation de cotisations pour la saison 2021-2022 comme l'an dernier \u00bb","breadcrumb":{"@id":"https:\/\/newsestlyonnais.fr\/site\/2021\/08\/05\/pusignan-tennis-pas-daugmentation-de-cotisations-pour-la-saison-2021-2022-comme-lan-dernier\/#breadcrumb"},"inLanguage":"fr-FR","potentialAction":[{"@type":"ReadAction","target":["https:\/\/newsestlyonnais.fr\/site\/2021\/08\/05\/pusignan-tennis-pas-daugmentation-de-cotisations-pour-la-saison-2021-2022-comme-lan-dernier\/"]}]},{"@type":"ImageObject","inLanguage":"fr-FR","@id":"https:\/\/newsestlyonnais.fr\/site\/2021\/08\/05\/pusignan-tennis-pas-daugmentation-de-cotisations-pour-la-saison-2021-2022-comme-lan-dernier\/#primaryimage","url":"https:\/\/newsestlyonnais.fr\/site\/wp-content\/uploads\/2021\/08\/Photo-courts-tennis.jpg","contentUrl":"https:\/\/newsestlyonnais.fr\/site\/wp-content\/uploads\/2021\/08\/Photo-courts-tennis.jpg","width":1006,"height":384},{"@type":"BreadcrumbList","@id":"https:\/\/newsestlyonnais.fr\/site\/2021\/08\/05\/pusignan-tennis-pas-daugmentation-de-cotisations-pour-la-saison-2021-2022-comme-lan-dernier\/#breadcrumb","itemListElement":[{"@type":"ListItem","position":1,"name":"Accueil","item":"https:\/\/newsestlyonnais.fr\/site\/"},{"@type":"ListItem","position":2,"name":"PUSIGNAN Tennis | \u00ab pas d&rsquo;augmentation de cotisations pour la saison 2021-2022 comme l&rsquo;an dernier \u00bb"}]},{"@type":"WebSite","@id":"https:\/\/newsestlyonnais.fr\/site\/#website","url":"https:\/\/newsestlyonnais.fr\/site\/","name":"News Est Lyonnais","description":"L&#039;actualit\u00e9 au plus pr\u00e8s","publisher":{"@id":"https:\/\/newsestlyonnais.fr\/site\/#organization"},"potentialAction":[{"@type":"SearchAction","target":{"@type":"EntryPoint","urlTemplate":"https:\/\/newsestlyonnais.fr\/site\/?s={search_term_string}"},"query-input":{"@type":"PropertyValueSpecification","valueRequired":true,"valueName":"search_term_string"}}],"inLanguage":"fr-FR"},{"@type":"Organization","@id":"https:\/\/newsestlyonnais.fr\/site\/#organization","name":"News EST LYONNAIS","url":"https:\/\/newsestlyonnais.fr\/site\/","logo":{"@type":"ImageObject","inLanguage":"fr-FR","@id":"https:\/\/newsestlyonnais.fr\/site\/#\/schema\/logo\/image\/","url":"","contentUrl":"","caption":"News EST LYONNAIS"},"image":{"@id":"https:\/\/newsestlyonnais.fr\/site\/#\/schema\/logo\/image\/"}},{"@type":"Person","@id":"https:\/\/newsestlyonnais.fr\/site\/#\/schema\/person\/3230d5615f390bb808365d673001e887","name":"R\u00e9dac. NEWS","sameAs":["http:\/\/www.newsestlyonnais.fr","https:\/\/www.facebook.com\/pascal.oberson.1?fref=ts","https:\/\/fr.linkedin.com\/in\/pascal-oberson-b17045113"],"url":"https:\/\/newsestlyonnais.fr\/site\/author\/nel\/"}]}},"_links":{"self":[{"href":"https:\/\/newsestlyonnais.fr\/site\/wp-json\/wp\/v2\/posts\/136095","targetHints":{"allow":["GET"]}}],"collection":[{"href":"https:\/\/newsestlyonnais.fr\/site\/wp-json\/wp\/v2\/posts"}],"about":[{"href":"https:\/\/newsestlyonnais.fr\/site\/wp-json\/wp\/v2\/types\/post"}],"author":[{"embeddable":true,"href":"https:\/\/newsestlyonnais.fr\/site\/wp-json\/wp\/v2\/users\/4"}],"replies":[{"embeddable":true,"href":"https:\/\/newsestlyonnais.fr\/site\/wp-json\/wp\/v2\/comments?post=136095"}],"version-history":[{"count":0,"href":"https:\/\/newsestlyonnais.fr\/site\/wp-json\/wp\/v2\/posts\/136095\/revisions"}],"wp:featuredmedia":[{"embeddable":true,"href":"https:\/\/newsestlyonnais.fr\/site\/wp-json\/wp\/v2\/media\/136106"}],"wp:attachment":[{"href":"https:\/\/newsestlyonnais.fr\/site\/wp-json\/wp\/v2\/media?parent=136095"}],"wp:term":[{"taxonomy":"category","embeddable":true,"href":"https:\/\/newsestlyonnais.fr\/site\/wp-json\/wp\/v2\/categories?post=136095"},{"taxonomy":"post_tag","embeddable":true,"href":"https:\/\/newsestlyonnais.fr\/site\/wp-json\/wp\/v2\/tags?post=136095"}],"curies":[{"name":"wp","href":"https:\/\/api.w.org\/{rel}","templated":true}]}}