{"id":136128,"date":"2021-08-05T14:47:47","date_gmt":"2021-08-05T13:47:47","guid":{"rendered":"https:\/\/newsestlyonnais.fr\/site\/?p=136128"},"modified":"2021-08-05T14:47:47","modified_gmt":"2021-08-05T13:47:47","slug":"cremieu-annulation-des-medievales-2021","status":"publish","type":"post","link":"https:\/\/newsestlyonnais.fr\/site\/2021\/08\/05\/cremieu-annulation-des-medievales-2021\/","title":{"rendered":"CREMIEU | Annulation des M\u00e9di\u00e9vales 2021"},"content":{"rendered":"<p>\u00bb C\u2019est non sans \u00e9motion et sans regret que nous vous informons de l\u2019annulation de l\u2019\u00e9dition 2021 des M\u00e9di\u00e9vales de Cr\u00e9mieu.<\/p>\n<p>Voil\u00e0 des mois qu\u2019\u00e9lus, agents et b\u00e9n\u00e9voles oeuvrons pour le maintien de ces festivit\u00e9s, tournant et retournant les probl\u00e9matiques venant s\u2019accumuler au fur et \u00e0 mesure et cherchant \u00e0 chaque fois solutions et alternatives.<\/p>\n<p>Nous y avons mis beaucoup d\u2019espoir, de bonne volont\u00e9, et la mobilisation de l\u2019ensemble de nos \u00e9quipes ne s\u2019est jamais amoindrie. Force est de constater que tout ceci n\u2019a pas suffit.<\/p>\n<p>Les derni\u00e8res mesures sanitaires destin\u00e9es \u00e0 enrayer la propagation du virus de la Covid-19 notamment par l\u2019instauration d\u2019un pass sanitaire viennent s\u2019ajouter \u00e0 un protocole s\u00e9curitaire vigi-pirate d\u00e9j\u00e0 tr\u00e8s lourd.<\/p>\n<p>Des mesures complexes auxquelles vient se greffer la propagation exponentielle du variant Delta sur notre territoire national et plus particuli\u00e8rement dans notre R\u00e9gion class\u00e9e en zone rouge par les autorit\u00e9s sanitaires \u00ab <strong>confie l\u2019\u00e9quipe d\u2019organisation.<\/strong><\/p>\n<hr \/>\n<ul>\n<li><span style=\"background-color: #000000; color: #ffffff;\"><strong>Int\u00e9gralit\u00e9 du comuniqu\u00e9 sur<\/strong> : <span style=\"font-size: 10pt;\"><a style=\"background-color: #000000; color: #ffffff;\" href=\"https:\/\/www.ville-cremieu.fr\/actualites\/annulation-des-medievales-2021\">https:\/\/www.ville-cremieu.fr\/actualites\/annulation-des-medievales-2021<\/a><\/span><\/span><\/li>\n<\/ul>\n<hr \/>\n<hr \/>\n<p>&nbsp;<\/p>\n","protected":false},"excerpt":{"rendered":"<p>Le Comit\u00e9 de Pilotage compos\u00e9 d\u2019\u00e9lus, agents et b\u00e9n\u00e9voles a pris \u00e0 l\u2019unanimit\u00e9 la lourde d\u00e9cision de reporter \u00e0 2022, ces festivit\u00e9s pr\u00e9vues les 11 et 12 septembre.<\/p>\n","protected":false},"author":4,"featured_media":136129,"comment_status":"open","ping_status":"open","sticky":false,"template":"","format":"standard","meta":{"footnotes":""},"categories":[2217,3348,164],"tags":[3862,3863],"class_list":["post-136128","post","type-post","status-publish","format-standard","has-post-thumbnail","hentry","category-breves-de-lest-lyonnais","category-histoire-patrimoine","category-isere","tag-cremieu","tag-medievales"],"yoast_head":"<!-- This site is optimized with the Yoast SEO plugin v27.2 - https:\/\/yoast.com\/product\/yoast-seo-wordpress\/ -->\n<title>CREMIEU | Annulation des M\u00e9di\u00e9vales 2021 - News Est Lyonnais<\/title>\n<meta name=\"description\" content=\"CREMIEU | Annulation des M\u00e9di\u00e9vales 2021\" \/>\n<meta name=\"robots\" content=\"index, follow, max-snippet:-1, max-image-preview:large, max-video-preview:-1\" \/>\n<link rel=\"canonical\" href=\"https:\/\/newsestlyonnais.fr\/site\/2021\/08\/05\/cremieu-annulation-des-medievales-2021\/\" \/>\n<meta property=\"og:locale\" content=\"fr_FR\" \/>\n<meta property=\"og:type\" content=\"article\" \/>\n<meta property=\"og:title\" content=\"CREMIEU | Annulation des M\u00e9di\u00e9vales 2021 - News Est Lyonnais\" \/>\n<meta property=\"og:description\" content=\"CREMIEU | Annulation des M\u00e9di\u00e9vales 2021\" \/>\n<meta property=\"og:url\" content=\"https:\/\/newsestlyonnais.fr\/site\/2021\/08\/05\/cremieu-annulation-des-medievales-2021\/\" \/>\n<meta property=\"og:site_name\" content=\"News Est Lyonnais\" \/>\n<meta property=\"article:author\" content=\"https:\/\/www.facebook.com\/pascal.oberson.1?fref=ts\" \/>\n<meta property=\"article:published_time\" content=\"2021-08-05T13:47:47+00:00\" \/>\n<meta property=\"og:image\" content=\"https:\/\/i1.wp.com\/newsestlyonnais.fr\/site\/wp-content\/uploads\/2021\/08\/annulation-medievales-Cremieu-2021-360x360-1.jpg?fit=360%2C360&ssl=1\" \/>\n\t<meta property=\"og:image:width\" content=\"360\" \/>\n\t<meta property=\"og:image:height\" content=\"360\" \/>\n\t<meta property=\"og:image:type\" content=\"image\/jpeg\" \/>\n<meta name=\"author\" content=\"R\u00e9dac. NEWS\" \/>\n<meta name=\"twitter:card\" content=\"summary_large_image\" \/>\n<meta name=\"twitter:label1\" content=\"\u00c9crit par\" \/>\n\t<meta name=\"twitter:data1\" content=\"R\u00e9dac. NEWS\" \/>\n\t<meta name=\"twitter:label2\" content=\"Dur\u00e9e de lecture estim\u00e9e\" \/>\n\t<meta name=\"twitter:data2\" content=\"1 minute\" \/>\n<script type=\"application\/ld+json\" class=\"yoast-schema-graph\">{\"@context\":\"https:\/\/schema.org\",\"@graph\":[{\"@type\":\"Article\",\"@id\":\"https:\/\/newsestlyonnais.fr\/site\/2021\/08\/05\/cremieu-annulation-des-medievales-2021\/#article\",\"isPartOf\":{\"@id\":\"https:\/\/newsestlyonnais.fr\/site\/2021\/08\/05\/cremieu-annulation-des-medievales-2021\/\"},\"author\":{\"name\":\"R\u00e9dac. NEWS\",\"@id\":\"https:\/\/newsestlyonnais.fr\/site\/#\/schema\/person\/3230d5615f390bb808365d673001e887\"},\"headline\":\"CREMIEU | Annulation des M\u00e9di\u00e9vales 2021\",\"datePublished\":\"2021-08-05T13:47:47+00:00\",\"mainEntityOfPage\":{\"@id\":\"https:\/\/newsestlyonnais.fr\/site\/2021\/08\/05\/cremieu-annulation-des-medievales-2021\/\"},\"wordCount\":192,\"commentCount\":0,\"publisher\":{\"@id\":\"https:\/\/newsestlyonnais.fr\/site\/#organization\"},\"image\":{\"@id\":\"https:\/\/newsestlyonnais.fr\/site\/2021\/08\/05\/cremieu-annulation-des-medievales-2021\/#primaryimage\"},\"thumbnailUrl\":\"https:\/\/newsestlyonnais.fr\/site\/wp-content\/uploads\/2021\/08\/annulation-medievales-Cremieu-2021-360x360-1.jpg\",\"keywords\":[\"CREMIEU\",\"MEDIEVALES\"],\"articleSection\":[\"Br\u00e8ves de l'Est lyonnais\",\"Histoire | Patrimoine\",\"Is\u00e8re (38)\"],\"inLanguage\":\"fr-FR\",\"potentialAction\":[{\"@type\":\"CommentAction\",\"name\":\"Comment\",\"target\":[\"https:\/\/newsestlyonnais.fr\/site\/2021\/08\/05\/cremieu-annulation-des-medievales-2021\/#respond\"]}]},{\"@type\":\"WebPage\",\"@id\":\"https:\/\/newsestlyonnais.fr\/site\/2021\/08\/05\/cremieu-annulation-des-medievales-2021\/\",\"url\":\"https:\/\/newsestlyonnais.fr\/site\/2021\/08\/05\/cremieu-annulation-des-medievales-2021\/\",\"name\":\"CREMIEU | Annulation des M\u00e9di\u00e9vales 2021 - News Est Lyonnais\",\"isPartOf\":{\"@id\":\"https:\/\/newsestlyonnais.fr\/site\/#website\"},\"primaryImageOfPage\":{\"@id\":\"https:\/\/newsestlyonnais.fr\/site\/2021\/08\/05\/cremieu-annulation-des-medievales-2021\/#primaryimage\"},\"image\":{\"@id\":\"https:\/\/newsestlyonnais.fr\/site\/2021\/08\/05\/cremieu-annulation-des-medievales-2021\/#primaryimage\"},\"thumbnailUrl\":\"https:\/\/newsestlyonnais.fr\/site\/wp-content\/uploads\/2021\/08\/annulation-medievales-Cremieu-2021-360x360-1.jpg\",\"datePublished\":\"2021-08-05T13:47:47+00:00\",\"description\":\"CREMIEU | Annulation des M\u00e9di\u00e9vales 2021\",\"breadcrumb\":{\"@id\":\"https:\/\/newsestlyonnais.fr\/site\/2021\/08\/05\/cremieu-annulation-des-medievales-2021\/#breadcrumb\"},\"inLanguage\":\"fr-FR\",\"potentialAction\":[{\"@type\":\"ReadAction\",\"target\":[\"https:\/\/newsestlyonnais.fr\/site\/2021\/08\/05\/cremieu-annulation-des-medievales-2021\/\"]}]},{\"@type\":\"ImageObject\",\"inLanguage\":\"fr-FR\",\"@id\":\"https:\/\/newsestlyonnais.fr\/site\/2021\/08\/05\/cremieu-annulation-des-medievales-2021\/#primaryimage\",\"url\":\"https:\/\/newsestlyonnais.fr\/site\/wp-content\/uploads\/2021\/08\/annulation-medievales-Cremieu-2021-360x360-1.jpg\",\"contentUrl\":\"https:\/\/newsestlyonnais.fr\/site\/wp-content\/uploads\/2021\/08\/annulation-medievales-Cremieu-2021-360x360-1.jpg\",\"width\":360,\"height\":360},{\"@type\":\"BreadcrumbList\",\"@id\":\"https:\/\/newsestlyonnais.fr\/site\/2021\/08\/05\/cremieu-annulation-des-medievales-2021\/#breadcrumb\",\"itemListElement\":[{\"@type\":\"ListItem\",\"position\":1,\"name\":\"Accueil\",\"item\":\"https:\/\/newsestlyonnais.fr\/site\/\"},{\"@type\":\"ListItem\",\"position\":2,\"name\":\"CREMIEU | Annulation des M\u00e9di\u00e9vales 2021\"}]},{\"@type\":\"WebSite\",\"@id\":\"https:\/\/newsestlyonnais.fr\/site\/#website\",\"url\":\"https:\/\/newsestlyonnais.fr\/site\/\",\"name\":\"News Est Lyonnais\",\"description\":\"L&#039;actualit\u00e9 au plus pr\u00e8s\",\"publisher\":{\"@id\":\"https:\/\/newsestlyonnais.fr\/site\/#organization\"},\"potentialAction\":[{\"@type\":\"SearchAction\",\"target\":{\"@type\":\"EntryPoint\",\"urlTemplate\":\"https:\/\/newsestlyonnais.fr\/site\/?s={search_term_string}\"},\"query-input\":{\"@type\":\"PropertyValueSpecification\",\"valueRequired\":true,\"valueName\":\"search_term_string\"}}],\"inLanguage\":\"fr-FR\"},{\"@type\":\"Organization\",\"@id\":\"https:\/\/newsestlyonnais.fr\/site\/#organization\",\"name\":\"News EST LYONNAIS\",\"url\":\"https:\/\/newsestlyonnais.fr\/site\/\",\"logo\":{\"@type\":\"ImageObject\",\"inLanguage\":\"fr-FR\",\"@id\":\"https:\/\/newsestlyonnais.fr\/site\/#\/schema\/logo\/image\/\",\"url\":\"\",\"contentUrl\":\"\",\"caption\":\"News EST LYONNAIS\"},\"image\":{\"@id\":\"https:\/\/newsestlyonnais.fr\/site\/#\/schema\/logo\/image\/\"}},{\"@type\":\"Person\",\"@id\":\"https:\/\/newsestlyonnais.fr\/site\/#\/schema\/person\/3230d5615f390bb808365d673001e887\",\"name\":\"R\u00e9dac. NEWS\",\"sameAs\":[\"http:\/\/www.newsestlyonnais.fr\",\"https:\/\/www.facebook.com\/pascal.oberson.1?fref=ts\",\"https:\/\/fr.linkedin.com\/in\/pascal-oberson-b17045113\"],\"url\":\"https:\/\/newsestlyonnais.fr\/site\/author\/nel\/\"}]}<\/script>\n<!-- \/ Yoast SEO plugin. -->","yoast_head_json":{"title":"CREMIEU | Annulation des M\u00e9di\u00e9vales 2021 - News Est Lyonnais","description":"CREMIEU | Annulation des M\u00e9di\u00e9vales 2021","robots":{"index":"index","follow":"follow","max-snippet":"max-snippet:-1","max-image-preview":"max-image-preview:large","max-video-preview":"max-video-preview:-1"},"canonical":"https:\/\/newsestlyonnais.fr\/site\/2021\/08\/05\/cremieu-annulation-des-medievales-2021\/","og_locale":"fr_FR","og_type":"article","og_title":"CREMIEU | Annulation des M\u00e9di\u00e9vales 2021 - News Est Lyonnais","og_description":"CREMIEU | Annulation des M\u00e9di\u00e9vales 2021","og_url":"https:\/\/newsestlyonnais.fr\/site\/2021\/08\/05\/cremieu-annulation-des-medievales-2021\/","og_site_name":"News Est Lyonnais","article_author":"https:\/\/www.facebook.com\/pascal.oberson.1?fref=ts","article_published_time":"2021-08-05T13:47:47+00:00","og_image":[{"width":360,"height":360,"url":"https:\/\/i1.wp.com\/newsestlyonnais.fr\/site\/wp-content\/uploads\/2021\/08\/annulation-medievales-Cremieu-2021-360x360-1.jpg?fit=360%2C360&ssl=1","type":"image\/jpeg"}],"author":"R\u00e9dac. NEWS","twitter_card":"summary_large_image","twitter_misc":{"\u00c9crit par":"R\u00e9dac. NEWS","Dur\u00e9e de lecture estim\u00e9e":"1 minute"},"schema":{"@context":"https:\/\/schema.org","@graph":[{"@type":"Article","@id":"https:\/\/newsestlyonnais.fr\/site\/2021\/08\/05\/cremieu-annulation-des-medievales-2021\/#article","isPartOf":{"@id":"https:\/\/newsestlyonnais.fr\/site\/2021\/08\/05\/cremieu-annulation-des-medievales-2021\/"},"author":{"name":"R\u00e9dac. NEWS","@id":"https:\/\/newsestlyonnais.fr\/site\/#\/schema\/person\/3230d5615f390bb808365d673001e887"},"headline":"CREMIEU | Annulation des M\u00e9di\u00e9vales 2021","datePublished":"2021-08-05T13:47:47+00:00","mainEntityOfPage":{"@id":"https:\/\/newsestlyonnais.fr\/site\/2021\/08\/05\/cremieu-annulation-des-medievales-2021\/"},"wordCount":192,"commentCount":0,"publisher":{"@id":"https:\/\/newsestlyonnais.fr\/site\/#organization"},"image":{"@id":"https:\/\/newsestlyonnais.fr\/site\/2021\/08\/05\/cremieu-annulation-des-medievales-2021\/#primaryimage"},"thumbnailUrl":"https:\/\/newsestlyonnais.fr\/site\/wp-content\/uploads\/2021\/08\/annulation-medievales-Cremieu-2021-360x360-1.jpg","keywords":["CREMIEU","MEDIEVALES"],"articleSection":["Br\u00e8ves de l'Est lyonnais","Histoire | Patrimoine","Is\u00e8re (38)"],"inLanguage":"fr-FR","potentialAction":[{"@type":"CommentAction","name":"Comment","target":["https:\/\/newsestlyonnais.fr\/site\/2021\/08\/05\/cremieu-annulation-des-medievales-2021\/#respond"]}]},{"@type":"WebPage","@id":"https:\/\/newsestlyonnais.fr\/site\/2021\/08\/05\/cremieu-annulation-des-medievales-2021\/","url":"https:\/\/newsestlyonnais.fr\/site\/2021\/08\/05\/cremieu-annulation-des-medievales-2021\/","name":"CREMIEU | Annulation des M\u00e9di\u00e9vales 2021 - News Est Lyonnais","isPartOf":{"@id":"https:\/\/newsestlyonnais.fr\/site\/#website"},"primaryImageOfPage":{"@id":"https:\/\/newsestlyonnais.fr\/site\/2021\/08\/05\/cremieu-annulation-des-medievales-2021\/#primaryimage"},"image":{"@id":"https:\/\/newsestlyonnais.fr\/site\/2021\/08\/05\/cremieu-annulation-des-medievales-2021\/#primaryimage"},"thumbnailUrl":"https:\/\/newsestlyonnais.fr\/site\/wp-content\/uploads\/2021\/08\/annulation-medievales-Cremieu-2021-360x360-1.jpg","datePublished":"2021-08-05T13:47:47+00:00","description":"CREMIEU | Annulation des M\u00e9di\u00e9vales 2021","breadcrumb":{"@id":"https:\/\/newsestlyonnais.fr\/site\/2021\/08\/05\/cremieu-annulation-des-medievales-2021\/#breadcrumb"},"inLanguage":"fr-FR","potentialAction":[{"@type":"ReadAction","target":["https:\/\/newsestlyonnais.fr\/site\/2021\/08\/05\/cremieu-annulation-des-medievales-2021\/"]}]},{"@type":"ImageObject","inLanguage":"fr-FR","@id":"https:\/\/newsestlyonnais.fr\/site\/2021\/08\/05\/cremieu-annulation-des-medievales-2021\/#primaryimage","url":"https:\/\/newsestlyonnais.fr\/site\/wp-content\/uploads\/2021\/08\/annulation-medievales-Cremieu-2021-360x360-1.jpg","contentUrl":"https:\/\/newsestlyonnais.fr\/site\/wp-content\/uploads\/2021\/08\/annulation-medievales-Cremieu-2021-360x360-1.jpg","width":360,"height":360},{"@type":"BreadcrumbList","@id":"https:\/\/newsestlyonnais.fr\/site\/2021\/08\/05\/cremieu-annulation-des-medievales-2021\/#breadcrumb","itemListElement":[{"@type":"ListItem","position":1,"name":"Accueil","item":"https:\/\/newsestlyonnais.fr\/site\/"},{"@type":"ListItem","position":2,"name":"CREMIEU | Annulation des M\u00e9di\u00e9vales 2021"}]},{"@type":"WebSite","@id":"https:\/\/newsestlyonnais.fr\/site\/#website","url":"https:\/\/newsestlyonnais.fr\/site\/","name":"News Est Lyonnais","description":"L&#039;actualit\u00e9 au plus pr\u00e8s","publisher":{"@id":"https:\/\/newsestlyonnais.fr\/site\/#organization"},"potentialAction":[{"@type":"SearchAction","target":{"@type":"EntryPoint","urlTemplate":"https:\/\/newsestlyonnais.fr\/site\/?s={search_term_string}"},"query-input":{"@type":"PropertyValueSpecification","valueRequired":true,"valueName":"search_term_string"}}],"inLanguage":"fr-FR"},{"@type":"Organization","@id":"https:\/\/newsestlyonnais.fr\/site\/#organization","name":"News EST LYONNAIS","url":"https:\/\/newsestlyonnais.fr\/site\/","logo":{"@type":"ImageObject","inLanguage":"fr-FR","@id":"https:\/\/newsestlyonnais.fr\/site\/#\/schema\/logo\/image\/","url":"","contentUrl":"","caption":"News EST LYONNAIS"},"image":{"@id":"https:\/\/newsestlyonnais.fr\/site\/#\/schema\/logo\/image\/"}},{"@type":"Person","@id":"https:\/\/newsestlyonnais.fr\/site\/#\/schema\/person\/3230d5615f390bb808365d673001e887","name":"R\u00e9dac. NEWS","sameAs":["http:\/\/www.newsestlyonnais.fr","https:\/\/www.facebook.com\/pascal.oberson.1?fref=ts","https:\/\/fr.linkedin.com\/in\/pascal-oberson-b17045113"],"url":"https:\/\/newsestlyonnais.fr\/site\/author\/nel\/"}]}},"_links":{"self":[{"href":"https:\/\/newsestlyonnais.fr\/site\/wp-json\/wp\/v2\/posts\/136128","targetHints":{"allow":["GET"]}}],"collection":[{"href":"https:\/\/newsestlyonnais.fr\/site\/wp-json\/wp\/v2\/posts"}],"about":[{"href":"https:\/\/newsestlyonnais.fr\/site\/wp-json\/wp\/v2\/types\/post"}],"author":[{"embeddable":true,"href":"https:\/\/newsestlyonnais.fr\/site\/wp-json\/wp\/v2\/users\/4"}],"replies":[{"embeddable":true,"href":"https:\/\/newsestlyonnais.fr\/site\/wp-json\/wp\/v2\/comments?post=136128"}],"version-history":[{"count":0,"href":"https:\/\/newsestlyonnais.fr\/site\/wp-json\/wp\/v2\/posts\/136128\/revisions"}],"wp:featuredmedia":[{"embeddable":true,"href":"https:\/\/newsestlyonnais.fr\/site\/wp-json\/wp\/v2\/media\/136129"}],"wp:attachment":[{"href":"https:\/\/newsestlyonnais.fr\/site\/wp-json\/wp\/v2\/media?parent=136128"}],"wp:term":[{"taxonomy":"category","embeddable":true,"href":"https:\/\/newsestlyonnais.fr\/site\/wp-json\/wp\/v2\/categories?post=136128"},{"taxonomy":"post_tag","embeddable":true,"href":"https:\/\/newsestlyonnais.fr\/site\/wp-json\/wp\/v2\/tags?post=136128"}],"curies":[{"name":"wp","href":"https:\/\/api.w.org\/{rel}","templated":true}]}}