{"id":136171,"date":"2021-08-07T11:12:42","date_gmt":"2021-08-07T10:12:42","guid":{"rendered":"https:\/\/newsestlyonnais.fr\/site\/?p=136171"},"modified":"2021-08-30T13:26:12","modified_gmt":"2021-08-30T12:26:12","slug":"vaulx-en-velin-les-evenements-a-mi-septembre","status":"publish","type":"post","link":"https:\/\/newsestlyonnais.fr\/site\/2021\/08\/07\/vaulx-en-velin-les-evenements-a-mi-septembre\/","title":{"rendered":"VAULX-EN-VELIN | Les \u00e9v\u00e8nements \u00e0 mi-septembre"},"content":{"rendered":"<ul>\n<li><strong><u>Jusqu\u2019au Vendredi 13 Ao\u00fbt<\/u><\/strong><strong> : ACTIV\u2019 \u00c9T\u00c9 2021. <\/strong>Toutes les animations sont accessibles sous r\u00e9serve du respect des consignes sanitaires en vigueur<em>. <\/em>Derni\u00e8re semaine pour profiter des activit\u00e9s (stade Aubert). <a href=\"https:\/\/vaulx-en-velin.net\/actualites\/activete-2021-07-08-juillet-aout-rousseau-triolet-aubert-enfant-jeune-famille\/\"><span style=\"color: #0000ff;\">+ d\u2019info<\/span>s<\/a>.<\/li>\n<li><strong><u>Jusqu\u2019au Jeudi 26 ao\u00fbt<\/u><\/strong><strong> : <\/strong><strong>Les Super Rendez-Vous de la M\u00e9diath\u00e8que-Maison de quartier. <\/strong>(Devant la salle Victor Jara). <a href=\"https:\/\/vaulx-en-velin.net\/actualites\/36383-210707-supers-rendez-vous-mediatheque-maison-de-quartier\"><span style=\"color: #0000ff;\">+ d\u2019infos<\/span><\/a>.<\/li>\n<li><strong><u>Jusqu\u2019au lundi 13 septembre inclus<\/u><\/strong> : <strong>Appel \u00e0 \u00c9CO PROJET. <\/strong>Prolongation du d\u00e9lai de d\u00e9p\u00f4t des dossiers. <a href=\"https:\/\/vaulx-en-velin.net\/actualites\/2021-05-10-2021-05-lancez-votre-projet-pour-environnement\"><span style=\"color: #0000ff;\">+ d&rsquo;infos.\u00a0<\/span><\/a><\/li>\n<\/ul>\n<hr \/>\n<p><strong><span style=\"background-color: #000000; color: #ffffff;\">ACTIVIT\u00c9S SENIORS<span style=\"background-color: #ffffff; color: #000000;\"> : <\/span><\/span><\/strong><span style=\"background-color: #000000; color: #ffffff;\"><span style=\"background-color: #ffffff;\"><span style=\"color: #000000;\">(S<\/span><\/span><\/span><span style=\"background-color: #ffffff; color: #000000;\">alle \u00c9dith-Piaf)<\/span><\/p>\n<ul>\n<li><strong><span style=\"text-decoration: underline;\">Lundi 9 ao\u00fbt<\/span> de 14 h \u00e0 16 h 30<\/strong> : <strong>Apr\u00e8s-midi jeux<\/strong><\/li>\n<li><strong><span style=\"text-decoration: underline;\">Mercredi 11 ao\u00fbt<\/span> \u00e0 13 h 30<\/strong><strong> : Duplicate de scrabble<\/strong><\/li>\n<li><strong><span style=\"text-decoration: underline;\">Jeudi 12 ao\u00fbt <\/span>de 14 h \u00e0 16 h 30<\/strong> : <strong>Apr\u00e8s-midi jeux<\/strong><\/li>\n<\/ul>\n<p><a href=\"https:\/\/vaulx-en-velin.net\/grandir\/personnes-agees\/lettre-information-memoire-vive\"><span style=\"color: #0000ff;\">+ d&rsquo;infos<\/span><\/a><em>.<br \/>\n<\/em><\/p>\n<hr \/>\n<ul>\n<li><strong><span style=\"text-decoration: underline;\">Lundi 16 ao\u00fbt<\/span> \u00e0 20 h 30<\/strong> :<strong> S\u00e9ance de cin\u00e9cyclo<\/strong> \/ <span style=\"color: #0000ff;\"><a style=\"color: #0000ff;\" href=\"https:\/\/www.unpoingcestcourt.com\/\">association du festival du film court francophone<\/a><\/span> avec <span style=\"color: #0000ff;\"><a style=\"color: #0000ff;\" href=\"https:\/\/www.cinecyclo.com\/\">l\u2019association Cin\u00e9cyclo<\/a><\/span> (espace Carmagnole, 8 avenue Bataillon Carmagnole Libert\u00e9).<\/li>\n<li><strong><span style=\"text-decoration: underline;\">Du m<a href=\"https:\/\/woodstower.com\/fr\/festival\"><span style=\"color: #0000ff; text-decoration: underline;\"><span style=\"color: #000000; text-decoration: underline;\">ardi 24 au Dimanche 29 ao\u00fbt<\/span><\/span><\/a><\/span><span style=\"color: #000000;\"> : Festival Woodstower 2021<\/span><\/strong><span style=\"color: #000000;\">. (Grand parc Miribel Jonage, plage du Fontanil).<\/span> <a href=\"https:\/\/woodstower.com\/fr\/festival\"><span style=\"color: #0000ff;\">+ d&rsquo;infos<\/span><\/a>.<\/li>\n<\/ul>\n<p>&#8212;&#8212;&#8212;&#8212;&#8212;&#8212;&#8212;&#8212;&#8212;&#8212;&#8212;&#8212;&#8212;&#8212;&#8212;&#8212;&#8212;&#8212;&#8212;&#8212;&#8212;&#8212;&#8212;&#8212;&#8212;&#8212;&#8212;&#8212;&#8212;&#8212;&#8212;&#8212;&#8212;&#8212;&#8212;&#8212;&#8212;&#8211;<\/p>\n<p><span style=\"background-color: #000000; color: #ffffff; font-size: 14pt;\"><strong>SEPTEMBRE : <\/strong><\/span><\/p>\n<ul>\n<li><span style=\"text-decoration: underline;\"><strong>Dimanche 5 septembre<\/strong><\/span> <strong>de 10 h \u00e0 18 h<\/strong> : <strong><span class=\"evcal_desc evo_info hide_eventtopdata \" data-location_address=\"plage du FONTANIL\" data-location_type=\"address\" data-location_name=\"GRAND PARC DE MIRIBEL JONAGE\" data-location_url=\"https:\/\/newsestlyonnais.fr\/site\/event-location\/grand-parc-de-miribel-jonage\/\" data-location_status=\"true\"><span class=\"evcal_desc2 evcal_event_title\">Portes Ouvertes du Canoe-Kayak<\/span><\/span><\/strong>. (Grand parc Miribel Jonage).<\/li>\n<li><strong><span style=\"text-decoration: underline;\">Samedi 11 septembre<\/span> de 11 h \u00e0 18 h<\/strong> : <strong>7\u00b0 Forum des associations 2021<\/strong>. (Parc Elsa-Triolet).<\/li>\n<li><strong><span style=\"text-decoration: underline;\">Dimanche 12 septembre<\/span> \u00e0 8 h 30 : 28\u00b0 Triathlon de Vaulx en Velin. <\/strong>(Grand parc Miribel Jonage, plage du Fontanil). <span style=\"color: #0000ff;\">+ <a style=\"color: #0000ff;\" href=\"https:\/\/vaulx-en-velin-triathlon.assoconnect.com\/page\/1231782-presentation\">d&rsquo;infos. <\/a><\/span><strong><br \/>\n<\/strong><\/li>\n<\/ul>\n<hr \/>\n<p><strong>Retrouvez toute l\u2019ACTU de la commune sur : <span style=\"color: #0000ff;\"><a style=\"color: #0000ff;\" href=\"https:\/\/vaulx-en-velin.net\">https:\/\/vaulx-en-velin.net<\/a><\/span><\/strong><\/p>\n<hr \/>\n<div id='gallery-1' class='gallery galleryid-136171 gallery-columns-3 gallery-size-thumbnail'><figure class='gallery-item'>\n\t\t\t<div class='gallery-icon portrait'>\n\t\t\t\t<a href='https:\/\/newsestlyonnais.fr\/site\/2021\/07\/08\/vaulx-en-velin-activete-sur-3-sites-et-en-3-periodes\/couverture-programme-activ-ete-2021\/'><img loading=\"lazy\" decoding=\"async\" width=\"103\" height=\"150\" src=\"https:\/\/newsestlyonnais.fr\/site\/wp-content\/uploads\/2021\/07\/couverture-programme-activ-ete-2021-250x363.png\" class=\"attachment-thumbnail size-thumbnail\" alt=\"\" srcset=\"https:\/\/newsestlyonnais.fr\/site\/wp-content\/uploads\/2021\/07\/couverture-programme-activ-ete-2021-250x363.png 250w, https:\/\/newsestlyonnais.fr\/site\/wp-content\/uploads\/2021\/07\/couverture-programme-activ-ete-2021-400x580.png 400w, https:\/\/newsestlyonnais.fr\/site\/wp-content\/uploads\/2021\/07\/couverture-programme-activ-ete-2021-150x218.png 150w, https:\/\/newsestlyonnais.fr\/site\/wp-content\/uploads\/2021\/07\/couverture-programme-activ-ete-2021-50x73.png 50w, https:\/\/newsestlyonnais.fr\/site\/wp-content\/uploads\/2021\/07\/couverture-programme-activ-ete-2021-100x145.png 100w, https:\/\/newsestlyonnais.fr\/site\/wp-content\/uploads\/2021\/07\/couverture-programme-activ-ete-2021-200x290.png 200w, https:\/\/newsestlyonnais.fr\/site\/wp-content\/uploads\/2021\/07\/couverture-programme-activ-ete-2021-300x435.png 300w, https:\/\/newsestlyonnais.fr\/site\/wp-content\/uploads\/2021\/07\/couverture-programme-activ-ete-2021-350x508.png 350w, https:\/\/newsestlyonnais.fr\/site\/wp-content\/uploads\/2021\/07\/couverture-programme-activ-ete-2021-450x653.png 450w, https:\/\/newsestlyonnais.fr\/site\/wp-content\/uploads\/2021\/07\/couverture-programme-activ-ete-2021-500x725.png 500w, https:\/\/newsestlyonnais.fr\/site\/wp-content\/uploads\/2021\/07\/couverture-programme-activ-ete-2021.png 522w\" sizes=\"auto, (max-width: 103px) 100vw, 103px\" \/><\/a>\n\t\t\t<\/div><\/figure><figure class='gallery-item'>\n\t\t\t<div class='gallery-icon landscape'>\n\t\t\t\t<a href='https:\/\/newsestlyonnais.fr\/site\/events\/miribel-jonage-festival-woodstower\/newsestlyonnais-woodstower-2021\/'><img loading=\"lazy\" decoding=\"async\" width=\"150\" height=\"85\" src=\"https:\/\/newsestlyonnais.fr\/site\/wp-content\/uploads\/2020\/05\/NEWSESTLYONNAIS-WOODSTOWER-2021-250x141.jpg\" class=\"attachment-thumbnail size-thumbnail\" alt=\"\" aria-describedby=\"gallery-1-120069\" srcset=\"https:\/\/newsestlyonnais.fr\/site\/wp-content\/uploads\/2020\/05\/NEWSESTLYONNAIS-WOODSTOWER-2021-250x141.jpg 250w, https:\/\/newsestlyonnais.fr\/site\/wp-content\/uploads\/2020\/05\/NEWSESTLYONNAIS-WOODSTOWER-2021-400x225.jpg 400w, https:\/\/newsestlyonnais.fr\/site\/wp-content\/uploads\/2020\/05\/NEWSESTLYONNAIS-WOODSTOWER-2021-650x366.jpg 650w, https:\/\/newsestlyonnais.fr\/site\/wp-content\/uploads\/2020\/05\/NEWSESTLYONNAIS-WOODSTOWER-2021-768x432.jpg 768w, https:\/\/newsestlyonnais.fr\/site\/wp-content\/uploads\/2020\/05\/NEWSESTLYONNAIS-WOODSTOWER-2021-150x84.jpg 150w, https:\/\/newsestlyonnais.fr\/site\/wp-content\/uploads\/2020\/05\/NEWSESTLYONNAIS-WOODSTOWER-2021-50x28.jpg 50w, https:\/\/newsestlyonnais.fr\/site\/wp-content\/uploads\/2020\/05\/NEWSESTLYONNAIS-WOODSTOWER-2021-100x56.jpg 100w, https:\/\/newsestlyonnais.fr\/site\/wp-content\/uploads\/2020\/05\/NEWSESTLYONNAIS-WOODSTOWER-2021-200x113.jpg 200w, https:\/\/newsestlyonnais.fr\/site\/wp-content\/uploads\/2020\/05\/NEWSESTLYONNAIS-WOODSTOWER-2021-300x169.jpg 300w, https:\/\/newsestlyonnais.fr\/site\/wp-content\/uploads\/2020\/05\/NEWSESTLYONNAIS-WOODSTOWER-2021-350x197.jpg 350w, https:\/\/newsestlyonnais.fr\/site\/wp-content\/uploads\/2020\/05\/NEWSESTLYONNAIS-WOODSTOWER-2021-450x253.jpg 450w, https:\/\/newsestlyonnais.fr\/site\/wp-content\/uploads\/2020\/05\/NEWSESTLYONNAIS-WOODSTOWER-2021-500x281.jpg 500w, https:\/\/newsestlyonnais.fr\/site\/wp-content\/uploads\/2020\/05\/NEWSESTLYONNAIS-WOODSTOWER-2021-550x309.jpg 550w, https:\/\/newsestlyonnais.fr\/site\/wp-content\/uploads\/2020\/05\/NEWSESTLYONNAIS-WOODSTOWER-2021-800x450.jpg 800w, https:\/\/newsestlyonnais.fr\/site\/wp-content\/uploads\/2020\/05\/NEWSESTLYONNAIS-WOODSTOWER-2021.jpg 1200w\" sizes=\"auto, (max-width: 150px) 100vw, 150px\" \/><\/a>\n\t\t\t<\/div>\n\t\t\t\t<figcaption class='wp-caption-text gallery-caption' id='gallery-1-120069'>\n\t\t\t\t     WOODSTSOWER\n\t\t\t\t<\/figcaption><\/figure><figure class='gallery-item'>\n\t\t\t<div class='gallery-icon portrait'>\n\t\t\t\t<a href='https:\/\/newsestlyonnais.fr\/site\/events\/vaulx-en-velin-portes-ouvertes-du-canoe-kayak-3\/affiche_porte_ouverte_septembre2015-copie\/'><img loading=\"lazy\" decoding=\"async\" width=\"106\" height=\"150\" src=\"https:\/\/newsestlyonnais.fr\/site\/wp-content\/uploads\/2021\/07\/Affiche_portes_ouvertes-SVVV_-V1-5-sept-2021-250x354.jpg\" class=\"attachment-thumbnail size-thumbnail\" alt=\"\" aria-describedby=\"gallery-1-135766\" srcset=\"https:\/\/newsestlyonnais.fr\/site\/wp-content\/uploads\/2021\/07\/Affiche_portes_ouvertes-SVVV_-V1-5-sept-2021-250x354.jpg 250w, https:\/\/newsestlyonnais.fr\/site\/wp-content\/uploads\/2021\/07\/Affiche_portes_ouvertes-SVVV_-V1-5-sept-2021-400x566.jpg 400w, https:\/\/newsestlyonnais.fr\/site\/wp-content\/uploads\/2021\/07\/Affiche_portes_ouvertes-SVVV_-V1-5-sept-2021-650x919.jpg 650w, https:\/\/newsestlyonnais.fr\/site\/wp-content\/uploads\/2021\/07\/Affiche_portes_ouvertes-SVVV_-V1-5-sept-2021-768x1086.jpg 768w, https:\/\/newsestlyonnais.fr\/site\/wp-content\/uploads\/2021\/07\/Affiche_portes_ouvertes-SVVV_-V1-5-sept-2021-1086x1536.jpg 1086w, https:\/\/newsestlyonnais.fr\/site\/wp-content\/uploads\/2021\/07\/Affiche_portes_ouvertes-SVVV_-V1-5-sept-2021-1448x2048.jpg 1448w, https:\/\/newsestlyonnais.fr\/site\/wp-content\/uploads\/2021\/07\/Affiche_portes_ouvertes-SVVV_-V1-5-sept-2021-150x212.jpg 150w, https:\/\/newsestlyonnais.fr\/site\/wp-content\/uploads\/2021\/07\/Affiche_portes_ouvertes-SVVV_-V1-5-sept-2021-50x71.jpg 50w, https:\/\/newsestlyonnais.fr\/site\/wp-content\/uploads\/2021\/07\/Affiche_portes_ouvertes-SVVV_-V1-5-sept-2021-100x141.jpg 100w, https:\/\/newsestlyonnais.fr\/site\/wp-content\/uploads\/2021\/07\/Affiche_portes_ouvertes-SVVV_-V1-5-sept-2021-200x283.jpg 200w, https:\/\/newsestlyonnais.fr\/site\/wp-content\/uploads\/2021\/07\/Affiche_portes_ouvertes-SVVV_-V1-5-sept-2021-300x424.jpg 300w, https:\/\/newsestlyonnais.fr\/site\/wp-content\/uploads\/2021\/07\/Affiche_portes_ouvertes-SVVV_-V1-5-sept-2021-350x495.jpg 350w, https:\/\/newsestlyonnais.fr\/site\/wp-content\/uploads\/2021\/07\/Affiche_portes_ouvertes-SVVV_-V1-5-sept-2021-450x636.jpg 450w, https:\/\/newsestlyonnais.fr\/site\/wp-content\/uploads\/2021\/07\/Affiche_portes_ouvertes-SVVV_-V1-5-sept-2021-500x707.jpg 500w, https:\/\/newsestlyonnais.fr\/site\/wp-content\/uploads\/2021\/07\/Affiche_portes_ouvertes-SVVV_-V1-5-sept-2021-550x778.jpg 550w, https:\/\/newsestlyonnais.fr\/site\/wp-content\/uploads\/2021\/07\/Affiche_portes_ouvertes-SVVV_-V1-5-sept-2021-800x1131.jpg 800w, https:\/\/newsestlyonnais.fr\/site\/wp-content\/uploads\/2021\/07\/Affiche_portes_ouvertes-SVVV_-V1-5-sept-2021-1200x1697.jpg 1200w, https:\/\/newsestlyonnais.fr\/site\/wp-content\/uploads\/2021\/07\/Affiche_portes_ouvertes-SVVV_-V1-5-sept-2021-1600x2263.jpg 1600w, https:\/\/newsestlyonnais.fr\/site\/wp-content\/uploads\/2021\/07\/Affiche_portes_ouvertes-SVVV_-V1-5-sept-2021-2000x2828.jpg 2000w, https:\/\/newsestlyonnais.fr\/site\/wp-content\/uploads\/2021\/07\/Affiche_portes_ouvertes-SVVV_-V1-5-sept-2021-1320x1867.jpg 1320w, https:\/\/newsestlyonnais.fr\/site\/wp-content\/uploads\/2021\/07\/Affiche_portes_ouvertes-SVVV_-V1-5-sept-2021-scaled.jpg 1810w\" sizes=\"auto, (max-width: 106px) 100vw, 106px\" \/><\/a>\n\t\t\t<\/div>\n\t\t\t\t<figcaption class='wp-caption-text gallery-caption' id='gallery-1-135766'>\n\t\t\t\t Portes Ouvertes Kayak\n\t\t\t\t<\/figcaption><\/figure><figure class='gallery-item'>\n\t\t\t<div class='gallery-icon portrait'>\n\t\t\t\t<a href='https:\/\/newsestlyonnais.fr\/site\/2021\/08\/07\/vaulx-en-velin-les-evenements-a-mi-septembre\/affforum-2021-120x176\/'><img loading=\"lazy\" decoding=\"async\" width=\"102\" height=\"150\" src=\"https:\/\/newsestlyonnais.fr\/site\/wp-content\/uploads\/2021\/08\/affforum-2021-120x176-1-250x368.jpg\" class=\"attachment-thumbnail size-thumbnail\" alt=\"\" aria-describedby=\"gallery-1-136869\" srcset=\"https:\/\/newsestlyonnais.fr\/site\/wp-content\/uploads\/2021\/08\/affforum-2021-120x176-1-250x368.jpg 250w, https:\/\/newsestlyonnais.fr\/site\/wp-content\/uploads\/2021\/08\/affforum-2021-120x176-1-400x589.jpg 400w, https:\/\/newsestlyonnais.fr\/site\/wp-content\/uploads\/2021\/08\/affforum-2021-120x176-1-150x221.jpg 150w, https:\/\/newsestlyonnais.fr\/site\/wp-content\/uploads\/2021\/08\/affforum-2021-120x176-1-50x74.jpg 50w, https:\/\/newsestlyonnais.fr\/site\/wp-content\/uploads\/2021\/08\/affforum-2021-120x176-1-100x147.jpg 100w, https:\/\/newsestlyonnais.fr\/site\/wp-content\/uploads\/2021\/08\/affforum-2021-120x176-1-200x294.jpg 200w, https:\/\/newsestlyonnais.fr\/site\/wp-content\/uploads\/2021\/08\/affforum-2021-120x176-1-300x442.jpg 300w, https:\/\/newsestlyonnais.fr\/site\/wp-content\/uploads\/2021\/08\/affforum-2021-120x176-1-350x515.jpg 350w, https:\/\/newsestlyonnais.fr\/site\/wp-content\/uploads\/2021\/08\/affforum-2021-120x176-1-450x662.jpg 450w, https:\/\/newsestlyonnais.fr\/site\/wp-content\/uploads\/2021\/08\/affforum-2021-120x176-1-500x736.jpg 500w, https:\/\/newsestlyonnais.fr\/site\/wp-content\/uploads\/2021\/08\/affforum-2021-120x176-1-550x810.jpg 550w, https:\/\/newsestlyonnais.fr\/site\/wp-content\/uploads\/2021\/08\/affforum-2021-120x176-1.jpg 591w\" sizes=\"auto, (max-width: 102px) 100vw, 102px\" \/><\/a>\n\t\t\t<\/div>\n\t\t\t\t<figcaption class='wp-caption-text gallery-caption' id='gallery-1-136869'>\n\t\t\t\t  \u00e0 VAULX EN VELIN \n\t\t\t\t<\/figcaption><\/figure><figure class='gallery-item'>\n\t\t\t<div class='gallery-icon portrait'>\n\t\t\t\t<a href='https:\/\/newsestlyonnais.fr\/site\/events\/miribel-jonage-28-triathlon-vaulx-en-velin\/217568408_2917089641898862_3385223631500921407_n\/'><img loading=\"lazy\" decoding=\"async\" width=\"113\" height=\"150\" src=\"https:\/\/newsestlyonnais.fr\/site\/wp-content\/uploads\/2021\/01\/217568408_2917089641898862_3385223631500921407_n-250x333.jpg\" class=\"attachment-thumbnail size-thumbnail\" alt=\"\" aria-describedby=\"gallery-1-134858\" srcset=\"https:\/\/newsestlyonnais.fr\/site\/wp-content\/uploads\/2021\/01\/217568408_2917089641898862_3385223631500921407_n-250x333.jpg 250w, https:\/\/newsestlyonnais.fr\/site\/wp-content\/uploads\/2021\/01\/217568408_2917089641898862_3385223631500921407_n-400x533.jpg 400w, https:\/\/newsestlyonnais.fr\/site\/wp-content\/uploads\/2021\/01\/217568408_2917089641898862_3385223631500921407_n-650x867.jpg 650w, https:\/\/newsestlyonnais.fr\/site\/wp-content\/uploads\/2021\/01\/217568408_2917089641898862_3385223631500921407_n-150x200.jpg 150w, https:\/\/newsestlyonnais.fr\/site\/wp-content\/uploads\/2021\/01\/217568408_2917089641898862_3385223631500921407_n-50x67.jpg 50w, https:\/\/newsestlyonnais.fr\/site\/wp-content\/uploads\/2021\/01\/217568408_2917089641898862_3385223631500921407_n-100x133.jpg 100w, https:\/\/newsestlyonnais.fr\/site\/wp-content\/uploads\/2021\/01\/217568408_2917089641898862_3385223631500921407_n-200x267.jpg 200w, https:\/\/newsestlyonnais.fr\/site\/wp-content\/uploads\/2021\/01\/217568408_2917089641898862_3385223631500921407_n-300x400.jpg 300w, https:\/\/newsestlyonnais.fr\/site\/wp-content\/uploads\/2021\/01\/217568408_2917089641898862_3385223631500921407_n-350x467.jpg 350w, https:\/\/newsestlyonnais.fr\/site\/wp-content\/uploads\/2021\/01\/217568408_2917089641898862_3385223631500921407_n-450x600.jpg 450w, https:\/\/newsestlyonnais.fr\/site\/wp-content\/uploads\/2021\/01\/217568408_2917089641898862_3385223631500921407_n-500x667.jpg 500w, https:\/\/newsestlyonnais.fr\/site\/wp-content\/uploads\/2021\/01\/217568408_2917089641898862_3385223631500921407_n-550x733.jpg 550w, https:\/\/newsestlyonnais.fr\/site\/wp-content\/uploads\/2021\/01\/217568408_2917089641898862_3385223631500921407_n.jpg 720w\" sizes=\"auto, (max-width: 113px) 100vw, 113px\" \/><\/a>\n\t\t\t<\/div>\n\t\t\t\t<figcaption class='wp-caption-text gallery-caption' id='gallery-1-134858'>\n\t\t\t\t     Triathlon de Vaulx\n\t\t\t\t<\/figcaption><\/figure>\n\t\t<\/div>\n\n","protected":false},"excerpt":{"rendered":"<p>Plusieurs programmations \u00e0 signaler sur la commune jusqu&rsquo;\u00e0 la fin du mois et la premi\u00e8re quinzaine du suivant. <\/p>\n","protected":false},"author":4,"featured_media":85535,"comment_status":"open","ping_status":"open","sticky":false,"template":"","format":"standard","meta":{"footnotes":""},"categories":[2217,221,1350,2988,28],"tags":[1991,2006],"class_list":["post-136171","post","type-post","status-publish","format-standard","has-post-thumbnail","hentry","category-breves-de-lest-lyonnais","category-cine-radio-theatre","category-natation-plongeon","category-natation-triathlon","category-vaulx-en-velin","tag-agenda","tag-vaulx-en-velin"],"yoast_head":"<!-- This site is optimized with the Yoast SEO plugin v27.2 - https:\/\/yoast.com\/product\/yoast-seo-wordpress\/ -->\n<title>VAULX-EN-VELIN | Les \u00e9v\u00e8nements \u00e0 mi-septembre - News Est Lyonnais<\/title>\n<meta name=\"description\" content=\"VAULX-EN-VELIN | Les \u00e9v\u00e8nements \u00e0 mi-septembre\" \/>\n<meta name=\"robots\" content=\"index, follow, max-snippet:-1, max-image-preview:large, max-video-preview:-1\" \/>\n<link rel=\"canonical\" href=\"https:\/\/newsestlyonnais.fr\/site\/2021\/08\/07\/vaulx-en-velin-les-evenements-a-mi-septembre\/\" \/>\n<meta property=\"og:locale\" content=\"fr_FR\" \/>\n<meta property=\"og:type\" content=\"article\" \/>\n<meta property=\"og:title\" content=\"VAULX-EN-VELIN | Les \u00e9v\u00e8nements \u00e0 mi-septembre - News Est Lyonnais\" \/>\n<meta property=\"og:description\" content=\"VAULX-EN-VELIN | Les \u00e9v\u00e8nements \u00e0 mi-septembre\" \/>\n<meta property=\"og:url\" content=\"https:\/\/newsestlyonnais.fr\/site\/2021\/08\/07\/vaulx-en-velin-les-evenements-a-mi-septembre\/\" \/>\n<meta property=\"og:site_name\" content=\"News Est Lyonnais\" \/>\n<meta property=\"article:author\" content=\"https:\/\/www.facebook.com\/pascal.oberson.1?fref=ts\" \/>\n<meta property=\"article:published_time\" content=\"2021-08-07T10:12:42+00:00\" \/>\n<meta property=\"article:modified_time\" content=\"2021-08-30T12:26:12+00:00\" \/>\n<meta property=\"og:image\" content=\"https:\/\/i1.wp.com\/newsestlyonnais.fr\/site\/wp-content\/uploads\/2019\/09\/NEWSESTLYONNAIS-MAIRIE-VAULX.jpg?fit=1200%2C800&ssl=1\" \/>\n\t<meta property=\"og:image:width\" content=\"1200\" \/>\n\t<meta property=\"og:image:height\" content=\"800\" \/>\n\t<meta property=\"og:image:type\" content=\"image\/jpeg\" \/>\n<meta name=\"author\" content=\"R\u00e9dac. NEWS\" \/>\n<meta name=\"twitter:card\" content=\"summary_large_image\" \/>\n<meta name=\"twitter:label1\" content=\"\u00c9crit par\" \/>\n\t<meta name=\"twitter:data1\" content=\"R\u00e9dac. NEWS\" \/>\n\t<meta name=\"twitter:label2\" content=\"Dur\u00e9e de lecture estim\u00e9e\" \/>\n\t<meta name=\"twitter:data2\" content=\"1 minute\" \/>\n<script type=\"application\/ld+json\" class=\"yoast-schema-graph\">{\"@context\":\"https:\/\/schema.org\",\"@graph\":[{\"@type\":\"Article\",\"@id\":\"https:\/\/newsestlyonnais.fr\/site\/2021\/08\/07\/vaulx-en-velin-les-evenements-a-mi-septembre\/#article\",\"isPartOf\":{\"@id\":\"https:\/\/newsestlyonnais.fr\/site\/2021\/08\/07\/vaulx-en-velin-les-evenements-a-mi-septembre\/\"},\"author\":{\"name\":\"R\u00e9dac. NEWS\",\"@id\":\"https:\/\/newsestlyonnais.fr\/site\/#\/schema\/person\/3230d5615f390bb808365d673001e887\"},\"headline\":\"VAULX-EN-VELIN | Les \u00e9v\u00e8nements \u00e0 mi-septembre\",\"datePublished\":\"2021-08-07T10:12:42+00:00\",\"dateModified\":\"2021-08-30T12:26:12+00:00\",\"mainEntityOfPage\":{\"@id\":\"https:\/\/newsestlyonnais.fr\/site\/2021\/08\/07\/vaulx-en-velin-les-evenements-a-mi-septembre\/\"},\"wordCount\":216,\"commentCount\":0,\"publisher\":{\"@id\":\"https:\/\/newsestlyonnais.fr\/site\/#organization\"},\"image\":{\"@id\":\"https:\/\/newsestlyonnais.fr\/site\/2021\/08\/07\/vaulx-en-velin-les-evenements-a-mi-septembre\/#primaryimage\"},\"thumbnailUrl\":\"https:\/\/newsestlyonnais.fr\/site\/wp-content\/uploads\/2019\/09\/NEWSESTLYONNAIS-MAIRIE-VAULX.jpg\",\"keywords\":[\"AGENDA\",\"VAULX EN VELIN\"],\"articleSection\":[\"Br\u00e8ves de l'Est lyonnais\",\"Cin\u00e9 | Radio | Th\u00e9\u00e2tre\",\"Natation | Plongeon\",\"Natation | Triathlon\",\"Vaulx-en-Velin\"],\"inLanguage\":\"fr-FR\",\"potentialAction\":[{\"@type\":\"CommentAction\",\"name\":\"Comment\",\"target\":[\"https:\/\/newsestlyonnais.fr\/site\/2021\/08\/07\/vaulx-en-velin-les-evenements-a-mi-septembre\/#respond\"]}]},{\"@type\":\"WebPage\",\"@id\":\"https:\/\/newsestlyonnais.fr\/site\/2021\/08\/07\/vaulx-en-velin-les-evenements-a-mi-septembre\/\",\"url\":\"https:\/\/newsestlyonnais.fr\/site\/2021\/08\/07\/vaulx-en-velin-les-evenements-a-mi-septembre\/\",\"name\":\"VAULX-EN-VELIN | Les \u00e9v\u00e8nements \u00e0 mi-septembre - News Est Lyonnais\",\"isPartOf\":{\"@id\":\"https:\/\/newsestlyonnais.fr\/site\/#website\"},\"primaryImageOfPage\":{\"@id\":\"https:\/\/newsestlyonnais.fr\/site\/2021\/08\/07\/vaulx-en-velin-les-evenements-a-mi-septembre\/#primaryimage\"},\"image\":{\"@id\":\"https:\/\/newsestlyonnais.fr\/site\/2021\/08\/07\/vaulx-en-velin-les-evenements-a-mi-septembre\/#primaryimage\"},\"thumbnailUrl\":\"https:\/\/newsestlyonnais.fr\/site\/wp-content\/uploads\/2019\/09\/NEWSESTLYONNAIS-MAIRIE-VAULX.jpg\",\"datePublished\":\"2021-08-07T10:12:42+00:00\",\"dateModified\":\"2021-08-30T12:26:12+00:00\",\"description\":\"VAULX-EN-VELIN | Les \u00e9v\u00e8nements \u00e0 mi-septembre\",\"breadcrumb\":{\"@id\":\"https:\/\/newsestlyonnais.fr\/site\/2021\/08\/07\/vaulx-en-velin-les-evenements-a-mi-septembre\/#breadcrumb\"},\"inLanguage\":\"fr-FR\",\"potentialAction\":[{\"@type\":\"ReadAction\",\"target\":[\"https:\/\/newsestlyonnais.fr\/site\/2021\/08\/07\/vaulx-en-velin-les-evenements-a-mi-septembre\/\"]}]},{\"@type\":\"ImageObject\",\"inLanguage\":\"fr-FR\",\"@id\":\"https:\/\/newsestlyonnais.fr\/site\/2021\/08\/07\/vaulx-en-velin-les-evenements-a-mi-septembre\/#primaryimage\",\"url\":\"https:\/\/newsestlyonnais.fr\/site\/wp-content\/uploads\/2019\/09\/NEWSESTLYONNAIS-MAIRIE-VAULX.jpg\",\"contentUrl\":\"https:\/\/newsestlyonnais.fr\/site\/wp-content\/uploads\/2019\/09\/NEWSESTLYONNAIS-MAIRIE-VAULX.jpg\",\"width\":1200,\"height\":800},{\"@type\":\"BreadcrumbList\",\"@id\":\"https:\/\/newsestlyonnais.fr\/site\/2021\/08\/07\/vaulx-en-velin-les-evenements-a-mi-septembre\/#breadcrumb\",\"itemListElement\":[{\"@type\":\"ListItem\",\"position\":1,\"name\":\"Accueil\",\"item\":\"https:\/\/newsestlyonnais.fr\/site\/\"},{\"@type\":\"ListItem\",\"position\":2,\"name\":\"VAULX-EN-VELIN | Les \u00e9v\u00e8nements \u00e0 mi-septembre\"}]},{\"@type\":\"WebSite\",\"@id\":\"https:\/\/newsestlyonnais.fr\/site\/#website\",\"url\":\"https:\/\/newsestlyonnais.fr\/site\/\",\"name\":\"News Est Lyonnais\",\"description\":\"L&#039;actualit\u00e9 au plus pr\u00e8s\",\"publisher\":{\"@id\":\"https:\/\/newsestlyonnais.fr\/site\/#organization\"},\"potentialAction\":[{\"@type\":\"SearchAction\",\"target\":{\"@type\":\"EntryPoint\",\"urlTemplate\":\"https:\/\/newsestlyonnais.fr\/site\/?s={search_term_string}\"},\"query-input\":{\"@type\":\"PropertyValueSpecification\",\"valueRequired\":true,\"valueName\":\"search_term_string\"}}],\"inLanguage\":\"fr-FR\"},{\"@type\":\"Organization\",\"@id\":\"https:\/\/newsestlyonnais.fr\/site\/#organization\",\"name\":\"News EST LYONNAIS\",\"url\":\"https:\/\/newsestlyonnais.fr\/site\/\",\"logo\":{\"@type\":\"ImageObject\",\"inLanguage\":\"fr-FR\",\"@id\":\"https:\/\/newsestlyonnais.fr\/site\/#\/schema\/logo\/image\/\",\"url\":\"\",\"contentUrl\":\"\",\"caption\":\"News EST LYONNAIS\"},\"image\":{\"@id\":\"https:\/\/newsestlyonnais.fr\/site\/#\/schema\/logo\/image\/\"}},{\"@type\":\"Person\",\"@id\":\"https:\/\/newsestlyonnais.fr\/site\/#\/schema\/person\/3230d5615f390bb808365d673001e887\",\"name\":\"R\u00e9dac. NEWS\",\"sameAs\":[\"http:\/\/www.newsestlyonnais.fr\",\"https:\/\/www.facebook.com\/pascal.oberson.1?fref=ts\",\"https:\/\/fr.linkedin.com\/in\/pascal-oberson-b17045113\"],\"url\":\"https:\/\/newsestlyonnais.fr\/site\/author\/nel\/\"}]}<\/script>\n<!-- \/ Yoast SEO plugin. -->","yoast_head_json":{"title":"VAULX-EN-VELIN | Les \u00e9v\u00e8nements \u00e0 mi-septembre - News Est Lyonnais","description":"VAULX-EN-VELIN | Les \u00e9v\u00e8nements \u00e0 mi-septembre","robots":{"index":"index","follow":"follow","max-snippet":"max-snippet:-1","max-image-preview":"max-image-preview:large","max-video-preview":"max-video-preview:-1"},"canonical":"https:\/\/newsestlyonnais.fr\/site\/2021\/08\/07\/vaulx-en-velin-les-evenements-a-mi-septembre\/","og_locale":"fr_FR","og_type":"article","og_title":"VAULX-EN-VELIN | Les \u00e9v\u00e8nements \u00e0 mi-septembre - News Est Lyonnais","og_description":"VAULX-EN-VELIN | Les \u00e9v\u00e8nements \u00e0 mi-septembre","og_url":"https:\/\/newsestlyonnais.fr\/site\/2021\/08\/07\/vaulx-en-velin-les-evenements-a-mi-septembre\/","og_site_name":"News Est Lyonnais","article_author":"https:\/\/www.facebook.com\/pascal.oberson.1?fref=ts","article_published_time":"2021-08-07T10:12:42+00:00","article_modified_time":"2021-08-30T12:26:12+00:00","og_image":[{"width":1200,"height":800,"url":"https:\/\/i1.wp.com\/newsestlyonnais.fr\/site\/wp-content\/uploads\/2019\/09\/NEWSESTLYONNAIS-MAIRIE-VAULX.jpg?fit=1200%2C800&ssl=1","type":"image\/jpeg"}],"author":"R\u00e9dac. NEWS","twitter_card":"summary_large_image","twitter_misc":{"\u00c9crit par":"R\u00e9dac. NEWS","Dur\u00e9e de lecture estim\u00e9e":"1 minute"},"schema":{"@context":"https:\/\/schema.org","@graph":[{"@type":"Article","@id":"https:\/\/newsestlyonnais.fr\/site\/2021\/08\/07\/vaulx-en-velin-les-evenements-a-mi-septembre\/#article","isPartOf":{"@id":"https:\/\/newsestlyonnais.fr\/site\/2021\/08\/07\/vaulx-en-velin-les-evenements-a-mi-septembre\/"},"author":{"name":"R\u00e9dac. NEWS","@id":"https:\/\/newsestlyonnais.fr\/site\/#\/schema\/person\/3230d5615f390bb808365d673001e887"},"headline":"VAULX-EN-VELIN | Les \u00e9v\u00e8nements \u00e0 mi-septembre","datePublished":"2021-08-07T10:12:42+00:00","dateModified":"2021-08-30T12:26:12+00:00","mainEntityOfPage":{"@id":"https:\/\/newsestlyonnais.fr\/site\/2021\/08\/07\/vaulx-en-velin-les-evenements-a-mi-septembre\/"},"wordCount":216,"commentCount":0,"publisher":{"@id":"https:\/\/newsestlyonnais.fr\/site\/#organization"},"image":{"@id":"https:\/\/newsestlyonnais.fr\/site\/2021\/08\/07\/vaulx-en-velin-les-evenements-a-mi-septembre\/#primaryimage"},"thumbnailUrl":"https:\/\/newsestlyonnais.fr\/site\/wp-content\/uploads\/2019\/09\/NEWSESTLYONNAIS-MAIRIE-VAULX.jpg","keywords":["AGENDA","VAULX EN VELIN"],"articleSection":["Br\u00e8ves de l'Est lyonnais","Cin\u00e9 | Radio | Th\u00e9\u00e2tre","Natation | Plongeon","Natation | Triathlon","Vaulx-en-Velin"],"inLanguage":"fr-FR","potentialAction":[{"@type":"CommentAction","name":"Comment","target":["https:\/\/newsestlyonnais.fr\/site\/2021\/08\/07\/vaulx-en-velin-les-evenements-a-mi-septembre\/#respond"]}]},{"@type":"WebPage","@id":"https:\/\/newsestlyonnais.fr\/site\/2021\/08\/07\/vaulx-en-velin-les-evenements-a-mi-septembre\/","url":"https:\/\/newsestlyonnais.fr\/site\/2021\/08\/07\/vaulx-en-velin-les-evenements-a-mi-septembre\/","name":"VAULX-EN-VELIN | Les \u00e9v\u00e8nements \u00e0 mi-septembre - News Est Lyonnais","isPartOf":{"@id":"https:\/\/newsestlyonnais.fr\/site\/#website"},"primaryImageOfPage":{"@id":"https:\/\/newsestlyonnais.fr\/site\/2021\/08\/07\/vaulx-en-velin-les-evenements-a-mi-septembre\/#primaryimage"},"image":{"@id":"https:\/\/newsestlyonnais.fr\/site\/2021\/08\/07\/vaulx-en-velin-les-evenements-a-mi-septembre\/#primaryimage"},"thumbnailUrl":"https:\/\/newsestlyonnais.fr\/site\/wp-content\/uploads\/2019\/09\/NEWSESTLYONNAIS-MAIRIE-VAULX.jpg","datePublished":"2021-08-07T10:12:42+00:00","dateModified":"2021-08-30T12:26:12+00:00","description":"VAULX-EN-VELIN | Les \u00e9v\u00e8nements \u00e0 mi-septembre","breadcrumb":{"@id":"https:\/\/newsestlyonnais.fr\/site\/2021\/08\/07\/vaulx-en-velin-les-evenements-a-mi-septembre\/#breadcrumb"},"inLanguage":"fr-FR","potentialAction":[{"@type":"ReadAction","target":["https:\/\/newsestlyonnais.fr\/site\/2021\/08\/07\/vaulx-en-velin-les-evenements-a-mi-septembre\/"]}]},{"@type":"ImageObject","inLanguage":"fr-FR","@id":"https:\/\/newsestlyonnais.fr\/site\/2021\/08\/07\/vaulx-en-velin-les-evenements-a-mi-septembre\/#primaryimage","url":"https:\/\/newsestlyonnais.fr\/site\/wp-content\/uploads\/2019\/09\/NEWSESTLYONNAIS-MAIRIE-VAULX.jpg","contentUrl":"https:\/\/newsestlyonnais.fr\/site\/wp-content\/uploads\/2019\/09\/NEWSESTLYONNAIS-MAIRIE-VAULX.jpg","width":1200,"height":800},{"@type":"BreadcrumbList","@id":"https:\/\/newsestlyonnais.fr\/site\/2021\/08\/07\/vaulx-en-velin-les-evenements-a-mi-septembre\/#breadcrumb","itemListElement":[{"@type":"ListItem","position":1,"name":"Accueil","item":"https:\/\/newsestlyonnais.fr\/site\/"},{"@type":"ListItem","position":2,"name":"VAULX-EN-VELIN | Les \u00e9v\u00e8nements \u00e0 mi-septembre"}]},{"@type":"WebSite","@id":"https:\/\/newsestlyonnais.fr\/site\/#website","url":"https:\/\/newsestlyonnais.fr\/site\/","name":"News Est Lyonnais","description":"L&#039;actualit\u00e9 au plus pr\u00e8s","publisher":{"@id":"https:\/\/newsestlyonnais.fr\/site\/#organization"},"potentialAction":[{"@type":"SearchAction","target":{"@type":"EntryPoint","urlTemplate":"https:\/\/newsestlyonnais.fr\/site\/?s={search_term_string}"},"query-input":{"@type":"PropertyValueSpecification","valueRequired":true,"valueName":"search_term_string"}}],"inLanguage":"fr-FR"},{"@type":"Organization","@id":"https:\/\/newsestlyonnais.fr\/site\/#organization","name":"News EST LYONNAIS","url":"https:\/\/newsestlyonnais.fr\/site\/","logo":{"@type":"ImageObject","inLanguage":"fr-FR","@id":"https:\/\/newsestlyonnais.fr\/site\/#\/schema\/logo\/image\/","url":"","contentUrl":"","caption":"News EST LYONNAIS"},"image":{"@id":"https:\/\/newsestlyonnais.fr\/site\/#\/schema\/logo\/image\/"}},{"@type":"Person","@id":"https:\/\/newsestlyonnais.fr\/site\/#\/schema\/person\/3230d5615f390bb808365d673001e887","name":"R\u00e9dac. NEWS","sameAs":["http:\/\/www.newsestlyonnais.fr","https:\/\/www.facebook.com\/pascal.oberson.1?fref=ts","https:\/\/fr.linkedin.com\/in\/pascal-oberson-b17045113"],"url":"https:\/\/newsestlyonnais.fr\/site\/author\/nel\/"}]}},"_links":{"self":[{"href":"https:\/\/newsestlyonnais.fr\/site\/wp-json\/wp\/v2\/posts\/136171","targetHints":{"allow":["GET"]}}],"collection":[{"href":"https:\/\/newsestlyonnais.fr\/site\/wp-json\/wp\/v2\/posts"}],"about":[{"href":"https:\/\/newsestlyonnais.fr\/site\/wp-json\/wp\/v2\/types\/post"}],"author":[{"embeddable":true,"href":"https:\/\/newsestlyonnais.fr\/site\/wp-json\/wp\/v2\/users\/4"}],"replies":[{"embeddable":true,"href":"https:\/\/newsestlyonnais.fr\/site\/wp-json\/wp\/v2\/comments?post=136171"}],"version-history":[{"count":0,"href":"https:\/\/newsestlyonnais.fr\/site\/wp-json\/wp\/v2\/posts\/136171\/revisions"}],"wp:featuredmedia":[{"embeddable":true,"href":"https:\/\/newsestlyonnais.fr\/site\/wp-json\/wp\/v2\/media\/85535"}],"wp:attachment":[{"href":"https:\/\/newsestlyonnais.fr\/site\/wp-json\/wp\/v2\/media?parent=136171"}],"wp:term":[{"taxonomy":"category","embeddable":true,"href":"https:\/\/newsestlyonnais.fr\/site\/wp-json\/wp\/v2\/categories?post=136171"},{"taxonomy":"post_tag","embeddable":true,"href":"https:\/\/newsestlyonnais.fr\/site\/wp-json\/wp\/v2\/tags?post=136171"}],"curies":[{"name":"wp","href":"https:\/\/api.w.org\/{rel}","templated":true}]}}