{"id":136793,"date":"2021-08-29T16:41:47","date_gmt":"2021-08-29T15:41:47","guid":{"rendered":"https:\/\/newsestlyonnais.fr\/site\/?p=136793"},"modified":"2021-08-30T11:32:23","modified_gmt":"2021-08-30T10:32:23","slug":"tour-lac-de-paladru-temps-record-pour-le-vainqueur","status":"publish","type":"post","link":"https:\/\/newsestlyonnais.fr\/site\/2021\/08\/29\/tour-lac-de-paladru-temps-record-pour-le-vainqueur\/","title":{"rendered":"Tour Lac de Paladru | Temps record pour le vainqueur"},"content":{"rendered":"<p>Forte affluence enregistr\u00e9e avec <strong>plus de 700 participants<\/strong> r\u00e9partis entre la course des as sur 14 kilom\u00e8tres (661 arrivants), la course handisport et la marche athl\u00e9tique.<\/p>\n<hr \/>\n<p>C&rsquo;est <strong>Manuel Sainjon<\/strong>, licenci\u00e9 \u00e0 l&rsquo;EA Grenoble 38, qui s&rsquo;est facilement impos\u00e9 <strong>en 42&rsquo;34<\/strong>, avec plus de 3 minutes d&rsquo;avance sur le deuxi\u00e8me Fabien Jouffre (CMI) et \u00e9tablit un <strong>nouveau record<\/strong> de l&rsquo;\u00e9preuve.<\/p>\n<p><img loading=\"lazy\" decoding=\"async\" class=\"aligncenter size-medium wp-image-136829\" src=\"https:\/\/newsestlyonnais.fr\/site\/wp-content\/uploads\/2021\/08\/20210829_101242-400x300.jpg\" alt=\"\" width=\"400\" height=\"300\" srcset=\"https:\/\/newsestlyonnais.fr\/site\/wp-content\/uploads\/2021\/08\/20210829_101242-400x300.jpg 400w, https:\/\/newsestlyonnais.fr\/site\/wp-content\/uploads\/2021\/08\/20210829_101242-650x488.jpg 650w, https:\/\/newsestlyonnais.fr\/site\/wp-content\/uploads\/2021\/08\/20210829_101242-250x188.jpg 250w, https:\/\/newsestlyonnais.fr\/site\/wp-content\/uploads\/2021\/08\/20210829_101242-768x576.jpg 768w, https:\/\/newsestlyonnais.fr\/site\/wp-content\/uploads\/2021\/08\/20210829_101242-150x113.jpg 150w, https:\/\/newsestlyonnais.fr\/site\/wp-content\/uploads\/2021\/08\/20210829_101242-50x38.jpg 50w, https:\/\/newsestlyonnais.fr\/site\/wp-content\/uploads\/2021\/08\/20210829_101242-100x75.jpg 100w, https:\/\/newsestlyonnais.fr\/site\/wp-content\/uploads\/2021\/08\/20210829_101242-200x150.jpg 200w, https:\/\/newsestlyonnais.fr\/site\/wp-content\/uploads\/2021\/08\/20210829_101242-300x225.jpg 300w, https:\/\/newsestlyonnais.fr\/site\/wp-content\/uploads\/2021\/08\/20210829_101242-350x263.jpg 350w, https:\/\/newsestlyonnais.fr\/site\/wp-content\/uploads\/2021\/08\/20210829_101242-450x338.jpg 450w, https:\/\/newsestlyonnais.fr\/site\/wp-content\/uploads\/2021\/08\/20210829_101242-500x375.jpg 500w, https:\/\/newsestlyonnais.fr\/site\/wp-content\/uploads\/2021\/08\/20210829_101242-550x413.jpg 550w, https:\/\/newsestlyonnais.fr\/site\/wp-content\/uploads\/2021\/08\/20210829_101242-800x600.jpg 800w, https:\/\/newsestlyonnais.fr\/site\/wp-content\/uploads\/2021\/08\/20210829_101242.jpg 1200w\" sizes=\"auto, (max-width: 400px) 100vw, 400px\" \/><\/p>\n<hr \/>\n<p>En f\u00e9minines, nouveau succ\u00e8s (le 5\u00b0) de <strong>Magali Aureille<\/strong> (Team VDD) <strong>en 49 &lsquo; <\/strong>avec plus de 4 minutes d&rsquo;avance sur Anne-Laure Ferrent.<\/p>\n<p><img loading=\"lazy\" decoding=\"async\" class=\"aligncenter size-medium wp-image-136834\" src=\"https:\/\/newsestlyonnais.fr\/site\/wp-content\/uploads\/2021\/08\/20210829_101906-400x300.jpg\" alt=\"\" width=\"400\" height=\"300\" srcset=\"https:\/\/newsestlyonnais.fr\/site\/wp-content\/uploads\/2021\/08\/20210829_101906-400x300.jpg 400w, https:\/\/newsestlyonnais.fr\/site\/wp-content\/uploads\/2021\/08\/20210829_101906-650x488.jpg 650w, https:\/\/newsestlyonnais.fr\/site\/wp-content\/uploads\/2021\/08\/20210829_101906-250x188.jpg 250w, https:\/\/newsestlyonnais.fr\/site\/wp-content\/uploads\/2021\/08\/20210829_101906-768x576.jpg 768w, https:\/\/newsestlyonnais.fr\/site\/wp-content\/uploads\/2021\/08\/20210829_101906-150x113.jpg 150w, https:\/\/newsestlyonnais.fr\/site\/wp-content\/uploads\/2021\/08\/20210829_101906-50x38.jpg 50w, https:\/\/newsestlyonnais.fr\/site\/wp-content\/uploads\/2021\/08\/20210829_101906-100x75.jpg 100w, https:\/\/newsestlyonnais.fr\/site\/wp-content\/uploads\/2021\/08\/20210829_101906-200x150.jpg 200w, https:\/\/newsestlyonnais.fr\/site\/wp-content\/uploads\/2021\/08\/20210829_101906-300x225.jpg 300w, https:\/\/newsestlyonnais.fr\/site\/wp-content\/uploads\/2021\/08\/20210829_101906-350x263.jpg 350w, https:\/\/newsestlyonnais.fr\/site\/wp-content\/uploads\/2021\/08\/20210829_101906-450x338.jpg 450w, https:\/\/newsestlyonnais.fr\/site\/wp-content\/uploads\/2021\/08\/20210829_101906-500x375.jpg 500w, https:\/\/newsestlyonnais.fr\/site\/wp-content\/uploads\/2021\/08\/20210829_101906-550x413.jpg 550w, https:\/\/newsestlyonnais.fr\/site\/wp-content\/uploads\/2021\/08\/20210829_101906-800x600.jpg 800w, https:\/\/newsestlyonnais.fr\/site\/wp-content\/uploads\/2021\/08\/20210829_101906.jpg 1200w\" sizes=\"auto, (max-width: 400px) 100vw, 400px\" \/><\/p>\n<hr \/>\n<p><img loading=\"lazy\" decoding=\"async\" class=\"alignleft wp-image-136792\" src=\"https:\/\/newsestlyonnais.fr\/site\/wp-content\/uploads\/2021\/08\/234883625_4588300774588308_2006763148864839063_n-400x570.jpg\" alt=\"\" width=\"150\" height=\"214\" srcset=\"https:\/\/newsestlyonnais.fr\/site\/wp-content\/uploads\/2021\/08\/234883625_4588300774588308_2006763148864839063_n-400x570.jpg 400w, https:\/\/newsestlyonnais.fr\/site\/wp-content\/uploads\/2021\/08\/234883625_4588300774588308_2006763148864839063_n-650x926.jpg 650w, https:\/\/newsestlyonnais.fr\/site\/wp-content\/uploads\/2021\/08\/234883625_4588300774588308_2006763148864839063_n-250x356.jpg 250w, https:\/\/newsestlyonnais.fr\/site\/wp-content\/uploads\/2021\/08\/234883625_4588300774588308_2006763148864839063_n-768x1095.jpg 768w, https:\/\/newsestlyonnais.fr\/site\/wp-content\/uploads\/2021\/08\/234883625_4588300774588308_2006763148864839063_n-150x214.jpg 150w, https:\/\/newsestlyonnais.fr\/site\/wp-content\/uploads\/2021\/08\/234883625_4588300774588308_2006763148864839063_n-50x71.jpg 50w, https:\/\/newsestlyonnais.fr\/site\/wp-content\/uploads\/2021\/08\/234883625_4588300774588308_2006763148864839063_n-100x143.jpg 100w, https:\/\/newsestlyonnais.fr\/site\/wp-content\/uploads\/2021\/08\/234883625_4588300774588308_2006763148864839063_n-200x285.jpg 200w, https:\/\/newsestlyonnais.fr\/site\/wp-content\/uploads\/2021\/08\/234883625_4588300774588308_2006763148864839063_n-300x428.jpg 300w, https:\/\/newsestlyonnais.fr\/site\/wp-content\/uploads\/2021\/08\/234883625_4588300774588308_2006763148864839063_n-350x499.jpg 350w, https:\/\/newsestlyonnais.fr\/site\/wp-content\/uploads\/2021\/08\/234883625_4588300774588308_2006763148864839063_n-450x641.jpg 450w, https:\/\/newsestlyonnais.fr\/site\/wp-content\/uploads\/2021\/08\/234883625_4588300774588308_2006763148864839063_n-500x713.jpg 500w, https:\/\/newsestlyonnais.fr\/site\/wp-content\/uploads\/2021\/08\/234883625_4588300774588308_2006763148864839063_n-550x784.jpg 550w, https:\/\/newsestlyonnais.fr\/site\/wp-content\/uploads\/2021\/08\/234883625_4588300774588308_2006763148864839063_n-800x1140.jpg 800w, https:\/\/newsestlyonnais.fr\/site\/wp-content\/uploads\/2021\/08\/234883625_4588300774588308_2006763148864839063_n.jpg 842w\" sizes=\"auto, (max-width: 150px) 100vw, 150px\" \/>&#8211; Autres photos \u00e0 retrouver prochainement.<\/p>\n<p><span style=\"background-color: #000000; color: #ffffff;\"><span style=\"font-size: 14pt;\">Classements complets sur :\u00a0 <span style=\"color: #ffffff;\"><a style=\"color: #ffffff;\" href=\"http:\/\/perfevent.matsport.fr\/tdl\">http:\/\/perfevent.matsport.fr\/tdl<\/a><\/span><\/span><br \/>\n<\/span><\/p>\n<hr \/>\n<div id='gallery-1' class='gallery galleryid-136793 gallery-columns-3 gallery-size-thumbnail'><figure class='gallery-item'>\n\t\t\t<div class='gallery-icon landscape'>\n\t\t\t\t<a href='https:\/\/newsestlyonnais.fr\/site\/2021\/08\/29\/tour-lac-de-paladru-temps-record-pour-le-vainqueur\/20210829_093521\/'><img loading=\"lazy\" decoding=\"async\" width=\"150\" height=\"113\" src=\"https:\/\/newsestlyonnais.fr\/site\/wp-content\/uploads\/2021\/08\/20210829_093521-250x188.jpg\" class=\"attachment-thumbnail size-thumbnail\" alt=\"\" srcset=\"https:\/\/newsestlyonnais.fr\/site\/wp-content\/uploads\/2021\/08\/20210829_093521-250x188.jpg 250w, https:\/\/newsestlyonnais.fr\/site\/wp-content\/uploads\/2021\/08\/20210829_093521-400x300.jpg 400w, https:\/\/newsestlyonnais.fr\/site\/wp-content\/uploads\/2021\/08\/20210829_093521-650x488.jpg 650w, https:\/\/newsestlyonnais.fr\/site\/wp-content\/uploads\/2021\/08\/20210829_093521-768x576.jpg 768w, https:\/\/newsestlyonnais.fr\/site\/wp-content\/uploads\/2021\/08\/20210829_093521-150x113.jpg 150w, https:\/\/newsestlyonnais.fr\/site\/wp-content\/uploads\/2021\/08\/20210829_093521-50x38.jpg 50w, https:\/\/newsestlyonnais.fr\/site\/wp-content\/uploads\/2021\/08\/20210829_093521-100x75.jpg 100w, https:\/\/newsestlyonnais.fr\/site\/wp-content\/uploads\/2021\/08\/20210829_093521-200x150.jpg 200w, https:\/\/newsestlyonnais.fr\/site\/wp-content\/uploads\/2021\/08\/20210829_093521-300x225.jpg 300w, https:\/\/newsestlyonnais.fr\/site\/wp-content\/uploads\/2021\/08\/20210829_093521-350x263.jpg 350w, https:\/\/newsestlyonnais.fr\/site\/wp-content\/uploads\/2021\/08\/20210829_093521-450x338.jpg 450w, https:\/\/newsestlyonnais.fr\/site\/wp-content\/uploads\/2021\/08\/20210829_093521-500x375.jpg 500w, https:\/\/newsestlyonnais.fr\/site\/wp-content\/uploads\/2021\/08\/20210829_093521-550x413.jpg 550w, https:\/\/newsestlyonnais.fr\/site\/wp-content\/uploads\/2021\/08\/20210829_093521-800x600.jpg 800w, https:\/\/newsestlyonnais.fr\/site\/wp-content\/uploads\/2021\/08\/20210829_093521.jpg 1200w\" sizes=\"auto, (max-width: 150px) 100vw, 150px\" \/><\/a>\n\t\t\t<\/div><\/figure><figure class='gallery-item'>\n\t\t\t<div class='gallery-icon landscape'>\n\t\t\t\t<a href='https:\/\/newsestlyonnais.fr\/site\/2021\/08\/29\/tour-lac-de-paladru-temps-record-pour-le-vainqueur\/20210829_102333\/'><img loading=\"lazy\" decoding=\"async\" width=\"150\" height=\"113\" src=\"https:\/\/newsestlyonnais.fr\/site\/wp-content\/uploads\/2021\/08\/20210829_102333-250x188.jpg\" class=\"attachment-thumbnail size-thumbnail\" alt=\"\" aria-describedby=\"gallery-1-136853\" srcset=\"https:\/\/newsestlyonnais.fr\/site\/wp-content\/uploads\/2021\/08\/20210829_102333-250x188.jpg 250w, https:\/\/newsestlyonnais.fr\/site\/wp-content\/uploads\/2021\/08\/20210829_102333-400x300.jpg 400w, https:\/\/newsestlyonnais.fr\/site\/wp-content\/uploads\/2021\/08\/20210829_102333-650x488.jpg 650w, https:\/\/newsestlyonnais.fr\/site\/wp-content\/uploads\/2021\/08\/20210829_102333-768x576.jpg 768w, https:\/\/newsestlyonnais.fr\/site\/wp-content\/uploads\/2021\/08\/20210829_102333-150x113.jpg 150w, https:\/\/newsestlyonnais.fr\/site\/wp-content\/uploads\/2021\/08\/20210829_102333-50x38.jpg 50w, https:\/\/newsestlyonnais.fr\/site\/wp-content\/uploads\/2021\/08\/20210829_102333-100x75.jpg 100w, https:\/\/newsestlyonnais.fr\/site\/wp-content\/uploads\/2021\/08\/20210829_102333-200x150.jpg 200w, https:\/\/newsestlyonnais.fr\/site\/wp-content\/uploads\/2021\/08\/20210829_102333-300x225.jpg 300w, https:\/\/newsestlyonnais.fr\/site\/wp-content\/uploads\/2021\/08\/20210829_102333-350x263.jpg 350w, https:\/\/newsestlyonnais.fr\/site\/wp-content\/uploads\/2021\/08\/20210829_102333-450x338.jpg 450w, https:\/\/newsestlyonnais.fr\/site\/wp-content\/uploads\/2021\/08\/20210829_102333-500x375.jpg 500w, https:\/\/newsestlyonnais.fr\/site\/wp-content\/uploads\/2021\/08\/20210829_102333-550x413.jpg 550w, https:\/\/newsestlyonnais.fr\/site\/wp-content\/uploads\/2021\/08\/20210829_102333-800x600.jpg 800w, https:\/\/newsestlyonnais.fr\/site\/wp-content\/uploads\/2021\/08\/20210829_102333.jpg 1200w\" sizes=\"auto, (max-width: 150px) 100vw, 150px\" \/><\/a>\n\t\t\t<\/div>\n\t\t\t\t<figcaption class='wp-caption-text gallery-caption' id='gallery-1-136853'>\n\t\t\t\tAnne Laure Ferrent 2\u00b0 au scratch f\u00e9minin\n\t\t\t\t<\/figcaption><\/figure><figure class='gallery-item'>\n\t\t\t<div class='gallery-icon landscape'>\n\t\t\t\t<a href='https:\/\/newsestlyonnais.fr\/site\/2021\/08\/29\/tour-lac-de-paladru-temps-record-pour-le-vainqueur\/20210829_102007\/'><img loading=\"lazy\" decoding=\"async\" width=\"150\" height=\"113\" src=\"https:\/\/newsestlyonnais.fr\/site\/wp-content\/uploads\/2021\/08\/20210829_102007-250x188.jpg\" class=\"attachment-thumbnail size-thumbnail\" alt=\"\" srcset=\"https:\/\/newsestlyonnais.fr\/site\/wp-content\/uploads\/2021\/08\/20210829_102007-250x188.jpg 250w, https:\/\/newsestlyonnais.fr\/site\/wp-content\/uploads\/2021\/08\/20210829_102007-400x300.jpg 400w, https:\/\/newsestlyonnais.fr\/site\/wp-content\/uploads\/2021\/08\/20210829_102007-650x488.jpg 650w, https:\/\/newsestlyonnais.fr\/site\/wp-content\/uploads\/2021\/08\/20210829_102007-768x576.jpg 768w, https:\/\/newsestlyonnais.fr\/site\/wp-content\/uploads\/2021\/08\/20210829_102007-150x113.jpg 150w, https:\/\/newsestlyonnais.fr\/site\/wp-content\/uploads\/2021\/08\/20210829_102007-50x38.jpg 50w, https:\/\/newsestlyonnais.fr\/site\/wp-content\/uploads\/2021\/08\/20210829_102007-100x75.jpg 100w, https:\/\/newsestlyonnais.fr\/site\/wp-content\/uploads\/2021\/08\/20210829_102007-200x150.jpg 200w, https:\/\/newsestlyonnais.fr\/site\/wp-content\/uploads\/2021\/08\/20210829_102007-300x225.jpg 300w, https:\/\/newsestlyonnais.fr\/site\/wp-content\/uploads\/2021\/08\/20210829_102007-350x263.jpg 350w, https:\/\/newsestlyonnais.fr\/site\/wp-content\/uploads\/2021\/08\/20210829_102007-450x338.jpg 450w, https:\/\/newsestlyonnais.fr\/site\/wp-content\/uploads\/2021\/08\/20210829_102007-500x375.jpg 500w, https:\/\/newsestlyonnais.fr\/site\/wp-content\/uploads\/2021\/08\/20210829_102007-550x413.jpg 550w, https:\/\/newsestlyonnais.fr\/site\/wp-content\/uploads\/2021\/08\/20210829_102007-800x600.jpg 800w, https:\/\/newsestlyonnais.fr\/site\/wp-content\/uploads\/2021\/08\/20210829_102007.jpg 1200w\" sizes=\"auto, (max-width: 150px) 100vw, 150px\" \/><\/a>\n\t\t\t<\/div><\/figure><figure class='gallery-item'>\n\t\t\t<div class='gallery-icon landscape'>\n\t\t\t\t<a href='https:\/\/newsestlyonnais.fr\/site\/2021\/08\/29\/tour-lac-de-paladru-temps-record-pour-le-vainqueur\/20210829_103025\/'><img loading=\"lazy\" decoding=\"async\" width=\"150\" height=\"113\" src=\"https:\/\/newsestlyonnais.fr\/site\/wp-content\/uploads\/2021\/08\/20210829_103025-250x188.jpg\" class=\"attachment-thumbnail size-thumbnail\" alt=\"\" srcset=\"https:\/\/newsestlyonnais.fr\/site\/wp-content\/uploads\/2021\/08\/20210829_103025-250x188.jpg 250w, https:\/\/newsestlyonnais.fr\/site\/wp-content\/uploads\/2021\/08\/20210829_103025-400x300.jpg 400w, https:\/\/newsestlyonnais.fr\/site\/wp-content\/uploads\/2021\/08\/20210829_103025-650x488.jpg 650w, https:\/\/newsestlyonnais.fr\/site\/wp-content\/uploads\/2021\/08\/20210829_103025-768x576.jpg 768w, https:\/\/newsestlyonnais.fr\/site\/wp-content\/uploads\/2021\/08\/20210829_103025-150x113.jpg 150w, https:\/\/newsestlyonnais.fr\/site\/wp-content\/uploads\/2021\/08\/20210829_103025-50x38.jpg 50w, https:\/\/newsestlyonnais.fr\/site\/wp-content\/uploads\/2021\/08\/20210829_103025-100x75.jpg 100w, https:\/\/newsestlyonnais.fr\/site\/wp-content\/uploads\/2021\/08\/20210829_103025-200x150.jpg 200w, https:\/\/newsestlyonnais.fr\/site\/wp-content\/uploads\/2021\/08\/20210829_103025-300x225.jpg 300w, https:\/\/newsestlyonnais.fr\/site\/wp-content\/uploads\/2021\/08\/20210829_103025-350x263.jpg 350w, https:\/\/newsestlyonnais.fr\/site\/wp-content\/uploads\/2021\/08\/20210829_103025-450x338.jpg 450w, https:\/\/newsestlyonnais.fr\/site\/wp-content\/uploads\/2021\/08\/20210829_103025-500x375.jpg 500w, https:\/\/newsestlyonnais.fr\/site\/wp-content\/uploads\/2021\/08\/20210829_103025-550x413.jpg 550w, https:\/\/newsestlyonnais.fr\/site\/wp-content\/uploads\/2021\/08\/20210829_103025-800x600.jpg 800w, https:\/\/newsestlyonnais.fr\/site\/wp-content\/uploads\/2021\/08\/20210829_103025.jpg 1200w\" sizes=\"auto, (max-width: 150px) 100vw, 150px\" \/><\/a>\n\t\t\t<\/div><\/figure><figure class='gallery-item'>\n\t\t\t<div class='gallery-icon landscape'>\n\t\t\t\t<a href='https:\/\/newsestlyonnais.fr\/site\/2021\/08\/29\/tour-lac-de-paladru-temps-record-pour-le-vainqueur\/20210829_104434\/'><img loading=\"lazy\" decoding=\"async\" width=\"150\" height=\"113\" src=\"https:\/\/newsestlyonnais.fr\/site\/wp-content\/uploads\/2021\/08\/20210829_104434-250x188.jpg\" class=\"attachment-thumbnail size-thumbnail\" alt=\"\" srcset=\"https:\/\/newsestlyonnais.fr\/site\/wp-content\/uploads\/2021\/08\/20210829_104434-250x188.jpg 250w, https:\/\/newsestlyonnais.fr\/site\/wp-content\/uploads\/2021\/08\/20210829_104434-400x300.jpg 400w, https:\/\/newsestlyonnais.fr\/site\/wp-content\/uploads\/2021\/08\/20210829_104434-650x488.jpg 650w, https:\/\/newsestlyonnais.fr\/site\/wp-content\/uploads\/2021\/08\/20210829_104434-768x576.jpg 768w, https:\/\/newsestlyonnais.fr\/site\/wp-content\/uploads\/2021\/08\/20210829_104434-150x113.jpg 150w, https:\/\/newsestlyonnais.fr\/site\/wp-content\/uploads\/2021\/08\/20210829_104434-50x38.jpg 50w, https:\/\/newsestlyonnais.fr\/site\/wp-content\/uploads\/2021\/08\/20210829_104434-100x75.jpg 100w, https:\/\/newsestlyonnais.fr\/site\/wp-content\/uploads\/2021\/08\/20210829_104434-200x150.jpg 200w, https:\/\/newsestlyonnais.fr\/site\/wp-content\/uploads\/2021\/08\/20210829_104434-300x225.jpg 300w, https:\/\/newsestlyonnais.fr\/site\/wp-content\/uploads\/2021\/08\/20210829_104434-350x263.jpg 350w, https:\/\/newsestlyonnais.fr\/site\/wp-content\/uploads\/2021\/08\/20210829_104434-450x338.jpg 450w, https:\/\/newsestlyonnais.fr\/site\/wp-content\/uploads\/2021\/08\/20210829_104434-500x375.jpg 500w, https:\/\/newsestlyonnais.fr\/site\/wp-content\/uploads\/2021\/08\/20210829_104434-550x413.jpg 550w, https:\/\/newsestlyonnais.fr\/site\/wp-content\/uploads\/2021\/08\/20210829_104434-800x600.jpg 800w, https:\/\/newsestlyonnais.fr\/site\/wp-content\/uploads\/2021\/08\/20210829_104434.jpg 1200w\" sizes=\"auto, (max-width: 150px) 100vw, 150px\" \/><\/a>\n\t\t\t<\/div><\/figure><figure class='gallery-item'>\n\t\t\t<div class='gallery-icon landscape'>\n\t\t\t\t<a href='https:\/\/newsestlyonnais.fr\/site\/2021\/08\/29\/tour-lac-de-paladru-temps-record-pour-le-vainqueur\/20210829_120049\/'><img loading=\"lazy\" decoding=\"async\" width=\"150\" height=\"85\" src=\"https:\/\/newsestlyonnais.fr\/site\/wp-content\/uploads\/2021\/08\/20210829_120049-250x141.jpg\" class=\"attachment-thumbnail size-thumbnail\" alt=\"\" srcset=\"https:\/\/newsestlyonnais.fr\/site\/wp-content\/uploads\/2021\/08\/20210829_120049-250x141.jpg 250w, https:\/\/newsestlyonnais.fr\/site\/wp-content\/uploads\/2021\/08\/20210829_120049-400x225.jpg 400w, https:\/\/newsestlyonnais.fr\/site\/wp-content\/uploads\/2021\/08\/20210829_120049-650x366.jpg 650w, https:\/\/newsestlyonnais.fr\/site\/wp-content\/uploads\/2021\/08\/20210829_120049-768x432.jpg 768w, https:\/\/newsestlyonnais.fr\/site\/wp-content\/uploads\/2021\/08\/20210829_120049-150x84.jpg 150w, https:\/\/newsestlyonnais.fr\/site\/wp-content\/uploads\/2021\/08\/20210829_120049-50x28.jpg 50w, https:\/\/newsestlyonnais.fr\/site\/wp-content\/uploads\/2021\/08\/20210829_120049-100x56.jpg 100w, https:\/\/newsestlyonnais.fr\/site\/wp-content\/uploads\/2021\/08\/20210829_120049-200x113.jpg 200w, https:\/\/newsestlyonnais.fr\/site\/wp-content\/uploads\/2021\/08\/20210829_120049-300x169.jpg 300w, https:\/\/newsestlyonnais.fr\/site\/wp-content\/uploads\/2021\/08\/20210829_120049-350x197.jpg 350w, https:\/\/newsestlyonnais.fr\/site\/wp-content\/uploads\/2021\/08\/20210829_120049-450x253.jpg 450w, https:\/\/newsestlyonnais.fr\/site\/wp-content\/uploads\/2021\/08\/20210829_120049-500x281.jpg 500w, https:\/\/newsestlyonnais.fr\/site\/wp-content\/uploads\/2021\/08\/20210829_120049-550x309.jpg 550w, https:\/\/newsestlyonnais.fr\/site\/wp-content\/uploads\/2021\/08\/20210829_120049-800x450.jpg 800w, https:\/\/newsestlyonnais.fr\/site\/wp-content\/uploads\/2021\/08\/20210829_120049.jpg 1200w\" sizes=\"auto, (max-width: 150px) 100vw, 150px\" \/><\/a>\n\t\t\t<\/div><\/figure>\n\t\t<\/div>\n\n","protected":false},"excerpt":{"rendered":"<p>La 44 \u00b0 \u00e9dition de cette course p\u00e9destre organis\u00e9e par l&rsquo;AL Voiron Athl\u00e9tisme se disputait ce dimanche matin.<\/p>\n","protected":false},"author":4,"featured_media":136826,"comment_status":"open","ping_status":"open","sticky":false,"template":"","format":"standard","meta":{"footnotes":""},"categories":[2968,164,2],"tags":[2283,3873],"class_list":["post-136793","post","type-post","status-publish","format-standard","has-post-thumbnail","hentry","category-athle-course-pied-marche","category-isere","category-sports","tag-course-pedestre","tag-paladru"],"yoast_head":"<!-- This site is optimized with the Yoast SEO plugin v27.2 - https:\/\/yoast.com\/product\/yoast-seo-wordpress\/ -->\n<title>Tour Lac de Paladru | Temps record pour le vainqueur - News Est Lyonnais<\/title>\n<meta name=\"description\" content=\"Tour Lac de Paladru | Temps record pour le vainqueur\" \/>\n<meta name=\"robots\" content=\"index, follow, max-snippet:-1, max-image-preview:large, max-video-preview:-1\" \/>\n<link rel=\"canonical\" href=\"https:\/\/newsestlyonnais.fr\/site\/2021\/08\/29\/tour-lac-de-paladru-temps-record-pour-le-vainqueur\/\" \/>\n<meta property=\"og:locale\" content=\"fr_FR\" \/>\n<meta property=\"og:type\" content=\"article\" \/>\n<meta property=\"og:title\" content=\"Tour Lac de Paladru | Temps record pour le vainqueur - News Est Lyonnais\" \/>\n<meta property=\"og:description\" content=\"Tour Lac de Paladru | Temps record pour le vainqueur\" \/>\n<meta property=\"og:url\" content=\"https:\/\/newsestlyonnais.fr\/site\/2021\/08\/29\/tour-lac-de-paladru-temps-record-pour-le-vainqueur\/\" \/>\n<meta property=\"og:site_name\" content=\"News Est Lyonnais\" \/>\n<meta property=\"article:author\" content=\"https:\/\/www.facebook.com\/pascal.oberson.1?fref=ts\" \/>\n<meta property=\"article:published_time\" content=\"2021-08-29T15:41:47+00:00\" \/>\n<meta property=\"article:modified_time\" content=\"2021-08-30T10:32:23+00:00\" \/>\n<meta property=\"og:image\" content=\"https:\/\/i1.wp.com\/newsestlyonnais.fr\/site\/wp-content\/uploads\/2021\/08\/20210829_093743.jpg?fit=1200%2C900&ssl=1\" \/>\n\t<meta property=\"og:image:width\" content=\"1200\" \/>\n\t<meta property=\"og:image:height\" content=\"900\" \/>\n\t<meta property=\"og:image:type\" content=\"image\/jpeg\" \/>\n<meta name=\"author\" content=\"R\u00e9dac. NEWS\" \/>\n<meta name=\"twitter:card\" content=\"summary_large_image\" \/>\n<meta name=\"twitter:label1\" content=\"\u00c9crit par\" \/>\n\t<meta name=\"twitter:data1\" content=\"R\u00e9dac. NEWS\" \/>\n\t<meta name=\"twitter:label2\" content=\"Dur\u00e9e de lecture estim\u00e9e\" \/>\n\t<meta name=\"twitter:data2\" content=\"2 minutes\" \/>\n<script type=\"application\/ld+json\" class=\"yoast-schema-graph\">{\"@context\":\"https:\/\/schema.org\",\"@graph\":[{\"@type\":\"Article\",\"@id\":\"https:\/\/newsestlyonnais.fr\/site\/2021\/08\/29\/tour-lac-de-paladru-temps-record-pour-le-vainqueur\/#article\",\"isPartOf\":{\"@id\":\"https:\/\/newsestlyonnais.fr\/site\/2021\/08\/29\/tour-lac-de-paladru-temps-record-pour-le-vainqueur\/\"},\"author\":{\"name\":\"R\u00e9dac. NEWS\",\"@id\":\"https:\/\/newsestlyonnais.fr\/site\/#\/schema\/person\/3230d5615f390bb808365d673001e887\"},\"headline\":\"Tour Lac de Paladru | Temps record pour le vainqueur\",\"datePublished\":\"2021-08-29T15:41:47+00:00\",\"dateModified\":\"2021-08-30T10:32:23+00:00\",\"mainEntityOfPage\":{\"@id\":\"https:\/\/newsestlyonnais.fr\/site\/2021\/08\/29\/tour-lac-de-paladru-temps-record-pour-le-vainqueur\/\"},\"wordCount\":110,\"commentCount\":0,\"publisher\":{\"@id\":\"https:\/\/newsestlyonnais.fr\/site\/#organization\"},\"image\":{\"@id\":\"https:\/\/newsestlyonnais.fr\/site\/2021\/08\/29\/tour-lac-de-paladru-temps-record-pour-le-vainqueur\/#primaryimage\"},\"thumbnailUrl\":\"https:\/\/newsestlyonnais.fr\/site\/wp-content\/uploads\/2021\/08\/20210829_093743.jpg\",\"keywords\":[\"course p\u00e9destre\",\"PALADRU\"],\"articleSection\":[\"Athl\u00e9 | Course pied | Marche\",\"Is\u00e8re (38)\",\"Sports\"],\"inLanguage\":\"fr-FR\",\"potentialAction\":[{\"@type\":\"CommentAction\",\"name\":\"Comment\",\"target\":[\"https:\/\/newsestlyonnais.fr\/site\/2021\/08\/29\/tour-lac-de-paladru-temps-record-pour-le-vainqueur\/#respond\"]}]},{\"@type\":\"WebPage\",\"@id\":\"https:\/\/newsestlyonnais.fr\/site\/2021\/08\/29\/tour-lac-de-paladru-temps-record-pour-le-vainqueur\/\",\"url\":\"https:\/\/newsestlyonnais.fr\/site\/2021\/08\/29\/tour-lac-de-paladru-temps-record-pour-le-vainqueur\/\",\"name\":\"Tour Lac de Paladru | Temps record pour le vainqueur - News Est Lyonnais\",\"isPartOf\":{\"@id\":\"https:\/\/newsestlyonnais.fr\/site\/#website\"},\"primaryImageOfPage\":{\"@id\":\"https:\/\/newsestlyonnais.fr\/site\/2021\/08\/29\/tour-lac-de-paladru-temps-record-pour-le-vainqueur\/#primaryimage\"},\"image\":{\"@id\":\"https:\/\/newsestlyonnais.fr\/site\/2021\/08\/29\/tour-lac-de-paladru-temps-record-pour-le-vainqueur\/#primaryimage\"},\"thumbnailUrl\":\"https:\/\/newsestlyonnais.fr\/site\/wp-content\/uploads\/2021\/08\/20210829_093743.jpg\",\"datePublished\":\"2021-08-29T15:41:47+00:00\",\"dateModified\":\"2021-08-30T10:32:23+00:00\",\"description\":\"Tour Lac de Paladru | Temps record pour le vainqueur\",\"breadcrumb\":{\"@id\":\"https:\/\/newsestlyonnais.fr\/site\/2021\/08\/29\/tour-lac-de-paladru-temps-record-pour-le-vainqueur\/#breadcrumb\"},\"inLanguage\":\"fr-FR\",\"potentialAction\":[{\"@type\":\"ReadAction\",\"target\":[\"https:\/\/newsestlyonnais.fr\/site\/2021\/08\/29\/tour-lac-de-paladru-temps-record-pour-le-vainqueur\/\"]}]},{\"@type\":\"ImageObject\",\"inLanguage\":\"fr-FR\",\"@id\":\"https:\/\/newsestlyonnais.fr\/site\/2021\/08\/29\/tour-lac-de-paladru-temps-record-pour-le-vainqueur\/#primaryimage\",\"url\":\"https:\/\/newsestlyonnais.fr\/site\/wp-content\/uploads\/2021\/08\/20210829_093743.jpg\",\"contentUrl\":\"https:\/\/newsestlyonnais.fr\/site\/wp-content\/uploads\/2021\/08\/20210829_093743.jpg\",\"width\":1200,\"height\":900},{\"@type\":\"BreadcrumbList\",\"@id\":\"https:\/\/newsestlyonnais.fr\/site\/2021\/08\/29\/tour-lac-de-paladru-temps-record-pour-le-vainqueur\/#breadcrumb\",\"itemListElement\":[{\"@type\":\"ListItem\",\"position\":1,\"name\":\"Accueil\",\"item\":\"https:\/\/newsestlyonnais.fr\/site\/\"},{\"@type\":\"ListItem\",\"position\":2,\"name\":\"Tour Lac de Paladru | Temps record pour le vainqueur\"}]},{\"@type\":\"WebSite\",\"@id\":\"https:\/\/newsestlyonnais.fr\/site\/#website\",\"url\":\"https:\/\/newsestlyonnais.fr\/site\/\",\"name\":\"News Est Lyonnais\",\"description\":\"L&#039;actualit\u00e9 au plus pr\u00e8s\",\"publisher\":{\"@id\":\"https:\/\/newsestlyonnais.fr\/site\/#organization\"},\"potentialAction\":[{\"@type\":\"SearchAction\",\"target\":{\"@type\":\"EntryPoint\",\"urlTemplate\":\"https:\/\/newsestlyonnais.fr\/site\/?s={search_term_string}\"},\"query-input\":{\"@type\":\"PropertyValueSpecification\",\"valueRequired\":true,\"valueName\":\"search_term_string\"}}],\"inLanguage\":\"fr-FR\"},{\"@type\":\"Organization\",\"@id\":\"https:\/\/newsestlyonnais.fr\/site\/#organization\",\"name\":\"News EST LYONNAIS\",\"url\":\"https:\/\/newsestlyonnais.fr\/site\/\",\"logo\":{\"@type\":\"ImageObject\",\"inLanguage\":\"fr-FR\",\"@id\":\"https:\/\/newsestlyonnais.fr\/site\/#\/schema\/logo\/image\/\",\"url\":\"\",\"contentUrl\":\"\",\"caption\":\"News EST LYONNAIS\"},\"image\":{\"@id\":\"https:\/\/newsestlyonnais.fr\/site\/#\/schema\/logo\/image\/\"}},{\"@type\":\"Person\",\"@id\":\"https:\/\/newsestlyonnais.fr\/site\/#\/schema\/person\/3230d5615f390bb808365d673001e887\",\"name\":\"R\u00e9dac. NEWS\",\"sameAs\":[\"http:\/\/www.newsestlyonnais.fr\",\"https:\/\/www.facebook.com\/pascal.oberson.1?fref=ts\",\"https:\/\/fr.linkedin.com\/in\/pascal-oberson-b17045113\"],\"url\":\"https:\/\/newsestlyonnais.fr\/site\/author\/nel\/\"}]}<\/script>\n<!-- \/ Yoast SEO plugin. -->","yoast_head_json":{"title":"Tour Lac de Paladru | Temps record pour le vainqueur - News Est Lyonnais","description":"Tour Lac de Paladru | Temps record pour le vainqueur","robots":{"index":"index","follow":"follow","max-snippet":"max-snippet:-1","max-image-preview":"max-image-preview:large","max-video-preview":"max-video-preview:-1"},"canonical":"https:\/\/newsestlyonnais.fr\/site\/2021\/08\/29\/tour-lac-de-paladru-temps-record-pour-le-vainqueur\/","og_locale":"fr_FR","og_type":"article","og_title":"Tour Lac de Paladru | Temps record pour le vainqueur - News Est Lyonnais","og_description":"Tour Lac de Paladru | Temps record pour le vainqueur","og_url":"https:\/\/newsestlyonnais.fr\/site\/2021\/08\/29\/tour-lac-de-paladru-temps-record-pour-le-vainqueur\/","og_site_name":"News Est Lyonnais","article_author":"https:\/\/www.facebook.com\/pascal.oberson.1?fref=ts","article_published_time":"2021-08-29T15:41:47+00:00","article_modified_time":"2021-08-30T10:32:23+00:00","og_image":[{"width":1200,"height":900,"url":"https:\/\/i1.wp.com\/newsestlyonnais.fr\/site\/wp-content\/uploads\/2021\/08\/20210829_093743.jpg?fit=1200%2C900&ssl=1","type":"image\/jpeg"}],"author":"R\u00e9dac. NEWS","twitter_card":"summary_large_image","twitter_misc":{"\u00c9crit par":"R\u00e9dac. NEWS","Dur\u00e9e de lecture estim\u00e9e":"2 minutes"},"schema":{"@context":"https:\/\/schema.org","@graph":[{"@type":"Article","@id":"https:\/\/newsestlyonnais.fr\/site\/2021\/08\/29\/tour-lac-de-paladru-temps-record-pour-le-vainqueur\/#article","isPartOf":{"@id":"https:\/\/newsestlyonnais.fr\/site\/2021\/08\/29\/tour-lac-de-paladru-temps-record-pour-le-vainqueur\/"},"author":{"name":"R\u00e9dac. NEWS","@id":"https:\/\/newsestlyonnais.fr\/site\/#\/schema\/person\/3230d5615f390bb808365d673001e887"},"headline":"Tour Lac de Paladru | Temps record pour le vainqueur","datePublished":"2021-08-29T15:41:47+00:00","dateModified":"2021-08-30T10:32:23+00:00","mainEntityOfPage":{"@id":"https:\/\/newsestlyonnais.fr\/site\/2021\/08\/29\/tour-lac-de-paladru-temps-record-pour-le-vainqueur\/"},"wordCount":110,"commentCount":0,"publisher":{"@id":"https:\/\/newsestlyonnais.fr\/site\/#organization"},"image":{"@id":"https:\/\/newsestlyonnais.fr\/site\/2021\/08\/29\/tour-lac-de-paladru-temps-record-pour-le-vainqueur\/#primaryimage"},"thumbnailUrl":"https:\/\/newsestlyonnais.fr\/site\/wp-content\/uploads\/2021\/08\/20210829_093743.jpg","keywords":["course p\u00e9destre","PALADRU"],"articleSection":["Athl\u00e9 | Course pied | Marche","Is\u00e8re (38)","Sports"],"inLanguage":"fr-FR","potentialAction":[{"@type":"CommentAction","name":"Comment","target":["https:\/\/newsestlyonnais.fr\/site\/2021\/08\/29\/tour-lac-de-paladru-temps-record-pour-le-vainqueur\/#respond"]}]},{"@type":"WebPage","@id":"https:\/\/newsestlyonnais.fr\/site\/2021\/08\/29\/tour-lac-de-paladru-temps-record-pour-le-vainqueur\/","url":"https:\/\/newsestlyonnais.fr\/site\/2021\/08\/29\/tour-lac-de-paladru-temps-record-pour-le-vainqueur\/","name":"Tour Lac de Paladru | Temps record pour le vainqueur - News Est Lyonnais","isPartOf":{"@id":"https:\/\/newsestlyonnais.fr\/site\/#website"},"primaryImageOfPage":{"@id":"https:\/\/newsestlyonnais.fr\/site\/2021\/08\/29\/tour-lac-de-paladru-temps-record-pour-le-vainqueur\/#primaryimage"},"image":{"@id":"https:\/\/newsestlyonnais.fr\/site\/2021\/08\/29\/tour-lac-de-paladru-temps-record-pour-le-vainqueur\/#primaryimage"},"thumbnailUrl":"https:\/\/newsestlyonnais.fr\/site\/wp-content\/uploads\/2021\/08\/20210829_093743.jpg","datePublished":"2021-08-29T15:41:47+00:00","dateModified":"2021-08-30T10:32:23+00:00","description":"Tour Lac de Paladru | Temps record pour le vainqueur","breadcrumb":{"@id":"https:\/\/newsestlyonnais.fr\/site\/2021\/08\/29\/tour-lac-de-paladru-temps-record-pour-le-vainqueur\/#breadcrumb"},"inLanguage":"fr-FR","potentialAction":[{"@type":"ReadAction","target":["https:\/\/newsestlyonnais.fr\/site\/2021\/08\/29\/tour-lac-de-paladru-temps-record-pour-le-vainqueur\/"]}]},{"@type":"ImageObject","inLanguage":"fr-FR","@id":"https:\/\/newsestlyonnais.fr\/site\/2021\/08\/29\/tour-lac-de-paladru-temps-record-pour-le-vainqueur\/#primaryimage","url":"https:\/\/newsestlyonnais.fr\/site\/wp-content\/uploads\/2021\/08\/20210829_093743.jpg","contentUrl":"https:\/\/newsestlyonnais.fr\/site\/wp-content\/uploads\/2021\/08\/20210829_093743.jpg","width":1200,"height":900},{"@type":"BreadcrumbList","@id":"https:\/\/newsestlyonnais.fr\/site\/2021\/08\/29\/tour-lac-de-paladru-temps-record-pour-le-vainqueur\/#breadcrumb","itemListElement":[{"@type":"ListItem","position":1,"name":"Accueil","item":"https:\/\/newsestlyonnais.fr\/site\/"},{"@type":"ListItem","position":2,"name":"Tour Lac de Paladru | Temps record pour le vainqueur"}]},{"@type":"WebSite","@id":"https:\/\/newsestlyonnais.fr\/site\/#website","url":"https:\/\/newsestlyonnais.fr\/site\/","name":"News Est Lyonnais","description":"L&#039;actualit\u00e9 au plus pr\u00e8s","publisher":{"@id":"https:\/\/newsestlyonnais.fr\/site\/#organization"},"potentialAction":[{"@type":"SearchAction","target":{"@type":"EntryPoint","urlTemplate":"https:\/\/newsestlyonnais.fr\/site\/?s={search_term_string}"},"query-input":{"@type":"PropertyValueSpecification","valueRequired":true,"valueName":"search_term_string"}}],"inLanguage":"fr-FR"},{"@type":"Organization","@id":"https:\/\/newsestlyonnais.fr\/site\/#organization","name":"News EST LYONNAIS","url":"https:\/\/newsestlyonnais.fr\/site\/","logo":{"@type":"ImageObject","inLanguage":"fr-FR","@id":"https:\/\/newsestlyonnais.fr\/site\/#\/schema\/logo\/image\/","url":"","contentUrl":"","caption":"News EST LYONNAIS"},"image":{"@id":"https:\/\/newsestlyonnais.fr\/site\/#\/schema\/logo\/image\/"}},{"@type":"Person","@id":"https:\/\/newsestlyonnais.fr\/site\/#\/schema\/person\/3230d5615f390bb808365d673001e887","name":"R\u00e9dac. NEWS","sameAs":["http:\/\/www.newsestlyonnais.fr","https:\/\/www.facebook.com\/pascal.oberson.1?fref=ts","https:\/\/fr.linkedin.com\/in\/pascal-oberson-b17045113"],"url":"https:\/\/newsestlyonnais.fr\/site\/author\/nel\/"}]}},"_links":{"self":[{"href":"https:\/\/newsestlyonnais.fr\/site\/wp-json\/wp\/v2\/posts\/136793","targetHints":{"allow":["GET"]}}],"collection":[{"href":"https:\/\/newsestlyonnais.fr\/site\/wp-json\/wp\/v2\/posts"}],"about":[{"href":"https:\/\/newsestlyonnais.fr\/site\/wp-json\/wp\/v2\/types\/post"}],"author":[{"embeddable":true,"href":"https:\/\/newsestlyonnais.fr\/site\/wp-json\/wp\/v2\/users\/4"}],"replies":[{"embeddable":true,"href":"https:\/\/newsestlyonnais.fr\/site\/wp-json\/wp\/v2\/comments?post=136793"}],"version-history":[{"count":0,"href":"https:\/\/newsestlyonnais.fr\/site\/wp-json\/wp\/v2\/posts\/136793\/revisions"}],"wp:featuredmedia":[{"embeddable":true,"href":"https:\/\/newsestlyonnais.fr\/site\/wp-json\/wp\/v2\/media\/136826"}],"wp:attachment":[{"href":"https:\/\/newsestlyonnais.fr\/site\/wp-json\/wp\/v2\/media?parent=136793"}],"wp:term":[{"taxonomy":"category","embeddable":true,"href":"https:\/\/newsestlyonnais.fr\/site\/wp-json\/wp\/v2\/categories?post=136793"},{"taxonomy":"post_tag","embeddable":true,"href":"https:\/\/newsestlyonnais.fr\/site\/wp-json\/wp\/v2\/tags?post=136793"}],"curies":[{"name":"wp","href":"https:\/\/api.w.org\/{rel}","templated":true}]}}