{"id":136985,"date":"2021-08-31T18:22:36","date_gmt":"2021-08-31T17:22:36","guid":{"rendered":"https:\/\/newsestlyonnais.fr\/site\/?p=136985"},"modified":"2021-08-31T18:22:36","modified_gmt":"2021-08-31T17:22:36","slug":"bron-lecole-de-sante-militaire-fete-ses-40-ans","status":"publish","type":"post","link":"https:\/\/newsestlyonnais.fr\/site\/2021\/08\/31\/bron-lecole-de-sante-militaire-fete-ses-40-ans\/","title":{"rendered":"BRON | L\u2019\u00e9cole de sant\u00e9 militaire f\u00eate ses 40 ans !"},"content":{"rendered":"<p>L<span id=\"page93R_mcid7\" class=\"markedContent\"><span dir=\"ltr\" role=\"presentation\">\u2019accueil de 200 nouveaux \u00e9tudiants, la c\u00e9l\u00e9bration des 40 ans <\/span><\/span><span id=\"page93R_mcid8\" class=\"markedContent\"> <\/span><span id=\"page93R_mcid9\" class=\"markedContent\"><span dir=\"ltr\" role=\"presentation\">de l\u2019\u00e9cole sur le territoire et le Lib\u00e9ration de Bron. Le public est invit\u00e9 !<\/span><\/span><span id=\"page93R_mcid10\" class=\"markedContent\"> <\/span><span id=\"page93R_mcid11\" class=\"markedContent\"><\/span><\/p>\n<hr \/>\n<p><span id=\"page93R_mcid11\" class=\"markedContent\" style=\"background-color: #000000; color: #ffffff; font-size: 14pt;\"><span dir=\"ltr\" role=\"presentation\">L\u2019\u00e9cole de Sant\u00e9 des Arm\u00e9es en dates<\/span><\/span><span id=\"page93R_mcid12\" class=\"markedContent\"><\/span><\/p>\n<p><span id=\"page93R_mcid12\" class=\"markedContent\"><span dir=\"ltr\" role=\"presentation\">En 1970, la reconstruction de l\u2019\u00e9cole de sant\u00e9 des arm\u00e9es, situ\u00e9e depuis <\/span><\/span><span id=\"page93R_mcid13\" class=\"markedContent\"><span dir=\"ltr\" role=\"presentation\">1889 sur l\u2019avenue des Ponts (avenue Berthelot depuis 1907) proche <\/span><\/span><span id=\"page93R_mcid14\" class=\"markedContent\"> <\/span><span id=\"page93R_mcid15\" class=\"markedContent\"><span dir=\"ltr\" role=\"presentation\">de la facult\u00e9 de m\u00e9decine, est officiellement d\u00e9cid\u00e9e sur le terrain <\/span><\/span><span id=\"page93R_mcid16\" class=\"markedContent\"> <\/span><span id=\"page93R_mcid17\" class=\"markedContent\"><span dir=\"ltr\" role=\"presentation\">de l\u2019ancienne base a\u00e9rienne de Bron. <\/span><\/span><\/p>\n<p><strong><span id=\"page93R_mcid17\" class=\"markedContent\"><span dir=\"ltr\" role=\"presentation\">L\u2019\u00c9cole du Service de Sant\u00e9 <\/span><\/span><span id=\"page93R_mcid18\" class=\"markedContent\"> <\/span><\/strong><span id=\"page93R_mcid19\" class=\"markedContent\"><span dir=\"ltr\" role=\"presentation\"><strong>des Arm\u00e9es (ESSA) est ainsi transf\u00e9r\u00e9e \u00e0 Bron en 1981<\/strong>. En 2011, <\/span><\/span><span id=\"page93R_mcid20\" class=\"markedContent\"> <\/span><span id=\"page93R_mcid21\" class=\"markedContent\"><span dir=\"ltr\" role=\"presentation\">l\u2019\u00c9cole du Service de Sant\u00e9 des Arm\u00e9es de Bordeaux et celle de Bron <\/span><\/span><span id=\"page93R_mcid22\" class=\"markedContent\"><span dir=\"ltr\" role=\"presentation\">fusionnent. L\u2019\u00e9cole de Sant\u00e9 des Arm\u00e9es (ESA) est n\u00e9e.<\/span><\/span><span id=\"page93R_mcid23\" class=\"markedContent\"><\/span><\/p>\n<hr \/>\n<p><span id=\"page93R_mcid23\" class=\"markedContent\" style=\"background-color: #000000; color: #ffffff; font-size: 14pt;\"><span dir=\"ltr\" role=\"presentation\">Une grande \u00e9cole unique en France !<\/span><\/span><span id=\"page93R_mcid24\" class=\"markedContent\"><\/span><\/p>\n<p><span id=\"page93R_mcid24\" class=\"markedContent\"><span dir=\"ltr\" role=\"presentation\">Unique \u00e9cole militaire charg\u00e9e de la formation des futurs m\u00e9decins et <\/span><\/span><span id=\"page93R_mcid25\" class=\"markedContent\"><span dir=\"ltr\" role=\"presentation\">pharmaciens des arm\u00e9es, membre de la conf\u00e9rence des grandes \u00e9coles <\/span><\/span><span id=\"page93R_mcid26\" class=\"markedContent\"> <\/span><span id=\"page93R_mcid27\" class=\"markedContent\"><span dir=\"ltr\" role=\"presentation\">et class\u00e9e comme grande \u00e9cole de la D\u00e9fense, elle est accessible aux<\/span><\/span><span id=\"page93R_mcid28\" class=\"markedContent\"> <\/span><span id=\"page93R_mcid29\" class=\"markedContent\"><span dir=\"ltr\" role=\"presentation\">bacheliers sur concours annuel et aux \u00e9tudiants en m\u00e9decine sur <\/span><\/span><span id=\"page93R_mcid30\" class=\"markedContent\"> <\/span><span id=\"page93R_mcid31\" class=\"markedContent\"><span dir=\"ltr\" role=\"presentation\">concours dit \u201ccollat\u00e9ral\u201d. <\/span><\/span><\/p>\n<p><span id=\"page93R_mcid31\" class=\"markedContent\"><span dir=\"ltr\" role=\"presentation\">En 2018, le site de l\u2019ESA accueille l\u2019\u00c9cole du <\/span><\/span><span id=\"page93R_mcid32\" class=\"markedContent\"> <\/span><span id=\"page93R_mcid33\" class=\"markedContent\"><span dir=\"ltr\" role=\"presentation\">Personnel Param\u00e9dical des Arm\u00e9es bas\u00e9e \u00e0 Toulon, donnant naissance <\/span><\/span><span id=\"page93R_mcid34\" class=\"markedContent\"><span dir=\"ltr\" role=\"presentation\">aux \u00e9coles Militaires de Sant\u00e9 de Lyon-Bron (EMSLB). Avec 58 % de filles, <\/span><\/span><span id=\"page93R_mcid35\" class=\"markedContent\"><span dir=\"ltr\" role=\"presentation\">les EMSLB sont l\u2019\u00e9tablissement le plus f\u00e9minis\u00e9 des arm\u00e9es.<\/span><\/span><\/p>\n<hr \/>\n<p><span style=\"background-color: #000000; color: #ffffff;\"><em><strong>NOTA<\/strong> <\/em>: Une expo au Fort de Bron<\/span><\/p>\n<p>Dans le cadre de cet anniversaire, une exposition sur les m\u00e9tiers et l\u2019histoire de cette \u00e9cole a \u00e9t\u00e9 propos\u00e9e tout l\u2019\u00e9t\u00e9 et ceci jusqu&rsquo;au 3 octobre au Fort de Bron.<\/p>\n<p>Un pr\u00e9ambule en photos \u00e0 la grande journ\u00e9e du 3 septembre o\u00f9 Bron comm\u00e9morera le 77\u00b0 anniversaire de sa lib\u00e9ration mais aussi les 40 ans sur son territoire de ce prestigieux \u00e9tablissement de formation unique en France !<\/p>\n<hr \/>\n<hr \/>\n<p>&gt; <em><strong>PHOTO A LA UNE \/ Droits r\u00e9serv\u00e9s Ville de Bron \/ Mathias Ridde.\u00a0<\/strong> <\/em><\/p>\n","protected":false},"excerpt":{"rendered":"<p>Vendredi 3 septembre, 850 \u00e9l\u00e8ves des \u00c9coles Militaires de Sant\u00e9 de Lyon-Bron (EMSLB) seront rassembl\u00e9s place de la Libert\u00e9, pour une grande c\u00e9r\u00e9monie en centre-ville.<\/p>\n","protected":false},"author":4,"featured_media":136990,"comment_status":"open","ping_status":"open","sticky":false,"template":"","format":"standard","meta":{"footnotes":""},"categories":[2217,19,1219],"tags":[2826,2072],"class_list":["post-136985","post","type-post","status-publish","format-standard","has-post-thumbnail","hentry","category-breves-de-lest-lyonnais","category-bron","category-religion-seniors-souvenir","tag-anniversaire","tag-bron"],"yoast_head":"<!-- This site is optimized with the Yoast SEO plugin v27.2 - https:\/\/yoast.com\/product\/yoast-seo-wordpress\/ -->\n<title>BRON | L\u2019\u00e9cole de sant\u00e9 militaire f\u00eate ses 40 ans ! - News Est Lyonnais<\/title>\n<meta name=\"description\" content=\"BRON | L\u2019\u00e9cole de sant\u00e9 militaire f\u00eate ses 40 ans !\" \/>\n<meta name=\"robots\" content=\"index, follow, max-snippet:-1, max-image-preview:large, max-video-preview:-1\" \/>\n<link rel=\"canonical\" href=\"https:\/\/newsestlyonnais.fr\/site\/2021\/08\/31\/bron-lecole-de-sante-militaire-fete-ses-40-ans\/\" \/>\n<meta property=\"og:locale\" content=\"fr_FR\" \/>\n<meta property=\"og:type\" content=\"article\" \/>\n<meta property=\"og:title\" content=\"BRON | L\u2019\u00e9cole de sant\u00e9 militaire f\u00eate ses 40 ans ! - News Est Lyonnais\" \/>\n<meta property=\"og:description\" content=\"BRON | L\u2019\u00e9cole de sant\u00e9 militaire f\u00eate ses 40 ans !\" \/>\n<meta property=\"og:url\" content=\"https:\/\/newsestlyonnais.fr\/site\/2021\/08\/31\/bron-lecole-de-sante-militaire-fete-ses-40-ans\/\" \/>\n<meta property=\"og:site_name\" content=\"News Est Lyonnais\" \/>\n<meta property=\"article:author\" content=\"https:\/\/www.facebook.com\/pascal.oberson.1?fref=ts\" \/>\n<meta property=\"article:published_time\" content=\"2021-08-31T17:22:36+00:00\" \/>\n<meta property=\"og:image\" content=\"https:\/\/i0.wp.com\/newsestlyonnais.fr\/site\/wp-content\/uploads\/2021\/08\/ceremonie-ESA-40ans.jpg?fit=412%2C290&ssl=1\" \/>\n\t<meta property=\"og:image:width\" content=\"412\" \/>\n\t<meta property=\"og:image:height\" content=\"290\" \/>\n\t<meta property=\"og:image:type\" content=\"image\/jpeg\" \/>\n<meta name=\"author\" content=\"R\u00e9dac. NEWS\" \/>\n<meta name=\"twitter:card\" content=\"summary_large_image\" \/>\n<meta name=\"twitter:label1\" content=\"\u00c9crit par\" \/>\n\t<meta name=\"twitter:data1\" content=\"R\u00e9dac. NEWS\" \/>\n\t<meta name=\"twitter:label2\" content=\"Dur\u00e9e de lecture estim\u00e9e\" \/>\n\t<meta name=\"twitter:data2\" content=\"2 minutes\" \/>\n<script type=\"application\/ld+json\" class=\"yoast-schema-graph\">{\"@context\":\"https:\/\/schema.org\",\"@graph\":[{\"@type\":\"Article\",\"@id\":\"https:\/\/newsestlyonnais.fr\/site\/2021\/08\/31\/bron-lecole-de-sante-militaire-fete-ses-40-ans\/#article\",\"isPartOf\":{\"@id\":\"https:\/\/newsestlyonnais.fr\/site\/2021\/08\/31\/bron-lecole-de-sante-militaire-fete-ses-40-ans\/\"},\"author\":{\"name\":\"R\u00e9dac. NEWS\",\"@id\":\"https:\/\/newsestlyonnais.fr\/site\/#\/schema\/person\/3230d5615f390bb808365d673001e887\"},\"headline\":\"BRON | L\u2019\u00e9cole de sant\u00e9 militaire f\u00eate ses 40 ans !\",\"datePublished\":\"2021-08-31T17:22:36+00:00\",\"mainEntityOfPage\":{\"@id\":\"https:\/\/newsestlyonnais.fr\/site\/2021\/08\/31\/bron-lecole-de-sante-militaire-fete-ses-40-ans\/\"},\"wordCount\":332,\"commentCount\":0,\"publisher\":{\"@id\":\"https:\/\/newsestlyonnais.fr\/site\/#organization\"},\"image\":{\"@id\":\"https:\/\/newsestlyonnais.fr\/site\/2021\/08\/31\/bron-lecole-de-sante-militaire-fete-ses-40-ans\/#primaryimage\"},\"thumbnailUrl\":\"https:\/\/newsestlyonnais.fr\/site\/wp-content\/uploads\/2021\/08\/ceremonie-ESA-40ans.jpg\",\"keywords\":[\"ANNIVERSAIRE\",\"BRON\"],\"articleSection\":[\"Br\u00e8ves de l'Est lyonnais\",\"Bron\",\"Religion | Seniors | Souvenir\"],\"inLanguage\":\"fr-FR\",\"potentialAction\":[{\"@type\":\"CommentAction\",\"name\":\"Comment\",\"target\":[\"https:\/\/newsestlyonnais.fr\/site\/2021\/08\/31\/bron-lecole-de-sante-militaire-fete-ses-40-ans\/#respond\"]}]},{\"@type\":\"WebPage\",\"@id\":\"https:\/\/newsestlyonnais.fr\/site\/2021\/08\/31\/bron-lecole-de-sante-militaire-fete-ses-40-ans\/\",\"url\":\"https:\/\/newsestlyonnais.fr\/site\/2021\/08\/31\/bron-lecole-de-sante-militaire-fete-ses-40-ans\/\",\"name\":\"BRON | L\u2019\u00e9cole de sant\u00e9 militaire f\u00eate ses 40 ans ! - News Est Lyonnais\",\"isPartOf\":{\"@id\":\"https:\/\/newsestlyonnais.fr\/site\/#website\"},\"primaryImageOfPage\":{\"@id\":\"https:\/\/newsestlyonnais.fr\/site\/2021\/08\/31\/bron-lecole-de-sante-militaire-fete-ses-40-ans\/#primaryimage\"},\"image\":{\"@id\":\"https:\/\/newsestlyonnais.fr\/site\/2021\/08\/31\/bron-lecole-de-sante-militaire-fete-ses-40-ans\/#primaryimage\"},\"thumbnailUrl\":\"https:\/\/newsestlyonnais.fr\/site\/wp-content\/uploads\/2021\/08\/ceremonie-ESA-40ans.jpg\",\"datePublished\":\"2021-08-31T17:22:36+00:00\",\"description\":\"BRON | L\u2019\u00e9cole de sant\u00e9 militaire f\u00eate ses 40 ans !\",\"breadcrumb\":{\"@id\":\"https:\/\/newsestlyonnais.fr\/site\/2021\/08\/31\/bron-lecole-de-sante-militaire-fete-ses-40-ans\/#breadcrumb\"},\"inLanguage\":\"fr-FR\",\"potentialAction\":[{\"@type\":\"ReadAction\",\"target\":[\"https:\/\/newsestlyonnais.fr\/site\/2021\/08\/31\/bron-lecole-de-sante-militaire-fete-ses-40-ans\/\"]}]},{\"@type\":\"ImageObject\",\"inLanguage\":\"fr-FR\",\"@id\":\"https:\/\/newsestlyonnais.fr\/site\/2021\/08\/31\/bron-lecole-de-sante-militaire-fete-ses-40-ans\/#primaryimage\",\"url\":\"https:\/\/newsestlyonnais.fr\/site\/wp-content\/uploads\/2021\/08\/ceremonie-ESA-40ans.jpg\",\"contentUrl\":\"https:\/\/newsestlyonnais.fr\/site\/wp-content\/uploads\/2021\/08\/ceremonie-ESA-40ans.jpg\",\"width\":412,\"height\":290},{\"@type\":\"BreadcrumbList\",\"@id\":\"https:\/\/newsestlyonnais.fr\/site\/2021\/08\/31\/bron-lecole-de-sante-militaire-fete-ses-40-ans\/#breadcrumb\",\"itemListElement\":[{\"@type\":\"ListItem\",\"position\":1,\"name\":\"Accueil\",\"item\":\"https:\/\/newsestlyonnais.fr\/site\/\"},{\"@type\":\"ListItem\",\"position\":2,\"name\":\"BRON | L\u2019\u00e9cole de sant\u00e9 militaire f\u00eate ses 40 ans !\"}]},{\"@type\":\"WebSite\",\"@id\":\"https:\/\/newsestlyonnais.fr\/site\/#website\",\"url\":\"https:\/\/newsestlyonnais.fr\/site\/\",\"name\":\"News Est Lyonnais\",\"description\":\"L&#039;actualit\u00e9 au plus pr\u00e8s\",\"publisher\":{\"@id\":\"https:\/\/newsestlyonnais.fr\/site\/#organization\"},\"potentialAction\":[{\"@type\":\"SearchAction\",\"target\":{\"@type\":\"EntryPoint\",\"urlTemplate\":\"https:\/\/newsestlyonnais.fr\/site\/?s={search_term_string}\"},\"query-input\":{\"@type\":\"PropertyValueSpecification\",\"valueRequired\":true,\"valueName\":\"search_term_string\"}}],\"inLanguage\":\"fr-FR\"},{\"@type\":\"Organization\",\"@id\":\"https:\/\/newsestlyonnais.fr\/site\/#organization\",\"name\":\"News EST LYONNAIS\",\"url\":\"https:\/\/newsestlyonnais.fr\/site\/\",\"logo\":{\"@type\":\"ImageObject\",\"inLanguage\":\"fr-FR\",\"@id\":\"https:\/\/newsestlyonnais.fr\/site\/#\/schema\/logo\/image\/\",\"url\":\"\",\"contentUrl\":\"\",\"caption\":\"News EST LYONNAIS\"},\"image\":{\"@id\":\"https:\/\/newsestlyonnais.fr\/site\/#\/schema\/logo\/image\/\"}},{\"@type\":\"Person\",\"@id\":\"https:\/\/newsestlyonnais.fr\/site\/#\/schema\/person\/3230d5615f390bb808365d673001e887\",\"name\":\"R\u00e9dac. NEWS\",\"sameAs\":[\"http:\/\/www.newsestlyonnais.fr\",\"https:\/\/www.facebook.com\/pascal.oberson.1?fref=ts\",\"https:\/\/fr.linkedin.com\/in\/pascal-oberson-b17045113\"],\"url\":\"https:\/\/newsestlyonnais.fr\/site\/author\/nel\/\"}]}<\/script>\n<!-- \/ Yoast SEO plugin. -->","yoast_head_json":{"title":"BRON | L\u2019\u00e9cole de sant\u00e9 militaire f\u00eate ses 40 ans ! - News Est Lyonnais","description":"BRON | L\u2019\u00e9cole de sant\u00e9 militaire f\u00eate ses 40 ans !","robots":{"index":"index","follow":"follow","max-snippet":"max-snippet:-1","max-image-preview":"max-image-preview:large","max-video-preview":"max-video-preview:-1"},"canonical":"https:\/\/newsestlyonnais.fr\/site\/2021\/08\/31\/bron-lecole-de-sante-militaire-fete-ses-40-ans\/","og_locale":"fr_FR","og_type":"article","og_title":"BRON | L\u2019\u00e9cole de sant\u00e9 militaire f\u00eate ses 40 ans ! - News Est Lyonnais","og_description":"BRON | L\u2019\u00e9cole de sant\u00e9 militaire f\u00eate ses 40 ans !","og_url":"https:\/\/newsestlyonnais.fr\/site\/2021\/08\/31\/bron-lecole-de-sante-militaire-fete-ses-40-ans\/","og_site_name":"News Est Lyonnais","article_author":"https:\/\/www.facebook.com\/pascal.oberson.1?fref=ts","article_published_time":"2021-08-31T17:22:36+00:00","og_image":[{"width":412,"height":290,"url":"https:\/\/i0.wp.com\/newsestlyonnais.fr\/site\/wp-content\/uploads\/2021\/08\/ceremonie-ESA-40ans.jpg?fit=412%2C290&ssl=1","type":"image\/jpeg"}],"author":"R\u00e9dac. NEWS","twitter_card":"summary_large_image","twitter_misc":{"\u00c9crit par":"R\u00e9dac. NEWS","Dur\u00e9e de lecture estim\u00e9e":"2 minutes"},"schema":{"@context":"https:\/\/schema.org","@graph":[{"@type":"Article","@id":"https:\/\/newsestlyonnais.fr\/site\/2021\/08\/31\/bron-lecole-de-sante-militaire-fete-ses-40-ans\/#article","isPartOf":{"@id":"https:\/\/newsestlyonnais.fr\/site\/2021\/08\/31\/bron-lecole-de-sante-militaire-fete-ses-40-ans\/"},"author":{"name":"R\u00e9dac. NEWS","@id":"https:\/\/newsestlyonnais.fr\/site\/#\/schema\/person\/3230d5615f390bb808365d673001e887"},"headline":"BRON | L\u2019\u00e9cole de sant\u00e9 militaire f\u00eate ses 40 ans !","datePublished":"2021-08-31T17:22:36+00:00","mainEntityOfPage":{"@id":"https:\/\/newsestlyonnais.fr\/site\/2021\/08\/31\/bron-lecole-de-sante-militaire-fete-ses-40-ans\/"},"wordCount":332,"commentCount":0,"publisher":{"@id":"https:\/\/newsestlyonnais.fr\/site\/#organization"},"image":{"@id":"https:\/\/newsestlyonnais.fr\/site\/2021\/08\/31\/bron-lecole-de-sante-militaire-fete-ses-40-ans\/#primaryimage"},"thumbnailUrl":"https:\/\/newsestlyonnais.fr\/site\/wp-content\/uploads\/2021\/08\/ceremonie-ESA-40ans.jpg","keywords":["ANNIVERSAIRE","BRON"],"articleSection":["Br\u00e8ves de l'Est lyonnais","Bron","Religion | Seniors | Souvenir"],"inLanguage":"fr-FR","potentialAction":[{"@type":"CommentAction","name":"Comment","target":["https:\/\/newsestlyonnais.fr\/site\/2021\/08\/31\/bron-lecole-de-sante-militaire-fete-ses-40-ans\/#respond"]}]},{"@type":"WebPage","@id":"https:\/\/newsestlyonnais.fr\/site\/2021\/08\/31\/bron-lecole-de-sante-militaire-fete-ses-40-ans\/","url":"https:\/\/newsestlyonnais.fr\/site\/2021\/08\/31\/bron-lecole-de-sante-militaire-fete-ses-40-ans\/","name":"BRON | L\u2019\u00e9cole de sant\u00e9 militaire f\u00eate ses 40 ans ! - News Est Lyonnais","isPartOf":{"@id":"https:\/\/newsestlyonnais.fr\/site\/#website"},"primaryImageOfPage":{"@id":"https:\/\/newsestlyonnais.fr\/site\/2021\/08\/31\/bron-lecole-de-sante-militaire-fete-ses-40-ans\/#primaryimage"},"image":{"@id":"https:\/\/newsestlyonnais.fr\/site\/2021\/08\/31\/bron-lecole-de-sante-militaire-fete-ses-40-ans\/#primaryimage"},"thumbnailUrl":"https:\/\/newsestlyonnais.fr\/site\/wp-content\/uploads\/2021\/08\/ceremonie-ESA-40ans.jpg","datePublished":"2021-08-31T17:22:36+00:00","description":"BRON | L\u2019\u00e9cole de sant\u00e9 militaire f\u00eate ses 40 ans !","breadcrumb":{"@id":"https:\/\/newsestlyonnais.fr\/site\/2021\/08\/31\/bron-lecole-de-sante-militaire-fete-ses-40-ans\/#breadcrumb"},"inLanguage":"fr-FR","potentialAction":[{"@type":"ReadAction","target":["https:\/\/newsestlyonnais.fr\/site\/2021\/08\/31\/bron-lecole-de-sante-militaire-fete-ses-40-ans\/"]}]},{"@type":"ImageObject","inLanguage":"fr-FR","@id":"https:\/\/newsestlyonnais.fr\/site\/2021\/08\/31\/bron-lecole-de-sante-militaire-fete-ses-40-ans\/#primaryimage","url":"https:\/\/newsestlyonnais.fr\/site\/wp-content\/uploads\/2021\/08\/ceremonie-ESA-40ans.jpg","contentUrl":"https:\/\/newsestlyonnais.fr\/site\/wp-content\/uploads\/2021\/08\/ceremonie-ESA-40ans.jpg","width":412,"height":290},{"@type":"BreadcrumbList","@id":"https:\/\/newsestlyonnais.fr\/site\/2021\/08\/31\/bron-lecole-de-sante-militaire-fete-ses-40-ans\/#breadcrumb","itemListElement":[{"@type":"ListItem","position":1,"name":"Accueil","item":"https:\/\/newsestlyonnais.fr\/site\/"},{"@type":"ListItem","position":2,"name":"BRON | L\u2019\u00e9cole de sant\u00e9 militaire f\u00eate ses 40 ans !"}]},{"@type":"WebSite","@id":"https:\/\/newsestlyonnais.fr\/site\/#website","url":"https:\/\/newsestlyonnais.fr\/site\/","name":"News Est Lyonnais","description":"L&#039;actualit\u00e9 au plus pr\u00e8s","publisher":{"@id":"https:\/\/newsestlyonnais.fr\/site\/#organization"},"potentialAction":[{"@type":"SearchAction","target":{"@type":"EntryPoint","urlTemplate":"https:\/\/newsestlyonnais.fr\/site\/?s={search_term_string}"},"query-input":{"@type":"PropertyValueSpecification","valueRequired":true,"valueName":"search_term_string"}}],"inLanguage":"fr-FR"},{"@type":"Organization","@id":"https:\/\/newsestlyonnais.fr\/site\/#organization","name":"News EST LYONNAIS","url":"https:\/\/newsestlyonnais.fr\/site\/","logo":{"@type":"ImageObject","inLanguage":"fr-FR","@id":"https:\/\/newsestlyonnais.fr\/site\/#\/schema\/logo\/image\/","url":"","contentUrl":"","caption":"News EST LYONNAIS"},"image":{"@id":"https:\/\/newsestlyonnais.fr\/site\/#\/schema\/logo\/image\/"}},{"@type":"Person","@id":"https:\/\/newsestlyonnais.fr\/site\/#\/schema\/person\/3230d5615f390bb808365d673001e887","name":"R\u00e9dac. NEWS","sameAs":["http:\/\/www.newsestlyonnais.fr","https:\/\/www.facebook.com\/pascal.oberson.1?fref=ts","https:\/\/fr.linkedin.com\/in\/pascal-oberson-b17045113"],"url":"https:\/\/newsestlyonnais.fr\/site\/author\/nel\/"}]}},"_links":{"self":[{"href":"https:\/\/newsestlyonnais.fr\/site\/wp-json\/wp\/v2\/posts\/136985","targetHints":{"allow":["GET"]}}],"collection":[{"href":"https:\/\/newsestlyonnais.fr\/site\/wp-json\/wp\/v2\/posts"}],"about":[{"href":"https:\/\/newsestlyonnais.fr\/site\/wp-json\/wp\/v2\/types\/post"}],"author":[{"embeddable":true,"href":"https:\/\/newsestlyonnais.fr\/site\/wp-json\/wp\/v2\/users\/4"}],"replies":[{"embeddable":true,"href":"https:\/\/newsestlyonnais.fr\/site\/wp-json\/wp\/v2\/comments?post=136985"}],"version-history":[{"count":0,"href":"https:\/\/newsestlyonnais.fr\/site\/wp-json\/wp\/v2\/posts\/136985\/revisions"}],"wp:featuredmedia":[{"embeddable":true,"href":"https:\/\/newsestlyonnais.fr\/site\/wp-json\/wp\/v2\/media\/136990"}],"wp:attachment":[{"href":"https:\/\/newsestlyonnais.fr\/site\/wp-json\/wp\/v2\/media?parent=136985"}],"wp:term":[{"taxonomy":"category","embeddable":true,"href":"https:\/\/newsestlyonnais.fr\/site\/wp-json\/wp\/v2\/categories?post=136985"},{"taxonomy":"post_tag","embeddable":true,"href":"https:\/\/newsestlyonnais.fr\/site\/wp-json\/wp\/v2\/tags?post=136985"}],"curies":[{"name":"wp","href":"https:\/\/api.w.org\/{rel}","templated":true}]}}