{"id":137273,"date":"2021-09-04T10:53:12","date_gmt":"2021-09-04T09:53:12","guid":{"rendered":"https:\/\/newsestlyonnais.fr\/site\/?p=137273"},"modified":"2021-09-04T10:53:12","modified_gmt":"2021-09-04T09:53:12","slug":"meyzieu-reprise-des-repas-a-la-cuisine-centrale-pour-les-seniors","status":"publish","type":"post","link":"https:\/\/newsestlyonnais.fr\/site\/2021\/09\/04\/meyzieu-reprise-des-repas-a-la-cuisine-centrale-pour-les-seniors\/","title":{"rendered":"MEYZIEU | Reprise des repas \u00e0 la cuisine centrale pour les seniors"},"content":{"rendered":"<p>C\u2019est donc apr\u00e8s une interruption de plusieurs mois que les seniors Majolans de plus de 65 ans pourront \u00e0 nouveau prendre leur repas \u00e0 la cuisine centrale municipale.<\/p>\n<p><strong>Chaque jour ce sont pr\u00e8s 50 seniors qui venaient d\u00e9jeuner \u00e0 la cuisine centrale.<\/strong><\/p>\n<p>Des personnes seules principalement mais aussi des couples. Au-del\u00e0 du repas, ils viennent voir du monde et rencontrer leurs amis. Il r\u00e8gne une grande bienveillance et si l\u2019un d\u2019entre eux manque ce rendez-vous, les autres s\u2019inqui\u00e8tent, lui t\u00e9l\u00e9phonent ou bien vont lui rendre visite. V\u00e9ritable lieu de sociabilit\u00e9, le restaurant de la cuisine centrale est incontournable pour tous ses habitu\u00e9s.<\/p>\n<p>Les seniors qui venaient r\u00e9guli\u00e8rement ont \u00e9t\u00e9 inform\u00e9s, par courrier adress\u00e9 par la Ville de Meyzieu, de la r\u00e9ouverture du restaurant.<\/p>\n<p><em><strong>Lundi 6 septembre sera donc le temps de retrouvailles tr\u00e8s attendues.<\/strong><\/em><\/p>\n<hr \/>\n<ul>\n<li><strong>Tarif : 5,36 \u20ac<\/strong><\/li>\n<li><strong>R\u00e9servation au 04 78 31 46 27<\/strong><\/li>\n<\/ul>\n<hr \/>\n<p><span style=\"font-size: 14pt; background-color: #000000;\"><span style=\"color: #ffffff;\">\u00c0 partir du lundi 6 septembre<\/span> <span style=\"color: #ffffff;\">\/ Cuisine centrale municipale &#8211; 12 rue Joseph Desbois<\/span> <\/span><\/p>\n","protected":false},"excerpt":{"rendered":"<p>\u00c0 cause de la COVID-19, le restaurant \u00e9tait ferm\u00e9 aux seniors depuis le 30 octobre 2020. <\/p>\n","protected":false},"author":4,"featured_media":101256,"comment_status":"open","ping_status":"open","sticky":false,"template":"","format":"standard","meta":{"footnotes":""},"categories":[2217,24,1219],"tags":[2081,2131],"class_list":["post-137273","post","type-post","status-publish","format-standard","has-post-thumbnail","hentry","category-breves-de-lest-lyonnais","category-meyzieu","category-religion-seniors-souvenir","tag-meyzieu","tag-seniors"],"yoast_head":"<!-- This site is optimized with the Yoast SEO plugin v27.2 - https:\/\/yoast.com\/product\/yoast-seo-wordpress\/ -->\n<title>MEYZIEU | Reprise des repas \u00e0 la cuisine centrale pour les seniors - News Est Lyonnais<\/title>\n<meta name=\"description\" content=\"MEYZIEU | Reprise des repas \u00e0 la cuisine centrale pour les seniors\" \/>\n<meta name=\"robots\" content=\"index, follow, max-snippet:-1, max-image-preview:large, max-video-preview:-1\" \/>\n<link rel=\"canonical\" href=\"https:\/\/newsestlyonnais.fr\/site\/2021\/09\/04\/meyzieu-reprise-des-repas-a-la-cuisine-centrale-pour-les-seniors\/\" \/>\n<meta property=\"og:locale\" content=\"fr_FR\" \/>\n<meta property=\"og:type\" content=\"article\" \/>\n<meta property=\"og:title\" content=\"MEYZIEU | Reprise des repas \u00e0 la cuisine centrale pour les seniors - News Est Lyonnais\" \/>\n<meta property=\"og:description\" content=\"MEYZIEU | Reprise des repas \u00e0 la cuisine centrale pour les seniors\" \/>\n<meta property=\"og:url\" content=\"https:\/\/newsestlyonnais.fr\/site\/2021\/09\/04\/meyzieu-reprise-des-repas-a-la-cuisine-centrale-pour-les-seniors\/\" \/>\n<meta property=\"og:site_name\" content=\"News Est Lyonnais\" \/>\n<meta property=\"article:author\" content=\"https:\/\/www.facebook.com\/pascal.oberson.1?fref=ts\" \/>\n<meta property=\"article:published_time\" content=\"2021-09-04T09:53:12+00:00\" \/>\n<meta property=\"og:image\" content=\"https:\/\/i0.wp.com\/newsestlyonnais.fr\/site\/wp-content\/uploads\/2020\/05\/NEWSESTLYONNAIS-VUE-MEYZIEU.jpg?fit=1280%2C960&ssl=1\" \/>\n\t<meta property=\"og:image:width\" content=\"1280\" \/>\n\t<meta property=\"og:image:height\" content=\"960\" \/>\n\t<meta property=\"og:image:type\" content=\"image\/jpeg\" \/>\n<meta name=\"author\" content=\"R\u00e9dac. NEWS\" \/>\n<meta name=\"twitter:card\" content=\"summary_large_image\" \/>\n<meta name=\"twitter:label1\" content=\"\u00c9crit par\" \/>\n\t<meta name=\"twitter:data1\" content=\"R\u00e9dac. NEWS\" \/>\n\t<meta name=\"twitter:label2\" content=\"Dur\u00e9e de lecture estim\u00e9e\" \/>\n\t<meta name=\"twitter:data2\" content=\"1 minute\" \/>\n<script type=\"application\/ld+json\" class=\"yoast-schema-graph\">{\"@context\":\"https:\/\/schema.org\",\"@graph\":[{\"@type\":\"Article\",\"@id\":\"https:\/\/newsestlyonnais.fr\/site\/2021\/09\/04\/meyzieu-reprise-des-repas-a-la-cuisine-centrale-pour-les-seniors\/#article\",\"isPartOf\":{\"@id\":\"https:\/\/newsestlyonnais.fr\/site\/2021\/09\/04\/meyzieu-reprise-des-repas-a-la-cuisine-centrale-pour-les-seniors\/\"},\"author\":{\"name\":\"R\u00e9dac. NEWS\",\"@id\":\"https:\/\/newsestlyonnais.fr\/site\/#\/schema\/person\/3230d5615f390bb808365d673001e887\"},\"headline\":\"MEYZIEU | Reprise des repas \u00e0 la cuisine centrale pour les seniors\",\"datePublished\":\"2021-09-04T09:53:12+00:00\",\"mainEntityOfPage\":{\"@id\":\"https:\/\/newsestlyonnais.fr\/site\/2021\/09\/04\/meyzieu-reprise-des-repas-a-la-cuisine-centrale-pour-les-seniors\/\"},\"wordCount\":171,\"commentCount\":0,\"publisher\":{\"@id\":\"https:\/\/newsestlyonnais.fr\/site\/#organization\"},\"image\":{\"@id\":\"https:\/\/newsestlyonnais.fr\/site\/2021\/09\/04\/meyzieu-reprise-des-repas-a-la-cuisine-centrale-pour-les-seniors\/#primaryimage\"},\"thumbnailUrl\":\"https:\/\/newsestlyonnais.fr\/site\/wp-content\/uploads\/2020\/05\/NEWSESTLYONNAIS-VUE-MEYZIEU.jpg\",\"keywords\":[\"MEYZIEU\",\"SENIORS\"],\"articleSection\":[\"Br\u00e8ves de l'Est lyonnais\",\"Meyzieu\",\"Religion | Seniors | Souvenir\"],\"inLanguage\":\"fr-FR\",\"potentialAction\":[{\"@type\":\"CommentAction\",\"name\":\"Comment\",\"target\":[\"https:\/\/newsestlyonnais.fr\/site\/2021\/09\/04\/meyzieu-reprise-des-repas-a-la-cuisine-centrale-pour-les-seniors\/#respond\"]}]},{\"@type\":\"WebPage\",\"@id\":\"https:\/\/newsestlyonnais.fr\/site\/2021\/09\/04\/meyzieu-reprise-des-repas-a-la-cuisine-centrale-pour-les-seniors\/\",\"url\":\"https:\/\/newsestlyonnais.fr\/site\/2021\/09\/04\/meyzieu-reprise-des-repas-a-la-cuisine-centrale-pour-les-seniors\/\",\"name\":\"MEYZIEU | Reprise des repas \u00e0 la cuisine centrale pour les seniors - News Est Lyonnais\",\"isPartOf\":{\"@id\":\"https:\/\/newsestlyonnais.fr\/site\/#website\"},\"primaryImageOfPage\":{\"@id\":\"https:\/\/newsestlyonnais.fr\/site\/2021\/09\/04\/meyzieu-reprise-des-repas-a-la-cuisine-centrale-pour-les-seniors\/#primaryimage\"},\"image\":{\"@id\":\"https:\/\/newsestlyonnais.fr\/site\/2021\/09\/04\/meyzieu-reprise-des-repas-a-la-cuisine-centrale-pour-les-seniors\/#primaryimage\"},\"thumbnailUrl\":\"https:\/\/newsestlyonnais.fr\/site\/wp-content\/uploads\/2020\/05\/NEWSESTLYONNAIS-VUE-MEYZIEU.jpg\",\"datePublished\":\"2021-09-04T09:53:12+00:00\",\"description\":\"MEYZIEU | Reprise des repas \u00e0 la cuisine centrale pour les seniors\",\"breadcrumb\":{\"@id\":\"https:\/\/newsestlyonnais.fr\/site\/2021\/09\/04\/meyzieu-reprise-des-repas-a-la-cuisine-centrale-pour-les-seniors\/#breadcrumb\"},\"inLanguage\":\"fr-FR\",\"potentialAction\":[{\"@type\":\"ReadAction\",\"target\":[\"https:\/\/newsestlyonnais.fr\/site\/2021\/09\/04\/meyzieu-reprise-des-repas-a-la-cuisine-centrale-pour-les-seniors\/\"]}]},{\"@type\":\"ImageObject\",\"inLanguage\":\"fr-FR\",\"@id\":\"https:\/\/newsestlyonnais.fr\/site\/2021\/09\/04\/meyzieu-reprise-des-repas-a-la-cuisine-centrale-pour-les-seniors\/#primaryimage\",\"url\":\"https:\/\/newsestlyonnais.fr\/site\/wp-content\/uploads\/2020\/05\/NEWSESTLYONNAIS-VUE-MEYZIEU.jpg\",\"contentUrl\":\"https:\/\/newsestlyonnais.fr\/site\/wp-content\/uploads\/2020\/05\/NEWSESTLYONNAIS-VUE-MEYZIEU.jpg\",\"width\":1280,\"height\":960},{\"@type\":\"BreadcrumbList\",\"@id\":\"https:\/\/newsestlyonnais.fr\/site\/2021\/09\/04\/meyzieu-reprise-des-repas-a-la-cuisine-centrale-pour-les-seniors\/#breadcrumb\",\"itemListElement\":[{\"@type\":\"ListItem\",\"position\":1,\"name\":\"Accueil\",\"item\":\"https:\/\/newsestlyonnais.fr\/site\/\"},{\"@type\":\"ListItem\",\"position\":2,\"name\":\"MEYZIEU | Reprise des repas \u00e0 la cuisine centrale pour les seniors\"}]},{\"@type\":\"WebSite\",\"@id\":\"https:\/\/newsestlyonnais.fr\/site\/#website\",\"url\":\"https:\/\/newsestlyonnais.fr\/site\/\",\"name\":\"News Est Lyonnais\",\"description\":\"L&#039;actualit\u00e9 au plus pr\u00e8s\",\"publisher\":{\"@id\":\"https:\/\/newsestlyonnais.fr\/site\/#organization\"},\"potentialAction\":[{\"@type\":\"SearchAction\",\"target\":{\"@type\":\"EntryPoint\",\"urlTemplate\":\"https:\/\/newsestlyonnais.fr\/site\/?s={search_term_string}\"},\"query-input\":{\"@type\":\"PropertyValueSpecification\",\"valueRequired\":true,\"valueName\":\"search_term_string\"}}],\"inLanguage\":\"fr-FR\"},{\"@type\":\"Organization\",\"@id\":\"https:\/\/newsestlyonnais.fr\/site\/#organization\",\"name\":\"News EST LYONNAIS\",\"url\":\"https:\/\/newsestlyonnais.fr\/site\/\",\"logo\":{\"@type\":\"ImageObject\",\"inLanguage\":\"fr-FR\",\"@id\":\"https:\/\/newsestlyonnais.fr\/site\/#\/schema\/logo\/image\/\",\"url\":\"\",\"contentUrl\":\"\",\"caption\":\"News EST LYONNAIS\"},\"image\":{\"@id\":\"https:\/\/newsestlyonnais.fr\/site\/#\/schema\/logo\/image\/\"}},{\"@type\":\"Person\",\"@id\":\"https:\/\/newsestlyonnais.fr\/site\/#\/schema\/person\/3230d5615f390bb808365d673001e887\",\"name\":\"R\u00e9dac. NEWS\",\"sameAs\":[\"http:\/\/www.newsestlyonnais.fr\",\"https:\/\/www.facebook.com\/pascal.oberson.1?fref=ts\",\"https:\/\/fr.linkedin.com\/in\/pascal-oberson-b17045113\"],\"url\":\"https:\/\/newsestlyonnais.fr\/site\/author\/nel\/\"}]}<\/script>\n<!-- \/ Yoast SEO plugin. -->","yoast_head_json":{"title":"MEYZIEU | Reprise des repas \u00e0 la cuisine centrale pour les seniors - News Est Lyonnais","description":"MEYZIEU | Reprise des repas \u00e0 la cuisine centrale pour les seniors","robots":{"index":"index","follow":"follow","max-snippet":"max-snippet:-1","max-image-preview":"max-image-preview:large","max-video-preview":"max-video-preview:-1"},"canonical":"https:\/\/newsestlyonnais.fr\/site\/2021\/09\/04\/meyzieu-reprise-des-repas-a-la-cuisine-centrale-pour-les-seniors\/","og_locale":"fr_FR","og_type":"article","og_title":"MEYZIEU | Reprise des repas \u00e0 la cuisine centrale pour les seniors - News Est Lyonnais","og_description":"MEYZIEU | Reprise des repas \u00e0 la cuisine centrale pour les seniors","og_url":"https:\/\/newsestlyonnais.fr\/site\/2021\/09\/04\/meyzieu-reprise-des-repas-a-la-cuisine-centrale-pour-les-seniors\/","og_site_name":"News Est Lyonnais","article_author":"https:\/\/www.facebook.com\/pascal.oberson.1?fref=ts","article_published_time":"2021-09-04T09:53:12+00:00","og_image":[{"width":1280,"height":960,"url":"https:\/\/i0.wp.com\/newsestlyonnais.fr\/site\/wp-content\/uploads\/2020\/05\/NEWSESTLYONNAIS-VUE-MEYZIEU.jpg?fit=1280%2C960&ssl=1","type":"image\/jpeg"}],"author":"R\u00e9dac. NEWS","twitter_card":"summary_large_image","twitter_misc":{"\u00c9crit par":"R\u00e9dac. NEWS","Dur\u00e9e de lecture estim\u00e9e":"1 minute"},"schema":{"@context":"https:\/\/schema.org","@graph":[{"@type":"Article","@id":"https:\/\/newsestlyonnais.fr\/site\/2021\/09\/04\/meyzieu-reprise-des-repas-a-la-cuisine-centrale-pour-les-seniors\/#article","isPartOf":{"@id":"https:\/\/newsestlyonnais.fr\/site\/2021\/09\/04\/meyzieu-reprise-des-repas-a-la-cuisine-centrale-pour-les-seniors\/"},"author":{"name":"R\u00e9dac. NEWS","@id":"https:\/\/newsestlyonnais.fr\/site\/#\/schema\/person\/3230d5615f390bb808365d673001e887"},"headline":"MEYZIEU | Reprise des repas \u00e0 la cuisine centrale pour les seniors","datePublished":"2021-09-04T09:53:12+00:00","mainEntityOfPage":{"@id":"https:\/\/newsestlyonnais.fr\/site\/2021\/09\/04\/meyzieu-reprise-des-repas-a-la-cuisine-centrale-pour-les-seniors\/"},"wordCount":171,"commentCount":0,"publisher":{"@id":"https:\/\/newsestlyonnais.fr\/site\/#organization"},"image":{"@id":"https:\/\/newsestlyonnais.fr\/site\/2021\/09\/04\/meyzieu-reprise-des-repas-a-la-cuisine-centrale-pour-les-seniors\/#primaryimage"},"thumbnailUrl":"https:\/\/newsestlyonnais.fr\/site\/wp-content\/uploads\/2020\/05\/NEWSESTLYONNAIS-VUE-MEYZIEU.jpg","keywords":["MEYZIEU","SENIORS"],"articleSection":["Br\u00e8ves de l'Est lyonnais","Meyzieu","Religion | Seniors | Souvenir"],"inLanguage":"fr-FR","potentialAction":[{"@type":"CommentAction","name":"Comment","target":["https:\/\/newsestlyonnais.fr\/site\/2021\/09\/04\/meyzieu-reprise-des-repas-a-la-cuisine-centrale-pour-les-seniors\/#respond"]}]},{"@type":"WebPage","@id":"https:\/\/newsestlyonnais.fr\/site\/2021\/09\/04\/meyzieu-reprise-des-repas-a-la-cuisine-centrale-pour-les-seniors\/","url":"https:\/\/newsestlyonnais.fr\/site\/2021\/09\/04\/meyzieu-reprise-des-repas-a-la-cuisine-centrale-pour-les-seniors\/","name":"MEYZIEU | Reprise des repas \u00e0 la cuisine centrale pour les seniors - News Est Lyonnais","isPartOf":{"@id":"https:\/\/newsestlyonnais.fr\/site\/#website"},"primaryImageOfPage":{"@id":"https:\/\/newsestlyonnais.fr\/site\/2021\/09\/04\/meyzieu-reprise-des-repas-a-la-cuisine-centrale-pour-les-seniors\/#primaryimage"},"image":{"@id":"https:\/\/newsestlyonnais.fr\/site\/2021\/09\/04\/meyzieu-reprise-des-repas-a-la-cuisine-centrale-pour-les-seniors\/#primaryimage"},"thumbnailUrl":"https:\/\/newsestlyonnais.fr\/site\/wp-content\/uploads\/2020\/05\/NEWSESTLYONNAIS-VUE-MEYZIEU.jpg","datePublished":"2021-09-04T09:53:12+00:00","description":"MEYZIEU | Reprise des repas \u00e0 la cuisine centrale pour les seniors","breadcrumb":{"@id":"https:\/\/newsestlyonnais.fr\/site\/2021\/09\/04\/meyzieu-reprise-des-repas-a-la-cuisine-centrale-pour-les-seniors\/#breadcrumb"},"inLanguage":"fr-FR","potentialAction":[{"@type":"ReadAction","target":["https:\/\/newsestlyonnais.fr\/site\/2021\/09\/04\/meyzieu-reprise-des-repas-a-la-cuisine-centrale-pour-les-seniors\/"]}]},{"@type":"ImageObject","inLanguage":"fr-FR","@id":"https:\/\/newsestlyonnais.fr\/site\/2021\/09\/04\/meyzieu-reprise-des-repas-a-la-cuisine-centrale-pour-les-seniors\/#primaryimage","url":"https:\/\/newsestlyonnais.fr\/site\/wp-content\/uploads\/2020\/05\/NEWSESTLYONNAIS-VUE-MEYZIEU.jpg","contentUrl":"https:\/\/newsestlyonnais.fr\/site\/wp-content\/uploads\/2020\/05\/NEWSESTLYONNAIS-VUE-MEYZIEU.jpg","width":1280,"height":960},{"@type":"BreadcrumbList","@id":"https:\/\/newsestlyonnais.fr\/site\/2021\/09\/04\/meyzieu-reprise-des-repas-a-la-cuisine-centrale-pour-les-seniors\/#breadcrumb","itemListElement":[{"@type":"ListItem","position":1,"name":"Accueil","item":"https:\/\/newsestlyonnais.fr\/site\/"},{"@type":"ListItem","position":2,"name":"MEYZIEU | Reprise des repas \u00e0 la cuisine centrale pour les seniors"}]},{"@type":"WebSite","@id":"https:\/\/newsestlyonnais.fr\/site\/#website","url":"https:\/\/newsestlyonnais.fr\/site\/","name":"News Est Lyonnais","description":"L&#039;actualit\u00e9 au plus pr\u00e8s","publisher":{"@id":"https:\/\/newsestlyonnais.fr\/site\/#organization"},"potentialAction":[{"@type":"SearchAction","target":{"@type":"EntryPoint","urlTemplate":"https:\/\/newsestlyonnais.fr\/site\/?s={search_term_string}"},"query-input":{"@type":"PropertyValueSpecification","valueRequired":true,"valueName":"search_term_string"}}],"inLanguage":"fr-FR"},{"@type":"Organization","@id":"https:\/\/newsestlyonnais.fr\/site\/#organization","name":"News EST LYONNAIS","url":"https:\/\/newsestlyonnais.fr\/site\/","logo":{"@type":"ImageObject","inLanguage":"fr-FR","@id":"https:\/\/newsestlyonnais.fr\/site\/#\/schema\/logo\/image\/","url":"","contentUrl":"","caption":"News EST LYONNAIS"},"image":{"@id":"https:\/\/newsestlyonnais.fr\/site\/#\/schema\/logo\/image\/"}},{"@type":"Person","@id":"https:\/\/newsestlyonnais.fr\/site\/#\/schema\/person\/3230d5615f390bb808365d673001e887","name":"R\u00e9dac. NEWS","sameAs":["http:\/\/www.newsestlyonnais.fr","https:\/\/www.facebook.com\/pascal.oberson.1?fref=ts","https:\/\/fr.linkedin.com\/in\/pascal-oberson-b17045113"],"url":"https:\/\/newsestlyonnais.fr\/site\/author\/nel\/"}]}},"_links":{"self":[{"href":"https:\/\/newsestlyonnais.fr\/site\/wp-json\/wp\/v2\/posts\/137273","targetHints":{"allow":["GET"]}}],"collection":[{"href":"https:\/\/newsestlyonnais.fr\/site\/wp-json\/wp\/v2\/posts"}],"about":[{"href":"https:\/\/newsestlyonnais.fr\/site\/wp-json\/wp\/v2\/types\/post"}],"author":[{"embeddable":true,"href":"https:\/\/newsestlyonnais.fr\/site\/wp-json\/wp\/v2\/users\/4"}],"replies":[{"embeddable":true,"href":"https:\/\/newsestlyonnais.fr\/site\/wp-json\/wp\/v2\/comments?post=137273"}],"version-history":[{"count":0,"href":"https:\/\/newsestlyonnais.fr\/site\/wp-json\/wp\/v2\/posts\/137273\/revisions"}],"wp:featuredmedia":[{"embeddable":true,"href":"https:\/\/newsestlyonnais.fr\/site\/wp-json\/wp\/v2\/media\/101256"}],"wp:attachment":[{"href":"https:\/\/newsestlyonnais.fr\/site\/wp-json\/wp\/v2\/media?parent=137273"}],"wp:term":[{"taxonomy":"category","embeddable":true,"href":"https:\/\/newsestlyonnais.fr\/site\/wp-json\/wp\/v2\/categories?post=137273"},{"taxonomy":"post_tag","embeddable":true,"href":"https:\/\/newsestlyonnais.fr\/site\/wp-json\/wp\/v2\/tags?post=137273"}],"curies":[{"name":"wp","href":"https:\/\/api.w.org\/{rel}","templated":true}]}}