{"id":137282,"date":"2021-09-05T06:33:32","date_gmt":"2021-09-05T05:33:32","guid":{"rendered":"https:\/\/newsestlyonnais.fr\/site\/?p=137282"},"modified":"2021-09-09T07:27:54","modified_gmt":"2021-09-09T06:27:54","slug":"pusignan-premiers-resultats-de-lopen-jeunes-de-tennis","status":"publish","type":"post","link":"https:\/\/newsestlyonnais.fr\/site\/2021\/09\/05\/pusignan-premiers-resultats-de-lopen-jeunes-de-tennis\/","title":{"rendered":"PUSIGNAN | Premiers r\u00e9sultats de l\u2019Open jeunes de tennis"},"content":{"rendered":"<p>Pas moins de <strong>11 rencontres dans 4 tableaux \u00e9taient \u00e0 l&rsquo;affiche<\/strong> de cette premi\u00e8re journ\u00e9e, en voici les r\u00e9sultats :<\/p>\n<hr \/>\n<p><span style=\"background-color: #000000; color: #ffffff;\"><span style=\"text-decoration: underline;\">Tableaux masculins<\/span> : <\/span><\/p>\n<p><span style=\"background-color: #000000; color: #ffffff;\"><strong>SM 11\/12 :<\/strong><\/span><\/p>\n<ul>\n<li><strong> Maxime Vigie<\/strong> (Chassieu Tennis, 40) bat Lucas Bernard (AT Pusignan, 40)\u00a0\u00a0\u00a0 7\/5, 6\/7, 7\/5.<\/li>\n<li><strong>Valentin Paita<\/strong> (TC Oyonnax, 40) bat Louca Bellintani (TC Mions, 40)\u00a0 \u00a0 6\/1, 6\/3.<strong><br \/>\n<\/strong><\/li>\n<li><strong>Martin Pateyron-Blancard<\/strong> (LOU Tennis, 30\/4) bat Adrien Claret Gomez (Chassieu Tennis, 30\/4) \u00a0\u00a0 6\/4, 6\/0.<\/li>\n<\/ul>\n<p><span style=\"background-color: #000000; color: #ffffff;\"><strong>SM 13\/14<\/strong> : <\/span><\/p>\n<ul>\n<li><strong>Lucas Sellin<\/strong> (TC Murois, 30\/4) bat Niel Tupper (TC Bron, 30\/4)\u00a0\u00a0\u00a0 7\/6, 5\/7, 6\/4.<\/li>\n<li><strong>Jean Montagne<\/strong> (TC Murois, 30\/5) bat Nolan Bellot (AT Pusignan, 30\/5)\u00a0\u00a0\u00a0\u00a0 6\/1, 6\/1.<\/li>\n<li><strong>Adrien Berland<\/strong> (TC Genas, 30\/4) bat Victor Crosse (Municipal 5, 30\/4)\u00a0 1\/6, 7\/5 puis abandon.<\/li>\n<\/ul>\n<p><span style=\"background-color: #000000; color: #ffffff;\"><strong>SM 17\/18 :<\/strong><\/span><\/p>\n<ul>\n<li><strong> Maxence Utille<\/strong> (TC Dardilly-Champagne, 30\/5) bat Mattheo Panetta Curtil (TC St Romain Jalionas, 30\/5)\u00a0\u00a0\u00a0\u00a0 6\/2, 6\/1.<\/li>\n<li><strong>Timoth\u00e9e Turlan<\/strong> (St Maurice Tennis, 30\/3) bat Axel Perrossier (TC Genas, 30\/3)\u00a0 \u00a0\u00a0 6\/2, 6\/0.<\/li>\n<li><strong>Maxence Utille <\/strong>(TC Dardilly-Champagne, 30\/5) bat Matheo Fran\u00e7ois (TC St Priest, 30\/3) \u00a0 6\/2, 6\/1.<\/li>\n<li><strong>Nathan Cadet-Cogoluenhes<\/strong> (TC D\u00e9cines, 30\/3) bat Maxime Barnoud (TC St Priest, 30\/3)\u00a0\u00a0 6\/3, 6\/1.<\/li>\n<\/ul>\n<hr \/>\n<p><span style=\"background-color: #000000; color: #ffffff;\">Tableau f\u00e9minin : <\/span><\/p>\n<p><span style=\"background-color: #000000; color: #ffffff;\"><strong>SD 17\/18 :<\/strong><\/span><\/p>\n<ul>\n<li><strong>Th\u00e9a Beirnaert<\/strong> (RC Montluel, 30\/5) bat Camille Peret (TC Genas, 30\/5)\u00a0 \u00a0 6\/3, 6\/3.<\/li>\n<\/ul>\n<hr \/>\n<hr \/>\n<p><span style=\"background-color: #000000; color: #ffffff;\">La programmation de ce dimanche : (13 matchs dans 3 tableaux) :<br \/>\n<\/span><\/p>\n<ul>\n<li><strong>9 h<\/strong> : <strong>SM 17\/18 :<\/strong> Raphael Bismuth (TC AS Caluire, 40) \/ Ilian Labidi\u00a0 (TC Genas, 30\/5) <strong>&amp;<\/strong> <strong>SM 13\/14<\/strong> : Nathan Mathurin (TC St Priest, 30\/3) \/ Jean Montagne (TC Murois, 30\/5).<\/li>\n<li><strong>10 h<\/strong> : <strong><strong>SM 11\/12 : <\/strong><\/strong>Maxence Bonnard (Chassieu Tennis, 30\/4) \/ L\u00e9o Angely (Meyzieu Tennis).<\/li>\n<li><strong>10 h<\/strong> <strong>30<\/strong> : <strong>SM 13\/14 : <\/strong>Lucas Sellin (TC Murois, 30\/4) \/ Adrien Berland (TC Genas, 30\/4) <strong>&amp;<\/strong> James Flatt (TC Bron, 30\/4) \/ Antoine Magniere (TC Murois, 30\/4).<\/li>\n<li><strong>13 h<\/strong> : <strong><strong>SM 11\/12 : <\/strong><\/strong>Valentin Paita (TC Oyonnax, 40) \/ Marwan Karaoui (AT Pusignan, 30\/5).<strong><strong><br \/>\n<\/strong><\/strong><\/li>\n<li><strong>13 h 30<\/strong> : <strong>SM 17\/18 :\u00a0<\/strong>Maxence Utille (TC Dardilly-Champagne, 30\/5) \/ Maxence Pidoux (Chassieu Tennis, 30\/2).<\/li>\n<li><strong>14 h 30<\/strong> : <strong><strong>SM 11\/12 <\/strong><\/strong>: Louis Chapron-Claquin (AT Pusignan, 30\/5) \/ Marcus Vaffier (TC Dardilly-Champagne, 30\/5) <strong><strong><br \/>\n<\/strong><\/strong><\/li>\n<li><strong>16 h<\/strong> : <strong>SM 13\/14 : <\/strong>Antoine Laurent (TC Murois, 30\/2) \/ joueur non d\u00e9termin\u00e9 &amp; <strong>SM 11\/12 <\/strong>: Maxime Vigie (Chassieu Tennis, 40) \/ Mah\u00e9 Serboff (TC Charvieu, 30\/5).<strong><br \/>\n<\/strong><\/li>\n<li><strong>17 h<\/strong> : <strong>SM 13\/14 :<\/strong> Benjamin Gazelle (TC Villefranche, 30\/2) \/ joueur non d\u00e9termin\u00e9.<\/li>\n<li><strong>17 h 30<\/strong> : <strong>SM 17\/18<\/strong> : Timoth\u00e9e Turlan (St Maurice Tennis, 30\/3) \/ Aur\u00e9lien Boncour (Miribel TC, 30\/2) &amp; <strong>SM 13\/14 : <\/strong>Noan Jendoubi (TC Lyon, 30\/2) \/ joueur non d\u00e9termin\u00e9.<\/li>\n<\/ul>\n<hr \/>\n<p>&gt; <span style=\"background-color: #000000; color: #ffffff;\">Suite au partenariat mis en place avec l\u2019AT Pusignan, retrouvez chaque matin, les r\u00e9sultats de la veille.<\/span><\/p>\n<hr \/>\n<p><img loading=\"lazy\" decoding=\"async\" class=\"aligncenter size-full wp-image-134891\" src=\"https:\/\/newsestlyonnais.fr\/site\/wp-content\/uploads\/2021\/07\/affiche-open-jeune-2021-3.jpg\" alt=\"\" width=\"393\" height=\"556\" srcset=\"https:\/\/newsestlyonnais.fr\/site\/wp-content\/uploads\/2021\/07\/affiche-open-jeune-2021-3.jpg 393w, https:\/\/newsestlyonnais.fr\/site\/wp-content\/uploads\/2021\/07\/affiche-open-jeune-2021-3-250x354.jpg 250w, https:\/\/newsestlyonnais.fr\/site\/wp-content\/uploads\/2021\/07\/affiche-open-jeune-2021-3-150x212.jpg 150w, https:\/\/newsestlyonnais.fr\/site\/wp-content\/uploads\/2021\/07\/affiche-open-jeune-2021-3-50x71.jpg 50w, https:\/\/newsestlyonnais.fr\/site\/wp-content\/uploads\/2021\/07\/affiche-open-jeune-2021-3-100x141.jpg 100w, https:\/\/newsestlyonnais.fr\/site\/wp-content\/uploads\/2021\/07\/affiche-open-jeune-2021-3-200x283.jpg 200w, https:\/\/newsestlyonnais.fr\/site\/wp-content\/uploads\/2021\/07\/affiche-open-jeune-2021-3-300x424.jpg 300w, https:\/\/newsestlyonnais.fr\/site\/wp-content\/uploads\/2021\/07\/affiche-open-jeune-2021-3-350x495.jpg 350w\" sizes=\"auto, (max-width: 393px) 100vw, 393px\" \/><\/p>\n","protected":false},"excerpt":{"rendered":"<p>Les premiers \u00e9changes ont eu lieu samedi matin pour une comp\u00e9tition qui s&rsquo;ach\u00e8vera le dimanche 19 septembre.<\/p>\n","protected":false},"author":4,"featured_media":92866,"comment_status":"open","ping_status":"open","sticky":false,"template":"","format":"standard","meta":{"footnotes":""},"categories":[270,1279,2992,2991],"tags":[2550,2062,2049],"class_list":["post-137282","post","type-post","status-publish","format-standard","has-post-thumbnail","hentry","category-cte-de-communes-c-c-e-l","category-jons-pusignan","category-tennis-padel","category-tennis-tennis-table-sports","tag-at-pusignan","tag-pusignan","tag-tennis"],"yoast_head":"<!-- This site is optimized with the Yoast SEO plugin v27.2 - https:\/\/yoast.com\/product\/yoast-seo-wordpress\/ -->\n<title>PUSIGNAN | Premiers r\u00e9sultats de l\u2019Open jeunes de tennis - News Est Lyonnais<\/title>\n<meta name=\"description\" content=\"PUSIGNAN | Premiers r\u00e9sultats de l\u2019Open jeunes de tennis\" \/>\n<meta name=\"robots\" content=\"index, follow, max-snippet:-1, max-image-preview:large, max-video-preview:-1\" \/>\n<link rel=\"canonical\" href=\"https:\/\/newsestlyonnais.fr\/site\/2021\/09\/05\/pusignan-premiers-resultats-de-lopen-jeunes-de-tennis\/\" \/>\n<meta property=\"og:locale\" content=\"fr_FR\" \/>\n<meta property=\"og:type\" content=\"article\" \/>\n<meta property=\"og:title\" content=\"PUSIGNAN | Premiers r\u00e9sultats de l\u2019Open jeunes de tennis - News Est Lyonnais\" \/>\n<meta property=\"og:description\" content=\"PUSIGNAN | Premiers r\u00e9sultats de l\u2019Open jeunes de tennis\" \/>\n<meta property=\"og:url\" content=\"https:\/\/newsestlyonnais.fr\/site\/2021\/09\/05\/pusignan-premiers-resultats-de-lopen-jeunes-de-tennis\/\" \/>\n<meta property=\"og:site_name\" content=\"News Est Lyonnais\" \/>\n<meta property=\"article:author\" content=\"https:\/\/www.facebook.com\/pascal.oberson.1?fref=ts\" \/>\n<meta property=\"article:published_time\" content=\"2021-09-05T05:33:32+00:00\" \/>\n<meta property=\"article:modified_time\" content=\"2021-09-09T06:27:54+00:00\" \/>\n<meta property=\"og:image\" content=\"https:\/\/i1.wp.com\/newsestlyonnais.fr\/site\/wp-content\/uploads\/2020\/01\/NEWSESTLYONNAIS-TENNIS-DIVERS.jpg?fit=178%2C120&ssl=1\" \/>\n\t<meta property=\"og:image:width\" content=\"178\" \/>\n\t<meta property=\"og:image:height\" content=\"120\" \/>\n\t<meta property=\"og:image:type\" content=\"image\/jpeg\" \/>\n<meta name=\"author\" content=\"R\u00e9dac. NEWS\" \/>\n<meta name=\"twitter:card\" content=\"summary_large_image\" \/>\n<meta name=\"twitter:label1\" content=\"\u00c9crit par\" \/>\n\t<meta name=\"twitter:data1\" content=\"R\u00e9dac. NEWS\" \/>\n\t<meta name=\"twitter:label2\" content=\"Dur\u00e9e de lecture estim\u00e9e\" \/>\n\t<meta name=\"twitter:data2\" content=\"2 minutes\" \/>\n<script type=\"application\/ld+json\" class=\"yoast-schema-graph\">{\"@context\":\"https:\/\/schema.org\",\"@graph\":[{\"@type\":\"Article\",\"@id\":\"https:\/\/newsestlyonnais.fr\/site\/2021\/09\/05\/pusignan-premiers-resultats-de-lopen-jeunes-de-tennis\/#article\",\"isPartOf\":{\"@id\":\"https:\/\/newsestlyonnais.fr\/site\/2021\/09\/05\/pusignan-premiers-resultats-de-lopen-jeunes-de-tennis\/\"},\"author\":{\"name\":\"R\u00e9dac. NEWS\",\"@id\":\"https:\/\/newsestlyonnais.fr\/site\/#\/schema\/person\/3230d5615f390bb808365d673001e887\"},\"headline\":\"PUSIGNAN | Premiers r\u00e9sultats de l\u2019Open jeunes de tennis\",\"datePublished\":\"2021-09-05T05:33:32+00:00\",\"dateModified\":\"2021-09-09T06:27:54+00:00\",\"mainEntityOfPage\":{\"@id\":\"https:\/\/newsestlyonnais.fr\/site\/2021\/09\/05\/pusignan-premiers-resultats-de-lopen-jeunes-de-tennis\/\"},\"wordCount\":313,\"commentCount\":0,\"publisher\":{\"@id\":\"https:\/\/newsestlyonnais.fr\/site\/#organization\"},\"image\":{\"@id\":\"https:\/\/newsestlyonnais.fr\/site\/2021\/09\/05\/pusignan-premiers-resultats-de-lopen-jeunes-de-tennis\/#primaryimage\"},\"thumbnailUrl\":\"https:\/\/newsestlyonnais.fr\/site\/wp-content\/uploads\/2020\/01\/NEWSESTLYONNAIS-TENNIS-DIVERS.jpg\",\"keywords\":[\"AT PUSIGNAN\",\"PUSIGNAN\",\"TENNIS\"],\"articleSection\":[\"CCEL | Communes\",\"Jons | Pusignan\",\"Tennis | Padel\",\"Tennis | Tennis de table\"],\"inLanguage\":\"fr-FR\",\"potentialAction\":[{\"@type\":\"CommentAction\",\"name\":\"Comment\",\"target\":[\"https:\/\/newsestlyonnais.fr\/site\/2021\/09\/05\/pusignan-premiers-resultats-de-lopen-jeunes-de-tennis\/#respond\"]}]},{\"@type\":\"WebPage\",\"@id\":\"https:\/\/newsestlyonnais.fr\/site\/2021\/09\/05\/pusignan-premiers-resultats-de-lopen-jeunes-de-tennis\/\",\"url\":\"https:\/\/newsestlyonnais.fr\/site\/2021\/09\/05\/pusignan-premiers-resultats-de-lopen-jeunes-de-tennis\/\",\"name\":\"PUSIGNAN | Premiers r\u00e9sultats de l\u2019Open jeunes de tennis - News Est Lyonnais\",\"isPartOf\":{\"@id\":\"https:\/\/newsestlyonnais.fr\/site\/#website\"},\"primaryImageOfPage\":{\"@id\":\"https:\/\/newsestlyonnais.fr\/site\/2021\/09\/05\/pusignan-premiers-resultats-de-lopen-jeunes-de-tennis\/#primaryimage\"},\"image\":{\"@id\":\"https:\/\/newsestlyonnais.fr\/site\/2021\/09\/05\/pusignan-premiers-resultats-de-lopen-jeunes-de-tennis\/#primaryimage\"},\"thumbnailUrl\":\"https:\/\/newsestlyonnais.fr\/site\/wp-content\/uploads\/2020\/01\/NEWSESTLYONNAIS-TENNIS-DIVERS.jpg\",\"datePublished\":\"2021-09-05T05:33:32+00:00\",\"dateModified\":\"2021-09-09T06:27:54+00:00\",\"description\":\"PUSIGNAN | Premiers r\u00e9sultats de l\u2019Open jeunes de tennis\",\"breadcrumb\":{\"@id\":\"https:\/\/newsestlyonnais.fr\/site\/2021\/09\/05\/pusignan-premiers-resultats-de-lopen-jeunes-de-tennis\/#breadcrumb\"},\"inLanguage\":\"fr-FR\",\"potentialAction\":[{\"@type\":\"ReadAction\",\"target\":[\"https:\/\/newsestlyonnais.fr\/site\/2021\/09\/05\/pusignan-premiers-resultats-de-lopen-jeunes-de-tennis\/\"]}]},{\"@type\":\"ImageObject\",\"inLanguage\":\"fr-FR\",\"@id\":\"https:\/\/newsestlyonnais.fr\/site\/2021\/09\/05\/pusignan-premiers-resultats-de-lopen-jeunes-de-tennis\/#primaryimage\",\"url\":\"https:\/\/newsestlyonnais.fr\/site\/wp-content\/uploads\/2020\/01\/NEWSESTLYONNAIS-TENNIS-DIVERS.jpg\",\"contentUrl\":\"https:\/\/newsestlyonnais.fr\/site\/wp-content\/uploads\/2020\/01\/NEWSESTLYONNAIS-TENNIS-DIVERS.jpg\",\"width\":178,\"height\":120},{\"@type\":\"BreadcrumbList\",\"@id\":\"https:\/\/newsestlyonnais.fr\/site\/2021\/09\/05\/pusignan-premiers-resultats-de-lopen-jeunes-de-tennis\/#breadcrumb\",\"itemListElement\":[{\"@type\":\"ListItem\",\"position\":1,\"name\":\"Accueil\",\"item\":\"https:\/\/newsestlyonnais.fr\/site\/\"},{\"@type\":\"ListItem\",\"position\":2,\"name\":\"PUSIGNAN | Premiers r\u00e9sultats de l\u2019Open jeunes de tennis\"}]},{\"@type\":\"WebSite\",\"@id\":\"https:\/\/newsestlyonnais.fr\/site\/#website\",\"url\":\"https:\/\/newsestlyonnais.fr\/site\/\",\"name\":\"News Est Lyonnais\",\"description\":\"L&#039;actualit\u00e9 au plus pr\u00e8s\",\"publisher\":{\"@id\":\"https:\/\/newsestlyonnais.fr\/site\/#organization\"},\"potentialAction\":[{\"@type\":\"SearchAction\",\"target\":{\"@type\":\"EntryPoint\",\"urlTemplate\":\"https:\/\/newsestlyonnais.fr\/site\/?s={search_term_string}\"},\"query-input\":{\"@type\":\"PropertyValueSpecification\",\"valueRequired\":true,\"valueName\":\"search_term_string\"}}],\"inLanguage\":\"fr-FR\"},{\"@type\":\"Organization\",\"@id\":\"https:\/\/newsestlyonnais.fr\/site\/#organization\",\"name\":\"News EST LYONNAIS\",\"url\":\"https:\/\/newsestlyonnais.fr\/site\/\",\"logo\":{\"@type\":\"ImageObject\",\"inLanguage\":\"fr-FR\",\"@id\":\"https:\/\/newsestlyonnais.fr\/site\/#\/schema\/logo\/image\/\",\"url\":\"\",\"contentUrl\":\"\",\"caption\":\"News EST LYONNAIS\"},\"image\":{\"@id\":\"https:\/\/newsestlyonnais.fr\/site\/#\/schema\/logo\/image\/\"}},{\"@type\":\"Person\",\"@id\":\"https:\/\/newsestlyonnais.fr\/site\/#\/schema\/person\/3230d5615f390bb808365d673001e887\",\"name\":\"R\u00e9dac. NEWS\",\"sameAs\":[\"http:\/\/www.newsestlyonnais.fr\",\"https:\/\/www.facebook.com\/pascal.oberson.1?fref=ts\",\"https:\/\/fr.linkedin.com\/in\/pascal-oberson-b17045113\"],\"url\":\"https:\/\/newsestlyonnais.fr\/site\/author\/nel\/\"}]}<\/script>\n<!-- \/ Yoast SEO plugin. -->","yoast_head_json":{"title":"PUSIGNAN | Premiers r\u00e9sultats de l\u2019Open jeunes de tennis - News Est Lyonnais","description":"PUSIGNAN | Premiers r\u00e9sultats de l\u2019Open jeunes de tennis","robots":{"index":"index","follow":"follow","max-snippet":"max-snippet:-1","max-image-preview":"max-image-preview:large","max-video-preview":"max-video-preview:-1"},"canonical":"https:\/\/newsestlyonnais.fr\/site\/2021\/09\/05\/pusignan-premiers-resultats-de-lopen-jeunes-de-tennis\/","og_locale":"fr_FR","og_type":"article","og_title":"PUSIGNAN | Premiers r\u00e9sultats de l\u2019Open jeunes de tennis - News Est Lyonnais","og_description":"PUSIGNAN | Premiers r\u00e9sultats de l\u2019Open jeunes de tennis","og_url":"https:\/\/newsestlyonnais.fr\/site\/2021\/09\/05\/pusignan-premiers-resultats-de-lopen-jeunes-de-tennis\/","og_site_name":"News Est Lyonnais","article_author":"https:\/\/www.facebook.com\/pascal.oberson.1?fref=ts","article_published_time":"2021-09-05T05:33:32+00:00","article_modified_time":"2021-09-09T06:27:54+00:00","og_image":[{"width":178,"height":120,"url":"https:\/\/i1.wp.com\/newsestlyonnais.fr\/site\/wp-content\/uploads\/2020\/01\/NEWSESTLYONNAIS-TENNIS-DIVERS.jpg?fit=178%2C120&ssl=1","type":"image\/jpeg"}],"author":"R\u00e9dac. NEWS","twitter_card":"summary_large_image","twitter_misc":{"\u00c9crit par":"R\u00e9dac. NEWS","Dur\u00e9e de lecture estim\u00e9e":"2 minutes"},"schema":{"@context":"https:\/\/schema.org","@graph":[{"@type":"Article","@id":"https:\/\/newsestlyonnais.fr\/site\/2021\/09\/05\/pusignan-premiers-resultats-de-lopen-jeunes-de-tennis\/#article","isPartOf":{"@id":"https:\/\/newsestlyonnais.fr\/site\/2021\/09\/05\/pusignan-premiers-resultats-de-lopen-jeunes-de-tennis\/"},"author":{"name":"R\u00e9dac. NEWS","@id":"https:\/\/newsestlyonnais.fr\/site\/#\/schema\/person\/3230d5615f390bb808365d673001e887"},"headline":"PUSIGNAN | Premiers r\u00e9sultats de l\u2019Open jeunes de tennis","datePublished":"2021-09-05T05:33:32+00:00","dateModified":"2021-09-09T06:27:54+00:00","mainEntityOfPage":{"@id":"https:\/\/newsestlyonnais.fr\/site\/2021\/09\/05\/pusignan-premiers-resultats-de-lopen-jeunes-de-tennis\/"},"wordCount":313,"commentCount":0,"publisher":{"@id":"https:\/\/newsestlyonnais.fr\/site\/#organization"},"image":{"@id":"https:\/\/newsestlyonnais.fr\/site\/2021\/09\/05\/pusignan-premiers-resultats-de-lopen-jeunes-de-tennis\/#primaryimage"},"thumbnailUrl":"https:\/\/newsestlyonnais.fr\/site\/wp-content\/uploads\/2020\/01\/NEWSESTLYONNAIS-TENNIS-DIVERS.jpg","keywords":["AT PUSIGNAN","PUSIGNAN","TENNIS"],"articleSection":["CCEL | Communes","Jons | Pusignan","Tennis | Padel","Tennis | Tennis de table"],"inLanguage":"fr-FR","potentialAction":[{"@type":"CommentAction","name":"Comment","target":["https:\/\/newsestlyonnais.fr\/site\/2021\/09\/05\/pusignan-premiers-resultats-de-lopen-jeunes-de-tennis\/#respond"]}]},{"@type":"WebPage","@id":"https:\/\/newsestlyonnais.fr\/site\/2021\/09\/05\/pusignan-premiers-resultats-de-lopen-jeunes-de-tennis\/","url":"https:\/\/newsestlyonnais.fr\/site\/2021\/09\/05\/pusignan-premiers-resultats-de-lopen-jeunes-de-tennis\/","name":"PUSIGNAN | Premiers r\u00e9sultats de l\u2019Open jeunes de tennis - News Est Lyonnais","isPartOf":{"@id":"https:\/\/newsestlyonnais.fr\/site\/#website"},"primaryImageOfPage":{"@id":"https:\/\/newsestlyonnais.fr\/site\/2021\/09\/05\/pusignan-premiers-resultats-de-lopen-jeunes-de-tennis\/#primaryimage"},"image":{"@id":"https:\/\/newsestlyonnais.fr\/site\/2021\/09\/05\/pusignan-premiers-resultats-de-lopen-jeunes-de-tennis\/#primaryimage"},"thumbnailUrl":"https:\/\/newsestlyonnais.fr\/site\/wp-content\/uploads\/2020\/01\/NEWSESTLYONNAIS-TENNIS-DIVERS.jpg","datePublished":"2021-09-05T05:33:32+00:00","dateModified":"2021-09-09T06:27:54+00:00","description":"PUSIGNAN | Premiers r\u00e9sultats de l\u2019Open jeunes de tennis","breadcrumb":{"@id":"https:\/\/newsestlyonnais.fr\/site\/2021\/09\/05\/pusignan-premiers-resultats-de-lopen-jeunes-de-tennis\/#breadcrumb"},"inLanguage":"fr-FR","potentialAction":[{"@type":"ReadAction","target":["https:\/\/newsestlyonnais.fr\/site\/2021\/09\/05\/pusignan-premiers-resultats-de-lopen-jeunes-de-tennis\/"]}]},{"@type":"ImageObject","inLanguage":"fr-FR","@id":"https:\/\/newsestlyonnais.fr\/site\/2021\/09\/05\/pusignan-premiers-resultats-de-lopen-jeunes-de-tennis\/#primaryimage","url":"https:\/\/newsestlyonnais.fr\/site\/wp-content\/uploads\/2020\/01\/NEWSESTLYONNAIS-TENNIS-DIVERS.jpg","contentUrl":"https:\/\/newsestlyonnais.fr\/site\/wp-content\/uploads\/2020\/01\/NEWSESTLYONNAIS-TENNIS-DIVERS.jpg","width":178,"height":120},{"@type":"BreadcrumbList","@id":"https:\/\/newsestlyonnais.fr\/site\/2021\/09\/05\/pusignan-premiers-resultats-de-lopen-jeunes-de-tennis\/#breadcrumb","itemListElement":[{"@type":"ListItem","position":1,"name":"Accueil","item":"https:\/\/newsestlyonnais.fr\/site\/"},{"@type":"ListItem","position":2,"name":"PUSIGNAN | Premiers r\u00e9sultats de l\u2019Open jeunes de tennis"}]},{"@type":"WebSite","@id":"https:\/\/newsestlyonnais.fr\/site\/#website","url":"https:\/\/newsestlyonnais.fr\/site\/","name":"News Est Lyonnais","description":"L&#039;actualit\u00e9 au plus pr\u00e8s","publisher":{"@id":"https:\/\/newsestlyonnais.fr\/site\/#organization"},"potentialAction":[{"@type":"SearchAction","target":{"@type":"EntryPoint","urlTemplate":"https:\/\/newsestlyonnais.fr\/site\/?s={search_term_string}"},"query-input":{"@type":"PropertyValueSpecification","valueRequired":true,"valueName":"search_term_string"}}],"inLanguage":"fr-FR"},{"@type":"Organization","@id":"https:\/\/newsestlyonnais.fr\/site\/#organization","name":"News EST LYONNAIS","url":"https:\/\/newsestlyonnais.fr\/site\/","logo":{"@type":"ImageObject","inLanguage":"fr-FR","@id":"https:\/\/newsestlyonnais.fr\/site\/#\/schema\/logo\/image\/","url":"","contentUrl":"","caption":"News EST LYONNAIS"},"image":{"@id":"https:\/\/newsestlyonnais.fr\/site\/#\/schema\/logo\/image\/"}},{"@type":"Person","@id":"https:\/\/newsestlyonnais.fr\/site\/#\/schema\/person\/3230d5615f390bb808365d673001e887","name":"R\u00e9dac. NEWS","sameAs":["http:\/\/www.newsestlyonnais.fr","https:\/\/www.facebook.com\/pascal.oberson.1?fref=ts","https:\/\/fr.linkedin.com\/in\/pascal-oberson-b17045113"],"url":"https:\/\/newsestlyonnais.fr\/site\/author\/nel\/"}]}},"_links":{"self":[{"href":"https:\/\/newsestlyonnais.fr\/site\/wp-json\/wp\/v2\/posts\/137282","targetHints":{"allow":["GET"]}}],"collection":[{"href":"https:\/\/newsestlyonnais.fr\/site\/wp-json\/wp\/v2\/posts"}],"about":[{"href":"https:\/\/newsestlyonnais.fr\/site\/wp-json\/wp\/v2\/types\/post"}],"author":[{"embeddable":true,"href":"https:\/\/newsestlyonnais.fr\/site\/wp-json\/wp\/v2\/users\/4"}],"replies":[{"embeddable":true,"href":"https:\/\/newsestlyonnais.fr\/site\/wp-json\/wp\/v2\/comments?post=137282"}],"version-history":[{"count":0,"href":"https:\/\/newsestlyonnais.fr\/site\/wp-json\/wp\/v2\/posts\/137282\/revisions"}],"wp:featuredmedia":[{"embeddable":true,"href":"https:\/\/newsestlyonnais.fr\/site\/wp-json\/wp\/v2\/media\/92866"}],"wp:attachment":[{"href":"https:\/\/newsestlyonnais.fr\/site\/wp-json\/wp\/v2\/media?parent=137282"}],"wp:term":[{"taxonomy":"category","embeddable":true,"href":"https:\/\/newsestlyonnais.fr\/site\/wp-json\/wp\/v2\/categories?post=137282"},{"taxonomy":"post_tag","embeddable":true,"href":"https:\/\/newsestlyonnais.fr\/site\/wp-json\/wp\/v2\/tags?post=137282"}],"curies":[{"name":"wp","href":"https:\/\/api.w.org\/{rel}","templated":true}]}}