{"id":137497,"date":"2021-09-07T16:54:11","date_gmt":"2021-09-07T15:54:11","guid":{"rendered":"https:\/\/newsestlyonnais.fr\/site\/?p=137497"},"modified":"2021-09-18T17:54:28","modified_gmt":"2021-09-18T16:54:28","slug":"lyon-3-edition-de-la-voie-est-libre","status":"publish","type":"post","link":"https:\/\/newsestlyonnais.fr\/site\/2021\/09\/07\/lyon-3-edition-de-la-voie-est-libre\/","title":{"rendered":"LYON | 3\u00b0 \u00e9dition de \u00ab\u00a0La Voie est libre\u00a0\u00bb !"},"content":{"rendered":"<p>Ce dispositif, unique en France, a \u00e9galement pour but de mesurer les bienfaits de cette tranquillisation de l\u2019espace public \u00e0 diff\u00e9rents niveaux : le bruit, la qualit\u00e9 de l\u2019air, et l\u2019impact soci\u00e9tal d\u2019une circulation moins dense.<\/p>\n<hr \/>\n<p><span style=\"background-color: #000000; color: #ffffff;\">Priorit\u00e9 aux pi\u00e9ton.nes puis aux cyclistes et enfin aux v\u00e9hicules autoris\u00e9s<\/span><\/p>\n<p><strong>Durant la journ\u00e9e, la circulation des v\u00e9hicules est limit\u00e9e<\/strong>. Les automobilistes non-r\u00e9sidents peuvent uniquement acc\u00e9der aux parkings\u00a0 priv\u00e9s. La circulation sur la zone pi\u00e9tonnis\u00e9e leur est interdite.<\/p>\n<p>Seuls certains v\u00e9hicules sont autoris\u00e9s \u00e0 circuler dans la zone pi\u00e9tonnis\u00e9e, \u00e0 5 km\/h et selon le sens de circulation indiqu\u00e9 (pendant la pi\u00e9tonisation, des sens de circulation pourront \u00eatre modifi\u00e9s). Les riverains ainsi que certains usagers peuvent \u00e9galement stationner dans les rues indiqu\u00e9es.<\/p>\n<hr \/>\n<p class=\"underlined\"><a href=\"https:\/\/mairie3.lyon.fr\/actualite\/deplacements\/la-voie-est-libre-3e-edition\"><strong><span style=\"color: #0000ff;\">Liste des rues concern\u00e9es par la pi\u00e9tonisation dans les 9 arrondissements<\/span><\/strong><\/a><\/p>\n<hr \/>\n<hr \/>\n<p>&nbsp;<\/p>\n","protected":false},"excerpt":{"rendered":"<p>Le samedi 18 septembre, de 9 h \u00e0 19 h, les pi\u00e9tons pourront d\u00e9ambuler en toute tranquillit\u00e9 dans certains quartiers de la ville. <\/p>\n","protected":false},"author":4,"featured_media":137503,"comment_status":"open","ping_status":"open","sticky":false,"template":"","format":"standard","meta":{"footnotes":""},"categories":[3009,1625,13],"tags":[2077,3877],"class_list":["post-137497","post","type-post","status-publish","format-standard","has-post-thumbnail","hentry","category-autos-motos","category-lyon","category-transports-circulation","tag-lyon","tag-pietonisation"],"yoast_head":"<!-- This site is optimized with the Yoast SEO plugin v27.2 - https:\/\/yoast.com\/product\/yoast-seo-wordpress\/ -->\n<title>LYON | 3\u00b0 \u00e9dition de &quot;La Voie est libre&quot; ! - News Est Lyonnais<\/title>\n<meta name=\"description\" content=\"LYON | 3\u00b0 \u00e9dition de &quot;La Voie est libre&quot; !\" \/>\n<meta name=\"robots\" content=\"index, follow, max-snippet:-1, max-image-preview:large, max-video-preview:-1\" \/>\n<link rel=\"canonical\" href=\"https:\/\/newsestlyonnais.fr\/site\/2021\/09\/07\/lyon-3-edition-de-la-voie-est-libre\/\" \/>\n<meta property=\"og:locale\" content=\"fr_FR\" \/>\n<meta property=\"og:type\" content=\"article\" \/>\n<meta property=\"og:title\" content=\"LYON | 3\u00b0 \u00e9dition de &quot;La Voie est libre&quot; ! - News Est Lyonnais\" \/>\n<meta property=\"og:description\" content=\"LYON | 3\u00b0 \u00e9dition de &quot;La Voie est libre&quot; !\" \/>\n<meta property=\"og:url\" content=\"https:\/\/newsestlyonnais.fr\/site\/2021\/09\/07\/lyon-3-edition-de-la-voie-est-libre\/\" \/>\n<meta property=\"og:site_name\" content=\"News Est Lyonnais\" \/>\n<meta property=\"article:author\" content=\"https:\/\/www.facebook.com\/pascal.oberson.1?fref=ts\" \/>\n<meta property=\"article:published_time\" content=\"2021-09-07T15:54:11+00:00\" \/>\n<meta property=\"article:modified_time\" content=\"2021-09-18T16:54:28+00:00\" \/>\n<meta property=\"og:image\" content=\"https:\/\/i1.wp.com\/newsestlyonnais.fr\/site\/wp-content\/uploads\/2021\/09\/la-voie-est-libre-3e-edition-p.jpg?fit=700%2C394&ssl=1\" \/>\n\t<meta property=\"og:image:width\" content=\"700\" \/>\n\t<meta property=\"og:image:height\" content=\"394\" \/>\n\t<meta property=\"og:image:type\" content=\"image\/jpeg\" \/>\n<meta name=\"author\" content=\"R\u00e9dac. NEWS\" \/>\n<meta name=\"twitter:card\" content=\"summary_large_image\" \/>\n<meta name=\"twitter:label1\" content=\"\u00c9crit par\" \/>\n\t<meta name=\"twitter:data1\" content=\"R\u00e9dac. NEWS\" \/>\n\t<meta name=\"twitter:label2\" content=\"Dur\u00e9e de lecture estim\u00e9e\" \/>\n\t<meta name=\"twitter:data2\" content=\"1 minute\" \/>\n<script type=\"application\/ld+json\" class=\"yoast-schema-graph\">{\"@context\":\"https:\/\/schema.org\",\"@graph\":[{\"@type\":\"Article\",\"@id\":\"https:\/\/newsestlyonnais.fr\/site\/2021\/09\/07\/lyon-3-edition-de-la-voie-est-libre\/#article\",\"isPartOf\":{\"@id\":\"https:\/\/newsestlyonnais.fr\/site\/2021\/09\/07\/lyon-3-edition-de-la-voie-est-libre\/\"},\"author\":{\"name\":\"R\u00e9dac. NEWS\",\"@id\":\"https:\/\/newsestlyonnais.fr\/site\/#\/schema\/person\/3230d5615f390bb808365d673001e887\"},\"headline\":\"LYON | 3\u00b0 \u00e9dition de \u00ab\u00a0La Voie est libre\u00a0\u00bb !\",\"datePublished\":\"2021-09-07T15:54:11+00:00\",\"dateModified\":\"2021-09-18T16:54:28+00:00\",\"mainEntityOfPage\":{\"@id\":\"https:\/\/newsestlyonnais.fr\/site\/2021\/09\/07\/lyon-3-edition-de-la-voie-est-libre\/\"},\"wordCount\":159,\"commentCount\":0,\"publisher\":{\"@id\":\"https:\/\/newsestlyonnais.fr\/site\/#organization\"},\"image\":{\"@id\":\"https:\/\/newsestlyonnais.fr\/site\/2021\/09\/07\/lyon-3-edition-de-la-voie-est-libre\/#primaryimage\"},\"thumbnailUrl\":\"https:\/\/newsestlyonnais.fr\/site\/wp-content\/uploads\/2021\/09\/la-voie-est-libre-3e-edition-p.jpg\",\"keywords\":[\"LYON\",\"pi\u00e9tonisation\"],\"articleSection\":[\"Autos | Motos\",\"Lyon\",\"Transports | Circulation\"],\"inLanguage\":\"fr-FR\",\"potentialAction\":[{\"@type\":\"CommentAction\",\"name\":\"Comment\",\"target\":[\"https:\/\/newsestlyonnais.fr\/site\/2021\/09\/07\/lyon-3-edition-de-la-voie-est-libre\/#respond\"]}]},{\"@type\":\"WebPage\",\"@id\":\"https:\/\/newsestlyonnais.fr\/site\/2021\/09\/07\/lyon-3-edition-de-la-voie-est-libre\/\",\"url\":\"https:\/\/newsestlyonnais.fr\/site\/2021\/09\/07\/lyon-3-edition-de-la-voie-est-libre\/\",\"name\":\"LYON | 3\u00b0 \u00e9dition de \\\"La Voie est libre\\\" ! - News Est Lyonnais\",\"isPartOf\":{\"@id\":\"https:\/\/newsestlyonnais.fr\/site\/#website\"},\"primaryImageOfPage\":{\"@id\":\"https:\/\/newsestlyonnais.fr\/site\/2021\/09\/07\/lyon-3-edition-de-la-voie-est-libre\/#primaryimage\"},\"image\":{\"@id\":\"https:\/\/newsestlyonnais.fr\/site\/2021\/09\/07\/lyon-3-edition-de-la-voie-est-libre\/#primaryimage\"},\"thumbnailUrl\":\"https:\/\/newsestlyonnais.fr\/site\/wp-content\/uploads\/2021\/09\/la-voie-est-libre-3e-edition-p.jpg\",\"datePublished\":\"2021-09-07T15:54:11+00:00\",\"dateModified\":\"2021-09-18T16:54:28+00:00\",\"description\":\"LYON | 3\u00b0 \u00e9dition de \\\"La Voie est libre\\\" !\",\"breadcrumb\":{\"@id\":\"https:\/\/newsestlyonnais.fr\/site\/2021\/09\/07\/lyon-3-edition-de-la-voie-est-libre\/#breadcrumb\"},\"inLanguage\":\"fr-FR\",\"potentialAction\":[{\"@type\":\"ReadAction\",\"target\":[\"https:\/\/newsestlyonnais.fr\/site\/2021\/09\/07\/lyon-3-edition-de-la-voie-est-libre\/\"]}]},{\"@type\":\"ImageObject\",\"inLanguage\":\"fr-FR\",\"@id\":\"https:\/\/newsestlyonnais.fr\/site\/2021\/09\/07\/lyon-3-edition-de-la-voie-est-libre\/#primaryimage\",\"url\":\"https:\/\/newsestlyonnais.fr\/site\/wp-content\/uploads\/2021\/09\/la-voie-est-libre-3e-edition-p.jpg\",\"contentUrl\":\"https:\/\/newsestlyonnais.fr\/site\/wp-content\/uploads\/2021\/09\/la-voie-est-libre-3e-edition-p.jpg\",\"width\":700,\"height\":394},{\"@type\":\"BreadcrumbList\",\"@id\":\"https:\/\/newsestlyonnais.fr\/site\/2021\/09\/07\/lyon-3-edition-de-la-voie-est-libre\/#breadcrumb\",\"itemListElement\":[{\"@type\":\"ListItem\",\"position\":1,\"name\":\"Accueil\",\"item\":\"https:\/\/newsestlyonnais.fr\/site\/\"},{\"@type\":\"ListItem\",\"position\":2,\"name\":\"LYON | 3\u00b0 \u00e9dition de \u00ab\u00a0La Voie est libre\u00a0\u00bb !\"}]},{\"@type\":\"WebSite\",\"@id\":\"https:\/\/newsestlyonnais.fr\/site\/#website\",\"url\":\"https:\/\/newsestlyonnais.fr\/site\/\",\"name\":\"News Est Lyonnais\",\"description\":\"L&#039;actualit\u00e9 au plus pr\u00e8s\",\"publisher\":{\"@id\":\"https:\/\/newsestlyonnais.fr\/site\/#organization\"},\"potentialAction\":[{\"@type\":\"SearchAction\",\"target\":{\"@type\":\"EntryPoint\",\"urlTemplate\":\"https:\/\/newsestlyonnais.fr\/site\/?s={search_term_string}\"},\"query-input\":{\"@type\":\"PropertyValueSpecification\",\"valueRequired\":true,\"valueName\":\"search_term_string\"}}],\"inLanguage\":\"fr-FR\"},{\"@type\":\"Organization\",\"@id\":\"https:\/\/newsestlyonnais.fr\/site\/#organization\",\"name\":\"News EST LYONNAIS\",\"url\":\"https:\/\/newsestlyonnais.fr\/site\/\",\"logo\":{\"@type\":\"ImageObject\",\"inLanguage\":\"fr-FR\",\"@id\":\"https:\/\/newsestlyonnais.fr\/site\/#\/schema\/logo\/image\/\",\"url\":\"\",\"contentUrl\":\"\",\"caption\":\"News EST LYONNAIS\"},\"image\":{\"@id\":\"https:\/\/newsestlyonnais.fr\/site\/#\/schema\/logo\/image\/\"}},{\"@type\":\"Person\",\"@id\":\"https:\/\/newsestlyonnais.fr\/site\/#\/schema\/person\/3230d5615f390bb808365d673001e887\",\"name\":\"R\u00e9dac. NEWS\",\"sameAs\":[\"http:\/\/www.newsestlyonnais.fr\",\"https:\/\/www.facebook.com\/pascal.oberson.1?fref=ts\",\"https:\/\/fr.linkedin.com\/in\/pascal-oberson-b17045113\"],\"url\":\"https:\/\/newsestlyonnais.fr\/site\/author\/nel\/\"}]}<\/script>\n<!-- \/ Yoast SEO plugin. -->","yoast_head_json":{"title":"LYON | 3\u00b0 \u00e9dition de \"La Voie est libre\" ! - News Est Lyonnais","description":"LYON | 3\u00b0 \u00e9dition de \"La Voie est libre\" !","robots":{"index":"index","follow":"follow","max-snippet":"max-snippet:-1","max-image-preview":"max-image-preview:large","max-video-preview":"max-video-preview:-1"},"canonical":"https:\/\/newsestlyonnais.fr\/site\/2021\/09\/07\/lyon-3-edition-de-la-voie-est-libre\/","og_locale":"fr_FR","og_type":"article","og_title":"LYON | 3\u00b0 \u00e9dition de \"La Voie est libre\" ! - News Est Lyonnais","og_description":"LYON | 3\u00b0 \u00e9dition de \"La Voie est libre\" !","og_url":"https:\/\/newsestlyonnais.fr\/site\/2021\/09\/07\/lyon-3-edition-de-la-voie-est-libre\/","og_site_name":"News Est Lyonnais","article_author":"https:\/\/www.facebook.com\/pascal.oberson.1?fref=ts","article_published_time":"2021-09-07T15:54:11+00:00","article_modified_time":"2021-09-18T16:54:28+00:00","og_image":[{"width":700,"height":394,"url":"https:\/\/i1.wp.com\/newsestlyonnais.fr\/site\/wp-content\/uploads\/2021\/09\/la-voie-est-libre-3e-edition-p.jpg?fit=700%2C394&ssl=1","type":"image\/jpeg"}],"author":"R\u00e9dac. NEWS","twitter_card":"summary_large_image","twitter_misc":{"\u00c9crit par":"R\u00e9dac. NEWS","Dur\u00e9e de lecture estim\u00e9e":"1 minute"},"schema":{"@context":"https:\/\/schema.org","@graph":[{"@type":"Article","@id":"https:\/\/newsestlyonnais.fr\/site\/2021\/09\/07\/lyon-3-edition-de-la-voie-est-libre\/#article","isPartOf":{"@id":"https:\/\/newsestlyonnais.fr\/site\/2021\/09\/07\/lyon-3-edition-de-la-voie-est-libre\/"},"author":{"name":"R\u00e9dac. NEWS","@id":"https:\/\/newsestlyonnais.fr\/site\/#\/schema\/person\/3230d5615f390bb808365d673001e887"},"headline":"LYON | 3\u00b0 \u00e9dition de \u00ab\u00a0La Voie est libre\u00a0\u00bb !","datePublished":"2021-09-07T15:54:11+00:00","dateModified":"2021-09-18T16:54:28+00:00","mainEntityOfPage":{"@id":"https:\/\/newsestlyonnais.fr\/site\/2021\/09\/07\/lyon-3-edition-de-la-voie-est-libre\/"},"wordCount":159,"commentCount":0,"publisher":{"@id":"https:\/\/newsestlyonnais.fr\/site\/#organization"},"image":{"@id":"https:\/\/newsestlyonnais.fr\/site\/2021\/09\/07\/lyon-3-edition-de-la-voie-est-libre\/#primaryimage"},"thumbnailUrl":"https:\/\/newsestlyonnais.fr\/site\/wp-content\/uploads\/2021\/09\/la-voie-est-libre-3e-edition-p.jpg","keywords":["LYON","pi\u00e9tonisation"],"articleSection":["Autos | Motos","Lyon","Transports | Circulation"],"inLanguage":"fr-FR","potentialAction":[{"@type":"CommentAction","name":"Comment","target":["https:\/\/newsestlyonnais.fr\/site\/2021\/09\/07\/lyon-3-edition-de-la-voie-est-libre\/#respond"]}]},{"@type":"WebPage","@id":"https:\/\/newsestlyonnais.fr\/site\/2021\/09\/07\/lyon-3-edition-de-la-voie-est-libre\/","url":"https:\/\/newsestlyonnais.fr\/site\/2021\/09\/07\/lyon-3-edition-de-la-voie-est-libre\/","name":"LYON | 3\u00b0 \u00e9dition de \"La Voie est libre\" ! - News Est Lyonnais","isPartOf":{"@id":"https:\/\/newsestlyonnais.fr\/site\/#website"},"primaryImageOfPage":{"@id":"https:\/\/newsestlyonnais.fr\/site\/2021\/09\/07\/lyon-3-edition-de-la-voie-est-libre\/#primaryimage"},"image":{"@id":"https:\/\/newsestlyonnais.fr\/site\/2021\/09\/07\/lyon-3-edition-de-la-voie-est-libre\/#primaryimage"},"thumbnailUrl":"https:\/\/newsestlyonnais.fr\/site\/wp-content\/uploads\/2021\/09\/la-voie-est-libre-3e-edition-p.jpg","datePublished":"2021-09-07T15:54:11+00:00","dateModified":"2021-09-18T16:54:28+00:00","description":"LYON | 3\u00b0 \u00e9dition de \"La Voie est libre\" !","breadcrumb":{"@id":"https:\/\/newsestlyonnais.fr\/site\/2021\/09\/07\/lyon-3-edition-de-la-voie-est-libre\/#breadcrumb"},"inLanguage":"fr-FR","potentialAction":[{"@type":"ReadAction","target":["https:\/\/newsestlyonnais.fr\/site\/2021\/09\/07\/lyon-3-edition-de-la-voie-est-libre\/"]}]},{"@type":"ImageObject","inLanguage":"fr-FR","@id":"https:\/\/newsestlyonnais.fr\/site\/2021\/09\/07\/lyon-3-edition-de-la-voie-est-libre\/#primaryimage","url":"https:\/\/newsestlyonnais.fr\/site\/wp-content\/uploads\/2021\/09\/la-voie-est-libre-3e-edition-p.jpg","contentUrl":"https:\/\/newsestlyonnais.fr\/site\/wp-content\/uploads\/2021\/09\/la-voie-est-libre-3e-edition-p.jpg","width":700,"height":394},{"@type":"BreadcrumbList","@id":"https:\/\/newsestlyonnais.fr\/site\/2021\/09\/07\/lyon-3-edition-de-la-voie-est-libre\/#breadcrumb","itemListElement":[{"@type":"ListItem","position":1,"name":"Accueil","item":"https:\/\/newsestlyonnais.fr\/site\/"},{"@type":"ListItem","position":2,"name":"LYON | 3\u00b0 \u00e9dition de \u00ab\u00a0La Voie est libre\u00a0\u00bb !"}]},{"@type":"WebSite","@id":"https:\/\/newsestlyonnais.fr\/site\/#website","url":"https:\/\/newsestlyonnais.fr\/site\/","name":"News Est Lyonnais","description":"L&#039;actualit\u00e9 au plus pr\u00e8s","publisher":{"@id":"https:\/\/newsestlyonnais.fr\/site\/#organization"},"potentialAction":[{"@type":"SearchAction","target":{"@type":"EntryPoint","urlTemplate":"https:\/\/newsestlyonnais.fr\/site\/?s={search_term_string}"},"query-input":{"@type":"PropertyValueSpecification","valueRequired":true,"valueName":"search_term_string"}}],"inLanguage":"fr-FR"},{"@type":"Organization","@id":"https:\/\/newsestlyonnais.fr\/site\/#organization","name":"News EST LYONNAIS","url":"https:\/\/newsestlyonnais.fr\/site\/","logo":{"@type":"ImageObject","inLanguage":"fr-FR","@id":"https:\/\/newsestlyonnais.fr\/site\/#\/schema\/logo\/image\/","url":"","contentUrl":"","caption":"News EST LYONNAIS"},"image":{"@id":"https:\/\/newsestlyonnais.fr\/site\/#\/schema\/logo\/image\/"}},{"@type":"Person","@id":"https:\/\/newsestlyonnais.fr\/site\/#\/schema\/person\/3230d5615f390bb808365d673001e887","name":"R\u00e9dac. NEWS","sameAs":["http:\/\/www.newsestlyonnais.fr","https:\/\/www.facebook.com\/pascal.oberson.1?fref=ts","https:\/\/fr.linkedin.com\/in\/pascal-oberson-b17045113"],"url":"https:\/\/newsestlyonnais.fr\/site\/author\/nel\/"}]}},"_links":{"self":[{"href":"https:\/\/newsestlyonnais.fr\/site\/wp-json\/wp\/v2\/posts\/137497","targetHints":{"allow":["GET"]}}],"collection":[{"href":"https:\/\/newsestlyonnais.fr\/site\/wp-json\/wp\/v2\/posts"}],"about":[{"href":"https:\/\/newsestlyonnais.fr\/site\/wp-json\/wp\/v2\/types\/post"}],"author":[{"embeddable":true,"href":"https:\/\/newsestlyonnais.fr\/site\/wp-json\/wp\/v2\/users\/4"}],"replies":[{"embeddable":true,"href":"https:\/\/newsestlyonnais.fr\/site\/wp-json\/wp\/v2\/comments?post=137497"}],"version-history":[{"count":0,"href":"https:\/\/newsestlyonnais.fr\/site\/wp-json\/wp\/v2\/posts\/137497\/revisions"}],"wp:featuredmedia":[{"embeddable":true,"href":"https:\/\/newsestlyonnais.fr\/site\/wp-json\/wp\/v2\/media\/137503"}],"wp:attachment":[{"href":"https:\/\/newsestlyonnais.fr\/site\/wp-json\/wp\/v2\/media?parent=137497"}],"wp:term":[{"taxonomy":"category","embeddable":true,"href":"https:\/\/newsestlyonnais.fr\/site\/wp-json\/wp\/v2\/categories?post=137497"},{"taxonomy":"post_tag","embeddable":true,"href":"https:\/\/newsestlyonnais.fr\/site\/wp-json\/wp\/v2\/tags?post=137497"}],"curies":[{"name":"wp","href":"https:\/\/api.w.org\/{rel}","templated":true}]}}