{"id":137593,"date":"2021-09-08T17:02:28","date_gmt":"2021-09-08T16:02:28","guid":{"rendered":"https:\/\/newsestlyonnais.fr\/site\/?p=137593"},"modified":"2021-09-12T07:13:31","modified_gmt":"2021-09-12T06:13:31","slug":"genas-le-guichet-unique-de-la-ville-modifie-ses-horaires-douverture","status":"publish","type":"post","link":"https:\/\/newsestlyonnais.fr\/site\/2021\/09\/08\/genas-le-guichet-unique-de-la-ville-modifie-ses-horaires-douverture\/","title":{"rendered":"GENAS | Le guichet unique de la Ville modifie ses horaires d\u2019ouverture"},"content":{"rendered":"<p><span id=\"page127R_mcid12\" class=\"markedContent\"><span dir=\"ltr\" role=\"presentation\">Afin de permettre \u00e0 l&rsquo;\u00e9quipe d&rsquo;organiser des temps d&rsquo;\u00e9changes <\/span><span dir=\"ltr\" role=\"presentation\">et de traiter les demandes re\u00e7ues par voie d\u00e9mat\u00e9rialis\u00e9e dont <\/span><span dir=\"ltr\" role=\"presentation\">le nombre ne cesse de cro\u00eetre, le Guichet unique am\u00e9nage <\/span><span dir=\"ltr\" role=\"presentation\">ainsi de fa\u00e7on tr\u00e8s l\u00e9g\u00e8re ses horaires d\u2019ouverture.<\/span><\/span><\/p>\n<p><span id=\"page127R_mcid14\" class=\"markedContent\"><span dir=\"ltr\" role=\"presentation\">Apr\u00e8s avoir \u00e9tudi\u00e9 avec attention la fr\u00e9quentation de <\/span><span dir=\"ltr\" role=\"presentation\">l\u2019accueil, c&rsquo;est l&rsquo;heure d&rsquo;ouverture du jeudi matin qui a \u00e9t\u00e9 <\/span><span dir=\"ltr\" role=\"presentation\">revue.<\/span><\/span><\/p>\n<hr \/>\n<p><span id=\"page127R_mcid16\" class=\"markedContent\" style=\"background-color: #000000; color: #ffffff;\"><span dir=\"ltr\" role=\"presentation\">Les horaires d&rsquo;ouverture deviennent ainsi :<\/span><\/span><span id=\"page127R_mcid56\" class=\"markedContent\"><\/span><\/p>\n<ul>\n<li><span id=\"page127R_mcid56\" class=\"markedContent\"><\/span><span id=\"page127R_mcid20\" class=\"markedContent\"><span dir=\"ltr\" role=\"presentation\">Lundi, mardi : 8 h 30-12 h \/ 13 h 30-17 h<\/span><\/span><span id=\"page127R_mcid57\" class=\"markedContent\"><\/span><\/li>\n<li><span id=\"page127R_mcid57\" class=\"markedContent\"><\/span><span id=\"page127R_mcid24\" class=\"markedContent\"><span dir=\"ltr\" role=\"presentation\">Mercredi : 8 h 30-12 h \/ 13 h-17 h<\/span><\/span><span id=\"page127R_mcid58\" class=\"markedContent\"><\/span><\/li>\n<li><span id=\"page127R_mcid58\" class=\"markedContent\"><\/span><span id=\"page127R_mcid28\" class=\"markedContent\"><span dir=\"ltr\" role=\"presentation\">Jeudi : 10 h 30-12 h \/ 13 h-19 h<\/span><\/span><span id=\"page127R_mcid59\" class=\"markedContent\"><\/span><\/li>\n<li><span id=\"page127R_mcid59\" class=\"markedContent\"><\/span><span id=\"page127R_mcid32\" class=\"markedContent\"><span dir=\"ltr\" role=\"presentation\">Vendredi : 8 h 30-12 h \/ 13 h 30-17 h<\/span><\/span><\/li>\n<li><span id=\"page127R_mcid60\" class=\"markedContent\"><\/span><span id=\"page127R_mcid36\" class=\"markedContent\"><span dir=\"ltr\" role=\"presentation\">Samedi : 9 h-12 h<\/span><\/span><\/li>\n<\/ul>\n<hr \/>\n<p><strong><span id=\"page127R_mcid40\" class=\"markedContent\"><span dir=\"ltr\" role=\"presentation\">Le<\/span> <span dir=\"ltr\" role=\"presentation\">Guichet<\/span> <span dir=\"ltr\" role=\"presentation\">unique<\/span> <span dir=\"ltr\" role=\"presentation\">est<\/span> <span dir=\"ltr\" role=\"presentation\">l\u2019interlocuteur<\/span> <span dir=\"ltr\" role=\"presentation\">privil\u00e9gi\u00e9<\/span> <span dir=\"ltr\" role=\"presentation\">des<\/span> <span dir=\"ltr\" role=\"presentation\">habitants<\/span> <span dir=\"ltr\" role=\"presentation\">mais<\/span> <span dir=\"ltr\" role=\"presentation\">\u00e9galement<\/span> <span dir=\"ltr\" role=\"presentation\">de<\/span> <span dir=\"ltr\" role=\"presentation\">toutes<\/span> <span dir=\"ltr\" role=\"presentation\">celles<\/span> <span dir=\"ltr\" role=\"presentation\">et<\/span> <span dir=\"ltr\" role=\"presentation\">tous<\/span> <span dir=\"ltr\" role=\"presentation\">ceux<\/span> <span dir=\"ltr\" role=\"presentation\">souhaitant :<\/span><\/span><\/strong><span id=\"page127R_mcid61\" class=\"markedContent\"><\/span><\/p>\n<ul>\n<li><span id=\"page127R_mcid61\" class=\"markedContent\"><\/span><span id=\"page127R_mcid44\" class=\"markedContent\"> <span dir=\"ltr\" role=\"presentation\">Obtenir<\/span> <span dir=\"ltr\" role=\"presentation\">des<\/span> <span dir=\"ltr\" role=\"presentation\">informations<\/span> <span dir=\"ltr\" role=\"presentation\">sur<\/span> <span dir=\"ltr\" role=\"presentation\">la<\/span> <span dir=\"ltr\" role=\"presentation\">commune<\/span> <span dir=\"ltr\" role=\"presentation\">de Genas<\/span> <span dir=\"ltr\" role=\"presentation\">et<\/span> <span dir=\"ltr\" role=\"presentation\">sur<\/span> <span dir=\"ltr\" role=\"presentation\">les services publics<\/span><\/span><\/li>\n<li><span id=\"page127R_mcid48\" class=\"markedContent\"><span dir=\"ltr\" role=\"presentation\">Entreprendre<\/span> <span dir=\"ltr\" role=\"presentation\">des<\/span> <span dir=\"ltr\" role=\"presentation\">d\u00e9marches<\/span> <span dir=\"ltr\" role=\"presentation\">li\u00e9es<\/span> <span dir=\"ltr\" role=\"presentation\">\u00e0<\/span> <span dir=\"ltr\" role=\"presentation\">l\u2019\u00e9tat<\/span> <span dir=\"ltr\" role=\"presentation\">civil<\/span> <span dir=\"ltr\" role=\"presentation\">(mariage,<\/span> <span dir=\"ltr\" role=\"presentation\">enregistrement<\/span> <span dir=\"ltr\" role=\"presentation\">des<\/span> <span dir=\"ltr\" role=\"presentation\">pactes<\/span> <span dir=\"ltr\" role=\"presentation\">civils<\/span> <span dir=\"ltr\" role=\"presentation\">de<\/span> <span dir=\"ltr\" role=\"presentation\">solidarit\u00e9*,<\/span> <span dir=\"ltr\" role=\"presentation\">bapt\u00eame<\/span> <span dir=\"ltr\" role=\"presentation\">civil,<\/span> <span dir=\"ltr\" role=\"presentation\">d\u00e9livrance<\/span> <span dir=\"ltr\" role=\"presentation\">d\u2019un<\/span> <span dir=\"ltr\" role=\"presentation\">acte<\/span> <span dir=\"ltr\" role=\"presentation\">d\u2019\u00e9tat<\/span> <span dir=\"ltr\" role=\"presentation\">civil<\/span> <span dir=\"ltr\" role=\"presentation\">d\u00e9tenu<\/span> <span dir=\"ltr\" role=\"presentation\">dans<\/span> <span dir=\"ltr\" role=\"presentation\">les <\/span><span dir=\"ltr\" role=\"presentation\">registres de la commune*&#8230;)<\/span><\/span><\/li>\n<li><span id=\"page127R_mcid52\" class=\"markedContent\"><span dir=\"ltr\" role=\"presentation\">Effectuer<\/span> <span dir=\"ltr\" role=\"presentation\">une<\/span> <span dir=\"ltr\" role=\"presentation\">demande<\/span> <span dir=\"ltr\" role=\"presentation\">de<\/span> <span dir=\"ltr\" role=\"presentation\">carte<\/span> <span dir=\"ltr\" role=\"presentation\">nationale<\/span> <span dir=\"ltr\" role=\"presentation\">d\u2019identit\u00e9 ou<\/span> <span dir=\"ltr\" role=\"presentation\">de<\/span> <span dir=\"ltr\" role=\"presentation\">passeport<\/span><\/span><\/li>\n<li><span id=\"page127R_mcid52\" class=\"markedContent\"><span dir=\"ltr\" role=\"presentation\"><span id=\"page1R_mcid9\" class=\"markedContent\">S\u2019inscrire sur les listes \u00e9lectorales*<\/span><\/span><\/span><\/li>\n<li><span id=\"page127R_mcid52\" class=\"markedContent\"><span dir=\"ltr\" role=\"presentation\"><span id=\"page1R_mcid13\" class=\"markedContent\">Louer des salles municipales pour l\u2019organisation <\/span><\/span><\/span><span id=\"page127R_mcid52\" class=\"markedContent\"><span dir=\"ltr\" role=\"presentation\"><span id=\"page1R_mcid13\" class=\"markedContent\">d\u2019\u00e9v\u00e8nements<\/span><\/span><\/span><\/li>\n<li><span id=\"page127R_mcid52\" class=\"markedContent\"><span dir=\"ltr\" role=\"presentation\"><span id=\"page1R_mcid17\" class=\"markedContent\">Inscrire ses enfants \u00e0 l\u2019\u00e9cole et \u00e0 des activit\u00e9s municipales <\/span><\/span><\/span><span id=\"page127R_mcid52\" class=\"markedContent\"><span dir=\"ltr\" role=\"presentation\"><span id=\"page1R_mcid17\" class=\"markedContent\">(d\u00e9marches \u00e9galement r\u00e9alisables via le portail famille) ou <\/span><\/span><\/span><span id=\"page127R_mcid52\" class=\"markedContent\"><span dir=\"ltr\" role=\"presentation\"><span id=\"page1R_mcid17\" class=\"markedContent\">solliciter une place en cr\u00e8che municipale.<\/span><\/span><\/span><\/li>\n<li><span id=\"page127R_mcid52\" class=\"markedContent\"><span dir=\"ltr\" role=\"presentation\"><span id=\"page1R_mcid21\" class=\"markedContent\">R\u00e9gler ses factures aupr\u00e8s des services municipaux.<\/span><\/span><\/span><\/li>\n<\/ul>\n<hr \/>\n<p><span id=\"page127R_mcid52\" class=\"markedContent\"><span dir=\"ltr\" role=\"presentation\"><span id=\"page1R_mcid25\" class=\"markedContent\">Toutes les d\u00e9marches signal\u00e9es par un ast\u00e9risque * peuvent d\u00e9sormais \u00eatre effectu\u00e9es directement en ligne via<\/span><a href=\"http:\/\/service-public.fr\"><span id=\"page1R_mcid26\" class=\"markedContent\" style=\"color: #0000ff;\"> service-public.fr<\/span><\/a><span id=\"page1R_mcid29\" class=\"markedContent\">.<\/span><\/span><\/span><\/p>\n<p><span id=\"page127R_mcid52\" class=\"markedContent\"><span dir=\"ltr\" role=\"presentation\"><span id=\"page1R_mcid29\" class=\"markedContent\"><strong>Le Guichet unique est joignable<\/strong>, aux horaires d\u2019ouverture mentionn\u00e9s plus haut :<\/span><\/span><\/span><\/p>\n<ul>\n<li><span id=\"page127R_mcid52\" class=\"markedContent\"><span dir=\"ltr\" role=\"presentation\"><span id=\"page1R_mcid29\" class=\"markedContent\">par t\u00e9l\u00e9phone au 04.72.47.11.11 <\/span><\/span><\/span><\/li>\n<li><span id=\"page127R_mcid52\" class=\"markedContent\"><span dir=\"ltr\" role=\"presentation\"><span id=\"page1R_mcid29\" class=\"markedContent\">par <\/span><\/span><\/span><span id=\"page127R_mcid52\" class=\"markedContent\"><span id=\"page1R_mcid29\" class=\"markedContent\"><\/span><\/span><span id=\"page127R_mcid52\" class=\"markedContent\"><span dir=\"ltr\" role=\"presentation\"><span id=\"page1R_mcid29\" class=\"markedContent\">mail \u00e0<\/span><span style=\"color: #0000ff;\"><a style=\"color: #0000ff;\" href=\"mailto:guichet.unique@ville-genas.fr\"><span id=\"page1R_mcid30\" class=\"markedContent\"> guichet.unique@ville-genas.fr<\/span><\/a><\/span><span id=\"page1R_mcid31\" class=\"markedContent\">.<\/span><\/span><\/span><\/li>\n<\/ul>\n<hr \/>\n<hr \/>\n<p>&nbsp;<\/p>\n","protected":false},"excerpt":{"rendered":"<p>\u00c0 compter de ce jeudi, il ouvrira ses portes \u00e0 10 h 30 le jeudi, au lieu de 8 h 30.<\/p>\n","protected":false},"author":4,"featured_media":118591,"comment_status":"open","ping_status":"open","sticky":false,"template":"","format":"standard","meta":{"footnotes":""},"categories":[270,1598,309],"tags":[2005],"class_list":["post-137593","post","type-post","status-publish","format-standard","has-post-thumbnail","hentry","category-cte-de-communes-c-c-e-l","category-genas","category-pratique","tag-genas"],"yoast_head":"<!-- This site is optimized with the Yoast SEO plugin v27.2 - https:\/\/yoast.com\/product\/yoast-seo-wordpress\/ -->\n<title>GENAS | Le guichet unique de la Ville modifie ses horaires d\u2019ouverture - News Est Lyonnais<\/title>\n<meta name=\"description\" content=\"GENAS | Le guichet unique de la Ville modifie ses horaires d\u2019ouverture\" \/>\n<meta name=\"robots\" content=\"index, follow, max-snippet:-1, max-image-preview:large, max-video-preview:-1\" \/>\n<link rel=\"canonical\" href=\"https:\/\/newsestlyonnais.fr\/site\/2021\/09\/08\/genas-le-guichet-unique-de-la-ville-modifie-ses-horaires-douverture\/\" \/>\n<meta property=\"og:locale\" content=\"fr_FR\" \/>\n<meta property=\"og:type\" content=\"article\" \/>\n<meta property=\"og:title\" content=\"GENAS | Le guichet unique de la Ville modifie ses horaires d\u2019ouverture - News Est Lyonnais\" \/>\n<meta property=\"og:description\" content=\"GENAS | Le guichet unique de la Ville modifie ses horaires d\u2019ouverture\" \/>\n<meta property=\"og:url\" content=\"https:\/\/newsestlyonnais.fr\/site\/2021\/09\/08\/genas-le-guichet-unique-de-la-ville-modifie-ses-horaires-douverture\/\" \/>\n<meta property=\"og:site_name\" content=\"News Est Lyonnais\" \/>\n<meta property=\"article:author\" content=\"https:\/\/www.facebook.com\/pascal.oberson.1?fref=ts\" \/>\n<meta property=\"article:published_time\" content=\"2021-09-08T16:02:28+00:00\" \/>\n<meta property=\"article:modified_time\" content=\"2021-09-12T06:13:31+00:00\" \/>\n<meta property=\"og:image\" content=\"https:\/\/i1.wp.com\/newsestlyonnais.fr\/site\/wp-content\/uploads\/2020\/11\/NEWSESTLYONNAIS-HV-GENAS.jpg?fit=445%2C250&ssl=1\" \/>\n\t<meta property=\"og:image:width\" content=\"445\" \/>\n\t<meta property=\"og:image:height\" content=\"250\" \/>\n\t<meta property=\"og:image:type\" content=\"image\/jpeg\" \/>\n<meta name=\"author\" content=\"R\u00e9dac. NEWS\" \/>\n<meta name=\"twitter:card\" content=\"summary_large_image\" \/>\n<meta name=\"twitter:label1\" content=\"\u00c9crit par\" \/>\n\t<meta name=\"twitter:data1\" content=\"R\u00e9dac. NEWS\" \/>\n\t<meta name=\"twitter:label2\" content=\"Dur\u00e9e de lecture estim\u00e9e\" \/>\n\t<meta name=\"twitter:data2\" content=\"2 minutes\" \/>\n<script type=\"application\/ld+json\" class=\"yoast-schema-graph\">{\"@context\":\"https:\/\/schema.org\",\"@graph\":[{\"@type\":\"Article\",\"@id\":\"https:\/\/newsestlyonnais.fr\/site\/2021\/09\/08\/genas-le-guichet-unique-de-la-ville-modifie-ses-horaires-douverture\/#article\",\"isPartOf\":{\"@id\":\"https:\/\/newsestlyonnais.fr\/site\/2021\/09\/08\/genas-le-guichet-unique-de-la-ville-modifie-ses-horaires-douverture\/\"},\"author\":{\"name\":\"R\u00e9dac. NEWS\",\"@id\":\"https:\/\/newsestlyonnais.fr\/site\/#\/schema\/person\/3230d5615f390bb808365d673001e887\"},\"headline\":\"GENAS | Le guichet unique de la Ville modifie ses horaires d\u2019ouverture\",\"datePublished\":\"2021-09-08T16:02:28+00:00\",\"dateModified\":\"2021-09-12T06:13:31+00:00\",\"mainEntityOfPage\":{\"@id\":\"https:\/\/newsestlyonnais.fr\/site\/2021\/09\/08\/genas-le-guichet-unique-de-la-ville-modifie-ses-horaires-douverture\/\"},\"wordCount\":300,\"commentCount\":0,\"publisher\":{\"@id\":\"https:\/\/newsestlyonnais.fr\/site\/#organization\"},\"image\":{\"@id\":\"https:\/\/newsestlyonnais.fr\/site\/2021\/09\/08\/genas-le-guichet-unique-de-la-ville-modifie-ses-horaires-douverture\/#primaryimage\"},\"thumbnailUrl\":\"https:\/\/newsestlyonnais.fr\/site\/wp-content\/uploads\/2020\/11\/NEWSESTLYONNAIS-HV-GENAS.jpg\",\"keywords\":[\"GENAS\"],\"articleSection\":[\"CCEL | Communes\",\"Genas\",\"Pratique\"],\"inLanguage\":\"fr-FR\",\"potentialAction\":[{\"@type\":\"CommentAction\",\"name\":\"Comment\",\"target\":[\"https:\/\/newsestlyonnais.fr\/site\/2021\/09\/08\/genas-le-guichet-unique-de-la-ville-modifie-ses-horaires-douverture\/#respond\"]}]},{\"@type\":\"WebPage\",\"@id\":\"https:\/\/newsestlyonnais.fr\/site\/2021\/09\/08\/genas-le-guichet-unique-de-la-ville-modifie-ses-horaires-douverture\/\",\"url\":\"https:\/\/newsestlyonnais.fr\/site\/2021\/09\/08\/genas-le-guichet-unique-de-la-ville-modifie-ses-horaires-douverture\/\",\"name\":\"GENAS | Le guichet unique de la Ville modifie ses horaires d\u2019ouverture - News Est Lyonnais\",\"isPartOf\":{\"@id\":\"https:\/\/newsestlyonnais.fr\/site\/#website\"},\"primaryImageOfPage\":{\"@id\":\"https:\/\/newsestlyonnais.fr\/site\/2021\/09\/08\/genas-le-guichet-unique-de-la-ville-modifie-ses-horaires-douverture\/#primaryimage\"},\"image\":{\"@id\":\"https:\/\/newsestlyonnais.fr\/site\/2021\/09\/08\/genas-le-guichet-unique-de-la-ville-modifie-ses-horaires-douverture\/#primaryimage\"},\"thumbnailUrl\":\"https:\/\/newsestlyonnais.fr\/site\/wp-content\/uploads\/2020\/11\/NEWSESTLYONNAIS-HV-GENAS.jpg\",\"datePublished\":\"2021-09-08T16:02:28+00:00\",\"dateModified\":\"2021-09-12T06:13:31+00:00\",\"description\":\"GENAS | Le guichet unique de la Ville modifie ses horaires d\u2019ouverture\",\"breadcrumb\":{\"@id\":\"https:\/\/newsestlyonnais.fr\/site\/2021\/09\/08\/genas-le-guichet-unique-de-la-ville-modifie-ses-horaires-douverture\/#breadcrumb\"},\"inLanguage\":\"fr-FR\",\"potentialAction\":[{\"@type\":\"ReadAction\",\"target\":[\"https:\/\/newsestlyonnais.fr\/site\/2021\/09\/08\/genas-le-guichet-unique-de-la-ville-modifie-ses-horaires-douverture\/\"]}]},{\"@type\":\"ImageObject\",\"inLanguage\":\"fr-FR\",\"@id\":\"https:\/\/newsestlyonnais.fr\/site\/2021\/09\/08\/genas-le-guichet-unique-de-la-ville-modifie-ses-horaires-douverture\/#primaryimage\",\"url\":\"https:\/\/newsestlyonnais.fr\/site\/wp-content\/uploads\/2020\/11\/NEWSESTLYONNAIS-HV-GENAS.jpg\",\"contentUrl\":\"https:\/\/newsestlyonnais.fr\/site\/wp-content\/uploads\/2020\/11\/NEWSESTLYONNAIS-HV-GENAS.jpg\",\"width\":445,\"height\":250},{\"@type\":\"BreadcrumbList\",\"@id\":\"https:\/\/newsestlyonnais.fr\/site\/2021\/09\/08\/genas-le-guichet-unique-de-la-ville-modifie-ses-horaires-douverture\/#breadcrumb\",\"itemListElement\":[{\"@type\":\"ListItem\",\"position\":1,\"name\":\"Accueil\",\"item\":\"https:\/\/newsestlyonnais.fr\/site\/\"},{\"@type\":\"ListItem\",\"position\":2,\"name\":\"GENAS | Le guichet unique de la Ville modifie ses horaires d\u2019ouverture\"}]},{\"@type\":\"WebSite\",\"@id\":\"https:\/\/newsestlyonnais.fr\/site\/#website\",\"url\":\"https:\/\/newsestlyonnais.fr\/site\/\",\"name\":\"News Est Lyonnais\",\"description\":\"L&#039;actualit\u00e9 au plus pr\u00e8s\",\"publisher\":{\"@id\":\"https:\/\/newsestlyonnais.fr\/site\/#organization\"},\"potentialAction\":[{\"@type\":\"SearchAction\",\"target\":{\"@type\":\"EntryPoint\",\"urlTemplate\":\"https:\/\/newsestlyonnais.fr\/site\/?s={search_term_string}\"},\"query-input\":{\"@type\":\"PropertyValueSpecification\",\"valueRequired\":true,\"valueName\":\"search_term_string\"}}],\"inLanguage\":\"fr-FR\"},{\"@type\":\"Organization\",\"@id\":\"https:\/\/newsestlyonnais.fr\/site\/#organization\",\"name\":\"News EST LYONNAIS\",\"url\":\"https:\/\/newsestlyonnais.fr\/site\/\",\"logo\":{\"@type\":\"ImageObject\",\"inLanguage\":\"fr-FR\",\"@id\":\"https:\/\/newsestlyonnais.fr\/site\/#\/schema\/logo\/image\/\",\"url\":\"\",\"contentUrl\":\"\",\"caption\":\"News EST LYONNAIS\"},\"image\":{\"@id\":\"https:\/\/newsestlyonnais.fr\/site\/#\/schema\/logo\/image\/\"}},{\"@type\":\"Person\",\"@id\":\"https:\/\/newsestlyonnais.fr\/site\/#\/schema\/person\/3230d5615f390bb808365d673001e887\",\"name\":\"R\u00e9dac. NEWS\",\"sameAs\":[\"http:\/\/www.newsestlyonnais.fr\",\"https:\/\/www.facebook.com\/pascal.oberson.1?fref=ts\",\"https:\/\/fr.linkedin.com\/in\/pascal-oberson-b17045113\"],\"url\":\"https:\/\/newsestlyonnais.fr\/site\/author\/nel\/\"}]}<\/script>\n<!-- \/ Yoast SEO plugin. -->","yoast_head_json":{"title":"GENAS | Le guichet unique de la Ville modifie ses horaires d\u2019ouverture - News Est Lyonnais","description":"GENAS | Le guichet unique de la Ville modifie ses horaires d\u2019ouverture","robots":{"index":"index","follow":"follow","max-snippet":"max-snippet:-1","max-image-preview":"max-image-preview:large","max-video-preview":"max-video-preview:-1"},"canonical":"https:\/\/newsestlyonnais.fr\/site\/2021\/09\/08\/genas-le-guichet-unique-de-la-ville-modifie-ses-horaires-douverture\/","og_locale":"fr_FR","og_type":"article","og_title":"GENAS | Le guichet unique de la Ville modifie ses horaires d\u2019ouverture - News Est Lyonnais","og_description":"GENAS | Le guichet unique de la Ville modifie ses horaires d\u2019ouverture","og_url":"https:\/\/newsestlyonnais.fr\/site\/2021\/09\/08\/genas-le-guichet-unique-de-la-ville-modifie-ses-horaires-douverture\/","og_site_name":"News Est Lyonnais","article_author":"https:\/\/www.facebook.com\/pascal.oberson.1?fref=ts","article_published_time":"2021-09-08T16:02:28+00:00","article_modified_time":"2021-09-12T06:13:31+00:00","og_image":[{"width":445,"height":250,"url":"https:\/\/i1.wp.com\/newsestlyonnais.fr\/site\/wp-content\/uploads\/2020\/11\/NEWSESTLYONNAIS-HV-GENAS.jpg?fit=445%2C250&ssl=1","type":"image\/jpeg"}],"author":"R\u00e9dac. NEWS","twitter_card":"summary_large_image","twitter_misc":{"\u00c9crit par":"R\u00e9dac. NEWS","Dur\u00e9e de lecture estim\u00e9e":"2 minutes"},"schema":{"@context":"https:\/\/schema.org","@graph":[{"@type":"Article","@id":"https:\/\/newsestlyonnais.fr\/site\/2021\/09\/08\/genas-le-guichet-unique-de-la-ville-modifie-ses-horaires-douverture\/#article","isPartOf":{"@id":"https:\/\/newsestlyonnais.fr\/site\/2021\/09\/08\/genas-le-guichet-unique-de-la-ville-modifie-ses-horaires-douverture\/"},"author":{"name":"R\u00e9dac. NEWS","@id":"https:\/\/newsestlyonnais.fr\/site\/#\/schema\/person\/3230d5615f390bb808365d673001e887"},"headline":"GENAS | Le guichet unique de la Ville modifie ses horaires d\u2019ouverture","datePublished":"2021-09-08T16:02:28+00:00","dateModified":"2021-09-12T06:13:31+00:00","mainEntityOfPage":{"@id":"https:\/\/newsestlyonnais.fr\/site\/2021\/09\/08\/genas-le-guichet-unique-de-la-ville-modifie-ses-horaires-douverture\/"},"wordCount":300,"commentCount":0,"publisher":{"@id":"https:\/\/newsestlyonnais.fr\/site\/#organization"},"image":{"@id":"https:\/\/newsestlyonnais.fr\/site\/2021\/09\/08\/genas-le-guichet-unique-de-la-ville-modifie-ses-horaires-douverture\/#primaryimage"},"thumbnailUrl":"https:\/\/newsestlyonnais.fr\/site\/wp-content\/uploads\/2020\/11\/NEWSESTLYONNAIS-HV-GENAS.jpg","keywords":["GENAS"],"articleSection":["CCEL | Communes","Genas","Pratique"],"inLanguage":"fr-FR","potentialAction":[{"@type":"CommentAction","name":"Comment","target":["https:\/\/newsestlyonnais.fr\/site\/2021\/09\/08\/genas-le-guichet-unique-de-la-ville-modifie-ses-horaires-douverture\/#respond"]}]},{"@type":"WebPage","@id":"https:\/\/newsestlyonnais.fr\/site\/2021\/09\/08\/genas-le-guichet-unique-de-la-ville-modifie-ses-horaires-douverture\/","url":"https:\/\/newsestlyonnais.fr\/site\/2021\/09\/08\/genas-le-guichet-unique-de-la-ville-modifie-ses-horaires-douverture\/","name":"GENAS | Le guichet unique de la Ville modifie ses horaires d\u2019ouverture - News Est Lyonnais","isPartOf":{"@id":"https:\/\/newsestlyonnais.fr\/site\/#website"},"primaryImageOfPage":{"@id":"https:\/\/newsestlyonnais.fr\/site\/2021\/09\/08\/genas-le-guichet-unique-de-la-ville-modifie-ses-horaires-douverture\/#primaryimage"},"image":{"@id":"https:\/\/newsestlyonnais.fr\/site\/2021\/09\/08\/genas-le-guichet-unique-de-la-ville-modifie-ses-horaires-douverture\/#primaryimage"},"thumbnailUrl":"https:\/\/newsestlyonnais.fr\/site\/wp-content\/uploads\/2020\/11\/NEWSESTLYONNAIS-HV-GENAS.jpg","datePublished":"2021-09-08T16:02:28+00:00","dateModified":"2021-09-12T06:13:31+00:00","description":"GENAS | Le guichet unique de la Ville modifie ses horaires d\u2019ouverture","breadcrumb":{"@id":"https:\/\/newsestlyonnais.fr\/site\/2021\/09\/08\/genas-le-guichet-unique-de-la-ville-modifie-ses-horaires-douverture\/#breadcrumb"},"inLanguage":"fr-FR","potentialAction":[{"@type":"ReadAction","target":["https:\/\/newsestlyonnais.fr\/site\/2021\/09\/08\/genas-le-guichet-unique-de-la-ville-modifie-ses-horaires-douverture\/"]}]},{"@type":"ImageObject","inLanguage":"fr-FR","@id":"https:\/\/newsestlyonnais.fr\/site\/2021\/09\/08\/genas-le-guichet-unique-de-la-ville-modifie-ses-horaires-douverture\/#primaryimage","url":"https:\/\/newsestlyonnais.fr\/site\/wp-content\/uploads\/2020\/11\/NEWSESTLYONNAIS-HV-GENAS.jpg","contentUrl":"https:\/\/newsestlyonnais.fr\/site\/wp-content\/uploads\/2020\/11\/NEWSESTLYONNAIS-HV-GENAS.jpg","width":445,"height":250},{"@type":"BreadcrumbList","@id":"https:\/\/newsestlyonnais.fr\/site\/2021\/09\/08\/genas-le-guichet-unique-de-la-ville-modifie-ses-horaires-douverture\/#breadcrumb","itemListElement":[{"@type":"ListItem","position":1,"name":"Accueil","item":"https:\/\/newsestlyonnais.fr\/site\/"},{"@type":"ListItem","position":2,"name":"GENAS | Le guichet unique de la Ville modifie ses horaires d\u2019ouverture"}]},{"@type":"WebSite","@id":"https:\/\/newsestlyonnais.fr\/site\/#website","url":"https:\/\/newsestlyonnais.fr\/site\/","name":"News Est Lyonnais","description":"L&#039;actualit\u00e9 au plus pr\u00e8s","publisher":{"@id":"https:\/\/newsestlyonnais.fr\/site\/#organization"},"potentialAction":[{"@type":"SearchAction","target":{"@type":"EntryPoint","urlTemplate":"https:\/\/newsestlyonnais.fr\/site\/?s={search_term_string}"},"query-input":{"@type":"PropertyValueSpecification","valueRequired":true,"valueName":"search_term_string"}}],"inLanguage":"fr-FR"},{"@type":"Organization","@id":"https:\/\/newsestlyonnais.fr\/site\/#organization","name":"News EST LYONNAIS","url":"https:\/\/newsestlyonnais.fr\/site\/","logo":{"@type":"ImageObject","inLanguage":"fr-FR","@id":"https:\/\/newsestlyonnais.fr\/site\/#\/schema\/logo\/image\/","url":"","contentUrl":"","caption":"News EST LYONNAIS"},"image":{"@id":"https:\/\/newsestlyonnais.fr\/site\/#\/schema\/logo\/image\/"}},{"@type":"Person","@id":"https:\/\/newsestlyonnais.fr\/site\/#\/schema\/person\/3230d5615f390bb808365d673001e887","name":"R\u00e9dac. NEWS","sameAs":["http:\/\/www.newsestlyonnais.fr","https:\/\/www.facebook.com\/pascal.oberson.1?fref=ts","https:\/\/fr.linkedin.com\/in\/pascal-oberson-b17045113"],"url":"https:\/\/newsestlyonnais.fr\/site\/author\/nel\/"}]}},"_links":{"self":[{"href":"https:\/\/newsestlyonnais.fr\/site\/wp-json\/wp\/v2\/posts\/137593","targetHints":{"allow":["GET"]}}],"collection":[{"href":"https:\/\/newsestlyonnais.fr\/site\/wp-json\/wp\/v2\/posts"}],"about":[{"href":"https:\/\/newsestlyonnais.fr\/site\/wp-json\/wp\/v2\/types\/post"}],"author":[{"embeddable":true,"href":"https:\/\/newsestlyonnais.fr\/site\/wp-json\/wp\/v2\/users\/4"}],"replies":[{"embeddable":true,"href":"https:\/\/newsestlyonnais.fr\/site\/wp-json\/wp\/v2\/comments?post=137593"}],"version-history":[{"count":0,"href":"https:\/\/newsestlyonnais.fr\/site\/wp-json\/wp\/v2\/posts\/137593\/revisions"}],"wp:featuredmedia":[{"embeddable":true,"href":"https:\/\/newsestlyonnais.fr\/site\/wp-json\/wp\/v2\/media\/118591"}],"wp:attachment":[{"href":"https:\/\/newsestlyonnais.fr\/site\/wp-json\/wp\/v2\/media?parent=137593"}],"wp:term":[{"taxonomy":"category","embeddable":true,"href":"https:\/\/newsestlyonnais.fr\/site\/wp-json\/wp\/v2\/categories?post=137593"},{"taxonomy":"post_tag","embeddable":true,"href":"https:\/\/newsestlyonnais.fr\/site\/wp-json\/wp\/v2\/tags?post=137593"}],"curies":[{"name":"wp","href":"https:\/\/api.w.org\/{rel}","templated":true}]}}