{"id":137634,"date":"2021-09-09T08:04:57","date_gmt":"2021-09-09T07:04:57","guid":{"rendered":"https:\/\/newsestlyonnais.fr\/site\/?p=137634"},"modified":"2021-09-09T08:04:57","modified_gmt":"2021-09-09T07:04:57","slug":"vaulx-en-velin-jour-de-rentree-a-la-section-sportive-rugby-a-xiii-du-college-aime-cesaire","status":"publish","type":"post","link":"https:\/\/newsestlyonnais.fr\/site\/2021\/09\/09\/vaulx-en-velin-jour-de-rentree-a-la-section-sportive-rugby-a-xiii-du-college-aime-cesaire\/","title":{"rendered":"VAULX-EN-VELIN | Jour de rentr\u00e9e \u00e0 la section sportive Rugby \u00e0 XIII du coll\u00e8ge Aim\u00e9 C\u00e9saire"},"content":{"rendered":"<div dir=\"ltr\">\n<div>\n<div>\n<p>Ceci en pr\u00e9sence du Pr\u00e9sident du Comit\u00e9 du Rh\u00f4ne et M\u00e9tropole de Lyon de Rugby \u00e0 XIII Jacques Cavezzan, venu remettre des ballons BeRugby, et des animateurs Cl\u00e9ment Meunier (ATD Comit\u00e9), S\u00e9bastien Aguerra et Yc\u00e8ne Sekmakdji (club de VVRL).<\/p>\n<p><strong>L\u2019effectif affiche cette ann\u00e9e une croissance de 60 % avec 26 \u00e9l\u00e8ves mixtes contre 16 coll\u00e9giens la saison derni\u00e8re<\/strong>.<\/p>\n<p>Le Professeur d&rsquo;EPS Bertrand Terrade a tenu \u00e0 remercier le Comit\u00e9 du Rh\u00f4ne de rugby \u00e0 XIII dans son soutien fid\u00e8le pour le d\u00e9veloppement de la section et a rappel\u00e9 \u00a0\u00bb que enfin de vraies rencontres pourraient avoir lieu dans la saison ainsi qu\u2019une participation au Championnat de France UNSS \u00bb.<\/p>\n<p>Sous la conduite des animateurs, les \u00e9l\u00e8ves s\u00e9par\u00e9s en deux groupes (les anciens avec les 4\u00b0 et 3\u00b0) et les nouveaux (6\u00b0 et 5\u00b0) ont pu mettre en place des exercices physiques de motricit\u00e9, vagues de passes et initiations au tenu avant de prendre les Tag pour des rencontres de Tag XIII tr\u00e8s appr\u00e9ci\u00e9es. \u00ab\u00a0Enfin place au jeu\u00a0\u00bb ont cri\u00e9 les anciens !<\/p>\n<p>&gt; Les entra\u00eenements auront lieu tous les mardis de 16 H \u00e0 17 H 20 au stade Jean Ladoum\u00e8gue.<\/p>\n<hr \/>\n<\/div>\n<div>\n<div id='gallery-1' class='gallery galleryid-137634 gallery-columns-2 gallery-size-thumbnail'><figure class='gallery-item'>\n\t\t\t<div class='gallery-icon landscape'>\n\t\t\t\t<a href='https:\/\/newsestlyonnais.fr\/site\/2021\/09\/09\/vaulx-en-velin-jour-de-rentree-a-la-section-sportive-rugby-a-xiii-du-college-aime-cesaire\/sebastien-presente-le-programme-pour-les-plus-grands\/'><img loading=\"lazy\" decoding=\"async\" width=\"150\" height=\"113\" src=\"https:\/\/newsestlyonnais.fr\/site\/wp-content\/uploads\/2021\/09\/Sebastien-presente-le-programme-pour-les-plus-grands-250x188.jpg\" class=\"attachment-thumbnail size-thumbnail\" alt=\"\" aria-describedby=\"gallery-1-137643\" srcset=\"https:\/\/newsestlyonnais.fr\/site\/wp-content\/uploads\/2021\/09\/Sebastien-presente-le-programme-pour-les-plus-grands-250x188.jpg 250w, https:\/\/newsestlyonnais.fr\/site\/wp-content\/uploads\/2021\/09\/Sebastien-presente-le-programme-pour-les-plus-grands-400x300.jpg 400w, https:\/\/newsestlyonnais.fr\/site\/wp-content\/uploads\/2021\/09\/Sebastien-presente-le-programme-pour-les-plus-grands-650x488.jpg 650w, https:\/\/newsestlyonnais.fr\/site\/wp-content\/uploads\/2021\/09\/Sebastien-presente-le-programme-pour-les-plus-grands-768x577.jpg 768w, https:\/\/newsestlyonnais.fr\/site\/wp-content\/uploads\/2021\/09\/Sebastien-presente-le-programme-pour-les-plus-grands-150x113.jpg 150w, https:\/\/newsestlyonnais.fr\/site\/wp-content\/uploads\/2021\/09\/Sebastien-presente-le-programme-pour-les-plus-grands-50x38.jpg 50w, https:\/\/newsestlyonnais.fr\/site\/wp-content\/uploads\/2021\/09\/Sebastien-presente-le-programme-pour-les-plus-grands-100x75.jpg 100w, https:\/\/newsestlyonnais.fr\/site\/wp-content\/uploads\/2021\/09\/Sebastien-presente-le-programme-pour-les-plus-grands-200x150.jpg 200w, https:\/\/newsestlyonnais.fr\/site\/wp-content\/uploads\/2021\/09\/Sebastien-presente-le-programme-pour-les-plus-grands-300x225.jpg 300w, https:\/\/newsestlyonnais.fr\/site\/wp-content\/uploads\/2021\/09\/Sebastien-presente-le-programme-pour-les-plus-grands-350x263.jpg 350w, https:\/\/newsestlyonnais.fr\/site\/wp-content\/uploads\/2021\/09\/Sebastien-presente-le-programme-pour-les-plus-grands-450x338.jpg 450w, https:\/\/newsestlyonnais.fr\/site\/wp-content\/uploads\/2021\/09\/Sebastien-presente-le-programme-pour-les-plus-grands-500x375.jpg 500w, https:\/\/newsestlyonnais.fr\/site\/wp-content\/uploads\/2021\/09\/Sebastien-presente-le-programme-pour-les-plus-grands-550x413.jpg 550w, https:\/\/newsestlyonnais.fr\/site\/wp-content\/uploads\/2021\/09\/Sebastien-presente-le-programme-pour-les-plus-grands-800x601.jpg 800w, https:\/\/newsestlyonnais.fr\/site\/wp-content\/uploads\/2021\/09\/Sebastien-presente-le-programme-pour-les-plus-grands.jpg 847w\" sizes=\"auto, (max-width: 150px) 100vw, 150px\" \/><\/a>\n\t\t\t<\/div>\n\t\t\t\t<figcaption class='wp-caption-text gallery-caption' id='gallery-1-137643'>\n\t\t\t\tS\u00e9bastien pr\u00e9sente le programme pour les plus grands\n\t\t\t\t<\/figcaption><\/figure><figure class='gallery-item'>\n\t\t\t<div class='gallery-icon landscape'>\n\t\t\t\t<a href='https:\/\/newsestlyonnais.fr\/site\/2021\/09\/09\/vaulx-en-velin-jour-de-rentree-a-la-section-sportive-rugby-a-xiii-du-college-aime-cesaire\/echauffement-avec-ballon\/'><img loading=\"lazy\" decoding=\"async\" width=\"150\" height=\"113\" src=\"https:\/\/newsestlyonnais.fr\/site\/wp-content\/uploads\/2021\/09\/echauffement-avec-ballon-250x188.jpg\" class=\"attachment-thumbnail size-thumbnail\" alt=\"\" aria-describedby=\"gallery-1-137642\" srcset=\"https:\/\/newsestlyonnais.fr\/site\/wp-content\/uploads\/2021\/09\/echauffement-avec-ballon-250x188.jpg 250w, https:\/\/newsestlyonnais.fr\/site\/wp-content\/uploads\/2021\/09\/echauffement-avec-ballon-400x300.jpg 400w, https:\/\/newsestlyonnais.fr\/site\/wp-content\/uploads\/2021\/09\/echauffement-avec-ballon-650x488.jpg 650w, https:\/\/newsestlyonnais.fr\/site\/wp-content\/uploads\/2021\/09\/echauffement-avec-ballon-768x577.jpg 768w, https:\/\/newsestlyonnais.fr\/site\/wp-content\/uploads\/2021\/09\/echauffement-avec-ballon-150x113.jpg 150w, https:\/\/newsestlyonnais.fr\/site\/wp-content\/uploads\/2021\/09\/echauffement-avec-ballon-50x38.jpg 50w, https:\/\/newsestlyonnais.fr\/site\/wp-content\/uploads\/2021\/09\/echauffement-avec-ballon-100x75.jpg 100w, https:\/\/newsestlyonnais.fr\/site\/wp-content\/uploads\/2021\/09\/echauffement-avec-ballon-200x150.jpg 200w, https:\/\/newsestlyonnais.fr\/site\/wp-content\/uploads\/2021\/09\/echauffement-avec-ballon-300x225.jpg 300w, https:\/\/newsestlyonnais.fr\/site\/wp-content\/uploads\/2021\/09\/echauffement-avec-ballon-350x263.jpg 350w, https:\/\/newsestlyonnais.fr\/site\/wp-content\/uploads\/2021\/09\/echauffement-avec-ballon-450x338.jpg 450w, https:\/\/newsestlyonnais.fr\/site\/wp-content\/uploads\/2021\/09\/echauffement-avec-ballon-500x375.jpg 500w, https:\/\/newsestlyonnais.fr\/site\/wp-content\/uploads\/2021\/09\/echauffement-avec-ballon-550x413.jpg 550w, https:\/\/newsestlyonnais.fr\/site\/wp-content\/uploads\/2021\/09\/echauffement-avec-ballon-800x601.jpg 800w, https:\/\/newsestlyonnais.fr\/site\/wp-content\/uploads\/2021\/09\/echauffement-avec-ballon.jpg 847w\" sizes=\"auto, (max-width: 150px) 100vw, 150px\" \/><\/a>\n\t\t\t<\/div>\n\t\t\t\t<figcaption class='wp-caption-text gallery-caption' id='gallery-1-137642'>\n\t\t\t\tEchauffement avec ballon\n\t\t\t\t<\/figcaption><\/figure>\n\t\t<\/div>\n\n<hr \/>\n<hr \/>\n<p>&nbsp;<\/p>\n<\/div>\n<\/div>\n<\/div>\n","protected":false},"excerpt":{"rendered":"<p>Mardi a eu lieu le premier entra\u00eenement pour les coll\u00e9giens de 6\u00b0, 5\u00b0, 4\u00b0 et 3\u00b0 de la section.<\/p>\n","protected":false},"author":4,"featured_media":137641,"comment_status":"open","ping_status":"open","sticky":false,"template":"","format":"standard","meta":{"footnotes":""},"categories":[171,2996,168,173,2,28],"tags":[3510,2033,2006],"class_list":["post-137634","post","type-post","status-publish","format-standard","has-post-thumbnail","hentry","category-enfance-jeunesse","category-football-rugby","category-rugby-a-xiii","category-scolaire","category-sports","category-vaulx-en-velin","tag-college","tag-rugby-a-xiii","tag-vaulx-en-velin"],"yoast_head":"<!-- This site is optimized with the Yoast SEO plugin v27.2 - https:\/\/yoast.com\/product\/yoast-seo-wordpress\/ -->\n<title>VAULX-EN-VELIN | Jour de rentr\u00e9e \u00e0 la section sportive Rugby \u00e0 XIII du coll\u00e8ge Aim\u00e9 C\u00e9saire - News Est Lyonnais<\/title>\n<meta name=\"description\" content=\"VAULX-EN-VELIN | Jour de rentr\u00e9e \u00e0 la section sportive Rugby \u00e0 XIII du coll\u00e8ge Aim\u00e9 C\u00e9saire\" \/>\n<meta name=\"robots\" content=\"index, follow, max-snippet:-1, max-image-preview:large, max-video-preview:-1\" \/>\n<link rel=\"canonical\" href=\"https:\/\/newsestlyonnais.fr\/site\/2021\/09\/09\/vaulx-en-velin-jour-de-rentree-a-la-section-sportive-rugby-a-xiii-du-college-aime-cesaire\/\" \/>\n<meta property=\"og:locale\" content=\"fr_FR\" \/>\n<meta property=\"og:type\" content=\"article\" \/>\n<meta property=\"og:title\" content=\"VAULX-EN-VELIN | Jour de rentr\u00e9e \u00e0 la section sportive Rugby \u00e0 XIII du coll\u00e8ge Aim\u00e9 C\u00e9saire - News Est Lyonnais\" \/>\n<meta property=\"og:description\" content=\"VAULX-EN-VELIN | Jour de rentr\u00e9e \u00e0 la section sportive Rugby \u00e0 XIII du coll\u00e8ge Aim\u00e9 C\u00e9saire\" \/>\n<meta property=\"og:url\" content=\"https:\/\/newsestlyonnais.fr\/site\/2021\/09\/09\/vaulx-en-velin-jour-de-rentree-a-la-section-sportive-rugby-a-xiii-du-college-aime-cesaire\/\" \/>\n<meta property=\"og:site_name\" content=\"News Est Lyonnais\" \/>\n<meta property=\"article:author\" content=\"https:\/\/www.facebook.com\/pascal.oberson.1?fref=ts\" \/>\n<meta property=\"article:published_time\" content=\"2021-09-09T07:04:57+00:00\" \/>\n<meta property=\"og:image\" content=\"https:\/\/i0.wp.com\/newsestlyonnais.fr\/site\/wp-content\/uploads\/2021\/09\/Le-groupe-de-collegiens-avec-Jacques-Cavezzan-et-Bertrand-Terrad-et-a-Droite-Sebastien-Aguerra.jpg?fit=847%2C636&ssl=1\" \/>\n\t<meta property=\"og:image:width\" content=\"847\" \/>\n\t<meta property=\"og:image:height\" content=\"636\" \/>\n\t<meta property=\"og:image:type\" content=\"image\/jpeg\" \/>\n<meta name=\"author\" content=\"R\u00e9dac. NEWS\" \/>\n<meta name=\"twitter:card\" content=\"summary_large_image\" \/>\n<meta name=\"twitter:label1\" content=\"\u00c9crit par\" \/>\n\t<meta name=\"twitter:data1\" content=\"R\u00e9dac. NEWS\" \/>\n\t<meta name=\"twitter:label2\" content=\"Dur\u00e9e de lecture estim\u00e9e\" \/>\n\t<meta name=\"twitter:data2\" content=\"1 minute\" \/>\n<script type=\"application\/ld+json\" class=\"yoast-schema-graph\">{\"@context\":\"https:\/\/schema.org\",\"@graph\":[{\"@type\":\"Article\",\"@id\":\"https:\/\/newsestlyonnais.fr\/site\/2021\/09\/09\/vaulx-en-velin-jour-de-rentree-a-la-section-sportive-rugby-a-xiii-du-college-aime-cesaire\/#article\",\"isPartOf\":{\"@id\":\"https:\/\/newsestlyonnais.fr\/site\/2021\/09\/09\/vaulx-en-velin-jour-de-rentree-a-la-section-sportive-rugby-a-xiii-du-college-aime-cesaire\/\"},\"author\":{\"name\":\"R\u00e9dac. NEWS\",\"@id\":\"https:\/\/newsestlyonnais.fr\/site\/#\/schema\/person\/3230d5615f390bb808365d673001e887\"},\"headline\":\"VAULX-EN-VELIN | Jour de rentr\u00e9e \u00e0 la section sportive Rugby \u00e0 XIII du coll\u00e8ge Aim\u00e9 C\u00e9saire\",\"datePublished\":\"2021-09-09T07:04:57+00:00\",\"mainEntityOfPage\":{\"@id\":\"https:\/\/newsestlyonnais.fr\/site\/2021\/09\/09\/vaulx-en-velin-jour-de-rentree-a-la-section-sportive-rugby-a-xiii-du-college-aime-cesaire\/\"},\"wordCount\":220,\"commentCount\":0,\"publisher\":{\"@id\":\"https:\/\/newsestlyonnais.fr\/site\/#organization\"},\"image\":{\"@id\":\"https:\/\/newsestlyonnais.fr\/site\/2021\/09\/09\/vaulx-en-velin-jour-de-rentree-a-la-section-sportive-rugby-a-xiii-du-college-aime-cesaire\/#primaryimage\"},\"thumbnailUrl\":\"https:\/\/newsestlyonnais.fr\/site\/wp-content\/uploads\/2021\/09\/Le-groupe-de-collegiens-avec-Jacques-Cavezzan-et-Bertrand-Terrad-et-a-Droite-Sebastien-Aguerra.jpg\",\"keywords\":[\"COLLEGE\",\"RUGBY A XIII\",\"VAULX EN VELIN\"],\"articleSection\":[\"Enfance | Jeunesse\",\"Foot | Rugby\",\"RUGBY \u00e0 XIII\",\"Scolaire\",\"Sports\",\"Vaulx-en-Velin\"],\"inLanguage\":\"fr-FR\",\"potentialAction\":[{\"@type\":\"CommentAction\",\"name\":\"Comment\",\"target\":[\"https:\/\/newsestlyonnais.fr\/site\/2021\/09\/09\/vaulx-en-velin-jour-de-rentree-a-la-section-sportive-rugby-a-xiii-du-college-aime-cesaire\/#respond\"]}]},{\"@type\":\"WebPage\",\"@id\":\"https:\/\/newsestlyonnais.fr\/site\/2021\/09\/09\/vaulx-en-velin-jour-de-rentree-a-la-section-sportive-rugby-a-xiii-du-college-aime-cesaire\/\",\"url\":\"https:\/\/newsestlyonnais.fr\/site\/2021\/09\/09\/vaulx-en-velin-jour-de-rentree-a-la-section-sportive-rugby-a-xiii-du-college-aime-cesaire\/\",\"name\":\"VAULX-EN-VELIN | Jour de rentr\u00e9e \u00e0 la section sportive Rugby \u00e0 XIII du coll\u00e8ge Aim\u00e9 C\u00e9saire - News Est Lyonnais\",\"isPartOf\":{\"@id\":\"https:\/\/newsestlyonnais.fr\/site\/#website\"},\"primaryImageOfPage\":{\"@id\":\"https:\/\/newsestlyonnais.fr\/site\/2021\/09\/09\/vaulx-en-velin-jour-de-rentree-a-la-section-sportive-rugby-a-xiii-du-college-aime-cesaire\/#primaryimage\"},\"image\":{\"@id\":\"https:\/\/newsestlyonnais.fr\/site\/2021\/09\/09\/vaulx-en-velin-jour-de-rentree-a-la-section-sportive-rugby-a-xiii-du-college-aime-cesaire\/#primaryimage\"},\"thumbnailUrl\":\"https:\/\/newsestlyonnais.fr\/site\/wp-content\/uploads\/2021\/09\/Le-groupe-de-collegiens-avec-Jacques-Cavezzan-et-Bertrand-Terrad-et-a-Droite-Sebastien-Aguerra.jpg\",\"datePublished\":\"2021-09-09T07:04:57+00:00\",\"description\":\"VAULX-EN-VELIN | Jour de rentr\u00e9e \u00e0 la section sportive Rugby \u00e0 XIII du coll\u00e8ge Aim\u00e9 C\u00e9saire\",\"breadcrumb\":{\"@id\":\"https:\/\/newsestlyonnais.fr\/site\/2021\/09\/09\/vaulx-en-velin-jour-de-rentree-a-la-section-sportive-rugby-a-xiii-du-college-aime-cesaire\/#breadcrumb\"},\"inLanguage\":\"fr-FR\",\"potentialAction\":[{\"@type\":\"ReadAction\",\"target\":[\"https:\/\/newsestlyonnais.fr\/site\/2021\/09\/09\/vaulx-en-velin-jour-de-rentree-a-la-section-sportive-rugby-a-xiii-du-college-aime-cesaire\/\"]}]},{\"@type\":\"ImageObject\",\"inLanguage\":\"fr-FR\",\"@id\":\"https:\/\/newsestlyonnais.fr\/site\/2021\/09\/09\/vaulx-en-velin-jour-de-rentree-a-la-section-sportive-rugby-a-xiii-du-college-aime-cesaire\/#primaryimage\",\"url\":\"https:\/\/newsestlyonnais.fr\/site\/wp-content\/uploads\/2021\/09\/Le-groupe-de-collegiens-avec-Jacques-Cavezzan-et-Bertrand-Terrad-et-a-Droite-Sebastien-Aguerra.jpg\",\"contentUrl\":\"https:\/\/newsestlyonnais.fr\/site\/wp-content\/uploads\/2021\/09\/Le-groupe-de-collegiens-avec-Jacques-Cavezzan-et-Bertrand-Terrad-et-a-Droite-Sebastien-Aguerra.jpg\",\"width\":847,\"height\":636},{\"@type\":\"BreadcrumbList\",\"@id\":\"https:\/\/newsestlyonnais.fr\/site\/2021\/09\/09\/vaulx-en-velin-jour-de-rentree-a-la-section-sportive-rugby-a-xiii-du-college-aime-cesaire\/#breadcrumb\",\"itemListElement\":[{\"@type\":\"ListItem\",\"position\":1,\"name\":\"Accueil\",\"item\":\"https:\/\/newsestlyonnais.fr\/site\/\"},{\"@type\":\"ListItem\",\"position\":2,\"name\":\"VAULX-EN-VELIN | Jour de rentr\u00e9e \u00e0 la section sportive Rugby \u00e0 XIII du coll\u00e8ge Aim\u00e9 C\u00e9saire\"}]},{\"@type\":\"WebSite\",\"@id\":\"https:\/\/newsestlyonnais.fr\/site\/#website\",\"url\":\"https:\/\/newsestlyonnais.fr\/site\/\",\"name\":\"News Est Lyonnais\",\"description\":\"L&#039;actualit\u00e9 au plus pr\u00e8s\",\"publisher\":{\"@id\":\"https:\/\/newsestlyonnais.fr\/site\/#organization\"},\"potentialAction\":[{\"@type\":\"SearchAction\",\"target\":{\"@type\":\"EntryPoint\",\"urlTemplate\":\"https:\/\/newsestlyonnais.fr\/site\/?s={search_term_string}\"},\"query-input\":{\"@type\":\"PropertyValueSpecification\",\"valueRequired\":true,\"valueName\":\"search_term_string\"}}],\"inLanguage\":\"fr-FR\"},{\"@type\":\"Organization\",\"@id\":\"https:\/\/newsestlyonnais.fr\/site\/#organization\",\"name\":\"News EST LYONNAIS\",\"url\":\"https:\/\/newsestlyonnais.fr\/site\/\",\"logo\":{\"@type\":\"ImageObject\",\"inLanguage\":\"fr-FR\",\"@id\":\"https:\/\/newsestlyonnais.fr\/site\/#\/schema\/logo\/image\/\",\"url\":\"\",\"contentUrl\":\"\",\"caption\":\"News EST LYONNAIS\"},\"image\":{\"@id\":\"https:\/\/newsestlyonnais.fr\/site\/#\/schema\/logo\/image\/\"}},{\"@type\":\"Person\",\"@id\":\"https:\/\/newsestlyonnais.fr\/site\/#\/schema\/person\/3230d5615f390bb808365d673001e887\",\"name\":\"R\u00e9dac. NEWS\",\"sameAs\":[\"http:\/\/www.newsestlyonnais.fr\",\"https:\/\/www.facebook.com\/pascal.oberson.1?fref=ts\",\"https:\/\/fr.linkedin.com\/in\/pascal-oberson-b17045113\"],\"url\":\"https:\/\/newsestlyonnais.fr\/site\/author\/nel\/\"}]}<\/script>\n<!-- \/ Yoast SEO plugin. -->","yoast_head_json":{"title":"VAULX-EN-VELIN | Jour de rentr\u00e9e \u00e0 la section sportive Rugby \u00e0 XIII du coll\u00e8ge Aim\u00e9 C\u00e9saire - News Est Lyonnais","description":"VAULX-EN-VELIN | Jour de rentr\u00e9e \u00e0 la section sportive Rugby \u00e0 XIII du coll\u00e8ge Aim\u00e9 C\u00e9saire","robots":{"index":"index","follow":"follow","max-snippet":"max-snippet:-1","max-image-preview":"max-image-preview:large","max-video-preview":"max-video-preview:-1"},"canonical":"https:\/\/newsestlyonnais.fr\/site\/2021\/09\/09\/vaulx-en-velin-jour-de-rentree-a-la-section-sportive-rugby-a-xiii-du-college-aime-cesaire\/","og_locale":"fr_FR","og_type":"article","og_title":"VAULX-EN-VELIN | Jour de rentr\u00e9e \u00e0 la section sportive Rugby \u00e0 XIII du coll\u00e8ge Aim\u00e9 C\u00e9saire - News Est Lyonnais","og_description":"VAULX-EN-VELIN | Jour de rentr\u00e9e \u00e0 la section sportive Rugby \u00e0 XIII du coll\u00e8ge Aim\u00e9 C\u00e9saire","og_url":"https:\/\/newsestlyonnais.fr\/site\/2021\/09\/09\/vaulx-en-velin-jour-de-rentree-a-la-section-sportive-rugby-a-xiii-du-college-aime-cesaire\/","og_site_name":"News Est Lyonnais","article_author":"https:\/\/www.facebook.com\/pascal.oberson.1?fref=ts","article_published_time":"2021-09-09T07:04:57+00:00","og_image":[{"width":847,"height":636,"url":"https:\/\/i0.wp.com\/newsestlyonnais.fr\/site\/wp-content\/uploads\/2021\/09\/Le-groupe-de-collegiens-avec-Jacques-Cavezzan-et-Bertrand-Terrad-et-a-Droite-Sebastien-Aguerra.jpg?fit=847%2C636&ssl=1","type":"image\/jpeg"}],"author":"R\u00e9dac. NEWS","twitter_card":"summary_large_image","twitter_misc":{"\u00c9crit par":"R\u00e9dac. NEWS","Dur\u00e9e de lecture estim\u00e9e":"1 minute"},"schema":{"@context":"https:\/\/schema.org","@graph":[{"@type":"Article","@id":"https:\/\/newsestlyonnais.fr\/site\/2021\/09\/09\/vaulx-en-velin-jour-de-rentree-a-la-section-sportive-rugby-a-xiii-du-college-aime-cesaire\/#article","isPartOf":{"@id":"https:\/\/newsestlyonnais.fr\/site\/2021\/09\/09\/vaulx-en-velin-jour-de-rentree-a-la-section-sportive-rugby-a-xiii-du-college-aime-cesaire\/"},"author":{"name":"R\u00e9dac. NEWS","@id":"https:\/\/newsestlyonnais.fr\/site\/#\/schema\/person\/3230d5615f390bb808365d673001e887"},"headline":"VAULX-EN-VELIN | Jour de rentr\u00e9e \u00e0 la section sportive Rugby \u00e0 XIII du coll\u00e8ge Aim\u00e9 C\u00e9saire","datePublished":"2021-09-09T07:04:57+00:00","mainEntityOfPage":{"@id":"https:\/\/newsestlyonnais.fr\/site\/2021\/09\/09\/vaulx-en-velin-jour-de-rentree-a-la-section-sportive-rugby-a-xiii-du-college-aime-cesaire\/"},"wordCount":220,"commentCount":0,"publisher":{"@id":"https:\/\/newsestlyonnais.fr\/site\/#organization"},"image":{"@id":"https:\/\/newsestlyonnais.fr\/site\/2021\/09\/09\/vaulx-en-velin-jour-de-rentree-a-la-section-sportive-rugby-a-xiii-du-college-aime-cesaire\/#primaryimage"},"thumbnailUrl":"https:\/\/newsestlyonnais.fr\/site\/wp-content\/uploads\/2021\/09\/Le-groupe-de-collegiens-avec-Jacques-Cavezzan-et-Bertrand-Terrad-et-a-Droite-Sebastien-Aguerra.jpg","keywords":["COLLEGE","RUGBY A XIII","VAULX EN VELIN"],"articleSection":["Enfance | Jeunesse","Foot | Rugby","RUGBY \u00e0 XIII","Scolaire","Sports","Vaulx-en-Velin"],"inLanguage":"fr-FR","potentialAction":[{"@type":"CommentAction","name":"Comment","target":["https:\/\/newsestlyonnais.fr\/site\/2021\/09\/09\/vaulx-en-velin-jour-de-rentree-a-la-section-sportive-rugby-a-xiii-du-college-aime-cesaire\/#respond"]}]},{"@type":"WebPage","@id":"https:\/\/newsestlyonnais.fr\/site\/2021\/09\/09\/vaulx-en-velin-jour-de-rentree-a-la-section-sportive-rugby-a-xiii-du-college-aime-cesaire\/","url":"https:\/\/newsestlyonnais.fr\/site\/2021\/09\/09\/vaulx-en-velin-jour-de-rentree-a-la-section-sportive-rugby-a-xiii-du-college-aime-cesaire\/","name":"VAULX-EN-VELIN | Jour de rentr\u00e9e \u00e0 la section sportive Rugby \u00e0 XIII du coll\u00e8ge Aim\u00e9 C\u00e9saire - News Est Lyonnais","isPartOf":{"@id":"https:\/\/newsestlyonnais.fr\/site\/#website"},"primaryImageOfPage":{"@id":"https:\/\/newsestlyonnais.fr\/site\/2021\/09\/09\/vaulx-en-velin-jour-de-rentree-a-la-section-sportive-rugby-a-xiii-du-college-aime-cesaire\/#primaryimage"},"image":{"@id":"https:\/\/newsestlyonnais.fr\/site\/2021\/09\/09\/vaulx-en-velin-jour-de-rentree-a-la-section-sportive-rugby-a-xiii-du-college-aime-cesaire\/#primaryimage"},"thumbnailUrl":"https:\/\/newsestlyonnais.fr\/site\/wp-content\/uploads\/2021\/09\/Le-groupe-de-collegiens-avec-Jacques-Cavezzan-et-Bertrand-Terrad-et-a-Droite-Sebastien-Aguerra.jpg","datePublished":"2021-09-09T07:04:57+00:00","description":"VAULX-EN-VELIN | Jour de rentr\u00e9e \u00e0 la section sportive Rugby \u00e0 XIII du coll\u00e8ge Aim\u00e9 C\u00e9saire","breadcrumb":{"@id":"https:\/\/newsestlyonnais.fr\/site\/2021\/09\/09\/vaulx-en-velin-jour-de-rentree-a-la-section-sportive-rugby-a-xiii-du-college-aime-cesaire\/#breadcrumb"},"inLanguage":"fr-FR","potentialAction":[{"@type":"ReadAction","target":["https:\/\/newsestlyonnais.fr\/site\/2021\/09\/09\/vaulx-en-velin-jour-de-rentree-a-la-section-sportive-rugby-a-xiii-du-college-aime-cesaire\/"]}]},{"@type":"ImageObject","inLanguage":"fr-FR","@id":"https:\/\/newsestlyonnais.fr\/site\/2021\/09\/09\/vaulx-en-velin-jour-de-rentree-a-la-section-sportive-rugby-a-xiii-du-college-aime-cesaire\/#primaryimage","url":"https:\/\/newsestlyonnais.fr\/site\/wp-content\/uploads\/2021\/09\/Le-groupe-de-collegiens-avec-Jacques-Cavezzan-et-Bertrand-Terrad-et-a-Droite-Sebastien-Aguerra.jpg","contentUrl":"https:\/\/newsestlyonnais.fr\/site\/wp-content\/uploads\/2021\/09\/Le-groupe-de-collegiens-avec-Jacques-Cavezzan-et-Bertrand-Terrad-et-a-Droite-Sebastien-Aguerra.jpg","width":847,"height":636},{"@type":"BreadcrumbList","@id":"https:\/\/newsestlyonnais.fr\/site\/2021\/09\/09\/vaulx-en-velin-jour-de-rentree-a-la-section-sportive-rugby-a-xiii-du-college-aime-cesaire\/#breadcrumb","itemListElement":[{"@type":"ListItem","position":1,"name":"Accueil","item":"https:\/\/newsestlyonnais.fr\/site\/"},{"@type":"ListItem","position":2,"name":"VAULX-EN-VELIN | Jour de rentr\u00e9e \u00e0 la section sportive Rugby \u00e0 XIII du coll\u00e8ge Aim\u00e9 C\u00e9saire"}]},{"@type":"WebSite","@id":"https:\/\/newsestlyonnais.fr\/site\/#website","url":"https:\/\/newsestlyonnais.fr\/site\/","name":"News Est Lyonnais","description":"L&#039;actualit\u00e9 au plus pr\u00e8s","publisher":{"@id":"https:\/\/newsestlyonnais.fr\/site\/#organization"},"potentialAction":[{"@type":"SearchAction","target":{"@type":"EntryPoint","urlTemplate":"https:\/\/newsestlyonnais.fr\/site\/?s={search_term_string}"},"query-input":{"@type":"PropertyValueSpecification","valueRequired":true,"valueName":"search_term_string"}}],"inLanguage":"fr-FR"},{"@type":"Organization","@id":"https:\/\/newsestlyonnais.fr\/site\/#organization","name":"News EST LYONNAIS","url":"https:\/\/newsestlyonnais.fr\/site\/","logo":{"@type":"ImageObject","inLanguage":"fr-FR","@id":"https:\/\/newsestlyonnais.fr\/site\/#\/schema\/logo\/image\/","url":"","contentUrl":"","caption":"News EST LYONNAIS"},"image":{"@id":"https:\/\/newsestlyonnais.fr\/site\/#\/schema\/logo\/image\/"}},{"@type":"Person","@id":"https:\/\/newsestlyonnais.fr\/site\/#\/schema\/person\/3230d5615f390bb808365d673001e887","name":"R\u00e9dac. NEWS","sameAs":["http:\/\/www.newsestlyonnais.fr","https:\/\/www.facebook.com\/pascal.oberson.1?fref=ts","https:\/\/fr.linkedin.com\/in\/pascal-oberson-b17045113"],"url":"https:\/\/newsestlyonnais.fr\/site\/author\/nel\/"}]}},"_links":{"self":[{"href":"https:\/\/newsestlyonnais.fr\/site\/wp-json\/wp\/v2\/posts\/137634","targetHints":{"allow":["GET"]}}],"collection":[{"href":"https:\/\/newsestlyonnais.fr\/site\/wp-json\/wp\/v2\/posts"}],"about":[{"href":"https:\/\/newsestlyonnais.fr\/site\/wp-json\/wp\/v2\/types\/post"}],"author":[{"embeddable":true,"href":"https:\/\/newsestlyonnais.fr\/site\/wp-json\/wp\/v2\/users\/4"}],"replies":[{"embeddable":true,"href":"https:\/\/newsestlyonnais.fr\/site\/wp-json\/wp\/v2\/comments?post=137634"}],"version-history":[{"count":0,"href":"https:\/\/newsestlyonnais.fr\/site\/wp-json\/wp\/v2\/posts\/137634\/revisions"}],"wp:featuredmedia":[{"embeddable":true,"href":"https:\/\/newsestlyonnais.fr\/site\/wp-json\/wp\/v2\/media\/137641"}],"wp:attachment":[{"href":"https:\/\/newsestlyonnais.fr\/site\/wp-json\/wp\/v2\/media?parent=137634"}],"wp:term":[{"taxonomy":"category","embeddable":true,"href":"https:\/\/newsestlyonnais.fr\/site\/wp-json\/wp\/v2\/categories?post=137634"},{"taxonomy":"post_tag","embeddable":true,"href":"https:\/\/newsestlyonnais.fr\/site\/wp-json\/wp\/v2\/tags?post=137634"}],"curies":[{"name":"wp","href":"https:\/\/api.w.org\/{rel}","templated":true}]}}