{"id":137758,"date":"2021-09-10T07:30:34","date_gmt":"2021-09-10T06:30:34","guid":{"rendered":"https:\/\/newsestlyonnais.fr\/site\/?p=137758"},"modified":"2021-09-10T07:32:30","modified_gmt":"2021-09-10T06:32:30","slug":"genas-la-ville-se-dote-dun-clspd","status":"publish","type":"post","link":"https:\/\/newsestlyonnais.fr\/site\/2021\/09\/10\/genas-la-ville-se-dote-dun-clspd\/","title":{"rendered":"GENAS | La Ville se dote d&rsquo;un CLSPD"},"content":{"rendered":"<p><span id=\"page56R_mcid10\" class=\"markedContent\"><span dir=\"ltr\" role=\"presentation\">Ceci en pr\u00e9sence de l\u2019ensemble des<\/span> <span dir=\"ltr\" role=\"presentation\">parties prenantes du dispositif : <\/span><\/span><\/p>\n<ul>\n<li><span id=\"page56R_mcid10\" class=\"markedContent\"><span dir=\"ltr\" role=\"presentation\">Pr\u00e9fet d\u00e9l\u00e9gu\u00e9 pour la<\/span> <span dir=\"ltr\" role=\"presentation\">d\u00e9fense et la s\u00e9curit\u00e9<\/span><\/span><\/li>\n<li><span id=\"page56R_mcid10\" class=\"markedContent\"><span dir=\"ltr\" role=\"presentation\">Procureur de la R\u00e9publique de Lyon<\/span><\/span><\/li>\n<li><span id=\"page56R_mcid10\" class=\"markedContent\"><span dir=\"ltr\" role=\"presentation\">Gendarmerie nationale<\/span><\/span><\/li>\n<li><span id=\"page56R_mcid10\" class=\"markedContent\"><span dir=\"ltr\" role=\"presentation\">Conseil d\u00e9partemental du Rh\u00f4ne<\/span><\/span><\/li>\n<li><span id=\"page56R_mcid10\" class=\"markedContent\"><span dir=\"ltr\" role=\"presentation\">Direction d\u00e9partementale de la Protection judiciaire de la<\/span> <span dir=\"ltr\" role=\"presentation\">Jeunesse<\/span><\/span><\/li>\n<li><span id=\"page56R_mcid10\" class=\"markedContent\"><span dir=\"ltr\" role=\"presentation\">Direction acad\u00e9mique des services de l\u2019\u00c9ducation<\/span> <span dir=\"ltr\" role=\"presentation\">nationale<\/span><\/span><\/li>\n<li><span id=\"page56R_mcid10\" class=\"markedContent\"><span dir=\"ltr\" role=\"presentation\">Directeur du coll\u00e8ge priv\u00e9 Jeanne d\u2019Arc<\/span><\/span><\/li>\n<li><span id=\"page56R_mcid10\" class=\"markedContent\"><span dir=\"ltr\" role=\"presentation\">Sytral<\/span><\/span><\/li>\n<li><span id=\"page56R_mcid10\" class=\"markedContent\"><span dir=\"ltr\" role=\"presentation\">S<\/span><span dir=\"ltr\" role=\"presentation\">ervices communaux<\/span><\/span><\/li>\n<li><span id=\"page56R_mcid10\" class=\"markedContent\"><span dir=\"ltr\" role=\"presentation\">Centre Communal d\u2019Action Sociale<\/span><\/span><span id=\"page56R_mcid12\" class=\"markedContent\"><\/span><\/li>\n<\/ul>\n<p><span id=\"page56R_mcid12\" class=\"markedContent\"><span dir=\"ltr\" role=\"presentation\">Rendue<\/span> <span dir=\"ltr\" role=\"presentation\">possible<\/span> <span dir=\"ltr\" role=\"presentation\">par<\/span> <span dir=\"ltr\" role=\"presentation\">la<\/span> <span dir=\"ltr\" role=\"presentation\">loi<\/span> <span dir=\"ltr\" role=\"presentation\">n<\/span><span dir=\"ltr\" role=\"presentation\">\u00b0<\/span><span dir=\"ltr\" role=\"presentation\">2007-297<\/span> <span dir=\"ltr\" role=\"presentation\">du<\/span> <span dir=\"ltr\" role=\"presentation\">5<\/span> <span dir=\"ltr\" role=\"presentation\">mars<\/span> <span dir=\"ltr\" role=\"presentation\">2007<\/span> <span dir=\"ltr\" role=\"presentation\">relative<\/span> <span dir=\"ltr\" role=\"presentation\">\u00e0<\/span> <span dir=\"ltr\" role=\"presentation\">la<\/span> <span dir=\"ltr\" role=\"presentation\">pr\u00e9vention<\/span> <span dir=\"ltr\" role=\"presentation\">de<\/span> <span dir=\"ltr\" role=\"presentation\">la<\/span> <span dir=\"ltr\" role=\"presentation\">d\u00e9linquance,<\/span> <strong><span dir=\"ltr\" role=\"presentation\">la<\/span> <span dir=\"ltr\" role=\"presentation\">cr\u00e9ation<\/span> <span dir=\"ltr\" role=\"presentation\">d\u2019un<\/span> <span dir=\"ltr\" role=\"presentation\">Conseil<\/span> <span dir=\"ltr\" role=\"presentation\">Local<\/span> <span dir=\"ltr\" role=\"presentation\">de <\/span><\/strong><strong><span dir=\"ltr\" role=\"presentation\">S\u00e9curit\u00e9<\/span> <span dir=\"ltr\" role=\"presentation\">et<\/span> <span dir=\"ltr\" role=\"presentation\">de<\/span> <span dir=\"ltr\" role=\"presentation\">Pr\u00e9vention<\/span> <span dir=\"ltr\" role=\"presentation\">de<\/span> <span dir=\"ltr\" role=\"presentation\">la<\/span> <span dir=\"ltr\" role=\"presentation\">D\u00e9linquance<\/span> <span dir=\"ltr\" role=\"presentation\">\u00e0<\/span> <span dir=\"ltr\" role=\"presentation\">Genas<\/span> <span dir=\"ltr\" role=\"presentation\">vise<\/span> <span dir=\"ltr\" role=\"presentation\">\u00e0<\/span> <span dir=\"ltr\" role=\"presentation\">renforcer<\/span> <span dir=\"ltr\" role=\"presentation\">l\u2019action<\/span> <span dir=\"ltr\" role=\"presentation\">de<\/span> <span dir=\"ltr\" role=\"presentation\">la<\/span> <span dir=\"ltr\" role=\"presentation\">commune<\/span> <span dir=\"ltr\" role=\"presentation\">et<\/span> <span dir=\"ltr\" role=\"presentation\">de<\/span> <span dir=\"ltr\" role=\"presentation\">mieux<\/span> <span dir=\"ltr\" role=\"presentation\">coordonner<\/span> <span dir=\"ltr\" role=\"presentation\">les<\/span> <span dir=\"ltr\" role=\"presentation\">mesures de lutte contre l\u2019ins\u00e9curit\u00e9. <\/span><\/strong><\/span><\/p>\n<p><span id=\"page56R_mcid14\" class=\"markedContent\"><span dir=\"ltr\" role=\"presentation\">Pr\u00e9sid\u00e9e par Daniel Val\u00e9ro, maire de Genas, <strong>cette instance favorise<\/strong><\/span><strong> <span dir=\"ltr\" role=\"presentation\">la<\/span> <span dir=\"ltr\" role=\"presentation\">concertation<\/span> <span dir=\"ltr\" role=\"presentation\">et<\/span> <span dir=\"ltr\" role=\"presentation\">l\u2019\u00e9change <\/span><\/strong><span dir=\"ltr\" role=\"presentation\"><strong>d\u2019informations<\/strong>. <\/span><\/span><span id=\"page56R_mcid14\" class=\"markedContent\"><span dir=\"ltr\" role=\"presentation\">Compos\u00e9e<\/span> <span dir=\"ltr\" role=\"presentation\">d\u2019\u00e9lus<\/span> <span dir=\"ltr\" role=\"presentation\">d\u00e9sign\u00e9s<\/span> <span dir=\"ltr\" role=\"presentation\">par<\/span> <span dir=\"ltr\" role=\"presentation\">le<\/span> <span dir=\"ltr\" role=\"presentation\">maire,<\/span> <span dir=\"ltr\" role=\"presentation\">de<\/span> <span dir=\"ltr\" role=\"presentation\">repr\u00e9sentants<\/span> <span dir=\"ltr\" role=\"presentation\">des<\/span> <span dir=\"ltr\" role=\"presentation\">services<\/span> <span dir=\"ltr\" role=\"presentation\">de<\/span> <span dir=\"ltr\" role=\"presentation\">l\u2019\u00c9tat<\/span> <span dir=\"ltr\" role=\"presentation\">(police,<\/span> <span dir=\"ltr\" role=\"presentation\">gendarmerie&#8230;),<\/span> <span dir=\"ltr\" role=\"presentation\">des<\/span> <span dir=\"ltr\" role=\"presentation\">services<\/span> <span dir=\"ltr\" role=\"presentation\">sociaux<\/span> <span dir=\"ltr\" role=\"presentation\">et<\/span> <span dir=\"ltr\" role=\"presentation\">des<\/span> <span dir=\"ltr\" role=\"presentation\">associations,<\/span> <span dir=\"ltr\" role=\"presentation\">elle<\/span> <span dir=\"ltr\" role=\"presentation\">a<\/span> <span dir=\"ltr\" role=\"presentation\">pour<\/span> <span dir=\"ltr\" role=\"presentation\">objectif<\/span> <span dir=\"ltr\" role=\"presentation\">de<\/span> <span dir=\"ltr\" role=\"presentation\">d\u00e9finir<\/span> <span dir=\"ltr\" role=\"presentation\">une<\/span> <span dir=\"ltr\" role=\"presentation\">strat\u00e9gie<\/span> <span dir=\"ltr\" role=\"presentation\">commune<\/span> <span dir=\"ltr\" role=\"presentation\">au<\/span> <span dir=\"ltr\" role=\"presentation\">niveau<\/span> <span dir=\"ltr\" role=\"presentation\">local<\/span> <span dir=\"ltr\" role=\"presentation\">avec<\/span> <span dir=\"ltr\" role=\"presentation\">l\u2019aide<\/span> <span dir=\"ltr\" role=\"presentation\">et<\/span> <span dir=\"ltr\" role=\"presentation\">le<\/span> <span dir=\"ltr\" role=\"presentation\">soutien<\/span> <span dir=\"ltr\" role=\"presentation\">des<\/span> <span dir=\"ltr\" role=\"presentation\">partenaires<\/span> <span dir=\"ltr\" role=\"presentation\">;<\/span> <span dir=\"ltr\" role=\"presentation\">de<\/span> <span dir=\"ltr\" role=\"presentation\">coordonner<\/span> <span dir=\"ltr\" role=\"presentation\">les<\/span> <span dir=\"ltr\" role=\"presentation\">actions<\/span> <span dir=\"ltr\" role=\"presentation\">de<\/span> <span dir=\"ltr\" role=\"presentation\">s\u00e9curit\u00e9<\/span> <span dir=\"ltr\" role=\"presentation\">et<\/span> <span dir=\"ltr\" role=\"presentation\">de<\/span> <span dir=\"ltr\" role=\"presentation\">pr\u00e9vention<\/span> <span dir=\"ltr\" role=\"presentation\">de<\/span> <span dir=\"ltr\" role=\"presentation\">la<\/span> <span dir=\"ltr\" role=\"presentation\">d\u00e9linquance<\/span> <span dir=\"ltr\" role=\"presentation\">;<\/span> <span dir=\"ltr\" role=\"presentation\">de<\/span> <span dir=\"ltr\" role=\"presentation\">co-<\/span><span dir=\"ltr\" role=\"presentation\">construire<\/span> <span dir=\"ltr\" role=\"presentation\">des<\/span> <span dir=\"ltr\" role=\"presentation\">actions<\/span> <span dir=\"ltr\" role=\"presentation\">communes,<\/span> <span dir=\"ltr\" role=\"presentation\">concr\u00e8tes<\/span> <span dir=\"ltr\" role=\"presentation\">et<\/span> <span dir=\"ltr\" role=\"presentation\">pertinentes,<\/span> <span dir=\"ltr\" role=\"presentation\">de<\/span> <span dir=\"ltr\" role=\"presentation\">les<\/span> <span dir=\"ltr\" role=\"presentation\">suivre<\/span> <span dir=\"ltr\" role=\"presentation\">et<\/span> <span dir=\"ltr\" role=\"presentation\">de<\/span> <span dir=\"ltr\" role=\"presentation\">les<\/span> <span dir=\"ltr\" role=\"presentation\">\u00e9valuer<\/span> <span dir=\"ltr\" role=\"presentation\">r\u00e9guli\u00e8rement.<\/span> <span dir=\"ltr\" role=\"presentation\">Un<\/span> <span dir=\"ltr\" role=\"presentation\">repr\u00e9sentant<\/span> <span dir=\"ltr\" role=\"presentation\">de<\/span> <span dir=\"ltr\" role=\"presentation\">la<\/span> <span dir=\"ltr\" role=\"presentation\">pr\u00e9fecture<\/span> <span dir=\"ltr\" role=\"presentation\">du<\/span> <span dir=\"ltr\" role=\"presentation\">Rh\u00f4ne<\/span> <span dir=\"ltr\" role=\"presentation\">et<\/span> <span dir=\"ltr\" role=\"presentation\">du<\/span> <span dir=\"ltr\" role=\"presentation\">procureur<\/span> <span dir=\"ltr\" role=\"presentation\">de<\/span> <span dir=\"ltr\" role=\"presentation\">la<\/span> <span dir=\"ltr\" role=\"presentation\">R\u00e9publique<\/span> <span dir=\"ltr\" role=\"presentation\">participent <\/span><span dir=\"ltr\" role=\"presentation\">\u00e9galement aux discussions. <\/span><\/span><\/p>\n<p><strong><span id=\"page56R_mcid16\" class=\"markedContent\"><span dir=\"ltr\" role=\"presentation\">Tout l\u2019enjeu du CLSPD est de croiser les regards et les exp\u00e9riences,<\/span> <span dir=\"ltr\" role=\"presentation\">et<\/span> <span dir=\"ltr\" role=\"presentation\">de<\/span> <span dir=\"ltr\" role=\"presentation\">s\u2019appuyer<\/span> <span dir=\"ltr\" role=\"presentation\">sur<\/span> <span dir=\"ltr\" role=\"presentation\">la<\/span> <span dir=\"ltr\" role=\"presentation\">compl\u00e9mentarit\u00e9<\/span> <span dir=\"ltr\" role=\"presentation\">des<\/span> <span dir=\"ltr\" role=\"presentation\">comp\u00e9tences<\/span> <span dir=\"ltr\" role=\"presentation\">pour<\/span> <span dir=\"ltr\" role=\"presentation\">mettre en place des solutions originales et pragmatiques.<\/span><\/span><\/strong><\/p>\n<hr \/>\n<p><span id=\"page1R_mcid7\" class=\"markedContent\"><span dir=\"ltr\" role=\"presentation\">Pour<\/span> <span dir=\"ltr\" role=\"presentation\">ce<\/span> <span dir=\"ltr\" role=\"presentation\">faire,<\/span> <span dir=\"ltr\" role=\"presentation\">le<\/span> <span dir=\"ltr\" role=\"presentation\">CLSPD<\/span> <span dir=\"ltr\" role=\"presentation\">se<\/span> <span dir=\"ltr\" role=\"presentation\">r\u00e9unit<\/span> <span dir=\"ltr\" role=\"presentation\">en<\/span> <span dir=\"ltr\" role=\"presentation\">formation<\/span> <span dir=\"ltr\" role=\"presentation\">pl\u00e9ni\u00e8re,<\/span> <span dir=\"ltr\" role=\"presentation\">au<\/span> <span dir=\"ltr\" role=\"presentation\">moins<\/span> <span dir=\"ltr\" role=\"presentation\">une<\/span> <span dir=\"ltr\" role=\"presentation\">fois<\/span> <span dir=\"ltr\" role=\"presentation\">par<\/span> <span dir=\"ltr\" role=\"presentation\">an,<\/span> <span dir=\"ltr\" role=\"presentation\">compl\u00e9t\u00e9e<\/span> <span dir=\"ltr\" role=\"presentation\">par<\/span> <span dir=\"ltr\" role=\"presentation\">des<\/span> <span dir=\"ltr\" role=\"presentation\">rendez-vous<\/span> <span dir=\"ltr\" role=\"presentation\">op\u00e9rationnels<\/span> <span dir=\"ltr\" role=\"presentation\">s\u2019effectuant<\/span> <span dir=\"ltr\" role=\"presentation\">au<\/span> <span dir=\"ltr\" role=\"presentation\">moins<\/span> <span dir=\"ltr\" role=\"presentation\">trois<\/span> <span dir=\"ltr\" role=\"presentation\">fois<\/span> <span dir=\"ltr\" role=\"presentation\">par<\/span> <span dir=\"ltr\" role=\"presentation\">an<\/span> <span dir=\"ltr\" role=\"presentation\">au<\/span> <span dir=\"ltr\" role=\"presentation\">sein<\/span> <span dir=\"ltr\" role=\"presentation\">de groupes de travail r\u00e9unissant les partenaires concern\u00e9s par<\/span> <span dir=\"ltr\" role=\"presentation\">une th\u00e9matique ou une situation individuelle. <\/span><\/span><span id=\"page1R_mcid9\" class=\"markedContent\"><span dir=\"ltr\" role=\"presentation\">Ce<\/span> <span dir=\"ltr\" role=\"presentation\">mode<\/span> <span dir=\"ltr\" role=\"presentation\">de<\/span> <span dir=\"ltr\" role=\"presentation\">fonctionnement<\/span> <span dir=\"ltr\" role=\"presentation\">permet<\/span> <span dir=\"ltr\" role=\"presentation\">une<\/span> <span dir=\"ltr\" role=\"presentation\">plus<\/span> <span dir=\"ltr\" role=\"presentation\">grande<\/span> <span dir=\"ltr\" role=\"presentation\">r\u00e9activit\u00e9<\/span> <span dir=\"ltr\" role=\"presentation\">et<\/span> <span dir=\"ltr\" role=\"presentation\">proximit\u00e9<\/span> <span dir=\"ltr\" role=\"presentation\">avec<\/span> <span dir=\"ltr\" role=\"presentation\">les<\/span> <span dir=\"ltr\" role=\"presentation\">administr\u00e9s<\/span> <span dir=\"ltr\" role=\"presentation\">et<\/span> <span dir=\"ltr\" role=\"presentation\">leurs<\/span><br role=\"presentation\" \/><span dir=\"ltr\" role=\"presentation\">difficult\u00e9s.<\/span><\/span><\/p>\n<hr \/>\n<ul>\n<li><em><strong>Source : communiqu\u00e9 de la Ville de Genas du 9 septembre 2021.<\/strong><\/em><\/li>\n<\/ul>\n<hr \/>\n<hr \/>\n<p>&nbsp;<\/p>\n","protected":false},"excerpt":{"rendered":"<p>Ce mardi a \u00e9t\u00e9 officialis\u00e9 la mise en place de ce Conseil Local de S\u00e9curit\u00e9 et de Pr\u00e9vention de la D\u00e9linquance. <\/p>\n","protected":false},"author":4,"featured_media":84784,"comment_status":"open","ping_status":"open","sticky":false,"template":"","format":"standard","meta":{"footnotes":""},"categories":[2217,270,1598,1753],"tags":[3881,2005],"class_list":["post-137758","post","type-post","status-publish","format-standard","has-post-thumbnail","hentry","category-breves-de-lest-lyonnais","category-cte-de-communes-c-c-e-l","category-genas","category-secours-securite","tag-clspd","tag-genas"],"yoast_head":"<!-- This site is optimized with the Yoast SEO plugin v27.2 - https:\/\/yoast.com\/product\/yoast-seo-wordpress\/ -->\n<title>GENAS | La Ville se dote d&#039;un CLSPD - News Est Lyonnais<\/title>\n<meta name=\"description\" content=\"GENAS | La Ville se dote d&#039;un CLSPD\" \/>\n<meta name=\"robots\" content=\"index, follow, max-snippet:-1, max-image-preview:large, max-video-preview:-1\" \/>\n<link rel=\"canonical\" href=\"https:\/\/newsestlyonnais.fr\/site\/2021\/09\/10\/genas-la-ville-se-dote-dun-clspd\/\" \/>\n<meta property=\"og:locale\" content=\"fr_FR\" \/>\n<meta property=\"og:type\" content=\"article\" \/>\n<meta property=\"og:title\" content=\"GENAS | La Ville se dote d&#039;un CLSPD - News Est Lyonnais\" \/>\n<meta property=\"og:description\" content=\"GENAS | La Ville se dote d&#039;un CLSPD\" \/>\n<meta property=\"og:url\" content=\"https:\/\/newsestlyonnais.fr\/site\/2021\/09\/10\/genas-la-ville-se-dote-dun-clspd\/\" \/>\n<meta property=\"og:site_name\" content=\"News Est Lyonnais\" \/>\n<meta property=\"article:author\" content=\"https:\/\/www.facebook.com\/pascal.oberson.1?fref=ts\" \/>\n<meta property=\"article:published_time\" content=\"2021-09-10T06:30:34+00:00\" \/>\n<meta property=\"article:modified_time\" content=\"2021-09-10T06:32:30+00:00\" \/>\n<meta property=\"og:image\" content=\"https:\/\/i2.wp.com\/newsestlyonnais.fr\/site\/wp-content\/uploads\/2019\/10\/NEWSESTLYONNAIS-HV-GENAS.jpg?fit=445%2C250&ssl=1\" \/>\n\t<meta property=\"og:image:width\" content=\"445\" \/>\n\t<meta property=\"og:image:height\" content=\"250\" \/>\n\t<meta property=\"og:image:type\" content=\"image\/jpeg\" \/>\n<meta name=\"author\" content=\"R\u00e9dac. NEWS\" \/>\n<meta name=\"twitter:card\" content=\"summary_large_image\" \/>\n<meta name=\"twitter:label1\" content=\"\u00c9crit par\" \/>\n\t<meta name=\"twitter:data1\" content=\"R\u00e9dac. NEWS\" \/>\n\t<meta name=\"twitter:label2\" content=\"Dur\u00e9e de lecture estim\u00e9e\" \/>\n\t<meta name=\"twitter:data2\" content=\"2 minutes\" \/>\n<script type=\"application\/ld+json\" class=\"yoast-schema-graph\">{\"@context\":\"https:\/\/schema.org\",\"@graph\":[{\"@type\":\"Article\",\"@id\":\"https:\/\/newsestlyonnais.fr\/site\/2021\/09\/10\/genas-la-ville-se-dote-dun-clspd\/#article\",\"isPartOf\":{\"@id\":\"https:\/\/newsestlyonnais.fr\/site\/2021\/09\/10\/genas-la-ville-se-dote-dun-clspd\/\"},\"author\":{\"name\":\"R\u00e9dac. NEWS\",\"@id\":\"https:\/\/newsestlyonnais.fr\/site\/#\/schema\/person\/3230d5615f390bb808365d673001e887\"},\"headline\":\"GENAS | La Ville se dote d&rsquo;un CLSPD\",\"datePublished\":\"2021-09-10T06:30:34+00:00\",\"dateModified\":\"2021-09-10T06:32:30+00:00\",\"mainEntityOfPage\":{\"@id\":\"https:\/\/newsestlyonnais.fr\/site\/2021\/09\/10\/genas-la-ville-se-dote-dun-clspd\/\"},\"wordCount\":382,\"commentCount\":0,\"publisher\":{\"@id\":\"https:\/\/newsestlyonnais.fr\/site\/#organization\"},\"image\":{\"@id\":\"https:\/\/newsestlyonnais.fr\/site\/2021\/09\/10\/genas-la-ville-se-dote-dun-clspd\/#primaryimage\"},\"thumbnailUrl\":\"https:\/\/newsestlyonnais.fr\/site\/wp-content\/uploads\/2019\/10\/NEWSESTLYONNAIS-HV-GENAS.jpg\",\"keywords\":[\"CLSPD\",\"GENAS\"],\"articleSection\":[\"Br\u00e8ves de l'Est lyonnais\",\"CCEL | Communes\",\"Genas\",\"Secours | S\u00e9curit\u00e9\"],\"inLanguage\":\"fr-FR\",\"potentialAction\":[{\"@type\":\"CommentAction\",\"name\":\"Comment\",\"target\":[\"https:\/\/newsestlyonnais.fr\/site\/2021\/09\/10\/genas-la-ville-se-dote-dun-clspd\/#respond\"]}]},{\"@type\":\"WebPage\",\"@id\":\"https:\/\/newsestlyonnais.fr\/site\/2021\/09\/10\/genas-la-ville-se-dote-dun-clspd\/\",\"url\":\"https:\/\/newsestlyonnais.fr\/site\/2021\/09\/10\/genas-la-ville-se-dote-dun-clspd\/\",\"name\":\"GENAS | La Ville se dote d'un CLSPD - News Est Lyonnais\",\"isPartOf\":{\"@id\":\"https:\/\/newsestlyonnais.fr\/site\/#website\"},\"primaryImageOfPage\":{\"@id\":\"https:\/\/newsestlyonnais.fr\/site\/2021\/09\/10\/genas-la-ville-se-dote-dun-clspd\/#primaryimage\"},\"image\":{\"@id\":\"https:\/\/newsestlyonnais.fr\/site\/2021\/09\/10\/genas-la-ville-se-dote-dun-clspd\/#primaryimage\"},\"thumbnailUrl\":\"https:\/\/newsestlyonnais.fr\/site\/wp-content\/uploads\/2019\/10\/NEWSESTLYONNAIS-HV-GENAS.jpg\",\"datePublished\":\"2021-09-10T06:30:34+00:00\",\"dateModified\":\"2021-09-10T06:32:30+00:00\",\"description\":\"GENAS | La Ville se dote d'un CLSPD\",\"breadcrumb\":{\"@id\":\"https:\/\/newsestlyonnais.fr\/site\/2021\/09\/10\/genas-la-ville-se-dote-dun-clspd\/#breadcrumb\"},\"inLanguage\":\"fr-FR\",\"potentialAction\":[{\"@type\":\"ReadAction\",\"target\":[\"https:\/\/newsestlyonnais.fr\/site\/2021\/09\/10\/genas-la-ville-se-dote-dun-clspd\/\"]}]},{\"@type\":\"ImageObject\",\"inLanguage\":\"fr-FR\",\"@id\":\"https:\/\/newsestlyonnais.fr\/site\/2021\/09\/10\/genas-la-ville-se-dote-dun-clspd\/#primaryimage\",\"url\":\"https:\/\/newsestlyonnais.fr\/site\/wp-content\/uploads\/2019\/10\/NEWSESTLYONNAIS-HV-GENAS.jpg\",\"contentUrl\":\"https:\/\/newsestlyonnais.fr\/site\/wp-content\/uploads\/2019\/10\/NEWSESTLYONNAIS-HV-GENAS.jpg\",\"width\":445,\"height\":250},{\"@type\":\"BreadcrumbList\",\"@id\":\"https:\/\/newsestlyonnais.fr\/site\/2021\/09\/10\/genas-la-ville-se-dote-dun-clspd\/#breadcrumb\",\"itemListElement\":[{\"@type\":\"ListItem\",\"position\":1,\"name\":\"Accueil\",\"item\":\"https:\/\/newsestlyonnais.fr\/site\/\"},{\"@type\":\"ListItem\",\"position\":2,\"name\":\"GENAS | La Ville se dote d&rsquo;un CLSPD\"}]},{\"@type\":\"WebSite\",\"@id\":\"https:\/\/newsestlyonnais.fr\/site\/#website\",\"url\":\"https:\/\/newsestlyonnais.fr\/site\/\",\"name\":\"News Est Lyonnais\",\"description\":\"L&#039;actualit\u00e9 au plus pr\u00e8s\",\"publisher\":{\"@id\":\"https:\/\/newsestlyonnais.fr\/site\/#organization\"},\"potentialAction\":[{\"@type\":\"SearchAction\",\"target\":{\"@type\":\"EntryPoint\",\"urlTemplate\":\"https:\/\/newsestlyonnais.fr\/site\/?s={search_term_string}\"},\"query-input\":{\"@type\":\"PropertyValueSpecification\",\"valueRequired\":true,\"valueName\":\"search_term_string\"}}],\"inLanguage\":\"fr-FR\"},{\"@type\":\"Organization\",\"@id\":\"https:\/\/newsestlyonnais.fr\/site\/#organization\",\"name\":\"News EST LYONNAIS\",\"url\":\"https:\/\/newsestlyonnais.fr\/site\/\",\"logo\":{\"@type\":\"ImageObject\",\"inLanguage\":\"fr-FR\",\"@id\":\"https:\/\/newsestlyonnais.fr\/site\/#\/schema\/logo\/image\/\",\"url\":\"\",\"contentUrl\":\"\",\"caption\":\"News EST LYONNAIS\"},\"image\":{\"@id\":\"https:\/\/newsestlyonnais.fr\/site\/#\/schema\/logo\/image\/\"}},{\"@type\":\"Person\",\"@id\":\"https:\/\/newsestlyonnais.fr\/site\/#\/schema\/person\/3230d5615f390bb808365d673001e887\",\"name\":\"R\u00e9dac. NEWS\",\"sameAs\":[\"http:\/\/www.newsestlyonnais.fr\",\"https:\/\/www.facebook.com\/pascal.oberson.1?fref=ts\",\"https:\/\/fr.linkedin.com\/in\/pascal-oberson-b17045113\"],\"url\":\"https:\/\/newsestlyonnais.fr\/site\/author\/nel\/\"}]}<\/script>\n<!-- \/ Yoast SEO plugin. -->","yoast_head_json":{"title":"GENAS | La Ville se dote d'un CLSPD - News Est Lyonnais","description":"GENAS | La Ville se dote d'un CLSPD","robots":{"index":"index","follow":"follow","max-snippet":"max-snippet:-1","max-image-preview":"max-image-preview:large","max-video-preview":"max-video-preview:-1"},"canonical":"https:\/\/newsestlyonnais.fr\/site\/2021\/09\/10\/genas-la-ville-se-dote-dun-clspd\/","og_locale":"fr_FR","og_type":"article","og_title":"GENAS | La Ville se dote d'un CLSPD - News Est Lyonnais","og_description":"GENAS | La Ville se dote d'un CLSPD","og_url":"https:\/\/newsestlyonnais.fr\/site\/2021\/09\/10\/genas-la-ville-se-dote-dun-clspd\/","og_site_name":"News Est Lyonnais","article_author":"https:\/\/www.facebook.com\/pascal.oberson.1?fref=ts","article_published_time":"2021-09-10T06:30:34+00:00","article_modified_time":"2021-09-10T06:32:30+00:00","og_image":[{"width":445,"height":250,"url":"https:\/\/i2.wp.com\/newsestlyonnais.fr\/site\/wp-content\/uploads\/2019\/10\/NEWSESTLYONNAIS-HV-GENAS.jpg?fit=445%2C250&ssl=1","type":"image\/jpeg"}],"author":"R\u00e9dac. NEWS","twitter_card":"summary_large_image","twitter_misc":{"\u00c9crit par":"R\u00e9dac. NEWS","Dur\u00e9e de lecture estim\u00e9e":"2 minutes"},"schema":{"@context":"https:\/\/schema.org","@graph":[{"@type":"Article","@id":"https:\/\/newsestlyonnais.fr\/site\/2021\/09\/10\/genas-la-ville-se-dote-dun-clspd\/#article","isPartOf":{"@id":"https:\/\/newsestlyonnais.fr\/site\/2021\/09\/10\/genas-la-ville-se-dote-dun-clspd\/"},"author":{"name":"R\u00e9dac. NEWS","@id":"https:\/\/newsestlyonnais.fr\/site\/#\/schema\/person\/3230d5615f390bb808365d673001e887"},"headline":"GENAS | La Ville se dote d&rsquo;un CLSPD","datePublished":"2021-09-10T06:30:34+00:00","dateModified":"2021-09-10T06:32:30+00:00","mainEntityOfPage":{"@id":"https:\/\/newsestlyonnais.fr\/site\/2021\/09\/10\/genas-la-ville-se-dote-dun-clspd\/"},"wordCount":382,"commentCount":0,"publisher":{"@id":"https:\/\/newsestlyonnais.fr\/site\/#organization"},"image":{"@id":"https:\/\/newsestlyonnais.fr\/site\/2021\/09\/10\/genas-la-ville-se-dote-dun-clspd\/#primaryimage"},"thumbnailUrl":"https:\/\/newsestlyonnais.fr\/site\/wp-content\/uploads\/2019\/10\/NEWSESTLYONNAIS-HV-GENAS.jpg","keywords":["CLSPD","GENAS"],"articleSection":["Br\u00e8ves de l'Est lyonnais","CCEL | Communes","Genas","Secours | S\u00e9curit\u00e9"],"inLanguage":"fr-FR","potentialAction":[{"@type":"CommentAction","name":"Comment","target":["https:\/\/newsestlyonnais.fr\/site\/2021\/09\/10\/genas-la-ville-se-dote-dun-clspd\/#respond"]}]},{"@type":"WebPage","@id":"https:\/\/newsestlyonnais.fr\/site\/2021\/09\/10\/genas-la-ville-se-dote-dun-clspd\/","url":"https:\/\/newsestlyonnais.fr\/site\/2021\/09\/10\/genas-la-ville-se-dote-dun-clspd\/","name":"GENAS | La Ville se dote d'un CLSPD - News Est Lyonnais","isPartOf":{"@id":"https:\/\/newsestlyonnais.fr\/site\/#website"},"primaryImageOfPage":{"@id":"https:\/\/newsestlyonnais.fr\/site\/2021\/09\/10\/genas-la-ville-se-dote-dun-clspd\/#primaryimage"},"image":{"@id":"https:\/\/newsestlyonnais.fr\/site\/2021\/09\/10\/genas-la-ville-se-dote-dun-clspd\/#primaryimage"},"thumbnailUrl":"https:\/\/newsestlyonnais.fr\/site\/wp-content\/uploads\/2019\/10\/NEWSESTLYONNAIS-HV-GENAS.jpg","datePublished":"2021-09-10T06:30:34+00:00","dateModified":"2021-09-10T06:32:30+00:00","description":"GENAS | La Ville se dote d'un CLSPD","breadcrumb":{"@id":"https:\/\/newsestlyonnais.fr\/site\/2021\/09\/10\/genas-la-ville-se-dote-dun-clspd\/#breadcrumb"},"inLanguage":"fr-FR","potentialAction":[{"@type":"ReadAction","target":["https:\/\/newsestlyonnais.fr\/site\/2021\/09\/10\/genas-la-ville-se-dote-dun-clspd\/"]}]},{"@type":"ImageObject","inLanguage":"fr-FR","@id":"https:\/\/newsestlyonnais.fr\/site\/2021\/09\/10\/genas-la-ville-se-dote-dun-clspd\/#primaryimage","url":"https:\/\/newsestlyonnais.fr\/site\/wp-content\/uploads\/2019\/10\/NEWSESTLYONNAIS-HV-GENAS.jpg","contentUrl":"https:\/\/newsestlyonnais.fr\/site\/wp-content\/uploads\/2019\/10\/NEWSESTLYONNAIS-HV-GENAS.jpg","width":445,"height":250},{"@type":"BreadcrumbList","@id":"https:\/\/newsestlyonnais.fr\/site\/2021\/09\/10\/genas-la-ville-se-dote-dun-clspd\/#breadcrumb","itemListElement":[{"@type":"ListItem","position":1,"name":"Accueil","item":"https:\/\/newsestlyonnais.fr\/site\/"},{"@type":"ListItem","position":2,"name":"GENAS | La Ville se dote d&rsquo;un CLSPD"}]},{"@type":"WebSite","@id":"https:\/\/newsestlyonnais.fr\/site\/#website","url":"https:\/\/newsestlyonnais.fr\/site\/","name":"News Est Lyonnais","description":"L&#039;actualit\u00e9 au plus pr\u00e8s","publisher":{"@id":"https:\/\/newsestlyonnais.fr\/site\/#organization"},"potentialAction":[{"@type":"SearchAction","target":{"@type":"EntryPoint","urlTemplate":"https:\/\/newsestlyonnais.fr\/site\/?s={search_term_string}"},"query-input":{"@type":"PropertyValueSpecification","valueRequired":true,"valueName":"search_term_string"}}],"inLanguage":"fr-FR"},{"@type":"Organization","@id":"https:\/\/newsestlyonnais.fr\/site\/#organization","name":"News EST LYONNAIS","url":"https:\/\/newsestlyonnais.fr\/site\/","logo":{"@type":"ImageObject","inLanguage":"fr-FR","@id":"https:\/\/newsestlyonnais.fr\/site\/#\/schema\/logo\/image\/","url":"","contentUrl":"","caption":"News EST LYONNAIS"},"image":{"@id":"https:\/\/newsestlyonnais.fr\/site\/#\/schema\/logo\/image\/"}},{"@type":"Person","@id":"https:\/\/newsestlyonnais.fr\/site\/#\/schema\/person\/3230d5615f390bb808365d673001e887","name":"R\u00e9dac. NEWS","sameAs":["http:\/\/www.newsestlyonnais.fr","https:\/\/www.facebook.com\/pascal.oberson.1?fref=ts","https:\/\/fr.linkedin.com\/in\/pascal-oberson-b17045113"],"url":"https:\/\/newsestlyonnais.fr\/site\/author\/nel\/"}]}},"_links":{"self":[{"href":"https:\/\/newsestlyonnais.fr\/site\/wp-json\/wp\/v2\/posts\/137758","targetHints":{"allow":["GET"]}}],"collection":[{"href":"https:\/\/newsestlyonnais.fr\/site\/wp-json\/wp\/v2\/posts"}],"about":[{"href":"https:\/\/newsestlyonnais.fr\/site\/wp-json\/wp\/v2\/types\/post"}],"author":[{"embeddable":true,"href":"https:\/\/newsestlyonnais.fr\/site\/wp-json\/wp\/v2\/users\/4"}],"replies":[{"embeddable":true,"href":"https:\/\/newsestlyonnais.fr\/site\/wp-json\/wp\/v2\/comments?post=137758"}],"version-history":[{"count":0,"href":"https:\/\/newsestlyonnais.fr\/site\/wp-json\/wp\/v2\/posts\/137758\/revisions"}],"wp:featuredmedia":[{"embeddable":true,"href":"https:\/\/newsestlyonnais.fr\/site\/wp-json\/wp\/v2\/media\/84784"}],"wp:attachment":[{"href":"https:\/\/newsestlyonnais.fr\/site\/wp-json\/wp\/v2\/media?parent=137758"}],"wp:term":[{"taxonomy":"category","embeddable":true,"href":"https:\/\/newsestlyonnais.fr\/site\/wp-json\/wp\/v2\/categories?post=137758"},{"taxonomy":"post_tag","embeddable":true,"href":"https:\/\/newsestlyonnais.fr\/site\/wp-json\/wp\/v2\/tags?post=137758"}],"curies":[{"name":"wp","href":"https:\/\/api.w.org\/{rel}","templated":true}]}}