{"id":137864,"date":"2021-09-11T11:21:32","date_gmt":"2021-09-11T10:21:32","guid":{"rendered":"https:\/\/newsestlyonnais.fr\/site\/?p=137864"},"modified":"2021-09-11T11:21:32","modified_gmt":"2021-09-11T10:21:32","slug":"bron-premiers-secours-la-brulure-electrique","status":"publish","type":"post","link":"https:\/\/newsestlyonnais.fr\/site\/2021\/09\/11\/bron-premiers-secours-la-brulure-electrique\/","title":{"rendered":"Bron Premiers Secours | La br\u00fblure \u00e9lectrique"},"content":{"rendered":"<p><em><strong>Pour ce rendez-vous de septembre, est abord\u00e9 le th\u00e8me de la br\u00fblure \u00e9lectrique.<\/strong><\/em><\/p>\n<hr \/>\n<h1><span style=\"font-size: 12pt; background-color: #000000; color: #ffffff;\">D\u00e9finition (C\u2019est quoi\u00a0?)\u00a0:<\/span><\/h1>\n<p>Une br\u00fblure \u00e9lectrique c\u2019est une l\u00e9sions des tissus des organes internes et\/ou externes provoqu\u00e9e par le passage du courant \u00e9lectrique.<\/p>\n<hr \/>\n<h1><span style=\"font-size: 12pt; background-color: #000000; color: #ffffff;\">Cause\u00a0(Comment en est-on arriv\u00e9 l\u00e0 ?)<\/span><\/h1>\n<p>Elle peut \u00eatre provoqu\u00e9e par\u00a0:<\/p>\n<ul>\n<li>contact direct du mat\u00e9riel sous tension (Ex : rallonge \u00e9lectrique d\u00e9fectueuse).<\/li>\n<li>contact indirect avec des masses m\u00e9talliques mises accidentellement sous tension (Ex : la partie m\u00e9tallique d\u00e9fectueuse d\u2019une machine \u00e0 laver branch\u00e9e).<\/li>\n<\/ul>\n<h1><span style=\"font-size: 12pt; background-color: #000000; color: #ffffff;\">Cons\u00e9quence (Quels risques pour la suite\u00a0?):<\/span><\/h1>\n<ul>\n<li>douleurs s\u00e9v\u00e8res,<\/li>\n<li>d\u00e9faillances respiratoire, circulatoire<\/li>\n<li>infections tardives<\/li>\n<\/ul>\n<hr \/>\n<h1><span style=\"font-size: 12pt; background-color: #000000; color: #ffffff;\">Comment agir (Que puis-je faire\u00a0?)\u00a0:<\/span><\/h1>\n<p>Ne jamais toucher la victime avant que tout risque \u00e9lectrique ne soit \u00e9cart\u00e9.<\/p>\n<p><strong><span style=\"text-decoration: underline;\">En l\u2019absence d\u2019une d\u00e9tresse vitale<\/span> : <\/strong><\/p>\n<p>Rechercher le point d\u2019entr\u00e9e et le point de sortie.<\/p>\n<p>Retirer les v\u00eatements de la victime le plus t\u00f4t possible sans \u00f4ter ceux qui adh\u00e8rent \u00e0 la peau. Ceci peut \u00eatre fait pendant l\u2019arrosage. Il en est de m\u00eame pour les bijoux, les montres, les ceintures qui doivent \u00eatre retir\u00e9s de la zone br\u00fbl\u00e9e avant que le gonflement ne devienne important.<\/p>\n<p><strong>En cas de doute contacter le centre 15. (Samu)<\/strong><\/p>\n<p><strong><span style=\"text-decoration: underline;\"><img loading=\"lazy\" decoding=\"async\" class=\"alignright size-thumbnail wp-image-137878\" src=\"https:\/\/newsestlyonnais.fr\/site\/wp-content\/uploads\/2021\/09\/BRON-PREM-SEC-02-250x220.jpg\" alt=\"\" width=\"150\" height=\"132\" srcset=\"https:\/\/newsestlyonnais.fr\/site\/wp-content\/uploads\/2021\/09\/BRON-PREM-SEC-02-250x220.jpg 250w, https:\/\/newsestlyonnais.fr\/site\/wp-content\/uploads\/2021\/09\/BRON-PREM-SEC-02-400x351.jpg 400w, https:\/\/newsestlyonnais.fr\/site\/wp-content\/uploads\/2021\/09\/BRON-PREM-SEC-02-650x571.jpg 650w, https:\/\/newsestlyonnais.fr\/site\/wp-content\/uploads\/2021\/09\/BRON-PREM-SEC-02-150x132.jpg 150w, https:\/\/newsestlyonnais.fr\/site\/wp-content\/uploads\/2021\/09\/BRON-PREM-SEC-02-50x44.jpg 50w, https:\/\/newsestlyonnais.fr\/site\/wp-content\/uploads\/2021\/09\/BRON-PREM-SEC-02-100x88.jpg 100w, https:\/\/newsestlyonnais.fr\/site\/wp-content\/uploads\/2021\/09\/BRON-PREM-SEC-02-200x176.jpg 200w, https:\/\/newsestlyonnais.fr\/site\/wp-content\/uploads\/2021\/09\/BRON-PREM-SEC-02-300x264.jpg 300w, https:\/\/newsestlyonnais.fr\/site\/wp-content\/uploads\/2021\/09\/BRON-PREM-SEC-02-350x307.jpg 350w, https:\/\/newsestlyonnais.fr\/site\/wp-content\/uploads\/2021\/09\/BRON-PREM-SEC-02-450x395.jpg 450w, https:\/\/newsestlyonnais.fr\/site\/wp-content\/uploads\/2021\/09\/BRON-PREM-SEC-02-500x439.jpg 500w, https:\/\/newsestlyonnais.fr\/site\/wp-content\/uploads\/2021\/09\/BRON-PREM-SEC-02-550x483.jpg 550w, https:\/\/newsestlyonnais.fr\/site\/wp-content\/uploads\/2021\/09\/BRON-PREM-SEC-02.jpg 683w\" sizes=\"auto, (max-width: 150px) 100vw, 150px\" \/><img loading=\"lazy\" decoding=\"async\" class=\"alignright size-thumbnail wp-image-137879\" src=\"https:\/\/newsestlyonnais.fr\/site\/wp-content\/uploads\/2021\/09\/BRON-PREM-SEC-01-250x249.png\" alt=\"\" width=\"150\" height=\"150\" srcset=\"https:\/\/newsestlyonnais.fr\/site\/wp-content\/uploads\/2021\/09\/BRON-PREM-SEC-01-250x249.png 250w, https:\/\/newsestlyonnais.fr\/site\/wp-content\/uploads\/2021\/09\/BRON-PREM-SEC-01-150x149.png 150w, https:\/\/newsestlyonnais.fr\/site\/wp-content\/uploads\/2021\/09\/BRON-PREM-SEC-01-50x50.png 50w, https:\/\/newsestlyonnais.fr\/site\/wp-content\/uploads\/2021\/09\/BRON-PREM-SEC-01-100x99.png 100w, https:\/\/newsestlyonnais.fr\/site\/wp-content\/uploads\/2021\/09\/BRON-PREM-SEC-01-200x199.png 200w, https:\/\/newsestlyonnais.fr\/site\/wp-content\/uploads\/2021\/09\/BRON-PREM-SEC-01-300x298.png 300w, https:\/\/newsestlyonnais.fr\/site\/wp-content\/uploads\/2021\/09\/BRON-PREM-SEC-01-350x348.png 350w, https:\/\/newsestlyonnais.fr\/site\/wp-content\/uploads\/2021\/09\/BRON-PREM-SEC-01.png 384w\" sizes=\"auto, (max-width: 150px) 100vw, 150px\" \/>Si d\u00e9tresse vitale<\/span>\u00a0:<\/strong><\/p>\n<p><strong>Contacter imm\u00e9diatement le centre 15 (Samu) et appliquer les consignes re\u00e7ues.<br \/>\n<\/strong><\/p>\n<p>&nbsp;<\/p>\n<hr \/>\n<ul>\n<li><strong><em>Retrouvez <span style=\"color: #0000ff;\"><a style=\"color: #0000ff;\" href=\"https:\/\/newsestlyonnais.fr\/site\/2020\/11\/22\/1-jour-1-association-bron-premiers-secours\/\">l\u2019article de pr\u00e9sentation de l\u2019association<\/a><\/span><\/em><\/strong><\/li>\n<\/ul>\n<p><span style=\"background-color: #000000; color: #ffffff; font-size: 10pt;\"><em><strong>PHOTO A LA UNE<\/strong><\/em> : L&rsquo;\u00e9quipe de Bron Premiers Secours lors du Forum des Associations de Bron du 5 Septembre dernier.<\/span><\/p>\n<hr \/>\n<hr \/>\n<p>&nbsp;<\/p>\n","protected":false},"excerpt":{"rendered":"<p>L&rsquo;association brondillante de secouristes vous conseille chaque mois dans le cadre d&rsquo;un partenariat. <\/p>\n","protected":false},"author":4,"featured_media":137866,"comment_status":"open","ping_status":"open","sticky":false,"template":"","format":"standard","meta":{"footnotes":""},"categories":[19,3566,18,1753],"tags":[2072,3444],"class_list":["post-137864","post","type-post","status-publish","format-standard","has-post-thumbnail","hentry","category-bron","category-rendez-vous-mensuels","category-sante-bien-etre-solidarite","category-secours-securite","tag-bron","tag-bron-premiers-secours"],"yoast_head":"<!-- This site is optimized with the Yoast SEO plugin v27.2 - https:\/\/yoast.com\/product\/yoast-seo-wordpress\/ -->\n<title>Bron Premiers Secours | La br\u00fblure \u00e9lectrique - News Est Lyonnais<\/title>\n<meta name=\"description\" content=\"Bron Premiers Secours | La br\u00fblure \u00e9lectrique\" \/>\n<meta name=\"robots\" content=\"index, follow, max-snippet:-1, max-image-preview:large, max-video-preview:-1\" \/>\n<link rel=\"canonical\" href=\"https:\/\/newsestlyonnais.fr\/site\/2021\/09\/11\/bron-premiers-secours-la-brulure-electrique\/\" \/>\n<meta property=\"og:locale\" content=\"fr_FR\" \/>\n<meta property=\"og:type\" content=\"article\" \/>\n<meta property=\"og:title\" content=\"Bron Premiers Secours | La br\u00fblure \u00e9lectrique - News Est Lyonnais\" \/>\n<meta property=\"og:description\" content=\"Bron Premiers Secours | La br\u00fblure \u00e9lectrique\" \/>\n<meta property=\"og:url\" content=\"https:\/\/newsestlyonnais.fr\/site\/2021\/09\/11\/bron-premiers-secours-la-brulure-electrique\/\" \/>\n<meta property=\"og:site_name\" content=\"News Est Lyonnais\" \/>\n<meta property=\"article:author\" content=\"https:\/\/www.facebook.com\/pascal.oberson.1?fref=ts\" \/>\n<meta property=\"article:published_time\" content=\"2021-09-11T10:21:32+00:00\" \/>\n<meta property=\"og:image\" content=\"https:\/\/i0.wp.com\/newsestlyonnais.fr\/site\/wp-content\/uploads\/2021\/09\/cid_ii_ktd5cptt1.jpg?fit=1080%2C525&ssl=1\" \/>\n\t<meta property=\"og:image:width\" content=\"1080\" \/>\n\t<meta property=\"og:image:height\" content=\"525\" \/>\n\t<meta property=\"og:image:type\" content=\"image\/jpeg\" \/>\n<meta name=\"author\" content=\"R\u00e9dac. NEWS\" \/>\n<meta name=\"twitter:card\" content=\"summary_large_image\" \/>\n<meta name=\"twitter:label1\" content=\"\u00c9crit par\" \/>\n\t<meta name=\"twitter:data1\" content=\"R\u00e9dac. NEWS\" \/>\n\t<meta name=\"twitter:label2\" content=\"Dur\u00e9e de lecture estim\u00e9e\" \/>\n\t<meta name=\"twitter:data2\" content=\"2 minutes\" \/>\n<script type=\"application\/ld+json\" class=\"yoast-schema-graph\">{\"@context\":\"https:\/\/schema.org\",\"@graph\":[{\"@type\":\"Article\",\"@id\":\"https:\/\/newsestlyonnais.fr\/site\/2021\/09\/11\/bron-premiers-secours-la-brulure-electrique\/#article\",\"isPartOf\":{\"@id\":\"https:\/\/newsestlyonnais.fr\/site\/2021\/09\/11\/bron-premiers-secours-la-brulure-electrique\/\"},\"author\":{\"name\":\"R\u00e9dac. NEWS\",\"@id\":\"https:\/\/newsestlyonnais.fr\/site\/#\/schema\/person\/3230d5615f390bb808365d673001e887\"},\"headline\":\"Bron Premiers Secours | La br\u00fblure \u00e9lectrique\",\"datePublished\":\"2021-09-11T10:21:32+00:00\",\"mainEntityOfPage\":{\"@id\":\"https:\/\/newsestlyonnais.fr\/site\/2021\/09\/11\/bron-premiers-secours-la-brulure-electrique\/\"},\"wordCount\":267,\"commentCount\":0,\"publisher\":{\"@id\":\"https:\/\/newsestlyonnais.fr\/site\/#organization\"},\"image\":{\"@id\":\"https:\/\/newsestlyonnais.fr\/site\/2021\/09\/11\/bron-premiers-secours-la-brulure-electrique\/#primaryimage\"},\"thumbnailUrl\":\"https:\/\/newsestlyonnais.fr\/site\/wp-content\/uploads\/2021\/09\/cid_ii_ktd5cptt1.jpg\",\"keywords\":[\"BRON\",\"Bron premiers secours\"],\"articleSection\":[\"Bron\",\"Rendez-vous mensuels\",\"Sant\u00e9 | Bien Etre | Solidarit\u00e9\",\"Secours | S\u00e9curit\u00e9\"],\"inLanguage\":\"fr-FR\",\"potentialAction\":[{\"@type\":\"CommentAction\",\"name\":\"Comment\",\"target\":[\"https:\/\/newsestlyonnais.fr\/site\/2021\/09\/11\/bron-premiers-secours-la-brulure-electrique\/#respond\"]}]},{\"@type\":\"WebPage\",\"@id\":\"https:\/\/newsestlyonnais.fr\/site\/2021\/09\/11\/bron-premiers-secours-la-brulure-electrique\/\",\"url\":\"https:\/\/newsestlyonnais.fr\/site\/2021\/09\/11\/bron-premiers-secours-la-brulure-electrique\/\",\"name\":\"Bron Premiers Secours | La br\u00fblure \u00e9lectrique - News Est Lyonnais\",\"isPartOf\":{\"@id\":\"https:\/\/newsestlyonnais.fr\/site\/#website\"},\"primaryImageOfPage\":{\"@id\":\"https:\/\/newsestlyonnais.fr\/site\/2021\/09\/11\/bron-premiers-secours-la-brulure-electrique\/#primaryimage\"},\"image\":{\"@id\":\"https:\/\/newsestlyonnais.fr\/site\/2021\/09\/11\/bron-premiers-secours-la-brulure-electrique\/#primaryimage\"},\"thumbnailUrl\":\"https:\/\/newsestlyonnais.fr\/site\/wp-content\/uploads\/2021\/09\/cid_ii_ktd5cptt1.jpg\",\"datePublished\":\"2021-09-11T10:21:32+00:00\",\"description\":\"Bron Premiers Secours | La br\u00fblure \u00e9lectrique\",\"breadcrumb\":{\"@id\":\"https:\/\/newsestlyonnais.fr\/site\/2021\/09\/11\/bron-premiers-secours-la-brulure-electrique\/#breadcrumb\"},\"inLanguage\":\"fr-FR\",\"potentialAction\":[{\"@type\":\"ReadAction\",\"target\":[\"https:\/\/newsestlyonnais.fr\/site\/2021\/09\/11\/bron-premiers-secours-la-brulure-electrique\/\"]}]},{\"@type\":\"ImageObject\",\"inLanguage\":\"fr-FR\",\"@id\":\"https:\/\/newsestlyonnais.fr\/site\/2021\/09\/11\/bron-premiers-secours-la-brulure-electrique\/#primaryimage\",\"url\":\"https:\/\/newsestlyonnais.fr\/site\/wp-content\/uploads\/2021\/09\/cid_ii_ktd5cptt1.jpg\",\"contentUrl\":\"https:\/\/newsestlyonnais.fr\/site\/wp-content\/uploads\/2021\/09\/cid_ii_ktd5cptt1.jpg\",\"width\":1080,\"height\":525},{\"@type\":\"BreadcrumbList\",\"@id\":\"https:\/\/newsestlyonnais.fr\/site\/2021\/09\/11\/bron-premiers-secours-la-brulure-electrique\/#breadcrumb\",\"itemListElement\":[{\"@type\":\"ListItem\",\"position\":1,\"name\":\"Accueil\",\"item\":\"https:\/\/newsestlyonnais.fr\/site\/\"},{\"@type\":\"ListItem\",\"position\":2,\"name\":\"Bron Premiers Secours | La br\u00fblure \u00e9lectrique\"}]},{\"@type\":\"WebSite\",\"@id\":\"https:\/\/newsestlyonnais.fr\/site\/#website\",\"url\":\"https:\/\/newsestlyonnais.fr\/site\/\",\"name\":\"News Est Lyonnais\",\"description\":\"L&#039;actualit\u00e9 au plus pr\u00e8s\",\"publisher\":{\"@id\":\"https:\/\/newsestlyonnais.fr\/site\/#organization\"},\"potentialAction\":[{\"@type\":\"SearchAction\",\"target\":{\"@type\":\"EntryPoint\",\"urlTemplate\":\"https:\/\/newsestlyonnais.fr\/site\/?s={search_term_string}\"},\"query-input\":{\"@type\":\"PropertyValueSpecification\",\"valueRequired\":true,\"valueName\":\"search_term_string\"}}],\"inLanguage\":\"fr-FR\"},{\"@type\":\"Organization\",\"@id\":\"https:\/\/newsestlyonnais.fr\/site\/#organization\",\"name\":\"News EST LYONNAIS\",\"url\":\"https:\/\/newsestlyonnais.fr\/site\/\",\"logo\":{\"@type\":\"ImageObject\",\"inLanguage\":\"fr-FR\",\"@id\":\"https:\/\/newsestlyonnais.fr\/site\/#\/schema\/logo\/image\/\",\"url\":\"\",\"contentUrl\":\"\",\"caption\":\"News EST LYONNAIS\"},\"image\":{\"@id\":\"https:\/\/newsestlyonnais.fr\/site\/#\/schema\/logo\/image\/\"}},{\"@type\":\"Person\",\"@id\":\"https:\/\/newsestlyonnais.fr\/site\/#\/schema\/person\/3230d5615f390bb808365d673001e887\",\"name\":\"R\u00e9dac. NEWS\",\"sameAs\":[\"http:\/\/www.newsestlyonnais.fr\",\"https:\/\/www.facebook.com\/pascal.oberson.1?fref=ts\",\"https:\/\/fr.linkedin.com\/in\/pascal-oberson-b17045113\"],\"url\":\"https:\/\/newsestlyonnais.fr\/site\/author\/nel\/\"}]}<\/script>\n<!-- \/ Yoast SEO plugin. -->","yoast_head_json":{"title":"Bron Premiers Secours | La br\u00fblure \u00e9lectrique - News Est Lyonnais","description":"Bron Premiers Secours | La br\u00fblure \u00e9lectrique","robots":{"index":"index","follow":"follow","max-snippet":"max-snippet:-1","max-image-preview":"max-image-preview:large","max-video-preview":"max-video-preview:-1"},"canonical":"https:\/\/newsestlyonnais.fr\/site\/2021\/09\/11\/bron-premiers-secours-la-brulure-electrique\/","og_locale":"fr_FR","og_type":"article","og_title":"Bron Premiers Secours | La br\u00fblure \u00e9lectrique - News Est Lyonnais","og_description":"Bron Premiers Secours | La br\u00fblure \u00e9lectrique","og_url":"https:\/\/newsestlyonnais.fr\/site\/2021\/09\/11\/bron-premiers-secours-la-brulure-electrique\/","og_site_name":"News Est Lyonnais","article_author":"https:\/\/www.facebook.com\/pascal.oberson.1?fref=ts","article_published_time":"2021-09-11T10:21:32+00:00","og_image":[{"width":1080,"height":525,"url":"https:\/\/i0.wp.com\/newsestlyonnais.fr\/site\/wp-content\/uploads\/2021\/09\/cid_ii_ktd5cptt1.jpg?fit=1080%2C525&ssl=1","type":"image\/jpeg"}],"author":"R\u00e9dac. NEWS","twitter_card":"summary_large_image","twitter_misc":{"\u00c9crit par":"R\u00e9dac. NEWS","Dur\u00e9e de lecture estim\u00e9e":"2 minutes"},"schema":{"@context":"https:\/\/schema.org","@graph":[{"@type":"Article","@id":"https:\/\/newsestlyonnais.fr\/site\/2021\/09\/11\/bron-premiers-secours-la-brulure-electrique\/#article","isPartOf":{"@id":"https:\/\/newsestlyonnais.fr\/site\/2021\/09\/11\/bron-premiers-secours-la-brulure-electrique\/"},"author":{"name":"R\u00e9dac. NEWS","@id":"https:\/\/newsestlyonnais.fr\/site\/#\/schema\/person\/3230d5615f390bb808365d673001e887"},"headline":"Bron Premiers Secours | La br\u00fblure \u00e9lectrique","datePublished":"2021-09-11T10:21:32+00:00","mainEntityOfPage":{"@id":"https:\/\/newsestlyonnais.fr\/site\/2021\/09\/11\/bron-premiers-secours-la-brulure-electrique\/"},"wordCount":267,"commentCount":0,"publisher":{"@id":"https:\/\/newsestlyonnais.fr\/site\/#organization"},"image":{"@id":"https:\/\/newsestlyonnais.fr\/site\/2021\/09\/11\/bron-premiers-secours-la-brulure-electrique\/#primaryimage"},"thumbnailUrl":"https:\/\/newsestlyonnais.fr\/site\/wp-content\/uploads\/2021\/09\/cid_ii_ktd5cptt1.jpg","keywords":["BRON","Bron premiers secours"],"articleSection":["Bron","Rendez-vous mensuels","Sant\u00e9 | Bien Etre | Solidarit\u00e9","Secours | S\u00e9curit\u00e9"],"inLanguage":"fr-FR","potentialAction":[{"@type":"CommentAction","name":"Comment","target":["https:\/\/newsestlyonnais.fr\/site\/2021\/09\/11\/bron-premiers-secours-la-brulure-electrique\/#respond"]}]},{"@type":"WebPage","@id":"https:\/\/newsestlyonnais.fr\/site\/2021\/09\/11\/bron-premiers-secours-la-brulure-electrique\/","url":"https:\/\/newsestlyonnais.fr\/site\/2021\/09\/11\/bron-premiers-secours-la-brulure-electrique\/","name":"Bron Premiers Secours | La br\u00fblure \u00e9lectrique - News Est Lyonnais","isPartOf":{"@id":"https:\/\/newsestlyonnais.fr\/site\/#website"},"primaryImageOfPage":{"@id":"https:\/\/newsestlyonnais.fr\/site\/2021\/09\/11\/bron-premiers-secours-la-brulure-electrique\/#primaryimage"},"image":{"@id":"https:\/\/newsestlyonnais.fr\/site\/2021\/09\/11\/bron-premiers-secours-la-brulure-electrique\/#primaryimage"},"thumbnailUrl":"https:\/\/newsestlyonnais.fr\/site\/wp-content\/uploads\/2021\/09\/cid_ii_ktd5cptt1.jpg","datePublished":"2021-09-11T10:21:32+00:00","description":"Bron Premiers Secours | La br\u00fblure \u00e9lectrique","breadcrumb":{"@id":"https:\/\/newsestlyonnais.fr\/site\/2021\/09\/11\/bron-premiers-secours-la-brulure-electrique\/#breadcrumb"},"inLanguage":"fr-FR","potentialAction":[{"@type":"ReadAction","target":["https:\/\/newsestlyonnais.fr\/site\/2021\/09\/11\/bron-premiers-secours-la-brulure-electrique\/"]}]},{"@type":"ImageObject","inLanguage":"fr-FR","@id":"https:\/\/newsestlyonnais.fr\/site\/2021\/09\/11\/bron-premiers-secours-la-brulure-electrique\/#primaryimage","url":"https:\/\/newsestlyonnais.fr\/site\/wp-content\/uploads\/2021\/09\/cid_ii_ktd5cptt1.jpg","contentUrl":"https:\/\/newsestlyonnais.fr\/site\/wp-content\/uploads\/2021\/09\/cid_ii_ktd5cptt1.jpg","width":1080,"height":525},{"@type":"BreadcrumbList","@id":"https:\/\/newsestlyonnais.fr\/site\/2021\/09\/11\/bron-premiers-secours-la-brulure-electrique\/#breadcrumb","itemListElement":[{"@type":"ListItem","position":1,"name":"Accueil","item":"https:\/\/newsestlyonnais.fr\/site\/"},{"@type":"ListItem","position":2,"name":"Bron Premiers Secours | La br\u00fblure \u00e9lectrique"}]},{"@type":"WebSite","@id":"https:\/\/newsestlyonnais.fr\/site\/#website","url":"https:\/\/newsestlyonnais.fr\/site\/","name":"News Est Lyonnais","description":"L&#039;actualit\u00e9 au plus pr\u00e8s","publisher":{"@id":"https:\/\/newsestlyonnais.fr\/site\/#organization"},"potentialAction":[{"@type":"SearchAction","target":{"@type":"EntryPoint","urlTemplate":"https:\/\/newsestlyonnais.fr\/site\/?s={search_term_string}"},"query-input":{"@type":"PropertyValueSpecification","valueRequired":true,"valueName":"search_term_string"}}],"inLanguage":"fr-FR"},{"@type":"Organization","@id":"https:\/\/newsestlyonnais.fr\/site\/#organization","name":"News EST LYONNAIS","url":"https:\/\/newsestlyonnais.fr\/site\/","logo":{"@type":"ImageObject","inLanguage":"fr-FR","@id":"https:\/\/newsestlyonnais.fr\/site\/#\/schema\/logo\/image\/","url":"","contentUrl":"","caption":"News EST LYONNAIS"},"image":{"@id":"https:\/\/newsestlyonnais.fr\/site\/#\/schema\/logo\/image\/"}},{"@type":"Person","@id":"https:\/\/newsestlyonnais.fr\/site\/#\/schema\/person\/3230d5615f390bb808365d673001e887","name":"R\u00e9dac. NEWS","sameAs":["http:\/\/www.newsestlyonnais.fr","https:\/\/www.facebook.com\/pascal.oberson.1?fref=ts","https:\/\/fr.linkedin.com\/in\/pascal-oberson-b17045113"],"url":"https:\/\/newsestlyonnais.fr\/site\/author\/nel\/"}]}},"_links":{"self":[{"href":"https:\/\/newsestlyonnais.fr\/site\/wp-json\/wp\/v2\/posts\/137864","targetHints":{"allow":["GET"]}}],"collection":[{"href":"https:\/\/newsestlyonnais.fr\/site\/wp-json\/wp\/v2\/posts"}],"about":[{"href":"https:\/\/newsestlyonnais.fr\/site\/wp-json\/wp\/v2\/types\/post"}],"author":[{"embeddable":true,"href":"https:\/\/newsestlyonnais.fr\/site\/wp-json\/wp\/v2\/users\/4"}],"replies":[{"embeddable":true,"href":"https:\/\/newsestlyonnais.fr\/site\/wp-json\/wp\/v2\/comments?post=137864"}],"version-history":[{"count":0,"href":"https:\/\/newsestlyonnais.fr\/site\/wp-json\/wp\/v2\/posts\/137864\/revisions"}],"wp:featuredmedia":[{"embeddable":true,"href":"https:\/\/newsestlyonnais.fr\/site\/wp-json\/wp\/v2\/media\/137866"}],"wp:attachment":[{"href":"https:\/\/newsestlyonnais.fr\/site\/wp-json\/wp\/v2\/media?parent=137864"}],"wp:term":[{"taxonomy":"category","embeddable":true,"href":"https:\/\/newsestlyonnais.fr\/site\/wp-json\/wp\/v2\/categories?post=137864"},{"taxonomy":"post_tag","embeddable":true,"href":"https:\/\/newsestlyonnais.fr\/site\/wp-json\/wp\/v2\/tags?post=137864"}],"curies":[{"name":"wp","href":"https:\/\/api.w.org\/{rel}","templated":true}]}}