{"id":137897,"date":"2021-09-11T15:51:35","date_gmt":"2021-09-11T14:51:35","guid":{"rendered":"https:\/\/newsestlyonnais.fr\/site\/?p=137897"},"modified":"2021-09-14T13:18:17","modified_gmt":"2021-09-14T12:18:17","slug":"transports-mouvement-social-aux-tcl-ce-lundi","status":"publish","type":"post","link":"https:\/\/newsestlyonnais.fr\/site\/2021\/09\/11\/transports-mouvement-social-aux-tcl-ce-lundi\/","title":{"rendered":"TRANSPORTS | Mouvement social aux TCL ce lundi"},"content":{"rendered":"<p><span style=\"background-color: #000000; color: #ffffff;\"><strong>Les lignes suivantes circuleront avec des fr\u00e9quences all\u00e9g\u00e9es :<\/strong><\/span><\/p>\n<ul>\n<li>C6E, C11, C19, C20, C21, C24, 2, 3, 8, 10, 19, 37, 40, 43, 45, 49, 52, 67, 68, 71, 73, 89, 90, et 98<\/li>\n<\/ul>\n<p><span style=\"background-color: #000000; color: #ffffff;\"><strong>Les lignes suivantes seront limit\u00e9es :<\/strong><\/span><\/p>\n<ul>\n<li>La ligne C6 circule uniquement entre Campus Lyon Ouest et Gare de Vaise<\/li>\n<li>La ligne C14 circule uniquement entre Les Sources et Gare de Vaise<\/li>\n<li>La ligne 31 circule uniquement entre Cit\u00e9 Edouard Herriot et Gare de Vaise<\/li>\n<\/ul>\n<p><span style=\"background-color: #000000; color: #ffffff;\"><strong>Les lignes suivantes ne circuleront pas :<\/strong><\/span><\/p>\n<ul>\n<li>5, 10E, 15E, 20, 20\/22, 21, 22, 46, 55, 65, 66,89D, S1 et S11<\/li>\n<\/ul>\n<hr \/>\n<p><em><strong>Toutes les autres lignes de bus, m\u00e9tro, tramway et lignes scolaires Junior Direct circuleront normalement.<\/strong><\/em><\/p>\n<p><strong>&gt; Les voyageurs sont invit\u00e9s \u00e0 consulter l\u2019info trafic en temps r\u00e9el sur<\/strong> :<\/p>\n<ul>\n<li>L\u2019application TCL<\/li>\n<li>le site\u00a0<span style=\"color: #0000ff;\"><a style=\"color: #0000ff;\" href=\"http:\/\/www.tcl.fr\">http:\/\/www.tcl.fr<\/a><\/span><\/li>\n<li>le compte Twitter TCL Lyon InfoTrafic<\/li>\n<li>ou en appelant All\u00f4 TCL au 04.26.10.12.12<\/li>\n<\/ul>\n<hr \/>\n<hr \/>\n<p>&nbsp;<\/p>\n","protected":false},"excerpt":{"rendered":"<p>Certaines lignes de bus du r\u00e9seau, principalement de l\u2019ouest lyonnais, seront perturb\u00e9es. <\/p>\n","protected":false},"author":4,"featured_media":118764,"comment_status":"open","ping_status":"open","sticky":false,"template":"","format":"standard","meta":{"footnotes":""},"categories":[1625,13],"tags":[],"class_list":["post-137897","post","type-post","status-publish","format-standard","has-post-thumbnail","hentry","category-lyon","category-transports-circulation"],"yoast_head":"<!-- This site is optimized with the Yoast SEO plugin v27.2 - https:\/\/yoast.com\/product\/yoast-seo-wordpress\/ -->\n<title>TRANSPORTS | Mouvement social aux TCL ce lundi - News Est Lyonnais<\/title>\n<meta name=\"description\" content=\"TRANSPORTS | TCL &gt; mouvement social lundi 13 septembre\" \/>\n<meta name=\"robots\" content=\"index, follow, max-snippet:-1, max-image-preview:large, max-video-preview:-1\" \/>\n<link rel=\"canonical\" href=\"https:\/\/newsestlyonnais.fr\/site\/2021\/09\/11\/transports-mouvement-social-aux-tcl-ce-lundi\/\" \/>\n<meta property=\"og:locale\" content=\"fr_FR\" \/>\n<meta property=\"og:type\" content=\"article\" \/>\n<meta property=\"og:title\" content=\"TRANSPORTS | Mouvement social aux TCL ce lundi - News Est Lyonnais\" \/>\n<meta property=\"og:description\" content=\"TRANSPORTS | TCL &gt; mouvement social lundi 13 septembre\" \/>\n<meta property=\"og:url\" content=\"https:\/\/newsestlyonnais.fr\/site\/2021\/09\/11\/transports-mouvement-social-aux-tcl-ce-lundi\/\" \/>\n<meta property=\"og:site_name\" content=\"News Est Lyonnais\" \/>\n<meta property=\"article:author\" content=\"https:\/\/www.facebook.com\/pascal.oberson.1?fref=ts\" \/>\n<meta property=\"article:published_time\" content=\"2021-09-11T14:51:35+00:00\" \/>\n<meta property=\"article:modified_time\" content=\"2021-09-14T12:18:17+00:00\" \/>\n<meta property=\"og:image\" content=\"https:\/\/i1.wp.com\/newsestlyonnais.fr\/site\/wp-content\/uploads\/2020\/11\/NEWSESTLYONNAIS-BUS-TCL-BIS.jpg?fit=1200%2C800&ssl=1\" \/>\n\t<meta property=\"og:image:width\" content=\"1200\" \/>\n\t<meta property=\"og:image:height\" content=\"800\" \/>\n\t<meta property=\"og:image:type\" content=\"image\/jpeg\" \/>\n<meta name=\"author\" content=\"R\u00e9dac. NEWS\" \/>\n<meta name=\"twitter:card\" content=\"summary_large_image\" \/>\n<meta name=\"twitter:label1\" content=\"\u00c9crit par\" \/>\n\t<meta name=\"twitter:data1\" content=\"R\u00e9dac. NEWS\" \/>\n\t<meta name=\"twitter:label2\" content=\"Dur\u00e9e de lecture estim\u00e9e\" \/>\n\t<meta name=\"twitter:data2\" content=\"1 minute\" \/>\n<script type=\"application\/ld+json\" class=\"yoast-schema-graph\">{\"@context\":\"https:\/\/schema.org\",\"@graph\":[{\"@type\":\"Article\",\"@id\":\"https:\/\/newsestlyonnais.fr\/site\/2021\/09\/11\/transports-mouvement-social-aux-tcl-ce-lundi\/#article\",\"isPartOf\":{\"@id\":\"https:\/\/newsestlyonnais.fr\/site\/2021\/09\/11\/transports-mouvement-social-aux-tcl-ce-lundi\/\"},\"author\":{\"name\":\"R\u00e9dac. NEWS\",\"@id\":\"https:\/\/newsestlyonnais.fr\/site\/#\/schema\/person\/3230d5615f390bb808365d673001e887\"},\"headline\":\"TRANSPORTS | Mouvement social aux TCL ce lundi\",\"datePublished\":\"2021-09-11T14:51:35+00:00\",\"dateModified\":\"2021-09-14T12:18:17+00:00\",\"mainEntityOfPage\":{\"@id\":\"https:\/\/newsestlyonnais.fr\/site\/2021\/09\/11\/transports-mouvement-social-aux-tcl-ce-lundi\/\"},\"wordCount\":134,\"commentCount\":0,\"publisher\":{\"@id\":\"https:\/\/newsestlyonnais.fr\/site\/#organization\"},\"image\":{\"@id\":\"https:\/\/newsestlyonnais.fr\/site\/2021\/09\/11\/transports-mouvement-social-aux-tcl-ce-lundi\/#primaryimage\"},\"thumbnailUrl\":\"https:\/\/newsestlyonnais.fr\/site\/wp-content\/uploads\/2020\/11\/NEWSESTLYONNAIS-BUS-TCL-BIS.jpg\",\"articleSection\":[\"Lyon\",\"Transports | Circulation\"],\"inLanguage\":\"fr-FR\",\"potentialAction\":[{\"@type\":\"CommentAction\",\"name\":\"Comment\",\"target\":[\"https:\/\/newsestlyonnais.fr\/site\/2021\/09\/11\/transports-mouvement-social-aux-tcl-ce-lundi\/#respond\"]}]},{\"@type\":\"WebPage\",\"@id\":\"https:\/\/newsestlyonnais.fr\/site\/2021\/09\/11\/transports-mouvement-social-aux-tcl-ce-lundi\/\",\"url\":\"https:\/\/newsestlyonnais.fr\/site\/2021\/09\/11\/transports-mouvement-social-aux-tcl-ce-lundi\/\",\"name\":\"TRANSPORTS | Mouvement social aux TCL ce lundi - News Est Lyonnais\",\"isPartOf\":{\"@id\":\"https:\/\/newsestlyonnais.fr\/site\/#website\"},\"primaryImageOfPage\":{\"@id\":\"https:\/\/newsestlyonnais.fr\/site\/2021\/09\/11\/transports-mouvement-social-aux-tcl-ce-lundi\/#primaryimage\"},\"image\":{\"@id\":\"https:\/\/newsestlyonnais.fr\/site\/2021\/09\/11\/transports-mouvement-social-aux-tcl-ce-lundi\/#primaryimage\"},\"thumbnailUrl\":\"https:\/\/newsestlyonnais.fr\/site\/wp-content\/uploads\/2020\/11\/NEWSESTLYONNAIS-BUS-TCL-BIS.jpg\",\"datePublished\":\"2021-09-11T14:51:35+00:00\",\"dateModified\":\"2021-09-14T12:18:17+00:00\",\"description\":\"TRANSPORTS | TCL > mouvement social lundi 13 septembre\",\"breadcrumb\":{\"@id\":\"https:\/\/newsestlyonnais.fr\/site\/2021\/09\/11\/transports-mouvement-social-aux-tcl-ce-lundi\/#breadcrumb\"},\"inLanguage\":\"fr-FR\",\"potentialAction\":[{\"@type\":\"ReadAction\",\"target\":[\"https:\/\/newsestlyonnais.fr\/site\/2021\/09\/11\/transports-mouvement-social-aux-tcl-ce-lundi\/\"]}]},{\"@type\":\"ImageObject\",\"inLanguage\":\"fr-FR\",\"@id\":\"https:\/\/newsestlyonnais.fr\/site\/2021\/09\/11\/transports-mouvement-social-aux-tcl-ce-lundi\/#primaryimage\",\"url\":\"https:\/\/newsestlyonnais.fr\/site\/wp-content\/uploads\/2020\/11\/NEWSESTLYONNAIS-BUS-TCL-BIS.jpg\",\"contentUrl\":\"https:\/\/newsestlyonnais.fr\/site\/wp-content\/uploads\/2020\/11\/NEWSESTLYONNAIS-BUS-TCL-BIS.jpg\",\"width\":1200,\"height\":800},{\"@type\":\"BreadcrumbList\",\"@id\":\"https:\/\/newsestlyonnais.fr\/site\/2021\/09\/11\/transports-mouvement-social-aux-tcl-ce-lundi\/#breadcrumb\",\"itemListElement\":[{\"@type\":\"ListItem\",\"position\":1,\"name\":\"Accueil\",\"item\":\"https:\/\/newsestlyonnais.fr\/site\/\"},{\"@type\":\"ListItem\",\"position\":2,\"name\":\"TRANSPORTS | Mouvement social aux TCL ce lundi\"}]},{\"@type\":\"WebSite\",\"@id\":\"https:\/\/newsestlyonnais.fr\/site\/#website\",\"url\":\"https:\/\/newsestlyonnais.fr\/site\/\",\"name\":\"News Est Lyonnais\",\"description\":\"L&#039;actualit\u00e9 au plus pr\u00e8s\",\"publisher\":{\"@id\":\"https:\/\/newsestlyonnais.fr\/site\/#organization\"},\"potentialAction\":[{\"@type\":\"SearchAction\",\"target\":{\"@type\":\"EntryPoint\",\"urlTemplate\":\"https:\/\/newsestlyonnais.fr\/site\/?s={search_term_string}\"},\"query-input\":{\"@type\":\"PropertyValueSpecification\",\"valueRequired\":true,\"valueName\":\"search_term_string\"}}],\"inLanguage\":\"fr-FR\"},{\"@type\":\"Organization\",\"@id\":\"https:\/\/newsestlyonnais.fr\/site\/#organization\",\"name\":\"News EST LYONNAIS\",\"url\":\"https:\/\/newsestlyonnais.fr\/site\/\",\"logo\":{\"@type\":\"ImageObject\",\"inLanguage\":\"fr-FR\",\"@id\":\"https:\/\/newsestlyonnais.fr\/site\/#\/schema\/logo\/image\/\",\"url\":\"\",\"contentUrl\":\"\",\"caption\":\"News EST LYONNAIS\"},\"image\":{\"@id\":\"https:\/\/newsestlyonnais.fr\/site\/#\/schema\/logo\/image\/\"}},{\"@type\":\"Person\",\"@id\":\"https:\/\/newsestlyonnais.fr\/site\/#\/schema\/person\/3230d5615f390bb808365d673001e887\",\"name\":\"R\u00e9dac. NEWS\",\"sameAs\":[\"http:\/\/www.newsestlyonnais.fr\",\"https:\/\/www.facebook.com\/pascal.oberson.1?fref=ts\",\"https:\/\/fr.linkedin.com\/in\/pascal-oberson-b17045113\"],\"url\":\"https:\/\/newsestlyonnais.fr\/site\/author\/nel\/\"}]}<\/script>\n<!-- \/ Yoast SEO plugin. -->","yoast_head_json":{"title":"TRANSPORTS | Mouvement social aux TCL ce lundi - News Est Lyonnais","description":"TRANSPORTS | TCL > mouvement social lundi 13 septembre","robots":{"index":"index","follow":"follow","max-snippet":"max-snippet:-1","max-image-preview":"max-image-preview:large","max-video-preview":"max-video-preview:-1"},"canonical":"https:\/\/newsestlyonnais.fr\/site\/2021\/09\/11\/transports-mouvement-social-aux-tcl-ce-lundi\/","og_locale":"fr_FR","og_type":"article","og_title":"TRANSPORTS | Mouvement social aux TCL ce lundi - News Est Lyonnais","og_description":"TRANSPORTS | TCL > mouvement social lundi 13 septembre","og_url":"https:\/\/newsestlyonnais.fr\/site\/2021\/09\/11\/transports-mouvement-social-aux-tcl-ce-lundi\/","og_site_name":"News Est Lyonnais","article_author":"https:\/\/www.facebook.com\/pascal.oberson.1?fref=ts","article_published_time":"2021-09-11T14:51:35+00:00","article_modified_time":"2021-09-14T12:18:17+00:00","og_image":[{"width":1200,"height":800,"url":"https:\/\/i1.wp.com\/newsestlyonnais.fr\/site\/wp-content\/uploads\/2020\/11\/NEWSESTLYONNAIS-BUS-TCL-BIS.jpg?fit=1200%2C800&ssl=1","type":"image\/jpeg"}],"author":"R\u00e9dac. NEWS","twitter_card":"summary_large_image","twitter_misc":{"\u00c9crit par":"R\u00e9dac. NEWS","Dur\u00e9e de lecture estim\u00e9e":"1 minute"},"schema":{"@context":"https:\/\/schema.org","@graph":[{"@type":"Article","@id":"https:\/\/newsestlyonnais.fr\/site\/2021\/09\/11\/transports-mouvement-social-aux-tcl-ce-lundi\/#article","isPartOf":{"@id":"https:\/\/newsestlyonnais.fr\/site\/2021\/09\/11\/transports-mouvement-social-aux-tcl-ce-lundi\/"},"author":{"name":"R\u00e9dac. NEWS","@id":"https:\/\/newsestlyonnais.fr\/site\/#\/schema\/person\/3230d5615f390bb808365d673001e887"},"headline":"TRANSPORTS | Mouvement social aux TCL ce lundi","datePublished":"2021-09-11T14:51:35+00:00","dateModified":"2021-09-14T12:18:17+00:00","mainEntityOfPage":{"@id":"https:\/\/newsestlyonnais.fr\/site\/2021\/09\/11\/transports-mouvement-social-aux-tcl-ce-lundi\/"},"wordCount":134,"commentCount":0,"publisher":{"@id":"https:\/\/newsestlyonnais.fr\/site\/#organization"},"image":{"@id":"https:\/\/newsestlyonnais.fr\/site\/2021\/09\/11\/transports-mouvement-social-aux-tcl-ce-lundi\/#primaryimage"},"thumbnailUrl":"https:\/\/newsestlyonnais.fr\/site\/wp-content\/uploads\/2020\/11\/NEWSESTLYONNAIS-BUS-TCL-BIS.jpg","articleSection":["Lyon","Transports | Circulation"],"inLanguage":"fr-FR","potentialAction":[{"@type":"CommentAction","name":"Comment","target":["https:\/\/newsestlyonnais.fr\/site\/2021\/09\/11\/transports-mouvement-social-aux-tcl-ce-lundi\/#respond"]}]},{"@type":"WebPage","@id":"https:\/\/newsestlyonnais.fr\/site\/2021\/09\/11\/transports-mouvement-social-aux-tcl-ce-lundi\/","url":"https:\/\/newsestlyonnais.fr\/site\/2021\/09\/11\/transports-mouvement-social-aux-tcl-ce-lundi\/","name":"TRANSPORTS | Mouvement social aux TCL ce lundi - News Est Lyonnais","isPartOf":{"@id":"https:\/\/newsestlyonnais.fr\/site\/#website"},"primaryImageOfPage":{"@id":"https:\/\/newsestlyonnais.fr\/site\/2021\/09\/11\/transports-mouvement-social-aux-tcl-ce-lundi\/#primaryimage"},"image":{"@id":"https:\/\/newsestlyonnais.fr\/site\/2021\/09\/11\/transports-mouvement-social-aux-tcl-ce-lundi\/#primaryimage"},"thumbnailUrl":"https:\/\/newsestlyonnais.fr\/site\/wp-content\/uploads\/2020\/11\/NEWSESTLYONNAIS-BUS-TCL-BIS.jpg","datePublished":"2021-09-11T14:51:35+00:00","dateModified":"2021-09-14T12:18:17+00:00","description":"TRANSPORTS | TCL > mouvement social lundi 13 septembre","breadcrumb":{"@id":"https:\/\/newsestlyonnais.fr\/site\/2021\/09\/11\/transports-mouvement-social-aux-tcl-ce-lundi\/#breadcrumb"},"inLanguage":"fr-FR","potentialAction":[{"@type":"ReadAction","target":["https:\/\/newsestlyonnais.fr\/site\/2021\/09\/11\/transports-mouvement-social-aux-tcl-ce-lundi\/"]}]},{"@type":"ImageObject","inLanguage":"fr-FR","@id":"https:\/\/newsestlyonnais.fr\/site\/2021\/09\/11\/transports-mouvement-social-aux-tcl-ce-lundi\/#primaryimage","url":"https:\/\/newsestlyonnais.fr\/site\/wp-content\/uploads\/2020\/11\/NEWSESTLYONNAIS-BUS-TCL-BIS.jpg","contentUrl":"https:\/\/newsestlyonnais.fr\/site\/wp-content\/uploads\/2020\/11\/NEWSESTLYONNAIS-BUS-TCL-BIS.jpg","width":1200,"height":800},{"@type":"BreadcrumbList","@id":"https:\/\/newsestlyonnais.fr\/site\/2021\/09\/11\/transports-mouvement-social-aux-tcl-ce-lundi\/#breadcrumb","itemListElement":[{"@type":"ListItem","position":1,"name":"Accueil","item":"https:\/\/newsestlyonnais.fr\/site\/"},{"@type":"ListItem","position":2,"name":"TRANSPORTS | Mouvement social aux TCL ce lundi"}]},{"@type":"WebSite","@id":"https:\/\/newsestlyonnais.fr\/site\/#website","url":"https:\/\/newsestlyonnais.fr\/site\/","name":"News Est Lyonnais","description":"L&#039;actualit\u00e9 au plus pr\u00e8s","publisher":{"@id":"https:\/\/newsestlyonnais.fr\/site\/#organization"},"potentialAction":[{"@type":"SearchAction","target":{"@type":"EntryPoint","urlTemplate":"https:\/\/newsestlyonnais.fr\/site\/?s={search_term_string}"},"query-input":{"@type":"PropertyValueSpecification","valueRequired":true,"valueName":"search_term_string"}}],"inLanguage":"fr-FR"},{"@type":"Organization","@id":"https:\/\/newsestlyonnais.fr\/site\/#organization","name":"News EST LYONNAIS","url":"https:\/\/newsestlyonnais.fr\/site\/","logo":{"@type":"ImageObject","inLanguage":"fr-FR","@id":"https:\/\/newsestlyonnais.fr\/site\/#\/schema\/logo\/image\/","url":"","contentUrl":"","caption":"News EST LYONNAIS"},"image":{"@id":"https:\/\/newsestlyonnais.fr\/site\/#\/schema\/logo\/image\/"}},{"@type":"Person","@id":"https:\/\/newsestlyonnais.fr\/site\/#\/schema\/person\/3230d5615f390bb808365d673001e887","name":"R\u00e9dac. NEWS","sameAs":["http:\/\/www.newsestlyonnais.fr","https:\/\/www.facebook.com\/pascal.oberson.1?fref=ts","https:\/\/fr.linkedin.com\/in\/pascal-oberson-b17045113"],"url":"https:\/\/newsestlyonnais.fr\/site\/author\/nel\/"}]}},"_links":{"self":[{"href":"https:\/\/newsestlyonnais.fr\/site\/wp-json\/wp\/v2\/posts\/137897","targetHints":{"allow":["GET"]}}],"collection":[{"href":"https:\/\/newsestlyonnais.fr\/site\/wp-json\/wp\/v2\/posts"}],"about":[{"href":"https:\/\/newsestlyonnais.fr\/site\/wp-json\/wp\/v2\/types\/post"}],"author":[{"embeddable":true,"href":"https:\/\/newsestlyonnais.fr\/site\/wp-json\/wp\/v2\/users\/4"}],"replies":[{"embeddable":true,"href":"https:\/\/newsestlyonnais.fr\/site\/wp-json\/wp\/v2\/comments?post=137897"}],"version-history":[{"count":0,"href":"https:\/\/newsestlyonnais.fr\/site\/wp-json\/wp\/v2\/posts\/137897\/revisions"}],"wp:featuredmedia":[{"embeddable":true,"href":"https:\/\/newsestlyonnais.fr\/site\/wp-json\/wp\/v2\/media\/118764"}],"wp:attachment":[{"href":"https:\/\/newsestlyonnais.fr\/site\/wp-json\/wp\/v2\/media?parent=137897"}],"wp:term":[{"taxonomy":"category","embeddable":true,"href":"https:\/\/newsestlyonnais.fr\/site\/wp-json\/wp\/v2\/categories?post=137897"},{"taxonomy":"post_tag","embeddable":true,"href":"https:\/\/newsestlyonnais.fr\/site\/wp-json\/wp\/v2\/tags?post=137897"}],"curies":[{"name":"wp","href":"https:\/\/api.w.org\/{rel}","templated":true}]}}