{"id":137958,"date":"2021-09-12T14:28:07","date_gmt":"2021-09-12T13:28:07","guid":{"rendered":"https:\/\/newsestlyonnais.fr\/site\/?p=137958"},"modified":"2021-09-14T11:04:22","modified_gmt":"2021-09-14T10:04:22","slug":"vaulx-en-velin-pres-de-400-triathletes-ce-matin-au-grand-parc","status":"publish","type":"post","link":"https:\/\/newsestlyonnais.fr\/site\/2021\/09\/12\/vaulx-en-velin-pres-de-400-triathletes-ce-matin-au-grand-parc\/","title":{"rendered":"VAULX-EN-VELIN | Pr\u00e8s de 400 triathl\u00e8tes ce matin au Grand-Parc"},"content":{"rendered":"<p>Le club du Vaulx en Triathlon avait mobilis\u00e9 une centaine de b\u00e9n\u00e9voles et partenaires pour ce qui demeure la grande f\u00eate du triple effort en cette fin de saison.<\/p>\n<hr \/>\n<p><img loading=\"lazy\" decoding=\"async\" class=\"alignleft size-medium wp-image-138089\" src=\"https:\/\/newsestlyonnais.fr\/site\/wp-content\/uploads\/2021\/09\/Doc24-page-001-400x566.jpg\" alt=\"\" width=\"212\" height=\"300\" srcset=\"https:\/\/newsestlyonnais.fr\/site\/wp-content\/uploads\/2021\/09\/Doc24-page-001-400x566.jpg 400w, https:\/\/newsestlyonnais.fr\/site\/wp-content\/uploads\/2021\/09\/Doc24-page-001-650x920.jpg 650w, https:\/\/newsestlyonnais.fr\/site\/wp-content\/uploads\/2021\/09\/Doc24-page-001-250x354.jpg 250w, https:\/\/newsestlyonnais.fr\/site\/wp-content\/uploads\/2021\/09\/Doc24-page-001-768x1087.jpg 768w, https:\/\/newsestlyonnais.fr\/site\/wp-content\/uploads\/2021\/09\/Doc24-page-001-150x212.jpg 150w, https:\/\/newsestlyonnais.fr\/site\/wp-content\/uploads\/2021\/09\/Doc24-page-001-50x71.jpg 50w, https:\/\/newsestlyonnais.fr\/site\/wp-content\/uploads\/2021\/09\/Doc24-page-001-100x142.jpg 100w, https:\/\/newsestlyonnais.fr\/site\/wp-content\/uploads\/2021\/09\/Doc24-page-001-200x283.jpg 200w, https:\/\/newsestlyonnais.fr\/site\/wp-content\/uploads\/2021\/09\/Doc24-page-001-300x425.jpg 300w, https:\/\/newsestlyonnais.fr\/site\/wp-content\/uploads\/2021\/09\/Doc24-page-001-350x495.jpg 350w, https:\/\/newsestlyonnais.fr\/site\/wp-content\/uploads\/2021\/09\/Doc24-page-001-450x637.jpg 450w, https:\/\/newsestlyonnais.fr\/site\/wp-content\/uploads\/2021\/09\/Doc24-page-001-500x708.jpg 500w, https:\/\/newsestlyonnais.fr\/site\/wp-content\/uploads\/2021\/09\/Doc24-page-001-550x778.jpg 550w, https:\/\/newsestlyonnais.fr\/site\/wp-content\/uploads\/2021\/09\/Doc24-page-001-800x1132.jpg 800w, https:\/\/newsestlyonnais.fr\/site\/wp-content\/uploads\/2021\/09\/Doc24-page-001.jpg 848w\" sizes=\"auto, (max-width: 212px) 100vw, 212px\" \/><span style=\"background-color: #000000; color: #ffffff;\">Nicolas Pournin (pr\u00e9sident du club organisateur) : Vous attendiez 600 participants et pr\u00e8s de 400 triathl\u00e8tes \u00e9taient pr\u00e9sents, est-ce une d\u00e9ception ? <\/span>\u00a0\u00bb Oui et non, car il y a beaucoup d&rsquo;\u00e9preuves densifi\u00e9es en cette fin de saison, de la concurrence ce week-end dans la r\u00e9gion et aussi les \u00e9v\u00e8nements familiaux de septembre. Mais c&rsquo;est une tendance g\u00e9n\u00e9rale dans les organisations. On remercie tous ceux qui nous ont fait confiance, notamment le noyau de fid\u00e8les de l&rsquo;\u00e9preuve, dont plusieurs clubs de la r\u00e9gion venus en masse. Sans oublier nos b\u00e9n\u00e9voles et prestataires. On a eu la chance d&rsquo;avoir beau temps et les conditions naturelles \u00e9taient id\u00e9ales cette ann\u00e9e. Le lac n&rsquo;a jamais \u00e9t\u00e9 aussi haut, clair et sans algues \u00ab\u00a0.<\/p>\n<hr \/>\n<p><span style=\"background-color: #000000; color: #ffffff;\">Les vainqueurs : <\/span><\/p>\n<p><span style=\"background-color: #000000; color: #ffffff;\">Aquathlon S : <span style=\"color: #00ccff;\">Natation 1.000 m &amp; Course \u00e0 pied 5 km<\/span><br \/>\n<\/span><\/p>\n<p><strong>Raphael Julio<\/strong> (AL Echirolles Triathlon) 33&rsquo;07 &amp; <strong>Pauline Doulcet<\/strong> (St Priest Triathlon) 41&rsquo;33.<\/p>\n<p><span style=\"background-color: #000000; color: #ffffff;\">Triathlon S : <span style=\"color: #00ccff;\">Natation 500 m, VTT 10 km &amp; Course \u00e0 pied 4 km<\/span><\/span><\/p>\n<p><strong>Mathieu Bouvier-Belleville<\/strong> (Bourg en Bresse Triathlon) 43&rsquo;56 &amp; <strong>Marl\u00e8ne Pays<\/strong> (ASVEL Triathlon).<\/p>\n<p><span style=\"background-color: #000000; color: #ffffff;\">Relais \u00e0 4 XS : <span style=\"color: #00ccff;\">Natation 250 m, VTT 5 km &amp; Course \u00e0 pied 2 km<\/span><br \/>\n<\/span><\/p>\n<p><strong>Bande d\u00e9sorganis\u00e9e (Quentin Criado)<\/strong> en 1 h 35&rsquo;21 &amp; <strong>Bande d\u00e9sorganis\u00e9e<\/strong> <strong>2.0<\/strong> (Romane Sublet) en 1 h 50&rsquo;36.<\/p>\n<hr \/>\n<ul>\n<li><span style=\"font-size: 12pt;\"><em><strong>Classements complets : <span style=\"color: #0000ff;\"><a style=\"color: #0000ff;\" href=\"https:\/\/chronoconsult.fr\/result\/28eme-triathlon-de-vaulx-en-velin\/\">https:\/\/chronoconsult.fr\/result\/28eme-triathlon-de-vaulx-en-velin\/<\/a><\/span><\/strong><\/em><\/span><\/li>\n<\/ul>\n<hr \/>\n<hr \/>\n<div id='gallery-1' class='gallery galleryid-137958 gallery-columns-3 gallery-size-thumbnail'><figure class='gallery-item'>\n\t\t\t<div class='gallery-icon landscape'>\n\t\t\t\t<a href='https:\/\/newsestlyonnais.fr\/site\/2021\/09\/12\/vaulx-en-velin-pres-de-400-triathletes-ce-matin-au-grand-parc\/p1450600\/'><img loading=\"lazy\" decoding=\"async\" width=\"150\" height=\"113\" src=\"https:\/\/newsestlyonnais.fr\/site\/wp-content\/uploads\/2021\/09\/P1450600-250x188.jpg\" class=\"attachment-thumbnail size-thumbnail\" alt=\"\" aria-describedby=\"gallery-1-137985\" srcset=\"https:\/\/newsestlyonnais.fr\/site\/wp-content\/uploads\/2021\/09\/P1450600-250x188.jpg 250w, https:\/\/newsestlyonnais.fr\/site\/wp-content\/uploads\/2021\/09\/P1450600-400x300.jpg 400w, https:\/\/newsestlyonnais.fr\/site\/wp-content\/uploads\/2021\/09\/P1450600-650x488.jpg 650w, https:\/\/newsestlyonnais.fr\/site\/wp-content\/uploads\/2021\/09\/P1450600-768x576.jpg 768w, https:\/\/newsestlyonnais.fr\/site\/wp-content\/uploads\/2021\/09\/P1450600-150x113.jpg 150w, https:\/\/newsestlyonnais.fr\/site\/wp-content\/uploads\/2021\/09\/P1450600-50x38.jpg 50w, https:\/\/newsestlyonnais.fr\/site\/wp-content\/uploads\/2021\/09\/P1450600-100x75.jpg 100w, https:\/\/newsestlyonnais.fr\/site\/wp-content\/uploads\/2021\/09\/P1450600-200x150.jpg 200w, https:\/\/newsestlyonnais.fr\/site\/wp-content\/uploads\/2021\/09\/P1450600-300x225.jpg 300w, https:\/\/newsestlyonnais.fr\/site\/wp-content\/uploads\/2021\/09\/P1450600-350x263.jpg 350w, https:\/\/newsestlyonnais.fr\/site\/wp-content\/uploads\/2021\/09\/P1450600-450x338.jpg 450w, https:\/\/newsestlyonnais.fr\/site\/wp-content\/uploads\/2021\/09\/P1450600-500x375.jpg 500w, https:\/\/newsestlyonnais.fr\/site\/wp-content\/uploads\/2021\/09\/P1450600-550x413.jpg 550w, https:\/\/newsestlyonnais.fr\/site\/wp-content\/uploads\/2021\/09\/P1450600-800x600.jpg 800w, https:\/\/newsestlyonnais.fr\/site\/wp-content\/uploads\/2021\/09\/P1450600.jpg 1200w\" sizes=\"auto, (max-width: 150px) 100vw, 150px\" \/><\/a>\n\t\t\t<\/div>\n\t\t\t\t<figcaption class='wp-caption-text gallery-caption' id='gallery-1-137985'>\n\t\t\t\tD\u00e9part natation cross triathlon S\n\t\t\t\t<\/figcaption><\/figure><figure class='gallery-item'>\n\t\t\t<div class='gallery-icon landscape'>\n\t\t\t\t<a href='https:\/\/newsestlyonnais.fr\/site\/2021\/09\/12\/vaulx-en-velin-pres-de-400-triathletes-ce-matin-au-grand-parc\/p1450604\/'><img loading=\"lazy\" decoding=\"async\" width=\"150\" height=\"113\" src=\"https:\/\/newsestlyonnais.fr\/site\/wp-content\/uploads\/2021\/09\/P1450604-250x188.jpg\" class=\"attachment-thumbnail size-thumbnail\" alt=\"\" srcset=\"https:\/\/newsestlyonnais.fr\/site\/wp-content\/uploads\/2021\/09\/P1450604-250x188.jpg 250w, https:\/\/newsestlyonnais.fr\/site\/wp-content\/uploads\/2021\/09\/P1450604-400x300.jpg 400w, https:\/\/newsestlyonnais.fr\/site\/wp-content\/uploads\/2021\/09\/P1450604-650x488.jpg 650w, https:\/\/newsestlyonnais.fr\/site\/wp-content\/uploads\/2021\/09\/P1450604-768x576.jpg 768w, https:\/\/newsestlyonnais.fr\/site\/wp-content\/uploads\/2021\/09\/P1450604-150x113.jpg 150w, https:\/\/newsestlyonnais.fr\/site\/wp-content\/uploads\/2021\/09\/P1450604-50x38.jpg 50w, https:\/\/newsestlyonnais.fr\/site\/wp-content\/uploads\/2021\/09\/P1450604-100x75.jpg 100w, https:\/\/newsestlyonnais.fr\/site\/wp-content\/uploads\/2021\/09\/P1450604-200x150.jpg 200w, https:\/\/newsestlyonnais.fr\/site\/wp-content\/uploads\/2021\/09\/P1450604-300x225.jpg 300w, https:\/\/newsestlyonnais.fr\/site\/wp-content\/uploads\/2021\/09\/P1450604-350x263.jpg 350w, https:\/\/newsestlyonnais.fr\/site\/wp-content\/uploads\/2021\/09\/P1450604-450x338.jpg 450w, https:\/\/newsestlyonnais.fr\/site\/wp-content\/uploads\/2021\/09\/P1450604-500x375.jpg 500w, https:\/\/newsestlyonnais.fr\/site\/wp-content\/uploads\/2021\/09\/P1450604-550x413.jpg 550w, https:\/\/newsestlyonnais.fr\/site\/wp-content\/uploads\/2021\/09\/P1450604-800x600.jpg 800w, https:\/\/newsestlyonnais.fr\/site\/wp-content\/uploads\/2021\/09\/P1450604.jpg 1200w\" sizes=\"auto, (max-width: 150px) 100vw, 150px\" \/><\/a>\n\t\t\t<\/div><\/figure><figure class='gallery-item'>\n\t\t\t<div class='gallery-icon landscape'>\n\t\t\t\t<a href='https:\/\/newsestlyonnais.fr\/site\/2021\/09\/12\/vaulx-en-velin-pres-de-400-triathletes-ce-matin-au-grand-parc\/p1450619\/'><img loading=\"lazy\" decoding=\"async\" width=\"150\" height=\"113\" src=\"https:\/\/newsestlyonnais.fr\/site\/wp-content\/uploads\/2021\/09\/P1450619-250x188.jpg\" class=\"attachment-thumbnail size-thumbnail\" alt=\"\" srcset=\"https:\/\/newsestlyonnais.fr\/site\/wp-content\/uploads\/2021\/09\/P1450619-250x188.jpg 250w, https:\/\/newsestlyonnais.fr\/site\/wp-content\/uploads\/2021\/09\/P1450619-400x300.jpg 400w, https:\/\/newsestlyonnais.fr\/site\/wp-content\/uploads\/2021\/09\/P1450619-650x488.jpg 650w, https:\/\/newsestlyonnais.fr\/site\/wp-content\/uploads\/2021\/09\/P1450619-768x576.jpg 768w, https:\/\/newsestlyonnais.fr\/site\/wp-content\/uploads\/2021\/09\/P1450619-150x113.jpg 150w, https:\/\/newsestlyonnais.fr\/site\/wp-content\/uploads\/2021\/09\/P1450619-50x38.jpg 50w, https:\/\/newsestlyonnais.fr\/site\/wp-content\/uploads\/2021\/09\/P1450619-100x75.jpg 100w, https:\/\/newsestlyonnais.fr\/site\/wp-content\/uploads\/2021\/09\/P1450619-200x150.jpg 200w, https:\/\/newsestlyonnais.fr\/site\/wp-content\/uploads\/2021\/09\/P1450619-300x225.jpg 300w, https:\/\/newsestlyonnais.fr\/site\/wp-content\/uploads\/2021\/09\/P1450619-350x263.jpg 350w, https:\/\/newsestlyonnais.fr\/site\/wp-content\/uploads\/2021\/09\/P1450619-450x338.jpg 450w, https:\/\/newsestlyonnais.fr\/site\/wp-content\/uploads\/2021\/09\/P1450619-500x375.jpg 500w, https:\/\/newsestlyonnais.fr\/site\/wp-content\/uploads\/2021\/09\/P1450619-550x413.jpg 550w, https:\/\/newsestlyonnais.fr\/site\/wp-content\/uploads\/2021\/09\/P1450619-800x600.jpg 800w, https:\/\/newsestlyonnais.fr\/site\/wp-content\/uploads\/2021\/09\/P1450619.jpg 1200w\" sizes=\"auto, (max-width: 150px) 100vw, 150px\" \/><\/a>\n\t\t\t<\/div><\/figure><figure class='gallery-item'>\n\t\t\t<div class='gallery-icon landscape'>\n\t\t\t\t<a href='https:\/\/newsestlyonnais.fr\/site\/2021\/09\/12\/vaulx-en-velin-pres-de-400-triathletes-ce-matin-au-grand-parc\/p1450677\/'><img loading=\"lazy\" decoding=\"async\" width=\"150\" height=\"113\" src=\"https:\/\/newsestlyonnais.fr\/site\/wp-content\/uploads\/2021\/09\/P1450677-250x188.jpg\" class=\"attachment-thumbnail size-thumbnail\" alt=\"\" srcset=\"https:\/\/newsestlyonnais.fr\/site\/wp-content\/uploads\/2021\/09\/P1450677-250x188.jpg 250w, https:\/\/newsestlyonnais.fr\/site\/wp-content\/uploads\/2021\/09\/P1450677-400x300.jpg 400w, https:\/\/newsestlyonnais.fr\/site\/wp-content\/uploads\/2021\/09\/P1450677-650x488.jpg 650w, https:\/\/newsestlyonnais.fr\/site\/wp-content\/uploads\/2021\/09\/P1450677-768x576.jpg 768w, https:\/\/newsestlyonnais.fr\/site\/wp-content\/uploads\/2021\/09\/P1450677-150x113.jpg 150w, https:\/\/newsestlyonnais.fr\/site\/wp-content\/uploads\/2021\/09\/P1450677-50x38.jpg 50w, https:\/\/newsestlyonnais.fr\/site\/wp-content\/uploads\/2021\/09\/P1450677-100x75.jpg 100w, https:\/\/newsestlyonnais.fr\/site\/wp-content\/uploads\/2021\/09\/P1450677-200x150.jpg 200w, https:\/\/newsestlyonnais.fr\/site\/wp-content\/uploads\/2021\/09\/P1450677-300x225.jpg 300w, https:\/\/newsestlyonnais.fr\/site\/wp-content\/uploads\/2021\/09\/P1450677-350x263.jpg 350w, https:\/\/newsestlyonnais.fr\/site\/wp-content\/uploads\/2021\/09\/P1450677-450x338.jpg 450w, https:\/\/newsestlyonnais.fr\/site\/wp-content\/uploads\/2021\/09\/P1450677-500x375.jpg 500w, https:\/\/newsestlyonnais.fr\/site\/wp-content\/uploads\/2021\/09\/P1450677-550x413.jpg 550w, https:\/\/newsestlyonnais.fr\/site\/wp-content\/uploads\/2021\/09\/P1450677-800x600.jpg 800w, https:\/\/newsestlyonnais.fr\/site\/wp-content\/uploads\/2021\/09\/P1450677.jpg 1200w\" sizes=\"auto, (max-width: 150px) 100vw, 150px\" \/><\/a>\n\t\t\t<\/div><\/figure><figure class='gallery-item'>\n\t\t\t<div class='gallery-icon landscape'>\n\t\t\t\t<a href='https:\/\/newsestlyonnais.fr\/site\/2021\/09\/12\/vaulx-en-velin-pres-de-400-triathletes-ce-matin-au-grand-parc\/p1450682\/'><img loading=\"lazy\" decoding=\"async\" width=\"150\" height=\"113\" src=\"https:\/\/newsestlyonnais.fr\/site\/wp-content\/uploads\/2021\/09\/P1450682-250x188.jpg\" class=\"attachment-thumbnail size-thumbnail\" alt=\"\" aria-describedby=\"gallery-1-137988\" srcset=\"https:\/\/newsestlyonnais.fr\/site\/wp-content\/uploads\/2021\/09\/P1450682-250x188.jpg 250w, https:\/\/newsestlyonnais.fr\/site\/wp-content\/uploads\/2021\/09\/P1450682-400x300.jpg 400w, https:\/\/newsestlyonnais.fr\/site\/wp-content\/uploads\/2021\/09\/P1450682-650x488.jpg 650w, https:\/\/newsestlyonnais.fr\/site\/wp-content\/uploads\/2021\/09\/P1450682-768x576.jpg 768w, https:\/\/newsestlyonnais.fr\/site\/wp-content\/uploads\/2021\/09\/P1450682-150x113.jpg 150w, https:\/\/newsestlyonnais.fr\/site\/wp-content\/uploads\/2021\/09\/P1450682-50x38.jpg 50w, https:\/\/newsestlyonnais.fr\/site\/wp-content\/uploads\/2021\/09\/P1450682-100x75.jpg 100w, https:\/\/newsestlyonnais.fr\/site\/wp-content\/uploads\/2021\/09\/P1450682-200x150.jpg 200w, https:\/\/newsestlyonnais.fr\/site\/wp-content\/uploads\/2021\/09\/P1450682-300x225.jpg 300w, https:\/\/newsestlyonnais.fr\/site\/wp-content\/uploads\/2021\/09\/P1450682-350x263.jpg 350w, https:\/\/newsestlyonnais.fr\/site\/wp-content\/uploads\/2021\/09\/P1450682-450x338.jpg 450w, https:\/\/newsestlyonnais.fr\/site\/wp-content\/uploads\/2021\/09\/P1450682-500x375.jpg 500w, https:\/\/newsestlyonnais.fr\/site\/wp-content\/uploads\/2021\/09\/P1450682-550x413.jpg 550w, https:\/\/newsestlyonnais.fr\/site\/wp-content\/uploads\/2021\/09\/P1450682-800x600.jpg 800w, https:\/\/newsestlyonnais.fr\/site\/wp-content\/uploads\/2021\/09\/P1450682.jpg 1200w\" sizes=\"auto, (max-width: 150px) 100vw, 150px\" \/><\/a>\n\t\t\t<\/div>\n\t\t\t\t<figcaption class='wp-caption-text gallery-caption' id='gallery-1-137988'>\n\t\t\t\tMathieu Bouvier-Belleville remporte le cross S\n\t\t\t\t<\/figcaption><\/figure><figure class='gallery-item'>\n\t\t\t<div class='gallery-icon landscape'>\n\t\t\t\t<a href='https:\/\/newsestlyonnais.fr\/site\/2021\/09\/12\/vaulx-en-velin-pres-de-400-triathletes-ce-matin-au-grand-parc\/p1450585\/'><img loading=\"lazy\" decoding=\"async\" width=\"150\" height=\"113\" src=\"https:\/\/newsestlyonnais.fr\/site\/wp-content\/uploads\/2021\/09\/P1450585-250x188.jpg\" class=\"attachment-thumbnail size-thumbnail\" alt=\"\" aria-describedby=\"gallery-1-137981\" srcset=\"https:\/\/newsestlyonnais.fr\/site\/wp-content\/uploads\/2021\/09\/P1450585-250x188.jpg 250w, https:\/\/newsestlyonnais.fr\/site\/wp-content\/uploads\/2021\/09\/P1450585-400x300.jpg 400w, https:\/\/newsestlyonnais.fr\/site\/wp-content\/uploads\/2021\/09\/P1450585-650x488.jpg 650w, https:\/\/newsestlyonnais.fr\/site\/wp-content\/uploads\/2021\/09\/P1450585-768x576.jpg 768w, https:\/\/newsestlyonnais.fr\/site\/wp-content\/uploads\/2021\/09\/P1450585-150x113.jpg 150w, https:\/\/newsestlyonnais.fr\/site\/wp-content\/uploads\/2021\/09\/P1450585-50x38.jpg 50w, https:\/\/newsestlyonnais.fr\/site\/wp-content\/uploads\/2021\/09\/P1450585-100x75.jpg 100w, https:\/\/newsestlyonnais.fr\/site\/wp-content\/uploads\/2021\/09\/P1450585-200x150.jpg 200w, https:\/\/newsestlyonnais.fr\/site\/wp-content\/uploads\/2021\/09\/P1450585-300x225.jpg 300w, https:\/\/newsestlyonnais.fr\/site\/wp-content\/uploads\/2021\/09\/P1450585-350x263.jpg 350w, https:\/\/newsestlyonnais.fr\/site\/wp-content\/uploads\/2021\/09\/P1450585-450x338.jpg 450w, https:\/\/newsestlyonnais.fr\/site\/wp-content\/uploads\/2021\/09\/P1450585-500x375.jpg 500w, https:\/\/newsestlyonnais.fr\/site\/wp-content\/uploads\/2021\/09\/P1450585-550x413.jpg 550w, https:\/\/newsestlyonnais.fr\/site\/wp-content\/uploads\/2021\/09\/P1450585-800x600.jpg 800w, https:\/\/newsestlyonnais.fr\/site\/wp-content\/uploads\/2021\/09\/P1450585.jpg 1200w\" sizes=\"auto, (max-width: 150px) 100vw, 150px\" \/><\/a>\n\t\t\t<\/div>\n\t\t\t\t<figcaption class='wp-caption-text gallery-caption' id='gallery-1-137981'>\n\t\t\t\tPauline Doulcet vient de remporter l&rsquo;aquathlon S\n\t\t\t\t<\/figcaption><\/figure><figure class='gallery-item'>\n\t\t\t<div class='gallery-icon landscape'>\n\t\t\t\t<a href='https:\/\/newsestlyonnais.fr\/site\/2021\/09\/12\/vaulx-en-velin-pres-de-400-triathletes-ce-matin-au-grand-parc\/p1450578\/'><img loading=\"lazy\" decoding=\"async\" width=\"150\" height=\"113\" src=\"https:\/\/newsestlyonnais.fr\/site\/wp-content\/uploads\/2021\/09\/P1450578-250x188.jpg\" class=\"attachment-thumbnail size-thumbnail\" alt=\"\" aria-describedby=\"gallery-1-138001\" srcset=\"https:\/\/newsestlyonnais.fr\/site\/wp-content\/uploads\/2021\/09\/P1450578-250x188.jpg 250w, https:\/\/newsestlyonnais.fr\/site\/wp-content\/uploads\/2021\/09\/P1450578-400x300.jpg 400w, https:\/\/newsestlyonnais.fr\/site\/wp-content\/uploads\/2021\/09\/P1450578-650x488.jpg 650w, https:\/\/newsestlyonnais.fr\/site\/wp-content\/uploads\/2021\/09\/P1450578-768x576.jpg 768w, https:\/\/newsestlyonnais.fr\/site\/wp-content\/uploads\/2021\/09\/P1450578-150x113.jpg 150w, https:\/\/newsestlyonnais.fr\/site\/wp-content\/uploads\/2021\/09\/P1450578-50x38.jpg 50w, https:\/\/newsestlyonnais.fr\/site\/wp-content\/uploads\/2021\/09\/P1450578-100x75.jpg 100w, https:\/\/newsestlyonnais.fr\/site\/wp-content\/uploads\/2021\/09\/P1450578-200x150.jpg 200w, https:\/\/newsestlyonnais.fr\/site\/wp-content\/uploads\/2021\/09\/P1450578-300x225.jpg 300w, https:\/\/newsestlyonnais.fr\/site\/wp-content\/uploads\/2021\/09\/P1450578-350x263.jpg 350w, https:\/\/newsestlyonnais.fr\/site\/wp-content\/uploads\/2021\/09\/P1450578-450x338.jpg 450w, https:\/\/newsestlyonnais.fr\/site\/wp-content\/uploads\/2021\/09\/P1450578-500x375.jpg 500w, https:\/\/newsestlyonnais.fr\/site\/wp-content\/uploads\/2021\/09\/P1450578-550x413.jpg 550w, https:\/\/newsestlyonnais.fr\/site\/wp-content\/uploads\/2021\/09\/P1450578-800x600.jpg 800w, https:\/\/newsestlyonnais.fr\/site\/wp-content\/uploads\/2021\/09\/P1450578.jpg 1200w\" sizes=\"auto, (max-width: 150px) 100vw, 150px\" \/><\/a>\n\t\t\t<\/div>\n\t\t\t\t<figcaption class='wp-caption-text gallery-caption' id='gallery-1-138001'>\n\t\t\t\tRaphael Julio vainqueur de l&rsquo;aquathlon S\n\t\t\t\t<\/figcaption><\/figure><figure class='gallery-item'>\n\t\t\t<div class='gallery-icon landscape'>\n\t\t\t\t<a href='https:\/\/newsestlyonnais.fr\/site\/2021\/09\/12\/vaulx-en-velin-pres-de-400-triathletes-ce-matin-au-grand-parc\/p1450690\/'><img loading=\"lazy\" decoding=\"async\" width=\"150\" height=\"113\" src=\"https:\/\/newsestlyonnais.fr\/site\/wp-content\/uploads\/2021\/09\/P1450690-250x188.jpg\" class=\"attachment-thumbnail size-thumbnail\" alt=\"\" aria-describedby=\"gallery-1-137989\" srcset=\"https:\/\/newsestlyonnais.fr\/site\/wp-content\/uploads\/2021\/09\/P1450690-250x188.jpg 250w, https:\/\/newsestlyonnais.fr\/site\/wp-content\/uploads\/2021\/09\/P1450690-400x300.jpg 400w, https:\/\/newsestlyonnais.fr\/site\/wp-content\/uploads\/2021\/09\/P1450690-650x488.jpg 650w, https:\/\/newsestlyonnais.fr\/site\/wp-content\/uploads\/2021\/09\/P1450690-768x576.jpg 768w, https:\/\/newsestlyonnais.fr\/site\/wp-content\/uploads\/2021\/09\/P1450690-150x113.jpg 150w, https:\/\/newsestlyonnais.fr\/site\/wp-content\/uploads\/2021\/09\/P1450690-50x38.jpg 50w, https:\/\/newsestlyonnais.fr\/site\/wp-content\/uploads\/2021\/09\/P1450690-100x75.jpg 100w, https:\/\/newsestlyonnais.fr\/site\/wp-content\/uploads\/2021\/09\/P1450690-200x150.jpg 200w, https:\/\/newsestlyonnais.fr\/site\/wp-content\/uploads\/2021\/09\/P1450690-300x225.jpg 300w, https:\/\/newsestlyonnais.fr\/site\/wp-content\/uploads\/2021\/09\/P1450690-350x263.jpg 350w, https:\/\/newsestlyonnais.fr\/site\/wp-content\/uploads\/2021\/09\/P1450690-450x338.jpg 450w, https:\/\/newsestlyonnais.fr\/site\/wp-content\/uploads\/2021\/09\/P1450690-500x375.jpg 500w, https:\/\/newsestlyonnais.fr\/site\/wp-content\/uploads\/2021\/09\/P1450690-550x413.jpg 550w, https:\/\/newsestlyonnais.fr\/site\/wp-content\/uploads\/2021\/09\/P1450690-800x600.jpg 800w, https:\/\/newsestlyonnais.fr\/site\/wp-content\/uploads\/2021\/09\/P1450690.jpg 1200w\" sizes=\"auto, (max-width: 150px) 100vw, 150px\" \/><\/a>\n\t\t\t<\/div>\n\t\t\t\t<figcaption class='wp-caption-text gallery-caption' id='gallery-1-137989'>\n\t\t\t\tMarl\u00e8ne Pays remporte le cross S\n\t\t\t\t<\/figcaption><\/figure><figure class='gallery-item'>\n\t\t\t<div class='gallery-icon portrait'>\n\t\t\t\t<a href='https:\/\/newsestlyonnais.fr\/site\/2021\/09\/12\/vaulx-en-velin-pres-de-400-triathletes-ce-matin-au-grand-parc\/p1450653\/'><img loading=\"lazy\" decoding=\"async\" width=\"113\" height=\"150\" src=\"https:\/\/newsestlyonnais.fr\/site\/wp-content\/uploads\/2021\/09\/P1450653-250x333.jpg\" class=\"attachment-thumbnail size-thumbnail\" alt=\"\" aria-describedby=\"gallery-1-137987\" srcset=\"https:\/\/newsestlyonnais.fr\/site\/wp-content\/uploads\/2021\/09\/P1450653-250x333.jpg 250w, https:\/\/newsestlyonnais.fr\/site\/wp-content\/uploads\/2021\/09\/P1450653-400x533.jpg 400w, https:\/\/newsestlyonnais.fr\/site\/wp-content\/uploads\/2021\/09\/P1450653-650x867.jpg 650w, https:\/\/newsestlyonnais.fr\/site\/wp-content\/uploads\/2021\/09\/P1450653-768x1024.jpg 768w, https:\/\/newsestlyonnais.fr\/site\/wp-content\/uploads\/2021\/09\/P1450653-150x200.jpg 150w, https:\/\/newsestlyonnais.fr\/site\/wp-content\/uploads\/2021\/09\/P1450653-50x67.jpg 50w, https:\/\/newsestlyonnais.fr\/site\/wp-content\/uploads\/2021\/09\/P1450653-100x133.jpg 100w, https:\/\/newsestlyonnais.fr\/site\/wp-content\/uploads\/2021\/09\/P1450653-200x267.jpg 200w, https:\/\/newsestlyonnais.fr\/site\/wp-content\/uploads\/2021\/09\/P1450653-300x400.jpg 300w, https:\/\/newsestlyonnais.fr\/site\/wp-content\/uploads\/2021\/09\/P1450653-350x467.jpg 350w, https:\/\/newsestlyonnais.fr\/site\/wp-content\/uploads\/2021\/09\/P1450653-450x600.jpg 450w, https:\/\/newsestlyonnais.fr\/site\/wp-content\/uploads\/2021\/09\/P1450653-500x667.jpg 500w, https:\/\/newsestlyonnais.fr\/site\/wp-content\/uploads\/2021\/09\/P1450653-550x733.jpg 550w, https:\/\/newsestlyonnais.fr\/site\/wp-content\/uploads\/2021\/09\/P1450653-800x1067.jpg 800w, https:\/\/newsestlyonnais.fr\/site\/wp-content\/uploads\/2021\/09\/P1450653.jpg 900w\" sizes=\"auto, (max-width: 113px) 100vw, 113px\" \/><\/a>\n\t\t\t<\/div>\n\t\t\t\t<figcaption class='wp-caption-text gallery-caption' id='gallery-1-137987'>\n\t\t\t\tArriv\u00e9e de la derni\u00e8re concurrente de l&rsquo;Aquathlon S\n\t\t\t\t<\/figcaption><\/figure><figure class='gallery-item'>\n\t\t\t<div class='gallery-icon landscape'>\n\t\t\t\t<a href='https:\/\/newsestlyonnais.fr\/site\/2021\/09\/12\/vaulx-en-velin-pres-de-400-triathletes-ce-matin-au-grand-parc\/p1450701\/'><img loading=\"lazy\" decoding=\"async\" width=\"150\" height=\"113\" src=\"https:\/\/newsestlyonnais.fr\/site\/wp-content\/uploads\/2021\/09\/P1450701-250x188.jpg\" class=\"attachment-thumbnail size-thumbnail\" alt=\"\" aria-describedby=\"gallery-1-138006\" srcset=\"https:\/\/newsestlyonnais.fr\/site\/wp-content\/uploads\/2021\/09\/P1450701-250x188.jpg 250w, https:\/\/newsestlyonnais.fr\/site\/wp-content\/uploads\/2021\/09\/P1450701-400x300.jpg 400w, https:\/\/newsestlyonnais.fr\/site\/wp-content\/uploads\/2021\/09\/P1450701-650x488.jpg 650w, https:\/\/newsestlyonnais.fr\/site\/wp-content\/uploads\/2021\/09\/P1450701-768x576.jpg 768w, https:\/\/newsestlyonnais.fr\/site\/wp-content\/uploads\/2021\/09\/P1450701-150x113.jpg 150w, https:\/\/newsestlyonnais.fr\/site\/wp-content\/uploads\/2021\/09\/P1450701-50x38.jpg 50w, https:\/\/newsestlyonnais.fr\/site\/wp-content\/uploads\/2021\/09\/P1450701-100x75.jpg 100w, https:\/\/newsestlyonnais.fr\/site\/wp-content\/uploads\/2021\/09\/P1450701-200x150.jpg 200w, https:\/\/newsestlyonnais.fr\/site\/wp-content\/uploads\/2021\/09\/P1450701-300x225.jpg 300w, https:\/\/newsestlyonnais.fr\/site\/wp-content\/uploads\/2021\/09\/P1450701-350x263.jpg 350w, https:\/\/newsestlyonnais.fr\/site\/wp-content\/uploads\/2021\/09\/P1450701-450x338.jpg 450w, https:\/\/newsestlyonnais.fr\/site\/wp-content\/uploads\/2021\/09\/P1450701-500x375.jpg 500w, https:\/\/newsestlyonnais.fr\/site\/wp-content\/uploads\/2021\/09\/P1450701-550x413.jpg 550w, https:\/\/newsestlyonnais.fr\/site\/wp-content\/uploads\/2021\/09\/P1450701-800x600.jpg 800w, https:\/\/newsestlyonnais.fr\/site\/wp-content\/uploads\/2021\/09\/P1450701.jpg 1200w\" sizes=\"auto, (max-width: 150px) 100vw, 150px\" \/><\/a>\n\t\t\t<\/div>\n\t\t\t\t<figcaption class='wp-caption-text gallery-caption' id='gallery-1-138006'>\n\t\t\t\tPodium f\u00e9minin de l&rsquo;aquathlon\n\t\t\t\t<\/figcaption><\/figure><figure class='gallery-item'>\n\t\t\t<div class='gallery-icon landscape'>\n\t\t\t\t<a href='https:\/\/newsestlyonnais.fr\/site\/2021\/09\/12\/vaulx-en-velin-pres-de-400-triathletes-ce-matin-au-grand-parc\/p1450703\/'><img loading=\"lazy\" decoding=\"async\" width=\"150\" height=\"113\" src=\"https:\/\/newsestlyonnais.fr\/site\/wp-content\/uploads\/2021\/09\/P1450703-250x188.jpg\" class=\"attachment-thumbnail size-thumbnail\" alt=\"\" aria-describedby=\"gallery-1-138008\" srcset=\"https:\/\/newsestlyonnais.fr\/site\/wp-content\/uploads\/2021\/09\/P1450703-250x188.jpg 250w, https:\/\/newsestlyonnais.fr\/site\/wp-content\/uploads\/2021\/09\/P1450703-400x300.jpg 400w, https:\/\/newsestlyonnais.fr\/site\/wp-content\/uploads\/2021\/09\/P1450703-650x488.jpg 650w, https:\/\/newsestlyonnais.fr\/site\/wp-content\/uploads\/2021\/09\/P1450703-768x576.jpg 768w, https:\/\/newsestlyonnais.fr\/site\/wp-content\/uploads\/2021\/09\/P1450703-150x113.jpg 150w, https:\/\/newsestlyonnais.fr\/site\/wp-content\/uploads\/2021\/09\/P1450703-50x38.jpg 50w, https:\/\/newsestlyonnais.fr\/site\/wp-content\/uploads\/2021\/09\/P1450703-100x75.jpg 100w, https:\/\/newsestlyonnais.fr\/site\/wp-content\/uploads\/2021\/09\/P1450703-200x150.jpg 200w, https:\/\/newsestlyonnais.fr\/site\/wp-content\/uploads\/2021\/09\/P1450703-300x225.jpg 300w, https:\/\/newsestlyonnais.fr\/site\/wp-content\/uploads\/2021\/09\/P1450703-350x263.jpg 350w, https:\/\/newsestlyonnais.fr\/site\/wp-content\/uploads\/2021\/09\/P1450703-450x338.jpg 450w, https:\/\/newsestlyonnais.fr\/site\/wp-content\/uploads\/2021\/09\/P1450703-500x375.jpg 500w, https:\/\/newsestlyonnais.fr\/site\/wp-content\/uploads\/2021\/09\/P1450703-550x413.jpg 550w, https:\/\/newsestlyonnais.fr\/site\/wp-content\/uploads\/2021\/09\/P1450703-800x600.jpg 800w, https:\/\/newsestlyonnais.fr\/site\/wp-content\/uploads\/2021\/09\/P1450703.jpg 1200w\" sizes=\"auto, (max-width: 150px) 100vw, 150px\" \/><\/a>\n\t\t\t<\/div>\n\t\t\t\t<figcaption class='wp-caption-text gallery-caption' id='gallery-1-138008'>\n\t\t\t\tEt le podium masculin\n\t\t\t\t<\/figcaption><\/figure><figure class='gallery-item'>\n\t\t\t<div class='gallery-icon landscape'>\n\t\t\t\t<a href='https:\/\/newsestlyonnais.fr\/site\/2021\/09\/12\/vaulx-en-velin-pres-de-400-triathletes-ce-matin-au-grand-parc\/p1450710\/'><img loading=\"lazy\" decoding=\"async\" width=\"150\" height=\"113\" src=\"https:\/\/newsestlyonnais.fr\/site\/wp-content\/uploads\/2021\/09\/P1450710-250x188.jpg\" class=\"attachment-thumbnail size-thumbnail\" alt=\"\" srcset=\"https:\/\/newsestlyonnais.fr\/site\/wp-content\/uploads\/2021\/09\/P1450710-250x188.jpg 250w, https:\/\/newsestlyonnais.fr\/site\/wp-content\/uploads\/2021\/09\/P1450710-400x300.jpg 400w, https:\/\/newsestlyonnais.fr\/site\/wp-content\/uploads\/2021\/09\/P1450710-650x488.jpg 650w, https:\/\/newsestlyonnais.fr\/site\/wp-content\/uploads\/2021\/09\/P1450710-768x576.jpg 768w, https:\/\/newsestlyonnais.fr\/site\/wp-content\/uploads\/2021\/09\/P1450710-150x113.jpg 150w, https:\/\/newsestlyonnais.fr\/site\/wp-content\/uploads\/2021\/09\/P1450710-50x38.jpg 50w, https:\/\/newsestlyonnais.fr\/site\/wp-content\/uploads\/2021\/09\/P1450710-100x75.jpg 100w, https:\/\/newsestlyonnais.fr\/site\/wp-content\/uploads\/2021\/09\/P1450710-200x150.jpg 200w, https:\/\/newsestlyonnais.fr\/site\/wp-content\/uploads\/2021\/09\/P1450710-300x225.jpg 300w, https:\/\/newsestlyonnais.fr\/site\/wp-content\/uploads\/2021\/09\/P1450710-350x263.jpg 350w, https:\/\/newsestlyonnais.fr\/site\/wp-content\/uploads\/2021\/09\/P1450710-450x338.jpg 450w, https:\/\/newsestlyonnais.fr\/site\/wp-content\/uploads\/2021\/09\/P1450710-500x375.jpg 500w, https:\/\/newsestlyonnais.fr\/site\/wp-content\/uploads\/2021\/09\/P1450710-550x413.jpg 550w, https:\/\/newsestlyonnais.fr\/site\/wp-content\/uploads\/2021\/09\/P1450710-800x600.jpg 800w, https:\/\/newsestlyonnais.fr\/site\/wp-content\/uploads\/2021\/09\/P1450710.jpg 1200w\" sizes=\"auto, (max-width: 150px) 100vw, 150px\" \/><\/a>\n\t\t\t<\/div><\/figure><figure class='gallery-item'>\n\t\t\t<div class='gallery-icon landscape'>\n\t\t\t\t<a href='https:\/\/newsestlyonnais.fr\/site\/2021\/09\/12\/vaulx-en-velin-pres-de-400-triathletes-ce-matin-au-grand-parc\/p1450721\/'><img loading=\"lazy\" decoding=\"async\" width=\"150\" height=\"113\" src=\"https:\/\/newsestlyonnais.fr\/site\/wp-content\/uploads\/2021\/09\/P1450721-250x188.jpg\" class=\"attachment-thumbnail size-thumbnail\" alt=\"\" srcset=\"https:\/\/newsestlyonnais.fr\/site\/wp-content\/uploads\/2021\/09\/P1450721-250x188.jpg 250w, https:\/\/newsestlyonnais.fr\/site\/wp-content\/uploads\/2021\/09\/P1450721-400x300.jpg 400w, https:\/\/newsestlyonnais.fr\/site\/wp-content\/uploads\/2021\/09\/P1450721-650x488.jpg 650w, https:\/\/newsestlyonnais.fr\/site\/wp-content\/uploads\/2021\/09\/P1450721-768x576.jpg 768w, https:\/\/newsestlyonnais.fr\/site\/wp-content\/uploads\/2021\/09\/P1450721-150x113.jpg 150w, https:\/\/newsestlyonnais.fr\/site\/wp-content\/uploads\/2021\/09\/P1450721-50x38.jpg 50w, https:\/\/newsestlyonnais.fr\/site\/wp-content\/uploads\/2021\/09\/P1450721-100x75.jpg 100w, https:\/\/newsestlyonnais.fr\/site\/wp-content\/uploads\/2021\/09\/P1450721-200x150.jpg 200w, https:\/\/newsestlyonnais.fr\/site\/wp-content\/uploads\/2021\/09\/P1450721-300x225.jpg 300w, https:\/\/newsestlyonnais.fr\/site\/wp-content\/uploads\/2021\/09\/P1450721-350x263.jpg 350w, https:\/\/newsestlyonnais.fr\/site\/wp-content\/uploads\/2021\/09\/P1450721-450x338.jpg 450w, https:\/\/newsestlyonnais.fr\/site\/wp-content\/uploads\/2021\/09\/P1450721-500x375.jpg 500w, https:\/\/newsestlyonnais.fr\/site\/wp-content\/uploads\/2021\/09\/P1450721-550x413.jpg 550w, https:\/\/newsestlyonnais.fr\/site\/wp-content\/uploads\/2021\/09\/P1450721-800x600.jpg 800w, https:\/\/newsestlyonnais.fr\/site\/wp-content\/uploads\/2021\/09\/P1450721.jpg 1200w\" sizes=\"auto, (max-width: 150px) 100vw, 150px\" \/><\/a>\n\t\t\t<\/div><\/figure><figure class='gallery-item'>\n\t\t\t<div class='gallery-icon landscape'>\n\t\t\t\t<a href='https:\/\/newsestlyonnais.fr\/site\/2021\/09\/12\/vaulx-en-velin-pres-de-400-triathletes-ce-matin-au-grand-parc\/p1450590\/'><img loading=\"lazy\" decoding=\"async\" width=\"150\" height=\"113\" src=\"https:\/\/newsestlyonnais.fr\/site\/wp-content\/uploads\/2021\/09\/P1450590-250x188.jpg\" class=\"attachment-thumbnail size-thumbnail\" alt=\"\" aria-describedby=\"gallery-1-137982\" srcset=\"https:\/\/newsestlyonnais.fr\/site\/wp-content\/uploads\/2021\/09\/P1450590-250x188.jpg 250w, https:\/\/newsestlyonnais.fr\/site\/wp-content\/uploads\/2021\/09\/P1450590-400x300.jpg 400w, https:\/\/newsestlyonnais.fr\/site\/wp-content\/uploads\/2021\/09\/P1450590-650x488.jpg 650w, https:\/\/newsestlyonnais.fr\/site\/wp-content\/uploads\/2021\/09\/P1450590-768x576.jpg 768w, https:\/\/newsestlyonnais.fr\/site\/wp-content\/uploads\/2021\/09\/P1450590-150x113.jpg 150w, https:\/\/newsestlyonnais.fr\/site\/wp-content\/uploads\/2021\/09\/P1450590-50x38.jpg 50w, https:\/\/newsestlyonnais.fr\/site\/wp-content\/uploads\/2021\/09\/P1450590-100x75.jpg 100w, https:\/\/newsestlyonnais.fr\/site\/wp-content\/uploads\/2021\/09\/P1450590-200x150.jpg 200w, https:\/\/newsestlyonnais.fr\/site\/wp-content\/uploads\/2021\/09\/P1450590-300x225.jpg 300w, https:\/\/newsestlyonnais.fr\/site\/wp-content\/uploads\/2021\/09\/P1450590-350x263.jpg 350w, https:\/\/newsestlyonnais.fr\/site\/wp-content\/uploads\/2021\/09\/P1450590-450x338.jpg 450w, https:\/\/newsestlyonnais.fr\/site\/wp-content\/uploads\/2021\/09\/P1450590-500x375.jpg 500w, https:\/\/newsestlyonnais.fr\/site\/wp-content\/uploads\/2021\/09\/P1450590-550x413.jpg 550w, https:\/\/newsestlyonnais.fr\/site\/wp-content\/uploads\/2021\/09\/P1450590-800x600.jpg 800w, https:\/\/newsestlyonnais.fr\/site\/wp-content\/uploads\/2021\/09\/P1450590.jpg 1200w\" sizes=\"auto, (max-width: 150px) 100vw, 150px\" \/><\/a>\n\t\t\t<\/div>\n\t\t\t\t<figcaption class='wp-caption-text gallery-caption' id='gallery-1-137982'>\n\t\t\t\tStephan Doulcet (Pt St Priest Triathlon) et sa fille Pauline\n\t\t\t\t<\/figcaption><\/figure><figure class='gallery-item'>\n\t\t\t<div class='gallery-icon landscape'>\n\t\t\t\t<a href='https:\/\/newsestlyonnais.fr\/site\/2021\/09\/12\/vaulx-en-velin-pres-de-400-triathletes-ce-matin-au-grand-parc\/p1450591\/'><img loading=\"lazy\" decoding=\"async\" width=\"150\" height=\"113\" src=\"https:\/\/newsestlyonnais.fr\/site\/wp-content\/uploads\/2021\/09\/P1450591-250x188.jpg\" class=\"attachment-thumbnail size-thumbnail\" alt=\"C\u00e9dric Frno (St Priest) et Yves Brunon (Asvel Tri)\" aria-describedby=\"gallery-1-137983\" srcset=\"https:\/\/newsestlyonnais.fr\/site\/wp-content\/uploads\/2021\/09\/P1450591-250x188.jpg 250w, https:\/\/newsestlyonnais.fr\/site\/wp-content\/uploads\/2021\/09\/P1450591-400x300.jpg 400w, https:\/\/newsestlyonnais.fr\/site\/wp-content\/uploads\/2021\/09\/P1450591-650x488.jpg 650w, https:\/\/newsestlyonnais.fr\/site\/wp-content\/uploads\/2021\/09\/P1450591-768x576.jpg 768w, https:\/\/newsestlyonnais.fr\/site\/wp-content\/uploads\/2021\/09\/P1450591-150x113.jpg 150w, https:\/\/newsestlyonnais.fr\/site\/wp-content\/uploads\/2021\/09\/P1450591-50x38.jpg 50w, https:\/\/newsestlyonnais.fr\/site\/wp-content\/uploads\/2021\/09\/P1450591-100x75.jpg 100w, https:\/\/newsestlyonnais.fr\/site\/wp-content\/uploads\/2021\/09\/P1450591-200x150.jpg 200w, https:\/\/newsestlyonnais.fr\/site\/wp-content\/uploads\/2021\/09\/P1450591-300x225.jpg 300w, https:\/\/newsestlyonnais.fr\/site\/wp-content\/uploads\/2021\/09\/P1450591-350x263.jpg 350w, https:\/\/newsestlyonnais.fr\/site\/wp-content\/uploads\/2021\/09\/P1450591-450x338.jpg 450w, https:\/\/newsestlyonnais.fr\/site\/wp-content\/uploads\/2021\/09\/P1450591-500x375.jpg 500w, https:\/\/newsestlyonnais.fr\/site\/wp-content\/uploads\/2021\/09\/P1450591-550x413.jpg 550w, https:\/\/newsestlyonnais.fr\/site\/wp-content\/uploads\/2021\/09\/P1450591-800x600.jpg 800w, https:\/\/newsestlyonnais.fr\/site\/wp-content\/uploads\/2021\/09\/P1450591.jpg 1200w\" sizes=\"auto, (max-width: 150px) 100vw, 150px\" \/><\/a>\n\t\t\t<\/div>\n\t\t\t\t<figcaption class='wp-caption-text gallery-caption' id='gallery-1-137983'>\n\t\t\t\tCedric Frno (St Priest) et Yves Brunon (ASVEL Tri)\n\t\t\t\t<\/figcaption><\/figure><figure class='gallery-item'>\n\t\t\t<div class='gallery-icon portrait'>\n\t\t\t\t<a href='https:\/\/newsestlyonnais.fr\/site\/2021\/09\/12\/vaulx-en-velin-pres-de-400-triathletes-ce-matin-au-grand-parc\/p1450594\/'><img loading=\"lazy\" decoding=\"async\" width=\"113\" height=\"150\" src=\"https:\/\/newsestlyonnais.fr\/site\/wp-content\/uploads\/2021\/09\/P1450594-250x333.jpg\" class=\"attachment-thumbnail size-thumbnail\" alt=\"\" aria-describedby=\"gallery-1-137984\" srcset=\"https:\/\/newsestlyonnais.fr\/site\/wp-content\/uploads\/2021\/09\/P1450594-250x333.jpg 250w, https:\/\/newsestlyonnais.fr\/site\/wp-content\/uploads\/2021\/09\/P1450594-400x533.jpg 400w, https:\/\/newsestlyonnais.fr\/site\/wp-content\/uploads\/2021\/09\/P1450594-650x867.jpg 650w, https:\/\/newsestlyonnais.fr\/site\/wp-content\/uploads\/2021\/09\/P1450594-768x1024.jpg 768w, https:\/\/newsestlyonnais.fr\/site\/wp-content\/uploads\/2021\/09\/P1450594-150x200.jpg 150w, https:\/\/newsestlyonnais.fr\/site\/wp-content\/uploads\/2021\/09\/P1450594-50x67.jpg 50w, https:\/\/newsestlyonnais.fr\/site\/wp-content\/uploads\/2021\/09\/P1450594-100x133.jpg 100w, https:\/\/newsestlyonnais.fr\/site\/wp-content\/uploads\/2021\/09\/P1450594-200x267.jpg 200w, https:\/\/newsestlyonnais.fr\/site\/wp-content\/uploads\/2021\/09\/P1450594-300x400.jpg 300w, https:\/\/newsestlyonnais.fr\/site\/wp-content\/uploads\/2021\/09\/P1450594-350x467.jpg 350w, https:\/\/newsestlyonnais.fr\/site\/wp-content\/uploads\/2021\/09\/P1450594-450x600.jpg 450w, https:\/\/newsestlyonnais.fr\/site\/wp-content\/uploads\/2021\/09\/P1450594-500x667.jpg 500w, https:\/\/newsestlyonnais.fr\/site\/wp-content\/uploads\/2021\/09\/P1450594-550x733.jpg 550w, https:\/\/newsestlyonnais.fr\/site\/wp-content\/uploads\/2021\/09\/P1450594-800x1067.jpg 800w, https:\/\/newsestlyonnais.fr\/site\/wp-content\/uploads\/2021\/09\/P1450594.jpg 900w\" sizes=\"auto, (max-width: 113px) 100vw, 113px\" \/><\/a>\n\t\t\t<\/div>\n\t\t\t\t<figcaption class='wp-caption-text gallery-caption' id='gallery-1-137984'>\n\t\t\t\tS\u00e9bastien Vitale (Pusignan) a particip\u00e9 au Cross triathlon S\n\t\t\t\t<\/figcaption><\/figure><figure class='gallery-item'>\n\t\t\t<div class='gallery-icon landscape'>\n\t\t\t\t<a href='https:\/\/newsestlyonnais.fr\/site\/2021\/09\/12\/vaulx-en-velin-pres-de-400-triathletes-ce-matin-au-grand-parc\/p1450730\/'><img loading=\"lazy\" decoding=\"async\" width=\"150\" height=\"113\" src=\"https:\/\/newsestlyonnais.fr\/site\/wp-content\/uploads\/2021\/09\/P1450730-250x188.jpg\" class=\"attachment-thumbnail size-thumbnail\" alt=\"\" aria-describedby=\"gallery-1-138016\" srcset=\"https:\/\/newsestlyonnais.fr\/site\/wp-content\/uploads\/2021\/09\/P1450730-250x188.jpg 250w, https:\/\/newsestlyonnais.fr\/site\/wp-content\/uploads\/2021\/09\/P1450730-400x300.jpg 400w, https:\/\/newsestlyonnais.fr\/site\/wp-content\/uploads\/2021\/09\/P1450730-650x488.jpg 650w, https:\/\/newsestlyonnais.fr\/site\/wp-content\/uploads\/2021\/09\/P1450730-768x576.jpg 768w, https:\/\/newsestlyonnais.fr\/site\/wp-content\/uploads\/2021\/09\/P1450730-150x113.jpg 150w, https:\/\/newsestlyonnais.fr\/site\/wp-content\/uploads\/2021\/09\/P1450730-50x38.jpg 50w, https:\/\/newsestlyonnais.fr\/site\/wp-content\/uploads\/2021\/09\/P1450730-100x75.jpg 100w, https:\/\/newsestlyonnais.fr\/site\/wp-content\/uploads\/2021\/09\/P1450730-200x150.jpg 200w, https:\/\/newsestlyonnais.fr\/site\/wp-content\/uploads\/2021\/09\/P1450730-300x225.jpg 300w, https:\/\/newsestlyonnais.fr\/site\/wp-content\/uploads\/2021\/09\/P1450730-350x263.jpg 350w, https:\/\/newsestlyonnais.fr\/site\/wp-content\/uploads\/2021\/09\/P1450730-450x338.jpg 450w, https:\/\/newsestlyonnais.fr\/site\/wp-content\/uploads\/2021\/09\/P1450730-500x375.jpg 500w, https:\/\/newsestlyonnais.fr\/site\/wp-content\/uploads\/2021\/09\/P1450730-550x413.jpg 550w, https:\/\/newsestlyonnais.fr\/site\/wp-content\/uploads\/2021\/09\/P1450730-800x600.jpg 800w, https:\/\/newsestlyonnais.fr\/site\/wp-content\/uploads\/2021\/09\/P1450730.jpg 1200w\" sizes=\"auto, (max-width: 150px) 100vw, 150px\" \/><\/a>\n\t\t\t<\/div>\n\t\t\t\t<figcaption class='wp-caption-text gallery-caption' id='gallery-1-138016'>\n\t\t\t\tUne \u00e9quipe du TVSV \n\t\t\t\t<\/figcaption><\/figure><figure class='gallery-item'>\n\t\t\t<div class='gallery-icon landscape'>\n\t\t\t\t<a href='https:\/\/newsestlyonnais.fr\/site\/2021\/09\/12\/vaulx-en-velin-pres-de-400-triathletes-ce-matin-au-grand-parc\/p1450727\/'><img loading=\"lazy\" decoding=\"async\" width=\"150\" height=\"113\" src=\"https:\/\/newsestlyonnais.fr\/site\/wp-content\/uploads\/2021\/09\/P1450727-250x188.jpg\" class=\"attachment-thumbnail size-thumbnail\" alt=\"\" aria-describedby=\"gallery-1-138015\" srcset=\"https:\/\/newsestlyonnais.fr\/site\/wp-content\/uploads\/2021\/09\/P1450727-250x188.jpg 250w, https:\/\/newsestlyonnais.fr\/site\/wp-content\/uploads\/2021\/09\/P1450727-400x300.jpg 400w, https:\/\/newsestlyonnais.fr\/site\/wp-content\/uploads\/2021\/09\/P1450727-650x488.jpg 650w, https:\/\/newsestlyonnais.fr\/site\/wp-content\/uploads\/2021\/09\/P1450727-768x576.jpg 768w, https:\/\/newsestlyonnais.fr\/site\/wp-content\/uploads\/2021\/09\/P1450727-150x113.jpg 150w, https:\/\/newsestlyonnais.fr\/site\/wp-content\/uploads\/2021\/09\/P1450727-50x38.jpg 50w, https:\/\/newsestlyonnais.fr\/site\/wp-content\/uploads\/2021\/09\/P1450727-100x75.jpg 100w, https:\/\/newsestlyonnais.fr\/site\/wp-content\/uploads\/2021\/09\/P1450727-200x150.jpg 200w, https:\/\/newsestlyonnais.fr\/site\/wp-content\/uploads\/2021\/09\/P1450727-300x225.jpg 300w, https:\/\/newsestlyonnais.fr\/site\/wp-content\/uploads\/2021\/09\/P1450727-350x263.jpg 350w, https:\/\/newsestlyonnais.fr\/site\/wp-content\/uploads\/2021\/09\/P1450727-450x338.jpg 450w, https:\/\/newsestlyonnais.fr\/site\/wp-content\/uploads\/2021\/09\/P1450727-500x375.jpg 500w, https:\/\/newsestlyonnais.fr\/site\/wp-content\/uploads\/2021\/09\/P1450727-550x413.jpg 550w, https:\/\/newsestlyonnais.fr\/site\/wp-content\/uploads\/2021\/09\/P1450727-800x600.jpg 800w, https:\/\/newsestlyonnais.fr\/site\/wp-content\/uploads\/2021\/09\/P1450727.jpg 1200w\" sizes=\"auto, (max-width: 150px) 100vw, 150px\" \/><\/a>\n\t\t\t<\/div>\n\t\t\t\t<figcaption class='wp-caption-text gallery-caption' id='gallery-1-138015'>\n\t\t\t\tL&rsquo;\u00e9quipe des Boulets 2\n\t\t\t\t<\/figcaption><\/figure><figure class='gallery-item'>\n\t\t\t<div class='gallery-icon landscape'>\n\t\t\t\t<a href='https:\/\/newsestlyonnais.fr\/site\/2021\/09\/12\/vaulx-en-velin-pres-de-400-triathletes-ce-matin-au-grand-parc\/20210912_1200450\/'><img loading=\"lazy\" decoding=\"async\" width=\"150\" height=\"85\" src=\"https:\/\/newsestlyonnais.fr\/site\/wp-content\/uploads\/2021\/09\/20210912_1200450-250x141.jpg\" class=\"attachment-thumbnail size-thumbnail\" alt=\"\" aria-describedby=\"gallery-1-137980\" srcset=\"https:\/\/newsestlyonnais.fr\/site\/wp-content\/uploads\/2021\/09\/20210912_1200450-250x141.jpg 250w, https:\/\/newsestlyonnais.fr\/site\/wp-content\/uploads\/2021\/09\/20210912_1200450-400x225.jpg 400w, https:\/\/newsestlyonnais.fr\/site\/wp-content\/uploads\/2021\/09\/20210912_1200450-650x366.jpg 650w, https:\/\/newsestlyonnais.fr\/site\/wp-content\/uploads\/2021\/09\/20210912_1200450-768x432.jpg 768w, https:\/\/newsestlyonnais.fr\/site\/wp-content\/uploads\/2021\/09\/20210912_1200450-150x84.jpg 150w, https:\/\/newsestlyonnais.fr\/site\/wp-content\/uploads\/2021\/09\/20210912_1200450-50x28.jpg 50w, https:\/\/newsestlyonnais.fr\/site\/wp-content\/uploads\/2021\/09\/20210912_1200450-100x56.jpg 100w, https:\/\/newsestlyonnais.fr\/site\/wp-content\/uploads\/2021\/09\/20210912_1200450-200x113.jpg 200w, https:\/\/newsestlyonnais.fr\/site\/wp-content\/uploads\/2021\/09\/20210912_1200450-300x169.jpg 300w, https:\/\/newsestlyonnais.fr\/site\/wp-content\/uploads\/2021\/09\/20210912_1200450-350x197.jpg 350w, https:\/\/newsestlyonnais.fr\/site\/wp-content\/uploads\/2021\/09\/20210912_1200450-450x253.jpg 450w, https:\/\/newsestlyonnais.fr\/site\/wp-content\/uploads\/2021\/09\/20210912_1200450-500x281.jpg 500w, https:\/\/newsestlyonnais.fr\/site\/wp-content\/uploads\/2021\/09\/20210912_1200450-550x309.jpg 550w, https:\/\/newsestlyonnais.fr\/site\/wp-content\/uploads\/2021\/09\/20210912_1200450-800x450.jpg 800w, https:\/\/newsestlyonnais.fr\/site\/wp-content\/uploads\/2021\/09\/20210912_1200450.jpg 1200w\" sizes=\"auto, (max-width: 150px) 100vw, 150px\" \/><\/a>\n\t\t\t<\/div>\n\t\t\t\t<figcaption class='wp-caption-text gallery-caption' id='gallery-1-137980'>\n\t\t\t\tPassage de relais pour l&rsquo;\u00e9preuve par \u00e9quipes\n\t\t\t\t<\/figcaption><\/figure><figure class='gallery-item'>\n\t\t\t<div class='gallery-icon landscape'>\n\t\t\t\t<a href='https:\/\/newsestlyonnais.fr\/site\/2021\/09\/12\/vaulx-en-velin-pres-de-400-triathletes-ce-matin-au-grand-parc\/p1450732\/'><img loading=\"lazy\" decoding=\"async\" width=\"150\" height=\"113\" src=\"https:\/\/newsestlyonnais.fr\/site\/wp-content\/uploads\/2021\/09\/P1450732-250x188.jpg\" class=\"attachment-thumbnail size-thumbnail\" alt=\"\" aria-describedby=\"gallery-1-138018\" srcset=\"https:\/\/newsestlyonnais.fr\/site\/wp-content\/uploads\/2021\/09\/P1450732-250x188.jpg 250w, https:\/\/newsestlyonnais.fr\/site\/wp-content\/uploads\/2021\/09\/P1450732-400x300.jpg 400w, https:\/\/newsestlyonnais.fr\/site\/wp-content\/uploads\/2021\/09\/P1450732-650x488.jpg 650w, https:\/\/newsestlyonnais.fr\/site\/wp-content\/uploads\/2021\/09\/P1450732-768x576.jpg 768w, https:\/\/newsestlyonnais.fr\/site\/wp-content\/uploads\/2021\/09\/P1450732-150x113.jpg 150w, https:\/\/newsestlyonnais.fr\/site\/wp-content\/uploads\/2021\/09\/P1450732-50x38.jpg 50w, https:\/\/newsestlyonnais.fr\/site\/wp-content\/uploads\/2021\/09\/P1450732-100x75.jpg 100w, https:\/\/newsestlyonnais.fr\/site\/wp-content\/uploads\/2021\/09\/P1450732-200x150.jpg 200w, https:\/\/newsestlyonnais.fr\/site\/wp-content\/uploads\/2021\/09\/P1450732-300x225.jpg 300w, https:\/\/newsestlyonnais.fr\/site\/wp-content\/uploads\/2021\/09\/P1450732-350x263.jpg 350w, https:\/\/newsestlyonnais.fr\/site\/wp-content\/uploads\/2021\/09\/P1450732-450x338.jpg 450w, https:\/\/newsestlyonnais.fr\/site\/wp-content\/uploads\/2021\/09\/P1450732-500x375.jpg 500w, https:\/\/newsestlyonnais.fr\/site\/wp-content\/uploads\/2021\/09\/P1450732-550x413.jpg 550w, https:\/\/newsestlyonnais.fr\/site\/wp-content\/uploads\/2021\/09\/P1450732-800x600.jpg 800w, https:\/\/newsestlyonnais.fr\/site\/wp-content\/uploads\/2021\/09\/P1450732.jpg 1200w\" sizes=\"auto, (max-width: 150px) 100vw, 150px\" \/><\/a>\n\t\t\t<\/div>\n\t\t\t\t<figcaption class='wp-caption-text gallery-caption' id='gallery-1-138018'>\n\t\t\t\tUne \u00e9quipe de Tarare triathlon \n\t\t\t\t<\/figcaption><\/figure><figure class='gallery-item'>\n\t\t\t<div class='gallery-icon landscape'>\n\t\t\t\t<a href='https:\/\/newsestlyonnais.fr\/site\/2021\/09\/12\/vaulx-en-velin-pres-de-400-triathletes-ce-matin-au-grand-parc\/p1450613\/'><img loading=\"lazy\" decoding=\"async\" width=\"150\" height=\"113\" src=\"https:\/\/newsestlyonnais.fr\/site\/wp-content\/uploads\/2021\/09\/P1450613-250x188.jpg\" class=\"attachment-thumbnail size-thumbnail\" alt=\"\" aria-describedby=\"gallery-1-137986\" srcset=\"https:\/\/newsestlyonnais.fr\/site\/wp-content\/uploads\/2021\/09\/P1450613-250x188.jpg 250w, https:\/\/newsestlyonnais.fr\/site\/wp-content\/uploads\/2021\/09\/P1450613-400x300.jpg 400w, https:\/\/newsestlyonnais.fr\/site\/wp-content\/uploads\/2021\/09\/P1450613-650x488.jpg 650w, https:\/\/newsestlyonnais.fr\/site\/wp-content\/uploads\/2021\/09\/P1450613-768x576.jpg 768w, https:\/\/newsestlyonnais.fr\/site\/wp-content\/uploads\/2021\/09\/P1450613-150x113.jpg 150w, https:\/\/newsestlyonnais.fr\/site\/wp-content\/uploads\/2021\/09\/P1450613-50x38.jpg 50w, https:\/\/newsestlyonnais.fr\/site\/wp-content\/uploads\/2021\/09\/P1450613-100x75.jpg 100w, https:\/\/newsestlyonnais.fr\/site\/wp-content\/uploads\/2021\/09\/P1450613-200x150.jpg 200w, https:\/\/newsestlyonnais.fr\/site\/wp-content\/uploads\/2021\/09\/P1450613-300x225.jpg 300w, https:\/\/newsestlyonnais.fr\/site\/wp-content\/uploads\/2021\/09\/P1450613-350x263.jpg 350w, https:\/\/newsestlyonnais.fr\/site\/wp-content\/uploads\/2021\/09\/P1450613-450x338.jpg 450w, https:\/\/newsestlyonnais.fr\/site\/wp-content\/uploads\/2021\/09\/P1450613-500x375.jpg 500w, https:\/\/newsestlyonnais.fr\/site\/wp-content\/uploads\/2021\/09\/P1450613-550x413.jpg 550w, https:\/\/newsestlyonnais.fr\/site\/wp-content\/uploads\/2021\/09\/P1450613-800x600.jpg 800w, https:\/\/newsestlyonnais.fr\/site\/wp-content\/uploads\/2021\/09\/P1450613.jpg 1200w\" sizes=\"auto, (max-width: 150px) 100vw, 150px\" \/><\/a>\n\t\t\t<\/div>\n\t\t\t\t<figcaption class='wp-caption-text gallery-caption' id='gallery-1-137986'>\n\t\t\t\tBriefing avec l&rsquo;arbitre principal et le pr\u00e9sident du VVT\n\t\t\t\t<\/figcaption><\/figure><figure class='gallery-item'>\n\t\t\t<div class='gallery-icon landscape'>\n\t\t\t\t<a href='https:\/\/newsestlyonnais.fr\/site\/2021\/09\/12\/vaulx-en-velin-pres-de-400-triathletes-ce-matin-au-grand-parc\/p1450735\/'><img loading=\"lazy\" decoding=\"async\" width=\"150\" height=\"113\" src=\"https:\/\/newsestlyonnais.fr\/site\/wp-content\/uploads\/2021\/09\/P1450735-250x188.jpg\" class=\"attachment-thumbnail size-thumbnail\" alt=\"\" aria-describedby=\"gallery-1-137990\" srcset=\"https:\/\/newsestlyonnais.fr\/site\/wp-content\/uploads\/2021\/09\/P1450735-250x188.jpg 250w, https:\/\/newsestlyonnais.fr\/site\/wp-content\/uploads\/2021\/09\/P1450735-400x300.jpg 400w, https:\/\/newsestlyonnais.fr\/site\/wp-content\/uploads\/2021\/09\/P1450735-650x488.jpg 650w, https:\/\/newsestlyonnais.fr\/site\/wp-content\/uploads\/2021\/09\/P1450735-768x576.jpg 768w, https:\/\/newsestlyonnais.fr\/site\/wp-content\/uploads\/2021\/09\/P1450735-150x113.jpg 150w, https:\/\/newsestlyonnais.fr\/site\/wp-content\/uploads\/2021\/09\/P1450735-50x38.jpg 50w, https:\/\/newsestlyonnais.fr\/site\/wp-content\/uploads\/2021\/09\/P1450735-100x75.jpg 100w, https:\/\/newsestlyonnais.fr\/site\/wp-content\/uploads\/2021\/09\/P1450735-200x150.jpg 200w, https:\/\/newsestlyonnais.fr\/site\/wp-content\/uploads\/2021\/09\/P1450735-300x225.jpg 300w, https:\/\/newsestlyonnais.fr\/site\/wp-content\/uploads\/2021\/09\/P1450735-350x263.jpg 350w, https:\/\/newsestlyonnais.fr\/site\/wp-content\/uploads\/2021\/09\/P1450735-450x338.jpg 450w, https:\/\/newsestlyonnais.fr\/site\/wp-content\/uploads\/2021\/09\/P1450735-500x375.jpg 500w, https:\/\/newsestlyonnais.fr\/site\/wp-content\/uploads\/2021\/09\/P1450735-550x413.jpg 550w, https:\/\/newsestlyonnais.fr\/site\/wp-content\/uploads\/2021\/09\/P1450735-800x600.jpg 800w, https:\/\/newsestlyonnais.fr\/site\/wp-content\/uploads\/2021\/09\/P1450735.jpg 1200w\" sizes=\"auto, (max-width: 150px) 100vw, 150px\" \/><\/a>\n\t\t\t<\/div>\n\t\t\t\t<figcaption class='wp-caption-text gallery-caption' id='gallery-1-137990'>\n\t\t\t\tUne centaine de b\u00e9n\u00e9voles mobilis\u00e9s pour cette journ\u00e9e de triathlon\n\t\t\t\t<\/figcaption><\/figure><figure class='gallery-item'>\n\t\t\t<div class='gallery-icon landscape'>\n\t\t\t\t<a href='https:\/\/newsestlyonnais.fr\/site\/2021\/09\/12\/vaulx-en-velin-pres-de-400-triathletes-ce-matin-au-grand-parc\/p1450696\/'><img loading=\"lazy\" decoding=\"async\" width=\"150\" height=\"113\" src=\"https:\/\/newsestlyonnais.fr\/site\/wp-content\/uploads\/2021\/09\/P1450696-250x188.jpg\" class=\"attachment-thumbnail size-thumbnail\" alt=\"\" aria-describedby=\"gallery-1-137979\" srcset=\"https:\/\/newsestlyonnais.fr\/site\/wp-content\/uploads\/2021\/09\/P1450696-250x188.jpg 250w, https:\/\/newsestlyonnais.fr\/site\/wp-content\/uploads\/2021\/09\/P1450696-400x300.jpg 400w, https:\/\/newsestlyonnais.fr\/site\/wp-content\/uploads\/2021\/09\/P1450696-650x488.jpg 650w, https:\/\/newsestlyonnais.fr\/site\/wp-content\/uploads\/2021\/09\/P1450696-768x576.jpg 768w, https:\/\/newsestlyonnais.fr\/site\/wp-content\/uploads\/2021\/09\/P1450696-150x113.jpg 150w, https:\/\/newsestlyonnais.fr\/site\/wp-content\/uploads\/2021\/09\/P1450696-50x38.jpg 50w, https:\/\/newsestlyonnais.fr\/site\/wp-content\/uploads\/2021\/09\/P1450696-100x75.jpg 100w, https:\/\/newsestlyonnais.fr\/site\/wp-content\/uploads\/2021\/09\/P1450696-200x150.jpg 200w, https:\/\/newsestlyonnais.fr\/site\/wp-content\/uploads\/2021\/09\/P1450696-300x225.jpg 300w, https:\/\/newsestlyonnais.fr\/site\/wp-content\/uploads\/2021\/09\/P1450696-350x263.jpg 350w, https:\/\/newsestlyonnais.fr\/site\/wp-content\/uploads\/2021\/09\/P1450696-450x338.jpg 450w, https:\/\/newsestlyonnais.fr\/site\/wp-content\/uploads\/2021\/09\/P1450696-500x375.jpg 500w, https:\/\/newsestlyonnais.fr\/site\/wp-content\/uploads\/2021\/09\/P1450696-550x413.jpg 550w, https:\/\/newsestlyonnais.fr\/site\/wp-content\/uploads\/2021\/09\/P1450696-800x600.jpg 800w, https:\/\/newsestlyonnais.fr\/site\/wp-content\/uploads\/2021\/09\/P1450696.jpg 1200w\" sizes=\"auto, (max-width: 150px) 100vw, 150px\" \/><\/a>\n\t\t\t<\/div>\n\t\t\t\t<figcaption class='wp-caption-text gallery-caption' id='gallery-1-137979'>\n\t\t\t\t3 membres de l&rsquo;organisation : Fred Gallego, Nicolas Pournin (pr\u00e9sident) et Jean-Marc Grosset\u00eate\n\t\t\t\t<\/figcaption><\/figure><figure class='gallery-item'>\n\t\t\t<div class='gallery-icon landscape'>\n\t\t\t\t<a href='https:\/\/newsestlyonnais.fr\/site\/2021\/09\/12\/vaulx-en-velin-pres-de-400-triathletes-ce-matin-au-grand-parc\/20210912_115621\/'><img loading=\"lazy\" decoding=\"async\" width=\"150\" height=\"85\" src=\"https:\/\/newsestlyonnais.fr\/site\/wp-content\/uploads\/2021\/09\/20210912_115621-250x141.jpg\" class=\"attachment-thumbnail size-thumbnail\" alt=\"\" aria-describedby=\"gallery-1-137978\" srcset=\"https:\/\/newsestlyonnais.fr\/site\/wp-content\/uploads\/2021\/09\/20210912_115621-250x141.jpg 250w, https:\/\/newsestlyonnais.fr\/site\/wp-content\/uploads\/2021\/09\/20210912_115621-400x225.jpg 400w, https:\/\/newsestlyonnais.fr\/site\/wp-content\/uploads\/2021\/09\/20210912_115621-650x366.jpg 650w, https:\/\/newsestlyonnais.fr\/site\/wp-content\/uploads\/2021\/09\/20210912_115621-768x432.jpg 768w, https:\/\/newsestlyonnais.fr\/site\/wp-content\/uploads\/2021\/09\/20210912_115621-150x84.jpg 150w, https:\/\/newsestlyonnais.fr\/site\/wp-content\/uploads\/2021\/09\/20210912_115621-50x28.jpg 50w, https:\/\/newsestlyonnais.fr\/site\/wp-content\/uploads\/2021\/09\/20210912_115621-100x56.jpg 100w, https:\/\/newsestlyonnais.fr\/site\/wp-content\/uploads\/2021\/09\/20210912_115621-200x113.jpg 200w, https:\/\/newsestlyonnais.fr\/site\/wp-content\/uploads\/2021\/09\/20210912_115621-300x169.jpg 300w, https:\/\/newsestlyonnais.fr\/site\/wp-content\/uploads\/2021\/09\/20210912_115621-350x197.jpg 350w, https:\/\/newsestlyonnais.fr\/site\/wp-content\/uploads\/2021\/09\/20210912_115621-450x253.jpg 450w, https:\/\/newsestlyonnais.fr\/site\/wp-content\/uploads\/2021\/09\/20210912_115621-500x281.jpg 500w, https:\/\/newsestlyonnais.fr\/site\/wp-content\/uploads\/2021\/09\/20210912_115621-550x309.jpg 550w, https:\/\/newsestlyonnais.fr\/site\/wp-content\/uploads\/2021\/09\/20210912_115621-800x450.jpg 800w, https:\/\/newsestlyonnais.fr\/site\/wp-content\/uploads\/2021\/09\/20210912_115621.jpg 1200w\" sizes=\"auto, (max-width: 150px) 100vw, 150px\" \/><\/a>\n\t\t\t<\/div>\n\t\t\t\t<figcaption class='wp-caption-text gallery-caption' id='gallery-1-137978'>\n\t\t\t\tAnimation et chronom\u00e9trage assur\u00e9s par Chrono Consult\n\t\t\t\t<\/figcaption><\/figure><figure class='gallery-item'>\n\t\t\t<div class='gallery-icon landscape'>\n\t\t\t\t<a href='https:\/\/newsestlyonnais.fr\/site\/2021\/09\/12\/vaulx-en-velin-pres-de-400-triathletes-ce-matin-au-grand-parc\/p1450746\/'><img loading=\"lazy\" decoding=\"async\" width=\"150\" height=\"113\" src=\"https:\/\/newsestlyonnais.fr\/site\/wp-content\/uploads\/2021\/09\/P1450746-250x188.jpg\" class=\"attachment-thumbnail size-thumbnail\" alt=\"\" aria-describedby=\"gallery-1-137992\" srcset=\"https:\/\/newsestlyonnais.fr\/site\/wp-content\/uploads\/2021\/09\/P1450746-250x188.jpg 250w, https:\/\/newsestlyonnais.fr\/site\/wp-content\/uploads\/2021\/09\/P1450746-400x300.jpg 400w, https:\/\/newsestlyonnais.fr\/site\/wp-content\/uploads\/2021\/09\/P1450746-650x488.jpg 650w, https:\/\/newsestlyonnais.fr\/site\/wp-content\/uploads\/2021\/09\/P1450746-768x576.jpg 768w, https:\/\/newsestlyonnais.fr\/site\/wp-content\/uploads\/2021\/09\/P1450746-150x113.jpg 150w, https:\/\/newsestlyonnais.fr\/site\/wp-content\/uploads\/2021\/09\/P1450746-50x38.jpg 50w, https:\/\/newsestlyonnais.fr\/site\/wp-content\/uploads\/2021\/09\/P1450746-100x75.jpg 100w, https:\/\/newsestlyonnais.fr\/site\/wp-content\/uploads\/2021\/09\/P1450746-200x150.jpg 200w, https:\/\/newsestlyonnais.fr\/site\/wp-content\/uploads\/2021\/09\/P1450746-300x225.jpg 300w, https:\/\/newsestlyonnais.fr\/site\/wp-content\/uploads\/2021\/09\/P1450746-350x263.jpg 350w, https:\/\/newsestlyonnais.fr\/site\/wp-content\/uploads\/2021\/09\/P1450746-450x338.jpg 450w, https:\/\/newsestlyonnais.fr\/site\/wp-content\/uploads\/2021\/09\/P1450746-500x375.jpg 500w, https:\/\/newsestlyonnais.fr\/site\/wp-content\/uploads\/2021\/09\/P1450746-550x413.jpg 550w, https:\/\/newsestlyonnais.fr\/site\/wp-content\/uploads\/2021\/09\/P1450746-800x600.jpg 800w, https:\/\/newsestlyonnais.fr\/site\/wp-content\/uploads\/2021\/09\/P1450746.jpg 1200w\" sizes=\"auto, (max-width: 150px) 100vw, 150px\" \/><\/a>\n\t\t\t<\/div>\n\t\t\t\t<figcaption class='wp-caption-text gallery-caption' id='gallery-1-137992'>\n\t\t\t\tUne 28\u00b0 \u00e9dition dans le magnifique cadre du Gd Parc de Miribel-Jonage \n\t\t\t\t<\/figcaption><\/figure><figure class='gallery-item'>\n\t\t\t<div class='gallery-icon portrait'>\n\t\t\t\t<a href='https:\/\/newsestlyonnais.fr\/site\/2021\/09\/12\/vaulx-en-velin-pres-de-400-triathletes-ce-matin-au-grand-parc\/plaquette-vvt-2021-page-006-2\/'><img loading=\"lazy\" decoding=\"async\" width=\"113\" height=\"150\" src=\"https:\/\/newsestlyonnais.fr\/site\/wp-content\/uploads\/2021\/09\/Plaquette-VVT-2021-page-006-250x333.jpg\" class=\"attachment-thumbnail size-thumbnail\" alt=\"\" aria-describedby=\"gallery-1-137994\" srcset=\"https:\/\/newsestlyonnais.fr\/site\/wp-content\/uploads\/2021\/09\/Plaquette-VVT-2021-page-006-250x333.jpg 250w, https:\/\/newsestlyonnais.fr\/site\/wp-content\/uploads\/2021\/09\/Plaquette-VVT-2021-page-006-400x533.jpg 400w, https:\/\/newsestlyonnais.fr\/site\/wp-content\/uploads\/2021\/09\/Plaquette-VVT-2021-page-006-650x867.jpg 650w, https:\/\/newsestlyonnais.fr\/site\/wp-content\/uploads\/2021\/09\/Plaquette-VVT-2021-page-006-768x1024.jpg 768w, https:\/\/newsestlyonnais.fr\/site\/wp-content\/uploads\/2021\/09\/Plaquette-VVT-2021-page-006-150x200.jpg 150w, https:\/\/newsestlyonnais.fr\/site\/wp-content\/uploads\/2021\/09\/Plaquette-VVT-2021-page-006-50x67.jpg 50w, https:\/\/newsestlyonnais.fr\/site\/wp-content\/uploads\/2021\/09\/Plaquette-VVT-2021-page-006-100x133.jpg 100w, https:\/\/newsestlyonnais.fr\/site\/wp-content\/uploads\/2021\/09\/Plaquette-VVT-2021-page-006-200x267.jpg 200w, https:\/\/newsestlyonnais.fr\/site\/wp-content\/uploads\/2021\/09\/Plaquette-VVT-2021-page-006-300x400.jpg 300w, https:\/\/newsestlyonnais.fr\/site\/wp-content\/uploads\/2021\/09\/Plaquette-VVT-2021-page-006-350x467.jpg 350w, https:\/\/newsestlyonnais.fr\/site\/wp-content\/uploads\/2021\/09\/Plaquette-VVT-2021-page-006-450x600.jpg 450w, https:\/\/newsestlyonnais.fr\/site\/wp-content\/uploads\/2021\/09\/Plaquette-VVT-2021-page-006-500x667.jpg 500w, https:\/\/newsestlyonnais.fr\/site\/wp-content\/uploads\/2021\/09\/Plaquette-VVT-2021-page-006-550x733.jpg 550w, https:\/\/newsestlyonnais.fr\/site\/wp-content\/uploads\/2021\/09\/Plaquette-VVT-2021-page-006-800x1067.jpg 800w, https:\/\/newsestlyonnais.fr\/site\/wp-content\/uploads\/2021\/09\/Plaquette-VVT-2021-page-006.jpg 900w\" sizes=\"auto, (max-width: 113px) 100vw, 113px\" \/><\/a>\n\t\t\t<\/div>\n\t\t\t\t<figcaption class='wp-caption-text gallery-caption' id='gallery-1-137994'>\n\t\t\t\tNewsestlyonnais parmi les partenaires de l&rsquo;\u00e9preuve\n\t\t\t\t<\/figcaption><\/figure>\n\t\t<\/div>\n\n","protected":false},"excerpt":{"rendered":"<p>La 28\u00b0 \u00e9dition du triathlon de Vaulx-en-Velin a d\u00e9marr\u00e9 sur la plage du Fontanil et sous le soleil.  <\/p>\n","protected":false},"author":4,"featured_media":137968,"comment_status":"open","ping_status":"open","sticky":false,"template":"","format":"standard","meta":{"footnotes":""},"categories":[2988,2,2990,28],"tags":[2528,2961],"class_list":["post-137958","post","type-post","status-publish","format-standard","has-post-thumbnail","hentry","category-natation-triathlon","category-sports","category-triathlon","category-vaulx-en-velin","tag-triathlon","tag-vaulx-en-velin-triathlon"],"yoast_head":"<!-- This site is optimized with the Yoast SEO plugin v27.2 - https:\/\/yoast.com\/product\/yoast-seo-wordpress\/ -->\n<title>VAULX-EN-VELIN | Pr\u00e8s de 400 triathl\u00e8tes ce matin au Grand-Parc - News Est Lyonnais<\/title>\n<meta name=\"description\" content=\"VAULX-EN-VELIN | Pr\u00e8s de 400 triathl\u00e8tes ce matin au Grand-Parc\" \/>\n<meta name=\"robots\" content=\"index, follow, max-snippet:-1, max-image-preview:large, max-video-preview:-1\" \/>\n<link rel=\"canonical\" href=\"https:\/\/newsestlyonnais.fr\/site\/2021\/09\/12\/vaulx-en-velin-pres-de-400-triathletes-ce-matin-au-grand-parc\/\" \/>\n<meta property=\"og:locale\" content=\"fr_FR\" \/>\n<meta property=\"og:type\" content=\"article\" \/>\n<meta property=\"og:title\" content=\"VAULX-EN-VELIN | Pr\u00e8s de 400 triathl\u00e8tes ce matin au Grand-Parc - News Est Lyonnais\" \/>\n<meta property=\"og:description\" content=\"VAULX-EN-VELIN | Pr\u00e8s de 400 triathl\u00e8tes ce matin au Grand-Parc\" \/>\n<meta property=\"og:url\" content=\"https:\/\/newsestlyonnais.fr\/site\/2021\/09\/12\/vaulx-en-velin-pres-de-400-triathletes-ce-matin-au-grand-parc\/\" \/>\n<meta property=\"og:site_name\" content=\"News Est Lyonnais\" \/>\n<meta property=\"article:author\" content=\"https:\/\/www.facebook.com\/pascal.oberson.1?fref=ts\" \/>\n<meta property=\"article:published_time\" content=\"2021-09-12T13:28:07+00:00\" \/>\n<meta property=\"article:modified_time\" content=\"2021-09-14T10:04:22+00:00\" \/>\n<meta property=\"og:image\" content=\"https:\/\/i2.wp.com\/newsestlyonnais.fr\/site\/wp-content\/uploads\/2021\/09\/P1450629.jpg?fit=1200%2C900&ssl=1\" \/>\n\t<meta property=\"og:image:width\" content=\"1200\" \/>\n\t<meta property=\"og:image:height\" content=\"900\" \/>\n\t<meta property=\"og:image:type\" content=\"image\/jpeg\" \/>\n<meta name=\"author\" content=\"R\u00e9dac. NEWS\" \/>\n<meta name=\"twitter:card\" content=\"summary_large_image\" \/>\n<meta name=\"twitter:label1\" content=\"\u00c9crit par\" \/>\n\t<meta name=\"twitter:data1\" content=\"R\u00e9dac. NEWS\" \/>\n\t<meta name=\"twitter:label2\" content=\"Dur\u00e9e de lecture estim\u00e9e\" \/>\n\t<meta name=\"twitter:data2\" content=\"2 minutes\" \/>\n<script type=\"application\/ld+json\" class=\"yoast-schema-graph\">{\"@context\":\"https:\/\/schema.org\",\"@graph\":[{\"@type\":\"Article\",\"@id\":\"https:\/\/newsestlyonnais.fr\/site\/2021\/09\/12\/vaulx-en-velin-pres-de-400-triathletes-ce-matin-au-grand-parc\/#article\",\"isPartOf\":{\"@id\":\"https:\/\/newsestlyonnais.fr\/site\/2021\/09\/12\/vaulx-en-velin-pres-de-400-triathletes-ce-matin-au-grand-parc\/\"},\"author\":{\"name\":\"R\u00e9dac. NEWS\",\"@id\":\"https:\/\/newsestlyonnais.fr\/site\/#\/schema\/person\/3230d5615f390bb808365d673001e887\"},\"headline\":\"VAULX-EN-VELIN | Pr\u00e8s de 400 triathl\u00e8tes ce matin au Grand-Parc\",\"datePublished\":\"2021-09-12T13:28:07+00:00\",\"dateModified\":\"2021-09-14T10:04:22+00:00\",\"mainEntityOfPage\":{\"@id\":\"https:\/\/newsestlyonnais.fr\/site\/2021\/09\/12\/vaulx-en-velin-pres-de-400-triathletes-ce-matin-au-grand-parc\/\"},\"wordCount\":258,\"commentCount\":0,\"publisher\":{\"@id\":\"https:\/\/newsestlyonnais.fr\/site\/#organization\"},\"image\":{\"@id\":\"https:\/\/newsestlyonnais.fr\/site\/2021\/09\/12\/vaulx-en-velin-pres-de-400-triathletes-ce-matin-au-grand-parc\/#primaryimage\"},\"thumbnailUrl\":\"https:\/\/newsestlyonnais.fr\/site\/wp-content\/uploads\/2021\/09\/P1450629.jpg\",\"keywords\":[\"TRIATHLON\",\"VAULX EN VELIN TRIATHLON\"],\"articleSection\":[\"Natation | Triathlon\",\"Sports\",\"Triathlon\",\"Vaulx-en-Velin\"],\"inLanguage\":\"fr-FR\",\"potentialAction\":[{\"@type\":\"CommentAction\",\"name\":\"Comment\",\"target\":[\"https:\/\/newsestlyonnais.fr\/site\/2021\/09\/12\/vaulx-en-velin-pres-de-400-triathletes-ce-matin-au-grand-parc\/#respond\"]}]},{\"@type\":\"WebPage\",\"@id\":\"https:\/\/newsestlyonnais.fr\/site\/2021\/09\/12\/vaulx-en-velin-pres-de-400-triathletes-ce-matin-au-grand-parc\/\",\"url\":\"https:\/\/newsestlyonnais.fr\/site\/2021\/09\/12\/vaulx-en-velin-pres-de-400-triathletes-ce-matin-au-grand-parc\/\",\"name\":\"VAULX-EN-VELIN | Pr\u00e8s de 400 triathl\u00e8tes ce matin au Grand-Parc - News Est Lyonnais\",\"isPartOf\":{\"@id\":\"https:\/\/newsestlyonnais.fr\/site\/#website\"},\"primaryImageOfPage\":{\"@id\":\"https:\/\/newsestlyonnais.fr\/site\/2021\/09\/12\/vaulx-en-velin-pres-de-400-triathletes-ce-matin-au-grand-parc\/#primaryimage\"},\"image\":{\"@id\":\"https:\/\/newsestlyonnais.fr\/site\/2021\/09\/12\/vaulx-en-velin-pres-de-400-triathletes-ce-matin-au-grand-parc\/#primaryimage\"},\"thumbnailUrl\":\"https:\/\/newsestlyonnais.fr\/site\/wp-content\/uploads\/2021\/09\/P1450629.jpg\",\"datePublished\":\"2021-09-12T13:28:07+00:00\",\"dateModified\":\"2021-09-14T10:04:22+00:00\",\"description\":\"VAULX-EN-VELIN | Pr\u00e8s de 400 triathl\u00e8tes ce matin au Grand-Parc\",\"breadcrumb\":{\"@id\":\"https:\/\/newsestlyonnais.fr\/site\/2021\/09\/12\/vaulx-en-velin-pres-de-400-triathletes-ce-matin-au-grand-parc\/#breadcrumb\"},\"inLanguage\":\"fr-FR\",\"potentialAction\":[{\"@type\":\"ReadAction\",\"target\":[\"https:\/\/newsestlyonnais.fr\/site\/2021\/09\/12\/vaulx-en-velin-pres-de-400-triathletes-ce-matin-au-grand-parc\/\"]}]},{\"@type\":\"ImageObject\",\"inLanguage\":\"fr-FR\",\"@id\":\"https:\/\/newsestlyonnais.fr\/site\/2021\/09\/12\/vaulx-en-velin-pres-de-400-triathletes-ce-matin-au-grand-parc\/#primaryimage\",\"url\":\"https:\/\/newsestlyonnais.fr\/site\/wp-content\/uploads\/2021\/09\/P1450629.jpg\",\"contentUrl\":\"https:\/\/newsestlyonnais.fr\/site\/wp-content\/uploads\/2021\/09\/P1450629.jpg\",\"width\":1200,\"height\":900},{\"@type\":\"BreadcrumbList\",\"@id\":\"https:\/\/newsestlyonnais.fr\/site\/2021\/09\/12\/vaulx-en-velin-pres-de-400-triathletes-ce-matin-au-grand-parc\/#breadcrumb\",\"itemListElement\":[{\"@type\":\"ListItem\",\"position\":1,\"name\":\"Accueil\",\"item\":\"https:\/\/newsestlyonnais.fr\/site\/\"},{\"@type\":\"ListItem\",\"position\":2,\"name\":\"VAULX-EN-VELIN | Pr\u00e8s de 400 triathl\u00e8tes ce matin au Grand-Parc\"}]},{\"@type\":\"WebSite\",\"@id\":\"https:\/\/newsestlyonnais.fr\/site\/#website\",\"url\":\"https:\/\/newsestlyonnais.fr\/site\/\",\"name\":\"News Est Lyonnais\",\"description\":\"L&#039;actualit\u00e9 au plus pr\u00e8s\",\"publisher\":{\"@id\":\"https:\/\/newsestlyonnais.fr\/site\/#organization\"},\"potentialAction\":[{\"@type\":\"SearchAction\",\"target\":{\"@type\":\"EntryPoint\",\"urlTemplate\":\"https:\/\/newsestlyonnais.fr\/site\/?s={search_term_string}\"},\"query-input\":{\"@type\":\"PropertyValueSpecification\",\"valueRequired\":true,\"valueName\":\"search_term_string\"}}],\"inLanguage\":\"fr-FR\"},{\"@type\":\"Organization\",\"@id\":\"https:\/\/newsestlyonnais.fr\/site\/#organization\",\"name\":\"News EST LYONNAIS\",\"url\":\"https:\/\/newsestlyonnais.fr\/site\/\",\"logo\":{\"@type\":\"ImageObject\",\"inLanguage\":\"fr-FR\",\"@id\":\"https:\/\/newsestlyonnais.fr\/site\/#\/schema\/logo\/image\/\",\"url\":\"\",\"contentUrl\":\"\",\"caption\":\"News EST LYONNAIS\"},\"image\":{\"@id\":\"https:\/\/newsestlyonnais.fr\/site\/#\/schema\/logo\/image\/\"}},{\"@type\":\"Person\",\"@id\":\"https:\/\/newsestlyonnais.fr\/site\/#\/schema\/person\/3230d5615f390bb808365d673001e887\",\"name\":\"R\u00e9dac. NEWS\",\"sameAs\":[\"http:\/\/www.newsestlyonnais.fr\",\"https:\/\/www.facebook.com\/pascal.oberson.1?fref=ts\",\"https:\/\/fr.linkedin.com\/in\/pascal-oberson-b17045113\"],\"url\":\"https:\/\/newsestlyonnais.fr\/site\/author\/nel\/\"}]}<\/script>\n<!-- \/ Yoast SEO plugin. -->","yoast_head_json":{"title":"VAULX-EN-VELIN | Pr\u00e8s de 400 triathl\u00e8tes ce matin au Grand-Parc - News Est Lyonnais","description":"VAULX-EN-VELIN | Pr\u00e8s de 400 triathl\u00e8tes ce matin au Grand-Parc","robots":{"index":"index","follow":"follow","max-snippet":"max-snippet:-1","max-image-preview":"max-image-preview:large","max-video-preview":"max-video-preview:-1"},"canonical":"https:\/\/newsestlyonnais.fr\/site\/2021\/09\/12\/vaulx-en-velin-pres-de-400-triathletes-ce-matin-au-grand-parc\/","og_locale":"fr_FR","og_type":"article","og_title":"VAULX-EN-VELIN | Pr\u00e8s de 400 triathl\u00e8tes ce matin au Grand-Parc - News Est Lyonnais","og_description":"VAULX-EN-VELIN | Pr\u00e8s de 400 triathl\u00e8tes ce matin au Grand-Parc","og_url":"https:\/\/newsestlyonnais.fr\/site\/2021\/09\/12\/vaulx-en-velin-pres-de-400-triathletes-ce-matin-au-grand-parc\/","og_site_name":"News Est Lyonnais","article_author":"https:\/\/www.facebook.com\/pascal.oberson.1?fref=ts","article_published_time":"2021-09-12T13:28:07+00:00","article_modified_time":"2021-09-14T10:04:22+00:00","og_image":[{"width":1200,"height":900,"url":"https:\/\/i2.wp.com\/newsestlyonnais.fr\/site\/wp-content\/uploads\/2021\/09\/P1450629.jpg?fit=1200%2C900&ssl=1","type":"image\/jpeg"}],"author":"R\u00e9dac. NEWS","twitter_card":"summary_large_image","twitter_misc":{"\u00c9crit par":"R\u00e9dac. NEWS","Dur\u00e9e de lecture estim\u00e9e":"2 minutes"},"schema":{"@context":"https:\/\/schema.org","@graph":[{"@type":"Article","@id":"https:\/\/newsestlyonnais.fr\/site\/2021\/09\/12\/vaulx-en-velin-pres-de-400-triathletes-ce-matin-au-grand-parc\/#article","isPartOf":{"@id":"https:\/\/newsestlyonnais.fr\/site\/2021\/09\/12\/vaulx-en-velin-pres-de-400-triathletes-ce-matin-au-grand-parc\/"},"author":{"name":"R\u00e9dac. NEWS","@id":"https:\/\/newsestlyonnais.fr\/site\/#\/schema\/person\/3230d5615f390bb808365d673001e887"},"headline":"VAULX-EN-VELIN | Pr\u00e8s de 400 triathl\u00e8tes ce matin au Grand-Parc","datePublished":"2021-09-12T13:28:07+00:00","dateModified":"2021-09-14T10:04:22+00:00","mainEntityOfPage":{"@id":"https:\/\/newsestlyonnais.fr\/site\/2021\/09\/12\/vaulx-en-velin-pres-de-400-triathletes-ce-matin-au-grand-parc\/"},"wordCount":258,"commentCount":0,"publisher":{"@id":"https:\/\/newsestlyonnais.fr\/site\/#organization"},"image":{"@id":"https:\/\/newsestlyonnais.fr\/site\/2021\/09\/12\/vaulx-en-velin-pres-de-400-triathletes-ce-matin-au-grand-parc\/#primaryimage"},"thumbnailUrl":"https:\/\/newsestlyonnais.fr\/site\/wp-content\/uploads\/2021\/09\/P1450629.jpg","keywords":["TRIATHLON","VAULX EN VELIN TRIATHLON"],"articleSection":["Natation | Triathlon","Sports","Triathlon","Vaulx-en-Velin"],"inLanguage":"fr-FR","potentialAction":[{"@type":"CommentAction","name":"Comment","target":["https:\/\/newsestlyonnais.fr\/site\/2021\/09\/12\/vaulx-en-velin-pres-de-400-triathletes-ce-matin-au-grand-parc\/#respond"]}]},{"@type":"WebPage","@id":"https:\/\/newsestlyonnais.fr\/site\/2021\/09\/12\/vaulx-en-velin-pres-de-400-triathletes-ce-matin-au-grand-parc\/","url":"https:\/\/newsestlyonnais.fr\/site\/2021\/09\/12\/vaulx-en-velin-pres-de-400-triathletes-ce-matin-au-grand-parc\/","name":"VAULX-EN-VELIN | Pr\u00e8s de 400 triathl\u00e8tes ce matin au Grand-Parc - News Est Lyonnais","isPartOf":{"@id":"https:\/\/newsestlyonnais.fr\/site\/#website"},"primaryImageOfPage":{"@id":"https:\/\/newsestlyonnais.fr\/site\/2021\/09\/12\/vaulx-en-velin-pres-de-400-triathletes-ce-matin-au-grand-parc\/#primaryimage"},"image":{"@id":"https:\/\/newsestlyonnais.fr\/site\/2021\/09\/12\/vaulx-en-velin-pres-de-400-triathletes-ce-matin-au-grand-parc\/#primaryimage"},"thumbnailUrl":"https:\/\/newsestlyonnais.fr\/site\/wp-content\/uploads\/2021\/09\/P1450629.jpg","datePublished":"2021-09-12T13:28:07+00:00","dateModified":"2021-09-14T10:04:22+00:00","description":"VAULX-EN-VELIN | Pr\u00e8s de 400 triathl\u00e8tes ce matin au Grand-Parc","breadcrumb":{"@id":"https:\/\/newsestlyonnais.fr\/site\/2021\/09\/12\/vaulx-en-velin-pres-de-400-triathletes-ce-matin-au-grand-parc\/#breadcrumb"},"inLanguage":"fr-FR","potentialAction":[{"@type":"ReadAction","target":["https:\/\/newsestlyonnais.fr\/site\/2021\/09\/12\/vaulx-en-velin-pres-de-400-triathletes-ce-matin-au-grand-parc\/"]}]},{"@type":"ImageObject","inLanguage":"fr-FR","@id":"https:\/\/newsestlyonnais.fr\/site\/2021\/09\/12\/vaulx-en-velin-pres-de-400-triathletes-ce-matin-au-grand-parc\/#primaryimage","url":"https:\/\/newsestlyonnais.fr\/site\/wp-content\/uploads\/2021\/09\/P1450629.jpg","contentUrl":"https:\/\/newsestlyonnais.fr\/site\/wp-content\/uploads\/2021\/09\/P1450629.jpg","width":1200,"height":900},{"@type":"BreadcrumbList","@id":"https:\/\/newsestlyonnais.fr\/site\/2021\/09\/12\/vaulx-en-velin-pres-de-400-triathletes-ce-matin-au-grand-parc\/#breadcrumb","itemListElement":[{"@type":"ListItem","position":1,"name":"Accueil","item":"https:\/\/newsestlyonnais.fr\/site\/"},{"@type":"ListItem","position":2,"name":"VAULX-EN-VELIN | Pr\u00e8s de 400 triathl\u00e8tes ce matin au Grand-Parc"}]},{"@type":"WebSite","@id":"https:\/\/newsestlyonnais.fr\/site\/#website","url":"https:\/\/newsestlyonnais.fr\/site\/","name":"News Est Lyonnais","description":"L&#039;actualit\u00e9 au plus pr\u00e8s","publisher":{"@id":"https:\/\/newsestlyonnais.fr\/site\/#organization"},"potentialAction":[{"@type":"SearchAction","target":{"@type":"EntryPoint","urlTemplate":"https:\/\/newsestlyonnais.fr\/site\/?s={search_term_string}"},"query-input":{"@type":"PropertyValueSpecification","valueRequired":true,"valueName":"search_term_string"}}],"inLanguage":"fr-FR"},{"@type":"Organization","@id":"https:\/\/newsestlyonnais.fr\/site\/#organization","name":"News EST LYONNAIS","url":"https:\/\/newsestlyonnais.fr\/site\/","logo":{"@type":"ImageObject","inLanguage":"fr-FR","@id":"https:\/\/newsestlyonnais.fr\/site\/#\/schema\/logo\/image\/","url":"","contentUrl":"","caption":"News EST LYONNAIS"},"image":{"@id":"https:\/\/newsestlyonnais.fr\/site\/#\/schema\/logo\/image\/"}},{"@type":"Person","@id":"https:\/\/newsestlyonnais.fr\/site\/#\/schema\/person\/3230d5615f390bb808365d673001e887","name":"R\u00e9dac. NEWS","sameAs":["http:\/\/www.newsestlyonnais.fr","https:\/\/www.facebook.com\/pascal.oberson.1?fref=ts","https:\/\/fr.linkedin.com\/in\/pascal-oberson-b17045113"],"url":"https:\/\/newsestlyonnais.fr\/site\/author\/nel\/"}]}},"_links":{"self":[{"href":"https:\/\/newsestlyonnais.fr\/site\/wp-json\/wp\/v2\/posts\/137958","targetHints":{"allow":["GET"]}}],"collection":[{"href":"https:\/\/newsestlyonnais.fr\/site\/wp-json\/wp\/v2\/posts"}],"about":[{"href":"https:\/\/newsestlyonnais.fr\/site\/wp-json\/wp\/v2\/types\/post"}],"author":[{"embeddable":true,"href":"https:\/\/newsestlyonnais.fr\/site\/wp-json\/wp\/v2\/users\/4"}],"replies":[{"embeddable":true,"href":"https:\/\/newsestlyonnais.fr\/site\/wp-json\/wp\/v2\/comments?post=137958"}],"version-history":[{"count":0,"href":"https:\/\/newsestlyonnais.fr\/site\/wp-json\/wp\/v2\/posts\/137958\/revisions"}],"wp:featuredmedia":[{"embeddable":true,"href":"https:\/\/newsestlyonnais.fr\/site\/wp-json\/wp\/v2\/media\/137968"}],"wp:attachment":[{"href":"https:\/\/newsestlyonnais.fr\/site\/wp-json\/wp\/v2\/media?parent=137958"}],"wp:term":[{"taxonomy":"category","embeddable":true,"href":"https:\/\/newsestlyonnais.fr\/site\/wp-json\/wp\/v2\/categories?post=137958"},{"taxonomy":"post_tag","embeddable":true,"href":"https:\/\/newsestlyonnais.fr\/site\/wp-json\/wp\/v2\/tags?post=137958"}],"curies":[{"name":"wp","href":"https:\/\/api.w.org\/{rel}","templated":true}]}}