{"id":138080,"date":"2021-09-13T07:59:06","date_gmt":"2021-09-13T06:59:06","guid":{"rendered":"https:\/\/newsestlyonnais.fr\/site\/?p=138080"},"modified":"2021-09-23T05:25:29","modified_gmt":"2021-09-23T04:25:29","slug":"bron-animaux-en-fete","status":"publish","type":"post","link":"https:\/\/newsestlyonnais.fr\/site\/2021\/09\/13\/bron-animaux-en-fete\/","title":{"rendered":"BRON animaux en f\u00eate"},"content":{"rendered":"<p><strong>Objectif, sensibiliser le plus grand nombre au bien-\u00eatre des chiens et chats, bien s\u00fbr, mais aussi de tous les animaux pr\u00e9sents en ville.<\/strong><\/p>\n<p>Un rendez-vous qui permettra \u00e0 tous &#8211; passionn\u00e9s, propri\u00e9taires ou simples visiteurs &#8211; de conna\u00eetre les bonnes pratiques \u00e0 adopter pour am\u00e9liorer la vie de nos compagnons, la prise en charge d\u2019animaux bless\u00e9s et le r\u00f4le que ces derniers peuvent jouer en milieu urbain. L\u2019occasion aussi de sensibiliser aux bons gestes &#8211; comme tenir ses animaux en laisse, lutte contre les d\u00e9jections canines &#8211; aux abandons d\u2019animaux domestiques ou la maltraitance animale\u2026<\/p>\n<p>Accompagn\u00e9 ou pas de votre animal de compagnie, n\u2019h\u00e9sitez pas \u00e0 venir d\u00e9couvrir \u00e0 la prairie du Fort, ce nouveau rendez-vous o\u00f9 \u00e9change et convivialit\u00e9 seront \u00e0 l\u2019honneur !<\/p>\n<hr \/>\n<h2><span style=\"font-size: 14pt; background-color: #000000; color: #ffffff;\">Le programme<\/span><\/h2>\n<h3><span style=\"font-size: 12pt;\">Des stands d\u2019informations et de conseils avec des associations et soci\u00e9t\u00e9s sp\u00e9cialis\u00e9es<\/span><\/h3>\n<p>Seront pr\u00e9sents :<br \/>\n<a title=\"Annuaire des associations : Association de Chiens Guides d\u2019Aveugles de Lyon et du Centre-Est\" href=\"https:\/\/www.ville-bron.fr\/annuaires\/annuaire-des-associations\/association-de-chiens-guides-daveugles-de-lyon-et-du-centre-est\"><span style=\"color: #0000ff;\">Les chiens guides d\u2019aveugles Lyon Centre Est<\/span><\/a> &#8211; <a title=\"Annuaire des associations : Ligue de Protection des Oiseaux du Rh\u00f4ne\" href=\"https:\/\/www.ville-bron.fr\/annuaires\/annuaire-des-associations\/ligue-de-protection-des-oiseaux-du-rhone\"><span style=\"color: #0000ff;\">Ligue pour la Protection des Oiseaux<\/span><\/a> (LPO) &#8211; Grand Lyon Agility &#8211; La Casa de Perros,Dog-sitter ind\u00e9pendante &#8211; SPA Lyon-Sud Est &#8211; Objectif Animal Ind\u00e9pendant Taxi, ambulancier et garde d\u2019animaux &#8211; Entraide Amis des Chats et des Pigeons des Villes (EACPV) &#8211; Zooth\u00e9rapeute ind\u00e9pendante &#8211; \u00c9ducatrice canine Chiens Complices &#8211; \u00c9ducatrice canine Connexion Canine Lyon &#8211; \u00c9ducatrice canine Objectif Chiens &#8211; Brigade Cynophile de la\u00a0Mairie de Mions.<\/p>\n<h3><span style=\"font-size: 12pt;\">Des animations pour les enfants<\/span><\/h3>\n<ul>\n<li>Promenade \u00e0 poneys dans le parc du Fort avec le Centre \u00e9questre de Lyon Parilly<\/li>\n<li>Jeux pour enfants : ch\u00e2teau gonflable, dessins, &#8230;<\/li>\n<\/ul>\n<h3><span style=\"font-size: 12pt;\">Des loups au Fort !<\/span><\/h3>\n<p>Avec plus de 3.000 films (cin\u00e9ma ou t\u00e9l\u00e9vision) et publicit\u00e9s \u00e0 son actif, <strong>Pierre Cad\u00e9ac<\/strong> (Fauna et films) <strong>est une r\u00e9f\u00e9rence mondiale en mati\u00e8re de dressage animalier.<\/strong><\/p>\n<p>Venez rencontrer ce passionn\u00e9 des animaux, accompagn\u00e9 de quelques-uns des ses loups \u201cacteurs\u201d qui vivent dans sa ferme au sud de Fontainebleau en compagnie de 300 autres animaux (40 esp\u00e8ces).<\/p>\n<p>Fauna et films participe \u00e9galement aux programmes de sensibilisation \u00e0 la disparition des esp\u00e8ces sauvages et \u00e0 la sauvegarde des milieux est des esp\u00e8ces.<\/p>\n<hr \/>\n<p><span style=\"font-size: 14pt; background-color: #000000; color: #ffffff;\">Samedi 18 septembre de 10 h \u00e0 17 h, \u00e0 la prairie du Fort de Bron<\/span><\/p>\n","protected":false},"excerpt":{"rendered":"<p>Une journ\u00e9e consacr\u00e9e samedi prochain aux animaux, une premi\u00e8re sur la commune !<\/p>\n","protected":false},"author":4,"featured_media":138081,"comment_status":"open","ping_status":"open","sticky":false,"template":"","format":"standard","meta":{"footnotes":""},"categories":[19,3010],"tags":[3888,2072],"class_list":["post-138080","post","type-post","status-publish","format-standard","has-post-thumbnail","hentry","category-bron","category-nature-environnement-culture-et-loisirs","tag-animaux","tag-bron"],"yoast_head":"<!-- This site is optimized with the Yoast SEO plugin v27.2 - https:\/\/yoast.com\/product\/yoast-seo-wordpress\/ -->\n<title>BRON animaux en f\u00eate - News Est Lyonnais<\/title>\n<meta name=\"description\" content=\"BRON animaux en f\u00eate\" \/>\n<meta name=\"robots\" content=\"index, follow, max-snippet:-1, max-image-preview:large, max-video-preview:-1\" \/>\n<link rel=\"canonical\" href=\"https:\/\/newsestlyonnais.fr\/site\/2021\/09\/13\/bron-animaux-en-fete\/\" \/>\n<meta property=\"og:locale\" content=\"fr_FR\" \/>\n<meta property=\"og:type\" content=\"article\" \/>\n<meta property=\"og:title\" content=\"BRON animaux en f\u00eate - News Est Lyonnais\" \/>\n<meta property=\"og:description\" content=\"BRON animaux en f\u00eate\" \/>\n<meta property=\"og:url\" content=\"https:\/\/newsestlyonnais.fr\/site\/2021\/09\/13\/bron-animaux-en-fete\/\" \/>\n<meta property=\"og:site_name\" content=\"News Est Lyonnais\" \/>\n<meta property=\"article:author\" content=\"https:\/\/www.facebook.com\/pascal.oberson.1?fref=ts\" \/>\n<meta property=\"article:published_time\" content=\"2021-09-13T06:59:06+00:00\" \/>\n<meta property=\"article:modified_time\" content=\"2021-09-23T04:25:29+00:00\" \/>\n<meta property=\"og:image\" content=\"https:\/\/i1.wp.com\/newsestlyonnais.fr\/site\/wp-content\/uploads\/2021\/09\/animaux-en-fete-2021-affiche.jpg?fit=412%2C290&ssl=1\" \/>\n\t<meta property=\"og:image:width\" content=\"412\" \/>\n\t<meta property=\"og:image:height\" content=\"290\" \/>\n\t<meta property=\"og:image:type\" content=\"image\/jpeg\" \/>\n<meta name=\"author\" content=\"R\u00e9dac. NEWS\" \/>\n<meta name=\"twitter:card\" content=\"summary_large_image\" \/>\n<meta name=\"twitter:label1\" content=\"\u00c9crit par\" \/>\n\t<meta name=\"twitter:data1\" content=\"R\u00e9dac. NEWS\" \/>\n\t<meta name=\"twitter:label2\" content=\"Dur\u00e9e de lecture estim\u00e9e\" \/>\n\t<meta name=\"twitter:data2\" content=\"2 minutes\" \/>\n<script type=\"application\/ld+json\" class=\"yoast-schema-graph\">{\"@context\":\"https:\/\/schema.org\",\"@graph\":[{\"@type\":\"Article\",\"@id\":\"https:\/\/newsestlyonnais.fr\/site\/2021\/09\/13\/bron-animaux-en-fete\/#article\",\"isPartOf\":{\"@id\":\"https:\/\/newsestlyonnais.fr\/site\/2021\/09\/13\/bron-animaux-en-fete\/\"},\"author\":{\"name\":\"R\u00e9dac. NEWS\",\"@id\":\"https:\/\/newsestlyonnais.fr\/site\/#\/schema\/person\/3230d5615f390bb808365d673001e887\"},\"headline\":\"BRON animaux en f\u00eate\",\"datePublished\":\"2021-09-13T06:59:06+00:00\",\"dateModified\":\"2021-09-23T04:25:29+00:00\",\"mainEntityOfPage\":{\"@id\":\"https:\/\/newsestlyonnais.fr\/site\/2021\/09\/13\/bron-animaux-en-fete\/\"},\"wordCount\":372,\"commentCount\":0,\"publisher\":{\"@id\":\"https:\/\/newsestlyonnais.fr\/site\/#organization\"},\"image\":{\"@id\":\"https:\/\/newsestlyonnais.fr\/site\/2021\/09\/13\/bron-animaux-en-fete\/#primaryimage\"},\"thumbnailUrl\":\"https:\/\/newsestlyonnais.fr\/site\/wp-content\/uploads\/2021\/09\/animaux-en-fete-2021-affiche.jpg\",\"keywords\":[\"ANIMAUX\",\"BRON\"],\"articleSection\":[\"Bron\",\"Nature | Environnement | Chasse\"],\"inLanguage\":\"fr-FR\",\"potentialAction\":[{\"@type\":\"CommentAction\",\"name\":\"Comment\",\"target\":[\"https:\/\/newsestlyonnais.fr\/site\/2021\/09\/13\/bron-animaux-en-fete\/#respond\"]}]},{\"@type\":\"WebPage\",\"@id\":\"https:\/\/newsestlyonnais.fr\/site\/2021\/09\/13\/bron-animaux-en-fete\/\",\"url\":\"https:\/\/newsestlyonnais.fr\/site\/2021\/09\/13\/bron-animaux-en-fete\/\",\"name\":\"BRON animaux en f\u00eate - News Est Lyonnais\",\"isPartOf\":{\"@id\":\"https:\/\/newsestlyonnais.fr\/site\/#website\"},\"primaryImageOfPage\":{\"@id\":\"https:\/\/newsestlyonnais.fr\/site\/2021\/09\/13\/bron-animaux-en-fete\/#primaryimage\"},\"image\":{\"@id\":\"https:\/\/newsestlyonnais.fr\/site\/2021\/09\/13\/bron-animaux-en-fete\/#primaryimage\"},\"thumbnailUrl\":\"https:\/\/newsestlyonnais.fr\/site\/wp-content\/uploads\/2021\/09\/animaux-en-fete-2021-affiche.jpg\",\"datePublished\":\"2021-09-13T06:59:06+00:00\",\"dateModified\":\"2021-09-23T04:25:29+00:00\",\"description\":\"BRON animaux en f\u00eate\",\"breadcrumb\":{\"@id\":\"https:\/\/newsestlyonnais.fr\/site\/2021\/09\/13\/bron-animaux-en-fete\/#breadcrumb\"},\"inLanguage\":\"fr-FR\",\"potentialAction\":[{\"@type\":\"ReadAction\",\"target\":[\"https:\/\/newsestlyonnais.fr\/site\/2021\/09\/13\/bron-animaux-en-fete\/\"]}]},{\"@type\":\"ImageObject\",\"inLanguage\":\"fr-FR\",\"@id\":\"https:\/\/newsestlyonnais.fr\/site\/2021\/09\/13\/bron-animaux-en-fete\/#primaryimage\",\"url\":\"https:\/\/newsestlyonnais.fr\/site\/wp-content\/uploads\/2021\/09\/animaux-en-fete-2021-affiche.jpg\",\"contentUrl\":\"https:\/\/newsestlyonnais.fr\/site\/wp-content\/uploads\/2021\/09\/animaux-en-fete-2021-affiche.jpg\",\"width\":412,\"height\":290},{\"@type\":\"BreadcrumbList\",\"@id\":\"https:\/\/newsestlyonnais.fr\/site\/2021\/09\/13\/bron-animaux-en-fete\/#breadcrumb\",\"itemListElement\":[{\"@type\":\"ListItem\",\"position\":1,\"name\":\"Accueil\",\"item\":\"https:\/\/newsestlyonnais.fr\/site\/\"},{\"@type\":\"ListItem\",\"position\":2,\"name\":\"BRON animaux en f\u00eate\"}]},{\"@type\":\"WebSite\",\"@id\":\"https:\/\/newsestlyonnais.fr\/site\/#website\",\"url\":\"https:\/\/newsestlyonnais.fr\/site\/\",\"name\":\"News Est Lyonnais\",\"description\":\"L&#039;actualit\u00e9 au plus pr\u00e8s\",\"publisher\":{\"@id\":\"https:\/\/newsestlyonnais.fr\/site\/#organization\"},\"potentialAction\":[{\"@type\":\"SearchAction\",\"target\":{\"@type\":\"EntryPoint\",\"urlTemplate\":\"https:\/\/newsestlyonnais.fr\/site\/?s={search_term_string}\"},\"query-input\":{\"@type\":\"PropertyValueSpecification\",\"valueRequired\":true,\"valueName\":\"search_term_string\"}}],\"inLanguage\":\"fr-FR\"},{\"@type\":\"Organization\",\"@id\":\"https:\/\/newsestlyonnais.fr\/site\/#organization\",\"name\":\"News EST LYONNAIS\",\"url\":\"https:\/\/newsestlyonnais.fr\/site\/\",\"logo\":{\"@type\":\"ImageObject\",\"inLanguage\":\"fr-FR\",\"@id\":\"https:\/\/newsestlyonnais.fr\/site\/#\/schema\/logo\/image\/\",\"url\":\"\",\"contentUrl\":\"\",\"caption\":\"News EST LYONNAIS\"},\"image\":{\"@id\":\"https:\/\/newsestlyonnais.fr\/site\/#\/schema\/logo\/image\/\"}},{\"@type\":\"Person\",\"@id\":\"https:\/\/newsestlyonnais.fr\/site\/#\/schema\/person\/3230d5615f390bb808365d673001e887\",\"name\":\"R\u00e9dac. NEWS\",\"sameAs\":[\"http:\/\/www.newsestlyonnais.fr\",\"https:\/\/www.facebook.com\/pascal.oberson.1?fref=ts\",\"https:\/\/fr.linkedin.com\/in\/pascal-oberson-b17045113\"],\"url\":\"https:\/\/newsestlyonnais.fr\/site\/author\/nel\/\"}]}<\/script>\n<!-- \/ Yoast SEO plugin. -->","yoast_head_json":{"title":"BRON animaux en f\u00eate - News Est Lyonnais","description":"BRON animaux en f\u00eate","robots":{"index":"index","follow":"follow","max-snippet":"max-snippet:-1","max-image-preview":"max-image-preview:large","max-video-preview":"max-video-preview:-1"},"canonical":"https:\/\/newsestlyonnais.fr\/site\/2021\/09\/13\/bron-animaux-en-fete\/","og_locale":"fr_FR","og_type":"article","og_title":"BRON animaux en f\u00eate - News Est Lyonnais","og_description":"BRON animaux en f\u00eate","og_url":"https:\/\/newsestlyonnais.fr\/site\/2021\/09\/13\/bron-animaux-en-fete\/","og_site_name":"News Est Lyonnais","article_author":"https:\/\/www.facebook.com\/pascal.oberson.1?fref=ts","article_published_time":"2021-09-13T06:59:06+00:00","article_modified_time":"2021-09-23T04:25:29+00:00","og_image":[{"width":412,"height":290,"url":"https:\/\/i1.wp.com\/newsestlyonnais.fr\/site\/wp-content\/uploads\/2021\/09\/animaux-en-fete-2021-affiche.jpg?fit=412%2C290&ssl=1","type":"image\/jpeg"}],"author":"R\u00e9dac. NEWS","twitter_card":"summary_large_image","twitter_misc":{"\u00c9crit par":"R\u00e9dac. NEWS","Dur\u00e9e de lecture estim\u00e9e":"2 minutes"},"schema":{"@context":"https:\/\/schema.org","@graph":[{"@type":"Article","@id":"https:\/\/newsestlyonnais.fr\/site\/2021\/09\/13\/bron-animaux-en-fete\/#article","isPartOf":{"@id":"https:\/\/newsestlyonnais.fr\/site\/2021\/09\/13\/bron-animaux-en-fete\/"},"author":{"name":"R\u00e9dac. NEWS","@id":"https:\/\/newsestlyonnais.fr\/site\/#\/schema\/person\/3230d5615f390bb808365d673001e887"},"headline":"BRON animaux en f\u00eate","datePublished":"2021-09-13T06:59:06+00:00","dateModified":"2021-09-23T04:25:29+00:00","mainEntityOfPage":{"@id":"https:\/\/newsestlyonnais.fr\/site\/2021\/09\/13\/bron-animaux-en-fete\/"},"wordCount":372,"commentCount":0,"publisher":{"@id":"https:\/\/newsestlyonnais.fr\/site\/#organization"},"image":{"@id":"https:\/\/newsestlyonnais.fr\/site\/2021\/09\/13\/bron-animaux-en-fete\/#primaryimage"},"thumbnailUrl":"https:\/\/newsestlyonnais.fr\/site\/wp-content\/uploads\/2021\/09\/animaux-en-fete-2021-affiche.jpg","keywords":["ANIMAUX","BRON"],"articleSection":["Bron","Nature | Environnement | Chasse"],"inLanguage":"fr-FR","potentialAction":[{"@type":"CommentAction","name":"Comment","target":["https:\/\/newsestlyonnais.fr\/site\/2021\/09\/13\/bron-animaux-en-fete\/#respond"]}]},{"@type":"WebPage","@id":"https:\/\/newsestlyonnais.fr\/site\/2021\/09\/13\/bron-animaux-en-fete\/","url":"https:\/\/newsestlyonnais.fr\/site\/2021\/09\/13\/bron-animaux-en-fete\/","name":"BRON animaux en f\u00eate - News Est Lyonnais","isPartOf":{"@id":"https:\/\/newsestlyonnais.fr\/site\/#website"},"primaryImageOfPage":{"@id":"https:\/\/newsestlyonnais.fr\/site\/2021\/09\/13\/bron-animaux-en-fete\/#primaryimage"},"image":{"@id":"https:\/\/newsestlyonnais.fr\/site\/2021\/09\/13\/bron-animaux-en-fete\/#primaryimage"},"thumbnailUrl":"https:\/\/newsestlyonnais.fr\/site\/wp-content\/uploads\/2021\/09\/animaux-en-fete-2021-affiche.jpg","datePublished":"2021-09-13T06:59:06+00:00","dateModified":"2021-09-23T04:25:29+00:00","description":"BRON animaux en f\u00eate","breadcrumb":{"@id":"https:\/\/newsestlyonnais.fr\/site\/2021\/09\/13\/bron-animaux-en-fete\/#breadcrumb"},"inLanguage":"fr-FR","potentialAction":[{"@type":"ReadAction","target":["https:\/\/newsestlyonnais.fr\/site\/2021\/09\/13\/bron-animaux-en-fete\/"]}]},{"@type":"ImageObject","inLanguage":"fr-FR","@id":"https:\/\/newsestlyonnais.fr\/site\/2021\/09\/13\/bron-animaux-en-fete\/#primaryimage","url":"https:\/\/newsestlyonnais.fr\/site\/wp-content\/uploads\/2021\/09\/animaux-en-fete-2021-affiche.jpg","contentUrl":"https:\/\/newsestlyonnais.fr\/site\/wp-content\/uploads\/2021\/09\/animaux-en-fete-2021-affiche.jpg","width":412,"height":290},{"@type":"BreadcrumbList","@id":"https:\/\/newsestlyonnais.fr\/site\/2021\/09\/13\/bron-animaux-en-fete\/#breadcrumb","itemListElement":[{"@type":"ListItem","position":1,"name":"Accueil","item":"https:\/\/newsestlyonnais.fr\/site\/"},{"@type":"ListItem","position":2,"name":"BRON animaux en f\u00eate"}]},{"@type":"WebSite","@id":"https:\/\/newsestlyonnais.fr\/site\/#website","url":"https:\/\/newsestlyonnais.fr\/site\/","name":"News Est Lyonnais","description":"L&#039;actualit\u00e9 au plus pr\u00e8s","publisher":{"@id":"https:\/\/newsestlyonnais.fr\/site\/#organization"},"potentialAction":[{"@type":"SearchAction","target":{"@type":"EntryPoint","urlTemplate":"https:\/\/newsestlyonnais.fr\/site\/?s={search_term_string}"},"query-input":{"@type":"PropertyValueSpecification","valueRequired":true,"valueName":"search_term_string"}}],"inLanguage":"fr-FR"},{"@type":"Organization","@id":"https:\/\/newsestlyonnais.fr\/site\/#organization","name":"News EST LYONNAIS","url":"https:\/\/newsestlyonnais.fr\/site\/","logo":{"@type":"ImageObject","inLanguage":"fr-FR","@id":"https:\/\/newsestlyonnais.fr\/site\/#\/schema\/logo\/image\/","url":"","contentUrl":"","caption":"News EST LYONNAIS"},"image":{"@id":"https:\/\/newsestlyonnais.fr\/site\/#\/schema\/logo\/image\/"}},{"@type":"Person","@id":"https:\/\/newsestlyonnais.fr\/site\/#\/schema\/person\/3230d5615f390bb808365d673001e887","name":"R\u00e9dac. NEWS","sameAs":["http:\/\/www.newsestlyonnais.fr","https:\/\/www.facebook.com\/pascal.oberson.1?fref=ts","https:\/\/fr.linkedin.com\/in\/pascal-oberson-b17045113"],"url":"https:\/\/newsestlyonnais.fr\/site\/author\/nel\/"}]}},"_links":{"self":[{"href":"https:\/\/newsestlyonnais.fr\/site\/wp-json\/wp\/v2\/posts\/138080","targetHints":{"allow":["GET"]}}],"collection":[{"href":"https:\/\/newsestlyonnais.fr\/site\/wp-json\/wp\/v2\/posts"}],"about":[{"href":"https:\/\/newsestlyonnais.fr\/site\/wp-json\/wp\/v2\/types\/post"}],"author":[{"embeddable":true,"href":"https:\/\/newsestlyonnais.fr\/site\/wp-json\/wp\/v2\/users\/4"}],"replies":[{"embeddable":true,"href":"https:\/\/newsestlyonnais.fr\/site\/wp-json\/wp\/v2\/comments?post=138080"}],"version-history":[{"count":0,"href":"https:\/\/newsestlyonnais.fr\/site\/wp-json\/wp\/v2\/posts\/138080\/revisions"}],"wp:featuredmedia":[{"embeddable":true,"href":"https:\/\/newsestlyonnais.fr\/site\/wp-json\/wp\/v2\/media\/138081"}],"wp:attachment":[{"href":"https:\/\/newsestlyonnais.fr\/site\/wp-json\/wp\/v2\/media?parent=138080"}],"wp:term":[{"taxonomy":"category","embeddable":true,"href":"https:\/\/newsestlyonnais.fr\/site\/wp-json\/wp\/v2\/categories?post=138080"},{"taxonomy":"post_tag","embeddable":true,"href":"https:\/\/newsestlyonnais.fr\/site\/wp-json\/wp\/v2\/tags?post=138080"}],"curies":[{"name":"wp","href":"https:\/\/api.w.org\/{rel}","templated":true}]}}