{"id":138582,"date":"2021-10-06T13:09:56","date_gmt":"2021-10-06T12:09:56","guid":{"rendered":"https:\/\/newsestlyonnais.fr\/site\/?p=138582"},"modified":"2021-10-07T05:39:59","modified_gmt":"2021-10-07T04:39:59","slug":"villeurbanne-un-cross-en-hommage-a-lionel-manin","status":"publish","type":"post","link":"https:\/\/newsestlyonnais.fr\/site\/2021\/10\/06\/villeurbanne-un-cross-en-hommage-a-lionel-manin\/","title":{"rendered":"VILLEURBANNE | Un cross en hommage \u00e0 Lionel Manin disparu en mai dernier"},"content":{"rendered":"<div class=\"ns4p8fja j83agx80 cbu4d94t a6sixzi8 bkfpd7mw jit8km0v nred35xi\" role=\"none\">\n<div class=\"ll8tlv6m j83agx80 cbu4d94t d2edcug0 l9j0dhe7\">\n<div class=\"j83agx80 k4urcfbm\" role=\"none\">\n<div class=\"l60d2q6s d1544ag0 sj5x9vvc tw6a2znq l9j0dhe7 ni8dbmo4 stjgntxs e72ty7fz qlfml3jp inkptoze qmr60zad jm1wdb64 qv66sw1b ljqsnud1 odn2s2vf tkr6xdv7\" role=\"none\">\n<div class=\"rq0escxv l9j0dhe7 du4w35lb __fb-dark-mode\" role=\"none\"><\/div>\n<\/div>\n<\/div>\n<\/div>\n<\/div>\n<div dir=\"auto\" role=\"none\">\n<p>Ce triathl\u00e8te et dirigeant du club villeurbannais a \u00e9t\u00e9 emport\u00e9 le 8 mai 2021 par une avalanche dans le secteur du Galibier.<\/p>\n<p>Ses amis et camarades de club ont souhait\u00e9 organiser une manifestation sportive pour lui rendre hommage. Ce cross sera associ\u00e9 \u00e0 la conf\u00e9rence Science2024 qui aura lieu \u00e0 l\u2019INSA de LYON le jeudi 7 octobre 2021 et dont Lionel \u00e9tait le r\u00e9f\u00e9rent scientifique.<\/p>\n<p><span style=\"font-size: 14pt; background-color: #000000; color: #ffffff;\">Cross Folklorique de 4.200 m\u00e8tres : \u00e0 courir \/ marcher seul ou entre amis, d\u00e9guis\u00e9 ou pas.<\/span><\/p>\n<p><span style=\"background-color: #000000; color: #ffffff;\">INSA de LYON, pelouse de GCU \/ Mercredi 6 octobre d\u00e8s 17 h : Inscription sur place\u00a0 \/ 18 h 30, d\u00e9part de la course.<\/span><\/p>\n<p>Pass sanitaire obligatoire. \/ Prix : 3 \u20ac dont 1 \u20ac d\u2019Eco-Cup<\/p>\n<hr \/>\n<\/div>\n<div class=\"ns4p8fja j83agx80 cbu4d94t a6sixzi8 bkfpd7mw jit8km0v nred35xi\" role=\"none\">\n<div class=\"ll8tlv6m j83agx80 cbu4d94t d2edcug0 l9j0dhe7\">\n<div class=\"j83agx80 k4urcfbm\" role=\"none\">\n<div class=\"l60d2q6s d1544ag0 sj5x9vvc tw6a2znq l9j0dhe7 ni8dbmo4 stjgntxs e72ty7fz qlfml3jp inkptoze qmr60zad jm1wdb64 qv66sw1b ljqsnud1 odn2s2vf tkr6xdv7\" role=\"none\">\n<div class=\"rq0escxv l9j0dhe7 du4w35lb __fb-dark-mode\" role=\"none\">\n<div dir=\"auto\" role=\"none\">\n<hr \/>\n<\/div>\n<\/div>\n<\/div>\n<div class=\"ns4p8fja j83agx80 cbu4d94t a6sixzi8 bkfpd7mw d2edcug0 buofh1pr nred35xi\" role=\"none\">\n<div class=\"buofh1pr rj1gh0hx\" role=\"none\"><\/div>\n<\/div>\n<\/div>\n<\/div>\n<div class=\"ns4p8fja j83agx80 cbu4d94t a6sixzi8 bkfpd7mw d2edcug0 kb5gq1qc nred35xi\" role=\"none\"><\/div>\n<\/div>\n<div class=\"ns4p8fja j83agx80 cbu4d94t a6sixzi8 bkfpd7mw d2edcug0 kb5gq1qc nred35xi\" role=\"none\">\n<div class=\"pfnyh3mw j83agx80 cbu4d94t chyndd0w taijpn5t buofh1pr l9j0dhe7 s90hwng2 qnrpqo6b\" aria-hidden=\"true\">\n<div class=\"rgmg9uty chyndd0w j83agx80 btwxx1t3\" role=\"none\">\n<div>\n<div class=\"\"><\/div>\n<\/div>\n<\/div>\n<\/div>\n<\/div>\n<div>\n<div class=\"hcukyx3x cxmmr5t8 b73ngqbp rgmg9uty j83agx80 s45kfl79 emlxlaya bkmhp75w spb7xbtv pfnyh3mw n5ue3fu6 bp9cbjyn taijpn5t oqcyycmt nhd2j8a9 opvtebq1 l9j0dhe7\"><\/div>\n<\/div>\n<div><\/div>\n<div class=\"j83agx80 buofh1pr e409flbk\" role=\"none\" data-testid=\"message-container\">\n<div class=\"ns4p8fja j83agx80 cbu4d94t a6sixzi8 bkfpd7mw d2edcug0 buofh1pr nred35xi\" role=\"none\">\n<div class=\"buofh1pr rj1gh0hx\" role=\"none\"><\/div>\n<\/div>\n<\/div>\n<div class=\"ns4p8fja j83agx80 cbu4d94t a6sixzi8 bkfpd7mw d2edcug0 kb5gq1qc nred35xi\" role=\"none\">\n<div id=\"\" class=\"j83agx80 aovydwv3 ni8dbmo4 stjgntxs odw8uiq3\" role=\"none\" data-testid=\"messenger_delivery_status\"><\/div>\n<\/div>\n","protected":false},"excerpt":{"rendered":"<p>Une course folklorique organis\u00e9e par le Club Insa Athl\u00e9tisme en collaboration avec l&rsquo;ASVEL Triathlon.<\/p>\n","protected":false},"author":4,"featured_media":138799,"comment_status":"open","ping_status":"open","sticky":false,"template":"","format":"standard","meta":{"footnotes":""},"categories":[2968,3454,18,2990,29],"tags":[2249,2068,3907],"class_list":["post-138582","post","type-post","status-publish","format-standard","has-post-thumbnail","hentry","category-athle-course-pied-marche","category-ils-nous-ont-quittes","category-sante-bien-etre-solidarite","category-triathlon","category-villeurbanne","tag-asvel-triathlon","tag-hommage","tag-lionel-manin"],"yoast_head":"<!-- This site is optimized with the Yoast SEO plugin v27.2 - https:\/\/yoast.com\/product\/yoast-seo-wordpress\/ -->\n<title>VILLEURBANNE | Un cross en hommage \u00e0 Lionel Manin disparu en mai dernier - News Est Lyonnais<\/title>\n<meta name=\"description\" content=\"VILLEURBANNE | Un cross en hommage \u00e0 Lionel Manin disparu en mai dernier\" \/>\n<meta name=\"robots\" content=\"index, follow, max-snippet:-1, max-image-preview:large, max-video-preview:-1\" \/>\n<link rel=\"canonical\" href=\"https:\/\/newsestlyonnais.fr\/site\/2021\/10\/06\/villeurbanne-un-cross-en-hommage-a-lionel-manin\/\" \/>\n<meta property=\"og:locale\" content=\"fr_FR\" \/>\n<meta property=\"og:type\" content=\"article\" \/>\n<meta property=\"og:title\" content=\"VILLEURBANNE | Un cross en hommage \u00e0 Lionel Manin disparu en mai dernier - News Est Lyonnais\" \/>\n<meta property=\"og:description\" content=\"VILLEURBANNE | Un cross en hommage \u00e0 Lionel Manin disparu en mai dernier\" \/>\n<meta property=\"og:url\" content=\"https:\/\/newsestlyonnais.fr\/site\/2021\/10\/06\/villeurbanne-un-cross-en-hommage-a-lionel-manin\/\" \/>\n<meta property=\"og:site_name\" content=\"News Est Lyonnais\" \/>\n<meta property=\"article:author\" content=\"https:\/\/www.facebook.com\/pascal.oberson.1?fref=ts\" \/>\n<meta property=\"article:published_time\" content=\"2021-10-06T12:09:56+00:00\" \/>\n<meta property=\"article:modified_time\" content=\"2021-10-07T04:39:59+00:00\" \/>\n<meta property=\"og:image\" content=\"https:\/\/i2.wp.com\/newsestlyonnais.fr\/site\/wp-content\/uploads\/2021\/09\/Doc24-page-001-1.jpg?fit=848%2C1200&ssl=1\" \/>\n\t<meta property=\"og:image:width\" content=\"848\" \/>\n\t<meta property=\"og:image:height\" content=\"1200\" \/>\n\t<meta property=\"og:image:type\" content=\"image\/jpeg\" \/>\n<meta name=\"author\" content=\"R\u00e9dac. NEWS\" \/>\n<meta name=\"twitter:card\" content=\"summary_large_image\" \/>\n<meta name=\"twitter:label1\" content=\"\u00c9crit par\" \/>\n\t<meta name=\"twitter:data1\" content=\"R\u00e9dac. NEWS\" \/>\n\t<meta name=\"twitter:label2\" content=\"Dur\u00e9e de lecture estim\u00e9e\" \/>\n\t<meta name=\"twitter:data2\" content=\"1 minute\" \/>\n<script type=\"application\/ld+json\" class=\"yoast-schema-graph\">{\"@context\":\"https:\/\/schema.org\",\"@graph\":[{\"@type\":\"Article\",\"@id\":\"https:\/\/newsestlyonnais.fr\/site\/2021\/10\/06\/villeurbanne-un-cross-en-hommage-a-lionel-manin\/#article\",\"isPartOf\":{\"@id\":\"https:\/\/newsestlyonnais.fr\/site\/2021\/10\/06\/villeurbanne-un-cross-en-hommage-a-lionel-manin\/\"},\"author\":{\"name\":\"R\u00e9dac. NEWS\",\"@id\":\"https:\/\/newsestlyonnais.fr\/site\/#\/schema\/person\/3230d5615f390bb808365d673001e887\"},\"headline\":\"VILLEURBANNE | Un cross en hommage \u00e0 Lionel Manin disparu en mai dernier\",\"datePublished\":\"2021-10-06T12:09:56+00:00\",\"dateModified\":\"2021-10-07T04:39:59+00:00\",\"mainEntityOfPage\":{\"@id\":\"https:\/\/newsestlyonnais.fr\/site\/2021\/10\/06\/villeurbanne-un-cross-en-hommage-a-lionel-manin\/\"},\"wordCount\":117,\"commentCount\":0,\"publisher\":{\"@id\":\"https:\/\/newsestlyonnais.fr\/site\/#organization\"},\"image\":{\"@id\":\"https:\/\/newsestlyonnais.fr\/site\/2021\/10\/06\/villeurbanne-un-cross-en-hommage-a-lionel-manin\/#primaryimage\"},\"thumbnailUrl\":\"https:\/\/newsestlyonnais.fr\/site\/wp-content\/uploads\/2021\/09\/Doc24-page-001-1.jpg\",\"keywords\":[\"ASVEL TRIATHLON\",\"HOMMAGE\",\"LIONEL MANIN\"],\"articleSection\":[\"Athl\u00e9 | Course pied | Marche\",\"Ils nous ont quitt\u00e9s !\",\"Sant\u00e9 | Bien Etre | Solidarit\u00e9\",\"Triathlon\",\"Villeurbanne\"],\"inLanguage\":\"fr-FR\",\"potentialAction\":[{\"@type\":\"CommentAction\",\"name\":\"Comment\",\"target\":[\"https:\/\/newsestlyonnais.fr\/site\/2021\/10\/06\/villeurbanne-un-cross-en-hommage-a-lionel-manin\/#respond\"]}]},{\"@type\":\"WebPage\",\"@id\":\"https:\/\/newsestlyonnais.fr\/site\/2021\/10\/06\/villeurbanne-un-cross-en-hommage-a-lionel-manin\/\",\"url\":\"https:\/\/newsestlyonnais.fr\/site\/2021\/10\/06\/villeurbanne-un-cross-en-hommage-a-lionel-manin\/\",\"name\":\"VILLEURBANNE | Un cross en hommage \u00e0 Lionel Manin disparu en mai dernier - News Est Lyonnais\",\"isPartOf\":{\"@id\":\"https:\/\/newsestlyonnais.fr\/site\/#website\"},\"primaryImageOfPage\":{\"@id\":\"https:\/\/newsestlyonnais.fr\/site\/2021\/10\/06\/villeurbanne-un-cross-en-hommage-a-lionel-manin\/#primaryimage\"},\"image\":{\"@id\":\"https:\/\/newsestlyonnais.fr\/site\/2021\/10\/06\/villeurbanne-un-cross-en-hommage-a-lionel-manin\/#primaryimage\"},\"thumbnailUrl\":\"https:\/\/newsestlyonnais.fr\/site\/wp-content\/uploads\/2021\/09\/Doc24-page-001-1.jpg\",\"datePublished\":\"2021-10-06T12:09:56+00:00\",\"dateModified\":\"2021-10-07T04:39:59+00:00\",\"description\":\"VILLEURBANNE | Un cross en hommage \u00e0 Lionel Manin disparu en mai dernier\",\"breadcrumb\":{\"@id\":\"https:\/\/newsestlyonnais.fr\/site\/2021\/10\/06\/villeurbanne-un-cross-en-hommage-a-lionel-manin\/#breadcrumb\"},\"inLanguage\":\"fr-FR\",\"potentialAction\":[{\"@type\":\"ReadAction\",\"target\":[\"https:\/\/newsestlyonnais.fr\/site\/2021\/10\/06\/villeurbanne-un-cross-en-hommage-a-lionel-manin\/\"]}]},{\"@type\":\"ImageObject\",\"inLanguage\":\"fr-FR\",\"@id\":\"https:\/\/newsestlyonnais.fr\/site\/2021\/10\/06\/villeurbanne-un-cross-en-hommage-a-lionel-manin\/#primaryimage\",\"url\":\"https:\/\/newsestlyonnais.fr\/site\/wp-content\/uploads\/2021\/09\/Doc24-page-001-1.jpg\",\"contentUrl\":\"https:\/\/newsestlyonnais.fr\/site\/wp-content\/uploads\/2021\/09\/Doc24-page-001-1.jpg\",\"width\":848,\"height\":1200},{\"@type\":\"BreadcrumbList\",\"@id\":\"https:\/\/newsestlyonnais.fr\/site\/2021\/10\/06\/villeurbanne-un-cross-en-hommage-a-lionel-manin\/#breadcrumb\",\"itemListElement\":[{\"@type\":\"ListItem\",\"position\":1,\"name\":\"Accueil\",\"item\":\"https:\/\/newsestlyonnais.fr\/site\/\"},{\"@type\":\"ListItem\",\"position\":2,\"name\":\"VILLEURBANNE | Un cross en hommage \u00e0 Lionel Manin disparu en mai dernier\"}]},{\"@type\":\"WebSite\",\"@id\":\"https:\/\/newsestlyonnais.fr\/site\/#website\",\"url\":\"https:\/\/newsestlyonnais.fr\/site\/\",\"name\":\"News Est Lyonnais\",\"description\":\"L&#039;actualit\u00e9 au plus pr\u00e8s\",\"publisher\":{\"@id\":\"https:\/\/newsestlyonnais.fr\/site\/#organization\"},\"potentialAction\":[{\"@type\":\"SearchAction\",\"target\":{\"@type\":\"EntryPoint\",\"urlTemplate\":\"https:\/\/newsestlyonnais.fr\/site\/?s={search_term_string}\"},\"query-input\":{\"@type\":\"PropertyValueSpecification\",\"valueRequired\":true,\"valueName\":\"search_term_string\"}}],\"inLanguage\":\"fr-FR\"},{\"@type\":\"Organization\",\"@id\":\"https:\/\/newsestlyonnais.fr\/site\/#organization\",\"name\":\"News EST LYONNAIS\",\"url\":\"https:\/\/newsestlyonnais.fr\/site\/\",\"logo\":{\"@type\":\"ImageObject\",\"inLanguage\":\"fr-FR\",\"@id\":\"https:\/\/newsestlyonnais.fr\/site\/#\/schema\/logo\/image\/\",\"url\":\"\",\"contentUrl\":\"\",\"caption\":\"News EST LYONNAIS\"},\"image\":{\"@id\":\"https:\/\/newsestlyonnais.fr\/site\/#\/schema\/logo\/image\/\"}},{\"@type\":\"Person\",\"@id\":\"https:\/\/newsestlyonnais.fr\/site\/#\/schema\/person\/3230d5615f390bb808365d673001e887\",\"name\":\"R\u00e9dac. NEWS\",\"sameAs\":[\"http:\/\/www.newsestlyonnais.fr\",\"https:\/\/www.facebook.com\/pascal.oberson.1?fref=ts\",\"https:\/\/fr.linkedin.com\/in\/pascal-oberson-b17045113\"],\"url\":\"https:\/\/newsestlyonnais.fr\/site\/author\/nel\/\"}]}<\/script>\n<!-- \/ Yoast SEO plugin. -->","yoast_head_json":{"title":"VILLEURBANNE | Un cross en hommage \u00e0 Lionel Manin disparu en mai dernier - News Est Lyonnais","description":"VILLEURBANNE | Un cross en hommage \u00e0 Lionel Manin disparu en mai dernier","robots":{"index":"index","follow":"follow","max-snippet":"max-snippet:-1","max-image-preview":"max-image-preview:large","max-video-preview":"max-video-preview:-1"},"canonical":"https:\/\/newsestlyonnais.fr\/site\/2021\/10\/06\/villeurbanne-un-cross-en-hommage-a-lionel-manin\/","og_locale":"fr_FR","og_type":"article","og_title":"VILLEURBANNE | Un cross en hommage \u00e0 Lionel Manin disparu en mai dernier - News Est Lyonnais","og_description":"VILLEURBANNE | Un cross en hommage \u00e0 Lionel Manin disparu en mai dernier","og_url":"https:\/\/newsestlyonnais.fr\/site\/2021\/10\/06\/villeurbanne-un-cross-en-hommage-a-lionel-manin\/","og_site_name":"News Est Lyonnais","article_author":"https:\/\/www.facebook.com\/pascal.oberson.1?fref=ts","article_published_time":"2021-10-06T12:09:56+00:00","article_modified_time":"2021-10-07T04:39:59+00:00","og_image":[{"width":848,"height":1200,"url":"https:\/\/i2.wp.com\/newsestlyonnais.fr\/site\/wp-content\/uploads\/2021\/09\/Doc24-page-001-1.jpg?fit=848%2C1200&ssl=1","type":"image\/jpeg"}],"author":"R\u00e9dac. NEWS","twitter_card":"summary_large_image","twitter_misc":{"\u00c9crit par":"R\u00e9dac. NEWS","Dur\u00e9e de lecture estim\u00e9e":"1 minute"},"schema":{"@context":"https:\/\/schema.org","@graph":[{"@type":"Article","@id":"https:\/\/newsestlyonnais.fr\/site\/2021\/10\/06\/villeurbanne-un-cross-en-hommage-a-lionel-manin\/#article","isPartOf":{"@id":"https:\/\/newsestlyonnais.fr\/site\/2021\/10\/06\/villeurbanne-un-cross-en-hommage-a-lionel-manin\/"},"author":{"name":"R\u00e9dac. NEWS","@id":"https:\/\/newsestlyonnais.fr\/site\/#\/schema\/person\/3230d5615f390bb808365d673001e887"},"headline":"VILLEURBANNE | Un cross en hommage \u00e0 Lionel Manin disparu en mai dernier","datePublished":"2021-10-06T12:09:56+00:00","dateModified":"2021-10-07T04:39:59+00:00","mainEntityOfPage":{"@id":"https:\/\/newsestlyonnais.fr\/site\/2021\/10\/06\/villeurbanne-un-cross-en-hommage-a-lionel-manin\/"},"wordCount":117,"commentCount":0,"publisher":{"@id":"https:\/\/newsestlyonnais.fr\/site\/#organization"},"image":{"@id":"https:\/\/newsestlyonnais.fr\/site\/2021\/10\/06\/villeurbanne-un-cross-en-hommage-a-lionel-manin\/#primaryimage"},"thumbnailUrl":"https:\/\/newsestlyonnais.fr\/site\/wp-content\/uploads\/2021\/09\/Doc24-page-001-1.jpg","keywords":["ASVEL TRIATHLON","HOMMAGE","LIONEL MANIN"],"articleSection":["Athl\u00e9 | Course pied | Marche","Ils nous ont quitt\u00e9s !","Sant\u00e9 | Bien Etre | Solidarit\u00e9","Triathlon","Villeurbanne"],"inLanguage":"fr-FR","potentialAction":[{"@type":"CommentAction","name":"Comment","target":["https:\/\/newsestlyonnais.fr\/site\/2021\/10\/06\/villeurbanne-un-cross-en-hommage-a-lionel-manin\/#respond"]}]},{"@type":"WebPage","@id":"https:\/\/newsestlyonnais.fr\/site\/2021\/10\/06\/villeurbanne-un-cross-en-hommage-a-lionel-manin\/","url":"https:\/\/newsestlyonnais.fr\/site\/2021\/10\/06\/villeurbanne-un-cross-en-hommage-a-lionel-manin\/","name":"VILLEURBANNE | Un cross en hommage \u00e0 Lionel Manin disparu en mai dernier - News Est Lyonnais","isPartOf":{"@id":"https:\/\/newsestlyonnais.fr\/site\/#website"},"primaryImageOfPage":{"@id":"https:\/\/newsestlyonnais.fr\/site\/2021\/10\/06\/villeurbanne-un-cross-en-hommage-a-lionel-manin\/#primaryimage"},"image":{"@id":"https:\/\/newsestlyonnais.fr\/site\/2021\/10\/06\/villeurbanne-un-cross-en-hommage-a-lionel-manin\/#primaryimage"},"thumbnailUrl":"https:\/\/newsestlyonnais.fr\/site\/wp-content\/uploads\/2021\/09\/Doc24-page-001-1.jpg","datePublished":"2021-10-06T12:09:56+00:00","dateModified":"2021-10-07T04:39:59+00:00","description":"VILLEURBANNE | Un cross en hommage \u00e0 Lionel Manin disparu en mai dernier","breadcrumb":{"@id":"https:\/\/newsestlyonnais.fr\/site\/2021\/10\/06\/villeurbanne-un-cross-en-hommage-a-lionel-manin\/#breadcrumb"},"inLanguage":"fr-FR","potentialAction":[{"@type":"ReadAction","target":["https:\/\/newsestlyonnais.fr\/site\/2021\/10\/06\/villeurbanne-un-cross-en-hommage-a-lionel-manin\/"]}]},{"@type":"ImageObject","inLanguage":"fr-FR","@id":"https:\/\/newsestlyonnais.fr\/site\/2021\/10\/06\/villeurbanne-un-cross-en-hommage-a-lionel-manin\/#primaryimage","url":"https:\/\/newsestlyonnais.fr\/site\/wp-content\/uploads\/2021\/09\/Doc24-page-001-1.jpg","contentUrl":"https:\/\/newsestlyonnais.fr\/site\/wp-content\/uploads\/2021\/09\/Doc24-page-001-1.jpg","width":848,"height":1200},{"@type":"BreadcrumbList","@id":"https:\/\/newsestlyonnais.fr\/site\/2021\/10\/06\/villeurbanne-un-cross-en-hommage-a-lionel-manin\/#breadcrumb","itemListElement":[{"@type":"ListItem","position":1,"name":"Accueil","item":"https:\/\/newsestlyonnais.fr\/site\/"},{"@type":"ListItem","position":2,"name":"VILLEURBANNE | Un cross en hommage \u00e0 Lionel Manin disparu en mai dernier"}]},{"@type":"WebSite","@id":"https:\/\/newsestlyonnais.fr\/site\/#website","url":"https:\/\/newsestlyonnais.fr\/site\/","name":"News Est Lyonnais","description":"L&#039;actualit\u00e9 au plus pr\u00e8s","publisher":{"@id":"https:\/\/newsestlyonnais.fr\/site\/#organization"},"potentialAction":[{"@type":"SearchAction","target":{"@type":"EntryPoint","urlTemplate":"https:\/\/newsestlyonnais.fr\/site\/?s={search_term_string}"},"query-input":{"@type":"PropertyValueSpecification","valueRequired":true,"valueName":"search_term_string"}}],"inLanguage":"fr-FR"},{"@type":"Organization","@id":"https:\/\/newsestlyonnais.fr\/site\/#organization","name":"News EST LYONNAIS","url":"https:\/\/newsestlyonnais.fr\/site\/","logo":{"@type":"ImageObject","inLanguage":"fr-FR","@id":"https:\/\/newsestlyonnais.fr\/site\/#\/schema\/logo\/image\/","url":"","contentUrl":"","caption":"News EST LYONNAIS"},"image":{"@id":"https:\/\/newsestlyonnais.fr\/site\/#\/schema\/logo\/image\/"}},{"@type":"Person","@id":"https:\/\/newsestlyonnais.fr\/site\/#\/schema\/person\/3230d5615f390bb808365d673001e887","name":"R\u00e9dac. NEWS","sameAs":["http:\/\/www.newsestlyonnais.fr","https:\/\/www.facebook.com\/pascal.oberson.1?fref=ts","https:\/\/fr.linkedin.com\/in\/pascal-oberson-b17045113"],"url":"https:\/\/newsestlyonnais.fr\/site\/author\/nel\/"}]}},"_links":{"self":[{"href":"https:\/\/newsestlyonnais.fr\/site\/wp-json\/wp\/v2\/posts\/138582","targetHints":{"allow":["GET"]}}],"collection":[{"href":"https:\/\/newsestlyonnais.fr\/site\/wp-json\/wp\/v2\/posts"}],"about":[{"href":"https:\/\/newsestlyonnais.fr\/site\/wp-json\/wp\/v2\/types\/post"}],"author":[{"embeddable":true,"href":"https:\/\/newsestlyonnais.fr\/site\/wp-json\/wp\/v2\/users\/4"}],"replies":[{"embeddable":true,"href":"https:\/\/newsestlyonnais.fr\/site\/wp-json\/wp\/v2\/comments?post=138582"}],"version-history":[{"count":0,"href":"https:\/\/newsestlyonnais.fr\/site\/wp-json\/wp\/v2\/posts\/138582\/revisions"}],"wp:featuredmedia":[{"embeddable":true,"href":"https:\/\/newsestlyonnais.fr\/site\/wp-json\/wp\/v2\/media\/138799"}],"wp:attachment":[{"href":"https:\/\/newsestlyonnais.fr\/site\/wp-json\/wp\/v2\/media?parent=138582"}],"wp:term":[{"taxonomy":"category","embeddable":true,"href":"https:\/\/newsestlyonnais.fr\/site\/wp-json\/wp\/v2\/categories?post=138582"},{"taxonomy":"post_tag","embeddable":true,"href":"https:\/\/newsestlyonnais.fr\/site\/wp-json\/wp\/v2\/tags?post=138582"}],"curies":[{"name":"wp","href":"https:\/\/api.w.org\/{rel}","templated":true}]}}