{"id":139328,"date":"2021-09-28T06:32:35","date_gmt":"2021-09-28T05:32:35","guid":{"rendered":"https:\/\/newsestlyonnais.fr\/site\/?p=139328"},"modified":"2021-10-07T14:06:02","modified_gmt":"2021-10-07T13:06:02","slug":"genas-esga-foot-resultats-du-week-end-et-agenda-du-prochain","status":"publish","type":"post","link":"https:\/\/newsestlyonnais.fr\/site\/2021\/09\/28\/genas-esga-foot-resultats-du-week-end-et-agenda-du-prochain\/","title":{"rendered":"GENAS | ESGA Foot > r\u00e9sultats du week-end et agenda du prochain"},"content":{"rendered":"<p><span style=\"background-color: #000000; color: #ffffff; font-size: 14pt;\">R\u00e9sultats :<\/span><br \/>\n<span style=\"background-color: #000000; color: #ffffff; font-size: 14pt;\">F\u00e9minines :<\/span><\/p>\n<ul>\n<li>D\u00e9faite \u00e0 domicile (3\/0) en D1 des<strong> seniors<\/strong> face \u00e0 Chassieu-D\u00e9cines 2.<\/li>\n<li><strong>En U18<\/strong> : la une s&rsquo;est largement inclin\u00e9e (7\/2) en r\u00e9gionale) \u00e0 Andr\u00e9zieux-Bouth\u00e9on et la 2 l&rsquo;a emport\u00e9 \u00e0 Serpaize contre l&rsquo;entente Ache-S\u00e9venne (4\/2).<\/li>\n<li>Chez les plus <strong>jeunes<\/strong> : En <strong>U 15<\/strong>, match nul \u00e0 l&rsquo;Eveil de Lyon (2\/2).<\/li>\n<\/ul>\n<hr \/>\n<p><span style=\"background-color: #000000; color: #ffffff; font-size: 14pt;\">Masculins : <\/span><\/p>\n<ul>\n<li>Beau succ\u00e8s \u00e0 domicile des <strong>seniors 1<\/strong> face au FC Mont Brouilly (4\/0) qui prennent la t\u00eate de la poule B de D1. La 2 l&rsquo;a emport\u00e9 \u00e0 Corbas (3\/1).<\/li>\n<li>En <strong>U 20<\/strong>, en D1, d\u00e9faite au M\u00e9nival FC (4\/3), en U17, d\u00e9faite \u00e0 la maison (4\/2) face \u00e0 l&rsquo;ES Lierguoise et en <strong>U15<\/strong>, beau succ\u00e8s \u00e0 Chaponnay-Marennes 2 (4\/1).<\/li>\n<\/ul>\n<hr \/>\n<p><span style=\"background-color: #000000; color: #ffffff;\">Agenda du week-end prochain \u00e0 domicile :<\/span><\/p>\n<p><strong><span style=\"text-decoration: underline;\">Vendredi 1\u00b0 octobre<\/span> : <\/strong><\/p>\n<ul>\n<li>\u00a0<strong>\u00e0 20 h<\/strong> : <strong>V\u00e9t\u00e9rans<\/strong> contre US Villette d&rsquo;Anthon Janneyrias.<\/li>\n<\/ul>\n<p><strong><span style=\"text-decoration: underline;\">Samedi 2 octobre<\/span> : <\/strong><\/p>\n<ul>\n<li><strong>\u00e0 10 h :<\/strong> <strong>U11 G1 : plateau<\/strong> avec 3 \u00e9quipes.<\/li>\n<li><strong>\u00e0 14 h<\/strong> : <strong>U12 G2<\/strong> contre Bords de Sa\u00f4ne \/ U13 G1 contre Pontcharra \/ <strong>U13 G3<\/strong> contre Chandieu &amp; <strong>U15 F1<\/strong> contre Chassieu.<\/li>\n<li><strong>\u00e0 15 h 30<\/strong> : <strong>U20 G<\/strong> contre Sathonay<\/li>\n<li><strong>\u00e0 17 h 30 :<\/strong> <strong>U18 F2<\/strong> contre USEL <strong><br \/>\n<\/strong><\/li>\n<\/ul>\n<p><strong><span style=\"text-decoration: underline;\">Dimanche 3 octobre<\/span> :<br \/>\n<\/strong><\/p>\n<ul>\n<li><strong>\u00e0 1<\/strong><strong>5 h<\/strong> : <strong>Seniors f\u00e9minines en coupe de France<\/strong> (3\u00b0 tour) contre l&rsquo;AS Sanne St Romain &amp; Seniors G2 contre Toussieu.<\/li>\n<\/ul>\n<hr \/>\n<p><span style=\"font-size: 14pt; background-color: #000000; color: #ffffff;\">Toute l\u2019ACTU du club sur : <a style=\"background-color: #000000; color: #ffffff;\" href=\"https:\/\/genas.footeo.com\">https:\/\/genas.footeo.com<\/a><\/span><\/p>\n","protected":false},"excerpt":{"rendered":"<p>Lors des derni\u00e8res rencontres de septembre, en seniors, large succ\u00e8s des masculins et d\u00e9faite des f\u00e9minines \u00e0 domicile dans le derby. <\/p>\n","protected":false},"author":4,"featured_media":138063,"comment_status":"open","ping_status":"open","sticky":false,"template":"","format":"standard","meta":{"footnotes":""},"categories":[270,1329,1598],"tags":[],"class_list":["post-139328","post","type-post","status-publish","format-standard","has-post-thumbnail","hentry","category-cte-de-communes-c-c-e-l","category-foot","category-genas"],"yoast_head":"<!-- This site is optimized with the Yoast SEO plugin v27.2 - https:\/\/yoast.com\/product\/yoast-seo-wordpress\/ -->\n<title>GENAS | ESGA Foot &gt; r\u00e9sultats du week-end et agenda du prochain - News Est Lyonnais<\/title>\n<meta name=\"description\" content=\"GENAS | ESGA Foot &gt; r\u00e9sultats du week-end et agenda du prochain\" \/>\n<meta name=\"robots\" content=\"index, follow, max-snippet:-1, max-image-preview:large, max-video-preview:-1\" \/>\n<link rel=\"canonical\" href=\"https:\/\/newsestlyonnais.fr\/site\/2021\/09\/28\/genas-esga-foot-resultats-du-week-end-et-agenda-du-prochain\/\" \/>\n<meta property=\"og:locale\" content=\"fr_FR\" \/>\n<meta property=\"og:type\" content=\"article\" \/>\n<meta property=\"og:title\" content=\"GENAS | ESGA Foot &gt; r\u00e9sultats du week-end et agenda du prochain - News Est Lyonnais\" \/>\n<meta property=\"og:description\" content=\"GENAS | ESGA Foot &gt; r\u00e9sultats du week-end et agenda du prochain\" \/>\n<meta property=\"og:url\" content=\"https:\/\/newsestlyonnais.fr\/site\/2021\/09\/28\/genas-esga-foot-resultats-du-week-end-et-agenda-du-prochain\/\" \/>\n<meta property=\"og:site_name\" content=\"News Est Lyonnais\" \/>\n<meta property=\"article:author\" content=\"https:\/\/www.facebook.com\/pascal.oberson.1?fref=ts\" \/>\n<meta property=\"article:published_time\" content=\"2021-09-28T05:32:35+00:00\" \/>\n<meta property=\"article:modified_time\" content=\"2021-10-07T13:06:02+00:00\" \/>\n<meta property=\"og:image\" content=\"https:\/\/i2.wp.com\/newsestlyonnais.fr\/site\/wp-content\/uploads\/2021\/09\/101052328_2410905255815617_4576625414411124736_n.jpg?fit=960%2C960&ssl=1\" \/>\n\t<meta property=\"og:image:width\" content=\"960\" \/>\n\t<meta property=\"og:image:height\" content=\"960\" \/>\n\t<meta property=\"og:image:type\" content=\"image\/jpeg\" \/>\n<meta name=\"author\" content=\"R\u00e9dac. NEWS\" \/>\n<meta name=\"twitter:card\" content=\"summary_large_image\" \/>\n<meta name=\"twitter:label1\" content=\"\u00c9crit par\" \/>\n\t<meta name=\"twitter:data1\" content=\"R\u00e9dac. NEWS\" \/>\n\t<meta name=\"twitter:label2\" content=\"Dur\u00e9e de lecture estim\u00e9e\" \/>\n\t<meta name=\"twitter:data2\" content=\"1 minute\" \/>\n<script type=\"application\/ld+json\" class=\"yoast-schema-graph\">{\"@context\":\"https:\/\/schema.org\",\"@graph\":[{\"@type\":\"Article\",\"@id\":\"https:\/\/newsestlyonnais.fr\/site\/2021\/09\/28\/genas-esga-foot-resultats-du-week-end-et-agenda-du-prochain\/#article\",\"isPartOf\":{\"@id\":\"https:\/\/newsestlyonnais.fr\/site\/2021\/09\/28\/genas-esga-foot-resultats-du-week-end-et-agenda-du-prochain\/\"},\"author\":{\"name\":\"R\u00e9dac. NEWS\",\"@id\":\"https:\/\/newsestlyonnais.fr\/site\/#\/schema\/person\/3230d5615f390bb808365d673001e887\"},\"headline\":\"GENAS | ESGA Foot > r\u00e9sultats du week-end et agenda du prochain\",\"datePublished\":\"2021-09-28T05:32:35+00:00\",\"dateModified\":\"2021-10-07T13:06:02+00:00\",\"mainEntityOfPage\":{\"@id\":\"https:\/\/newsestlyonnais.fr\/site\/2021\/09\/28\/genas-esga-foot-resultats-du-week-end-et-agenda-du-prochain\/\"},\"wordCount\":206,\"commentCount\":0,\"publisher\":{\"@id\":\"https:\/\/newsestlyonnais.fr\/site\/#organization\"},\"image\":{\"@id\":\"https:\/\/newsestlyonnais.fr\/site\/2021\/09\/28\/genas-esga-foot-resultats-du-week-end-et-agenda-du-prochain\/#primaryimage\"},\"thumbnailUrl\":\"https:\/\/newsestlyonnais.fr\/site\/wp-content\/uploads\/2021\/09\/101052328_2410905255815617_4576625414411124736_n.jpg\",\"articleSection\":[\"CCEL | Communes\",\"Foot | Futsal\",\"Genas\"],\"inLanguage\":\"fr-FR\",\"potentialAction\":[{\"@type\":\"CommentAction\",\"name\":\"Comment\",\"target\":[\"https:\/\/newsestlyonnais.fr\/site\/2021\/09\/28\/genas-esga-foot-resultats-du-week-end-et-agenda-du-prochain\/#respond\"]}]},{\"@type\":\"WebPage\",\"@id\":\"https:\/\/newsestlyonnais.fr\/site\/2021\/09\/28\/genas-esga-foot-resultats-du-week-end-et-agenda-du-prochain\/\",\"url\":\"https:\/\/newsestlyonnais.fr\/site\/2021\/09\/28\/genas-esga-foot-resultats-du-week-end-et-agenda-du-prochain\/\",\"name\":\"GENAS | ESGA Foot > r\u00e9sultats du week-end et agenda du prochain - News Est Lyonnais\",\"isPartOf\":{\"@id\":\"https:\/\/newsestlyonnais.fr\/site\/#website\"},\"primaryImageOfPage\":{\"@id\":\"https:\/\/newsestlyonnais.fr\/site\/2021\/09\/28\/genas-esga-foot-resultats-du-week-end-et-agenda-du-prochain\/#primaryimage\"},\"image\":{\"@id\":\"https:\/\/newsestlyonnais.fr\/site\/2021\/09\/28\/genas-esga-foot-resultats-du-week-end-et-agenda-du-prochain\/#primaryimage\"},\"thumbnailUrl\":\"https:\/\/newsestlyonnais.fr\/site\/wp-content\/uploads\/2021\/09\/101052328_2410905255815617_4576625414411124736_n.jpg\",\"datePublished\":\"2021-09-28T05:32:35+00:00\",\"dateModified\":\"2021-10-07T13:06:02+00:00\",\"description\":\"GENAS | ESGA Foot > r\u00e9sultats du week-end et agenda du prochain\",\"breadcrumb\":{\"@id\":\"https:\/\/newsestlyonnais.fr\/site\/2021\/09\/28\/genas-esga-foot-resultats-du-week-end-et-agenda-du-prochain\/#breadcrumb\"},\"inLanguage\":\"fr-FR\",\"potentialAction\":[{\"@type\":\"ReadAction\",\"target\":[\"https:\/\/newsestlyonnais.fr\/site\/2021\/09\/28\/genas-esga-foot-resultats-du-week-end-et-agenda-du-prochain\/\"]}]},{\"@type\":\"ImageObject\",\"inLanguage\":\"fr-FR\",\"@id\":\"https:\/\/newsestlyonnais.fr\/site\/2021\/09\/28\/genas-esga-foot-resultats-du-week-end-et-agenda-du-prochain\/#primaryimage\",\"url\":\"https:\/\/newsestlyonnais.fr\/site\/wp-content\/uploads\/2021\/09\/101052328_2410905255815617_4576625414411124736_n.jpg\",\"contentUrl\":\"https:\/\/newsestlyonnais.fr\/site\/wp-content\/uploads\/2021\/09\/101052328_2410905255815617_4576625414411124736_n.jpg\",\"width\":960,\"height\":960},{\"@type\":\"BreadcrumbList\",\"@id\":\"https:\/\/newsestlyonnais.fr\/site\/2021\/09\/28\/genas-esga-foot-resultats-du-week-end-et-agenda-du-prochain\/#breadcrumb\",\"itemListElement\":[{\"@type\":\"ListItem\",\"position\":1,\"name\":\"Accueil\",\"item\":\"https:\/\/newsestlyonnais.fr\/site\/\"},{\"@type\":\"ListItem\",\"position\":2,\"name\":\"GENAS | ESGA Foot > r\u00e9sultats du week-end et agenda du prochain\"}]},{\"@type\":\"WebSite\",\"@id\":\"https:\/\/newsestlyonnais.fr\/site\/#website\",\"url\":\"https:\/\/newsestlyonnais.fr\/site\/\",\"name\":\"News Est Lyonnais\",\"description\":\"L&#039;actualit\u00e9 au plus pr\u00e8s\",\"publisher\":{\"@id\":\"https:\/\/newsestlyonnais.fr\/site\/#organization\"},\"potentialAction\":[{\"@type\":\"SearchAction\",\"target\":{\"@type\":\"EntryPoint\",\"urlTemplate\":\"https:\/\/newsestlyonnais.fr\/site\/?s={search_term_string}\"},\"query-input\":{\"@type\":\"PropertyValueSpecification\",\"valueRequired\":true,\"valueName\":\"search_term_string\"}}],\"inLanguage\":\"fr-FR\"},{\"@type\":\"Organization\",\"@id\":\"https:\/\/newsestlyonnais.fr\/site\/#organization\",\"name\":\"News EST LYONNAIS\",\"url\":\"https:\/\/newsestlyonnais.fr\/site\/\",\"logo\":{\"@type\":\"ImageObject\",\"inLanguage\":\"fr-FR\",\"@id\":\"https:\/\/newsestlyonnais.fr\/site\/#\/schema\/logo\/image\/\",\"url\":\"\",\"contentUrl\":\"\",\"caption\":\"News EST LYONNAIS\"},\"image\":{\"@id\":\"https:\/\/newsestlyonnais.fr\/site\/#\/schema\/logo\/image\/\"}},{\"@type\":\"Person\",\"@id\":\"https:\/\/newsestlyonnais.fr\/site\/#\/schema\/person\/3230d5615f390bb808365d673001e887\",\"name\":\"R\u00e9dac. NEWS\",\"sameAs\":[\"http:\/\/www.newsestlyonnais.fr\",\"https:\/\/www.facebook.com\/pascal.oberson.1?fref=ts\",\"https:\/\/fr.linkedin.com\/in\/pascal-oberson-b17045113\"],\"url\":\"https:\/\/newsestlyonnais.fr\/site\/author\/nel\/\"}]}<\/script>\n<!-- \/ Yoast SEO plugin. -->","yoast_head_json":{"title":"GENAS | ESGA Foot > r\u00e9sultats du week-end et agenda du prochain - News Est Lyonnais","description":"GENAS | ESGA Foot > r\u00e9sultats du week-end et agenda du prochain","robots":{"index":"index","follow":"follow","max-snippet":"max-snippet:-1","max-image-preview":"max-image-preview:large","max-video-preview":"max-video-preview:-1"},"canonical":"https:\/\/newsestlyonnais.fr\/site\/2021\/09\/28\/genas-esga-foot-resultats-du-week-end-et-agenda-du-prochain\/","og_locale":"fr_FR","og_type":"article","og_title":"GENAS | ESGA Foot > r\u00e9sultats du week-end et agenda du prochain - News Est Lyonnais","og_description":"GENAS | ESGA Foot > r\u00e9sultats du week-end et agenda du prochain","og_url":"https:\/\/newsestlyonnais.fr\/site\/2021\/09\/28\/genas-esga-foot-resultats-du-week-end-et-agenda-du-prochain\/","og_site_name":"News Est Lyonnais","article_author":"https:\/\/www.facebook.com\/pascal.oberson.1?fref=ts","article_published_time":"2021-09-28T05:32:35+00:00","article_modified_time":"2021-10-07T13:06:02+00:00","og_image":[{"width":960,"height":960,"url":"https:\/\/i2.wp.com\/newsestlyonnais.fr\/site\/wp-content\/uploads\/2021\/09\/101052328_2410905255815617_4576625414411124736_n.jpg?fit=960%2C960&ssl=1","type":"image\/jpeg"}],"author":"R\u00e9dac. NEWS","twitter_card":"summary_large_image","twitter_misc":{"\u00c9crit par":"R\u00e9dac. NEWS","Dur\u00e9e de lecture estim\u00e9e":"1 minute"},"schema":{"@context":"https:\/\/schema.org","@graph":[{"@type":"Article","@id":"https:\/\/newsestlyonnais.fr\/site\/2021\/09\/28\/genas-esga-foot-resultats-du-week-end-et-agenda-du-prochain\/#article","isPartOf":{"@id":"https:\/\/newsestlyonnais.fr\/site\/2021\/09\/28\/genas-esga-foot-resultats-du-week-end-et-agenda-du-prochain\/"},"author":{"name":"R\u00e9dac. NEWS","@id":"https:\/\/newsestlyonnais.fr\/site\/#\/schema\/person\/3230d5615f390bb808365d673001e887"},"headline":"GENAS | ESGA Foot > r\u00e9sultats du week-end et agenda du prochain","datePublished":"2021-09-28T05:32:35+00:00","dateModified":"2021-10-07T13:06:02+00:00","mainEntityOfPage":{"@id":"https:\/\/newsestlyonnais.fr\/site\/2021\/09\/28\/genas-esga-foot-resultats-du-week-end-et-agenda-du-prochain\/"},"wordCount":206,"commentCount":0,"publisher":{"@id":"https:\/\/newsestlyonnais.fr\/site\/#organization"},"image":{"@id":"https:\/\/newsestlyonnais.fr\/site\/2021\/09\/28\/genas-esga-foot-resultats-du-week-end-et-agenda-du-prochain\/#primaryimage"},"thumbnailUrl":"https:\/\/newsestlyonnais.fr\/site\/wp-content\/uploads\/2021\/09\/101052328_2410905255815617_4576625414411124736_n.jpg","articleSection":["CCEL | Communes","Foot | Futsal","Genas"],"inLanguage":"fr-FR","potentialAction":[{"@type":"CommentAction","name":"Comment","target":["https:\/\/newsestlyonnais.fr\/site\/2021\/09\/28\/genas-esga-foot-resultats-du-week-end-et-agenda-du-prochain\/#respond"]}]},{"@type":"WebPage","@id":"https:\/\/newsestlyonnais.fr\/site\/2021\/09\/28\/genas-esga-foot-resultats-du-week-end-et-agenda-du-prochain\/","url":"https:\/\/newsestlyonnais.fr\/site\/2021\/09\/28\/genas-esga-foot-resultats-du-week-end-et-agenda-du-prochain\/","name":"GENAS | ESGA Foot > r\u00e9sultats du week-end et agenda du prochain - News Est Lyonnais","isPartOf":{"@id":"https:\/\/newsestlyonnais.fr\/site\/#website"},"primaryImageOfPage":{"@id":"https:\/\/newsestlyonnais.fr\/site\/2021\/09\/28\/genas-esga-foot-resultats-du-week-end-et-agenda-du-prochain\/#primaryimage"},"image":{"@id":"https:\/\/newsestlyonnais.fr\/site\/2021\/09\/28\/genas-esga-foot-resultats-du-week-end-et-agenda-du-prochain\/#primaryimage"},"thumbnailUrl":"https:\/\/newsestlyonnais.fr\/site\/wp-content\/uploads\/2021\/09\/101052328_2410905255815617_4576625414411124736_n.jpg","datePublished":"2021-09-28T05:32:35+00:00","dateModified":"2021-10-07T13:06:02+00:00","description":"GENAS | ESGA Foot > r\u00e9sultats du week-end et agenda du prochain","breadcrumb":{"@id":"https:\/\/newsestlyonnais.fr\/site\/2021\/09\/28\/genas-esga-foot-resultats-du-week-end-et-agenda-du-prochain\/#breadcrumb"},"inLanguage":"fr-FR","potentialAction":[{"@type":"ReadAction","target":["https:\/\/newsestlyonnais.fr\/site\/2021\/09\/28\/genas-esga-foot-resultats-du-week-end-et-agenda-du-prochain\/"]}]},{"@type":"ImageObject","inLanguage":"fr-FR","@id":"https:\/\/newsestlyonnais.fr\/site\/2021\/09\/28\/genas-esga-foot-resultats-du-week-end-et-agenda-du-prochain\/#primaryimage","url":"https:\/\/newsestlyonnais.fr\/site\/wp-content\/uploads\/2021\/09\/101052328_2410905255815617_4576625414411124736_n.jpg","contentUrl":"https:\/\/newsestlyonnais.fr\/site\/wp-content\/uploads\/2021\/09\/101052328_2410905255815617_4576625414411124736_n.jpg","width":960,"height":960},{"@type":"BreadcrumbList","@id":"https:\/\/newsestlyonnais.fr\/site\/2021\/09\/28\/genas-esga-foot-resultats-du-week-end-et-agenda-du-prochain\/#breadcrumb","itemListElement":[{"@type":"ListItem","position":1,"name":"Accueil","item":"https:\/\/newsestlyonnais.fr\/site\/"},{"@type":"ListItem","position":2,"name":"GENAS | ESGA Foot > r\u00e9sultats du week-end et agenda du prochain"}]},{"@type":"WebSite","@id":"https:\/\/newsestlyonnais.fr\/site\/#website","url":"https:\/\/newsestlyonnais.fr\/site\/","name":"News Est Lyonnais","description":"L&#039;actualit\u00e9 au plus pr\u00e8s","publisher":{"@id":"https:\/\/newsestlyonnais.fr\/site\/#organization"},"potentialAction":[{"@type":"SearchAction","target":{"@type":"EntryPoint","urlTemplate":"https:\/\/newsestlyonnais.fr\/site\/?s={search_term_string}"},"query-input":{"@type":"PropertyValueSpecification","valueRequired":true,"valueName":"search_term_string"}}],"inLanguage":"fr-FR"},{"@type":"Organization","@id":"https:\/\/newsestlyonnais.fr\/site\/#organization","name":"News EST LYONNAIS","url":"https:\/\/newsestlyonnais.fr\/site\/","logo":{"@type":"ImageObject","inLanguage":"fr-FR","@id":"https:\/\/newsestlyonnais.fr\/site\/#\/schema\/logo\/image\/","url":"","contentUrl":"","caption":"News EST LYONNAIS"},"image":{"@id":"https:\/\/newsestlyonnais.fr\/site\/#\/schema\/logo\/image\/"}},{"@type":"Person","@id":"https:\/\/newsestlyonnais.fr\/site\/#\/schema\/person\/3230d5615f390bb808365d673001e887","name":"R\u00e9dac. NEWS","sameAs":["http:\/\/www.newsestlyonnais.fr","https:\/\/www.facebook.com\/pascal.oberson.1?fref=ts","https:\/\/fr.linkedin.com\/in\/pascal-oberson-b17045113"],"url":"https:\/\/newsestlyonnais.fr\/site\/author\/nel\/"}]}},"_links":{"self":[{"href":"https:\/\/newsestlyonnais.fr\/site\/wp-json\/wp\/v2\/posts\/139328","targetHints":{"allow":["GET"]}}],"collection":[{"href":"https:\/\/newsestlyonnais.fr\/site\/wp-json\/wp\/v2\/posts"}],"about":[{"href":"https:\/\/newsestlyonnais.fr\/site\/wp-json\/wp\/v2\/types\/post"}],"author":[{"embeddable":true,"href":"https:\/\/newsestlyonnais.fr\/site\/wp-json\/wp\/v2\/users\/4"}],"replies":[{"embeddable":true,"href":"https:\/\/newsestlyonnais.fr\/site\/wp-json\/wp\/v2\/comments?post=139328"}],"version-history":[{"count":0,"href":"https:\/\/newsestlyonnais.fr\/site\/wp-json\/wp\/v2\/posts\/139328\/revisions"}],"wp:featuredmedia":[{"embeddable":true,"href":"https:\/\/newsestlyonnais.fr\/site\/wp-json\/wp\/v2\/media\/138063"}],"wp:attachment":[{"href":"https:\/\/newsestlyonnais.fr\/site\/wp-json\/wp\/v2\/media?parent=139328"}],"wp:term":[{"taxonomy":"category","embeddable":true,"href":"https:\/\/newsestlyonnais.fr\/site\/wp-json\/wp\/v2\/categories?post=139328"},{"taxonomy":"post_tag","embeddable":true,"href":"https:\/\/newsestlyonnais.fr\/site\/wp-json\/wp\/v2\/tags?post=139328"}],"curies":[{"name":"wp","href":"https:\/\/api.w.org\/{rel}","templated":true}]}}