{"id":139426,"date":"2021-09-29T14:46:53","date_gmt":"2021-09-29T13:46:53","guid":{"rendered":"https:\/\/newsestlyonnais.fr\/site\/?p=139426"},"modified":"2021-10-01T10:07:02","modified_gmt":"2021-10-01T09:07:02","slug":"ain-nicolas-miniggio-raconte-son-tor330-tor-des-geants","status":"publish","type":"post","link":"https:\/\/newsestlyonnais.fr\/site\/2021\/09\/29\/ain-nicolas-miniggio-raconte-son-tor330-tor-des-geants\/","title":{"rendered":"AIN | Nicolas Miniggio raconte son \u00ab\u00a0TOR330 Tor des G\u00e9ants\u00a0\u00bb"},"content":{"rendered":"<p><span style=\"text-decoration: underline;\"><strong><img loading=\"lazy\" decoding=\"async\" class=\"alignleft wp-image-139471\" src=\"https:\/\/newsestlyonnais.fr\/site\/wp-content\/uploads\/2021\/09\/AEnUxtwO3hz0X7bPS5zl8S1Bbsb96oNpl-7kT0BdZGTm22-gCnvO1o24usY-JyhvYkWm5hGraelEjlz5sEnwVMQGjt2a7rjP1Lk7_goLgIBvVKCkOItm6G0hGrHSo6rGxw-400x300.jpg\" alt=\"\" width=\"300\" height=\"225\" srcset=\"https:\/\/newsestlyonnais.fr\/site\/wp-content\/uploads\/2021\/09\/AEnUxtwO3hz0X7bPS5zl8S1Bbsb96oNpl-7kT0BdZGTm22-gCnvO1o24usY-JyhvYkWm5hGraelEjlz5sEnwVMQGjt2a7rjP1Lk7_goLgIBvVKCkOItm6G0hGrHSo6rGxw-400x300.jpg 400w, https:\/\/newsestlyonnais.fr\/site\/wp-content\/uploads\/2021\/09\/AEnUxtwO3hz0X7bPS5zl8S1Bbsb96oNpl-7kT0BdZGTm22-gCnvO1o24usY-JyhvYkWm5hGraelEjlz5sEnwVMQGjt2a7rjP1Lk7_goLgIBvVKCkOItm6G0hGrHSo6rGxw-650x488.jpg 650w, https:\/\/newsestlyonnais.fr\/site\/wp-content\/uploads\/2021\/09\/AEnUxtwO3hz0X7bPS5zl8S1Bbsb96oNpl-7kT0BdZGTm22-gCnvO1o24usY-JyhvYkWm5hGraelEjlz5sEnwVMQGjt2a7rjP1Lk7_goLgIBvVKCkOItm6G0hGrHSo6rGxw-250x188.jpg 250w, https:\/\/newsestlyonnais.fr\/site\/wp-content\/uploads\/2021\/09\/AEnUxtwO3hz0X7bPS5zl8S1Bbsb96oNpl-7kT0BdZGTm22-gCnvO1o24usY-JyhvYkWm5hGraelEjlz5sEnwVMQGjt2a7rjP1Lk7_goLgIBvVKCkOItm6G0hGrHSo6rGxw-768x576.jpg 768w, https:\/\/newsestlyonnais.fr\/site\/wp-content\/uploads\/2021\/09\/AEnUxtwO3hz0X7bPS5zl8S1Bbsb96oNpl-7kT0BdZGTm22-gCnvO1o24usY-JyhvYkWm5hGraelEjlz5sEnwVMQGjt2a7rjP1Lk7_goLgIBvVKCkOItm6G0hGrHSo6rGxw-150x113.jpg 150w, https:\/\/newsestlyonnais.fr\/site\/wp-content\/uploads\/2021\/09\/AEnUxtwO3hz0X7bPS5zl8S1Bbsb96oNpl-7kT0BdZGTm22-gCnvO1o24usY-JyhvYkWm5hGraelEjlz5sEnwVMQGjt2a7rjP1Lk7_goLgIBvVKCkOItm6G0hGrHSo6rGxw-50x38.jpg 50w, https:\/\/newsestlyonnais.fr\/site\/wp-content\/uploads\/2021\/09\/AEnUxtwO3hz0X7bPS5zl8S1Bbsb96oNpl-7kT0BdZGTm22-gCnvO1o24usY-JyhvYkWm5hGraelEjlz5sEnwVMQGjt2a7rjP1Lk7_goLgIBvVKCkOItm6G0hGrHSo6rGxw-100x75.jpg 100w, https:\/\/newsestlyonnais.fr\/site\/wp-content\/uploads\/2021\/09\/AEnUxtwO3hz0X7bPS5zl8S1Bbsb96oNpl-7kT0BdZGTm22-gCnvO1o24usY-JyhvYkWm5hGraelEjlz5sEnwVMQGjt2a7rjP1Lk7_goLgIBvVKCkOItm6G0hGrHSo6rGxw-200x150.jpg 200w, https:\/\/newsestlyonnais.fr\/site\/wp-content\/uploads\/2021\/09\/AEnUxtwO3hz0X7bPS5zl8S1Bbsb96oNpl-7kT0BdZGTm22-gCnvO1o24usY-JyhvYkWm5hGraelEjlz5sEnwVMQGjt2a7rjP1Lk7_goLgIBvVKCkOItm6G0hGrHSo6rGxw-300x225.jpg 300w, https:\/\/newsestlyonnais.fr\/site\/wp-content\/uploads\/2021\/09\/AEnUxtwO3hz0X7bPS5zl8S1Bbsb96oNpl-7kT0BdZGTm22-gCnvO1o24usY-JyhvYkWm5hGraelEjlz5sEnwVMQGjt2a7rjP1Lk7_goLgIBvVKCkOItm6G0hGrHSo6rGxw-350x263.jpg 350w, https:\/\/newsestlyonnais.fr\/site\/wp-content\/uploads\/2021\/09\/AEnUxtwO3hz0X7bPS5zl8S1Bbsb96oNpl-7kT0BdZGTm22-gCnvO1o24usY-JyhvYkWm5hGraelEjlz5sEnwVMQGjt2a7rjP1Lk7_goLgIBvVKCkOItm6G0hGrHSo6rGxw-450x338.jpg 450w, https:\/\/newsestlyonnais.fr\/site\/wp-content\/uploads\/2021\/09\/AEnUxtwO3hz0X7bPS5zl8S1Bbsb96oNpl-7kT0BdZGTm22-gCnvO1o24usY-JyhvYkWm5hGraelEjlz5sEnwVMQGjt2a7rjP1Lk7_goLgIBvVKCkOItm6G0hGrHSo6rGxw-500x375.jpg 500w, https:\/\/newsestlyonnais.fr\/site\/wp-content\/uploads\/2021\/09\/AEnUxtwO3hz0X7bPS5zl8S1Bbsb96oNpl-7kT0BdZGTm22-gCnvO1o24usY-JyhvYkWm5hGraelEjlz5sEnwVMQGjt2a7rjP1Lk7_goLgIBvVKCkOItm6G0hGrHSo6rGxw-550x413.jpg 550w, https:\/\/newsestlyonnais.fr\/site\/wp-content\/uploads\/2021\/09\/AEnUxtwO3hz0X7bPS5zl8S1Bbsb96oNpl-7kT0BdZGTm22-gCnvO1o24usY-JyhvYkWm5hGraelEjlz5sEnwVMQGjt2a7rjP1Lk7_goLgIBvVKCkOItm6G0hGrHSo6rGxw-800x600.jpg 800w, https:\/\/newsestlyonnais.fr\/site\/wp-content\/uploads\/2021\/09\/AEnUxtwO3hz0X7bPS5zl8S1Bbsb96oNpl-7kT0BdZGTm22-gCnvO1o24usY-JyhvYkWm5hGraelEjlz5sEnwVMQGjt2a7rjP1Lk7_goLgIBvVKCkOItm6G0hGrHSo6rGxw.jpg 1080w\" sizes=\"auto, (max-width: 300px) 100vw, 300px\" \/>Votre pr\u00e9sentation sommaire et pass\u00e9 sportif, les autres sports pratiqu\u00e9s auparavant ?<\/strong><\/span><\/p>\n<p>\u00a0\u00bb Nicolas, 40 ans, sapeur pompier professionnel dans le Rh\u00f4ne sur le secteur de Villeurbanne, <strong>je pratique le trail depuis 10 ans<\/strong>, c\u2019est en regardant un reportage sur l\u2019<span style=\"color: #0000ff;\"><a style=\"color: #0000ff;\" href=\"https:\/\/utmbmontblanc.com\">U.T.M.B.<\/a><\/span> (ultra trail du Mont Blanc 170 km \/ 10. 000 d+) que j\u2019ai eu envie de pratiquer cette discipline. J\u2019ai pratiqu\u00e9 v\u00e9lo de course en Ufolep, karat\u00e9, musculation, j\u2019essaie d\u2019\u00eatre polyvalent et complet \u00ab\u00a0.<\/p>\n<p><span style=\"text-decoration: underline;\"><strong>Qu\u2019avez-vous d\u00e9j\u00e0 couru comme courses avant ce Tor des G\u00e9ants ?<\/strong><\/span><\/p>\n<p>\u00a0\u00bb <strong>Depuis 10 ans je me fixe 2 objectifs dans l\u2019ann\u00e9e<\/strong> : 1 long distance et un interm\u00e9diaire. Au d\u00e9part j\u2019ai commenc\u00e9 le trail avec l\u2019objectif de participer un jour \u00e0 l\u2019U.T.M.B. Objectif atteint en 2014 o\u00f9 j\u2019ai \u00e9t\u00e9 finisher en 38 h, et depuis je ne me suis jamais arr\u00eat\u00e9\u2026 j\u2019ai fait le 120 km du <span style=\"color: #0000ff;\"><a style=\"color: #0000ff;\" href=\"https:\/\/www.grandraidpyrenees.com\">Grand Raid des Pyr\u00e9n\u00e9es<\/a><\/span>, l\u2019<a href=\"https:\/\/www.lechappeebelledonne.com\"><span style=\"color: #0000ff;\">Echapp\u00e9e belle<\/span><\/a>, la <a href=\"https:\/\/www.grandraid-reunion.com\/francais\"><span style=\"color: #0000ff;\">Diagonale des Fous<\/span><\/a>, le <span style=\"color: #0000ff;\"><a style=\"color: #0000ff;\" href=\"https:\/\/swisspeaks.ch\/360k\">360 km Swiss Peaks<\/a><\/span> par exemple\u2026 \u00a0\u00bb<\/p>\n<hr \/>\n<p><span style=\"text-decoration: underline;\"><strong><img loading=\"lazy\" decoding=\"async\" class=\"alignleft size-thumbnail wp-image-139446\" src=\"https:\/\/newsestlyonnais.fr\/site\/wp-content\/uploads\/2021\/09\/TORX-eXtreme-guidelineslogos-2021_TOR330-BLACKBG-250x250.jpg\" alt=\"\" width=\"150\" height=\"150\" srcset=\"https:\/\/newsestlyonnais.fr\/site\/wp-content\/uploads\/2021\/09\/TORX-eXtreme-guidelineslogos-2021_TOR330-BLACKBG-250x250.jpg 250w, https:\/\/newsestlyonnais.fr\/site\/wp-content\/uploads\/2021\/09\/TORX-eXtreme-guidelineslogos-2021_TOR330-BLACKBG-400x400.jpg 400w, https:\/\/newsestlyonnais.fr\/site\/wp-content\/uploads\/2021\/09\/TORX-eXtreme-guidelineslogos-2021_TOR330-BLACKBG-650x650.jpg 650w, https:\/\/newsestlyonnais.fr\/site\/wp-content\/uploads\/2021\/09\/TORX-eXtreme-guidelineslogos-2021_TOR330-BLACKBG-768x768.jpg 768w, https:\/\/newsestlyonnais.fr\/site\/wp-content\/uploads\/2021\/09\/TORX-eXtreme-guidelineslogos-2021_TOR330-BLACKBG-150x150.jpg 150w, https:\/\/newsestlyonnais.fr\/site\/wp-content\/uploads\/2021\/09\/TORX-eXtreme-guidelineslogos-2021_TOR330-BLACKBG-50x50.jpg 50w, https:\/\/newsestlyonnais.fr\/site\/wp-content\/uploads\/2021\/09\/TORX-eXtreme-guidelineslogos-2021_TOR330-BLACKBG-100x100.jpg 100w, https:\/\/newsestlyonnais.fr\/site\/wp-content\/uploads\/2021\/09\/TORX-eXtreme-guidelineslogos-2021_TOR330-BLACKBG-200x200.jpg 200w, https:\/\/newsestlyonnais.fr\/site\/wp-content\/uploads\/2021\/09\/TORX-eXtreme-guidelineslogos-2021_TOR330-BLACKBG-300x300.jpg 300w, https:\/\/newsestlyonnais.fr\/site\/wp-content\/uploads\/2021\/09\/TORX-eXtreme-guidelineslogos-2021_TOR330-BLACKBG-350x350.jpg 350w, https:\/\/newsestlyonnais.fr\/site\/wp-content\/uploads\/2021\/09\/TORX-eXtreme-guidelineslogos-2021_TOR330-BLACKBG-450x450.jpg 450w, https:\/\/newsestlyonnais.fr\/site\/wp-content\/uploads\/2021\/09\/TORX-eXtreme-guidelineslogos-2021_TOR330-BLACKBG-500x500.jpg 500w, https:\/\/newsestlyonnais.fr\/site\/wp-content\/uploads\/2021\/09\/TORX-eXtreme-guidelineslogos-2021_TOR330-BLACKBG-550x550.jpg 550w, https:\/\/newsestlyonnais.fr\/site\/wp-content\/uploads\/2021\/09\/TORX-eXtreme-guidelineslogos-2021_TOR330-BLACKBG-800x800.jpg 800w, https:\/\/newsestlyonnais.fr\/site\/wp-content\/uploads\/2021\/09\/TORX-eXtreme-guidelineslogos-2021_TOR330-BLACKBG.jpg 900w\" sizes=\"auto, (max-width: 150px) 100vw, 150px\" \/>Pourquoi cette course, l\u2019aviez vous d\u00e9j\u00e0 faite ?<br \/>\n<\/strong><\/span><\/p>\n<p>\u00a0\u00bb Pour moi l\u2019U.T.M.B \u00e9tait le graal la course qui fait r\u00eaver tout ultra-traileur mais \u00e0 force d\u2019avaler les kms et d\u00e9nivel\u00e9s + on en veut toujours plus et <strong>le TOR est une course qui me faisait r\u00eaver et redouter \u00e0 la fois<\/strong> (330 km pour 24.000 D+)\u2026.<\/p>\n<p><strong>Pour participer \u00e0 cette course il faut \u00eatre tir\u00e9 au sort<\/strong> (forte demande). Donc en attendant d\u2019\u00eatre tir\u00e9 au sort j\u2019ai couru l\u2019ann\u00e9e derni\u00e8re le 360 km de la Swiss Peak.., <strong>et cette ann\u00e9e au bout de 3 tentatives BINGO je me suis confront\u00e9 \u00e0 l\u2019ogre<\/strong> \u00ab\u00a0.<\/p>\n<p><span style=\"text-decoration: underline;\"><strong>Quel \u00e9tait votre objectif (temps, classement) ou tout simplement de finir ?<\/strong><\/span><\/p>\n<p>\u00a0\u00bb <strong>Mon objectif principal \u00e9tait de finir et dans un coin de ma t\u00eate finir en moins de 130 h<\/strong> \u00ab\u00a0.<\/p>\n<p><img loading=\"lazy\" decoding=\"async\" class=\"aligncenter size-large wp-image-139466\" src=\"https:\/\/newsestlyonnais.fr\/site\/wp-content\/uploads\/2021\/09\/AAioVX9ZpCp5Amx4Se9GFOvZ2JM7qWq6EuSurEw6QcmYFpWXXNBN9xiqhs8ZLFma-WvOXVJ-Q1MlSHFQuUZxpkFjiixNU6e3RIKlgTrg8v0q9o-ZM68bw6tHjV7xriMbCw-650x430.jpg\" alt=\"\" width=\"650\" height=\"430\" srcset=\"https:\/\/newsestlyonnais.fr\/site\/wp-content\/uploads\/2021\/09\/AAioVX9ZpCp5Amx4Se9GFOvZ2JM7qWq6EuSurEw6QcmYFpWXXNBN9xiqhs8ZLFma-WvOXVJ-Q1MlSHFQuUZxpkFjiixNU6e3RIKlgTrg8v0q9o-ZM68bw6tHjV7xriMbCw-650x430.jpg 650w, https:\/\/newsestlyonnais.fr\/site\/wp-content\/uploads\/2021\/09\/AAioVX9ZpCp5Amx4Se9GFOvZ2JM7qWq6EuSurEw6QcmYFpWXXNBN9xiqhs8ZLFma-WvOXVJ-Q1MlSHFQuUZxpkFjiixNU6e3RIKlgTrg8v0q9o-ZM68bw6tHjV7xriMbCw-400x265.jpg 400w, https:\/\/newsestlyonnais.fr\/site\/wp-content\/uploads\/2021\/09\/AAioVX9ZpCp5Amx4Se9GFOvZ2JM7qWq6EuSurEw6QcmYFpWXXNBN9xiqhs8ZLFma-WvOXVJ-Q1MlSHFQuUZxpkFjiixNU6e3RIKlgTrg8v0q9o-ZM68bw6tHjV7xriMbCw-250x166.jpg 250w, https:\/\/newsestlyonnais.fr\/site\/wp-content\/uploads\/2021\/09\/AAioVX9ZpCp5Amx4Se9GFOvZ2JM7qWq6EuSurEw6QcmYFpWXXNBN9xiqhs8ZLFma-WvOXVJ-Q1MlSHFQuUZxpkFjiixNU6e3RIKlgTrg8v0q9o-ZM68bw6tHjV7xriMbCw-768x508.jpg 768w, https:\/\/newsestlyonnais.fr\/site\/wp-content\/uploads\/2021\/09\/AAioVX9ZpCp5Amx4Se9GFOvZ2JM7qWq6EuSurEw6QcmYFpWXXNBN9xiqhs8ZLFma-WvOXVJ-Q1MlSHFQuUZxpkFjiixNU6e3RIKlgTrg8v0q9o-ZM68bw6tHjV7xriMbCw-150x99.jpg 150w, https:\/\/newsestlyonnais.fr\/site\/wp-content\/uploads\/2021\/09\/AAioVX9ZpCp5Amx4Se9GFOvZ2JM7qWq6EuSurEw6QcmYFpWXXNBN9xiqhs8ZLFma-WvOXVJ-Q1MlSHFQuUZxpkFjiixNU6e3RIKlgTrg8v0q9o-ZM68bw6tHjV7xriMbCw-50x33.jpg 50w, https:\/\/newsestlyonnais.fr\/site\/wp-content\/uploads\/2021\/09\/AAioVX9ZpCp5Amx4Se9GFOvZ2JM7qWq6EuSurEw6QcmYFpWXXNBN9xiqhs8ZLFma-WvOXVJ-Q1MlSHFQuUZxpkFjiixNU6e3RIKlgTrg8v0q9o-ZM68bw6tHjV7xriMbCw-100x66.jpg 100w, https:\/\/newsestlyonnais.fr\/site\/wp-content\/uploads\/2021\/09\/AAioVX9ZpCp5Amx4Se9GFOvZ2JM7qWq6EuSurEw6QcmYFpWXXNBN9xiqhs8ZLFma-WvOXVJ-Q1MlSHFQuUZxpkFjiixNU6e3RIKlgTrg8v0q9o-ZM68bw6tHjV7xriMbCw-200x132.jpg 200w, https:\/\/newsestlyonnais.fr\/site\/wp-content\/uploads\/2021\/09\/AAioVX9ZpCp5Amx4Se9GFOvZ2JM7qWq6EuSurEw6QcmYFpWXXNBN9xiqhs8ZLFma-WvOXVJ-Q1MlSHFQuUZxpkFjiixNU6e3RIKlgTrg8v0q9o-ZM68bw6tHjV7xriMbCw-300x199.jpg 300w, https:\/\/newsestlyonnais.fr\/site\/wp-content\/uploads\/2021\/09\/AAioVX9ZpCp5Amx4Se9GFOvZ2JM7qWq6EuSurEw6QcmYFpWXXNBN9xiqhs8ZLFma-WvOXVJ-Q1MlSHFQuUZxpkFjiixNU6e3RIKlgTrg8v0q9o-ZM68bw6tHjV7xriMbCw-350x232.jpg 350w, https:\/\/newsestlyonnais.fr\/site\/wp-content\/uploads\/2021\/09\/AAioVX9ZpCp5Amx4Se9GFOvZ2JM7qWq6EuSurEw6QcmYFpWXXNBN9xiqhs8ZLFma-WvOXVJ-Q1MlSHFQuUZxpkFjiixNU6e3RIKlgTrg8v0q9o-ZM68bw6tHjV7xriMbCw-450x298.jpg 450w, https:\/\/newsestlyonnais.fr\/site\/wp-content\/uploads\/2021\/09\/AAioVX9ZpCp5Amx4Se9GFOvZ2JM7qWq6EuSurEw6QcmYFpWXXNBN9xiqhs8ZLFma-WvOXVJ-Q1MlSHFQuUZxpkFjiixNU6e3RIKlgTrg8v0q9o-ZM68bw6tHjV7xriMbCw-500x331.jpg 500w, https:\/\/newsestlyonnais.fr\/site\/wp-content\/uploads\/2021\/09\/AAioVX9ZpCp5Amx4Se9GFOvZ2JM7qWq6EuSurEw6QcmYFpWXXNBN9xiqhs8ZLFma-WvOXVJ-Q1MlSHFQuUZxpkFjiixNU6e3RIKlgTrg8v0q9o-ZM68bw6tHjV7xriMbCw-550x364.jpg 550w, https:\/\/newsestlyonnais.fr\/site\/wp-content\/uploads\/2021\/09\/AAioVX9ZpCp5Amx4Se9GFOvZ2JM7qWq6EuSurEw6QcmYFpWXXNBN9xiqhs8ZLFma-WvOXVJ-Q1MlSHFQuUZxpkFjiixNU6e3RIKlgTrg8v0q9o-ZM68bw6tHjV7xriMbCw-800x530.jpg 800w, https:\/\/newsestlyonnais.fr\/site\/wp-content\/uploads\/2021\/09\/AAioVX9ZpCp5Amx4Se9GFOvZ2JM7qWq6EuSurEw6QcmYFpWXXNBN9xiqhs8ZLFma-WvOXVJ-Q1MlSHFQuUZxpkFjiixNU6e3RIKlgTrg8v0q9o-ZM68bw6tHjV7xriMbCw.jpg 1080w\" sizes=\"auto, (max-width: 650px) 100vw, 650px\" \/><\/p>\n<hr \/>\n<p><span style=\"text-decoration: underline;\"><strong>Comment s\u2019est pass\u00e9 la course au fur et \u00e0 mesure du parcours ? quelles difficult\u00e9s craigniez-vous et comment les avez-vous pass\u00e9es ?<\/strong><\/span><\/p>\n<p>\u00ab\u00a0<strong> En partant, ma strat\u00e9gie \u00e9tait simple : le but \u00e9tait de finir la course<\/strong>. Mais mon objectif \u00e9tait de relier les bases de vie. Sur le Tor il y en a 6 au total, \u00e0 environ 50 km d\u2019\u00e9cart. C\u2019est l\u00e0 ou l\u2019on retrouve son sac d\u2019assistance et de quoi prendre une douche, dormir et se faire masser. <strong>Le sommeil \u00e9tait un facteur que je craignais et je dois dire que cela a \u00e9t\u00e9 difficile \u00e0 g\u00e9rer<\/strong>. Avec l\u2019effervescence dans les bases de vies et mon \u00e9tat de fatigue avanc\u00e9, il est difficile de trouver le sommeil. Alors <strong>je dormais par intermittence de 30\u2019 \u00e0 1 h \u00ab\u00a0.<\/strong><\/p>\n<p><span style=\"text-decoration: underline;\"><strong>Au niveau m\u00e9t\u00e9o, qu\u2019en \u00e9tait il, quel temps pr\u00e9f\u00e9rez vous en g\u00e9n\u00e9ral ?<\/strong><\/span><\/p>\n<p>\u00a0\u00bb Dans l\u2019ensemble on a eu beau temps avec quelques p\u00e9riodes pluvieuses mais rien de dramatique. Je pense que je suis comme la plupart des coureurs, j\u2019aime quand le temps et beau et sec \u00ab\u00a0.<\/p>\n<hr \/>\n<p><span style=\"text-decoration: underline;\"><strong>Au final, votre temps et classement vous conviennent-ils ? satisfaction ou regrets sur certains points de la course ?<\/strong><\/span><\/p>\n<p>\u00a0\u00bb <strong>Je boucle mon TOR en 128 h je suis assez content<\/strong> mais j\u2019aurais pu faire mieux. Apr\u00e8s le dernier col dans la descente j\u2019ai attrap\u00e9 deux contractures aux quadriceps ce qui m\u2019a stopp\u00e9 net dans ma progression et <strong>oblig\u00e9 \u00e0 finir les 19 derniers kilom\u00e8tres en marchant difficilement<\/strong> surtout qu\u2019il me restait 1.500 de D- ce qui m&rsquo;a fait perdre environ 4 h !\u00a0\u00bb<\/p>\n<p><span style=\"text-decoration: underline;\"><strong>Avez-vous bien r\u00e9cup\u00e9r\u00e9, pas de douleurs ou blessures ?<\/strong><\/span><\/p>\n<p>\u00a0\u00bb Juste apr\u00e8s la course mes pieds ont gonfl\u00e9s on aurait dit deux poteaux \u00e9lectriques. Une semaine apr\u00e8s, le physique va bien mais les batteries sont encore a plat ! \u00a0\u00bb<\/p>\n<p><span style=\"text-decoration: underline;\"><strong>Et maintenant dans votre agenda quel nouveau d\u00e9fi vous \u00eates vous fix\u00e9 ?<\/strong><\/span><\/p>\n<p><img loading=\"lazy\" decoding=\"async\" class=\"alignleft wp-image-139474\" src=\"https:\/\/newsestlyonnais.fr\/site\/wp-content\/uploads\/2021\/09\/AAKicLm7h-U0d41K48FNUbltTPaOYKisBYDcP2RVn1NJ38-VOiJOlG9VyVhdI5ykzAyJSX1yawn5Vsd4HZfSiDq_Si3roY5u7YFAi9UEOdTWpbqznuy7LqRJ2kjcx9iitw-400x300.jpg\" alt=\"\" width=\"300\" height=\"225\" srcset=\"https:\/\/newsestlyonnais.fr\/site\/wp-content\/uploads\/2021\/09\/AAKicLm7h-U0d41K48FNUbltTPaOYKisBYDcP2RVn1NJ38-VOiJOlG9VyVhdI5ykzAyJSX1yawn5Vsd4HZfSiDq_Si3roY5u7YFAi9UEOdTWpbqznuy7LqRJ2kjcx9iitw-400x300.jpg 400w, https:\/\/newsestlyonnais.fr\/site\/wp-content\/uploads\/2021\/09\/AAKicLm7h-U0d41K48FNUbltTPaOYKisBYDcP2RVn1NJ38-VOiJOlG9VyVhdI5ykzAyJSX1yawn5Vsd4HZfSiDq_Si3roY5u7YFAi9UEOdTWpbqznuy7LqRJ2kjcx9iitw-250x188.jpg 250w, https:\/\/newsestlyonnais.fr\/site\/wp-content\/uploads\/2021\/09\/AAKicLm7h-U0d41K48FNUbltTPaOYKisBYDcP2RVn1NJ38-VOiJOlG9VyVhdI5ykzAyJSX1yawn5Vsd4HZfSiDq_Si3roY5u7YFAi9UEOdTWpbqznuy7LqRJ2kjcx9iitw-150x113.jpg 150w, https:\/\/newsestlyonnais.fr\/site\/wp-content\/uploads\/2021\/09\/AAKicLm7h-U0d41K48FNUbltTPaOYKisBYDcP2RVn1NJ38-VOiJOlG9VyVhdI5ykzAyJSX1yawn5Vsd4HZfSiDq_Si3roY5u7YFAi9UEOdTWpbqznuy7LqRJ2kjcx9iitw-50x38.jpg 50w, https:\/\/newsestlyonnais.fr\/site\/wp-content\/uploads\/2021\/09\/AAKicLm7h-U0d41K48FNUbltTPaOYKisBYDcP2RVn1NJ38-VOiJOlG9VyVhdI5ykzAyJSX1yawn5Vsd4HZfSiDq_Si3roY5u7YFAi9UEOdTWpbqznuy7LqRJ2kjcx9iitw-100x75.jpg 100w, https:\/\/newsestlyonnais.fr\/site\/wp-content\/uploads\/2021\/09\/AAKicLm7h-U0d41K48FNUbltTPaOYKisBYDcP2RVn1NJ38-VOiJOlG9VyVhdI5ykzAyJSX1yawn5Vsd4HZfSiDq_Si3roY5u7YFAi9UEOdTWpbqznuy7LqRJ2kjcx9iitw-200x150.jpg 200w, https:\/\/newsestlyonnais.fr\/site\/wp-content\/uploads\/2021\/09\/AAKicLm7h-U0d41K48FNUbltTPaOYKisBYDcP2RVn1NJ38-VOiJOlG9VyVhdI5ykzAyJSX1yawn5Vsd4HZfSiDq_Si3roY5u7YFAi9UEOdTWpbqznuy7LqRJ2kjcx9iitw-300x225.jpg 300w, https:\/\/newsestlyonnais.fr\/site\/wp-content\/uploads\/2021\/09\/AAKicLm7h-U0d41K48FNUbltTPaOYKisBYDcP2RVn1NJ38-VOiJOlG9VyVhdI5ykzAyJSX1yawn5Vsd4HZfSiDq_Si3roY5u7YFAi9UEOdTWpbqznuy7LqRJ2kjcx9iitw-350x263.jpg 350w, https:\/\/newsestlyonnais.fr\/site\/wp-content\/uploads\/2021\/09\/AAKicLm7h-U0d41K48FNUbltTPaOYKisBYDcP2RVn1NJ38-VOiJOlG9VyVhdI5ykzAyJSX1yawn5Vsd4HZfSiDq_Si3roY5u7YFAi9UEOdTWpbqznuy7LqRJ2kjcx9iitw-450x338.jpg 450w, https:\/\/newsestlyonnais.fr\/site\/wp-content\/uploads\/2021\/09\/AAKicLm7h-U0d41K48FNUbltTPaOYKisBYDcP2RVn1NJ38-VOiJOlG9VyVhdI5ykzAyJSX1yawn5Vsd4HZfSiDq_Si3roY5u7YFAi9UEOdTWpbqznuy7LqRJ2kjcx9iitw-500x375.jpg 500w, https:\/\/newsestlyonnais.fr\/site\/wp-content\/uploads\/2021\/09\/AAKicLm7h-U0d41K48FNUbltTPaOYKisBYDcP2RVn1NJ38-VOiJOlG9VyVhdI5ykzAyJSX1yawn5Vsd4HZfSiDq_Si3roY5u7YFAi9UEOdTWpbqznuy7LqRJ2kjcx9iitw.jpg 512w\" sizes=\"auto, (max-width: 300px) 100vw, 300px\" \/>\u00a0\u00bb <strong>Difficile de se projeter apr\u00e8s une telle \u00e9preuve<\/strong>, il faut un peu de temps pour redescendre sur terre. Mais je pense descendre en kilom\u00e9trage et pourquoi pas faire la <a href=\"https:\/\/www.montagnhard.com\"><span style=\"color: #0000ff;\">Montagn\u2019hard<\/span><\/a> (110 km \/ 8.500 d+) et refaire l\u2019Echapp\u00e9e belle (150 km pour 11.400 d+) \u00ab\u00a0.<\/p>\n<hr \/>\n<ul>\n<li><span style=\"background-color: #000000; color: #ffffff;\"><a style=\"background-color: #000000; color: #ffffff;\" href=\"https:\/\/www.tordesgeants.it\/fr\/content\/tor-des-g%C3%A9ants%C2%AE\"><span style=\"font-size: 14pt;\"><span style=\"font-size: 18pt;\"><span style=\"font-size: 14pt;\">Pr\u00e9sentation de la course<\/span><\/span><\/span> <\/a><\/span><\/li>\n<li><span style=\"font-size: 18pt;\"><a href=\"https:\/\/www.100x100trail.com\/rankings\/TOR33021?fbclid=IwAR33XKW7fA4oqDcCMBl7qj2hEB8srwU7ejyV2H_q_dCEibO0aZxLyOHeaVM\"><span style=\"background-color: #000000; color: #ffffff;\">Les classements <\/span><\/a><\/span><\/li>\n<\/ul>\n<hr \/>\n<p><img loading=\"lazy\" decoding=\"async\" class=\"aligncenter size-full wp-image-139468\" src=\"https:\/\/newsestlyonnais.fr\/site\/wp-content\/uploads\/2021\/09\/ANlVu54u8RFT-5rtexdnsLMi27Enp0XYltmDnBMBVim05Ns95Qv4LtbIL-DLeipdALfuoZoYYIcG_y5sI94gf-SNNKGHNy1nODn0kSUhEw_ECNCJA4qHMUB_oKfxBAHN0w.jpg\" alt=\"\" width=\"512\" height=\"384\" srcset=\"https:\/\/newsestlyonnais.fr\/site\/wp-content\/uploads\/2021\/09\/ANlVu54u8RFT-5rtexdnsLMi27Enp0XYltmDnBMBVim05Ns95Qv4LtbIL-DLeipdALfuoZoYYIcG_y5sI94gf-SNNKGHNy1nODn0kSUhEw_ECNCJA4qHMUB_oKfxBAHN0w.jpg 512w, https:\/\/newsestlyonnais.fr\/site\/wp-content\/uploads\/2021\/09\/ANlVu54u8RFT-5rtexdnsLMi27Enp0XYltmDnBMBVim05Ns95Qv4LtbIL-DLeipdALfuoZoYYIcG_y5sI94gf-SNNKGHNy1nODn0kSUhEw_ECNCJA4qHMUB_oKfxBAHN0w-400x300.jpg 400w, https:\/\/newsestlyonnais.fr\/site\/wp-content\/uploads\/2021\/09\/ANlVu54u8RFT-5rtexdnsLMi27Enp0XYltmDnBMBVim05Ns95Qv4LtbIL-DLeipdALfuoZoYYIcG_y5sI94gf-SNNKGHNy1nODn0kSUhEw_ECNCJA4qHMUB_oKfxBAHN0w-250x188.jpg 250w, https:\/\/newsestlyonnais.fr\/site\/wp-content\/uploads\/2021\/09\/ANlVu54u8RFT-5rtexdnsLMi27Enp0XYltmDnBMBVim05Ns95Qv4LtbIL-DLeipdALfuoZoYYIcG_y5sI94gf-SNNKGHNy1nODn0kSUhEw_ECNCJA4qHMUB_oKfxBAHN0w-150x113.jpg 150w, https:\/\/newsestlyonnais.fr\/site\/wp-content\/uploads\/2021\/09\/ANlVu54u8RFT-5rtexdnsLMi27Enp0XYltmDnBMBVim05Ns95Qv4LtbIL-DLeipdALfuoZoYYIcG_y5sI94gf-SNNKGHNy1nODn0kSUhEw_ECNCJA4qHMUB_oKfxBAHN0w-50x38.jpg 50w, https:\/\/newsestlyonnais.fr\/site\/wp-content\/uploads\/2021\/09\/ANlVu54u8RFT-5rtexdnsLMi27Enp0XYltmDnBMBVim05Ns95Qv4LtbIL-DLeipdALfuoZoYYIcG_y5sI94gf-SNNKGHNy1nODn0kSUhEw_ECNCJA4qHMUB_oKfxBAHN0w-100x75.jpg 100w, https:\/\/newsestlyonnais.fr\/site\/wp-content\/uploads\/2021\/09\/ANlVu54u8RFT-5rtexdnsLMi27Enp0XYltmDnBMBVim05Ns95Qv4LtbIL-DLeipdALfuoZoYYIcG_y5sI94gf-SNNKGHNy1nODn0kSUhEw_ECNCJA4qHMUB_oKfxBAHN0w-200x150.jpg 200w, https:\/\/newsestlyonnais.fr\/site\/wp-content\/uploads\/2021\/09\/ANlVu54u8RFT-5rtexdnsLMi27Enp0XYltmDnBMBVim05Ns95Qv4LtbIL-DLeipdALfuoZoYYIcG_y5sI94gf-SNNKGHNy1nODn0kSUhEw_ECNCJA4qHMUB_oKfxBAHN0w-300x225.jpg 300w, https:\/\/newsestlyonnais.fr\/site\/wp-content\/uploads\/2021\/09\/ANlVu54u8RFT-5rtexdnsLMi27Enp0XYltmDnBMBVim05Ns95Qv4LtbIL-DLeipdALfuoZoYYIcG_y5sI94gf-SNNKGHNy1nODn0kSUhEw_ECNCJA4qHMUB_oKfxBAHN0w-350x263.jpg 350w, https:\/\/newsestlyonnais.fr\/site\/wp-content\/uploads\/2021\/09\/ANlVu54u8RFT-5rtexdnsLMi27Enp0XYltmDnBMBVim05Ns95Qv4LtbIL-DLeipdALfuoZoYYIcG_y5sI94gf-SNNKGHNy1nODn0kSUhEw_ECNCJA4qHMUB_oKfxBAHN0w-450x338.jpg 450w, https:\/\/newsestlyonnais.fr\/site\/wp-content\/uploads\/2021\/09\/ANlVu54u8RFT-5rtexdnsLMi27Enp0XYltmDnBMBVim05Ns95Qv4LtbIL-DLeipdALfuoZoYYIcG_y5sI94gf-SNNKGHNy1nODn0kSUhEw_ECNCJA4qHMUB_oKfxBAHN0w-500x375.jpg 500w\" sizes=\"auto, (max-width: 512px) 100vw, 512px\" \/><\/p>\n<p>&nbsp;<\/p>\n","protected":false},"excerpt":{"rendered":"<p>L&rsquo;ultra-traileur de l&rsquo;Ain a disput\u00e9 en septembre cette course d&rsquo;endurance associant longue distance et autonomie (330 km, 24.000 D+) \u00e0 Courmayeur, (Vall\u00e9e d\u2019Aoste, Italie).<\/p>\n","protected":false},"author":4,"featured_media":139431,"comment_status":"open","ping_status":"open","sticky":false,"template":"","format":"standard","meta":{"footnotes":""},"categories":[156,2968,3250,2],"tags":[2283,3922,3924,3923],"class_list":["post-139426","post","type-post","status-publish","format-standard","has-post-thumbnail","hentry","category-ain","category-athle-course-pied-marche","category-recits-de-course-portraits-interviews","category-sports","tag-course-pedestre","tag-nicolas-miniggio","tag-recit","tag-tor330-tor-des-geants"],"yoast_head":"<!-- This site is optimized with the Yoast SEO plugin v27.2 - https:\/\/yoast.com\/product\/yoast-seo-wordpress\/ -->\n<title>AIN | Nicolas Miniggio raconte son &quot;TOR330 Tor des G\u00e9ants&quot; - News Est Lyonnais<\/title>\n<meta name=\"description\" content=\"AIN | Nicolas Miniggio raconte son &quot;TOR330 Tor des G\u00e9ants&quot;\" \/>\n<meta name=\"robots\" content=\"index, follow, max-snippet:-1, max-image-preview:large, max-video-preview:-1\" \/>\n<link rel=\"canonical\" href=\"https:\/\/newsestlyonnais.fr\/site\/2021\/09\/29\/ain-nicolas-miniggio-raconte-son-tor330-tor-des-geants\/\" \/>\n<meta property=\"og:locale\" content=\"fr_FR\" \/>\n<meta property=\"og:type\" content=\"article\" \/>\n<meta property=\"og:title\" content=\"AIN | Nicolas Miniggio raconte son &quot;TOR330 Tor des G\u00e9ants&quot; - News Est Lyonnais\" \/>\n<meta property=\"og:description\" content=\"AIN | Nicolas Miniggio raconte son &quot;TOR330 Tor des G\u00e9ants&quot;\" \/>\n<meta property=\"og:url\" content=\"https:\/\/newsestlyonnais.fr\/site\/2021\/09\/29\/ain-nicolas-miniggio-raconte-son-tor330-tor-des-geants\/\" \/>\n<meta property=\"og:site_name\" content=\"News Est Lyonnais\" \/>\n<meta property=\"article:author\" content=\"https:\/\/www.facebook.com\/pascal.oberson.1?fref=ts\" \/>\n<meta property=\"article:published_time\" content=\"2021-09-29T13:46:53+00:00\" \/>\n<meta property=\"article:modified_time\" content=\"2021-10-01T09:07:02+00:00\" \/>\n<meta property=\"og:image\" content=\"https:\/\/i2.wp.com\/newsestlyonnais.fr\/site\/wp-content\/uploads\/2021\/09\/AMfOcyngE2GDgeLiX1oBDYbwQv7MjIkSwuxkIZcniHlzl1HyfaBMxeT4wfn7iZrBSjCmj9oO6BGmaV36_k0BbGVgFhnf_4GJpeYPPLSns2Km7ZiD5iXmAip5aoR65YgPXA.jpg?fit=1080%2C715&ssl=1\" \/>\n\t<meta property=\"og:image:width\" content=\"1080\" \/>\n\t<meta property=\"og:image:height\" content=\"715\" \/>\n\t<meta property=\"og:image:type\" content=\"image\/jpeg\" \/>\n<meta name=\"author\" content=\"R\u00e9dac. NEWS\" \/>\n<meta name=\"twitter:card\" content=\"summary_large_image\" \/>\n<meta name=\"twitter:label1\" content=\"\u00c9crit par\" \/>\n\t<meta name=\"twitter:data1\" content=\"R\u00e9dac. NEWS\" \/>\n\t<meta name=\"twitter:label2\" content=\"Dur\u00e9e de lecture estim\u00e9e\" \/>\n\t<meta name=\"twitter:data2\" content=\"4 minutes\" \/>\n<script type=\"application\/ld+json\" class=\"yoast-schema-graph\">{\"@context\":\"https:\/\/schema.org\",\"@graph\":[{\"@type\":\"Article\",\"@id\":\"https:\/\/newsestlyonnais.fr\/site\/2021\/09\/29\/ain-nicolas-miniggio-raconte-son-tor330-tor-des-geants\/#article\",\"isPartOf\":{\"@id\":\"https:\/\/newsestlyonnais.fr\/site\/2021\/09\/29\/ain-nicolas-miniggio-raconte-son-tor330-tor-des-geants\/\"},\"author\":{\"name\":\"R\u00e9dac. NEWS\",\"@id\":\"https:\/\/newsestlyonnais.fr\/site\/#\/schema\/person\/3230d5615f390bb808365d673001e887\"},\"headline\":\"AIN | Nicolas Miniggio raconte son \u00ab\u00a0TOR330 Tor des G\u00e9ants\u00a0\u00bb\",\"datePublished\":\"2021-09-29T13:46:53+00:00\",\"dateModified\":\"2021-10-01T09:07:02+00:00\",\"mainEntityOfPage\":{\"@id\":\"https:\/\/newsestlyonnais.fr\/site\/2021\/09\/29\/ain-nicolas-miniggio-raconte-son-tor330-tor-des-geants\/\"},\"wordCount\":693,\"commentCount\":0,\"publisher\":{\"@id\":\"https:\/\/newsestlyonnais.fr\/site\/#organization\"},\"image\":{\"@id\":\"https:\/\/newsestlyonnais.fr\/site\/2021\/09\/29\/ain-nicolas-miniggio-raconte-son-tor330-tor-des-geants\/#primaryimage\"},\"thumbnailUrl\":\"https:\/\/newsestlyonnais.fr\/site\/wp-content\/uploads\/2021\/09\/AMfOcyngE2GDgeLiX1oBDYbwQv7MjIkSwuxkIZcniHlzl1HyfaBMxeT4wfn7iZrBSjCmj9oO6BGmaV36_k0BbGVgFhnf_4GJpeYPPLSns2Km7ZiD5iXmAip5aoR65YgPXA.jpg\",\"keywords\":[\"course p\u00e9destre\",\"Nicolas Miniggio\",\"r\u00e9cit\",\"TOR330 Tor des G\u00e9ants\"],\"articleSection\":[\"Ain (01)\",\"Athl\u00e9 | Course pied | Marche\",\"R\u00e9cits de course \/ Portraits \/ Interviews\",\"Sports\"],\"inLanguage\":\"fr-FR\",\"potentialAction\":[{\"@type\":\"CommentAction\",\"name\":\"Comment\",\"target\":[\"https:\/\/newsestlyonnais.fr\/site\/2021\/09\/29\/ain-nicolas-miniggio-raconte-son-tor330-tor-des-geants\/#respond\"]}]},{\"@type\":\"WebPage\",\"@id\":\"https:\/\/newsestlyonnais.fr\/site\/2021\/09\/29\/ain-nicolas-miniggio-raconte-son-tor330-tor-des-geants\/\",\"url\":\"https:\/\/newsestlyonnais.fr\/site\/2021\/09\/29\/ain-nicolas-miniggio-raconte-son-tor330-tor-des-geants\/\",\"name\":\"AIN | Nicolas Miniggio raconte son \\\"TOR330 Tor des G\u00e9ants\\\" - News Est Lyonnais\",\"isPartOf\":{\"@id\":\"https:\/\/newsestlyonnais.fr\/site\/#website\"},\"primaryImageOfPage\":{\"@id\":\"https:\/\/newsestlyonnais.fr\/site\/2021\/09\/29\/ain-nicolas-miniggio-raconte-son-tor330-tor-des-geants\/#primaryimage\"},\"image\":{\"@id\":\"https:\/\/newsestlyonnais.fr\/site\/2021\/09\/29\/ain-nicolas-miniggio-raconte-son-tor330-tor-des-geants\/#primaryimage\"},\"thumbnailUrl\":\"https:\/\/newsestlyonnais.fr\/site\/wp-content\/uploads\/2021\/09\/AMfOcyngE2GDgeLiX1oBDYbwQv7MjIkSwuxkIZcniHlzl1HyfaBMxeT4wfn7iZrBSjCmj9oO6BGmaV36_k0BbGVgFhnf_4GJpeYPPLSns2Km7ZiD5iXmAip5aoR65YgPXA.jpg\",\"datePublished\":\"2021-09-29T13:46:53+00:00\",\"dateModified\":\"2021-10-01T09:07:02+00:00\",\"description\":\"AIN | Nicolas Miniggio raconte son \\\"TOR330 Tor des G\u00e9ants\\\"\",\"breadcrumb\":{\"@id\":\"https:\/\/newsestlyonnais.fr\/site\/2021\/09\/29\/ain-nicolas-miniggio-raconte-son-tor330-tor-des-geants\/#breadcrumb\"},\"inLanguage\":\"fr-FR\",\"potentialAction\":[{\"@type\":\"ReadAction\",\"target\":[\"https:\/\/newsestlyonnais.fr\/site\/2021\/09\/29\/ain-nicolas-miniggio-raconte-son-tor330-tor-des-geants\/\"]}]},{\"@type\":\"ImageObject\",\"inLanguage\":\"fr-FR\",\"@id\":\"https:\/\/newsestlyonnais.fr\/site\/2021\/09\/29\/ain-nicolas-miniggio-raconte-son-tor330-tor-des-geants\/#primaryimage\",\"url\":\"https:\/\/newsestlyonnais.fr\/site\/wp-content\/uploads\/2021\/09\/AMfOcyngE2GDgeLiX1oBDYbwQv7MjIkSwuxkIZcniHlzl1HyfaBMxeT4wfn7iZrBSjCmj9oO6BGmaV36_k0BbGVgFhnf_4GJpeYPPLSns2Km7ZiD5iXmAip5aoR65YgPXA.jpg\",\"contentUrl\":\"https:\/\/newsestlyonnais.fr\/site\/wp-content\/uploads\/2021\/09\/AMfOcyngE2GDgeLiX1oBDYbwQv7MjIkSwuxkIZcniHlzl1HyfaBMxeT4wfn7iZrBSjCmj9oO6BGmaV36_k0BbGVgFhnf_4GJpeYPPLSns2Km7ZiD5iXmAip5aoR65YgPXA.jpg\",\"width\":1080,\"height\":715},{\"@type\":\"BreadcrumbList\",\"@id\":\"https:\/\/newsestlyonnais.fr\/site\/2021\/09\/29\/ain-nicolas-miniggio-raconte-son-tor330-tor-des-geants\/#breadcrumb\",\"itemListElement\":[{\"@type\":\"ListItem\",\"position\":1,\"name\":\"Accueil\",\"item\":\"https:\/\/newsestlyonnais.fr\/site\/\"},{\"@type\":\"ListItem\",\"position\":2,\"name\":\"AIN | Nicolas Miniggio raconte son \u00ab\u00a0TOR330 Tor des G\u00e9ants\u00a0\u00bb\"}]},{\"@type\":\"WebSite\",\"@id\":\"https:\/\/newsestlyonnais.fr\/site\/#website\",\"url\":\"https:\/\/newsestlyonnais.fr\/site\/\",\"name\":\"News Est Lyonnais\",\"description\":\"L&#039;actualit\u00e9 au plus pr\u00e8s\",\"publisher\":{\"@id\":\"https:\/\/newsestlyonnais.fr\/site\/#organization\"},\"potentialAction\":[{\"@type\":\"SearchAction\",\"target\":{\"@type\":\"EntryPoint\",\"urlTemplate\":\"https:\/\/newsestlyonnais.fr\/site\/?s={search_term_string}\"},\"query-input\":{\"@type\":\"PropertyValueSpecification\",\"valueRequired\":true,\"valueName\":\"search_term_string\"}}],\"inLanguage\":\"fr-FR\"},{\"@type\":\"Organization\",\"@id\":\"https:\/\/newsestlyonnais.fr\/site\/#organization\",\"name\":\"News EST LYONNAIS\",\"url\":\"https:\/\/newsestlyonnais.fr\/site\/\",\"logo\":{\"@type\":\"ImageObject\",\"inLanguage\":\"fr-FR\",\"@id\":\"https:\/\/newsestlyonnais.fr\/site\/#\/schema\/logo\/image\/\",\"url\":\"\",\"contentUrl\":\"\",\"caption\":\"News EST LYONNAIS\"},\"image\":{\"@id\":\"https:\/\/newsestlyonnais.fr\/site\/#\/schema\/logo\/image\/\"}},{\"@type\":\"Person\",\"@id\":\"https:\/\/newsestlyonnais.fr\/site\/#\/schema\/person\/3230d5615f390bb808365d673001e887\",\"name\":\"R\u00e9dac. NEWS\",\"sameAs\":[\"http:\/\/www.newsestlyonnais.fr\",\"https:\/\/www.facebook.com\/pascal.oberson.1?fref=ts\",\"https:\/\/fr.linkedin.com\/in\/pascal-oberson-b17045113\"],\"url\":\"https:\/\/newsestlyonnais.fr\/site\/author\/nel\/\"}]}<\/script>\n<!-- \/ Yoast SEO plugin. -->","yoast_head_json":{"title":"AIN | Nicolas Miniggio raconte son \"TOR330 Tor des G\u00e9ants\" - News Est Lyonnais","description":"AIN | Nicolas Miniggio raconte son \"TOR330 Tor des G\u00e9ants\"","robots":{"index":"index","follow":"follow","max-snippet":"max-snippet:-1","max-image-preview":"max-image-preview:large","max-video-preview":"max-video-preview:-1"},"canonical":"https:\/\/newsestlyonnais.fr\/site\/2021\/09\/29\/ain-nicolas-miniggio-raconte-son-tor330-tor-des-geants\/","og_locale":"fr_FR","og_type":"article","og_title":"AIN | Nicolas Miniggio raconte son \"TOR330 Tor des G\u00e9ants\" - News Est Lyonnais","og_description":"AIN | Nicolas Miniggio raconte son \"TOR330 Tor des G\u00e9ants\"","og_url":"https:\/\/newsestlyonnais.fr\/site\/2021\/09\/29\/ain-nicolas-miniggio-raconte-son-tor330-tor-des-geants\/","og_site_name":"News Est Lyonnais","article_author":"https:\/\/www.facebook.com\/pascal.oberson.1?fref=ts","article_published_time":"2021-09-29T13:46:53+00:00","article_modified_time":"2021-10-01T09:07:02+00:00","og_image":[{"width":1080,"height":715,"url":"https:\/\/i2.wp.com\/newsestlyonnais.fr\/site\/wp-content\/uploads\/2021\/09\/AMfOcyngE2GDgeLiX1oBDYbwQv7MjIkSwuxkIZcniHlzl1HyfaBMxeT4wfn7iZrBSjCmj9oO6BGmaV36_k0BbGVgFhnf_4GJpeYPPLSns2Km7ZiD5iXmAip5aoR65YgPXA.jpg?fit=1080%2C715&ssl=1","type":"image\/jpeg"}],"author":"R\u00e9dac. NEWS","twitter_card":"summary_large_image","twitter_misc":{"\u00c9crit par":"R\u00e9dac. NEWS","Dur\u00e9e de lecture estim\u00e9e":"4 minutes"},"schema":{"@context":"https:\/\/schema.org","@graph":[{"@type":"Article","@id":"https:\/\/newsestlyonnais.fr\/site\/2021\/09\/29\/ain-nicolas-miniggio-raconte-son-tor330-tor-des-geants\/#article","isPartOf":{"@id":"https:\/\/newsestlyonnais.fr\/site\/2021\/09\/29\/ain-nicolas-miniggio-raconte-son-tor330-tor-des-geants\/"},"author":{"name":"R\u00e9dac. NEWS","@id":"https:\/\/newsestlyonnais.fr\/site\/#\/schema\/person\/3230d5615f390bb808365d673001e887"},"headline":"AIN | Nicolas Miniggio raconte son \u00ab\u00a0TOR330 Tor des G\u00e9ants\u00a0\u00bb","datePublished":"2021-09-29T13:46:53+00:00","dateModified":"2021-10-01T09:07:02+00:00","mainEntityOfPage":{"@id":"https:\/\/newsestlyonnais.fr\/site\/2021\/09\/29\/ain-nicolas-miniggio-raconte-son-tor330-tor-des-geants\/"},"wordCount":693,"commentCount":0,"publisher":{"@id":"https:\/\/newsestlyonnais.fr\/site\/#organization"},"image":{"@id":"https:\/\/newsestlyonnais.fr\/site\/2021\/09\/29\/ain-nicolas-miniggio-raconte-son-tor330-tor-des-geants\/#primaryimage"},"thumbnailUrl":"https:\/\/newsestlyonnais.fr\/site\/wp-content\/uploads\/2021\/09\/AMfOcyngE2GDgeLiX1oBDYbwQv7MjIkSwuxkIZcniHlzl1HyfaBMxeT4wfn7iZrBSjCmj9oO6BGmaV36_k0BbGVgFhnf_4GJpeYPPLSns2Km7ZiD5iXmAip5aoR65YgPXA.jpg","keywords":["course p\u00e9destre","Nicolas Miniggio","r\u00e9cit","TOR330 Tor des G\u00e9ants"],"articleSection":["Ain (01)","Athl\u00e9 | Course pied | Marche","R\u00e9cits de course \/ Portraits \/ Interviews","Sports"],"inLanguage":"fr-FR","potentialAction":[{"@type":"CommentAction","name":"Comment","target":["https:\/\/newsestlyonnais.fr\/site\/2021\/09\/29\/ain-nicolas-miniggio-raconte-son-tor330-tor-des-geants\/#respond"]}]},{"@type":"WebPage","@id":"https:\/\/newsestlyonnais.fr\/site\/2021\/09\/29\/ain-nicolas-miniggio-raconte-son-tor330-tor-des-geants\/","url":"https:\/\/newsestlyonnais.fr\/site\/2021\/09\/29\/ain-nicolas-miniggio-raconte-son-tor330-tor-des-geants\/","name":"AIN | Nicolas Miniggio raconte son \"TOR330 Tor des G\u00e9ants\" - News Est Lyonnais","isPartOf":{"@id":"https:\/\/newsestlyonnais.fr\/site\/#website"},"primaryImageOfPage":{"@id":"https:\/\/newsestlyonnais.fr\/site\/2021\/09\/29\/ain-nicolas-miniggio-raconte-son-tor330-tor-des-geants\/#primaryimage"},"image":{"@id":"https:\/\/newsestlyonnais.fr\/site\/2021\/09\/29\/ain-nicolas-miniggio-raconte-son-tor330-tor-des-geants\/#primaryimage"},"thumbnailUrl":"https:\/\/newsestlyonnais.fr\/site\/wp-content\/uploads\/2021\/09\/AMfOcyngE2GDgeLiX1oBDYbwQv7MjIkSwuxkIZcniHlzl1HyfaBMxeT4wfn7iZrBSjCmj9oO6BGmaV36_k0BbGVgFhnf_4GJpeYPPLSns2Km7ZiD5iXmAip5aoR65YgPXA.jpg","datePublished":"2021-09-29T13:46:53+00:00","dateModified":"2021-10-01T09:07:02+00:00","description":"AIN | Nicolas Miniggio raconte son \"TOR330 Tor des G\u00e9ants\"","breadcrumb":{"@id":"https:\/\/newsestlyonnais.fr\/site\/2021\/09\/29\/ain-nicolas-miniggio-raconte-son-tor330-tor-des-geants\/#breadcrumb"},"inLanguage":"fr-FR","potentialAction":[{"@type":"ReadAction","target":["https:\/\/newsestlyonnais.fr\/site\/2021\/09\/29\/ain-nicolas-miniggio-raconte-son-tor330-tor-des-geants\/"]}]},{"@type":"ImageObject","inLanguage":"fr-FR","@id":"https:\/\/newsestlyonnais.fr\/site\/2021\/09\/29\/ain-nicolas-miniggio-raconte-son-tor330-tor-des-geants\/#primaryimage","url":"https:\/\/newsestlyonnais.fr\/site\/wp-content\/uploads\/2021\/09\/AMfOcyngE2GDgeLiX1oBDYbwQv7MjIkSwuxkIZcniHlzl1HyfaBMxeT4wfn7iZrBSjCmj9oO6BGmaV36_k0BbGVgFhnf_4GJpeYPPLSns2Km7ZiD5iXmAip5aoR65YgPXA.jpg","contentUrl":"https:\/\/newsestlyonnais.fr\/site\/wp-content\/uploads\/2021\/09\/AMfOcyngE2GDgeLiX1oBDYbwQv7MjIkSwuxkIZcniHlzl1HyfaBMxeT4wfn7iZrBSjCmj9oO6BGmaV36_k0BbGVgFhnf_4GJpeYPPLSns2Km7ZiD5iXmAip5aoR65YgPXA.jpg","width":1080,"height":715},{"@type":"BreadcrumbList","@id":"https:\/\/newsestlyonnais.fr\/site\/2021\/09\/29\/ain-nicolas-miniggio-raconte-son-tor330-tor-des-geants\/#breadcrumb","itemListElement":[{"@type":"ListItem","position":1,"name":"Accueil","item":"https:\/\/newsestlyonnais.fr\/site\/"},{"@type":"ListItem","position":2,"name":"AIN | Nicolas Miniggio raconte son \u00ab\u00a0TOR330 Tor des G\u00e9ants\u00a0\u00bb"}]},{"@type":"WebSite","@id":"https:\/\/newsestlyonnais.fr\/site\/#website","url":"https:\/\/newsestlyonnais.fr\/site\/","name":"News Est Lyonnais","description":"L&#039;actualit\u00e9 au plus pr\u00e8s","publisher":{"@id":"https:\/\/newsestlyonnais.fr\/site\/#organization"},"potentialAction":[{"@type":"SearchAction","target":{"@type":"EntryPoint","urlTemplate":"https:\/\/newsestlyonnais.fr\/site\/?s={search_term_string}"},"query-input":{"@type":"PropertyValueSpecification","valueRequired":true,"valueName":"search_term_string"}}],"inLanguage":"fr-FR"},{"@type":"Organization","@id":"https:\/\/newsestlyonnais.fr\/site\/#organization","name":"News EST LYONNAIS","url":"https:\/\/newsestlyonnais.fr\/site\/","logo":{"@type":"ImageObject","inLanguage":"fr-FR","@id":"https:\/\/newsestlyonnais.fr\/site\/#\/schema\/logo\/image\/","url":"","contentUrl":"","caption":"News EST LYONNAIS"},"image":{"@id":"https:\/\/newsestlyonnais.fr\/site\/#\/schema\/logo\/image\/"}},{"@type":"Person","@id":"https:\/\/newsestlyonnais.fr\/site\/#\/schema\/person\/3230d5615f390bb808365d673001e887","name":"R\u00e9dac. NEWS","sameAs":["http:\/\/www.newsestlyonnais.fr","https:\/\/www.facebook.com\/pascal.oberson.1?fref=ts","https:\/\/fr.linkedin.com\/in\/pascal-oberson-b17045113"],"url":"https:\/\/newsestlyonnais.fr\/site\/author\/nel\/"}]}},"_links":{"self":[{"href":"https:\/\/newsestlyonnais.fr\/site\/wp-json\/wp\/v2\/posts\/139426","targetHints":{"allow":["GET"]}}],"collection":[{"href":"https:\/\/newsestlyonnais.fr\/site\/wp-json\/wp\/v2\/posts"}],"about":[{"href":"https:\/\/newsestlyonnais.fr\/site\/wp-json\/wp\/v2\/types\/post"}],"author":[{"embeddable":true,"href":"https:\/\/newsestlyonnais.fr\/site\/wp-json\/wp\/v2\/users\/4"}],"replies":[{"embeddable":true,"href":"https:\/\/newsestlyonnais.fr\/site\/wp-json\/wp\/v2\/comments?post=139426"}],"version-history":[{"count":0,"href":"https:\/\/newsestlyonnais.fr\/site\/wp-json\/wp\/v2\/posts\/139426\/revisions"}],"wp:featuredmedia":[{"embeddable":true,"href":"https:\/\/newsestlyonnais.fr\/site\/wp-json\/wp\/v2\/media\/139431"}],"wp:attachment":[{"href":"https:\/\/newsestlyonnais.fr\/site\/wp-json\/wp\/v2\/media?parent=139426"}],"wp:term":[{"taxonomy":"category","embeddable":true,"href":"https:\/\/newsestlyonnais.fr\/site\/wp-json\/wp\/v2\/categories?post=139426"},{"taxonomy":"post_tag","embeddable":true,"href":"https:\/\/newsestlyonnais.fr\/site\/wp-json\/wp\/v2\/tags?post=139426"}],"curies":[{"name":"wp","href":"https:\/\/api.w.org\/{rel}","templated":true}]}}