{"id":140036,"date":"2021-10-12T11:46:58","date_gmt":"2021-10-12T10:46:58","guid":{"rendered":"https:\/\/newsestlyonnais.fr\/site\/?p=140036"},"modified":"2022-01-17T06:10:32","modified_gmt":"2022-01-17T05:10:32","slug":"est-lyonnais-chaque-jour-un-pas-comment-avancer-en-partant-dune-difficulte-ou-dune-situation","status":"publish","type":"post","link":"https:\/\/newsestlyonnais.fr\/site\/2021\/10\/12\/est-lyonnais-chaque-jour-un-pas-comment-avancer-en-partant-dune-difficulte-ou-dune-situation\/","title":{"rendered":"EST-LYONNAIS \u00ab\u00a0Chaque jour un pas\u00a0\u00bb comment avancer en partant d&rsquo;une difficult\u00e9 ou situation ?"},"content":{"rendered":"<hr \/>\n<p><span style=\"background-color: #000000; color: #ffffff;\"><a href=\"https:\/\/chaquejourunpas.fr\/\"><img loading=\"lazy\" decoding=\"async\" class=\"alignleft wp-image-140048 size-medium\" src=\"https:\/\/newsestlyonnais.fr\/site\/wp-content\/uploads\/2021\/10\/P1450864-400x533.jpg\" alt=\"\" width=\"225\" height=\"300\" srcset=\"https:\/\/newsestlyonnais.fr\/site\/wp-content\/uploads\/2021\/10\/P1450864-400x533.jpg 400w, https:\/\/newsestlyonnais.fr\/site\/wp-content\/uploads\/2021\/10\/P1450864-650x867.jpg 650w, https:\/\/newsestlyonnais.fr\/site\/wp-content\/uploads\/2021\/10\/P1450864-250x333.jpg 250w, https:\/\/newsestlyonnais.fr\/site\/wp-content\/uploads\/2021\/10\/P1450864-768x1024.jpg 768w, https:\/\/newsestlyonnais.fr\/site\/wp-content\/uploads\/2021\/10\/P1450864-150x200.jpg 150w, https:\/\/newsestlyonnais.fr\/site\/wp-content\/uploads\/2021\/10\/P1450864-50x67.jpg 50w, https:\/\/newsestlyonnais.fr\/site\/wp-content\/uploads\/2021\/10\/P1450864-100x133.jpg 100w, https:\/\/newsestlyonnais.fr\/site\/wp-content\/uploads\/2021\/10\/P1450864-200x267.jpg 200w, https:\/\/newsestlyonnais.fr\/site\/wp-content\/uploads\/2021\/10\/P1450864-300x400.jpg 300w, https:\/\/newsestlyonnais.fr\/site\/wp-content\/uploads\/2021\/10\/P1450864-350x467.jpg 350w, https:\/\/newsestlyonnais.fr\/site\/wp-content\/uploads\/2021\/10\/P1450864-450x600.jpg 450w, https:\/\/newsestlyonnais.fr\/site\/wp-content\/uploads\/2021\/10\/P1450864-500x667.jpg 500w, https:\/\/newsestlyonnais.fr\/site\/wp-content\/uploads\/2021\/10\/P1450864-550x733.jpg 550w, https:\/\/newsestlyonnais.fr\/site\/wp-content\/uploads\/2021\/10\/P1450864-800x1067.jpg 800w, https:\/\/newsestlyonnais.fr\/site\/wp-content\/uploads\/2021\/10\/P1450864.jpg 900w\" sizes=\"auto, (max-width: 225px) 100vw, 225px\" \/><\/a>S\u00e9verine Martin (coach de vie certifi\u00e9e, adultes &amp; enfants)<span style=\"color: #000000;\"><span style=\"background-color: #ffffff;\"> :<span style=\"color: #ffffff;\">\u00a0<\/span><\/span><\/span><\/span><\/p>\n<p>Originaire de la r\u00e9gion parisienne, elle est genassienne depuis 2013 et son arriv\u00e9e en famille sur la commune. Tr\u00e8s sportive, elle a pratiqu\u00e9 le handball en comp\u00e9tition au niveau r\u00e9gional et l&rsquo;a<span class=\"ILfuVd NA6bn\"><span class=\"hgKElc\">\u00efkido<\/span><\/span> en loisir. Double passion qui l&rsquo;a conduit \u00e0 faire des \u00e9tudes dans le sport \u00e0 la facult\u00e9 d&rsquo;Orsay en vue de d\u00e9crocher une licence STAPS. Mais dans la derni\u00e8re \u00e9tape, une blessure l&rsquo;a contraint \u00e0 stopper pratique et \u00e9tudes sportives et \u00e0 changer son fusil d&rsquo;\u00e9paule. Avec toujours cette id\u00e9e d&rsquo;aller de l&rsquo;avant.<\/p>\n<p>\u00ab\u00a0J&rsquo;ai exerc\u00e9 comme aide-\u00e9ducatrice (4 ans) en \u00e9coles primaires, puis dans l&rsquo;enseignement (14 ans) o\u00f9 je me sentais vraiment utile. J&rsquo;\u00e9prouvais une certaine fiert\u00e9 de ce parcours et quand on est fonctionnaire, le changement n&rsquo;est pas \u00e9vident.<\/p>\n<p><strong>Dans le cadre de ma reconversion, j&rsquo;ai voulu tester une autre activit\u00e9 en me questionnant sur le bien-\u00eatre et le mal-\u00eatre au travail : <\/strong><\/p>\n<ul>\n<li><strong>q<\/strong><strong>uelle est la place du travail dans sa vie ? <\/strong><\/li>\n<li><strong>qu&rsquo;est ce qui fait que les gens occultent les \u00e9motions au travail, et qu&rsquo;elles font peur en milieu professionnel ?<\/strong><\/li>\n<\/ul>\n<p>Toutes ces questions m&rsquo;ont interpell\u00e9e et ces interrogations m&rsquo;ont donn\u00e9 envie de me former et ne pas avoir envie d&rsquo;attendre d&rsquo;\u00eatre mal. Apr\u00e8s avoir pass\u00e9 un bilan de comp\u00e9tences (en 2018), j&rsquo;ai d\u00e9cid\u00e9 de me former \u00e0 l&rsquo;Ecole Fran\u00e7aise de Coaching en passant une certification puis obtenu mon titre R.N.C.P. Une reconnaissance et une mise en avant du s\u00e9rieux de mon projet et de ma profession !<\/p>\n<p><span style=\"background-color: #000000; color: #ffffff;\"><a href=\"https:\/\/chaquejourunpas.fr\/\"><img loading=\"lazy\" decoding=\"async\" class=\"alignright wp-image-140318\" src=\"https:\/\/newsestlyonnais.fr\/site\/wp-content\/uploads\/2021\/10\/P1450861-250x188.jpg\" alt=\"\" width=\"130\" height=\"98\" srcset=\"https:\/\/newsestlyonnais.fr\/site\/wp-content\/uploads\/2021\/10\/P1450861-250x188.jpg 250w, https:\/\/newsestlyonnais.fr\/site\/wp-content\/uploads\/2021\/10\/P1450861-400x300.jpg 400w, https:\/\/newsestlyonnais.fr\/site\/wp-content\/uploads\/2021\/10\/P1450861-650x488.jpg 650w, https:\/\/newsestlyonnais.fr\/site\/wp-content\/uploads\/2021\/10\/P1450861-768x576.jpg 768w, https:\/\/newsestlyonnais.fr\/site\/wp-content\/uploads\/2021\/10\/P1450861-150x113.jpg 150w, https:\/\/newsestlyonnais.fr\/site\/wp-content\/uploads\/2021\/10\/P1450861-50x38.jpg 50w, https:\/\/newsestlyonnais.fr\/site\/wp-content\/uploads\/2021\/10\/P1450861-100x75.jpg 100w, https:\/\/newsestlyonnais.fr\/site\/wp-content\/uploads\/2021\/10\/P1450861-200x150.jpg 200w, https:\/\/newsestlyonnais.fr\/site\/wp-content\/uploads\/2021\/10\/P1450861-300x225.jpg 300w, https:\/\/newsestlyonnais.fr\/site\/wp-content\/uploads\/2021\/10\/P1450861-350x263.jpg 350w, https:\/\/newsestlyonnais.fr\/site\/wp-content\/uploads\/2021\/10\/P1450861-450x338.jpg 450w, https:\/\/newsestlyonnais.fr\/site\/wp-content\/uploads\/2021\/10\/P1450861-500x375.jpg 500w, https:\/\/newsestlyonnais.fr\/site\/wp-content\/uploads\/2021\/10\/P1450861-550x413.jpg 550w, https:\/\/newsestlyonnais.fr\/site\/wp-content\/uploads\/2021\/10\/P1450861-800x600.jpg 800w, https:\/\/newsestlyonnais.fr\/site\/wp-content\/uploads\/2021\/10\/P1450861.jpg 1200w\" sizes=\"auto, (max-width: 130px) 100vw, 130px\" \/><\/a><\/span><\/p>\n<p><span style=\"background-color: #000000; color: #ffffff;\">Une premi\u00e8re exp\u00e9rience entrepreneuriale que j&rsquo;ai d\u00e9cid\u00e9 d&rsquo;ouvrir le 21 septembre 2020, date importante puisque c&rsquo;est la Journ\u00e9e Internationale de la Paix. <\/span><\/p>\n<p><span style=\"background-color: #ffffff; color: #000000;\">Tout un symbole pour \u00eatre en paix avec soi et pouvoir partager plus facilement \u00ab\u00a0.<\/span><\/p>\n<hr \/>\n<p><span style=\"background-color: #000000; color: #ffffff; font-size: 14pt;\"><a href=\"https:\/\/chaquejourunpas.fr\"><img loading=\"lazy\" decoding=\"async\" class=\"aligncenter wp-image-140296\" src=\"https:\/\/newsestlyonnais.fr\/site\/wp-content\/uploads\/2021\/10\/logo_full_blanc_90px-250x83.png\" alt=\"\" width=\"300\" height=\"100\" srcset=\"https:\/\/newsestlyonnais.fr\/site\/wp-content\/uploads\/2021\/10\/logo_full_blanc_90px-250x83.png 250w, https:\/\/newsestlyonnais.fr\/site\/wp-content\/uploads\/2021\/10\/logo_full_blanc_90px-150x50.png 150w, https:\/\/newsestlyonnais.fr\/site\/wp-content\/uploads\/2021\/10\/logo_full_blanc_90px-50x17.png 50w, https:\/\/newsestlyonnais.fr\/site\/wp-content\/uploads\/2021\/10\/logo_full_blanc_90px-100x33.png 100w, https:\/\/newsestlyonnais.fr\/site\/wp-content\/uploads\/2021\/10\/logo_full_blanc_90px-200x67.png 200w, https:\/\/newsestlyonnais.fr\/site\/wp-content\/uploads\/2021\/10\/logo_full_blanc_90px.png 273w\" sizes=\"auto, (max-width: 300px) 100vw, 300px\" \/><\/a><\/span><\/p>\n<p><span style=\"background-color: #000000; color: #ffffff; font-size: 14pt;\">Le concept : <\/span><\/p>\n<p><span style=\"background-color: #000000; color: #ffffff; font-size: 14pt;\"><em><strong><span style=\"background-color: #ffffff; color: #000000;\"><span style=\"text-decoration: underline;\">D\u00e9veloppement personnel, bien-\u00eatre professionnel et scolaire<\/span> :<\/span><\/strong><\/em><br \/>\n<\/span><\/p>\n<p>Un accompagnement de la personne pour lui permettre d&rsquo;effectuer un changement important dans ces diff\u00e9rents domaines :<\/p>\n<ul>\n<li>Le relationnel (conflit familial ou professionnel) ou relation toxique.<\/li>\n<li>le professionnel (\u00e9puisement, perte de sens, interrogations sur sa transition ou reconversion, situations r\u00e9p\u00e9titives).<\/li>\n<li>le personnel (confiance en soi, concilier obligations persos et pros, d\u00e9cision difficile \u00e0 prendre).<\/li>\n<li>le scolaire (estime de soi, pr\u00e9paration mentale aux examens, gestion des \u00e9motions).<\/li>\n<\/ul>\n<p><span style=\"background-color: #000000; color: #ffffff; font-size: 14pt;\">&gt; Le principe : <\/span><\/p>\n<p><span style=\"background-color: #ffffff; color: #000000; font-size: 12pt;\">Th\u00e9rapie br\u00e8ve qui va vers l&rsquo;avant en partant d&rsquo;une situation concr\u00e8te.<\/span><\/p>\n<p><span style=\"background-color: #ffffff; color: #000000; font-size: 12pt;\">S&rsquo;attaquer au probl\u00e8me de fond, l&rsquo;analyser pour ne pas d\u00e9placer ces probl\u00e8mes.\u00a0 <\/span><\/p>\n<p>Souhait d&rsquo;atteindre ses objectifs.<\/p>\n<p>D\u00e9passer les difficult\u00e9s, freins et blocages.<\/p>\n<p>Pas de conseils, ni consulting ni influence.<\/p>\n<p><span style=\"background-color: #000000; color: #ffffff;\"><span style=\"font-size: 14pt; background-color: #000000;\">&gt; Pratique :<\/span><\/span><\/p>\n<p><span style=\"text-decoration: underline;\">Accompagnement<\/span> :<\/p>\n<ul>\n<li>au cabinet (7 place Laurent Bel \/ Meyzieu).<\/li>\n<li>\u00e0 distance (en visio ou au t\u00e9l\u00e9phone) pour dirigeant(e)s ou salari\u00e9(e)s d&rsquo;entreprises, m\u00e8res de famille.<\/li>\n<li>\u00e0 domicile (pour personnes \u00e0 mobilit\u00e9 r\u00e9duite) et dans tout l&rsquo;Est Lyonnais.<\/li>\n<li>en 8 \u00e0 12 s\u00e9ances maximum, suivant la probl\u00e9matique \/ dur\u00e9e 1 heure 15 environ chacune.<\/li>\n<li>d\u00e8s l&rsquo;objectif atteint, s\u00e9ance de cl\u00f4ture-bilan.<\/li>\n<\/ul>\n<hr \/>\n<p><a href=\"https:\/\/chaquejourunpas.fr\"><img loading=\"lazy\" decoding=\"async\" class=\"alignleft wp-image-139842 size-full\" src=\"https:\/\/newsestlyonnais.fr\/site\/wp-content\/uploads\/2021\/10\/Photo-Presentation-1.png\" alt=\"\" width=\"333\" height=\"250\" srcset=\"https:\/\/newsestlyonnais.fr\/site\/wp-content\/uploads\/2021\/10\/Photo-Presentation-1.png 333w, https:\/\/newsestlyonnais.fr\/site\/wp-content\/uploads\/2021\/10\/Photo-Presentation-1-250x188.png 250w, https:\/\/newsestlyonnais.fr\/site\/wp-content\/uploads\/2021\/10\/Photo-Presentation-1-150x113.png 150w, https:\/\/newsestlyonnais.fr\/site\/wp-content\/uploads\/2021\/10\/Photo-Presentation-1-50x38.png 50w, https:\/\/newsestlyonnais.fr\/site\/wp-content\/uploads\/2021\/10\/Photo-Presentation-1-100x75.png 100w, https:\/\/newsestlyonnais.fr\/site\/wp-content\/uploads\/2021\/10\/Photo-Presentation-1-200x150.png 200w, https:\/\/newsestlyonnais.fr\/site\/wp-content\/uploads\/2021\/10\/Photo-Presentation-1-300x225.png 300w\" sizes=\"auto, (max-width: 333px) 100vw, 333px\" \/><\/a><\/p>\n<hr \/>\n<p><span style=\"font-size: 18pt; background-color: #000000; color: #ffffff;\"><a href=\"https:\/\/chaquejourunpas.fr\"><img loading=\"lazy\" decoding=\"async\" class=\"alignright wp-image-139841 size-full\" src=\"https:\/\/newsestlyonnais.fr\/site\/wp-content\/uploads\/2021\/10\/chaquejourunpas_320x250-2.gif\" alt=\"\" width=\"333\" height=\"250\" \/><\/a><\/span><\/p>\n<p>&nbsp;<\/p>\n<p>&nbsp;<\/p>\n<p>&nbsp;<\/p>\n<p>&nbsp;<\/p>\n<p>&nbsp;<\/p>\n<hr \/>\n<p><span style=\"font-size: 18pt; background-color: #000000; color: #ffffff;\">Chaque Jour Un Pas \/ 7 place Laurent Bel \/ Meyzieu<\/span><\/p>\n<p><span style=\"text-decoration: underline;\"><strong>Contacts<\/strong><\/span> : <strong>T\u00e9l.<\/strong> : 06\/30\/76\/86\/15 \/ <span style=\"text-decoration: underline;\"><strong>Mail<\/strong><\/span> : <span style=\"color: #0000ff;\"><a style=\"color: #0000ff;\" href=\"severine@chaquejourunpas.fr\">severine@chaquejourunpas.fr<\/a><\/span><\/p>\n<p><span style=\"text-decoration: underline;\"><strong>A retrouver sur<\/strong> <\/span>:<\/p>\n<ul>\n<li><span style=\"color: #0000ff;\"><a style=\"color: #0000ff;\" href=\"https:\/\/chaquejourunpas.fr\">https:\/\/chaquejourunpas.fr<\/a><\/span><\/li>\n<li><a href=\"https:\/\/www.linkedin.com\/in\/s%C3%A9verine-martin-0351471a7\/\"><span style=\"color: #0000ff;\">https:\/\/www.linkedin.com\/in\/s%C3%A9verine-martin-0351471a7\/<\/span><\/a><\/li>\n<li><span style=\"color: #0000ff;\"><a style=\"color: #0000ff;\" href=\"https:\/\/www.facebook.com\/cjupas\">https:\/\/www.facebook.com\/cjupas<\/a><\/span><\/li>\n<\/ul>\n<div><span style=\"background-color: #000000;\"><span style=\"color: #ffffff;\"><b>T\u00e9l\u00e9charger gratuitement SON NUANCIER DES EMOTIONS<\/b> + son <b>guide <\/b>pour mieux comprendre et identifier ses ressentis :<\/span><\/span> <span style=\"color: #3366ff;\"><a style=\"color: #3366ff;\" href=\"https:\/\/www.subscribepage.com\/nuancier-des-emotions\" target=\"_blank\" rel=\"noopener\"><strong>https:\/\/www.subscribepage.com\/nuancier-des-emotions<\/strong><\/a><\/span><\/div>\n<div>\n<hr \/>\n<hr \/>\n<\/div>\n<div><\/div>\n","protected":false},"excerpt":{"rendered":"<p>S\u00e9verine Martin a lanc\u00e9 en plein centre de Meyzieu son activit\u00e9 de coaching (de vie et scolaire) dans le cadre d&rsquo;une reconversion professionnelle. <\/p>\n","protected":false},"author":4,"featured_media":140560,"comment_status":"open","ping_status":"open","sticky":false,"template":"","format":"standard","meta":{"footnotes":""},"categories":[1628,2970,19,270,1283,21,10,214,171,12,1598,24,18,173,28,29],"tags":[3946,2081,3947],"class_list":["post-140036","post","type-post","status-publish","format-standard","has-post-thumbnail","hentry","category-publi-reportages","category-artisans-commerces-economie","category-bron","category-cte-de-communes-c-c-e-l","category-chassieu-communes-diverses","category-decines-charpieu","category-emplois","category-emplois-infos-diverses","category-enfance-jeunesse","category-entreprises","category-genas","category-meyzieu","category-sante-bien-etre-solidarite","category-scolaire","category-vaulx-en-velin","category-villeurbanne","tag-chaque-jour-un-pas","tag-meyzieu","tag-severine-martin"],"yoast_head":"<!-- This site is optimized with the Yoast SEO plugin v27.2 - https:\/\/yoast.com\/product\/yoast-seo-wordpress\/ -->\n<title>EST-LYONNAIS &quot;Chaque jour un pas&quot; comment avancer en partant d&#039;une difficult\u00e9 ou situation ? - News Est Lyonnais<\/title>\n<meta name=\"description\" content=\"EST-LYONNAIS | &quot;Chaque jour un pas&quot; comment avancer en partant d&#039;une difficult\u00e9 ou d&#039;une situation ?\" \/>\n<meta name=\"robots\" content=\"index, follow, max-snippet:-1, max-image-preview:large, max-video-preview:-1\" \/>\n<link rel=\"canonical\" href=\"https:\/\/newsestlyonnais.fr\/site\/2021\/10\/12\/est-lyonnais-chaque-jour-un-pas-comment-avancer-en-partant-dune-difficulte-ou-dune-situation\/\" \/>\n<meta property=\"og:locale\" content=\"fr_FR\" \/>\n<meta property=\"og:type\" content=\"article\" \/>\n<meta property=\"og:title\" content=\"EST-LYONNAIS &quot;Chaque jour un pas&quot; comment avancer en partant d&#039;une difficult\u00e9 ou situation ? - News Est Lyonnais\" \/>\n<meta property=\"og:description\" content=\"EST-LYONNAIS | &quot;Chaque jour un pas&quot; comment avancer en partant d&#039;une difficult\u00e9 ou d&#039;une situation ?\" \/>\n<meta property=\"og:url\" content=\"https:\/\/newsestlyonnais.fr\/site\/2021\/10\/12\/est-lyonnais-chaque-jour-un-pas-comment-avancer-en-partant-dune-difficulte-ou-dune-situation\/\" \/>\n<meta property=\"og:site_name\" content=\"News Est Lyonnais\" \/>\n<meta property=\"article:author\" content=\"https:\/\/www.facebook.com\/pascal.oberson.1?fref=ts\" \/>\n<meta property=\"article:published_time\" content=\"2021-10-12T10:46:58+00:00\" \/>\n<meta property=\"article:modified_time\" content=\"2022-01-17T05:10:32+00:00\" \/>\n<meta property=\"og:image\" content=\"https:\/\/newsestlyonnais.fr\/site\/wp-content\/uploads\/2021\/10\/P1450857-2.jpg\" \/>\n\t<meta property=\"og:image:width\" content=\"1200\" \/>\n\t<meta property=\"og:image:height\" content=\"900\" \/>\n\t<meta property=\"og:image:type\" content=\"image\/jpeg\" \/>\n<meta name=\"author\" content=\"R\u00e9dac. NEWS\" \/>\n<meta name=\"twitter:card\" content=\"summary_large_image\" \/>\n<meta name=\"twitter:label1\" content=\"\u00c9crit par\" \/>\n\t<meta name=\"twitter:data1\" content=\"R\u00e9dac. NEWS\" \/>\n\t<meta name=\"twitter:label2\" content=\"Dur\u00e9e de lecture estim\u00e9e\" \/>\n\t<meta name=\"twitter:data2\" content=\"4 minutes\" \/>\n<script type=\"application\/ld+json\" class=\"yoast-schema-graph\">{\"@context\":\"https:\/\/schema.org\",\"@graph\":[{\"@type\":\"Article\",\"@id\":\"https:\/\/newsestlyonnais.fr\/site\/2021\/10\/12\/est-lyonnais-chaque-jour-un-pas-comment-avancer-en-partant-dune-difficulte-ou-dune-situation\/#article\",\"isPartOf\":{\"@id\":\"https:\/\/newsestlyonnais.fr\/site\/2021\/10\/12\/est-lyonnais-chaque-jour-un-pas-comment-avancer-en-partant-dune-difficulte-ou-dune-situation\/\"},\"author\":{\"name\":\"R\u00e9dac. NEWS\",\"@id\":\"https:\/\/newsestlyonnais.fr\/site\/#\/schema\/person\/3230d5615f390bb808365d673001e887\"},\"headline\":\"EST-LYONNAIS \u00ab\u00a0Chaque jour un pas\u00a0\u00bb comment avancer en partant d&rsquo;une difficult\u00e9 ou situation ?\",\"datePublished\":\"2021-10-12T10:46:58+00:00\",\"dateModified\":\"2022-01-17T05:10:32+00:00\",\"mainEntityOfPage\":{\"@id\":\"https:\/\/newsestlyonnais.fr\/site\/2021\/10\/12\/est-lyonnais-chaque-jour-un-pas-comment-avancer-en-partant-dune-difficulte-ou-dune-situation\/\"},\"wordCount\":603,\"commentCount\":0,\"publisher\":{\"@id\":\"https:\/\/newsestlyonnais.fr\/site\/#organization\"},\"image\":{\"@id\":\"https:\/\/newsestlyonnais.fr\/site\/2021\/10\/12\/est-lyonnais-chaque-jour-un-pas-comment-avancer-en-partant-dune-difficulte-ou-dune-situation\/#primaryimage\"},\"thumbnailUrl\":\"https:\/\/newsestlyonnais.fr\/site\/wp-content\/uploads\/2021\/10\/P1450857-2.jpg\",\"keywords\":[\"Chaque jour un pas\",\"MEYZIEU\",\"S\u00e9verine Martin\"],\"articleSection\":[\"1Publi-Reportages\",\"Artisans | Commerces\",\"Bron\",\"CCEL | Communes\",\"Chassieu | Communes diverses\",\"D\u00e9cines-Charpieu\",\"Emplois\",\"Emplois (infos diverses)\",\"Enfance | Jeunesse\",\"Entreprises\",\"Genas\",\"Meyzieu\",\"Sant\u00e9 | Bien Etre | Solidarit\u00e9\",\"Scolaire\",\"Vaulx-en-Velin\",\"Villeurbanne\"],\"inLanguage\":\"fr-FR\",\"potentialAction\":[{\"@type\":\"CommentAction\",\"name\":\"Comment\",\"target\":[\"https:\/\/newsestlyonnais.fr\/site\/2021\/10\/12\/est-lyonnais-chaque-jour-un-pas-comment-avancer-en-partant-dune-difficulte-ou-dune-situation\/#respond\"]}]},{\"@type\":\"WebPage\",\"@id\":\"https:\/\/newsestlyonnais.fr\/site\/2021\/10\/12\/est-lyonnais-chaque-jour-un-pas-comment-avancer-en-partant-dune-difficulte-ou-dune-situation\/\",\"url\":\"https:\/\/newsestlyonnais.fr\/site\/2021\/10\/12\/est-lyonnais-chaque-jour-un-pas-comment-avancer-en-partant-dune-difficulte-ou-dune-situation\/\",\"name\":\"EST-LYONNAIS \\\"Chaque jour un pas\\\" comment avancer en partant d'une difficult\u00e9 ou situation ? - News Est Lyonnais\",\"isPartOf\":{\"@id\":\"https:\/\/newsestlyonnais.fr\/site\/#website\"},\"primaryImageOfPage\":{\"@id\":\"https:\/\/newsestlyonnais.fr\/site\/2021\/10\/12\/est-lyonnais-chaque-jour-un-pas-comment-avancer-en-partant-dune-difficulte-ou-dune-situation\/#primaryimage\"},\"image\":{\"@id\":\"https:\/\/newsestlyonnais.fr\/site\/2021\/10\/12\/est-lyonnais-chaque-jour-un-pas-comment-avancer-en-partant-dune-difficulte-ou-dune-situation\/#primaryimage\"},\"thumbnailUrl\":\"https:\/\/newsestlyonnais.fr\/site\/wp-content\/uploads\/2021\/10\/P1450857-2.jpg\",\"datePublished\":\"2021-10-12T10:46:58+00:00\",\"dateModified\":\"2022-01-17T05:10:32+00:00\",\"description\":\"EST-LYONNAIS | \\\"Chaque jour un pas\\\" comment avancer en partant d'une difficult\u00e9 ou d'une situation ?\",\"breadcrumb\":{\"@id\":\"https:\/\/newsestlyonnais.fr\/site\/2021\/10\/12\/est-lyonnais-chaque-jour-un-pas-comment-avancer-en-partant-dune-difficulte-ou-dune-situation\/#breadcrumb\"},\"inLanguage\":\"fr-FR\",\"potentialAction\":[{\"@type\":\"ReadAction\",\"target\":[\"https:\/\/newsestlyonnais.fr\/site\/2021\/10\/12\/est-lyonnais-chaque-jour-un-pas-comment-avancer-en-partant-dune-difficulte-ou-dune-situation\/\"]}]},{\"@type\":\"ImageObject\",\"inLanguage\":\"fr-FR\",\"@id\":\"https:\/\/newsestlyonnais.fr\/site\/2021\/10\/12\/est-lyonnais-chaque-jour-un-pas-comment-avancer-en-partant-dune-difficulte-ou-dune-situation\/#primaryimage\",\"url\":\"https:\/\/newsestlyonnais.fr\/site\/wp-content\/uploads\/2021\/10\/P1450857-2.jpg\",\"contentUrl\":\"https:\/\/newsestlyonnais.fr\/site\/wp-content\/uploads\/2021\/10\/P1450857-2.jpg\",\"width\":1200,\"height\":900},{\"@type\":\"BreadcrumbList\",\"@id\":\"https:\/\/newsestlyonnais.fr\/site\/2021\/10\/12\/est-lyonnais-chaque-jour-un-pas-comment-avancer-en-partant-dune-difficulte-ou-dune-situation\/#breadcrumb\",\"itemListElement\":[{\"@type\":\"ListItem\",\"position\":1,\"name\":\"Accueil\",\"item\":\"https:\/\/newsestlyonnais.fr\/site\/\"},{\"@type\":\"ListItem\",\"position\":2,\"name\":\"EST-LYONNAIS \u00ab\u00a0Chaque jour un pas\u00a0\u00bb comment avancer en partant d&rsquo;une difficult\u00e9 ou situation ?\"}]},{\"@type\":\"WebSite\",\"@id\":\"https:\/\/newsestlyonnais.fr\/site\/#website\",\"url\":\"https:\/\/newsestlyonnais.fr\/site\/\",\"name\":\"News Est Lyonnais\",\"description\":\"L&#039;actualit\u00e9 au plus pr\u00e8s\",\"publisher\":{\"@id\":\"https:\/\/newsestlyonnais.fr\/site\/#organization\"},\"potentialAction\":[{\"@type\":\"SearchAction\",\"target\":{\"@type\":\"EntryPoint\",\"urlTemplate\":\"https:\/\/newsestlyonnais.fr\/site\/?s={search_term_string}\"},\"query-input\":{\"@type\":\"PropertyValueSpecification\",\"valueRequired\":true,\"valueName\":\"search_term_string\"}}],\"inLanguage\":\"fr-FR\"},{\"@type\":\"Organization\",\"@id\":\"https:\/\/newsestlyonnais.fr\/site\/#organization\",\"name\":\"News EST LYONNAIS\",\"url\":\"https:\/\/newsestlyonnais.fr\/site\/\",\"logo\":{\"@type\":\"ImageObject\",\"inLanguage\":\"fr-FR\",\"@id\":\"https:\/\/newsestlyonnais.fr\/site\/#\/schema\/logo\/image\/\",\"url\":\"\",\"contentUrl\":\"\",\"caption\":\"News EST LYONNAIS\"},\"image\":{\"@id\":\"https:\/\/newsestlyonnais.fr\/site\/#\/schema\/logo\/image\/\"}},{\"@type\":\"Person\",\"@id\":\"https:\/\/newsestlyonnais.fr\/site\/#\/schema\/person\/3230d5615f390bb808365d673001e887\",\"name\":\"R\u00e9dac. NEWS\",\"sameAs\":[\"http:\/\/www.newsestlyonnais.fr\",\"https:\/\/www.facebook.com\/pascal.oberson.1?fref=ts\",\"https:\/\/fr.linkedin.com\/in\/pascal-oberson-b17045113\"],\"url\":\"https:\/\/newsestlyonnais.fr\/site\/author\/nel\/\"}]}<\/script>\n<!-- \/ Yoast SEO plugin. -->","yoast_head_json":{"title":"EST-LYONNAIS \"Chaque jour un pas\" comment avancer en partant d'une difficult\u00e9 ou situation ? - News Est Lyonnais","description":"EST-LYONNAIS | \"Chaque jour un pas\" comment avancer en partant d'une difficult\u00e9 ou d'une situation ?","robots":{"index":"index","follow":"follow","max-snippet":"max-snippet:-1","max-image-preview":"max-image-preview:large","max-video-preview":"max-video-preview:-1"},"canonical":"https:\/\/newsestlyonnais.fr\/site\/2021\/10\/12\/est-lyonnais-chaque-jour-un-pas-comment-avancer-en-partant-dune-difficulte-ou-dune-situation\/","og_locale":"fr_FR","og_type":"article","og_title":"EST-LYONNAIS \"Chaque jour un pas\" comment avancer en partant d'une difficult\u00e9 ou situation ? - News Est Lyonnais","og_description":"EST-LYONNAIS | \"Chaque jour un pas\" comment avancer en partant d'une difficult\u00e9 ou d'une situation ?","og_url":"https:\/\/newsestlyonnais.fr\/site\/2021\/10\/12\/est-lyonnais-chaque-jour-un-pas-comment-avancer-en-partant-dune-difficulte-ou-dune-situation\/","og_site_name":"News Est Lyonnais","article_author":"https:\/\/www.facebook.com\/pascal.oberson.1?fref=ts","article_published_time":"2021-10-12T10:46:58+00:00","article_modified_time":"2022-01-17T05:10:32+00:00","og_image":[{"width":1200,"height":900,"url":"https:\/\/newsestlyonnais.fr\/site\/wp-content\/uploads\/2021\/10\/P1450857-2.jpg","type":"image\/jpeg"}],"author":"R\u00e9dac. NEWS","twitter_card":"summary_large_image","twitter_misc":{"\u00c9crit par":"R\u00e9dac. NEWS","Dur\u00e9e de lecture estim\u00e9e":"4 minutes"},"schema":{"@context":"https:\/\/schema.org","@graph":[{"@type":"Article","@id":"https:\/\/newsestlyonnais.fr\/site\/2021\/10\/12\/est-lyonnais-chaque-jour-un-pas-comment-avancer-en-partant-dune-difficulte-ou-dune-situation\/#article","isPartOf":{"@id":"https:\/\/newsestlyonnais.fr\/site\/2021\/10\/12\/est-lyonnais-chaque-jour-un-pas-comment-avancer-en-partant-dune-difficulte-ou-dune-situation\/"},"author":{"name":"R\u00e9dac. NEWS","@id":"https:\/\/newsestlyonnais.fr\/site\/#\/schema\/person\/3230d5615f390bb808365d673001e887"},"headline":"EST-LYONNAIS \u00ab\u00a0Chaque jour un pas\u00a0\u00bb comment avancer en partant d&rsquo;une difficult\u00e9 ou situation ?","datePublished":"2021-10-12T10:46:58+00:00","dateModified":"2022-01-17T05:10:32+00:00","mainEntityOfPage":{"@id":"https:\/\/newsestlyonnais.fr\/site\/2021\/10\/12\/est-lyonnais-chaque-jour-un-pas-comment-avancer-en-partant-dune-difficulte-ou-dune-situation\/"},"wordCount":603,"commentCount":0,"publisher":{"@id":"https:\/\/newsestlyonnais.fr\/site\/#organization"},"image":{"@id":"https:\/\/newsestlyonnais.fr\/site\/2021\/10\/12\/est-lyonnais-chaque-jour-un-pas-comment-avancer-en-partant-dune-difficulte-ou-dune-situation\/#primaryimage"},"thumbnailUrl":"https:\/\/newsestlyonnais.fr\/site\/wp-content\/uploads\/2021\/10\/P1450857-2.jpg","keywords":["Chaque jour un pas","MEYZIEU","S\u00e9verine Martin"],"articleSection":["1Publi-Reportages","Artisans | Commerces","Bron","CCEL | Communes","Chassieu | Communes diverses","D\u00e9cines-Charpieu","Emplois","Emplois (infos diverses)","Enfance | Jeunesse","Entreprises","Genas","Meyzieu","Sant\u00e9 | Bien Etre | Solidarit\u00e9","Scolaire","Vaulx-en-Velin","Villeurbanne"],"inLanguage":"fr-FR","potentialAction":[{"@type":"CommentAction","name":"Comment","target":["https:\/\/newsestlyonnais.fr\/site\/2021\/10\/12\/est-lyonnais-chaque-jour-un-pas-comment-avancer-en-partant-dune-difficulte-ou-dune-situation\/#respond"]}]},{"@type":"WebPage","@id":"https:\/\/newsestlyonnais.fr\/site\/2021\/10\/12\/est-lyonnais-chaque-jour-un-pas-comment-avancer-en-partant-dune-difficulte-ou-dune-situation\/","url":"https:\/\/newsestlyonnais.fr\/site\/2021\/10\/12\/est-lyonnais-chaque-jour-un-pas-comment-avancer-en-partant-dune-difficulte-ou-dune-situation\/","name":"EST-LYONNAIS \"Chaque jour un pas\" comment avancer en partant d'une difficult\u00e9 ou situation ? - News Est Lyonnais","isPartOf":{"@id":"https:\/\/newsestlyonnais.fr\/site\/#website"},"primaryImageOfPage":{"@id":"https:\/\/newsestlyonnais.fr\/site\/2021\/10\/12\/est-lyonnais-chaque-jour-un-pas-comment-avancer-en-partant-dune-difficulte-ou-dune-situation\/#primaryimage"},"image":{"@id":"https:\/\/newsestlyonnais.fr\/site\/2021\/10\/12\/est-lyonnais-chaque-jour-un-pas-comment-avancer-en-partant-dune-difficulte-ou-dune-situation\/#primaryimage"},"thumbnailUrl":"https:\/\/newsestlyonnais.fr\/site\/wp-content\/uploads\/2021\/10\/P1450857-2.jpg","datePublished":"2021-10-12T10:46:58+00:00","dateModified":"2022-01-17T05:10:32+00:00","description":"EST-LYONNAIS | \"Chaque jour un pas\" comment avancer en partant d'une difficult\u00e9 ou d'une situation ?","breadcrumb":{"@id":"https:\/\/newsestlyonnais.fr\/site\/2021\/10\/12\/est-lyonnais-chaque-jour-un-pas-comment-avancer-en-partant-dune-difficulte-ou-dune-situation\/#breadcrumb"},"inLanguage":"fr-FR","potentialAction":[{"@type":"ReadAction","target":["https:\/\/newsestlyonnais.fr\/site\/2021\/10\/12\/est-lyonnais-chaque-jour-un-pas-comment-avancer-en-partant-dune-difficulte-ou-dune-situation\/"]}]},{"@type":"ImageObject","inLanguage":"fr-FR","@id":"https:\/\/newsestlyonnais.fr\/site\/2021\/10\/12\/est-lyonnais-chaque-jour-un-pas-comment-avancer-en-partant-dune-difficulte-ou-dune-situation\/#primaryimage","url":"https:\/\/newsestlyonnais.fr\/site\/wp-content\/uploads\/2021\/10\/P1450857-2.jpg","contentUrl":"https:\/\/newsestlyonnais.fr\/site\/wp-content\/uploads\/2021\/10\/P1450857-2.jpg","width":1200,"height":900},{"@type":"BreadcrumbList","@id":"https:\/\/newsestlyonnais.fr\/site\/2021\/10\/12\/est-lyonnais-chaque-jour-un-pas-comment-avancer-en-partant-dune-difficulte-ou-dune-situation\/#breadcrumb","itemListElement":[{"@type":"ListItem","position":1,"name":"Accueil","item":"https:\/\/newsestlyonnais.fr\/site\/"},{"@type":"ListItem","position":2,"name":"EST-LYONNAIS \u00ab\u00a0Chaque jour un pas\u00a0\u00bb comment avancer en partant d&rsquo;une difficult\u00e9 ou situation ?"}]},{"@type":"WebSite","@id":"https:\/\/newsestlyonnais.fr\/site\/#website","url":"https:\/\/newsestlyonnais.fr\/site\/","name":"News Est Lyonnais","description":"L&#039;actualit\u00e9 au plus pr\u00e8s","publisher":{"@id":"https:\/\/newsestlyonnais.fr\/site\/#organization"},"potentialAction":[{"@type":"SearchAction","target":{"@type":"EntryPoint","urlTemplate":"https:\/\/newsestlyonnais.fr\/site\/?s={search_term_string}"},"query-input":{"@type":"PropertyValueSpecification","valueRequired":true,"valueName":"search_term_string"}}],"inLanguage":"fr-FR"},{"@type":"Organization","@id":"https:\/\/newsestlyonnais.fr\/site\/#organization","name":"News EST LYONNAIS","url":"https:\/\/newsestlyonnais.fr\/site\/","logo":{"@type":"ImageObject","inLanguage":"fr-FR","@id":"https:\/\/newsestlyonnais.fr\/site\/#\/schema\/logo\/image\/","url":"","contentUrl":"","caption":"News EST LYONNAIS"},"image":{"@id":"https:\/\/newsestlyonnais.fr\/site\/#\/schema\/logo\/image\/"}},{"@type":"Person","@id":"https:\/\/newsestlyonnais.fr\/site\/#\/schema\/person\/3230d5615f390bb808365d673001e887","name":"R\u00e9dac. NEWS","sameAs":["http:\/\/www.newsestlyonnais.fr","https:\/\/www.facebook.com\/pascal.oberson.1?fref=ts","https:\/\/fr.linkedin.com\/in\/pascal-oberson-b17045113"],"url":"https:\/\/newsestlyonnais.fr\/site\/author\/nel\/"}]}},"_links":{"self":[{"href":"https:\/\/newsestlyonnais.fr\/site\/wp-json\/wp\/v2\/posts\/140036","targetHints":{"allow":["GET"]}}],"collection":[{"href":"https:\/\/newsestlyonnais.fr\/site\/wp-json\/wp\/v2\/posts"}],"about":[{"href":"https:\/\/newsestlyonnais.fr\/site\/wp-json\/wp\/v2\/types\/post"}],"author":[{"embeddable":true,"href":"https:\/\/newsestlyonnais.fr\/site\/wp-json\/wp\/v2\/users\/4"}],"replies":[{"embeddable":true,"href":"https:\/\/newsestlyonnais.fr\/site\/wp-json\/wp\/v2\/comments?post=140036"}],"version-history":[{"count":0,"href":"https:\/\/newsestlyonnais.fr\/site\/wp-json\/wp\/v2\/posts\/140036\/revisions"}],"wp:featuredmedia":[{"embeddable":true,"href":"https:\/\/newsestlyonnais.fr\/site\/wp-json\/wp\/v2\/media\/140560"}],"wp:attachment":[{"href":"https:\/\/newsestlyonnais.fr\/site\/wp-json\/wp\/v2\/media?parent=140036"}],"wp:term":[{"taxonomy":"category","embeddable":true,"href":"https:\/\/newsestlyonnais.fr\/site\/wp-json\/wp\/v2\/categories?post=140036"},{"taxonomy":"post_tag","embeddable":true,"href":"https:\/\/newsestlyonnais.fr\/site\/wp-json\/wp\/v2\/tags?post=140036"}],"curies":[{"name":"wp","href":"https:\/\/api.w.org\/{rel}","templated":true}]}}