{"id":140115,"date":"2021-10-07T13:59:16","date_gmt":"2021-10-07T12:59:16","guid":{"rendered":"https:\/\/newsestlyonnais.fr\/site\/?p=140115"},"modified":"2021-10-09T07:27:28","modified_gmt":"2021-10-09T06:27:28","slug":"villeurbanne-160-personnes-ont-rendu-hommage-a-lionel-manin","status":"publish","type":"post","link":"https:\/\/newsestlyonnais.fr\/site\/2021\/10\/07\/villeurbanne-160-personnes-ont-rendu-hommage-a-lionel-manin\/","title":{"rendered":"VILLEURBANNE | 160 personnes ont rendu hommage \u00e0 Lionel Manin"},"content":{"rendered":"<p data-wp-editing=\"1\"><img loading=\"lazy\" decoding=\"async\" class=\"alignleft wp-image-138799\" src=\"https:\/\/newsestlyonnais.fr\/site\/wp-content\/uploads\/2021\/09\/Doc24-page-001-1-400x566.jpg\" alt=\"\" width=\"200\" height=\"283\" srcset=\"https:\/\/newsestlyonnais.fr\/site\/wp-content\/uploads\/2021\/09\/Doc24-page-001-1-400x566.jpg 400w, https:\/\/newsestlyonnais.fr\/site\/wp-content\/uploads\/2021\/09\/Doc24-page-001-1-650x920.jpg 650w, https:\/\/newsestlyonnais.fr\/site\/wp-content\/uploads\/2021\/09\/Doc24-page-001-1-250x354.jpg 250w, https:\/\/newsestlyonnais.fr\/site\/wp-content\/uploads\/2021\/09\/Doc24-page-001-1-768x1087.jpg 768w, https:\/\/newsestlyonnais.fr\/site\/wp-content\/uploads\/2021\/09\/Doc24-page-001-1-150x212.jpg 150w, https:\/\/newsestlyonnais.fr\/site\/wp-content\/uploads\/2021\/09\/Doc24-page-001-1-50x71.jpg 50w, https:\/\/newsestlyonnais.fr\/site\/wp-content\/uploads\/2021\/09\/Doc24-page-001-1-100x142.jpg 100w, https:\/\/newsestlyonnais.fr\/site\/wp-content\/uploads\/2021\/09\/Doc24-page-001-1-200x283.jpg 200w, https:\/\/newsestlyonnais.fr\/site\/wp-content\/uploads\/2021\/09\/Doc24-page-001-1-300x425.jpg 300w, https:\/\/newsestlyonnais.fr\/site\/wp-content\/uploads\/2021\/09\/Doc24-page-001-1-350x495.jpg 350w, https:\/\/newsestlyonnais.fr\/site\/wp-content\/uploads\/2021\/09\/Doc24-page-001-1-450x637.jpg 450w, https:\/\/newsestlyonnais.fr\/site\/wp-content\/uploads\/2021\/09\/Doc24-page-001-1-500x708.jpg 500w, https:\/\/newsestlyonnais.fr\/site\/wp-content\/uploads\/2021\/09\/Doc24-page-001-1-550x778.jpg 550w, https:\/\/newsestlyonnais.fr\/site\/wp-content\/uploads\/2021\/09\/Doc24-page-001-1-800x1132.jpg 800w, https:\/\/newsestlyonnais.fr\/site\/wp-content\/uploads\/2021\/09\/Doc24-page-001-1.jpg 848w\" sizes=\"auto, (max-width: 200px) 100vw, 200px\" \/>Enseignant chercheur et r\u00e9f\u00e9rent scientifique \u00e0 l&rsquo;<span style=\"color: #0000ff;\"><a style=\"color: #0000ff;\" href=\"https:\/\/www.insa-lyon.fr\">INSA<\/a><\/span> de Lyon, sportif complet et notamment membre de l&rsquo;<span style=\"color: #0000ff;\"><a style=\"color: #0000ff;\" href=\"https:\/\/asveltri.org\">ASVEL Triathlon<\/a><\/span>, Lionel Manin avait \u00e9t\u00e9 emport\u00e9 le 8 mai 2021 par une avalanche dans le secteur du Galibier. Originaire de Grenoble, cet ing\u00e9nieur en m\u00e9canique avait 48 ans.<\/p>\n<p data-wp-editing=\"1\">Passionn\u00e9 de sports, il aura pratiqu\u00e9 de tr\u00e8s nombreuses disciplines : l&rsquo;aviron (il a aussi \u00e9t\u00e9 pr\u00e9sident de l&rsquo;ASUL aviron), le rugby (entraineur-\u00e9ducateur \u00e0 l&rsquo;ASVEL), le volley-ball (capitaine de l&rsquo;\u00e9quipe de l&rsquo;INSA), le triathlon, la course \u00e0 pied et il adorait les activit\u00e9s de la montagne.<\/p>\n<hr \/>\n<p><strong>Un discours et une minute d&rsquo;applaudissements<\/strong> ont lanc\u00e9 ce cross folklorique qui a rassembl\u00e9 <strong>160 personnes venues d\u00e9guis\u00e9es ou non pour couvrir en courant ou en marchant les 4.200 m\u00e8tres<\/strong> du parcours au sein de l&rsquo;INSA.<\/p>\n<p>Il a \u00e9t\u00e9 organis\u00e9 par le <span style=\"color: #0000ff;\"><a style=\"color: #0000ff;\" href=\"https:\/\/www.facebook.com\/ClubInsaAthletisme\"><span class=\"d2edcug0 hpfvmrgz qv66sw1b c1et5uql lr9zc1uh a8c37x1j keod5gw0 nxhoafnm aigsh9s9 embtmqzv fe6kdd0r mau55g9w c8b282yb hrzyx87i m6dqt4wy h7mekvxk hnhda86s oo9gr5id hzawbc8m\" dir=\"auto\">Club INSA Athl\u00e9tisme &#8211; CIA<\/span><\/a><span class=\"d2edcug0 hpfvmrgz qv66sw1b c1et5uql lr9zc1uh a8c37x1j keod5gw0 nxhoafnm aigsh9s9 embtmqzv fe6kdd0r mau55g9w c8b282yb hrzyx87i m6dqt4wy h7mekvxk hnhda86s oo9gr5id hzawbc8m\" dir=\"auto\" style=\"color: #333333;\"> qui regroupe une quinzaine d&rsquo;organisateurs et 150 adh\u00e9rents. Pr\u00e9sid\u00e9 depuis d\u00e9but septembre par Bleunwenn Heleu, il propose un footing tous les lundis soirs et organise chaque ann\u00e9e le cross de l&rsquo;INSA.\u00a0 <\/span><\/span><\/p>\n<hr \/>\n<p>Les t\u00e9moignages n&rsquo;ont pas manqu\u00e9 au cours de cet \u00e9mouvant moment de solidarit\u00e9 et de souvenir imagin\u00e9 en juillet et pr\u00e9par\u00e9 depuis la rentr\u00e9e de septembre :<\/p>\n<ul>\n<li>\u00a0\u00ab\u00a0on a mis en place cette minute d&rsquo;applaudissements car il n&rsquo;aurait pas aim\u00e9 une minute de silence\u00a0\u00bb.<\/li>\n<li>\u00ab\u00a0passionn\u00e9 par son enseignement, il aimait vraiment les gens\u00a0\u00bb.<\/li>\n<li>\u00a0\u00bb on se connaissait depuis ses 17 ans et son arriv\u00e9e comme \u00e9tudiant \u00e0 l&rsquo;INSA. Il a int\u00e9gr\u00e9 l&rsquo;ASVEL triathlon en 2006 et lorsque j&rsquo;en \u00e9tais le pr\u00e9sident il s&rsquo;occupait de l&rsquo;organisation de notre aquathlon. Il s&rsquo;est toujours bien investi dans tout ce qu&rsquo;il faisait, tant professionnellement qu&rsquo;au niveau associatif\u00a0\u00bb confie Lionel Lafarge, ing\u00e9nieur dans la recherche \u00e0 l&rsquo;INSA et qui a collabor\u00e9 \u00e0 l&rsquo;organisation de ce rassemblement festif.<\/li>\n<\/ul>\n<p><span style=\"background-color: #000000; color: #ffffff;\">Retour en images sur ce cross folklorique :<\/span><\/p>\n<hr \/>\n<div id='gallery-1' class='gallery galleryid-140115 gallery-columns-3 gallery-size-thumbnail'><figure class='gallery-item'>\n\t\t\t<div class='gallery-icon portrait'>\n\t\t\t\t<a href='https:\/\/newsestlyonnais.fr\/site\/2021\/10\/07\/villeurbanne-160-personnes-ont-rendu-hommage-a-lionel-manin\/p1450869\/'><img loading=\"lazy\" decoding=\"async\" width=\"113\" height=\"150\" src=\"https:\/\/newsestlyonnais.fr\/site\/wp-content\/uploads\/2021\/10\/P1450869-250x333.jpg\" class=\"attachment-thumbnail size-thumbnail\" alt=\"\" srcset=\"https:\/\/newsestlyonnais.fr\/site\/wp-content\/uploads\/2021\/10\/P1450869-250x333.jpg 250w, https:\/\/newsestlyonnais.fr\/site\/wp-content\/uploads\/2021\/10\/P1450869-400x533.jpg 400w, https:\/\/newsestlyonnais.fr\/site\/wp-content\/uploads\/2021\/10\/P1450869-650x867.jpg 650w, https:\/\/newsestlyonnais.fr\/site\/wp-content\/uploads\/2021\/10\/P1450869-768x1024.jpg 768w, https:\/\/newsestlyonnais.fr\/site\/wp-content\/uploads\/2021\/10\/P1450869-150x200.jpg 150w, https:\/\/newsestlyonnais.fr\/site\/wp-content\/uploads\/2021\/10\/P1450869-50x67.jpg 50w, https:\/\/newsestlyonnais.fr\/site\/wp-content\/uploads\/2021\/10\/P1450869-100x133.jpg 100w, https:\/\/newsestlyonnais.fr\/site\/wp-content\/uploads\/2021\/10\/P1450869-200x267.jpg 200w, https:\/\/newsestlyonnais.fr\/site\/wp-content\/uploads\/2021\/10\/P1450869-300x400.jpg 300w, https:\/\/newsestlyonnais.fr\/site\/wp-content\/uploads\/2021\/10\/P1450869-350x467.jpg 350w, https:\/\/newsestlyonnais.fr\/site\/wp-content\/uploads\/2021\/10\/P1450869-450x600.jpg 450w, https:\/\/newsestlyonnais.fr\/site\/wp-content\/uploads\/2021\/10\/P1450869-500x667.jpg 500w, https:\/\/newsestlyonnais.fr\/site\/wp-content\/uploads\/2021\/10\/P1450869-550x733.jpg 550w, https:\/\/newsestlyonnais.fr\/site\/wp-content\/uploads\/2021\/10\/P1450869-800x1067.jpg 800w, https:\/\/newsestlyonnais.fr\/site\/wp-content\/uploads\/2021\/10\/P1450869.jpg 900w\" sizes=\"auto, (max-width: 113px) 100vw, 113px\" \/><\/a>\n\t\t\t<\/div><\/figure><figure class='gallery-item'>\n\t\t\t<div class='gallery-icon landscape'>\n\t\t\t\t<a href='https:\/\/newsestlyonnais.fr\/site\/2021\/10\/07\/villeurbanne-160-personnes-ont-rendu-hommage-a-lionel-manin\/20211006_185041\/'><img loading=\"lazy\" decoding=\"async\" width=\"150\" height=\"85\" src=\"https:\/\/newsestlyonnais.fr\/site\/wp-content\/uploads\/2021\/10\/20211006_185041-250x141.jpg\" class=\"attachment-thumbnail size-thumbnail\" alt=\"\" srcset=\"https:\/\/newsestlyonnais.fr\/site\/wp-content\/uploads\/2021\/10\/20211006_185041-250x141.jpg 250w, https:\/\/newsestlyonnais.fr\/site\/wp-content\/uploads\/2021\/10\/20211006_185041-400x225.jpg 400w, https:\/\/newsestlyonnais.fr\/site\/wp-content\/uploads\/2021\/10\/20211006_185041-650x366.jpg 650w, https:\/\/newsestlyonnais.fr\/site\/wp-content\/uploads\/2021\/10\/20211006_185041-768x432.jpg 768w, https:\/\/newsestlyonnais.fr\/site\/wp-content\/uploads\/2021\/10\/20211006_185041-150x84.jpg 150w, https:\/\/newsestlyonnais.fr\/site\/wp-content\/uploads\/2021\/10\/20211006_185041-50x28.jpg 50w, https:\/\/newsestlyonnais.fr\/site\/wp-content\/uploads\/2021\/10\/20211006_185041-100x56.jpg 100w, https:\/\/newsestlyonnais.fr\/site\/wp-content\/uploads\/2021\/10\/20211006_185041-200x113.jpg 200w, https:\/\/newsestlyonnais.fr\/site\/wp-content\/uploads\/2021\/10\/20211006_185041-300x169.jpg 300w, https:\/\/newsestlyonnais.fr\/site\/wp-content\/uploads\/2021\/10\/20211006_185041-350x197.jpg 350w, https:\/\/newsestlyonnais.fr\/site\/wp-content\/uploads\/2021\/10\/20211006_185041-450x253.jpg 450w, https:\/\/newsestlyonnais.fr\/site\/wp-content\/uploads\/2021\/10\/20211006_185041-500x281.jpg 500w, https:\/\/newsestlyonnais.fr\/site\/wp-content\/uploads\/2021\/10\/20211006_185041-550x309.jpg 550w, https:\/\/newsestlyonnais.fr\/site\/wp-content\/uploads\/2021\/10\/20211006_185041-800x450.jpg 800w, https:\/\/newsestlyonnais.fr\/site\/wp-content\/uploads\/2021\/10\/20211006_185041.jpg 1200w\" sizes=\"auto, (max-width: 150px) 100vw, 150px\" \/><\/a>\n\t\t\t<\/div><\/figure><figure class='gallery-item'>\n\t\t\t<div class='gallery-icon portrait'>\n\t\t\t\t<a href='https:\/\/newsestlyonnais.fr\/site\/2021\/10\/07\/villeurbanne-160-personnes-ont-rendu-hommage-a-lionel-manin\/p1450873\/'><img loading=\"lazy\" decoding=\"async\" width=\"117\" height=\"150\" src=\"https:\/\/newsestlyonnais.fr\/site\/wp-content\/uploads\/2021\/10\/P1450873-250x320.jpg\" class=\"attachment-thumbnail size-thumbnail\" alt=\"\" srcset=\"https:\/\/newsestlyonnais.fr\/site\/wp-content\/uploads\/2021\/10\/P1450873-250x320.jpg 250w, https:\/\/newsestlyonnais.fr\/site\/wp-content\/uploads\/2021\/10\/P1450873-400x512.jpg 400w, https:\/\/newsestlyonnais.fr\/site\/wp-content\/uploads\/2021\/10\/P1450873-650x832.jpg 650w, https:\/\/newsestlyonnais.fr\/site\/wp-content\/uploads\/2021\/10\/P1450873-768x983.jpg 768w, https:\/\/newsestlyonnais.fr\/site\/wp-content\/uploads\/2021\/10\/P1450873-150x192.jpg 150w, https:\/\/newsestlyonnais.fr\/site\/wp-content\/uploads\/2021\/10\/P1450873-50x64.jpg 50w, https:\/\/newsestlyonnais.fr\/site\/wp-content\/uploads\/2021\/10\/P1450873-100x128.jpg 100w, https:\/\/newsestlyonnais.fr\/site\/wp-content\/uploads\/2021\/10\/P1450873-200x256.jpg 200w, https:\/\/newsestlyonnais.fr\/site\/wp-content\/uploads\/2021\/10\/P1450873-300x384.jpg 300w, https:\/\/newsestlyonnais.fr\/site\/wp-content\/uploads\/2021\/10\/P1450873-350x448.jpg 350w, https:\/\/newsestlyonnais.fr\/site\/wp-content\/uploads\/2021\/10\/P1450873-450x576.jpg 450w, https:\/\/newsestlyonnais.fr\/site\/wp-content\/uploads\/2021\/10\/P1450873-500x640.jpg 500w, https:\/\/newsestlyonnais.fr\/site\/wp-content\/uploads\/2021\/10\/P1450873-550x704.jpg 550w, https:\/\/newsestlyonnais.fr\/site\/wp-content\/uploads\/2021\/10\/P1450873-800x1024.jpg 800w, https:\/\/newsestlyonnais.fr\/site\/wp-content\/uploads\/2021\/10\/P1450873.jpg 1200w\" sizes=\"auto, (max-width: 117px) 100vw, 117px\" \/><\/a>\n\t\t\t<\/div><\/figure><figure class='gallery-item'>\n\t\t\t<div class='gallery-icon landscape'>\n\t\t\t\t<a href='https:\/\/newsestlyonnais.fr\/site\/2021\/10\/07\/villeurbanne-160-personnes-ont-rendu-hommage-a-lionel-manin\/p1450871\/'><img loading=\"lazy\" decoding=\"async\" width=\"150\" height=\"113\" src=\"https:\/\/newsestlyonnais.fr\/site\/wp-content\/uploads\/2021\/10\/P1450871-250x188.jpg\" class=\"attachment-thumbnail size-thumbnail\" alt=\"\" aria-describedby=\"gallery-1-140124\" srcset=\"https:\/\/newsestlyonnais.fr\/site\/wp-content\/uploads\/2021\/10\/P1450871-250x188.jpg 250w, https:\/\/newsestlyonnais.fr\/site\/wp-content\/uploads\/2021\/10\/P1450871-400x300.jpg 400w, https:\/\/newsestlyonnais.fr\/site\/wp-content\/uploads\/2021\/10\/P1450871-650x488.jpg 650w, https:\/\/newsestlyonnais.fr\/site\/wp-content\/uploads\/2021\/10\/P1450871-768x576.jpg 768w, https:\/\/newsestlyonnais.fr\/site\/wp-content\/uploads\/2021\/10\/P1450871-150x113.jpg 150w, https:\/\/newsestlyonnais.fr\/site\/wp-content\/uploads\/2021\/10\/P1450871-50x38.jpg 50w, https:\/\/newsestlyonnais.fr\/site\/wp-content\/uploads\/2021\/10\/P1450871-100x75.jpg 100w, https:\/\/newsestlyonnais.fr\/site\/wp-content\/uploads\/2021\/10\/P1450871-200x150.jpg 200w, https:\/\/newsestlyonnais.fr\/site\/wp-content\/uploads\/2021\/10\/P1450871-300x225.jpg 300w, https:\/\/newsestlyonnais.fr\/site\/wp-content\/uploads\/2021\/10\/P1450871-350x263.jpg 350w, https:\/\/newsestlyonnais.fr\/site\/wp-content\/uploads\/2021\/10\/P1450871-450x338.jpg 450w, https:\/\/newsestlyonnais.fr\/site\/wp-content\/uploads\/2021\/10\/P1450871-500x375.jpg 500w, https:\/\/newsestlyonnais.fr\/site\/wp-content\/uploads\/2021\/10\/P1450871-550x413.jpg 550w, https:\/\/newsestlyonnais.fr\/site\/wp-content\/uploads\/2021\/10\/P1450871-800x600.jpg 800w, https:\/\/newsestlyonnais.fr\/site\/wp-content\/uploads\/2021\/10\/P1450871.jpg 1200w\" sizes=\"auto, (max-width: 150px) 100vw, 150px\" \/><\/a>\n\t\t\t<\/div>\n\t\t\t\t<figcaption class='wp-caption-text gallery-caption' id='gallery-1-140124'>\n\t\t\t\tSes co\u00e9quipiers de l&rsquo;ASVEL Triathlon \u00e9taient aussi pr\u00e9sents\n\t\t\t\t<\/figcaption><\/figure><figure class='gallery-item'>\n\t\t\t<div class='gallery-icon landscape'>\n\t\t\t\t<a href='https:\/\/newsestlyonnais.fr\/site\/2021\/10\/07\/villeurbanne-160-personnes-ont-rendu-hommage-a-lionel-manin\/20211006_185651\/'><img loading=\"lazy\" decoding=\"async\" width=\"150\" height=\"85\" src=\"https:\/\/newsestlyonnais.fr\/site\/wp-content\/uploads\/2021\/10\/20211006_185651-250x141.jpg\" class=\"attachment-thumbnail size-thumbnail\" alt=\"\" srcset=\"https:\/\/newsestlyonnais.fr\/site\/wp-content\/uploads\/2021\/10\/20211006_185651-250x141.jpg 250w, https:\/\/newsestlyonnais.fr\/site\/wp-content\/uploads\/2021\/10\/20211006_185651-400x225.jpg 400w, https:\/\/newsestlyonnais.fr\/site\/wp-content\/uploads\/2021\/10\/20211006_185651-650x366.jpg 650w, https:\/\/newsestlyonnais.fr\/site\/wp-content\/uploads\/2021\/10\/20211006_185651-768x432.jpg 768w, https:\/\/newsestlyonnais.fr\/site\/wp-content\/uploads\/2021\/10\/20211006_185651-150x84.jpg 150w, https:\/\/newsestlyonnais.fr\/site\/wp-content\/uploads\/2021\/10\/20211006_185651-50x28.jpg 50w, https:\/\/newsestlyonnais.fr\/site\/wp-content\/uploads\/2021\/10\/20211006_185651-100x56.jpg 100w, https:\/\/newsestlyonnais.fr\/site\/wp-content\/uploads\/2021\/10\/20211006_185651-200x113.jpg 200w, https:\/\/newsestlyonnais.fr\/site\/wp-content\/uploads\/2021\/10\/20211006_185651-300x169.jpg 300w, https:\/\/newsestlyonnais.fr\/site\/wp-content\/uploads\/2021\/10\/20211006_185651-350x197.jpg 350w, https:\/\/newsestlyonnais.fr\/site\/wp-content\/uploads\/2021\/10\/20211006_185651-450x253.jpg 450w, https:\/\/newsestlyonnais.fr\/site\/wp-content\/uploads\/2021\/10\/20211006_185651-500x281.jpg 500w, https:\/\/newsestlyonnais.fr\/site\/wp-content\/uploads\/2021\/10\/20211006_185651-550x309.jpg 550w, https:\/\/newsestlyonnais.fr\/site\/wp-content\/uploads\/2021\/10\/20211006_185651-800x450.jpg 800w, https:\/\/newsestlyonnais.fr\/site\/wp-content\/uploads\/2021\/10\/20211006_185651.jpg 1200w\" sizes=\"auto, (max-width: 150px) 100vw, 150px\" \/><\/a>\n\t\t\t<\/div><\/figure><figure class='gallery-item'>\n\t\t\t<div class='gallery-icon landscape'>\n\t\t\t\t<a href='https:\/\/newsestlyonnais.fr\/site\/2021\/10\/07\/villeurbanne-160-personnes-ont-rendu-hommage-a-lionel-manin\/20211006_190130\/'><img loading=\"lazy\" decoding=\"async\" width=\"150\" height=\"85\" src=\"https:\/\/newsestlyonnais.fr\/site\/wp-content\/uploads\/2021\/10\/20211006_190130-250x141.jpg\" class=\"attachment-thumbnail size-thumbnail\" alt=\"\" srcset=\"https:\/\/newsestlyonnais.fr\/site\/wp-content\/uploads\/2021\/10\/20211006_190130-250x141.jpg 250w, https:\/\/newsestlyonnais.fr\/site\/wp-content\/uploads\/2021\/10\/20211006_190130-400x225.jpg 400w, https:\/\/newsestlyonnais.fr\/site\/wp-content\/uploads\/2021\/10\/20211006_190130-650x366.jpg 650w, https:\/\/newsestlyonnais.fr\/site\/wp-content\/uploads\/2021\/10\/20211006_190130-768x432.jpg 768w, https:\/\/newsestlyonnais.fr\/site\/wp-content\/uploads\/2021\/10\/20211006_190130-150x84.jpg 150w, https:\/\/newsestlyonnais.fr\/site\/wp-content\/uploads\/2021\/10\/20211006_190130-50x28.jpg 50w, https:\/\/newsestlyonnais.fr\/site\/wp-content\/uploads\/2021\/10\/20211006_190130-100x56.jpg 100w, https:\/\/newsestlyonnais.fr\/site\/wp-content\/uploads\/2021\/10\/20211006_190130-200x113.jpg 200w, https:\/\/newsestlyonnais.fr\/site\/wp-content\/uploads\/2021\/10\/20211006_190130-300x169.jpg 300w, https:\/\/newsestlyonnais.fr\/site\/wp-content\/uploads\/2021\/10\/20211006_190130-350x197.jpg 350w, https:\/\/newsestlyonnais.fr\/site\/wp-content\/uploads\/2021\/10\/20211006_190130-450x253.jpg 450w, https:\/\/newsestlyonnais.fr\/site\/wp-content\/uploads\/2021\/10\/20211006_190130-500x281.jpg 500w, https:\/\/newsestlyonnais.fr\/site\/wp-content\/uploads\/2021\/10\/20211006_190130-550x309.jpg 550w, https:\/\/newsestlyonnais.fr\/site\/wp-content\/uploads\/2021\/10\/20211006_190130-800x450.jpg 800w, https:\/\/newsestlyonnais.fr\/site\/wp-content\/uploads\/2021\/10\/20211006_190130.jpg 1200w\" sizes=\"auto, (max-width: 150px) 100vw, 150px\" \/><\/a>\n\t\t\t<\/div><\/figure><figure class='gallery-item'>\n\t\t\t<div class='gallery-icon landscape'>\n\t\t\t\t<a href='https:\/\/newsestlyonnais.fr\/site\/2021\/10\/07\/villeurbanne-160-personnes-ont-rendu-hommage-a-lionel-manin\/20211006_191813\/'><img loading=\"lazy\" decoding=\"async\" width=\"150\" height=\"85\" src=\"https:\/\/newsestlyonnais.fr\/site\/wp-content\/uploads\/2021\/10\/20211006_191813-250x141.jpg\" class=\"attachment-thumbnail size-thumbnail\" alt=\"\" aria-describedby=\"gallery-1-140128\" srcset=\"https:\/\/newsestlyonnais.fr\/site\/wp-content\/uploads\/2021\/10\/20211006_191813-250x141.jpg 250w, https:\/\/newsestlyonnais.fr\/site\/wp-content\/uploads\/2021\/10\/20211006_191813-400x225.jpg 400w, https:\/\/newsestlyonnais.fr\/site\/wp-content\/uploads\/2021\/10\/20211006_191813-650x366.jpg 650w, https:\/\/newsestlyonnais.fr\/site\/wp-content\/uploads\/2021\/10\/20211006_191813-768x432.jpg 768w, https:\/\/newsestlyonnais.fr\/site\/wp-content\/uploads\/2021\/10\/20211006_191813-150x84.jpg 150w, https:\/\/newsestlyonnais.fr\/site\/wp-content\/uploads\/2021\/10\/20211006_191813-50x28.jpg 50w, https:\/\/newsestlyonnais.fr\/site\/wp-content\/uploads\/2021\/10\/20211006_191813-100x56.jpg 100w, https:\/\/newsestlyonnais.fr\/site\/wp-content\/uploads\/2021\/10\/20211006_191813-200x113.jpg 200w, https:\/\/newsestlyonnais.fr\/site\/wp-content\/uploads\/2021\/10\/20211006_191813-300x169.jpg 300w, https:\/\/newsestlyonnais.fr\/site\/wp-content\/uploads\/2021\/10\/20211006_191813-350x197.jpg 350w, https:\/\/newsestlyonnais.fr\/site\/wp-content\/uploads\/2021\/10\/20211006_191813-450x253.jpg 450w, https:\/\/newsestlyonnais.fr\/site\/wp-content\/uploads\/2021\/10\/20211006_191813-500x281.jpg 500w, https:\/\/newsestlyonnais.fr\/site\/wp-content\/uploads\/2021\/10\/20211006_191813-550x309.jpg 550w, https:\/\/newsestlyonnais.fr\/site\/wp-content\/uploads\/2021\/10\/20211006_191813-800x450.jpg 800w, https:\/\/newsestlyonnais.fr\/site\/wp-content\/uploads\/2021\/10\/20211006_191813.jpg 1200w\" sizes=\"auto, (max-width: 150px) 100vw, 150px\" \/><\/a>\n\t\t\t<\/div>\n\t\t\t\t<figcaption class='wp-caption-text gallery-caption' id='gallery-1-140128'>\n\t\t\t\tLes organisateurs B. Heleu (INSA Athl\u00e9) et L. Lafarge (ASVEL Tri)\n\t\t\t\t<\/figcaption><\/figure>\n\t\t<\/div>\n\n","protected":false},"excerpt":{"rendered":"<p>Ses amis, coll\u00e8gues et des \u00e9tudiants ont particip\u00e9 mercredi soir au cross folklorique organis\u00e9 en sa m\u00e9moire.<\/p>\n","protected":false},"author":4,"featured_media":140118,"comment_status":"open","ping_status":"open","sticky":false,"template":"","format":"standard","meta":{"footnotes":""},"categories":[171,3454,2988,173,2,2990,29],"tags":[2068,3943,3907,2091],"class_list":["post-140115","post","type-post","status-publish","format-standard","has-post-thumbnail","hentry","category-enfance-jeunesse","category-ils-nous-ont-quittes","category-natation-triathlon","category-scolaire","category-sports","category-triathlon","category-villeurbanne","tag-hommage","tag-insa","tag-lionel-manin","tag-villeurbanne"],"yoast_head":"<!-- This site is optimized with the Yoast SEO plugin v27.2 - https:\/\/yoast.com\/product\/yoast-seo-wordpress\/ -->\n<title>VILLEURBANNE | 160 personnes ont rendu hommage \u00e0 Lionel Manin - News Est Lyonnais<\/title>\n<meta name=\"description\" content=\"VILLEURBANNE | 160 personnes ont rendu hommage \u00e0 Lionel Manin\" \/>\n<meta name=\"robots\" content=\"index, follow, max-snippet:-1, max-image-preview:large, max-video-preview:-1\" \/>\n<link rel=\"canonical\" href=\"https:\/\/newsestlyonnais.fr\/site\/2021\/10\/07\/villeurbanne-160-personnes-ont-rendu-hommage-a-lionel-manin\/\" \/>\n<meta property=\"og:locale\" content=\"fr_FR\" \/>\n<meta property=\"og:type\" content=\"article\" \/>\n<meta property=\"og:title\" content=\"VILLEURBANNE | 160 personnes ont rendu hommage \u00e0 Lionel Manin - News Est Lyonnais\" \/>\n<meta property=\"og:description\" content=\"VILLEURBANNE | 160 personnes ont rendu hommage \u00e0 Lionel Manin\" \/>\n<meta property=\"og:url\" content=\"https:\/\/newsestlyonnais.fr\/site\/2021\/10\/07\/villeurbanne-160-personnes-ont-rendu-hommage-a-lionel-manin\/\" \/>\n<meta property=\"og:site_name\" content=\"News Est Lyonnais\" \/>\n<meta property=\"article:author\" content=\"https:\/\/www.facebook.com\/pascal.oberson.1?fref=ts\" \/>\n<meta property=\"article:published_time\" content=\"2021-10-07T12:59:16+00:00\" \/>\n<meta property=\"article:modified_time\" content=\"2021-10-09T06:27:28+00:00\" \/>\n<meta property=\"og:image\" content=\"https:\/\/i2.wp.com\/newsestlyonnais.fr\/site\/wp-content\/uploads\/2021\/10\/P1450885.jpg?fit=1200%2C900&ssl=1\" \/>\n\t<meta property=\"og:image:width\" content=\"1200\" \/>\n\t<meta property=\"og:image:height\" content=\"900\" \/>\n\t<meta property=\"og:image:type\" content=\"image\/jpeg\" \/>\n<meta name=\"author\" content=\"R\u00e9dac. NEWS\" \/>\n<meta name=\"twitter:card\" content=\"summary_large_image\" \/>\n<meta name=\"twitter:label1\" content=\"\u00c9crit par\" \/>\n\t<meta name=\"twitter:data1\" content=\"R\u00e9dac. NEWS\" \/>\n\t<meta name=\"twitter:label2\" content=\"Dur\u00e9e de lecture estim\u00e9e\" \/>\n\t<meta name=\"twitter:data2\" content=\"2 minutes\" \/>\n<script type=\"application\/ld+json\" class=\"yoast-schema-graph\">{\"@context\":\"https:\/\/schema.org\",\"@graph\":[{\"@type\":\"Article\",\"@id\":\"https:\/\/newsestlyonnais.fr\/site\/2021\/10\/07\/villeurbanne-160-personnes-ont-rendu-hommage-a-lionel-manin\/#article\",\"isPartOf\":{\"@id\":\"https:\/\/newsestlyonnais.fr\/site\/2021\/10\/07\/villeurbanne-160-personnes-ont-rendu-hommage-a-lionel-manin\/\"},\"author\":{\"name\":\"R\u00e9dac. NEWS\",\"@id\":\"https:\/\/newsestlyonnais.fr\/site\/#\/schema\/person\/3230d5615f390bb808365d673001e887\"},\"headline\":\"VILLEURBANNE | 160 personnes ont rendu hommage \u00e0 Lionel Manin\",\"datePublished\":\"2021-10-07T12:59:16+00:00\",\"dateModified\":\"2021-10-09T06:27:28+00:00\",\"mainEntityOfPage\":{\"@id\":\"https:\/\/newsestlyonnais.fr\/site\/2021\/10\/07\/villeurbanne-160-personnes-ont-rendu-hommage-a-lionel-manin\/\"},\"wordCount\":338,\"commentCount\":1,\"publisher\":{\"@id\":\"https:\/\/newsestlyonnais.fr\/site\/#organization\"},\"image\":{\"@id\":\"https:\/\/newsestlyonnais.fr\/site\/2021\/10\/07\/villeurbanne-160-personnes-ont-rendu-hommage-a-lionel-manin\/#primaryimage\"},\"thumbnailUrl\":\"https:\/\/newsestlyonnais.fr\/site\/wp-content\/uploads\/2021\/10\/P1450885.jpg\",\"keywords\":[\"HOMMAGE\",\"INSA\",\"LIONEL MANIN\",\"VILLEURBANNE\"],\"articleSection\":[\"Enfance | Jeunesse\",\"Ils nous ont quitt\u00e9s !\",\"Natation | Triathlon\",\"Scolaire\",\"Sports\",\"Triathlon\",\"Villeurbanne\"],\"inLanguage\":\"fr-FR\",\"potentialAction\":[{\"@type\":\"CommentAction\",\"name\":\"Comment\",\"target\":[\"https:\/\/newsestlyonnais.fr\/site\/2021\/10\/07\/villeurbanne-160-personnes-ont-rendu-hommage-a-lionel-manin\/#respond\"]}]},{\"@type\":\"WebPage\",\"@id\":\"https:\/\/newsestlyonnais.fr\/site\/2021\/10\/07\/villeurbanne-160-personnes-ont-rendu-hommage-a-lionel-manin\/\",\"url\":\"https:\/\/newsestlyonnais.fr\/site\/2021\/10\/07\/villeurbanne-160-personnes-ont-rendu-hommage-a-lionel-manin\/\",\"name\":\"VILLEURBANNE | 160 personnes ont rendu hommage \u00e0 Lionel Manin - News Est Lyonnais\",\"isPartOf\":{\"@id\":\"https:\/\/newsestlyonnais.fr\/site\/#website\"},\"primaryImageOfPage\":{\"@id\":\"https:\/\/newsestlyonnais.fr\/site\/2021\/10\/07\/villeurbanne-160-personnes-ont-rendu-hommage-a-lionel-manin\/#primaryimage\"},\"image\":{\"@id\":\"https:\/\/newsestlyonnais.fr\/site\/2021\/10\/07\/villeurbanne-160-personnes-ont-rendu-hommage-a-lionel-manin\/#primaryimage\"},\"thumbnailUrl\":\"https:\/\/newsestlyonnais.fr\/site\/wp-content\/uploads\/2021\/10\/P1450885.jpg\",\"datePublished\":\"2021-10-07T12:59:16+00:00\",\"dateModified\":\"2021-10-09T06:27:28+00:00\",\"description\":\"VILLEURBANNE | 160 personnes ont rendu hommage \u00e0 Lionel Manin\",\"breadcrumb\":{\"@id\":\"https:\/\/newsestlyonnais.fr\/site\/2021\/10\/07\/villeurbanne-160-personnes-ont-rendu-hommage-a-lionel-manin\/#breadcrumb\"},\"inLanguage\":\"fr-FR\",\"potentialAction\":[{\"@type\":\"ReadAction\",\"target\":[\"https:\/\/newsestlyonnais.fr\/site\/2021\/10\/07\/villeurbanne-160-personnes-ont-rendu-hommage-a-lionel-manin\/\"]}]},{\"@type\":\"ImageObject\",\"inLanguage\":\"fr-FR\",\"@id\":\"https:\/\/newsestlyonnais.fr\/site\/2021\/10\/07\/villeurbanne-160-personnes-ont-rendu-hommage-a-lionel-manin\/#primaryimage\",\"url\":\"https:\/\/newsestlyonnais.fr\/site\/wp-content\/uploads\/2021\/10\/P1450885.jpg\",\"contentUrl\":\"https:\/\/newsestlyonnais.fr\/site\/wp-content\/uploads\/2021\/10\/P1450885.jpg\",\"width\":1200,\"height\":900},{\"@type\":\"BreadcrumbList\",\"@id\":\"https:\/\/newsestlyonnais.fr\/site\/2021\/10\/07\/villeurbanne-160-personnes-ont-rendu-hommage-a-lionel-manin\/#breadcrumb\",\"itemListElement\":[{\"@type\":\"ListItem\",\"position\":1,\"name\":\"Accueil\",\"item\":\"https:\/\/newsestlyonnais.fr\/site\/\"},{\"@type\":\"ListItem\",\"position\":2,\"name\":\"VILLEURBANNE | 160 personnes ont rendu hommage \u00e0 Lionel Manin\"}]},{\"@type\":\"WebSite\",\"@id\":\"https:\/\/newsestlyonnais.fr\/site\/#website\",\"url\":\"https:\/\/newsestlyonnais.fr\/site\/\",\"name\":\"News Est Lyonnais\",\"description\":\"L&#039;actualit\u00e9 au plus pr\u00e8s\",\"publisher\":{\"@id\":\"https:\/\/newsestlyonnais.fr\/site\/#organization\"},\"potentialAction\":[{\"@type\":\"SearchAction\",\"target\":{\"@type\":\"EntryPoint\",\"urlTemplate\":\"https:\/\/newsestlyonnais.fr\/site\/?s={search_term_string}\"},\"query-input\":{\"@type\":\"PropertyValueSpecification\",\"valueRequired\":true,\"valueName\":\"search_term_string\"}}],\"inLanguage\":\"fr-FR\"},{\"@type\":\"Organization\",\"@id\":\"https:\/\/newsestlyonnais.fr\/site\/#organization\",\"name\":\"News EST LYONNAIS\",\"url\":\"https:\/\/newsestlyonnais.fr\/site\/\",\"logo\":{\"@type\":\"ImageObject\",\"inLanguage\":\"fr-FR\",\"@id\":\"https:\/\/newsestlyonnais.fr\/site\/#\/schema\/logo\/image\/\",\"url\":\"\",\"contentUrl\":\"\",\"caption\":\"News EST LYONNAIS\"},\"image\":{\"@id\":\"https:\/\/newsestlyonnais.fr\/site\/#\/schema\/logo\/image\/\"}},{\"@type\":\"Person\",\"@id\":\"https:\/\/newsestlyonnais.fr\/site\/#\/schema\/person\/3230d5615f390bb808365d673001e887\",\"name\":\"R\u00e9dac. NEWS\",\"sameAs\":[\"http:\/\/www.newsestlyonnais.fr\",\"https:\/\/www.facebook.com\/pascal.oberson.1?fref=ts\",\"https:\/\/fr.linkedin.com\/in\/pascal-oberson-b17045113\"],\"url\":\"https:\/\/newsestlyonnais.fr\/site\/author\/nel\/\"}]}<\/script>\n<!-- \/ Yoast SEO plugin. -->","yoast_head_json":{"title":"VILLEURBANNE | 160 personnes ont rendu hommage \u00e0 Lionel Manin - News Est Lyonnais","description":"VILLEURBANNE | 160 personnes ont rendu hommage \u00e0 Lionel Manin","robots":{"index":"index","follow":"follow","max-snippet":"max-snippet:-1","max-image-preview":"max-image-preview:large","max-video-preview":"max-video-preview:-1"},"canonical":"https:\/\/newsestlyonnais.fr\/site\/2021\/10\/07\/villeurbanne-160-personnes-ont-rendu-hommage-a-lionel-manin\/","og_locale":"fr_FR","og_type":"article","og_title":"VILLEURBANNE | 160 personnes ont rendu hommage \u00e0 Lionel Manin - News Est Lyonnais","og_description":"VILLEURBANNE | 160 personnes ont rendu hommage \u00e0 Lionel Manin","og_url":"https:\/\/newsestlyonnais.fr\/site\/2021\/10\/07\/villeurbanne-160-personnes-ont-rendu-hommage-a-lionel-manin\/","og_site_name":"News Est Lyonnais","article_author":"https:\/\/www.facebook.com\/pascal.oberson.1?fref=ts","article_published_time":"2021-10-07T12:59:16+00:00","article_modified_time":"2021-10-09T06:27:28+00:00","og_image":[{"width":1200,"height":900,"url":"https:\/\/i2.wp.com\/newsestlyonnais.fr\/site\/wp-content\/uploads\/2021\/10\/P1450885.jpg?fit=1200%2C900&ssl=1","type":"image\/jpeg"}],"author":"R\u00e9dac. NEWS","twitter_card":"summary_large_image","twitter_misc":{"\u00c9crit par":"R\u00e9dac. NEWS","Dur\u00e9e de lecture estim\u00e9e":"2 minutes"},"schema":{"@context":"https:\/\/schema.org","@graph":[{"@type":"Article","@id":"https:\/\/newsestlyonnais.fr\/site\/2021\/10\/07\/villeurbanne-160-personnes-ont-rendu-hommage-a-lionel-manin\/#article","isPartOf":{"@id":"https:\/\/newsestlyonnais.fr\/site\/2021\/10\/07\/villeurbanne-160-personnes-ont-rendu-hommage-a-lionel-manin\/"},"author":{"name":"R\u00e9dac. NEWS","@id":"https:\/\/newsestlyonnais.fr\/site\/#\/schema\/person\/3230d5615f390bb808365d673001e887"},"headline":"VILLEURBANNE | 160 personnes ont rendu hommage \u00e0 Lionel Manin","datePublished":"2021-10-07T12:59:16+00:00","dateModified":"2021-10-09T06:27:28+00:00","mainEntityOfPage":{"@id":"https:\/\/newsestlyonnais.fr\/site\/2021\/10\/07\/villeurbanne-160-personnes-ont-rendu-hommage-a-lionel-manin\/"},"wordCount":338,"commentCount":1,"publisher":{"@id":"https:\/\/newsestlyonnais.fr\/site\/#organization"},"image":{"@id":"https:\/\/newsestlyonnais.fr\/site\/2021\/10\/07\/villeurbanne-160-personnes-ont-rendu-hommage-a-lionel-manin\/#primaryimage"},"thumbnailUrl":"https:\/\/newsestlyonnais.fr\/site\/wp-content\/uploads\/2021\/10\/P1450885.jpg","keywords":["HOMMAGE","INSA","LIONEL MANIN","VILLEURBANNE"],"articleSection":["Enfance | Jeunesse","Ils nous ont quitt\u00e9s !","Natation | Triathlon","Scolaire","Sports","Triathlon","Villeurbanne"],"inLanguage":"fr-FR","potentialAction":[{"@type":"CommentAction","name":"Comment","target":["https:\/\/newsestlyonnais.fr\/site\/2021\/10\/07\/villeurbanne-160-personnes-ont-rendu-hommage-a-lionel-manin\/#respond"]}]},{"@type":"WebPage","@id":"https:\/\/newsestlyonnais.fr\/site\/2021\/10\/07\/villeurbanne-160-personnes-ont-rendu-hommage-a-lionel-manin\/","url":"https:\/\/newsestlyonnais.fr\/site\/2021\/10\/07\/villeurbanne-160-personnes-ont-rendu-hommage-a-lionel-manin\/","name":"VILLEURBANNE | 160 personnes ont rendu hommage \u00e0 Lionel Manin - News Est Lyonnais","isPartOf":{"@id":"https:\/\/newsestlyonnais.fr\/site\/#website"},"primaryImageOfPage":{"@id":"https:\/\/newsestlyonnais.fr\/site\/2021\/10\/07\/villeurbanne-160-personnes-ont-rendu-hommage-a-lionel-manin\/#primaryimage"},"image":{"@id":"https:\/\/newsestlyonnais.fr\/site\/2021\/10\/07\/villeurbanne-160-personnes-ont-rendu-hommage-a-lionel-manin\/#primaryimage"},"thumbnailUrl":"https:\/\/newsestlyonnais.fr\/site\/wp-content\/uploads\/2021\/10\/P1450885.jpg","datePublished":"2021-10-07T12:59:16+00:00","dateModified":"2021-10-09T06:27:28+00:00","description":"VILLEURBANNE | 160 personnes ont rendu hommage \u00e0 Lionel Manin","breadcrumb":{"@id":"https:\/\/newsestlyonnais.fr\/site\/2021\/10\/07\/villeurbanne-160-personnes-ont-rendu-hommage-a-lionel-manin\/#breadcrumb"},"inLanguage":"fr-FR","potentialAction":[{"@type":"ReadAction","target":["https:\/\/newsestlyonnais.fr\/site\/2021\/10\/07\/villeurbanne-160-personnes-ont-rendu-hommage-a-lionel-manin\/"]}]},{"@type":"ImageObject","inLanguage":"fr-FR","@id":"https:\/\/newsestlyonnais.fr\/site\/2021\/10\/07\/villeurbanne-160-personnes-ont-rendu-hommage-a-lionel-manin\/#primaryimage","url":"https:\/\/newsestlyonnais.fr\/site\/wp-content\/uploads\/2021\/10\/P1450885.jpg","contentUrl":"https:\/\/newsestlyonnais.fr\/site\/wp-content\/uploads\/2021\/10\/P1450885.jpg","width":1200,"height":900},{"@type":"BreadcrumbList","@id":"https:\/\/newsestlyonnais.fr\/site\/2021\/10\/07\/villeurbanne-160-personnes-ont-rendu-hommage-a-lionel-manin\/#breadcrumb","itemListElement":[{"@type":"ListItem","position":1,"name":"Accueil","item":"https:\/\/newsestlyonnais.fr\/site\/"},{"@type":"ListItem","position":2,"name":"VILLEURBANNE | 160 personnes ont rendu hommage \u00e0 Lionel Manin"}]},{"@type":"WebSite","@id":"https:\/\/newsestlyonnais.fr\/site\/#website","url":"https:\/\/newsestlyonnais.fr\/site\/","name":"News Est Lyonnais","description":"L&#039;actualit\u00e9 au plus pr\u00e8s","publisher":{"@id":"https:\/\/newsestlyonnais.fr\/site\/#organization"},"potentialAction":[{"@type":"SearchAction","target":{"@type":"EntryPoint","urlTemplate":"https:\/\/newsestlyonnais.fr\/site\/?s={search_term_string}"},"query-input":{"@type":"PropertyValueSpecification","valueRequired":true,"valueName":"search_term_string"}}],"inLanguage":"fr-FR"},{"@type":"Organization","@id":"https:\/\/newsestlyonnais.fr\/site\/#organization","name":"News EST LYONNAIS","url":"https:\/\/newsestlyonnais.fr\/site\/","logo":{"@type":"ImageObject","inLanguage":"fr-FR","@id":"https:\/\/newsestlyonnais.fr\/site\/#\/schema\/logo\/image\/","url":"","contentUrl":"","caption":"News EST LYONNAIS"},"image":{"@id":"https:\/\/newsestlyonnais.fr\/site\/#\/schema\/logo\/image\/"}},{"@type":"Person","@id":"https:\/\/newsestlyonnais.fr\/site\/#\/schema\/person\/3230d5615f390bb808365d673001e887","name":"R\u00e9dac. NEWS","sameAs":["http:\/\/www.newsestlyonnais.fr","https:\/\/www.facebook.com\/pascal.oberson.1?fref=ts","https:\/\/fr.linkedin.com\/in\/pascal-oberson-b17045113"],"url":"https:\/\/newsestlyonnais.fr\/site\/author\/nel\/"}]}},"_links":{"self":[{"href":"https:\/\/newsestlyonnais.fr\/site\/wp-json\/wp\/v2\/posts\/140115","targetHints":{"allow":["GET"]}}],"collection":[{"href":"https:\/\/newsestlyonnais.fr\/site\/wp-json\/wp\/v2\/posts"}],"about":[{"href":"https:\/\/newsestlyonnais.fr\/site\/wp-json\/wp\/v2\/types\/post"}],"author":[{"embeddable":true,"href":"https:\/\/newsestlyonnais.fr\/site\/wp-json\/wp\/v2\/users\/4"}],"replies":[{"embeddable":true,"href":"https:\/\/newsestlyonnais.fr\/site\/wp-json\/wp\/v2\/comments?post=140115"}],"version-history":[{"count":0,"href":"https:\/\/newsestlyonnais.fr\/site\/wp-json\/wp\/v2\/posts\/140115\/revisions"}],"wp:featuredmedia":[{"embeddable":true,"href":"https:\/\/newsestlyonnais.fr\/site\/wp-json\/wp\/v2\/media\/140118"}],"wp:attachment":[{"href":"https:\/\/newsestlyonnais.fr\/site\/wp-json\/wp\/v2\/media?parent=140115"}],"wp:term":[{"taxonomy":"category","embeddable":true,"href":"https:\/\/newsestlyonnais.fr\/site\/wp-json\/wp\/v2\/categories?post=140115"},{"taxonomy":"post_tag","embeddable":true,"href":"https:\/\/newsestlyonnais.fr\/site\/wp-json\/wp\/v2\/tags?post=140115"}],"curies":[{"name":"wp","href":"https:\/\/api.w.org\/{rel}","templated":true}]}}