{"id":140503,"date":"2021-10-14T10:44:51","date_gmt":"2021-10-14T09:44:51","guid":{"rendered":"https:\/\/newsestlyonnais.fr\/site\/?p=140503"},"modified":"2021-10-14T10:44:51","modified_gmt":"2021-10-14T09:44:51","slug":"genas-o2-velo-des-fournisseurs-specialises-afin-de-proposer-des-produits-au-top","status":"publish","type":"post","link":"https:\/\/newsestlyonnais.fr\/site\/2021\/10\/14\/genas-o2-velo-des-fournisseurs-specialises-afin-de-proposer-des-produits-au-top\/","title":{"rendered":"GENAS | O2 V\u00e9lo > des fournisseurs sp\u00e9cialis\u00e9s afin de proposer des produits au top !"},"content":{"rendered":"<p><span style=\"font-size: 14pt; background-color: #000000; color: #ffffff;\">L\u00e9o Goyffon en bref :<\/span><\/p>\n<p>Ce genassien qui pratique le v\u00e9lo depuis l&rsquo;\u00e2ge de 12 ans, touche \u00e0 toutes les disciplines de la petite reine. Sp\u00e9cialis\u00e9 dans l&rsquo;enduro, il termine une saison sportive qui l&rsquo;a vu figurer dans le Top 60, dans chaque manche de coupe du monde. Avec \u00e0 son palmar\u00e8s dans les cat\u00e9gories \u00ab\u00a0espoirs\u00a0\u00bb, un titre de champion r\u00e9gional Auvergne Rh\u00f4ne-Alpes FSGT en cyclo-cross et de vice-champion en enduro.<\/p>\n<hr \/>\n<p><span style=\"background-color: #000000; color: #ffffff;\">La boutique O2 V\u00e9lo s&rsquo;\u00e9quipe chez 3 principaux fournisseurs et a fait le choix de proposer du mat\u00e9riel le plus fran\u00e7ais possible ! \u00ab\u00a0On a du stock dans les 3 marques, m\u00eame en accessoires et pi\u00e8ces d\u00e9tach\u00e9es pour r\u00e9paration et am\u00e9lioration \u00a0\u00bb confie cet associ\u00e9 qui nous les pr\u00e9sente ci-dessous.<br \/>\n<\/span><\/p>\n<p><a href=\"https:\/\/www.sunn.fr\/fr\"><span style=\"color: #0000ff;\"><strong>SUNN<\/strong><\/span><\/a><\/p>\n<p>C&rsquo;est la marque commerciale de <strong><span style=\"color: #0000ff;\"><a style=\"color: #0000ff;\" href=\"https:\/\/www.mfdc.fr\/entreprise\">La Manufacture Fran\u00e7aise du Cycle (MFC) <\/a><\/span><br \/>\n<\/strong><\/p>\n<p class=\"sec-heading\"><span style=\"font-size: 12pt;\">Ce premier fabricant de cycles fran\u00e7ais bas\u00e9 \u00e0 Machecoul, en Loire-Atlantique produit du mat\u00e9riel haut de gamme. Des v\u00e9los de toutes natures (ville, route, Vtt, enduro) \u00e9lectriques ou non.<br \/>\n<\/span><\/p>\n<p><img loading=\"lazy\" decoding=\"async\" class=\"alignleft wp-image-140678\" src=\"https:\/\/newsestlyonnais.fr\/site\/wp-content\/uploads\/2021\/10\/20211008_091818-250x141.jpg\" alt=\"\" width=\"200\" height=\"113\" srcset=\"https:\/\/newsestlyonnais.fr\/site\/wp-content\/uploads\/2021\/10\/20211008_091818-250x141.jpg 250w, https:\/\/newsestlyonnais.fr\/site\/wp-content\/uploads\/2021\/10\/20211008_091818-400x225.jpg 400w, https:\/\/newsestlyonnais.fr\/site\/wp-content\/uploads\/2021\/10\/20211008_091818-650x366.jpg 650w, https:\/\/newsestlyonnais.fr\/site\/wp-content\/uploads\/2021\/10\/20211008_091818-768x432.jpg 768w, https:\/\/newsestlyonnais.fr\/site\/wp-content\/uploads\/2021\/10\/20211008_091818-150x84.jpg 150w, https:\/\/newsestlyonnais.fr\/site\/wp-content\/uploads\/2021\/10\/20211008_091818-50x28.jpg 50w, https:\/\/newsestlyonnais.fr\/site\/wp-content\/uploads\/2021\/10\/20211008_091818-100x56.jpg 100w, https:\/\/newsestlyonnais.fr\/site\/wp-content\/uploads\/2021\/10\/20211008_091818-200x113.jpg 200w, https:\/\/newsestlyonnais.fr\/site\/wp-content\/uploads\/2021\/10\/20211008_091818-300x169.jpg 300w, https:\/\/newsestlyonnais.fr\/site\/wp-content\/uploads\/2021\/10\/20211008_091818-350x197.jpg 350w, https:\/\/newsestlyonnais.fr\/site\/wp-content\/uploads\/2021\/10\/20211008_091818-450x253.jpg 450w, https:\/\/newsestlyonnais.fr\/site\/wp-content\/uploads\/2021\/10\/20211008_091818-500x281.jpg 500w, https:\/\/newsestlyonnais.fr\/site\/wp-content\/uploads\/2021\/10\/20211008_091818-550x309.jpg 550w, https:\/\/newsestlyonnais.fr\/site\/wp-content\/uploads\/2021\/10\/20211008_091818-800x450.jpg 800w, https:\/\/newsestlyonnais.fr\/site\/wp-content\/uploads\/2021\/10\/20211008_091818.jpg 1200w\" sizes=\"auto, (max-width: 200px) 100vw, 200px\" \/>Parmi les meilleurs produits de la marque, on peut trouver le Chantenay, mod\u00e8le le plus vendu depuis l&rsquo;ouverture de la boutique genassienne et qui connait toujours un franc succ\u00e8s aupr\u00e8s de la client\u00e8le.<\/p>\n<p><strong>Ses atouts :<\/strong> moteur \u00e9lectrique fiable \/ prix attractif \/ convient autant aux femmes qu&rsquo;aux hommes \/ id\u00e9al pour se rendre au travail ou faire ses courses \/ coloris noir ou gris.<\/p>\n<hr \/>\n<p><strong><a href=\"https:\/\/www.santacruzbicycles.com\/fr-FR\/bikes\"><span style=\"color: #0000ff;\">SANTA CRUZ\u00a0 <\/span><\/a><\/strong><\/p>\n<p>Une marque haut de gamme \u00e9litiste californienne sp\u00e9cialis\u00e9e pour la comp\u00e9tition dans le domaine du VTT.<\/p>\n<hr \/>\n<p><a href=\"https:\/\/www.focus-bikes.com\/fr\"><span style=\"color: #0000ff;\"><strong>FOCUS<\/strong><\/span><\/a><\/p>\n<p>Marque allemande proposant de tr\u00e8s bons v\u00e9los \u00e9lectriques.<\/p>\n<hr \/>\n<p><span style=\"background-color: #000000; color: #ffffff;\">&gt;&gt; Venez d\u00e9couvrir d\u00e8s \u00e0 pr\u00e9sent toutes les gammes de ces trois fournisseurs au sein de la boutique genassienne aupr\u00e8s d&rsquo;Axel et son \u00e9quipe.<\/span><\/p>\n<hr \/>\n<p><strong><img loading=\"lazy\" decoding=\"async\" class=\"alignleft wp-image-124476\" src=\"https:\/\/newsestlyonnais.fr\/site\/wp-content\/uploads\/2021\/02\/SodaPDF-converted-NEWSESTLYONNAIS-LOGO-O2-Velo-2-250x117.png\" alt=\"\" width=\"200\" height=\"93\" srcset=\"https:\/\/newsestlyonnais.fr\/site\/wp-content\/uploads\/2021\/02\/SodaPDF-converted-NEWSESTLYONNAIS-LOGO-O2-Velo-2-250x117.png 250w, https:\/\/newsestlyonnais.fr\/site\/wp-content\/uploads\/2021\/02\/SodaPDF-converted-NEWSESTLYONNAIS-LOGO-O2-Velo-2-400x187.png 400w, https:\/\/newsestlyonnais.fr\/site\/wp-content\/uploads\/2021\/02\/SodaPDF-converted-NEWSESTLYONNAIS-LOGO-O2-Velo-2-650x303.png 650w, https:\/\/newsestlyonnais.fr\/site\/wp-content\/uploads\/2021\/02\/SodaPDF-converted-NEWSESTLYONNAIS-LOGO-O2-Velo-2-150x70.png 150w, https:\/\/newsestlyonnais.fr\/site\/wp-content\/uploads\/2021\/02\/SodaPDF-converted-NEWSESTLYONNAIS-LOGO-O2-Velo-2-50x23.png 50w, https:\/\/newsestlyonnais.fr\/site\/wp-content\/uploads\/2021\/02\/SodaPDF-converted-NEWSESTLYONNAIS-LOGO-O2-Velo-2-100x47.png 100w, https:\/\/newsestlyonnais.fr\/site\/wp-content\/uploads\/2021\/02\/SodaPDF-converted-NEWSESTLYONNAIS-LOGO-O2-Velo-2-200x93.png 200w, https:\/\/newsestlyonnais.fr\/site\/wp-content\/uploads\/2021\/02\/SodaPDF-converted-NEWSESTLYONNAIS-LOGO-O2-Velo-2-300x140.png 300w, https:\/\/newsestlyonnais.fr\/site\/wp-content\/uploads\/2021\/02\/SodaPDF-converted-NEWSESTLYONNAIS-LOGO-O2-Velo-2-350x163.png 350w, https:\/\/newsestlyonnais.fr\/site\/wp-content\/uploads\/2021\/02\/SodaPDF-converted-NEWSESTLYONNAIS-LOGO-O2-Velo-2-450x210.png 450w, https:\/\/newsestlyonnais.fr\/site\/wp-content\/uploads\/2021\/02\/SodaPDF-converted-NEWSESTLYONNAIS-LOGO-O2-Velo-2-500x233.png 500w, https:\/\/newsestlyonnais.fr\/site\/wp-content\/uploads\/2021\/02\/SodaPDF-converted-NEWSESTLYONNAIS-LOGO-O2-Velo-2-550x257.png 550w, https:\/\/newsestlyonnais.fr\/site\/wp-content\/uploads\/2021\/02\/SodaPDF-converted-NEWSESTLYONNAIS-LOGO-O2-Velo-2.png 735w\" sizes=\"auto, (max-width: 200px) 100vw, 200px\" \/><span style=\"font-size: 14pt;\"><em>O2 Velo \/ 17 rue Jean Jaur\u00e8s \/ GENAS<\/em><\/span><\/strong><\/p>\n<p><span style=\"font-size: 14pt;\"><em><strong>A retrouver sur : <span style=\"color: #0000ff;\"><a style=\"color: #0000ff;\" href=\"https:\/\/www.o2velo.fr\/vtt\">https:\/\/www.o2velo.fr\/vtt<\/a><\/span><\/strong><\/em><\/span><\/p>\n<hr \/>\n<hr \/>\n<p>&nbsp;<\/p>\n","protected":false},"excerpt":{"rendered":"<p>L\u00e9o Goyffon, un des cinq associ\u00e9s et au niveau national en v\u00e9lo enduro nous pr\u00e9sente les principaux approvisionneurs de la boutique.<\/p>\n","protected":false},"author":4,"featured_media":140591,"comment_status":"open","ping_status":"open","sticky":false,"template":"","format":"standard","meta":{"footnotes":""},"categories":[2970,270,2969,1598,3566],"tags":[2145,2005,3954,2605],"class_list":["post-140503","post","type-post","status-publish","format-standard","has-post-thumbnail","hentry","category-artisans-commerces-economie","category-cte-de-communes-c-c-e-l","category-cyclisme-cyclo-vtt","category-genas","category-rendez-vous-mensuels","tag-cyclo","tag-genas","tag-leo-goyffon","tag-o2-velo"],"yoast_head":"<!-- This site is optimized with the Yoast SEO plugin v27.2 - https:\/\/yoast.com\/product\/yoast-seo-wordpress\/ -->\n<title>GENAS | O2 V\u00e9lo &gt; des fournisseurs sp\u00e9cialis\u00e9s afin de proposer des produits au top ! - News Est Lyonnais<\/title>\n<meta name=\"description\" content=\"GENAS | O2 V\u00e9lo &gt; des fournisseurs sp\u00e9cialis\u00e9s afin de proposer des produits au top !\" \/>\n<meta name=\"robots\" content=\"index, follow, max-snippet:-1, max-image-preview:large, max-video-preview:-1\" \/>\n<link rel=\"canonical\" href=\"https:\/\/newsestlyonnais.fr\/site\/2021\/10\/14\/genas-o2-velo-des-fournisseurs-specialises-afin-de-proposer-des-produits-au-top\/\" \/>\n<meta property=\"og:locale\" content=\"fr_FR\" \/>\n<meta property=\"og:type\" content=\"article\" \/>\n<meta property=\"og:title\" content=\"GENAS | O2 V\u00e9lo &gt; des fournisseurs sp\u00e9cialis\u00e9s afin de proposer des produits au top ! - News Est Lyonnais\" \/>\n<meta property=\"og:description\" content=\"GENAS | O2 V\u00e9lo &gt; des fournisseurs sp\u00e9cialis\u00e9s afin de proposer des produits au top !\" \/>\n<meta property=\"og:url\" content=\"https:\/\/newsestlyonnais.fr\/site\/2021\/10\/14\/genas-o2-velo-des-fournisseurs-specialises-afin-de-proposer-des-produits-au-top\/\" \/>\n<meta property=\"og:site_name\" content=\"News Est Lyonnais\" \/>\n<meta property=\"article:author\" content=\"https:\/\/www.facebook.com\/pascal.oberson.1?fref=ts\" \/>\n<meta property=\"article:published_time\" content=\"2021-10-14T09:44:51+00:00\" \/>\n<meta property=\"og:image\" content=\"https:\/\/i0.wp.com\/newsestlyonnais.fr\/site\/wp-content\/uploads\/2021\/10\/IMG_20211008_092117_edit_1773616104521032-1.jpg?fit=1200%2C1021&ssl=1\" \/>\n\t<meta property=\"og:image:width\" content=\"1200\" \/>\n\t<meta property=\"og:image:height\" content=\"1021\" \/>\n\t<meta property=\"og:image:type\" content=\"image\/jpeg\" \/>\n<meta name=\"author\" content=\"R\u00e9dac. NEWS\" \/>\n<meta name=\"twitter:card\" content=\"summary_large_image\" \/>\n<meta name=\"twitter:label1\" content=\"\u00c9crit par\" \/>\n\t<meta name=\"twitter:data1\" content=\"R\u00e9dac. NEWS\" \/>\n\t<meta name=\"twitter:label2\" content=\"Dur\u00e9e de lecture estim\u00e9e\" \/>\n\t<meta name=\"twitter:data2\" content=\"2 minutes\" \/>\n<script type=\"application\/ld+json\" class=\"yoast-schema-graph\">{\"@context\":\"https:\/\/schema.org\",\"@graph\":[{\"@type\":\"Article\",\"@id\":\"https:\/\/newsestlyonnais.fr\/site\/2021\/10\/14\/genas-o2-velo-des-fournisseurs-specialises-afin-de-proposer-des-produits-au-top\/#article\",\"isPartOf\":{\"@id\":\"https:\/\/newsestlyonnais.fr\/site\/2021\/10\/14\/genas-o2-velo-des-fournisseurs-specialises-afin-de-proposer-des-produits-au-top\/\"},\"author\":{\"name\":\"R\u00e9dac. NEWS\",\"@id\":\"https:\/\/newsestlyonnais.fr\/site\/#\/schema\/person\/3230d5615f390bb808365d673001e887\"},\"headline\":\"GENAS | O2 V\u00e9lo > des fournisseurs sp\u00e9cialis\u00e9s afin de proposer des produits au top !\",\"datePublished\":\"2021-10-14T09:44:51+00:00\",\"mainEntityOfPage\":{\"@id\":\"https:\/\/newsestlyonnais.fr\/site\/2021\/10\/14\/genas-o2-velo-des-fournisseurs-specialises-afin-de-proposer-des-produits-au-top\/\"},\"wordCount\":339,\"commentCount\":0,\"publisher\":{\"@id\":\"https:\/\/newsestlyonnais.fr\/site\/#organization\"},\"image\":{\"@id\":\"https:\/\/newsestlyonnais.fr\/site\/2021\/10\/14\/genas-o2-velo-des-fournisseurs-specialises-afin-de-proposer-des-produits-au-top\/#primaryimage\"},\"thumbnailUrl\":\"https:\/\/newsestlyonnais.fr\/site\/wp-content\/uploads\/2021\/10\/IMG_20211008_092117_edit_1773616104521032-1.jpg\",\"keywords\":[\"CYCLO\",\"GENAS\",\"L\u00e9o Goyffon\",\"O2 V\u00e9lo\"],\"articleSection\":[\"Artisans | Commerces\",\"CCEL | Communes\",\"Cyclisme | Cyclo | Vtt\",\"Genas\",\"Rendez-vous mensuels\"],\"inLanguage\":\"fr-FR\",\"potentialAction\":[{\"@type\":\"CommentAction\",\"name\":\"Comment\",\"target\":[\"https:\/\/newsestlyonnais.fr\/site\/2021\/10\/14\/genas-o2-velo-des-fournisseurs-specialises-afin-de-proposer-des-produits-au-top\/#respond\"]}]},{\"@type\":\"WebPage\",\"@id\":\"https:\/\/newsestlyonnais.fr\/site\/2021\/10\/14\/genas-o2-velo-des-fournisseurs-specialises-afin-de-proposer-des-produits-au-top\/\",\"url\":\"https:\/\/newsestlyonnais.fr\/site\/2021\/10\/14\/genas-o2-velo-des-fournisseurs-specialises-afin-de-proposer-des-produits-au-top\/\",\"name\":\"GENAS | O2 V\u00e9lo > des fournisseurs sp\u00e9cialis\u00e9s afin de proposer des produits au top ! - News Est Lyonnais\",\"isPartOf\":{\"@id\":\"https:\/\/newsestlyonnais.fr\/site\/#website\"},\"primaryImageOfPage\":{\"@id\":\"https:\/\/newsestlyonnais.fr\/site\/2021\/10\/14\/genas-o2-velo-des-fournisseurs-specialises-afin-de-proposer-des-produits-au-top\/#primaryimage\"},\"image\":{\"@id\":\"https:\/\/newsestlyonnais.fr\/site\/2021\/10\/14\/genas-o2-velo-des-fournisseurs-specialises-afin-de-proposer-des-produits-au-top\/#primaryimage\"},\"thumbnailUrl\":\"https:\/\/newsestlyonnais.fr\/site\/wp-content\/uploads\/2021\/10\/IMG_20211008_092117_edit_1773616104521032-1.jpg\",\"datePublished\":\"2021-10-14T09:44:51+00:00\",\"description\":\"GENAS | O2 V\u00e9lo > des fournisseurs sp\u00e9cialis\u00e9s afin de proposer des produits au top !\",\"breadcrumb\":{\"@id\":\"https:\/\/newsestlyonnais.fr\/site\/2021\/10\/14\/genas-o2-velo-des-fournisseurs-specialises-afin-de-proposer-des-produits-au-top\/#breadcrumb\"},\"inLanguage\":\"fr-FR\",\"potentialAction\":[{\"@type\":\"ReadAction\",\"target\":[\"https:\/\/newsestlyonnais.fr\/site\/2021\/10\/14\/genas-o2-velo-des-fournisseurs-specialises-afin-de-proposer-des-produits-au-top\/\"]}]},{\"@type\":\"ImageObject\",\"inLanguage\":\"fr-FR\",\"@id\":\"https:\/\/newsestlyonnais.fr\/site\/2021\/10\/14\/genas-o2-velo-des-fournisseurs-specialises-afin-de-proposer-des-produits-au-top\/#primaryimage\",\"url\":\"https:\/\/newsestlyonnais.fr\/site\/wp-content\/uploads\/2021\/10\/IMG_20211008_092117_edit_1773616104521032-1.jpg\",\"contentUrl\":\"https:\/\/newsestlyonnais.fr\/site\/wp-content\/uploads\/2021\/10\/IMG_20211008_092117_edit_1773616104521032-1.jpg\",\"width\":1200,\"height\":1021},{\"@type\":\"BreadcrumbList\",\"@id\":\"https:\/\/newsestlyonnais.fr\/site\/2021\/10\/14\/genas-o2-velo-des-fournisseurs-specialises-afin-de-proposer-des-produits-au-top\/#breadcrumb\",\"itemListElement\":[{\"@type\":\"ListItem\",\"position\":1,\"name\":\"Accueil\",\"item\":\"https:\/\/newsestlyonnais.fr\/site\/\"},{\"@type\":\"ListItem\",\"position\":2,\"name\":\"GENAS | O2 V\u00e9lo > des fournisseurs sp\u00e9cialis\u00e9s afin de proposer des produits au top !\"}]},{\"@type\":\"WebSite\",\"@id\":\"https:\/\/newsestlyonnais.fr\/site\/#website\",\"url\":\"https:\/\/newsestlyonnais.fr\/site\/\",\"name\":\"News Est Lyonnais\",\"description\":\"L&#039;actualit\u00e9 au plus pr\u00e8s\",\"publisher\":{\"@id\":\"https:\/\/newsestlyonnais.fr\/site\/#organization\"},\"potentialAction\":[{\"@type\":\"SearchAction\",\"target\":{\"@type\":\"EntryPoint\",\"urlTemplate\":\"https:\/\/newsestlyonnais.fr\/site\/?s={search_term_string}\"},\"query-input\":{\"@type\":\"PropertyValueSpecification\",\"valueRequired\":true,\"valueName\":\"search_term_string\"}}],\"inLanguage\":\"fr-FR\"},{\"@type\":\"Organization\",\"@id\":\"https:\/\/newsestlyonnais.fr\/site\/#organization\",\"name\":\"News EST LYONNAIS\",\"url\":\"https:\/\/newsestlyonnais.fr\/site\/\",\"logo\":{\"@type\":\"ImageObject\",\"inLanguage\":\"fr-FR\",\"@id\":\"https:\/\/newsestlyonnais.fr\/site\/#\/schema\/logo\/image\/\",\"url\":\"\",\"contentUrl\":\"\",\"caption\":\"News EST LYONNAIS\"},\"image\":{\"@id\":\"https:\/\/newsestlyonnais.fr\/site\/#\/schema\/logo\/image\/\"}},{\"@type\":\"Person\",\"@id\":\"https:\/\/newsestlyonnais.fr\/site\/#\/schema\/person\/3230d5615f390bb808365d673001e887\",\"name\":\"R\u00e9dac. NEWS\",\"sameAs\":[\"http:\/\/www.newsestlyonnais.fr\",\"https:\/\/www.facebook.com\/pascal.oberson.1?fref=ts\",\"https:\/\/fr.linkedin.com\/in\/pascal-oberson-b17045113\"],\"url\":\"https:\/\/newsestlyonnais.fr\/site\/author\/nel\/\"}]}<\/script>\n<!-- \/ Yoast SEO plugin. -->","yoast_head_json":{"title":"GENAS | O2 V\u00e9lo > des fournisseurs sp\u00e9cialis\u00e9s afin de proposer des produits au top ! - News Est Lyonnais","description":"GENAS | O2 V\u00e9lo > des fournisseurs sp\u00e9cialis\u00e9s afin de proposer des produits au top !","robots":{"index":"index","follow":"follow","max-snippet":"max-snippet:-1","max-image-preview":"max-image-preview:large","max-video-preview":"max-video-preview:-1"},"canonical":"https:\/\/newsestlyonnais.fr\/site\/2021\/10\/14\/genas-o2-velo-des-fournisseurs-specialises-afin-de-proposer-des-produits-au-top\/","og_locale":"fr_FR","og_type":"article","og_title":"GENAS | O2 V\u00e9lo > des fournisseurs sp\u00e9cialis\u00e9s afin de proposer des produits au top ! - News Est Lyonnais","og_description":"GENAS | O2 V\u00e9lo > des fournisseurs sp\u00e9cialis\u00e9s afin de proposer des produits au top !","og_url":"https:\/\/newsestlyonnais.fr\/site\/2021\/10\/14\/genas-o2-velo-des-fournisseurs-specialises-afin-de-proposer-des-produits-au-top\/","og_site_name":"News Est Lyonnais","article_author":"https:\/\/www.facebook.com\/pascal.oberson.1?fref=ts","article_published_time":"2021-10-14T09:44:51+00:00","og_image":[{"width":1200,"height":1021,"url":"https:\/\/i0.wp.com\/newsestlyonnais.fr\/site\/wp-content\/uploads\/2021\/10\/IMG_20211008_092117_edit_1773616104521032-1.jpg?fit=1200%2C1021&ssl=1","type":"image\/jpeg"}],"author":"R\u00e9dac. NEWS","twitter_card":"summary_large_image","twitter_misc":{"\u00c9crit par":"R\u00e9dac. NEWS","Dur\u00e9e de lecture estim\u00e9e":"2 minutes"},"schema":{"@context":"https:\/\/schema.org","@graph":[{"@type":"Article","@id":"https:\/\/newsestlyonnais.fr\/site\/2021\/10\/14\/genas-o2-velo-des-fournisseurs-specialises-afin-de-proposer-des-produits-au-top\/#article","isPartOf":{"@id":"https:\/\/newsestlyonnais.fr\/site\/2021\/10\/14\/genas-o2-velo-des-fournisseurs-specialises-afin-de-proposer-des-produits-au-top\/"},"author":{"name":"R\u00e9dac. NEWS","@id":"https:\/\/newsestlyonnais.fr\/site\/#\/schema\/person\/3230d5615f390bb808365d673001e887"},"headline":"GENAS | O2 V\u00e9lo > des fournisseurs sp\u00e9cialis\u00e9s afin de proposer des produits au top !","datePublished":"2021-10-14T09:44:51+00:00","mainEntityOfPage":{"@id":"https:\/\/newsestlyonnais.fr\/site\/2021\/10\/14\/genas-o2-velo-des-fournisseurs-specialises-afin-de-proposer-des-produits-au-top\/"},"wordCount":339,"commentCount":0,"publisher":{"@id":"https:\/\/newsestlyonnais.fr\/site\/#organization"},"image":{"@id":"https:\/\/newsestlyonnais.fr\/site\/2021\/10\/14\/genas-o2-velo-des-fournisseurs-specialises-afin-de-proposer-des-produits-au-top\/#primaryimage"},"thumbnailUrl":"https:\/\/newsestlyonnais.fr\/site\/wp-content\/uploads\/2021\/10\/IMG_20211008_092117_edit_1773616104521032-1.jpg","keywords":["CYCLO","GENAS","L\u00e9o Goyffon","O2 V\u00e9lo"],"articleSection":["Artisans | Commerces","CCEL | Communes","Cyclisme | Cyclo | Vtt","Genas","Rendez-vous mensuels"],"inLanguage":"fr-FR","potentialAction":[{"@type":"CommentAction","name":"Comment","target":["https:\/\/newsestlyonnais.fr\/site\/2021\/10\/14\/genas-o2-velo-des-fournisseurs-specialises-afin-de-proposer-des-produits-au-top\/#respond"]}]},{"@type":"WebPage","@id":"https:\/\/newsestlyonnais.fr\/site\/2021\/10\/14\/genas-o2-velo-des-fournisseurs-specialises-afin-de-proposer-des-produits-au-top\/","url":"https:\/\/newsestlyonnais.fr\/site\/2021\/10\/14\/genas-o2-velo-des-fournisseurs-specialises-afin-de-proposer-des-produits-au-top\/","name":"GENAS | O2 V\u00e9lo > des fournisseurs sp\u00e9cialis\u00e9s afin de proposer des produits au top ! - News Est Lyonnais","isPartOf":{"@id":"https:\/\/newsestlyonnais.fr\/site\/#website"},"primaryImageOfPage":{"@id":"https:\/\/newsestlyonnais.fr\/site\/2021\/10\/14\/genas-o2-velo-des-fournisseurs-specialises-afin-de-proposer-des-produits-au-top\/#primaryimage"},"image":{"@id":"https:\/\/newsestlyonnais.fr\/site\/2021\/10\/14\/genas-o2-velo-des-fournisseurs-specialises-afin-de-proposer-des-produits-au-top\/#primaryimage"},"thumbnailUrl":"https:\/\/newsestlyonnais.fr\/site\/wp-content\/uploads\/2021\/10\/IMG_20211008_092117_edit_1773616104521032-1.jpg","datePublished":"2021-10-14T09:44:51+00:00","description":"GENAS | O2 V\u00e9lo > des fournisseurs sp\u00e9cialis\u00e9s afin de proposer des produits au top !","breadcrumb":{"@id":"https:\/\/newsestlyonnais.fr\/site\/2021\/10\/14\/genas-o2-velo-des-fournisseurs-specialises-afin-de-proposer-des-produits-au-top\/#breadcrumb"},"inLanguage":"fr-FR","potentialAction":[{"@type":"ReadAction","target":["https:\/\/newsestlyonnais.fr\/site\/2021\/10\/14\/genas-o2-velo-des-fournisseurs-specialises-afin-de-proposer-des-produits-au-top\/"]}]},{"@type":"ImageObject","inLanguage":"fr-FR","@id":"https:\/\/newsestlyonnais.fr\/site\/2021\/10\/14\/genas-o2-velo-des-fournisseurs-specialises-afin-de-proposer-des-produits-au-top\/#primaryimage","url":"https:\/\/newsestlyonnais.fr\/site\/wp-content\/uploads\/2021\/10\/IMG_20211008_092117_edit_1773616104521032-1.jpg","contentUrl":"https:\/\/newsestlyonnais.fr\/site\/wp-content\/uploads\/2021\/10\/IMG_20211008_092117_edit_1773616104521032-1.jpg","width":1200,"height":1021},{"@type":"BreadcrumbList","@id":"https:\/\/newsestlyonnais.fr\/site\/2021\/10\/14\/genas-o2-velo-des-fournisseurs-specialises-afin-de-proposer-des-produits-au-top\/#breadcrumb","itemListElement":[{"@type":"ListItem","position":1,"name":"Accueil","item":"https:\/\/newsestlyonnais.fr\/site\/"},{"@type":"ListItem","position":2,"name":"GENAS | O2 V\u00e9lo > des fournisseurs sp\u00e9cialis\u00e9s afin de proposer des produits au top !"}]},{"@type":"WebSite","@id":"https:\/\/newsestlyonnais.fr\/site\/#website","url":"https:\/\/newsestlyonnais.fr\/site\/","name":"News Est Lyonnais","description":"L&#039;actualit\u00e9 au plus pr\u00e8s","publisher":{"@id":"https:\/\/newsestlyonnais.fr\/site\/#organization"},"potentialAction":[{"@type":"SearchAction","target":{"@type":"EntryPoint","urlTemplate":"https:\/\/newsestlyonnais.fr\/site\/?s={search_term_string}"},"query-input":{"@type":"PropertyValueSpecification","valueRequired":true,"valueName":"search_term_string"}}],"inLanguage":"fr-FR"},{"@type":"Organization","@id":"https:\/\/newsestlyonnais.fr\/site\/#organization","name":"News EST LYONNAIS","url":"https:\/\/newsestlyonnais.fr\/site\/","logo":{"@type":"ImageObject","inLanguage":"fr-FR","@id":"https:\/\/newsestlyonnais.fr\/site\/#\/schema\/logo\/image\/","url":"","contentUrl":"","caption":"News EST LYONNAIS"},"image":{"@id":"https:\/\/newsestlyonnais.fr\/site\/#\/schema\/logo\/image\/"}},{"@type":"Person","@id":"https:\/\/newsestlyonnais.fr\/site\/#\/schema\/person\/3230d5615f390bb808365d673001e887","name":"R\u00e9dac. NEWS","sameAs":["http:\/\/www.newsestlyonnais.fr","https:\/\/www.facebook.com\/pascal.oberson.1?fref=ts","https:\/\/fr.linkedin.com\/in\/pascal-oberson-b17045113"],"url":"https:\/\/newsestlyonnais.fr\/site\/author\/nel\/"}]}},"_links":{"self":[{"href":"https:\/\/newsestlyonnais.fr\/site\/wp-json\/wp\/v2\/posts\/140503","targetHints":{"allow":["GET"]}}],"collection":[{"href":"https:\/\/newsestlyonnais.fr\/site\/wp-json\/wp\/v2\/posts"}],"about":[{"href":"https:\/\/newsestlyonnais.fr\/site\/wp-json\/wp\/v2\/types\/post"}],"author":[{"embeddable":true,"href":"https:\/\/newsestlyonnais.fr\/site\/wp-json\/wp\/v2\/users\/4"}],"replies":[{"embeddable":true,"href":"https:\/\/newsestlyonnais.fr\/site\/wp-json\/wp\/v2\/comments?post=140503"}],"version-history":[{"count":0,"href":"https:\/\/newsestlyonnais.fr\/site\/wp-json\/wp\/v2\/posts\/140503\/revisions"}],"wp:featuredmedia":[{"embeddable":true,"href":"https:\/\/newsestlyonnais.fr\/site\/wp-json\/wp\/v2\/media\/140591"}],"wp:attachment":[{"href":"https:\/\/newsestlyonnais.fr\/site\/wp-json\/wp\/v2\/media?parent=140503"}],"wp:term":[{"taxonomy":"category","embeddable":true,"href":"https:\/\/newsestlyonnais.fr\/site\/wp-json\/wp\/v2\/categories?post=140503"},{"taxonomy":"post_tag","embeddable":true,"href":"https:\/\/newsestlyonnais.fr\/site\/wp-json\/wp\/v2\/tags?post=140503"}],"curies":[{"name":"wp","href":"https:\/\/api.w.org\/{rel}","templated":true}]}}