{"id":140783,"date":"2021-10-15T16:42:03","date_gmt":"2021-10-15T15:42:03","guid":{"rendered":"https:\/\/newsestlyonnais.fr\/site\/?p=140783"},"modified":"2021-10-15T16:47:37","modified_gmt":"2021-10-15T15:47:37","slug":"saint-priest-les-evenements-a-fin-octobre-3","status":"publish","type":"post","link":"https:\/\/newsestlyonnais.fr\/site\/2021\/10\/15\/saint-priest-les-evenements-a-fin-octobre-3\/","title":{"rendered":"SAINT-PRIEST | Les \u00e9v\u00e8nements \u00e0 fin octobre"},"content":{"rendered":"<ul>\n<li><strong><span style=\"text-decoration: underline;\">Vendredi 15 octobre<\/span> de 10 h \u00e0 11 h 30 : Atelier num\u00e9rique<\/strong> : Tablettes et smartphones : d\u00e9couverte d&rsquo;Andro\u00efd. Sur r\u00e9servation &#8211; Payant &#8211; Tout public (Cyberbase), <strong>de 17 h \u00e0 19 h : M\u00e9daill\u00e9s et retrait\u00e9s de la ville<\/strong>. Remise des m\u00e9dailles d&rsquo;honneur communales 2020 aux agents ville et CCAS. (Salle le Concorde) <strong>&amp; de 18 h \u00e0 22 h : AG du Club Sportif et de Loisirs Chrysostome<\/strong>. (salle principale).<\/li>\n<li><strong><span style=\"text-decoration: underline;\">Du vendredi 15 au samedi 16 octobre<\/span><\/strong> de 10 h \u00e0 13 h &amp; de 14 h \u00e0 18 h : <strong>Vente de livres \u00e0 1 \u20ac.<\/strong> La m\u00e9diath\u00e8que vend aux particuliers plusieurs milliers de livres, albums jeunesse, revues et CD \u00e0 1 euro. Plus d\u2019infos au 04 81 92 21 50. (Artoth\u00e8que, entr\u00e9e \u00e0 l\u2019arri\u00e8re du b\u00e2timent).<\/li>\n<li><strong><span style=\"text-decoration: underline;\">Samedi 16 octobre<\/span> de 14 h \u00e0 17 h : Apr\u00e8s-midi jeux<\/strong>. Entr\u00e9e libre. (Centre social Louis Braille) <strong>de 14 h 30 \u00e0 16 h 30 : Ateliers broyage d\u00e9chets verts<\/strong>. (Places H. de Balzac et Spielberg) <strong>&amp; \u00e0 18 h 45 : Match Handball Nationale 2<\/strong> : SPHB \u2013 Entente Beaujolaise. (Gymnase Condorcet).<\/li>\n<li><strong><span style=\"text-decoration: underline;\">Dimanche 17 octobre<\/span> de 9 h \u00e0 16 h : Bike and run et cross duathlon<\/strong> \/ Saint-Priest Triathlon. (D\u00e9part du stade Pierre Mend\u00e8s-France puis circuits en fonction des cat\u00e9gories). <strong>de 9 h 30 \u00e0 18 h : March\u00e9 des cr\u00e9ateurs et producteurs locaux<\/strong> \/ Atelier du coin. Bijoux faits main, c\u00e9ramique, accessoires en tissu, cosm\u00e9tiques naturels, bi\u00e8res artisanales. + d\u2019infos : 06 86 91 71 34. (Place Charles Ottina) <strong>&amp; de 15 h \u00e0 17 h : Match Rugby F\u00e9d\u00e9rale 2<\/strong> : Saint-Priest Rugby \/ FC San Claudien. (Stade Pierre Mend\u00e8s-France).<\/li>\n<li><strong><span style=\"text-decoration: underline;\">Du mardi 19 octobre au dimanche 7 novembre<\/span> : Les Toiles des m\u00f4mes.<\/strong> Festival de films jeune public. Projection de 6 films \u00e0 d\u00e9couvrir d\u00e8s 3 ans. (Cin\u00e9ma Le Sc\u00e9nario).<\/li>\n<li><strong><span style=\"text-decoration: underline;\">Mardi 19 octobre<\/span> de 10 h \u00e0 11 h 30 : Atelier num\u00e9rique<\/strong> : d\u00e9couverte de l\u2019informatique et internet (1). D\u00e9marrer, utiliser son clavier, sa souris. Sur r\u00e9servation &#8211; Payant &#8211; Tout public. (Cyberbase).<\/li>\n<li><strong><span style=\"text-decoration: underline;\">Mercredi 20 octobre<\/span> de 10 h 15 \u00e0 10 h 30 : L&rsquo;heure du conte pour les 3-5 ans &amp; de 10 h 45 \u00e0 11 h 15\u00a0 pour les 5-8 ans.<\/strong> Une biblioth\u00e9caire accueille les enfants (sans les parents) dans une salle am\u00e9nag\u00e9e pour \u00e9couter, regarder, savourer des r\u00e9cits. Gratuit. (M\u00e9diath\u00e8que) <strong>&amp; de 18 h 30 \u00e0 20 h : Atelier \u00ab\u00a0Bonnes pratiques\u00a0\u00bb au chauffage.<\/strong> (Salon de l&rsquo;H\u00f4tel de ville) <strong>&amp; de 18 h 30 \u00e0 20 h 30 : Rencontre d&rsquo;auteur<\/strong> \/ Belles Latinas. (Artoth\u00e8que).<\/li>\n<li><strong><span style=\"text-decoration: underline;\">Jeudi 21 octobre<\/span> \u00e0 18 h : Conseil Municipal<\/strong>. (Salle du conseil).<\/li>\n<li><strong><span style=\"text-decoration: underline;\">Vendredi 22 octobre<\/span> de 8 h \u00e0 8 h 45 : Visite GS Plaine de Saythe<\/strong>. C&rsquo;est la rentr\u00e9e. Rencontre des \u00e9l\u00e8ves avec le Maire (40 rue de l&rsquo;\u00e9galit\u00e9), <strong>de 9 h \u00e0 12 h : Formation des aidants<\/strong>. Atelier gratuit \/ France Alzheimer. (MJC Jean Cocteau), <strong>de 10 h \u00e0 11 h 30 : Atelier num\u00e9rique<\/strong> : Tablettes et Smartphones : 1\u00b0 param\u00e9trages. Sur r\u00e9servation &#8211; Payant &#8211; Tout public. (Cyberbase) <strong>&amp; de\u00a0 18 h 30 \u00e0 22 h : AG du club Randonar6.<\/strong> (Salle Le Concorde).<\/li>\n<li><strong><span style=\"text-decoration: underline;\">Samedi 23 octobre<\/span> de 13 h 30 \u00e0 17 h : Cyclo cross<\/strong> \/ Entente Cycliste de Saint-Priest. (D\u00e9part stade Pierre Mend\u00e8s-France puis circuit dans le parc du fort puis arriv\u00e9e stade Pierre Mend\u00e8s-France). <strong>de 14 h 30 \u00e0 17 h 30 : R\u00e9cup et Fabrik.<\/strong> Animations autour du faire soi-m\u00eame. (Parc Mandela) <strong>&amp; \u00e0 18 h : Match Foot Nationale 2<\/strong> &#8211; AS St Priest \/ FC Martigues. (Stade Joly, terrain d&rsquo;Honneur).<\/li>\n<li><strong><span style=\"text-decoration: underline;\">Dimanche 24 octobre<\/span> \u00e0 15 h : Concert \u00ab\u00a0L\u2019amour en chansons\u00a0\u00bb<\/strong>. Concert de Michel Monaco \/ Ensemble francophonique san-priod. (Salle le Concorde).<\/li>\n<li><strong><span style=\"text-decoration: underline;\">Mardi 26 octobre<\/span> de 9 h \u00e0 17 h : Ferme p\u00e9dagogique.<\/strong> (RAM Chat Perch\u00e9 &#8211; Picoti Picota et les Petits Bateaux) <strong>&amp; de 10 h \u00e0 11 h 30 : Atelier num\u00e9rique<\/strong> : d\u00e9couverte de l\u2019informatique et internet. Sur r\u00e9servation &#8211; Payant &#8211; Tout public. (Cyberbase)<\/li>\n<li><strong><span style=\"text-decoration: underline;\">Mercredi 27 octobre<\/span> de 10 h \u00e0 11 h 30 : Atelier num\u00e9rique<\/strong> : Cr\u00e9e ton animation &#8211; Halloween &#8211; Pour les 8 \u00e0 14 ans. (Cyberbase), de 10 h \u00e0 15 h : Tous artistes ! \u00c0 la d\u00e9couverte de l\u2019univers de l\u2019illustrateur jeunesse Herv\u00e9 Tullet. (M\u00e9diath\u00e8que) &amp; \u00e0 10 h et 11 h 30 : Animation Halloween Atelier de cr\u00e9ation d\u2019animation pour les 8-14 ans. (Cyberbase).<\/li>\n<li><strong><span style=\"text-decoration: underline;\">Jeudi 28 octobre<\/span> \u00e0 9 h 30 &amp; 10 h 45 : Spectacle \u00ab\u00a0Minute papier\u00a0\u00bb<\/strong>.Spectacle musical jeune public. D\u00e8s 2 ans. (MJC Jean Cocteau).<\/li>\n<li><strong><span style=\"text-decoration: underline;\">Vendredi 29 octobre<\/span> \u00e0 10 h &amp; 11 h 30 : Atelier num\u00e9rique<\/strong> : Tablettes et Smartphones. Sur r\u00e9servation &#8211; Payant &#8211; Tout public. (Cyberbase).<\/li>\n<li><strong><span style=\"text-decoration: underline;\">Samedi 30 octobre<\/span> \u00e0 14 h 30 &amp; 16 h 30 : Ateliers broyage d\u00e9chets verts<\/strong>. (Parvis coll\u00e8ge Boris Vian).<\/li>\n<\/ul>\n<hr \/>\n<p><em><strong>L\u2019ACTU de la commune : <a href=\"http:\/\/www.ville-saint-priest.fr\/accueil.547.0.html\" target=\"_blank\" rel=\"noreferrer noopener\"><span style=\"color: #0000ff;\">http:\/\/www.ville-saint-priest.fr<\/span><\/a><\/strong><\/em><\/p>\n<hr \/>\n<hr \/>\n<p><img loading=\"lazy\" decoding=\"async\" class=\"aligncenter wp-image-140331 size-large\" src=\"https:\/\/newsestlyonnais.fr\/site\/wp-content\/uploads\/2021\/10\/NEWSESTLYONNAIS-BIKE-RUN-21-650x920.jpg\" alt=\"\" width=\"530\" height=\"750\" srcset=\"https:\/\/newsestlyonnais.fr\/site\/wp-content\/uploads\/2021\/10\/NEWSESTLYONNAIS-BIKE-RUN-21-650x920.jpg 650w, https:\/\/newsestlyonnais.fr\/site\/wp-content\/uploads\/2021\/10\/NEWSESTLYONNAIS-BIKE-RUN-21-400x566.jpg 400w, https:\/\/newsestlyonnais.fr\/site\/wp-content\/uploads\/2021\/10\/NEWSESTLYONNAIS-BIKE-RUN-21-250x354.jpg 250w, https:\/\/newsestlyonnais.fr\/site\/wp-content\/uploads\/2021\/10\/NEWSESTLYONNAIS-BIKE-RUN-21-768x1087.jpg 768w, https:\/\/newsestlyonnais.fr\/site\/wp-content\/uploads\/2021\/10\/NEWSESTLYONNAIS-BIKE-RUN-21-150x212.jpg 150w, https:\/\/newsestlyonnais.fr\/site\/wp-content\/uploads\/2021\/10\/NEWSESTLYONNAIS-BIKE-RUN-21-50x71.jpg 50w, https:\/\/newsestlyonnais.fr\/site\/wp-content\/uploads\/2021\/10\/NEWSESTLYONNAIS-BIKE-RUN-21-100x142.jpg 100w, https:\/\/newsestlyonnais.fr\/site\/wp-content\/uploads\/2021\/10\/NEWSESTLYONNAIS-BIKE-RUN-21-200x283.jpg 200w, https:\/\/newsestlyonnais.fr\/site\/wp-content\/uploads\/2021\/10\/NEWSESTLYONNAIS-BIKE-RUN-21-300x425.jpg 300w, https:\/\/newsestlyonnais.fr\/site\/wp-content\/uploads\/2021\/10\/NEWSESTLYONNAIS-BIKE-RUN-21-350x495.jpg 350w, https:\/\/newsestlyonnais.fr\/site\/wp-content\/uploads\/2021\/10\/NEWSESTLYONNAIS-BIKE-RUN-21-450x637.jpg 450w, https:\/\/newsestlyonnais.fr\/site\/wp-content\/uploads\/2021\/10\/NEWSESTLYONNAIS-BIKE-RUN-21-500x708.jpg 500w, https:\/\/newsestlyonnais.fr\/site\/wp-content\/uploads\/2021\/10\/NEWSESTLYONNAIS-BIKE-RUN-21-550x778.jpg 550w, https:\/\/newsestlyonnais.fr\/site\/wp-content\/uploads\/2021\/10\/NEWSESTLYONNAIS-BIKE-RUN-21-800x1132.jpg 800w, https:\/\/newsestlyonnais.fr\/site\/wp-content\/uploads\/2021\/10\/NEWSESTLYONNAIS-BIKE-RUN-21.jpg 848w\" sizes=\"auto, (max-width: 530px) 100vw, 530px\" \/><\/p>\n","protected":false},"excerpt":{"rendered":"<p>De tr\u00e8s nombreuses programmations locales au cours de cette seconde quinzaine du mois.<\/p>\n","protected":false},"author":4,"featured_media":95577,"comment_status":"open","ping_status":"open","sticky":false,"template":"","format":"standard","meta":{"footnotes":""},"categories":[2217,1296],"tags":[1991,2039],"class_list":["post-140783","post","type-post","status-publish","format-standard","has-post-thumbnail","hentry","category-breves-de-lest-lyonnais","category-sain-priest","tag-agenda","tag-saint-priest"],"yoast_head":"<!-- This site is optimized with the Yoast SEO plugin v27.2 - https:\/\/yoast.com\/product\/yoast-seo-wordpress\/ -->\n<title>SAINT-PRIEST | Les \u00e9v\u00e8nements \u00e0 fin octobre - News Est Lyonnais<\/title>\n<meta name=\"description\" content=\"SAINT-PRIEST | Les \u00e9v\u00e8nements \u00e0 fin octobre\" \/>\n<meta name=\"robots\" content=\"index, follow, max-snippet:-1, max-image-preview:large, max-video-preview:-1\" \/>\n<link rel=\"canonical\" href=\"https:\/\/newsestlyonnais.fr\/site\/2021\/10\/15\/saint-priest-les-evenements-a-fin-octobre-3\/\" \/>\n<meta property=\"og:locale\" content=\"fr_FR\" \/>\n<meta property=\"og:type\" content=\"article\" \/>\n<meta property=\"og:title\" content=\"SAINT-PRIEST | Les \u00e9v\u00e8nements \u00e0 fin octobre - News Est Lyonnais\" \/>\n<meta property=\"og:description\" content=\"SAINT-PRIEST | Les \u00e9v\u00e8nements \u00e0 fin octobre\" \/>\n<meta property=\"og:url\" content=\"https:\/\/newsestlyonnais.fr\/site\/2021\/10\/15\/saint-priest-les-evenements-a-fin-octobre-3\/\" \/>\n<meta property=\"og:site_name\" content=\"News Est Lyonnais\" \/>\n<meta property=\"article:author\" content=\"https:\/\/www.facebook.com\/pascal.oberson.1?fref=ts\" \/>\n<meta property=\"article:published_time\" content=\"2021-10-15T15:42:03+00:00\" \/>\n<meta property=\"article:modified_time\" content=\"2021-10-15T15:47:37+00:00\" \/>\n<meta property=\"og:image\" content=\"https:\/\/i0.wp.com\/newsestlyonnais.fr\/site\/wp-content\/uploads\/2020\/02\/NEWSESTLYONNAIS-ST-PRIEST01.jpg?fit=1200%2C800&ssl=1\" \/>\n\t<meta property=\"og:image:width\" content=\"1200\" \/>\n\t<meta property=\"og:image:height\" content=\"800\" \/>\n\t<meta property=\"og:image:type\" content=\"image\/jpeg\" \/>\n<meta name=\"author\" content=\"R\u00e9dac. NEWS\" \/>\n<meta name=\"twitter:card\" content=\"summary_large_image\" \/>\n<meta name=\"twitter:label1\" content=\"\u00c9crit par\" \/>\n\t<meta name=\"twitter:data1\" content=\"R\u00e9dac. NEWS\" \/>\n\t<meta name=\"twitter:label2\" content=\"Dur\u00e9e de lecture estim\u00e9e\" \/>\n\t<meta name=\"twitter:data2\" content=\"4 minutes\" \/>\n<script type=\"application\/ld+json\" class=\"yoast-schema-graph\">{\"@context\":\"https:\/\/schema.org\",\"@graph\":[{\"@type\":\"Article\",\"@id\":\"https:\/\/newsestlyonnais.fr\/site\/2021\/10\/15\/saint-priest-les-evenements-a-fin-octobre-3\/#article\",\"isPartOf\":{\"@id\":\"https:\/\/newsestlyonnais.fr\/site\/2021\/10\/15\/saint-priest-les-evenements-a-fin-octobre-3\/\"},\"author\":{\"name\":\"R\u00e9dac. NEWS\",\"@id\":\"https:\/\/newsestlyonnais.fr\/site\/#\/schema\/person\/3230d5615f390bb808365d673001e887\"},\"headline\":\"SAINT-PRIEST | Les \u00e9v\u00e8nements \u00e0 fin octobre\",\"datePublished\":\"2021-10-15T15:42:03+00:00\",\"dateModified\":\"2021-10-15T15:47:37+00:00\",\"mainEntityOfPage\":{\"@id\":\"https:\/\/newsestlyonnais.fr\/site\/2021\/10\/15\/saint-priest-les-evenements-a-fin-octobre-3\/\"},\"wordCount\":685,\"commentCount\":0,\"publisher\":{\"@id\":\"https:\/\/newsestlyonnais.fr\/site\/#organization\"},\"image\":{\"@id\":\"https:\/\/newsestlyonnais.fr\/site\/2021\/10\/15\/saint-priest-les-evenements-a-fin-octobre-3\/#primaryimage\"},\"thumbnailUrl\":\"https:\/\/newsestlyonnais.fr\/site\/wp-content\/uploads\/2020\/02\/NEWSESTLYONNAIS-ST-PRIEST01.jpg\",\"keywords\":[\"AGENDA\",\"SAINT PRIEST\"],\"articleSection\":[\"Br\u00e8ves de l'Est lyonnais\",\"Saint-Priest\"],\"inLanguage\":\"fr-FR\",\"potentialAction\":[{\"@type\":\"CommentAction\",\"name\":\"Comment\",\"target\":[\"https:\/\/newsestlyonnais.fr\/site\/2021\/10\/15\/saint-priest-les-evenements-a-fin-octobre-3\/#respond\"]}]},{\"@type\":\"WebPage\",\"@id\":\"https:\/\/newsestlyonnais.fr\/site\/2021\/10\/15\/saint-priest-les-evenements-a-fin-octobre-3\/\",\"url\":\"https:\/\/newsestlyonnais.fr\/site\/2021\/10\/15\/saint-priest-les-evenements-a-fin-octobre-3\/\",\"name\":\"SAINT-PRIEST | Les \u00e9v\u00e8nements \u00e0 fin octobre - News Est Lyonnais\",\"isPartOf\":{\"@id\":\"https:\/\/newsestlyonnais.fr\/site\/#website\"},\"primaryImageOfPage\":{\"@id\":\"https:\/\/newsestlyonnais.fr\/site\/2021\/10\/15\/saint-priest-les-evenements-a-fin-octobre-3\/#primaryimage\"},\"image\":{\"@id\":\"https:\/\/newsestlyonnais.fr\/site\/2021\/10\/15\/saint-priest-les-evenements-a-fin-octobre-3\/#primaryimage\"},\"thumbnailUrl\":\"https:\/\/newsestlyonnais.fr\/site\/wp-content\/uploads\/2020\/02\/NEWSESTLYONNAIS-ST-PRIEST01.jpg\",\"datePublished\":\"2021-10-15T15:42:03+00:00\",\"dateModified\":\"2021-10-15T15:47:37+00:00\",\"description\":\"SAINT-PRIEST | Les \u00e9v\u00e8nements \u00e0 fin octobre\",\"breadcrumb\":{\"@id\":\"https:\/\/newsestlyonnais.fr\/site\/2021\/10\/15\/saint-priest-les-evenements-a-fin-octobre-3\/#breadcrumb\"},\"inLanguage\":\"fr-FR\",\"potentialAction\":[{\"@type\":\"ReadAction\",\"target\":[\"https:\/\/newsestlyonnais.fr\/site\/2021\/10\/15\/saint-priest-les-evenements-a-fin-octobre-3\/\"]}]},{\"@type\":\"ImageObject\",\"inLanguage\":\"fr-FR\",\"@id\":\"https:\/\/newsestlyonnais.fr\/site\/2021\/10\/15\/saint-priest-les-evenements-a-fin-octobre-3\/#primaryimage\",\"url\":\"https:\/\/newsestlyonnais.fr\/site\/wp-content\/uploads\/2020\/02\/NEWSESTLYONNAIS-ST-PRIEST01.jpg\",\"contentUrl\":\"https:\/\/newsestlyonnais.fr\/site\/wp-content\/uploads\/2020\/02\/NEWSESTLYONNAIS-ST-PRIEST01.jpg\",\"width\":1200,\"height\":800},{\"@type\":\"BreadcrumbList\",\"@id\":\"https:\/\/newsestlyonnais.fr\/site\/2021\/10\/15\/saint-priest-les-evenements-a-fin-octobre-3\/#breadcrumb\",\"itemListElement\":[{\"@type\":\"ListItem\",\"position\":1,\"name\":\"Accueil\",\"item\":\"https:\/\/newsestlyonnais.fr\/site\/\"},{\"@type\":\"ListItem\",\"position\":2,\"name\":\"SAINT-PRIEST | Les \u00e9v\u00e8nements \u00e0 fin octobre\"}]},{\"@type\":\"WebSite\",\"@id\":\"https:\/\/newsestlyonnais.fr\/site\/#website\",\"url\":\"https:\/\/newsestlyonnais.fr\/site\/\",\"name\":\"News Est Lyonnais\",\"description\":\"L&#039;actualit\u00e9 au plus pr\u00e8s\",\"publisher\":{\"@id\":\"https:\/\/newsestlyonnais.fr\/site\/#organization\"},\"potentialAction\":[{\"@type\":\"SearchAction\",\"target\":{\"@type\":\"EntryPoint\",\"urlTemplate\":\"https:\/\/newsestlyonnais.fr\/site\/?s={search_term_string}\"},\"query-input\":{\"@type\":\"PropertyValueSpecification\",\"valueRequired\":true,\"valueName\":\"search_term_string\"}}],\"inLanguage\":\"fr-FR\"},{\"@type\":\"Organization\",\"@id\":\"https:\/\/newsestlyonnais.fr\/site\/#organization\",\"name\":\"News EST LYONNAIS\",\"url\":\"https:\/\/newsestlyonnais.fr\/site\/\",\"logo\":{\"@type\":\"ImageObject\",\"inLanguage\":\"fr-FR\",\"@id\":\"https:\/\/newsestlyonnais.fr\/site\/#\/schema\/logo\/image\/\",\"url\":\"\",\"contentUrl\":\"\",\"caption\":\"News EST LYONNAIS\"},\"image\":{\"@id\":\"https:\/\/newsestlyonnais.fr\/site\/#\/schema\/logo\/image\/\"}},{\"@type\":\"Person\",\"@id\":\"https:\/\/newsestlyonnais.fr\/site\/#\/schema\/person\/3230d5615f390bb808365d673001e887\",\"name\":\"R\u00e9dac. NEWS\",\"sameAs\":[\"http:\/\/www.newsestlyonnais.fr\",\"https:\/\/www.facebook.com\/pascal.oberson.1?fref=ts\",\"https:\/\/fr.linkedin.com\/in\/pascal-oberson-b17045113\"],\"url\":\"https:\/\/newsestlyonnais.fr\/site\/author\/nel\/\"}]}<\/script>\n<!-- \/ Yoast SEO plugin. -->","yoast_head_json":{"title":"SAINT-PRIEST | Les \u00e9v\u00e8nements \u00e0 fin octobre - News Est Lyonnais","description":"SAINT-PRIEST | Les \u00e9v\u00e8nements \u00e0 fin octobre","robots":{"index":"index","follow":"follow","max-snippet":"max-snippet:-1","max-image-preview":"max-image-preview:large","max-video-preview":"max-video-preview:-1"},"canonical":"https:\/\/newsestlyonnais.fr\/site\/2021\/10\/15\/saint-priest-les-evenements-a-fin-octobre-3\/","og_locale":"fr_FR","og_type":"article","og_title":"SAINT-PRIEST | Les \u00e9v\u00e8nements \u00e0 fin octobre - News Est Lyonnais","og_description":"SAINT-PRIEST | Les \u00e9v\u00e8nements \u00e0 fin octobre","og_url":"https:\/\/newsestlyonnais.fr\/site\/2021\/10\/15\/saint-priest-les-evenements-a-fin-octobre-3\/","og_site_name":"News Est Lyonnais","article_author":"https:\/\/www.facebook.com\/pascal.oberson.1?fref=ts","article_published_time":"2021-10-15T15:42:03+00:00","article_modified_time":"2021-10-15T15:47:37+00:00","og_image":[{"width":1200,"height":800,"url":"https:\/\/i0.wp.com\/newsestlyonnais.fr\/site\/wp-content\/uploads\/2020\/02\/NEWSESTLYONNAIS-ST-PRIEST01.jpg?fit=1200%2C800&ssl=1","type":"image\/jpeg"}],"author":"R\u00e9dac. NEWS","twitter_card":"summary_large_image","twitter_misc":{"\u00c9crit par":"R\u00e9dac. NEWS","Dur\u00e9e de lecture estim\u00e9e":"4 minutes"},"schema":{"@context":"https:\/\/schema.org","@graph":[{"@type":"Article","@id":"https:\/\/newsestlyonnais.fr\/site\/2021\/10\/15\/saint-priest-les-evenements-a-fin-octobre-3\/#article","isPartOf":{"@id":"https:\/\/newsestlyonnais.fr\/site\/2021\/10\/15\/saint-priest-les-evenements-a-fin-octobre-3\/"},"author":{"name":"R\u00e9dac. NEWS","@id":"https:\/\/newsestlyonnais.fr\/site\/#\/schema\/person\/3230d5615f390bb808365d673001e887"},"headline":"SAINT-PRIEST | Les \u00e9v\u00e8nements \u00e0 fin octobre","datePublished":"2021-10-15T15:42:03+00:00","dateModified":"2021-10-15T15:47:37+00:00","mainEntityOfPage":{"@id":"https:\/\/newsestlyonnais.fr\/site\/2021\/10\/15\/saint-priest-les-evenements-a-fin-octobre-3\/"},"wordCount":685,"commentCount":0,"publisher":{"@id":"https:\/\/newsestlyonnais.fr\/site\/#organization"},"image":{"@id":"https:\/\/newsestlyonnais.fr\/site\/2021\/10\/15\/saint-priest-les-evenements-a-fin-octobre-3\/#primaryimage"},"thumbnailUrl":"https:\/\/newsestlyonnais.fr\/site\/wp-content\/uploads\/2020\/02\/NEWSESTLYONNAIS-ST-PRIEST01.jpg","keywords":["AGENDA","SAINT PRIEST"],"articleSection":["Br\u00e8ves de l'Est lyonnais","Saint-Priest"],"inLanguage":"fr-FR","potentialAction":[{"@type":"CommentAction","name":"Comment","target":["https:\/\/newsestlyonnais.fr\/site\/2021\/10\/15\/saint-priest-les-evenements-a-fin-octobre-3\/#respond"]}]},{"@type":"WebPage","@id":"https:\/\/newsestlyonnais.fr\/site\/2021\/10\/15\/saint-priest-les-evenements-a-fin-octobre-3\/","url":"https:\/\/newsestlyonnais.fr\/site\/2021\/10\/15\/saint-priest-les-evenements-a-fin-octobre-3\/","name":"SAINT-PRIEST | Les \u00e9v\u00e8nements \u00e0 fin octobre - News Est Lyonnais","isPartOf":{"@id":"https:\/\/newsestlyonnais.fr\/site\/#website"},"primaryImageOfPage":{"@id":"https:\/\/newsestlyonnais.fr\/site\/2021\/10\/15\/saint-priest-les-evenements-a-fin-octobre-3\/#primaryimage"},"image":{"@id":"https:\/\/newsestlyonnais.fr\/site\/2021\/10\/15\/saint-priest-les-evenements-a-fin-octobre-3\/#primaryimage"},"thumbnailUrl":"https:\/\/newsestlyonnais.fr\/site\/wp-content\/uploads\/2020\/02\/NEWSESTLYONNAIS-ST-PRIEST01.jpg","datePublished":"2021-10-15T15:42:03+00:00","dateModified":"2021-10-15T15:47:37+00:00","description":"SAINT-PRIEST | Les \u00e9v\u00e8nements \u00e0 fin octobre","breadcrumb":{"@id":"https:\/\/newsestlyonnais.fr\/site\/2021\/10\/15\/saint-priest-les-evenements-a-fin-octobre-3\/#breadcrumb"},"inLanguage":"fr-FR","potentialAction":[{"@type":"ReadAction","target":["https:\/\/newsestlyonnais.fr\/site\/2021\/10\/15\/saint-priest-les-evenements-a-fin-octobre-3\/"]}]},{"@type":"ImageObject","inLanguage":"fr-FR","@id":"https:\/\/newsestlyonnais.fr\/site\/2021\/10\/15\/saint-priest-les-evenements-a-fin-octobre-3\/#primaryimage","url":"https:\/\/newsestlyonnais.fr\/site\/wp-content\/uploads\/2020\/02\/NEWSESTLYONNAIS-ST-PRIEST01.jpg","contentUrl":"https:\/\/newsestlyonnais.fr\/site\/wp-content\/uploads\/2020\/02\/NEWSESTLYONNAIS-ST-PRIEST01.jpg","width":1200,"height":800},{"@type":"BreadcrumbList","@id":"https:\/\/newsestlyonnais.fr\/site\/2021\/10\/15\/saint-priest-les-evenements-a-fin-octobre-3\/#breadcrumb","itemListElement":[{"@type":"ListItem","position":1,"name":"Accueil","item":"https:\/\/newsestlyonnais.fr\/site\/"},{"@type":"ListItem","position":2,"name":"SAINT-PRIEST | Les \u00e9v\u00e8nements \u00e0 fin octobre"}]},{"@type":"WebSite","@id":"https:\/\/newsestlyonnais.fr\/site\/#website","url":"https:\/\/newsestlyonnais.fr\/site\/","name":"News Est Lyonnais","description":"L&#039;actualit\u00e9 au plus pr\u00e8s","publisher":{"@id":"https:\/\/newsestlyonnais.fr\/site\/#organization"},"potentialAction":[{"@type":"SearchAction","target":{"@type":"EntryPoint","urlTemplate":"https:\/\/newsestlyonnais.fr\/site\/?s={search_term_string}"},"query-input":{"@type":"PropertyValueSpecification","valueRequired":true,"valueName":"search_term_string"}}],"inLanguage":"fr-FR"},{"@type":"Organization","@id":"https:\/\/newsestlyonnais.fr\/site\/#organization","name":"News EST LYONNAIS","url":"https:\/\/newsestlyonnais.fr\/site\/","logo":{"@type":"ImageObject","inLanguage":"fr-FR","@id":"https:\/\/newsestlyonnais.fr\/site\/#\/schema\/logo\/image\/","url":"","contentUrl":"","caption":"News EST LYONNAIS"},"image":{"@id":"https:\/\/newsestlyonnais.fr\/site\/#\/schema\/logo\/image\/"}},{"@type":"Person","@id":"https:\/\/newsestlyonnais.fr\/site\/#\/schema\/person\/3230d5615f390bb808365d673001e887","name":"R\u00e9dac. NEWS","sameAs":["http:\/\/www.newsestlyonnais.fr","https:\/\/www.facebook.com\/pascal.oberson.1?fref=ts","https:\/\/fr.linkedin.com\/in\/pascal-oberson-b17045113"],"url":"https:\/\/newsestlyonnais.fr\/site\/author\/nel\/"}]}},"_links":{"self":[{"href":"https:\/\/newsestlyonnais.fr\/site\/wp-json\/wp\/v2\/posts\/140783","targetHints":{"allow":["GET"]}}],"collection":[{"href":"https:\/\/newsestlyonnais.fr\/site\/wp-json\/wp\/v2\/posts"}],"about":[{"href":"https:\/\/newsestlyonnais.fr\/site\/wp-json\/wp\/v2\/types\/post"}],"author":[{"embeddable":true,"href":"https:\/\/newsestlyonnais.fr\/site\/wp-json\/wp\/v2\/users\/4"}],"replies":[{"embeddable":true,"href":"https:\/\/newsestlyonnais.fr\/site\/wp-json\/wp\/v2\/comments?post=140783"}],"version-history":[{"count":0,"href":"https:\/\/newsestlyonnais.fr\/site\/wp-json\/wp\/v2\/posts\/140783\/revisions"}],"wp:featuredmedia":[{"embeddable":true,"href":"https:\/\/newsestlyonnais.fr\/site\/wp-json\/wp\/v2\/media\/95577"}],"wp:attachment":[{"href":"https:\/\/newsestlyonnais.fr\/site\/wp-json\/wp\/v2\/media?parent=140783"}],"wp:term":[{"taxonomy":"category","embeddable":true,"href":"https:\/\/newsestlyonnais.fr\/site\/wp-json\/wp\/v2\/categories?post=140783"},{"taxonomy":"post_tag","embeddable":true,"href":"https:\/\/newsestlyonnais.fr\/site\/wp-json\/wp\/v2\/tags?post=140783"}],"curies":[{"name":"wp","href":"https:\/\/api.w.org\/{rel}","templated":true}]}}