{"id":140933,"date":"2021-10-18T05:19:54","date_gmt":"2021-10-18T04:19:54","guid":{"rendered":"https:\/\/newsestlyonnais.fr\/site\/?p=140933"},"modified":"2021-10-19T13:04:04","modified_gmt":"2021-10-19T12:04:04","slug":"venissieux-sen-no-sen-5-medailles-a-lopen-de-france-de-karate","status":"publish","type":"post","link":"https:\/\/newsestlyonnais.fr\/site\/2021\/10\/18\/venissieux-sen-no-sen-5-medailles-a-lopen-de-france-de-karate\/","title":{"rendered":"VENISSIEUX | Sen No Sen > Cinq m\u00e9dailles \u00e0 l&rsquo;open de France de karat\u00e9"},"content":{"rendered":"<p>Lors de ce <strong>rendez-vous national pour les cat\u00e9gories minimes, cadets, juniors et s\u00e9niors<\/strong>, le Sen No Sen Karat\u00e9 V\u00e9nissieux remporte <strong>5 m\u00e9dailles : 1 en or, 2 en argent et 2 en bronze.<\/strong><\/p>\n<p><img loading=\"lazy\" decoding=\"async\" class=\"alignleft size-medium wp-image-140938\" src=\"https:\/\/newsestlyonnais.fr\/site\/wp-content\/uploads\/2021\/10\/IMG_34821-400x533.jpg\" alt=\"\" width=\"225\" height=\"300\" srcset=\"https:\/\/newsestlyonnais.fr\/site\/wp-content\/uploads\/2021\/10\/IMG_34821-400x533.jpg 400w, https:\/\/newsestlyonnais.fr\/site\/wp-content\/uploads\/2021\/10\/IMG_34821-650x867.jpg 650w, https:\/\/newsestlyonnais.fr\/site\/wp-content\/uploads\/2021\/10\/IMG_34821-250x333.jpg 250w, https:\/\/newsestlyonnais.fr\/site\/wp-content\/uploads\/2021\/10\/IMG_34821-768x1024.jpg 768w, https:\/\/newsestlyonnais.fr\/site\/wp-content\/uploads\/2021\/10\/IMG_34821-150x200.jpg 150w, https:\/\/newsestlyonnais.fr\/site\/wp-content\/uploads\/2021\/10\/IMG_34821-50x67.jpg 50w, https:\/\/newsestlyonnais.fr\/site\/wp-content\/uploads\/2021\/10\/IMG_34821-100x133.jpg 100w, https:\/\/newsestlyonnais.fr\/site\/wp-content\/uploads\/2021\/10\/IMG_34821-200x267.jpg 200w, https:\/\/newsestlyonnais.fr\/site\/wp-content\/uploads\/2021\/10\/IMG_34821-300x400.jpg 300w, https:\/\/newsestlyonnais.fr\/site\/wp-content\/uploads\/2021\/10\/IMG_34821-350x467.jpg 350w, https:\/\/newsestlyonnais.fr\/site\/wp-content\/uploads\/2021\/10\/IMG_34821-450x600.jpg 450w, https:\/\/newsestlyonnais.fr\/site\/wp-content\/uploads\/2021\/10\/IMG_34821-500x667.jpg 500w, https:\/\/newsestlyonnais.fr\/site\/wp-content\/uploads\/2021\/10\/IMG_34821-550x733.jpg 550w, https:\/\/newsestlyonnais.fr\/site\/wp-content\/uploads\/2021\/10\/IMG_34821-800x1067.jpg 800w, https:\/\/newsestlyonnais.fr\/site\/wp-content\/uploads\/2021\/10\/IMG_34821.jpg 900w\" sizes=\"auto, (max-width: 225px) 100vw, 225px\" \/>Le samedi, la seule comp\u00e9titrice v\u00e9nissianne engag\u00e9e, <strong>Hira Dogru<\/strong> remporte la comp\u00e9tition des cadettes (- 54 kg). Elle ne laisse que peu d\u2019occasion \u00e0 ses adversaires remportant notamment sa demi-finale 2-0 et sa finale 6-0.<\/p>\n<p><strong>Ci-contre<\/strong> : Hira Dogru avec ses coachs Djamel Bezriche et St\u00e9phane Gohtuey.<\/p>\n<hr \/>\n<p>Le dimanche, chez les juniors, <strong>Issa Lardjoum<\/strong> remporte la m\u00e9daille d\u2019argent des &#8211; 76 kg, tandis que <strong>Madriss Azebouch<\/strong> gagne la m\u00e9daille de bronze en &#8211; 61 kg. Chez les s\u00e9niors, <strong>Ikram Benzina<\/strong> remporte \u00e9galement le bronze chez les f\u00e9minines &#8211; 55 kg, tandis qu\u00a0\u00bb <strong>Ilian Yazid<\/strong>, remporte l\u2019argent chez les masculins &#8211; 67 kg.<\/p>\n<hr \/>\n<p><em><strong>PHOTO A LA UNE<\/strong><\/em> : le collectif du dimanche avec les quatre m\u00e9daill\u00e9s.<\/p>\n<hr \/>\n<hr \/>\n<p>&nbsp;<\/p>\n","protected":false},"excerpt":{"rendered":"<p>Ce week-end, \u00e0 Villebon-sur-Yvette (91), se d\u00e9roulait l\u2019Open de France Noris de karat\u00e9.<\/p>\n","protected":false},"author":4,"featured_media":140935,"comment_status":"open","ping_status":"open","sticky":false,"template":"","format":"standard","meta":{"footnotes":""},"categories":[1353,2,1298],"tags":[2149,2132,2067],"class_list":["post-140933","post","type-post","status-publish","format-standard","has-post-thumbnail","hentry","category-karate","category-sports","category-venissieux","tag-karate","tag-sen-no-sen","tag-venissieux"],"yoast_head":"<!-- This site is optimized with the Yoast SEO plugin v27.2 - https:\/\/yoast.com\/product\/yoast-seo-wordpress\/ -->\n<title>VENISSIEUX | Sen No Sen &gt; Cinq m\u00e9dailles \u00e0 l&#039;open de France de karat\u00e9 - News Est Lyonnais<\/title>\n<meta name=\"description\" content=\"VENISSIEUX | Sen No Sen &gt; 5 m\u00e9dailles \u00e0 l&#039;open de France de karat\u00e9\" \/>\n<meta name=\"robots\" content=\"index, follow, max-snippet:-1, max-image-preview:large, max-video-preview:-1\" \/>\n<link rel=\"canonical\" href=\"https:\/\/newsestlyonnais.fr\/site\/2021\/10\/18\/venissieux-sen-no-sen-5-medailles-a-lopen-de-france-de-karate\/\" \/>\n<meta property=\"og:locale\" content=\"fr_FR\" \/>\n<meta property=\"og:type\" content=\"article\" \/>\n<meta property=\"og:title\" content=\"VENISSIEUX | Sen No Sen &gt; Cinq m\u00e9dailles \u00e0 l&#039;open de France de karat\u00e9 - News Est Lyonnais\" \/>\n<meta property=\"og:description\" content=\"VENISSIEUX | Sen No Sen &gt; 5 m\u00e9dailles \u00e0 l&#039;open de France de karat\u00e9\" \/>\n<meta property=\"og:url\" content=\"https:\/\/newsestlyonnais.fr\/site\/2021\/10\/18\/venissieux-sen-no-sen-5-medailles-a-lopen-de-france-de-karate\/\" \/>\n<meta property=\"og:site_name\" content=\"News Est Lyonnais\" \/>\n<meta property=\"article:author\" content=\"https:\/\/www.facebook.com\/pascal.oberson.1?fref=ts\" \/>\n<meta property=\"article:published_time\" content=\"2021-10-18T04:19:54+00:00\" \/>\n<meta property=\"article:modified_time\" content=\"2021-10-19T12:04:04+00:00\" \/>\n<meta property=\"og:image\" content=\"https:\/\/i2.wp.com\/newsestlyonnais.fr\/site\/wp-content\/uploads\/2021\/10\/IMG_62611.jpg?fit=1200%2C900&ssl=1\" \/>\n\t<meta property=\"og:image:width\" content=\"1200\" \/>\n\t<meta property=\"og:image:height\" content=\"900\" \/>\n\t<meta property=\"og:image:type\" content=\"image\/jpeg\" \/>\n<meta name=\"author\" content=\"R\u00e9dac. NEWS\" \/>\n<meta name=\"twitter:card\" content=\"summary_large_image\" \/>\n<meta name=\"twitter:label1\" content=\"\u00c9crit par\" \/>\n\t<meta name=\"twitter:data1\" content=\"R\u00e9dac. NEWS\" \/>\n\t<meta name=\"twitter:label2\" content=\"Dur\u00e9e de lecture estim\u00e9e\" \/>\n\t<meta name=\"twitter:data2\" content=\"1 minute\" \/>\n<script type=\"application\/ld+json\" class=\"yoast-schema-graph\">{\"@context\":\"https:\/\/schema.org\",\"@graph\":[{\"@type\":\"Article\",\"@id\":\"https:\/\/newsestlyonnais.fr\/site\/2021\/10\/18\/venissieux-sen-no-sen-5-medailles-a-lopen-de-france-de-karate\/#article\",\"isPartOf\":{\"@id\":\"https:\/\/newsestlyonnais.fr\/site\/2021\/10\/18\/venissieux-sen-no-sen-5-medailles-a-lopen-de-france-de-karate\/\"},\"author\":{\"name\":\"R\u00e9dac. NEWS\",\"@id\":\"https:\/\/newsestlyonnais.fr\/site\/#\/schema\/person\/3230d5615f390bb808365d673001e887\"},\"headline\":\"VENISSIEUX | Sen No Sen > Cinq m\u00e9dailles \u00e0 l&rsquo;open de France de karat\u00e9\",\"datePublished\":\"2021-10-18T04:19:54+00:00\",\"dateModified\":\"2021-10-19T12:04:04+00:00\",\"mainEntityOfPage\":{\"@id\":\"https:\/\/newsestlyonnais.fr\/site\/2021\/10\/18\/venissieux-sen-no-sen-5-medailles-a-lopen-de-france-de-karate\/\"},\"wordCount\":167,\"commentCount\":0,\"publisher\":{\"@id\":\"https:\/\/newsestlyonnais.fr\/site\/#organization\"},\"image\":{\"@id\":\"https:\/\/newsestlyonnais.fr\/site\/2021\/10\/18\/venissieux-sen-no-sen-5-medailles-a-lopen-de-france-de-karate\/#primaryimage\"},\"thumbnailUrl\":\"https:\/\/newsestlyonnais.fr\/site\/wp-content\/uploads\/2021\/10\/IMG_62611.jpg\",\"keywords\":[\"KARATE\",\"SEN NO SEN\",\"VENISSIEUX\"],\"articleSection\":[\"Karat\u00e9\",\"Sports\",\"V\u00e9nissieux\"],\"inLanguage\":\"fr-FR\",\"potentialAction\":[{\"@type\":\"CommentAction\",\"name\":\"Comment\",\"target\":[\"https:\/\/newsestlyonnais.fr\/site\/2021\/10\/18\/venissieux-sen-no-sen-5-medailles-a-lopen-de-france-de-karate\/#respond\"]}]},{\"@type\":\"WebPage\",\"@id\":\"https:\/\/newsestlyonnais.fr\/site\/2021\/10\/18\/venissieux-sen-no-sen-5-medailles-a-lopen-de-france-de-karate\/\",\"url\":\"https:\/\/newsestlyonnais.fr\/site\/2021\/10\/18\/venissieux-sen-no-sen-5-medailles-a-lopen-de-france-de-karate\/\",\"name\":\"VENISSIEUX | Sen No Sen > Cinq m\u00e9dailles \u00e0 l'open de France de karat\u00e9 - News Est Lyonnais\",\"isPartOf\":{\"@id\":\"https:\/\/newsestlyonnais.fr\/site\/#website\"},\"primaryImageOfPage\":{\"@id\":\"https:\/\/newsestlyonnais.fr\/site\/2021\/10\/18\/venissieux-sen-no-sen-5-medailles-a-lopen-de-france-de-karate\/#primaryimage\"},\"image\":{\"@id\":\"https:\/\/newsestlyonnais.fr\/site\/2021\/10\/18\/venissieux-sen-no-sen-5-medailles-a-lopen-de-france-de-karate\/#primaryimage\"},\"thumbnailUrl\":\"https:\/\/newsestlyonnais.fr\/site\/wp-content\/uploads\/2021\/10\/IMG_62611.jpg\",\"datePublished\":\"2021-10-18T04:19:54+00:00\",\"dateModified\":\"2021-10-19T12:04:04+00:00\",\"description\":\"VENISSIEUX | Sen No Sen > 5 m\u00e9dailles \u00e0 l'open de France de karat\u00e9\",\"breadcrumb\":{\"@id\":\"https:\/\/newsestlyonnais.fr\/site\/2021\/10\/18\/venissieux-sen-no-sen-5-medailles-a-lopen-de-france-de-karate\/#breadcrumb\"},\"inLanguage\":\"fr-FR\",\"potentialAction\":[{\"@type\":\"ReadAction\",\"target\":[\"https:\/\/newsestlyonnais.fr\/site\/2021\/10\/18\/venissieux-sen-no-sen-5-medailles-a-lopen-de-france-de-karate\/\"]}]},{\"@type\":\"ImageObject\",\"inLanguage\":\"fr-FR\",\"@id\":\"https:\/\/newsestlyonnais.fr\/site\/2021\/10\/18\/venissieux-sen-no-sen-5-medailles-a-lopen-de-france-de-karate\/#primaryimage\",\"url\":\"https:\/\/newsestlyonnais.fr\/site\/wp-content\/uploads\/2021\/10\/IMG_62611.jpg\",\"contentUrl\":\"https:\/\/newsestlyonnais.fr\/site\/wp-content\/uploads\/2021\/10\/IMG_62611.jpg\",\"width\":1200,\"height\":900},{\"@type\":\"BreadcrumbList\",\"@id\":\"https:\/\/newsestlyonnais.fr\/site\/2021\/10\/18\/venissieux-sen-no-sen-5-medailles-a-lopen-de-france-de-karate\/#breadcrumb\",\"itemListElement\":[{\"@type\":\"ListItem\",\"position\":1,\"name\":\"Accueil\",\"item\":\"https:\/\/newsestlyonnais.fr\/site\/\"},{\"@type\":\"ListItem\",\"position\":2,\"name\":\"VENISSIEUX | Sen No Sen > Cinq m\u00e9dailles \u00e0 l&rsquo;open de France de karat\u00e9\"}]},{\"@type\":\"WebSite\",\"@id\":\"https:\/\/newsestlyonnais.fr\/site\/#website\",\"url\":\"https:\/\/newsestlyonnais.fr\/site\/\",\"name\":\"News Est Lyonnais\",\"description\":\"L&#039;actualit\u00e9 au plus pr\u00e8s\",\"publisher\":{\"@id\":\"https:\/\/newsestlyonnais.fr\/site\/#organization\"},\"potentialAction\":[{\"@type\":\"SearchAction\",\"target\":{\"@type\":\"EntryPoint\",\"urlTemplate\":\"https:\/\/newsestlyonnais.fr\/site\/?s={search_term_string}\"},\"query-input\":{\"@type\":\"PropertyValueSpecification\",\"valueRequired\":true,\"valueName\":\"search_term_string\"}}],\"inLanguage\":\"fr-FR\"},{\"@type\":\"Organization\",\"@id\":\"https:\/\/newsestlyonnais.fr\/site\/#organization\",\"name\":\"News EST LYONNAIS\",\"url\":\"https:\/\/newsestlyonnais.fr\/site\/\",\"logo\":{\"@type\":\"ImageObject\",\"inLanguage\":\"fr-FR\",\"@id\":\"https:\/\/newsestlyonnais.fr\/site\/#\/schema\/logo\/image\/\",\"url\":\"\",\"contentUrl\":\"\",\"caption\":\"News EST LYONNAIS\"},\"image\":{\"@id\":\"https:\/\/newsestlyonnais.fr\/site\/#\/schema\/logo\/image\/\"}},{\"@type\":\"Person\",\"@id\":\"https:\/\/newsestlyonnais.fr\/site\/#\/schema\/person\/3230d5615f390bb808365d673001e887\",\"name\":\"R\u00e9dac. NEWS\",\"sameAs\":[\"http:\/\/www.newsestlyonnais.fr\",\"https:\/\/www.facebook.com\/pascal.oberson.1?fref=ts\",\"https:\/\/fr.linkedin.com\/in\/pascal-oberson-b17045113\"],\"url\":\"https:\/\/newsestlyonnais.fr\/site\/author\/nel\/\"}]}<\/script>\n<!-- \/ Yoast SEO plugin. -->","yoast_head_json":{"title":"VENISSIEUX | Sen No Sen > Cinq m\u00e9dailles \u00e0 l'open de France de karat\u00e9 - News Est Lyonnais","description":"VENISSIEUX | Sen No Sen > 5 m\u00e9dailles \u00e0 l'open de France de karat\u00e9","robots":{"index":"index","follow":"follow","max-snippet":"max-snippet:-1","max-image-preview":"max-image-preview:large","max-video-preview":"max-video-preview:-1"},"canonical":"https:\/\/newsestlyonnais.fr\/site\/2021\/10\/18\/venissieux-sen-no-sen-5-medailles-a-lopen-de-france-de-karate\/","og_locale":"fr_FR","og_type":"article","og_title":"VENISSIEUX | Sen No Sen > Cinq m\u00e9dailles \u00e0 l'open de France de karat\u00e9 - News Est Lyonnais","og_description":"VENISSIEUX | Sen No Sen > 5 m\u00e9dailles \u00e0 l'open de France de karat\u00e9","og_url":"https:\/\/newsestlyonnais.fr\/site\/2021\/10\/18\/venissieux-sen-no-sen-5-medailles-a-lopen-de-france-de-karate\/","og_site_name":"News Est Lyonnais","article_author":"https:\/\/www.facebook.com\/pascal.oberson.1?fref=ts","article_published_time":"2021-10-18T04:19:54+00:00","article_modified_time":"2021-10-19T12:04:04+00:00","og_image":[{"width":1200,"height":900,"url":"https:\/\/i2.wp.com\/newsestlyonnais.fr\/site\/wp-content\/uploads\/2021\/10\/IMG_62611.jpg?fit=1200%2C900&ssl=1","type":"image\/jpeg"}],"author":"R\u00e9dac. NEWS","twitter_card":"summary_large_image","twitter_misc":{"\u00c9crit par":"R\u00e9dac. NEWS","Dur\u00e9e de lecture estim\u00e9e":"1 minute"},"schema":{"@context":"https:\/\/schema.org","@graph":[{"@type":"Article","@id":"https:\/\/newsestlyonnais.fr\/site\/2021\/10\/18\/venissieux-sen-no-sen-5-medailles-a-lopen-de-france-de-karate\/#article","isPartOf":{"@id":"https:\/\/newsestlyonnais.fr\/site\/2021\/10\/18\/venissieux-sen-no-sen-5-medailles-a-lopen-de-france-de-karate\/"},"author":{"name":"R\u00e9dac. NEWS","@id":"https:\/\/newsestlyonnais.fr\/site\/#\/schema\/person\/3230d5615f390bb808365d673001e887"},"headline":"VENISSIEUX | Sen No Sen > Cinq m\u00e9dailles \u00e0 l&rsquo;open de France de karat\u00e9","datePublished":"2021-10-18T04:19:54+00:00","dateModified":"2021-10-19T12:04:04+00:00","mainEntityOfPage":{"@id":"https:\/\/newsestlyonnais.fr\/site\/2021\/10\/18\/venissieux-sen-no-sen-5-medailles-a-lopen-de-france-de-karate\/"},"wordCount":167,"commentCount":0,"publisher":{"@id":"https:\/\/newsestlyonnais.fr\/site\/#organization"},"image":{"@id":"https:\/\/newsestlyonnais.fr\/site\/2021\/10\/18\/venissieux-sen-no-sen-5-medailles-a-lopen-de-france-de-karate\/#primaryimage"},"thumbnailUrl":"https:\/\/newsestlyonnais.fr\/site\/wp-content\/uploads\/2021\/10\/IMG_62611.jpg","keywords":["KARATE","SEN NO SEN","VENISSIEUX"],"articleSection":["Karat\u00e9","Sports","V\u00e9nissieux"],"inLanguage":"fr-FR","potentialAction":[{"@type":"CommentAction","name":"Comment","target":["https:\/\/newsestlyonnais.fr\/site\/2021\/10\/18\/venissieux-sen-no-sen-5-medailles-a-lopen-de-france-de-karate\/#respond"]}]},{"@type":"WebPage","@id":"https:\/\/newsestlyonnais.fr\/site\/2021\/10\/18\/venissieux-sen-no-sen-5-medailles-a-lopen-de-france-de-karate\/","url":"https:\/\/newsestlyonnais.fr\/site\/2021\/10\/18\/venissieux-sen-no-sen-5-medailles-a-lopen-de-france-de-karate\/","name":"VENISSIEUX | Sen No Sen > Cinq m\u00e9dailles \u00e0 l'open de France de karat\u00e9 - News Est Lyonnais","isPartOf":{"@id":"https:\/\/newsestlyonnais.fr\/site\/#website"},"primaryImageOfPage":{"@id":"https:\/\/newsestlyonnais.fr\/site\/2021\/10\/18\/venissieux-sen-no-sen-5-medailles-a-lopen-de-france-de-karate\/#primaryimage"},"image":{"@id":"https:\/\/newsestlyonnais.fr\/site\/2021\/10\/18\/venissieux-sen-no-sen-5-medailles-a-lopen-de-france-de-karate\/#primaryimage"},"thumbnailUrl":"https:\/\/newsestlyonnais.fr\/site\/wp-content\/uploads\/2021\/10\/IMG_62611.jpg","datePublished":"2021-10-18T04:19:54+00:00","dateModified":"2021-10-19T12:04:04+00:00","description":"VENISSIEUX | Sen No Sen > 5 m\u00e9dailles \u00e0 l'open de France de karat\u00e9","breadcrumb":{"@id":"https:\/\/newsestlyonnais.fr\/site\/2021\/10\/18\/venissieux-sen-no-sen-5-medailles-a-lopen-de-france-de-karate\/#breadcrumb"},"inLanguage":"fr-FR","potentialAction":[{"@type":"ReadAction","target":["https:\/\/newsestlyonnais.fr\/site\/2021\/10\/18\/venissieux-sen-no-sen-5-medailles-a-lopen-de-france-de-karate\/"]}]},{"@type":"ImageObject","inLanguage":"fr-FR","@id":"https:\/\/newsestlyonnais.fr\/site\/2021\/10\/18\/venissieux-sen-no-sen-5-medailles-a-lopen-de-france-de-karate\/#primaryimage","url":"https:\/\/newsestlyonnais.fr\/site\/wp-content\/uploads\/2021\/10\/IMG_62611.jpg","contentUrl":"https:\/\/newsestlyonnais.fr\/site\/wp-content\/uploads\/2021\/10\/IMG_62611.jpg","width":1200,"height":900},{"@type":"BreadcrumbList","@id":"https:\/\/newsestlyonnais.fr\/site\/2021\/10\/18\/venissieux-sen-no-sen-5-medailles-a-lopen-de-france-de-karate\/#breadcrumb","itemListElement":[{"@type":"ListItem","position":1,"name":"Accueil","item":"https:\/\/newsestlyonnais.fr\/site\/"},{"@type":"ListItem","position":2,"name":"VENISSIEUX | Sen No Sen > Cinq m\u00e9dailles \u00e0 l&rsquo;open de France de karat\u00e9"}]},{"@type":"WebSite","@id":"https:\/\/newsestlyonnais.fr\/site\/#website","url":"https:\/\/newsestlyonnais.fr\/site\/","name":"News Est Lyonnais","description":"L&#039;actualit\u00e9 au plus pr\u00e8s","publisher":{"@id":"https:\/\/newsestlyonnais.fr\/site\/#organization"},"potentialAction":[{"@type":"SearchAction","target":{"@type":"EntryPoint","urlTemplate":"https:\/\/newsestlyonnais.fr\/site\/?s={search_term_string}"},"query-input":{"@type":"PropertyValueSpecification","valueRequired":true,"valueName":"search_term_string"}}],"inLanguage":"fr-FR"},{"@type":"Organization","@id":"https:\/\/newsestlyonnais.fr\/site\/#organization","name":"News EST LYONNAIS","url":"https:\/\/newsestlyonnais.fr\/site\/","logo":{"@type":"ImageObject","inLanguage":"fr-FR","@id":"https:\/\/newsestlyonnais.fr\/site\/#\/schema\/logo\/image\/","url":"","contentUrl":"","caption":"News EST LYONNAIS"},"image":{"@id":"https:\/\/newsestlyonnais.fr\/site\/#\/schema\/logo\/image\/"}},{"@type":"Person","@id":"https:\/\/newsestlyonnais.fr\/site\/#\/schema\/person\/3230d5615f390bb808365d673001e887","name":"R\u00e9dac. NEWS","sameAs":["http:\/\/www.newsestlyonnais.fr","https:\/\/www.facebook.com\/pascal.oberson.1?fref=ts","https:\/\/fr.linkedin.com\/in\/pascal-oberson-b17045113"],"url":"https:\/\/newsestlyonnais.fr\/site\/author\/nel\/"}]}},"_links":{"self":[{"href":"https:\/\/newsestlyonnais.fr\/site\/wp-json\/wp\/v2\/posts\/140933","targetHints":{"allow":["GET"]}}],"collection":[{"href":"https:\/\/newsestlyonnais.fr\/site\/wp-json\/wp\/v2\/posts"}],"about":[{"href":"https:\/\/newsestlyonnais.fr\/site\/wp-json\/wp\/v2\/types\/post"}],"author":[{"embeddable":true,"href":"https:\/\/newsestlyonnais.fr\/site\/wp-json\/wp\/v2\/users\/4"}],"replies":[{"embeddable":true,"href":"https:\/\/newsestlyonnais.fr\/site\/wp-json\/wp\/v2\/comments?post=140933"}],"version-history":[{"count":0,"href":"https:\/\/newsestlyonnais.fr\/site\/wp-json\/wp\/v2\/posts\/140933\/revisions"}],"wp:featuredmedia":[{"embeddable":true,"href":"https:\/\/newsestlyonnais.fr\/site\/wp-json\/wp\/v2\/media\/140935"}],"wp:attachment":[{"href":"https:\/\/newsestlyonnais.fr\/site\/wp-json\/wp\/v2\/media?parent=140933"}],"wp:term":[{"taxonomy":"category","embeddable":true,"href":"https:\/\/newsestlyonnais.fr\/site\/wp-json\/wp\/v2\/categories?post=140933"},{"taxonomy":"post_tag","embeddable":true,"href":"https:\/\/newsestlyonnais.fr\/site\/wp-json\/wp\/v2\/tags?post=140933"}],"curies":[{"name":"wp","href":"https:\/\/api.w.org\/{rel}","templated":true}]}}