{"id":141299,"date":"2021-10-22T11:52:52","date_gmt":"2021-10-22T10:52:52","guid":{"rendered":"https:\/\/newsestlyonnais.fr\/site\/?p=141299"},"modified":"2021-10-24T17:36:17","modified_gmt":"2021-10-24T16:36:17","slug":"pusignan-sebastien-vitale-un-sportif-des-plus-complets","status":"publish","type":"post","link":"https:\/\/newsestlyonnais.fr\/site\/2021\/10\/22\/pusignan-sebastien-vitale-un-sportif-des-plus-complets\/","title":{"rendered":"PUSIGNAN | S\u00e9bastien Vitale, un sportif des plus complets"},"content":{"rendered":"<p><span class=\"tojvnm2t a6sixzi8 abs2jz4q a8s20v7p t1p8iaqh k5wvi7nf q3lfd5jv pk4s997a bipmatt0 cebpdrjk qowsmv63 owwhemhu dp1hu0rb dhp61c6y iyyx5f41\"><span style=\"background-color: #000000; color: #ffffff;\">Tout d\u2019abord pr\u00e9sentation sommaire de ton pass\u00e9 sportif et palmar\u00e8s : <\/span><\/span><\/p>\n<p><span class=\"tojvnm2t a6sixzi8 abs2jz4q a8s20v7p t1p8iaqh k5wvi7nf q3lfd5jv pk4s997a bipmatt0 cebpdrjk qowsmv63 owwhemhu dp1hu0rb dhp61c6y iyyx5f41\">\u00a0\u00bb Cycliste depuis l\u2019adolescence, pass\u00e9 au triathlon en 2006, puis 1\u00b0 Ironman \u00e0 Nice en 2007, j\u2019en ai fait 14 en tout, dont Embrunman et Alpsman. J\u2019ai \u00e9galement couru 17 marathons (avec des chronos entre 3 h 14 et 3 h 50), quelques trails (Saint\u00e9lyon, Inter lac, Ultra des c\u00f4tes d\u2019Armor&#8230;) puis Diagonale des Fous en 2014 abandonn\u00e9e \u00e0 mi-parcours et revanche en 2015, finisher des 167 km et 10.000m de D+ en 62 heures)\u00a0\u00bb .<\/span><\/p>\n<p><span class=\"tojvnm2t a6sixzi8 abs2jz4q a8s20v7p t1p8iaqh k5wvi7nf q3lfd5jv pk4s997a bipmatt0 cebpdrjk qowsmv63 owwhemhu dp1hu0rb dhp61c6y iyyx5f41\" style=\"color: #ffffff;\"><span style=\"background-color: #000000;\">Pourquoi cette course ?<\/span> <\/span><\/p>\n<p><span class=\"tojvnm2t a6sixzi8 abs2jz4q a8s20v7p t1p8iaqh k5wvi7nf q3lfd5jv pk4s997a bipmatt0 cebpdrjk qowsmv63 owwhemhu dp1hu0rb dhp61c6y iyyx5f41\">\u00a0\u00bb <strong>Le Trail de Bourbon est une \u00e9preuve du Grand Raid comme la Diagonale, un ultra quand m\u00eame<\/strong> (110 km, 6. 400 m de d\u00e9nivel\u00e9), plus courte, ce qui me permettra peut-\u00eatre de moins souffrir du manque de sommeil, et surtout de profiter des magnifiques sentiers de la R\u00e9union : <strong>le paradis des trailers<\/strong>. <\/span><\/p>\n<p><span class=\"tojvnm2t a6sixzi8 abs2jz4q a8s20v7p t1p8iaqh k5wvi7nf q3lfd5jv pk4s997a bipmatt0 cebpdrjk qowsmv63 owwhemhu dp1hu0rb dhp61c6y iyyx5f41\"><span style=\"background-color: #000000; color: #ffffff;\">Mon objectif :<\/span> franchir la ligne d\u2019arriv\u00e9e au stade de la Redoute \u00e0 Saint-Denis, peu importe le chrono !<\/span><\/p>\n<hr \/>\n<p><strong>+ d&rsquo;infos sur le Trail de Bourbon<\/strong> &gt; <a href=\"https:\/\/trailpei.run\/course\/trail-de-bourbon\"><span style=\"color: #0000ff;\">https:\/\/trailpei.run\/course\/trail-de-bourbon<\/span><\/a><\/p>\n<hr \/>\n<div id='gallery-1' class='gallery galleryid-141299 gallery-columns-2 gallery-size-thumbnail'><figure class='gallery-item'>\n\t\t\t<div class='gallery-icon landscape'>\n\t\t\t\t<a href='https:\/\/newsestlyonnais.fr\/site\/2021\/10\/22\/pusignan-sebastien-vitale-un-sportif-des-plus-complets\/p1450637\/'><img loading=\"lazy\" decoding=\"async\" width=\"150\" height=\"113\" src=\"https:\/\/newsestlyonnais.fr\/site\/wp-content\/uploads\/2021\/10\/P1450637-250x188.jpg\" class=\"attachment-thumbnail size-thumbnail\" alt=\"\" aria-describedby=\"gallery-1-141318\" srcset=\"https:\/\/newsestlyonnais.fr\/site\/wp-content\/uploads\/2021\/10\/P1450637-250x188.jpg 250w, https:\/\/newsestlyonnais.fr\/site\/wp-content\/uploads\/2021\/10\/P1450637-400x300.jpg 400w, https:\/\/newsestlyonnais.fr\/site\/wp-content\/uploads\/2021\/10\/P1450637-650x488.jpg 650w, https:\/\/newsestlyonnais.fr\/site\/wp-content\/uploads\/2021\/10\/P1450637-768x576.jpg 768w, https:\/\/newsestlyonnais.fr\/site\/wp-content\/uploads\/2021\/10\/P1450637-150x113.jpg 150w, https:\/\/newsestlyonnais.fr\/site\/wp-content\/uploads\/2021\/10\/P1450637-50x38.jpg 50w, https:\/\/newsestlyonnais.fr\/site\/wp-content\/uploads\/2021\/10\/P1450637-100x75.jpg 100w, https:\/\/newsestlyonnais.fr\/site\/wp-content\/uploads\/2021\/10\/P1450637-200x150.jpg 200w, https:\/\/newsestlyonnais.fr\/site\/wp-content\/uploads\/2021\/10\/P1450637-300x225.jpg 300w, https:\/\/newsestlyonnais.fr\/site\/wp-content\/uploads\/2021\/10\/P1450637-350x263.jpg 350w, https:\/\/newsestlyonnais.fr\/site\/wp-content\/uploads\/2021\/10\/P1450637-450x338.jpg 450w, https:\/\/newsestlyonnais.fr\/site\/wp-content\/uploads\/2021\/10\/P1450637-500x375.jpg 500w, https:\/\/newsestlyonnais.fr\/site\/wp-content\/uploads\/2021\/10\/P1450637-550x413.jpg 550w, https:\/\/newsestlyonnais.fr\/site\/wp-content\/uploads\/2021\/10\/P1450637-800x600.jpg 800w, https:\/\/newsestlyonnais.fr\/site\/wp-content\/uploads\/2021\/10\/P1450637.jpg 1200w\" sizes=\"auto, (max-width: 150px) 100vw, 150px\" \/><\/a>\n\t\t\t<\/div>\n\t\t\t\t<figcaption class='wp-caption-text gallery-caption' id='gallery-1-141318'>\n\t\t\t\tA la sortie de l&rsquo;eau lors du triathlon de Vaulx-en-Velin, en septembre\n\t\t\t\t<\/figcaption><\/figure><figure class='gallery-item'>\n\t\t\t<div class='gallery-icon portrait'>\n\t\t\t\t<a href='https:\/\/newsestlyonnais.fr\/site\/2021\/10\/22\/pusignan-sebastien-vitale-un-sportif-des-plus-complets\/affiche-grand-raid-reunion-2021\/'><img loading=\"lazy\" decoding=\"async\" width=\"113\" height=\"150\" src=\"https:\/\/newsestlyonnais.fr\/site\/wp-content\/uploads\/2021\/10\/Affiche-Grand-Raid-Re\u0301union-2021-250x332.jpg\" class=\"attachment-thumbnail size-thumbnail\" alt=\"\" srcset=\"https:\/\/newsestlyonnais.fr\/site\/wp-content\/uploads\/2021\/10\/Affiche-Grand-Raid-Re\u0301union-2021-250x332.jpg 250w, https:\/\/newsestlyonnais.fr\/site\/wp-content\/uploads\/2021\/10\/Affiche-Grand-Raid-Re\u0301union-2021-400x531.jpg 400w, https:\/\/newsestlyonnais.fr\/site\/wp-content\/uploads\/2021\/10\/Affiche-Grand-Raid-Re\u0301union-2021-650x863.jpg 650w, https:\/\/newsestlyonnais.fr\/site\/wp-content\/uploads\/2021\/10\/Affiche-Grand-Raid-Re\u0301union-2021-768x1019.jpg 768w, https:\/\/newsestlyonnais.fr\/site\/wp-content\/uploads\/2021\/10\/Affiche-Grand-Raid-Re\u0301union-2021-150x199.jpg 150w, https:\/\/newsestlyonnais.fr\/site\/wp-content\/uploads\/2021\/10\/Affiche-Grand-Raid-Re\u0301union-2021-50x66.jpg 50w, https:\/\/newsestlyonnais.fr\/site\/wp-content\/uploads\/2021\/10\/Affiche-Grand-Raid-Re\u0301union-2021-100x133.jpg 100w, https:\/\/newsestlyonnais.fr\/site\/wp-content\/uploads\/2021\/10\/Affiche-Grand-Raid-Re\u0301union-2021-200x265.jpg 200w, https:\/\/newsestlyonnais.fr\/site\/wp-content\/uploads\/2021\/10\/Affiche-Grand-Raid-Re\u0301union-2021-300x398.jpg 300w, https:\/\/newsestlyonnais.fr\/site\/wp-content\/uploads\/2021\/10\/Affiche-Grand-Raid-Re\u0301union-2021-350x465.jpg 350w, https:\/\/newsestlyonnais.fr\/site\/wp-content\/uploads\/2021\/10\/Affiche-Grand-Raid-Re\u0301union-2021-450x597.jpg 450w, https:\/\/newsestlyonnais.fr\/site\/wp-content\/uploads\/2021\/10\/Affiche-Grand-Raid-Re\u0301union-2021-500x664.jpg 500w, https:\/\/newsestlyonnais.fr\/site\/wp-content\/uploads\/2021\/10\/Affiche-Grand-Raid-Re\u0301union-2021-550x730.jpg 550w, https:\/\/newsestlyonnais.fr\/site\/wp-content\/uploads\/2021\/10\/Affiche-Grand-Raid-Re\u0301union-2021-800x1062.jpg 800w, https:\/\/newsestlyonnais.fr\/site\/wp-content\/uploads\/2021\/10\/Affiche-Grand-Raid-Re\u0301union-2021.jpg 904w\" sizes=\"auto, (max-width: 113px) 100vw, 113px\" \/><\/a>\n\t\t\t<\/div><\/figure>\n\t\t<\/div>\n\n","protected":false},"excerpt":{"rendered":"<p>Il dispute ce soir, le Trail de Bourbon (+ de 100 km et 6.000 m de d\u00e9nivel\u00e9 +), une des 4 courses du Grand Raid de La R\u00e9union.  <\/p>\n","protected":false},"author":4,"featured_media":141303,"comment_status":"open","ping_status":"open","sticky":false,"template":"","format":"standard","meta":{"footnotes":""},"categories":[2968,270,1279,3250,2],"tags":[2062,3959,3960],"class_list":["post-141299","post","type-post","status-publish","format-standard","has-post-thumbnail","hentry","category-athle-course-pied-marche","category-cte-de-communes-c-c-e-l","category-jons-pusignan","category-recits-de-course-portraits-interviews","category-sports","tag-pusignan","tag-sebastien-vitale","tag-trail-de-bourbon"],"yoast_head":"<!-- This site is optimized with the Yoast SEO plugin v27.2 - https:\/\/yoast.com\/product\/yoast-seo-wordpress\/ -->\n<title>PUSIGNAN | S\u00e9bastien Vitale, un sportif des plus complets - News Est Lyonnais<\/title>\n<meta name=\"description\" content=\"PUSIGNAN | S\u00e9bastien Vitale, un sportif des plus complets\" \/>\n<meta name=\"robots\" content=\"index, follow, max-snippet:-1, max-image-preview:large, max-video-preview:-1\" \/>\n<link rel=\"canonical\" href=\"https:\/\/newsestlyonnais.fr\/site\/2021\/10\/22\/pusignan-sebastien-vitale-un-sportif-des-plus-complets\/\" \/>\n<meta property=\"og:locale\" content=\"fr_FR\" \/>\n<meta property=\"og:type\" content=\"article\" \/>\n<meta property=\"og:title\" content=\"PUSIGNAN | S\u00e9bastien Vitale, un sportif des plus complets - News Est Lyonnais\" \/>\n<meta property=\"og:description\" content=\"PUSIGNAN | S\u00e9bastien Vitale, un sportif des plus complets\" \/>\n<meta property=\"og:url\" content=\"https:\/\/newsestlyonnais.fr\/site\/2021\/10\/22\/pusignan-sebastien-vitale-un-sportif-des-plus-complets\/\" \/>\n<meta property=\"og:site_name\" content=\"News Est Lyonnais\" \/>\n<meta property=\"article:author\" content=\"https:\/\/www.facebook.com\/pascal.oberson.1?fref=ts\" \/>\n<meta property=\"article:published_time\" content=\"2021-10-22T10:52:52+00:00\" \/>\n<meta property=\"article:modified_time\" content=\"2021-10-24T16:36:17+00:00\" \/>\n<meta property=\"og:image\" content=\"https:\/\/i2.wp.com\/newsestlyonnais.fr\/site\/wp-content\/uploads\/2021\/10\/P1450593.jpg?fit=1200%2C900&ssl=1\" \/>\n\t<meta property=\"og:image:width\" content=\"1200\" \/>\n\t<meta property=\"og:image:height\" content=\"900\" \/>\n\t<meta property=\"og:image:type\" content=\"image\/jpeg\" \/>\n<meta name=\"author\" content=\"R\u00e9dac. NEWS\" \/>\n<meta name=\"twitter:card\" content=\"summary_large_image\" \/>\n<meta name=\"twitter:label1\" content=\"\u00c9crit par\" \/>\n\t<meta name=\"twitter:data1\" content=\"R\u00e9dac. NEWS\" \/>\n\t<meta name=\"twitter:label2\" content=\"Dur\u00e9e de lecture estim\u00e9e\" \/>\n\t<meta name=\"twitter:data2\" content=\"1 minute\" \/>\n<script type=\"application\/ld+json\" class=\"yoast-schema-graph\">{\"@context\":\"https:\/\/schema.org\",\"@graph\":[{\"@type\":\"Article\",\"@id\":\"https:\/\/newsestlyonnais.fr\/site\/2021\/10\/22\/pusignan-sebastien-vitale-un-sportif-des-plus-complets\/#article\",\"isPartOf\":{\"@id\":\"https:\/\/newsestlyonnais.fr\/site\/2021\/10\/22\/pusignan-sebastien-vitale-un-sportif-des-plus-complets\/\"},\"author\":{\"name\":\"R\u00e9dac. NEWS\",\"@id\":\"https:\/\/newsestlyonnais.fr\/site\/#\/schema\/person\/3230d5615f390bb808365d673001e887\"},\"headline\":\"PUSIGNAN | S\u00e9bastien Vitale, un sportif des plus complets\",\"datePublished\":\"2021-10-22T10:52:52+00:00\",\"dateModified\":\"2021-10-24T16:36:17+00:00\",\"mainEntityOfPage\":{\"@id\":\"https:\/\/newsestlyonnais.fr\/site\/2021\/10\/22\/pusignan-sebastien-vitale-un-sportif-des-plus-complets\/\"},\"wordCount\":180,\"commentCount\":0,\"publisher\":{\"@id\":\"https:\/\/newsestlyonnais.fr\/site\/#organization\"},\"image\":{\"@id\":\"https:\/\/newsestlyonnais.fr\/site\/2021\/10\/22\/pusignan-sebastien-vitale-un-sportif-des-plus-complets\/#primaryimage\"},\"thumbnailUrl\":\"https:\/\/newsestlyonnais.fr\/site\/wp-content\/uploads\/2021\/10\/P1450593.jpg\",\"keywords\":[\"PUSIGNAN\",\"S\u00e9bastien Vitale\",\"Trail de Bourbon\"],\"articleSection\":[\"Athl\u00e9 | Course pied | Marche\",\"CCEL | Communes\",\"Jons | Pusignan\",\"R\u00e9cits de course \/ Portraits \/ Interviews\",\"Sports\"],\"inLanguage\":\"fr-FR\",\"potentialAction\":[{\"@type\":\"CommentAction\",\"name\":\"Comment\",\"target\":[\"https:\/\/newsestlyonnais.fr\/site\/2021\/10\/22\/pusignan-sebastien-vitale-un-sportif-des-plus-complets\/#respond\"]}]},{\"@type\":\"WebPage\",\"@id\":\"https:\/\/newsestlyonnais.fr\/site\/2021\/10\/22\/pusignan-sebastien-vitale-un-sportif-des-plus-complets\/\",\"url\":\"https:\/\/newsestlyonnais.fr\/site\/2021\/10\/22\/pusignan-sebastien-vitale-un-sportif-des-plus-complets\/\",\"name\":\"PUSIGNAN | S\u00e9bastien Vitale, un sportif des plus complets - News Est Lyonnais\",\"isPartOf\":{\"@id\":\"https:\/\/newsestlyonnais.fr\/site\/#website\"},\"primaryImageOfPage\":{\"@id\":\"https:\/\/newsestlyonnais.fr\/site\/2021\/10\/22\/pusignan-sebastien-vitale-un-sportif-des-plus-complets\/#primaryimage\"},\"image\":{\"@id\":\"https:\/\/newsestlyonnais.fr\/site\/2021\/10\/22\/pusignan-sebastien-vitale-un-sportif-des-plus-complets\/#primaryimage\"},\"thumbnailUrl\":\"https:\/\/newsestlyonnais.fr\/site\/wp-content\/uploads\/2021\/10\/P1450593.jpg\",\"datePublished\":\"2021-10-22T10:52:52+00:00\",\"dateModified\":\"2021-10-24T16:36:17+00:00\",\"description\":\"PUSIGNAN | S\u00e9bastien Vitale, un sportif des plus complets\",\"breadcrumb\":{\"@id\":\"https:\/\/newsestlyonnais.fr\/site\/2021\/10\/22\/pusignan-sebastien-vitale-un-sportif-des-plus-complets\/#breadcrumb\"},\"inLanguage\":\"fr-FR\",\"potentialAction\":[{\"@type\":\"ReadAction\",\"target\":[\"https:\/\/newsestlyonnais.fr\/site\/2021\/10\/22\/pusignan-sebastien-vitale-un-sportif-des-plus-complets\/\"]}]},{\"@type\":\"ImageObject\",\"inLanguage\":\"fr-FR\",\"@id\":\"https:\/\/newsestlyonnais.fr\/site\/2021\/10\/22\/pusignan-sebastien-vitale-un-sportif-des-plus-complets\/#primaryimage\",\"url\":\"https:\/\/newsestlyonnais.fr\/site\/wp-content\/uploads\/2021\/10\/P1450593.jpg\",\"contentUrl\":\"https:\/\/newsestlyonnais.fr\/site\/wp-content\/uploads\/2021\/10\/P1450593.jpg\",\"width\":1200,\"height\":900},{\"@type\":\"BreadcrumbList\",\"@id\":\"https:\/\/newsestlyonnais.fr\/site\/2021\/10\/22\/pusignan-sebastien-vitale-un-sportif-des-plus-complets\/#breadcrumb\",\"itemListElement\":[{\"@type\":\"ListItem\",\"position\":1,\"name\":\"Accueil\",\"item\":\"https:\/\/newsestlyonnais.fr\/site\/\"},{\"@type\":\"ListItem\",\"position\":2,\"name\":\"PUSIGNAN | S\u00e9bastien Vitale, un sportif des plus complets\"}]},{\"@type\":\"WebSite\",\"@id\":\"https:\/\/newsestlyonnais.fr\/site\/#website\",\"url\":\"https:\/\/newsestlyonnais.fr\/site\/\",\"name\":\"News Est Lyonnais\",\"description\":\"L&#039;actualit\u00e9 au plus pr\u00e8s\",\"publisher\":{\"@id\":\"https:\/\/newsestlyonnais.fr\/site\/#organization\"},\"potentialAction\":[{\"@type\":\"SearchAction\",\"target\":{\"@type\":\"EntryPoint\",\"urlTemplate\":\"https:\/\/newsestlyonnais.fr\/site\/?s={search_term_string}\"},\"query-input\":{\"@type\":\"PropertyValueSpecification\",\"valueRequired\":true,\"valueName\":\"search_term_string\"}}],\"inLanguage\":\"fr-FR\"},{\"@type\":\"Organization\",\"@id\":\"https:\/\/newsestlyonnais.fr\/site\/#organization\",\"name\":\"News EST LYONNAIS\",\"url\":\"https:\/\/newsestlyonnais.fr\/site\/\",\"logo\":{\"@type\":\"ImageObject\",\"inLanguage\":\"fr-FR\",\"@id\":\"https:\/\/newsestlyonnais.fr\/site\/#\/schema\/logo\/image\/\",\"url\":\"\",\"contentUrl\":\"\",\"caption\":\"News EST LYONNAIS\"},\"image\":{\"@id\":\"https:\/\/newsestlyonnais.fr\/site\/#\/schema\/logo\/image\/\"}},{\"@type\":\"Person\",\"@id\":\"https:\/\/newsestlyonnais.fr\/site\/#\/schema\/person\/3230d5615f390bb808365d673001e887\",\"name\":\"R\u00e9dac. NEWS\",\"sameAs\":[\"http:\/\/www.newsestlyonnais.fr\",\"https:\/\/www.facebook.com\/pascal.oberson.1?fref=ts\",\"https:\/\/fr.linkedin.com\/in\/pascal-oberson-b17045113\"],\"url\":\"https:\/\/newsestlyonnais.fr\/site\/author\/nel\/\"}]}<\/script>\n<!-- \/ Yoast SEO plugin. -->","yoast_head_json":{"title":"PUSIGNAN | S\u00e9bastien Vitale, un sportif des plus complets - News Est Lyonnais","description":"PUSIGNAN | S\u00e9bastien Vitale, un sportif des plus complets","robots":{"index":"index","follow":"follow","max-snippet":"max-snippet:-1","max-image-preview":"max-image-preview:large","max-video-preview":"max-video-preview:-1"},"canonical":"https:\/\/newsestlyonnais.fr\/site\/2021\/10\/22\/pusignan-sebastien-vitale-un-sportif-des-plus-complets\/","og_locale":"fr_FR","og_type":"article","og_title":"PUSIGNAN | S\u00e9bastien Vitale, un sportif des plus complets - News Est Lyonnais","og_description":"PUSIGNAN | S\u00e9bastien Vitale, un sportif des plus complets","og_url":"https:\/\/newsestlyonnais.fr\/site\/2021\/10\/22\/pusignan-sebastien-vitale-un-sportif-des-plus-complets\/","og_site_name":"News Est Lyonnais","article_author":"https:\/\/www.facebook.com\/pascal.oberson.1?fref=ts","article_published_time":"2021-10-22T10:52:52+00:00","article_modified_time":"2021-10-24T16:36:17+00:00","og_image":[{"width":1200,"height":900,"url":"https:\/\/i2.wp.com\/newsestlyonnais.fr\/site\/wp-content\/uploads\/2021\/10\/P1450593.jpg?fit=1200%2C900&ssl=1","type":"image\/jpeg"}],"author":"R\u00e9dac. NEWS","twitter_card":"summary_large_image","twitter_misc":{"\u00c9crit par":"R\u00e9dac. NEWS","Dur\u00e9e de lecture estim\u00e9e":"1 minute"},"schema":{"@context":"https:\/\/schema.org","@graph":[{"@type":"Article","@id":"https:\/\/newsestlyonnais.fr\/site\/2021\/10\/22\/pusignan-sebastien-vitale-un-sportif-des-plus-complets\/#article","isPartOf":{"@id":"https:\/\/newsestlyonnais.fr\/site\/2021\/10\/22\/pusignan-sebastien-vitale-un-sportif-des-plus-complets\/"},"author":{"name":"R\u00e9dac. NEWS","@id":"https:\/\/newsestlyonnais.fr\/site\/#\/schema\/person\/3230d5615f390bb808365d673001e887"},"headline":"PUSIGNAN | S\u00e9bastien Vitale, un sportif des plus complets","datePublished":"2021-10-22T10:52:52+00:00","dateModified":"2021-10-24T16:36:17+00:00","mainEntityOfPage":{"@id":"https:\/\/newsestlyonnais.fr\/site\/2021\/10\/22\/pusignan-sebastien-vitale-un-sportif-des-plus-complets\/"},"wordCount":180,"commentCount":0,"publisher":{"@id":"https:\/\/newsestlyonnais.fr\/site\/#organization"},"image":{"@id":"https:\/\/newsestlyonnais.fr\/site\/2021\/10\/22\/pusignan-sebastien-vitale-un-sportif-des-plus-complets\/#primaryimage"},"thumbnailUrl":"https:\/\/newsestlyonnais.fr\/site\/wp-content\/uploads\/2021\/10\/P1450593.jpg","keywords":["PUSIGNAN","S\u00e9bastien Vitale","Trail de Bourbon"],"articleSection":["Athl\u00e9 | Course pied | Marche","CCEL | Communes","Jons | Pusignan","R\u00e9cits de course \/ Portraits \/ Interviews","Sports"],"inLanguage":"fr-FR","potentialAction":[{"@type":"CommentAction","name":"Comment","target":["https:\/\/newsestlyonnais.fr\/site\/2021\/10\/22\/pusignan-sebastien-vitale-un-sportif-des-plus-complets\/#respond"]}]},{"@type":"WebPage","@id":"https:\/\/newsestlyonnais.fr\/site\/2021\/10\/22\/pusignan-sebastien-vitale-un-sportif-des-plus-complets\/","url":"https:\/\/newsestlyonnais.fr\/site\/2021\/10\/22\/pusignan-sebastien-vitale-un-sportif-des-plus-complets\/","name":"PUSIGNAN | S\u00e9bastien Vitale, un sportif des plus complets - News Est Lyonnais","isPartOf":{"@id":"https:\/\/newsestlyonnais.fr\/site\/#website"},"primaryImageOfPage":{"@id":"https:\/\/newsestlyonnais.fr\/site\/2021\/10\/22\/pusignan-sebastien-vitale-un-sportif-des-plus-complets\/#primaryimage"},"image":{"@id":"https:\/\/newsestlyonnais.fr\/site\/2021\/10\/22\/pusignan-sebastien-vitale-un-sportif-des-plus-complets\/#primaryimage"},"thumbnailUrl":"https:\/\/newsestlyonnais.fr\/site\/wp-content\/uploads\/2021\/10\/P1450593.jpg","datePublished":"2021-10-22T10:52:52+00:00","dateModified":"2021-10-24T16:36:17+00:00","description":"PUSIGNAN | S\u00e9bastien Vitale, un sportif des plus complets","breadcrumb":{"@id":"https:\/\/newsestlyonnais.fr\/site\/2021\/10\/22\/pusignan-sebastien-vitale-un-sportif-des-plus-complets\/#breadcrumb"},"inLanguage":"fr-FR","potentialAction":[{"@type":"ReadAction","target":["https:\/\/newsestlyonnais.fr\/site\/2021\/10\/22\/pusignan-sebastien-vitale-un-sportif-des-plus-complets\/"]}]},{"@type":"ImageObject","inLanguage":"fr-FR","@id":"https:\/\/newsestlyonnais.fr\/site\/2021\/10\/22\/pusignan-sebastien-vitale-un-sportif-des-plus-complets\/#primaryimage","url":"https:\/\/newsestlyonnais.fr\/site\/wp-content\/uploads\/2021\/10\/P1450593.jpg","contentUrl":"https:\/\/newsestlyonnais.fr\/site\/wp-content\/uploads\/2021\/10\/P1450593.jpg","width":1200,"height":900},{"@type":"BreadcrumbList","@id":"https:\/\/newsestlyonnais.fr\/site\/2021\/10\/22\/pusignan-sebastien-vitale-un-sportif-des-plus-complets\/#breadcrumb","itemListElement":[{"@type":"ListItem","position":1,"name":"Accueil","item":"https:\/\/newsestlyonnais.fr\/site\/"},{"@type":"ListItem","position":2,"name":"PUSIGNAN | S\u00e9bastien Vitale, un sportif des plus complets"}]},{"@type":"WebSite","@id":"https:\/\/newsestlyonnais.fr\/site\/#website","url":"https:\/\/newsestlyonnais.fr\/site\/","name":"News Est Lyonnais","description":"L&#039;actualit\u00e9 au plus pr\u00e8s","publisher":{"@id":"https:\/\/newsestlyonnais.fr\/site\/#organization"},"potentialAction":[{"@type":"SearchAction","target":{"@type":"EntryPoint","urlTemplate":"https:\/\/newsestlyonnais.fr\/site\/?s={search_term_string}"},"query-input":{"@type":"PropertyValueSpecification","valueRequired":true,"valueName":"search_term_string"}}],"inLanguage":"fr-FR"},{"@type":"Organization","@id":"https:\/\/newsestlyonnais.fr\/site\/#organization","name":"News EST LYONNAIS","url":"https:\/\/newsestlyonnais.fr\/site\/","logo":{"@type":"ImageObject","inLanguage":"fr-FR","@id":"https:\/\/newsestlyonnais.fr\/site\/#\/schema\/logo\/image\/","url":"","contentUrl":"","caption":"News EST LYONNAIS"},"image":{"@id":"https:\/\/newsestlyonnais.fr\/site\/#\/schema\/logo\/image\/"}},{"@type":"Person","@id":"https:\/\/newsestlyonnais.fr\/site\/#\/schema\/person\/3230d5615f390bb808365d673001e887","name":"R\u00e9dac. NEWS","sameAs":["http:\/\/www.newsestlyonnais.fr","https:\/\/www.facebook.com\/pascal.oberson.1?fref=ts","https:\/\/fr.linkedin.com\/in\/pascal-oberson-b17045113"],"url":"https:\/\/newsestlyonnais.fr\/site\/author\/nel\/"}]}},"_links":{"self":[{"href":"https:\/\/newsestlyonnais.fr\/site\/wp-json\/wp\/v2\/posts\/141299","targetHints":{"allow":["GET"]}}],"collection":[{"href":"https:\/\/newsestlyonnais.fr\/site\/wp-json\/wp\/v2\/posts"}],"about":[{"href":"https:\/\/newsestlyonnais.fr\/site\/wp-json\/wp\/v2\/types\/post"}],"author":[{"embeddable":true,"href":"https:\/\/newsestlyonnais.fr\/site\/wp-json\/wp\/v2\/users\/4"}],"replies":[{"embeddable":true,"href":"https:\/\/newsestlyonnais.fr\/site\/wp-json\/wp\/v2\/comments?post=141299"}],"version-history":[{"count":0,"href":"https:\/\/newsestlyonnais.fr\/site\/wp-json\/wp\/v2\/posts\/141299\/revisions"}],"wp:featuredmedia":[{"embeddable":true,"href":"https:\/\/newsestlyonnais.fr\/site\/wp-json\/wp\/v2\/media\/141303"}],"wp:attachment":[{"href":"https:\/\/newsestlyonnais.fr\/site\/wp-json\/wp\/v2\/media?parent=141299"}],"wp:term":[{"taxonomy":"category","embeddable":true,"href":"https:\/\/newsestlyonnais.fr\/site\/wp-json\/wp\/v2\/categories?post=141299"},{"taxonomy":"post_tag","embeddable":true,"href":"https:\/\/newsestlyonnais.fr\/site\/wp-json\/wp\/v2\/tags?post=141299"}],"curies":[{"name":"wp","href":"https:\/\/api.w.org\/{rel}","templated":true}]}}