{"id":141491,"date":"2021-10-25T17:35:46","date_gmt":"2021-10-25T16:35:46","guid":{"rendered":"https:\/\/newsestlyonnais.fr\/site\/?p=141491"},"modified":"2021-11-15T08:54:14","modified_gmt":"2021-11-15T07:54:14","slug":"lyon-7-les-evenements-a-mi-novembre","status":"publish","type":"post","link":"https:\/\/newsestlyonnais.fr\/site\/2021\/10\/25\/lyon-7-les-evenements-a-mi-novembre\/","title":{"rendered":"LYON 7 | Les \u00e9v\u00e8nements \u00e0 mi-novembre"},"content":{"rendered":"<ul>\n<li><strong><span style=\"text-decoration: underline;\"><span id=\"page36R_mcid55\" class=\"markedContent\"><span dir=\"ltr\" role=\"presentation\"><span id=\"page36R_mcid16\" class=\"markedContent\">Jusqu\u2019<\/span>au 30 octobre<\/span><\/span><\/span><span id=\"page36R_mcid56\" class=\"markedContent\"> <\/span><span id=\"page36R_mcid57\" class=\"markedContent\"><span dir=\"ltr\" role=\"presentation\">: <\/span><\/span><\/strong><span id=\"page36R_mcid58\" class=\"markedContent\"><span dir=\"ltr\" role=\"presentation\"><strong>Festival Sens Interdits<\/strong> : Le festival du th\u00e9<\/span><\/span><span id=\"page36R_mcid59\" class=\"markedContent\"><span dir=\"ltr\" role=\"presentation\">\u00e2tre d\u2019urgence, du th\u00e9\u00e2tre documentaire, citoyen, engag\u00e9, <\/span><\/span><span id=\"page36R_mcid60\" class=\"markedContent\">p<span dir=\"ltr\" role=\"presentation\">olitique, le festival du th\u00e9\u00e2tre international est de retour<\/span><\/span><span id=\"page36R_mcid61\" class=\"markedContent\"> <\/span><span id=\"page36R_mcid62\" class=\"markedContent\"><span dir=\"ltr\" role=\"presentation\">\u00e0 Lyon et dans la m\u00e9tropole. <\/span><\/span><a href=\"https:\/\/www.sensinterdits.org\"><span id=\"page36R_mcid64\" class=\"markedContent\"><span dir=\"ltr\" role=\"presentation\"><span style=\"color: #0000ff;\">https:\/\/www.sensinterdits.org<\/span><\/span><\/span><\/a><\/li>\n<li><strong><span style=\"text-decoration: underline;\">Jusqu\u2019au 31 octobre<\/span> : Festival Peinture Fra\u00eeche<\/strong> (Halle Debourg).<\/li>\n<li><strong><span style=\"text-decoration: underline;\">Du 25 octobre au 19 novembre<\/span> : Exposition des photographies du marathon photo<\/strong>, organis\u00e9 par la MJC Jean Mac\u00e9<br \/>\n(Hall du 1er \u00e9tage de la Mairie du 7).<\/li>\n<li><span id=\"page36R_mcid14\" class=\"markedContent\"><\/span><strong><span style=\"text-decoration: underline;\"><span id=\"page36R_mcid16\" class=\"markedContent\"><span dir=\"ltr\" role=\"presentation\">Jusqu\u2019au<\/span><\/span><span id=\"page36R_mcid17\" class=\"markedContent\"> <\/span><span id=\"page36R_mcid18\" class=\"markedContent\"><span dir=\"ltr\" role=\"presentation\">30 novembre<\/span><\/span><span id=\"page36R_mcid19\" class=\"markedContent\"> <\/span><\/span><span id=\"page36R_mcid20\" class=\"markedContent\"><span dir=\"ltr\" role=\"presentation\">:<\/span><\/span><span id=\"page36R_mcid21\" class=\"markedContent\"> <\/span><span id=\"page36R_mcid22\" class=\"markedContent\"><span dir=\"ltr\" role=\"presentation\">Exposition<\/span><\/span><span id=\"page36R_mcid23\" class=\"markedContent\"> <\/span><\/strong><span id=\"page36R_mcid24\" class=\"markedContent\"><span dir=\"ltr\" role=\"presentation\"><strong>: \u00ab\u00a0La Guill\u2019<\/strong> \u00e0 travers ses cartes postales\u00a0\u00bb retra\u00e7ant l\u2019histoire de la Guilloti\u00e8re sur les grilles <\/span><\/span><span id=\"page36R_mcid25\" class=\"markedContent\"><span dir=\"ltr\" role=\"presentation\">de l\u2019\u00e9cole du Parc Blandan.<\/span><\/span><\/li>\n<\/ul>\n<hr \/>\n<ul>\n<li><strong><span style=\"text-decoration: underline;\">Lundi 25 octobre<\/span> \u00e0 17 h : Inauguration de la r\u00e9sidence \u00ab Natural Square \u00bb<\/strong> (49 boulevard Yves Farge).<\/li>\n<li><strong><span style=\"text-decoration: underline;\">Mercredi 27 octobre<\/span> de 8 h30 \u00e0 11 h : \u00ab Rencontre des Grands Sonneurs \u00bb \/ <\/strong>association la Cloche. (13 rue du P\u00e8re Chevrier).<\/li>\n<\/ul>\n<p>&#8212;&#8212;&#8212;&#8212;&#8212;&#8212;&#8212;&#8212;&#8212;&#8212;&#8212;&#8212;&#8212;&#8212;&#8212;&#8212;&#8212;&#8212;&#8212;&#8212;&#8212;&#8212;&#8212;&#8212;&#8212;&#8212;&#8212;&#8212;&#8212;&#8212;&#8212;&#8212;&#8212;&#8212;&#8212;&#8212;&#8212;&#8212;&#8212;&#8212;&#8212;&#8212;&#8212;&#8212;&#8212;&#8211;<\/p>\n<ul>\n<li><strong><span style=\"text-decoration: underline;\">Mardi 2 novembre<\/span> : \u00ab Cyclistes, brillez ! \u00bb<\/strong> : Op\u00e9rations au contact des cyclistes pour les informer et les conseiller gr\u00e2ce \u00e0 des diagnostics \u00e9clairage&rsquo; et la distribution d&rsquo;\u00e9quipements de visibilit\u00e9 (\u00e9clairage, gilets et brassards r\u00e9tro r\u00e9fl\u00e9chissants &#8230;). (Pont de la Guilloti\u00e8re).<\/li>\n<li><strong><span style=\"text-decoration: underline;\">Jeudi 4, Vendredi 5 et Samedi 6 novembre<\/span> \u00e0 20 h 30 : \u00ab La le\u00e7on \u00bb<\/strong>, d&rsquo;Eug\u00e8ne Ionesco &amp; <strong>\u00ab La demande en mariage \u00bb<\/strong>, Anton Tchekhov. Deux farces revisit\u00e9es. Mise en sc\u00e8ne de Stanislas Foriel. (Th\u00e9\u00e2tre de Gerland, 7 rue Ravier).<\/li>\n<li><strong><span style=\"text-decoration: underline;\">Vendredi 5 et samedi 6 novembre<\/span> : FACT festival<\/strong>&#8211; Festival Arts et Cr\u00e9ation Trans. (Au th\u00e9\u00e2tre l\u2019Elys\u00e9e).<\/li>\n<li><strong><span style=\"text-decoration: underline;\">Vendredi 5 novembre<\/span> \u00e0 18 h 30 : D\u00e9fil\u00e9 de mode solidaire<\/strong> organis\u00e9 au b\u00e9n\u00e9fice du Secours Populaire \/ INSEEC Lyon. (Salle des Mariages et du Conseil, Mairie du 7).<\/li>\n<li><strong><span style=\"text-decoration: underline;\">Samedi 6 novembre<\/span> \u00e0 15 h : 3\u00b0 atelier sur l\u2019Orientation d\u2019am\u00e9nagement et la programmation de l\u2019\u00eelot Mazagran<\/strong>. Inscription n\u00e9cessaire : ma7.cabinet@mairie-lyon.fr (Maison de la Guilloti\u00e8re, salle n\u00b03, 25 rue B\u00e9chevelin).<\/li>\n<li><strong><span style=\"text-decoration: underline;\">Jeudi 12 novembre<\/span> \u00e0 10 h 30 : C\u00e9r\u00e9monie du 11 novembre<\/strong>. (Cour du centre Berthelot, 14 avenue Berthelot).<\/li>\n<\/ul>\n<hr \/>\n<p><strong>&gt;&gt; Toute l\u2019ACTU de l\u2019arrondissement sur : <\/strong><span style=\"color: #0000ff;\"><em><a style=\"color: #0000ff;\" href=\"https:\/\/mairie7.lyon.fr\" target=\"_blank\" rel=\"noreferrer noopener\"><strong>https:\/\/mairie7.lyon.fr<\/strong><\/a><\/em><\/span><\/p>\n<hr \/>\n<hr \/>\n<p>&nbsp;<\/p>\n","protected":false},"excerpt":{"rendered":"<p>Nombreuses sont les programmations sur l\u2019arrondissement pour cette p\u00e9riode.<\/p>\n","protected":false},"author":4,"featured_media":89773,"comment_status":"open","ping_status":"open","sticky":false,"template":"","format":"standard","meta":{"footnotes":""},"categories":[1625],"tags":[1991,2077],"class_list":["post-141491","post","type-post","status-publish","format-standard","has-post-thumbnail","hentry","category-lyon","tag-agenda","tag-lyon"],"yoast_head":"<!-- This site is optimized with the Yoast SEO plugin v27.2 - https:\/\/yoast.com\/product\/yoast-seo-wordpress\/ -->\n<title>LYON 7 | Les \u00e9v\u00e8nements \u00e0 mi-novembre - News Est Lyonnais<\/title>\n<meta name=\"description\" content=\"LYON 7 | Les \u00e9v\u00e8nements \u00e0 mi-novembre\" \/>\n<meta name=\"robots\" content=\"index, follow, max-snippet:-1, max-image-preview:large, max-video-preview:-1\" \/>\n<link rel=\"canonical\" href=\"https:\/\/newsestlyonnais.fr\/site\/2021\/10\/25\/lyon-7-les-evenements-a-mi-novembre\/\" \/>\n<meta property=\"og:locale\" content=\"fr_FR\" \/>\n<meta property=\"og:type\" content=\"article\" \/>\n<meta property=\"og:title\" content=\"LYON 7 | Les \u00e9v\u00e8nements \u00e0 mi-novembre - News Est Lyonnais\" \/>\n<meta property=\"og:description\" content=\"LYON 7 | Les \u00e9v\u00e8nements \u00e0 mi-novembre\" \/>\n<meta property=\"og:url\" content=\"https:\/\/newsestlyonnais.fr\/site\/2021\/10\/25\/lyon-7-les-evenements-a-mi-novembre\/\" \/>\n<meta property=\"og:site_name\" content=\"News Est Lyonnais\" \/>\n<meta property=\"article:author\" content=\"https:\/\/www.facebook.com\/pascal.oberson.1?fref=ts\" \/>\n<meta property=\"article:published_time\" content=\"2021-10-25T16:35:46+00:00\" \/>\n<meta property=\"article:modified_time\" content=\"2021-11-15T07:54:14+00:00\" \/>\n<meta property=\"og:image\" content=\"https:\/\/i0.wp.com\/newsestlyonnais.fr\/site\/wp-content\/uploads\/2019\/11\/NEWSESTLYONNAIS-MAIRIE-LYON7.jpg?fit=1200%2C800&ssl=1\" \/>\n\t<meta property=\"og:image:width\" content=\"1200\" \/>\n\t<meta property=\"og:image:height\" content=\"800\" \/>\n\t<meta property=\"og:image:type\" content=\"image\/jpeg\" \/>\n<meta name=\"author\" content=\"R\u00e9dac. NEWS\" \/>\n<meta name=\"twitter:card\" content=\"summary_large_image\" \/>\n<meta name=\"twitter:label1\" content=\"\u00c9crit par\" \/>\n\t<meta name=\"twitter:data1\" content=\"R\u00e9dac. NEWS\" \/>\n\t<meta name=\"twitter:label2\" content=\"Dur\u00e9e de lecture estim\u00e9e\" \/>\n\t<meta name=\"twitter:data2\" content=\"2 minutes\" \/>\n<script type=\"application\/ld+json\" class=\"yoast-schema-graph\">{\"@context\":\"https:\/\/schema.org\",\"@graph\":[{\"@type\":\"Article\",\"@id\":\"https:\/\/newsestlyonnais.fr\/site\/2021\/10\/25\/lyon-7-les-evenements-a-mi-novembre\/#article\",\"isPartOf\":{\"@id\":\"https:\/\/newsestlyonnais.fr\/site\/2021\/10\/25\/lyon-7-les-evenements-a-mi-novembre\/\"},\"author\":{\"name\":\"R\u00e9dac. NEWS\",\"@id\":\"https:\/\/newsestlyonnais.fr\/site\/#\/schema\/person\/3230d5615f390bb808365d673001e887\"},\"headline\":\"LYON 7 | Les \u00e9v\u00e8nements \u00e0 mi-novembre\",\"datePublished\":\"2021-10-25T16:35:46+00:00\",\"dateModified\":\"2021-11-15T07:54:14+00:00\",\"mainEntityOfPage\":{\"@id\":\"https:\/\/newsestlyonnais.fr\/site\/2021\/10\/25\/lyon-7-les-evenements-a-mi-novembre\/\"},\"wordCount\":320,\"commentCount\":0,\"publisher\":{\"@id\":\"https:\/\/newsestlyonnais.fr\/site\/#organization\"},\"image\":{\"@id\":\"https:\/\/newsestlyonnais.fr\/site\/2021\/10\/25\/lyon-7-les-evenements-a-mi-novembre\/#primaryimage\"},\"thumbnailUrl\":\"https:\/\/newsestlyonnais.fr\/site\/wp-content\/uploads\/2019\/11\/NEWSESTLYONNAIS-MAIRIE-LYON7.jpg\",\"keywords\":[\"AGENDA\",\"LYON\"],\"articleSection\":[\"Lyon\"],\"inLanguage\":\"fr-FR\",\"potentialAction\":[{\"@type\":\"CommentAction\",\"name\":\"Comment\",\"target\":[\"https:\/\/newsestlyonnais.fr\/site\/2021\/10\/25\/lyon-7-les-evenements-a-mi-novembre\/#respond\"]}]},{\"@type\":\"WebPage\",\"@id\":\"https:\/\/newsestlyonnais.fr\/site\/2021\/10\/25\/lyon-7-les-evenements-a-mi-novembre\/\",\"url\":\"https:\/\/newsestlyonnais.fr\/site\/2021\/10\/25\/lyon-7-les-evenements-a-mi-novembre\/\",\"name\":\"LYON 7 | Les \u00e9v\u00e8nements \u00e0 mi-novembre - News Est Lyonnais\",\"isPartOf\":{\"@id\":\"https:\/\/newsestlyonnais.fr\/site\/#website\"},\"primaryImageOfPage\":{\"@id\":\"https:\/\/newsestlyonnais.fr\/site\/2021\/10\/25\/lyon-7-les-evenements-a-mi-novembre\/#primaryimage\"},\"image\":{\"@id\":\"https:\/\/newsestlyonnais.fr\/site\/2021\/10\/25\/lyon-7-les-evenements-a-mi-novembre\/#primaryimage\"},\"thumbnailUrl\":\"https:\/\/newsestlyonnais.fr\/site\/wp-content\/uploads\/2019\/11\/NEWSESTLYONNAIS-MAIRIE-LYON7.jpg\",\"datePublished\":\"2021-10-25T16:35:46+00:00\",\"dateModified\":\"2021-11-15T07:54:14+00:00\",\"description\":\"LYON 7 | Les \u00e9v\u00e8nements \u00e0 mi-novembre\",\"breadcrumb\":{\"@id\":\"https:\/\/newsestlyonnais.fr\/site\/2021\/10\/25\/lyon-7-les-evenements-a-mi-novembre\/#breadcrumb\"},\"inLanguage\":\"fr-FR\",\"potentialAction\":[{\"@type\":\"ReadAction\",\"target\":[\"https:\/\/newsestlyonnais.fr\/site\/2021\/10\/25\/lyon-7-les-evenements-a-mi-novembre\/\"]}]},{\"@type\":\"ImageObject\",\"inLanguage\":\"fr-FR\",\"@id\":\"https:\/\/newsestlyonnais.fr\/site\/2021\/10\/25\/lyon-7-les-evenements-a-mi-novembre\/#primaryimage\",\"url\":\"https:\/\/newsestlyonnais.fr\/site\/wp-content\/uploads\/2019\/11\/NEWSESTLYONNAIS-MAIRIE-LYON7.jpg\",\"contentUrl\":\"https:\/\/newsestlyonnais.fr\/site\/wp-content\/uploads\/2019\/11\/NEWSESTLYONNAIS-MAIRIE-LYON7.jpg\",\"width\":1200,\"height\":800},{\"@type\":\"BreadcrumbList\",\"@id\":\"https:\/\/newsestlyonnais.fr\/site\/2021\/10\/25\/lyon-7-les-evenements-a-mi-novembre\/#breadcrumb\",\"itemListElement\":[{\"@type\":\"ListItem\",\"position\":1,\"name\":\"Accueil\",\"item\":\"https:\/\/newsestlyonnais.fr\/site\/\"},{\"@type\":\"ListItem\",\"position\":2,\"name\":\"LYON 7 | Les \u00e9v\u00e8nements \u00e0 mi-novembre\"}]},{\"@type\":\"WebSite\",\"@id\":\"https:\/\/newsestlyonnais.fr\/site\/#website\",\"url\":\"https:\/\/newsestlyonnais.fr\/site\/\",\"name\":\"News Est Lyonnais\",\"description\":\"L&#039;actualit\u00e9 au plus pr\u00e8s\",\"publisher\":{\"@id\":\"https:\/\/newsestlyonnais.fr\/site\/#organization\"},\"potentialAction\":[{\"@type\":\"SearchAction\",\"target\":{\"@type\":\"EntryPoint\",\"urlTemplate\":\"https:\/\/newsestlyonnais.fr\/site\/?s={search_term_string}\"},\"query-input\":{\"@type\":\"PropertyValueSpecification\",\"valueRequired\":true,\"valueName\":\"search_term_string\"}}],\"inLanguage\":\"fr-FR\"},{\"@type\":\"Organization\",\"@id\":\"https:\/\/newsestlyonnais.fr\/site\/#organization\",\"name\":\"News EST LYONNAIS\",\"url\":\"https:\/\/newsestlyonnais.fr\/site\/\",\"logo\":{\"@type\":\"ImageObject\",\"inLanguage\":\"fr-FR\",\"@id\":\"https:\/\/newsestlyonnais.fr\/site\/#\/schema\/logo\/image\/\",\"url\":\"\",\"contentUrl\":\"\",\"caption\":\"News EST LYONNAIS\"},\"image\":{\"@id\":\"https:\/\/newsestlyonnais.fr\/site\/#\/schema\/logo\/image\/\"}},{\"@type\":\"Person\",\"@id\":\"https:\/\/newsestlyonnais.fr\/site\/#\/schema\/person\/3230d5615f390bb808365d673001e887\",\"name\":\"R\u00e9dac. NEWS\",\"sameAs\":[\"http:\/\/www.newsestlyonnais.fr\",\"https:\/\/www.facebook.com\/pascal.oberson.1?fref=ts\",\"https:\/\/fr.linkedin.com\/in\/pascal-oberson-b17045113\"],\"url\":\"https:\/\/newsestlyonnais.fr\/site\/author\/nel\/\"}]}<\/script>\n<!-- \/ Yoast SEO plugin. -->","yoast_head_json":{"title":"LYON 7 | Les \u00e9v\u00e8nements \u00e0 mi-novembre - News Est Lyonnais","description":"LYON 7 | Les \u00e9v\u00e8nements \u00e0 mi-novembre","robots":{"index":"index","follow":"follow","max-snippet":"max-snippet:-1","max-image-preview":"max-image-preview:large","max-video-preview":"max-video-preview:-1"},"canonical":"https:\/\/newsestlyonnais.fr\/site\/2021\/10\/25\/lyon-7-les-evenements-a-mi-novembre\/","og_locale":"fr_FR","og_type":"article","og_title":"LYON 7 | Les \u00e9v\u00e8nements \u00e0 mi-novembre - News Est Lyonnais","og_description":"LYON 7 | Les \u00e9v\u00e8nements \u00e0 mi-novembre","og_url":"https:\/\/newsestlyonnais.fr\/site\/2021\/10\/25\/lyon-7-les-evenements-a-mi-novembre\/","og_site_name":"News Est Lyonnais","article_author":"https:\/\/www.facebook.com\/pascal.oberson.1?fref=ts","article_published_time":"2021-10-25T16:35:46+00:00","article_modified_time":"2021-11-15T07:54:14+00:00","og_image":[{"width":1200,"height":800,"url":"https:\/\/i0.wp.com\/newsestlyonnais.fr\/site\/wp-content\/uploads\/2019\/11\/NEWSESTLYONNAIS-MAIRIE-LYON7.jpg?fit=1200%2C800&ssl=1","type":"image\/jpeg"}],"author":"R\u00e9dac. NEWS","twitter_card":"summary_large_image","twitter_misc":{"\u00c9crit par":"R\u00e9dac. NEWS","Dur\u00e9e de lecture estim\u00e9e":"2 minutes"},"schema":{"@context":"https:\/\/schema.org","@graph":[{"@type":"Article","@id":"https:\/\/newsestlyonnais.fr\/site\/2021\/10\/25\/lyon-7-les-evenements-a-mi-novembre\/#article","isPartOf":{"@id":"https:\/\/newsestlyonnais.fr\/site\/2021\/10\/25\/lyon-7-les-evenements-a-mi-novembre\/"},"author":{"name":"R\u00e9dac. NEWS","@id":"https:\/\/newsestlyonnais.fr\/site\/#\/schema\/person\/3230d5615f390bb808365d673001e887"},"headline":"LYON 7 | Les \u00e9v\u00e8nements \u00e0 mi-novembre","datePublished":"2021-10-25T16:35:46+00:00","dateModified":"2021-11-15T07:54:14+00:00","mainEntityOfPage":{"@id":"https:\/\/newsestlyonnais.fr\/site\/2021\/10\/25\/lyon-7-les-evenements-a-mi-novembre\/"},"wordCount":320,"commentCount":0,"publisher":{"@id":"https:\/\/newsestlyonnais.fr\/site\/#organization"},"image":{"@id":"https:\/\/newsestlyonnais.fr\/site\/2021\/10\/25\/lyon-7-les-evenements-a-mi-novembre\/#primaryimage"},"thumbnailUrl":"https:\/\/newsestlyonnais.fr\/site\/wp-content\/uploads\/2019\/11\/NEWSESTLYONNAIS-MAIRIE-LYON7.jpg","keywords":["AGENDA","LYON"],"articleSection":["Lyon"],"inLanguage":"fr-FR","potentialAction":[{"@type":"CommentAction","name":"Comment","target":["https:\/\/newsestlyonnais.fr\/site\/2021\/10\/25\/lyon-7-les-evenements-a-mi-novembre\/#respond"]}]},{"@type":"WebPage","@id":"https:\/\/newsestlyonnais.fr\/site\/2021\/10\/25\/lyon-7-les-evenements-a-mi-novembre\/","url":"https:\/\/newsestlyonnais.fr\/site\/2021\/10\/25\/lyon-7-les-evenements-a-mi-novembre\/","name":"LYON 7 | Les \u00e9v\u00e8nements \u00e0 mi-novembre - News Est Lyonnais","isPartOf":{"@id":"https:\/\/newsestlyonnais.fr\/site\/#website"},"primaryImageOfPage":{"@id":"https:\/\/newsestlyonnais.fr\/site\/2021\/10\/25\/lyon-7-les-evenements-a-mi-novembre\/#primaryimage"},"image":{"@id":"https:\/\/newsestlyonnais.fr\/site\/2021\/10\/25\/lyon-7-les-evenements-a-mi-novembre\/#primaryimage"},"thumbnailUrl":"https:\/\/newsestlyonnais.fr\/site\/wp-content\/uploads\/2019\/11\/NEWSESTLYONNAIS-MAIRIE-LYON7.jpg","datePublished":"2021-10-25T16:35:46+00:00","dateModified":"2021-11-15T07:54:14+00:00","description":"LYON 7 | Les \u00e9v\u00e8nements \u00e0 mi-novembre","breadcrumb":{"@id":"https:\/\/newsestlyonnais.fr\/site\/2021\/10\/25\/lyon-7-les-evenements-a-mi-novembre\/#breadcrumb"},"inLanguage":"fr-FR","potentialAction":[{"@type":"ReadAction","target":["https:\/\/newsestlyonnais.fr\/site\/2021\/10\/25\/lyon-7-les-evenements-a-mi-novembre\/"]}]},{"@type":"ImageObject","inLanguage":"fr-FR","@id":"https:\/\/newsestlyonnais.fr\/site\/2021\/10\/25\/lyon-7-les-evenements-a-mi-novembre\/#primaryimage","url":"https:\/\/newsestlyonnais.fr\/site\/wp-content\/uploads\/2019\/11\/NEWSESTLYONNAIS-MAIRIE-LYON7.jpg","contentUrl":"https:\/\/newsestlyonnais.fr\/site\/wp-content\/uploads\/2019\/11\/NEWSESTLYONNAIS-MAIRIE-LYON7.jpg","width":1200,"height":800},{"@type":"BreadcrumbList","@id":"https:\/\/newsestlyonnais.fr\/site\/2021\/10\/25\/lyon-7-les-evenements-a-mi-novembre\/#breadcrumb","itemListElement":[{"@type":"ListItem","position":1,"name":"Accueil","item":"https:\/\/newsestlyonnais.fr\/site\/"},{"@type":"ListItem","position":2,"name":"LYON 7 | Les \u00e9v\u00e8nements \u00e0 mi-novembre"}]},{"@type":"WebSite","@id":"https:\/\/newsestlyonnais.fr\/site\/#website","url":"https:\/\/newsestlyonnais.fr\/site\/","name":"News Est Lyonnais","description":"L&#039;actualit\u00e9 au plus pr\u00e8s","publisher":{"@id":"https:\/\/newsestlyonnais.fr\/site\/#organization"},"potentialAction":[{"@type":"SearchAction","target":{"@type":"EntryPoint","urlTemplate":"https:\/\/newsestlyonnais.fr\/site\/?s={search_term_string}"},"query-input":{"@type":"PropertyValueSpecification","valueRequired":true,"valueName":"search_term_string"}}],"inLanguage":"fr-FR"},{"@type":"Organization","@id":"https:\/\/newsestlyonnais.fr\/site\/#organization","name":"News EST LYONNAIS","url":"https:\/\/newsestlyonnais.fr\/site\/","logo":{"@type":"ImageObject","inLanguage":"fr-FR","@id":"https:\/\/newsestlyonnais.fr\/site\/#\/schema\/logo\/image\/","url":"","contentUrl":"","caption":"News EST LYONNAIS"},"image":{"@id":"https:\/\/newsestlyonnais.fr\/site\/#\/schema\/logo\/image\/"}},{"@type":"Person","@id":"https:\/\/newsestlyonnais.fr\/site\/#\/schema\/person\/3230d5615f390bb808365d673001e887","name":"R\u00e9dac. NEWS","sameAs":["http:\/\/www.newsestlyonnais.fr","https:\/\/www.facebook.com\/pascal.oberson.1?fref=ts","https:\/\/fr.linkedin.com\/in\/pascal-oberson-b17045113"],"url":"https:\/\/newsestlyonnais.fr\/site\/author\/nel\/"}]}},"_links":{"self":[{"href":"https:\/\/newsestlyonnais.fr\/site\/wp-json\/wp\/v2\/posts\/141491","targetHints":{"allow":["GET"]}}],"collection":[{"href":"https:\/\/newsestlyonnais.fr\/site\/wp-json\/wp\/v2\/posts"}],"about":[{"href":"https:\/\/newsestlyonnais.fr\/site\/wp-json\/wp\/v2\/types\/post"}],"author":[{"embeddable":true,"href":"https:\/\/newsestlyonnais.fr\/site\/wp-json\/wp\/v2\/users\/4"}],"replies":[{"embeddable":true,"href":"https:\/\/newsestlyonnais.fr\/site\/wp-json\/wp\/v2\/comments?post=141491"}],"version-history":[{"count":0,"href":"https:\/\/newsestlyonnais.fr\/site\/wp-json\/wp\/v2\/posts\/141491\/revisions"}],"wp:featuredmedia":[{"embeddable":true,"href":"https:\/\/newsestlyonnais.fr\/site\/wp-json\/wp\/v2\/media\/89773"}],"wp:attachment":[{"href":"https:\/\/newsestlyonnais.fr\/site\/wp-json\/wp\/v2\/media?parent=141491"}],"wp:term":[{"taxonomy":"category","embeddable":true,"href":"https:\/\/newsestlyonnais.fr\/site\/wp-json\/wp\/v2\/categories?post=141491"},{"taxonomy":"post_tag","embeddable":true,"href":"https:\/\/newsestlyonnais.fr\/site\/wp-json\/wp\/v2\/tags?post=141491"}],"curies":[{"name":"wp","href":"https:\/\/api.w.org\/{rel}","templated":true}]}}