{"id":142005,"date":"2021-10-31T15:54:20","date_gmt":"2021-10-31T14:54:20","guid":{"rendered":"https:\/\/newsestlyonnais.fr\/site\/?p=142005"},"modified":"2021-12-07T06:22:56","modified_gmt":"2021-12-07T05:22:56","slug":"genas-2-prochains-evenements-avec-le-comite-des-fetes","status":"publish","type":"post","link":"https:\/\/newsestlyonnais.fr\/site\/2021\/10\/31\/genas-2-prochains-evenements-avec-le-comite-des-fetes\/","title":{"rendered":"GENAS | 2 prochains \u00e9v\u00e8nements avec le Comit\u00e9 des F\u00eates"},"content":{"rendered":"<div class=\"entry-body\">\n<p>Le Comit\u00e9 des F\u00eates de Genas pr\u00e9sid\u00e9 par Fernand Rouget, qui est entour\u00e9 par une dynamique \u00e9quipe de b\u00e9n\u00e9voles, est en pleine pr\u00e9paration de manifestations qui connaissent chaque ann\u00e9e un beau succ\u00e8s populaire sur la commune.<\/p>\n<p><strong>Des rendez-vous conviviaux de fin d\u2019ann\u00e9e<\/strong> toujours tr\u00e8s attendus par la population genassienne et des environs, d\u2019autant plus qu\u2019ils n\u2019ont pu avoir lieu en 2020, pour cause de crise sanitaire !<\/p>\n<hr \/>\n<p><span style=\"font-size: 18pt; background-color: #000000; color: #ffffff;\">Beaujolais nouveau :<\/span><\/p>\n<ul>\n<li><strong>Repas<\/strong> (cochonnailles \u2013 diots + pommes de terre, fromage et g\u00e2teau) <strong>sur place midi et soir (13 \u20ac).<\/strong><\/li>\n<li><strong>En vente \u00e9galement<\/strong> : diots (3 \u20ac les 2), bouteilles de beaujolais (7 \u20ac) &amp; vin au verre (1 \u20ac).<\/li>\n<\/ul>\n<p><strong>Venez nombreux f\u00eater et d\u00e9guster le Beaujolais nouveau !<\/strong> &gt; <strong>L\u2019abus d\u2019alcool est dangereux pour la sant\u00e9, \u00e0 consommer avec mod\u00e9ration.<\/strong><\/p>\n<p><span style=\"font-size: 14pt; background-color: #000000; color: #ffff00;\">&gt;&gt;Jeudi 18 novembre 2021 \/ 8 h \u00e0 23 h \/ Sous la halle du march\u00e9, place Ronshausen&lt;&lt;<\/span><\/p>\n<hr \/>\n<p><span style=\"font-size: 18pt; background-color: #000000; color: #ffffff;\">R\u00e9veillon de la Saint Sylvestre :<\/span><\/p>\n<p><span style=\"font-size: 14pt;\"><em><strong>Venez terminer 2021 et d\u00e9marrer 2022 de mani\u00e8re festive !<\/strong><\/em><\/span><\/p>\n<ul>\n<li><strong>Repas<\/strong> adultes (85 \u20ac) &amp; enfants (25 \u20ac).<\/li>\n<li><strong>Animation<\/strong> par SNC Production.<\/li>\n<\/ul>\n<p><span style=\"font-size: 14pt;\"><em><strong><span style=\"text-decoration: underline;\">Contacts<\/span> : <\/strong><\/em><\/span><\/p>\n<p><em><strong>Port.<\/strong><\/em> 07.72.38.96.17<\/p>\n<p><em><strong>Mail<\/strong><\/em> cdf.genas@gmail.com<\/p>\n<hr \/>\n<p><strong><span style=\"font-size: 14pt;\"><em><span style=\"text-decoration: underline;\">Places disponibles d\u00e8s \u00e0 pr\u00e9sent<\/span><\/em> <\/span><em><span style=\"font-size: 14pt;\">:<\/span><br \/>\n<\/em><\/strong><\/p>\n<ul>\n<li><strong>tous les dimanches matins<\/strong> (9 h 30 \u00e0 12 h) au local du comit\u00e9 (au rond point de la place du march\u00e9, 13 rue Jacques Brel).<\/li>\n<li><strong>\u00e0 la billetterie (en ligne)<\/strong> : <span style=\"color: #0000ff;\"><a style=\"color: #0000ff;\" href=\"https:\/\/www.helloasso.com\/associations\/comite-des-fetes-genas\/evenements\/reveillon-de-la-saint-sylvestre-2021\">https:\/\/www.helloasso.com\/associations\/comite-des-fetes-genas\/evenements\/reveillon-de-la-saint-sylvestre-2021\u00a0<\/a><\/span><\/li>\n<\/ul>\n<p><span style=\"background-color: #000000; color: #ffff00; font-size: 14pt;\">&gt;\u00a0 Vendredi 31 d\u00e9cembre 2021 \u00e0 la salle Jacques Anquetil &lt;&lt;<\/span><\/p>\n<\/div>\n<p><img loading=\"lazy\" decoding=\"async\" class=\"aligncenter wp-image-142307 size-large\" src=\"https:\/\/newsestlyonnais.fr\/site\/wp-content\/uploads\/2021\/10\/NEWSESTLYONNAIS-MENU-CDF-GENAS-1-650x920.jpg\" alt=\"\" width=\"530\" height=\"750\" srcset=\"https:\/\/newsestlyonnais.fr\/site\/wp-content\/uploads\/2021\/10\/NEWSESTLYONNAIS-MENU-CDF-GENAS-1-650x920.jpg 650w, https:\/\/newsestlyonnais.fr\/site\/wp-content\/uploads\/2021\/10\/NEWSESTLYONNAIS-MENU-CDF-GENAS-1-400x566.jpg 400w, https:\/\/newsestlyonnais.fr\/site\/wp-content\/uploads\/2021\/10\/NEWSESTLYONNAIS-MENU-CDF-GENAS-1-250x354.jpg 250w, https:\/\/newsestlyonnais.fr\/site\/wp-content\/uploads\/2021\/10\/NEWSESTLYONNAIS-MENU-CDF-GENAS-1-768x1087.jpg 768w, https:\/\/newsestlyonnais.fr\/site\/wp-content\/uploads\/2021\/10\/NEWSESTLYONNAIS-MENU-CDF-GENAS-1-150x212.jpg 150w, https:\/\/newsestlyonnais.fr\/site\/wp-content\/uploads\/2021\/10\/NEWSESTLYONNAIS-MENU-CDF-GENAS-1-50x71.jpg 50w, https:\/\/newsestlyonnais.fr\/site\/wp-content\/uploads\/2021\/10\/NEWSESTLYONNAIS-MENU-CDF-GENAS-1-100x142.jpg 100w, https:\/\/newsestlyonnais.fr\/site\/wp-content\/uploads\/2021\/10\/NEWSESTLYONNAIS-MENU-CDF-GENAS-1-200x283.jpg 200w, https:\/\/newsestlyonnais.fr\/site\/wp-content\/uploads\/2021\/10\/NEWSESTLYONNAIS-MENU-CDF-GENAS-1-300x425.jpg 300w, https:\/\/newsestlyonnais.fr\/site\/wp-content\/uploads\/2021\/10\/NEWSESTLYONNAIS-MENU-CDF-GENAS-1-350x495.jpg 350w, https:\/\/newsestlyonnais.fr\/site\/wp-content\/uploads\/2021\/10\/NEWSESTLYONNAIS-MENU-CDF-GENAS-1-450x637.jpg 450w, https:\/\/newsestlyonnais.fr\/site\/wp-content\/uploads\/2021\/10\/NEWSESTLYONNAIS-MENU-CDF-GENAS-1-500x708.jpg 500w, https:\/\/newsestlyonnais.fr\/site\/wp-content\/uploads\/2021\/10\/NEWSESTLYONNAIS-MENU-CDF-GENAS-1-550x778.jpg 550w, https:\/\/newsestlyonnais.fr\/site\/wp-content\/uploads\/2021\/10\/NEWSESTLYONNAIS-MENU-CDF-GENAS-1-800x1132.jpg 800w, https:\/\/newsestlyonnais.fr\/site\/wp-content\/uploads\/2021\/10\/NEWSESTLYONNAIS-MENU-CDF-GENAS-1.jpg 848w\" sizes=\"auto, (max-width: 530px) 100vw, 530px\" \/><\/p>\n<hr \/>\n<p><span style=\"background-color: #000000; color: #3366ff; font-size: 14pt;\">Retrouvez l\u2019ACTU du Comit\u00e9 des F\u00eates de Genas sur : <a style=\"background-color: #000000; color: #3366ff;\" href=\"http:\/\/www.cdf-genas.fr\">http:\/\/www.cdf-genas.fr<\/a><\/span><\/p>\n","protected":false},"excerpt":{"rendered":"<p>Les dates des 18 novembre (Beaujolais nouveau) et 31 d\u00e9cembre (R\u00e9veillon St Sylvestre) sont \u00e0 cocher imp\u00e9rativement dans votre agenda local.  <\/p>\n","protected":false},"author":4,"featured_media":142026,"comment_status":"open","ping_status":"open","sticky":false,"template":"","format":"standard","meta":{"footnotes":""},"categories":[270,3437,1598],"tags":[2070,2551,2005,2481],"class_list":["post-142005","post","type-post","status-publish","format-standard","has-post-thumbnail","hentry","category-cte-de-communes-c-c-e-l","category-comite-fetes-sou-des-ecoles-classes","category-genas","tag-beaujolais-nouveau","tag-comite-des-fetes","tag-genas","tag-reveillon"],"yoast_head":"<!-- This site is optimized with the Yoast SEO plugin v27.2 - https:\/\/yoast.com\/product\/yoast-seo-wordpress\/ -->\n<title>GENAS | 2 prochains \u00e9v\u00e8nements avec le Comit\u00e9 des F\u00eates - News Est Lyonnais<\/title>\n<meta name=\"description\" content=\"GENAS | 2 prochains \u00e9v\u00e8nements avec le Comit\u00e9 des F\u00eates\" \/>\n<meta name=\"robots\" content=\"index, follow, max-snippet:-1, max-image-preview:large, max-video-preview:-1\" \/>\n<link rel=\"canonical\" href=\"https:\/\/newsestlyonnais.fr\/site\/2021\/10\/31\/genas-2-prochains-evenements-avec-le-comite-des-fetes\/\" \/>\n<meta property=\"og:locale\" content=\"fr_FR\" \/>\n<meta property=\"og:type\" content=\"article\" \/>\n<meta property=\"og:title\" content=\"GENAS | 2 prochains \u00e9v\u00e8nements avec le Comit\u00e9 des F\u00eates - News Est Lyonnais\" \/>\n<meta property=\"og:description\" content=\"GENAS | 2 prochains \u00e9v\u00e8nements avec le Comit\u00e9 des F\u00eates\" \/>\n<meta property=\"og:url\" content=\"https:\/\/newsestlyonnais.fr\/site\/2021\/10\/31\/genas-2-prochains-evenements-avec-le-comite-des-fetes\/\" \/>\n<meta property=\"og:site_name\" content=\"News Est Lyonnais\" \/>\n<meta property=\"article:author\" content=\"https:\/\/www.facebook.com\/pascal.oberson.1?fref=ts\" \/>\n<meta property=\"article:published_time\" content=\"2021-10-31T14:54:20+00:00\" \/>\n<meta property=\"article:modified_time\" content=\"2021-12-07T05:22:56+00:00\" \/>\n<meta property=\"og:image\" content=\"https:\/\/newsestlyonnais.fr\/site\/wp-content\/uploads\/2021\/10\/beaujolais-1.jpg\" \/>\n\t<meta property=\"og:image:width\" content=\"750\" \/>\n\t<meta property=\"og:image:height\" content=\"562\" \/>\n\t<meta property=\"og:image:type\" content=\"image\/jpeg\" \/>\n<meta name=\"author\" content=\"R\u00e9dac. NEWS\" \/>\n<meta name=\"twitter:card\" content=\"summary_large_image\" \/>\n<meta name=\"twitter:label1\" content=\"\u00c9crit par\" \/>\n\t<meta name=\"twitter:data1\" content=\"R\u00e9dac. NEWS\" \/>\n\t<meta name=\"twitter:label2\" content=\"Dur\u00e9e de lecture estim\u00e9e\" \/>\n\t<meta name=\"twitter:data2\" content=\"2 minutes\" \/>\n<script type=\"application\/ld+json\" class=\"yoast-schema-graph\">{\"@context\":\"https:\/\/schema.org\",\"@graph\":[{\"@type\":\"Article\",\"@id\":\"https:\/\/newsestlyonnais.fr\/site\/2021\/10\/31\/genas-2-prochains-evenements-avec-le-comite-des-fetes\/#article\",\"isPartOf\":{\"@id\":\"https:\/\/newsestlyonnais.fr\/site\/2021\/10\/31\/genas-2-prochains-evenements-avec-le-comite-des-fetes\/\"},\"author\":{\"name\":\"R\u00e9dac. NEWS\",\"@id\":\"https:\/\/newsestlyonnais.fr\/site\/#\/schema\/person\/3230d5615f390bb808365d673001e887\"},\"headline\":\"GENAS | 2 prochains \u00e9v\u00e8nements avec le Comit\u00e9 des F\u00eates\",\"datePublished\":\"2021-10-31T14:54:20+00:00\",\"dateModified\":\"2021-12-07T05:22:56+00:00\",\"mainEntityOfPage\":{\"@id\":\"https:\/\/newsestlyonnais.fr\/site\/2021\/10\/31\/genas-2-prochains-evenements-avec-le-comite-des-fetes\/\"},\"wordCount\":250,\"commentCount\":0,\"publisher\":{\"@id\":\"https:\/\/newsestlyonnais.fr\/site\/#organization\"},\"image\":{\"@id\":\"https:\/\/newsestlyonnais.fr\/site\/2021\/10\/31\/genas-2-prochains-evenements-avec-le-comite-des-fetes\/#primaryimage\"},\"thumbnailUrl\":\"https:\/\/newsestlyonnais.fr\/site\/wp-content\/uploads\/2021\/10\/beaujolais-1.jpg\",\"keywords\":[\"BEAUJOLAIS NOUVEAU\",\"COMITE DES FETES\",\"GENAS\",\"REVEILLON\"],\"articleSection\":[\"CCEL | Communes\",\"Comit\u00e9 F\u00eates | Sou des Ecoles | Classes\",\"Genas\"],\"inLanguage\":\"fr-FR\",\"potentialAction\":[{\"@type\":\"CommentAction\",\"name\":\"Comment\",\"target\":[\"https:\/\/newsestlyonnais.fr\/site\/2021\/10\/31\/genas-2-prochains-evenements-avec-le-comite-des-fetes\/#respond\"]}]},{\"@type\":\"WebPage\",\"@id\":\"https:\/\/newsestlyonnais.fr\/site\/2021\/10\/31\/genas-2-prochains-evenements-avec-le-comite-des-fetes\/\",\"url\":\"https:\/\/newsestlyonnais.fr\/site\/2021\/10\/31\/genas-2-prochains-evenements-avec-le-comite-des-fetes\/\",\"name\":\"GENAS | 2 prochains \u00e9v\u00e8nements avec le Comit\u00e9 des F\u00eates - News Est Lyonnais\",\"isPartOf\":{\"@id\":\"https:\/\/newsestlyonnais.fr\/site\/#website\"},\"primaryImageOfPage\":{\"@id\":\"https:\/\/newsestlyonnais.fr\/site\/2021\/10\/31\/genas-2-prochains-evenements-avec-le-comite-des-fetes\/#primaryimage\"},\"image\":{\"@id\":\"https:\/\/newsestlyonnais.fr\/site\/2021\/10\/31\/genas-2-prochains-evenements-avec-le-comite-des-fetes\/#primaryimage\"},\"thumbnailUrl\":\"https:\/\/newsestlyonnais.fr\/site\/wp-content\/uploads\/2021\/10\/beaujolais-1.jpg\",\"datePublished\":\"2021-10-31T14:54:20+00:00\",\"dateModified\":\"2021-12-07T05:22:56+00:00\",\"description\":\"GENAS | 2 prochains \u00e9v\u00e8nements avec le Comit\u00e9 des F\u00eates\",\"breadcrumb\":{\"@id\":\"https:\/\/newsestlyonnais.fr\/site\/2021\/10\/31\/genas-2-prochains-evenements-avec-le-comite-des-fetes\/#breadcrumb\"},\"inLanguage\":\"fr-FR\",\"potentialAction\":[{\"@type\":\"ReadAction\",\"target\":[\"https:\/\/newsestlyonnais.fr\/site\/2021\/10\/31\/genas-2-prochains-evenements-avec-le-comite-des-fetes\/\"]}]},{\"@type\":\"ImageObject\",\"inLanguage\":\"fr-FR\",\"@id\":\"https:\/\/newsestlyonnais.fr\/site\/2021\/10\/31\/genas-2-prochains-evenements-avec-le-comite-des-fetes\/#primaryimage\",\"url\":\"https:\/\/newsestlyonnais.fr\/site\/wp-content\/uploads\/2021\/10\/beaujolais-1.jpg\",\"contentUrl\":\"https:\/\/newsestlyonnais.fr\/site\/wp-content\/uploads\/2021\/10\/beaujolais-1.jpg\",\"width\":750,\"height\":562},{\"@type\":\"BreadcrumbList\",\"@id\":\"https:\/\/newsestlyonnais.fr\/site\/2021\/10\/31\/genas-2-prochains-evenements-avec-le-comite-des-fetes\/#breadcrumb\",\"itemListElement\":[{\"@type\":\"ListItem\",\"position\":1,\"name\":\"Accueil\",\"item\":\"https:\/\/newsestlyonnais.fr\/site\/\"},{\"@type\":\"ListItem\",\"position\":2,\"name\":\"GENAS | 2 prochains \u00e9v\u00e8nements avec le Comit\u00e9 des F\u00eates\"}]},{\"@type\":\"WebSite\",\"@id\":\"https:\/\/newsestlyonnais.fr\/site\/#website\",\"url\":\"https:\/\/newsestlyonnais.fr\/site\/\",\"name\":\"News Est Lyonnais\",\"description\":\"L&#039;actualit\u00e9 au plus pr\u00e8s\",\"publisher\":{\"@id\":\"https:\/\/newsestlyonnais.fr\/site\/#organization\"},\"potentialAction\":[{\"@type\":\"SearchAction\",\"target\":{\"@type\":\"EntryPoint\",\"urlTemplate\":\"https:\/\/newsestlyonnais.fr\/site\/?s={search_term_string}\"},\"query-input\":{\"@type\":\"PropertyValueSpecification\",\"valueRequired\":true,\"valueName\":\"search_term_string\"}}],\"inLanguage\":\"fr-FR\"},{\"@type\":\"Organization\",\"@id\":\"https:\/\/newsestlyonnais.fr\/site\/#organization\",\"name\":\"News EST LYONNAIS\",\"url\":\"https:\/\/newsestlyonnais.fr\/site\/\",\"logo\":{\"@type\":\"ImageObject\",\"inLanguage\":\"fr-FR\",\"@id\":\"https:\/\/newsestlyonnais.fr\/site\/#\/schema\/logo\/image\/\",\"url\":\"\",\"contentUrl\":\"\",\"caption\":\"News EST LYONNAIS\"},\"image\":{\"@id\":\"https:\/\/newsestlyonnais.fr\/site\/#\/schema\/logo\/image\/\"}},{\"@type\":\"Person\",\"@id\":\"https:\/\/newsestlyonnais.fr\/site\/#\/schema\/person\/3230d5615f390bb808365d673001e887\",\"name\":\"R\u00e9dac. NEWS\",\"sameAs\":[\"http:\/\/www.newsestlyonnais.fr\",\"https:\/\/www.facebook.com\/pascal.oberson.1?fref=ts\",\"https:\/\/fr.linkedin.com\/in\/pascal-oberson-b17045113\"],\"url\":\"https:\/\/newsestlyonnais.fr\/site\/author\/nel\/\"}]}<\/script>\n<!-- \/ Yoast SEO plugin. -->","yoast_head_json":{"title":"GENAS | 2 prochains \u00e9v\u00e8nements avec le Comit\u00e9 des F\u00eates - News Est Lyonnais","description":"GENAS | 2 prochains \u00e9v\u00e8nements avec le Comit\u00e9 des F\u00eates","robots":{"index":"index","follow":"follow","max-snippet":"max-snippet:-1","max-image-preview":"max-image-preview:large","max-video-preview":"max-video-preview:-1"},"canonical":"https:\/\/newsestlyonnais.fr\/site\/2021\/10\/31\/genas-2-prochains-evenements-avec-le-comite-des-fetes\/","og_locale":"fr_FR","og_type":"article","og_title":"GENAS | 2 prochains \u00e9v\u00e8nements avec le Comit\u00e9 des F\u00eates - News Est Lyonnais","og_description":"GENAS | 2 prochains \u00e9v\u00e8nements avec le Comit\u00e9 des F\u00eates","og_url":"https:\/\/newsestlyonnais.fr\/site\/2021\/10\/31\/genas-2-prochains-evenements-avec-le-comite-des-fetes\/","og_site_name":"News Est Lyonnais","article_author":"https:\/\/www.facebook.com\/pascal.oberson.1?fref=ts","article_published_time":"2021-10-31T14:54:20+00:00","article_modified_time":"2021-12-07T05:22:56+00:00","og_image":[{"width":750,"height":562,"url":"https:\/\/newsestlyonnais.fr\/site\/wp-content\/uploads\/2021\/10\/beaujolais-1.jpg","type":"image\/jpeg"}],"author":"R\u00e9dac. NEWS","twitter_card":"summary_large_image","twitter_misc":{"\u00c9crit par":"R\u00e9dac. NEWS","Dur\u00e9e de lecture estim\u00e9e":"2 minutes"},"schema":{"@context":"https:\/\/schema.org","@graph":[{"@type":"Article","@id":"https:\/\/newsestlyonnais.fr\/site\/2021\/10\/31\/genas-2-prochains-evenements-avec-le-comite-des-fetes\/#article","isPartOf":{"@id":"https:\/\/newsestlyonnais.fr\/site\/2021\/10\/31\/genas-2-prochains-evenements-avec-le-comite-des-fetes\/"},"author":{"name":"R\u00e9dac. NEWS","@id":"https:\/\/newsestlyonnais.fr\/site\/#\/schema\/person\/3230d5615f390bb808365d673001e887"},"headline":"GENAS | 2 prochains \u00e9v\u00e8nements avec le Comit\u00e9 des F\u00eates","datePublished":"2021-10-31T14:54:20+00:00","dateModified":"2021-12-07T05:22:56+00:00","mainEntityOfPage":{"@id":"https:\/\/newsestlyonnais.fr\/site\/2021\/10\/31\/genas-2-prochains-evenements-avec-le-comite-des-fetes\/"},"wordCount":250,"commentCount":0,"publisher":{"@id":"https:\/\/newsestlyonnais.fr\/site\/#organization"},"image":{"@id":"https:\/\/newsestlyonnais.fr\/site\/2021\/10\/31\/genas-2-prochains-evenements-avec-le-comite-des-fetes\/#primaryimage"},"thumbnailUrl":"https:\/\/newsestlyonnais.fr\/site\/wp-content\/uploads\/2021\/10\/beaujolais-1.jpg","keywords":["BEAUJOLAIS NOUVEAU","COMITE DES FETES","GENAS","REVEILLON"],"articleSection":["CCEL | Communes","Comit\u00e9 F\u00eates | Sou des Ecoles | Classes","Genas"],"inLanguage":"fr-FR","potentialAction":[{"@type":"CommentAction","name":"Comment","target":["https:\/\/newsestlyonnais.fr\/site\/2021\/10\/31\/genas-2-prochains-evenements-avec-le-comite-des-fetes\/#respond"]}]},{"@type":"WebPage","@id":"https:\/\/newsestlyonnais.fr\/site\/2021\/10\/31\/genas-2-prochains-evenements-avec-le-comite-des-fetes\/","url":"https:\/\/newsestlyonnais.fr\/site\/2021\/10\/31\/genas-2-prochains-evenements-avec-le-comite-des-fetes\/","name":"GENAS | 2 prochains \u00e9v\u00e8nements avec le Comit\u00e9 des F\u00eates - News Est Lyonnais","isPartOf":{"@id":"https:\/\/newsestlyonnais.fr\/site\/#website"},"primaryImageOfPage":{"@id":"https:\/\/newsestlyonnais.fr\/site\/2021\/10\/31\/genas-2-prochains-evenements-avec-le-comite-des-fetes\/#primaryimage"},"image":{"@id":"https:\/\/newsestlyonnais.fr\/site\/2021\/10\/31\/genas-2-prochains-evenements-avec-le-comite-des-fetes\/#primaryimage"},"thumbnailUrl":"https:\/\/newsestlyonnais.fr\/site\/wp-content\/uploads\/2021\/10\/beaujolais-1.jpg","datePublished":"2021-10-31T14:54:20+00:00","dateModified":"2021-12-07T05:22:56+00:00","description":"GENAS | 2 prochains \u00e9v\u00e8nements avec le Comit\u00e9 des F\u00eates","breadcrumb":{"@id":"https:\/\/newsestlyonnais.fr\/site\/2021\/10\/31\/genas-2-prochains-evenements-avec-le-comite-des-fetes\/#breadcrumb"},"inLanguage":"fr-FR","potentialAction":[{"@type":"ReadAction","target":["https:\/\/newsestlyonnais.fr\/site\/2021\/10\/31\/genas-2-prochains-evenements-avec-le-comite-des-fetes\/"]}]},{"@type":"ImageObject","inLanguage":"fr-FR","@id":"https:\/\/newsestlyonnais.fr\/site\/2021\/10\/31\/genas-2-prochains-evenements-avec-le-comite-des-fetes\/#primaryimage","url":"https:\/\/newsestlyonnais.fr\/site\/wp-content\/uploads\/2021\/10\/beaujolais-1.jpg","contentUrl":"https:\/\/newsestlyonnais.fr\/site\/wp-content\/uploads\/2021\/10\/beaujolais-1.jpg","width":750,"height":562},{"@type":"BreadcrumbList","@id":"https:\/\/newsestlyonnais.fr\/site\/2021\/10\/31\/genas-2-prochains-evenements-avec-le-comite-des-fetes\/#breadcrumb","itemListElement":[{"@type":"ListItem","position":1,"name":"Accueil","item":"https:\/\/newsestlyonnais.fr\/site\/"},{"@type":"ListItem","position":2,"name":"GENAS | 2 prochains \u00e9v\u00e8nements avec le Comit\u00e9 des F\u00eates"}]},{"@type":"WebSite","@id":"https:\/\/newsestlyonnais.fr\/site\/#website","url":"https:\/\/newsestlyonnais.fr\/site\/","name":"News Est Lyonnais","description":"L&#039;actualit\u00e9 au plus pr\u00e8s","publisher":{"@id":"https:\/\/newsestlyonnais.fr\/site\/#organization"},"potentialAction":[{"@type":"SearchAction","target":{"@type":"EntryPoint","urlTemplate":"https:\/\/newsestlyonnais.fr\/site\/?s={search_term_string}"},"query-input":{"@type":"PropertyValueSpecification","valueRequired":true,"valueName":"search_term_string"}}],"inLanguage":"fr-FR"},{"@type":"Organization","@id":"https:\/\/newsestlyonnais.fr\/site\/#organization","name":"News EST LYONNAIS","url":"https:\/\/newsestlyonnais.fr\/site\/","logo":{"@type":"ImageObject","inLanguage":"fr-FR","@id":"https:\/\/newsestlyonnais.fr\/site\/#\/schema\/logo\/image\/","url":"","contentUrl":"","caption":"News EST LYONNAIS"},"image":{"@id":"https:\/\/newsestlyonnais.fr\/site\/#\/schema\/logo\/image\/"}},{"@type":"Person","@id":"https:\/\/newsestlyonnais.fr\/site\/#\/schema\/person\/3230d5615f390bb808365d673001e887","name":"R\u00e9dac. NEWS","sameAs":["http:\/\/www.newsestlyonnais.fr","https:\/\/www.facebook.com\/pascal.oberson.1?fref=ts","https:\/\/fr.linkedin.com\/in\/pascal-oberson-b17045113"],"url":"https:\/\/newsestlyonnais.fr\/site\/author\/nel\/"}]}},"_links":{"self":[{"href":"https:\/\/newsestlyonnais.fr\/site\/wp-json\/wp\/v2\/posts\/142005","targetHints":{"allow":["GET"]}}],"collection":[{"href":"https:\/\/newsestlyonnais.fr\/site\/wp-json\/wp\/v2\/posts"}],"about":[{"href":"https:\/\/newsestlyonnais.fr\/site\/wp-json\/wp\/v2\/types\/post"}],"author":[{"embeddable":true,"href":"https:\/\/newsestlyonnais.fr\/site\/wp-json\/wp\/v2\/users\/4"}],"replies":[{"embeddable":true,"href":"https:\/\/newsestlyonnais.fr\/site\/wp-json\/wp\/v2\/comments?post=142005"}],"version-history":[{"count":0,"href":"https:\/\/newsestlyonnais.fr\/site\/wp-json\/wp\/v2\/posts\/142005\/revisions"}],"wp:featuredmedia":[{"embeddable":true,"href":"https:\/\/newsestlyonnais.fr\/site\/wp-json\/wp\/v2\/media\/142026"}],"wp:attachment":[{"href":"https:\/\/newsestlyonnais.fr\/site\/wp-json\/wp\/v2\/media?parent=142005"}],"wp:term":[{"taxonomy":"category","embeddable":true,"href":"https:\/\/newsestlyonnais.fr\/site\/wp-json\/wp\/v2\/categories?post=142005"},{"taxonomy":"post_tag","embeddable":true,"href":"https:\/\/newsestlyonnais.fr\/site\/wp-json\/wp\/v2\/tags?post=142005"}],"curies":[{"name":"wp","href":"https:\/\/api.w.org\/{rel}","templated":true}]}}