{"id":142097,"date":"2021-11-01T11:05:42","date_gmt":"2021-11-01T10:05:42","guid":{"rendered":"https:\/\/newsestlyonnais.fr\/site\/?p=142097"},"modified":"2021-11-01T11:05:42","modified_gmt":"2021-11-01T10:05:42","slug":"meyzieu-fabcaro-a-lhonneur-expo-et-theatre","status":"publish","type":"post","link":"https:\/\/newsestlyonnais.fr\/site\/2021\/11\/01\/meyzieu-fabcaro-a-lhonneur-expo-et-theatre\/","title":{"rendered":"MEYZIEU | Fabcaro \u00e0 l&rsquo;honneur > expo et th\u00e9\u00e2tre"},"content":{"rendered":"<p><span style=\"background-color: #000000; color: #ffffff;\">EXPOSITION FABCARO OU LA ZA\u00cf,ZA\u00cf,ZA\u00cf,ZA\u00cf ATTITUDE<\/span><\/p>\n<p>L\u2019\u0153uvre de FABCARO est vaste et multiple : auteur, dessinateur, sc\u00e9nariste, \u00e9crivain, p\u00e8re de famille sont quelques-unes des cordes \u00e0 son arc. Pour cette exposition, c\u2019est la corde sensible de l\u2019humour et de l\u2019autobiographie, tr\u00e8s t\u00f4t exploit\u00e9e par FABCARO, qui sera pr\u00e9sent\u00e9e.<\/p>\n<p>Ce parcours est parsem\u00e9 de rencontres avec d\u2019autres auteurs et autrices de la famille des \u00e9ditions 6 Pieds Sous Terre. Gilles Rochier (invit\u00e9 de la m\u00e9diath\u00e8que en f\u00e9vrier 2021), \u00c9milie Plateau et Tanx y figurent pour leur proximit\u00e9 avec le travail de FABCARO.<\/p>\n<p>Exposition narrative sign\u00e9e Fabrice Erre (chercheur universitaire et dessinateur).<\/p>\n<p><span style=\"background-color: #000000; font-size: 14pt;\"><span style=\"color: #ffff00;\">&gt;&gt; DU 2 AU 20 NOVEMBRE \/ M\u00c9DIATH\u00c8QUE MUNICIPALE<\/span><\/span><\/p>\n<hr \/>\n<p><span style=\"background-color: #000000; color: #ffffff;\">SAISON CULTURELLE : LE DISCOURS<\/span><\/p>\n<p>Apr\u00e8s le succ\u00e8s de Za\u00ef,za\u00ef,za\u00ef,za\u00ef, <strong>la deuxi\u00e8me \u0153uvre de Fabrice CARO adapt\u00e9e au th\u00e9\u00e2tre<\/strong> ! Par les Productions de l\u2019explorateur. Lors d\u2019un d\u00eener en famille, Adrien, qui vient de se faire quitter, apprend qu\u2019il doit prendre la parole au mariage de sa s\u0153ur. Entre le gratin dauphinois et les tentatives mentales de discours toutes plus absurdes les unes que les autres, il n\u2019esp\u00e8re qu\u2019une chose : que sa bien-aim\u00e9e Sonia r\u00e9ponde \u00e0 son texto, envoy\u00e9 \u00e0 17 h 24 et lu \u00e0 17 h 56 \u00ab Comment tu vas ? \u00bb.<\/p>\n<p>D\u2019apr\u00e8s le roman Le Discours de Fabrice Caro, auteur de BD sous le pseudo de Fabcaro, et de 3 romans publi\u00e9s chez Gallimard. Le Discours a \u00e9t\u00e9 aussi adapt\u00e9 au cin\u00e9ma par Laurent Tirard.<br \/>\nAdaptation et jeu : Benjamin Guillard \/ Adaptation et mise en sc\u00e8ne : Emmanuel Noblet.<\/p>\n<p>&gt; <strong>Dur\u00e9e<\/strong> : 1 h 15. <strong>Tarifs<\/strong> : 18 \u20ac \/ 15 \u20ac \/ 11 \u20ac.<\/p>\n<p>&gt; <strong>Infos et achats de places sans frais sur :<\/strong> <span style=\"color: #0000ff;\"><a style=\"color: #0000ff;\" href=\"http:\/\/www.meyzieu.fr\">www.meyzieu.fr<\/a><\/span><\/p>\n<p><span style=\"background-color: #000000; color: #ffff00; font-size: 14pt;\">SAMEDI 13 NOVEMBRE \/ 20 H 30 \/ ESPACE JEAN POPEREN<\/span><\/p>\n<hr \/>\n<p>&nbsp;<\/p>\n","protected":false},"excerpt":{"rendered":"<p>Deux \u00e9v\u00e8nements culturels \u00e0 signaler en novembre dans l&rsquo;agenda local. <\/p>\n","protected":false},"author":4,"featured_media":101256,"comment_status":"open","ping_status":"open","sticky":false,"template":"","format":"standard","meta":{"footnotes":""},"categories":[2217,221,3329,24],"tags":[2081,2306],"class_list":["post-142097","post","type-post","status-publish","format-standard","has-post-thumbnail","hentry","category-breves-de-lest-lyonnais","category-cine-radio-theatre","category-expos-foires-musees-salons","category-meyzieu","tag-meyzieu","tag-theatre"],"yoast_head":"<!-- This site is optimized with the Yoast SEO plugin v27.2 - https:\/\/yoast.com\/product\/yoast-seo-wordpress\/ -->\n<title>MEYZIEU | Fabcaro \u00e0 l&#039;honneur &gt; expo et th\u00e9\u00e2tre - News Est Lyonnais<\/title>\n<meta name=\"description\" content=\"MEYZIEU | Fabcaro \u00e0 l&#039;honneur &gt; expo et th\u00e9\u00e2tre\" \/>\n<meta name=\"robots\" content=\"index, follow, max-snippet:-1, max-image-preview:large, max-video-preview:-1\" \/>\n<link rel=\"canonical\" href=\"https:\/\/newsestlyonnais.fr\/site\/2021\/11\/01\/meyzieu-fabcaro-a-lhonneur-expo-et-theatre\/\" \/>\n<meta property=\"og:locale\" content=\"fr_FR\" \/>\n<meta property=\"og:type\" content=\"article\" \/>\n<meta property=\"og:title\" content=\"MEYZIEU | Fabcaro \u00e0 l&#039;honneur &gt; expo et th\u00e9\u00e2tre - News Est Lyonnais\" \/>\n<meta property=\"og:description\" content=\"MEYZIEU | Fabcaro \u00e0 l&#039;honneur &gt; expo et th\u00e9\u00e2tre\" \/>\n<meta property=\"og:url\" content=\"https:\/\/newsestlyonnais.fr\/site\/2021\/11\/01\/meyzieu-fabcaro-a-lhonneur-expo-et-theatre\/\" \/>\n<meta property=\"og:site_name\" content=\"News Est Lyonnais\" \/>\n<meta property=\"article:author\" content=\"https:\/\/www.facebook.com\/pascal.oberson.1?fref=ts\" \/>\n<meta property=\"article:published_time\" content=\"2021-11-01T10:05:42+00:00\" \/>\n<meta property=\"og:image\" content=\"https:\/\/i0.wp.com\/newsestlyonnais.fr\/site\/wp-content\/uploads\/2020\/05\/NEWSESTLYONNAIS-VUE-MEYZIEU.jpg?fit=1280%2C960&ssl=1\" \/>\n\t<meta property=\"og:image:width\" content=\"1280\" \/>\n\t<meta property=\"og:image:height\" content=\"960\" \/>\n\t<meta property=\"og:image:type\" content=\"image\/jpeg\" \/>\n<meta name=\"author\" content=\"R\u00e9dac. NEWS\" \/>\n<meta name=\"twitter:card\" content=\"summary_large_image\" \/>\n<meta name=\"twitter:label1\" content=\"\u00c9crit par\" \/>\n\t<meta name=\"twitter:data1\" content=\"R\u00e9dac. NEWS\" \/>\n\t<meta name=\"twitter:label2\" content=\"Dur\u00e9e de lecture estim\u00e9e\" \/>\n\t<meta name=\"twitter:data2\" content=\"2 minutes\" \/>\n<script type=\"application\/ld+json\" class=\"yoast-schema-graph\">{\"@context\":\"https:\/\/schema.org\",\"@graph\":[{\"@type\":\"Article\",\"@id\":\"https:\/\/newsestlyonnais.fr\/site\/2021\/11\/01\/meyzieu-fabcaro-a-lhonneur-expo-et-theatre\/#article\",\"isPartOf\":{\"@id\":\"https:\/\/newsestlyonnais.fr\/site\/2021\/11\/01\/meyzieu-fabcaro-a-lhonneur-expo-et-theatre\/\"},\"author\":{\"name\":\"R\u00e9dac. NEWS\",\"@id\":\"https:\/\/newsestlyonnais.fr\/site\/#\/schema\/person\/3230d5615f390bb808365d673001e887\"},\"headline\":\"MEYZIEU | Fabcaro \u00e0 l&rsquo;honneur > expo et th\u00e9\u00e2tre\",\"datePublished\":\"2021-11-01T10:05:42+00:00\",\"mainEntityOfPage\":{\"@id\":\"https:\/\/newsestlyonnais.fr\/site\/2021\/11\/01\/meyzieu-fabcaro-a-lhonneur-expo-et-theatre\/\"},\"wordCount\":307,\"commentCount\":0,\"publisher\":{\"@id\":\"https:\/\/newsestlyonnais.fr\/site\/#organization\"},\"image\":{\"@id\":\"https:\/\/newsestlyonnais.fr\/site\/2021\/11\/01\/meyzieu-fabcaro-a-lhonneur-expo-et-theatre\/#primaryimage\"},\"thumbnailUrl\":\"https:\/\/newsestlyonnais.fr\/site\/wp-content\/uploads\/2020\/05\/NEWSESTLYONNAIS-VUE-MEYZIEU.jpg\",\"keywords\":[\"MEYZIEU\",\"THEATRE\"],\"articleSection\":[\"Br\u00e8ves de l'Est lyonnais\",\"Cin\u00e9 | Radio | Th\u00e9\u00e2tre\",\"Expos | Foires | Mus\u00e9es | Salons\",\"Meyzieu\"],\"inLanguage\":\"fr-FR\",\"potentialAction\":[{\"@type\":\"CommentAction\",\"name\":\"Comment\",\"target\":[\"https:\/\/newsestlyonnais.fr\/site\/2021\/11\/01\/meyzieu-fabcaro-a-lhonneur-expo-et-theatre\/#respond\"]}]},{\"@type\":\"WebPage\",\"@id\":\"https:\/\/newsestlyonnais.fr\/site\/2021\/11\/01\/meyzieu-fabcaro-a-lhonneur-expo-et-theatre\/\",\"url\":\"https:\/\/newsestlyonnais.fr\/site\/2021\/11\/01\/meyzieu-fabcaro-a-lhonneur-expo-et-theatre\/\",\"name\":\"MEYZIEU | Fabcaro \u00e0 l'honneur > expo et th\u00e9\u00e2tre - News Est Lyonnais\",\"isPartOf\":{\"@id\":\"https:\/\/newsestlyonnais.fr\/site\/#website\"},\"primaryImageOfPage\":{\"@id\":\"https:\/\/newsestlyonnais.fr\/site\/2021\/11\/01\/meyzieu-fabcaro-a-lhonneur-expo-et-theatre\/#primaryimage\"},\"image\":{\"@id\":\"https:\/\/newsestlyonnais.fr\/site\/2021\/11\/01\/meyzieu-fabcaro-a-lhonneur-expo-et-theatre\/#primaryimage\"},\"thumbnailUrl\":\"https:\/\/newsestlyonnais.fr\/site\/wp-content\/uploads\/2020\/05\/NEWSESTLYONNAIS-VUE-MEYZIEU.jpg\",\"datePublished\":\"2021-11-01T10:05:42+00:00\",\"description\":\"MEYZIEU | Fabcaro \u00e0 l'honneur > expo et th\u00e9\u00e2tre\",\"breadcrumb\":{\"@id\":\"https:\/\/newsestlyonnais.fr\/site\/2021\/11\/01\/meyzieu-fabcaro-a-lhonneur-expo-et-theatre\/#breadcrumb\"},\"inLanguage\":\"fr-FR\",\"potentialAction\":[{\"@type\":\"ReadAction\",\"target\":[\"https:\/\/newsestlyonnais.fr\/site\/2021\/11\/01\/meyzieu-fabcaro-a-lhonneur-expo-et-theatre\/\"]}]},{\"@type\":\"ImageObject\",\"inLanguage\":\"fr-FR\",\"@id\":\"https:\/\/newsestlyonnais.fr\/site\/2021\/11\/01\/meyzieu-fabcaro-a-lhonneur-expo-et-theatre\/#primaryimage\",\"url\":\"https:\/\/newsestlyonnais.fr\/site\/wp-content\/uploads\/2020\/05\/NEWSESTLYONNAIS-VUE-MEYZIEU.jpg\",\"contentUrl\":\"https:\/\/newsestlyonnais.fr\/site\/wp-content\/uploads\/2020\/05\/NEWSESTLYONNAIS-VUE-MEYZIEU.jpg\",\"width\":1280,\"height\":960},{\"@type\":\"BreadcrumbList\",\"@id\":\"https:\/\/newsestlyonnais.fr\/site\/2021\/11\/01\/meyzieu-fabcaro-a-lhonneur-expo-et-theatre\/#breadcrumb\",\"itemListElement\":[{\"@type\":\"ListItem\",\"position\":1,\"name\":\"Accueil\",\"item\":\"https:\/\/newsestlyonnais.fr\/site\/\"},{\"@type\":\"ListItem\",\"position\":2,\"name\":\"MEYZIEU | Fabcaro \u00e0 l&rsquo;honneur > expo et th\u00e9\u00e2tre\"}]},{\"@type\":\"WebSite\",\"@id\":\"https:\/\/newsestlyonnais.fr\/site\/#website\",\"url\":\"https:\/\/newsestlyonnais.fr\/site\/\",\"name\":\"News Est Lyonnais\",\"description\":\"L&#039;actualit\u00e9 au plus pr\u00e8s\",\"publisher\":{\"@id\":\"https:\/\/newsestlyonnais.fr\/site\/#organization\"},\"potentialAction\":[{\"@type\":\"SearchAction\",\"target\":{\"@type\":\"EntryPoint\",\"urlTemplate\":\"https:\/\/newsestlyonnais.fr\/site\/?s={search_term_string}\"},\"query-input\":{\"@type\":\"PropertyValueSpecification\",\"valueRequired\":true,\"valueName\":\"search_term_string\"}}],\"inLanguage\":\"fr-FR\"},{\"@type\":\"Organization\",\"@id\":\"https:\/\/newsestlyonnais.fr\/site\/#organization\",\"name\":\"News EST LYONNAIS\",\"url\":\"https:\/\/newsestlyonnais.fr\/site\/\",\"logo\":{\"@type\":\"ImageObject\",\"inLanguage\":\"fr-FR\",\"@id\":\"https:\/\/newsestlyonnais.fr\/site\/#\/schema\/logo\/image\/\",\"url\":\"\",\"contentUrl\":\"\",\"caption\":\"News EST LYONNAIS\"},\"image\":{\"@id\":\"https:\/\/newsestlyonnais.fr\/site\/#\/schema\/logo\/image\/\"}},{\"@type\":\"Person\",\"@id\":\"https:\/\/newsestlyonnais.fr\/site\/#\/schema\/person\/3230d5615f390bb808365d673001e887\",\"name\":\"R\u00e9dac. NEWS\",\"sameAs\":[\"http:\/\/www.newsestlyonnais.fr\",\"https:\/\/www.facebook.com\/pascal.oberson.1?fref=ts\",\"https:\/\/fr.linkedin.com\/in\/pascal-oberson-b17045113\"],\"url\":\"https:\/\/newsestlyonnais.fr\/site\/author\/nel\/\"}]}<\/script>\n<!-- \/ Yoast SEO plugin. -->","yoast_head_json":{"title":"MEYZIEU | Fabcaro \u00e0 l'honneur > expo et th\u00e9\u00e2tre - News Est Lyonnais","description":"MEYZIEU | Fabcaro \u00e0 l'honneur > expo et th\u00e9\u00e2tre","robots":{"index":"index","follow":"follow","max-snippet":"max-snippet:-1","max-image-preview":"max-image-preview:large","max-video-preview":"max-video-preview:-1"},"canonical":"https:\/\/newsestlyonnais.fr\/site\/2021\/11\/01\/meyzieu-fabcaro-a-lhonneur-expo-et-theatre\/","og_locale":"fr_FR","og_type":"article","og_title":"MEYZIEU | Fabcaro \u00e0 l'honneur > expo et th\u00e9\u00e2tre - News Est Lyonnais","og_description":"MEYZIEU | Fabcaro \u00e0 l'honneur > expo et th\u00e9\u00e2tre","og_url":"https:\/\/newsestlyonnais.fr\/site\/2021\/11\/01\/meyzieu-fabcaro-a-lhonneur-expo-et-theatre\/","og_site_name":"News Est Lyonnais","article_author":"https:\/\/www.facebook.com\/pascal.oberson.1?fref=ts","article_published_time":"2021-11-01T10:05:42+00:00","og_image":[{"width":1280,"height":960,"url":"https:\/\/i0.wp.com\/newsestlyonnais.fr\/site\/wp-content\/uploads\/2020\/05\/NEWSESTLYONNAIS-VUE-MEYZIEU.jpg?fit=1280%2C960&ssl=1","type":"image\/jpeg"}],"author":"R\u00e9dac. NEWS","twitter_card":"summary_large_image","twitter_misc":{"\u00c9crit par":"R\u00e9dac. NEWS","Dur\u00e9e de lecture estim\u00e9e":"2 minutes"},"schema":{"@context":"https:\/\/schema.org","@graph":[{"@type":"Article","@id":"https:\/\/newsestlyonnais.fr\/site\/2021\/11\/01\/meyzieu-fabcaro-a-lhonneur-expo-et-theatre\/#article","isPartOf":{"@id":"https:\/\/newsestlyonnais.fr\/site\/2021\/11\/01\/meyzieu-fabcaro-a-lhonneur-expo-et-theatre\/"},"author":{"name":"R\u00e9dac. NEWS","@id":"https:\/\/newsestlyonnais.fr\/site\/#\/schema\/person\/3230d5615f390bb808365d673001e887"},"headline":"MEYZIEU | Fabcaro \u00e0 l&rsquo;honneur > expo et th\u00e9\u00e2tre","datePublished":"2021-11-01T10:05:42+00:00","mainEntityOfPage":{"@id":"https:\/\/newsestlyonnais.fr\/site\/2021\/11\/01\/meyzieu-fabcaro-a-lhonneur-expo-et-theatre\/"},"wordCount":307,"commentCount":0,"publisher":{"@id":"https:\/\/newsestlyonnais.fr\/site\/#organization"},"image":{"@id":"https:\/\/newsestlyonnais.fr\/site\/2021\/11\/01\/meyzieu-fabcaro-a-lhonneur-expo-et-theatre\/#primaryimage"},"thumbnailUrl":"https:\/\/newsestlyonnais.fr\/site\/wp-content\/uploads\/2020\/05\/NEWSESTLYONNAIS-VUE-MEYZIEU.jpg","keywords":["MEYZIEU","THEATRE"],"articleSection":["Br\u00e8ves de l'Est lyonnais","Cin\u00e9 | Radio | Th\u00e9\u00e2tre","Expos | Foires | Mus\u00e9es | Salons","Meyzieu"],"inLanguage":"fr-FR","potentialAction":[{"@type":"CommentAction","name":"Comment","target":["https:\/\/newsestlyonnais.fr\/site\/2021\/11\/01\/meyzieu-fabcaro-a-lhonneur-expo-et-theatre\/#respond"]}]},{"@type":"WebPage","@id":"https:\/\/newsestlyonnais.fr\/site\/2021\/11\/01\/meyzieu-fabcaro-a-lhonneur-expo-et-theatre\/","url":"https:\/\/newsestlyonnais.fr\/site\/2021\/11\/01\/meyzieu-fabcaro-a-lhonneur-expo-et-theatre\/","name":"MEYZIEU | Fabcaro \u00e0 l'honneur > expo et th\u00e9\u00e2tre - News Est Lyonnais","isPartOf":{"@id":"https:\/\/newsestlyonnais.fr\/site\/#website"},"primaryImageOfPage":{"@id":"https:\/\/newsestlyonnais.fr\/site\/2021\/11\/01\/meyzieu-fabcaro-a-lhonneur-expo-et-theatre\/#primaryimage"},"image":{"@id":"https:\/\/newsestlyonnais.fr\/site\/2021\/11\/01\/meyzieu-fabcaro-a-lhonneur-expo-et-theatre\/#primaryimage"},"thumbnailUrl":"https:\/\/newsestlyonnais.fr\/site\/wp-content\/uploads\/2020\/05\/NEWSESTLYONNAIS-VUE-MEYZIEU.jpg","datePublished":"2021-11-01T10:05:42+00:00","description":"MEYZIEU | Fabcaro \u00e0 l'honneur > expo et th\u00e9\u00e2tre","breadcrumb":{"@id":"https:\/\/newsestlyonnais.fr\/site\/2021\/11\/01\/meyzieu-fabcaro-a-lhonneur-expo-et-theatre\/#breadcrumb"},"inLanguage":"fr-FR","potentialAction":[{"@type":"ReadAction","target":["https:\/\/newsestlyonnais.fr\/site\/2021\/11\/01\/meyzieu-fabcaro-a-lhonneur-expo-et-theatre\/"]}]},{"@type":"ImageObject","inLanguage":"fr-FR","@id":"https:\/\/newsestlyonnais.fr\/site\/2021\/11\/01\/meyzieu-fabcaro-a-lhonneur-expo-et-theatre\/#primaryimage","url":"https:\/\/newsestlyonnais.fr\/site\/wp-content\/uploads\/2020\/05\/NEWSESTLYONNAIS-VUE-MEYZIEU.jpg","contentUrl":"https:\/\/newsestlyonnais.fr\/site\/wp-content\/uploads\/2020\/05\/NEWSESTLYONNAIS-VUE-MEYZIEU.jpg","width":1280,"height":960},{"@type":"BreadcrumbList","@id":"https:\/\/newsestlyonnais.fr\/site\/2021\/11\/01\/meyzieu-fabcaro-a-lhonneur-expo-et-theatre\/#breadcrumb","itemListElement":[{"@type":"ListItem","position":1,"name":"Accueil","item":"https:\/\/newsestlyonnais.fr\/site\/"},{"@type":"ListItem","position":2,"name":"MEYZIEU | Fabcaro \u00e0 l&rsquo;honneur > expo et th\u00e9\u00e2tre"}]},{"@type":"WebSite","@id":"https:\/\/newsestlyonnais.fr\/site\/#website","url":"https:\/\/newsestlyonnais.fr\/site\/","name":"News Est Lyonnais","description":"L&#039;actualit\u00e9 au plus pr\u00e8s","publisher":{"@id":"https:\/\/newsestlyonnais.fr\/site\/#organization"},"potentialAction":[{"@type":"SearchAction","target":{"@type":"EntryPoint","urlTemplate":"https:\/\/newsestlyonnais.fr\/site\/?s={search_term_string}"},"query-input":{"@type":"PropertyValueSpecification","valueRequired":true,"valueName":"search_term_string"}}],"inLanguage":"fr-FR"},{"@type":"Organization","@id":"https:\/\/newsestlyonnais.fr\/site\/#organization","name":"News EST LYONNAIS","url":"https:\/\/newsestlyonnais.fr\/site\/","logo":{"@type":"ImageObject","inLanguage":"fr-FR","@id":"https:\/\/newsestlyonnais.fr\/site\/#\/schema\/logo\/image\/","url":"","contentUrl":"","caption":"News EST LYONNAIS"},"image":{"@id":"https:\/\/newsestlyonnais.fr\/site\/#\/schema\/logo\/image\/"}},{"@type":"Person","@id":"https:\/\/newsestlyonnais.fr\/site\/#\/schema\/person\/3230d5615f390bb808365d673001e887","name":"R\u00e9dac. NEWS","sameAs":["http:\/\/www.newsestlyonnais.fr","https:\/\/www.facebook.com\/pascal.oberson.1?fref=ts","https:\/\/fr.linkedin.com\/in\/pascal-oberson-b17045113"],"url":"https:\/\/newsestlyonnais.fr\/site\/author\/nel\/"}]}},"_links":{"self":[{"href":"https:\/\/newsestlyonnais.fr\/site\/wp-json\/wp\/v2\/posts\/142097","targetHints":{"allow":["GET"]}}],"collection":[{"href":"https:\/\/newsestlyonnais.fr\/site\/wp-json\/wp\/v2\/posts"}],"about":[{"href":"https:\/\/newsestlyonnais.fr\/site\/wp-json\/wp\/v2\/types\/post"}],"author":[{"embeddable":true,"href":"https:\/\/newsestlyonnais.fr\/site\/wp-json\/wp\/v2\/users\/4"}],"replies":[{"embeddable":true,"href":"https:\/\/newsestlyonnais.fr\/site\/wp-json\/wp\/v2\/comments?post=142097"}],"version-history":[{"count":0,"href":"https:\/\/newsestlyonnais.fr\/site\/wp-json\/wp\/v2\/posts\/142097\/revisions"}],"wp:featuredmedia":[{"embeddable":true,"href":"https:\/\/newsestlyonnais.fr\/site\/wp-json\/wp\/v2\/media\/101256"}],"wp:attachment":[{"href":"https:\/\/newsestlyonnais.fr\/site\/wp-json\/wp\/v2\/media?parent=142097"}],"wp:term":[{"taxonomy":"category","embeddable":true,"href":"https:\/\/newsestlyonnais.fr\/site\/wp-json\/wp\/v2\/categories?post=142097"},{"taxonomy":"post_tag","embeddable":true,"href":"https:\/\/newsestlyonnais.fr\/site\/wp-json\/wp\/v2\/tags?post=142097"}],"curies":[{"name":"wp","href":"https:\/\/api.w.org\/{rel}","templated":true}]}}