{"id":142466,"date":"2021-11-06T11:49:06","date_gmt":"2021-11-06T10:49:06","guid":{"rendered":"https:\/\/newsestlyonnais.fr\/site\/?p=142466"},"modified":"2021-11-07T07:08:44","modified_gmt":"2021-11-07T06:08:44","slug":"bourgoin-jallieu-le-csbj-handisport-de-retour-de-la-mediterraneenne-cup-2021-de-rugby-fauteuil","status":"publish","type":"post","link":"https:\/\/newsestlyonnais.fr\/site\/2021\/11\/06\/bourgoin-jallieu-le-csbj-handisport-de-retour-de-la-mediterraneenne-cup-2021-de-rugby-fauteuil\/","title":{"rendered":"BOURGOIN-JALLIEU | Le CSBJ handisport de retour de la \u00ab\u00a0M\u00e9diterran\u00e9enne Cup 2021\u00a0\u00bb de rugby fauteuil"},"content":{"rendered":"<p>Ils participaient \u00e0 la comp\u00e9tition organis\u00e9e par le <a href=\"https:\/\/www.rfctpm.com\"><span style=\"color: #0000ff;\">Rugby Fauteuil Club Toulon Provence M\u00e9diterrann\u00e9e<\/span><\/a> (RFCTPM) qui se d\u00e9roulait au Gymnase du Vert Coteau avec les \u00e9quipes de Toulon, Grenoble et Clermont-Ferrand.<\/p>\n<hr \/>\n<p><em><strong>Fr\u00e9d\u00e9ric Dubowyj, joueur de l\u2019\u00e9quipe du CSBJ, revient sur ce week-end qui les a vu remporter le challenge :<\/strong><\/em><\/p>\n<p>\u00bb Cela a \u00e9t\u00e9 tr\u00e8s difficile, c\u2019\u00e9tait tr\u00e8s physique et il y avait beaucoup de jeunes dans les \u00e9quipes adverses. Nous \u00e9tions l\u2019\u00e9quipe des \u00ab vieux + 45 ans \u00bb mais <strong>nous avons remport\u00e9 cette coupe avec aucun match de perdu<\/strong> !<\/p>\n<p>Un match se d\u00e9roule \u00e0 4 contre 4 avec diff\u00e9rents handicaps, chaque handicap donne des points, plus tu es handicap\u00e9 et moins tu as de points, le maximum \u00e9tant de 8 points.<\/p>\n<p>Dans nous \u00e9quipe nous avions Christophe Corompt (capitaine de l\u2019\u00e9quipe du CSBJ et international) qui revenait de Tokyo avec l\u2019\u00e9quipe de France de rugby fauteuil. Donc nous avions \u00e9norm\u00e9ment d\u2019exp\u00e9rience dans la construction du jeu c\u2019est sans doute gr\u00e2ce \u00e0 cela que nous avons remport\u00e9 tous les matchs, il y avait aussi Eric Berger, S\u00e9bastien Jany et moi-m\u00eame.<\/p>\n<p><strong>Nous sommes partis \u00e0 4 donc sans rempla\u00e7ant<\/strong> (c\u2019est pour cela que c\u2019\u00e9tait tr\u00e8s physique) contrairement aux autres \u00e9quipes qui en avaient, ils cherchaient \u00e0 travers leurs remplacements de joueur \u00e0 trouver la faille mais nous \u00e9tions certes les plus \u00e2g\u00e9s du tournoi mais beaucoup plus motiv\u00e9s et d\u00e9termin\u00e9s qu\u2019eux sans doute !<\/p>\n<p><strong>On a gagn\u00e9 :<\/strong><\/p>\n<ul>\n<li>le samedi : Clermont-Ferrand 54 \u00e0 37, puis Grenoble 54 \u00e0 45<\/li>\n<li>le dimanche : Toulon 48 \u00e0 39<\/li>\n<\/ul>\n<p>Cela \u00e0 \u00e9t\u00e9 tr\u00e8s physique avec des \u00e9quipes techniquement au top.<\/p>\n<p>&gt; <strong>Rendez-vous le week-end des 20 et 21 novembre \u00e0 Grenoble pour le championnat N2\/N3 \u00ab\u00a0.<\/strong><\/p>\n<hr \/>\n<div id='gallery-1' class='gallery galleryid-142466 gallery-columns-2 gallery-size-thumbnail'><figure class='gallery-item'>\n\t\t\t<div class='gallery-icon landscape'>\n\t\t\t\t<a href='https:\/\/newsestlyonnais.fr\/site\/2021\/11\/06\/bourgoin-jallieu-le-csbj-handisport-de-retour-de-la-mediterraneenne-cup-2021-de-rugby-fauteuil\/img-20211030-wa0002\/'><img loading=\"lazy\" decoding=\"async\" width=\"150\" height=\"69\" src=\"https:\/\/newsestlyonnais.fr\/site\/wp-content\/uploads\/2021\/11\/IMG-20211030-WA0002-250x115.jpg\" class=\"attachment-thumbnail size-thumbnail\" alt=\"\" srcset=\"https:\/\/newsestlyonnais.fr\/site\/wp-content\/uploads\/2021\/11\/IMG-20211030-WA0002-250x115.jpg 250w, https:\/\/newsestlyonnais.fr\/site\/wp-content\/uploads\/2021\/11\/IMG-20211030-WA0002-400x185.jpg 400w, https:\/\/newsestlyonnais.fr\/site\/wp-content\/uploads\/2021\/11\/IMG-20211030-WA0002-650x300.jpg 650w, https:\/\/newsestlyonnais.fr\/site\/wp-content\/uploads\/2021\/11\/IMG-20211030-WA0002-768x355.jpg 768w, https:\/\/newsestlyonnais.fr\/site\/wp-content\/uploads\/2021\/11\/IMG-20211030-WA0002-150x69.jpg 150w, https:\/\/newsestlyonnais.fr\/site\/wp-content\/uploads\/2021\/11\/IMG-20211030-WA0002-50x23.jpg 50w, https:\/\/newsestlyonnais.fr\/site\/wp-content\/uploads\/2021\/11\/IMG-20211030-WA0002-100x46.jpg 100w, https:\/\/newsestlyonnais.fr\/site\/wp-content\/uploads\/2021\/11\/IMG-20211030-WA0002-200x92.jpg 200w, https:\/\/newsestlyonnais.fr\/site\/wp-content\/uploads\/2021\/11\/IMG-20211030-WA0002-300x139.jpg 300w, https:\/\/newsestlyonnais.fr\/site\/wp-content\/uploads\/2021\/11\/IMG-20211030-WA0002-350x162.jpg 350w, https:\/\/newsestlyonnais.fr\/site\/wp-content\/uploads\/2021\/11\/IMG-20211030-WA0002-450x208.jpg 450w, https:\/\/newsestlyonnais.fr\/site\/wp-content\/uploads\/2021\/11\/IMG-20211030-WA0002-500x231.jpg 500w, https:\/\/newsestlyonnais.fr\/site\/wp-content\/uploads\/2021\/11\/IMG-20211030-WA0002-550x254.jpg 550w, https:\/\/newsestlyonnais.fr\/site\/wp-content\/uploads\/2021\/11\/IMG-20211030-WA0002-800x369.jpg 800w, https:\/\/newsestlyonnais.fr\/site\/wp-content\/uploads\/2021\/11\/IMG-20211030-WA0002.jpg 1200w\" sizes=\"auto, (max-width: 150px) 100vw, 150px\" \/><\/a>\n\t\t\t<\/div><\/figure><figure class='gallery-item'>\n\t\t\t<div class='gallery-icon portrait'>\n\t\t\t\t<a href='https:\/\/newsestlyonnais.fr\/site\/2021\/11\/06\/bourgoin-jallieu-le-csbj-handisport-de-retour-de-la-mediterraneenne-cup-2021-de-rugby-fauteuil\/fczghhjxeakkeqf\/'><img loading=\"lazy\" decoding=\"async\" width=\"106\" height=\"150\" src=\"https:\/\/newsestlyonnais.fr\/site\/wp-content\/uploads\/2021\/11\/FCzGhhjXEAkKeqF-250x353.jpg\" class=\"attachment-thumbnail size-thumbnail\" alt=\"\" aria-describedby=\"gallery-1-142472\" srcset=\"https:\/\/newsestlyonnais.fr\/site\/wp-content\/uploads\/2021\/11\/FCzGhhjXEAkKeqF-250x353.jpg 250w, https:\/\/newsestlyonnais.fr\/site\/wp-content\/uploads\/2021\/11\/FCzGhhjXEAkKeqF-400x564.jpg 400w, https:\/\/newsestlyonnais.fr\/site\/wp-content\/uploads\/2021\/11\/FCzGhhjXEAkKeqF-150x212.jpg 150w, https:\/\/newsestlyonnais.fr\/site\/wp-content\/uploads\/2021\/11\/FCzGhhjXEAkKeqF-50x71.jpg 50w, https:\/\/newsestlyonnais.fr\/site\/wp-content\/uploads\/2021\/11\/FCzGhhjXEAkKeqF-100x141.jpg 100w, https:\/\/newsestlyonnais.fr\/site\/wp-content\/uploads\/2021\/11\/FCzGhhjXEAkKeqF-200x282.jpg 200w, https:\/\/newsestlyonnais.fr\/site\/wp-content\/uploads\/2021\/11\/FCzGhhjXEAkKeqF-300x423.jpg 300w, https:\/\/newsestlyonnais.fr\/site\/wp-content\/uploads\/2021\/11\/FCzGhhjXEAkKeqF-350x494.jpg 350w, https:\/\/newsestlyonnais.fr\/site\/wp-content\/uploads\/2021\/11\/FCzGhhjXEAkKeqF-450x635.jpg 450w, https:\/\/newsestlyonnais.fr\/site\/wp-content\/uploads\/2021\/11\/FCzGhhjXEAkKeqF-500x706.jpg 500w, https:\/\/newsestlyonnais.fr\/site\/wp-content\/uploads\/2021\/11\/FCzGhhjXEAkKeqF-550x776.jpg 550w, https:\/\/newsestlyonnais.fr\/site\/wp-content\/uploads\/2021\/11\/FCzGhhjXEAkKeqF.jpg 596w\" sizes=\"auto, (max-width: 106px) 100vw, 106px\" \/><\/a>\n\t\t\t<\/div>\n\t\t\t\t<figcaption class='wp-caption-text gallery-caption' id='gallery-1-142472'>\n\t\t\t\t L&rsquo;affiche du challenge\n\t\t\t\t<\/figcaption><\/figure>\n\t\t<\/div>\n\n<ul>\n<li><strong>Toute l&rsquo;ACTU du CSBJ Handisport :<\/strong> <span style=\"color: #0000ff; font-size: 10pt;\"><a style=\"color: #0000ff;\" href=\"https:\/\/www.facebook.com\/Club-Sportif-de-Bourgoin-Jallieu-Handisport-229547060394561\">https:\/\/www.facebook.com\/Club-Sportif-de-Bourgoin-Jallieu-Handisport-229547060394561<\/a><\/span><\/li>\n<\/ul>\n<hr \/>\n<hr \/>\n<p>&nbsp;<\/p>\n","protected":false},"excerpt":{"rendered":"<p>Les membres du club is\u00e9rois se sont d\u00e9plac\u00e9s le week-end des 30 &#038; 31 octobre \u00e0 Toulon o\u00f9 \u00e9tait organis\u00e9e la 5\u00b0 \u00e9dition de ce challenge.<\/p>\n","protected":false},"author":4,"featured_media":142485,"comment_status":"open","ping_status":"open","sticky":false,"template":"","format":"standard","meta":{"footnotes":""},"categories":[3015,164,168,2999,2],"tags":[3857,3983,3981,3982],"class_list":["post-142466","post","type-post","status-publish","format-standard","has-post-thumbnail","hentry","category-handi-adapte","category-isere","category-rugby-a-xiii","category-rugby-a-xv-sports","category-sports","tag-bourgoin-jallieu","tag-csbj-handisport","tag-mediterraneenne-cup","tag-rugby-fauteuil"],"yoast_head":"<!-- This site is optimized with the Yoast SEO plugin v27.2 - https:\/\/yoast.com\/product\/yoast-seo-wordpress\/ -->\n<title>BOURGOIN-JALLIEU | Le CSBJ handisport de retour de la &quot;M\u00e9diterran\u00e9enne Cup 2021&quot; de rugby fauteuil - News Est Lyonnais<\/title>\n<meta name=\"description\" content=\"BOURGOIN-JALLIEU | Le CSBJ handisport de retour de la &quot;M\u00e9diterran\u00e9enne Cup 2021&quot; de rugby fauteuil\" \/>\n<meta name=\"robots\" content=\"index, follow, max-snippet:-1, max-image-preview:large, max-video-preview:-1\" \/>\n<link rel=\"canonical\" href=\"https:\/\/newsestlyonnais.fr\/site\/2021\/11\/06\/bourgoin-jallieu-le-csbj-handisport-de-retour-de-la-mediterraneenne-cup-2021-de-rugby-fauteuil\/\" \/>\n<meta property=\"og:locale\" content=\"fr_FR\" \/>\n<meta property=\"og:type\" content=\"article\" \/>\n<meta property=\"og:title\" content=\"BOURGOIN-JALLIEU | Le CSBJ handisport de retour de la &quot;M\u00e9diterran\u00e9enne Cup 2021&quot; de rugby fauteuil - News Est Lyonnais\" \/>\n<meta property=\"og:description\" content=\"BOURGOIN-JALLIEU | Le CSBJ handisport de retour de la &quot;M\u00e9diterran\u00e9enne Cup 2021&quot; de rugby fauteuil\" \/>\n<meta property=\"og:url\" content=\"https:\/\/newsestlyonnais.fr\/site\/2021\/11\/06\/bourgoin-jallieu-le-csbj-handisport-de-retour-de-la-mediterraneenne-cup-2021-de-rugby-fauteuil\/\" \/>\n<meta property=\"og:site_name\" content=\"News Est Lyonnais\" \/>\n<meta property=\"article:author\" content=\"https:\/\/www.facebook.com\/pascal.oberson.1?fref=ts\" \/>\n<meta property=\"article:published_time\" content=\"2021-11-06T10:49:06+00:00\" \/>\n<meta property=\"article:modified_time\" content=\"2021-11-07T06:08:44+00:00\" \/>\n<meta property=\"og:image\" content=\"https:\/\/i0.wp.com\/newsestlyonnais.fr\/site\/wp-content\/uploads\/2021\/11\/IMG-20211031-WA0003.jpg?fit=1200%2C554&ssl=1\" \/>\n\t<meta property=\"og:image:width\" content=\"1200\" \/>\n\t<meta property=\"og:image:height\" content=\"554\" \/>\n\t<meta property=\"og:image:type\" content=\"image\/jpeg\" \/>\n<meta name=\"author\" content=\"R\u00e9dac. NEWS\" \/>\n<meta name=\"twitter:card\" content=\"summary_large_image\" \/>\n<meta name=\"twitter:label1\" content=\"\u00c9crit par\" \/>\n\t<meta name=\"twitter:data1\" content=\"R\u00e9dac. NEWS\" \/>\n\t<meta name=\"twitter:label2\" content=\"Dur\u00e9e de lecture estim\u00e9e\" \/>\n\t<meta name=\"twitter:data2\" content=\"2 minutes\" \/>\n<script type=\"application\/ld+json\" class=\"yoast-schema-graph\">{\"@context\":\"https:\/\/schema.org\",\"@graph\":[{\"@type\":\"Article\",\"@id\":\"https:\/\/newsestlyonnais.fr\/site\/2021\/11\/06\/bourgoin-jallieu-le-csbj-handisport-de-retour-de-la-mediterraneenne-cup-2021-de-rugby-fauteuil\/#article\",\"isPartOf\":{\"@id\":\"https:\/\/newsestlyonnais.fr\/site\/2021\/11\/06\/bourgoin-jallieu-le-csbj-handisport-de-retour-de-la-mediterraneenne-cup-2021-de-rugby-fauteuil\/\"},\"author\":{\"name\":\"R\u00e9dac. NEWS\",\"@id\":\"https:\/\/newsestlyonnais.fr\/site\/#\/schema\/person\/3230d5615f390bb808365d673001e887\"},\"headline\":\"BOURGOIN-JALLIEU | Le CSBJ handisport de retour de la \u00ab\u00a0M\u00e9diterran\u00e9enne Cup 2021\u00a0\u00bb de rugby fauteuil\",\"datePublished\":\"2021-11-06T10:49:06+00:00\",\"dateModified\":\"2021-11-07T06:08:44+00:00\",\"mainEntityOfPage\":{\"@id\":\"https:\/\/newsestlyonnais.fr\/site\/2021\/11\/06\/bourgoin-jallieu-le-csbj-handisport-de-retour-de-la-mediterraneenne-cup-2021-de-rugby-fauteuil\/\"},\"wordCount\":316,\"commentCount\":0,\"publisher\":{\"@id\":\"https:\/\/newsestlyonnais.fr\/site\/#organization\"},\"image\":{\"@id\":\"https:\/\/newsestlyonnais.fr\/site\/2021\/11\/06\/bourgoin-jallieu-le-csbj-handisport-de-retour-de-la-mediterraneenne-cup-2021-de-rugby-fauteuil\/#primaryimage\"},\"thumbnailUrl\":\"https:\/\/newsestlyonnais.fr\/site\/wp-content\/uploads\/2021\/11\/IMG-20211031-WA0003.jpg\",\"keywords\":[\"BOURGOIN-JALLIEU\",\"CSBJ handisport\",\"M\u00e9diterran\u00e9enne Cup\",\"rugby fauteuil\"],\"articleSection\":[\"Handi &amp; adapt\u00e9\",\"Is\u00e8re (38)\",\"RUGBY \u00e0 XIII\",\"Rugby \u00e0 XV\",\"Sports\"],\"inLanguage\":\"fr-FR\",\"potentialAction\":[{\"@type\":\"CommentAction\",\"name\":\"Comment\",\"target\":[\"https:\/\/newsestlyonnais.fr\/site\/2021\/11\/06\/bourgoin-jallieu-le-csbj-handisport-de-retour-de-la-mediterraneenne-cup-2021-de-rugby-fauteuil\/#respond\"]}]},{\"@type\":\"WebPage\",\"@id\":\"https:\/\/newsestlyonnais.fr\/site\/2021\/11\/06\/bourgoin-jallieu-le-csbj-handisport-de-retour-de-la-mediterraneenne-cup-2021-de-rugby-fauteuil\/\",\"url\":\"https:\/\/newsestlyonnais.fr\/site\/2021\/11\/06\/bourgoin-jallieu-le-csbj-handisport-de-retour-de-la-mediterraneenne-cup-2021-de-rugby-fauteuil\/\",\"name\":\"BOURGOIN-JALLIEU | Le CSBJ handisport de retour de la \\\"M\u00e9diterran\u00e9enne Cup 2021\\\" de rugby fauteuil - News Est Lyonnais\",\"isPartOf\":{\"@id\":\"https:\/\/newsestlyonnais.fr\/site\/#website\"},\"primaryImageOfPage\":{\"@id\":\"https:\/\/newsestlyonnais.fr\/site\/2021\/11\/06\/bourgoin-jallieu-le-csbj-handisport-de-retour-de-la-mediterraneenne-cup-2021-de-rugby-fauteuil\/#primaryimage\"},\"image\":{\"@id\":\"https:\/\/newsestlyonnais.fr\/site\/2021\/11\/06\/bourgoin-jallieu-le-csbj-handisport-de-retour-de-la-mediterraneenne-cup-2021-de-rugby-fauteuil\/#primaryimage\"},\"thumbnailUrl\":\"https:\/\/newsestlyonnais.fr\/site\/wp-content\/uploads\/2021\/11\/IMG-20211031-WA0003.jpg\",\"datePublished\":\"2021-11-06T10:49:06+00:00\",\"dateModified\":\"2021-11-07T06:08:44+00:00\",\"description\":\"BOURGOIN-JALLIEU | Le CSBJ handisport de retour de la \\\"M\u00e9diterran\u00e9enne Cup 2021\\\" de rugby fauteuil\",\"breadcrumb\":{\"@id\":\"https:\/\/newsestlyonnais.fr\/site\/2021\/11\/06\/bourgoin-jallieu-le-csbj-handisport-de-retour-de-la-mediterraneenne-cup-2021-de-rugby-fauteuil\/#breadcrumb\"},\"inLanguage\":\"fr-FR\",\"potentialAction\":[{\"@type\":\"ReadAction\",\"target\":[\"https:\/\/newsestlyonnais.fr\/site\/2021\/11\/06\/bourgoin-jallieu-le-csbj-handisport-de-retour-de-la-mediterraneenne-cup-2021-de-rugby-fauteuil\/\"]}]},{\"@type\":\"ImageObject\",\"inLanguage\":\"fr-FR\",\"@id\":\"https:\/\/newsestlyonnais.fr\/site\/2021\/11\/06\/bourgoin-jallieu-le-csbj-handisport-de-retour-de-la-mediterraneenne-cup-2021-de-rugby-fauteuil\/#primaryimage\",\"url\":\"https:\/\/newsestlyonnais.fr\/site\/wp-content\/uploads\/2021\/11\/IMG-20211031-WA0003.jpg\",\"contentUrl\":\"https:\/\/newsestlyonnais.fr\/site\/wp-content\/uploads\/2021\/11\/IMG-20211031-WA0003.jpg\",\"width\":1200,\"height\":554},{\"@type\":\"BreadcrumbList\",\"@id\":\"https:\/\/newsestlyonnais.fr\/site\/2021\/11\/06\/bourgoin-jallieu-le-csbj-handisport-de-retour-de-la-mediterraneenne-cup-2021-de-rugby-fauteuil\/#breadcrumb\",\"itemListElement\":[{\"@type\":\"ListItem\",\"position\":1,\"name\":\"Accueil\",\"item\":\"https:\/\/newsestlyonnais.fr\/site\/\"},{\"@type\":\"ListItem\",\"position\":2,\"name\":\"BOURGOIN-JALLIEU | Le CSBJ handisport de retour de la \u00ab\u00a0M\u00e9diterran\u00e9enne Cup 2021\u00a0\u00bb de rugby fauteuil\"}]},{\"@type\":\"WebSite\",\"@id\":\"https:\/\/newsestlyonnais.fr\/site\/#website\",\"url\":\"https:\/\/newsestlyonnais.fr\/site\/\",\"name\":\"News Est Lyonnais\",\"description\":\"L&#039;actualit\u00e9 au plus pr\u00e8s\",\"publisher\":{\"@id\":\"https:\/\/newsestlyonnais.fr\/site\/#organization\"},\"potentialAction\":[{\"@type\":\"SearchAction\",\"target\":{\"@type\":\"EntryPoint\",\"urlTemplate\":\"https:\/\/newsestlyonnais.fr\/site\/?s={search_term_string}\"},\"query-input\":{\"@type\":\"PropertyValueSpecification\",\"valueRequired\":true,\"valueName\":\"search_term_string\"}}],\"inLanguage\":\"fr-FR\"},{\"@type\":\"Organization\",\"@id\":\"https:\/\/newsestlyonnais.fr\/site\/#organization\",\"name\":\"News EST LYONNAIS\",\"url\":\"https:\/\/newsestlyonnais.fr\/site\/\",\"logo\":{\"@type\":\"ImageObject\",\"inLanguage\":\"fr-FR\",\"@id\":\"https:\/\/newsestlyonnais.fr\/site\/#\/schema\/logo\/image\/\",\"url\":\"\",\"contentUrl\":\"\",\"caption\":\"News EST LYONNAIS\"},\"image\":{\"@id\":\"https:\/\/newsestlyonnais.fr\/site\/#\/schema\/logo\/image\/\"}},{\"@type\":\"Person\",\"@id\":\"https:\/\/newsestlyonnais.fr\/site\/#\/schema\/person\/3230d5615f390bb808365d673001e887\",\"name\":\"R\u00e9dac. NEWS\",\"sameAs\":[\"http:\/\/www.newsestlyonnais.fr\",\"https:\/\/www.facebook.com\/pascal.oberson.1?fref=ts\",\"https:\/\/fr.linkedin.com\/in\/pascal-oberson-b17045113\"],\"url\":\"https:\/\/newsestlyonnais.fr\/site\/author\/nel\/\"}]}<\/script>\n<!-- \/ Yoast SEO plugin. -->","yoast_head_json":{"title":"BOURGOIN-JALLIEU | Le CSBJ handisport de retour de la \"M\u00e9diterran\u00e9enne Cup 2021\" de rugby fauteuil - News Est Lyonnais","description":"BOURGOIN-JALLIEU | Le CSBJ handisport de retour de la \"M\u00e9diterran\u00e9enne Cup 2021\" de rugby fauteuil","robots":{"index":"index","follow":"follow","max-snippet":"max-snippet:-1","max-image-preview":"max-image-preview:large","max-video-preview":"max-video-preview:-1"},"canonical":"https:\/\/newsestlyonnais.fr\/site\/2021\/11\/06\/bourgoin-jallieu-le-csbj-handisport-de-retour-de-la-mediterraneenne-cup-2021-de-rugby-fauteuil\/","og_locale":"fr_FR","og_type":"article","og_title":"BOURGOIN-JALLIEU | Le CSBJ handisport de retour de la \"M\u00e9diterran\u00e9enne Cup 2021\" de rugby fauteuil - News Est Lyonnais","og_description":"BOURGOIN-JALLIEU | Le CSBJ handisport de retour de la \"M\u00e9diterran\u00e9enne Cup 2021\" de rugby fauteuil","og_url":"https:\/\/newsestlyonnais.fr\/site\/2021\/11\/06\/bourgoin-jallieu-le-csbj-handisport-de-retour-de-la-mediterraneenne-cup-2021-de-rugby-fauteuil\/","og_site_name":"News Est Lyonnais","article_author":"https:\/\/www.facebook.com\/pascal.oberson.1?fref=ts","article_published_time":"2021-11-06T10:49:06+00:00","article_modified_time":"2021-11-07T06:08:44+00:00","og_image":[{"width":1200,"height":554,"url":"https:\/\/i0.wp.com\/newsestlyonnais.fr\/site\/wp-content\/uploads\/2021\/11\/IMG-20211031-WA0003.jpg?fit=1200%2C554&ssl=1","type":"image\/jpeg"}],"author":"R\u00e9dac. NEWS","twitter_card":"summary_large_image","twitter_misc":{"\u00c9crit par":"R\u00e9dac. NEWS","Dur\u00e9e de lecture estim\u00e9e":"2 minutes"},"schema":{"@context":"https:\/\/schema.org","@graph":[{"@type":"Article","@id":"https:\/\/newsestlyonnais.fr\/site\/2021\/11\/06\/bourgoin-jallieu-le-csbj-handisport-de-retour-de-la-mediterraneenne-cup-2021-de-rugby-fauteuil\/#article","isPartOf":{"@id":"https:\/\/newsestlyonnais.fr\/site\/2021\/11\/06\/bourgoin-jallieu-le-csbj-handisport-de-retour-de-la-mediterraneenne-cup-2021-de-rugby-fauteuil\/"},"author":{"name":"R\u00e9dac. NEWS","@id":"https:\/\/newsestlyonnais.fr\/site\/#\/schema\/person\/3230d5615f390bb808365d673001e887"},"headline":"BOURGOIN-JALLIEU | Le CSBJ handisport de retour de la \u00ab\u00a0M\u00e9diterran\u00e9enne Cup 2021\u00a0\u00bb de rugby fauteuil","datePublished":"2021-11-06T10:49:06+00:00","dateModified":"2021-11-07T06:08:44+00:00","mainEntityOfPage":{"@id":"https:\/\/newsestlyonnais.fr\/site\/2021\/11\/06\/bourgoin-jallieu-le-csbj-handisport-de-retour-de-la-mediterraneenne-cup-2021-de-rugby-fauteuil\/"},"wordCount":316,"commentCount":0,"publisher":{"@id":"https:\/\/newsestlyonnais.fr\/site\/#organization"},"image":{"@id":"https:\/\/newsestlyonnais.fr\/site\/2021\/11\/06\/bourgoin-jallieu-le-csbj-handisport-de-retour-de-la-mediterraneenne-cup-2021-de-rugby-fauteuil\/#primaryimage"},"thumbnailUrl":"https:\/\/newsestlyonnais.fr\/site\/wp-content\/uploads\/2021\/11\/IMG-20211031-WA0003.jpg","keywords":["BOURGOIN-JALLIEU","CSBJ handisport","M\u00e9diterran\u00e9enne Cup","rugby fauteuil"],"articleSection":["Handi &amp; adapt\u00e9","Is\u00e8re (38)","RUGBY \u00e0 XIII","Rugby \u00e0 XV","Sports"],"inLanguage":"fr-FR","potentialAction":[{"@type":"CommentAction","name":"Comment","target":["https:\/\/newsestlyonnais.fr\/site\/2021\/11\/06\/bourgoin-jallieu-le-csbj-handisport-de-retour-de-la-mediterraneenne-cup-2021-de-rugby-fauteuil\/#respond"]}]},{"@type":"WebPage","@id":"https:\/\/newsestlyonnais.fr\/site\/2021\/11\/06\/bourgoin-jallieu-le-csbj-handisport-de-retour-de-la-mediterraneenne-cup-2021-de-rugby-fauteuil\/","url":"https:\/\/newsestlyonnais.fr\/site\/2021\/11\/06\/bourgoin-jallieu-le-csbj-handisport-de-retour-de-la-mediterraneenne-cup-2021-de-rugby-fauteuil\/","name":"BOURGOIN-JALLIEU | Le CSBJ handisport de retour de la \"M\u00e9diterran\u00e9enne Cup 2021\" de rugby fauteuil - News Est Lyonnais","isPartOf":{"@id":"https:\/\/newsestlyonnais.fr\/site\/#website"},"primaryImageOfPage":{"@id":"https:\/\/newsestlyonnais.fr\/site\/2021\/11\/06\/bourgoin-jallieu-le-csbj-handisport-de-retour-de-la-mediterraneenne-cup-2021-de-rugby-fauteuil\/#primaryimage"},"image":{"@id":"https:\/\/newsestlyonnais.fr\/site\/2021\/11\/06\/bourgoin-jallieu-le-csbj-handisport-de-retour-de-la-mediterraneenne-cup-2021-de-rugby-fauteuil\/#primaryimage"},"thumbnailUrl":"https:\/\/newsestlyonnais.fr\/site\/wp-content\/uploads\/2021\/11\/IMG-20211031-WA0003.jpg","datePublished":"2021-11-06T10:49:06+00:00","dateModified":"2021-11-07T06:08:44+00:00","description":"BOURGOIN-JALLIEU | Le CSBJ handisport de retour de la \"M\u00e9diterran\u00e9enne Cup 2021\" de rugby fauteuil","breadcrumb":{"@id":"https:\/\/newsestlyonnais.fr\/site\/2021\/11\/06\/bourgoin-jallieu-le-csbj-handisport-de-retour-de-la-mediterraneenne-cup-2021-de-rugby-fauteuil\/#breadcrumb"},"inLanguage":"fr-FR","potentialAction":[{"@type":"ReadAction","target":["https:\/\/newsestlyonnais.fr\/site\/2021\/11\/06\/bourgoin-jallieu-le-csbj-handisport-de-retour-de-la-mediterraneenne-cup-2021-de-rugby-fauteuil\/"]}]},{"@type":"ImageObject","inLanguage":"fr-FR","@id":"https:\/\/newsestlyonnais.fr\/site\/2021\/11\/06\/bourgoin-jallieu-le-csbj-handisport-de-retour-de-la-mediterraneenne-cup-2021-de-rugby-fauteuil\/#primaryimage","url":"https:\/\/newsestlyonnais.fr\/site\/wp-content\/uploads\/2021\/11\/IMG-20211031-WA0003.jpg","contentUrl":"https:\/\/newsestlyonnais.fr\/site\/wp-content\/uploads\/2021\/11\/IMG-20211031-WA0003.jpg","width":1200,"height":554},{"@type":"BreadcrumbList","@id":"https:\/\/newsestlyonnais.fr\/site\/2021\/11\/06\/bourgoin-jallieu-le-csbj-handisport-de-retour-de-la-mediterraneenne-cup-2021-de-rugby-fauteuil\/#breadcrumb","itemListElement":[{"@type":"ListItem","position":1,"name":"Accueil","item":"https:\/\/newsestlyonnais.fr\/site\/"},{"@type":"ListItem","position":2,"name":"BOURGOIN-JALLIEU | Le CSBJ handisport de retour de la \u00ab\u00a0M\u00e9diterran\u00e9enne Cup 2021\u00a0\u00bb de rugby fauteuil"}]},{"@type":"WebSite","@id":"https:\/\/newsestlyonnais.fr\/site\/#website","url":"https:\/\/newsestlyonnais.fr\/site\/","name":"News Est Lyonnais","description":"L&#039;actualit\u00e9 au plus pr\u00e8s","publisher":{"@id":"https:\/\/newsestlyonnais.fr\/site\/#organization"},"potentialAction":[{"@type":"SearchAction","target":{"@type":"EntryPoint","urlTemplate":"https:\/\/newsestlyonnais.fr\/site\/?s={search_term_string}"},"query-input":{"@type":"PropertyValueSpecification","valueRequired":true,"valueName":"search_term_string"}}],"inLanguage":"fr-FR"},{"@type":"Organization","@id":"https:\/\/newsestlyonnais.fr\/site\/#organization","name":"News EST LYONNAIS","url":"https:\/\/newsestlyonnais.fr\/site\/","logo":{"@type":"ImageObject","inLanguage":"fr-FR","@id":"https:\/\/newsestlyonnais.fr\/site\/#\/schema\/logo\/image\/","url":"","contentUrl":"","caption":"News EST LYONNAIS"},"image":{"@id":"https:\/\/newsestlyonnais.fr\/site\/#\/schema\/logo\/image\/"}},{"@type":"Person","@id":"https:\/\/newsestlyonnais.fr\/site\/#\/schema\/person\/3230d5615f390bb808365d673001e887","name":"R\u00e9dac. NEWS","sameAs":["http:\/\/www.newsestlyonnais.fr","https:\/\/www.facebook.com\/pascal.oberson.1?fref=ts","https:\/\/fr.linkedin.com\/in\/pascal-oberson-b17045113"],"url":"https:\/\/newsestlyonnais.fr\/site\/author\/nel\/"}]}},"_links":{"self":[{"href":"https:\/\/newsestlyonnais.fr\/site\/wp-json\/wp\/v2\/posts\/142466","targetHints":{"allow":["GET"]}}],"collection":[{"href":"https:\/\/newsestlyonnais.fr\/site\/wp-json\/wp\/v2\/posts"}],"about":[{"href":"https:\/\/newsestlyonnais.fr\/site\/wp-json\/wp\/v2\/types\/post"}],"author":[{"embeddable":true,"href":"https:\/\/newsestlyonnais.fr\/site\/wp-json\/wp\/v2\/users\/4"}],"replies":[{"embeddable":true,"href":"https:\/\/newsestlyonnais.fr\/site\/wp-json\/wp\/v2\/comments?post=142466"}],"version-history":[{"count":0,"href":"https:\/\/newsestlyonnais.fr\/site\/wp-json\/wp\/v2\/posts\/142466\/revisions"}],"wp:featuredmedia":[{"embeddable":true,"href":"https:\/\/newsestlyonnais.fr\/site\/wp-json\/wp\/v2\/media\/142485"}],"wp:attachment":[{"href":"https:\/\/newsestlyonnais.fr\/site\/wp-json\/wp\/v2\/media?parent=142466"}],"wp:term":[{"taxonomy":"category","embeddable":true,"href":"https:\/\/newsestlyonnais.fr\/site\/wp-json\/wp\/v2\/categories?post=142466"},{"taxonomy":"post_tag","embeddable":true,"href":"https:\/\/newsestlyonnais.fr\/site\/wp-json\/wp\/v2\/tags?post=142466"}],"curies":[{"name":"wp","href":"https:\/\/api.w.org\/{rel}","templated":true}]}}