{"id":143787,"date":"2021-11-22T17:18:51","date_gmt":"2021-11-22T16:18:51","guid":{"rendered":"https:\/\/newsestlyonnais.fr\/site\/?p=143787"},"modified":"2021-11-22T17:19:27","modified_gmt":"2021-11-22T16:19:27","slug":"venissieux-une-4-fleur-au-concours-national-des-villes-et-villages-fleuris","status":"publish","type":"post","link":"https:\/\/newsestlyonnais.fr\/site\/2021\/11\/22\/venissieux-une-4-fleur-au-concours-national-des-villes-et-villages-fleuris\/","title":{"rendered":"VENISSIEUX | Une 4\u00b0 fleur au concours national des Villes et Villages fleuris"},"content":{"rendered":"<p class=\" text-justify\">\u00a0\u00bb En 2015, <b>V\u00e9nissieux, <\/b>jusque-l\u00e0 labellis\u00e9e 3 fleurs depuis pr\u00e8s de 30 ans,\u00a0<b>d\u00e9crochait sa 4\u00b0 fleur au concours national des Villes et Villages fleuris<\/b>. En 2018, le label \u00e9tait renouvel\u00e9 pour une dur\u00e9e de\u00a0 3 ans\u2026 jusqu\u2019\u00e0 cet \u00e9t\u00e9 o\u00f9 nous avons accueilli dans notre ville, le 7 juillet dernier, les membres du jury national du Label \u00abVilles et Villages Fleuris\u00a0\u00bb, en visite pour d\u00e9cider d\u2019un nouveau maintien.<\/p>\n<p class=\" text-justify\"><strong>Cette distinction nationale prestigieuse r\u00e9compense l\u2019engagement de notre commune en faveur de l\u2019am\u00e9lioration de la qualit\u00e9 du cadre de vie<\/strong>, telle que la place accord\u00e9e au v\u00e9g\u00e9tal dans l\u2019am\u00e9nagement des espaces publics, le respect de l\u2019environnement, la pr\u00e9servation du lien social et bien \u00e9videmment le fleurissement.\u00a0Elle valorise nos actions pour le cadre et la qualit\u00e9 de vie des V\u00e9nissians.<\/p>\n<p class=\" text-justify\">Bravo \u00e0 toutes celles et ceux qui contribuent \u00e0 faire rayonner l\u2019image de V\u00e9nissieux par leur implication et leur engagement, les agents de nos services par leur savoir-faire et leur travail au quotidien et les habitants qui s\u2019impliquent dans l\u2019embellissement de notre ville \u00ab\u00a0<em><strong>confie Mich\u00e8le Picard, Maire de V\u00e9nissieux<\/strong><\/em>.<\/p>\n","protected":false},"excerpt":{"rendered":"<p>La ville confirme cette distinction, seulement 276 villes sont labellis\u00e9es 4 fleurs, dont 23 pour la R\u00e9gion Auvergne-Rh\u00f4ne-Alpes.<\/p>\n","protected":false},"author":4,"featured_media":143788,"comment_status":"open","ping_status":"open","sticky":false,"template":"","format":"standard","meta":{"footnotes":""},"categories":[2217,3328,3010,1298],"tags":[2019,2067],"class_list":["post-143787","post","type-post","status-publish","format-standard","has-post-thumbnail","hentry","category-breves-de-lest-lyonnais","category-concours-jeux-labels-lotos","category-nature-environnement-culture-et-loisirs","category-venissieux","tag-concours","tag-venissieux"],"yoast_head":"<!-- This site is optimized with the Yoast SEO plugin v27.2 - https:\/\/yoast.com\/product\/yoast-seo-wordpress\/ -->\n<title>VENISSIEUX | Une 4\u00b0 fleur au concours national des Villes et Villages fleuris - News Est Lyonnais<\/title>\n<meta name=\"description\" content=\"VENISSIEUX | Une 4\u00b0 fleur au concours national des Villes et Villages fleuris\" \/>\n<meta name=\"robots\" content=\"index, follow, max-snippet:-1, max-image-preview:large, max-video-preview:-1\" \/>\n<link rel=\"canonical\" href=\"https:\/\/newsestlyonnais.fr\/site\/2021\/11\/22\/venissieux-une-4-fleur-au-concours-national-des-villes-et-villages-fleuris\/\" \/>\n<meta property=\"og:locale\" content=\"fr_FR\" \/>\n<meta property=\"og:type\" content=\"article\" \/>\n<meta property=\"og:title\" content=\"VENISSIEUX | Une 4\u00b0 fleur au concours national des Villes et Villages fleuris - News Est Lyonnais\" \/>\n<meta property=\"og:description\" content=\"VENISSIEUX | Une 4\u00b0 fleur au concours national des Villes et Villages fleuris\" \/>\n<meta property=\"og:url\" content=\"https:\/\/newsestlyonnais.fr\/site\/2021\/11\/22\/venissieux-une-4-fleur-au-concours-national-des-villes-et-villages-fleuris\/\" \/>\n<meta property=\"og:site_name\" content=\"News Est Lyonnais\" \/>\n<meta property=\"article:author\" content=\"https:\/\/www.facebook.com\/pascal.oberson.1?fref=ts\" \/>\n<meta property=\"article:published_time\" content=\"2021-11-22T16:18:51+00:00\" \/>\n<meta property=\"article:modified_time\" content=\"2021-11-22T16:19:27+00:00\" \/>\n<meta property=\"og:image\" content=\"https:\/\/newsestlyonnais.fr\/site\/wp-content\/uploads\/2021\/11\/Villes-et-Villages-fleuris-le-label-4-fleurs-a-nouveau-renouvele-pour-3-ans_pressrelease.jpg\" \/>\n\t<meta property=\"og:image:width\" content=\"642\" \/>\n\t<meta property=\"og:image:height\" content=\"321\" \/>\n\t<meta property=\"og:image:type\" content=\"image\/jpeg\" \/>\n<meta name=\"author\" content=\"R\u00e9dac. NEWS\" \/>\n<meta name=\"twitter:card\" content=\"summary_large_image\" \/>\n<meta name=\"twitter:label1\" content=\"\u00c9crit par\" \/>\n\t<meta name=\"twitter:data1\" content=\"R\u00e9dac. NEWS\" \/>\n\t<meta name=\"twitter:label2\" content=\"Dur\u00e9e de lecture estim\u00e9e\" \/>\n\t<meta name=\"twitter:data2\" content=\"1 minute\" \/>\n<script type=\"application\/ld+json\" class=\"yoast-schema-graph\">{\"@context\":\"https:\/\/schema.org\",\"@graph\":[{\"@type\":\"Article\",\"@id\":\"https:\/\/newsestlyonnais.fr\/site\/2021\/11\/22\/venissieux-une-4-fleur-au-concours-national-des-villes-et-villages-fleuris\/#article\",\"isPartOf\":{\"@id\":\"https:\/\/newsestlyonnais.fr\/site\/2021\/11\/22\/venissieux-une-4-fleur-au-concours-national-des-villes-et-villages-fleuris\/\"},\"author\":{\"name\":\"R\u00e9dac. NEWS\",\"@id\":\"https:\/\/newsestlyonnais.fr\/site\/#\/schema\/person\/3230d5615f390bb808365d673001e887\"},\"headline\":\"VENISSIEUX | Une 4\u00b0 fleur au concours national des Villes et Villages fleuris\",\"datePublished\":\"2021-11-22T16:18:51+00:00\",\"dateModified\":\"2021-11-22T16:19:27+00:00\",\"mainEntityOfPage\":{\"@id\":\"https:\/\/newsestlyonnais.fr\/site\/2021\/11\/22\/venissieux-une-4-fleur-au-concours-national-des-villes-et-villages-fleuris\/\"},\"wordCount\":204,\"commentCount\":0,\"publisher\":{\"@id\":\"https:\/\/newsestlyonnais.fr\/site\/#organization\"},\"image\":{\"@id\":\"https:\/\/newsestlyonnais.fr\/site\/2021\/11\/22\/venissieux-une-4-fleur-au-concours-national-des-villes-et-villages-fleuris\/#primaryimage\"},\"thumbnailUrl\":\"https:\/\/newsestlyonnais.fr\/site\/wp-content\/uploads\/2021\/11\/Villes-et-Villages-fleuris-le-label-4-fleurs-a-nouveau-renouvele-pour-3-ans_pressrelease.jpg\",\"keywords\":[\"CONCOURS\",\"VENISSIEUX\"],\"articleSection\":[\"Br\u00e8ves de l'Est lyonnais\",\"Concours | Jeux | Labels | Lotos\",\"Nature | Environnement | Chasse\",\"V\u00e9nissieux\"],\"inLanguage\":\"fr-FR\",\"potentialAction\":[{\"@type\":\"CommentAction\",\"name\":\"Comment\",\"target\":[\"https:\/\/newsestlyonnais.fr\/site\/2021\/11\/22\/venissieux-une-4-fleur-au-concours-national-des-villes-et-villages-fleuris\/#respond\"]}]},{\"@type\":\"WebPage\",\"@id\":\"https:\/\/newsestlyonnais.fr\/site\/2021\/11\/22\/venissieux-une-4-fleur-au-concours-national-des-villes-et-villages-fleuris\/\",\"url\":\"https:\/\/newsestlyonnais.fr\/site\/2021\/11\/22\/venissieux-une-4-fleur-au-concours-national-des-villes-et-villages-fleuris\/\",\"name\":\"VENISSIEUX | Une 4\u00b0 fleur au concours national des Villes et Villages fleuris - News Est Lyonnais\",\"isPartOf\":{\"@id\":\"https:\/\/newsestlyonnais.fr\/site\/#website\"},\"primaryImageOfPage\":{\"@id\":\"https:\/\/newsestlyonnais.fr\/site\/2021\/11\/22\/venissieux-une-4-fleur-au-concours-national-des-villes-et-villages-fleuris\/#primaryimage\"},\"image\":{\"@id\":\"https:\/\/newsestlyonnais.fr\/site\/2021\/11\/22\/venissieux-une-4-fleur-au-concours-national-des-villes-et-villages-fleuris\/#primaryimage\"},\"thumbnailUrl\":\"https:\/\/newsestlyonnais.fr\/site\/wp-content\/uploads\/2021\/11\/Villes-et-Villages-fleuris-le-label-4-fleurs-a-nouveau-renouvele-pour-3-ans_pressrelease.jpg\",\"datePublished\":\"2021-11-22T16:18:51+00:00\",\"dateModified\":\"2021-11-22T16:19:27+00:00\",\"description\":\"VENISSIEUX | Une 4\u00b0 fleur au concours national des Villes et Villages fleuris\",\"breadcrumb\":{\"@id\":\"https:\/\/newsestlyonnais.fr\/site\/2021\/11\/22\/venissieux-une-4-fleur-au-concours-national-des-villes-et-villages-fleuris\/#breadcrumb\"},\"inLanguage\":\"fr-FR\",\"potentialAction\":[{\"@type\":\"ReadAction\",\"target\":[\"https:\/\/newsestlyonnais.fr\/site\/2021\/11\/22\/venissieux-une-4-fleur-au-concours-national-des-villes-et-villages-fleuris\/\"]}]},{\"@type\":\"ImageObject\",\"inLanguage\":\"fr-FR\",\"@id\":\"https:\/\/newsestlyonnais.fr\/site\/2021\/11\/22\/venissieux-une-4-fleur-au-concours-national-des-villes-et-villages-fleuris\/#primaryimage\",\"url\":\"https:\/\/newsestlyonnais.fr\/site\/wp-content\/uploads\/2021\/11\/Villes-et-Villages-fleuris-le-label-4-fleurs-a-nouveau-renouvele-pour-3-ans_pressrelease.jpg\",\"contentUrl\":\"https:\/\/newsestlyonnais.fr\/site\/wp-content\/uploads\/2021\/11\/Villes-et-Villages-fleuris-le-label-4-fleurs-a-nouveau-renouvele-pour-3-ans_pressrelease.jpg\",\"width\":642,\"height\":321},{\"@type\":\"BreadcrumbList\",\"@id\":\"https:\/\/newsestlyonnais.fr\/site\/2021\/11\/22\/venissieux-une-4-fleur-au-concours-national-des-villes-et-villages-fleuris\/#breadcrumb\",\"itemListElement\":[{\"@type\":\"ListItem\",\"position\":1,\"name\":\"Accueil\",\"item\":\"https:\/\/newsestlyonnais.fr\/site\/\"},{\"@type\":\"ListItem\",\"position\":2,\"name\":\"VENISSIEUX | Une 4\u00b0 fleur au concours national des Villes et Villages fleuris\"}]},{\"@type\":\"WebSite\",\"@id\":\"https:\/\/newsestlyonnais.fr\/site\/#website\",\"url\":\"https:\/\/newsestlyonnais.fr\/site\/\",\"name\":\"News Est Lyonnais\",\"description\":\"L&#039;actualit\u00e9 au plus pr\u00e8s\",\"publisher\":{\"@id\":\"https:\/\/newsestlyonnais.fr\/site\/#organization\"},\"potentialAction\":[{\"@type\":\"SearchAction\",\"target\":{\"@type\":\"EntryPoint\",\"urlTemplate\":\"https:\/\/newsestlyonnais.fr\/site\/?s={search_term_string}\"},\"query-input\":{\"@type\":\"PropertyValueSpecification\",\"valueRequired\":true,\"valueName\":\"search_term_string\"}}],\"inLanguage\":\"fr-FR\"},{\"@type\":\"Organization\",\"@id\":\"https:\/\/newsestlyonnais.fr\/site\/#organization\",\"name\":\"News EST LYONNAIS\",\"url\":\"https:\/\/newsestlyonnais.fr\/site\/\",\"logo\":{\"@type\":\"ImageObject\",\"inLanguage\":\"fr-FR\",\"@id\":\"https:\/\/newsestlyonnais.fr\/site\/#\/schema\/logo\/image\/\",\"url\":\"\",\"contentUrl\":\"\",\"caption\":\"News EST LYONNAIS\"},\"image\":{\"@id\":\"https:\/\/newsestlyonnais.fr\/site\/#\/schema\/logo\/image\/\"}},{\"@type\":\"Person\",\"@id\":\"https:\/\/newsestlyonnais.fr\/site\/#\/schema\/person\/3230d5615f390bb808365d673001e887\",\"name\":\"R\u00e9dac. NEWS\",\"sameAs\":[\"http:\/\/www.newsestlyonnais.fr\",\"https:\/\/www.facebook.com\/pascal.oberson.1?fref=ts\",\"https:\/\/fr.linkedin.com\/in\/pascal-oberson-b17045113\"],\"url\":\"https:\/\/newsestlyonnais.fr\/site\/author\/nel\/\"}]}<\/script>\n<!-- \/ Yoast SEO plugin. -->","yoast_head_json":{"title":"VENISSIEUX | Une 4\u00b0 fleur au concours national des Villes et Villages fleuris - News Est Lyonnais","description":"VENISSIEUX | Une 4\u00b0 fleur au concours national des Villes et Villages fleuris","robots":{"index":"index","follow":"follow","max-snippet":"max-snippet:-1","max-image-preview":"max-image-preview:large","max-video-preview":"max-video-preview:-1"},"canonical":"https:\/\/newsestlyonnais.fr\/site\/2021\/11\/22\/venissieux-une-4-fleur-au-concours-national-des-villes-et-villages-fleuris\/","og_locale":"fr_FR","og_type":"article","og_title":"VENISSIEUX | Une 4\u00b0 fleur au concours national des Villes et Villages fleuris - News Est Lyonnais","og_description":"VENISSIEUX | Une 4\u00b0 fleur au concours national des Villes et Villages fleuris","og_url":"https:\/\/newsestlyonnais.fr\/site\/2021\/11\/22\/venissieux-une-4-fleur-au-concours-national-des-villes-et-villages-fleuris\/","og_site_name":"News Est Lyonnais","article_author":"https:\/\/www.facebook.com\/pascal.oberson.1?fref=ts","article_published_time":"2021-11-22T16:18:51+00:00","article_modified_time":"2021-11-22T16:19:27+00:00","og_image":[{"width":642,"height":321,"url":"https:\/\/newsestlyonnais.fr\/site\/wp-content\/uploads\/2021\/11\/Villes-et-Villages-fleuris-le-label-4-fleurs-a-nouveau-renouvele-pour-3-ans_pressrelease.jpg","type":"image\/jpeg"}],"author":"R\u00e9dac. NEWS","twitter_card":"summary_large_image","twitter_misc":{"\u00c9crit par":"R\u00e9dac. NEWS","Dur\u00e9e de lecture estim\u00e9e":"1 minute"},"schema":{"@context":"https:\/\/schema.org","@graph":[{"@type":"Article","@id":"https:\/\/newsestlyonnais.fr\/site\/2021\/11\/22\/venissieux-une-4-fleur-au-concours-national-des-villes-et-villages-fleuris\/#article","isPartOf":{"@id":"https:\/\/newsestlyonnais.fr\/site\/2021\/11\/22\/venissieux-une-4-fleur-au-concours-national-des-villes-et-villages-fleuris\/"},"author":{"name":"R\u00e9dac. NEWS","@id":"https:\/\/newsestlyonnais.fr\/site\/#\/schema\/person\/3230d5615f390bb808365d673001e887"},"headline":"VENISSIEUX | Une 4\u00b0 fleur au concours national des Villes et Villages fleuris","datePublished":"2021-11-22T16:18:51+00:00","dateModified":"2021-11-22T16:19:27+00:00","mainEntityOfPage":{"@id":"https:\/\/newsestlyonnais.fr\/site\/2021\/11\/22\/venissieux-une-4-fleur-au-concours-national-des-villes-et-villages-fleuris\/"},"wordCount":204,"commentCount":0,"publisher":{"@id":"https:\/\/newsestlyonnais.fr\/site\/#organization"},"image":{"@id":"https:\/\/newsestlyonnais.fr\/site\/2021\/11\/22\/venissieux-une-4-fleur-au-concours-national-des-villes-et-villages-fleuris\/#primaryimage"},"thumbnailUrl":"https:\/\/newsestlyonnais.fr\/site\/wp-content\/uploads\/2021\/11\/Villes-et-Villages-fleuris-le-label-4-fleurs-a-nouveau-renouvele-pour-3-ans_pressrelease.jpg","keywords":["CONCOURS","VENISSIEUX"],"articleSection":["Br\u00e8ves de l'Est lyonnais","Concours | Jeux | Labels | Lotos","Nature | Environnement | Chasse","V\u00e9nissieux"],"inLanguage":"fr-FR","potentialAction":[{"@type":"CommentAction","name":"Comment","target":["https:\/\/newsestlyonnais.fr\/site\/2021\/11\/22\/venissieux-une-4-fleur-au-concours-national-des-villes-et-villages-fleuris\/#respond"]}]},{"@type":"WebPage","@id":"https:\/\/newsestlyonnais.fr\/site\/2021\/11\/22\/venissieux-une-4-fleur-au-concours-national-des-villes-et-villages-fleuris\/","url":"https:\/\/newsestlyonnais.fr\/site\/2021\/11\/22\/venissieux-une-4-fleur-au-concours-national-des-villes-et-villages-fleuris\/","name":"VENISSIEUX | Une 4\u00b0 fleur au concours national des Villes et Villages fleuris - News Est Lyonnais","isPartOf":{"@id":"https:\/\/newsestlyonnais.fr\/site\/#website"},"primaryImageOfPage":{"@id":"https:\/\/newsestlyonnais.fr\/site\/2021\/11\/22\/venissieux-une-4-fleur-au-concours-national-des-villes-et-villages-fleuris\/#primaryimage"},"image":{"@id":"https:\/\/newsestlyonnais.fr\/site\/2021\/11\/22\/venissieux-une-4-fleur-au-concours-national-des-villes-et-villages-fleuris\/#primaryimage"},"thumbnailUrl":"https:\/\/newsestlyonnais.fr\/site\/wp-content\/uploads\/2021\/11\/Villes-et-Villages-fleuris-le-label-4-fleurs-a-nouveau-renouvele-pour-3-ans_pressrelease.jpg","datePublished":"2021-11-22T16:18:51+00:00","dateModified":"2021-11-22T16:19:27+00:00","description":"VENISSIEUX | Une 4\u00b0 fleur au concours national des Villes et Villages fleuris","breadcrumb":{"@id":"https:\/\/newsestlyonnais.fr\/site\/2021\/11\/22\/venissieux-une-4-fleur-au-concours-national-des-villes-et-villages-fleuris\/#breadcrumb"},"inLanguage":"fr-FR","potentialAction":[{"@type":"ReadAction","target":["https:\/\/newsestlyonnais.fr\/site\/2021\/11\/22\/venissieux-une-4-fleur-au-concours-national-des-villes-et-villages-fleuris\/"]}]},{"@type":"ImageObject","inLanguage":"fr-FR","@id":"https:\/\/newsestlyonnais.fr\/site\/2021\/11\/22\/venissieux-une-4-fleur-au-concours-national-des-villes-et-villages-fleuris\/#primaryimage","url":"https:\/\/newsestlyonnais.fr\/site\/wp-content\/uploads\/2021\/11\/Villes-et-Villages-fleuris-le-label-4-fleurs-a-nouveau-renouvele-pour-3-ans_pressrelease.jpg","contentUrl":"https:\/\/newsestlyonnais.fr\/site\/wp-content\/uploads\/2021\/11\/Villes-et-Villages-fleuris-le-label-4-fleurs-a-nouveau-renouvele-pour-3-ans_pressrelease.jpg","width":642,"height":321},{"@type":"BreadcrumbList","@id":"https:\/\/newsestlyonnais.fr\/site\/2021\/11\/22\/venissieux-une-4-fleur-au-concours-national-des-villes-et-villages-fleuris\/#breadcrumb","itemListElement":[{"@type":"ListItem","position":1,"name":"Accueil","item":"https:\/\/newsestlyonnais.fr\/site\/"},{"@type":"ListItem","position":2,"name":"VENISSIEUX | Une 4\u00b0 fleur au concours national des Villes et Villages fleuris"}]},{"@type":"WebSite","@id":"https:\/\/newsestlyonnais.fr\/site\/#website","url":"https:\/\/newsestlyonnais.fr\/site\/","name":"News Est Lyonnais","description":"L&#039;actualit\u00e9 au plus pr\u00e8s","publisher":{"@id":"https:\/\/newsestlyonnais.fr\/site\/#organization"},"potentialAction":[{"@type":"SearchAction","target":{"@type":"EntryPoint","urlTemplate":"https:\/\/newsestlyonnais.fr\/site\/?s={search_term_string}"},"query-input":{"@type":"PropertyValueSpecification","valueRequired":true,"valueName":"search_term_string"}}],"inLanguage":"fr-FR"},{"@type":"Organization","@id":"https:\/\/newsestlyonnais.fr\/site\/#organization","name":"News EST LYONNAIS","url":"https:\/\/newsestlyonnais.fr\/site\/","logo":{"@type":"ImageObject","inLanguage":"fr-FR","@id":"https:\/\/newsestlyonnais.fr\/site\/#\/schema\/logo\/image\/","url":"","contentUrl":"","caption":"News EST LYONNAIS"},"image":{"@id":"https:\/\/newsestlyonnais.fr\/site\/#\/schema\/logo\/image\/"}},{"@type":"Person","@id":"https:\/\/newsestlyonnais.fr\/site\/#\/schema\/person\/3230d5615f390bb808365d673001e887","name":"R\u00e9dac. NEWS","sameAs":["http:\/\/www.newsestlyonnais.fr","https:\/\/www.facebook.com\/pascal.oberson.1?fref=ts","https:\/\/fr.linkedin.com\/in\/pascal-oberson-b17045113"],"url":"https:\/\/newsestlyonnais.fr\/site\/author\/nel\/"}]}},"_links":{"self":[{"href":"https:\/\/newsestlyonnais.fr\/site\/wp-json\/wp\/v2\/posts\/143787","targetHints":{"allow":["GET"]}}],"collection":[{"href":"https:\/\/newsestlyonnais.fr\/site\/wp-json\/wp\/v2\/posts"}],"about":[{"href":"https:\/\/newsestlyonnais.fr\/site\/wp-json\/wp\/v2\/types\/post"}],"author":[{"embeddable":true,"href":"https:\/\/newsestlyonnais.fr\/site\/wp-json\/wp\/v2\/users\/4"}],"replies":[{"embeddable":true,"href":"https:\/\/newsestlyonnais.fr\/site\/wp-json\/wp\/v2\/comments?post=143787"}],"version-history":[{"count":0,"href":"https:\/\/newsestlyonnais.fr\/site\/wp-json\/wp\/v2\/posts\/143787\/revisions"}],"wp:featuredmedia":[{"embeddable":true,"href":"https:\/\/newsestlyonnais.fr\/site\/wp-json\/wp\/v2\/media\/143788"}],"wp:attachment":[{"href":"https:\/\/newsestlyonnais.fr\/site\/wp-json\/wp\/v2\/media?parent=143787"}],"wp:term":[{"taxonomy":"category","embeddable":true,"href":"https:\/\/newsestlyonnais.fr\/site\/wp-json\/wp\/v2\/categories?post=143787"},{"taxonomy":"post_tag","embeddable":true,"href":"https:\/\/newsestlyonnais.fr\/site\/wp-json\/wp\/v2\/tags?post=143787"}],"curies":[{"name":"wp","href":"https:\/\/api.w.org\/{rel}","templated":true}]}}