{"id":143894,"date":"2021-11-25T08:49:11","date_gmt":"2021-11-25T07:49:11","guid":{"rendered":"https:\/\/newsestlyonnais.fr\/site\/?p=143894"},"modified":"2021-11-27T09:08:02","modified_gmt":"2021-11-27T08:08:02","slug":"lyon-gilles-biron-2022-sera-une-annee-bien-remplie-niveau-rendez-vous-international","status":"publish","type":"post","link":"https:\/\/newsestlyonnais.fr\/site\/2021\/11\/25\/lyon-gilles-biron-2022-sera-une-annee-bien-remplie-niveau-rendez-vous-international\/","title":{"rendered":"LYON | Gilles Biron \u00ab\u00a02022 sera une ann\u00e9e bien remplie, niveau rendez-vous international\u00a0\u00bb"},"content":{"rendered":"<p><span style=\"background-color: #000000; color: #ffffff;\"><strong>Votre commune de r\u00e9sidence et club sportif actuel ?<\/strong><\/span><\/p>\n<p><img loading=\"lazy\" decoding=\"async\" class=\"alignleft wp-image-143924\" src=\"https:\/\/newsestlyonnais.fr\/site\/wp-content\/uploads\/2021\/11\/IMG_20210706_125119_762-250x313.jpeg\" alt=\"\" width=\"100\" height=\"125\" srcset=\"https:\/\/newsestlyonnais.fr\/site\/wp-content\/uploads\/2021\/11\/IMG_20210706_125119_762-250x313.jpeg 250w, https:\/\/newsestlyonnais.fr\/site\/wp-content\/uploads\/2021\/11\/IMG_20210706_125119_762-400x501.jpeg 400w, https:\/\/newsestlyonnais.fr\/site\/wp-content\/uploads\/2021\/11\/IMG_20210706_125119_762-650x813.jpeg 650w, https:\/\/newsestlyonnais.fr\/site\/wp-content\/uploads\/2021\/11\/IMG_20210706_125119_762-768x961.jpeg 768w, https:\/\/newsestlyonnais.fr\/site\/wp-content\/uploads\/2021\/11\/IMG_20210706_125119_762-150x188.jpeg 150w, https:\/\/newsestlyonnais.fr\/site\/wp-content\/uploads\/2021\/11\/IMG_20210706_125119_762-50x63.jpeg 50w, https:\/\/newsestlyonnais.fr\/site\/wp-content\/uploads\/2021\/11\/IMG_20210706_125119_762-100x125.jpeg 100w, https:\/\/newsestlyonnais.fr\/site\/wp-content\/uploads\/2021\/11\/IMG_20210706_125119_762-200x250.jpeg 200w, https:\/\/newsestlyonnais.fr\/site\/wp-content\/uploads\/2021\/11\/IMG_20210706_125119_762-300x375.jpeg 300w, https:\/\/newsestlyonnais.fr\/site\/wp-content\/uploads\/2021\/11\/IMG_20210706_125119_762-350x438.jpeg 350w, https:\/\/newsestlyonnais.fr\/site\/wp-content\/uploads\/2021\/11\/IMG_20210706_125119_762-450x563.jpeg 450w, https:\/\/newsestlyonnais.fr\/site\/wp-content\/uploads\/2021\/11\/IMG_20210706_125119_762-500x626.jpeg 500w, https:\/\/newsestlyonnais.fr\/site\/wp-content\/uploads\/2021\/11\/IMG_20210706_125119_762-550x688.jpeg 550w, https:\/\/newsestlyonnais.fr\/site\/wp-content\/uploads\/2021\/11\/IMG_20210706_125119_762-800x1001.jpeg 800w, https:\/\/newsestlyonnais.fr\/site\/wp-content\/uploads\/2021\/11\/IMG_20210706_125119_762.jpeg 959w\" sizes=\"auto, (max-width: 100px) 100vw, 100px\" \/><\/p>\n<p>&nbsp;<\/p>\n<p><span style=\"font-size: 14pt;\">\u00bb J\u2019habite \u00e0 Lyon 8 et je suis licenci\u00e9 au <span style=\"color: #0000ff;\"><a style=\"color: #0000ff;\" href=\"https:\/\/www.facebook.com\/madininathletisme\">Madinina Athl\u00e9tisme<\/a><\/span> mais je m\u2019entraine \u00e0 Bron sur le stade Pierre Duboeuf du club de l&rsquo;<span style=\"color: #0000ff;\"><a style=\"color: #0000ff;\" href=\"http:\/\/asubron.athle.com\">Asul Bron<\/a> <\/span>\u00ab .<\/span><\/p>\n<hr \/>\n<p><span style=\"background-color: #000000; color: #ffffff;\"><strong>Pr\u00e9sentation sommaire de votre pass\u00e9 sportif \u00a0 <\/strong><\/span><\/p>\n<p data-wp-editing=\"1\"><img loading=\"lazy\" decoding=\"async\" class=\"alignleft wp-image-143927 size-medium\" src=\"https:\/\/newsestlyonnais.fr\/site\/wp-content\/uploads\/2021\/11\/1C71571B-0768-4A10-A08F-1A575C6C4929_1_105_c-400x600.jpeg\" alt=\"\" width=\"200\" height=\"300\" srcset=\"https:\/\/newsestlyonnais.fr\/site\/wp-content\/uploads\/2021\/11\/1C71571B-0768-4A10-A08F-1A575C6C4929_1_105_c-400x600.jpeg 400w, https:\/\/newsestlyonnais.fr\/site\/wp-content\/uploads\/2021\/11\/1C71571B-0768-4A10-A08F-1A575C6C4929_1_105_c-650x975.jpeg 650w, https:\/\/newsestlyonnais.fr\/site\/wp-content\/uploads\/2021\/11\/1C71571B-0768-4A10-A08F-1A575C6C4929_1_105_c-250x375.jpeg 250w, https:\/\/newsestlyonnais.fr\/site\/wp-content\/uploads\/2021\/11\/1C71571B-0768-4A10-A08F-1A575C6C4929_1_105_c-150x225.jpeg 150w, https:\/\/newsestlyonnais.fr\/site\/wp-content\/uploads\/2021\/11\/1C71571B-0768-4A10-A08F-1A575C6C4929_1_105_c-50x75.jpeg 50w, https:\/\/newsestlyonnais.fr\/site\/wp-content\/uploads\/2021\/11\/1C71571B-0768-4A10-A08F-1A575C6C4929_1_105_c-100x150.jpeg 100w, https:\/\/newsestlyonnais.fr\/site\/wp-content\/uploads\/2021\/11\/1C71571B-0768-4A10-A08F-1A575C6C4929_1_105_c-200x300.jpeg 200w, https:\/\/newsestlyonnais.fr\/site\/wp-content\/uploads\/2021\/11\/1C71571B-0768-4A10-A08F-1A575C6C4929_1_105_c-300x450.jpeg 300w, https:\/\/newsestlyonnais.fr\/site\/wp-content\/uploads\/2021\/11\/1C71571B-0768-4A10-A08F-1A575C6C4929_1_105_c-350x525.jpeg 350w, https:\/\/newsestlyonnais.fr\/site\/wp-content\/uploads\/2021\/11\/1C71571B-0768-4A10-A08F-1A575C6C4929_1_105_c-450x675.jpeg 450w, https:\/\/newsestlyonnais.fr\/site\/wp-content\/uploads\/2021\/11\/1C71571B-0768-4A10-A08F-1A575C6C4929_1_105_c-500x750.jpeg 500w, https:\/\/newsestlyonnais.fr\/site\/wp-content\/uploads\/2021\/11\/1C71571B-0768-4A10-A08F-1A575C6C4929_1_105_c-550x825.jpeg 550w, https:\/\/newsestlyonnais.fr\/site\/wp-content\/uploads\/2021\/11\/1C71571B-0768-4A10-A08F-1A575C6C4929_1_105_c.jpeg 724w\" sizes=\"auto, (max-width: 200px) 100vw, 200px\" \/>\u00a0\u00bb J&rsquo;ai 26 ans et je suis athl\u00e8te sur 400 m\u00e8tres en \u00e9quipe de France. J&rsquo;ai commenc\u00e9 l&rsquo;athl\u00e9tisme \u00e0 19 ans apr\u00e8s le bac en 2013. Avant j&rsquo;ai fait une dizaine d&rsquo;ann\u00e9es de natation au niveau r\u00e9gional en Martinique.<\/p>\n<p>J&rsquo;ai rapidement eu des r\u00e9sultats aux championnats de France d&rsquo;athl\u00e9tisme comme en 2016 o\u00f9 je finis 5\u00b0 des Championnats de France Espoirs sur 400 m. Puis en 2017 j&rsquo;ai concr\u00e9tis\u00e9 en devenant champion de France Espoirs du 400 m. J&rsquo;ai par la suite fait mes premi\u00e8res s\u00e9lections en \u00e9quipe de France senior comme les championnats d&rsquo;Europe par \u00e9quipes \u00e0 Lille ou l&rsquo;\u00e9quipe de France a fini 3\u00b0.<\/p>\n<p>Ensuite, apr\u00e8s quelques saisons ponctu\u00e9es par des blessures je suis venu \u00e0 Lyon fin 2019 pour m&rsquo;entrainer avec Frank Matamba. J&rsquo;ai tout de suite transform\u00e9 l&rsquo;essai en devenant <strong>champion de France Universitaire en salle et vice Champion de France Elite en salle sur 400 m<\/strong>. Puis en 2021, je suis devenu <strong>champion de France \u00e9lite en ext\u00e9rieur ce qui m&rsquo;a valu d&rsquo;\u00eatre s\u00e9lectionn\u00e9 pour <\/strong><strong>les Jeux Olympiques de Tokyo<\/strong> \u00ab\u00a0.<\/p>\n<hr \/>\n<p><span style=\"background-color: #000000; color: #ffffff;\">Quels sont vos points forts, vos distances pr\u00e9f\u00e9r\u00e9es ?<\/span><\/p>\n<p>\u00a0\u00bb <strong>Venant de la natation<\/strong>, un sport ou l\u2019effort est plut\u00f4t long, j\u2019ai ainsi commenc\u00e9 par le 800. Je suis plut\u00f4t bon sur les efforts longs, l\u2019a\u00e9robie c\u2019est mon truc. Je suis quelqu\u2019un qui ne l\u00e2che rien, je travaille beaucoup et je pense que c\u2019est un point fort. Je m\u2019entraine environ 30 heures par semaine avec mon coach Frank Matamba. <strong>Je n\u2019ai vraiment test\u00e9 que 2 distances dans ma vie d\u2019athl\u00e8te, donc je dirais le 800 m et le 400 m<\/strong> mais j\u2019aime beaucoup regarder le 200 m et le saut en longueur \u00ab\u00a0.<\/p>\n<p><span style=\"background-color: #000000; color: #ffffff;\">Pouvez vous revenir sur les championnats de France en juin dernier, quelles \u00e9taient vos ambitions (place et temps) ?<\/span><\/p>\n<p><span style=\"background-color: #ffffff; color: #000000;\">\u00a0\u00bb <span style=\"color: #333333;\"><strong>J<\/strong><\/span><\/span><strong>\u2019avais en ligne de mire le titre de champion de France et la s\u00e9lection pour les Jeux Olympiques<\/strong>. D\u00e8s la s\u00e9rie je me sentais bien et serein. J\u2019avais l\u2019intention d\u2019arriver premier pour avoir un bon couloir en finale, je ne m\u2019attendais pas sp\u00e9cialement \u00e0 faire mon record d\u2019entr\u00e9e (45&Prime;79).<\/p>\n<p>Ensuite en finale je visais le titre de champion de France et un encore meilleur chrono. Le chrono n\u2019est pas descendu (45&Prime;99) mais le titre est l\u00e0 malgr\u00e9 la deuxi\u00e8me place de la course. Le premier ayant \u00e9t\u00e9 disqualifi\u00e9 <strong>je suis devenu champion de France \u00e0 ma grande surprise<\/strong> apr\u00e8s avoir fini deuxi\u00e8me. J\u2019\u00e9tais tr\u00e8s content de ces championnats de France, car m\u00eame si \u00e7el\u00e0 ne s\u2019est pas d\u00e9roul\u00e9 exactement comme je l\u2019avais pr\u00e9vu, <strong>j\u2019ai r\u00e9alis\u00e9 les objectifs que je m\u2019\u00e9tais fix\u00e9 avec \u00e0 la fin, ma s\u00e9lection pour les Jeux Olympiques \u00ab\u00a0.<\/strong><\/p>\n<p><span style=\"background-color: #000000; color: #ffffff;\">Un petit mot sur votre participation aux J.O. 2020 qui ont eu lieu cet \u00e9t\u00e9 \u00e0 Tokyo ?<\/span><\/p>\n<p>\u00a0\u00bb <span class=\"tojvnm2t a6sixzi8 abs2jz4q a8s20v7p t1p8iaqh k5wvi7nf q3lfd5jv pk4s997a bipmatt0 cebpdrjk qowsmv63 owwhemhu dp1hu0rb dhp61c6y iyyx5f41\">Je suis ressorti tr\u00e8s enrichi par cette exp\u00e9rience bien qu&rsquo;un peu insatisfait par le fait que le relais ne passe pas en finale. Au global nous avions le 11\u00b0 temps sur toute la comp\u00e9tition et \u00e0 environ 1 seconde du record de France (2&rsquo;58&rsquo;96). 3&rsquo;00&rsquo;81 pour notre chrono\u00a0\u00bb.<\/span><\/p>\n<p><span style=\"background-color: #000000; color: #ffffff;\">Avez vous disput\u00e9 aussi d&rsquo;autres comp\u00e9titions \u00e0 l&rsquo;\u00e9tranger ?\u00a0<\/span><\/p>\n<p>\u00a0\u00bb En 2021 j\u2019ai fait les championnats du Monde de relais et les championnats d\u2019Europe par \u00e9quipes sur le 4 x 400 m. Les deux comp\u00e9titions se sont d\u00e9roul\u00e9es en Pologne \u00e0 Chorzow \u00ab\u00a0.<\/p>\n<hr \/>\n<p><span style=\"background-color: #000000; color: #ffffff;\">Quel est votre programme d&rsquo;ici la fin d&rsquo;ann\u00e9e et vos projets pour 2022 ?<\/span><\/p>\n<p>\u00a0\u00bb D\u2019ici la fin de l\u2019ann\u00e9e il n\u2019y \u00e0 rien de pr\u00e9vu niveau comp\u00e9tition, juste beaucoup d\u2019entrainements dans le froid.<\/p>\n<p><strong>2022 sera une ann\u00e9e bien remplie, niveau rendez-vous international.<\/strong> Je ne suis pas s\u00fbr de faire les comp\u00e9titions d\u2019hiver en salle mais il y aura les championnats du monde en salle \u00e0 Belgrade, \u00e0 partir du 18 mars, les championnats du Monde aux Etats-Unis (Oregon), \u00e0 partir du 15 juillet et les championnats d\u2019Europe, \u00e0 partir du 15 ao\u00fbt, en Allemagne (Munich) \u00ab\u00a0.<\/p>\n<ul>\n<li><span style=\"font-size: 14pt;\"><span style=\"background-color: #000000; color: #ffff00;\">Palmar\u00e8s de Gilles Biron<\/span> sur le site de la <span style=\"color: #0000ff;\"><a style=\"color: #0000ff;\" href=\"https:\/\/bases.athle.fr\/asp.net\/athletes.aspx?base=podiums&amp;seq=4455445542574554455449504455\">F.F.A<\/a> <\/span><\/span><\/li>\n<\/ul>\n<hr \/>\n<div id='gallery-1' class='gallery galleryid-143894 gallery-columns-2 gallery-size-thumbnail'><figure class='gallery-item'>\n\t\t\t<div class='gallery-icon portrait'>\n\t\t\t\t<a href='https:\/\/newsestlyonnais.fr\/site\/2021\/11\/25\/lyon-gilles-biron-2022-sera-une-annee-bien-remplie-niveau-rendez-vous-international\/1d16df2c-f289-40a9-a3b3-d145f0ba4d28_1_105_c\/'><img loading=\"lazy\" decoding=\"async\" width=\"100\" height=\"150\" src=\"https:\/\/newsestlyonnais.fr\/site\/wp-content\/uploads\/2021\/11\/1D16DF2C-F289-40A9-A3B3-D145F0BA4D28_1_105_c-250x375.jpeg\" class=\"attachment-thumbnail size-thumbnail\" alt=\"\" srcset=\"https:\/\/newsestlyonnais.fr\/site\/wp-content\/uploads\/2021\/11\/1D16DF2C-F289-40A9-A3B3-D145F0BA4D28_1_105_c-250x375.jpeg 250w, https:\/\/newsestlyonnais.fr\/site\/wp-content\/uploads\/2021\/11\/1D16DF2C-F289-40A9-A3B3-D145F0BA4D28_1_105_c-400x600.jpeg 400w, https:\/\/newsestlyonnais.fr\/site\/wp-content\/uploads\/2021\/11\/1D16DF2C-F289-40A9-A3B3-D145F0BA4D28_1_105_c-650x975.jpeg 650w, https:\/\/newsestlyonnais.fr\/site\/wp-content\/uploads\/2021\/11\/1D16DF2C-F289-40A9-A3B3-D145F0BA4D28_1_105_c-150x225.jpeg 150w, https:\/\/newsestlyonnais.fr\/site\/wp-content\/uploads\/2021\/11\/1D16DF2C-F289-40A9-A3B3-D145F0BA4D28_1_105_c-50x75.jpeg 50w, https:\/\/newsestlyonnais.fr\/site\/wp-content\/uploads\/2021\/11\/1D16DF2C-F289-40A9-A3B3-D145F0BA4D28_1_105_c-100x150.jpeg 100w, https:\/\/newsestlyonnais.fr\/site\/wp-content\/uploads\/2021\/11\/1D16DF2C-F289-40A9-A3B3-D145F0BA4D28_1_105_c-200x300.jpeg 200w, https:\/\/newsestlyonnais.fr\/site\/wp-content\/uploads\/2021\/11\/1D16DF2C-F289-40A9-A3B3-D145F0BA4D28_1_105_c-300x450.jpeg 300w, https:\/\/newsestlyonnais.fr\/site\/wp-content\/uploads\/2021\/11\/1D16DF2C-F289-40A9-A3B3-D145F0BA4D28_1_105_c-350x525.jpeg 350w, https:\/\/newsestlyonnais.fr\/site\/wp-content\/uploads\/2021\/11\/1D16DF2C-F289-40A9-A3B3-D145F0BA4D28_1_105_c-450x675.jpeg 450w, https:\/\/newsestlyonnais.fr\/site\/wp-content\/uploads\/2021\/11\/1D16DF2C-F289-40A9-A3B3-D145F0BA4D28_1_105_c-500x750.jpeg 500w, https:\/\/newsestlyonnais.fr\/site\/wp-content\/uploads\/2021\/11\/1D16DF2C-F289-40A9-A3B3-D145F0BA4D28_1_105_c-550x825.jpeg 550w, https:\/\/newsestlyonnais.fr\/site\/wp-content\/uploads\/2021\/11\/1D16DF2C-F289-40A9-A3B3-D145F0BA4D28_1_105_c.jpeg 724w\" sizes=\"auto, (max-width: 100px) 100vw, 100px\" \/><\/a>\n\t\t\t<\/div><\/figure><figure class='gallery-item'>\n\t\t\t<div class='gallery-icon portrait'>\n\t\t\t\t<a href='https:\/\/newsestlyonnais.fr\/site\/2021\/11\/25\/lyon-gilles-biron-2022-sera-une-annee-bien-remplie-niveau-rendez-vous-international\/0001_j2elite__45_sur_453_-copie\/'><img loading=\"lazy\" decoding=\"async\" width=\"76\" height=\"150\" src=\"https:\/\/newsestlyonnais.fr\/site\/wp-content\/uploads\/2021\/11\/0001_J2ELITE__45_sur_453_-copie-250x496.jpg\" class=\"attachment-thumbnail size-thumbnail\" alt=\"\" srcset=\"https:\/\/newsestlyonnais.fr\/site\/wp-content\/uploads\/2021\/11\/0001_J2ELITE__45_sur_453_-copie-250x496.jpg 250w, https:\/\/newsestlyonnais.fr\/site\/wp-content\/uploads\/2021\/11\/0001_J2ELITE__45_sur_453_-copie-400x793.jpg 400w, https:\/\/newsestlyonnais.fr\/site\/wp-content\/uploads\/2021\/11\/0001_J2ELITE__45_sur_453_-copie-650x1288.jpg 650w, https:\/\/newsestlyonnais.fr\/site\/wp-content\/uploads\/2021\/11\/0001_J2ELITE__45_sur_453_-copie-768x1522.jpg 768w, https:\/\/newsestlyonnais.fr\/site\/wp-content\/uploads\/2021\/11\/0001_J2ELITE__45_sur_453_-copie-775x1536.jpg 775w, https:\/\/newsestlyonnais.fr\/site\/wp-content\/uploads\/2021\/11\/0001_J2ELITE__45_sur_453_-copie-1033x2048.jpg 1033w, https:\/\/newsestlyonnais.fr\/site\/wp-content\/uploads\/2021\/11\/0001_J2ELITE__45_sur_453_-copie-150x297.jpg 150w, https:\/\/newsestlyonnais.fr\/site\/wp-content\/uploads\/2021\/11\/0001_J2ELITE__45_sur_453_-copie-50x99.jpg 50w, https:\/\/newsestlyonnais.fr\/site\/wp-content\/uploads\/2021\/11\/0001_J2ELITE__45_sur_453_-copie-100x198.jpg 100w, https:\/\/newsestlyonnais.fr\/site\/wp-content\/uploads\/2021\/11\/0001_J2ELITE__45_sur_453_-copie-200x396.jpg 200w, https:\/\/newsestlyonnais.fr\/site\/wp-content\/uploads\/2021\/11\/0001_J2ELITE__45_sur_453_-copie-300x595.jpg 300w, https:\/\/newsestlyonnais.fr\/site\/wp-content\/uploads\/2021\/11\/0001_J2ELITE__45_sur_453_-copie-350x694.jpg 350w, https:\/\/newsestlyonnais.fr\/site\/wp-content\/uploads\/2021\/11\/0001_J2ELITE__45_sur_453_-copie-450x892.jpg 450w, https:\/\/newsestlyonnais.fr\/site\/wp-content\/uploads\/2021\/11\/0001_J2ELITE__45_sur_453_-copie-500x991.jpg 500w, https:\/\/newsestlyonnais.fr\/site\/wp-content\/uploads\/2021\/11\/0001_J2ELITE__45_sur_453_-copie-550x1090.jpg 550w, https:\/\/newsestlyonnais.fr\/site\/wp-content\/uploads\/2021\/11\/0001_J2ELITE__45_sur_453_-copie-800x1586.jpg 800w, https:\/\/newsestlyonnais.fr\/site\/wp-content\/uploads\/2021\/11\/0001_J2ELITE__45_sur_453_-copie-1200x2378.jpg 1200w, https:\/\/newsestlyonnais.fr\/site\/wp-content\/uploads\/2021\/11\/0001_J2ELITE__45_sur_453_-copie.jpg 1281w\" sizes=\"auto, (max-width: 76px) 100vw, 76px\" \/><\/a>\n\t\t\t<\/div><\/figure>\n\t\t<\/div>\n\n<hr \/>\n<hr \/>\n<p>&nbsp;<\/p>\n","protected":false},"excerpt":{"rendered":"<p>L&rsquo;athl\u00e8te international, champion de France Elite du 400 m\u00e8tres et s\u00e9lectionn\u00e9 pour les JO de Tokyo dresse le bilan de l&rsquo;ann\u00e9e et \u00e9voque la suivante.<\/p>\n","protected":false},"author":4,"featured_media":143897,"comment_status":"open","ping_status":"open","sticky":false,"template":"","format":"standard","meta":{"footnotes":""},"categories":[2968,1625,3250,2],"tags":[2162,2283,4003,3686],"class_list":["post-143894","post","type-post","status-publish","format-standard","has-post-thumbnail","hentry","category-athle-course-pied-marche","category-lyon","category-recits-de-course-portraits-interviews","category-sports","tag-athletisme","tag-course-pedestre","tag-gilles-biron","tag-jo"],"yoast_head":"<!-- This site is optimized with the Yoast SEO plugin v27.2 - https:\/\/yoast.com\/product\/yoast-seo-wordpress\/ -->\n<title>LYON | Gilles Biron &quot;2022 sera une ann\u00e9e bien remplie, niveau rendez-vous international&quot; - News Est Lyonnais<\/title>\n<meta name=\"description\" content=\"LYON | Gilles Biron &quot;2022 sera une ann\u00e9e bien remplie, niveau rendez-vous international&quot;\" \/>\n<meta name=\"robots\" content=\"index, follow, max-snippet:-1, max-image-preview:large, max-video-preview:-1\" \/>\n<link rel=\"canonical\" href=\"https:\/\/newsestlyonnais.fr\/site\/2021\/11\/25\/lyon-gilles-biron-2022-sera-une-annee-bien-remplie-niveau-rendez-vous-international\/\" \/>\n<meta property=\"og:locale\" content=\"fr_FR\" \/>\n<meta property=\"og:type\" content=\"article\" \/>\n<meta property=\"og:title\" content=\"LYON | Gilles Biron &quot;2022 sera une ann\u00e9e bien remplie, niveau rendez-vous international&quot; - News Est Lyonnais\" \/>\n<meta property=\"og:description\" content=\"LYON | Gilles Biron &quot;2022 sera une ann\u00e9e bien remplie, niveau rendez-vous international&quot;\" \/>\n<meta property=\"og:url\" content=\"https:\/\/newsestlyonnais.fr\/site\/2021\/11\/25\/lyon-gilles-biron-2022-sera-une-annee-bien-remplie-niveau-rendez-vous-international\/\" \/>\n<meta property=\"og:site_name\" content=\"News Est Lyonnais\" \/>\n<meta property=\"article:author\" content=\"https:\/\/www.facebook.com\/pascal.oberson.1?fref=ts\" \/>\n<meta property=\"article:published_time\" content=\"2021-11-25T07:49:11+00:00\" \/>\n<meta property=\"article:modified_time\" content=\"2021-11-27T08:08:02+00:00\" \/>\n<meta property=\"og:image\" content=\"https:\/\/newsestlyonnais.fr\/site\/wp-content\/uploads\/2021\/11\/0001_J2ELITE__45_sur_453_.jpg\" \/>\n\t<meta property=\"og:image:width\" content=\"1200\" \/>\n\t<meta property=\"og:image:height\" content=\"800\" \/>\n\t<meta property=\"og:image:type\" content=\"image\/jpeg\" \/>\n<meta name=\"author\" content=\"R\u00e9dac. NEWS\" \/>\n<meta name=\"twitter:card\" content=\"summary_large_image\" \/>\n<meta name=\"twitter:label1\" content=\"\u00c9crit par\" \/>\n\t<meta name=\"twitter:data1\" content=\"R\u00e9dac. NEWS\" \/>\n\t<meta name=\"twitter:label2\" content=\"Dur\u00e9e de lecture estim\u00e9e\" \/>\n\t<meta name=\"twitter:data2\" content=\"4 minutes\" \/>\n<script type=\"application\/ld+json\" class=\"yoast-schema-graph\">{\"@context\":\"https:\/\/schema.org\",\"@graph\":[{\"@type\":\"Article\",\"@id\":\"https:\/\/newsestlyonnais.fr\/site\/2021\/11\/25\/lyon-gilles-biron-2022-sera-une-annee-bien-remplie-niveau-rendez-vous-international\/#article\",\"isPartOf\":{\"@id\":\"https:\/\/newsestlyonnais.fr\/site\/2021\/11\/25\/lyon-gilles-biron-2022-sera-une-annee-bien-remplie-niveau-rendez-vous-international\/\"},\"author\":{\"name\":\"R\u00e9dac. NEWS\",\"@id\":\"https:\/\/newsestlyonnais.fr\/site\/#\/schema\/person\/3230d5615f390bb808365d673001e887\"},\"headline\":\"LYON | Gilles Biron \u00ab\u00a02022 sera une ann\u00e9e bien remplie, niveau rendez-vous international\u00a0\u00bb\",\"datePublished\":\"2021-11-25T07:49:11+00:00\",\"dateModified\":\"2021-11-27T08:08:02+00:00\",\"mainEntityOfPage\":{\"@id\":\"https:\/\/newsestlyonnais.fr\/site\/2021\/11\/25\/lyon-gilles-biron-2022-sera-une-annee-bien-remplie-niveau-rendez-vous-international\/\"},\"wordCount\":762,\"commentCount\":0,\"publisher\":{\"@id\":\"https:\/\/newsestlyonnais.fr\/site\/#organization\"},\"image\":{\"@id\":\"https:\/\/newsestlyonnais.fr\/site\/2021\/11\/25\/lyon-gilles-biron-2022-sera-une-annee-bien-remplie-niveau-rendez-vous-international\/#primaryimage\"},\"thumbnailUrl\":\"https:\/\/newsestlyonnais.fr\/site\/wp-content\/uploads\/2021\/11\/0001_J2ELITE__45_sur_453_.jpg\",\"keywords\":[\"ATHLETISME\",\"course p\u00e9destre\",\"Gilles Biron\",\"JO\"],\"articleSection\":[\"Athl\u00e9 | Course pied | Marche\",\"Lyon\",\"R\u00e9cits de course \/ Portraits \/ Interviews\",\"Sports\"],\"inLanguage\":\"fr-FR\",\"potentialAction\":[{\"@type\":\"CommentAction\",\"name\":\"Comment\",\"target\":[\"https:\/\/newsestlyonnais.fr\/site\/2021\/11\/25\/lyon-gilles-biron-2022-sera-une-annee-bien-remplie-niveau-rendez-vous-international\/#respond\"]}]},{\"@type\":\"WebPage\",\"@id\":\"https:\/\/newsestlyonnais.fr\/site\/2021\/11\/25\/lyon-gilles-biron-2022-sera-une-annee-bien-remplie-niveau-rendez-vous-international\/\",\"url\":\"https:\/\/newsestlyonnais.fr\/site\/2021\/11\/25\/lyon-gilles-biron-2022-sera-une-annee-bien-remplie-niveau-rendez-vous-international\/\",\"name\":\"LYON | Gilles Biron \\\"2022 sera une ann\u00e9e bien remplie, niveau rendez-vous international\\\" - News Est Lyonnais\",\"isPartOf\":{\"@id\":\"https:\/\/newsestlyonnais.fr\/site\/#website\"},\"primaryImageOfPage\":{\"@id\":\"https:\/\/newsestlyonnais.fr\/site\/2021\/11\/25\/lyon-gilles-biron-2022-sera-une-annee-bien-remplie-niveau-rendez-vous-international\/#primaryimage\"},\"image\":{\"@id\":\"https:\/\/newsestlyonnais.fr\/site\/2021\/11\/25\/lyon-gilles-biron-2022-sera-une-annee-bien-remplie-niveau-rendez-vous-international\/#primaryimage\"},\"thumbnailUrl\":\"https:\/\/newsestlyonnais.fr\/site\/wp-content\/uploads\/2021\/11\/0001_J2ELITE__45_sur_453_.jpg\",\"datePublished\":\"2021-11-25T07:49:11+00:00\",\"dateModified\":\"2021-11-27T08:08:02+00:00\",\"description\":\"LYON | Gilles Biron \\\"2022 sera une ann\u00e9e bien remplie, niveau rendez-vous international\\\"\",\"breadcrumb\":{\"@id\":\"https:\/\/newsestlyonnais.fr\/site\/2021\/11\/25\/lyon-gilles-biron-2022-sera-une-annee-bien-remplie-niveau-rendez-vous-international\/#breadcrumb\"},\"inLanguage\":\"fr-FR\",\"potentialAction\":[{\"@type\":\"ReadAction\",\"target\":[\"https:\/\/newsestlyonnais.fr\/site\/2021\/11\/25\/lyon-gilles-biron-2022-sera-une-annee-bien-remplie-niveau-rendez-vous-international\/\"]}]},{\"@type\":\"ImageObject\",\"inLanguage\":\"fr-FR\",\"@id\":\"https:\/\/newsestlyonnais.fr\/site\/2021\/11\/25\/lyon-gilles-biron-2022-sera-une-annee-bien-remplie-niveau-rendez-vous-international\/#primaryimage\",\"url\":\"https:\/\/newsestlyonnais.fr\/site\/wp-content\/uploads\/2021\/11\/0001_J2ELITE__45_sur_453_.jpg\",\"contentUrl\":\"https:\/\/newsestlyonnais.fr\/site\/wp-content\/uploads\/2021\/11\/0001_J2ELITE__45_sur_453_.jpg\",\"width\":1200,\"height\":800},{\"@type\":\"BreadcrumbList\",\"@id\":\"https:\/\/newsestlyonnais.fr\/site\/2021\/11\/25\/lyon-gilles-biron-2022-sera-une-annee-bien-remplie-niveau-rendez-vous-international\/#breadcrumb\",\"itemListElement\":[{\"@type\":\"ListItem\",\"position\":1,\"name\":\"Accueil\",\"item\":\"https:\/\/newsestlyonnais.fr\/site\/\"},{\"@type\":\"ListItem\",\"position\":2,\"name\":\"LYON | Gilles Biron \u00ab\u00a02022 sera une ann\u00e9e bien remplie, niveau rendez-vous international\u00a0\u00bb\"}]},{\"@type\":\"WebSite\",\"@id\":\"https:\/\/newsestlyonnais.fr\/site\/#website\",\"url\":\"https:\/\/newsestlyonnais.fr\/site\/\",\"name\":\"News Est Lyonnais\",\"description\":\"L&#039;actualit\u00e9 au plus pr\u00e8s\",\"publisher\":{\"@id\":\"https:\/\/newsestlyonnais.fr\/site\/#organization\"},\"potentialAction\":[{\"@type\":\"SearchAction\",\"target\":{\"@type\":\"EntryPoint\",\"urlTemplate\":\"https:\/\/newsestlyonnais.fr\/site\/?s={search_term_string}\"},\"query-input\":{\"@type\":\"PropertyValueSpecification\",\"valueRequired\":true,\"valueName\":\"search_term_string\"}}],\"inLanguage\":\"fr-FR\"},{\"@type\":\"Organization\",\"@id\":\"https:\/\/newsestlyonnais.fr\/site\/#organization\",\"name\":\"News EST LYONNAIS\",\"url\":\"https:\/\/newsestlyonnais.fr\/site\/\",\"logo\":{\"@type\":\"ImageObject\",\"inLanguage\":\"fr-FR\",\"@id\":\"https:\/\/newsestlyonnais.fr\/site\/#\/schema\/logo\/image\/\",\"url\":\"\",\"contentUrl\":\"\",\"caption\":\"News EST LYONNAIS\"},\"image\":{\"@id\":\"https:\/\/newsestlyonnais.fr\/site\/#\/schema\/logo\/image\/\"}},{\"@type\":\"Person\",\"@id\":\"https:\/\/newsestlyonnais.fr\/site\/#\/schema\/person\/3230d5615f390bb808365d673001e887\",\"name\":\"R\u00e9dac. NEWS\",\"sameAs\":[\"http:\/\/www.newsestlyonnais.fr\",\"https:\/\/www.facebook.com\/pascal.oberson.1?fref=ts\",\"https:\/\/fr.linkedin.com\/in\/pascal-oberson-b17045113\"],\"url\":\"https:\/\/newsestlyonnais.fr\/site\/author\/nel\/\"}]}<\/script>\n<!-- \/ Yoast SEO plugin. -->","yoast_head_json":{"title":"LYON | Gilles Biron \"2022 sera une ann\u00e9e bien remplie, niveau rendez-vous international\" - News Est Lyonnais","description":"LYON | Gilles Biron \"2022 sera une ann\u00e9e bien remplie, niveau rendez-vous international\"","robots":{"index":"index","follow":"follow","max-snippet":"max-snippet:-1","max-image-preview":"max-image-preview:large","max-video-preview":"max-video-preview:-1"},"canonical":"https:\/\/newsestlyonnais.fr\/site\/2021\/11\/25\/lyon-gilles-biron-2022-sera-une-annee-bien-remplie-niveau-rendez-vous-international\/","og_locale":"fr_FR","og_type":"article","og_title":"LYON | Gilles Biron \"2022 sera une ann\u00e9e bien remplie, niveau rendez-vous international\" - News Est Lyonnais","og_description":"LYON | Gilles Biron \"2022 sera une ann\u00e9e bien remplie, niveau rendez-vous international\"","og_url":"https:\/\/newsestlyonnais.fr\/site\/2021\/11\/25\/lyon-gilles-biron-2022-sera-une-annee-bien-remplie-niveau-rendez-vous-international\/","og_site_name":"News Est Lyonnais","article_author":"https:\/\/www.facebook.com\/pascal.oberson.1?fref=ts","article_published_time":"2021-11-25T07:49:11+00:00","article_modified_time":"2021-11-27T08:08:02+00:00","og_image":[{"width":1200,"height":800,"url":"https:\/\/newsestlyonnais.fr\/site\/wp-content\/uploads\/2021\/11\/0001_J2ELITE__45_sur_453_.jpg","type":"image\/jpeg"}],"author":"R\u00e9dac. NEWS","twitter_card":"summary_large_image","twitter_misc":{"\u00c9crit par":"R\u00e9dac. NEWS","Dur\u00e9e de lecture estim\u00e9e":"4 minutes"},"schema":{"@context":"https:\/\/schema.org","@graph":[{"@type":"Article","@id":"https:\/\/newsestlyonnais.fr\/site\/2021\/11\/25\/lyon-gilles-biron-2022-sera-une-annee-bien-remplie-niveau-rendez-vous-international\/#article","isPartOf":{"@id":"https:\/\/newsestlyonnais.fr\/site\/2021\/11\/25\/lyon-gilles-biron-2022-sera-une-annee-bien-remplie-niveau-rendez-vous-international\/"},"author":{"name":"R\u00e9dac. NEWS","@id":"https:\/\/newsestlyonnais.fr\/site\/#\/schema\/person\/3230d5615f390bb808365d673001e887"},"headline":"LYON | Gilles Biron \u00ab\u00a02022 sera une ann\u00e9e bien remplie, niveau rendez-vous international\u00a0\u00bb","datePublished":"2021-11-25T07:49:11+00:00","dateModified":"2021-11-27T08:08:02+00:00","mainEntityOfPage":{"@id":"https:\/\/newsestlyonnais.fr\/site\/2021\/11\/25\/lyon-gilles-biron-2022-sera-une-annee-bien-remplie-niveau-rendez-vous-international\/"},"wordCount":762,"commentCount":0,"publisher":{"@id":"https:\/\/newsestlyonnais.fr\/site\/#organization"},"image":{"@id":"https:\/\/newsestlyonnais.fr\/site\/2021\/11\/25\/lyon-gilles-biron-2022-sera-une-annee-bien-remplie-niveau-rendez-vous-international\/#primaryimage"},"thumbnailUrl":"https:\/\/newsestlyonnais.fr\/site\/wp-content\/uploads\/2021\/11\/0001_J2ELITE__45_sur_453_.jpg","keywords":["ATHLETISME","course p\u00e9destre","Gilles Biron","JO"],"articleSection":["Athl\u00e9 | Course pied | Marche","Lyon","R\u00e9cits de course \/ Portraits \/ Interviews","Sports"],"inLanguage":"fr-FR","potentialAction":[{"@type":"CommentAction","name":"Comment","target":["https:\/\/newsestlyonnais.fr\/site\/2021\/11\/25\/lyon-gilles-biron-2022-sera-une-annee-bien-remplie-niveau-rendez-vous-international\/#respond"]}]},{"@type":"WebPage","@id":"https:\/\/newsestlyonnais.fr\/site\/2021\/11\/25\/lyon-gilles-biron-2022-sera-une-annee-bien-remplie-niveau-rendez-vous-international\/","url":"https:\/\/newsestlyonnais.fr\/site\/2021\/11\/25\/lyon-gilles-biron-2022-sera-une-annee-bien-remplie-niveau-rendez-vous-international\/","name":"LYON | Gilles Biron \"2022 sera une ann\u00e9e bien remplie, niveau rendez-vous international\" - News Est Lyonnais","isPartOf":{"@id":"https:\/\/newsestlyonnais.fr\/site\/#website"},"primaryImageOfPage":{"@id":"https:\/\/newsestlyonnais.fr\/site\/2021\/11\/25\/lyon-gilles-biron-2022-sera-une-annee-bien-remplie-niveau-rendez-vous-international\/#primaryimage"},"image":{"@id":"https:\/\/newsestlyonnais.fr\/site\/2021\/11\/25\/lyon-gilles-biron-2022-sera-une-annee-bien-remplie-niveau-rendez-vous-international\/#primaryimage"},"thumbnailUrl":"https:\/\/newsestlyonnais.fr\/site\/wp-content\/uploads\/2021\/11\/0001_J2ELITE__45_sur_453_.jpg","datePublished":"2021-11-25T07:49:11+00:00","dateModified":"2021-11-27T08:08:02+00:00","description":"LYON | Gilles Biron \"2022 sera une ann\u00e9e bien remplie, niveau rendez-vous international\"","breadcrumb":{"@id":"https:\/\/newsestlyonnais.fr\/site\/2021\/11\/25\/lyon-gilles-biron-2022-sera-une-annee-bien-remplie-niveau-rendez-vous-international\/#breadcrumb"},"inLanguage":"fr-FR","potentialAction":[{"@type":"ReadAction","target":["https:\/\/newsestlyonnais.fr\/site\/2021\/11\/25\/lyon-gilles-biron-2022-sera-une-annee-bien-remplie-niveau-rendez-vous-international\/"]}]},{"@type":"ImageObject","inLanguage":"fr-FR","@id":"https:\/\/newsestlyonnais.fr\/site\/2021\/11\/25\/lyon-gilles-biron-2022-sera-une-annee-bien-remplie-niveau-rendez-vous-international\/#primaryimage","url":"https:\/\/newsestlyonnais.fr\/site\/wp-content\/uploads\/2021\/11\/0001_J2ELITE__45_sur_453_.jpg","contentUrl":"https:\/\/newsestlyonnais.fr\/site\/wp-content\/uploads\/2021\/11\/0001_J2ELITE__45_sur_453_.jpg","width":1200,"height":800},{"@type":"BreadcrumbList","@id":"https:\/\/newsestlyonnais.fr\/site\/2021\/11\/25\/lyon-gilles-biron-2022-sera-une-annee-bien-remplie-niveau-rendez-vous-international\/#breadcrumb","itemListElement":[{"@type":"ListItem","position":1,"name":"Accueil","item":"https:\/\/newsestlyonnais.fr\/site\/"},{"@type":"ListItem","position":2,"name":"LYON | Gilles Biron \u00ab\u00a02022 sera une ann\u00e9e bien remplie, niveau rendez-vous international\u00a0\u00bb"}]},{"@type":"WebSite","@id":"https:\/\/newsestlyonnais.fr\/site\/#website","url":"https:\/\/newsestlyonnais.fr\/site\/","name":"News Est Lyonnais","description":"L&#039;actualit\u00e9 au plus pr\u00e8s","publisher":{"@id":"https:\/\/newsestlyonnais.fr\/site\/#organization"},"potentialAction":[{"@type":"SearchAction","target":{"@type":"EntryPoint","urlTemplate":"https:\/\/newsestlyonnais.fr\/site\/?s={search_term_string}"},"query-input":{"@type":"PropertyValueSpecification","valueRequired":true,"valueName":"search_term_string"}}],"inLanguage":"fr-FR"},{"@type":"Organization","@id":"https:\/\/newsestlyonnais.fr\/site\/#organization","name":"News EST LYONNAIS","url":"https:\/\/newsestlyonnais.fr\/site\/","logo":{"@type":"ImageObject","inLanguage":"fr-FR","@id":"https:\/\/newsestlyonnais.fr\/site\/#\/schema\/logo\/image\/","url":"","contentUrl":"","caption":"News EST LYONNAIS"},"image":{"@id":"https:\/\/newsestlyonnais.fr\/site\/#\/schema\/logo\/image\/"}},{"@type":"Person","@id":"https:\/\/newsestlyonnais.fr\/site\/#\/schema\/person\/3230d5615f390bb808365d673001e887","name":"R\u00e9dac. NEWS","sameAs":["http:\/\/www.newsestlyonnais.fr","https:\/\/www.facebook.com\/pascal.oberson.1?fref=ts","https:\/\/fr.linkedin.com\/in\/pascal-oberson-b17045113"],"url":"https:\/\/newsestlyonnais.fr\/site\/author\/nel\/"}]}},"_links":{"self":[{"href":"https:\/\/newsestlyonnais.fr\/site\/wp-json\/wp\/v2\/posts\/143894","targetHints":{"allow":["GET"]}}],"collection":[{"href":"https:\/\/newsestlyonnais.fr\/site\/wp-json\/wp\/v2\/posts"}],"about":[{"href":"https:\/\/newsestlyonnais.fr\/site\/wp-json\/wp\/v2\/types\/post"}],"author":[{"embeddable":true,"href":"https:\/\/newsestlyonnais.fr\/site\/wp-json\/wp\/v2\/users\/4"}],"replies":[{"embeddable":true,"href":"https:\/\/newsestlyonnais.fr\/site\/wp-json\/wp\/v2\/comments?post=143894"}],"version-history":[{"count":0,"href":"https:\/\/newsestlyonnais.fr\/site\/wp-json\/wp\/v2\/posts\/143894\/revisions"}],"wp:featuredmedia":[{"embeddable":true,"href":"https:\/\/newsestlyonnais.fr\/site\/wp-json\/wp\/v2\/media\/143897"}],"wp:attachment":[{"href":"https:\/\/newsestlyonnais.fr\/site\/wp-json\/wp\/v2\/media?parent=143894"}],"wp:term":[{"taxonomy":"category","embeddable":true,"href":"https:\/\/newsestlyonnais.fr\/site\/wp-json\/wp\/v2\/categories?post=143894"},{"taxonomy":"post_tag","embeddable":true,"href":"https:\/\/newsestlyonnais.fr\/site\/wp-json\/wp\/v2\/tags?post=143894"}],"curies":[{"name":"wp","href":"https:\/\/api.w.org\/{rel}","templated":true}]}}