{"id":145448,"date":"2021-12-16T14:58:10","date_gmt":"2021-12-16T13:58:10","guid":{"rendered":"https:\/\/newsestlyonnais.fr\/site\/?p=145448"},"modified":"2021-12-16T14:58:10","modified_gmt":"2021-12-16T13:58:10","slug":"transports-tcl-fr-une-solution-daccessibilite-numerique-pour-handinautes-et-seniors","status":"publish","type":"post","link":"https:\/\/newsestlyonnais.fr\/site\/2021\/12\/16\/transports-tcl-fr-une-solution-daccessibilite-numerique-pour-handinautes-et-seniors\/","title":{"rendered":"TRANSPORTS | TCL.FR < une solution d'accessibilit\u00e9 num\u00e9rique pour \u00ab handinautes \u00bb et seniors"},"content":{"rendered":"<p><span id=\"page3R_mcid8\" class=\"markedContent\"><span dir=\"ltr\" role=\"presentation\">Du renouvellement du mat\u00e9riel roulant \u00e0 la mise en accessibilit\u00e9 des arr\u00eats, en passant par<\/span> <span dir=\"ltr\" role=\"presentation\">l\u2019information voyageurs ou encore la mise en place de services sp\u00e9cifiques, <strong>le<\/strong><\/span><strong> <span dir=\"ltr\" role=\"presentation\">SYTRAL, en lien avec<\/span> <span dir=\"ltr\" role=\"presentation\">ses partenaires, travaille depuis pr\u00e8s de 30 ans afin de rendre le r\u00e9seau de transports en<\/span> <span dir=\"ltr\" role=\"presentation\">commun accessible \u00e0 tous.<\/span><\/strong><\/span><span id=\"page3R_mcid9\" class=\"markedContent\"><\/span><span id=\"page3R_mcid10\" class=\"markedContent\"><\/span><\/p>\n<p><span id=\"page3R_mcid10\" class=\"markedContent\"><span dir=\"ltr\" role=\"presentation\">Initi\u00e9 depuis plus de 15 ans, le dispositif d\u2019information voyageurs \u00e9volue r\u00e9guli\u00e8rement,<\/span> <span dir=\"ltr\" role=\"presentation\">s\u2019appuyant sur l\u2019innovation, au c\u0153ur de l\u2019action du SYTRAL. De nombreux outils performants sont<\/span> <span dir=\"ltr\" role=\"presentation\">ainsi d\u00e9ploy\u00e9s a<\/span><span dir=\"ltr\" role=\"presentation\">fin d\u2019offrir aux voyageurs des d\u00e9placements simplifi\u00e9s et optimis\u00e9s, favorisant <\/span><span dir=\"ltr\" role=\"presentation\">l\u2019intermodalit\u00e9.<\/span><\/span><\/p>\n<p><span id=\"page3R_mcid12\" class=\"markedContent\"><span dir=\"ltr\" role=\"presentation\">D\u00e8s<\/span> <span dir=\"ltr\" role=\"presentation\">aujourd\u2019hui<\/span><span dir=\"ltr\" role=\"presentation\">, le SYTRAL lance une exp\u00e9rimentation pour adapter le site<\/span><\/span><strong><a href=\"https:\/\/www.tcl.fr\"><span id=\"page3R_mcid13\" class=\"markedContent\" style=\"color: #0000ff;\"> <span dir=\"ltr\" role=\"presentation\">tcl.fr<\/span><\/span><\/a><\/strong><span id=\"page3R_mcid14\" class=\"markedContent\"> <span dir=\"ltr\" role=\"presentation\">et le rendre<\/span> <span dir=\"ltr\" role=\"presentation\">accessible aux utilisateurs atteints de fragilit\u00e9s dites \u00ab invisibles \u00bb<\/span> <span dir=\"ltr\" role=\"presentation\">afin qu\u2019ils puissent avoir<\/span> <span dir=\"ltr\" role=\"presentation\">acc\u00e8s<\/span> <span dir=\"ltr\" role=\"presentation\">\u00e0 l\u2019ensemble des informations en fonction de leur handicap<\/span> <span dir=\"ltr\" role=\"presentation\">: \u00e9largissement de la zone de clic pour<\/span> <span dir=\"ltr\" role=\"presentation\">les personnes atteintes de la maladie de Parkinson, ajustement des contrastes pour les personnes<\/span> <span dir=\"ltr\" role=\"presentation\">souffrant de cataracte, grossissement des caract\u00e8res pour les seniors ou encore changement de<\/span> <span dir=\"ltr\" role=\"presentation\">couleurs pour les personnes daltoniennes, etc. \u00c0 travers<\/span> <span dir=\"ltr\" role=\"presentation\">ces fonctionnalit\u00e9s, cet outil innovant<\/span> <span dir=\"ltr\" role=\"presentation\">permet d\u2019adapter l\u2019affichage de tout<\/span><span dir=\"ltr\" role=\"presentation\">es les pages du site <a href=\"https:\/\/www.tcl.fr\"><span style=\"color: #0000ff;\"><strong>tcl.fr<\/strong><\/span><\/a><\/span> <span dir=\"ltr\" role=\"presentation\">pour offrir une exp\u00e9rience de<\/span> <span dir=\"ltr\" role=\"presentation\">navigation optimale aux personnes porteuses de troubles visuels, moteurs ou bien cognitifs mais<\/span> <span dir=\"ltr\" role=\"presentation\">\u00e9galement aux seniors ou \u00e0 toute personne ayant des difficult\u00e9s de navigation.<\/span><\/span><span id=\"page3R_mcid15\" class=\"markedContent\"><\/span><\/p>\n<hr \/>\n<p><span id=\"page3R_mcid15\" class=\"markedContent\"><span dir=\"ltr\" role=\"presentation\">\u00ab<\/span> <span dir=\"ltr\" role=\"presentation\">L\u2019accessibilit\u00e9 de tous \u00e0 l\u2019ensemble de nos services est une priorit\u00e9 du SYTRAL.<\/span> <span dir=\"ltr\" role=\"presentation\">Cette <\/span><span dir=\"ltr\" role=\"presentation\">exp\u00e9rimentation d\u2019une dur\u00e9e de 3 mois,<\/span> <span dir=\"ltr\" role=\"presentation\">confirme notre engagement en faveur des publics les<\/span> <span dir=\"ltr\" role=\"presentation\">plus fragiles afin de leur offrir un service de qualit\u00e9 favorisant ainsi leur autonomie et leur <\/span><span dir=\"ltr\" role=\"presentation\">mobilit\u00e9 dans les transports du quotidien \u00bb,<\/span> <strong><span dir=\"ltr\" role=\"presentation\">d\u00e9clare Bruno Bernard, pr\u00e9sident de la M\u00e9tropole de<\/span> <span dir=\"ltr\" role=\"presentation\">Lyon et du SYTRAL.<\/span><\/strong><\/span><span id=\"page3R_mcid16\" class=\"markedContent\"><\/span><span id=\"page3R_mcid17\" class=\"markedContent\"><\/span><\/p>\n<hr \/>\n<p><span id=\"page3R_mcid17\" class=\"markedContent\"><span style=\"background-color: #000000; color: #ffffff;\"><strong><span dir=\"ltr\" role=\"presentation\">Cette solution d\u2019accessibilit\u00e9 innovante propos\u00e9e par FACIL\u2019iti<\/span> <span dir=\"ltr\" role=\"presentation\">permet de lutter contre l\u2019exclusion<\/span> <\/strong><\/span><span dir=\"ltr\" role=\"presentation\"><span style=\"background-color: #000000; color: #ffffff;\"><strong>num\u00e9rique et de rendre internet accessible \u00e0 tous<\/strong>.<\/span> <\/span><\/span><\/p>\n<p><span id=\"page3R_mcid17\" class=\"markedContent\"><span dir=\"ltr\" role=\"presentation\"><strong>Disponible depuis la<\/strong><\/span><strong> <span dir=\"ltr\" role=\"presentation\">page d\u2019accueil du site<\/span><\/strong><\/span><strong><a href=\"https:\/\/www.tcl.fr\"><span id=\"page3R_mcid18\" class=\"markedContent\" style=\"color: #0000ff;\"> <span dir=\"ltr\" role=\"presentation\">tcl.fr<\/span><\/span><\/a><\/strong><span id=\"page3R_mcid19\" class=\"markedContent\"> <span dir=\"ltr\" role=\"presentation\"><strong>et sur tout type d\u2019appareil (ordinateur, tablette et smartphone),<\/strong> <strong>ce<\/strong><\/span> <span dir=\"ltr\" role=\"presentation\"><strong>dispositif est gratuit pour <\/strong><span id=\"page35R_mcid0\" class=\"markedContent\"><strong>l\u2019internaute et tr\u00e8s simple d\u2019utilisation :<\/strong> une fois le profil configur\u00e9 en fonction des besoins et des handicaps de la personne, l&rsquo;affichage des pages est param\u00e9tr\u00e9 automatiquement.<\/span><span id=\"page35R_mcid1\" class=\"markedContent\"><\/span><span id=\"page35R_mcid2\" class=\"markedContent\"><\/span><\/span><\/span><\/p>\n<hr \/>\n<p><span id=\"page3R_mcid19\" class=\"markedContent\"><span dir=\"ltr\" role=\"presentation\"><strong><span id=\"page35R_mcid2\" class=\"markedContent\">Lors de la premi\u00e8re utilisation, il suffit de cliquer le logo FACIL\u2019iti int\u00e9gr\u00e9 en haut \u00e0 droite de la page d\u2019accueil et de cr\u00e9er son profil en s\u00e9lectionnant l\u2019un des modes de cr\u00e9ation :<\/span><span id=\"page35R_mcid3\" class=\"markedContent\"><\/span><\/strong><span id=\"page35R_mcid4\" class=\"markedContent\"><\/span><\/span><\/span><\/p>\n<ul>\n<li><span id=\"page3R_mcid19\" class=\"markedContent\"><span dir=\"ltr\" role=\"presentation\"><span id=\"page35R_mcid4\" class=\"markedContent\">En un clic, l\u2019un des profils pr\u00e9enregistr\u00e9s sur la plateforme (seniors, confort ou en fonction d\u2019une pathologie pr\u00e9cise)<\/span><span id=\"page35R_mcid5\" class=\"markedContent\"><\/span><\/span><\/span><\/li>\n<li><span id=\"page3R_mcid19\" class=\"markedContent\"><span dir=\"ltr\" role=\"presentation\"><span id=\"page35R_mcid5\" class=\"markedContent\">Sur-mesure en cumulant et en croisant les diff\u00e9rentes fonctionnalit\u00e9s disponibles<\/span><\/span><\/span><\/li>\n<\/ul>\n<p><strong><span id=\"page3R_mcid19\" class=\"markedContent\"><span dir=\"ltr\" role=\"presentation\"><span id=\"page35R_mcid7\" class=\"markedContent\">Lorsque l\u2019utilisateur revient sur le site, il est instantan\u00e9ment adapt\u00e9 \u00e0 son <\/span><\/span><\/span><\/strong><span id=\"page3R_mcid19\" class=\"markedContent\"><span dir=\"ltr\" role=\"presentation\"><strong><span id=\"page35R_mcid7\" class=\"markedContent\">profil et les r\u00e9glages sont sauvegard\u00e9s.<\/span><\/strong><span id=\"page35R_mcid8\" class=\"markedContent\"><\/span><span id=\"page35R_mcid9\" class=\"markedContent\"><\/span><span id=\"page35R_mcid10\" class=\"markedContent\"><\/span><\/span><\/span><br role=\"presentation\" \/><span id=\"page3R_mcid19\" class=\"markedContent\"><span id=\"page35R_mcid10\" class=\"markedContent\"><\/span><\/span><\/p>\n<p><span id=\"page3R_mcid19\" class=\"markedContent\"><span dir=\"ltr\" role=\"presentation\"><span id=\"page35R_mcid10\" class=\"markedContent\">Par ailleurs, le SYTRAL poursuit les ajustements n\u00e9cessaires pour renforcer l\u2019accessibilit\u00e9 du site <a href=\"https:\/\/www.tcl.fr\"><span style=\"color: #0000ff;\"><strong>tcl.fr<\/strong><\/span><\/a> pour les personnes aveugles et malvoyantes. <\/span><span id=\"page35R_mcid11\" class=\"markedContent\"><\/span><span id=\"page35R_mcid12\" class=\"markedContent\"><\/span><\/span><\/span><br role=\"presentation\" \/><span id=\"page3R_mcid19\" class=\"markedContent\"><span id=\"page35R_mcid12\" class=\"markedContent\"><\/span><\/span><\/p>\n<p><span id=\"page3R_mcid19\" class=\"markedContent\"><span dir=\"ltr\" role=\"presentation\"><span id=\"page35R_mcid12\" class=\"markedContent\">Depuis 2008, le SYTRAL a engag\u00e9 plus de 100 M\u20ac dans le d\u00e9veloppement et la mise en place d\u2019actions en faveur de l\u2019accessibilit\u00e9 du r\u00e9seau lyonnais, qui s\u2019inscrivent dans une d\u00e9marche g\u00e9n\u00e9rale de confort \u00e0 destination de l\u2019ensemble des voyages quotidiens. <\/span><\/span><\/span><\/p>\n<p><strong><span id=\"page3R_mcid19\" class=\"markedContent\"><span dir=\"ltr\" role=\"presentation\"><span id=\"page35R_mcid12\" class=\"markedContent\">Aujourd\u2019hui, le r\u00e9seau TCL offre un excellent niveau d\u2019accessibilit\u00e9 \u00e0 ses clients et est reconnu en France comme l\u2019un des plus adapt\u00e9s.<\/span><\/span><\/span><\/strong><\/p>\n<hr \/>\n<p><span style=\"background-color: #000000; color: #ffffff;\"><em><strong>&gt; Source : communiqu\u00e9 de presse du SYTRAL de ce jour.<\/strong> <\/em><\/span><\/p>\n","protected":false},"excerpt":{"rendered":"<p>Elle permet d\u2019adapter l\u2019affichage des pages pour personnes porteuses de troubles visuels, moteurs ou cognitifs, seniors ou toute personne ayant des difficult\u00e9s de navigation.<\/p>\n","protected":false},"author":4,"featured_media":118764,"comment_status":"open","ping_status":"open","sticky":false,"template":"","format":"standard","meta":{"footnotes":""},"categories":[2217,2172,18,13],"tags":[2388,2051,2050],"class_list":["post-145448","post","type-post","status-publish","format-standard","has-post-thumbnail","hentry","category-breves-de-lest-lyonnais","category-informatique-numerique","category-sante-bien-etre-solidarite","category-transports-circulation","tag-accessibilite","tag-tcl","tag-transports"],"yoast_head":"<!-- This site is optimized with the Yoast SEO plugin v27.2 - https:\/\/yoast.com\/product\/yoast-seo-wordpress\/ -->\n<title>TRANSPORTS | TCL.FR &lt; une solution d&#039;accessibilit\u00e9 num\u00e9rique pour \u00ab handinautes \u00bb et seniors - News Est Lyonnais<\/title>\n<meta name=\"description\" content=\"TRANSPORTS | TCL.FR &lt; une solution d&#039;accessibilit\u00e9 num\u00e9rique pour \u00ab handinautes \u00bb et seniors\" \/>\n<meta name=\"robots\" content=\"index, follow, max-snippet:-1, max-image-preview:large, max-video-preview:-1\" \/>\n<link rel=\"canonical\" href=\"https:\/\/newsestlyonnais.fr\/site\/2021\/12\/16\/transports-tcl-fr-une-solution-daccessibilite-numerique-pour-handinautes-et-seniors\/\" \/>\n<meta property=\"og:locale\" content=\"fr_FR\" \/>\n<meta property=\"og:type\" content=\"article\" \/>\n<meta property=\"og:title\" content=\"TRANSPORTS | TCL.FR &lt; une solution d&#039;accessibilit\u00e9 num\u00e9rique pour \u00ab handinautes \u00bb et seniors - News Est Lyonnais\" \/>\n<meta property=\"og:description\" content=\"TRANSPORTS | TCL.FR &lt; une solution d&#039;accessibilit\u00e9 num\u00e9rique pour \u00ab handinautes \u00bb et seniors\" \/>\n<meta property=\"og:url\" content=\"https:\/\/newsestlyonnais.fr\/site\/2021\/12\/16\/transports-tcl-fr-une-solution-daccessibilite-numerique-pour-handinautes-et-seniors\/\" \/>\n<meta property=\"og:site_name\" content=\"News Est Lyonnais\" \/>\n<meta property=\"article:author\" content=\"https:\/\/www.facebook.com\/pascal.oberson.1?fref=ts\" \/>\n<meta property=\"article:published_time\" content=\"2021-12-16T13:58:10+00:00\" \/>\n<meta property=\"og:image\" content=\"https:\/\/newsestlyonnais.fr\/site\/wp-content\/uploads\/2020\/11\/NEWSESTLYONNAIS-BUS-TCL-BIS.jpg\" \/>\n\t<meta property=\"og:image:width\" content=\"1200\" \/>\n\t<meta property=\"og:image:height\" content=\"800\" \/>\n\t<meta property=\"og:image:type\" content=\"image\/jpeg\" \/>\n<meta name=\"author\" content=\"R\u00e9dac. NEWS\" \/>\n<meta name=\"twitter:card\" content=\"summary_large_image\" \/>\n<meta name=\"twitter:label1\" content=\"\u00c9crit par\" \/>\n\t<meta name=\"twitter:data1\" content=\"R\u00e9dac. NEWS\" \/>\n\t<meta name=\"twitter:label2\" content=\"Dur\u00e9e de lecture estim\u00e9e\" \/>\n\t<meta name=\"twitter:data2\" content=\"3 minutes\" \/>\n<script type=\"application\/ld+json\" class=\"yoast-schema-graph\">{\"@context\":\"https:\/\/schema.org\",\"@graph\":[{\"@type\":\"Article\",\"@id\":\"https:\/\/newsestlyonnais.fr\/site\/2021\/12\/16\/transports-tcl-fr-une-solution-daccessibilite-numerique-pour-handinautes-et-seniors\/#article\",\"isPartOf\":{\"@id\":\"https:\/\/newsestlyonnais.fr\/site\/2021\/12\/16\/transports-tcl-fr-une-solution-daccessibilite-numerique-pour-handinautes-et-seniors\/\"},\"author\":{\"name\":\"R\u00e9dac. NEWS\",\"@id\":\"https:\/\/newsestlyonnais.fr\/site\/#\/schema\/person\/3230d5615f390bb808365d673001e887\"},\"headline\":\"TRANSPORTS | TCL.FR < une solution d'accessibilit\u00e9 num\u00e9rique pour \u00ab handinautes \u00bb et seniors\",\"datePublished\":\"2021-12-16T13:58:10+00:00\",\"mainEntityOfPage\":{\"@id\":\"https:\/\/newsestlyonnais.fr\/site\/2021\/12\/16\/transports-tcl-fr-une-solution-daccessibilite-numerique-pour-handinautes-et-seniors\/\"},\"wordCount\":607,\"commentCount\":0,\"publisher\":{\"@id\":\"https:\/\/newsestlyonnais.fr\/site\/#organization\"},\"image\":{\"@id\":\"https:\/\/newsestlyonnais.fr\/site\/2021\/12\/16\/transports-tcl-fr-une-solution-daccessibilite-numerique-pour-handinautes-et-seniors\/#primaryimage\"},\"thumbnailUrl\":\"https:\/\/newsestlyonnais.fr\/site\/wp-content\/uploads\/2020\/11\/NEWSESTLYONNAIS-BUS-TCL-BIS.jpg\",\"keywords\":[\"ACCESSIBILITE\",\"TCL\",\"TRANSPORTS\"],\"articleSection\":[\"Br\u00e8ves de l'Est lyonnais\",\"Informatique | Num\u00e9rique\",\"Sant\u00e9 | Bien Etre | Solidarit\u00e9\",\"Transports | Circulation\"],\"inLanguage\":\"fr-FR\",\"potentialAction\":[{\"@type\":\"CommentAction\",\"name\":\"Comment\",\"target\":[\"https:\/\/newsestlyonnais.fr\/site\/2021\/12\/16\/transports-tcl-fr-une-solution-daccessibilite-numerique-pour-handinautes-et-seniors\/#respond\"]}]},{\"@type\":\"WebPage\",\"@id\":\"https:\/\/newsestlyonnais.fr\/site\/2021\/12\/16\/transports-tcl-fr-une-solution-daccessibilite-numerique-pour-handinautes-et-seniors\/\",\"url\":\"https:\/\/newsestlyonnais.fr\/site\/2021\/12\/16\/transports-tcl-fr-une-solution-daccessibilite-numerique-pour-handinautes-et-seniors\/\",\"name\":\"TRANSPORTS | TCL.FR < une solution d'accessibilit\u00e9 num\u00e9rique pour \u00ab handinautes \u00bb et seniors - News Est Lyonnais\",\"isPartOf\":{\"@id\":\"https:\/\/newsestlyonnais.fr\/site\/#website\"},\"primaryImageOfPage\":{\"@id\":\"https:\/\/newsestlyonnais.fr\/site\/2021\/12\/16\/transports-tcl-fr-une-solution-daccessibilite-numerique-pour-handinautes-et-seniors\/#primaryimage\"},\"image\":{\"@id\":\"https:\/\/newsestlyonnais.fr\/site\/2021\/12\/16\/transports-tcl-fr-une-solution-daccessibilite-numerique-pour-handinautes-et-seniors\/#primaryimage\"},\"thumbnailUrl\":\"https:\/\/newsestlyonnais.fr\/site\/wp-content\/uploads\/2020\/11\/NEWSESTLYONNAIS-BUS-TCL-BIS.jpg\",\"datePublished\":\"2021-12-16T13:58:10+00:00\",\"description\":\"TRANSPORTS | TCL.FR &lt; une solution d&#039;accessibilit\u00e9 num\u00e9rique pour \u00ab handinautes \u00bb et seniors\",\"breadcrumb\":{\"@id\":\"https:\/\/newsestlyonnais.fr\/site\/2021\/12\/16\/transports-tcl-fr-une-solution-daccessibilite-numerique-pour-handinautes-et-seniors\/#breadcrumb\"},\"inLanguage\":\"fr-FR\",\"potentialAction\":[{\"@type\":\"ReadAction\",\"target\":[\"https:\/\/newsestlyonnais.fr\/site\/2021\/12\/16\/transports-tcl-fr-une-solution-daccessibilite-numerique-pour-handinautes-et-seniors\/\"]}]},{\"@type\":\"ImageObject\",\"inLanguage\":\"fr-FR\",\"@id\":\"https:\/\/newsestlyonnais.fr\/site\/2021\/12\/16\/transports-tcl-fr-une-solution-daccessibilite-numerique-pour-handinautes-et-seniors\/#primaryimage\",\"url\":\"https:\/\/newsestlyonnais.fr\/site\/wp-content\/uploads\/2020\/11\/NEWSESTLYONNAIS-BUS-TCL-BIS.jpg\",\"contentUrl\":\"https:\/\/newsestlyonnais.fr\/site\/wp-content\/uploads\/2020\/11\/NEWSESTLYONNAIS-BUS-TCL-BIS.jpg\",\"width\":1200,\"height\":800},{\"@type\":\"BreadcrumbList\",\"@id\":\"https:\/\/newsestlyonnais.fr\/site\/2021\/12\/16\/transports-tcl-fr-une-solution-daccessibilite-numerique-pour-handinautes-et-seniors\/#breadcrumb\",\"itemListElement\":[{\"@type\":\"ListItem\",\"position\":1,\"name\":\"Accueil\",\"item\":\"https:\/\/newsestlyonnais.fr\/site\/\"},{\"@type\":\"ListItem\",\"position\":2,\"name\":\"TRANSPORTS | TCL.FR < une solution d'accessibilit\u00e9 num\u00e9rique pour \u00ab handinautes \u00bb et seniors\"}]},{\"@type\":\"WebSite\",\"@id\":\"https:\/\/newsestlyonnais.fr\/site\/#website\",\"url\":\"https:\/\/newsestlyonnais.fr\/site\/\",\"name\":\"News Est Lyonnais\",\"description\":\"L&#039;actualit\u00e9 au plus pr\u00e8s\",\"publisher\":{\"@id\":\"https:\/\/newsestlyonnais.fr\/site\/#organization\"},\"potentialAction\":[{\"@type\":\"SearchAction\",\"target\":{\"@type\":\"EntryPoint\",\"urlTemplate\":\"https:\/\/newsestlyonnais.fr\/site\/?s={search_term_string}\"},\"query-input\":{\"@type\":\"PropertyValueSpecification\",\"valueRequired\":true,\"valueName\":\"search_term_string\"}}],\"inLanguage\":\"fr-FR\"},{\"@type\":\"Organization\",\"@id\":\"https:\/\/newsestlyonnais.fr\/site\/#organization\",\"name\":\"News EST LYONNAIS\",\"url\":\"https:\/\/newsestlyonnais.fr\/site\/\",\"logo\":{\"@type\":\"ImageObject\",\"inLanguage\":\"fr-FR\",\"@id\":\"https:\/\/newsestlyonnais.fr\/site\/#\/schema\/logo\/image\/\",\"url\":\"\",\"contentUrl\":\"\",\"caption\":\"News EST LYONNAIS\"},\"image\":{\"@id\":\"https:\/\/newsestlyonnais.fr\/site\/#\/schema\/logo\/image\/\"}},{\"@type\":\"Person\",\"@id\":\"https:\/\/newsestlyonnais.fr\/site\/#\/schema\/person\/3230d5615f390bb808365d673001e887\",\"name\":\"R\u00e9dac. NEWS\",\"sameAs\":[\"http:\/\/www.newsestlyonnais.fr\",\"https:\/\/www.facebook.com\/pascal.oberson.1?fref=ts\",\"https:\/\/fr.linkedin.com\/in\/pascal-oberson-b17045113\"],\"url\":\"https:\/\/newsestlyonnais.fr\/site\/author\/nel\/\"}]}<\/script>\n<!-- \/ Yoast SEO plugin. -->","yoast_head_json":{"title":"TRANSPORTS | TCL.FR < une solution d'accessibilit\u00e9 num\u00e9rique pour \u00ab handinautes \u00bb et seniors - News Est Lyonnais","description":"TRANSPORTS | TCL.FR &lt; une solution d&#039;accessibilit\u00e9 num\u00e9rique pour \u00ab handinautes \u00bb et seniors","robots":{"index":"index","follow":"follow","max-snippet":"max-snippet:-1","max-image-preview":"max-image-preview:large","max-video-preview":"max-video-preview:-1"},"canonical":"https:\/\/newsestlyonnais.fr\/site\/2021\/12\/16\/transports-tcl-fr-une-solution-daccessibilite-numerique-pour-handinautes-et-seniors\/","og_locale":"fr_FR","og_type":"article","og_title":"TRANSPORTS | TCL.FR < une solution d'accessibilit\u00e9 num\u00e9rique pour \u00ab handinautes \u00bb et seniors - News Est Lyonnais","og_description":"TRANSPORTS | TCL.FR &lt; une solution d&#039;accessibilit\u00e9 num\u00e9rique pour \u00ab handinautes \u00bb et seniors","og_url":"https:\/\/newsestlyonnais.fr\/site\/2021\/12\/16\/transports-tcl-fr-une-solution-daccessibilite-numerique-pour-handinautes-et-seniors\/","og_site_name":"News Est Lyonnais","article_author":"https:\/\/www.facebook.com\/pascal.oberson.1?fref=ts","article_published_time":"2021-12-16T13:58:10+00:00","og_image":[{"width":1200,"height":800,"url":"https:\/\/newsestlyonnais.fr\/site\/wp-content\/uploads\/2020\/11\/NEWSESTLYONNAIS-BUS-TCL-BIS.jpg","type":"image\/jpeg"}],"author":"R\u00e9dac. NEWS","twitter_card":"summary_large_image","twitter_misc":{"\u00c9crit par":"R\u00e9dac. NEWS","Dur\u00e9e de lecture estim\u00e9e":"3 minutes"},"schema":{"@context":"https:\/\/schema.org","@graph":[{"@type":"Article","@id":"https:\/\/newsestlyonnais.fr\/site\/2021\/12\/16\/transports-tcl-fr-une-solution-daccessibilite-numerique-pour-handinautes-et-seniors\/#article","isPartOf":{"@id":"https:\/\/newsestlyonnais.fr\/site\/2021\/12\/16\/transports-tcl-fr-une-solution-daccessibilite-numerique-pour-handinautes-et-seniors\/"},"author":{"name":"R\u00e9dac. NEWS","@id":"https:\/\/newsestlyonnais.fr\/site\/#\/schema\/person\/3230d5615f390bb808365d673001e887"},"headline":"TRANSPORTS | TCL.FR < une solution d'accessibilit\u00e9 num\u00e9rique pour \u00ab handinautes \u00bb et seniors","datePublished":"2021-12-16T13:58:10+00:00","mainEntityOfPage":{"@id":"https:\/\/newsestlyonnais.fr\/site\/2021\/12\/16\/transports-tcl-fr-une-solution-daccessibilite-numerique-pour-handinautes-et-seniors\/"},"wordCount":607,"commentCount":0,"publisher":{"@id":"https:\/\/newsestlyonnais.fr\/site\/#organization"},"image":{"@id":"https:\/\/newsestlyonnais.fr\/site\/2021\/12\/16\/transports-tcl-fr-une-solution-daccessibilite-numerique-pour-handinautes-et-seniors\/#primaryimage"},"thumbnailUrl":"https:\/\/newsestlyonnais.fr\/site\/wp-content\/uploads\/2020\/11\/NEWSESTLYONNAIS-BUS-TCL-BIS.jpg","keywords":["ACCESSIBILITE","TCL","TRANSPORTS"],"articleSection":["Br\u00e8ves de l'Est lyonnais","Informatique | Num\u00e9rique","Sant\u00e9 | Bien Etre | Solidarit\u00e9","Transports | Circulation"],"inLanguage":"fr-FR","potentialAction":[{"@type":"CommentAction","name":"Comment","target":["https:\/\/newsestlyonnais.fr\/site\/2021\/12\/16\/transports-tcl-fr-une-solution-daccessibilite-numerique-pour-handinautes-et-seniors\/#respond"]}]},{"@type":"WebPage","@id":"https:\/\/newsestlyonnais.fr\/site\/2021\/12\/16\/transports-tcl-fr-une-solution-daccessibilite-numerique-pour-handinautes-et-seniors\/","url":"https:\/\/newsestlyonnais.fr\/site\/2021\/12\/16\/transports-tcl-fr-une-solution-daccessibilite-numerique-pour-handinautes-et-seniors\/","name":"TRANSPORTS | TCL.FR < une solution d'accessibilit\u00e9 num\u00e9rique pour \u00ab handinautes \u00bb et seniors - News Est Lyonnais","isPartOf":{"@id":"https:\/\/newsestlyonnais.fr\/site\/#website"},"primaryImageOfPage":{"@id":"https:\/\/newsestlyonnais.fr\/site\/2021\/12\/16\/transports-tcl-fr-une-solution-daccessibilite-numerique-pour-handinautes-et-seniors\/#primaryimage"},"image":{"@id":"https:\/\/newsestlyonnais.fr\/site\/2021\/12\/16\/transports-tcl-fr-une-solution-daccessibilite-numerique-pour-handinautes-et-seniors\/#primaryimage"},"thumbnailUrl":"https:\/\/newsestlyonnais.fr\/site\/wp-content\/uploads\/2020\/11\/NEWSESTLYONNAIS-BUS-TCL-BIS.jpg","datePublished":"2021-12-16T13:58:10+00:00","description":"TRANSPORTS | TCL.FR &lt; une solution d&#039;accessibilit\u00e9 num\u00e9rique pour \u00ab handinautes \u00bb et seniors","breadcrumb":{"@id":"https:\/\/newsestlyonnais.fr\/site\/2021\/12\/16\/transports-tcl-fr-une-solution-daccessibilite-numerique-pour-handinautes-et-seniors\/#breadcrumb"},"inLanguage":"fr-FR","potentialAction":[{"@type":"ReadAction","target":["https:\/\/newsestlyonnais.fr\/site\/2021\/12\/16\/transports-tcl-fr-une-solution-daccessibilite-numerique-pour-handinautes-et-seniors\/"]}]},{"@type":"ImageObject","inLanguage":"fr-FR","@id":"https:\/\/newsestlyonnais.fr\/site\/2021\/12\/16\/transports-tcl-fr-une-solution-daccessibilite-numerique-pour-handinautes-et-seniors\/#primaryimage","url":"https:\/\/newsestlyonnais.fr\/site\/wp-content\/uploads\/2020\/11\/NEWSESTLYONNAIS-BUS-TCL-BIS.jpg","contentUrl":"https:\/\/newsestlyonnais.fr\/site\/wp-content\/uploads\/2020\/11\/NEWSESTLYONNAIS-BUS-TCL-BIS.jpg","width":1200,"height":800},{"@type":"BreadcrumbList","@id":"https:\/\/newsestlyonnais.fr\/site\/2021\/12\/16\/transports-tcl-fr-une-solution-daccessibilite-numerique-pour-handinautes-et-seniors\/#breadcrumb","itemListElement":[{"@type":"ListItem","position":1,"name":"Accueil","item":"https:\/\/newsestlyonnais.fr\/site\/"},{"@type":"ListItem","position":2,"name":"TRANSPORTS | TCL.FR < une solution d'accessibilit\u00e9 num\u00e9rique pour \u00ab handinautes \u00bb et seniors"}]},{"@type":"WebSite","@id":"https:\/\/newsestlyonnais.fr\/site\/#website","url":"https:\/\/newsestlyonnais.fr\/site\/","name":"News Est Lyonnais","description":"L&#039;actualit\u00e9 au plus pr\u00e8s","publisher":{"@id":"https:\/\/newsestlyonnais.fr\/site\/#organization"},"potentialAction":[{"@type":"SearchAction","target":{"@type":"EntryPoint","urlTemplate":"https:\/\/newsestlyonnais.fr\/site\/?s={search_term_string}"},"query-input":{"@type":"PropertyValueSpecification","valueRequired":true,"valueName":"search_term_string"}}],"inLanguage":"fr-FR"},{"@type":"Organization","@id":"https:\/\/newsestlyonnais.fr\/site\/#organization","name":"News EST LYONNAIS","url":"https:\/\/newsestlyonnais.fr\/site\/","logo":{"@type":"ImageObject","inLanguage":"fr-FR","@id":"https:\/\/newsestlyonnais.fr\/site\/#\/schema\/logo\/image\/","url":"","contentUrl":"","caption":"News EST LYONNAIS"},"image":{"@id":"https:\/\/newsestlyonnais.fr\/site\/#\/schema\/logo\/image\/"}},{"@type":"Person","@id":"https:\/\/newsestlyonnais.fr\/site\/#\/schema\/person\/3230d5615f390bb808365d673001e887","name":"R\u00e9dac. NEWS","sameAs":["http:\/\/www.newsestlyonnais.fr","https:\/\/www.facebook.com\/pascal.oberson.1?fref=ts","https:\/\/fr.linkedin.com\/in\/pascal-oberson-b17045113"],"url":"https:\/\/newsestlyonnais.fr\/site\/author\/nel\/"}]}},"_links":{"self":[{"href":"https:\/\/newsestlyonnais.fr\/site\/wp-json\/wp\/v2\/posts\/145448","targetHints":{"allow":["GET"]}}],"collection":[{"href":"https:\/\/newsestlyonnais.fr\/site\/wp-json\/wp\/v2\/posts"}],"about":[{"href":"https:\/\/newsestlyonnais.fr\/site\/wp-json\/wp\/v2\/types\/post"}],"author":[{"embeddable":true,"href":"https:\/\/newsestlyonnais.fr\/site\/wp-json\/wp\/v2\/users\/4"}],"replies":[{"embeddable":true,"href":"https:\/\/newsestlyonnais.fr\/site\/wp-json\/wp\/v2\/comments?post=145448"}],"version-history":[{"count":0,"href":"https:\/\/newsestlyonnais.fr\/site\/wp-json\/wp\/v2\/posts\/145448\/revisions"}],"wp:featuredmedia":[{"embeddable":true,"href":"https:\/\/newsestlyonnais.fr\/site\/wp-json\/wp\/v2\/media\/118764"}],"wp:attachment":[{"href":"https:\/\/newsestlyonnais.fr\/site\/wp-json\/wp\/v2\/media?parent=145448"}],"wp:term":[{"taxonomy":"category","embeddable":true,"href":"https:\/\/newsestlyonnais.fr\/site\/wp-json\/wp\/v2\/categories?post=145448"},{"taxonomy":"post_tag","embeddable":true,"href":"https:\/\/newsestlyonnais.fr\/site\/wp-json\/wp\/v2\/tags?post=145448"}],"curies":[{"name":"wp","href":"https:\/\/api.w.org\/{rel}","templated":true}]}}