{"id":145960,"date":"2021-12-26T08:41:24","date_gmt":"2021-12-26T07:41:24","guid":{"rendered":"https:\/\/newsestlyonnais.fr\/site\/?p=145960"},"modified":"2023-12-22T17:32:43","modified_gmt":"2023-12-22T16:32:43","slug":"alexandre-lloveras-etre-champion-paralympique-cest-lobjectif-dune-carriere","status":"publish","type":"post","link":"https:\/\/newsestlyonnais.fr\/site\/2021\/12\/26\/alexandre-lloveras-etre-champion-paralympique-cest-lobjectif-dune-carriere\/","title":{"rendered":"Alexandre Lloveras \u00ab\u00a0Etre champion paralympique, c\u2019est l\u2019objectif d\u2019une carri\u00e8re ! \u00ab\u00a0"},"content":{"rendered":"<p><span style=\"font-size: 14pt; background-color: #000000; color: #ffffff;\"><strong>Commune de r\u00e9sidence et club sportif actuel ?<\/strong><\/span><\/p>\n<p>\u00a0\u00bb J\u2019habite dans le 8\u00b0 arrondissement de Lyon et suis licenci\u00e9 au <span style=\"color: #0000ff;\"><a style=\"color: #0000ff;\" href=\"https:\/\/tandemclubrhodanien.bike\">Tandem Club Rhodanien<\/a><\/span> (handisport), et au <span style=\"color: #0000ff;\"><a style=\"color: #0000ff;\" href=\"https:\/\/www.veloclubcorbas.com\">Corbas Lyon M\u00e9tropole<\/a><\/span>. Etudiant en 3\u00b0 ann\u00e9e de kin\u00e9. \u00a0\u00bb<\/p>\n<p><span style=\"font-size: 14pt; background-color: #000000; color: #ffffff;\"><strong>D&rsquo;abord pr\u00e9sentation sommaire de ton pass\u00e9 sportif et palmar\u00e8s :<\/strong><\/span><\/p>\n<p>\u00a0\u00bb Je m\u2019appelle Alexandre Lloveras, j\u2019ai 21 ans, et je suis atteint d\u2019une maladie g\u00e9n\u00e9tique qui touche la r\u00e9tine.<\/p>\n<p><strong>Etant d\u00e9ficient visuel, je concours donc dans la cat\u00e9gorie \u00ab tandem \u00bb avec mon co\u00e9quipier Corentin Ermenault.<\/strong><\/p>\n<p><img loading=\"lazy\" decoding=\"async\" class=\"alignleft size-medium wp-image-145987\" src=\"https:\/\/newsestlyonnais.fr\/site\/wp-content\/uploads\/2021\/12\/Internet_20210429_140135_101-400x266.jpeg\" alt=\"\" width=\"400\" height=\"266\" srcset=\"https:\/\/newsestlyonnais.fr\/site\/wp-content\/uploads\/2021\/12\/Internet_20210429_140135_101-400x266.jpeg 400w, https:\/\/newsestlyonnais.fr\/site\/wp-content\/uploads\/2021\/12\/Internet_20210429_140135_101-250x167.jpeg 250w, https:\/\/newsestlyonnais.fr\/site\/wp-content\/uploads\/2021\/12\/Internet_20210429_140135_101-150x100.jpeg 150w, https:\/\/newsestlyonnais.fr\/site\/wp-content\/uploads\/2021\/12\/Internet_20210429_140135_101-50x33.jpeg 50w, https:\/\/newsestlyonnais.fr\/site\/wp-content\/uploads\/2021\/12\/Internet_20210429_140135_101-100x67.jpeg 100w, https:\/\/newsestlyonnais.fr\/site\/wp-content\/uploads\/2021\/12\/Internet_20210429_140135_101-200x133.jpeg 200w, https:\/\/newsestlyonnais.fr\/site\/wp-content\/uploads\/2021\/12\/Internet_20210429_140135_101-300x200.jpeg 300w, https:\/\/newsestlyonnais.fr\/site\/wp-content\/uploads\/2021\/12\/Internet_20210429_140135_101-350x233.jpeg 350w, https:\/\/newsestlyonnais.fr\/site\/wp-content\/uploads\/2021\/12\/Internet_20210429_140135_101-450x300.jpeg 450w, https:\/\/newsestlyonnais.fr\/site\/wp-content\/uploads\/2021\/12\/Internet_20210429_140135_101-500x333.jpeg 500w, https:\/\/newsestlyonnais.fr\/site\/wp-content\/uploads\/2021\/12\/Internet_20210429_140135_101.jpeg 512w\" sizes=\"auto, (max-width: 400px) 100vw, 400px\" \/><\/p>\n<ul>\n<li>2015 : Int\u00e9gration du P\u00f4le France d\u2019Athl\u00e9tisme Handisport<\/li>\n<li>2018 : suite \u00e0 de nombreuses blessures, je me r\u00e9oriente vers le cyclisme<\/li>\n<li>2019 : <strong>Vice-Champion de France du contre-la-montre<\/strong><\/li>\n<li>2020 : <strong>Champion de France de la poursuite<\/strong> (4 km sur piste), du contre-la-montre sur route, et de la course sur route<\/li>\n<li>2021 : <strong>Champion Paralympique du contre-la-montre<\/strong>, <strong>m\u00e9daill\u00e9 de bronze de la course en ligne \u00e0 Tokyo<\/strong>, et 4\u00b0 de la poursuite (en attendant une \u00e9ventuelle disqualification du tandem polonais\u2026). \u00ab\u00a0<\/li>\n<\/ul>\n<hr \/>\n<p><span style=\"background-color: #000000; color: #ffffff;\"><strong><span style=\"font-size: 14pt; background-color: #000000;\">Tes points forts et distances pr\u00e9f\u00e9r\u00e9es ? Combien d\u2019heures d\u2019entra\u00eenement par semaine et coach\u00e9 par qui ?<\/span> <\/strong><\/span><\/p>\n<p>\u00a0\u00bb Mes points forts : bosseur, dur au mal \u00e0 l\u2019entra\u00eenement !<\/p>\n<p>20 h d\u2019entra\u00eenement par semaine, jusqu\u2019\u00e0 25 h les grosses semaines. Je suis coach\u00e9 par Mathieu Jeanne.<\/p>\n<p><strong>J\u2019appr\u00e9cie les 3 courses<\/strong> sur lesquelles j\u2019\u00e9tais align\u00e9 aux Jeux, <strong>la plus dure reste la poursuite 4 km sur piste<\/strong>, c\u2019est un effort maximal rendu tr\u00e8s difficile par l\u2019acide lactique. \u00a0\u00bb<\/p>\n<p><span style=\"background-color: #000000; color: #ffffff;\"><strong><span style=\"font-size: 14pt; background-color: #000000;\">Apr\u00e8s une ann\u00e9e 2020 tronqu\u00e9e, as-tu \u00e9t\u00e9 perturb\u00e9 dans ta pr\u00e9paration ?<\/span><\/strong><\/span><\/p>\n<p>\u00a0\u00bb <strong>Non, bien au contraire<\/strong>\u2026 Au d\u00e9part, mon objectif \u00e9tait Paris 2024. Mais j\u2019ai bien progress\u00e9 durant le confinement et j\u2019ai su saisir l\u2019opportunit\u00e9 qui se pr\u00e9sentait \u00e0 moi. \u00a0\u00bb<\/p>\n<p><span style=\"font-size: 14pt; background-color: #000000; color: #ffffff;\"><strong>Avant de la d\u00e9tailler, comment qualifierais-tu cette ann\u00e9e 2021 avec cette crise sanitaire ? <\/strong><\/span><\/p>\n<p>\u00a0\u00bb <strong>Incroyable, ph\u00e9nom\u00e9nale, irr\u00e9aliste<\/strong>\u2026 \u00a0\u00bb<\/p>\n<p><span style=\"font-size: 14pt; background-color: #000000; color: #ffffff;\"><strong>Quel en a \u00e9t\u00e9 le moment fort ?\u00a0 <\/strong><\/span><\/p>\n<p>\u00a0\u00bb <strong>Bien s\u00fbr notre titre de Champions Paralympiques, et la Marseillaise sur le podium, j\u2019en ai encore des frissons !<\/strong> \u00a0\u00bb<\/p>\n<p><img loading=\"lazy\" decoding=\"async\" class=\"aligncenter size-medium wp-image-145983\" src=\"https:\/\/newsestlyonnais.fr\/site\/wp-content\/uploads\/2021\/12\/2021-09-01_11-32-00-Copie-400x267.jpg\" alt=\"\" width=\"400\" height=\"267\" srcset=\"https:\/\/newsestlyonnais.fr\/site\/wp-content\/uploads\/2021\/12\/2021-09-01_11-32-00-Copie-400x267.jpg 400w, https:\/\/newsestlyonnais.fr\/site\/wp-content\/uploads\/2021\/12\/2021-09-01_11-32-00-Copie-650x433.jpg 650w, https:\/\/newsestlyonnais.fr\/site\/wp-content\/uploads\/2021\/12\/2021-09-01_11-32-00-Copie-250x167.jpg 250w, https:\/\/newsestlyonnais.fr\/site\/wp-content\/uploads\/2021\/12\/2021-09-01_11-32-00-Copie-768x512.jpg 768w, https:\/\/newsestlyonnais.fr\/site\/wp-content\/uploads\/2021\/12\/2021-09-01_11-32-00-Copie-150x100.jpg 150w, https:\/\/newsestlyonnais.fr\/site\/wp-content\/uploads\/2021\/12\/2021-09-01_11-32-00-Copie-50x33.jpg 50w, https:\/\/newsestlyonnais.fr\/site\/wp-content\/uploads\/2021\/12\/2021-09-01_11-32-00-Copie-100x67.jpg 100w, https:\/\/newsestlyonnais.fr\/site\/wp-content\/uploads\/2021\/12\/2021-09-01_11-32-00-Copie-200x133.jpg 200w, https:\/\/newsestlyonnais.fr\/site\/wp-content\/uploads\/2021\/12\/2021-09-01_11-32-00-Copie-300x200.jpg 300w, https:\/\/newsestlyonnais.fr\/site\/wp-content\/uploads\/2021\/12\/2021-09-01_11-32-00-Copie-350x233.jpg 350w, https:\/\/newsestlyonnais.fr\/site\/wp-content\/uploads\/2021\/12\/2021-09-01_11-32-00-Copie-450x300.jpg 450w, https:\/\/newsestlyonnais.fr\/site\/wp-content\/uploads\/2021\/12\/2021-09-01_11-32-00-Copie-500x333.jpg 500w, https:\/\/newsestlyonnais.fr\/site\/wp-content\/uploads\/2021\/12\/2021-09-01_11-32-00-Copie-550x367.jpg 550w, https:\/\/newsestlyonnais.fr\/site\/wp-content\/uploads\/2021\/12\/2021-09-01_11-32-00-Copie-800x533.jpg 800w, https:\/\/newsestlyonnais.fr\/site\/wp-content\/uploads\/2021\/12\/2021-09-01_11-32-00-Copie.jpg 1200w\" sizes=\"auto, (max-width: 400px) 100vw, 400px\" \/><\/p>\n<hr \/>\n<p><span style=\"font-size: 14pt; background-color: #000000; color: #ffffff;\"><strong>Combien de courses as tu disput\u00e9, en as tu d\u00e9couvert de nouvelles ?<\/strong><\/span> <strong>(j\u2019ai tout d\u00e9couvert !)<\/strong><\/p>\n<p>\u00ab\u00a0<strong> Belgique Ostende<\/strong> (d\u00e9but mai) : <strong>notre 1\u00b0 course internationale<\/strong> : contre-la-montre (30 km) : 12\u00b0 (ennuis m\u00e9caniques) &amp; course (100 km) : 2\u00b0.<\/p>\n<p><strong>Portugal (Estoril<\/strong>) (mi-juin) : <strong>championnat du monde<\/strong> : contre-la-montre (32 km) : <strong>Vice-champions du monde<\/strong>. course (115 km) : 7\u00b0.<\/p>\n<p><strong>Jeux Paralympiques de Tokyo<\/strong> : poursuite 4 km : 4\u201905 : 4\u00b0. contre-la-montre (33 km) : <strong>Champions Paralympiques<\/strong> !!!. Course (120 km) : 3\u00b0. \u00a0\u00bb<\/p>\n<p><span style=\"font-size: 14pt; background-color: #000000; color: #ffffff;\"><strong>Bilan Sportif, as-tu atteint tes objectifs ? <\/strong><\/span><\/p>\n<p>\u00a0\u00bb <strong>L\u2019objectif est clairement atteint !<\/strong> Obtenir un titre de Champion Paralympique, <strong>c\u2019est l\u2019objectif d\u2019une carri\u00e8re !<\/strong> Ce sont des moments inoubliables, <strong>et je vais tout faire pour les revivre en France en 2024, avec ma famille et mes proches<\/strong>. \u00a0\u00bb<\/p>\n<hr \/>\n<p><span style=\"font-size: 14pt; background-color: #000000; color: #ffffff;\"><strong>Quel est ton programme pour 2022 ?<\/strong><\/span><\/p>\n<p>\u00a0\u00bb <strong>Suspense ! Je ne peux pas encore vous le d\u00e9voiler<\/strong>, je vous invite \u00e0 me suivre sur mon compte instagram (<span style=\"color: #0000ff;\"><a style=\"color: #0000ff;\" href=\"https:\/\/www.instagram.com\/alexandre_lloveras\/\">alexandre_lloveras<\/a><\/span>), <strong>il va y avoir du nouveau ! <\/strong>\u00ab\u00a0.<strong><br \/>\n<\/strong><\/p>\n<hr \/>\n<div id='gallery-1' class='gallery galleryid-145960 gallery-columns-3 gallery-size-thumbnail'><figure class='gallery-item'>\n\t\t\t<div class='gallery-icon landscape'>\n\t\t\t\t<a href='https:\/\/newsestlyonnais.fr\/site\/2021\/12\/26\/alexandre-lloveras-etre-champion-paralympique-cest-lobjectif-dune-carriere\/fb_img_1623396148862\/'><img loading=\"lazy\" decoding=\"async\" width=\"150\" height=\"100\" src=\"https:\/\/newsestlyonnais.fr\/site\/wp-content\/uploads\/2021\/12\/FB_IMG_1623396148862-250x167.jpg\" class=\"attachment-thumbnail size-thumbnail\" alt=\"\" srcset=\"https:\/\/newsestlyonnais.fr\/site\/wp-content\/uploads\/2021\/12\/FB_IMG_1623396148862-250x167.jpg 250w, https:\/\/newsestlyonnais.fr\/site\/wp-content\/uploads\/2021\/12\/FB_IMG_1623396148862-400x267.jpg 400w, https:\/\/newsestlyonnais.fr\/site\/wp-content\/uploads\/2021\/12\/FB_IMG_1623396148862-650x433.jpg 650w, https:\/\/newsestlyonnais.fr\/site\/wp-content\/uploads\/2021\/12\/FB_IMG_1623396148862-768x512.jpg 768w, https:\/\/newsestlyonnais.fr\/site\/wp-content\/uploads\/2021\/12\/FB_IMG_1623396148862-150x100.jpg 150w, https:\/\/newsestlyonnais.fr\/site\/wp-content\/uploads\/2021\/12\/FB_IMG_1623396148862-50x33.jpg 50w, https:\/\/newsestlyonnais.fr\/site\/wp-content\/uploads\/2021\/12\/FB_IMG_1623396148862-100x67.jpg 100w, https:\/\/newsestlyonnais.fr\/site\/wp-content\/uploads\/2021\/12\/FB_IMG_1623396148862-200x133.jpg 200w, https:\/\/newsestlyonnais.fr\/site\/wp-content\/uploads\/2021\/12\/FB_IMG_1623396148862-300x200.jpg 300w, https:\/\/newsestlyonnais.fr\/site\/wp-content\/uploads\/2021\/12\/FB_IMG_1623396148862-350x233.jpg 350w, https:\/\/newsestlyonnais.fr\/site\/wp-content\/uploads\/2021\/12\/FB_IMG_1623396148862-450x300.jpg 450w, https:\/\/newsestlyonnais.fr\/site\/wp-content\/uploads\/2021\/12\/FB_IMG_1623396148862-500x333.jpg 500w, https:\/\/newsestlyonnais.fr\/site\/wp-content\/uploads\/2021\/12\/FB_IMG_1623396148862-550x367.jpg 550w, https:\/\/newsestlyonnais.fr\/site\/wp-content\/uploads\/2021\/12\/FB_IMG_1623396148862-800x533.jpg 800w, https:\/\/newsestlyonnais.fr\/site\/wp-content\/uploads\/2021\/12\/FB_IMG_1623396148862.jpg 1080w\" sizes=\"auto, (max-width: 150px) 100vw, 150px\" \/><\/a>\n\t\t\t<\/div><\/figure><figure class='gallery-item'>\n\t\t\t<div class='gallery-icon landscape'>\n\t\t\t\t<a href='https:\/\/newsestlyonnais.fr\/site\/2021\/12\/26\/alexandre-lloveras-etre-champion-paralympique-cest-lobjectif-dune-carriere\/fb_img_1631013810030\/'><img loading=\"lazy\" decoding=\"async\" width=\"150\" height=\"103\" src=\"https:\/\/newsestlyonnais.fr\/site\/wp-content\/uploads\/2021\/12\/FB_IMG_1631013810030-250x172.jpg\" class=\"attachment-thumbnail size-thumbnail\" alt=\"\" srcset=\"https:\/\/newsestlyonnais.fr\/site\/wp-content\/uploads\/2021\/12\/FB_IMG_1631013810030-250x172.jpg 250w, https:\/\/newsestlyonnais.fr\/site\/wp-content\/uploads\/2021\/12\/FB_IMG_1631013810030-400x276.jpg 400w, https:\/\/newsestlyonnais.fr\/site\/wp-content\/uploads\/2021\/12\/FB_IMG_1631013810030-650x448.jpg 650w, https:\/\/newsestlyonnais.fr\/site\/wp-content\/uploads\/2021\/12\/FB_IMG_1631013810030-768x530.jpg 768w, https:\/\/newsestlyonnais.fr\/site\/wp-content\/uploads\/2021\/12\/FB_IMG_1631013810030-150x103.jpg 150w, https:\/\/newsestlyonnais.fr\/site\/wp-content\/uploads\/2021\/12\/FB_IMG_1631013810030-50x34.jpg 50w, https:\/\/newsestlyonnais.fr\/site\/wp-content\/uploads\/2021\/12\/FB_IMG_1631013810030-100x69.jpg 100w, https:\/\/newsestlyonnais.fr\/site\/wp-content\/uploads\/2021\/12\/FB_IMG_1631013810030-200x138.jpg 200w, https:\/\/newsestlyonnais.fr\/site\/wp-content\/uploads\/2021\/12\/FB_IMG_1631013810030-300x207.jpg 300w, https:\/\/newsestlyonnais.fr\/site\/wp-content\/uploads\/2021\/12\/FB_IMG_1631013810030-350x241.jpg 350w, https:\/\/newsestlyonnais.fr\/site\/wp-content\/uploads\/2021\/12\/FB_IMG_1631013810030-450x310.jpg 450w, https:\/\/newsestlyonnais.fr\/site\/wp-content\/uploads\/2021\/12\/FB_IMG_1631013810030-500x345.jpg 500w, https:\/\/newsestlyonnais.fr\/site\/wp-content\/uploads\/2021\/12\/FB_IMG_1631013810030-550x379.jpg 550w, https:\/\/newsestlyonnais.fr\/site\/wp-content\/uploads\/2021\/12\/FB_IMG_1631013810030-800x552.jpg 800w, https:\/\/newsestlyonnais.fr\/site\/wp-content\/uploads\/2021\/12\/FB_IMG_1631013810030.jpg 1080w\" sizes=\"auto, (max-width: 150px) 100vw, 150px\" \/><\/a>\n\t\t\t<\/div><\/figure><figure class='gallery-item'>\n\t\t\t<div class='gallery-icon landscape'>\n\t\t\t\t<a href='https:\/\/newsestlyonnais.fr\/site\/2021\/12\/26\/alexandre-lloveras-etre-champion-paralympique-cest-lobjectif-dune-carriere\/img_20210905_231336_553\/'><img loading=\"lazy\" decoding=\"async\" width=\"150\" height=\"113\" src=\"https:\/\/newsestlyonnais.fr\/site\/wp-content\/uploads\/2021\/12\/IMG_20210905_231336_553-250x188.jpg\" class=\"attachment-thumbnail size-thumbnail\" alt=\"\" srcset=\"https:\/\/newsestlyonnais.fr\/site\/wp-content\/uploads\/2021\/12\/IMG_20210905_231336_553-250x188.jpg 250w, https:\/\/newsestlyonnais.fr\/site\/wp-content\/uploads\/2021\/12\/IMG_20210905_231336_553-400x301.jpg 400w, https:\/\/newsestlyonnais.fr\/site\/wp-content\/uploads\/2021\/12\/IMG_20210905_231336_553-650x488.jpg 650w, https:\/\/newsestlyonnais.fr\/site\/wp-content\/uploads\/2021\/12\/IMG_20210905_231336_553-768x577.jpg 768w, https:\/\/newsestlyonnais.fr\/site\/wp-content\/uploads\/2021\/12\/IMG_20210905_231336_553-150x113.jpg 150w, https:\/\/newsestlyonnais.fr\/site\/wp-content\/uploads\/2021\/12\/IMG_20210905_231336_553-50x38.jpg 50w, https:\/\/newsestlyonnais.fr\/site\/wp-content\/uploads\/2021\/12\/IMG_20210905_231336_553-100x75.jpg 100w, https:\/\/newsestlyonnais.fr\/site\/wp-content\/uploads\/2021\/12\/IMG_20210905_231336_553-200x150.jpg 200w, https:\/\/newsestlyonnais.fr\/site\/wp-content\/uploads\/2021\/12\/IMG_20210905_231336_553-300x225.jpg 300w, https:\/\/newsestlyonnais.fr\/site\/wp-content\/uploads\/2021\/12\/IMG_20210905_231336_553-350x263.jpg 350w, https:\/\/newsestlyonnais.fr\/site\/wp-content\/uploads\/2021\/12\/IMG_20210905_231336_553-450x338.jpg 450w, https:\/\/newsestlyonnais.fr\/site\/wp-content\/uploads\/2021\/12\/IMG_20210905_231336_553-500x376.jpg 500w, https:\/\/newsestlyonnais.fr\/site\/wp-content\/uploads\/2021\/12\/IMG_20210905_231336_553-550x413.jpg 550w, https:\/\/newsestlyonnais.fr\/site\/wp-content\/uploads\/2021\/12\/IMG_20210905_231336_553-800x601.jpg 800w, https:\/\/newsestlyonnais.fr\/site\/wp-content\/uploads\/2021\/12\/IMG_20210905_231336_553.jpg 873w\" sizes=\"auto, (max-width: 150px) 100vw, 150px\" \/><\/a>\n\t\t\t<\/div><\/figure><figure class='gallery-item'>\n\t\t\t<div class='gallery-icon landscape'>\n\t\t\t\t<a href='https:\/\/newsestlyonnais.fr\/site\/2021\/12\/26\/alexandre-lloveras-etre-champion-paralympique-cest-lobjectif-dune-carriere\/fb_img_1631013874496\/'><img loading=\"lazy\" decoding=\"async\" width=\"150\" height=\"103\" src=\"https:\/\/newsestlyonnais.fr\/site\/wp-content\/uploads\/2021\/12\/FB_IMG_1631013874496-250x171.jpg\" class=\"attachment-thumbnail size-thumbnail\" alt=\"\" srcset=\"https:\/\/newsestlyonnais.fr\/site\/wp-content\/uploads\/2021\/12\/FB_IMG_1631013874496-250x171.jpg 250w, https:\/\/newsestlyonnais.fr\/site\/wp-content\/uploads\/2021\/12\/FB_IMG_1631013874496-400x274.jpg 400w, https:\/\/newsestlyonnais.fr\/site\/wp-content\/uploads\/2021\/12\/FB_IMG_1631013874496-650x445.jpg 650w, https:\/\/newsestlyonnais.fr\/site\/wp-content\/uploads\/2021\/12\/FB_IMG_1631013874496-768x526.jpg 768w, https:\/\/newsestlyonnais.fr\/site\/wp-content\/uploads\/2021\/12\/FB_IMG_1631013874496-150x103.jpg 150w, https:\/\/newsestlyonnais.fr\/site\/wp-content\/uploads\/2021\/12\/FB_IMG_1631013874496-50x34.jpg 50w, https:\/\/newsestlyonnais.fr\/site\/wp-content\/uploads\/2021\/12\/FB_IMG_1631013874496-100x68.jpg 100w, https:\/\/newsestlyonnais.fr\/site\/wp-content\/uploads\/2021\/12\/FB_IMG_1631013874496-200x137.jpg 200w, https:\/\/newsestlyonnais.fr\/site\/wp-content\/uploads\/2021\/12\/FB_IMG_1631013874496-300x205.jpg 300w, https:\/\/newsestlyonnais.fr\/site\/wp-content\/uploads\/2021\/12\/FB_IMG_1631013874496-350x239.jpg 350w, https:\/\/newsestlyonnais.fr\/site\/wp-content\/uploads\/2021\/12\/FB_IMG_1631013874496-450x308.jpg 450w, https:\/\/newsestlyonnais.fr\/site\/wp-content\/uploads\/2021\/12\/FB_IMG_1631013874496-500x342.jpg 500w, https:\/\/newsestlyonnais.fr\/site\/wp-content\/uploads\/2021\/12\/FB_IMG_1631013874496-550x376.jpg 550w, https:\/\/newsestlyonnais.fr\/site\/wp-content\/uploads\/2021\/12\/FB_IMG_1631013874496-800x547.jpg 800w, https:\/\/newsestlyonnais.fr\/site\/wp-content\/uploads\/2021\/12\/FB_IMG_1631013874496.jpg 1080w\" sizes=\"auto, (max-width: 150px) 100vw, 150px\" \/><\/a>\n\t\t\t<\/div><\/figure><figure class='gallery-item'>\n\t\t\t<div class='gallery-icon portrait'>\n\t\t\t\t<a href='https:\/\/newsestlyonnais.fr\/site\/2021\/12\/26\/alexandre-lloveras-etre-champion-paralympique-cest-lobjectif-dune-carriere\/2021-09-14_10-08-25\/'><img loading=\"lazy\" decoding=\"async\" width=\"100\" height=\"150\" src=\"https:\/\/newsestlyonnais.fr\/site\/wp-content\/uploads\/2021\/12\/2021-09-14_10-08-25-250x375.jpg\" class=\"attachment-thumbnail size-thumbnail\" alt=\"\" srcset=\"https:\/\/newsestlyonnais.fr\/site\/wp-content\/uploads\/2021\/12\/2021-09-14_10-08-25-250x375.jpg 250w, https:\/\/newsestlyonnais.fr\/site\/wp-content\/uploads\/2021\/12\/2021-09-14_10-08-25-400x600.jpg 400w, https:\/\/newsestlyonnais.fr\/site\/wp-content\/uploads\/2021\/12\/2021-09-14_10-08-25-650x975.jpg 650w, https:\/\/newsestlyonnais.fr\/site\/wp-content\/uploads\/2021\/12\/2021-09-14_10-08-25-768x1152.jpg 768w, https:\/\/newsestlyonnais.fr\/site\/wp-content\/uploads\/2021\/12\/2021-09-14_10-08-25-150x225.jpg 150w, https:\/\/newsestlyonnais.fr\/site\/wp-content\/uploads\/2021\/12\/2021-09-14_10-08-25-50x75.jpg 50w, https:\/\/newsestlyonnais.fr\/site\/wp-content\/uploads\/2021\/12\/2021-09-14_10-08-25-100x150.jpg 100w, https:\/\/newsestlyonnais.fr\/site\/wp-content\/uploads\/2021\/12\/2021-09-14_10-08-25-200x300.jpg 200w, https:\/\/newsestlyonnais.fr\/site\/wp-content\/uploads\/2021\/12\/2021-09-14_10-08-25-300x450.jpg 300w, https:\/\/newsestlyonnais.fr\/site\/wp-content\/uploads\/2021\/12\/2021-09-14_10-08-25-350x525.jpg 350w, https:\/\/newsestlyonnais.fr\/site\/wp-content\/uploads\/2021\/12\/2021-09-14_10-08-25-450x675.jpg 450w, https:\/\/newsestlyonnais.fr\/site\/wp-content\/uploads\/2021\/12\/2021-09-14_10-08-25-500x750.jpg 500w, https:\/\/newsestlyonnais.fr\/site\/wp-content\/uploads\/2021\/12\/2021-09-14_10-08-25-550x825.jpg 550w, https:\/\/newsestlyonnais.fr\/site\/wp-content\/uploads\/2021\/12\/2021-09-14_10-08-25.jpg 800w\" sizes=\"auto, (max-width: 100px) 100vw, 100px\" \/><\/a>\n\t\t\t<\/div><\/figure>\n\t\t<\/div>\n\n<hr \/>\n<p><span style=\"font-size: 14pt; background-color: #000000; color: #ffffff;\"><strong>Prochain bilan<\/strong> &gt; <span style=\"color: #ffcc00;\">S\u00e9bastien Cimino<\/span> (Course \u00e0 pied \/ Corbas Running).<\/span><\/p>\n<hr \/>\n<p>&nbsp;<\/p>\n","protected":false},"excerpt":{"rendered":"<p>R\u00e9guli\u00e8rement une sportive ou un sportif de la r\u00e9gion dresse son bilan de l&rsquo;ann\u00e9e 2021 qui s&rsquo;ach\u00e8ve et \u00e9voque ses projets pour la prochaine. (7\/40)<\/p>\n","protected":false},"author":4,"featured_media":145963,"comment_status":"open","ping_status":"open","sticky":false,"template":"","format":"standard","meta":{"footnotes":""},"categories":[2969,3015,1625,3250,2],"tags":[4037,2152,2095,4038,4039],"class_list":["post-145960","post","type-post","status-publish","format-standard","has-post-thumbnail","hentry","category-cyclisme-cyclo-vtt","category-handi-adapte","category-lyon","category-recits-de-course-portraits-interviews","category-sports","tag-alexandre-lloveras","tag-cyclisme","tag-handisport","tag-jeux-paralympiques","tag-tokyo"],"yoast_head":"<!-- This site is optimized with the Yoast SEO plugin v27.2 - https:\/\/yoast.com\/product\/yoast-seo-wordpress\/ -->\n<title>Alexandre Lloveras &quot;Etre champion paralympique, c\u2019est l\u2019objectif d\u2019une carri\u00e8re ! &quot; - News Est Lyonnais<\/title>\n<meta name=\"description\" content=\"Alexandre Lloveras &quot;\u00eatre champion paralympique, c\u2019est l\u2019objectif d\u2019une carri\u00e8re ! &quot;\" \/>\n<meta name=\"robots\" content=\"index, follow, max-snippet:-1, max-image-preview:large, max-video-preview:-1\" \/>\n<link rel=\"canonical\" href=\"https:\/\/newsestlyonnais.fr\/site\/2021\/12\/26\/alexandre-lloveras-etre-champion-paralympique-cest-lobjectif-dune-carriere\/\" \/>\n<meta property=\"og:locale\" content=\"fr_FR\" \/>\n<meta property=\"og:type\" content=\"article\" \/>\n<meta property=\"og:title\" content=\"Alexandre Lloveras &quot;Etre champion paralympique, c\u2019est l\u2019objectif d\u2019une carri\u00e8re ! &quot; - News Est Lyonnais\" \/>\n<meta property=\"og:description\" content=\"Alexandre Lloveras &quot;\u00eatre champion paralympique, c\u2019est l\u2019objectif d\u2019une carri\u00e8re ! &quot;\" \/>\n<meta property=\"og:url\" content=\"https:\/\/newsestlyonnais.fr\/site\/2021\/12\/26\/alexandre-lloveras-etre-champion-paralympique-cest-lobjectif-dune-carriere\/\" \/>\n<meta property=\"og:site_name\" content=\"News Est Lyonnais\" \/>\n<meta property=\"article:author\" content=\"https:\/\/www.facebook.com\/pascal.oberson.1?fref=ts\" \/>\n<meta property=\"article:published_time\" content=\"2021-12-26T07:41:24+00:00\" \/>\n<meta property=\"article:modified_time\" content=\"2023-12-22T16:32:43+00:00\" \/>\n<meta property=\"og:image\" content=\"https:\/\/newsestlyonnais.fr\/site\/wp-content\/uploads\/2021\/12\/75a65193-6e41-4ed3-a0bb-2c2bb55b0e11.jpg\" \/>\n\t<meta property=\"og:image:width\" content=\"431\" \/>\n\t<meta property=\"og:image:height\" content=\"317\" \/>\n\t<meta property=\"og:image:type\" content=\"image\/jpeg\" \/>\n<meta name=\"author\" content=\"R\u00e9dac. NEWS\" \/>\n<meta name=\"twitter:card\" content=\"summary_large_image\" \/>\n<meta name=\"twitter:label1\" content=\"\u00c9crit par\" \/>\n\t<meta name=\"twitter:data1\" content=\"R\u00e9dac. NEWS\" \/>\n\t<meta name=\"twitter:label2\" content=\"Dur\u00e9e de lecture estim\u00e9e\" \/>\n\t<meta name=\"twitter:data2\" content=\"3 minutes\" \/>\n<script type=\"application\/ld+json\" class=\"yoast-schema-graph\">{\"@context\":\"https:\/\/schema.org\",\"@graph\":[{\"@type\":\"Article\",\"@id\":\"https:\/\/newsestlyonnais.fr\/site\/2021\/12\/26\/alexandre-lloveras-etre-champion-paralympique-cest-lobjectif-dune-carriere\/#article\",\"isPartOf\":{\"@id\":\"https:\/\/newsestlyonnais.fr\/site\/2021\/12\/26\/alexandre-lloveras-etre-champion-paralympique-cest-lobjectif-dune-carriere\/\"},\"author\":{\"name\":\"R\u00e9dac. NEWS\",\"@id\":\"https:\/\/newsestlyonnais.fr\/site\/#\/schema\/person\/3230d5615f390bb808365d673001e887\"},\"headline\":\"Alexandre Lloveras \u00ab\u00a0Etre champion paralympique, c\u2019est l\u2019objectif d\u2019une carri\u00e8re ! \u00ab\u00a0\",\"datePublished\":\"2021-12-26T07:41:24+00:00\",\"dateModified\":\"2023-12-22T16:32:43+00:00\",\"mainEntityOfPage\":{\"@id\":\"https:\/\/newsestlyonnais.fr\/site\/2021\/12\/26\/alexandre-lloveras-etre-champion-paralympique-cest-lobjectif-dune-carriere\/\"},\"wordCount\":499,\"commentCount\":0,\"publisher\":{\"@id\":\"https:\/\/newsestlyonnais.fr\/site\/#organization\"},\"image\":{\"@id\":\"https:\/\/newsestlyonnais.fr\/site\/2021\/12\/26\/alexandre-lloveras-etre-champion-paralympique-cest-lobjectif-dune-carriere\/#primaryimage\"},\"thumbnailUrl\":\"https:\/\/newsestlyonnais.fr\/site\/wp-content\/uploads\/2021\/12\/75a65193-6e41-4ed3-a0bb-2c2bb55b0e11.jpg\",\"keywords\":[\"Alexandre Lloveras\",\"CYCLISME\",\"handisport\",\"JEUX PARALYMPIQUES\",\"tokyo\"],\"articleSection\":[\"Cyclisme | Cyclo | Vtt\",\"Handi &amp; adapt\u00e9\",\"Lyon\",\"R\u00e9cits de course \/ Portraits \/ Interviews\",\"Sports\"],\"inLanguage\":\"fr-FR\",\"potentialAction\":[{\"@type\":\"CommentAction\",\"name\":\"Comment\",\"target\":[\"https:\/\/newsestlyonnais.fr\/site\/2021\/12\/26\/alexandre-lloveras-etre-champion-paralympique-cest-lobjectif-dune-carriere\/#respond\"]}]},{\"@type\":\"WebPage\",\"@id\":\"https:\/\/newsestlyonnais.fr\/site\/2021\/12\/26\/alexandre-lloveras-etre-champion-paralympique-cest-lobjectif-dune-carriere\/\",\"url\":\"https:\/\/newsestlyonnais.fr\/site\/2021\/12\/26\/alexandre-lloveras-etre-champion-paralympique-cest-lobjectif-dune-carriere\/\",\"name\":\"Alexandre Lloveras \\\"Etre champion paralympique, c\u2019est l\u2019objectif d\u2019une carri\u00e8re ! \\\" - News Est Lyonnais\",\"isPartOf\":{\"@id\":\"https:\/\/newsestlyonnais.fr\/site\/#website\"},\"primaryImageOfPage\":{\"@id\":\"https:\/\/newsestlyonnais.fr\/site\/2021\/12\/26\/alexandre-lloveras-etre-champion-paralympique-cest-lobjectif-dune-carriere\/#primaryimage\"},\"image\":{\"@id\":\"https:\/\/newsestlyonnais.fr\/site\/2021\/12\/26\/alexandre-lloveras-etre-champion-paralympique-cest-lobjectif-dune-carriere\/#primaryimage\"},\"thumbnailUrl\":\"https:\/\/newsestlyonnais.fr\/site\/wp-content\/uploads\/2021\/12\/75a65193-6e41-4ed3-a0bb-2c2bb55b0e11.jpg\",\"datePublished\":\"2021-12-26T07:41:24+00:00\",\"dateModified\":\"2023-12-22T16:32:43+00:00\",\"description\":\"Alexandre Lloveras \\\"\u00eatre champion paralympique, c\u2019est l\u2019objectif d\u2019une carri\u00e8re ! \\\"\",\"breadcrumb\":{\"@id\":\"https:\/\/newsestlyonnais.fr\/site\/2021\/12\/26\/alexandre-lloveras-etre-champion-paralympique-cest-lobjectif-dune-carriere\/#breadcrumb\"},\"inLanguage\":\"fr-FR\",\"potentialAction\":[{\"@type\":\"ReadAction\",\"target\":[\"https:\/\/newsestlyonnais.fr\/site\/2021\/12\/26\/alexandre-lloveras-etre-champion-paralympique-cest-lobjectif-dune-carriere\/\"]}]},{\"@type\":\"ImageObject\",\"inLanguage\":\"fr-FR\",\"@id\":\"https:\/\/newsestlyonnais.fr\/site\/2021\/12\/26\/alexandre-lloveras-etre-champion-paralympique-cest-lobjectif-dune-carriere\/#primaryimage\",\"url\":\"https:\/\/newsestlyonnais.fr\/site\/wp-content\/uploads\/2021\/12\/75a65193-6e41-4ed3-a0bb-2c2bb55b0e11.jpg\",\"contentUrl\":\"https:\/\/newsestlyonnais.fr\/site\/wp-content\/uploads\/2021\/12\/75a65193-6e41-4ed3-a0bb-2c2bb55b0e11.jpg\",\"width\":431,\"height\":317},{\"@type\":\"BreadcrumbList\",\"@id\":\"https:\/\/newsestlyonnais.fr\/site\/2021\/12\/26\/alexandre-lloveras-etre-champion-paralympique-cest-lobjectif-dune-carriere\/#breadcrumb\",\"itemListElement\":[{\"@type\":\"ListItem\",\"position\":1,\"name\":\"Accueil\",\"item\":\"https:\/\/newsestlyonnais.fr\/site\/\"},{\"@type\":\"ListItem\",\"position\":2,\"name\":\"Alexandre Lloveras \u00ab\u00a0Etre champion paralympique, c\u2019est l\u2019objectif d\u2019une carri\u00e8re ! \u00ab\u00a0\"}]},{\"@type\":\"WebSite\",\"@id\":\"https:\/\/newsestlyonnais.fr\/site\/#website\",\"url\":\"https:\/\/newsestlyonnais.fr\/site\/\",\"name\":\"News Est Lyonnais\",\"description\":\"L&#039;actualit\u00e9 au plus pr\u00e8s\",\"publisher\":{\"@id\":\"https:\/\/newsestlyonnais.fr\/site\/#organization\"},\"potentialAction\":[{\"@type\":\"SearchAction\",\"target\":{\"@type\":\"EntryPoint\",\"urlTemplate\":\"https:\/\/newsestlyonnais.fr\/site\/?s={search_term_string}\"},\"query-input\":{\"@type\":\"PropertyValueSpecification\",\"valueRequired\":true,\"valueName\":\"search_term_string\"}}],\"inLanguage\":\"fr-FR\"},{\"@type\":\"Organization\",\"@id\":\"https:\/\/newsestlyonnais.fr\/site\/#organization\",\"name\":\"News EST LYONNAIS\",\"url\":\"https:\/\/newsestlyonnais.fr\/site\/\",\"logo\":{\"@type\":\"ImageObject\",\"inLanguage\":\"fr-FR\",\"@id\":\"https:\/\/newsestlyonnais.fr\/site\/#\/schema\/logo\/image\/\",\"url\":\"\",\"contentUrl\":\"\",\"caption\":\"News EST LYONNAIS\"},\"image\":{\"@id\":\"https:\/\/newsestlyonnais.fr\/site\/#\/schema\/logo\/image\/\"}},{\"@type\":\"Person\",\"@id\":\"https:\/\/newsestlyonnais.fr\/site\/#\/schema\/person\/3230d5615f390bb808365d673001e887\",\"name\":\"R\u00e9dac. NEWS\",\"sameAs\":[\"http:\/\/www.newsestlyonnais.fr\",\"https:\/\/www.facebook.com\/pascal.oberson.1?fref=ts\",\"https:\/\/fr.linkedin.com\/in\/pascal-oberson-b17045113\"],\"url\":\"https:\/\/newsestlyonnais.fr\/site\/author\/nel\/\"}]}<\/script>\n<!-- \/ Yoast SEO plugin. -->","yoast_head_json":{"title":"Alexandre Lloveras \"Etre champion paralympique, c\u2019est l\u2019objectif d\u2019une carri\u00e8re ! \" - News Est Lyonnais","description":"Alexandre Lloveras \"\u00eatre champion paralympique, c\u2019est l\u2019objectif d\u2019une carri\u00e8re ! \"","robots":{"index":"index","follow":"follow","max-snippet":"max-snippet:-1","max-image-preview":"max-image-preview:large","max-video-preview":"max-video-preview:-1"},"canonical":"https:\/\/newsestlyonnais.fr\/site\/2021\/12\/26\/alexandre-lloveras-etre-champion-paralympique-cest-lobjectif-dune-carriere\/","og_locale":"fr_FR","og_type":"article","og_title":"Alexandre Lloveras \"Etre champion paralympique, c\u2019est l\u2019objectif d\u2019une carri\u00e8re ! \" - News Est Lyonnais","og_description":"Alexandre Lloveras \"\u00eatre champion paralympique, c\u2019est l\u2019objectif d\u2019une carri\u00e8re ! \"","og_url":"https:\/\/newsestlyonnais.fr\/site\/2021\/12\/26\/alexandre-lloveras-etre-champion-paralympique-cest-lobjectif-dune-carriere\/","og_site_name":"News Est Lyonnais","article_author":"https:\/\/www.facebook.com\/pascal.oberson.1?fref=ts","article_published_time":"2021-12-26T07:41:24+00:00","article_modified_time":"2023-12-22T16:32:43+00:00","og_image":[{"width":431,"height":317,"url":"https:\/\/newsestlyonnais.fr\/site\/wp-content\/uploads\/2021\/12\/75a65193-6e41-4ed3-a0bb-2c2bb55b0e11.jpg","type":"image\/jpeg"}],"author":"R\u00e9dac. NEWS","twitter_card":"summary_large_image","twitter_misc":{"\u00c9crit par":"R\u00e9dac. NEWS","Dur\u00e9e de lecture estim\u00e9e":"3 minutes"},"schema":{"@context":"https:\/\/schema.org","@graph":[{"@type":"Article","@id":"https:\/\/newsestlyonnais.fr\/site\/2021\/12\/26\/alexandre-lloveras-etre-champion-paralympique-cest-lobjectif-dune-carriere\/#article","isPartOf":{"@id":"https:\/\/newsestlyonnais.fr\/site\/2021\/12\/26\/alexandre-lloveras-etre-champion-paralympique-cest-lobjectif-dune-carriere\/"},"author":{"name":"R\u00e9dac. NEWS","@id":"https:\/\/newsestlyonnais.fr\/site\/#\/schema\/person\/3230d5615f390bb808365d673001e887"},"headline":"Alexandre Lloveras \u00ab\u00a0Etre champion paralympique, c\u2019est l\u2019objectif d\u2019une carri\u00e8re ! \u00ab\u00a0","datePublished":"2021-12-26T07:41:24+00:00","dateModified":"2023-12-22T16:32:43+00:00","mainEntityOfPage":{"@id":"https:\/\/newsestlyonnais.fr\/site\/2021\/12\/26\/alexandre-lloveras-etre-champion-paralympique-cest-lobjectif-dune-carriere\/"},"wordCount":499,"commentCount":0,"publisher":{"@id":"https:\/\/newsestlyonnais.fr\/site\/#organization"},"image":{"@id":"https:\/\/newsestlyonnais.fr\/site\/2021\/12\/26\/alexandre-lloveras-etre-champion-paralympique-cest-lobjectif-dune-carriere\/#primaryimage"},"thumbnailUrl":"https:\/\/newsestlyonnais.fr\/site\/wp-content\/uploads\/2021\/12\/75a65193-6e41-4ed3-a0bb-2c2bb55b0e11.jpg","keywords":["Alexandre Lloveras","CYCLISME","handisport","JEUX PARALYMPIQUES","tokyo"],"articleSection":["Cyclisme | Cyclo | Vtt","Handi &amp; adapt\u00e9","Lyon","R\u00e9cits de course \/ Portraits \/ Interviews","Sports"],"inLanguage":"fr-FR","potentialAction":[{"@type":"CommentAction","name":"Comment","target":["https:\/\/newsestlyonnais.fr\/site\/2021\/12\/26\/alexandre-lloveras-etre-champion-paralympique-cest-lobjectif-dune-carriere\/#respond"]}]},{"@type":"WebPage","@id":"https:\/\/newsestlyonnais.fr\/site\/2021\/12\/26\/alexandre-lloveras-etre-champion-paralympique-cest-lobjectif-dune-carriere\/","url":"https:\/\/newsestlyonnais.fr\/site\/2021\/12\/26\/alexandre-lloveras-etre-champion-paralympique-cest-lobjectif-dune-carriere\/","name":"Alexandre Lloveras \"Etre champion paralympique, c\u2019est l\u2019objectif d\u2019une carri\u00e8re ! \" - News Est Lyonnais","isPartOf":{"@id":"https:\/\/newsestlyonnais.fr\/site\/#website"},"primaryImageOfPage":{"@id":"https:\/\/newsestlyonnais.fr\/site\/2021\/12\/26\/alexandre-lloveras-etre-champion-paralympique-cest-lobjectif-dune-carriere\/#primaryimage"},"image":{"@id":"https:\/\/newsestlyonnais.fr\/site\/2021\/12\/26\/alexandre-lloveras-etre-champion-paralympique-cest-lobjectif-dune-carriere\/#primaryimage"},"thumbnailUrl":"https:\/\/newsestlyonnais.fr\/site\/wp-content\/uploads\/2021\/12\/75a65193-6e41-4ed3-a0bb-2c2bb55b0e11.jpg","datePublished":"2021-12-26T07:41:24+00:00","dateModified":"2023-12-22T16:32:43+00:00","description":"Alexandre Lloveras \"\u00eatre champion paralympique, c\u2019est l\u2019objectif d\u2019une carri\u00e8re ! \"","breadcrumb":{"@id":"https:\/\/newsestlyonnais.fr\/site\/2021\/12\/26\/alexandre-lloveras-etre-champion-paralympique-cest-lobjectif-dune-carriere\/#breadcrumb"},"inLanguage":"fr-FR","potentialAction":[{"@type":"ReadAction","target":["https:\/\/newsestlyonnais.fr\/site\/2021\/12\/26\/alexandre-lloveras-etre-champion-paralympique-cest-lobjectif-dune-carriere\/"]}]},{"@type":"ImageObject","inLanguage":"fr-FR","@id":"https:\/\/newsestlyonnais.fr\/site\/2021\/12\/26\/alexandre-lloveras-etre-champion-paralympique-cest-lobjectif-dune-carriere\/#primaryimage","url":"https:\/\/newsestlyonnais.fr\/site\/wp-content\/uploads\/2021\/12\/75a65193-6e41-4ed3-a0bb-2c2bb55b0e11.jpg","contentUrl":"https:\/\/newsestlyonnais.fr\/site\/wp-content\/uploads\/2021\/12\/75a65193-6e41-4ed3-a0bb-2c2bb55b0e11.jpg","width":431,"height":317},{"@type":"BreadcrumbList","@id":"https:\/\/newsestlyonnais.fr\/site\/2021\/12\/26\/alexandre-lloveras-etre-champion-paralympique-cest-lobjectif-dune-carriere\/#breadcrumb","itemListElement":[{"@type":"ListItem","position":1,"name":"Accueil","item":"https:\/\/newsestlyonnais.fr\/site\/"},{"@type":"ListItem","position":2,"name":"Alexandre Lloveras \u00ab\u00a0Etre champion paralympique, c\u2019est l\u2019objectif d\u2019une carri\u00e8re ! \u00ab\u00a0"}]},{"@type":"WebSite","@id":"https:\/\/newsestlyonnais.fr\/site\/#website","url":"https:\/\/newsestlyonnais.fr\/site\/","name":"News Est Lyonnais","description":"L&#039;actualit\u00e9 au plus pr\u00e8s","publisher":{"@id":"https:\/\/newsestlyonnais.fr\/site\/#organization"},"potentialAction":[{"@type":"SearchAction","target":{"@type":"EntryPoint","urlTemplate":"https:\/\/newsestlyonnais.fr\/site\/?s={search_term_string}"},"query-input":{"@type":"PropertyValueSpecification","valueRequired":true,"valueName":"search_term_string"}}],"inLanguage":"fr-FR"},{"@type":"Organization","@id":"https:\/\/newsestlyonnais.fr\/site\/#organization","name":"News EST LYONNAIS","url":"https:\/\/newsestlyonnais.fr\/site\/","logo":{"@type":"ImageObject","inLanguage":"fr-FR","@id":"https:\/\/newsestlyonnais.fr\/site\/#\/schema\/logo\/image\/","url":"","contentUrl":"","caption":"News EST LYONNAIS"},"image":{"@id":"https:\/\/newsestlyonnais.fr\/site\/#\/schema\/logo\/image\/"}},{"@type":"Person","@id":"https:\/\/newsestlyonnais.fr\/site\/#\/schema\/person\/3230d5615f390bb808365d673001e887","name":"R\u00e9dac. NEWS","sameAs":["http:\/\/www.newsestlyonnais.fr","https:\/\/www.facebook.com\/pascal.oberson.1?fref=ts","https:\/\/fr.linkedin.com\/in\/pascal-oberson-b17045113"],"url":"https:\/\/newsestlyonnais.fr\/site\/author\/nel\/"}]}},"_links":{"self":[{"href":"https:\/\/newsestlyonnais.fr\/site\/wp-json\/wp\/v2\/posts\/145960","targetHints":{"allow":["GET"]}}],"collection":[{"href":"https:\/\/newsestlyonnais.fr\/site\/wp-json\/wp\/v2\/posts"}],"about":[{"href":"https:\/\/newsestlyonnais.fr\/site\/wp-json\/wp\/v2\/types\/post"}],"author":[{"embeddable":true,"href":"https:\/\/newsestlyonnais.fr\/site\/wp-json\/wp\/v2\/users\/4"}],"replies":[{"embeddable":true,"href":"https:\/\/newsestlyonnais.fr\/site\/wp-json\/wp\/v2\/comments?post=145960"}],"version-history":[{"count":0,"href":"https:\/\/newsestlyonnais.fr\/site\/wp-json\/wp\/v2\/posts\/145960\/revisions"}],"wp:featuredmedia":[{"embeddable":true,"href":"https:\/\/newsestlyonnais.fr\/site\/wp-json\/wp\/v2\/media\/145963"}],"wp:attachment":[{"href":"https:\/\/newsestlyonnais.fr\/site\/wp-json\/wp\/v2\/media?parent=145960"}],"wp:term":[{"taxonomy":"category","embeddable":true,"href":"https:\/\/newsestlyonnais.fr\/site\/wp-json\/wp\/v2\/categories?post=145960"},{"taxonomy":"post_tag","embeddable":true,"href":"https:\/\/newsestlyonnais.fr\/site\/wp-json\/wp\/v2\/tags?post=145960"}],"curies":[{"name":"wp","href":"https:\/\/api.w.org\/{rel}","templated":true}]}}