{"id":146186,"date":"2021-12-31T16:05:35","date_gmt":"2021-12-31T15:05:35","guid":{"rendered":"https:\/\/newsestlyonnais.fr\/site\/?p=146186"},"modified":"2024-01-06T16:40:40","modified_gmt":"2024-01-06T15:40:40","slug":"patrice-egraz-une-annee-qui-a-permis-finalement-une-vraie-coupure-competitive","status":"publish","type":"post","link":"https:\/\/newsestlyonnais.fr\/site\/2021\/12\/31\/patrice-egraz-une-annee-qui-a-permis-finalement-une-vraie-coupure-competitive\/","title":{"rendered":"Patrice Egraz \u00ab\u00a0Une ann\u00e9e qui a permis finalement une vraie coupure comp\u00e9titive\u00a0\u00bb"},"content":{"rendered":"<div class=\"ydpdd2f8ebfyahoo-style-wrap\" style=\"font-family: Helvetica Neue, Helvetica, Arial, sans-serif; font-size: 16px;\"><\/div>\n<div class=\"ydpdd2f8ebfyahoo-style-wrap\" style=\"font-family: Helvetica Neue, Helvetica, Arial, sans-serif; font-size: 16px;\">\n<div>\n<p><span style=\"background-color: #000000; color: #ffffff; font-family: georgia, palatino, serif;\"><strong><span style=\"font-size: 14pt; background-color: #000000;\">Commune de r\u00e9sidence et club sportif actuel ?<\/span><\/strong><\/span><\/p>\n<p>\u00a0\u00bb Je r\u00e9side \u00e0 Valencogne petite commune de l&rsquo;Is\u00e8re tout proche du lac de Paladru, non licenci\u00e9 en 2021 (freelance). Je fais partie du <span style=\"color: #0000ff;\"><a style=\"color: #0000ff;\" href=\"https:\/\/www.terrederunning.com\">team TDR<\/a><\/span> depuis sa cr\u00e9ation, dans la continuit\u00e9 des nombreuses ann\u00e9es chez Running Conseil.\u00a0\u00bb<\/p>\n<p><span style=\"background-color: #000000; color: #ffffff; font-size: 14pt; font-family: georgia, palatino, serif;\"><strong>Pr\u00e9sentation sommaire de ton pass\u00e9 sportif et palmar\u00e8s :<\/strong><\/span><\/p>\n<p>\u00a0\u00bb <strong>J&rsquo;ai commenc\u00e9 par la course \u00e0 pied sur route par des 5 et 10 km<\/strong> (record en 35&rsquo;20) jusqu&rsquo;\u00e0 monter sur marathon.<\/p>\n<p>Ensuite <strong>je me suis orient\u00e9 de nombreuses ann\u00e9es en triathlon d&rsquo;abord sur des formats courts jusqu&rsquo;au format Ironman<\/strong> (10 h 17 \u00e0 Roth en Allemagne).<\/p>\n<p><strong>D\u00e9sormais je pratique essentiellement le trail<\/strong> apr\u00e8s avoir t\u00e2t\u00e9 le \u00ab\u00a0longue distance\u00a0\u00bb et l&rsquo;ultra (<span style=\"color: #0000ff;\"><a style=\"color: #0000ff;\" href=\"https:\/\/utmbmontblanc.com\">CCC<\/a><\/span>, Saint\u00e9lyon 6 h 32 en solo, victoire sur les 6 heures de Mure ou les 24 h de l&rsquo;INSA).<\/p>\n<p><strong>En 2022 , je vais revenir sur des distances entre 10 et 30 km <\/strong>avec 3 \u00e0 4 s\u00e9ances de course \u00e0 pied par semaine.\u00a0\u00bb<\/p>\n<hr \/>\n<p><strong><span style=\"font-size: 14pt; background-color: #000000; font-family: georgia, palatino, serif; color: #ffffff;\">Apr\u00e8s une ann\u00e9e 2020 tronqu\u00e9e, as tu \u00e9t\u00e9 perturb\u00e9 dans ta pr\u00e9paration ?<\/span><\/strong><\/p>\n<p>\u00a0\u00bb Une ann\u00e9e plut\u00f4t tronqu\u00e9e mais qui a permis finalement une vraie coupure comp\u00e9titive plut\u00f4t orient\u00e9e sur le maintien en forme. La possibilit\u00e9 de pouvoir s&rsquo;entra\u00eener sans planification de courses.\u00a0\u00bb<\/p>\n<p><span style=\"background-color: #000000; font-family: georgia, palatino, serif; color: #ffffff;\"><strong><span style=\"font-size: 14pt; background-color: #000000;\">Combien de courses as-tu disput\u00e9s ?<\/span><\/strong><\/span><\/p>\n<p>\u00a0\u00bb <strong>Tr\u00e8s peu de courses finalement<\/strong>, hormis en tant que meneur d&rsquo;allure (10 km de V\u00e9nissieux).\u00a0\u00bb<\/p>\n<p><span style=\"font-family: georgia, palatino, serif;\"><strong><span style=\"background-color: #000000; color: #ffffff; font-size: 14pt;\">Quel est ton programme pour 2022 ?<\/span><\/strong><\/span><\/p>\n<p>\u00a0\u00bb <strong>Planifier une saison sur les courses r\u00e9gionales<\/strong> afin de retrouver un \u00e9tat de forme comp\u00e9titive et pouvoir truster quelques podiums dans ma cat\u00e9gories et j&rsquo;esp\u00e8re des places correctes aux classements \u00ab\u00a0.<\/p>\n<hr \/>\n<p>&nbsp;<\/p>\n<div id='gallery-1' class='gallery galleryid-146186 gallery-columns-2 gallery-size-thumbnail'><figure class='gallery-item'>\n\t\t\t<div class='gallery-icon portrait'>\n\t\t\t\t<a href='https:\/\/newsestlyonnais.fr\/site\/2021\/12\/31\/patrice-egraz-une-annee-qui-a-permis-finalement-une-vraie-coupure-competitive\/screenshot_20211231-134709_facebook\/'><img loading=\"lazy\" decoding=\"async\" width=\"67\" height=\"150\" src=\"https:\/\/newsestlyonnais.fr\/site\/wp-content\/uploads\/2021\/12\/Screenshot_20211231-134709_Facebook-250x556.jpg\" class=\"attachment-thumbnail size-thumbnail\" alt=\"\" srcset=\"https:\/\/newsestlyonnais.fr\/site\/wp-content\/uploads\/2021\/12\/Screenshot_20211231-134709_Facebook-250x556.jpg 250w, https:\/\/newsestlyonnais.fr\/site\/wp-content\/uploads\/2021\/12\/Screenshot_20211231-134709_Facebook-400x889.jpg 400w, https:\/\/newsestlyonnais.fr\/site\/wp-content\/uploads\/2021\/12\/Screenshot_20211231-134709_Facebook-650x1444.jpg 650w, https:\/\/newsestlyonnais.fr\/site\/wp-content\/uploads\/2021\/12\/Screenshot_20211231-134709_Facebook-691x1536.jpg 691w, https:\/\/newsestlyonnais.fr\/site\/wp-content\/uploads\/2021\/12\/Screenshot_20211231-134709_Facebook-150x333.jpg 150w, https:\/\/newsestlyonnais.fr\/site\/wp-content\/uploads\/2021\/12\/Screenshot_20211231-134709_Facebook-50x111.jpg 50w, https:\/\/newsestlyonnais.fr\/site\/wp-content\/uploads\/2021\/12\/Screenshot_20211231-134709_Facebook-100x222.jpg 100w, https:\/\/newsestlyonnais.fr\/site\/wp-content\/uploads\/2021\/12\/Screenshot_20211231-134709_Facebook-200x444.jpg 200w, https:\/\/newsestlyonnais.fr\/site\/wp-content\/uploads\/2021\/12\/Screenshot_20211231-134709_Facebook-300x667.jpg 300w, https:\/\/newsestlyonnais.fr\/site\/wp-content\/uploads\/2021\/12\/Screenshot_20211231-134709_Facebook-350x778.jpg 350w, https:\/\/newsestlyonnais.fr\/site\/wp-content\/uploads\/2021\/12\/Screenshot_20211231-134709_Facebook-450x1000.jpg 450w, https:\/\/newsestlyonnais.fr\/site\/wp-content\/uploads\/2021\/12\/Screenshot_20211231-134709_Facebook-500x1111.jpg 500w, https:\/\/newsestlyonnais.fr\/site\/wp-content\/uploads\/2021\/12\/Screenshot_20211231-134709_Facebook-550x1222.jpg 550w, https:\/\/newsestlyonnais.fr\/site\/wp-content\/uploads\/2021\/12\/Screenshot_20211231-134709_Facebook.jpg 720w\" sizes=\"auto, (max-width: 67px) 100vw, 67px\" \/><\/a>\n\t\t\t<\/div><\/figure><figure class='gallery-item'>\n\t\t\t<div class='gallery-icon portrait'>\n\t\t\t\t<a href='https:\/\/newsestlyonnais.fr\/site\/2021\/12\/31\/patrice-egraz-une-annee-qui-a-permis-finalement-une-vraie-coupure-competitive\/screenshot_20211231-134800_facebook\/'><img loading=\"lazy\" decoding=\"async\" width=\"67\" height=\"150\" src=\"https:\/\/newsestlyonnais.fr\/site\/wp-content\/uploads\/2021\/12\/Screenshot_20211231-134800_Facebook-250x556.jpg\" class=\"attachment-thumbnail size-thumbnail\" alt=\"\" srcset=\"https:\/\/newsestlyonnais.fr\/site\/wp-content\/uploads\/2021\/12\/Screenshot_20211231-134800_Facebook-250x556.jpg 250w, https:\/\/newsestlyonnais.fr\/site\/wp-content\/uploads\/2021\/12\/Screenshot_20211231-134800_Facebook-400x889.jpg 400w, https:\/\/newsestlyonnais.fr\/site\/wp-content\/uploads\/2021\/12\/Screenshot_20211231-134800_Facebook-650x1444.jpg 650w, https:\/\/newsestlyonnais.fr\/site\/wp-content\/uploads\/2021\/12\/Screenshot_20211231-134800_Facebook-691x1536.jpg 691w, https:\/\/newsestlyonnais.fr\/site\/wp-content\/uploads\/2021\/12\/Screenshot_20211231-134800_Facebook-150x333.jpg 150w, https:\/\/newsestlyonnais.fr\/site\/wp-content\/uploads\/2021\/12\/Screenshot_20211231-134800_Facebook-50x111.jpg 50w, https:\/\/newsestlyonnais.fr\/site\/wp-content\/uploads\/2021\/12\/Screenshot_20211231-134800_Facebook-100x222.jpg 100w, https:\/\/newsestlyonnais.fr\/site\/wp-content\/uploads\/2021\/12\/Screenshot_20211231-134800_Facebook-200x444.jpg 200w, https:\/\/newsestlyonnais.fr\/site\/wp-content\/uploads\/2021\/12\/Screenshot_20211231-134800_Facebook-300x667.jpg 300w, https:\/\/newsestlyonnais.fr\/site\/wp-content\/uploads\/2021\/12\/Screenshot_20211231-134800_Facebook-350x778.jpg 350w, https:\/\/newsestlyonnais.fr\/site\/wp-content\/uploads\/2021\/12\/Screenshot_20211231-134800_Facebook-450x1000.jpg 450w, https:\/\/newsestlyonnais.fr\/site\/wp-content\/uploads\/2021\/12\/Screenshot_20211231-134800_Facebook-500x1111.jpg 500w, https:\/\/newsestlyonnais.fr\/site\/wp-content\/uploads\/2021\/12\/Screenshot_20211231-134800_Facebook-550x1222.jpg 550w, https:\/\/newsestlyonnais.fr\/site\/wp-content\/uploads\/2021\/12\/Screenshot_20211231-134800_Facebook.jpg 720w\" sizes=\"auto, (max-width: 67px) 100vw, 67px\" \/><\/a>\n\t\t\t<\/div><\/figure>\n\t\t<\/div>\n\n<\/div>\n<div>\n<hr \/>\n<\/div>\n<div><span style=\"font-size: 14pt; background-color: #000000; color: #ffffff;\"><strong>Prochain bilan<\/strong> &gt; <span style=\"color: #ffcc00;\"><strong>C\u00e9cile Gr\u00e9a<\/strong><\/span> (ASC Balan Athl\u00e9tisme).<\/span><\/div>\n<\/div>\n<div><\/div>\n<div>\n<hr \/>\n<\/div>\n","protected":false},"excerpt":{"rendered":"<p>R\u00e9guli\u00e8rement une sportive ou un sportif de la r\u00e9gion dresse son bilan de l&rsquo;ann\u00e9e qui s&rsquo;ach\u00e8ve et \u00e9voque ses projets pour la prochaine. (10\/40)<\/p>\n","protected":false},"author":4,"featured_media":146191,"comment_status":"open","ping_status":"open","sticky":false,"template":"","format":"standard","meta":{"footnotes":""},"categories":[2968,164,3250,2],"tags":[3469,3271],"class_list":["post-146186","post","type-post","status-publish","format-standard","has-post-thumbnail","hentry","category-athle-course-pied-marche","category-isere","category-recits-de-course-portraits-interviews","category-sports","tag-bilan","tag-patrice-egraz"],"yoast_head":"<!-- This site is optimized with the Yoast SEO plugin v27.2 - https:\/\/yoast.com\/product\/yoast-seo-wordpress\/ -->\n<title>Patrice Egraz &quot;Une ann\u00e9e qui a permis finalement une vraie coupure comp\u00e9titive&quot; - News Est Lyonnais<\/title>\n<meta name=\"description\" content=\"Patrice Egraz &quot; une ann\u00e9e qui a permis finalement une vraie coupure comp\u00e9titive &quot;\" \/>\n<meta name=\"robots\" content=\"index, follow, max-snippet:-1, max-image-preview:large, max-video-preview:-1\" \/>\n<link rel=\"canonical\" href=\"https:\/\/newsestlyonnais.fr\/site\/2021\/12\/31\/patrice-egraz-une-annee-qui-a-permis-finalement-une-vraie-coupure-competitive\/\" \/>\n<meta property=\"og:locale\" content=\"fr_FR\" \/>\n<meta property=\"og:type\" content=\"article\" \/>\n<meta property=\"og:title\" content=\"Patrice Egraz &quot;Une ann\u00e9e qui a permis finalement une vraie coupure comp\u00e9titive&quot; - News Est Lyonnais\" \/>\n<meta property=\"og:description\" content=\"Patrice Egraz &quot; une ann\u00e9e qui a permis finalement une vraie coupure comp\u00e9titive &quot;\" \/>\n<meta property=\"og:url\" content=\"https:\/\/newsestlyonnais.fr\/site\/2021\/12\/31\/patrice-egraz-une-annee-qui-a-permis-finalement-une-vraie-coupure-competitive\/\" \/>\n<meta property=\"og:site_name\" content=\"News Est Lyonnais\" \/>\n<meta property=\"article:author\" content=\"https:\/\/www.facebook.com\/pascal.oberson.1?fref=ts\" \/>\n<meta property=\"article:published_time\" content=\"2021-12-31T15:05:35+00:00\" \/>\n<meta property=\"article:modified_time\" content=\"2024-01-06T15:40:40+00:00\" \/>\n<meta property=\"og:image\" content=\"https:\/\/newsestlyonnais.fr\/site\/wp-content\/uploads\/2021\/12\/FB_IMG_1640954740819.jpg\" \/>\n\t<meta property=\"og:image:width\" content=\"720\" \/>\n\t<meta property=\"og:image:height\" content=\"725\" \/>\n\t<meta property=\"og:image:type\" content=\"image\/jpeg\" \/>\n<meta name=\"author\" content=\"R\u00e9dac. NEWS\" \/>\n<meta name=\"twitter:card\" content=\"summary_large_image\" \/>\n<meta name=\"twitter:label1\" content=\"\u00c9crit par\" \/>\n\t<meta name=\"twitter:data1\" content=\"R\u00e9dac. NEWS\" \/>\n\t<meta name=\"twitter:label2\" content=\"Dur\u00e9e de lecture estim\u00e9e\" \/>\n\t<meta name=\"twitter:data2\" content=\"2 minutes\" \/>\n<script type=\"application\/ld+json\" class=\"yoast-schema-graph\">{\"@context\":\"https:\/\/schema.org\",\"@graph\":[{\"@type\":\"Article\",\"@id\":\"https:\/\/newsestlyonnais.fr\/site\/2021\/12\/31\/patrice-egraz-une-annee-qui-a-permis-finalement-une-vraie-coupure-competitive\/#article\",\"isPartOf\":{\"@id\":\"https:\/\/newsestlyonnais.fr\/site\/2021\/12\/31\/patrice-egraz-une-annee-qui-a-permis-finalement-une-vraie-coupure-competitive\/\"},\"author\":{\"name\":\"R\u00e9dac. NEWS\",\"@id\":\"https:\/\/newsestlyonnais.fr\/site\/#\/schema\/person\/3230d5615f390bb808365d673001e887\"},\"headline\":\"Patrice Egraz \u00ab\u00a0Une ann\u00e9e qui a permis finalement une vraie coupure comp\u00e9titive\u00a0\u00bb\",\"datePublished\":\"2021-12-31T15:05:35+00:00\",\"dateModified\":\"2024-01-06T15:40:40+00:00\",\"mainEntityOfPage\":{\"@id\":\"https:\/\/newsestlyonnais.fr\/site\/2021\/12\/31\/patrice-egraz-une-annee-qui-a-permis-finalement-une-vraie-coupure-competitive\/\"},\"wordCount\":302,\"commentCount\":0,\"publisher\":{\"@id\":\"https:\/\/newsestlyonnais.fr\/site\/#organization\"},\"image\":{\"@id\":\"https:\/\/newsestlyonnais.fr\/site\/2021\/12\/31\/patrice-egraz-une-annee-qui-a-permis-finalement-une-vraie-coupure-competitive\/#primaryimage\"},\"thumbnailUrl\":\"https:\/\/newsestlyonnais.fr\/site\/wp-content\/uploads\/2021\/12\/FB_IMG_1640954740819.jpg\",\"keywords\":[\"BILAN\",\"Patrice Egraz\"],\"articleSection\":[\"Athl\u00e9 | Course pied | Marche\",\"Is\u00e8re (38)\",\"R\u00e9cits de course \/ Portraits \/ Interviews\",\"Sports\"],\"inLanguage\":\"fr-FR\",\"potentialAction\":[{\"@type\":\"CommentAction\",\"name\":\"Comment\",\"target\":[\"https:\/\/newsestlyonnais.fr\/site\/2021\/12\/31\/patrice-egraz-une-annee-qui-a-permis-finalement-une-vraie-coupure-competitive\/#respond\"]}]},{\"@type\":\"WebPage\",\"@id\":\"https:\/\/newsestlyonnais.fr\/site\/2021\/12\/31\/patrice-egraz-une-annee-qui-a-permis-finalement-une-vraie-coupure-competitive\/\",\"url\":\"https:\/\/newsestlyonnais.fr\/site\/2021\/12\/31\/patrice-egraz-une-annee-qui-a-permis-finalement-une-vraie-coupure-competitive\/\",\"name\":\"Patrice Egraz \\\"Une ann\u00e9e qui a permis finalement une vraie coupure comp\u00e9titive\\\" - News Est Lyonnais\",\"isPartOf\":{\"@id\":\"https:\/\/newsestlyonnais.fr\/site\/#website\"},\"primaryImageOfPage\":{\"@id\":\"https:\/\/newsestlyonnais.fr\/site\/2021\/12\/31\/patrice-egraz-une-annee-qui-a-permis-finalement-une-vraie-coupure-competitive\/#primaryimage\"},\"image\":{\"@id\":\"https:\/\/newsestlyonnais.fr\/site\/2021\/12\/31\/patrice-egraz-une-annee-qui-a-permis-finalement-une-vraie-coupure-competitive\/#primaryimage\"},\"thumbnailUrl\":\"https:\/\/newsestlyonnais.fr\/site\/wp-content\/uploads\/2021\/12\/FB_IMG_1640954740819.jpg\",\"datePublished\":\"2021-12-31T15:05:35+00:00\",\"dateModified\":\"2024-01-06T15:40:40+00:00\",\"description\":\"Patrice Egraz \\\" une ann\u00e9e qui a permis finalement une vraie coupure comp\u00e9titive \\\"\",\"breadcrumb\":{\"@id\":\"https:\/\/newsestlyonnais.fr\/site\/2021\/12\/31\/patrice-egraz-une-annee-qui-a-permis-finalement-une-vraie-coupure-competitive\/#breadcrumb\"},\"inLanguage\":\"fr-FR\",\"potentialAction\":[{\"@type\":\"ReadAction\",\"target\":[\"https:\/\/newsestlyonnais.fr\/site\/2021\/12\/31\/patrice-egraz-une-annee-qui-a-permis-finalement-une-vraie-coupure-competitive\/\"]}]},{\"@type\":\"ImageObject\",\"inLanguage\":\"fr-FR\",\"@id\":\"https:\/\/newsestlyonnais.fr\/site\/2021\/12\/31\/patrice-egraz-une-annee-qui-a-permis-finalement-une-vraie-coupure-competitive\/#primaryimage\",\"url\":\"https:\/\/newsestlyonnais.fr\/site\/wp-content\/uploads\/2021\/12\/FB_IMG_1640954740819.jpg\",\"contentUrl\":\"https:\/\/newsestlyonnais.fr\/site\/wp-content\/uploads\/2021\/12\/FB_IMG_1640954740819.jpg\",\"width\":720,\"height\":725},{\"@type\":\"BreadcrumbList\",\"@id\":\"https:\/\/newsestlyonnais.fr\/site\/2021\/12\/31\/patrice-egraz-une-annee-qui-a-permis-finalement-une-vraie-coupure-competitive\/#breadcrumb\",\"itemListElement\":[{\"@type\":\"ListItem\",\"position\":1,\"name\":\"Accueil\",\"item\":\"https:\/\/newsestlyonnais.fr\/site\/\"},{\"@type\":\"ListItem\",\"position\":2,\"name\":\"Patrice Egraz \u00ab\u00a0Une ann\u00e9e qui a permis finalement une vraie coupure comp\u00e9titive\u00a0\u00bb\"}]},{\"@type\":\"WebSite\",\"@id\":\"https:\/\/newsestlyonnais.fr\/site\/#website\",\"url\":\"https:\/\/newsestlyonnais.fr\/site\/\",\"name\":\"News Est Lyonnais\",\"description\":\"L&#039;actualit\u00e9 au plus pr\u00e8s\",\"publisher\":{\"@id\":\"https:\/\/newsestlyonnais.fr\/site\/#organization\"},\"potentialAction\":[{\"@type\":\"SearchAction\",\"target\":{\"@type\":\"EntryPoint\",\"urlTemplate\":\"https:\/\/newsestlyonnais.fr\/site\/?s={search_term_string}\"},\"query-input\":{\"@type\":\"PropertyValueSpecification\",\"valueRequired\":true,\"valueName\":\"search_term_string\"}}],\"inLanguage\":\"fr-FR\"},{\"@type\":\"Organization\",\"@id\":\"https:\/\/newsestlyonnais.fr\/site\/#organization\",\"name\":\"News EST LYONNAIS\",\"url\":\"https:\/\/newsestlyonnais.fr\/site\/\",\"logo\":{\"@type\":\"ImageObject\",\"inLanguage\":\"fr-FR\",\"@id\":\"https:\/\/newsestlyonnais.fr\/site\/#\/schema\/logo\/image\/\",\"url\":\"\",\"contentUrl\":\"\",\"caption\":\"News EST LYONNAIS\"},\"image\":{\"@id\":\"https:\/\/newsestlyonnais.fr\/site\/#\/schema\/logo\/image\/\"}},{\"@type\":\"Person\",\"@id\":\"https:\/\/newsestlyonnais.fr\/site\/#\/schema\/person\/3230d5615f390bb808365d673001e887\",\"name\":\"R\u00e9dac. NEWS\",\"sameAs\":[\"http:\/\/www.newsestlyonnais.fr\",\"https:\/\/www.facebook.com\/pascal.oberson.1?fref=ts\",\"https:\/\/fr.linkedin.com\/in\/pascal-oberson-b17045113\"],\"url\":\"https:\/\/newsestlyonnais.fr\/site\/author\/nel\/\"}]}<\/script>\n<!-- \/ Yoast SEO plugin. -->","yoast_head_json":{"title":"Patrice Egraz \"Une ann\u00e9e qui a permis finalement une vraie coupure comp\u00e9titive\" - News Est Lyonnais","description":"Patrice Egraz \" une ann\u00e9e qui a permis finalement une vraie coupure comp\u00e9titive \"","robots":{"index":"index","follow":"follow","max-snippet":"max-snippet:-1","max-image-preview":"max-image-preview:large","max-video-preview":"max-video-preview:-1"},"canonical":"https:\/\/newsestlyonnais.fr\/site\/2021\/12\/31\/patrice-egraz-une-annee-qui-a-permis-finalement-une-vraie-coupure-competitive\/","og_locale":"fr_FR","og_type":"article","og_title":"Patrice Egraz \"Une ann\u00e9e qui a permis finalement une vraie coupure comp\u00e9titive\" - News Est Lyonnais","og_description":"Patrice Egraz \" une ann\u00e9e qui a permis finalement une vraie coupure comp\u00e9titive \"","og_url":"https:\/\/newsestlyonnais.fr\/site\/2021\/12\/31\/patrice-egraz-une-annee-qui-a-permis-finalement-une-vraie-coupure-competitive\/","og_site_name":"News Est Lyonnais","article_author":"https:\/\/www.facebook.com\/pascal.oberson.1?fref=ts","article_published_time":"2021-12-31T15:05:35+00:00","article_modified_time":"2024-01-06T15:40:40+00:00","og_image":[{"width":720,"height":725,"url":"https:\/\/newsestlyonnais.fr\/site\/wp-content\/uploads\/2021\/12\/FB_IMG_1640954740819.jpg","type":"image\/jpeg"}],"author":"R\u00e9dac. NEWS","twitter_card":"summary_large_image","twitter_misc":{"\u00c9crit par":"R\u00e9dac. NEWS","Dur\u00e9e de lecture estim\u00e9e":"2 minutes"},"schema":{"@context":"https:\/\/schema.org","@graph":[{"@type":"Article","@id":"https:\/\/newsestlyonnais.fr\/site\/2021\/12\/31\/patrice-egraz-une-annee-qui-a-permis-finalement-une-vraie-coupure-competitive\/#article","isPartOf":{"@id":"https:\/\/newsestlyonnais.fr\/site\/2021\/12\/31\/patrice-egraz-une-annee-qui-a-permis-finalement-une-vraie-coupure-competitive\/"},"author":{"name":"R\u00e9dac. NEWS","@id":"https:\/\/newsestlyonnais.fr\/site\/#\/schema\/person\/3230d5615f390bb808365d673001e887"},"headline":"Patrice Egraz \u00ab\u00a0Une ann\u00e9e qui a permis finalement une vraie coupure comp\u00e9titive\u00a0\u00bb","datePublished":"2021-12-31T15:05:35+00:00","dateModified":"2024-01-06T15:40:40+00:00","mainEntityOfPage":{"@id":"https:\/\/newsestlyonnais.fr\/site\/2021\/12\/31\/patrice-egraz-une-annee-qui-a-permis-finalement-une-vraie-coupure-competitive\/"},"wordCount":302,"commentCount":0,"publisher":{"@id":"https:\/\/newsestlyonnais.fr\/site\/#organization"},"image":{"@id":"https:\/\/newsestlyonnais.fr\/site\/2021\/12\/31\/patrice-egraz-une-annee-qui-a-permis-finalement-une-vraie-coupure-competitive\/#primaryimage"},"thumbnailUrl":"https:\/\/newsestlyonnais.fr\/site\/wp-content\/uploads\/2021\/12\/FB_IMG_1640954740819.jpg","keywords":["BILAN","Patrice Egraz"],"articleSection":["Athl\u00e9 | Course pied | Marche","Is\u00e8re (38)","R\u00e9cits de course \/ Portraits \/ Interviews","Sports"],"inLanguage":"fr-FR","potentialAction":[{"@type":"CommentAction","name":"Comment","target":["https:\/\/newsestlyonnais.fr\/site\/2021\/12\/31\/patrice-egraz-une-annee-qui-a-permis-finalement-une-vraie-coupure-competitive\/#respond"]}]},{"@type":"WebPage","@id":"https:\/\/newsestlyonnais.fr\/site\/2021\/12\/31\/patrice-egraz-une-annee-qui-a-permis-finalement-une-vraie-coupure-competitive\/","url":"https:\/\/newsestlyonnais.fr\/site\/2021\/12\/31\/patrice-egraz-une-annee-qui-a-permis-finalement-une-vraie-coupure-competitive\/","name":"Patrice Egraz \"Une ann\u00e9e qui a permis finalement une vraie coupure comp\u00e9titive\" - News Est Lyonnais","isPartOf":{"@id":"https:\/\/newsestlyonnais.fr\/site\/#website"},"primaryImageOfPage":{"@id":"https:\/\/newsestlyonnais.fr\/site\/2021\/12\/31\/patrice-egraz-une-annee-qui-a-permis-finalement-une-vraie-coupure-competitive\/#primaryimage"},"image":{"@id":"https:\/\/newsestlyonnais.fr\/site\/2021\/12\/31\/patrice-egraz-une-annee-qui-a-permis-finalement-une-vraie-coupure-competitive\/#primaryimage"},"thumbnailUrl":"https:\/\/newsestlyonnais.fr\/site\/wp-content\/uploads\/2021\/12\/FB_IMG_1640954740819.jpg","datePublished":"2021-12-31T15:05:35+00:00","dateModified":"2024-01-06T15:40:40+00:00","description":"Patrice Egraz \" une ann\u00e9e qui a permis finalement une vraie coupure comp\u00e9titive \"","breadcrumb":{"@id":"https:\/\/newsestlyonnais.fr\/site\/2021\/12\/31\/patrice-egraz-une-annee-qui-a-permis-finalement-une-vraie-coupure-competitive\/#breadcrumb"},"inLanguage":"fr-FR","potentialAction":[{"@type":"ReadAction","target":["https:\/\/newsestlyonnais.fr\/site\/2021\/12\/31\/patrice-egraz-une-annee-qui-a-permis-finalement-une-vraie-coupure-competitive\/"]}]},{"@type":"ImageObject","inLanguage":"fr-FR","@id":"https:\/\/newsestlyonnais.fr\/site\/2021\/12\/31\/patrice-egraz-une-annee-qui-a-permis-finalement-une-vraie-coupure-competitive\/#primaryimage","url":"https:\/\/newsestlyonnais.fr\/site\/wp-content\/uploads\/2021\/12\/FB_IMG_1640954740819.jpg","contentUrl":"https:\/\/newsestlyonnais.fr\/site\/wp-content\/uploads\/2021\/12\/FB_IMG_1640954740819.jpg","width":720,"height":725},{"@type":"BreadcrumbList","@id":"https:\/\/newsestlyonnais.fr\/site\/2021\/12\/31\/patrice-egraz-une-annee-qui-a-permis-finalement-une-vraie-coupure-competitive\/#breadcrumb","itemListElement":[{"@type":"ListItem","position":1,"name":"Accueil","item":"https:\/\/newsestlyonnais.fr\/site\/"},{"@type":"ListItem","position":2,"name":"Patrice Egraz \u00ab\u00a0Une ann\u00e9e qui a permis finalement une vraie coupure comp\u00e9titive\u00a0\u00bb"}]},{"@type":"WebSite","@id":"https:\/\/newsestlyonnais.fr\/site\/#website","url":"https:\/\/newsestlyonnais.fr\/site\/","name":"News Est Lyonnais","description":"L&#039;actualit\u00e9 au plus pr\u00e8s","publisher":{"@id":"https:\/\/newsestlyonnais.fr\/site\/#organization"},"potentialAction":[{"@type":"SearchAction","target":{"@type":"EntryPoint","urlTemplate":"https:\/\/newsestlyonnais.fr\/site\/?s={search_term_string}"},"query-input":{"@type":"PropertyValueSpecification","valueRequired":true,"valueName":"search_term_string"}}],"inLanguage":"fr-FR"},{"@type":"Organization","@id":"https:\/\/newsestlyonnais.fr\/site\/#organization","name":"News EST LYONNAIS","url":"https:\/\/newsestlyonnais.fr\/site\/","logo":{"@type":"ImageObject","inLanguage":"fr-FR","@id":"https:\/\/newsestlyonnais.fr\/site\/#\/schema\/logo\/image\/","url":"","contentUrl":"","caption":"News EST LYONNAIS"},"image":{"@id":"https:\/\/newsestlyonnais.fr\/site\/#\/schema\/logo\/image\/"}},{"@type":"Person","@id":"https:\/\/newsestlyonnais.fr\/site\/#\/schema\/person\/3230d5615f390bb808365d673001e887","name":"R\u00e9dac. NEWS","sameAs":["http:\/\/www.newsestlyonnais.fr","https:\/\/www.facebook.com\/pascal.oberson.1?fref=ts","https:\/\/fr.linkedin.com\/in\/pascal-oberson-b17045113"],"url":"https:\/\/newsestlyonnais.fr\/site\/author\/nel\/"}]}},"_links":{"self":[{"href":"https:\/\/newsestlyonnais.fr\/site\/wp-json\/wp\/v2\/posts\/146186","targetHints":{"allow":["GET"]}}],"collection":[{"href":"https:\/\/newsestlyonnais.fr\/site\/wp-json\/wp\/v2\/posts"}],"about":[{"href":"https:\/\/newsestlyonnais.fr\/site\/wp-json\/wp\/v2\/types\/post"}],"author":[{"embeddable":true,"href":"https:\/\/newsestlyonnais.fr\/site\/wp-json\/wp\/v2\/users\/4"}],"replies":[{"embeddable":true,"href":"https:\/\/newsestlyonnais.fr\/site\/wp-json\/wp\/v2\/comments?post=146186"}],"version-history":[{"count":0,"href":"https:\/\/newsestlyonnais.fr\/site\/wp-json\/wp\/v2\/posts\/146186\/revisions"}],"wp:featuredmedia":[{"embeddable":true,"href":"https:\/\/newsestlyonnais.fr\/site\/wp-json\/wp\/v2\/media\/146191"}],"wp:attachment":[{"href":"https:\/\/newsestlyonnais.fr\/site\/wp-json\/wp\/v2\/media?parent=146186"}],"wp:term":[{"taxonomy":"category","embeddable":true,"href":"https:\/\/newsestlyonnais.fr\/site\/wp-json\/wp\/v2\/categories?post=146186"},{"taxonomy":"post_tag","embeddable":true,"href":"https:\/\/newsestlyonnais.fr\/site\/wp-json\/wp\/v2\/tags?post=146186"}],"curies":[{"name":"wp","href":"https:\/\/api.w.org\/{rel}","templated":true}]}}