{"id":147448,"date":"2022-01-20T06:13:47","date_gmt":"2022-01-20T05:13:47","guid":{"rendered":"https:\/\/newsestlyonnais.fr\/site\/?p=147448"},"modified":"2022-01-26T17:38:17","modified_gmt":"2022-01-26T16:38:17","slug":"les-lions-du-8eme-annee-tres-compliquee-au-niveau-de-la-pratique-du-tir-a-larc","status":"publish","type":"post","link":"https:\/\/newsestlyonnais.fr\/site\/2022\/01\/20\/les-lions-du-8eme-annee-tres-compliquee-au-niveau-de-la-pratique-du-tir-a-larc\/","title":{"rendered":"Les Lions du 8\u00e8me \u00ab\u00a0ann\u00e9e tr\u00e8s compliqu\u00e9e au niveau de la pratique du tir \u00e0 l&rsquo;arc\u00a0\u00bb"},"content":{"rendered":"<p><span style=\"font-size: 14pt; background-color: #000000; color: #ffffff;\"><strong>Commune de r\u00e9sidence et club sportif ?<\/strong><\/span><\/p>\r\n<p><strong>\u00a0\u00bb Les Lions du 8\u00e8me \u00e0 Lyon \/ Arch\u00e8res \u00e9quipe arc classique D2<\/strong> : Anne Calippe, Ana\u00ebl Coupard, Marine Villedieu et In\u00e8s Ambrosini.<br \/>Coach : Thierry Maschio \/ Accompagnants : Laurent Beaudroit \u2013 Killian Conga \u00ab\u00a0<\/p>\r\n<p><span style=\"font-size: 14pt; background-color: #000000; color: #ffffff;\"><strong>Pr\u00e9sentation sommaire de leurs palmar\u00e8s :<br \/><\/strong><\/span><\/p>\r\n<p>\u00a0\u00bb <strong>Anne Calippe<\/strong> (Championne de Ligue salle 2019, Vice-championne de Ligue salle 2020, Vice-championne de France Beursault 2019).<br \/><strong>Ana\u00ebl Coupard<\/strong> (5\u00b0 CF Universitaire 2020, Championne de Ligue salle 2020, Championne de Ligue TEA International ext\u00e9rieur 2021, 12\u00b0 manche coupe du monde en salle \u00e0 N\u00eemes).<br \/><strong>Marine Villedieu<\/strong> (Championne de Ligue salle Junior 2019 , 9\u00b0 championnat de France salle 2019).<br \/><strong>In\u00e8s Ambrosin<\/strong>i (palmar\u00e8s n\u00e9ant, arch\u00e8re d\u00e9butante). \u00ab\u00a0<\/p>\r\n<p><span style=\"font-size: 14pt; background-color: #000000; color: #ffffff;\"><strong>Avant de la d\u00e9tailler, comment qualifier l&rsquo;ann\u00e9e 2021 avec cette crise sanitaire ?<\/strong><\/span><\/p>\r\n<p>\u00a0\u00bb <strong>C\u2019est une ann\u00e9e tr\u00e8s compliqu\u00e9e au niveau de la pratique de notre sport<\/strong>. <strong>Toute la saison salle a \u00e9t\u00e9 annul\u00e9e<\/strong>. Pas de tir possible entre fin septembre 2020 et fin mars 2021. Une reprise tr\u00e8s compliqu\u00e9e avec comme objectif, une \u00e9ventuelle participation au championnat de France par \u00e9quipes de clubs D2.<\/p>\r\n<p>Nous avons attendu jusqu\u2019\u00e0 fin mai. Les 2 premi\u00e8re manches d\u2019avril et mai avaient \u00e9t\u00e9 annul\u00e9es. La qualification pour la finale s\u2019est donc jou\u00e9e sur seulement 1 manche au lieu de 3.<\/p>\r\n<p>La pr\u00e9paration a \u00e9t\u00e9 tr\u00e8s compliqu\u00e9e car les perspectives \u00e9taient tr\u00e8s floues. <strong>S\u2019entrainer sans objectif sportif autre que la satisfaction personnelle n\u2019est pas ais\u00e9e<\/strong>. Il y a eu un gros travail de l\u2019\u00e9quipe encadrante pour motiver et pr\u00e9parer les filles pour qu\u2019elles soient pr\u00eates et qu\u2019elles ne se blessent pas, apr\u00e8s toute cette p\u00e9riode sans activit\u00e9 normale. \u00ab\u00a0<\/p>\r\n<p><span style=\"background-color: #000000; color: #ffffff; font-size: 14pt;\">Combien de comp\u00e9titions disput\u00e9es ?<br \/><\/span><\/p>\r\n<p>\u00a0\u00bb Pour Ana\u00ebl : une manche de coupe du monde en salle \u00e0 N\u00eemes en mars : 12\u00b0, 2 concours individuels ext\u00e9rieurs dont le Championnat de Ligue AURA \u00e0 Villeurbanne : 1\u00b0 place + 1 manche qualificative pour le CF par \u00e9quipes \u00e0 Ch\u00e2tillon sur Seine 3\u00b0\/8 et la finale \u00e0 Saint- Avertin, mi-juillet : 5\u00b0 \/32.<br \/>Pour les 3 autres filles : seulement les 2 comp\u00e9titions par \u00e9quipes.<\/p>\r\n<p><strong>Elles r\u00e9alisent malgr\u00e9 tout cela une tr\u00e8s belle saison et sont heureuses d\u2019avoir repris, m\u00eame dans des conditions tr\u00e8s compliqu\u00e9es<\/strong>. \u00a0\u00bb confie Laurent Beaudroit, pr\u00e9sident du club.<\/p>\r\n<hr \/>\r\n<p class=\"textAlignLeft\"><em><strong>&gt;&gt; NOTA<\/strong> : <strong>Les Lions Du 8\u00e8me organisent un concours du 4 au 6 F\u00e9vrier 2022 (Gymnase Nelson Paillou).<\/strong><\/em><\/p>\r\n<p><span style=\"background-color: #000000;\"><strong><span style=\"color: #ffffff; font-size: 14pt;\"><em>Toute l&rsquo;ACTU du club sur :<\/em> <\/span><span style=\"color: #ffcc00;\"><a style=\"color: #ffcc00; background-color: #000000;\" href=\"https:\/\/www.leslionsdu8.fr\"><span style=\"font-size: 14pt;\">https:\/\/www.leslionsdu8.fr<\/span><\/a><\/span><\/strong><\/span><\/p>\r\n<hr \/>\r\n<div id='gallery-1' class='gallery galleryid-147448 gallery-columns-3 gallery-size-thumbnail'><figure class='gallery-item'>\n\t\t\t<div class='gallery-icon landscape'>\n\t\t\t\t<a href='https:\/\/newsestlyonnais.fr\/site\/2022\/01\/20\/les-lions-du-8eme-annee-tres-compliquee-au-niveau-de-la-pratique-du-tir-a-larc\/img_20210718_145019\/'><img loading=\"lazy\" decoding=\"async\" width=\"150\" height=\"113\" src=\"https:\/\/newsestlyonnais.fr\/site\/wp-content\/uploads\/2022\/01\/IMG_20210718_145019-250x188.jpg\" class=\"attachment-thumbnail size-thumbnail\" alt=\"\" srcset=\"https:\/\/newsestlyonnais.fr\/site\/wp-content\/uploads\/2022\/01\/IMG_20210718_145019-250x188.jpg 250w, https:\/\/newsestlyonnais.fr\/site\/wp-content\/uploads\/2022\/01\/IMG_20210718_145019-400x300.jpg 400w, https:\/\/newsestlyonnais.fr\/site\/wp-content\/uploads\/2022\/01\/IMG_20210718_145019-650x488.jpg 650w, https:\/\/newsestlyonnais.fr\/site\/wp-content\/uploads\/2022\/01\/IMG_20210718_145019-768x577.jpg 768w, https:\/\/newsestlyonnais.fr\/site\/wp-content\/uploads\/2022\/01\/IMG_20210718_145019-150x113.jpg 150w, https:\/\/newsestlyonnais.fr\/site\/wp-content\/uploads\/2022\/01\/IMG_20210718_145019-50x38.jpg 50w, https:\/\/newsestlyonnais.fr\/site\/wp-content\/uploads\/2022\/01\/IMG_20210718_145019-100x75.jpg 100w, https:\/\/newsestlyonnais.fr\/site\/wp-content\/uploads\/2022\/01\/IMG_20210718_145019-200x150.jpg 200w, https:\/\/newsestlyonnais.fr\/site\/wp-content\/uploads\/2022\/01\/IMG_20210718_145019-300x225.jpg 300w, https:\/\/newsestlyonnais.fr\/site\/wp-content\/uploads\/2022\/01\/IMG_20210718_145019-350x263.jpg 350w, https:\/\/newsestlyonnais.fr\/site\/wp-content\/uploads\/2022\/01\/IMG_20210718_145019-450x338.jpg 450w, https:\/\/newsestlyonnais.fr\/site\/wp-content\/uploads\/2022\/01\/IMG_20210718_145019-500x375.jpg 500w, https:\/\/newsestlyonnais.fr\/site\/wp-content\/uploads\/2022\/01\/IMG_20210718_145019-550x413.jpg 550w, https:\/\/newsestlyonnais.fr\/site\/wp-content\/uploads\/2022\/01\/IMG_20210718_145019-800x601.jpg 800w, https:\/\/newsestlyonnais.fr\/site\/wp-content\/uploads\/2022\/01\/IMG_20210718_145019.jpg 1200w\" sizes=\"auto, (max-width: 150px) 100vw, 150px\" \/><\/a>\n\t\t\t<\/div><\/figure><figure class='gallery-item'>\n\t\t\t<div class='gallery-icon landscape'>\n\t\t\t\t<a href='https:\/\/newsestlyonnais.fr\/site\/2022\/01\/20\/les-lions-du-8eme-annee-tres-compliquee-au-niveau-de-la-pratique-du-tir-a-larc\/img_20210704_140434\/'><img loading=\"lazy\" decoding=\"async\" width=\"150\" height=\"113\" src=\"https:\/\/newsestlyonnais.fr\/site\/wp-content\/uploads\/2022\/01\/IMG_20210704_140434-250x188.jpg\" class=\"attachment-thumbnail size-thumbnail\" alt=\"\" srcset=\"https:\/\/newsestlyonnais.fr\/site\/wp-content\/uploads\/2022\/01\/IMG_20210704_140434-250x188.jpg 250w, https:\/\/newsestlyonnais.fr\/site\/wp-content\/uploads\/2022\/01\/IMG_20210704_140434-400x300.jpg 400w, https:\/\/newsestlyonnais.fr\/site\/wp-content\/uploads\/2022\/01\/IMG_20210704_140434-650x488.jpg 650w, https:\/\/newsestlyonnais.fr\/site\/wp-content\/uploads\/2022\/01\/IMG_20210704_140434-768x577.jpg 768w, https:\/\/newsestlyonnais.fr\/site\/wp-content\/uploads\/2022\/01\/IMG_20210704_140434-150x113.jpg 150w, https:\/\/newsestlyonnais.fr\/site\/wp-content\/uploads\/2022\/01\/IMG_20210704_140434-50x38.jpg 50w, https:\/\/newsestlyonnais.fr\/site\/wp-content\/uploads\/2022\/01\/IMG_20210704_140434-100x75.jpg 100w, https:\/\/newsestlyonnais.fr\/site\/wp-content\/uploads\/2022\/01\/IMG_20210704_140434-200x150.jpg 200w, https:\/\/newsestlyonnais.fr\/site\/wp-content\/uploads\/2022\/01\/IMG_20210704_140434-300x225.jpg 300w, https:\/\/newsestlyonnais.fr\/site\/wp-content\/uploads\/2022\/01\/IMG_20210704_140434-350x263.jpg 350w, https:\/\/newsestlyonnais.fr\/site\/wp-content\/uploads\/2022\/01\/IMG_20210704_140434-450x338.jpg 450w, https:\/\/newsestlyonnais.fr\/site\/wp-content\/uploads\/2022\/01\/IMG_20210704_140434-500x375.jpg 500w, https:\/\/newsestlyonnais.fr\/site\/wp-content\/uploads\/2022\/01\/IMG_20210704_140434-550x413.jpg 550w, https:\/\/newsestlyonnais.fr\/site\/wp-content\/uploads\/2022\/01\/IMG_20210704_140434-800x601.jpg 800w, https:\/\/newsestlyonnais.fr\/site\/wp-content\/uploads\/2022\/01\/IMG_20210704_140434.jpg 1200w\" sizes=\"auto, (max-width: 150px) 100vw, 150px\" \/><\/a>\n\t\t\t<\/div><\/figure><figure class='gallery-item'>\n\t\t\t<div class='gallery-icon landscape'>\n\t\t\t\t<a href='https:\/\/newsestlyonnais.fr\/site\/2022\/01\/20\/les-lions-du-8eme-annee-tres-compliquee-au-niveau-de-la-pratique-du-tir-a-larc\/img_20210718_083920\/'><img loading=\"lazy\" decoding=\"async\" width=\"150\" height=\"113\" src=\"https:\/\/newsestlyonnais.fr\/site\/wp-content\/uploads\/2022\/01\/IMG_20210718_083920-250x188.jpg\" class=\"attachment-thumbnail size-thumbnail\" alt=\"\" srcset=\"https:\/\/newsestlyonnais.fr\/site\/wp-content\/uploads\/2022\/01\/IMG_20210718_083920-250x188.jpg 250w, https:\/\/newsestlyonnais.fr\/site\/wp-content\/uploads\/2022\/01\/IMG_20210718_083920-400x300.jpg 400w, https:\/\/newsestlyonnais.fr\/site\/wp-content\/uploads\/2022\/01\/IMG_20210718_083920-650x488.jpg 650w, https:\/\/newsestlyonnais.fr\/site\/wp-content\/uploads\/2022\/01\/IMG_20210718_083920-768x577.jpg 768w, https:\/\/newsestlyonnais.fr\/site\/wp-content\/uploads\/2022\/01\/IMG_20210718_083920-150x113.jpg 150w, https:\/\/newsestlyonnais.fr\/site\/wp-content\/uploads\/2022\/01\/IMG_20210718_083920-50x38.jpg 50w, https:\/\/newsestlyonnais.fr\/site\/wp-content\/uploads\/2022\/01\/IMG_20210718_083920-100x75.jpg 100w, https:\/\/newsestlyonnais.fr\/site\/wp-content\/uploads\/2022\/01\/IMG_20210718_083920-200x150.jpg 200w, https:\/\/newsestlyonnais.fr\/site\/wp-content\/uploads\/2022\/01\/IMG_20210718_083920-300x225.jpg 300w, https:\/\/newsestlyonnais.fr\/site\/wp-content\/uploads\/2022\/01\/IMG_20210718_083920-350x263.jpg 350w, https:\/\/newsestlyonnais.fr\/site\/wp-content\/uploads\/2022\/01\/IMG_20210718_083920-450x338.jpg 450w, https:\/\/newsestlyonnais.fr\/site\/wp-content\/uploads\/2022\/01\/IMG_20210718_083920-500x375.jpg 500w, https:\/\/newsestlyonnais.fr\/site\/wp-content\/uploads\/2022\/01\/IMG_20210718_083920-550x413.jpg 550w, https:\/\/newsestlyonnais.fr\/site\/wp-content\/uploads\/2022\/01\/IMG_20210718_083920-800x601.jpg 800w, https:\/\/newsestlyonnais.fr\/site\/wp-content\/uploads\/2022\/01\/IMG_20210718_083920.jpg 1200w\" sizes=\"auto, (max-width: 150px) 100vw, 150px\" \/><\/a>\n\t\t\t<\/div><\/figure><figure class='gallery-item'>\n\t\t\t<div class='gallery-icon landscape'>\n\t\t\t\t<a href='https:\/\/newsestlyonnais.fr\/site\/2022\/01\/20\/les-lions-du-8eme-annee-tres-compliquee-au-niveau-de-la-pratique-du-tir-a-larc\/img_20210718_145031\/'><img loading=\"lazy\" decoding=\"async\" width=\"150\" height=\"112\" src=\"https:\/\/newsestlyonnais.fr\/site\/wp-content\/uploads\/2022\/01\/IMG_20210718_145031-250x187.jpg\" class=\"attachment-thumbnail size-thumbnail\" alt=\"\" srcset=\"https:\/\/newsestlyonnais.fr\/site\/wp-content\/uploads\/2022\/01\/IMG_20210718_145031-250x187.jpg 250w, https:\/\/newsestlyonnais.fr\/site\/wp-content\/uploads\/2022\/01\/IMG_20210718_145031-400x300.jpg 400w, https:\/\/newsestlyonnais.fr\/site\/wp-content\/uploads\/2022\/01\/IMG_20210718_145031-650x487.jpg 650w, https:\/\/newsestlyonnais.fr\/site\/wp-content\/uploads\/2022\/01\/IMG_20210718_145031-768x575.jpg 768w, https:\/\/newsestlyonnais.fr\/site\/wp-content\/uploads\/2022\/01\/IMG_20210718_145031-150x112.jpg 150w, https:\/\/newsestlyonnais.fr\/site\/wp-content\/uploads\/2022\/01\/IMG_20210718_145031-50x37.jpg 50w, https:\/\/newsestlyonnais.fr\/site\/wp-content\/uploads\/2022\/01\/IMG_20210718_145031-100x75.jpg 100w, https:\/\/newsestlyonnais.fr\/site\/wp-content\/uploads\/2022\/01\/IMG_20210718_145031-200x150.jpg 200w, https:\/\/newsestlyonnais.fr\/site\/wp-content\/uploads\/2022\/01\/IMG_20210718_145031-300x225.jpg 300w, https:\/\/newsestlyonnais.fr\/site\/wp-content\/uploads\/2022\/01\/IMG_20210718_145031-350x262.jpg 350w, https:\/\/newsestlyonnais.fr\/site\/wp-content\/uploads\/2022\/01\/IMG_20210718_145031-450x337.jpg 450w, https:\/\/newsestlyonnais.fr\/site\/wp-content\/uploads\/2022\/01\/IMG_20210718_145031-500x375.jpg 500w, https:\/\/newsestlyonnais.fr\/site\/wp-content\/uploads\/2022\/01\/IMG_20210718_145031-550x412.jpg 550w, https:\/\/newsestlyonnais.fr\/site\/wp-content\/uploads\/2022\/01\/IMG_20210718_145031-800x599.jpg 800w, https:\/\/newsestlyonnais.fr\/site\/wp-content\/uploads\/2022\/01\/IMG_20210718_145031.jpg 1200w\" sizes=\"auto, (max-width: 150px) 100vw, 150px\" \/><\/a>\n\t\t\t<\/div><\/figure><figure class='gallery-item'>\n\t\t\t<div class='gallery-icon portrait'>\n\t\t\t\t<a href='https:\/\/newsestlyonnais.fr\/site\/2022\/01\/20\/les-lions-du-8eme-annee-tres-compliquee-au-niveau-de-la-pratique-du-tir-a-larc\/img_20210704_170535\/'><img loading=\"lazy\" decoding=\"async\" width=\"113\" height=\"150\" src=\"https:\/\/newsestlyonnais.fr\/site\/wp-content\/uploads\/2022\/01\/IMG_20210704_170535-250x333.jpg\" class=\"attachment-thumbnail size-thumbnail\" alt=\"\" srcset=\"https:\/\/newsestlyonnais.fr\/site\/wp-content\/uploads\/2022\/01\/IMG_20210704_170535-250x333.jpg 250w, https:\/\/newsestlyonnais.fr\/site\/wp-content\/uploads\/2022\/01\/IMG_20210704_170535-400x533.jpg 400w, https:\/\/newsestlyonnais.fr\/site\/wp-content\/uploads\/2022\/01\/IMG_20210704_170535-650x866.jpg 650w, https:\/\/newsestlyonnais.fr\/site\/wp-content\/uploads\/2022\/01\/IMG_20210704_170535-768x1023.jpg 768w, https:\/\/newsestlyonnais.fr\/site\/wp-content\/uploads\/2022\/01\/IMG_20210704_170535-150x200.jpg 150w, https:\/\/newsestlyonnais.fr\/site\/wp-content\/uploads\/2022\/01\/IMG_20210704_170535-50x67.jpg 50w, https:\/\/newsestlyonnais.fr\/site\/wp-content\/uploads\/2022\/01\/IMG_20210704_170535-100x133.jpg 100w, https:\/\/newsestlyonnais.fr\/site\/wp-content\/uploads\/2022\/01\/IMG_20210704_170535-200x266.jpg 200w, https:\/\/newsestlyonnais.fr\/site\/wp-content\/uploads\/2022\/01\/IMG_20210704_170535-300x400.jpg 300w, https:\/\/newsestlyonnais.fr\/site\/wp-content\/uploads\/2022\/01\/IMG_20210704_170535-350x466.jpg 350w, https:\/\/newsestlyonnais.fr\/site\/wp-content\/uploads\/2022\/01\/IMG_20210704_170535-450x599.jpg 450w, https:\/\/newsestlyonnais.fr\/site\/wp-content\/uploads\/2022\/01\/IMG_20210704_170535-500x666.jpg 500w, https:\/\/newsestlyonnais.fr\/site\/wp-content\/uploads\/2022\/01\/IMG_20210704_170535-550x733.jpg 550w, https:\/\/newsestlyonnais.fr\/site\/wp-content\/uploads\/2022\/01\/IMG_20210704_170535-800x1065.jpg 800w, https:\/\/newsestlyonnais.fr\/site\/wp-content\/uploads\/2022\/01\/IMG_20210704_170535.jpg 901w\" sizes=\"auto, (max-width: 113px) 100vw, 113px\" \/><\/a>\n\t\t\t<\/div><\/figure>\n\t\t<\/div>\n\r\n<hr \/>\r\n<p><span style=\"font-size: 14pt; background-color: #000000; color: #ffffff;\"><strong>Prochain bilan &gt; <span style=\"color: #ffcc00;\">Inatea Loubeyre<\/span><\/strong> (<strong>Tir \u00e0 l\u2019Arc \/ H\u00e9racl\u00e8s Villeurbanne)<\/strong><\/span><\/p>\r\n","protected":false},"excerpt":{"rendered":"<p>Une fois n&rsquo;est pas coutume, ce n&rsquo;est pas une sportive ou un sportif qui dresse son bilan de 2021 mais l&rsquo;\u00e9quipe f\u00e9minine d&rsquo;un club (28\/40).<\/p>\n","protected":false},"author":4,"featured_media":147451,"comment_status":"open","ping_status":"open","sticky":false,"template":"","format":"standard","meta":{"footnotes":""},"categories":[3421,1625,3250,2,3894],"tags":[2019,3497,2077,2327],"class_list":["post-147448","post","type-post","status-publish","format-standard","has-post-thumbnail","hentry","category-feminin-actu-au","category-lyon","category-recits-de-course-portraits-interviews","category-sports","category-tir-a-larc","tag-concours","tag-lions-du-8","tag-lyon","tag-tir-a-arc"],"yoast_head":"<!-- This site is optimized with the Yoast SEO plugin v27.2 - https:\/\/yoast.com\/product\/yoast-seo-wordpress\/ -->\n<title>Les Lions du 8\u00e8me &quot;ann\u00e9e tr\u00e8s compliqu\u00e9e au niveau de la pratique du tir \u00e0 l&#039;arc&quot; - News Est Lyonnais<\/title>\n<meta name=\"description\" content=\"Les Lions du 8\u00e8me &quot;ann\u00e9e tr\u00e8s compliqu\u00e9e au niveau de la pratique du tir \u00e0 l&#039;arc&quot;\" \/>\n<meta name=\"robots\" content=\"index, follow, max-snippet:-1, max-image-preview:large, max-video-preview:-1\" \/>\n<link rel=\"canonical\" href=\"https:\/\/newsestlyonnais.fr\/site\/2022\/01\/20\/les-lions-du-8eme-annee-tres-compliquee-au-niveau-de-la-pratique-du-tir-a-larc\/\" \/>\n<meta property=\"og:locale\" content=\"fr_FR\" \/>\n<meta property=\"og:type\" content=\"article\" \/>\n<meta property=\"og:title\" content=\"Les Lions du 8\u00e8me &quot;ann\u00e9e tr\u00e8s compliqu\u00e9e au niveau de la pratique du tir \u00e0 l&#039;arc&quot; - News Est Lyonnais\" \/>\n<meta property=\"og:description\" content=\"Les Lions du 8\u00e8me &quot;ann\u00e9e tr\u00e8s compliqu\u00e9e au niveau de la pratique du tir \u00e0 l&#039;arc&quot;\" \/>\n<meta property=\"og:url\" content=\"https:\/\/newsestlyonnais.fr\/site\/2022\/01\/20\/les-lions-du-8eme-annee-tres-compliquee-au-niveau-de-la-pratique-du-tir-a-larc\/\" \/>\n<meta property=\"og:site_name\" content=\"News Est Lyonnais\" \/>\n<meta property=\"article:author\" content=\"https:\/\/www.facebook.com\/pascal.oberson.1?fref=ts\" \/>\n<meta property=\"article:published_time\" content=\"2022-01-20T05:13:47+00:00\" \/>\n<meta property=\"article:modified_time\" content=\"2022-01-26T16:38:17+00:00\" \/>\n<meta property=\"og:image\" content=\"https:\/\/newsestlyonnais.fr\/site\/wp-content\/uploads\/2022\/01\/IMG_20210704_174435.jpg\" \/>\n\t<meta property=\"og:image:width\" content=\"1200\" \/>\n\t<meta property=\"og:image:height\" content=\"901\" \/>\n\t<meta property=\"og:image:type\" content=\"image\/jpeg\" \/>\n<meta name=\"author\" content=\"R\u00e9dac. NEWS\" \/>\n<meta name=\"twitter:card\" content=\"summary_large_image\" \/>\n<meta name=\"twitter:label1\" content=\"\u00c9crit par\" \/>\n\t<meta name=\"twitter:data1\" content=\"R\u00e9dac. NEWS\" \/>\n\t<meta name=\"twitter:label2\" content=\"Dur\u00e9e de lecture estim\u00e9e\" \/>\n\t<meta name=\"twitter:data2\" content=\"2 minutes\" \/>\n<script type=\"application\/ld+json\" class=\"yoast-schema-graph\">{\"@context\":\"https:\/\/schema.org\",\"@graph\":[{\"@type\":\"Article\",\"@id\":\"https:\/\/newsestlyonnais.fr\/site\/2022\/01\/20\/les-lions-du-8eme-annee-tres-compliquee-au-niveau-de-la-pratique-du-tir-a-larc\/#article\",\"isPartOf\":{\"@id\":\"https:\/\/newsestlyonnais.fr\/site\/2022\/01\/20\/les-lions-du-8eme-annee-tres-compliquee-au-niveau-de-la-pratique-du-tir-a-larc\/\"},\"author\":{\"name\":\"R\u00e9dac. NEWS\",\"@id\":\"https:\/\/newsestlyonnais.fr\/site\/#\/schema\/person\/3230d5615f390bb808365d673001e887\"},\"headline\":\"Les Lions du 8\u00e8me \u00ab\u00a0ann\u00e9e tr\u00e8s compliqu\u00e9e au niveau de la pratique du tir \u00e0 l&rsquo;arc\u00a0\u00bb\",\"datePublished\":\"2022-01-20T05:13:47+00:00\",\"dateModified\":\"2022-01-26T16:38:17+00:00\",\"mainEntityOfPage\":{\"@id\":\"https:\/\/newsestlyonnais.fr\/site\/2022\/01\/20\/les-lions-du-8eme-annee-tres-compliquee-au-niveau-de-la-pratique-du-tir-a-larc\/\"},\"wordCount\":434,\"commentCount\":0,\"publisher\":{\"@id\":\"https:\/\/newsestlyonnais.fr\/site\/#organization\"},\"image\":{\"@id\":\"https:\/\/newsestlyonnais.fr\/site\/2022\/01\/20\/les-lions-du-8eme-annee-tres-compliquee-au-niveau-de-la-pratique-du-tir-a-larc\/#primaryimage\"},\"thumbnailUrl\":\"https:\/\/newsestlyonnais.fr\/site\/wp-content\/uploads\/2022\/01\/IMG_20210704_174435.jpg\",\"keywords\":[\"CONCOURS\",\"LIONS DU 8\u00b0\",\"LYON\",\"tir \u00e0 arc\"],\"articleSection\":[\"F\u00e9minin (Actu au)\",\"Lyon\",\"R\u00e9cits de course \/ Portraits \/ Interviews\",\"Sports\",\"Tir \u00e0 l'arc\"],\"inLanguage\":\"fr-FR\",\"potentialAction\":[{\"@type\":\"CommentAction\",\"name\":\"Comment\",\"target\":[\"https:\/\/newsestlyonnais.fr\/site\/2022\/01\/20\/les-lions-du-8eme-annee-tres-compliquee-au-niveau-de-la-pratique-du-tir-a-larc\/#respond\"]}]},{\"@type\":\"WebPage\",\"@id\":\"https:\/\/newsestlyonnais.fr\/site\/2022\/01\/20\/les-lions-du-8eme-annee-tres-compliquee-au-niveau-de-la-pratique-du-tir-a-larc\/\",\"url\":\"https:\/\/newsestlyonnais.fr\/site\/2022\/01\/20\/les-lions-du-8eme-annee-tres-compliquee-au-niveau-de-la-pratique-du-tir-a-larc\/\",\"name\":\"Les Lions du 8\u00e8me \\\"ann\u00e9e tr\u00e8s compliqu\u00e9e au niveau de la pratique du tir \u00e0 l'arc\\\" - News Est Lyonnais\",\"isPartOf\":{\"@id\":\"https:\/\/newsestlyonnais.fr\/site\/#website\"},\"primaryImageOfPage\":{\"@id\":\"https:\/\/newsestlyonnais.fr\/site\/2022\/01\/20\/les-lions-du-8eme-annee-tres-compliquee-au-niveau-de-la-pratique-du-tir-a-larc\/#primaryimage\"},\"image\":{\"@id\":\"https:\/\/newsestlyonnais.fr\/site\/2022\/01\/20\/les-lions-du-8eme-annee-tres-compliquee-au-niveau-de-la-pratique-du-tir-a-larc\/#primaryimage\"},\"thumbnailUrl\":\"https:\/\/newsestlyonnais.fr\/site\/wp-content\/uploads\/2022\/01\/IMG_20210704_174435.jpg\",\"datePublished\":\"2022-01-20T05:13:47+00:00\",\"dateModified\":\"2022-01-26T16:38:17+00:00\",\"description\":\"Les Lions du 8\u00e8me \\\"ann\u00e9e tr\u00e8s compliqu\u00e9e au niveau de la pratique du tir \u00e0 l'arc\\\"\",\"breadcrumb\":{\"@id\":\"https:\/\/newsestlyonnais.fr\/site\/2022\/01\/20\/les-lions-du-8eme-annee-tres-compliquee-au-niveau-de-la-pratique-du-tir-a-larc\/#breadcrumb\"},\"inLanguage\":\"fr-FR\",\"potentialAction\":[{\"@type\":\"ReadAction\",\"target\":[\"https:\/\/newsestlyonnais.fr\/site\/2022\/01\/20\/les-lions-du-8eme-annee-tres-compliquee-au-niveau-de-la-pratique-du-tir-a-larc\/\"]}]},{\"@type\":\"ImageObject\",\"inLanguage\":\"fr-FR\",\"@id\":\"https:\/\/newsestlyonnais.fr\/site\/2022\/01\/20\/les-lions-du-8eme-annee-tres-compliquee-au-niveau-de-la-pratique-du-tir-a-larc\/#primaryimage\",\"url\":\"https:\/\/newsestlyonnais.fr\/site\/wp-content\/uploads\/2022\/01\/IMG_20210704_174435.jpg\",\"contentUrl\":\"https:\/\/newsestlyonnais.fr\/site\/wp-content\/uploads\/2022\/01\/IMG_20210704_174435.jpg\",\"width\":1200,\"height\":901},{\"@type\":\"BreadcrumbList\",\"@id\":\"https:\/\/newsestlyonnais.fr\/site\/2022\/01\/20\/les-lions-du-8eme-annee-tres-compliquee-au-niveau-de-la-pratique-du-tir-a-larc\/#breadcrumb\",\"itemListElement\":[{\"@type\":\"ListItem\",\"position\":1,\"name\":\"Accueil\",\"item\":\"https:\/\/newsestlyonnais.fr\/site\/\"},{\"@type\":\"ListItem\",\"position\":2,\"name\":\"Les Lions du 8\u00e8me \u00ab\u00a0ann\u00e9e tr\u00e8s compliqu\u00e9e au niveau de la pratique du tir \u00e0 l&rsquo;arc\u00a0\u00bb\"}]},{\"@type\":\"WebSite\",\"@id\":\"https:\/\/newsestlyonnais.fr\/site\/#website\",\"url\":\"https:\/\/newsestlyonnais.fr\/site\/\",\"name\":\"News Est Lyonnais\",\"description\":\"L&#039;actualit\u00e9 au plus pr\u00e8s\",\"publisher\":{\"@id\":\"https:\/\/newsestlyonnais.fr\/site\/#organization\"},\"potentialAction\":[{\"@type\":\"SearchAction\",\"target\":{\"@type\":\"EntryPoint\",\"urlTemplate\":\"https:\/\/newsestlyonnais.fr\/site\/?s={search_term_string}\"},\"query-input\":{\"@type\":\"PropertyValueSpecification\",\"valueRequired\":true,\"valueName\":\"search_term_string\"}}],\"inLanguage\":\"fr-FR\"},{\"@type\":\"Organization\",\"@id\":\"https:\/\/newsestlyonnais.fr\/site\/#organization\",\"name\":\"News EST LYONNAIS\",\"url\":\"https:\/\/newsestlyonnais.fr\/site\/\",\"logo\":{\"@type\":\"ImageObject\",\"inLanguage\":\"fr-FR\",\"@id\":\"https:\/\/newsestlyonnais.fr\/site\/#\/schema\/logo\/image\/\",\"url\":\"\",\"contentUrl\":\"\",\"caption\":\"News EST LYONNAIS\"},\"image\":{\"@id\":\"https:\/\/newsestlyonnais.fr\/site\/#\/schema\/logo\/image\/\"}},{\"@type\":\"Person\",\"@id\":\"https:\/\/newsestlyonnais.fr\/site\/#\/schema\/person\/3230d5615f390bb808365d673001e887\",\"name\":\"R\u00e9dac. NEWS\",\"sameAs\":[\"http:\/\/www.newsestlyonnais.fr\",\"https:\/\/www.facebook.com\/pascal.oberson.1?fref=ts\",\"https:\/\/fr.linkedin.com\/in\/pascal-oberson-b17045113\"],\"url\":\"https:\/\/newsestlyonnais.fr\/site\/author\/nel\/\"}]}<\/script>\n<!-- \/ Yoast SEO plugin. -->","yoast_head_json":{"title":"Les Lions du 8\u00e8me \"ann\u00e9e tr\u00e8s compliqu\u00e9e au niveau de la pratique du tir \u00e0 l'arc\" - News Est Lyonnais","description":"Les Lions du 8\u00e8me \"ann\u00e9e tr\u00e8s compliqu\u00e9e au niveau de la pratique du tir \u00e0 l'arc\"","robots":{"index":"index","follow":"follow","max-snippet":"max-snippet:-1","max-image-preview":"max-image-preview:large","max-video-preview":"max-video-preview:-1"},"canonical":"https:\/\/newsestlyonnais.fr\/site\/2022\/01\/20\/les-lions-du-8eme-annee-tres-compliquee-au-niveau-de-la-pratique-du-tir-a-larc\/","og_locale":"fr_FR","og_type":"article","og_title":"Les Lions du 8\u00e8me \"ann\u00e9e tr\u00e8s compliqu\u00e9e au niveau de la pratique du tir \u00e0 l'arc\" - News Est Lyonnais","og_description":"Les Lions du 8\u00e8me \"ann\u00e9e tr\u00e8s compliqu\u00e9e au niveau de la pratique du tir \u00e0 l'arc\"","og_url":"https:\/\/newsestlyonnais.fr\/site\/2022\/01\/20\/les-lions-du-8eme-annee-tres-compliquee-au-niveau-de-la-pratique-du-tir-a-larc\/","og_site_name":"News Est Lyonnais","article_author":"https:\/\/www.facebook.com\/pascal.oberson.1?fref=ts","article_published_time":"2022-01-20T05:13:47+00:00","article_modified_time":"2022-01-26T16:38:17+00:00","og_image":[{"width":1200,"height":901,"url":"https:\/\/newsestlyonnais.fr\/site\/wp-content\/uploads\/2022\/01\/IMG_20210704_174435.jpg","type":"image\/jpeg"}],"author":"R\u00e9dac. NEWS","twitter_card":"summary_large_image","twitter_misc":{"\u00c9crit par":"R\u00e9dac. NEWS","Dur\u00e9e de lecture estim\u00e9e":"2 minutes"},"schema":{"@context":"https:\/\/schema.org","@graph":[{"@type":"Article","@id":"https:\/\/newsestlyonnais.fr\/site\/2022\/01\/20\/les-lions-du-8eme-annee-tres-compliquee-au-niveau-de-la-pratique-du-tir-a-larc\/#article","isPartOf":{"@id":"https:\/\/newsestlyonnais.fr\/site\/2022\/01\/20\/les-lions-du-8eme-annee-tres-compliquee-au-niveau-de-la-pratique-du-tir-a-larc\/"},"author":{"name":"R\u00e9dac. NEWS","@id":"https:\/\/newsestlyonnais.fr\/site\/#\/schema\/person\/3230d5615f390bb808365d673001e887"},"headline":"Les Lions du 8\u00e8me \u00ab\u00a0ann\u00e9e tr\u00e8s compliqu\u00e9e au niveau de la pratique du tir \u00e0 l&rsquo;arc\u00a0\u00bb","datePublished":"2022-01-20T05:13:47+00:00","dateModified":"2022-01-26T16:38:17+00:00","mainEntityOfPage":{"@id":"https:\/\/newsestlyonnais.fr\/site\/2022\/01\/20\/les-lions-du-8eme-annee-tres-compliquee-au-niveau-de-la-pratique-du-tir-a-larc\/"},"wordCount":434,"commentCount":0,"publisher":{"@id":"https:\/\/newsestlyonnais.fr\/site\/#organization"},"image":{"@id":"https:\/\/newsestlyonnais.fr\/site\/2022\/01\/20\/les-lions-du-8eme-annee-tres-compliquee-au-niveau-de-la-pratique-du-tir-a-larc\/#primaryimage"},"thumbnailUrl":"https:\/\/newsestlyonnais.fr\/site\/wp-content\/uploads\/2022\/01\/IMG_20210704_174435.jpg","keywords":["CONCOURS","LIONS DU 8\u00b0","LYON","tir \u00e0 arc"],"articleSection":["F\u00e9minin (Actu au)","Lyon","R\u00e9cits de course \/ Portraits \/ Interviews","Sports","Tir \u00e0 l'arc"],"inLanguage":"fr-FR","potentialAction":[{"@type":"CommentAction","name":"Comment","target":["https:\/\/newsestlyonnais.fr\/site\/2022\/01\/20\/les-lions-du-8eme-annee-tres-compliquee-au-niveau-de-la-pratique-du-tir-a-larc\/#respond"]}]},{"@type":"WebPage","@id":"https:\/\/newsestlyonnais.fr\/site\/2022\/01\/20\/les-lions-du-8eme-annee-tres-compliquee-au-niveau-de-la-pratique-du-tir-a-larc\/","url":"https:\/\/newsestlyonnais.fr\/site\/2022\/01\/20\/les-lions-du-8eme-annee-tres-compliquee-au-niveau-de-la-pratique-du-tir-a-larc\/","name":"Les Lions du 8\u00e8me \"ann\u00e9e tr\u00e8s compliqu\u00e9e au niveau de la pratique du tir \u00e0 l'arc\" - News Est Lyonnais","isPartOf":{"@id":"https:\/\/newsestlyonnais.fr\/site\/#website"},"primaryImageOfPage":{"@id":"https:\/\/newsestlyonnais.fr\/site\/2022\/01\/20\/les-lions-du-8eme-annee-tres-compliquee-au-niveau-de-la-pratique-du-tir-a-larc\/#primaryimage"},"image":{"@id":"https:\/\/newsestlyonnais.fr\/site\/2022\/01\/20\/les-lions-du-8eme-annee-tres-compliquee-au-niveau-de-la-pratique-du-tir-a-larc\/#primaryimage"},"thumbnailUrl":"https:\/\/newsestlyonnais.fr\/site\/wp-content\/uploads\/2022\/01\/IMG_20210704_174435.jpg","datePublished":"2022-01-20T05:13:47+00:00","dateModified":"2022-01-26T16:38:17+00:00","description":"Les Lions du 8\u00e8me \"ann\u00e9e tr\u00e8s compliqu\u00e9e au niveau de la pratique du tir \u00e0 l'arc\"","breadcrumb":{"@id":"https:\/\/newsestlyonnais.fr\/site\/2022\/01\/20\/les-lions-du-8eme-annee-tres-compliquee-au-niveau-de-la-pratique-du-tir-a-larc\/#breadcrumb"},"inLanguage":"fr-FR","potentialAction":[{"@type":"ReadAction","target":["https:\/\/newsestlyonnais.fr\/site\/2022\/01\/20\/les-lions-du-8eme-annee-tres-compliquee-au-niveau-de-la-pratique-du-tir-a-larc\/"]}]},{"@type":"ImageObject","inLanguage":"fr-FR","@id":"https:\/\/newsestlyonnais.fr\/site\/2022\/01\/20\/les-lions-du-8eme-annee-tres-compliquee-au-niveau-de-la-pratique-du-tir-a-larc\/#primaryimage","url":"https:\/\/newsestlyonnais.fr\/site\/wp-content\/uploads\/2022\/01\/IMG_20210704_174435.jpg","contentUrl":"https:\/\/newsestlyonnais.fr\/site\/wp-content\/uploads\/2022\/01\/IMG_20210704_174435.jpg","width":1200,"height":901},{"@type":"BreadcrumbList","@id":"https:\/\/newsestlyonnais.fr\/site\/2022\/01\/20\/les-lions-du-8eme-annee-tres-compliquee-au-niveau-de-la-pratique-du-tir-a-larc\/#breadcrumb","itemListElement":[{"@type":"ListItem","position":1,"name":"Accueil","item":"https:\/\/newsestlyonnais.fr\/site\/"},{"@type":"ListItem","position":2,"name":"Les Lions du 8\u00e8me \u00ab\u00a0ann\u00e9e tr\u00e8s compliqu\u00e9e au niveau de la pratique du tir \u00e0 l&rsquo;arc\u00a0\u00bb"}]},{"@type":"WebSite","@id":"https:\/\/newsestlyonnais.fr\/site\/#website","url":"https:\/\/newsestlyonnais.fr\/site\/","name":"News Est Lyonnais","description":"L&#039;actualit\u00e9 au plus pr\u00e8s","publisher":{"@id":"https:\/\/newsestlyonnais.fr\/site\/#organization"},"potentialAction":[{"@type":"SearchAction","target":{"@type":"EntryPoint","urlTemplate":"https:\/\/newsestlyonnais.fr\/site\/?s={search_term_string}"},"query-input":{"@type":"PropertyValueSpecification","valueRequired":true,"valueName":"search_term_string"}}],"inLanguage":"fr-FR"},{"@type":"Organization","@id":"https:\/\/newsestlyonnais.fr\/site\/#organization","name":"News EST LYONNAIS","url":"https:\/\/newsestlyonnais.fr\/site\/","logo":{"@type":"ImageObject","inLanguage":"fr-FR","@id":"https:\/\/newsestlyonnais.fr\/site\/#\/schema\/logo\/image\/","url":"","contentUrl":"","caption":"News EST LYONNAIS"},"image":{"@id":"https:\/\/newsestlyonnais.fr\/site\/#\/schema\/logo\/image\/"}},{"@type":"Person","@id":"https:\/\/newsestlyonnais.fr\/site\/#\/schema\/person\/3230d5615f390bb808365d673001e887","name":"R\u00e9dac. NEWS","sameAs":["http:\/\/www.newsestlyonnais.fr","https:\/\/www.facebook.com\/pascal.oberson.1?fref=ts","https:\/\/fr.linkedin.com\/in\/pascal-oberson-b17045113"],"url":"https:\/\/newsestlyonnais.fr\/site\/author\/nel\/"}]}},"_links":{"self":[{"href":"https:\/\/newsestlyonnais.fr\/site\/wp-json\/wp\/v2\/posts\/147448","targetHints":{"allow":["GET"]}}],"collection":[{"href":"https:\/\/newsestlyonnais.fr\/site\/wp-json\/wp\/v2\/posts"}],"about":[{"href":"https:\/\/newsestlyonnais.fr\/site\/wp-json\/wp\/v2\/types\/post"}],"author":[{"embeddable":true,"href":"https:\/\/newsestlyonnais.fr\/site\/wp-json\/wp\/v2\/users\/4"}],"replies":[{"embeddable":true,"href":"https:\/\/newsestlyonnais.fr\/site\/wp-json\/wp\/v2\/comments?post=147448"}],"version-history":[{"count":0,"href":"https:\/\/newsestlyonnais.fr\/site\/wp-json\/wp\/v2\/posts\/147448\/revisions"}],"wp:featuredmedia":[{"embeddable":true,"href":"https:\/\/newsestlyonnais.fr\/site\/wp-json\/wp\/v2\/media\/147451"}],"wp:attachment":[{"href":"https:\/\/newsestlyonnais.fr\/site\/wp-json\/wp\/v2\/media?parent=147448"}],"wp:term":[{"taxonomy":"category","embeddable":true,"href":"https:\/\/newsestlyonnais.fr\/site\/wp-json\/wp\/v2\/categories?post=147448"},{"taxonomy":"post_tag","embeddable":true,"href":"https:\/\/newsestlyonnais.fr\/site\/wp-json\/wp\/v2\/tags?post=147448"}],"curies":[{"name":"wp","href":"https:\/\/api.w.org\/{rel}","templated":true}]}}