{"id":147576,"date":"2022-01-21T09:13:34","date_gmt":"2022-01-21T08:13:34","guid":{"rendered":"https:\/\/newsestlyonnais.fr\/site\/?p=147576"},"modified":"2022-01-24T14:55:14","modified_gmt":"2022-01-24T13:55:14","slug":"genas-esga-foot-les-derniers-resultats-et-lagenda-du-week-end","status":"publish","type":"post","link":"https:\/\/newsestlyonnais.fr\/site\/2022\/01\/21\/genas-esga-foot-les-derniers-resultats-et-lagenda-du-week-end\/","title":{"rendered":"GENAS | ESGA Foot > les derniers r\u00e9sultats et l\u2019agenda du week-end"},"content":{"rendered":"<p><span style=\"background-color: #000000; color: #ffcc00;\"><strong>R\u00e9sultats du dernier week-end :<\/strong><\/span><\/p>\n<p><span style=\"text-decoration: underline;\"><strong>Masculins<\/strong><\/span> :<\/p>\n<ul>\n<li><strong>En seniors<\/strong>, d\u00e9faite de <strong>la 1<\/strong> \u00e0 domicile face \u00e0 Liergeoise (4\/3) et victoire de <strong>la D3<\/strong> \u00e0 Meyzieu (2\/0).<\/li>\n<li><strong>En v\u00e9t\u00e9rans, <\/strong>lourde d\u00e9faite \u00e0 Chaponnay (11\/1) en championnat.<\/li>\n<li><strong>En U20 D1<\/strong>, nul \u00e0 domicile face \u00e0 l&rsquo;Eveil de Lyon.<\/li>\n<li><strong>En U17<\/strong>, succ\u00e8s de la <strong>D2<\/strong> face \u00e0 Meginand (2\/1) et d\u00e9faite de la <strong>D3<\/strong> \u00e0 domicile face \u00e0 Bellecour (4\/2).<\/li>\n<li><strong>En U15<\/strong>, en <strong>D2<\/strong>, large victoire \u00e0 Belleville (7\/0).<\/li>\n<\/ul>\n<hr \/>\n<p><strong><span style=\"background-color: #000000; color: #ffcc00;\">Agenda de ce week-end \u00e0 domicile :<\/span><\/strong><\/p>\n<p><span style=\"text-decoration: underline;\"><strong>Vendredi 21 janvier <\/strong><\/span><\/p>\n<ul>\n<li><strong>\u00e0 19 h 30 : V\u00e9t\u00e9rans \/ <\/strong>FC V\u00e9t\u00e9rans Dardillois 5 (Coupe de Lyon et Rh\u00f4ne).\u00a0 <strong><br \/>\n<\/strong><\/li>\n<\/ul>\n<p><strong><span id=\"page2014R_mcid123\" class=\"markedContent\"><span dir=\"ltr\" role=\"presentation\"><span style=\"text-decoration: underline;\">Samedi 22 janvier<\/span> :<br \/>\n<\/span><\/span><\/strong><\/p>\n<ul>\n<li><strong>\u00e0 10 h : Plateau U11 <\/strong>avec 5 \u00e9quipes<strong><br \/>\n<\/strong><\/li>\n<li><strong>\u00e0 13 h : U13 (6F) \/ <\/strong>Entente Coti\u00e8re (amical)<strong><br \/>\n<\/strong><\/li>\n<li><strong>\u00e0 14 h : U12 &amp; U13 (4) \/ <\/strong>USEL (amical)<\/li>\n<li><strong>\u00e0 14 h 30 : U15 D2 \/ <\/strong>Garon (Coupe de Lyon et Rh\u00f4ne)<\/li>\n<\/ul>\n<p><strong><span style=\"text-decoration: underline;\"><span id=\"page1R_mcid85\" class=\"markedContent\"><span dir=\"ltr\" role=\"presentation\">Dimanche 23 janvier <\/span><\/span><\/span><span id=\"page1R_mcid86\" class=\"markedContent\">:<\/span><\/strong><\/p>\n<ul>\n<li><strong>\u00e0 10 h<\/strong> : <strong>U17 D2<\/strong> \/ Muroise (amical)<\/li>\n<li><strong>\u00e0 13 h<\/strong> : <strong>U18 R1F<\/strong> \/ St Priest (championnat)<\/li>\n<li><strong>\u00e0 14 h : Seniors D3 \/ <\/strong>Muroise (amical)<strong><br \/>\n<\/strong><\/li>\n<li><strong>\u00e0 14 h 30 : Seniors R2F \/ <\/strong>Chatenoy (amical)<\/li>\n<\/ul>\n<hr \/>\n<p><strong>Toute l\u2019ACTU du club sur : <\/strong><a href=\"https:\/\/genas.footeo.com\"><strong><span style=\"color: #0000ff;\">https:\/\/genas.footeo.com<\/span><\/strong><\/a><\/p>\n<hr \/>\n","protected":false},"excerpt":{"rendered":"<p>Pas moins de dix rencontres sont programm\u00e9es \u00e0 domicile pour cette fin de semaine.<\/p>\n","protected":false},"author":4,"featured_media":19982,"comment_status":"open","ping_status":"open","sticky":false,"template":"","format":"standard","meta":{"footnotes":""},"categories":[270,1329,1598,2],"tags":[2504,2052,2005],"class_list":["post-147576","post","type-post","status-publish","format-standard","has-post-thumbnail","hentry","category-cte-de-communes-c-c-e-l","category-foot","category-genas","category-sports","tag-esga-foot","tag-foot","tag-genas"],"yoast_head":"<!-- This site is optimized with the Yoast SEO plugin v27.2 - https:\/\/yoast.com\/product\/yoast-seo-wordpress\/ -->\n<title>GENAS | ESGA Foot &gt; les derniers r\u00e9sultats et l\u2019agenda du week-end - News Est Lyonnais<\/title>\n<meta name=\"description\" content=\"GENAS | ESGA Foot &gt; les derniers r\u00e9sultats et l\u2019agenda du week-end\" \/>\n<meta name=\"robots\" content=\"index, follow, max-snippet:-1, max-image-preview:large, max-video-preview:-1\" \/>\n<link rel=\"canonical\" href=\"https:\/\/newsestlyonnais.fr\/site\/2022\/01\/21\/genas-esga-foot-les-derniers-resultats-et-lagenda-du-week-end\/\" \/>\n<meta property=\"og:locale\" content=\"fr_FR\" \/>\n<meta property=\"og:type\" content=\"article\" \/>\n<meta property=\"og:title\" content=\"GENAS | ESGA Foot &gt; les derniers r\u00e9sultats et l\u2019agenda du week-end - News Est Lyonnais\" \/>\n<meta property=\"og:description\" content=\"GENAS | ESGA Foot &gt; les derniers r\u00e9sultats et l\u2019agenda du week-end\" \/>\n<meta property=\"og:url\" content=\"https:\/\/newsestlyonnais.fr\/site\/2022\/01\/21\/genas-esga-foot-les-derniers-resultats-et-lagenda-du-week-end\/\" \/>\n<meta property=\"og:site_name\" content=\"News Est Lyonnais\" \/>\n<meta property=\"article:author\" content=\"https:\/\/www.facebook.com\/pascal.oberson.1?fref=ts\" \/>\n<meta property=\"article:published_time\" content=\"2022-01-21T08:13:34+00:00\" \/>\n<meta property=\"article:modified_time\" content=\"2022-01-24T13:55:14+00:00\" \/>\n<meta property=\"og:image\" content=\"https:\/\/newsestlyonnais.fr\/site\/wp-content\/uploads\/2017\/01\/NEWSESTLYONNAIS-LOGO-ESGA-FOOT.png\" \/>\n\t<meta property=\"og:image:width\" content=\"1000\" \/>\n\t<meta property=\"og:image:height\" content=\"750\" \/>\n\t<meta property=\"og:image:type\" content=\"image\/png\" \/>\n<meta name=\"author\" content=\"R\u00e9dac. NEWS\" \/>\n<meta name=\"twitter:card\" content=\"summary_large_image\" \/>\n<meta name=\"twitter:label1\" content=\"\u00c9crit par\" \/>\n\t<meta name=\"twitter:data1\" content=\"R\u00e9dac. NEWS\" \/>\n\t<meta name=\"twitter:label2\" content=\"Dur\u00e9e de lecture estim\u00e9e\" \/>\n\t<meta name=\"twitter:data2\" content=\"1 minute\" \/>\n<script type=\"application\/ld+json\" class=\"yoast-schema-graph\">{\"@context\":\"https:\/\/schema.org\",\"@graph\":[{\"@type\":\"Article\",\"@id\":\"https:\/\/newsestlyonnais.fr\/site\/2022\/01\/21\/genas-esga-foot-les-derniers-resultats-et-lagenda-du-week-end\/#article\",\"isPartOf\":{\"@id\":\"https:\/\/newsestlyonnais.fr\/site\/2022\/01\/21\/genas-esga-foot-les-derniers-resultats-et-lagenda-du-week-end\/\"},\"author\":{\"name\":\"R\u00e9dac. NEWS\",\"@id\":\"https:\/\/newsestlyonnais.fr\/site\/#\/schema\/person\/3230d5615f390bb808365d673001e887\"},\"headline\":\"GENAS | ESGA Foot > les derniers r\u00e9sultats et l\u2019agenda du week-end\",\"datePublished\":\"2022-01-21T08:13:34+00:00\",\"dateModified\":\"2022-01-24T13:55:14+00:00\",\"mainEntityOfPage\":{\"@id\":\"https:\/\/newsestlyonnais.fr\/site\/2022\/01\/21\/genas-esga-foot-les-derniers-resultats-et-lagenda-du-week-end\/\"},\"wordCount\":165,\"commentCount\":0,\"publisher\":{\"@id\":\"https:\/\/newsestlyonnais.fr\/site\/#organization\"},\"image\":{\"@id\":\"https:\/\/newsestlyonnais.fr\/site\/2022\/01\/21\/genas-esga-foot-les-derniers-resultats-et-lagenda-du-week-end\/#primaryimage\"},\"thumbnailUrl\":\"https:\/\/newsestlyonnais.fr\/site\/wp-content\/uploads\/2017\/01\/NEWSESTLYONNAIS-LOGO-ESGA-FOOT.png\",\"keywords\":[\"ESGA FOOT\",\"FOOT\",\"GENAS\"],\"articleSection\":[\"CCEL | Communes\",\"Foot | Futsal\",\"Genas\",\"Sports\"],\"inLanguage\":\"fr-FR\",\"potentialAction\":[{\"@type\":\"CommentAction\",\"name\":\"Comment\",\"target\":[\"https:\/\/newsestlyonnais.fr\/site\/2022\/01\/21\/genas-esga-foot-les-derniers-resultats-et-lagenda-du-week-end\/#respond\"]}]},{\"@type\":\"WebPage\",\"@id\":\"https:\/\/newsestlyonnais.fr\/site\/2022\/01\/21\/genas-esga-foot-les-derniers-resultats-et-lagenda-du-week-end\/\",\"url\":\"https:\/\/newsestlyonnais.fr\/site\/2022\/01\/21\/genas-esga-foot-les-derniers-resultats-et-lagenda-du-week-end\/\",\"name\":\"GENAS | ESGA Foot > les derniers r\u00e9sultats et l\u2019agenda du week-end - News Est Lyonnais\",\"isPartOf\":{\"@id\":\"https:\/\/newsestlyonnais.fr\/site\/#website\"},\"primaryImageOfPage\":{\"@id\":\"https:\/\/newsestlyonnais.fr\/site\/2022\/01\/21\/genas-esga-foot-les-derniers-resultats-et-lagenda-du-week-end\/#primaryimage\"},\"image\":{\"@id\":\"https:\/\/newsestlyonnais.fr\/site\/2022\/01\/21\/genas-esga-foot-les-derniers-resultats-et-lagenda-du-week-end\/#primaryimage\"},\"thumbnailUrl\":\"https:\/\/newsestlyonnais.fr\/site\/wp-content\/uploads\/2017\/01\/NEWSESTLYONNAIS-LOGO-ESGA-FOOT.png\",\"datePublished\":\"2022-01-21T08:13:34+00:00\",\"dateModified\":\"2022-01-24T13:55:14+00:00\",\"description\":\"GENAS | ESGA Foot > les derniers r\u00e9sultats et l\u2019agenda du week-end\",\"breadcrumb\":{\"@id\":\"https:\/\/newsestlyonnais.fr\/site\/2022\/01\/21\/genas-esga-foot-les-derniers-resultats-et-lagenda-du-week-end\/#breadcrumb\"},\"inLanguage\":\"fr-FR\",\"potentialAction\":[{\"@type\":\"ReadAction\",\"target\":[\"https:\/\/newsestlyonnais.fr\/site\/2022\/01\/21\/genas-esga-foot-les-derniers-resultats-et-lagenda-du-week-end\/\"]}]},{\"@type\":\"ImageObject\",\"inLanguage\":\"fr-FR\",\"@id\":\"https:\/\/newsestlyonnais.fr\/site\/2022\/01\/21\/genas-esga-foot-les-derniers-resultats-et-lagenda-du-week-end\/#primaryimage\",\"url\":\"https:\/\/newsestlyonnais.fr\/site\/wp-content\/uploads\/2017\/01\/NEWSESTLYONNAIS-LOGO-ESGA-FOOT.png\",\"contentUrl\":\"https:\/\/newsestlyonnais.fr\/site\/wp-content\/uploads\/2017\/01\/NEWSESTLYONNAIS-LOGO-ESGA-FOOT.png\",\"width\":1000,\"height\":750,\"caption\":\"NEWSESTLYONNAIS LOGO ESGA FOOT\"},{\"@type\":\"BreadcrumbList\",\"@id\":\"https:\/\/newsestlyonnais.fr\/site\/2022\/01\/21\/genas-esga-foot-les-derniers-resultats-et-lagenda-du-week-end\/#breadcrumb\",\"itemListElement\":[{\"@type\":\"ListItem\",\"position\":1,\"name\":\"Accueil\",\"item\":\"https:\/\/newsestlyonnais.fr\/site\/\"},{\"@type\":\"ListItem\",\"position\":2,\"name\":\"GENAS | ESGA Foot > les derniers r\u00e9sultats et l\u2019agenda du week-end\"}]},{\"@type\":\"WebSite\",\"@id\":\"https:\/\/newsestlyonnais.fr\/site\/#website\",\"url\":\"https:\/\/newsestlyonnais.fr\/site\/\",\"name\":\"News Est Lyonnais\",\"description\":\"L&#039;actualit\u00e9 au plus pr\u00e8s\",\"publisher\":{\"@id\":\"https:\/\/newsestlyonnais.fr\/site\/#organization\"},\"potentialAction\":[{\"@type\":\"SearchAction\",\"target\":{\"@type\":\"EntryPoint\",\"urlTemplate\":\"https:\/\/newsestlyonnais.fr\/site\/?s={search_term_string}\"},\"query-input\":{\"@type\":\"PropertyValueSpecification\",\"valueRequired\":true,\"valueName\":\"search_term_string\"}}],\"inLanguage\":\"fr-FR\"},{\"@type\":\"Organization\",\"@id\":\"https:\/\/newsestlyonnais.fr\/site\/#organization\",\"name\":\"News EST LYONNAIS\",\"url\":\"https:\/\/newsestlyonnais.fr\/site\/\",\"logo\":{\"@type\":\"ImageObject\",\"inLanguage\":\"fr-FR\",\"@id\":\"https:\/\/newsestlyonnais.fr\/site\/#\/schema\/logo\/image\/\",\"url\":\"\",\"contentUrl\":\"\",\"caption\":\"News EST LYONNAIS\"},\"image\":{\"@id\":\"https:\/\/newsestlyonnais.fr\/site\/#\/schema\/logo\/image\/\"}},{\"@type\":\"Person\",\"@id\":\"https:\/\/newsestlyonnais.fr\/site\/#\/schema\/person\/3230d5615f390bb808365d673001e887\",\"name\":\"R\u00e9dac. NEWS\",\"sameAs\":[\"http:\/\/www.newsestlyonnais.fr\",\"https:\/\/www.facebook.com\/pascal.oberson.1?fref=ts\",\"https:\/\/fr.linkedin.com\/in\/pascal-oberson-b17045113\"],\"url\":\"https:\/\/newsestlyonnais.fr\/site\/author\/nel\/\"}]}<\/script>\n<!-- \/ Yoast SEO plugin. -->","yoast_head_json":{"title":"GENAS | ESGA Foot > les derniers r\u00e9sultats et l\u2019agenda du week-end - News Est Lyonnais","description":"GENAS | ESGA Foot > les derniers r\u00e9sultats et l\u2019agenda du week-end","robots":{"index":"index","follow":"follow","max-snippet":"max-snippet:-1","max-image-preview":"max-image-preview:large","max-video-preview":"max-video-preview:-1"},"canonical":"https:\/\/newsestlyonnais.fr\/site\/2022\/01\/21\/genas-esga-foot-les-derniers-resultats-et-lagenda-du-week-end\/","og_locale":"fr_FR","og_type":"article","og_title":"GENAS | ESGA Foot > les derniers r\u00e9sultats et l\u2019agenda du week-end - News Est Lyonnais","og_description":"GENAS | ESGA Foot > les derniers r\u00e9sultats et l\u2019agenda du week-end","og_url":"https:\/\/newsestlyonnais.fr\/site\/2022\/01\/21\/genas-esga-foot-les-derniers-resultats-et-lagenda-du-week-end\/","og_site_name":"News Est Lyonnais","article_author":"https:\/\/www.facebook.com\/pascal.oberson.1?fref=ts","article_published_time":"2022-01-21T08:13:34+00:00","article_modified_time":"2022-01-24T13:55:14+00:00","og_image":[{"width":1000,"height":750,"url":"https:\/\/newsestlyonnais.fr\/site\/wp-content\/uploads\/2017\/01\/NEWSESTLYONNAIS-LOGO-ESGA-FOOT.png","type":"image\/png"}],"author":"R\u00e9dac. NEWS","twitter_card":"summary_large_image","twitter_misc":{"\u00c9crit par":"R\u00e9dac. NEWS","Dur\u00e9e de lecture estim\u00e9e":"1 minute"},"schema":{"@context":"https:\/\/schema.org","@graph":[{"@type":"Article","@id":"https:\/\/newsestlyonnais.fr\/site\/2022\/01\/21\/genas-esga-foot-les-derniers-resultats-et-lagenda-du-week-end\/#article","isPartOf":{"@id":"https:\/\/newsestlyonnais.fr\/site\/2022\/01\/21\/genas-esga-foot-les-derniers-resultats-et-lagenda-du-week-end\/"},"author":{"name":"R\u00e9dac. NEWS","@id":"https:\/\/newsestlyonnais.fr\/site\/#\/schema\/person\/3230d5615f390bb808365d673001e887"},"headline":"GENAS | ESGA Foot > les derniers r\u00e9sultats et l\u2019agenda du week-end","datePublished":"2022-01-21T08:13:34+00:00","dateModified":"2022-01-24T13:55:14+00:00","mainEntityOfPage":{"@id":"https:\/\/newsestlyonnais.fr\/site\/2022\/01\/21\/genas-esga-foot-les-derniers-resultats-et-lagenda-du-week-end\/"},"wordCount":165,"commentCount":0,"publisher":{"@id":"https:\/\/newsestlyonnais.fr\/site\/#organization"},"image":{"@id":"https:\/\/newsestlyonnais.fr\/site\/2022\/01\/21\/genas-esga-foot-les-derniers-resultats-et-lagenda-du-week-end\/#primaryimage"},"thumbnailUrl":"https:\/\/newsestlyonnais.fr\/site\/wp-content\/uploads\/2017\/01\/NEWSESTLYONNAIS-LOGO-ESGA-FOOT.png","keywords":["ESGA FOOT","FOOT","GENAS"],"articleSection":["CCEL | Communes","Foot | Futsal","Genas","Sports"],"inLanguage":"fr-FR","potentialAction":[{"@type":"CommentAction","name":"Comment","target":["https:\/\/newsestlyonnais.fr\/site\/2022\/01\/21\/genas-esga-foot-les-derniers-resultats-et-lagenda-du-week-end\/#respond"]}]},{"@type":"WebPage","@id":"https:\/\/newsestlyonnais.fr\/site\/2022\/01\/21\/genas-esga-foot-les-derniers-resultats-et-lagenda-du-week-end\/","url":"https:\/\/newsestlyonnais.fr\/site\/2022\/01\/21\/genas-esga-foot-les-derniers-resultats-et-lagenda-du-week-end\/","name":"GENAS | ESGA Foot > les derniers r\u00e9sultats et l\u2019agenda du week-end - News Est Lyonnais","isPartOf":{"@id":"https:\/\/newsestlyonnais.fr\/site\/#website"},"primaryImageOfPage":{"@id":"https:\/\/newsestlyonnais.fr\/site\/2022\/01\/21\/genas-esga-foot-les-derniers-resultats-et-lagenda-du-week-end\/#primaryimage"},"image":{"@id":"https:\/\/newsestlyonnais.fr\/site\/2022\/01\/21\/genas-esga-foot-les-derniers-resultats-et-lagenda-du-week-end\/#primaryimage"},"thumbnailUrl":"https:\/\/newsestlyonnais.fr\/site\/wp-content\/uploads\/2017\/01\/NEWSESTLYONNAIS-LOGO-ESGA-FOOT.png","datePublished":"2022-01-21T08:13:34+00:00","dateModified":"2022-01-24T13:55:14+00:00","description":"GENAS | ESGA Foot > les derniers r\u00e9sultats et l\u2019agenda du week-end","breadcrumb":{"@id":"https:\/\/newsestlyonnais.fr\/site\/2022\/01\/21\/genas-esga-foot-les-derniers-resultats-et-lagenda-du-week-end\/#breadcrumb"},"inLanguage":"fr-FR","potentialAction":[{"@type":"ReadAction","target":["https:\/\/newsestlyonnais.fr\/site\/2022\/01\/21\/genas-esga-foot-les-derniers-resultats-et-lagenda-du-week-end\/"]}]},{"@type":"ImageObject","inLanguage":"fr-FR","@id":"https:\/\/newsestlyonnais.fr\/site\/2022\/01\/21\/genas-esga-foot-les-derniers-resultats-et-lagenda-du-week-end\/#primaryimage","url":"https:\/\/newsestlyonnais.fr\/site\/wp-content\/uploads\/2017\/01\/NEWSESTLYONNAIS-LOGO-ESGA-FOOT.png","contentUrl":"https:\/\/newsestlyonnais.fr\/site\/wp-content\/uploads\/2017\/01\/NEWSESTLYONNAIS-LOGO-ESGA-FOOT.png","width":1000,"height":750,"caption":"NEWSESTLYONNAIS LOGO ESGA FOOT"},{"@type":"BreadcrumbList","@id":"https:\/\/newsestlyonnais.fr\/site\/2022\/01\/21\/genas-esga-foot-les-derniers-resultats-et-lagenda-du-week-end\/#breadcrumb","itemListElement":[{"@type":"ListItem","position":1,"name":"Accueil","item":"https:\/\/newsestlyonnais.fr\/site\/"},{"@type":"ListItem","position":2,"name":"GENAS | ESGA Foot > les derniers r\u00e9sultats et l\u2019agenda du week-end"}]},{"@type":"WebSite","@id":"https:\/\/newsestlyonnais.fr\/site\/#website","url":"https:\/\/newsestlyonnais.fr\/site\/","name":"News Est Lyonnais","description":"L&#039;actualit\u00e9 au plus pr\u00e8s","publisher":{"@id":"https:\/\/newsestlyonnais.fr\/site\/#organization"},"potentialAction":[{"@type":"SearchAction","target":{"@type":"EntryPoint","urlTemplate":"https:\/\/newsestlyonnais.fr\/site\/?s={search_term_string}"},"query-input":{"@type":"PropertyValueSpecification","valueRequired":true,"valueName":"search_term_string"}}],"inLanguage":"fr-FR"},{"@type":"Organization","@id":"https:\/\/newsestlyonnais.fr\/site\/#organization","name":"News EST LYONNAIS","url":"https:\/\/newsestlyonnais.fr\/site\/","logo":{"@type":"ImageObject","inLanguage":"fr-FR","@id":"https:\/\/newsestlyonnais.fr\/site\/#\/schema\/logo\/image\/","url":"","contentUrl":"","caption":"News EST LYONNAIS"},"image":{"@id":"https:\/\/newsestlyonnais.fr\/site\/#\/schema\/logo\/image\/"}},{"@type":"Person","@id":"https:\/\/newsestlyonnais.fr\/site\/#\/schema\/person\/3230d5615f390bb808365d673001e887","name":"R\u00e9dac. NEWS","sameAs":["http:\/\/www.newsestlyonnais.fr","https:\/\/www.facebook.com\/pascal.oberson.1?fref=ts","https:\/\/fr.linkedin.com\/in\/pascal-oberson-b17045113"],"url":"https:\/\/newsestlyonnais.fr\/site\/author\/nel\/"}]}},"_links":{"self":[{"href":"https:\/\/newsestlyonnais.fr\/site\/wp-json\/wp\/v2\/posts\/147576","targetHints":{"allow":["GET"]}}],"collection":[{"href":"https:\/\/newsestlyonnais.fr\/site\/wp-json\/wp\/v2\/posts"}],"about":[{"href":"https:\/\/newsestlyonnais.fr\/site\/wp-json\/wp\/v2\/types\/post"}],"author":[{"embeddable":true,"href":"https:\/\/newsestlyonnais.fr\/site\/wp-json\/wp\/v2\/users\/4"}],"replies":[{"embeddable":true,"href":"https:\/\/newsestlyonnais.fr\/site\/wp-json\/wp\/v2\/comments?post=147576"}],"version-history":[{"count":0,"href":"https:\/\/newsestlyonnais.fr\/site\/wp-json\/wp\/v2\/posts\/147576\/revisions"}],"wp:featuredmedia":[{"embeddable":true,"href":"https:\/\/newsestlyonnais.fr\/site\/wp-json\/wp\/v2\/media\/19982"}],"wp:attachment":[{"href":"https:\/\/newsestlyonnais.fr\/site\/wp-json\/wp\/v2\/media?parent=147576"}],"wp:term":[{"taxonomy":"category","embeddable":true,"href":"https:\/\/newsestlyonnais.fr\/site\/wp-json\/wp\/v2\/categories?post=147576"},{"taxonomy":"post_tag","embeddable":true,"href":"https:\/\/newsestlyonnais.fr\/site\/wp-json\/wp\/v2\/tags?post=147576"}],"curies":[{"name":"wp","href":"https:\/\/api.w.org\/{rel}","templated":true}]}}