{"id":147858,"date":"2022-01-25T11:42:04","date_gmt":"2022-01-25T10:42:04","guid":{"rendered":"https:\/\/newsestlyonnais.fr\/site\/?p=147858"},"modified":"2022-01-25T18:36:21","modified_gmt":"2022-01-25T17:36:21","slug":"venissieux-le-sen-no-sen-karate-en-competition","status":"publish","type":"post","link":"https:\/\/newsestlyonnais.fr\/site\/2022\/01\/25\/venissieux-le-sen-no-sen-karate-en-competition\/","title":{"rendered":"VENISSIEUX | Le Sen No Sen karat\u00e9 en comp\u00e9tition"},"content":{"rendered":"<p><strong>3 jeunes v\u00e9nissians<\/strong> ont pu s&rsquo;essayer au haut niveau international, en participant \u00e0 l&rsquo;<strong>Open de Pari<\/strong>s : Ikram Benzina (f\u00e9minines &#8211; 55 kg), Rehane Yazid (f\u00e9minines &#8211; 68 kg) et Ilian Yazid (masculins &#8211; 67 kg). Ils s&rsquo;inclinent au premier tour mais engendrent de l&rsquo;exp\u00e9rience.<\/p>\n<hr \/>\n<p>Les plus jeunes disputaient la <strong>Coupe du Lyonnais \u00e9lite kata et combats pupilles et benjamins.<\/strong> Ils remportent <strong>16 m\u00e9dailles<\/strong> (4 en or, 4 en argent et 8 en bronze). Les finalistes sont qualifi\u00e9s pour les Coupes de France, les autres m\u00e9daill\u00e9s et comp\u00e9titeurs pourront disputer la Coupe du Lyonnais Honneur, le dimanche 13 f\u00e9vrier.<\/p>\n<p><span style=\"text-decoration: underline; background-color: #000000; color: #ffffff;\"><strong>R\u00e9sultats : Elite kata<\/strong><\/span><\/p>\n<p><strong><span style=\"text-decoration: underline;\">Pupilles<\/span> : <\/strong><u>F\u00e9minines :<\/u> 3\u00b0 Xayana MUSY \/ <u>Masculins :<\/u> 2\u00b0 Mohand-Said TAHRATI &amp; 3\u00b0 Salah Edim GRAMI<\/p>\n<p><strong><span style=\"text-decoration: underline;\">Benjamins<\/span> : <\/strong><u>F\u00e9minines :<\/u> 3\u00b0 Xayuri MUSY<\/p>\n<p><span style=\"text-decoration: underline; background-color: #000000; color: #ffffff;\"><strong>R\u00e9sultats : Elite combats<\/strong><\/span><\/p>\n<p><strong><span style=\"text-decoration: underline;\">Pupilles<\/span> : <\/strong><u>F\u00e9minines :<\/u> &#8211; 25 kg : 3\u00b0 Xayana MUSY \/ <u>Masculins :<\/u> &#8211; 25 kg : 1\u00b0 Mohand-Said TAHRATI &amp; &#8211; 30 kg: 1\u00b0 Amine DJEBARAT<\/p>\n<p><span style=\"text-decoration: underline;\"><strong>Benjamins<\/strong><\/span><\/p>\n<p><u>F\u00e9minines :\u00a0 <\/u>&#8211; 35 kg : 3\u00b0 Salom\u00e9 AYMARD, &#8211; 40 kg : 1\u00b0 Chirine DJEBARAT, 2\u00b0 Xayuri MUSY &amp; &#8211; 45 kg : 3\u00b0 Nour El Islem GRAMI<\/p>\n<p><u>Masculins :<\/u><\/p>\n<p>&#8211; 30 kg : 1\u00b0 Thimothe LENTZ, 2<sup>e <\/sup>Mohammed EL ATIA, 3\u00b0 Nizar EL ATIA<\/p>\n<p>&#8211; 40 kg : 2\u00b0 Yusuf Han TITIZ &amp; &#8211; 45 kg : 3\u00b0 Mohamed BOUCHEMELLA<\/p>\n<hr \/>\n<p>Toute l&rsquo;ACTU du Sen No Sen Karat\u00e9 sur : <span style=\"color: #0000ff;\"><strong><em><a style=\"color: #0000ff;\" href=\"http:\/\/sennosen.e-monsite.com\">http:\/\/sennosen.e-monsite.com<\/a><\/em><\/strong><\/span><\/p>\n<hr \/>\n<hr \/>\n<p>&nbsp;<\/p>\n","protected":false},"excerpt":{"rendered":"<p>Open de Paris et pour les jeunes la Coupe du Lyonnais \u00e9lite kata et combats, figuraient dans l&rsquo;agenda du dernier week-end. <\/p>\n","protected":false},"author":4,"featured_media":147860,"comment_status":"open","ping_status":"open","sticky":false,"template":"","format":"standard","meta":{"footnotes":""},"categories":[2994,1353,2,1298],"tags":[2149,4098,2067],"class_list":["post-147858","post","type-post","status-publish","format-standard","has-post-thumbnail","hentry","category-judo-karate-taekwondo-sports","category-karate","category-sports","category-venissieux","tag-karate","tag-sen-no-sen-karate","tag-venissieux"],"yoast_head":"<!-- This site is optimized with the Yoast SEO plugin v27.2 - https:\/\/yoast.com\/product\/yoast-seo-wordpress\/ -->\n<title>VENISSIEUX | Le Sen No Sen karat\u00e9 en comp\u00e9tition - News Est Lyonnais<\/title>\n<meta name=\"description\" content=\"VENISSIEUX | Le Sen No Sen karat\u00e9 en comp\u00e9tition\" \/>\n<meta name=\"robots\" content=\"index, follow, max-snippet:-1, max-image-preview:large, max-video-preview:-1\" \/>\n<link rel=\"canonical\" href=\"https:\/\/newsestlyonnais.fr\/site\/2022\/01\/25\/venissieux-le-sen-no-sen-karate-en-competition\/\" \/>\n<meta property=\"og:locale\" content=\"fr_FR\" \/>\n<meta property=\"og:type\" content=\"article\" \/>\n<meta property=\"og:title\" content=\"VENISSIEUX | Le Sen No Sen karat\u00e9 en comp\u00e9tition - News Est Lyonnais\" \/>\n<meta property=\"og:description\" content=\"VENISSIEUX | Le Sen No Sen karat\u00e9 en comp\u00e9tition\" \/>\n<meta property=\"og:url\" content=\"https:\/\/newsestlyonnais.fr\/site\/2022\/01\/25\/venissieux-le-sen-no-sen-karate-en-competition\/\" \/>\n<meta property=\"og:site_name\" content=\"News Est Lyonnais\" \/>\n<meta property=\"article:author\" content=\"https:\/\/www.facebook.com\/pascal.oberson.1?fref=ts\" \/>\n<meta property=\"article:published_time\" content=\"2022-01-25T10:42:04+00:00\" \/>\n<meta property=\"article:modified_time\" content=\"2022-01-25T17:36:21+00:00\" \/>\n<meta property=\"og:image\" content=\"https:\/\/newsestlyonnais.fr\/site\/wp-content\/uploads\/2022\/01\/DSC_8763.jpg\" \/>\n\t<meta property=\"og:image:width\" content=\"1200\" \/>\n\t<meta property=\"og:image:height\" content=\"801\" \/>\n\t<meta property=\"og:image:type\" content=\"image\/jpeg\" \/>\n<meta name=\"author\" content=\"R\u00e9dac. NEWS\" \/>\n<meta name=\"twitter:card\" content=\"summary_large_image\" \/>\n<meta name=\"twitter:label1\" content=\"\u00c9crit par\" \/>\n\t<meta name=\"twitter:data1\" content=\"R\u00e9dac. NEWS\" \/>\n\t<meta name=\"twitter:label2\" content=\"Dur\u00e9e de lecture estim\u00e9e\" \/>\n\t<meta name=\"twitter:data2\" content=\"2 minutes\" \/>\n<script type=\"application\/ld+json\" class=\"yoast-schema-graph\">{\"@context\":\"https:\/\/schema.org\",\"@graph\":[{\"@type\":\"Article\",\"@id\":\"https:\/\/newsestlyonnais.fr\/site\/2022\/01\/25\/venissieux-le-sen-no-sen-karate-en-competition\/#article\",\"isPartOf\":{\"@id\":\"https:\/\/newsestlyonnais.fr\/site\/2022\/01\/25\/venissieux-le-sen-no-sen-karate-en-competition\/\"},\"author\":{\"name\":\"R\u00e9dac. NEWS\",\"@id\":\"https:\/\/newsestlyonnais.fr\/site\/#\/schema\/person\/3230d5615f390bb808365d673001e887\"},\"headline\":\"VENISSIEUX | Le Sen No Sen karat\u00e9 en comp\u00e9tition\",\"datePublished\":\"2022-01-25T10:42:04+00:00\",\"dateModified\":\"2022-01-25T17:36:21+00:00\",\"mainEntityOfPage\":{\"@id\":\"https:\/\/newsestlyonnais.fr\/site\/2022\/01\/25\/venissieux-le-sen-no-sen-karate-en-competition\/\"},\"wordCount\":209,\"commentCount\":0,\"publisher\":{\"@id\":\"https:\/\/newsestlyonnais.fr\/site\/#organization\"},\"image\":{\"@id\":\"https:\/\/newsestlyonnais.fr\/site\/2022\/01\/25\/venissieux-le-sen-no-sen-karate-en-competition\/#primaryimage\"},\"thumbnailUrl\":\"https:\/\/newsestlyonnais.fr\/site\/wp-content\/uploads\/2022\/01\/DSC_8763.jpg\",\"keywords\":[\"KARATE\",\"Sen No Sen karat\u00e9\",\"VENISSIEUX\"],\"articleSection\":[\"Judo| Karat\u00e9| Taekwondo\",\"Karat\u00e9\",\"Sports\",\"V\u00e9nissieux\"],\"inLanguage\":\"fr-FR\",\"potentialAction\":[{\"@type\":\"CommentAction\",\"name\":\"Comment\",\"target\":[\"https:\/\/newsestlyonnais.fr\/site\/2022\/01\/25\/venissieux-le-sen-no-sen-karate-en-competition\/#respond\"]}]},{\"@type\":\"WebPage\",\"@id\":\"https:\/\/newsestlyonnais.fr\/site\/2022\/01\/25\/venissieux-le-sen-no-sen-karate-en-competition\/\",\"url\":\"https:\/\/newsestlyonnais.fr\/site\/2022\/01\/25\/venissieux-le-sen-no-sen-karate-en-competition\/\",\"name\":\"VENISSIEUX | Le Sen No Sen karat\u00e9 en comp\u00e9tition - News Est Lyonnais\",\"isPartOf\":{\"@id\":\"https:\/\/newsestlyonnais.fr\/site\/#website\"},\"primaryImageOfPage\":{\"@id\":\"https:\/\/newsestlyonnais.fr\/site\/2022\/01\/25\/venissieux-le-sen-no-sen-karate-en-competition\/#primaryimage\"},\"image\":{\"@id\":\"https:\/\/newsestlyonnais.fr\/site\/2022\/01\/25\/venissieux-le-sen-no-sen-karate-en-competition\/#primaryimage\"},\"thumbnailUrl\":\"https:\/\/newsestlyonnais.fr\/site\/wp-content\/uploads\/2022\/01\/DSC_8763.jpg\",\"datePublished\":\"2022-01-25T10:42:04+00:00\",\"dateModified\":\"2022-01-25T17:36:21+00:00\",\"description\":\"VENISSIEUX | Le Sen No Sen karat\u00e9 en comp\u00e9tition\",\"breadcrumb\":{\"@id\":\"https:\/\/newsestlyonnais.fr\/site\/2022\/01\/25\/venissieux-le-sen-no-sen-karate-en-competition\/#breadcrumb\"},\"inLanguage\":\"fr-FR\",\"potentialAction\":[{\"@type\":\"ReadAction\",\"target\":[\"https:\/\/newsestlyonnais.fr\/site\/2022\/01\/25\/venissieux-le-sen-no-sen-karate-en-competition\/\"]}]},{\"@type\":\"ImageObject\",\"inLanguage\":\"fr-FR\",\"@id\":\"https:\/\/newsestlyonnais.fr\/site\/2022\/01\/25\/venissieux-le-sen-no-sen-karate-en-competition\/#primaryimage\",\"url\":\"https:\/\/newsestlyonnais.fr\/site\/wp-content\/uploads\/2022\/01\/DSC_8763.jpg\",\"contentUrl\":\"https:\/\/newsestlyonnais.fr\/site\/wp-content\/uploads\/2022\/01\/DSC_8763.jpg\",\"width\":1200,\"height\":801},{\"@type\":\"BreadcrumbList\",\"@id\":\"https:\/\/newsestlyonnais.fr\/site\/2022\/01\/25\/venissieux-le-sen-no-sen-karate-en-competition\/#breadcrumb\",\"itemListElement\":[{\"@type\":\"ListItem\",\"position\":1,\"name\":\"Accueil\",\"item\":\"https:\/\/newsestlyonnais.fr\/site\/\"},{\"@type\":\"ListItem\",\"position\":2,\"name\":\"VENISSIEUX | Le Sen No Sen karat\u00e9 en comp\u00e9tition\"}]},{\"@type\":\"WebSite\",\"@id\":\"https:\/\/newsestlyonnais.fr\/site\/#website\",\"url\":\"https:\/\/newsestlyonnais.fr\/site\/\",\"name\":\"News Est Lyonnais\",\"description\":\"L&#039;actualit\u00e9 au plus pr\u00e8s\",\"publisher\":{\"@id\":\"https:\/\/newsestlyonnais.fr\/site\/#organization\"},\"potentialAction\":[{\"@type\":\"SearchAction\",\"target\":{\"@type\":\"EntryPoint\",\"urlTemplate\":\"https:\/\/newsestlyonnais.fr\/site\/?s={search_term_string}\"},\"query-input\":{\"@type\":\"PropertyValueSpecification\",\"valueRequired\":true,\"valueName\":\"search_term_string\"}}],\"inLanguage\":\"fr-FR\"},{\"@type\":\"Organization\",\"@id\":\"https:\/\/newsestlyonnais.fr\/site\/#organization\",\"name\":\"News EST LYONNAIS\",\"url\":\"https:\/\/newsestlyonnais.fr\/site\/\",\"logo\":{\"@type\":\"ImageObject\",\"inLanguage\":\"fr-FR\",\"@id\":\"https:\/\/newsestlyonnais.fr\/site\/#\/schema\/logo\/image\/\",\"url\":\"\",\"contentUrl\":\"\",\"caption\":\"News EST LYONNAIS\"},\"image\":{\"@id\":\"https:\/\/newsestlyonnais.fr\/site\/#\/schema\/logo\/image\/\"}},{\"@type\":\"Person\",\"@id\":\"https:\/\/newsestlyonnais.fr\/site\/#\/schema\/person\/3230d5615f390bb808365d673001e887\",\"name\":\"R\u00e9dac. NEWS\",\"sameAs\":[\"http:\/\/www.newsestlyonnais.fr\",\"https:\/\/www.facebook.com\/pascal.oberson.1?fref=ts\",\"https:\/\/fr.linkedin.com\/in\/pascal-oberson-b17045113\"],\"url\":\"https:\/\/newsestlyonnais.fr\/site\/author\/nel\/\"}]}<\/script>\n<!-- \/ Yoast SEO plugin. -->","yoast_head_json":{"title":"VENISSIEUX | Le Sen No Sen karat\u00e9 en comp\u00e9tition - News Est Lyonnais","description":"VENISSIEUX | Le Sen No Sen karat\u00e9 en comp\u00e9tition","robots":{"index":"index","follow":"follow","max-snippet":"max-snippet:-1","max-image-preview":"max-image-preview:large","max-video-preview":"max-video-preview:-1"},"canonical":"https:\/\/newsestlyonnais.fr\/site\/2022\/01\/25\/venissieux-le-sen-no-sen-karate-en-competition\/","og_locale":"fr_FR","og_type":"article","og_title":"VENISSIEUX | Le Sen No Sen karat\u00e9 en comp\u00e9tition - News Est Lyonnais","og_description":"VENISSIEUX | Le Sen No Sen karat\u00e9 en comp\u00e9tition","og_url":"https:\/\/newsestlyonnais.fr\/site\/2022\/01\/25\/venissieux-le-sen-no-sen-karate-en-competition\/","og_site_name":"News Est Lyonnais","article_author":"https:\/\/www.facebook.com\/pascal.oberson.1?fref=ts","article_published_time":"2022-01-25T10:42:04+00:00","article_modified_time":"2022-01-25T17:36:21+00:00","og_image":[{"width":1200,"height":801,"url":"https:\/\/newsestlyonnais.fr\/site\/wp-content\/uploads\/2022\/01\/DSC_8763.jpg","type":"image\/jpeg"}],"author":"R\u00e9dac. NEWS","twitter_card":"summary_large_image","twitter_misc":{"\u00c9crit par":"R\u00e9dac. NEWS","Dur\u00e9e de lecture estim\u00e9e":"2 minutes"},"schema":{"@context":"https:\/\/schema.org","@graph":[{"@type":"Article","@id":"https:\/\/newsestlyonnais.fr\/site\/2022\/01\/25\/venissieux-le-sen-no-sen-karate-en-competition\/#article","isPartOf":{"@id":"https:\/\/newsestlyonnais.fr\/site\/2022\/01\/25\/venissieux-le-sen-no-sen-karate-en-competition\/"},"author":{"name":"R\u00e9dac. NEWS","@id":"https:\/\/newsestlyonnais.fr\/site\/#\/schema\/person\/3230d5615f390bb808365d673001e887"},"headline":"VENISSIEUX | Le Sen No Sen karat\u00e9 en comp\u00e9tition","datePublished":"2022-01-25T10:42:04+00:00","dateModified":"2022-01-25T17:36:21+00:00","mainEntityOfPage":{"@id":"https:\/\/newsestlyonnais.fr\/site\/2022\/01\/25\/venissieux-le-sen-no-sen-karate-en-competition\/"},"wordCount":209,"commentCount":0,"publisher":{"@id":"https:\/\/newsestlyonnais.fr\/site\/#organization"},"image":{"@id":"https:\/\/newsestlyonnais.fr\/site\/2022\/01\/25\/venissieux-le-sen-no-sen-karate-en-competition\/#primaryimage"},"thumbnailUrl":"https:\/\/newsestlyonnais.fr\/site\/wp-content\/uploads\/2022\/01\/DSC_8763.jpg","keywords":["KARATE","Sen No Sen karat\u00e9","VENISSIEUX"],"articleSection":["Judo| Karat\u00e9| Taekwondo","Karat\u00e9","Sports","V\u00e9nissieux"],"inLanguage":"fr-FR","potentialAction":[{"@type":"CommentAction","name":"Comment","target":["https:\/\/newsestlyonnais.fr\/site\/2022\/01\/25\/venissieux-le-sen-no-sen-karate-en-competition\/#respond"]}]},{"@type":"WebPage","@id":"https:\/\/newsestlyonnais.fr\/site\/2022\/01\/25\/venissieux-le-sen-no-sen-karate-en-competition\/","url":"https:\/\/newsestlyonnais.fr\/site\/2022\/01\/25\/venissieux-le-sen-no-sen-karate-en-competition\/","name":"VENISSIEUX | Le Sen No Sen karat\u00e9 en comp\u00e9tition - News Est Lyonnais","isPartOf":{"@id":"https:\/\/newsestlyonnais.fr\/site\/#website"},"primaryImageOfPage":{"@id":"https:\/\/newsestlyonnais.fr\/site\/2022\/01\/25\/venissieux-le-sen-no-sen-karate-en-competition\/#primaryimage"},"image":{"@id":"https:\/\/newsestlyonnais.fr\/site\/2022\/01\/25\/venissieux-le-sen-no-sen-karate-en-competition\/#primaryimage"},"thumbnailUrl":"https:\/\/newsestlyonnais.fr\/site\/wp-content\/uploads\/2022\/01\/DSC_8763.jpg","datePublished":"2022-01-25T10:42:04+00:00","dateModified":"2022-01-25T17:36:21+00:00","description":"VENISSIEUX | Le Sen No Sen karat\u00e9 en comp\u00e9tition","breadcrumb":{"@id":"https:\/\/newsestlyonnais.fr\/site\/2022\/01\/25\/venissieux-le-sen-no-sen-karate-en-competition\/#breadcrumb"},"inLanguage":"fr-FR","potentialAction":[{"@type":"ReadAction","target":["https:\/\/newsestlyonnais.fr\/site\/2022\/01\/25\/venissieux-le-sen-no-sen-karate-en-competition\/"]}]},{"@type":"ImageObject","inLanguage":"fr-FR","@id":"https:\/\/newsestlyonnais.fr\/site\/2022\/01\/25\/venissieux-le-sen-no-sen-karate-en-competition\/#primaryimage","url":"https:\/\/newsestlyonnais.fr\/site\/wp-content\/uploads\/2022\/01\/DSC_8763.jpg","contentUrl":"https:\/\/newsestlyonnais.fr\/site\/wp-content\/uploads\/2022\/01\/DSC_8763.jpg","width":1200,"height":801},{"@type":"BreadcrumbList","@id":"https:\/\/newsestlyonnais.fr\/site\/2022\/01\/25\/venissieux-le-sen-no-sen-karate-en-competition\/#breadcrumb","itemListElement":[{"@type":"ListItem","position":1,"name":"Accueil","item":"https:\/\/newsestlyonnais.fr\/site\/"},{"@type":"ListItem","position":2,"name":"VENISSIEUX | Le Sen No Sen karat\u00e9 en comp\u00e9tition"}]},{"@type":"WebSite","@id":"https:\/\/newsestlyonnais.fr\/site\/#website","url":"https:\/\/newsestlyonnais.fr\/site\/","name":"News Est Lyonnais","description":"L&#039;actualit\u00e9 au plus pr\u00e8s","publisher":{"@id":"https:\/\/newsestlyonnais.fr\/site\/#organization"},"potentialAction":[{"@type":"SearchAction","target":{"@type":"EntryPoint","urlTemplate":"https:\/\/newsestlyonnais.fr\/site\/?s={search_term_string}"},"query-input":{"@type":"PropertyValueSpecification","valueRequired":true,"valueName":"search_term_string"}}],"inLanguage":"fr-FR"},{"@type":"Organization","@id":"https:\/\/newsestlyonnais.fr\/site\/#organization","name":"News EST LYONNAIS","url":"https:\/\/newsestlyonnais.fr\/site\/","logo":{"@type":"ImageObject","inLanguage":"fr-FR","@id":"https:\/\/newsestlyonnais.fr\/site\/#\/schema\/logo\/image\/","url":"","contentUrl":"","caption":"News EST LYONNAIS"},"image":{"@id":"https:\/\/newsestlyonnais.fr\/site\/#\/schema\/logo\/image\/"}},{"@type":"Person","@id":"https:\/\/newsestlyonnais.fr\/site\/#\/schema\/person\/3230d5615f390bb808365d673001e887","name":"R\u00e9dac. NEWS","sameAs":["http:\/\/www.newsestlyonnais.fr","https:\/\/www.facebook.com\/pascal.oberson.1?fref=ts","https:\/\/fr.linkedin.com\/in\/pascal-oberson-b17045113"],"url":"https:\/\/newsestlyonnais.fr\/site\/author\/nel\/"}]}},"_links":{"self":[{"href":"https:\/\/newsestlyonnais.fr\/site\/wp-json\/wp\/v2\/posts\/147858","targetHints":{"allow":["GET"]}}],"collection":[{"href":"https:\/\/newsestlyonnais.fr\/site\/wp-json\/wp\/v2\/posts"}],"about":[{"href":"https:\/\/newsestlyonnais.fr\/site\/wp-json\/wp\/v2\/types\/post"}],"author":[{"embeddable":true,"href":"https:\/\/newsestlyonnais.fr\/site\/wp-json\/wp\/v2\/users\/4"}],"replies":[{"embeddable":true,"href":"https:\/\/newsestlyonnais.fr\/site\/wp-json\/wp\/v2\/comments?post=147858"}],"version-history":[{"count":0,"href":"https:\/\/newsestlyonnais.fr\/site\/wp-json\/wp\/v2\/posts\/147858\/revisions"}],"wp:featuredmedia":[{"embeddable":true,"href":"https:\/\/newsestlyonnais.fr\/site\/wp-json\/wp\/v2\/media\/147860"}],"wp:attachment":[{"href":"https:\/\/newsestlyonnais.fr\/site\/wp-json\/wp\/v2\/media?parent=147858"}],"wp:term":[{"taxonomy":"category","embeddable":true,"href":"https:\/\/newsestlyonnais.fr\/site\/wp-json\/wp\/v2\/categories?post=147858"},{"taxonomy":"post_tag","embeddable":true,"href":"https:\/\/newsestlyonnais.fr\/site\/wp-json\/wp\/v2\/tags?post=147858"}],"curies":[{"name":"wp","href":"https:\/\/api.w.org\/{rel}","templated":true}]}}