{"id":148888,"date":"2022-02-08T11:10:59","date_gmt":"2022-02-08T10:10:59","guid":{"rendered":"https:\/\/newsestlyonnais.fr\/site\/?p=148888"},"modified":"2022-02-09T11:46:40","modified_gmt":"2022-02-09T10:46:40","slug":"ellis-batifol-il-en-resulte-une-stagnation-par-rapport-a-2020-jespere-donc-reprendre-une-bonne-progression","status":"publish","type":"post","link":"https:\/\/newsestlyonnais.fr\/site\/2022\/02\/08\/ellis-batifol-il-en-resulte-une-stagnation-par-rapport-a-2020-jespere-donc-reprendre-une-bonne-progression\/","title":{"rendered":"Ellis Batifol \u00ab\u00a0il en r\u00e9sulte une stagnation par rapport \u00e0 2020, j\u2019esp\u00e8re donc reprendre une bonne progression \u00ab\u00a0"},"content":{"rendered":"<p><span style=\"font-size: 14pt; background-color: #000000; color: #ffffff;\"><strong>Commune de r\u00e9sidence et club sportif actuel ?<\/strong><\/span><\/p>\n<p>\u00a0\u00bb Je suis \u00e0 l\u2019<span style=\"color: #0000ff;\"><a style=\"color: #0000ff;\" href=\"https:\/\/www.asvelathle.fr\">Asvel athl\u00e9<\/a><\/span> et je r\u00e9side \u00e0 l\u2019INSA Lyon. \u00a0\u00bb<\/p>\n<p><span style=\"font-size: 14pt; background-color: #000000; color: #ffffff;\"><strong>Pr\u00e9sentation sommaire de ton pass\u00e9 sportif et palmar\u00e8s : <\/strong><\/span><\/p>\n<p>\u00a0\u00bb Au club de <span style=\"color: #0000ff;\"><a style=\"color: #0000ff;\" href=\"https:\/\/bagnols-athletisme.jimdofree.com\">Bagnols Marcoule Athl\u00e9tisme<\/a><\/span>, (Gard), <strong>j\u2019ai commenc\u00e9 l\u2019athl\u00e9tisme en septembre 2013 et la marche athl\u00e9tique en ao\u00fbt 2016.<\/strong><\/p>\n<p>J\u2019ai particip\u00e9 \u00e0 mon premier challenge national des ligues de marche en octobre 2017 et \u00e0 partir de l\u00e0, j\u2019ai commenc\u00e9 \u00e0 m\u2019entra\u00eener un peu plus s\u00e9rieusement dans cette discipline. \u00a0\u00bb<\/p>\n<hr \/>\n<p><span style=\"font-size: 14pt; background-color: #000000; color: #ffffff;\"><strong>Tes points fort et tes pr\u00e9f\u00e9rences, combien d&rsquo;heures t\u2019entra\u00eenes tu pas semaine ? O\u00f9 et coach\u00e9 par qui ?<\/strong><\/span><\/p>\n<p>\u00a0\u00bb <strong>Je m\u2019entra\u00eene 6 fois par semaine<\/strong> dont 2 \u00e0 3 fois au stade Boiron-Granger <strong>avec mon entra\u00eeneur Bernard Pichon<\/strong>.<\/p>\n<p>Ayant du mal \u00e0 me mettre en route, <strong>je pr\u00e9f\u00e8re les s\u00e9ances de seuil<\/strong>, c\u2019est l\u00e0 o\u00f9 mes qualit\u00e9s de r\u00e9sistance sont le plus utile et ce sont \u00e9galement les s\u00e9ances qui se rapprochent le plus de la comp\u00e9tition. <strong>Apr\u00e8s m\u2019\u00eatre entra\u00een\u00e9 4 ans avec un entra\u00eeneur \u00e0 distance<\/strong>, j\u2019ai appris \u00e0 bien me conna\u00eetre et \u00e0 savoir ce qui fonctionne bien sur moi et j\u2019ai donc une id\u00e9e parfois trop pr\u00e9cise de ce que doit \u00eatre mon entra\u00eenement.<\/p>\n<p>C&rsquo;est donc tr\u00e8s int\u00e9ressant de se confronter \u00e0 un nouvel entra\u00eeneur avec parfois une vision diff\u00e9rente. <strong>Bernard m\u2019a notamment beaucoup fait travailler sur la vitesse et la fr\u00e9quence,<\/strong> quelque chose qui n\u2019est pas ma sp\u00e9cialit\u00e9.<\/p>\n<p><strong><span style=\"text-decoration: underline;\">Quelques r\u00e9sultats<\/span> :<\/strong><br \/>\n<strong>2018<\/strong> : vice-champion r\u00e9gional minime du 3.000 m marche (salle et piste) + vainqueur du 3 km minime du crit\u00e9rium national de printemps<br \/>\n<strong>2019<\/strong> : champion r\u00e9gional du 5.000 m marche cadet (salle et piste) + 2\u00b0 du 5 km cadet du crit\u00e9rium national de printemps + 4\u00b0 du championnat de France du 5.000 m marche cadet (piste).<br \/>\n<strong>2020<\/strong> : champion r\u00e9gional et de France du 5.000 m marche cadet (salle) + vainqueur du 45 min cadet marche du challenge national des ligues de marche. \u00a0\u00bb<\/p>\n<hr \/>\n<p><span style=\"background-color: #000000; color: #ffffff;\"><strong><span style=\"font-size: 14pt; background-color: #000000;\">Avant de la d\u00e9tailler, comment qualifierais tu cette ann\u00e9e 2021 avec cette crise sanitaire ?<\/span><\/strong><\/span><\/p>\n<p>\u00a0\u00bb \u00c7a a \u00e9t\u00e9 <strong>une ann\u00e9e assez dure pour moi point de vue sant\u00e9 avec une mauvaise forme physique<\/strong> sur les 3 premiers mois puis un manque de fer qui m\u2019a grandement g\u00ean\u00e9 dans la pr\u00e9paration des \u00ab\u00a0France\u00a0\u00bb l\u2019\u00e9t\u00e9 dernier.<\/p>\n<p><strong>Il en r\u00e9sulte une stagnation par rapport \u00e0 2020 et j\u2019esp\u00e8re donc reprendre une bonne progression en 2022<\/strong>. \u00a0\u00bb<\/p>\n<p><span style=\"font-size: 14pt; background-color: #000000; color: #ffffff;\"><strong>Quel en a \u00e9t\u00e9 le moment fort ?<\/strong><\/span><\/p>\n<p>\u00a0\u00bb M\u00eame si ce n\u2019est pas mon meilleur r\u00e9sultat, <strong>ma course sur l\u2019heure du challenge national des ligues de marche reste mon moment fort<\/strong> de l\u2019ann\u00e9e car c\u2019est la course la plus aboutie de l\u2019ann\u00e9e et celle dont je suis le plus content. \u00a0\u00bb<\/p>\n<hr \/>\n<p><span style=\"background-color: #000000; color: #ffffff;\"><strong><span style=\"font-size: 14pt; background-color: #000000;\">Combien de comp\u00e9titions as-tu disput\u00e9, tu en as d\u00e9couvert de nouvelles ?<\/span><\/strong><\/span><\/p>\n<p>\u00ab\u00a0<strong> J\u2019ai disput\u00e9 9 comp\u00e9titions de marche et un cross en 2021 :<br \/>\n<\/strong><\/p>\n<p><span style=\"text-decoration: underline;\"><strong>avec le BMA :<\/strong><\/span><\/p>\n<ul>\n<li>Le championnat de France du 5.000m marche salle (19 f\u00e9vrier \u00e0 Miramas)<\/li>\n<li>Le 10 km marche de Parilly le (6 juin)<\/li>\n<li>Les championnats de France juniors du 1.0000m marche (11 juillet \u00e0 Bondoufle)<\/li>\n<\/ul>\n<p><span style=\"text-decoration: underline;\"><strong>avec l\u2019ASVEL :<\/strong><\/span><\/p>\n<ul>\n<li>Le championnat r\u00e9gional de marche de dur\u00e9e (12 septembre \u00e0 V\u00e9nissieux)<br \/>\nLe challenge national des ligues de marche (26 septembre \u00e0 Saran)<br \/>\nLes interclubs \u00e0 Mont\u00e9limar (3 octobre)<br \/>\nLe cross de la Bachasse (14 novembre \u00e0 Oullins)<br \/>\nUn meeting en salle \u00e0 Lyon (4 d\u00e9cembre)<\/li>\n<\/ul>\n<p><strong>Rien de tr\u00e8s nouveau puisque je n\u2019ai pas r\u00e9ussi \u00e0 me qualifier \u00e0 une \u00e9ch\u00e9ance internationale.<\/strong> \u00a0\u00bb<\/p>\n<p><span style=\"background-color: #000000; color: #ffffff;\"><strong><span style=\"font-size: 14pt; background-color: #000000;\">Petit bilan sportif, as tu atteint tes objectifs ? <\/span><\/strong><\/span><\/p>\n<p>\u00a0\u00bb <strong>Les r\u00e9ussites en terme de r\u00e9sultats<\/strong> :<\/p>\n<ul>\n<li>Le championnat de France du 5.000m marche (salle) o\u00f9 j\u2019ai fait 2\u00b0 chez les juniors (21\u201950\u2019\u2019)<\/li>\n<li>Le championnat de France du 10.000m marche junior que j\u2019ai remport\u00e9 (45\u201937\u2019\u2019)<\/li>\n<li>Le challenge national des ligues de marche o\u00f9 j\u2019ai fait 2\u00b0 junior sur l\u2019heure (13.101 m)<\/li>\n<\/ul>\n<p>Sur le plan des r\u00e9sultats, <strong>l\u2019ann\u00e9e est donc r\u00e9ussie mais au niveau des chronos, je suis loin de ce que 2020 m\u2019avait laiss\u00e9 pr\u00e9sager<\/strong>. \u00a0\u00bb<\/p>\n<hr \/>\n<p><span style=\"font-size: 14pt; background-color: #000000; color: #ffffff;\"><strong>Quel est ton programme pour 2022 ?<\/strong><\/span><\/p>\n<p>\u00a0\u00bb <strong>Je compte participer aux championnats de France juniors en salle<\/strong> puis <strong>j\u2019essaierai de me qualifier aux France \u00e9lite<\/strong>. Je compte \u00e9galement participer au 10 km marche de la manche de Podebrady (R\u00e9publique Tch\u00e8que) du World Athletics Race Walking Challenge.<\/p>\n<p>Cet \u00e9t\u00e9 je compte participer aux championnats de France juniors et je vais tenter de me qualifier pour d\u2019autres \u00e9ch\u00e9ances internationales en U20.<\/p>\n<p><strong>Apr\u00e8s rien n&rsquo;est fix\u00e9, tout d\u00e9pendra des chronos et de la forme du moment<\/strong>.\u00a0\u00bb<\/p>\n<hr \/>\n<div id='gallery-1' class='gallery galleryid-148888 gallery-columns-3 gallery-size-thumbnail'><figure class='gallery-item'>\n\t\t\t<div class='gallery-icon landscape'>\n\t\t\t\t<a href='https:\/\/newsestlyonnais.fr\/site\/2022\/02\/08\/ellis-batifol-il-en-resulte-une-stagnation-par-rapport-a-2020-jespere-donc-reprendre-une-bonne-progression\/newsestlyonnais-asvelathle1\/'><img loading=\"lazy\" decoding=\"async\" width=\"150\" height=\"71\" src=\"https:\/\/newsestlyonnais.fr\/site\/wp-content\/uploads\/2022\/02\/NEWSESTLYONNAIS-ASVELATHLE1-250x119.jpg\" class=\"attachment-thumbnail size-thumbnail\" alt=\"\" srcset=\"https:\/\/newsestlyonnais.fr\/site\/wp-content\/uploads\/2022\/02\/NEWSESTLYONNAIS-ASVELATHLE1-250x119.jpg 250w, https:\/\/newsestlyonnais.fr\/site\/wp-content\/uploads\/2022\/02\/NEWSESTLYONNAIS-ASVELATHLE1-400x190.jpg 400w, https:\/\/newsestlyonnais.fr\/site\/wp-content\/uploads\/2022\/02\/NEWSESTLYONNAIS-ASVELATHLE1-150x71.jpg 150w, https:\/\/newsestlyonnais.fr\/site\/wp-content\/uploads\/2022\/02\/NEWSESTLYONNAIS-ASVELATHLE1-50x24.jpg 50w, https:\/\/newsestlyonnais.fr\/site\/wp-content\/uploads\/2022\/02\/NEWSESTLYONNAIS-ASVELATHLE1-100x48.jpg 100w, https:\/\/newsestlyonnais.fr\/site\/wp-content\/uploads\/2022\/02\/NEWSESTLYONNAIS-ASVELATHLE1-200x95.jpg 200w, https:\/\/newsestlyonnais.fr\/site\/wp-content\/uploads\/2022\/02\/NEWSESTLYONNAIS-ASVELATHLE1-300x143.jpg 300w, https:\/\/newsestlyonnais.fr\/site\/wp-content\/uploads\/2022\/02\/NEWSESTLYONNAIS-ASVELATHLE1-350x166.jpg 350w, https:\/\/newsestlyonnais.fr\/site\/wp-content\/uploads\/2022\/02\/NEWSESTLYONNAIS-ASVELATHLE1-450x214.jpg 450w, https:\/\/newsestlyonnais.fr\/site\/wp-content\/uploads\/2022\/02\/NEWSESTLYONNAIS-ASVELATHLE1-500x238.jpg 500w, https:\/\/newsestlyonnais.fr\/site\/wp-content\/uploads\/2022\/02\/NEWSESTLYONNAIS-ASVELATHLE1-550x261.jpg 550w, https:\/\/newsestlyonnais.fr\/site\/wp-content\/uploads\/2022\/02\/NEWSESTLYONNAIS-ASVELATHLE1.jpg 640w\" sizes=\"auto, (max-width: 150px) 100vw, 150px\" \/><\/a>\n\t\t\t<\/div><\/figure><figure class='gallery-item'>\n\t\t\t<div class='gallery-icon landscape'>\n\t\t\t\t<a href='https:\/\/newsestlyonnais.fr\/site\/2022\/02\/08\/ellis-batifol-il-en-resulte-une-stagnation-par-rapport-a-2020-jespere-donc-reprendre-une-bonne-progression\/image-1\/'><img loading=\"lazy\" decoding=\"async\" width=\"150\" height=\"112\" src=\"https:\/\/newsestlyonnais.fr\/site\/wp-content\/uploads\/2022\/02\/image-1-250x186.jpg\" class=\"attachment-thumbnail size-thumbnail\" alt=\"\" srcset=\"https:\/\/newsestlyonnais.fr\/site\/wp-content\/uploads\/2022\/02\/image-1-250x186.jpg 250w, https:\/\/newsestlyonnais.fr\/site\/wp-content\/uploads\/2022\/02\/image-1-400x298.jpg 400w, https:\/\/newsestlyonnais.fr\/site\/wp-content\/uploads\/2022\/02\/image-1-150x112.jpg 150w, https:\/\/newsestlyonnais.fr\/site\/wp-content\/uploads\/2022\/02\/image-1-50x37.jpg 50w, https:\/\/newsestlyonnais.fr\/site\/wp-content\/uploads\/2022\/02\/image-1-100x75.jpg 100w, https:\/\/newsestlyonnais.fr\/site\/wp-content\/uploads\/2022\/02\/image-1-200x149.jpg 200w, https:\/\/newsestlyonnais.fr\/site\/wp-content\/uploads\/2022\/02\/image-1-300x224.jpg 300w, https:\/\/newsestlyonnais.fr\/site\/wp-content\/uploads\/2022\/02\/image-1-350x261.jpg 350w, https:\/\/newsestlyonnais.fr\/site\/wp-content\/uploads\/2022\/02\/image-1-450x335.jpg 450w, https:\/\/newsestlyonnais.fr\/site\/wp-content\/uploads\/2022\/02\/image-1-500x373.jpg 500w, https:\/\/newsestlyonnais.fr\/site\/wp-content\/uploads\/2022\/02\/image-1-550x410.jpg 550w, https:\/\/newsestlyonnais.fr\/site\/wp-content\/uploads\/2022\/02\/image-1.jpg 600w\" sizes=\"auto, (max-width: 150px) 100vw, 150px\" \/><\/a>\n\t\t\t<\/div><\/figure><figure class='gallery-item'>\n\t\t\t<div class='gallery-icon landscape'>\n\t\t\t\t<a href='https:\/\/newsestlyonnais.fr\/site\/2022\/02\/08\/ellis-batifol-il-en-resulte-une-stagnation-par-rapport-a-2020-jespere-donc-reprendre-une-bonne-progression\/image-2-2\/'><img loading=\"lazy\" decoding=\"async\" width=\"150\" height=\"100\" src=\"https:\/\/newsestlyonnais.fr\/site\/wp-content\/uploads\/2022\/02\/image-2-250x167.jpg\" class=\"attachment-thumbnail size-thumbnail\" alt=\"\" srcset=\"https:\/\/newsestlyonnais.fr\/site\/wp-content\/uploads\/2022\/02\/image-2-250x167.jpg 250w, https:\/\/newsestlyonnais.fr\/site\/wp-content\/uploads\/2022\/02\/image-2-400x267.jpg 400w, https:\/\/newsestlyonnais.fr\/site\/wp-content\/uploads\/2022\/02\/image-2-150x100.jpg 150w, https:\/\/newsestlyonnais.fr\/site\/wp-content\/uploads\/2022\/02\/image-2-50x33.jpg 50w, https:\/\/newsestlyonnais.fr\/site\/wp-content\/uploads\/2022\/02\/image-2-100x67.jpg 100w, https:\/\/newsestlyonnais.fr\/site\/wp-content\/uploads\/2022\/02\/image-2-200x133.jpg 200w, https:\/\/newsestlyonnais.fr\/site\/wp-content\/uploads\/2022\/02\/image-2-300x200.jpg 300w, https:\/\/newsestlyonnais.fr\/site\/wp-content\/uploads\/2022\/02\/image-2-350x233.jpg 350w, https:\/\/newsestlyonnais.fr\/site\/wp-content\/uploads\/2022\/02\/image-2-450x300.jpg 450w, https:\/\/newsestlyonnais.fr\/site\/wp-content\/uploads\/2022\/02\/image-2-500x333.jpg 500w, https:\/\/newsestlyonnais.fr\/site\/wp-content\/uploads\/2022\/02\/image-2-550x367.jpg 550w, https:\/\/newsestlyonnais.fr\/site\/wp-content\/uploads\/2022\/02\/image-2.jpg 600w\" sizes=\"auto, (max-width: 150px) 100vw, 150px\" \/><\/a>\n\t\t\t<\/div><\/figure>\n\t\t<\/div>\n\n<hr \/>\n<p>&nbsp;<\/p>\n","protected":false},"excerpt":{"rendered":"<p>R\u00e9guli\u00e8rement une sportive ou un sportif de la r\u00e9gion dresse son bilan de l&rsquo;ann\u00e9e 2021 et \u00e9voque ses projets pour la prochaine (45\/45).<\/p>\n","protected":false},"author":4,"featured_media":148891,"comment_status":"open","ping_status":"open","sticky":false,"template":"","format":"standard","meta":{"footnotes":""},"categories":[2968,1625,3250,2,29],"tags":[2221,3469,4137,2981],"class_list":["post-148888","post","type-post","status-publish","format-standard","has-post-thumbnail","hentry","category-athle-course-pied-marche","category-lyon","category-recits-de-course-portraits-interviews","category-sports","category-villeurbanne","tag-asvel-athle","tag-bilan","tag-ellis-batifol","tag-marche-athletique"],"yoast_head":"<!-- This site is optimized with the Yoast SEO plugin v27.2 - https:\/\/yoast.com\/product\/yoast-seo-wordpress\/ -->\n<title>Ellis Batifol &quot;il en r\u00e9sulte une stagnation par rapport \u00e0 2020, j\u2019esp\u00e8re donc reprendre une bonne progression &quot; - News Est Lyonnais<\/title>\n<meta name=\"description\" content=\"Ellis Batifol &quot;il en r\u00e9sulte une stagnation par rapport \u00e0 2020, j\u2019esp\u00e8re donc reprendre une bonne progression &quot;\" \/>\n<meta name=\"robots\" content=\"index, follow, max-snippet:-1, max-image-preview:large, max-video-preview:-1\" \/>\n<link rel=\"canonical\" href=\"https:\/\/newsestlyonnais.fr\/site\/2022\/02\/08\/ellis-batifol-il-en-resulte-une-stagnation-par-rapport-a-2020-jespere-donc-reprendre-une-bonne-progression\/\" \/>\n<meta property=\"og:locale\" content=\"fr_FR\" \/>\n<meta property=\"og:type\" content=\"article\" \/>\n<meta property=\"og:title\" content=\"Ellis Batifol &quot;il en r\u00e9sulte une stagnation par rapport \u00e0 2020, j\u2019esp\u00e8re donc reprendre une bonne progression &quot; - News Est Lyonnais\" \/>\n<meta property=\"og:description\" content=\"Ellis Batifol &quot;il en r\u00e9sulte une stagnation par rapport \u00e0 2020, j\u2019esp\u00e8re donc reprendre une bonne progression &quot;\" \/>\n<meta property=\"og:url\" content=\"https:\/\/newsestlyonnais.fr\/site\/2022\/02\/08\/ellis-batifol-il-en-resulte-une-stagnation-par-rapport-a-2020-jespere-donc-reprendre-une-bonne-progression\/\" \/>\n<meta property=\"og:site_name\" content=\"News Est Lyonnais\" \/>\n<meta property=\"article:author\" content=\"https:\/\/www.facebook.com\/pascal.oberson.1?fref=ts\" \/>\n<meta property=\"article:published_time\" content=\"2022-02-08T10:10:59+00:00\" \/>\n<meta property=\"article:modified_time\" content=\"2022-02-09T10:46:40+00:00\" \/>\n<meta property=\"og:image\" content=\"https:\/\/newsestlyonnais.fr\/site\/wp-content\/uploads\/2022\/02\/Screenshot_20220207-100638_Drive.jpg\" \/>\n\t<meta property=\"og:image:width\" content=\"640\" \/>\n\t<meta property=\"og:image:height\" content=\"304\" \/>\n\t<meta property=\"og:image:type\" content=\"image\/jpeg\" \/>\n<meta name=\"author\" content=\"R\u00e9dac. NEWS\" \/>\n<meta name=\"twitter:card\" content=\"summary_large_image\" \/>\n<meta name=\"twitter:label1\" content=\"\u00c9crit par\" \/>\n\t<meta name=\"twitter:data1\" content=\"R\u00e9dac. NEWS\" \/>\n\t<meta name=\"twitter:label2\" content=\"Dur\u00e9e de lecture estim\u00e9e\" \/>\n\t<meta name=\"twitter:data2\" content=\"4 minutes\" \/>\n<script type=\"application\/ld+json\" class=\"yoast-schema-graph\">{\"@context\":\"https:\/\/schema.org\",\"@graph\":[{\"@type\":\"Article\",\"@id\":\"https:\/\/newsestlyonnais.fr\/site\/2022\/02\/08\/ellis-batifol-il-en-resulte-une-stagnation-par-rapport-a-2020-jespere-donc-reprendre-une-bonne-progression\/#article\",\"isPartOf\":{\"@id\":\"https:\/\/newsestlyonnais.fr\/site\/2022\/02\/08\/ellis-batifol-il-en-resulte-une-stagnation-par-rapport-a-2020-jespere-donc-reprendre-une-bonne-progression\/\"},\"author\":{\"name\":\"R\u00e9dac. NEWS\",\"@id\":\"https:\/\/newsestlyonnais.fr\/site\/#\/schema\/person\/3230d5615f390bb808365d673001e887\"},\"headline\":\"Ellis Batifol \u00ab\u00a0il en r\u00e9sulte une stagnation par rapport \u00e0 2020, j\u2019esp\u00e8re donc reprendre une bonne progression \u00ab\u00a0\",\"datePublished\":\"2022-02-08T10:10:59+00:00\",\"dateModified\":\"2022-02-09T10:46:40+00:00\",\"mainEntityOfPage\":{\"@id\":\"https:\/\/newsestlyonnais.fr\/site\/2022\/02\/08\/ellis-batifol-il-en-resulte-une-stagnation-par-rapport-a-2020-jespere-donc-reprendre-une-bonne-progression\/\"},\"wordCount\":783,\"commentCount\":0,\"publisher\":{\"@id\":\"https:\/\/newsestlyonnais.fr\/site\/#organization\"},\"image\":{\"@id\":\"https:\/\/newsestlyonnais.fr\/site\/2022\/02\/08\/ellis-batifol-il-en-resulte-une-stagnation-par-rapport-a-2020-jespere-donc-reprendre-une-bonne-progression\/#primaryimage\"},\"thumbnailUrl\":\"https:\/\/newsestlyonnais.fr\/site\/wp-content\/uploads\/2022\/02\/Screenshot_20220207-100638_Drive.jpg\",\"keywords\":[\"ASVEL ATHLE\",\"BILAN\",\"Ellis Batifol\",\"marche athl\u00e9tique\"],\"articleSection\":[\"Athl\u00e9 | Course pied | Marche\",\"Lyon\",\"R\u00e9cits de course \/ Portraits \/ Interviews\",\"Sports\",\"Villeurbanne\"],\"inLanguage\":\"fr-FR\",\"potentialAction\":[{\"@type\":\"CommentAction\",\"name\":\"Comment\",\"target\":[\"https:\/\/newsestlyonnais.fr\/site\/2022\/02\/08\/ellis-batifol-il-en-resulte-une-stagnation-par-rapport-a-2020-jespere-donc-reprendre-une-bonne-progression\/#respond\"]}]},{\"@type\":\"WebPage\",\"@id\":\"https:\/\/newsestlyonnais.fr\/site\/2022\/02\/08\/ellis-batifol-il-en-resulte-une-stagnation-par-rapport-a-2020-jespere-donc-reprendre-une-bonne-progression\/\",\"url\":\"https:\/\/newsestlyonnais.fr\/site\/2022\/02\/08\/ellis-batifol-il-en-resulte-une-stagnation-par-rapport-a-2020-jespere-donc-reprendre-une-bonne-progression\/\",\"name\":\"Ellis Batifol \\\"il en r\u00e9sulte une stagnation par rapport \u00e0 2020, j\u2019esp\u00e8re donc reprendre une bonne progression \\\" - News Est Lyonnais\",\"isPartOf\":{\"@id\":\"https:\/\/newsestlyonnais.fr\/site\/#website\"},\"primaryImageOfPage\":{\"@id\":\"https:\/\/newsestlyonnais.fr\/site\/2022\/02\/08\/ellis-batifol-il-en-resulte-une-stagnation-par-rapport-a-2020-jespere-donc-reprendre-une-bonne-progression\/#primaryimage\"},\"image\":{\"@id\":\"https:\/\/newsestlyonnais.fr\/site\/2022\/02\/08\/ellis-batifol-il-en-resulte-une-stagnation-par-rapport-a-2020-jespere-donc-reprendre-une-bonne-progression\/#primaryimage\"},\"thumbnailUrl\":\"https:\/\/newsestlyonnais.fr\/site\/wp-content\/uploads\/2022\/02\/Screenshot_20220207-100638_Drive.jpg\",\"datePublished\":\"2022-02-08T10:10:59+00:00\",\"dateModified\":\"2022-02-09T10:46:40+00:00\",\"description\":\"Ellis Batifol \\\"il en r\u00e9sulte une stagnation par rapport \u00e0 2020, j\u2019esp\u00e8re donc reprendre une bonne progression \\\"\",\"breadcrumb\":{\"@id\":\"https:\/\/newsestlyonnais.fr\/site\/2022\/02\/08\/ellis-batifol-il-en-resulte-une-stagnation-par-rapport-a-2020-jespere-donc-reprendre-une-bonne-progression\/#breadcrumb\"},\"inLanguage\":\"fr-FR\",\"potentialAction\":[{\"@type\":\"ReadAction\",\"target\":[\"https:\/\/newsestlyonnais.fr\/site\/2022\/02\/08\/ellis-batifol-il-en-resulte-une-stagnation-par-rapport-a-2020-jespere-donc-reprendre-une-bonne-progression\/\"]}]},{\"@type\":\"ImageObject\",\"inLanguage\":\"fr-FR\",\"@id\":\"https:\/\/newsestlyonnais.fr\/site\/2022\/02\/08\/ellis-batifol-il-en-resulte-une-stagnation-par-rapport-a-2020-jespere-donc-reprendre-une-bonne-progression\/#primaryimage\",\"url\":\"https:\/\/newsestlyonnais.fr\/site\/wp-content\/uploads\/2022\/02\/Screenshot_20220207-100638_Drive.jpg\",\"contentUrl\":\"https:\/\/newsestlyonnais.fr\/site\/wp-content\/uploads\/2022\/02\/Screenshot_20220207-100638_Drive.jpg\",\"width\":640,\"height\":304},{\"@type\":\"BreadcrumbList\",\"@id\":\"https:\/\/newsestlyonnais.fr\/site\/2022\/02\/08\/ellis-batifol-il-en-resulte-une-stagnation-par-rapport-a-2020-jespere-donc-reprendre-une-bonne-progression\/#breadcrumb\",\"itemListElement\":[{\"@type\":\"ListItem\",\"position\":1,\"name\":\"Accueil\",\"item\":\"https:\/\/newsestlyonnais.fr\/site\/\"},{\"@type\":\"ListItem\",\"position\":2,\"name\":\"Ellis Batifol \u00ab\u00a0il en r\u00e9sulte une stagnation par rapport \u00e0 2020, j\u2019esp\u00e8re donc reprendre une bonne progression \u00ab\u00a0\"}]},{\"@type\":\"WebSite\",\"@id\":\"https:\/\/newsestlyonnais.fr\/site\/#website\",\"url\":\"https:\/\/newsestlyonnais.fr\/site\/\",\"name\":\"News Est Lyonnais\",\"description\":\"L&#039;actualit\u00e9 au plus pr\u00e8s\",\"publisher\":{\"@id\":\"https:\/\/newsestlyonnais.fr\/site\/#organization\"},\"potentialAction\":[{\"@type\":\"SearchAction\",\"target\":{\"@type\":\"EntryPoint\",\"urlTemplate\":\"https:\/\/newsestlyonnais.fr\/site\/?s={search_term_string}\"},\"query-input\":{\"@type\":\"PropertyValueSpecification\",\"valueRequired\":true,\"valueName\":\"search_term_string\"}}],\"inLanguage\":\"fr-FR\"},{\"@type\":\"Organization\",\"@id\":\"https:\/\/newsestlyonnais.fr\/site\/#organization\",\"name\":\"News EST LYONNAIS\",\"url\":\"https:\/\/newsestlyonnais.fr\/site\/\",\"logo\":{\"@type\":\"ImageObject\",\"inLanguage\":\"fr-FR\",\"@id\":\"https:\/\/newsestlyonnais.fr\/site\/#\/schema\/logo\/image\/\",\"url\":\"\",\"contentUrl\":\"\",\"caption\":\"News EST LYONNAIS\"},\"image\":{\"@id\":\"https:\/\/newsestlyonnais.fr\/site\/#\/schema\/logo\/image\/\"}},{\"@type\":\"Person\",\"@id\":\"https:\/\/newsestlyonnais.fr\/site\/#\/schema\/person\/3230d5615f390bb808365d673001e887\",\"name\":\"R\u00e9dac. NEWS\",\"sameAs\":[\"http:\/\/www.newsestlyonnais.fr\",\"https:\/\/www.facebook.com\/pascal.oberson.1?fref=ts\",\"https:\/\/fr.linkedin.com\/in\/pascal-oberson-b17045113\"],\"url\":\"https:\/\/newsestlyonnais.fr\/site\/author\/nel\/\"}]}<\/script>\n<!-- \/ Yoast SEO plugin. -->","yoast_head_json":{"title":"Ellis Batifol \"il en r\u00e9sulte une stagnation par rapport \u00e0 2020, j\u2019esp\u00e8re donc reprendre une bonne progression \" - News Est Lyonnais","description":"Ellis Batifol \"il en r\u00e9sulte une stagnation par rapport \u00e0 2020, j\u2019esp\u00e8re donc reprendre une bonne progression \"","robots":{"index":"index","follow":"follow","max-snippet":"max-snippet:-1","max-image-preview":"max-image-preview:large","max-video-preview":"max-video-preview:-1"},"canonical":"https:\/\/newsestlyonnais.fr\/site\/2022\/02\/08\/ellis-batifol-il-en-resulte-une-stagnation-par-rapport-a-2020-jespere-donc-reprendre-une-bonne-progression\/","og_locale":"fr_FR","og_type":"article","og_title":"Ellis Batifol \"il en r\u00e9sulte une stagnation par rapport \u00e0 2020, j\u2019esp\u00e8re donc reprendre une bonne progression \" - News Est Lyonnais","og_description":"Ellis Batifol \"il en r\u00e9sulte une stagnation par rapport \u00e0 2020, j\u2019esp\u00e8re donc reprendre une bonne progression \"","og_url":"https:\/\/newsestlyonnais.fr\/site\/2022\/02\/08\/ellis-batifol-il-en-resulte-une-stagnation-par-rapport-a-2020-jespere-donc-reprendre-une-bonne-progression\/","og_site_name":"News Est Lyonnais","article_author":"https:\/\/www.facebook.com\/pascal.oberson.1?fref=ts","article_published_time":"2022-02-08T10:10:59+00:00","article_modified_time":"2022-02-09T10:46:40+00:00","og_image":[{"width":640,"height":304,"url":"https:\/\/newsestlyonnais.fr\/site\/wp-content\/uploads\/2022\/02\/Screenshot_20220207-100638_Drive.jpg","type":"image\/jpeg"}],"author":"R\u00e9dac. NEWS","twitter_card":"summary_large_image","twitter_misc":{"\u00c9crit par":"R\u00e9dac. NEWS","Dur\u00e9e de lecture estim\u00e9e":"4 minutes"},"schema":{"@context":"https:\/\/schema.org","@graph":[{"@type":"Article","@id":"https:\/\/newsestlyonnais.fr\/site\/2022\/02\/08\/ellis-batifol-il-en-resulte-une-stagnation-par-rapport-a-2020-jespere-donc-reprendre-une-bonne-progression\/#article","isPartOf":{"@id":"https:\/\/newsestlyonnais.fr\/site\/2022\/02\/08\/ellis-batifol-il-en-resulte-une-stagnation-par-rapport-a-2020-jespere-donc-reprendre-une-bonne-progression\/"},"author":{"name":"R\u00e9dac. NEWS","@id":"https:\/\/newsestlyonnais.fr\/site\/#\/schema\/person\/3230d5615f390bb808365d673001e887"},"headline":"Ellis Batifol \u00ab\u00a0il en r\u00e9sulte une stagnation par rapport \u00e0 2020, j\u2019esp\u00e8re donc reprendre une bonne progression \u00ab\u00a0","datePublished":"2022-02-08T10:10:59+00:00","dateModified":"2022-02-09T10:46:40+00:00","mainEntityOfPage":{"@id":"https:\/\/newsestlyonnais.fr\/site\/2022\/02\/08\/ellis-batifol-il-en-resulte-une-stagnation-par-rapport-a-2020-jespere-donc-reprendre-une-bonne-progression\/"},"wordCount":783,"commentCount":0,"publisher":{"@id":"https:\/\/newsestlyonnais.fr\/site\/#organization"},"image":{"@id":"https:\/\/newsestlyonnais.fr\/site\/2022\/02\/08\/ellis-batifol-il-en-resulte-une-stagnation-par-rapport-a-2020-jespere-donc-reprendre-une-bonne-progression\/#primaryimage"},"thumbnailUrl":"https:\/\/newsestlyonnais.fr\/site\/wp-content\/uploads\/2022\/02\/Screenshot_20220207-100638_Drive.jpg","keywords":["ASVEL ATHLE","BILAN","Ellis Batifol","marche athl\u00e9tique"],"articleSection":["Athl\u00e9 | Course pied | Marche","Lyon","R\u00e9cits de course \/ Portraits \/ Interviews","Sports","Villeurbanne"],"inLanguage":"fr-FR","potentialAction":[{"@type":"CommentAction","name":"Comment","target":["https:\/\/newsestlyonnais.fr\/site\/2022\/02\/08\/ellis-batifol-il-en-resulte-une-stagnation-par-rapport-a-2020-jespere-donc-reprendre-une-bonne-progression\/#respond"]}]},{"@type":"WebPage","@id":"https:\/\/newsestlyonnais.fr\/site\/2022\/02\/08\/ellis-batifol-il-en-resulte-une-stagnation-par-rapport-a-2020-jespere-donc-reprendre-une-bonne-progression\/","url":"https:\/\/newsestlyonnais.fr\/site\/2022\/02\/08\/ellis-batifol-il-en-resulte-une-stagnation-par-rapport-a-2020-jespere-donc-reprendre-une-bonne-progression\/","name":"Ellis Batifol \"il en r\u00e9sulte une stagnation par rapport \u00e0 2020, j\u2019esp\u00e8re donc reprendre une bonne progression \" - News Est Lyonnais","isPartOf":{"@id":"https:\/\/newsestlyonnais.fr\/site\/#website"},"primaryImageOfPage":{"@id":"https:\/\/newsestlyonnais.fr\/site\/2022\/02\/08\/ellis-batifol-il-en-resulte-une-stagnation-par-rapport-a-2020-jespere-donc-reprendre-une-bonne-progression\/#primaryimage"},"image":{"@id":"https:\/\/newsestlyonnais.fr\/site\/2022\/02\/08\/ellis-batifol-il-en-resulte-une-stagnation-par-rapport-a-2020-jespere-donc-reprendre-une-bonne-progression\/#primaryimage"},"thumbnailUrl":"https:\/\/newsestlyonnais.fr\/site\/wp-content\/uploads\/2022\/02\/Screenshot_20220207-100638_Drive.jpg","datePublished":"2022-02-08T10:10:59+00:00","dateModified":"2022-02-09T10:46:40+00:00","description":"Ellis Batifol \"il en r\u00e9sulte une stagnation par rapport \u00e0 2020, j\u2019esp\u00e8re donc reprendre une bonne progression \"","breadcrumb":{"@id":"https:\/\/newsestlyonnais.fr\/site\/2022\/02\/08\/ellis-batifol-il-en-resulte-une-stagnation-par-rapport-a-2020-jespere-donc-reprendre-une-bonne-progression\/#breadcrumb"},"inLanguage":"fr-FR","potentialAction":[{"@type":"ReadAction","target":["https:\/\/newsestlyonnais.fr\/site\/2022\/02\/08\/ellis-batifol-il-en-resulte-une-stagnation-par-rapport-a-2020-jespere-donc-reprendre-une-bonne-progression\/"]}]},{"@type":"ImageObject","inLanguage":"fr-FR","@id":"https:\/\/newsestlyonnais.fr\/site\/2022\/02\/08\/ellis-batifol-il-en-resulte-une-stagnation-par-rapport-a-2020-jespere-donc-reprendre-une-bonne-progression\/#primaryimage","url":"https:\/\/newsestlyonnais.fr\/site\/wp-content\/uploads\/2022\/02\/Screenshot_20220207-100638_Drive.jpg","contentUrl":"https:\/\/newsestlyonnais.fr\/site\/wp-content\/uploads\/2022\/02\/Screenshot_20220207-100638_Drive.jpg","width":640,"height":304},{"@type":"BreadcrumbList","@id":"https:\/\/newsestlyonnais.fr\/site\/2022\/02\/08\/ellis-batifol-il-en-resulte-une-stagnation-par-rapport-a-2020-jespere-donc-reprendre-une-bonne-progression\/#breadcrumb","itemListElement":[{"@type":"ListItem","position":1,"name":"Accueil","item":"https:\/\/newsestlyonnais.fr\/site\/"},{"@type":"ListItem","position":2,"name":"Ellis Batifol \u00ab\u00a0il en r\u00e9sulte une stagnation par rapport \u00e0 2020, j\u2019esp\u00e8re donc reprendre une bonne progression \u00ab\u00a0"}]},{"@type":"WebSite","@id":"https:\/\/newsestlyonnais.fr\/site\/#website","url":"https:\/\/newsestlyonnais.fr\/site\/","name":"News Est Lyonnais","description":"L&#039;actualit\u00e9 au plus pr\u00e8s","publisher":{"@id":"https:\/\/newsestlyonnais.fr\/site\/#organization"},"potentialAction":[{"@type":"SearchAction","target":{"@type":"EntryPoint","urlTemplate":"https:\/\/newsestlyonnais.fr\/site\/?s={search_term_string}"},"query-input":{"@type":"PropertyValueSpecification","valueRequired":true,"valueName":"search_term_string"}}],"inLanguage":"fr-FR"},{"@type":"Organization","@id":"https:\/\/newsestlyonnais.fr\/site\/#organization","name":"News EST LYONNAIS","url":"https:\/\/newsestlyonnais.fr\/site\/","logo":{"@type":"ImageObject","inLanguage":"fr-FR","@id":"https:\/\/newsestlyonnais.fr\/site\/#\/schema\/logo\/image\/","url":"","contentUrl":"","caption":"News EST LYONNAIS"},"image":{"@id":"https:\/\/newsestlyonnais.fr\/site\/#\/schema\/logo\/image\/"}},{"@type":"Person","@id":"https:\/\/newsestlyonnais.fr\/site\/#\/schema\/person\/3230d5615f390bb808365d673001e887","name":"R\u00e9dac. NEWS","sameAs":["http:\/\/www.newsestlyonnais.fr","https:\/\/www.facebook.com\/pascal.oberson.1?fref=ts","https:\/\/fr.linkedin.com\/in\/pascal-oberson-b17045113"],"url":"https:\/\/newsestlyonnais.fr\/site\/author\/nel\/"}]}},"_links":{"self":[{"href":"https:\/\/newsestlyonnais.fr\/site\/wp-json\/wp\/v2\/posts\/148888","targetHints":{"allow":["GET"]}}],"collection":[{"href":"https:\/\/newsestlyonnais.fr\/site\/wp-json\/wp\/v2\/posts"}],"about":[{"href":"https:\/\/newsestlyonnais.fr\/site\/wp-json\/wp\/v2\/types\/post"}],"author":[{"embeddable":true,"href":"https:\/\/newsestlyonnais.fr\/site\/wp-json\/wp\/v2\/users\/4"}],"replies":[{"embeddable":true,"href":"https:\/\/newsestlyonnais.fr\/site\/wp-json\/wp\/v2\/comments?post=148888"}],"version-history":[{"count":0,"href":"https:\/\/newsestlyonnais.fr\/site\/wp-json\/wp\/v2\/posts\/148888\/revisions"}],"wp:featuredmedia":[{"embeddable":true,"href":"https:\/\/newsestlyonnais.fr\/site\/wp-json\/wp\/v2\/media\/148891"}],"wp:attachment":[{"href":"https:\/\/newsestlyonnais.fr\/site\/wp-json\/wp\/v2\/media?parent=148888"}],"wp:term":[{"taxonomy":"category","embeddable":true,"href":"https:\/\/newsestlyonnais.fr\/site\/wp-json\/wp\/v2\/categories?post=148888"},{"taxonomy":"post_tag","embeddable":true,"href":"https:\/\/newsestlyonnais.fr\/site\/wp-json\/wp\/v2\/tags?post=148888"}],"curies":[{"name":"wp","href":"https:\/\/api.w.org\/{rel}","templated":true}]}}