{"id":148950,"date":"2022-02-08T15:39:06","date_gmt":"2022-02-08T14:39:06","guid":{"rendered":"https:\/\/newsestlyonnais.fr\/site\/?p=148950"},"modified":"2023-12-10T14:55:29","modified_gmt":"2023-12-10T13:55:29","slug":"retour-sur-les-50-bilans-et-projets-sportifs-publies-2021","status":"publish","type":"post","link":"https:\/\/newsestlyonnais.fr\/site\/2022\/02\/08\/retour-sur-les-50-bilans-et-projets-sportifs-publies-2021\/","title":{"rendered":"Retour sur les 50 bilans 2021 et projets sportifs publi\u00e9s"},"content":{"rendered":"<p>Merci \u00e0 elles et \u00e0 eux, mais aussi \u00e0 leurs clubs respectifs, d&rsquo;avoir bien voulu jou\u00e9 le jeu de l&rsquo;interview \u00e0 distance et petit clin d&rsquo;oeil \u00e0 ceux qui se sont finalement d\u00e9sist\u00e9s apr\u00e8s r\u00e9ception du questionnaire !<\/p>\n<p><span style=\"font-size: 14pt; background-color: #000000; color: #ffffff;\"><strong>D\u00e9couvrez ou retrouvez les 45 bilans mis en ligne, par ordre d&rsquo;apparition :<\/strong><\/span><\/p>\n<ol>\n<li class=\"entry-title post-title\"><span style=\"font-size: 12pt;\"><a href=\"https:\/\/newsestlyonnais.fr\/site\/2021\/12\/16\/florian-duchez-je-planifie-moins-les-choses-et-pars-courir-davantage-pour-le-plaisir\/\"><strong><span style=\"color: #0000ff;\">Florian Duchez<\/span><\/strong><\/a> \u00a0<span style=\"font-size: 10pt;\">\u00bb je planifie moins les choses et pars courir davantage pour le plaisir \u00ab<\/span><\/span><\/li>\n<li><span style=\"font-size: 12pt;\"><strong><a href=\"https:\/\/newsestlyonnais.fr\/site\/2021\/12\/20\/max-laurent-mes-courses-fetiches-sont-celles-en-relais-car-partage-et-adrenaline-y-sont-au-maximum\/\"><span style=\"color: #0000ff;\">Max Laurent<\/span><\/a><\/strong> \u00a0<span style=\"font-size: 10pt;\">\u00bb mes courses f\u00e9tiches sont celles en relais car partage et adr\u00e9naline y sont au maximum \u00ab\u00a0<\/span><\/span><\/li>\n<li><span style=\"color: #3366ff;\"><a style=\"color: #3366ff;\" href=\"https:\/\/newsestlyonnais.fr\/site\/2021\/12\/21\/guillaume-debroucker-jaime-le-cross-country-pour-moi-la-discipline-de-base-et-lecole-de-la-course-a-pied\/\"><strong><span style=\"color: #0000ff;\">Guillaume Debroucker<\/span><\/strong><\/a><\/span> \u00a0<span style=\"font-size: 10pt;\">\u00bb j\u2019aime le cross-country, pour moi la discipline de base et l\u2019\u00e9cole de la course \u00e0 pied\u00a0\u00bb<\/span><\/li>\n<li><a href=\"https:\/\/newsestlyonnais.fr\/site\/2021\/12\/22\/anthony-gomes-je-ne-me-mets-jamais-de-pression-ce-qui-me-permet-de-toujours-courir-lesprit-libre\/\"><strong><span style=\"color: #0000ff;\">Anthony Gomes<\/span> <\/strong><\/a>\u00a0<span style=\"font-size: 10pt;\">\u00bb je ne me mets jamais de pression, ce qui me permet de toujours courir l\u2019esprit libre \u00ab\u00a0<\/span><\/li>\n<li><a href=\"https:\/\/newsestlyonnais.fr\/site\/2021\/12\/23\/solene-flurian-javais-pour-objectif-de-continuer-de-prendre-du-plaisir-en-participant-a-des-competitions\/\"><span style=\"color: #0000ff;\"><strong>Sol\u00e8ne Flurian<\/strong> <\/span><\/a>\u00a0<span style=\"font-size: 10pt;\">\u00bb J\u2019avais pour objectif de continuer de prendre du plaisir en participant \u00e0 des comp\u00e9titions \u00ab\u00a0<\/span><\/li>\n<li><a href=\"https:\/\/newsestlyonnais.fr\/site\/2021\/12\/24\/jerome-finot-jaime-varier-distances-et-terrains-afin-de-me-challenger\/\"><span style=\"color: #0000ff;\"><strong>J\u00e9r\u00f4me Finot<\/strong><\/span><\/a> <span style=\"font-size: 10pt;\">\u00ab J\u2019aime varier distances et terrains afin de me challenger \u00bb<\/span><\/li>\n<li><a href=\"https:\/\/newsestlyonnais.fr\/site\/2021\/12\/26\/alexandre-lloveras-etre-champion-paralympique-cest-lobjectif-dune-carriere\/\"><strong><span style=\"color: #0000ff;\">Alexandre Lloveras<\/span><\/strong><\/a> <span style=\"font-size: 10pt;\">\u00ab \u00eatre champion paralympique, c\u2019est l\u2019objectif d\u2019une carri\u00e8re ! \u00ab<\/span><\/li>\n<li><a href=\"https:\/\/newsestlyonnais.fr\/site\/2021\/12\/27\/sebastien-cimino-privilegie-la-qualite-a-la-quantite\/\"><span style=\"color: #0000ff;\"><strong>S\u00e9bastien Cimino<\/strong><\/span><\/a> <span style=\"font-size: 10pt;\">\u00ab privil\u00e9gie la qualit\u00e9 \u00e0 la quantit\u00e9 \u00bb<\/span><\/li>\n<li><a href=\"https:\/\/newsestlyonnais.fr\/site\/2021\/12\/28\/eva-guillot-2021-pour-moi-une-annee-de-transition\/\"><strong><span style=\"color: #0000ff;\">Eva Guillot<\/span><\/strong><\/a> <span style=\"font-size: 10pt;\">\u00ab 2021, pour moi une ann\u00e9e de transition \u00bb<\/span><\/li>\n<li><a href=\"https:\/\/newsestlyonnais.fr\/site\/2021\/12\/31\/patrice-egraz-une-annee-qui-a-permis-finalement-une-vraie-coupure-competitive\/\"><span style=\"color: #0000ff;\"><strong>Patrice Egraz<\/strong><\/span><\/a> <span style=\"font-size: 10pt;\">\u00ab une ann\u00e9e qui a permis finalement une vraie coupure comp\u00e9titive \u00bb<\/span><\/li>\n<li><a href=\"https:\/\/newsestlyonnais.fr\/site\/2022\/01\/02\/cecile-grea-objectifs-tombes-a-leau-difficile-dans-ma-tete-de-gerer-la-frustration\/\"><strong><span style=\"color: #0000ff;\">C\u00e9cile Gr\u00e9a<\/span><\/strong><\/a> <span style=\"font-size: 10pt;\">\u00bb objectifs tomb\u00e9s \u00e0 l\u2019eau, difficile dans ma t\u00eate de g\u00e9rer la frustration \u00ab<\/span><\/li>\n<li><a href=\"https:\/\/newsestlyonnais.fr\/site\/2022\/01\/03\/lea-jacquin-lannee-2021-a-ete-riche-sportivement-et-en-moments-forts\/\"><span style=\"color: #0000ff;\"><strong>L\u00e9a Jacquin<\/strong><\/span><\/a> <span style=\"font-size: 10pt;\">\u00ab l\u2019ann\u00e9e 2021 a \u00e9t\u00e9 riche sportivement et en moments forts \u00bb<\/span><\/li>\n<li><a href=\"https:\/\/newsestlyonnais.fr\/site\/2022\/01\/04\/alisee-casanova-jai-une-nette-preference-pour-les-distances-longues\/\"><strong><span style=\"color: #0000ff;\">Alis\u00e9e Casanova<\/span><\/strong><\/a> <span style=\"font-size: 10pt;\">\u00bb j\u2019ai une nette pr\u00e9f\u00e9rence pour les distances longues \u00ab\u00a0<\/span><\/li>\n<li><a href=\"https:\/\/newsestlyonnais.fr\/site\/2022\/01\/05\/amel-melih-notre-duo-avec-selim-mon-coach-qui-est-aussi-mon-grand-frere-est-une-vraie-force\/\"><strong><span style=\"color: #0000ff;\">Amel Melih<\/span><\/strong><\/a> <span style=\"font-size: 10pt;\">\u00ab\u00a0notre duo avec S\u00e9lim, mon coach qui est aussi mon grand fr\u00e8re, est une vraie force\u00a0\u00bb<\/span><\/li>\n<li><a href=\"https:\/\/newsestlyonnais.fr\/site\/2022\/01\/06\/teddy-coutant-jai-trop-envie-de-me-lancer-dans-des-defis-comme-la-diagonale-des-fous\/\"><strong><span style=\"color: #0000ff;\">Teddy Coutant<\/span><\/strong><\/a> <span style=\"font-size: 10pt;\">\u00ab j\u2019ai trop envie de me lancer dans des d\u00e9fis comme la Diagonale des Fous \u00bb<\/span><\/li>\n<li><a href=\"https:\/\/newsestlyonnais.fr\/site\/2022\/01\/07\/francois-hainaut-je-pratique-le-triathlon-car-jaime-decouvrir-de-nouveaux-chemins-inventer-des-parcours\/\"><span style=\"color: #0000ff;\"><strong>Fran\u00e7ois Hainaut<\/strong><\/span><\/a> <span style=\"font-size: 10pt;\">\u00ab Je pratique le triathlon car j\u2019aime d\u00e9couvrir de nouveaux chemins, inventer des parcours \u00bb<\/span><\/li>\n<li><a href=\"https:\/\/newsestlyonnais.fr\/site\/2022\/01\/08\/loic-geraud-jai-decouvert-deux-nouveaux-types-de-competitions\/\"><span style=\"color: #0000ff;\"><strong>Lo\u00efc G\u00e9raud<\/strong><\/span><\/a> <span style=\"font-size: 10pt;\">\u00ab\u00a0j\u2019ai d\u00e9couvert deux nouveaux types de comp\u00e9titions\u00a0\u00bb<\/span><\/li>\n<li><a href=\"https:\/\/newsestlyonnais.fr\/site\/2022\/01\/09\/boucif-frittis-lambiance-des-courses-nest-plus-la-meme\"><strong><span style=\"color: #0000ff;\">Boucif Frittis<\/span><\/strong><\/a> <span style=\"font-size: 10pt;\">\u00ab\u00a0l\u2019ambiance des courses n\u2019est plus la m\u00eame\u00a0\u00bb<\/span><\/li>\n<li><a href=\"https:\/\/newsestlyonnais.fr\/site\/2022\/01\/10\/julien-masciotra-2021-ma-fait-prendre-conscience-que-le-plaisir-est-essentiel-a-ma-pratique-de-la-course\/\"><span style=\"color: #0000ff;\"><strong>Julien Masciotra<\/strong><\/span><\/a> <span style=\"font-size: 10pt;\">\u00ab 2021 m\u2019a fait prendre conscience que le plaisir est essentiel \u00e0 ma pratique de la course \u00bb<\/span><\/li>\n<li><a href=\"https:\/\/newsestlyonnais.fr\/site\/2022\/01\/11\/william-bert-on-est-dans-un-sport-individuel-evoluant-au-sein-dun-groupe-chacun-fait-progresser-lautre\/\"><span style=\"color: #0000ff;\"><strong>William Bert<\/strong><\/span><\/a> <span style=\"font-size: 10pt;\">\u00ab\u00a0on est dans un sport individuel, \u00e9voluant au sein d\u2019un groupe, chacun fait progresser l\u2019autre\u00a0\u00bb<\/span><\/li>\n<li><a href=\"https:\/\/newsestlyonnais.fr\/site\/2022\/01\/12\/florence-reignier-le-moment-fort-fut-la-reprise-des-courses-et-de-remettre-un-dossard\/\"><span style=\"color: #0000ff;\"><strong>Florence Reignier<\/strong><\/span><\/a> <span style=\"font-size: 10pt;\">\u00ab le moment fort fut la reprise des courses et de remettre un dossard \u00bb<\/span><\/li>\n<li><a href=\"https:\/\/newsestlyonnais.fr\/site\/2022\/01\/13\/stephanie-laurent-jai-decouvert-dautres-manieres-de-courir\/\"><span style=\"color: #0000ff;\"><strong>St\u00e9phanie Laurent<\/strong><\/span><\/a> \u00a0<span style=\"font-size: 10pt;\">\u00bb j\u2019ai d\u00e9couvert d\u2019autres mani\u00e8res de courir \u00ab<\/span><\/li>\n<li><a href=\"https:\/\/newsestlyonnais.fr\/site\/2022\/01\/14\/delya-boulaghlem-la-motivation-du-depassement-de-soi-a-vite-pris-le-dessus-et-manime-toujours\/\"><span style=\"color: #0000ff;\"><strong>Delya Boulaghlem<\/strong><\/span><\/a> <span style=\"font-size: 10pt;\">\u00ab\u00a0la motivation du d\u00e9passement de soi a vite pris le dessus et m\u2019anime toujours\u00a0\u00bb<\/span><\/li>\n<li><a href=\"https:\/\/newsestlyonnais.fr\/site\/2022\/01\/15\/olivier-gaillard-je-partage-ma-passion-entre-ma-pratique-perso-et-celle-des-athletes-que-jentraine\/\"><span style=\"color: #0000ff;\"><strong>Olivier Gaillard<\/strong><\/span><\/a> <span style=\"font-size: 10pt;\">\u00ab\u00a0je partage ma passion entre ma pratique perso et celle des athl\u00e8tes que j\u2019entra\u00eene\u00a0\u00bb<\/span><\/li>\n<li><a href=\"https:\/\/newsestlyonnais.fr\/site\/2022\/01\/17\/martin-boukaka-mure-jaime-le-fait-de-ne-compter-que-sur-soi-meme\/\"><strong><span style=\"color: #0000ff;\">Martin Boukaka Mure<\/span><\/strong><\/a> <span style=\"font-size: 10pt;\">\u00ab\u00a0j\u2019aime le fait de ne compter que sur soi-m\u00eame\u00a0\u00bb<\/span><\/li>\n<li><a href=\"https:\/\/newsestlyonnais.fr\/site\/2022\/01\/18\/fabien-antolinos-2021-a-vraiment-ete-une-annee-de-poisse-pour-moi\/\"><strong><span style=\"color: #0000ff;\">Fabien Antolinos<\/span><\/strong><\/a> <span style=\"font-size: 10pt;\">\u00bb 2021 a vraiment \u00e9t\u00e9 une ann\u00e9e de poisse pour moi \u00ab<\/span><\/li>\n<li><a href=\"https:\/\/newsestlyonnais.fr\/site\/2022\/01\/19\/suzanne-cariant-lannee-2021-reste-a-ce-jour-ma-plus-belle-annee-sportive\/\"><span style=\"color: #0000ff;\"><strong>Suzanne Cariant<\/strong><\/span><\/a> <span style=\"font-size: 10pt;\">\u00ab\u00a0l\u2019ann\u00e9e 2021 reste \u00e0 ce jour ma plus belle ann\u00e9e sportive\u00a0\u00bb<\/span><\/li>\n<li><a href=\"https:\/\/newsestlyonnais.fr\/site\/2022\/01\/20\/les-lions-du-8eme-annee-tres-compliquee-au-niveau-de-la-pratique-du-tir-a-larc\/\"><span style=\"color: #0000ff;\"><strong>Les Lions du 8\u00e8me<\/strong><\/span><\/a> <span style=\"font-size: 10pt;\">\u00ab\u00a0ann\u00e9e tr\u00e8s compliqu\u00e9e au niveau de la pratique du tir \u00e0 l\u2019arc\u00a0\u00bb<\/span><\/li>\n<li><a href=\"https:\/\/newsestlyonnais.fr\/site\/2022\/01\/22\/inatea-loubeyre-jai-atteint-tous-mes-objectifs-et-realise-une-de-mes-meilleures-annees-de-tir\/\"><strong><span style=\"color: #0000ff;\">Inatea Loubeyre<\/span><\/strong><\/a> <span style=\"font-size: 10pt;\">\u00ab\u00a0j\u2019ai atteint tous mes objectifs et r\u00e9alis\u00e9 une de mes meilleures ann\u00e9es de tir \u00ab<\/span><\/li>\n<li><a href=\"https:\/\/newsestlyonnais.fr\/site\/2022\/01\/23\/ludovic-scellier-jaime-le-triathlon-sous-toutes-ses-formes\/\"><span style=\"color: #0000ff;\"><strong>Ludovic Scellier<\/strong><\/span><\/a> \u00a0<span style=\"font-size: 10pt;\">\u00bb j\u2019aime le triathlon sous toutes ses formes \u00ab<\/span><\/li>\n<li><a href=\"https:\/\/newsestlyonnais.fr\/site\/2022\/01\/24\/julien-gadoud-un-double-investissement-en-medecine-et-en-aviron-qui-nest-que-du-plaisir\/\"><span style=\"color: #0000ff;\"><strong>Julien Gadoud<\/strong><\/span><\/a> <span style=\"font-size: 10pt;\">\u00bb un double investissement en m\u00e9decine et en aviron, qui n\u2019est que du plaisir \u00ab\u00a0<\/span><\/li>\n<li><a href=\"https:\/\/newsestlyonnais.fr\/site\/2022\/01\/25\/annouck-curzillat-une-annee-2021-qui-a-ete-jalonnee-de-montagnes-russes\/\"><span style=\"color: #0000ff;\"><strong>Annouck Curzillat<\/strong><\/span><\/a> <span style=\"font-size: 10pt;\">\u00bb une ann\u00e9e 2021 qui a \u00e9t\u00e9 jalonn\u00e9e de montagnes russes \u00ab<\/span><\/li>\n<li><a href=\"https:\/\/newsestlyonnais.fr\/site\/2022\/01\/26\/denis-corneloup-toujours-franchi-la-ligne-darrivee-de-toutes-les-epreuves-auxquelles-jai-participe\/\"><span style=\"color: #0000ff;\"><strong>Denis Corneloup<\/strong><\/span><\/a> <span style=\"font-size: 10pt;\">\u00bb toujours franchi la ligne d\u2019arriv\u00e9e de toutes les \u00e9preuves auxquelles j\u2019ai particip\u00e9 \u00ab<\/span><\/li>\n<li><a href=\"https:\/\/newsestlyonnais.fr\/site\/2022\/01\/27\/nicolas-evrard-le-triathlon-est-plus-quun-sport-pour-moi-cest-un-mode-de-vie\/\"><span style=\"color: #0000ff;\"><strong>Nicolas Evrard<\/strong><\/span><\/a> <span style=\"font-size: 10pt;\">\u00bb le triathlon est plus qu\u2019un sport pour moi, c\u2019est un mode de vie \u00ab<\/span><\/li>\n<li><a href=\"https:\/\/newsestlyonnais.fr\/site\/2022\/01\/28\/hugo-altmeyer-je-considere-certains-entrainements-comme-faire-du-sport-pour-se-bouger\/\"><span style=\"color: #0000ff;\"><strong>Hugo Altmeyer<\/strong><\/span><\/a> <span style=\"font-size: 10pt;\">\u00bb je consid\u00e8re certains entrainements comme \u00ab faire du sport, pour se bouger \u00bb \u00ab<\/span><\/li>\n<li><a href=\"https:\/\/newsestlyonnais.fr\/site\/2022\/01\/29\/ella-homawoo-jespere-evoluer-en-athletisme-et-en-faire-mon-metier\/\"><strong><span style=\"color: #0000ff;\">Ella Homawoo<\/span><\/strong><\/a> <span style=\"font-size: 10pt;\">\u00bb j\u2019esp\u00e8re \u00e9voluer en athl\u00e9tisme et en faire mon m\u00e9tier \u00ab<\/span><\/li>\n<li><a href=\"https:\/\/newsestlyonnais.fr\/site\/2022\/01\/30\/margot-sellem-le-triathlon-ma-aide-a-grandir-me-guide-tous-les-jours-et-a-change-ma-vie\/\"><span style=\"color: #0000ff;\"><strong>Margot Sellem<\/strong><\/span><\/a> <span style=\"font-size: 10pt;\">\u00bb le triathlon m\u2019a aid\u00e9 \u00e0 grandir, me guide tous les jours et a chang\u00e9 ma vie \u00ab<\/span><\/li>\n<li><a href=\"https:\/\/newsestlyonnais.fr\/site\/2022\/01\/31\/sebastien-hours-lobjectif-pour-2022-sera-le-meme-se-faire-plaisir-et-donner-du-mieux-possible\/\"><strong><span style=\"color: #0000ff;\">S\u00e9bastien Hours<\/span><\/strong><\/a> <span style=\"font-size: 10pt;\">\u00ab\u00a0L\u2019objectif pour 2022 sera le m\u00eame, se faire plaisir et donner du mieux possible \u00ab<\/span><\/li>\n<li><a href=\"https:\/\/newsestlyonnais.fr\/site\/2022\/02\/01\/bruno-sellier-35-ans-de-triathlon-dans-le-meme-club-de-vaulx-en-velin\/\"><span style=\"color: #0000ff;\"><strong>Bruno Sellier<\/strong> <\/span><\/a><span style=\"font-size: 10pt;\">\u00bb 35 ans de triathlon dans le m\u00eame club de Vaulx-en-Velin \u00ab<\/span><\/li>\n<li><a href=\"https:\/\/newsestlyonnais.fr\/site\/2022\/02\/02\/samir-tatah-prends-du-plaisir-sur-toutes-les-distances-du-1-500-metres-au-semi-marathon\/\"><span style=\"color: #0000ff;\"><strong>Samir Tatah<\/strong><\/span><\/a> <span style=\"font-size: 10pt;\">\u00ab\u00a0prends du plaisir sur toutes les distances du 1.500 m\u00e8tres au semi-marathon \u00ab<\/span><\/li>\n<li><a href=\"https:\/\/newsestlyonnais.fr\/site\/2022\/02\/03\/philippe-bacconnier-je-me-suis-lance-des-defis-inhabituels-pour-cette-premiere-annee-de-masters-5\/\"><span style=\"color: #0000ff;\"><strong>Philippe Bacconnier<\/strong><\/span><\/a> <span style=\"font-size: 10pt;\">\u00ab\u00a0Je me suis lanc\u00e9 des d\u00e9fis inhabituels pour cette premi\u00e8re ann\u00e9e de masters 5\u00a0\u00bb<\/span><\/li>\n<li><a href=\"https:\/\/newsestlyonnais.fr\/site\/2022\/02\/04\/victoria-mabiza-lannee-2021-a-ete-tres-dure-pour-moi-autant-mentalement-que-physiquement\/\"><span style=\"color: #0000ff;\"><strong>Victoria Mabiza<\/strong><\/span><\/a> <span style=\"font-size: 10pt;\">\u00bb l\u2019ann\u00e9e 2021 a \u00e9t\u00e9 tr\u00e8s dure pour moi autant mentalement que physiquement \u00ab<\/span><\/li>\n<li><a href=\"https:\/\/newsestlyonnais.fr\/site\/2022\/02\/05\/farah-clerc-jai-commence-les-haies-pour-depanner-lors-des-interclubs\/\"><span style=\"color: #0000ff;\"><strong>Farah Clerc<\/strong><\/span><\/a> <span style=\"font-size: 10pt;\">\u00bb j\u2019ai commenc\u00e9 les haies pour d\u00e9panner lors des interclubs \u00ab<\/span><\/li>\n<li><a href=\"https:\/\/newsestlyonnais.fr\/site\/2022\/02\/07\/juliette-cinato-objectifs-atteints-tant-du-point-de-vue-de-la-performance-que-de-levolution-de-notre-trio\/\"><span style=\"color: #0000ff;\"><strong>Juliette Cinato<\/strong><\/span><\/a> <span style=\"font-size: 10pt;\">\u00bb objectifs atteints tant du point de vue de la performance que de l\u2019\u00e9volution de notre trio \u00ab<\/span><\/li>\n<li><a href=\"https:\/\/newsestlyonnais.fr\/site\/2022\/02\/08\/ellis-batifol-il-en-resulte-une-stagnation-par-rapport-a-2020-jespere-donc-reprendre-une-bonne-progression\/\"><span style=\"color: #0000ff;\"><strong>Ellis Batifol<\/strong><\/span><\/a> <span style=\"font-size: 10pt;\">\u00ab\u00a0il en r\u00e9sulte une stagnation par rapport \u00e0 2020, j\u2019esp\u00e8re donc reprendre une bonne progression \u00ab<\/span><\/li>\n<\/ol>\n<p><span style=\"background-color: #000000; color: #ffffff;\"><strong><em>Sans oublier, ceux pr\u00e9c\u00e9demment \u00e9voqu\u00e9s :<\/em><\/strong><\/span><\/p>\n<ul>\n<li><strong><a href=\"https:\/\/newsestlyonnais.fr\/site\/2021\/12\/04\/decines-meyzieu-athle-valentin-bresc-en-2022-je-vise-un-podium-au-championnat-de-france-cross-court\/\"><span style=\"color: #0000ff;\">Valentin Bresc<\/span><\/a> <\/strong><span style=\"font-size: 10pt;\"><strong>\u00ab<\/strong> En 2022, je vise un podium au championnat de France cross court \u00bb<\/span><\/li>\n<li><a href=\"https:\/\/newsestlyonnais.fr\/site\/2021\/11\/27\/meyzieu-yves-gouriou-tres-content-des-resultats-obtenus-jai-reussi-a-battre-mes-temps-sur-10-et-semi\/\"><span style=\"color: #0000ff;\"><strong><span style=\"font-size: 12pt;\">Yves Gouriou<\/span><\/strong><\/span><\/a> <span style=\"font-size: 10pt;\">\u00ab\u00a0tr\u00e8s content des r\u00e9sultats obtenus, j\u2019ai r\u00e9ussi \u00e0 battre mes temps sur 10 et semi\u00a0\u00bb<\/span><\/li>\n<li><a href=\"https:\/\/newsestlyonnais.fr\/site\/2021\/11\/25\/lyon-gilles-biron-2022-sera-une-annee-bien-remplie-niveau-rendez-vous-international\/\"><strong><span style=\"color: #0000ff;\">Gilles Biron<\/span><\/strong><\/a> <span style=\"font-size: 10pt;\">\u00ab 2022 sera une ann\u00e9e bien remplie, niveau rendez-vous international \u00bb\u00a0<\/span><\/li>\n<li><a href=\"https:\/\/newsestlyonnais.fr\/site\/2021\/11\/13\/lyon-frederic-romera-je-suis-a-la-recherche-de-sponsors-pour-le-marathon-a-la-nage-capri-naples\/\"><strong><span style=\"font-size: 12pt; color: #0000ff;\">Fr\u00e9d\u00e9ric Romera<\/span><\/strong><\/a> <span style=\"font-size: 10pt;\">\u00ab\u00a0je suis \u00e0 la recherche de sponsors pour le marathon \u00e0 la nage \u00ab\u00a0Capri-Naples\u00a0\u00bb<\/span><\/li>\n<li><a href=\"https:\/\/newsestlyonnais.fr\/site\/2021\/10\/26\/est-lyonnais-belle-annee-sportive-de-faustin-garreau\/\"><strong><span style=\"color: #0000ff;\">Faustin Garreau<\/span><\/strong><\/a> <span style=\"font-size: 10pt;\">\u00a0\u00bb belle ann\u00e9e sportive \u00ab\u00a0<\/span><\/li>\n<\/ul>\n<hr \/>\n<p><em><strong><span style=\"font-size: 10pt;\">&gt;&gt; <span style=\"background-color: #000000; font-size: 12pt; color: #ffffff;\">A retrouver dans la rubrique :<\/span><\/span><span style=\"color: #ffcc00; background-color: #000000; font-size: 10pt;\"> <a style=\"color: #ffcc00; background-color: #000000;\" href=\"https:\/\/newsestlyonnais.fr\/site\/recits-de-course-portraits-interviews\/\">https:\/\/newsestlyonnais.fr\/site\/recits-de-course-portraits-interviews<\/a><\/span><\/strong><\/em><\/p>\n<p>&nbsp;<\/p>\n<p>&nbsp;<\/p>\n<p>&nbsp;<\/p>\n","protected":false},"excerpt":{"rendered":"<p>Des athl\u00e8tes de nombreuses disciplines de tous niveaux et de toute la r\u00e9gion sont revenus sans concessions, sur l&rsquo;ann\u00e9e derni\u00e8re, en \u00e9voquant leurs projets pour la suivante. <\/p>\n","protected":false},"author":4,"featured_media":125336,"comment_status":"open","ping_status":"open","sticky":false,"template":"","format":"standard","meta":{"footnotes":""},"categories":[4969,2968,4548,1347,4508,1350,2988,3250,2,3894,2990],"tags":[3469,2082],"class_list":["post-148950","post","type-post","status-publish","format-standard","has-post-thumbnail","hentry","category-archives-sports","category-athle-course-pied-marche","category-autres-departements","category-aviron","category-bilan-sportif","category-natation-plongeon","category-natation-triathlon","category-recits-de-course-portraits-interviews","category-sports","category-tir-a-larc","category-triathlon","tag-bilan","tag-sportifs"],"yoast_head":"<!-- This site is optimized with the Yoast SEO plugin v27.2 - https:\/\/yoast.com\/product\/yoast-seo-wordpress\/ -->\n<title>Retour sur les 50 bilans 2021 et projets sportifs publi\u00e9s - News Est Lyonnais<\/title>\n<meta name=\"description\" content=\"Retour sur les 50 bilans et projets sportifs publi\u00e9s\" \/>\n<meta name=\"robots\" content=\"index, follow, max-snippet:-1, max-image-preview:large, max-video-preview:-1\" \/>\n<link rel=\"canonical\" href=\"https:\/\/newsestlyonnais.fr\/site\/2022\/02\/08\/retour-sur-les-50-bilans-et-projets-sportifs-publies-2021\/\" \/>\n<meta property=\"og:locale\" content=\"fr_FR\" \/>\n<meta property=\"og:type\" content=\"article\" \/>\n<meta property=\"og:title\" content=\"Retour sur les 50 bilans 2021 et projets sportifs publi\u00e9s - News Est Lyonnais\" \/>\n<meta property=\"og:description\" content=\"Retour sur les 50 bilans et projets sportifs publi\u00e9s\" \/>\n<meta property=\"og:url\" content=\"https:\/\/newsestlyonnais.fr\/site\/2022\/02\/08\/retour-sur-les-50-bilans-et-projets-sportifs-publies-2021\/\" \/>\n<meta property=\"og:site_name\" content=\"News Est Lyonnais\" \/>\n<meta property=\"article:author\" content=\"https:\/\/www.facebook.com\/pascal.oberson.1?fref=ts\" \/>\n<meta property=\"article:published_time\" content=\"2022-02-08T14:39:06+00:00\" \/>\n<meta property=\"article:modified_time\" content=\"2023-12-10T13:55:29+00:00\" \/>\n<meta property=\"og:image\" content=\"https:\/\/newsestlyonnais.fr\/site\/wp-content\/uploads\/2021\/02\/istockphoto-949600152-612x612-1.jpg\" \/>\n\t<meta property=\"og:image:width\" content=\"612\" \/>\n\t<meta property=\"og:image:height\" content=\"408\" \/>\n\t<meta property=\"og:image:type\" content=\"image\/jpeg\" \/>\n<meta name=\"author\" content=\"R\u00e9dac. NEWS\" \/>\n<meta name=\"twitter:card\" content=\"summary_large_image\" \/>\n<meta name=\"twitter:label1\" content=\"\u00c9crit par\" \/>\n\t<meta name=\"twitter:data1\" content=\"R\u00e9dac. NEWS\" \/>\n\t<meta name=\"twitter:label2\" content=\"Dur\u00e9e de lecture estim\u00e9e\" \/>\n\t<meta name=\"twitter:data2\" content=\"4 minutes\" \/>\n<script type=\"application\/ld+json\" class=\"yoast-schema-graph\">{\"@context\":\"https:\/\/schema.org\",\"@graph\":[{\"@type\":\"Article\",\"@id\":\"https:\/\/newsestlyonnais.fr\/site\/2022\/02\/08\/retour-sur-les-50-bilans-et-projets-sportifs-publies-2021\/#article\",\"isPartOf\":{\"@id\":\"https:\/\/newsestlyonnais.fr\/site\/2022\/02\/08\/retour-sur-les-50-bilans-et-projets-sportifs-publies-2021\/\"},\"author\":{\"name\":\"R\u00e9dac. NEWS\",\"@id\":\"https:\/\/newsestlyonnais.fr\/site\/#\/schema\/person\/3230d5615f390bb808365d673001e887\"},\"headline\":\"Retour sur les 50 bilans 2021 et projets sportifs publi\u00e9s\",\"datePublished\":\"2022-02-08T14:39:06+00:00\",\"dateModified\":\"2023-12-10T13:55:29+00:00\",\"mainEntityOfPage\":{\"@id\":\"https:\/\/newsestlyonnais.fr\/site\/2022\/02\/08\/retour-sur-les-50-bilans-et-projets-sportifs-publies-2021\/\"},\"wordCount\":854,\"commentCount\":0,\"publisher\":{\"@id\":\"https:\/\/newsestlyonnais.fr\/site\/#organization\"},\"image\":{\"@id\":\"https:\/\/newsestlyonnais.fr\/site\/2022\/02\/08\/retour-sur-les-50-bilans-et-projets-sportifs-publies-2021\/#primaryimage\"},\"thumbnailUrl\":\"https:\/\/newsestlyonnais.fr\/site\/wp-content\/uploads\/2021\/02\/istockphoto-949600152-612x612-1.jpg\",\"keywords\":[\"BILAN\",\"SPORTIFS\"],\"articleSection\":[\"Archives \\\" sports \\\"\",\"Athl\u00e9 | Course pied | Marche\",\"Autres d\u00e9partements\",\"Aviron\",\"Bilan sportif\",\"Natation | Plongeon\",\"Natation | Triathlon\",\"R\u00e9cits de course \/ Portraits \/ Interviews\",\"Sports\",\"Tir \u00e0 l'arc\",\"Triathlon\"],\"inLanguage\":\"fr-FR\",\"potentialAction\":[{\"@type\":\"CommentAction\",\"name\":\"Comment\",\"target\":[\"https:\/\/newsestlyonnais.fr\/site\/2022\/02\/08\/retour-sur-les-50-bilans-et-projets-sportifs-publies-2021\/#respond\"]}]},{\"@type\":\"WebPage\",\"@id\":\"https:\/\/newsestlyonnais.fr\/site\/2022\/02\/08\/retour-sur-les-50-bilans-et-projets-sportifs-publies-2021\/\",\"url\":\"https:\/\/newsestlyonnais.fr\/site\/2022\/02\/08\/retour-sur-les-50-bilans-et-projets-sportifs-publies-2021\/\",\"name\":\"Retour sur les 50 bilans 2021 et projets sportifs publi\u00e9s - News Est Lyonnais\",\"isPartOf\":{\"@id\":\"https:\/\/newsestlyonnais.fr\/site\/#website\"},\"primaryImageOfPage\":{\"@id\":\"https:\/\/newsestlyonnais.fr\/site\/2022\/02\/08\/retour-sur-les-50-bilans-et-projets-sportifs-publies-2021\/#primaryimage\"},\"image\":{\"@id\":\"https:\/\/newsestlyonnais.fr\/site\/2022\/02\/08\/retour-sur-les-50-bilans-et-projets-sportifs-publies-2021\/#primaryimage\"},\"thumbnailUrl\":\"https:\/\/newsestlyonnais.fr\/site\/wp-content\/uploads\/2021\/02\/istockphoto-949600152-612x612-1.jpg\",\"datePublished\":\"2022-02-08T14:39:06+00:00\",\"dateModified\":\"2023-12-10T13:55:29+00:00\",\"description\":\"Retour sur les 50 bilans et projets sportifs publi\u00e9s\",\"breadcrumb\":{\"@id\":\"https:\/\/newsestlyonnais.fr\/site\/2022\/02\/08\/retour-sur-les-50-bilans-et-projets-sportifs-publies-2021\/#breadcrumb\"},\"inLanguage\":\"fr-FR\",\"potentialAction\":[{\"@type\":\"ReadAction\",\"target\":[\"https:\/\/newsestlyonnais.fr\/site\/2022\/02\/08\/retour-sur-les-50-bilans-et-projets-sportifs-publies-2021\/\"]}]},{\"@type\":\"ImageObject\",\"inLanguage\":\"fr-FR\",\"@id\":\"https:\/\/newsestlyonnais.fr\/site\/2022\/02\/08\/retour-sur-les-50-bilans-et-projets-sportifs-publies-2021\/#primaryimage\",\"url\":\"https:\/\/newsestlyonnais.fr\/site\/wp-content\/uploads\/2021\/02\/istockphoto-949600152-612x612-1.jpg\",\"contentUrl\":\"https:\/\/newsestlyonnais.fr\/site\/wp-content\/uploads\/2021\/02\/istockphoto-949600152-612x612-1.jpg\",\"width\":612,\"height\":408,\"caption\":\"Triathlon activity icons - swimming, running, bike. Simple sports pictogram set. Isolated vector illustration.\"},{\"@type\":\"BreadcrumbList\",\"@id\":\"https:\/\/newsestlyonnais.fr\/site\/2022\/02\/08\/retour-sur-les-50-bilans-et-projets-sportifs-publies-2021\/#breadcrumb\",\"itemListElement\":[{\"@type\":\"ListItem\",\"position\":1,\"name\":\"Accueil\",\"item\":\"https:\/\/newsestlyonnais.fr\/site\/\"},{\"@type\":\"ListItem\",\"position\":2,\"name\":\"Retour sur les 50 bilans 2021 et projets sportifs publi\u00e9s\"}]},{\"@type\":\"WebSite\",\"@id\":\"https:\/\/newsestlyonnais.fr\/site\/#website\",\"url\":\"https:\/\/newsestlyonnais.fr\/site\/\",\"name\":\"News Est Lyonnais\",\"description\":\"L&#039;actualit\u00e9 au plus pr\u00e8s\",\"publisher\":{\"@id\":\"https:\/\/newsestlyonnais.fr\/site\/#organization\"},\"potentialAction\":[{\"@type\":\"SearchAction\",\"target\":{\"@type\":\"EntryPoint\",\"urlTemplate\":\"https:\/\/newsestlyonnais.fr\/site\/?s={search_term_string}\"},\"query-input\":{\"@type\":\"PropertyValueSpecification\",\"valueRequired\":true,\"valueName\":\"search_term_string\"}}],\"inLanguage\":\"fr-FR\"},{\"@type\":\"Organization\",\"@id\":\"https:\/\/newsestlyonnais.fr\/site\/#organization\",\"name\":\"News EST LYONNAIS\",\"url\":\"https:\/\/newsestlyonnais.fr\/site\/\",\"logo\":{\"@type\":\"ImageObject\",\"inLanguage\":\"fr-FR\",\"@id\":\"https:\/\/newsestlyonnais.fr\/site\/#\/schema\/logo\/image\/\",\"url\":\"\",\"contentUrl\":\"\",\"caption\":\"News EST LYONNAIS\"},\"image\":{\"@id\":\"https:\/\/newsestlyonnais.fr\/site\/#\/schema\/logo\/image\/\"}},{\"@type\":\"Person\",\"@id\":\"https:\/\/newsestlyonnais.fr\/site\/#\/schema\/person\/3230d5615f390bb808365d673001e887\",\"name\":\"R\u00e9dac. NEWS\",\"sameAs\":[\"http:\/\/www.newsestlyonnais.fr\",\"https:\/\/www.facebook.com\/pascal.oberson.1?fref=ts\",\"https:\/\/fr.linkedin.com\/in\/pascal-oberson-b17045113\"],\"url\":\"https:\/\/newsestlyonnais.fr\/site\/author\/nel\/\"}]}<\/script>\n<!-- \/ Yoast SEO plugin. -->","yoast_head_json":{"title":"Retour sur les 50 bilans 2021 et projets sportifs publi\u00e9s - News Est Lyonnais","description":"Retour sur les 50 bilans et projets sportifs publi\u00e9s","robots":{"index":"index","follow":"follow","max-snippet":"max-snippet:-1","max-image-preview":"max-image-preview:large","max-video-preview":"max-video-preview:-1"},"canonical":"https:\/\/newsestlyonnais.fr\/site\/2022\/02\/08\/retour-sur-les-50-bilans-et-projets-sportifs-publies-2021\/","og_locale":"fr_FR","og_type":"article","og_title":"Retour sur les 50 bilans 2021 et projets sportifs publi\u00e9s - News Est Lyonnais","og_description":"Retour sur les 50 bilans et projets sportifs publi\u00e9s","og_url":"https:\/\/newsestlyonnais.fr\/site\/2022\/02\/08\/retour-sur-les-50-bilans-et-projets-sportifs-publies-2021\/","og_site_name":"News Est Lyonnais","article_author":"https:\/\/www.facebook.com\/pascal.oberson.1?fref=ts","article_published_time":"2022-02-08T14:39:06+00:00","article_modified_time":"2023-12-10T13:55:29+00:00","og_image":[{"width":612,"height":408,"url":"https:\/\/newsestlyonnais.fr\/site\/wp-content\/uploads\/2021\/02\/istockphoto-949600152-612x612-1.jpg","type":"image\/jpeg"}],"author":"R\u00e9dac. NEWS","twitter_card":"summary_large_image","twitter_misc":{"\u00c9crit par":"R\u00e9dac. NEWS","Dur\u00e9e de lecture estim\u00e9e":"4 minutes"},"schema":{"@context":"https:\/\/schema.org","@graph":[{"@type":"Article","@id":"https:\/\/newsestlyonnais.fr\/site\/2022\/02\/08\/retour-sur-les-50-bilans-et-projets-sportifs-publies-2021\/#article","isPartOf":{"@id":"https:\/\/newsestlyonnais.fr\/site\/2022\/02\/08\/retour-sur-les-50-bilans-et-projets-sportifs-publies-2021\/"},"author":{"name":"R\u00e9dac. NEWS","@id":"https:\/\/newsestlyonnais.fr\/site\/#\/schema\/person\/3230d5615f390bb808365d673001e887"},"headline":"Retour sur les 50 bilans 2021 et projets sportifs publi\u00e9s","datePublished":"2022-02-08T14:39:06+00:00","dateModified":"2023-12-10T13:55:29+00:00","mainEntityOfPage":{"@id":"https:\/\/newsestlyonnais.fr\/site\/2022\/02\/08\/retour-sur-les-50-bilans-et-projets-sportifs-publies-2021\/"},"wordCount":854,"commentCount":0,"publisher":{"@id":"https:\/\/newsestlyonnais.fr\/site\/#organization"},"image":{"@id":"https:\/\/newsestlyonnais.fr\/site\/2022\/02\/08\/retour-sur-les-50-bilans-et-projets-sportifs-publies-2021\/#primaryimage"},"thumbnailUrl":"https:\/\/newsestlyonnais.fr\/site\/wp-content\/uploads\/2021\/02\/istockphoto-949600152-612x612-1.jpg","keywords":["BILAN","SPORTIFS"],"articleSection":["Archives \" sports \"","Athl\u00e9 | Course pied | Marche","Autres d\u00e9partements","Aviron","Bilan sportif","Natation | Plongeon","Natation | Triathlon","R\u00e9cits de course \/ Portraits \/ Interviews","Sports","Tir \u00e0 l'arc","Triathlon"],"inLanguage":"fr-FR","potentialAction":[{"@type":"CommentAction","name":"Comment","target":["https:\/\/newsestlyonnais.fr\/site\/2022\/02\/08\/retour-sur-les-50-bilans-et-projets-sportifs-publies-2021\/#respond"]}]},{"@type":"WebPage","@id":"https:\/\/newsestlyonnais.fr\/site\/2022\/02\/08\/retour-sur-les-50-bilans-et-projets-sportifs-publies-2021\/","url":"https:\/\/newsestlyonnais.fr\/site\/2022\/02\/08\/retour-sur-les-50-bilans-et-projets-sportifs-publies-2021\/","name":"Retour sur les 50 bilans 2021 et projets sportifs publi\u00e9s - News Est Lyonnais","isPartOf":{"@id":"https:\/\/newsestlyonnais.fr\/site\/#website"},"primaryImageOfPage":{"@id":"https:\/\/newsestlyonnais.fr\/site\/2022\/02\/08\/retour-sur-les-50-bilans-et-projets-sportifs-publies-2021\/#primaryimage"},"image":{"@id":"https:\/\/newsestlyonnais.fr\/site\/2022\/02\/08\/retour-sur-les-50-bilans-et-projets-sportifs-publies-2021\/#primaryimage"},"thumbnailUrl":"https:\/\/newsestlyonnais.fr\/site\/wp-content\/uploads\/2021\/02\/istockphoto-949600152-612x612-1.jpg","datePublished":"2022-02-08T14:39:06+00:00","dateModified":"2023-12-10T13:55:29+00:00","description":"Retour sur les 50 bilans et projets sportifs publi\u00e9s","breadcrumb":{"@id":"https:\/\/newsestlyonnais.fr\/site\/2022\/02\/08\/retour-sur-les-50-bilans-et-projets-sportifs-publies-2021\/#breadcrumb"},"inLanguage":"fr-FR","potentialAction":[{"@type":"ReadAction","target":["https:\/\/newsestlyonnais.fr\/site\/2022\/02\/08\/retour-sur-les-50-bilans-et-projets-sportifs-publies-2021\/"]}]},{"@type":"ImageObject","inLanguage":"fr-FR","@id":"https:\/\/newsestlyonnais.fr\/site\/2022\/02\/08\/retour-sur-les-50-bilans-et-projets-sportifs-publies-2021\/#primaryimage","url":"https:\/\/newsestlyonnais.fr\/site\/wp-content\/uploads\/2021\/02\/istockphoto-949600152-612x612-1.jpg","contentUrl":"https:\/\/newsestlyonnais.fr\/site\/wp-content\/uploads\/2021\/02\/istockphoto-949600152-612x612-1.jpg","width":612,"height":408,"caption":"Triathlon activity icons - swimming, running, bike. Simple sports pictogram set. Isolated vector illustration."},{"@type":"BreadcrumbList","@id":"https:\/\/newsestlyonnais.fr\/site\/2022\/02\/08\/retour-sur-les-50-bilans-et-projets-sportifs-publies-2021\/#breadcrumb","itemListElement":[{"@type":"ListItem","position":1,"name":"Accueil","item":"https:\/\/newsestlyonnais.fr\/site\/"},{"@type":"ListItem","position":2,"name":"Retour sur les 50 bilans 2021 et projets sportifs publi\u00e9s"}]},{"@type":"WebSite","@id":"https:\/\/newsestlyonnais.fr\/site\/#website","url":"https:\/\/newsestlyonnais.fr\/site\/","name":"News Est Lyonnais","description":"L&#039;actualit\u00e9 au plus pr\u00e8s","publisher":{"@id":"https:\/\/newsestlyonnais.fr\/site\/#organization"},"potentialAction":[{"@type":"SearchAction","target":{"@type":"EntryPoint","urlTemplate":"https:\/\/newsestlyonnais.fr\/site\/?s={search_term_string}"},"query-input":{"@type":"PropertyValueSpecification","valueRequired":true,"valueName":"search_term_string"}}],"inLanguage":"fr-FR"},{"@type":"Organization","@id":"https:\/\/newsestlyonnais.fr\/site\/#organization","name":"News EST LYONNAIS","url":"https:\/\/newsestlyonnais.fr\/site\/","logo":{"@type":"ImageObject","inLanguage":"fr-FR","@id":"https:\/\/newsestlyonnais.fr\/site\/#\/schema\/logo\/image\/","url":"","contentUrl":"","caption":"News EST LYONNAIS"},"image":{"@id":"https:\/\/newsestlyonnais.fr\/site\/#\/schema\/logo\/image\/"}},{"@type":"Person","@id":"https:\/\/newsestlyonnais.fr\/site\/#\/schema\/person\/3230d5615f390bb808365d673001e887","name":"R\u00e9dac. NEWS","sameAs":["http:\/\/www.newsestlyonnais.fr","https:\/\/www.facebook.com\/pascal.oberson.1?fref=ts","https:\/\/fr.linkedin.com\/in\/pascal-oberson-b17045113"],"url":"https:\/\/newsestlyonnais.fr\/site\/author\/nel\/"}]}},"_links":{"self":[{"href":"https:\/\/newsestlyonnais.fr\/site\/wp-json\/wp\/v2\/posts\/148950","targetHints":{"allow":["GET"]}}],"collection":[{"href":"https:\/\/newsestlyonnais.fr\/site\/wp-json\/wp\/v2\/posts"}],"about":[{"href":"https:\/\/newsestlyonnais.fr\/site\/wp-json\/wp\/v2\/types\/post"}],"author":[{"embeddable":true,"href":"https:\/\/newsestlyonnais.fr\/site\/wp-json\/wp\/v2\/users\/4"}],"replies":[{"embeddable":true,"href":"https:\/\/newsestlyonnais.fr\/site\/wp-json\/wp\/v2\/comments?post=148950"}],"version-history":[{"count":0,"href":"https:\/\/newsestlyonnais.fr\/site\/wp-json\/wp\/v2\/posts\/148950\/revisions"}],"wp:featuredmedia":[{"embeddable":true,"href":"https:\/\/newsestlyonnais.fr\/site\/wp-json\/wp\/v2\/media\/125336"}],"wp:attachment":[{"href":"https:\/\/newsestlyonnais.fr\/site\/wp-json\/wp\/v2\/media?parent=148950"}],"wp:term":[{"taxonomy":"category","embeddable":true,"href":"https:\/\/newsestlyonnais.fr\/site\/wp-json\/wp\/v2\/categories?post=148950"},{"taxonomy":"post_tag","embeddable":true,"href":"https:\/\/newsestlyonnais.fr\/site\/wp-json\/wp\/v2\/tags?post=148950"}],"curies":[{"name":"wp","href":"https:\/\/api.w.org\/{rel}","templated":true}]}}