{"id":149148,"date":"2022-02-18T07:42:08","date_gmt":"2022-02-18T06:42:08","guid":{"rendered":"https:\/\/newsestlyonnais.fr\/site\/?p=149148"},"modified":"2022-02-18T07:42:08","modified_gmt":"2022-02-18T06:42:08","slug":"joel-reynaud-nous-preparons-activement-la-bourse-de-genas-du-27-fevrier-prochain","status":"publish","type":"post","link":"https:\/\/newsestlyonnais.fr\/site\/2022\/02\/18\/joel-reynaud-nous-preparons-activement-la-bourse-de-genas-du-27-fevrier-prochain\/","title":{"rendered":"Jo\u00ebl Reynaud \u00ab\u00a0nous pr\u00e9parons activement la bourse de Genas du 27 f\u00e9vrier prochain\u00a0\u00bb"},"content":{"rendered":"<p><span style=\"font-size: 14pt; background-color: #000000; color: #ffffff;\"><strong>Depuis quand \u00eates-vous au bureau de l&rsquo;association et \u00e0 la pr\u00e9sidence ?<\/strong><\/span><\/p>\n<p>\u00a0\u00bb <strong>Membre de l\u2019A.P.G.C. depuis presque 30 ans, j\u2019en suis le pr\u00e9sident depuis avril 2012<\/strong> donc pratiquement 10 ans. J\u2019aimerais bien passer la main mais il est tr\u00e8s difficile de trouver un volontaire, \u00a0ce qui est le cas pour de nombreuses associations ! \u00a0\u00bb<\/p>\n<p><span style=\"background-color: #000000; color: #ffffff; font-size: 14pt;\"><strong>Etes vous \u00e9galement collectionneurs et de quoi ?<\/strong><\/span><\/p>\n<p>\u00a0\u00bb <strong>Je collectionnais les timbres, c\u2019est pour cela que je m\u2019\u00e9tais inscrit<\/strong> \u00e0 l\u2019APGC en 1993, mais j\u2019ai abandonn\u00e9 cette collection depuis quelques ann\u00e9es (sauf les timbres sur Marianne). <strong>Je collectionne maintenant les couteaux de poche<\/strong>. \u00a0\u00bb<\/p>\n<hr \/>\n<p><span style=\"background-color: #000000; color: #ffffff;\"><strong><span style=\"font-size: 14pt; background-color: #000000;\">Concernant l\u2019APGC, o\u00f9 en est son effectif ? quelles sont les cons\u00e9quences de cette crise sanitaire ?<\/span><\/strong><\/span><\/p>\n<p>\u00a0\u00bb <strong>L\u2019A.P.G.C. compte un peu moins de 40 adh\u00e9rents<\/strong>. Cette derni\u00e8re ann\u00e9e, trois adh\u00e9rents sont d\u00e9c\u00e9d\u00e9s et nous avons eu une nouvelle adh\u00e9sion. Comme d\u2019autres associations, la crise sanitaire nous a isol\u00e9s et emp\u00each\u00e9s de faire des expos ainsi que trois bourses (Chassieu 2020 et 2021, Genas 2021).<\/p>\n<p><strong>Nous avons donc manqu\u00e9 de contacts permettant d\u2019attirer de nouveaux adh\u00e9rents<\/strong>. \u00a0\u00bb<\/p>\n<p><span style=\"font-size: 14pt; background-color: #000000; color: #ffffff;\"><strong>La moyenne d\u2019\u00e2ge des membres de l\u2019APGC et les principales collections ?<\/strong><\/span><\/p>\n<p>\u00a0\u00bb La moyenne d\u2019\u00e2ge doit se situer aux environs de 70 ans (de 15 ans \u00e0 plus de 80).<\/p>\n<p><strong>La principale collection reste la collection de timbres mais parfois orient\u00e9e sur un th\u00e8me<\/strong> : les villes et provinces fran\u00e7aises, les militaires, les ch\u00e2teaux, les fontaines\u2026 ces collections th\u00e9matiques peuvent alors \u00eatre compl\u00e9t\u00e9es par d\u2019autres supports (cartes postales, documents divers\u2026).<\/p>\n<p>D\u2019autres collections sont bien repr\u00e9sent\u00e9es : monnaies, cartes postales, capsules de champagne. \u00a0\u00bb<\/p>\n<hr \/>\n<p><span style=\"font-size: 14pt; background-color: #000000; color: #ffffff;\"><strong><img loading=\"lazy\" decoding=\"async\" class=\"alignleft size-medium wp-image-149435\" src=\"https:\/\/newsestlyonnais.fr\/site\/wp-content\/uploads\/2022\/02\/NEWSESTLYONNAIS-objets-expo-apgc-400x300.jpg\" alt=\"\" width=\"400\" height=\"300\" srcset=\"https:\/\/newsestlyonnais.fr\/site\/wp-content\/uploads\/2022\/02\/NEWSESTLYONNAIS-objets-expo-apgc-400x300.jpg 400w, https:\/\/newsestlyonnais.fr\/site\/wp-content\/uploads\/2022\/02\/NEWSESTLYONNAIS-objets-expo-apgc-650x488.jpg 650w, https:\/\/newsestlyonnais.fr\/site\/wp-content\/uploads\/2022\/02\/NEWSESTLYONNAIS-objets-expo-apgc-250x188.jpg 250w, https:\/\/newsestlyonnais.fr\/site\/wp-content\/uploads\/2022\/02\/NEWSESTLYONNAIS-objets-expo-apgc-768x576.jpg 768w, https:\/\/newsestlyonnais.fr\/site\/wp-content\/uploads\/2022\/02\/NEWSESTLYONNAIS-objets-expo-apgc-150x113.jpg 150w, https:\/\/newsestlyonnais.fr\/site\/wp-content\/uploads\/2022\/02\/NEWSESTLYONNAIS-objets-expo-apgc-50x38.jpg 50w, https:\/\/newsestlyonnais.fr\/site\/wp-content\/uploads\/2022\/02\/NEWSESTLYONNAIS-objets-expo-apgc-100x75.jpg 100w, https:\/\/newsestlyonnais.fr\/site\/wp-content\/uploads\/2022\/02\/NEWSESTLYONNAIS-objets-expo-apgc-200x150.jpg 200w, https:\/\/newsestlyonnais.fr\/site\/wp-content\/uploads\/2022\/02\/NEWSESTLYONNAIS-objets-expo-apgc-300x225.jpg 300w, https:\/\/newsestlyonnais.fr\/site\/wp-content\/uploads\/2022\/02\/NEWSESTLYONNAIS-objets-expo-apgc-350x263.jpg 350w, https:\/\/newsestlyonnais.fr\/site\/wp-content\/uploads\/2022\/02\/NEWSESTLYONNAIS-objets-expo-apgc-450x338.jpg 450w, https:\/\/newsestlyonnais.fr\/site\/wp-content\/uploads\/2022\/02\/NEWSESTLYONNAIS-objets-expo-apgc-500x375.jpg 500w, https:\/\/newsestlyonnais.fr\/site\/wp-content\/uploads\/2022\/02\/NEWSESTLYONNAIS-objets-expo-apgc-550x413.jpg 550w, https:\/\/newsestlyonnais.fr\/site\/wp-content\/uploads\/2022\/02\/NEWSESTLYONNAIS-objets-expo-apgc-800x600.jpg 800w, https:\/\/newsestlyonnais.fr\/site\/wp-content\/uploads\/2022\/02\/NEWSESTLYONNAIS-objets-expo-apgc.jpg 1000w\" sizes=\"auto, (max-width: 400px) 100vw, 400px\" \/>Des collections en vogue et insolites ?<\/strong><\/span><\/p>\n<p>\u00a0\u00bb Comme dit pr\u00e9c\u00e9demment, on trouve principalement des collections classiques. Quelques rares adh\u00e9rents ne collectionnent qu\u2019un seul type d\u2019objets, d\u2019autres collectionnent pratiquement tout ce qui existe en plus de 2 exemplaires !\u00a0 L\u2019un d\u2019entre nous collectionne tous les objets ayant trait \u00e0 des personnages de BD : Ast\u00e9rix et Ob\u00e9lix, Lucky Luke\u2026 \u00e7a va des timbres aux jeux en passant par les pantoufles, les monnaies&#8230;<\/p>\n<p>Nous avons \u00e9galement une collectionneuse d\u2019encriers, une d\u2019\u00e9tiquettes de fruits et l\u00e9gumes, un collectionneur d\u2019outils de jardin anciens, une d\u2019objets de bistrot&#8230; \u00a0\u00bb<\/p>\n<hr \/>\n<p><img loading=\"lazy\" decoding=\"async\" class=\"alignleft size-medium wp-image-148799\" src=\"https:\/\/newsestlyonnais.fr\/site\/wp-content\/uploads\/2022\/01\/affiche-2022-400x563.jpg\" alt=\"\" width=\"213\" height=\"300\" srcset=\"https:\/\/newsestlyonnais.fr\/site\/wp-content\/uploads\/2022\/01\/affiche-2022-400x563.jpg 400w, https:\/\/newsestlyonnais.fr\/site\/wp-content\/uploads\/2022\/01\/affiche-2022-250x352.jpg 250w, https:\/\/newsestlyonnais.fr\/site\/wp-content\/uploads\/2022\/01\/affiche-2022-150x211.jpg 150w, https:\/\/newsestlyonnais.fr\/site\/wp-content\/uploads\/2022\/01\/affiche-2022-50x70.jpg 50w, https:\/\/newsestlyonnais.fr\/site\/wp-content\/uploads\/2022\/01\/affiche-2022-100x141.jpg 100w, https:\/\/newsestlyonnais.fr\/site\/wp-content\/uploads\/2022\/01\/affiche-2022-200x281.jpg 200w, https:\/\/newsestlyonnais.fr\/site\/wp-content\/uploads\/2022\/01\/affiche-2022-300x422.jpg 300w, https:\/\/newsestlyonnais.fr\/site\/wp-content\/uploads\/2022\/01\/affiche-2022-350x493.jpg 350w, https:\/\/newsestlyonnais.fr\/site\/wp-content\/uploads\/2022\/01\/affiche-2022-450x633.jpg 450w, https:\/\/newsestlyonnais.fr\/site\/wp-content\/uploads\/2022\/01\/affiche-2022-500x704.jpg 500w, https:\/\/newsestlyonnais.fr\/site\/wp-content\/uploads\/2022\/01\/affiche-2022.jpg 528w\" sizes=\"auto, (max-width: 213px) 100vw, 213px\" \/><span style=\"font-size: 14pt; background-color: #000000; color: #ffffff;\"><strong>En pleine pr\u00e9paration de la prochaine bourse ?<\/strong><\/span><\/p>\n<p>\u00a0\u00bb <strong>Oui, nous pr\u00e9parons activement la bourse de Genas du dimanche 27 f\u00e9vrier prochain (salle Jacques Anquetil)<\/strong>. Nous avons <strong>volontairement limit\u00e9 le nombre de participants<\/strong> pour ne pas \u00eatre trop serr\u00e9s, nous avons d\u00fb refuser une vingtaine d&rsquo;exposants ! On sent vraiment une impatience. Ils seront plus de 40, de toute la r\u00e9gion et aussi de la Loire et l&rsquo;Ard\u00e8che, dont une trentaine de fid\u00e8les. Ce qui repr\u00e9sente 180 m d&rsquo;exposants, on aurait facilement pu monter \u00e0 220 ou 230.<\/p>\n<p>Les bourses sont nos principaux financements, ce qui nous permet de ne pas demander de subventions \u00e0 nos 2 mairies tutelles. \u00a0\u00bb<\/p>\n<hr \/>\n<p><span style=\"font-size: 14pt; background-color: #000000; color: #ffffff;\"><strong>Les projets et prochaines organisations ?<\/strong><\/span><\/p>\n<p>\u00a0\u00bb A part le forum des associations (Genas et Chassieu) et la prochaine bourse de Chassieu en octobre (dimanche 23 dans les 2 salles : polyvalente et des F\u00eates), nous n\u2019avons pas de grand projet pr\u00e9cis, <strong>notre programme se fera au fur et \u00e0 mesure de l\u2019\u00e9volution des conditions sanitaires<\/strong>.<\/p>\n<p>Sinon comme on fonctionne en r\u00e9seau, on participe \u00e0 des expositions avec l&rsquo;Association Pluricollection de Meyzieu et l&rsquo;Amicale des Bons Collectionneurs de Pont de Ch\u00e9ruy. \u00a0\u00bb<\/p>\n<p><span style=\"color: #ffffff; background-color: #000000;\"><strong><span style=\"font-size: 14pt; background-color: #000000;\">Et pour conclure ?<\/span><\/strong>\u00a0 <\/span><\/p>\n<p>\u00a0\u00bb <strong>Ne jetez pas vos objets divers, on r\u00e9cup\u00e8re de tout, il y aura toujours un collectionneur int\u00e9ress\u00e9 ! <\/strong>Si vous voulez d\u00e9couvrir l&rsquo;association, rendez-vous sur notre site internet pour consulter le calendrier des permanences. Elles ont lieu \u00e0 l&rsquo;Espace Gandil (\u00e0 Genas) le 2\u00b0 samedi et 4\u00b0 mercredi du mois.<\/p>\n<p><strong>Ce n&rsquo;est pas que de la simple collection, c&rsquo;est un vrai moment d&rsquo;\u00e9change<\/strong> qui nous a bien manqu\u00e9 lors des divers confinements.\u00a0\u00bb<\/p>\n<hr \/>\n<ul>\n<li><strong><span style=\"font-size: 14pt; background-color: #000000;\"><span style=\"color: #ffffff;\"><em>L\u2019ACTU de l&rsquo;A.P.G.C. &gt;<\/em><\/span> <span style=\"color: #0000ff;\"><a style=\"color: #0000ff; background-color: #000000;\" href=\"http:\/\/apgc69.fr\"><span style=\"color: #ffcc00;\">http:\/\/apgc69.fr<\/span><\/a><\/span><\/span><br \/>\n<\/strong><\/li>\n<li><span style=\"font-size: 14pt; background-color: #000000; color: #ffffff;\"><strong>Contact<\/strong> <\/span>: Mail : <span style=\"color: #0000ff;\"><a style=\"color: #0000ff;\" href=\"mailto:apgc69@yahoo.fr\">apgc69@yahoo.fr<\/a><\/span> \/ T\u00e9l: 06\/13\/82\/92\/16<\/li>\n<\/ul>\n<hr \/>\n<hr \/>\n<p><strong><span style=\"background-color: #000000; color: #ffcc00;\">Prochaines Interviews :<\/span><br \/>\n<\/strong><\/p>\n<p><strong><span style=\"background-color: #000000; color: #ffcc00;\">Vendredi 25 F\u00e9vrier &gt; Guy Berland<\/span> <span style=\"color: #ffffff; background-color: #000000;\">(Cyclo VTT D\u00e9cines)<\/span><\/strong><\/p>\n<p><strong><span style=\"background-color: #000000; color: #ffcc00;\">Vendredi 4 Mars &gt; S\u00e9bastien Perrier-David<\/span> <span style=\"background-color: #000000; color: #ffffff;\">(Arbitre r\u00e9gional \/ P\u00e9tanque Muroise)<\/span><\/strong><\/p>\n","protected":false},"excerpt":{"rendered":"<p>Pr\u00e9sident de l&rsquo;Association Pluricollection Genas-Chassieu dont il est membre depuis trois d\u00e9cennies, il pr\u00e9sente les diverses collections des adh\u00e9rents.<\/p>\n","protected":false},"author":4,"featured_media":149202,"comment_status":"open","ping_status":"open","sticky":false,"template":"","format":"standard","meta":{"footnotes":""},"categories":[3002,270,1283,1598,137],"tags":[4147,2397,1996,2396,2005,4146],"class_list":["post-149148","post","type-post","status-publish","format-standard","has-post-thumbnail","hentry","category-brocantes-collections-3","category-cte-de-communes-c-c-e-l","category-chassieu-communes-diverses","category-genas","category-interviews","tag-apgc","tag-bourse","tag-chassieu","tag-collections","tag-genas","tag-joel-reynaud"],"yoast_head":"<!-- This site is optimized with the Yoast SEO plugin v27.2 - https:\/\/yoast.com\/product\/yoast-seo-wordpress\/ -->\n<title>Jo\u00ebl Reynaud &quot;nous pr\u00e9parons activement la bourse de Genas du 27 f\u00e9vrier prochain&quot; - News Est Lyonnais<\/title>\n<meta name=\"description\" content=\"Jo\u00ebl Reynaud &quot;nous pr\u00e9parons activement la bourse de Genas du 27 f\u00e9vrier prochain&quot;\" \/>\n<meta name=\"robots\" content=\"index, follow, max-snippet:-1, max-image-preview:large, max-video-preview:-1\" \/>\n<link rel=\"canonical\" href=\"https:\/\/newsestlyonnais.fr\/site\/2022\/02\/18\/joel-reynaud-nous-preparons-activement-la-bourse-de-genas-du-27-fevrier-prochain\/\" \/>\n<meta property=\"og:locale\" content=\"fr_FR\" \/>\n<meta property=\"og:type\" content=\"article\" \/>\n<meta property=\"og:title\" content=\"Jo\u00ebl Reynaud &quot;nous pr\u00e9parons activement la bourse de Genas du 27 f\u00e9vrier prochain&quot; - News Est Lyonnais\" \/>\n<meta property=\"og:description\" content=\"Jo\u00ebl Reynaud &quot;nous pr\u00e9parons activement la bourse de Genas du 27 f\u00e9vrier prochain&quot;\" \/>\n<meta property=\"og:url\" content=\"https:\/\/newsestlyonnais.fr\/site\/2022\/02\/18\/joel-reynaud-nous-preparons-activement-la-bourse-de-genas-du-27-fevrier-prochain\/\" \/>\n<meta property=\"og:site_name\" content=\"News Est Lyonnais\" \/>\n<meta property=\"article:author\" content=\"https:\/\/www.facebook.com\/pascal.oberson.1?fref=ts\" \/>\n<meta property=\"article:published_time\" content=\"2022-02-18T06:42:08+00:00\" \/>\n<meta property=\"og:image\" content=\"https:\/\/newsestlyonnais.fr\/site\/wp-content\/uploads\/2022\/02\/P1460908.jpg\" \/>\n\t<meta property=\"og:image:width\" content=\"1200\" \/>\n\t<meta property=\"og:image:height\" content=\"900\" \/>\n\t<meta property=\"og:image:type\" content=\"image\/jpeg\" \/>\n<meta name=\"author\" content=\"R\u00e9dac. NEWS\" \/>\n<meta name=\"twitter:card\" content=\"summary_large_image\" \/>\n<meta name=\"twitter:label1\" content=\"\u00c9crit par\" \/>\n\t<meta name=\"twitter:data1\" content=\"R\u00e9dac. NEWS\" \/>\n\t<meta name=\"twitter:label2\" content=\"Dur\u00e9e de lecture estim\u00e9e\" \/>\n\t<meta name=\"twitter:data2\" content=\"4 minutes\" \/>\n<script type=\"application\/ld+json\" class=\"yoast-schema-graph\">{\"@context\":\"https:\/\/schema.org\",\"@graph\":[{\"@type\":\"Article\",\"@id\":\"https:\/\/newsestlyonnais.fr\/site\/2022\/02\/18\/joel-reynaud-nous-preparons-activement-la-bourse-de-genas-du-27-fevrier-prochain\/#article\",\"isPartOf\":{\"@id\":\"https:\/\/newsestlyonnais.fr\/site\/2022\/02\/18\/joel-reynaud-nous-preparons-activement-la-bourse-de-genas-du-27-fevrier-prochain\/\"},\"author\":{\"name\":\"R\u00e9dac. NEWS\",\"@id\":\"https:\/\/newsestlyonnais.fr\/site\/#\/schema\/person\/3230d5615f390bb808365d673001e887\"},\"headline\":\"Jo\u00ebl Reynaud \u00ab\u00a0nous pr\u00e9parons activement la bourse de Genas du 27 f\u00e9vrier prochain\u00a0\u00bb\",\"datePublished\":\"2022-02-18T06:42:08+00:00\",\"mainEntityOfPage\":{\"@id\":\"https:\/\/newsestlyonnais.fr\/site\/2022\/02\/18\/joel-reynaud-nous-preparons-activement-la-bourse-de-genas-du-27-fevrier-prochain\/\"},\"wordCount\":712,\"commentCount\":0,\"publisher\":{\"@id\":\"https:\/\/newsestlyonnais.fr\/site\/#organization\"},\"image\":{\"@id\":\"https:\/\/newsestlyonnais.fr\/site\/2022\/02\/18\/joel-reynaud-nous-preparons-activement-la-bourse-de-genas-du-27-fevrier-prochain\/#primaryimage\"},\"thumbnailUrl\":\"https:\/\/newsestlyonnais.fr\/site\/wp-content\/uploads\/2022\/02\/P1460908.jpg\",\"keywords\":[\"APGC\",\"BOURSE\",\"Chassieu\",\"COLLECTIONS\",\"GENAS\",\"Jo\u00ebl Reynaud\"],\"articleSection\":[\"Brocantes | Collections\",\"CCEL | Communes\",\"Chassieu | Communes diverses\",\"Genas\",\"Interviews\"],\"inLanguage\":\"fr-FR\",\"potentialAction\":[{\"@type\":\"CommentAction\",\"name\":\"Comment\",\"target\":[\"https:\/\/newsestlyonnais.fr\/site\/2022\/02\/18\/joel-reynaud-nous-preparons-activement-la-bourse-de-genas-du-27-fevrier-prochain\/#respond\"]}]},{\"@type\":\"WebPage\",\"@id\":\"https:\/\/newsestlyonnais.fr\/site\/2022\/02\/18\/joel-reynaud-nous-preparons-activement-la-bourse-de-genas-du-27-fevrier-prochain\/\",\"url\":\"https:\/\/newsestlyonnais.fr\/site\/2022\/02\/18\/joel-reynaud-nous-preparons-activement-la-bourse-de-genas-du-27-fevrier-prochain\/\",\"name\":\"Jo\u00ebl Reynaud \\\"nous pr\u00e9parons activement la bourse de Genas du 27 f\u00e9vrier prochain\\\" - News Est Lyonnais\",\"isPartOf\":{\"@id\":\"https:\/\/newsestlyonnais.fr\/site\/#website\"},\"primaryImageOfPage\":{\"@id\":\"https:\/\/newsestlyonnais.fr\/site\/2022\/02\/18\/joel-reynaud-nous-preparons-activement-la-bourse-de-genas-du-27-fevrier-prochain\/#primaryimage\"},\"image\":{\"@id\":\"https:\/\/newsestlyonnais.fr\/site\/2022\/02\/18\/joel-reynaud-nous-preparons-activement-la-bourse-de-genas-du-27-fevrier-prochain\/#primaryimage\"},\"thumbnailUrl\":\"https:\/\/newsestlyonnais.fr\/site\/wp-content\/uploads\/2022\/02\/P1460908.jpg\",\"datePublished\":\"2022-02-18T06:42:08+00:00\",\"description\":\"Jo\u00ebl Reynaud \\\"nous pr\u00e9parons activement la bourse de Genas du 27 f\u00e9vrier prochain\\\"\",\"breadcrumb\":{\"@id\":\"https:\/\/newsestlyonnais.fr\/site\/2022\/02\/18\/joel-reynaud-nous-preparons-activement-la-bourse-de-genas-du-27-fevrier-prochain\/#breadcrumb\"},\"inLanguage\":\"fr-FR\",\"potentialAction\":[{\"@type\":\"ReadAction\",\"target\":[\"https:\/\/newsestlyonnais.fr\/site\/2022\/02\/18\/joel-reynaud-nous-preparons-activement-la-bourse-de-genas-du-27-fevrier-prochain\/\"]}]},{\"@type\":\"ImageObject\",\"inLanguage\":\"fr-FR\",\"@id\":\"https:\/\/newsestlyonnais.fr\/site\/2022\/02\/18\/joel-reynaud-nous-preparons-activement-la-bourse-de-genas-du-27-fevrier-prochain\/#primaryimage\",\"url\":\"https:\/\/newsestlyonnais.fr\/site\/wp-content\/uploads\/2022\/02\/P1460908.jpg\",\"contentUrl\":\"https:\/\/newsestlyonnais.fr\/site\/wp-content\/uploads\/2022\/02\/P1460908.jpg\",\"width\":1200,\"height\":900},{\"@type\":\"BreadcrumbList\",\"@id\":\"https:\/\/newsestlyonnais.fr\/site\/2022\/02\/18\/joel-reynaud-nous-preparons-activement-la-bourse-de-genas-du-27-fevrier-prochain\/#breadcrumb\",\"itemListElement\":[{\"@type\":\"ListItem\",\"position\":1,\"name\":\"Accueil\",\"item\":\"https:\/\/newsestlyonnais.fr\/site\/\"},{\"@type\":\"ListItem\",\"position\":2,\"name\":\"Jo\u00ebl Reynaud \u00ab\u00a0nous pr\u00e9parons activement la bourse de Genas du 27 f\u00e9vrier prochain\u00a0\u00bb\"}]},{\"@type\":\"WebSite\",\"@id\":\"https:\/\/newsestlyonnais.fr\/site\/#website\",\"url\":\"https:\/\/newsestlyonnais.fr\/site\/\",\"name\":\"News Est Lyonnais\",\"description\":\"L&#039;actualit\u00e9 au plus pr\u00e8s\",\"publisher\":{\"@id\":\"https:\/\/newsestlyonnais.fr\/site\/#organization\"},\"potentialAction\":[{\"@type\":\"SearchAction\",\"target\":{\"@type\":\"EntryPoint\",\"urlTemplate\":\"https:\/\/newsestlyonnais.fr\/site\/?s={search_term_string}\"},\"query-input\":{\"@type\":\"PropertyValueSpecification\",\"valueRequired\":true,\"valueName\":\"search_term_string\"}}],\"inLanguage\":\"fr-FR\"},{\"@type\":\"Organization\",\"@id\":\"https:\/\/newsestlyonnais.fr\/site\/#organization\",\"name\":\"News EST LYONNAIS\",\"url\":\"https:\/\/newsestlyonnais.fr\/site\/\",\"logo\":{\"@type\":\"ImageObject\",\"inLanguage\":\"fr-FR\",\"@id\":\"https:\/\/newsestlyonnais.fr\/site\/#\/schema\/logo\/image\/\",\"url\":\"\",\"contentUrl\":\"\",\"caption\":\"News EST LYONNAIS\"},\"image\":{\"@id\":\"https:\/\/newsestlyonnais.fr\/site\/#\/schema\/logo\/image\/\"}},{\"@type\":\"Person\",\"@id\":\"https:\/\/newsestlyonnais.fr\/site\/#\/schema\/person\/3230d5615f390bb808365d673001e887\",\"name\":\"R\u00e9dac. NEWS\",\"sameAs\":[\"http:\/\/www.newsestlyonnais.fr\",\"https:\/\/www.facebook.com\/pascal.oberson.1?fref=ts\",\"https:\/\/fr.linkedin.com\/in\/pascal-oberson-b17045113\"],\"url\":\"https:\/\/newsestlyonnais.fr\/site\/author\/nel\/\"}]}<\/script>\n<!-- \/ Yoast SEO plugin. -->","yoast_head_json":{"title":"Jo\u00ebl Reynaud \"nous pr\u00e9parons activement la bourse de Genas du 27 f\u00e9vrier prochain\" - News Est Lyonnais","description":"Jo\u00ebl Reynaud \"nous pr\u00e9parons activement la bourse de Genas du 27 f\u00e9vrier prochain\"","robots":{"index":"index","follow":"follow","max-snippet":"max-snippet:-1","max-image-preview":"max-image-preview:large","max-video-preview":"max-video-preview:-1"},"canonical":"https:\/\/newsestlyonnais.fr\/site\/2022\/02\/18\/joel-reynaud-nous-preparons-activement-la-bourse-de-genas-du-27-fevrier-prochain\/","og_locale":"fr_FR","og_type":"article","og_title":"Jo\u00ebl Reynaud \"nous pr\u00e9parons activement la bourse de Genas du 27 f\u00e9vrier prochain\" - News Est Lyonnais","og_description":"Jo\u00ebl Reynaud \"nous pr\u00e9parons activement la bourse de Genas du 27 f\u00e9vrier prochain\"","og_url":"https:\/\/newsestlyonnais.fr\/site\/2022\/02\/18\/joel-reynaud-nous-preparons-activement-la-bourse-de-genas-du-27-fevrier-prochain\/","og_site_name":"News Est Lyonnais","article_author":"https:\/\/www.facebook.com\/pascal.oberson.1?fref=ts","article_published_time":"2022-02-18T06:42:08+00:00","og_image":[{"width":1200,"height":900,"url":"https:\/\/newsestlyonnais.fr\/site\/wp-content\/uploads\/2022\/02\/P1460908.jpg","type":"image\/jpeg"}],"author":"R\u00e9dac. NEWS","twitter_card":"summary_large_image","twitter_misc":{"\u00c9crit par":"R\u00e9dac. NEWS","Dur\u00e9e de lecture estim\u00e9e":"4 minutes"},"schema":{"@context":"https:\/\/schema.org","@graph":[{"@type":"Article","@id":"https:\/\/newsestlyonnais.fr\/site\/2022\/02\/18\/joel-reynaud-nous-preparons-activement-la-bourse-de-genas-du-27-fevrier-prochain\/#article","isPartOf":{"@id":"https:\/\/newsestlyonnais.fr\/site\/2022\/02\/18\/joel-reynaud-nous-preparons-activement-la-bourse-de-genas-du-27-fevrier-prochain\/"},"author":{"name":"R\u00e9dac. NEWS","@id":"https:\/\/newsestlyonnais.fr\/site\/#\/schema\/person\/3230d5615f390bb808365d673001e887"},"headline":"Jo\u00ebl Reynaud \u00ab\u00a0nous pr\u00e9parons activement la bourse de Genas du 27 f\u00e9vrier prochain\u00a0\u00bb","datePublished":"2022-02-18T06:42:08+00:00","mainEntityOfPage":{"@id":"https:\/\/newsestlyonnais.fr\/site\/2022\/02\/18\/joel-reynaud-nous-preparons-activement-la-bourse-de-genas-du-27-fevrier-prochain\/"},"wordCount":712,"commentCount":0,"publisher":{"@id":"https:\/\/newsestlyonnais.fr\/site\/#organization"},"image":{"@id":"https:\/\/newsestlyonnais.fr\/site\/2022\/02\/18\/joel-reynaud-nous-preparons-activement-la-bourse-de-genas-du-27-fevrier-prochain\/#primaryimage"},"thumbnailUrl":"https:\/\/newsestlyonnais.fr\/site\/wp-content\/uploads\/2022\/02\/P1460908.jpg","keywords":["APGC","BOURSE","Chassieu","COLLECTIONS","GENAS","Jo\u00ebl Reynaud"],"articleSection":["Brocantes | Collections","CCEL | Communes","Chassieu | Communes diverses","Genas","Interviews"],"inLanguage":"fr-FR","potentialAction":[{"@type":"CommentAction","name":"Comment","target":["https:\/\/newsestlyonnais.fr\/site\/2022\/02\/18\/joel-reynaud-nous-preparons-activement-la-bourse-de-genas-du-27-fevrier-prochain\/#respond"]}]},{"@type":"WebPage","@id":"https:\/\/newsestlyonnais.fr\/site\/2022\/02\/18\/joel-reynaud-nous-preparons-activement-la-bourse-de-genas-du-27-fevrier-prochain\/","url":"https:\/\/newsestlyonnais.fr\/site\/2022\/02\/18\/joel-reynaud-nous-preparons-activement-la-bourse-de-genas-du-27-fevrier-prochain\/","name":"Jo\u00ebl Reynaud \"nous pr\u00e9parons activement la bourse de Genas du 27 f\u00e9vrier prochain\" - News Est Lyonnais","isPartOf":{"@id":"https:\/\/newsestlyonnais.fr\/site\/#website"},"primaryImageOfPage":{"@id":"https:\/\/newsestlyonnais.fr\/site\/2022\/02\/18\/joel-reynaud-nous-preparons-activement-la-bourse-de-genas-du-27-fevrier-prochain\/#primaryimage"},"image":{"@id":"https:\/\/newsestlyonnais.fr\/site\/2022\/02\/18\/joel-reynaud-nous-preparons-activement-la-bourse-de-genas-du-27-fevrier-prochain\/#primaryimage"},"thumbnailUrl":"https:\/\/newsestlyonnais.fr\/site\/wp-content\/uploads\/2022\/02\/P1460908.jpg","datePublished":"2022-02-18T06:42:08+00:00","description":"Jo\u00ebl Reynaud \"nous pr\u00e9parons activement la bourse de Genas du 27 f\u00e9vrier prochain\"","breadcrumb":{"@id":"https:\/\/newsestlyonnais.fr\/site\/2022\/02\/18\/joel-reynaud-nous-preparons-activement-la-bourse-de-genas-du-27-fevrier-prochain\/#breadcrumb"},"inLanguage":"fr-FR","potentialAction":[{"@type":"ReadAction","target":["https:\/\/newsestlyonnais.fr\/site\/2022\/02\/18\/joel-reynaud-nous-preparons-activement-la-bourse-de-genas-du-27-fevrier-prochain\/"]}]},{"@type":"ImageObject","inLanguage":"fr-FR","@id":"https:\/\/newsestlyonnais.fr\/site\/2022\/02\/18\/joel-reynaud-nous-preparons-activement-la-bourse-de-genas-du-27-fevrier-prochain\/#primaryimage","url":"https:\/\/newsestlyonnais.fr\/site\/wp-content\/uploads\/2022\/02\/P1460908.jpg","contentUrl":"https:\/\/newsestlyonnais.fr\/site\/wp-content\/uploads\/2022\/02\/P1460908.jpg","width":1200,"height":900},{"@type":"BreadcrumbList","@id":"https:\/\/newsestlyonnais.fr\/site\/2022\/02\/18\/joel-reynaud-nous-preparons-activement-la-bourse-de-genas-du-27-fevrier-prochain\/#breadcrumb","itemListElement":[{"@type":"ListItem","position":1,"name":"Accueil","item":"https:\/\/newsestlyonnais.fr\/site\/"},{"@type":"ListItem","position":2,"name":"Jo\u00ebl Reynaud \u00ab\u00a0nous pr\u00e9parons activement la bourse de Genas du 27 f\u00e9vrier prochain\u00a0\u00bb"}]},{"@type":"WebSite","@id":"https:\/\/newsestlyonnais.fr\/site\/#website","url":"https:\/\/newsestlyonnais.fr\/site\/","name":"News Est Lyonnais","description":"L&#039;actualit\u00e9 au plus pr\u00e8s","publisher":{"@id":"https:\/\/newsestlyonnais.fr\/site\/#organization"},"potentialAction":[{"@type":"SearchAction","target":{"@type":"EntryPoint","urlTemplate":"https:\/\/newsestlyonnais.fr\/site\/?s={search_term_string}"},"query-input":{"@type":"PropertyValueSpecification","valueRequired":true,"valueName":"search_term_string"}}],"inLanguage":"fr-FR"},{"@type":"Organization","@id":"https:\/\/newsestlyonnais.fr\/site\/#organization","name":"News EST LYONNAIS","url":"https:\/\/newsestlyonnais.fr\/site\/","logo":{"@type":"ImageObject","inLanguage":"fr-FR","@id":"https:\/\/newsestlyonnais.fr\/site\/#\/schema\/logo\/image\/","url":"","contentUrl":"","caption":"News EST LYONNAIS"},"image":{"@id":"https:\/\/newsestlyonnais.fr\/site\/#\/schema\/logo\/image\/"}},{"@type":"Person","@id":"https:\/\/newsestlyonnais.fr\/site\/#\/schema\/person\/3230d5615f390bb808365d673001e887","name":"R\u00e9dac. NEWS","sameAs":["http:\/\/www.newsestlyonnais.fr","https:\/\/www.facebook.com\/pascal.oberson.1?fref=ts","https:\/\/fr.linkedin.com\/in\/pascal-oberson-b17045113"],"url":"https:\/\/newsestlyonnais.fr\/site\/author\/nel\/"}]}},"_links":{"self":[{"href":"https:\/\/newsestlyonnais.fr\/site\/wp-json\/wp\/v2\/posts\/149148","targetHints":{"allow":["GET"]}}],"collection":[{"href":"https:\/\/newsestlyonnais.fr\/site\/wp-json\/wp\/v2\/posts"}],"about":[{"href":"https:\/\/newsestlyonnais.fr\/site\/wp-json\/wp\/v2\/types\/post"}],"author":[{"embeddable":true,"href":"https:\/\/newsestlyonnais.fr\/site\/wp-json\/wp\/v2\/users\/4"}],"replies":[{"embeddable":true,"href":"https:\/\/newsestlyonnais.fr\/site\/wp-json\/wp\/v2\/comments?post=149148"}],"version-history":[{"count":0,"href":"https:\/\/newsestlyonnais.fr\/site\/wp-json\/wp\/v2\/posts\/149148\/revisions"}],"wp:featuredmedia":[{"embeddable":true,"href":"https:\/\/newsestlyonnais.fr\/site\/wp-json\/wp\/v2\/media\/149202"}],"wp:attachment":[{"href":"https:\/\/newsestlyonnais.fr\/site\/wp-json\/wp\/v2\/media?parent=149148"}],"wp:term":[{"taxonomy":"category","embeddable":true,"href":"https:\/\/newsestlyonnais.fr\/site\/wp-json\/wp\/v2\/categories?post=149148"},{"taxonomy":"post_tag","embeddable":true,"href":"https:\/\/newsestlyonnais.fr\/site\/wp-json\/wp\/v2\/tags?post=149148"}],"curies":[{"name":"wp","href":"https:\/\/api.w.org\/{rel}","templated":true}]}}