{"id":149573,"date":"2022-02-20T17:03:45","date_gmt":"2022-02-20T16:03:45","guid":{"rendered":"https:\/\/newsestlyonnais.fr\/site\/?p=149573"},"modified":"2022-02-25T09:41:56","modified_gmt":"2022-02-25T08:41:56","slug":"saint-priest-ils-etaient-plus-de-800-a-larrivee-des-foulees-san-priotes","status":"publish","type":"post","link":"https:\/\/newsestlyonnais.fr\/site\/2022\/02\/20\/saint-priest-ils-etaient-plus-de-800-a-larrivee-des-foulees-san-priotes\/","title":{"rendered":"SAINT-PRIEST | Ils \u00e9taient plus de 800 \u00e0 l&rsquo;arriv\u00e9e des Foul\u00e9es San-priotes"},"content":{"rendered":"<p><span style=\"font-size: 12pt;\">Deux ans apr\u00e8s, ce traditionnel rendez-vous r\u00e9gional du d\u00e9but d&rsquo;ann\u00e9e sportive revenait \u00e0 l&rsquo;affiche avec un d\u00e9part commun pour les 3 distances programm\u00e9es. <\/span><\/p>\n<p>Nouvelle forte participation constat\u00e9e pour cette \u00e9preuve hors-stade qui a pu se d\u00e9rouler sans la pluie qui a cess\u00e9 quelques minutes avant le coup de starter.<\/p>\n<hr \/>\n<p><strong>Au palmar\u00e8s de cette \u00e9dition on retrouvera :<\/strong><a id=\"LI1619197\" class=\"fancy\" href=\"https:\/\/www.sport-info.com\/i_detail_resultats.php?id=234&amp;e=3179&amp;r=1619197\" data-fancybox-type=\"iframe\"><\/a><\/p>\n<ul>\n<li><strong>Louhan Avinin<\/strong> en 19&rsquo;49 &amp; <strong>Aude Montmayeur-Brouat<\/strong> (ASUL Bron) en 23&rsquo;52 pour la Joc\u00e9lienne<\/li>\n<li><strong>Matthieu Grard<\/strong> (EA Le Creusot) en 31&rsquo;42 &amp; <strong>Marie Chipier<\/strong> (Mytribe) en 39&rsquo;52 pour le 10 km<\/li>\n<li><strong>Dieudonn\u00e9 Nsengiyumva<\/strong> (AC Francheville) en 1 h 8&rsquo;15 &amp; <strong>Kristin Colard<\/strong> (AFA Feyzin-V\u00e9nissieux) en 1 h 14&rsquo;15 pour le semi-marathon<\/li>\n<\/ul>\n<hr \/>\n<p><span style=\"background-color: #000000; color: #ffffff;\"><strong>Tous les classements :<\/strong><\/span><\/p>\n<p><span style=\"color: #0000ff;\"><a style=\"color: #0000ff;\" href=\"https:\/\/www.sport-info.com\/i_liste_resultats.php?id=234&amp;general=1&amp;epreuve=3179&amp;nom=&amp;dossard=&amp;groupe=\">La Jocelienne<\/a><\/span> &gt; 5,8 km : 106 participants<\/p>\n<p><span style=\"color: #0000ff;\"><a style=\"color: #0000ff;\" href=\"https:\/\/www.sport-info.com\/i_liste_resultats.php?id=234&amp;general=1&amp;epreuve=3180&amp;nom=&amp;dossard=&amp;groupe=\">10 km<\/a><\/span> : 363 participants<\/p>\n<p><span style=\"color: #0000ff;\"><a style=\"color: #0000ff;\" href=\"https:\/\/www.sport-info.com\/i_liste_resultats.php?id=234&amp;general=1&amp;epreuve=3181&amp;nom=&amp;dossard=&amp;groupe=\">Semi-marathon<\/a><\/span> : 362 participants<\/p>\n<hr \/>\n<blockquote><p><em><strong>PHOTO A LA UNE : Merci \u00e0 <span style=\"color: #0000ff;\"><a style=\"color: #0000ff;\" href=\"https:\/\/www.facebook.com\/JMBArtSport\">JMB<\/a><\/span> ! <\/strong><\/em><\/p>\n<hr \/>\n<p>&nbsp;<\/p><\/blockquote>\n<div id='gallery-1' class='gallery galleryid-149573 gallery-columns-3 gallery-size-thumbnail'><figure class='gallery-item'>\n\t\t\t<div class='gallery-icon landscape'>\n\t\t\t\t<a href='https:\/\/newsestlyonnais.fr\/site\/2022\/02\/20\/saint-priest-ils-etaient-plus-de-800-a-larrivee-des-foulees-san-priotes\/p1460936\/'><img loading=\"lazy\" decoding=\"async\" width=\"150\" height=\"113\" src=\"https:\/\/newsestlyonnais.fr\/site\/wp-content\/uploads\/2022\/02\/P1460936-250x188.jpg\" class=\"attachment-thumbnail size-thumbnail\" alt=\"\" aria-describedby=\"gallery-1-149611\" srcset=\"https:\/\/newsestlyonnais.fr\/site\/wp-content\/uploads\/2022\/02\/P1460936-250x188.jpg 250w, https:\/\/newsestlyonnais.fr\/site\/wp-content\/uploads\/2022\/02\/P1460936-400x300.jpg 400w, https:\/\/newsestlyonnais.fr\/site\/wp-content\/uploads\/2022\/02\/P1460936-650x488.jpg 650w, https:\/\/newsestlyonnais.fr\/site\/wp-content\/uploads\/2022\/02\/P1460936-768x576.jpg 768w, https:\/\/newsestlyonnais.fr\/site\/wp-content\/uploads\/2022\/02\/P1460936-150x113.jpg 150w, https:\/\/newsestlyonnais.fr\/site\/wp-content\/uploads\/2022\/02\/P1460936-50x38.jpg 50w, https:\/\/newsestlyonnais.fr\/site\/wp-content\/uploads\/2022\/02\/P1460936-100x75.jpg 100w, https:\/\/newsestlyonnais.fr\/site\/wp-content\/uploads\/2022\/02\/P1460936-200x150.jpg 200w, https:\/\/newsestlyonnais.fr\/site\/wp-content\/uploads\/2022\/02\/P1460936-300x225.jpg 300w, https:\/\/newsestlyonnais.fr\/site\/wp-content\/uploads\/2022\/02\/P1460936-350x263.jpg 350w, https:\/\/newsestlyonnais.fr\/site\/wp-content\/uploads\/2022\/02\/P1460936-450x338.jpg 450w, https:\/\/newsestlyonnais.fr\/site\/wp-content\/uploads\/2022\/02\/P1460936-500x375.jpg 500w, https:\/\/newsestlyonnais.fr\/site\/wp-content\/uploads\/2022\/02\/P1460936-550x413.jpg 550w, https:\/\/newsestlyonnais.fr\/site\/wp-content\/uploads\/2022\/02\/P1460936-800x600.jpg 800w, https:\/\/newsestlyonnais.fr\/site\/wp-content\/uploads\/2022\/02\/P1460936.jpg 1200w\" sizes=\"auto, (max-width: 150px) 100vw, 150px\" \/><\/a>\n\t\t\t<\/div>\n\t\t\t\t<figcaption class='wp-caption-text gallery-caption' id='gallery-1-149611'>\n\t\t\t\tLe podium f\u00e9minin de la Joc\u00e9lienne \n\t\t\t\t<\/figcaption><\/figure><figure class='gallery-item'>\n\t\t\t<div class='gallery-icon portrait'>\n\t\t\t\t<a href='https:\/\/newsestlyonnais.fr\/site\/2022\/02\/20\/saint-priest-ils-etaient-plus-de-800-a-larrivee-des-foulees-san-priotes\/newsestlyonnais-jmb-pod-fem\/'><img loading=\"lazy\" decoding=\"async\" width=\"100\" height=\"150\" src=\"https:\/\/newsestlyonnais.fr\/site\/wp-content\/uploads\/2022\/02\/NEWSESTLYONNAIS-JMB-POD-FEM-250x375.jpg\" class=\"attachment-thumbnail size-thumbnail\" alt=\"\" aria-describedby=\"gallery-1-149609\" srcset=\"https:\/\/newsestlyonnais.fr\/site\/wp-content\/uploads\/2022\/02\/NEWSESTLYONNAIS-JMB-POD-FEM-250x375.jpg 250w, https:\/\/newsestlyonnais.fr\/site\/wp-content\/uploads\/2022\/02\/NEWSESTLYONNAIS-JMB-POD-FEM-400x600.jpg 400w, https:\/\/newsestlyonnais.fr\/site\/wp-content\/uploads\/2022\/02\/NEWSESTLYONNAIS-JMB-POD-FEM-650x975.jpg 650w, https:\/\/newsestlyonnais.fr\/site\/wp-content\/uploads\/2022\/02\/NEWSESTLYONNAIS-JMB-POD-FEM-768x1152.jpg 768w, https:\/\/newsestlyonnais.fr\/site\/wp-content\/uploads\/2022\/02\/NEWSESTLYONNAIS-JMB-POD-FEM-150x225.jpg 150w, https:\/\/newsestlyonnais.fr\/site\/wp-content\/uploads\/2022\/02\/NEWSESTLYONNAIS-JMB-POD-FEM-50x75.jpg 50w, https:\/\/newsestlyonnais.fr\/site\/wp-content\/uploads\/2022\/02\/NEWSESTLYONNAIS-JMB-POD-FEM-100x150.jpg 100w, https:\/\/newsestlyonnais.fr\/site\/wp-content\/uploads\/2022\/02\/NEWSESTLYONNAIS-JMB-POD-FEM-200x300.jpg 200w, https:\/\/newsestlyonnais.fr\/site\/wp-content\/uploads\/2022\/02\/NEWSESTLYONNAIS-JMB-POD-FEM-300x450.jpg 300w, https:\/\/newsestlyonnais.fr\/site\/wp-content\/uploads\/2022\/02\/NEWSESTLYONNAIS-JMB-POD-FEM-350x525.jpg 350w, https:\/\/newsestlyonnais.fr\/site\/wp-content\/uploads\/2022\/02\/NEWSESTLYONNAIS-JMB-POD-FEM-450x675.jpg 450w, https:\/\/newsestlyonnais.fr\/site\/wp-content\/uploads\/2022\/02\/NEWSESTLYONNAIS-JMB-POD-FEM-500x750.jpg 500w, https:\/\/newsestlyonnais.fr\/site\/wp-content\/uploads\/2022\/02\/NEWSESTLYONNAIS-JMB-POD-FEM-550x825.jpg 550w, https:\/\/newsestlyonnais.fr\/site\/wp-content\/uploads\/2022\/02\/NEWSESTLYONNAIS-JMB-POD-FEM.jpg 800w\" sizes=\"auto, (max-width: 100px) 100vw, 100px\" \/><\/a>\n\t\t\t<\/div>\n\t\t\t\t<figcaption class='wp-caption-text gallery-caption' id='gallery-1-149609'>\n\t\t\t\tLe podium f\u00e9minin du semi \/ JMB \n\t\t\t\t<\/figcaption><\/figure><figure class='gallery-item'>\n\t\t\t<div class='gallery-icon landscape'>\n\t\t\t\t<a href='https:\/\/newsestlyonnais.fr\/site\/2022\/02\/20\/saint-priest-ils-etaient-plus-de-800-a-larrivee-des-foulees-san-priotes\/p1460946\/'><img loading=\"lazy\" decoding=\"async\" width=\"150\" height=\"113\" src=\"https:\/\/newsestlyonnais.fr\/site\/wp-content\/uploads\/2022\/02\/P1460946-250x188.jpg\" class=\"attachment-thumbnail size-thumbnail\" alt=\"\" aria-describedby=\"gallery-1-149592\" srcset=\"https:\/\/newsestlyonnais.fr\/site\/wp-content\/uploads\/2022\/02\/P1460946-250x188.jpg 250w, https:\/\/newsestlyonnais.fr\/site\/wp-content\/uploads\/2022\/02\/P1460946-400x300.jpg 400w, https:\/\/newsestlyonnais.fr\/site\/wp-content\/uploads\/2022\/02\/P1460946-650x488.jpg 650w, https:\/\/newsestlyonnais.fr\/site\/wp-content\/uploads\/2022\/02\/P1460946-768x576.jpg 768w, https:\/\/newsestlyonnais.fr\/site\/wp-content\/uploads\/2022\/02\/P1460946-150x113.jpg 150w, https:\/\/newsestlyonnais.fr\/site\/wp-content\/uploads\/2022\/02\/P1460946-50x38.jpg 50w, https:\/\/newsestlyonnais.fr\/site\/wp-content\/uploads\/2022\/02\/P1460946-100x75.jpg 100w, https:\/\/newsestlyonnais.fr\/site\/wp-content\/uploads\/2022\/02\/P1460946-200x150.jpg 200w, https:\/\/newsestlyonnais.fr\/site\/wp-content\/uploads\/2022\/02\/P1460946-300x225.jpg 300w, https:\/\/newsestlyonnais.fr\/site\/wp-content\/uploads\/2022\/02\/P1460946-350x263.jpg 350w, https:\/\/newsestlyonnais.fr\/site\/wp-content\/uploads\/2022\/02\/P1460946-450x338.jpg 450w, https:\/\/newsestlyonnais.fr\/site\/wp-content\/uploads\/2022\/02\/P1460946-500x375.jpg 500w, https:\/\/newsestlyonnais.fr\/site\/wp-content\/uploads\/2022\/02\/P1460946-550x413.jpg 550w, https:\/\/newsestlyonnais.fr\/site\/wp-content\/uploads\/2022\/02\/P1460946-800x600.jpg 800w, https:\/\/newsestlyonnais.fr\/site\/wp-content\/uploads\/2022\/02\/P1460946.jpg 1200w\" sizes=\"auto, (max-width: 150px) 100vw, 150px\" \/><\/a>\n\t\t\t<\/div>\n\t\t\t\t<figcaption class='wp-caption-text gallery-caption' id='gallery-1-149592'>\n\t\t\t\tLes \u00e9lus locaux et Abdel Daas (adjoint sports Rillieux) \n\t\t\t\t<\/figcaption><\/figure><figure class='gallery-item'>\n\t\t\t<div class='gallery-icon portrait'>\n\t\t\t\t<a href='https:\/\/newsestlyonnais.fr\/site\/2022\/02\/20\/saint-priest-ils-etaient-plus-de-800-a-larrivee-des-foulees-san-priotes\/newsestlyonnais-semi-jmb\/'><img loading=\"lazy\" decoding=\"async\" width=\"100\" height=\"150\" src=\"https:\/\/newsestlyonnais.fr\/site\/wp-content\/uploads\/2022\/02\/NEWSESTLYONNAIS-SEMI-JMB--250x375.jpg\" class=\"attachment-thumbnail size-thumbnail\" alt=\"\" aria-describedby=\"gallery-1-149606\" srcset=\"https:\/\/newsestlyonnais.fr\/site\/wp-content\/uploads\/2022\/02\/NEWSESTLYONNAIS-SEMI-JMB--250x375.jpg 250w, https:\/\/newsestlyonnais.fr\/site\/wp-content\/uploads\/2022\/02\/NEWSESTLYONNAIS-SEMI-JMB--400x600.jpg 400w, https:\/\/newsestlyonnais.fr\/site\/wp-content\/uploads\/2022\/02\/NEWSESTLYONNAIS-SEMI-JMB--650x975.jpg 650w, https:\/\/newsestlyonnais.fr\/site\/wp-content\/uploads\/2022\/02\/NEWSESTLYONNAIS-SEMI-JMB--768x1152.jpg 768w, https:\/\/newsestlyonnais.fr\/site\/wp-content\/uploads\/2022\/02\/NEWSESTLYONNAIS-SEMI-JMB--150x225.jpg 150w, https:\/\/newsestlyonnais.fr\/site\/wp-content\/uploads\/2022\/02\/NEWSESTLYONNAIS-SEMI-JMB--50x75.jpg 50w, https:\/\/newsestlyonnais.fr\/site\/wp-content\/uploads\/2022\/02\/NEWSESTLYONNAIS-SEMI-JMB--100x150.jpg 100w, https:\/\/newsestlyonnais.fr\/site\/wp-content\/uploads\/2022\/02\/NEWSESTLYONNAIS-SEMI-JMB--200x300.jpg 200w, https:\/\/newsestlyonnais.fr\/site\/wp-content\/uploads\/2022\/02\/NEWSESTLYONNAIS-SEMI-JMB--300x450.jpg 300w, https:\/\/newsestlyonnais.fr\/site\/wp-content\/uploads\/2022\/02\/NEWSESTLYONNAIS-SEMI-JMB--350x525.jpg 350w, https:\/\/newsestlyonnais.fr\/site\/wp-content\/uploads\/2022\/02\/NEWSESTLYONNAIS-SEMI-JMB--450x675.jpg 450w, https:\/\/newsestlyonnais.fr\/site\/wp-content\/uploads\/2022\/02\/NEWSESTLYONNAIS-SEMI-JMB--500x750.jpg 500w, https:\/\/newsestlyonnais.fr\/site\/wp-content\/uploads\/2022\/02\/NEWSESTLYONNAIS-SEMI-JMB--550x825.jpg 550w, https:\/\/newsestlyonnais.fr\/site\/wp-content\/uploads\/2022\/02\/NEWSESTLYONNAIS-SEMI-JMB-.jpg 800w\" sizes=\"auto, (max-width: 100px) 100vw, 100px\" \/><\/a>\n\t\t\t<\/div>\n\t\t\t\t<figcaption class='wp-caption-text gallery-caption' id='gallery-1-149606'>\n\t\t\t\tDieudonn\u00e9 Nsengiyumva remporte le semi \/ JMB\n\t\t\t\t<\/figcaption><\/figure><figure class='gallery-item'>\n\t\t\t<div class='gallery-icon landscape'>\n\t\t\t\t<a href='https:\/\/newsestlyonnais.fr\/site\/2022\/02\/20\/saint-priest-ils-etaient-plus-de-800-a-larrivee-des-foulees-san-priotes\/p1460941\/'><img loading=\"lazy\" decoding=\"async\" width=\"150\" height=\"113\" src=\"https:\/\/newsestlyonnais.fr\/site\/wp-content\/uploads\/2022\/02\/P1460941-250x188.jpg\" class=\"attachment-thumbnail size-thumbnail\" alt=\"\" srcset=\"https:\/\/newsestlyonnais.fr\/site\/wp-content\/uploads\/2022\/02\/P1460941-250x188.jpg 250w, https:\/\/newsestlyonnais.fr\/site\/wp-content\/uploads\/2022\/02\/P1460941-400x300.jpg 400w, https:\/\/newsestlyonnais.fr\/site\/wp-content\/uploads\/2022\/02\/P1460941-650x488.jpg 650w, https:\/\/newsestlyonnais.fr\/site\/wp-content\/uploads\/2022\/02\/P1460941-768x576.jpg 768w, https:\/\/newsestlyonnais.fr\/site\/wp-content\/uploads\/2022\/02\/P1460941-150x113.jpg 150w, https:\/\/newsestlyonnais.fr\/site\/wp-content\/uploads\/2022\/02\/P1460941-50x38.jpg 50w, https:\/\/newsestlyonnais.fr\/site\/wp-content\/uploads\/2022\/02\/P1460941-100x75.jpg 100w, https:\/\/newsestlyonnais.fr\/site\/wp-content\/uploads\/2022\/02\/P1460941-200x150.jpg 200w, https:\/\/newsestlyonnais.fr\/site\/wp-content\/uploads\/2022\/02\/P1460941-300x225.jpg 300w, https:\/\/newsestlyonnais.fr\/site\/wp-content\/uploads\/2022\/02\/P1460941-350x263.jpg 350w, https:\/\/newsestlyonnais.fr\/site\/wp-content\/uploads\/2022\/02\/P1460941-450x338.jpg 450w, https:\/\/newsestlyonnais.fr\/site\/wp-content\/uploads\/2022\/02\/P1460941-500x375.jpg 500w, https:\/\/newsestlyonnais.fr\/site\/wp-content\/uploads\/2022\/02\/P1460941-550x413.jpg 550w, https:\/\/newsestlyonnais.fr\/site\/wp-content\/uploads\/2022\/02\/P1460941-800x600.jpg 800w, https:\/\/newsestlyonnais.fr\/site\/wp-content\/uploads\/2022\/02\/P1460941.jpg 1200w\" sizes=\"auto, (max-width: 150px) 100vw, 150px\" \/><\/a>\n\t\t\t<\/div><\/figure><figure class='gallery-item'>\n\t\t\t<div class='gallery-icon landscape'>\n\t\t\t\t<a href='https:\/\/newsestlyonnais.fr\/site\/2022\/02\/20\/saint-priest-ils-etaient-plus-de-800-a-larrivee-des-foulees-san-priotes\/p1460947\/'><img loading=\"lazy\" decoding=\"async\" width=\"150\" height=\"113\" src=\"https:\/\/newsestlyonnais.fr\/site\/wp-content\/uploads\/2022\/02\/P1460947-250x188.jpg\" class=\"attachment-thumbnail size-thumbnail\" alt=\"\" srcset=\"https:\/\/newsestlyonnais.fr\/site\/wp-content\/uploads\/2022\/02\/P1460947-250x188.jpg 250w, https:\/\/newsestlyonnais.fr\/site\/wp-content\/uploads\/2022\/02\/P1460947-400x300.jpg 400w, https:\/\/newsestlyonnais.fr\/site\/wp-content\/uploads\/2022\/02\/P1460947-650x488.jpg 650w, https:\/\/newsestlyonnais.fr\/site\/wp-content\/uploads\/2022\/02\/P1460947-768x576.jpg 768w, https:\/\/newsestlyonnais.fr\/site\/wp-content\/uploads\/2022\/02\/P1460947-150x113.jpg 150w, https:\/\/newsestlyonnais.fr\/site\/wp-content\/uploads\/2022\/02\/P1460947-50x38.jpg 50w, https:\/\/newsestlyonnais.fr\/site\/wp-content\/uploads\/2022\/02\/P1460947-100x75.jpg 100w, https:\/\/newsestlyonnais.fr\/site\/wp-content\/uploads\/2022\/02\/P1460947-200x150.jpg 200w, https:\/\/newsestlyonnais.fr\/site\/wp-content\/uploads\/2022\/02\/P1460947-300x225.jpg 300w, https:\/\/newsestlyonnais.fr\/site\/wp-content\/uploads\/2022\/02\/P1460947-350x263.jpg 350w, https:\/\/newsestlyonnais.fr\/site\/wp-content\/uploads\/2022\/02\/P1460947-450x338.jpg 450w, https:\/\/newsestlyonnais.fr\/site\/wp-content\/uploads\/2022\/02\/P1460947-500x375.jpg 500w, https:\/\/newsestlyonnais.fr\/site\/wp-content\/uploads\/2022\/02\/P1460947-550x413.jpg 550w, https:\/\/newsestlyonnais.fr\/site\/wp-content\/uploads\/2022\/02\/P1460947-800x600.jpg 800w, https:\/\/newsestlyonnais.fr\/site\/wp-content\/uploads\/2022\/02\/P1460947.jpg 1200w\" sizes=\"auto, (max-width: 150px) 100vw, 150px\" \/><\/a>\n\t\t\t<\/div><\/figure><figure class='gallery-item'>\n\t\t\t<div class='gallery-icon landscape'>\n\t\t\t\t<a href='https:\/\/newsestlyonnais.fr\/site\/2022\/02\/20\/saint-priest-ils-etaient-plus-de-800-a-larrivee-des-foulees-san-priotes\/p1460944\/'><img loading=\"lazy\" decoding=\"async\" width=\"150\" height=\"113\" src=\"https:\/\/newsestlyonnais.fr\/site\/wp-content\/uploads\/2022\/02\/P1460944-250x188.jpg\" class=\"attachment-thumbnail size-thumbnail\" alt=\"\" srcset=\"https:\/\/newsestlyonnais.fr\/site\/wp-content\/uploads\/2022\/02\/P1460944-250x188.jpg 250w, https:\/\/newsestlyonnais.fr\/site\/wp-content\/uploads\/2022\/02\/P1460944-400x300.jpg 400w, https:\/\/newsestlyonnais.fr\/site\/wp-content\/uploads\/2022\/02\/P1460944-650x488.jpg 650w, https:\/\/newsestlyonnais.fr\/site\/wp-content\/uploads\/2022\/02\/P1460944-768x576.jpg 768w, https:\/\/newsestlyonnais.fr\/site\/wp-content\/uploads\/2022\/02\/P1460944-150x113.jpg 150w, https:\/\/newsestlyonnais.fr\/site\/wp-content\/uploads\/2022\/02\/P1460944-50x38.jpg 50w, https:\/\/newsestlyonnais.fr\/site\/wp-content\/uploads\/2022\/02\/P1460944-100x75.jpg 100w, https:\/\/newsestlyonnais.fr\/site\/wp-content\/uploads\/2022\/02\/P1460944-200x150.jpg 200w, https:\/\/newsestlyonnais.fr\/site\/wp-content\/uploads\/2022\/02\/P1460944-300x225.jpg 300w, https:\/\/newsestlyonnais.fr\/site\/wp-content\/uploads\/2022\/02\/P1460944-350x263.jpg 350w, https:\/\/newsestlyonnais.fr\/site\/wp-content\/uploads\/2022\/02\/P1460944-450x338.jpg 450w, https:\/\/newsestlyonnais.fr\/site\/wp-content\/uploads\/2022\/02\/P1460944-500x375.jpg 500w, https:\/\/newsestlyonnais.fr\/site\/wp-content\/uploads\/2022\/02\/P1460944-550x413.jpg 550w, https:\/\/newsestlyonnais.fr\/site\/wp-content\/uploads\/2022\/02\/P1460944-800x600.jpg 800w, https:\/\/newsestlyonnais.fr\/site\/wp-content\/uploads\/2022\/02\/P1460944.jpg 1200w\" sizes=\"auto, (max-width: 150px) 100vw, 150px\" \/><\/a>\n\t\t\t<\/div><\/figure>\n\t\t<\/div>\n\n<p>&nbsp;<\/p>\n","protected":false},"excerpt":{"rendered":"<p>Le Jocel Saint-Priest a mobilis\u00e9 200 b\u00e9n\u00e9voles ce dimanche matin pour la 26\u00b0 \u00e9dition de cette course p\u00e9destre. <\/p>\n","protected":false},"author":4,"featured_media":149580,"comment_status":"open","ping_status":"open","sticky":false,"template":"","format":"standard","meta":{"footnotes":""},"categories":[2968,1296,2],"tags":[2283,2370,2039],"class_list":["post-149573","post","type-post","status-publish","format-standard","has-post-thumbnail","hentry","category-athle-course-pied-marche","category-sain-priest","category-sports","tag-course-pedestre","tag-foulees-san-priotes","tag-saint-priest"],"yoast_head":"<!-- This site is optimized with the Yoast SEO plugin v27.2 - https:\/\/yoast.com\/product\/yoast-seo-wordpress\/ -->\n<title>SAINT-PRIEST | Ils \u00e9taient plus de 800 \u00e0 l&#039;arriv\u00e9e des Foul\u00e9es San-priotes - News Est Lyonnais<\/title>\n<meta name=\"description\" content=\"SAINT-PRIEST | Ils \u00e9taient plus de 800 \u00e0 l&#039;arriv\u00e9e des Foul\u00e9es San-priotes\" \/>\n<meta name=\"robots\" content=\"index, follow, max-snippet:-1, max-image-preview:large, max-video-preview:-1\" \/>\n<link rel=\"canonical\" href=\"https:\/\/newsestlyonnais.fr\/site\/2022\/02\/20\/saint-priest-ils-etaient-plus-de-800-a-larrivee-des-foulees-san-priotes\/\" \/>\n<meta property=\"og:locale\" content=\"fr_FR\" \/>\n<meta property=\"og:type\" content=\"article\" \/>\n<meta property=\"og:title\" content=\"SAINT-PRIEST | Ils \u00e9taient plus de 800 \u00e0 l&#039;arriv\u00e9e des Foul\u00e9es San-priotes - News Est Lyonnais\" \/>\n<meta property=\"og:description\" content=\"SAINT-PRIEST | Ils \u00e9taient plus de 800 \u00e0 l&#039;arriv\u00e9e des Foul\u00e9es San-priotes\" \/>\n<meta property=\"og:url\" content=\"https:\/\/newsestlyonnais.fr\/site\/2022\/02\/20\/saint-priest-ils-etaient-plus-de-800-a-larrivee-des-foulees-san-priotes\/\" \/>\n<meta property=\"og:site_name\" content=\"News Est Lyonnais\" \/>\n<meta property=\"article:author\" content=\"https:\/\/www.facebook.com\/pascal.oberson.1?fref=ts\" \/>\n<meta property=\"article:published_time\" content=\"2022-02-20T16:03:45+00:00\" \/>\n<meta property=\"article:modified_time\" content=\"2022-02-25T08:41:56+00:00\" \/>\n<meta property=\"og:image\" content=\"https:\/\/newsestlyonnais.fr\/site\/wp-content\/uploads\/2022\/02\/NEWSESTLYONNAIS-JMB-FOULEES-2022.jpg\" \/>\n\t<meta property=\"og:image:width\" content=\"1200\" \/>\n\t<meta property=\"og:image:height\" content=\"800\" \/>\n\t<meta property=\"og:image:type\" content=\"image\/jpeg\" \/>\n<meta name=\"author\" content=\"R\u00e9dac. NEWS\" \/>\n<meta name=\"twitter:card\" content=\"summary_large_image\" \/>\n<meta name=\"twitter:label1\" content=\"\u00c9crit par\" \/>\n\t<meta name=\"twitter:data1\" content=\"R\u00e9dac. NEWS\" \/>\n\t<meta name=\"twitter:label2\" content=\"Dur\u00e9e de lecture estim\u00e9e\" \/>\n\t<meta name=\"twitter:data2\" content=\"1 minute\" \/>\n<script type=\"application\/ld+json\" class=\"yoast-schema-graph\">{\"@context\":\"https:\/\/schema.org\",\"@graph\":[{\"@type\":\"Article\",\"@id\":\"https:\/\/newsestlyonnais.fr\/site\/2022\/02\/20\/saint-priest-ils-etaient-plus-de-800-a-larrivee-des-foulees-san-priotes\/#article\",\"isPartOf\":{\"@id\":\"https:\/\/newsestlyonnais.fr\/site\/2022\/02\/20\/saint-priest-ils-etaient-plus-de-800-a-larrivee-des-foulees-san-priotes\/\"},\"author\":{\"name\":\"R\u00e9dac. NEWS\",\"@id\":\"https:\/\/newsestlyonnais.fr\/site\/#\/schema\/person\/3230d5615f390bb808365d673001e887\"},\"headline\":\"SAINT-PRIEST | Ils \u00e9taient plus de 800 \u00e0 l&rsquo;arriv\u00e9e des Foul\u00e9es San-priotes\",\"datePublished\":\"2022-02-20T16:03:45+00:00\",\"dateModified\":\"2022-02-25T08:41:56+00:00\",\"mainEntityOfPage\":{\"@id\":\"https:\/\/newsestlyonnais.fr\/site\/2022\/02\/20\/saint-priest-ils-etaient-plus-de-800-a-larrivee-des-foulees-san-priotes\/\"},\"wordCount\":147,\"commentCount\":1,\"publisher\":{\"@id\":\"https:\/\/newsestlyonnais.fr\/site\/#organization\"},\"image\":{\"@id\":\"https:\/\/newsestlyonnais.fr\/site\/2022\/02\/20\/saint-priest-ils-etaient-plus-de-800-a-larrivee-des-foulees-san-priotes\/#primaryimage\"},\"thumbnailUrl\":\"https:\/\/newsestlyonnais.fr\/site\/wp-content\/uploads\/2022\/02\/NEWSESTLYONNAIS-JMB-FOULEES-2022.jpg\",\"keywords\":[\"course p\u00e9destre\",\"FOULEES SAN-PRIOTES\",\"SAINT PRIEST\"],\"articleSection\":[\"Athl\u00e9 | Course pied | Marche\",\"Saint-Priest\",\"Sports\"],\"inLanguage\":\"fr-FR\",\"potentialAction\":[{\"@type\":\"CommentAction\",\"name\":\"Comment\",\"target\":[\"https:\/\/newsestlyonnais.fr\/site\/2022\/02\/20\/saint-priest-ils-etaient-plus-de-800-a-larrivee-des-foulees-san-priotes\/#respond\"]}]},{\"@type\":\"WebPage\",\"@id\":\"https:\/\/newsestlyonnais.fr\/site\/2022\/02\/20\/saint-priest-ils-etaient-plus-de-800-a-larrivee-des-foulees-san-priotes\/\",\"url\":\"https:\/\/newsestlyonnais.fr\/site\/2022\/02\/20\/saint-priest-ils-etaient-plus-de-800-a-larrivee-des-foulees-san-priotes\/\",\"name\":\"SAINT-PRIEST | Ils \u00e9taient plus de 800 \u00e0 l'arriv\u00e9e des Foul\u00e9es San-priotes - News Est Lyonnais\",\"isPartOf\":{\"@id\":\"https:\/\/newsestlyonnais.fr\/site\/#website\"},\"primaryImageOfPage\":{\"@id\":\"https:\/\/newsestlyonnais.fr\/site\/2022\/02\/20\/saint-priest-ils-etaient-plus-de-800-a-larrivee-des-foulees-san-priotes\/#primaryimage\"},\"image\":{\"@id\":\"https:\/\/newsestlyonnais.fr\/site\/2022\/02\/20\/saint-priest-ils-etaient-plus-de-800-a-larrivee-des-foulees-san-priotes\/#primaryimage\"},\"thumbnailUrl\":\"https:\/\/newsestlyonnais.fr\/site\/wp-content\/uploads\/2022\/02\/NEWSESTLYONNAIS-JMB-FOULEES-2022.jpg\",\"datePublished\":\"2022-02-20T16:03:45+00:00\",\"dateModified\":\"2022-02-25T08:41:56+00:00\",\"description\":\"SAINT-PRIEST | Ils \u00e9taient plus de 800 \u00e0 l'arriv\u00e9e des Foul\u00e9es San-priotes\",\"breadcrumb\":{\"@id\":\"https:\/\/newsestlyonnais.fr\/site\/2022\/02\/20\/saint-priest-ils-etaient-plus-de-800-a-larrivee-des-foulees-san-priotes\/#breadcrumb\"},\"inLanguage\":\"fr-FR\",\"potentialAction\":[{\"@type\":\"ReadAction\",\"target\":[\"https:\/\/newsestlyonnais.fr\/site\/2022\/02\/20\/saint-priest-ils-etaient-plus-de-800-a-larrivee-des-foulees-san-priotes\/\"]}]},{\"@type\":\"ImageObject\",\"inLanguage\":\"fr-FR\",\"@id\":\"https:\/\/newsestlyonnais.fr\/site\/2022\/02\/20\/saint-priest-ils-etaient-plus-de-800-a-larrivee-des-foulees-san-priotes\/#primaryimage\",\"url\":\"https:\/\/newsestlyonnais.fr\/site\/wp-content\/uploads\/2022\/02\/NEWSESTLYONNAIS-JMB-FOULEES-2022.jpg\",\"contentUrl\":\"https:\/\/newsestlyonnais.fr\/site\/wp-content\/uploads\/2022\/02\/NEWSESTLYONNAIS-JMB-FOULEES-2022.jpg\",\"width\":1200,\"height\":800},{\"@type\":\"BreadcrumbList\",\"@id\":\"https:\/\/newsestlyonnais.fr\/site\/2022\/02\/20\/saint-priest-ils-etaient-plus-de-800-a-larrivee-des-foulees-san-priotes\/#breadcrumb\",\"itemListElement\":[{\"@type\":\"ListItem\",\"position\":1,\"name\":\"Accueil\",\"item\":\"https:\/\/newsestlyonnais.fr\/site\/\"},{\"@type\":\"ListItem\",\"position\":2,\"name\":\"SAINT-PRIEST | Ils \u00e9taient plus de 800 \u00e0 l&rsquo;arriv\u00e9e des Foul\u00e9es San-priotes\"}]},{\"@type\":\"WebSite\",\"@id\":\"https:\/\/newsestlyonnais.fr\/site\/#website\",\"url\":\"https:\/\/newsestlyonnais.fr\/site\/\",\"name\":\"News Est Lyonnais\",\"description\":\"L&#039;actualit\u00e9 au plus pr\u00e8s\",\"publisher\":{\"@id\":\"https:\/\/newsestlyonnais.fr\/site\/#organization\"},\"potentialAction\":[{\"@type\":\"SearchAction\",\"target\":{\"@type\":\"EntryPoint\",\"urlTemplate\":\"https:\/\/newsestlyonnais.fr\/site\/?s={search_term_string}\"},\"query-input\":{\"@type\":\"PropertyValueSpecification\",\"valueRequired\":true,\"valueName\":\"search_term_string\"}}],\"inLanguage\":\"fr-FR\"},{\"@type\":\"Organization\",\"@id\":\"https:\/\/newsestlyonnais.fr\/site\/#organization\",\"name\":\"News EST LYONNAIS\",\"url\":\"https:\/\/newsestlyonnais.fr\/site\/\",\"logo\":{\"@type\":\"ImageObject\",\"inLanguage\":\"fr-FR\",\"@id\":\"https:\/\/newsestlyonnais.fr\/site\/#\/schema\/logo\/image\/\",\"url\":\"\",\"contentUrl\":\"\",\"caption\":\"News EST LYONNAIS\"},\"image\":{\"@id\":\"https:\/\/newsestlyonnais.fr\/site\/#\/schema\/logo\/image\/\"}},{\"@type\":\"Person\",\"@id\":\"https:\/\/newsestlyonnais.fr\/site\/#\/schema\/person\/3230d5615f390bb808365d673001e887\",\"name\":\"R\u00e9dac. NEWS\",\"sameAs\":[\"http:\/\/www.newsestlyonnais.fr\",\"https:\/\/www.facebook.com\/pascal.oberson.1?fref=ts\",\"https:\/\/fr.linkedin.com\/in\/pascal-oberson-b17045113\"],\"url\":\"https:\/\/newsestlyonnais.fr\/site\/author\/nel\/\"}]}<\/script>\n<!-- \/ Yoast SEO plugin. -->","yoast_head_json":{"title":"SAINT-PRIEST | Ils \u00e9taient plus de 800 \u00e0 l'arriv\u00e9e des Foul\u00e9es San-priotes - News Est Lyonnais","description":"SAINT-PRIEST | Ils \u00e9taient plus de 800 \u00e0 l'arriv\u00e9e des Foul\u00e9es San-priotes","robots":{"index":"index","follow":"follow","max-snippet":"max-snippet:-1","max-image-preview":"max-image-preview:large","max-video-preview":"max-video-preview:-1"},"canonical":"https:\/\/newsestlyonnais.fr\/site\/2022\/02\/20\/saint-priest-ils-etaient-plus-de-800-a-larrivee-des-foulees-san-priotes\/","og_locale":"fr_FR","og_type":"article","og_title":"SAINT-PRIEST | Ils \u00e9taient plus de 800 \u00e0 l'arriv\u00e9e des Foul\u00e9es San-priotes - News Est Lyonnais","og_description":"SAINT-PRIEST | Ils \u00e9taient plus de 800 \u00e0 l'arriv\u00e9e des Foul\u00e9es San-priotes","og_url":"https:\/\/newsestlyonnais.fr\/site\/2022\/02\/20\/saint-priest-ils-etaient-plus-de-800-a-larrivee-des-foulees-san-priotes\/","og_site_name":"News Est Lyonnais","article_author":"https:\/\/www.facebook.com\/pascal.oberson.1?fref=ts","article_published_time":"2022-02-20T16:03:45+00:00","article_modified_time":"2022-02-25T08:41:56+00:00","og_image":[{"width":1200,"height":800,"url":"https:\/\/newsestlyonnais.fr\/site\/wp-content\/uploads\/2022\/02\/NEWSESTLYONNAIS-JMB-FOULEES-2022.jpg","type":"image\/jpeg"}],"author":"R\u00e9dac. NEWS","twitter_card":"summary_large_image","twitter_misc":{"\u00c9crit par":"R\u00e9dac. NEWS","Dur\u00e9e de lecture estim\u00e9e":"1 minute"},"schema":{"@context":"https:\/\/schema.org","@graph":[{"@type":"Article","@id":"https:\/\/newsestlyonnais.fr\/site\/2022\/02\/20\/saint-priest-ils-etaient-plus-de-800-a-larrivee-des-foulees-san-priotes\/#article","isPartOf":{"@id":"https:\/\/newsestlyonnais.fr\/site\/2022\/02\/20\/saint-priest-ils-etaient-plus-de-800-a-larrivee-des-foulees-san-priotes\/"},"author":{"name":"R\u00e9dac. NEWS","@id":"https:\/\/newsestlyonnais.fr\/site\/#\/schema\/person\/3230d5615f390bb808365d673001e887"},"headline":"SAINT-PRIEST | Ils \u00e9taient plus de 800 \u00e0 l&rsquo;arriv\u00e9e des Foul\u00e9es San-priotes","datePublished":"2022-02-20T16:03:45+00:00","dateModified":"2022-02-25T08:41:56+00:00","mainEntityOfPage":{"@id":"https:\/\/newsestlyonnais.fr\/site\/2022\/02\/20\/saint-priest-ils-etaient-plus-de-800-a-larrivee-des-foulees-san-priotes\/"},"wordCount":147,"commentCount":1,"publisher":{"@id":"https:\/\/newsestlyonnais.fr\/site\/#organization"},"image":{"@id":"https:\/\/newsestlyonnais.fr\/site\/2022\/02\/20\/saint-priest-ils-etaient-plus-de-800-a-larrivee-des-foulees-san-priotes\/#primaryimage"},"thumbnailUrl":"https:\/\/newsestlyonnais.fr\/site\/wp-content\/uploads\/2022\/02\/NEWSESTLYONNAIS-JMB-FOULEES-2022.jpg","keywords":["course p\u00e9destre","FOULEES SAN-PRIOTES","SAINT PRIEST"],"articleSection":["Athl\u00e9 | Course pied | Marche","Saint-Priest","Sports"],"inLanguage":"fr-FR","potentialAction":[{"@type":"CommentAction","name":"Comment","target":["https:\/\/newsestlyonnais.fr\/site\/2022\/02\/20\/saint-priest-ils-etaient-plus-de-800-a-larrivee-des-foulees-san-priotes\/#respond"]}]},{"@type":"WebPage","@id":"https:\/\/newsestlyonnais.fr\/site\/2022\/02\/20\/saint-priest-ils-etaient-plus-de-800-a-larrivee-des-foulees-san-priotes\/","url":"https:\/\/newsestlyonnais.fr\/site\/2022\/02\/20\/saint-priest-ils-etaient-plus-de-800-a-larrivee-des-foulees-san-priotes\/","name":"SAINT-PRIEST | Ils \u00e9taient plus de 800 \u00e0 l'arriv\u00e9e des Foul\u00e9es San-priotes - News Est Lyonnais","isPartOf":{"@id":"https:\/\/newsestlyonnais.fr\/site\/#website"},"primaryImageOfPage":{"@id":"https:\/\/newsestlyonnais.fr\/site\/2022\/02\/20\/saint-priest-ils-etaient-plus-de-800-a-larrivee-des-foulees-san-priotes\/#primaryimage"},"image":{"@id":"https:\/\/newsestlyonnais.fr\/site\/2022\/02\/20\/saint-priest-ils-etaient-plus-de-800-a-larrivee-des-foulees-san-priotes\/#primaryimage"},"thumbnailUrl":"https:\/\/newsestlyonnais.fr\/site\/wp-content\/uploads\/2022\/02\/NEWSESTLYONNAIS-JMB-FOULEES-2022.jpg","datePublished":"2022-02-20T16:03:45+00:00","dateModified":"2022-02-25T08:41:56+00:00","description":"SAINT-PRIEST | Ils \u00e9taient plus de 800 \u00e0 l'arriv\u00e9e des Foul\u00e9es San-priotes","breadcrumb":{"@id":"https:\/\/newsestlyonnais.fr\/site\/2022\/02\/20\/saint-priest-ils-etaient-plus-de-800-a-larrivee-des-foulees-san-priotes\/#breadcrumb"},"inLanguage":"fr-FR","potentialAction":[{"@type":"ReadAction","target":["https:\/\/newsestlyonnais.fr\/site\/2022\/02\/20\/saint-priest-ils-etaient-plus-de-800-a-larrivee-des-foulees-san-priotes\/"]}]},{"@type":"ImageObject","inLanguage":"fr-FR","@id":"https:\/\/newsestlyonnais.fr\/site\/2022\/02\/20\/saint-priest-ils-etaient-plus-de-800-a-larrivee-des-foulees-san-priotes\/#primaryimage","url":"https:\/\/newsestlyonnais.fr\/site\/wp-content\/uploads\/2022\/02\/NEWSESTLYONNAIS-JMB-FOULEES-2022.jpg","contentUrl":"https:\/\/newsestlyonnais.fr\/site\/wp-content\/uploads\/2022\/02\/NEWSESTLYONNAIS-JMB-FOULEES-2022.jpg","width":1200,"height":800},{"@type":"BreadcrumbList","@id":"https:\/\/newsestlyonnais.fr\/site\/2022\/02\/20\/saint-priest-ils-etaient-plus-de-800-a-larrivee-des-foulees-san-priotes\/#breadcrumb","itemListElement":[{"@type":"ListItem","position":1,"name":"Accueil","item":"https:\/\/newsestlyonnais.fr\/site\/"},{"@type":"ListItem","position":2,"name":"SAINT-PRIEST | Ils \u00e9taient plus de 800 \u00e0 l&rsquo;arriv\u00e9e des Foul\u00e9es San-priotes"}]},{"@type":"WebSite","@id":"https:\/\/newsestlyonnais.fr\/site\/#website","url":"https:\/\/newsestlyonnais.fr\/site\/","name":"News Est Lyonnais","description":"L&#039;actualit\u00e9 au plus pr\u00e8s","publisher":{"@id":"https:\/\/newsestlyonnais.fr\/site\/#organization"},"potentialAction":[{"@type":"SearchAction","target":{"@type":"EntryPoint","urlTemplate":"https:\/\/newsestlyonnais.fr\/site\/?s={search_term_string}"},"query-input":{"@type":"PropertyValueSpecification","valueRequired":true,"valueName":"search_term_string"}}],"inLanguage":"fr-FR"},{"@type":"Organization","@id":"https:\/\/newsestlyonnais.fr\/site\/#organization","name":"News EST LYONNAIS","url":"https:\/\/newsestlyonnais.fr\/site\/","logo":{"@type":"ImageObject","inLanguage":"fr-FR","@id":"https:\/\/newsestlyonnais.fr\/site\/#\/schema\/logo\/image\/","url":"","contentUrl":"","caption":"News EST LYONNAIS"},"image":{"@id":"https:\/\/newsestlyonnais.fr\/site\/#\/schema\/logo\/image\/"}},{"@type":"Person","@id":"https:\/\/newsestlyonnais.fr\/site\/#\/schema\/person\/3230d5615f390bb808365d673001e887","name":"R\u00e9dac. NEWS","sameAs":["http:\/\/www.newsestlyonnais.fr","https:\/\/www.facebook.com\/pascal.oberson.1?fref=ts","https:\/\/fr.linkedin.com\/in\/pascal-oberson-b17045113"],"url":"https:\/\/newsestlyonnais.fr\/site\/author\/nel\/"}]}},"_links":{"self":[{"href":"https:\/\/newsestlyonnais.fr\/site\/wp-json\/wp\/v2\/posts\/149573","targetHints":{"allow":["GET"]}}],"collection":[{"href":"https:\/\/newsestlyonnais.fr\/site\/wp-json\/wp\/v2\/posts"}],"about":[{"href":"https:\/\/newsestlyonnais.fr\/site\/wp-json\/wp\/v2\/types\/post"}],"author":[{"embeddable":true,"href":"https:\/\/newsestlyonnais.fr\/site\/wp-json\/wp\/v2\/users\/4"}],"replies":[{"embeddable":true,"href":"https:\/\/newsestlyonnais.fr\/site\/wp-json\/wp\/v2\/comments?post=149573"}],"version-history":[{"count":0,"href":"https:\/\/newsestlyonnais.fr\/site\/wp-json\/wp\/v2\/posts\/149573\/revisions"}],"wp:featuredmedia":[{"embeddable":true,"href":"https:\/\/newsestlyonnais.fr\/site\/wp-json\/wp\/v2\/media\/149580"}],"wp:attachment":[{"href":"https:\/\/newsestlyonnais.fr\/site\/wp-json\/wp\/v2\/media?parent=149573"}],"wp:term":[{"taxonomy":"category","embeddable":true,"href":"https:\/\/newsestlyonnais.fr\/site\/wp-json\/wp\/v2\/categories?post=149573"},{"taxonomy":"post_tag","embeddable":true,"href":"https:\/\/newsestlyonnais.fr\/site\/wp-json\/wp\/v2\/tags?post=149573"}],"curies":[{"name":"wp","href":"https:\/\/api.w.org\/{rel}","templated":true}]}}