{"id":150253,"date":"2022-03-03T07:23:45","date_gmt":"2022-03-03T06:23:45","guid":{"rendered":"https:\/\/newsestlyonnais.fr\/site\/?p=150253"},"modified":"2022-03-04T15:17:49","modified_gmt":"2022-03-04T14:17:49","slug":"philippe-bacconnier-revient-sur-sa-transjurassienne","status":"publish","type":"post","link":"https:\/\/newsestlyonnais.fr\/site\/2022\/03\/03\/philippe-bacconnier-revient-sur-sa-transjurassienne\/","title":{"rendered":"Philippe Bacconnier revient sur sa \u00ab\u00a0Transjurassienne\u00a0\u00bb"},"content":{"rendered":"<div dir=\"ltr\">\n<div dir=\"ltr\">\n<div>\n<p><strong><span style=\"background-color: #000000; color: #ffffff; font-size: 14pt;\">Pr\u00e9sentation sommaire de tes diverses fonctions de dirigeant :<\/span><\/strong><\/p>\n<p>\u00bb Concernant <strong>l\u2019ASUL Bron Athl\u00e9tisme, je suis tr\u00e9sorier du club<\/strong> depuis septembre 2019.<\/p>\n<p>Je suis \u00e9galement <strong>\u00e9lu au comit\u00e9 directeur du Comit\u00e9 d\u2019athl\u00e9tisme du Rh\u00f4ne et de la m\u00e9tropole de Lyon<\/strong> depuis 4 ans (et membre de la commission d\u00e9partementale du Running). \u00a0\u00bb<\/p>\n<p><span style=\"background-color: #000000; color: #ffffff; font-size: 14pt;\"><strong>Depuis quand pratiques tu le ski de fond et fais de la comp\u00e9tition ?<\/strong><\/span><u><br \/>\n<\/u><\/p>\n<p>\u00a0\u00bb <strong>Je pratique r\u00e9guli\u00e8rement le ski de fond depuis 4 ans<\/strong> (environ une dizaine de sorties par saison) et cette ann\u00e9e l\u2019opportunit\u00e9 de participer \u00e0 la Transju, <strong>ma premi\u00e8re comp\u00e9tition chronom\u00e9tr\u00e9e<\/strong>, s\u2019est pr\u00e9sent\u00e9e gr\u00e2ce \u00e0 des coll\u00e8gues de l\u2019ESL Francheville. \u00a0\u00bb<\/p>\n<hr \/>\n<p><span style=\"background-color: #000000; color: #ffffff;\"><strong><span style=\"font-size: 14pt; background-color: #000000;\">Pourquoi cette course, l&rsquo;avais tu d\u00e9j\u00e0 faite, ou en avais tu seulement entendu parl\u00e9 ?<\/span><\/strong><\/span><\/p>\n<p>\u00a0\u00bb Il devait donner une r\u00e9ponse rapide pour prendre part \u00e0 l\u2019\u00e9v\u00e9nement.\u00a0 Le c\u00f4t\u00e9 logistique est important, l\u2019h\u00e9bergement notamment dans un secteur tr\u00e8s restreint.<\/p>\n<p><strong>Pour moi la Transju \u00e9tait un mythe<\/strong>, et donc prendre mon premier dossard \u00e0 cette occasion \u00e9tait une grande satisfaction. \u00c9videmment, l\u2019appr\u00e9hension montait \u00e0 l\u2019approche de l\u2019\u00e9preuve, mais mon exp\u00e9rience en course \u00e0 pied m\u2019a \u00e9t\u00e9 tr\u00e8s utile. \u00a0\u00bb<\/p>\n<p><span style=\"background-color: #000000; color: #ffffff; font-size: 14pt;\"><strong>Quels \u00e9taient tes objectifs ? Plaisir ? Finir ?<\/strong><\/span><\/p>\n<p>\u00a0\u00bb Ne pas partir trop vite, ne manquer aucun ravitaillement, bien s\u2019hydrater et <strong>se fixer un seul objectif : TERMINER<\/strong> \u00a0\u00bb<\/p>\n<p>Tr\u00e8s humblement, je n\u2019ai pas trouv\u00e9 la Transju si difficile. <strong>La distance initiale de 70 km a \u00e9t\u00e9 ramen\u00e9e \u00e0 65 km<\/strong> par manque de neige sur la fin du parcours. \u00a0\u00bb<\/p>\n<p><span style=\"background-color: #000000; color: #ffffff; font-size: 14pt;\"><strong>Quelles sont ces sp\u00e9cificit\u00e9s et difficult\u00e9s (distances, d\u00e9nivel\u00e9s, etc ) ?<\/strong><\/span><\/p>\n<p>\u00a0\u00bb Un d\u00e9nivel\u00e9 positif de + 1.300 m, une difficult\u00e9 la c\u00e9l\u00e8bre c\u00f4te du Rizoud \u00e0 la mi-course, et <strong>surtout un public tr\u00e8s enthousiaste dans la travers\u00e9e de tous les villages<\/strong>. \u00a0\u00bb<\/p>\n<p><span style=\"background-color: #000000; color: #ffffff; font-size: 14pt;\"><strong>Comment s\u2019est elle pass\u00e9e ? As-tu pu g\u00e9rer ta course comme tu le souhaitais ?<\/strong><\/span><\/p>\n<p>\u00a0\u00bb Bien \u00e9videmment ma performance finale est loin du chrono des premiers arrivants en 2 h 40, je mets 2 fois plus de temps et dois terminer dans le dernier tiers des participants (1.800 au d\u00e9part). \u00a0\u00bb<\/p>\n<p><span style=\"background-color: #000000; color: #ffffff; font-size: 14pt;\"><strong>En conclusion ? <\/strong><\/span><\/p>\n<p>\u00a0\u00bb Je dois dire que <strong>ce fut un grand plaisir de terminer<\/strong>, et j\u2019ai identifi\u00e9 les points \u00e0 am\u00e9liorer pour renouveler ma participation ! \u00a0\u00bb<\/p>\n<hr \/>\n<p><a href=\"https:\/\/www.latransju.com\"><span style=\"color: #ffcc00;\"><strong><span style=\"background-color: #000000;\"><span style=\"font-size: 14pt;\">+ d&rsquo;infos sur la Tranjurassienne<\/span><\/span> <\/strong><\/span><\/a><\/p>\n<hr \/>\n<div id='gallery-1' class='gallery galleryid-150253 gallery-columns-4 gallery-size-thumbnail'><figure class='gallery-item'>\n\t\t\t<div class='gallery-icon landscape'>\n\t\t\t\t<a href='https:\/\/newsestlyonnais.fr\/site\/2022\/03\/03\/philippe-bacconnier-revient-sur-sa-transjurassienne\/transju5\/'><img loading=\"lazy\" decoding=\"async\" width=\"150\" height=\"113\" src=\"https:\/\/newsestlyonnais.fr\/site\/wp-content\/uploads\/2022\/03\/Transju5-250x188.jpg\" class=\"attachment-thumbnail size-thumbnail\" alt=\"\" aria-describedby=\"gallery-1-150275\" srcset=\"https:\/\/newsestlyonnais.fr\/site\/wp-content\/uploads\/2022\/03\/Transju5-250x188.jpg 250w, https:\/\/newsestlyonnais.fr\/site\/wp-content\/uploads\/2022\/03\/Transju5-400x300.jpg 400w, https:\/\/newsestlyonnais.fr\/site\/wp-content\/uploads\/2022\/03\/Transju5-650x488.jpg 650w, https:\/\/newsestlyonnais.fr\/site\/wp-content\/uploads\/2022\/03\/Transju5-768x576.jpg 768w, https:\/\/newsestlyonnais.fr\/site\/wp-content\/uploads\/2022\/03\/Transju5-150x113.jpg 150w, https:\/\/newsestlyonnais.fr\/site\/wp-content\/uploads\/2022\/03\/Transju5-50x38.jpg 50w, https:\/\/newsestlyonnais.fr\/site\/wp-content\/uploads\/2022\/03\/Transju5-100x75.jpg 100w, https:\/\/newsestlyonnais.fr\/site\/wp-content\/uploads\/2022\/03\/Transju5-200x150.jpg 200w, https:\/\/newsestlyonnais.fr\/site\/wp-content\/uploads\/2022\/03\/Transju5-300x225.jpg 300w, https:\/\/newsestlyonnais.fr\/site\/wp-content\/uploads\/2022\/03\/Transju5-350x263.jpg 350w, https:\/\/newsestlyonnais.fr\/site\/wp-content\/uploads\/2022\/03\/Transju5-450x338.jpg 450w, https:\/\/newsestlyonnais.fr\/site\/wp-content\/uploads\/2022\/03\/Transju5-500x375.jpg 500w, https:\/\/newsestlyonnais.fr\/site\/wp-content\/uploads\/2022\/03\/Transju5-550x413.jpg 550w, https:\/\/newsestlyonnais.fr\/site\/wp-content\/uploads\/2022\/03\/Transju5-800x600.jpg 800w, https:\/\/newsestlyonnais.fr\/site\/wp-content\/uploads\/2022\/03\/Transju5.jpg 1024w\" sizes=\"auto, (max-width: 150px) 100vw, 150px\" \/><\/a>\n\t\t\t<\/div>\n\t\t\t\t<figcaption class='wp-caption-text gallery-caption' id='gallery-1-150275'>\n\t\t\t\tPhilippe avec le dossard \u00ab\u00a03248\u00a0\u00bb\n\t\t\t\t<\/figcaption><\/figure><figure class='gallery-item'>\n\t\t\t<div class='gallery-icon portrait'>\n\t\t\t\t<a href='https:\/\/newsestlyonnais.fr\/site\/2022\/03\/03\/philippe-bacconnier-revient-sur-sa-transjurassienne\/transju2\/'><img loading=\"lazy\" decoding=\"async\" width=\"113\" height=\"150\" src=\"https:\/\/newsestlyonnais.fr\/site\/wp-content\/uploads\/2022\/03\/Transju2-250x333.jpg\" class=\"attachment-thumbnail size-thumbnail\" alt=\"\" aria-describedby=\"gallery-1-150272\" srcset=\"https:\/\/newsestlyonnais.fr\/site\/wp-content\/uploads\/2022\/03\/Transju2-250x333.jpg 250w, https:\/\/newsestlyonnais.fr\/site\/wp-content\/uploads\/2022\/03\/Transju2-400x533.jpg 400w, https:\/\/newsestlyonnais.fr\/site\/wp-content\/uploads\/2022\/03\/Transju2-650x867.jpg 650w, https:\/\/newsestlyonnais.fr\/site\/wp-content\/uploads\/2022\/03\/Transju2-768x1024.jpg 768w, https:\/\/newsestlyonnais.fr\/site\/wp-content\/uploads\/2022\/03\/Transju2-150x200.jpg 150w, https:\/\/newsestlyonnais.fr\/site\/wp-content\/uploads\/2022\/03\/Transju2-50x67.jpg 50w, https:\/\/newsestlyonnais.fr\/site\/wp-content\/uploads\/2022\/03\/Transju2-100x133.jpg 100w, https:\/\/newsestlyonnais.fr\/site\/wp-content\/uploads\/2022\/03\/Transju2-200x267.jpg 200w, https:\/\/newsestlyonnais.fr\/site\/wp-content\/uploads\/2022\/03\/Transju2-300x400.jpg 300w, https:\/\/newsestlyonnais.fr\/site\/wp-content\/uploads\/2022\/03\/Transju2-350x467.jpg 350w, https:\/\/newsestlyonnais.fr\/site\/wp-content\/uploads\/2022\/03\/Transju2-450x600.jpg 450w, https:\/\/newsestlyonnais.fr\/site\/wp-content\/uploads\/2022\/03\/Transju2-500x667.jpg 500w, https:\/\/newsestlyonnais.fr\/site\/wp-content\/uploads\/2022\/03\/Transju2-550x733.jpg 550w, https:\/\/newsestlyonnais.fr\/site\/wp-content\/uploads\/2022\/03\/Transju2-800x1067.jpg 800w, https:\/\/newsestlyonnais.fr\/site\/wp-content\/uploads\/2022\/03\/Transju2.jpg 900w\" sizes=\"auto, (max-width: 113px) 100vw, 113px\" \/><\/a>\n\t\t\t<\/div>\n\t\t\t\t<figcaption class='wp-caption-text gallery-caption' id='gallery-1-150272'>\n\t\t\t\t\u00e0 droite sur la photo avec la m\u00e9daille de \u00ab\u00a0finisher\u00a0\u00bb\n\t\t\t\t<\/figcaption><\/figure><figure class='gallery-item'>\n\t\t\t<div class='gallery-icon landscape'>\n\t\t\t\t<a href='https:\/\/newsestlyonnais.fr\/site\/2022\/03\/03\/philippe-bacconnier-revient-sur-sa-transjurassienne\/transju1\/'><img loading=\"lazy\" decoding=\"async\" width=\"150\" height=\"113\" src=\"https:\/\/newsestlyonnais.fr\/site\/wp-content\/uploads\/2022\/03\/Transju1-250x188.jpg\" class=\"attachment-thumbnail size-thumbnail\" alt=\"\" srcset=\"https:\/\/newsestlyonnais.fr\/site\/wp-content\/uploads\/2022\/03\/Transju1-250x188.jpg 250w, https:\/\/newsestlyonnais.fr\/site\/wp-content\/uploads\/2022\/03\/Transju1-400x300.jpg 400w, https:\/\/newsestlyonnais.fr\/site\/wp-content\/uploads\/2022\/03\/Transju1-650x488.jpg 650w, https:\/\/newsestlyonnais.fr\/site\/wp-content\/uploads\/2022\/03\/Transju1-768x576.jpg 768w, https:\/\/newsestlyonnais.fr\/site\/wp-content\/uploads\/2022\/03\/Transju1-150x113.jpg 150w, https:\/\/newsestlyonnais.fr\/site\/wp-content\/uploads\/2022\/03\/Transju1-50x38.jpg 50w, https:\/\/newsestlyonnais.fr\/site\/wp-content\/uploads\/2022\/03\/Transju1-100x75.jpg 100w, https:\/\/newsestlyonnais.fr\/site\/wp-content\/uploads\/2022\/03\/Transju1-200x150.jpg 200w, https:\/\/newsestlyonnais.fr\/site\/wp-content\/uploads\/2022\/03\/Transju1-300x225.jpg 300w, https:\/\/newsestlyonnais.fr\/site\/wp-content\/uploads\/2022\/03\/Transju1-350x263.jpg 350w, https:\/\/newsestlyonnais.fr\/site\/wp-content\/uploads\/2022\/03\/Transju1-450x338.jpg 450w, https:\/\/newsestlyonnais.fr\/site\/wp-content\/uploads\/2022\/03\/Transju1-500x375.jpg 500w, https:\/\/newsestlyonnais.fr\/site\/wp-content\/uploads\/2022\/03\/Transju1-550x413.jpg 550w, https:\/\/newsestlyonnais.fr\/site\/wp-content\/uploads\/2022\/03\/Transju1-800x600.jpg 800w, https:\/\/newsestlyonnais.fr\/site\/wp-content\/uploads\/2022\/03\/Transju1.jpg 1200w\" sizes=\"auto, (max-width: 150px) 100vw, 150px\" \/><\/a>\n\t\t\t<\/div><\/figure><figure class='gallery-item'>\n\t\t\t<div class='gallery-icon portrait'>\n\t\t\t\t<a href='https:\/\/newsestlyonnais.fr\/site\/2022\/03\/03\/philippe-bacconnier-revient-sur-sa-transjurassienne\/newsestlyonnais-transju2022\/'><img loading=\"lazy\" decoding=\"async\" width=\"106\" height=\"150\" src=\"https:\/\/newsestlyonnais.fr\/site\/wp-content\/uploads\/2022\/03\/NEWSESTLYONNAIS-TRANSJU2022.jpg\" class=\"attachment-thumbnail size-thumbnail\" alt=\"\" aria-describedby=\"gallery-1-150263\" srcset=\"https:\/\/newsestlyonnais.fr\/site\/wp-content\/uploads\/2022\/03\/NEWSESTLYONNAIS-TRANSJU2022.jpg 212w, https:\/\/newsestlyonnais.fr\/site\/wp-content\/uploads\/2022\/03\/NEWSESTLYONNAIS-TRANSJU2022-150x212.jpg 150w, https:\/\/newsestlyonnais.fr\/site\/wp-content\/uploads\/2022\/03\/NEWSESTLYONNAIS-TRANSJU2022-50x71.jpg 50w, https:\/\/newsestlyonnais.fr\/site\/wp-content\/uploads\/2022\/03\/NEWSESTLYONNAIS-TRANSJU2022-100x142.jpg 100w, https:\/\/newsestlyonnais.fr\/site\/wp-content\/uploads\/2022\/03\/NEWSESTLYONNAIS-TRANSJU2022-200x283.jpg 200w\" sizes=\"auto, (max-width: 106px) 100vw, 106px\" \/><\/a>\n\t\t\t<\/div>\n\t\t\t\t<figcaption class='wp-caption-text gallery-caption' id='gallery-1-150263'>\n\t\t\t\t L&rsquo;affiche de l&rsquo;\u00e9preuve\n\t\t\t\t<\/figcaption><\/figure>\n\t\t<\/div>\n\n<\/div>\n<div><\/div>\n<div><\/div>\n<\/div>\n<\/div>\n","protected":false},"excerpt":{"rendered":"<p>Le dirigeant de ASUL Bron et du Comit\u00e9 d&rsquo;athl\u00e9tisme du Rh\u00f4ne disputait pour la premi\u00e8re fois, la c\u00e9l\u00e8bre course de ski de fond, dimanche 13 f\u00e9vrier.<\/p>\n","protected":false},"author":4,"featured_media":150259,"comment_status":"open","ping_status":"open","sticky":false,"template":"","format":"standard","meta":{"footnotes":""},"categories":[2968,19,3900,3250,2],"tags":[4117,4116,4165,4164],"class_list":["post-150253","post","type-post","status-publish","format-standard","has-post-thumbnail","hentry","category-athle-course-pied-marche","category-bron","category-patinage-roller-ski","category-recits-de-course-portraits-interviews","category-sports","tag-asul-bron-athletisme","tag-philippe-bacconnier","tag-ski-de-fond","tag-transjurassienne"],"yoast_head":"<!-- This site is optimized with the Yoast SEO plugin v27.2 - https:\/\/yoast.com\/product\/yoast-seo-wordpress\/ -->\n<title>Philippe Bacconnier revient sur sa &quot;Transjurassienne&quot; - News Est Lyonnais<\/title>\n<meta name=\"description\" content=\"Philippe Bacconnier revient sur sa &quot;Transjurassienne&quot;\" \/>\n<meta name=\"robots\" content=\"index, follow, max-snippet:-1, max-image-preview:large, max-video-preview:-1\" \/>\n<link rel=\"canonical\" href=\"https:\/\/newsestlyonnais.fr\/site\/2022\/03\/03\/philippe-bacconnier-revient-sur-sa-transjurassienne\/\" \/>\n<meta property=\"og:locale\" content=\"fr_FR\" \/>\n<meta property=\"og:type\" content=\"article\" \/>\n<meta property=\"og:title\" content=\"Philippe Bacconnier revient sur sa &quot;Transjurassienne&quot; - News Est Lyonnais\" \/>\n<meta property=\"og:description\" content=\"Philippe Bacconnier revient sur sa &quot;Transjurassienne&quot;\" \/>\n<meta property=\"og:url\" content=\"https:\/\/newsestlyonnais.fr\/site\/2022\/03\/03\/philippe-bacconnier-revient-sur-sa-transjurassienne\/\" \/>\n<meta property=\"og:site_name\" content=\"News Est Lyonnais\" \/>\n<meta property=\"article:author\" content=\"https:\/\/www.facebook.com\/pascal.oberson.1?fref=ts\" \/>\n<meta property=\"article:published_time\" content=\"2022-03-03T06:23:45+00:00\" \/>\n<meta property=\"article:modified_time\" content=\"2022-03-04T14:17:49+00:00\" \/>\n<meta property=\"og:image\" content=\"https:\/\/newsestlyonnais.fr\/site\/wp-content\/uploads\/2022\/03\/Transju4.jpg\" \/>\n\t<meta property=\"og:image:width\" content=\"1200\" \/>\n\t<meta property=\"og:image:height\" content=\"680\" \/>\n\t<meta property=\"og:image:type\" content=\"image\/jpeg\" \/>\n<meta name=\"author\" content=\"R\u00e9dac. NEWS\" \/>\n<meta name=\"twitter:card\" content=\"summary_large_image\" \/>\n<meta name=\"twitter:label1\" content=\"\u00c9crit par\" \/>\n\t<meta name=\"twitter:data1\" content=\"R\u00e9dac. NEWS\" \/>\n\t<meta name=\"twitter:label2\" content=\"Dur\u00e9e de lecture estim\u00e9e\" \/>\n\t<meta name=\"twitter:data2\" content=\"2 minutes\" \/>\n<script type=\"application\/ld+json\" class=\"yoast-schema-graph\">{\"@context\":\"https:\/\/schema.org\",\"@graph\":[{\"@type\":\"Article\",\"@id\":\"https:\/\/newsestlyonnais.fr\/site\/2022\/03\/03\/philippe-bacconnier-revient-sur-sa-transjurassienne\/#article\",\"isPartOf\":{\"@id\":\"https:\/\/newsestlyonnais.fr\/site\/2022\/03\/03\/philippe-bacconnier-revient-sur-sa-transjurassienne\/\"},\"author\":{\"name\":\"R\u00e9dac. NEWS\",\"@id\":\"https:\/\/newsestlyonnais.fr\/site\/#\/schema\/person\/3230d5615f390bb808365d673001e887\"},\"headline\":\"Philippe Bacconnier revient sur sa \u00ab\u00a0Transjurassienne\u00a0\u00bb\",\"datePublished\":\"2022-03-03T06:23:45+00:00\",\"dateModified\":\"2022-03-04T14:17:49+00:00\",\"mainEntityOfPage\":{\"@id\":\"https:\/\/newsestlyonnais.fr\/site\/2022\/03\/03\/philippe-bacconnier-revient-sur-sa-transjurassienne\/\"},\"wordCount\":399,\"commentCount\":0,\"publisher\":{\"@id\":\"https:\/\/newsestlyonnais.fr\/site\/#organization\"},\"image\":{\"@id\":\"https:\/\/newsestlyonnais.fr\/site\/2022\/03\/03\/philippe-bacconnier-revient-sur-sa-transjurassienne\/#primaryimage\"},\"thumbnailUrl\":\"https:\/\/newsestlyonnais.fr\/site\/wp-content\/uploads\/2022\/03\/Transju4.jpg\",\"keywords\":[\"ASUL Bron Athl\u00e9tisme\",\"Philippe Bacconnier\",\"ski de fond\",\"Transjurassienne\"],\"articleSection\":[\"Athl\u00e9 | Course pied | Marche\",\"Bron\",\"Patinage | Roller | Ski\",\"R\u00e9cits de course \/ Portraits \/ Interviews\",\"Sports\"],\"inLanguage\":\"fr-FR\",\"potentialAction\":[{\"@type\":\"CommentAction\",\"name\":\"Comment\",\"target\":[\"https:\/\/newsestlyonnais.fr\/site\/2022\/03\/03\/philippe-bacconnier-revient-sur-sa-transjurassienne\/#respond\"]}]},{\"@type\":\"WebPage\",\"@id\":\"https:\/\/newsestlyonnais.fr\/site\/2022\/03\/03\/philippe-bacconnier-revient-sur-sa-transjurassienne\/\",\"url\":\"https:\/\/newsestlyonnais.fr\/site\/2022\/03\/03\/philippe-bacconnier-revient-sur-sa-transjurassienne\/\",\"name\":\"Philippe Bacconnier revient sur sa \\\"Transjurassienne\\\" - News Est Lyonnais\",\"isPartOf\":{\"@id\":\"https:\/\/newsestlyonnais.fr\/site\/#website\"},\"primaryImageOfPage\":{\"@id\":\"https:\/\/newsestlyonnais.fr\/site\/2022\/03\/03\/philippe-bacconnier-revient-sur-sa-transjurassienne\/#primaryimage\"},\"image\":{\"@id\":\"https:\/\/newsestlyonnais.fr\/site\/2022\/03\/03\/philippe-bacconnier-revient-sur-sa-transjurassienne\/#primaryimage\"},\"thumbnailUrl\":\"https:\/\/newsestlyonnais.fr\/site\/wp-content\/uploads\/2022\/03\/Transju4.jpg\",\"datePublished\":\"2022-03-03T06:23:45+00:00\",\"dateModified\":\"2022-03-04T14:17:49+00:00\",\"description\":\"Philippe Bacconnier revient sur sa \\\"Transjurassienne\\\"\",\"breadcrumb\":{\"@id\":\"https:\/\/newsestlyonnais.fr\/site\/2022\/03\/03\/philippe-bacconnier-revient-sur-sa-transjurassienne\/#breadcrumb\"},\"inLanguage\":\"fr-FR\",\"potentialAction\":[{\"@type\":\"ReadAction\",\"target\":[\"https:\/\/newsestlyonnais.fr\/site\/2022\/03\/03\/philippe-bacconnier-revient-sur-sa-transjurassienne\/\"]}]},{\"@type\":\"ImageObject\",\"inLanguage\":\"fr-FR\",\"@id\":\"https:\/\/newsestlyonnais.fr\/site\/2022\/03\/03\/philippe-bacconnier-revient-sur-sa-transjurassienne\/#primaryimage\",\"url\":\"https:\/\/newsestlyonnais.fr\/site\/wp-content\/uploads\/2022\/03\/Transju4.jpg\",\"contentUrl\":\"https:\/\/newsestlyonnais.fr\/site\/wp-content\/uploads\/2022\/03\/Transju4.jpg\",\"width\":1200,\"height\":680},{\"@type\":\"BreadcrumbList\",\"@id\":\"https:\/\/newsestlyonnais.fr\/site\/2022\/03\/03\/philippe-bacconnier-revient-sur-sa-transjurassienne\/#breadcrumb\",\"itemListElement\":[{\"@type\":\"ListItem\",\"position\":1,\"name\":\"Accueil\",\"item\":\"https:\/\/newsestlyonnais.fr\/site\/\"},{\"@type\":\"ListItem\",\"position\":2,\"name\":\"Philippe Bacconnier revient sur sa \u00ab\u00a0Transjurassienne\u00a0\u00bb\"}]},{\"@type\":\"WebSite\",\"@id\":\"https:\/\/newsestlyonnais.fr\/site\/#website\",\"url\":\"https:\/\/newsestlyonnais.fr\/site\/\",\"name\":\"News Est Lyonnais\",\"description\":\"L&#039;actualit\u00e9 au plus pr\u00e8s\",\"publisher\":{\"@id\":\"https:\/\/newsestlyonnais.fr\/site\/#organization\"},\"potentialAction\":[{\"@type\":\"SearchAction\",\"target\":{\"@type\":\"EntryPoint\",\"urlTemplate\":\"https:\/\/newsestlyonnais.fr\/site\/?s={search_term_string}\"},\"query-input\":{\"@type\":\"PropertyValueSpecification\",\"valueRequired\":true,\"valueName\":\"search_term_string\"}}],\"inLanguage\":\"fr-FR\"},{\"@type\":\"Organization\",\"@id\":\"https:\/\/newsestlyonnais.fr\/site\/#organization\",\"name\":\"News EST LYONNAIS\",\"url\":\"https:\/\/newsestlyonnais.fr\/site\/\",\"logo\":{\"@type\":\"ImageObject\",\"inLanguage\":\"fr-FR\",\"@id\":\"https:\/\/newsestlyonnais.fr\/site\/#\/schema\/logo\/image\/\",\"url\":\"\",\"contentUrl\":\"\",\"caption\":\"News EST LYONNAIS\"},\"image\":{\"@id\":\"https:\/\/newsestlyonnais.fr\/site\/#\/schema\/logo\/image\/\"}},{\"@type\":\"Person\",\"@id\":\"https:\/\/newsestlyonnais.fr\/site\/#\/schema\/person\/3230d5615f390bb808365d673001e887\",\"name\":\"R\u00e9dac. NEWS\",\"sameAs\":[\"http:\/\/www.newsestlyonnais.fr\",\"https:\/\/www.facebook.com\/pascal.oberson.1?fref=ts\",\"https:\/\/fr.linkedin.com\/in\/pascal-oberson-b17045113\"],\"url\":\"https:\/\/newsestlyonnais.fr\/site\/author\/nel\/\"}]}<\/script>\n<!-- \/ Yoast SEO plugin. -->","yoast_head_json":{"title":"Philippe Bacconnier revient sur sa \"Transjurassienne\" - News Est Lyonnais","description":"Philippe Bacconnier revient sur sa \"Transjurassienne\"","robots":{"index":"index","follow":"follow","max-snippet":"max-snippet:-1","max-image-preview":"max-image-preview:large","max-video-preview":"max-video-preview:-1"},"canonical":"https:\/\/newsestlyonnais.fr\/site\/2022\/03\/03\/philippe-bacconnier-revient-sur-sa-transjurassienne\/","og_locale":"fr_FR","og_type":"article","og_title":"Philippe Bacconnier revient sur sa \"Transjurassienne\" - News Est Lyonnais","og_description":"Philippe Bacconnier revient sur sa \"Transjurassienne\"","og_url":"https:\/\/newsestlyonnais.fr\/site\/2022\/03\/03\/philippe-bacconnier-revient-sur-sa-transjurassienne\/","og_site_name":"News Est Lyonnais","article_author":"https:\/\/www.facebook.com\/pascal.oberson.1?fref=ts","article_published_time":"2022-03-03T06:23:45+00:00","article_modified_time":"2022-03-04T14:17:49+00:00","og_image":[{"width":1200,"height":680,"url":"https:\/\/newsestlyonnais.fr\/site\/wp-content\/uploads\/2022\/03\/Transju4.jpg","type":"image\/jpeg"}],"author":"R\u00e9dac. NEWS","twitter_card":"summary_large_image","twitter_misc":{"\u00c9crit par":"R\u00e9dac. NEWS","Dur\u00e9e de lecture estim\u00e9e":"2 minutes"},"schema":{"@context":"https:\/\/schema.org","@graph":[{"@type":"Article","@id":"https:\/\/newsestlyonnais.fr\/site\/2022\/03\/03\/philippe-bacconnier-revient-sur-sa-transjurassienne\/#article","isPartOf":{"@id":"https:\/\/newsestlyonnais.fr\/site\/2022\/03\/03\/philippe-bacconnier-revient-sur-sa-transjurassienne\/"},"author":{"name":"R\u00e9dac. NEWS","@id":"https:\/\/newsestlyonnais.fr\/site\/#\/schema\/person\/3230d5615f390bb808365d673001e887"},"headline":"Philippe Bacconnier revient sur sa \u00ab\u00a0Transjurassienne\u00a0\u00bb","datePublished":"2022-03-03T06:23:45+00:00","dateModified":"2022-03-04T14:17:49+00:00","mainEntityOfPage":{"@id":"https:\/\/newsestlyonnais.fr\/site\/2022\/03\/03\/philippe-bacconnier-revient-sur-sa-transjurassienne\/"},"wordCount":399,"commentCount":0,"publisher":{"@id":"https:\/\/newsestlyonnais.fr\/site\/#organization"},"image":{"@id":"https:\/\/newsestlyonnais.fr\/site\/2022\/03\/03\/philippe-bacconnier-revient-sur-sa-transjurassienne\/#primaryimage"},"thumbnailUrl":"https:\/\/newsestlyonnais.fr\/site\/wp-content\/uploads\/2022\/03\/Transju4.jpg","keywords":["ASUL Bron Athl\u00e9tisme","Philippe Bacconnier","ski de fond","Transjurassienne"],"articleSection":["Athl\u00e9 | Course pied | Marche","Bron","Patinage | Roller | Ski","R\u00e9cits de course \/ Portraits \/ Interviews","Sports"],"inLanguage":"fr-FR","potentialAction":[{"@type":"CommentAction","name":"Comment","target":["https:\/\/newsestlyonnais.fr\/site\/2022\/03\/03\/philippe-bacconnier-revient-sur-sa-transjurassienne\/#respond"]}]},{"@type":"WebPage","@id":"https:\/\/newsestlyonnais.fr\/site\/2022\/03\/03\/philippe-bacconnier-revient-sur-sa-transjurassienne\/","url":"https:\/\/newsestlyonnais.fr\/site\/2022\/03\/03\/philippe-bacconnier-revient-sur-sa-transjurassienne\/","name":"Philippe Bacconnier revient sur sa \"Transjurassienne\" - News Est Lyonnais","isPartOf":{"@id":"https:\/\/newsestlyonnais.fr\/site\/#website"},"primaryImageOfPage":{"@id":"https:\/\/newsestlyonnais.fr\/site\/2022\/03\/03\/philippe-bacconnier-revient-sur-sa-transjurassienne\/#primaryimage"},"image":{"@id":"https:\/\/newsestlyonnais.fr\/site\/2022\/03\/03\/philippe-bacconnier-revient-sur-sa-transjurassienne\/#primaryimage"},"thumbnailUrl":"https:\/\/newsestlyonnais.fr\/site\/wp-content\/uploads\/2022\/03\/Transju4.jpg","datePublished":"2022-03-03T06:23:45+00:00","dateModified":"2022-03-04T14:17:49+00:00","description":"Philippe Bacconnier revient sur sa \"Transjurassienne\"","breadcrumb":{"@id":"https:\/\/newsestlyonnais.fr\/site\/2022\/03\/03\/philippe-bacconnier-revient-sur-sa-transjurassienne\/#breadcrumb"},"inLanguage":"fr-FR","potentialAction":[{"@type":"ReadAction","target":["https:\/\/newsestlyonnais.fr\/site\/2022\/03\/03\/philippe-bacconnier-revient-sur-sa-transjurassienne\/"]}]},{"@type":"ImageObject","inLanguage":"fr-FR","@id":"https:\/\/newsestlyonnais.fr\/site\/2022\/03\/03\/philippe-bacconnier-revient-sur-sa-transjurassienne\/#primaryimage","url":"https:\/\/newsestlyonnais.fr\/site\/wp-content\/uploads\/2022\/03\/Transju4.jpg","contentUrl":"https:\/\/newsestlyonnais.fr\/site\/wp-content\/uploads\/2022\/03\/Transju4.jpg","width":1200,"height":680},{"@type":"BreadcrumbList","@id":"https:\/\/newsestlyonnais.fr\/site\/2022\/03\/03\/philippe-bacconnier-revient-sur-sa-transjurassienne\/#breadcrumb","itemListElement":[{"@type":"ListItem","position":1,"name":"Accueil","item":"https:\/\/newsestlyonnais.fr\/site\/"},{"@type":"ListItem","position":2,"name":"Philippe Bacconnier revient sur sa \u00ab\u00a0Transjurassienne\u00a0\u00bb"}]},{"@type":"WebSite","@id":"https:\/\/newsestlyonnais.fr\/site\/#website","url":"https:\/\/newsestlyonnais.fr\/site\/","name":"News Est Lyonnais","description":"L&#039;actualit\u00e9 au plus pr\u00e8s","publisher":{"@id":"https:\/\/newsestlyonnais.fr\/site\/#organization"},"potentialAction":[{"@type":"SearchAction","target":{"@type":"EntryPoint","urlTemplate":"https:\/\/newsestlyonnais.fr\/site\/?s={search_term_string}"},"query-input":{"@type":"PropertyValueSpecification","valueRequired":true,"valueName":"search_term_string"}}],"inLanguage":"fr-FR"},{"@type":"Organization","@id":"https:\/\/newsestlyonnais.fr\/site\/#organization","name":"News EST LYONNAIS","url":"https:\/\/newsestlyonnais.fr\/site\/","logo":{"@type":"ImageObject","inLanguage":"fr-FR","@id":"https:\/\/newsestlyonnais.fr\/site\/#\/schema\/logo\/image\/","url":"","contentUrl":"","caption":"News EST LYONNAIS"},"image":{"@id":"https:\/\/newsestlyonnais.fr\/site\/#\/schema\/logo\/image\/"}},{"@type":"Person","@id":"https:\/\/newsestlyonnais.fr\/site\/#\/schema\/person\/3230d5615f390bb808365d673001e887","name":"R\u00e9dac. NEWS","sameAs":["http:\/\/www.newsestlyonnais.fr","https:\/\/www.facebook.com\/pascal.oberson.1?fref=ts","https:\/\/fr.linkedin.com\/in\/pascal-oberson-b17045113"],"url":"https:\/\/newsestlyonnais.fr\/site\/author\/nel\/"}]}},"_links":{"self":[{"href":"https:\/\/newsestlyonnais.fr\/site\/wp-json\/wp\/v2\/posts\/150253","targetHints":{"allow":["GET"]}}],"collection":[{"href":"https:\/\/newsestlyonnais.fr\/site\/wp-json\/wp\/v2\/posts"}],"about":[{"href":"https:\/\/newsestlyonnais.fr\/site\/wp-json\/wp\/v2\/types\/post"}],"author":[{"embeddable":true,"href":"https:\/\/newsestlyonnais.fr\/site\/wp-json\/wp\/v2\/users\/4"}],"replies":[{"embeddable":true,"href":"https:\/\/newsestlyonnais.fr\/site\/wp-json\/wp\/v2\/comments?post=150253"}],"version-history":[{"count":0,"href":"https:\/\/newsestlyonnais.fr\/site\/wp-json\/wp\/v2\/posts\/150253\/revisions"}],"wp:featuredmedia":[{"embeddable":true,"href":"https:\/\/newsestlyonnais.fr\/site\/wp-json\/wp\/v2\/media\/150259"}],"wp:attachment":[{"href":"https:\/\/newsestlyonnais.fr\/site\/wp-json\/wp\/v2\/media?parent=150253"}],"wp:term":[{"taxonomy":"category","embeddable":true,"href":"https:\/\/newsestlyonnais.fr\/site\/wp-json\/wp\/v2\/categories?post=150253"},{"taxonomy":"post_tag","embeddable":true,"href":"https:\/\/newsestlyonnais.fr\/site\/wp-json\/wp\/v2\/tags?post=150253"}],"curies":[{"name":"wp","href":"https:\/\/api.w.org\/{rel}","templated":true}]}}