{"id":150504,"date":"2022-04-23T08:44:14","date_gmt":"2022-04-23T07:44:14","guid":{"rendered":"https:\/\/newsestlyonnais.fr\/site\/?p=150504"},"modified":"2022-12-20T08:38:30","modified_gmt":"2022-12-20T07:38:30","slug":"decines-eloise-cocco-une-reelle-vocation-familiale-pour-le-magnetisme","status":"publish","type":"post","link":"https:\/\/newsestlyonnais.fr\/site\/2022\/04\/23\/decines-eloise-cocco-une-reelle-vocation-familiale-pour-le-magnetisme\/","title":{"rendered":"DECINES | Elo\u00efse Cocco > une r\u00e9elle vocation familiale pour le magn\u00e9tisme"},"content":{"rendered":"<hr \/>\n<p class=\"qrShPb kno-ecr-pt PZPZlf q8U8x EaHP9c\" data-dtype=\"d3ifr\" data-local-attribute=\"d3bn\" data-attrid=\"title\" data-ved=\"2ahUKEwjw0LT_r6X3AhUQxIUKHfErA30Q3B0oAXoECEAQAg\"><span style=\"color: #ffffff; background-color: #000000;\"><strong><img loading=\"lazy\" decoding=\"async\" class=\"alignleft size-medium wp-image-153481\" src=\"https:\/\/newsestlyonnais.fr\/site\/wp-content\/uploads\/2022\/04\/P1460977-400x533.jpg\" alt=\"\" width=\"225\" height=\"300\" srcset=\"https:\/\/newsestlyonnais.fr\/site\/wp-content\/uploads\/2022\/04\/P1460977-400x533.jpg 400w, https:\/\/newsestlyonnais.fr\/site\/wp-content\/uploads\/2022\/04\/P1460977-650x867.jpg 650w, https:\/\/newsestlyonnais.fr\/site\/wp-content\/uploads\/2022\/04\/P1460977-250x333.jpg 250w, https:\/\/newsestlyonnais.fr\/site\/wp-content\/uploads\/2022\/04\/P1460977-768x1024.jpg 768w, https:\/\/newsestlyonnais.fr\/site\/wp-content\/uploads\/2022\/04\/P1460977-150x200.jpg 150w, https:\/\/newsestlyonnais.fr\/site\/wp-content\/uploads\/2022\/04\/P1460977-50x67.jpg 50w, https:\/\/newsestlyonnais.fr\/site\/wp-content\/uploads\/2022\/04\/P1460977-100x133.jpg 100w, https:\/\/newsestlyonnais.fr\/site\/wp-content\/uploads\/2022\/04\/P1460977-200x267.jpg 200w, https:\/\/newsestlyonnais.fr\/site\/wp-content\/uploads\/2022\/04\/P1460977-300x400.jpg 300w, https:\/\/newsestlyonnais.fr\/site\/wp-content\/uploads\/2022\/04\/P1460977-350x467.jpg 350w, https:\/\/newsestlyonnais.fr\/site\/wp-content\/uploads\/2022\/04\/P1460977-450x600.jpg 450w, https:\/\/newsestlyonnais.fr\/site\/wp-content\/uploads\/2022\/04\/P1460977-500x667.jpg 500w, https:\/\/newsestlyonnais.fr\/site\/wp-content\/uploads\/2022\/04\/P1460977-550x733.jpg 550w, https:\/\/newsestlyonnais.fr\/site\/wp-content\/uploads\/2022\/04\/P1460977-800x1067.jpg 800w, https:\/\/newsestlyonnais.fr\/site\/wp-content\/uploads\/2022\/04\/P1460977.jpg 900w\" sizes=\"auto, (max-width: 225px) 100vw, 225px\" \/><span style=\"font-size: 14pt;\">Elo\u00efse Cocco, d\u00e9cinoise depuis les ann\u00e9es 80 :<\/span><\/strong><\/span><\/p>\n<p class=\"qrShPb kno-ecr-pt PZPZlf q8U8x EaHP9c\" data-dtype=\"d3ifr\" data-local-attribute=\"d3bn\" data-attrid=\"title\" data-ved=\"2ahUKEwjw0LT_r6X3AhUQxIUKHfErA30Q3B0oAXoECEAQAg\">Cette m\u00e8re de famille qui a longtemps r\u00e9sid\u00e9 dans la quartier de Charpieu a \u00e9t\u00e9 scolaris\u00e9e \u00e0 Jeanne d&rsquo;Arc, secteur de Bonneveau.<\/p>\n<p data-dtype=\"d3ifr\" data-local-attribute=\"d3bn\" data-attrid=\"title\" data-ved=\"2ahUKEwjw0LT_r6X3AhUQxIUKHfErA30Q3B0oAXoECEAQAg\"><strong>Bien impliqu\u00e9e au niveau associatif<\/strong> &gt; secr\u00e9taire adjointe du Club Bouliste D\u00e9cinois depuis 2015 \/ Membre du CA du Centre L\u00e9o Lagrange \/ Membre du comit\u00e9 directeur du Racing Club Bron D\u00e9cines Natation.<\/p>\n<p data-dtype=\"d3ifr\" data-local-attribute=\"d3bn\" data-attrid=\"title\" data-ved=\"2ahUKEwjw0LT_r6X3AhUQxIUKHfErA30Q3B0oAXoECEAQAg\"><strong>Parcours professionnel bien \u00e9toff\u00e9<\/strong> &gt; d\u00e9buts dans le domaine comptable : 9 ans comme expert-comptable et 11 dans le recouvrement. Puis 13 ans comme chef d&rsquo;entreprise dans la restauration \u00e0 l&rsquo;\u00e9tranger. A d&rsquo;autre part travaill\u00e9 avec la police scientifique de Madrid (de 2005 \u00e0 2012) dans l&rsquo;aide \u00e0 la recherche de femmes disparues.<\/p>\n<p data-dtype=\"d3ifr\" data-local-attribute=\"d3bn\" data-attrid=\"title\" data-ved=\"2ahUKEwjw0LT_r6X3AhUQxIUKHfErA30Q3B0oAXoECEAQAg\">Elue locale depuis juin 2020, conseill\u00e8re municipale rattach\u00e9e \u00e0 l&rsquo;\u00e9ducation et la restauration scolaire.<\/p>\n<hr \/>\n<p><span style=\"background-color: #000000; color: #ffffff; font-size: 14pt;\"><strong>Ouverture de son cabinet en f\u00e9vrier 2021 :<\/strong><\/span><\/p>\n<p>\u00a0\u00bb <strong>Je pratique le magn\u00e9tisme, exerc\u00e9 dans un autre cabinet, depuis 2002 et j&rsquo;ai vraiment trouv\u00e9 ma voie !<\/strong> \u00a0\u00bb<\/p>\n<p><span style=\"text-decoration: underline;\"><strong>Un don h\u00e9r\u00e9ditaire<\/strong><\/span><\/p>\n<p>Mon p\u00e8re, Alphonse Garcia, a un vrai don mais qu&rsquo;il n&rsquo;a jamais mis en pratique professionnellement. Ils nous soignaient tous mais n&rsquo;a jamais eu l&rsquo;id\u00e9e de le pratiquer sur les autres. C&rsquo;\u00e9tait tabou et puis cette profession n&rsquo;a jamais \u00e9t\u00e9 prise au s\u00e9rieux, elle a \u00e9t\u00e9 salie car il y a eu beaucoup de charlatans.<\/p>\n<p>J&rsquo;ai h\u00e9rit\u00e9 de ce don, d\u00e8s l&rsquo;\u00e2ge de 6 ans o\u00f9 je lui disais que j&rsquo;\u00e9tais suivie ! Quand je touchais des animaux, cela les soulageait et sur les gens j&rsquo;arrivais \u00e0 apaiser les douleurs. J&rsquo;ai vraiment pris conscience \u00e0 15\/16 ans, d&rsquo;avoir de r\u00e9elles aptitudes pour le faire avec des amis \u00a0\u00bb .<\/p>\n<ul>\n<li><strong>Dipl\u00f4m\u00e9e de la <span style=\"color: #0000ff;\"><a style=\"color: #0000ff;\" href=\"https:\/\/www.formationmagnetisme.eu\">Soci\u00e9t\u00e9 Fran\u00e7aise de magn\u00e9tisme <\/a><\/span><\/strong>(depuis 2017).<\/li>\n<li><strong>Membre de l&rsquo;association de magn\u00e9tiseurs-rebouteurs <a href=\"https:\/\/gnoma-snamap.fr\"><span style=\"color: #0000ff;\">GNOMA-SNAMAP<\/span><\/a><\/strong><\/li>\n<\/ul>\n<hr \/>\n<p><span style=\"background-color: #000000; color: #ffffff; font-size: 14pt;\"><strong><img loading=\"lazy\" decoding=\"async\" class=\"size-full wp-image-153549 alignright\" src=\"https:\/\/newsestlyonnais.fr\/site\/wp-content\/uploads\/2022\/04\/Screenshot_20220303-115838_Gallery.jpg\" alt=\"\" width=\"250\" height=\"556\" srcset=\"https:\/\/newsestlyonnais.fr\/site\/wp-content\/uploads\/2022\/04\/Screenshot_20220303-115838_Gallery.jpg 250w, https:\/\/newsestlyonnais.fr\/site\/wp-content\/uploads\/2022\/04\/Screenshot_20220303-115838_Gallery-150x334.jpg 150w, https:\/\/newsestlyonnais.fr\/site\/wp-content\/uploads\/2022\/04\/Screenshot_20220303-115838_Gallery-50x111.jpg 50w, https:\/\/newsestlyonnais.fr\/site\/wp-content\/uploads\/2022\/04\/Screenshot_20220303-115838_Gallery-100x222.jpg 100w, https:\/\/newsestlyonnais.fr\/site\/wp-content\/uploads\/2022\/04\/Screenshot_20220303-115838_Gallery-200x445.jpg 200w\" sizes=\"auto, (max-width: 250px) 100vw, 250px\" \/>Sa d\u00e9finition du magn\u00e9tisme :<\/strong><\/span><\/p>\n<p>\u00a0\u00bb C&rsquo;est quelque chose que l&rsquo;on ne per\u00e7oit pas, qui n&rsquo;est pas palpable et qu&rsquo;il est difficile de s&rsquo;approprier. <strong>Une m\u00e9decine holitique, douce et parall\u00e8le qui est \u00e0 pr\u00e9sent reconnue<\/strong>, depuis maintenant 5 ans, par divers m\u00e9decins (traitants ou ORL)\u00a0\u00bb .<\/p>\n<p><span style=\"background-color: #000000; color: #ffffff; font-size: 14pt;\"><strong>Destin\u00e9e \u00e0 qui ? <\/strong><\/span><\/p>\n<p>\u00a0\u00bb Aux personnes qui se rendent compte que les m\u00e9dicaments d\u00e9truisent plus qu&rsquo;autre chose m\u00eame s&rsquo;ils sont une b\u00e9quille mais n\u00e9cessaires. Elles viennent chercher des m\u00e9decines parall\u00e8les dans le d\u00e9sespoir\u00a0\u00bb .<\/p>\n<p><span style=\"color: #ffffff; font-size: 14pt; background-color: #000000;\"><strong>Qu&rsquo;apporte le magn\u00e9tisme ? <\/strong><\/span><\/p>\n<p>\u00a0\u00bb <strong>La m\u00e9decine traditionnelle a des limites et la plupart des gens n&rsquo;y trouvent plus leur compte.<\/strong><\/p>\n<p>Il peut amener une ouverture de parole sans s&rsquo;y attendre et faciliter ou pas l&rsquo;\u00e9change.<\/p>\n<p><strong>Personnellement, les clients appr\u00e9cient nos \u00e9changes <\/strong>:<\/p>\n<ul>\n<li>\u00a0\u00bb On se sent \u00e9cout\u00e9s, car de nos jours, ailleurs, nous avons l&rsquo;impression \u00a0 de n&rsquo;\u00eatre qu&rsquo;un num\u00e9ro parmi tant d&rsquo;autres \u00ab\u00a0<\/li>\n<li>\u00a0\u00bb nous ressentons le besoin d&rsquo;un retour aux sources \u00ab\u00a0<\/li>\n<li>\u00a0\u00bb Elo\u00efse Cocco fait preuve d&rsquo;une grande humanit\u00e9 \u00a0\u00bb\u00a0 .<\/li>\n<\/ul>\n<p><span style=\"color: #ffffff; font-size: 14pt; background-color: #000000;\"><strong>Evolution du m\u00e9tier avec le Covid-19 :<\/strong><\/span><\/p>\n<p>\u00a0\u00bb Il y a de plus en plus de pathologies (stress, angoisse, effets d&rsquo;\u00e9touffement, terreurs nocturnes, peur de l&rsquo;abandon) notamment chez les adultes et les enfants. Elles ont des effets n\u00e9fastes sur la sant\u00e9 mentale et physique. D\u00fbs au port du masque, de nombreux effets secondaires ont fait surface ce qui g\u00e9n\u00e8re une croissance\u00a0 des consultations en cabinet\u00a0\u00bb .<\/p>\n<hr \/>\n<p><span style=\"background-color: #000000; color: #ffffff; font-size: 14pt;\"><strong>Son principe :<\/strong><\/span><\/p>\n<p>\u00a0\u00bb Il n&rsquo; y a pas de protocole, chaque personne est unique et r\u00e9agit \u00e0 sa fa\u00e7on suivant ses points de sorties. Ce m\u00e9tier est important car on est naturellement dans l&rsquo;individualisme.<\/p>\n<p>On ne fait pas de miracles, on n&rsquo;est pas m\u00e9decin, on ne le remplace pas, on ne soigne pas, on ne manipule pas. <strong>On soulage, on aide.<\/strong><\/p>\n<p>On a un large \u00e9ventail de cas diff\u00e9rents pour tout type de patient\u00e8le, du <strong>nourrisson au 3\u00b0 \u00e2ge, en passant par les ados et \u00e9tudiants.<\/strong> Je peux intervenir pour tout et n&rsquo;importe quel probl\u00e8me, <strong>mais je d\u00e9termine si c&rsquo;est possible ou non.<\/strong><\/p>\n<p><strong>Les restrictions : <\/strong>Je dirais aucune, l&rsquo;important est de vouloir se laisser aider par le magn\u00e9tiseur, que l&rsquo;on soit sceptique ou pas.<\/p>\n<p>Lors du premier contact (t\u00e9l\u00e9phonique), j&rsquo;explique ce qu&rsquo;est ma profession et rassure la personne. C&rsquo;est un premier lien social et suivant le cas, je vois ce qui est le mieux (de 1 \u00e0 5 s\u00e9ances), c&rsquo;est avant tout personnalisable et \u00e9volutif ! <strong>Une approche individuelle et profonde, adapt\u00e9e et \u00e9tudi\u00e9e pour chacun !<\/strong> \u00a0\u00bb<\/p>\n<hr \/>\n<p><span style=\"background-color: #000000; color: #ffffff; font-size: 14pt;\"><strong>Et pour conclure ?<\/strong><\/span><\/p>\n<p>\u00a0\u00bb <strong>Je b\u00e9n\u00e9ficie de ce don, fruit d&rsquo;une transmission et d&rsquo;un travail int\u00e9rieur. <\/strong>Je vis avec cela au quotidien et me conforte dans mon c\u00f4t\u00e9 empathique. Je ressens les \u00e9nergies de tout le monde et les partage (avec l&rsquo;accord de la personne) \u00e0 travers un \u00e9change avec toujours beaucoup de bienveillance \u00a0\u00bb<\/p>\n<hr \/>\n<p class=\"qrShPb kno-ecr-pt PZPZlf q8U8x EaHP9c\" data-dtype=\"d3ifr\" data-local-attribute=\"d3bn\" data-attrid=\"title\" data-ved=\"2ahUKEwjw0LT_r6X3AhUQxIUKHfErA30Q3B0oAXoECEAQAg\"><span style=\"font-size: 18pt;\"><em><span style=\"background-color: #000000; color: #ffcc00;\"><strong>&gt;&gt;&gt; Elo\u00efse Cocco \/ <span class=\"LrzXr\">179 Av. Jean Jaur\u00e8s \/ D\u00e9cines-Charpieu &lt;&lt;&lt;<\/span><\/strong><\/span><\/em><\/span><\/p>\n<p><span style=\"background-color: #000000; color: #ffffff;\"><strong>Contacts<\/strong><\/span> : <strong>T\u00e9l.<\/strong> : <span class=\"LrzXr zdqRlf kno-fv\"><span aria-label=\"Appeler le 07 71 04 71 01\">07 71 04 71 01<\/span><\/span> \/ <strong>Mail<\/strong> : <span class=\"color_11\" style=\"color: #0000ff;\"><a style=\"color: #0000ff;\" href=\"mailto:elogarcia1974@outlook.fr\" data-auto-recognition=\"true\">elogarcia1974@outlook.fr<\/a><\/span><\/p>\n<p><span style=\"background-color: #000000; color: #ffffff;\"><em><strong>A retrouver sur<\/strong><\/em><\/span> :\u00a0<span style=\"color: #0000ff;\"><a style=\"color: #0000ff;\" href=\"https:\/\/www.magnetiseuse-eloisecocco.com\">https:\/\/www.magnetiseuse-eloisecocco.com<\/a><\/span><\/p>\n<p><span style=\"background-color: #000000; color: #ffffff;\"><strong>Interventions : <\/strong><\/span><\/p>\n<ul>\n<li><strong>\u00e0 domicile<\/strong> : agglom\u00e9ration et l&rsquo;Est lyonnais \/ Rh\u00f4ne, Ain, Is\u00e8re \/ dans un rayon de 100 kilom\u00e8tres.<\/li>\n<li><strong>en visio<\/strong><\/li>\n<li><strong>au cabinet<\/strong> \u00e0 D\u00e9cines centre<\/li>\n<\/ul>\n<hr \/>\n<p>&nbsp;<\/p>\n","protected":false},"excerpt":{"rendered":"<p>Cette d\u00e9cinoise qui a ouvert son cabinet sur la commune en f\u00e9vrier 2021, propose une approche individuelle et profonde, adapt\u00e9e et \u00e9tudi\u00e9e pour chacun ! \u00ab\u00a0<\/p>\n","protected":false},"author":4,"featured_media":153548,"comment_status":"open","ping_status":"open","sticky":false,"template":"","format":"standard","meta":{"footnotes":""},"categories":[1628,2970,21,12,3421,18],"tags":[2116,4243,4244],"class_list":["post-150504","post","type-post","status-publish","format-standard","has-post-thumbnail","hentry","category-publi-reportages","category-artisans-commerces-economie","category-decines-charpieu","category-entreprises","category-feminin-actu-au","category-sante-bien-etre-solidarite","tag-decines","tag-eloise-cocco","tag-magnetisme"],"yoast_head":"<!-- This site is optimized with the Yoast SEO plugin v27.2 - https:\/\/yoast.com\/product\/yoast-seo-wordpress\/ -->\n<title>DECINES | Elo\u00efse Cocco &gt; une r\u00e9elle vocation familiale pour le magn\u00e9tisme - News Est Lyonnais<\/title>\n<meta name=\"description\" content=\"DECINES | Elo\u00efse Cocco &gt; une r\u00e9elle vocation familiale pour le magn\u00e9tisme\" \/>\n<meta name=\"robots\" content=\"index, follow, max-snippet:-1, max-image-preview:large, max-video-preview:-1\" \/>\n<link rel=\"canonical\" href=\"https:\/\/newsestlyonnais.fr\/site\/2022\/04\/23\/decines-eloise-cocco-une-reelle-vocation-familiale-pour-le-magnetisme\/\" \/>\n<meta property=\"og:locale\" content=\"fr_FR\" \/>\n<meta property=\"og:type\" content=\"article\" \/>\n<meta property=\"og:title\" content=\"DECINES | Elo\u00efse Cocco &gt; une r\u00e9elle vocation familiale pour le magn\u00e9tisme - News Est Lyonnais\" \/>\n<meta property=\"og:description\" content=\"DECINES | Elo\u00efse Cocco &gt; une r\u00e9elle vocation familiale pour le magn\u00e9tisme\" \/>\n<meta property=\"og:url\" content=\"https:\/\/newsestlyonnais.fr\/site\/2022\/04\/23\/decines-eloise-cocco-une-reelle-vocation-familiale-pour-le-magnetisme\/\" \/>\n<meta property=\"og:site_name\" content=\"News Est Lyonnais\" \/>\n<meta property=\"article:author\" content=\"https:\/\/www.facebook.com\/pascal.oberson.1?fref=ts\" \/>\n<meta property=\"article:published_time\" content=\"2022-04-23T07:44:14+00:00\" \/>\n<meta property=\"article:modified_time\" content=\"2022-12-20T07:38:30+00:00\" \/>\n<meta property=\"og:image\" content=\"https:\/\/newsestlyonnais.fr\/site\/wp-content\/uploads\/2022\/04\/P1460987.jpg\" \/>\n\t<meta property=\"og:image:width\" content=\"1200\" \/>\n\t<meta property=\"og:image:height\" content=\"900\" \/>\n\t<meta property=\"og:image:type\" content=\"image\/jpeg\" \/>\n<meta name=\"author\" content=\"R\u00e9dac. NEWS\" \/>\n<meta name=\"twitter:card\" content=\"summary_large_image\" \/>\n<meta name=\"twitter:label1\" content=\"\u00c9crit par\" \/>\n\t<meta name=\"twitter:data1\" content=\"R\u00e9dac. NEWS\" \/>\n\t<meta name=\"twitter:label2\" content=\"Dur\u00e9e de lecture estim\u00e9e\" \/>\n\t<meta name=\"twitter:data2\" content=\"5 minutes\" \/>\n<script type=\"application\/ld+json\" class=\"yoast-schema-graph\">{\"@context\":\"https:\/\/schema.org\",\"@graph\":[{\"@type\":\"Article\",\"@id\":\"https:\/\/newsestlyonnais.fr\/site\/2022\/04\/23\/decines-eloise-cocco-une-reelle-vocation-familiale-pour-le-magnetisme\/#article\",\"isPartOf\":{\"@id\":\"https:\/\/newsestlyonnais.fr\/site\/2022\/04\/23\/decines-eloise-cocco-une-reelle-vocation-familiale-pour-le-magnetisme\/\"},\"author\":{\"name\":\"R\u00e9dac. NEWS\",\"@id\":\"https:\/\/newsestlyonnais.fr\/site\/#\/schema\/person\/3230d5615f390bb808365d673001e887\"},\"headline\":\"DECINES | Elo\u00efse Cocco > une r\u00e9elle vocation familiale pour le magn\u00e9tisme\",\"datePublished\":\"2022-04-23T07:44:14+00:00\",\"dateModified\":\"2022-12-20T07:38:30+00:00\",\"mainEntityOfPage\":{\"@id\":\"https:\/\/newsestlyonnais.fr\/site\/2022\/04\/23\/decines-eloise-cocco-une-reelle-vocation-familiale-pour-le-magnetisme\/\"},\"wordCount\":880,\"commentCount\":0,\"publisher\":{\"@id\":\"https:\/\/newsestlyonnais.fr\/site\/#organization\"},\"image\":{\"@id\":\"https:\/\/newsestlyonnais.fr\/site\/2022\/04\/23\/decines-eloise-cocco-une-reelle-vocation-familiale-pour-le-magnetisme\/#primaryimage\"},\"thumbnailUrl\":\"https:\/\/newsestlyonnais.fr\/site\/wp-content\/uploads\/2022\/04\/P1460987.jpg\",\"keywords\":[\"DECINES\",\"Elo\u00efse Cocco\",\"Magn\u00e9tisme\"],\"articleSection\":[\"1Publi-Reportages\",\"Artisans | Commerces\",\"D\u00e9cines-Charpieu\",\"Entreprises\",\"F\u00e9minin (Actu au)\",\"Sant\u00e9 | Bien Etre | Solidarit\u00e9\"],\"inLanguage\":\"fr-FR\",\"potentialAction\":[{\"@type\":\"CommentAction\",\"name\":\"Comment\",\"target\":[\"https:\/\/newsestlyonnais.fr\/site\/2022\/04\/23\/decines-eloise-cocco-une-reelle-vocation-familiale-pour-le-magnetisme\/#respond\"]}]},{\"@type\":\"WebPage\",\"@id\":\"https:\/\/newsestlyonnais.fr\/site\/2022\/04\/23\/decines-eloise-cocco-une-reelle-vocation-familiale-pour-le-magnetisme\/\",\"url\":\"https:\/\/newsestlyonnais.fr\/site\/2022\/04\/23\/decines-eloise-cocco-une-reelle-vocation-familiale-pour-le-magnetisme\/\",\"name\":\"DECINES | Elo\u00efse Cocco > une r\u00e9elle vocation familiale pour le magn\u00e9tisme - News Est Lyonnais\",\"isPartOf\":{\"@id\":\"https:\/\/newsestlyonnais.fr\/site\/#website\"},\"primaryImageOfPage\":{\"@id\":\"https:\/\/newsestlyonnais.fr\/site\/2022\/04\/23\/decines-eloise-cocco-une-reelle-vocation-familiale-pour-le-magnetisme\/#primaryimage\"},\"image\":{\"@id\":\"https:\/\/newsestlyonnais.fr\/site\/2022\/04\/23\/decines-eloise-cocco-une-reelle-vocation-familiale-pour-le-magnetisme\/#primaryimage\"},\"thumbnailUrl\":\"https:\/\/newsestlyonnais.fr\/site\/wp-content\/uploads\/2022\/04\/P1460987.jpg\",\"datePublished\":\"2022-04-23T07:44:14+00:00\",\"dateModified\":\"2022-12-20T07:38:30+00:00\",\"description\":\"DECINES | Elo\u00efse Cocco > une r\u00e9elle vocation familiale pour le magn\u00e9tisme\",\"breadcrumb\":{\"@id\":\"https:\/\/newsestlyonnais.fr\/site\/2022\/04\/23\/decines-eloise-cocco-une-reelle-vocation-familiale-pour-le-magnetisme\/#breadcrumb\"},\"inLanguage\":\"fr-FR\",\"potentialAction\":[{\"@type\":\"ReadAction\",\"target\":[\"https:\/\/newsestlyonnais.fr\/site\/2022\/04\/23\/decines-eloise-cocco-une-reelle-vocation-familiale-pour-le-magnetisme\/\"]}]},{\"@type\":\"ImageObject\",\"inLanguage\":\"fr-FR\",\"@id\":\"https:\/\/newsestlyonnais.fr\/site\/2022\/04\/23\/decines-eloise-cocco-une-reelle-vocation-familiale-pour-le-magnetisme\/#primaryimage\",\"url\":\"https:\/\/newsestlyonnais.fr\/site\/wp-content\/uploads\/2022\/04\/P1460987.jpg\",\"contentUrl\":\"https:\/\/newsestlyonnais.fr\/site\/wp-content\/uploads\/2022\/04\/P1460987.jpg\",\"width\":1200,\"height\":900},{\"@type\":\"BreadcrumbList\",\"@id\":\"https:\/\/newsestlyonnais.fr\/site\/2022\/04\/23\/decines-eloise-cocco-une-reelle-vocation-familiale-pour-le-magnetisme\/#breadcrumb\",\"itemListElement\":[{\"@type\":\"ListItem\",\"position\":1,\"name\":\"Accueil\",\"item\":\"https:\/\/newsestlyonnais.fr\/site\/\"},{\"@type\":\"ListItem\",\"position\":2,\"name\":\"DECINES | Elo\u00efse Cocco > une r\u00e9elle vocation familiale pour le magn\u00e9tisme\"}]},{\"@type\":\"WebSite\",\"@id\":\"https:\/\/newsestlyonnais.fr\/site\/#website\",\"url\":\"https:\/\/newsestlyonnais.fr\/site\/\",\"name\":\"News Est Lyonnais\",\"description\":\"L&#039;actualit\u00e9 au plus pr\u00e8s\",\"publisher\":{\"@id\":\"https:\/\/newsestlyonnais.fr\/site\/#organization\"},\"potentialAction\":[{\"@type\":\"SearchAction\",\"target\":{\"@type\":\"EntryPoint\",\"urlTemplate\":\"https:\/\/newsestlyonnais.fr\/site\/?s={search_term_string}\"},\"query-input\":{\"@type\":\"PropertyValueSpecification\",\"valueRequired\":true,\"valueName\":\"search_term_string\"}}],\"inLanguage\":\"fr-FR\"},{\"@type\":\"Organization\",\"@id\":\"https:\/\/newsestlyonnais.fr\/site\/#organization\",\"name\":\"News EST LYONNAIS\",\"url\":\"https:\/\/newsestlyonnais.fr\/site\/\",\"logo\":{\"@type\":\"ImageObject\",\"inLanguage\":\"fr-FR\",\"@id\":\"https:\/\/newsestlyonnais.fr\/site\/#\/schema\/logo\/image\/\",\"url\":\"\",\"contentUrl\":\"\",\"caption\":\"News EST LYONNAIS\"},\"image\":{\"@id\":\"https:\/\/newsestlyonnais.fr\/site\/#\/schema\/logo\/image\/\"}},{\"@type\":\"Person\",\"@id\":\"https:\/\/newsestlyonnais.fr\/site\/#\/schema\/person\/3230d5615f390bb808365d673001e887\",\"name\":\"R\u00e9dac. NEWS\",\"sameAs\":[\"http:\/\/www.newsestlyonnais.fr\",\"https:\/\/www.facebook.com\/pascal.oberson.1?fref=ts\",\"https:\/\/fr.linkedin.com\/in\/pascal-oberson-b17045113\"],\"url\":\"https:\/\/newsestlyonnais.fr\/site\/author\/nel\/\"}]}<\/script>\n<!-- \/ Yoast SEO plugin. -->","yoast_head_json":{"title":"DECINES | Elo\u00efse Cocco > une r\u00e9elle vocation familiale pour le magn\u00e9tisme - News Est Lyonnais","description":"DECINES | Elo\u00efse Cocco > une r\u00e9elle vocation familiale pour le magn\u00e9tisme","robots":{"index":"index","follow":"follow","max-snippet":"max-snippet:-1","max-image-preview":"max-image-preview:large","max-video-preview":"max-video-preview:-1"},"canonical":"https:\/\/newsestlyonnais.fr\/site\/2022\/04\/23\/decines-eloise-cocco-une-reelle-vocation-familiale-pour-le-magnetisme\/","og_locale":"fr_FR","og_type":"article","og_title":"DECINES | Elo\u00efse Cocco > une r\u00e9elle vocation familiale pour le magn\u00e9tisme - News Est Lyonnais","og_description":"DECINES | Elo\u00efse Cocco > une r\u00e9elle vocation familiale pour le magn\u00e9tisme","og_url":"https:\/\/newsestlyonnais.fr\/site\/2022\/04\/23\/decines-eloise-cocco-une-reelle-vocation-familiale-pour-le-magnetisme\/","og_site_name":"News Est Lyonnais","article_author":"https:\/\/www.facebook.com\/pascal.oberson.1?fref=ts","article_published_time":"2022-04-23T07:44:14+00:00","article_modified_time":"2022-12-20T07:38:30+00:00","og_image":[{"width":1200,"height":900,"url":"https:\/\/newsestlyonnais.fr\/site\/wp-content\/uploads\/2022\/04\/P1460987.jpg","type":"image\/jpeg"}],"author":"R\u00e9dac. NEWS","twitter_card":"summary_large_image","twitter_misc":{"\u00c9crit par":"R\u00e9dac. NEWS","Dur\u00e9e de lecture estim\u00e9e":"5 minutes"},"schema":{"@context":"https:\/\/schema.org","@graph":[{"@type":"Article","@id":"https:\/\/newsestlyonnais.fr\/site\/2022\/04\/23\/decines-eloise-cocco-une-reelle-vocation-familiale-pour-le-magnetisme\/#article","isPartOf":{"@id":"https:\/\/newsestlyonnais.fr\/site\/2022\/04\/23\/decines-eloise-cocco-une-reelle-vocation-familiale-pour-le-magnetisme\/"},"author":{"name":"R\u00e9dac. NEWS","@id":"https:\/\/newsestlyonnais.fr\/site\/#\/schema\/person\/3230d5615f390bb808365d673001e887"},"headline":"DECINES | Elo\u00efse Cocco > une r\u00e9elle vocation familiale pour le magn\u00e9tisme","datePublished":"2022-04-23T07:44:14+00:00","dateModified":"2022-12-20T07:38:30+00:00","mainEntityOfPage":{"@id":"https:\/\/newsestlyonnais.fr\/site\/2022\/04\/23\/decines-eloise-cocco-une-reelle-vocation-familiale-pour-le-magnetisme\/"},"wordCount":880,"commentCount":0,"publisher":{"@id":"https:\/\/newsestlyonnais.fr\/site\/#organization"},"image":{"@id":"https:\/\/newsestlyonnais.fr\/site\/2022\/04\/23\/decines-eloise-cocco-une-reelle-vocation-familiale-pour-le-magnetisme\/#primaryimage"},"thumbnailUrl":"https:\/\/newsestlyonnais.fr\/site\/wp-content\/uploads\/2022\/04\/P1460987.jpg","keywords":["DECINES","Elo\u00efse Cocco","Magn\u00e9tisme"],"articleSection":["1Publi-Reportages","Artisans | Commerces","D\u00e9cines-Charpieu","Entreprises","F\u00e9minin (Actu au)","Sant\u00e9 | Bien Etre | Solidarit\u00e9"],"inLanguage":"fr-FR","potentialAction":[{"@type":"CommentAction","name":"Comment","target":["https:\/\/newsestlyonnais.fr\/site\/2022\/04\/23\/decines-eloise-cocco-une-reelle-vocation-familiale-pour-le-magnetisme\/#respond"]}]},{"@type":"WebPage","@id":"https:\/\/newsestlyonnais.fr\/site\/2022\/04\/23\/decines-eloise-cocco-une-reelle-vocation-familiale-pour-le-magnetisme\/","url":"https:\/\/newsestlyonnais.fr\/site\/2022\/04\/23\/decines-eloise-cocco-une-reelle-vocation-familiale-pour-le-magnetisme\/","name":"DECINES | Elo\u00efse Cocco > une r\u00e9elle vocation familiale pour le magn\u00e9tisme - News Est Lyonnais","isPartOf":{"@id":"https:\/\/newsestlyonnais.fr\/site\/#website"},"primaryImageOfPage":{"@id":"https:\/\/newsestlyonnais.fr\/site\/2022\/04\/23\/decines-eloise-cocco-une-reelle-vocation-familiale-pour-le-magnetisme\/#primaryimage"},"image":{"@id":"https:\/\/newsestlyonnais.fr\/site\/2022\/04\/23\/decines-eloise-cocco-une-reelle-vocation-familiale-pour-le-magnetisme\/#primaryimage"},"thumbnailUrl":"https:\/\/newsestlyonnais.fr\/site\/wp-content\/uploads\/2022\/04\/P1460987.jpg","datePublished":"2022-04-23T07:44:14+00:00","dateModified":"2022-12-20T07:38:30+00:00","description":"DECINES | Elo\u00efse Cocco > une r\u00e9elle vocation familiale pour le magn\u00e9tisme","breadcrumb":{"@id":"https:\/\/newsestlyonnais.fr\/site\/2022\/04\/23\/decines-eloise-cocco-une-reelle-vocation-familiale-pour-le-magnetisme\/#breadcrumb"},"inLanguage":"fr-FR","potentialAction":[{"@type":"ReadAction","target":["https:\/\/newsestlyonnais.fr\/site\/2022\/04\/23\/decines-eloise-cocco-une-reelle-vocation-familiale-pour-le-magnetisme\/"]}]},{"@type":"ImageObject","inLanguage":"fr-FR","@id":"https:\/\/newsestlyonnais.fr\/site\/2022\/04\/23\/decines-eloise-cocco-une-reelle-vocation-familiale-pour-le-magnetisme\/#primaryimage","url":"https:\/\/newsestlyonnais.fr\/site\/wp-content\/uploads\/2022\/04\/P1460987.jpg","contentUrl":"https:\/\/newsestlyonnais.fr\/site\/wp-content\/uploads\/2022\/04\/P1460987.jpg","width":1200,"height":900},{"@type":"BreadcrumbList","@id":"https:\/\/newsestlyonnais.fr\/site\/2022\/04\/23\/decines-eloise-cocco-une-reelle-vocation-familiale-pour-le-magnetisme\/#breadcrumb","itemListElement":[{"@type":"ListItem","position":1,"name":"Accueil","item":"https:\/\/newsestlyonnais.fr\/site\/"},{"@type":"ListItem","position":2,"name":"DECINES | Elo\u00efse Cocco > une r\u00e9elle vocation familiale pour le magn\u00e9tisme"}]},{"@type":"WebSite","@id":"https:\/\/newsestlyonnais.fr\/site\/#website","url":"https:\/\/newsestlyonnais.fr\/site\/","name":"News Est Lyonnais","description":"L&#039;actualit\u00e9 au plus pr\u00e8s","publisher":{"@id":"https:\/\/newsestlyonnais.fr\/site\/#organization"},"potentialAction":[{"@type":"SearchAction","target":{"@type":"EntryPoint","urlTemplate":"https:\/\/newsestlyonnais.fr\/site\/?s={search_term_string}"},"query-input":{"@type":"PropertyValueSpecification","valueRequired":true,"valueName":"search_term_string"}}],"inLanguage":"fr-FR"},{"@type":"Organization","@id":"https:\/\/newsestlyonnais.fr\/site\/#organization","name":"News EST LYONNAIS","url":"https:\/\/newsestlyonnais.fr\/site\/","logo":{"@type":"ImageObject","inLanguage":"fr-FR","@id":"https:\/\/newsestlyonnais.fr\/site\/#\/schema\/logo\/image\/","url":"","contentUrl":"","caption":"News EST LYONNAIS"},"image":{"@id":"https:\/\/newsestlyonnais.fr\/site\/#\/schema\/logo\/image\/"}},{"@type":"Person","@id":"https:\/\/newsestlyonnais.fr\/site\/#\/schema\/person\/3230d5615f390bb808365d673001e887","name":"R\u00e9dac. NEWS","sameAs":["http:\/\/www.newsestlyonnais.fr","https:\/\/www.facebook.com\/pascal.oberson.1?fref=ts","https:\/\/fr.linkedin.com\/in\/pascal-oberson-b17045113"],"url":"https:\/\/newsestlyonnais.fr\/site\/author\/nel\/"}]}},"_links":{"self":[{"href":"https:\/\/newsestlyonnais.fr\/site\/wp-json\/wp\/v2\/posts\/150504","targetHints":{"allow":["GET"]}}],"collection":[{"href":"https:\/\/newsestlyonnais.fr\/site\/wp-json\/wp\/v2\/posts"}],"about":[{"href":"https:\/\/newsestlyonnais.fr\/site\/wp-json\/wp\/v2\/types\/post"}],"author":[{"embeddable":true,"href":"https:\/\/newsestlyonnais.fr\/site\/wp-json\/wp\/v2\/users\/4"}],"replies":[{"embeddable":true,"href":"https:\/\/newsestlyonnais.fr\/site\/wp-json\/wp\/v2\/comments?post=150504"}],"version-history":[{"count":0,"href":"https:\/\/newsestlyonnais.fr\/site\/wp-json\/wp\/v2\/posts\/150504\/revisions"}],"wp:featuredmedia":[{"embeddable":true,"href":"https:\/\/newsestlyonnais.fr\/site\/wp-json\/wp\/v2\/media\/153548"}],"wp:attachment":[{"href":"https:\/\/newsestlyonnais.fr\/site\/wp-json\/wp\/v2\/media?parent=150504"}],"wp:term":[{"taxonomy":"category","embeddable":true,"href":"https:\/\/newsestlyonnais.fr\/site\/wp-json\/wp\/v2\/categories?post=150504"},{"taxonomy":"post_tag","embeddable":true,"href":"https:\/\/newsestlyonnais.fr\/site\/wp-json\/wp\/v2\/tags?post=150504"}],"curies":[{"name":"wp","href":"https:\/\/api.w.org\/{rel}","templated":true}]}}